{"id":15595,"date":"2024-02-28T09:00:00","date_gmt":"2024-02-28T12:00:00","guid":{"rendered":"https:\/\/agenciainfra.com\/blog\/?p=15595"},"modified":"2026-02-13T17:05:33","modified_gmt":"2026-02-13T20:05:33","slug":"locacao-social-no-mcmv-e-aposta-para-desenvolver-ppps-no-setor-de-habitacao","status":"publish","type":"post","link":"https:\/\/agenciainfra.com\/blog\/locacao-social-no-mcmv-e-aposta-para-desenvolver-ppps-no-setor-de-habitacao\/","title":{"rendered":"Loca\u00e7\u00e3o social no MCMV \u00e9 aposta para desenvolver PPPs no setor de habita\u00e7\u00e3o"},"content":{"rendered":"\n<p class=\"has-text-align-right\"><strong>Dimmi Amora, da Ag\u00eancia iNFRA<\/strong><\/p>\n\n\n\n<p>Uma nova fronteira de&nbsp;PPPs&nbsp;sociais deve come\u00e7ar a ser aberta a partir deste ano&nbsp;no&nbsp;pa\u00eds, com a primeira parceria entre governos e iniciativa privada&nbsp;para&nbsp;um projeto de&nbsp;Loca\u00e7\u00e3o&nbsp;Social&nbsp;dentro do Programa Minha Casa Minha Vida.<br><br>O modelo prev\u00ea a constru\u00e7\u00e3o de im\u00f3veis pelo&nbsp;setor&nbsp;privado que poder\u00e1, ao longo do contrato de parceria, gerar receitas com venda de parte deles e&nbsp;aluguel&nbsp;para&nbsp;pessoas de baixa renda e com\u00e9rcios, entre&nbsp;outras receitas. O parceiro privado ser\u00e1 obrigado a fazer os servi\u00e7os de manuten\u00e7\u00e3o e conserva\u00e7\u00e3o ao longo do contrato.<br><br>Dois projetos pilotos desenvolvidos pela Secretaria do PPI (Programa de Parceria em Investimentos) da Casa Civil da Presid\u00eancia da Rep\u00fablica com os munic\u00edpios de Recife (PE) e Campo Grande (MS) est\u00e3o em est\u00e1gio avan\u00e7ado e h\u00e1 expectativa&nbsp;para&nbsp;que sejam leiloados ainda em 2024.<br><br>&#8220;\u00c9&nbsp;uma mudan\u00e7a de paradigma. O minist\u00e9rio das Cidades demandou&nbsp;para&nbsp;que possamos fazer esses dois pilotos e a partir da\u00ed construir uma pol\u00edtica, um modelo a ser replicado em todo o pa\u00eds&#8221;, disse o secret\u00e1rio do PPI, Marcus Cavalcanti \u00e0&nbsp;<strong>Ag\u00eancia iNFRA<\/strong>.<br><br>A&nbsp;Loca\u00e7\u00e3o&nbsp;Social&nbsp;j\u00e1 foi inserida como uma nova linha de atendimento do Programa Minha Casa Minha Vida na Lei 14.620\/2023, mesmo ainda estando em modelo de teste, lembrou o secret\u00e1rio.&nbsp;<br><br>&#8220;Este avan\u00e7o proporcionar\u00e1 o desenvolvimento da&nbsp;Loca\u00e7\u00e3o&nbsp;Social&nbsp;em escala nacional, e estrutura a cria\u00e7\u00e3o de mais uma alternativa ao enfrentamento \u00e0 problem\u00e1tica habitacional&#8221;, defendeu o Minist\u00e9rio das Cidades&nbsp;\u00e0&nbsp;<strong>Ag\u00eancia iNFRA<\/strong>.&nbsp;<br><br>No&nbsp;caso de Recife, o projeto j\u00e1 est\u00e1 mais adiantado. Com estimativa de R$ 180 milh\u00f5es em investimentos&nbsp;para&nbsp;a constru\u00e7\u00e3o&nbsp;de 1,2 mil im\u00f3veis. A estimativa&nbsp;\u00e9&nbsp;que cerca de 700 fiquem&nbsp;para&nbsp;loca\u00e7\u00e3o&nbsp;social&nbsp;e outros possam ser comercializados, como forma de reduzir as contrapresta\u00e7\u00f5es governamentais. Im\u00f3veis da Uni\u00e3o tamb\u00e9m entraram&nbsp;no&nbsp;projeto como contrapartida.<br><br><strong>Componente do d\u00e9ficit habitacional<\/strong><br>O secret\u00e1rio adjunto de infraestrutura&nbsp;social&nbsp;e urbana do PPI, Manoel Renato Machado Filho, diz que o projeto busca auxiliar a sanar um componente do d\u00e9ficit habitacional do pa\u00eds, que&nbsp;\u00e9&nbsp;produzir im\u00f3veis&nbsp;para&nbsp;grupos que podem pagar parcialmente o aluguel, especialmente em \u00e1reas mais urbanizadas, mas n\u00e3o t\u00eam interesse na compra do im\u00f3vel, o modelo mais comum do&nbsp;MCMV.&nbsp;<br><br>O outro, segundo ele,&nbsp;\u00e9&nbsp;evitar, com a manuten\u00e7\u00e3o cont\u00ednua dos im\u00f3veis&nbsp;para&nbsp;Loca\u00e7\u00e3o&nbsp;do&nbsp;Social&nbsp;pelo parceiro privado, que eles tenham uma r\u00e1pida degrada\u00e7\u00e3o, o que vem criando em algumas regi\u00f5es &#8220;preconceito contra o programa&#8221;.<br><br>&#8220;A gente n\u00e3o vai ter mais aquela assimetria de imagens que muitas vezes gera preconceito nas fam\u00edlias [contra o&nbsp;MCMV]&#8221;, disse Renato.<br><br><strong>R$ 28 milh\u00f5es&nbsp;para&nbsp;novos estudos<\/strong><br>De acordo com o Minist\u00e9rio da Cidades,&nbsp;para&nbsp;receber o apoio do governo federal&nbsp;para&nbsp;estudar&nbsp;PPPs&nbsp;nessa \u00e1rea, o ente p\u00fablico deve manifestar o interesse em acessar o recurso, seguido da apresenta\u00e7\u00e3o das informa\u00e7\u00f5es preliminares da proposta de PPP.&nbsp;<br><br>Nesse pedido, devem ser&nbsp;contemplados aspectos econ\u00f4micos e financeiros, operacionais e institucionais, al\u00e9m da indica\u00e7\u00e3o de escopo e im\u00f3veis a serem destinados&nbsp;para&nbsp;o projeto, inclusive poss\u00edveis im\u00f3veis da Uni\u00e3o.&nbsp;<br><br>O financiamento&nbsp;para&nbsp;os estudos ser\u00e1 via FEP (Fundo de Apoio \u00e0 estrutura\u00e7\u00e3o de Projetos de Concess\u00f5es e&nbsp;PPPs).&nbsp;Segundo o minist\u00e9rio, h\u00e1 uma perspectiva de destina\u00e7\u00e3o de cerca de R$ 28 milh\u00f5es&nbsp;para&nbsp;a estrutura\u00e7\u00e3o de novos pilotos a serem selecionados.<br><br>&#8220;A sele\u00e7\u00e3o de novos pilotos leva em considera\u00e7\u00e3o a ader\u00eancia das propostas \u00e0s diretrizes nacionais de pol\u00edtica p\u00fablica&nbsp;para&nbsp;a estrutura\u00e7\u00e3o de projetos de empreendimentos habitacionais destinados \u00e0&nbsp;loca\u00e7\u00e3o&nbsp;social, entre elas o atendimento a fam\u00edlias de baixa renda e a garantia da oferta habitacional em locais com boa infraestrutura urbana e acesso a servi\u00e7os e com\u00e9rcio&#8221;, informou a pasta.&nbsp;<br><br><strong>Recupera\u00e7\u00e3o de centros urbanos<\/strong><br>O secret\u00e1rio adjunto&nbsp;do PPI, Manoel Renato Machado Filho, explica que a expectativa com esse projeto&nbsp;\u00e9&nbsp;ir crescendo aos poucos, sem saltos. Mas que ele tamb\u00e9m poder\u00e1 ser utilizado em outra pol\u00edtica ligada \u00e0&nbsp;habita\u00e7\u00e3o, que&nbsp;\u00e9&nbsp;a de recupera\u00e7\u00e3o de centros urbanos.<br><br>A ideia&nbsp;\u00e9&nbsp;que o modelo possa tamb\u00e9m ser inserido em dois projetos que a Uni\u00e3o est\u00e1 participando com os munic\u00edpios de Belo Horizonte (MG) e Rio de Janeiro (RJ)&nbsp;para&nbsp;a recupera\u00e7\u00e3o do Aeroporto Carlos Partes e da Esta\u00e7\u00e3o da Leopoldina, respectivamente. O projeto de Belo Horizonte dever\u00e1 ser estruturado&nbsp;no&nbsp;FEP e o do Rio de Janeiro pelo BNDES.<br><br>Segundo o secret\u00e1rio Marcus Cavalcanti, a ideia nesses dois projetos de maior porte&nbsp;\u00e9&nbsp;que a Uni\u00e3o ceda os im\u00f3veis com um plano de neg\u00f3cios previamente concebido, a ser executado,&nbsp;para&nbsp;que possa dar a oportunidade do projeto servir \u00e0s pol\u00edticas p\u00fablicas estabelecidas.&nbsp;<br><br>Cavalcanti tamb\u00e9m defendeu que os projetos de recupera\u00e7\u00e3o das \u00e1reas degradadas possam ser feitos com um mix de tipos diferentes de im\u00f3veis,&nbsp;para&nbsp;que seja poss\u00edvel atrair p\u00fablicos diferentes e assim fomentar o com\u00e9rcio e o servi\u00e7o nessas regi\u00f5es.<\/p>\n","protected":false},"excerpt":{"rendered":"<p>Dimmi Amora, da Ag\u00eancia iNFRA Uma nova fronteira de&nbsp;PPPs&nbsp;sociais deve come\u00e7ar a ser aberta a partir deste ano&nbsp;no&nbsp;pa\u00eds, com a primeira parceria entre governos e iniciativa privada&nbsp;para&nbsp;um projeto de&nbsp;Loca\u00e7\u00e3o&nbsp;Social&nbsp;dentro do Programa Minha Casa Minha Vida. O modelo prev\u00ea a constru\u00e7\u00e3o de im\u00f3veis pelo&nbsp;setor&nbsp;privado que poder\u00e1, ao longo do contrato de parceria, gerar receitas com venda [&hellip;]<\/p>\n","protected":false},"author":1,"featured_media":11196,"comment_status":"closed","ping_status":"closed","sticky":false,"template":"","format":"standard","meta":{"_monsterinsights_skip_tracking":false,"_monsterinsights_sitenote_active":false,"_monsterinsights_sitenote_note":"","_monsterinsights_sitenote_category":0,"footnotes":""},"categories":[18468],"tags":[103,1344,8688,1299,8089,8680,8682,6588,4035,8684,8683,36,97,4541,8463,8681,8686,8687,8685,8673],"class_list":["post-15595","post","type-post","status-publish","format-standard","has-post-thumbnail","hentry","category-infra-cidades","tag-bndes","tag-casa-civil","tag-desenvolvimento-economico-local","tag-dimmi-amora","tag-infraestrutura-urbana","tag-investimentos-em-habitacao","tag-locacao-social","tag-mcmv","tag-ministerio-das-cidades","tag-modelos-de-financiamento","tag-politicas-de-habitacao","tag-ppi","tag-ppp","tag-presidencia-da-republica","tag-programa-de-parceria-em-investimentos","tag-programa-minha-casa-minha-vida","tag-projetos-habitacionais","tag-recuperacao-de-centros-urbanos","tag-requalificacao-de-areas-degradadas","tag-spi-sp"],"yoast_head":"<!-- This site is optimized with the Yoast SEO Premium plugin v25.4 (Yoast SEO v26.0) - https:\/\/yoast.com\/wordpress\/plugins\/seo\/ -->\n<title>Loca\u00e7\u00e3o social no MCMV \u00e9 aposta para desenvolver PPPs no setor de habita\u00e7\u00e3o - Ag\u00eancia iNFRA<\/title>\n<meta name=\"robots\" content=\"index, follow, max-snippet:-1, max-image-preview:large, max-video-preview:-1\" \/>\n<link rel=\"canonical\" href=\"https:\/\/agenciainfra.com\/blog\/locacao-social-no-mcmv-e-aposta-para-desenvolver-ppps-no-setor-de-habitacao\/\" \/>\n<meta property=\"og:locale\" content=\"pt_BR\" \/>\n<meta property=\"og:type\" content=\"article\" \/>\n<meta property=\"og:title\" content=\"Loca\u00e7\u00e3o social no MCMV \u00e9 aposta para desenvolver PPPs no setor de habita\u00e7\u00e3o\" \/>\n<meta property=\"og:description\" content=\"Dimmi Amora, da Ag\u00eancia iNFRA Uma nova fronteira de&nbsp;PPPs&nbsp;sociais deve come\u00e7ar a ser aberta a partir deste ano&nbsp;no&nbsp;pa\u00eds, com a primeira parceria entre governos e iniciativa privada&nbsp;para&nbsp;um projeto de&nbsp;Loca\u00e7\u00e3o&nbsp;Social&nbsp;dentro do Programa Minha Casa Minha Vida. O modelo prev\u00ea a constru\u00e7\u00e3o de im\u00f3veis pelo&nbsp;setor&nbsp;privado que poder\u00e1, ao longo do contrato de parceria, gerar receitas com venda [&hellip;]\" \/>\n<meta property=\"og:url\" content=\"https:\/\/agenciainfra.com\/blog\/locacao-social-no-mcmv-e-aposta-para-desenvolver-ppps-no-setor-de-habitacao\/\" \/>\n<meta property=\"og:site_name\" content=\"Ag\u00eancia iNFRA\" \/>\n<meta property=\"article:publisher\" content=\"https:\/\/www.facebook.com\/ageninfra\" \/>\n<meta property=\"article:published_time\" content=\"2024-02-28T12:00:00+00:00\" \/>\n<meta property=\"article:modified_time\" content=\"2026-02-13T20:05:33+00:00\" \/>\n<meta property=\"og:image\" content=\"https:\/\/agenciainfra.com\/blog\/wp-content\/uploads\/2022\/08\/cidade-predios-centro-urbano-foto-dominio-publico.jpeg\" \/>\n\t<meta property=\"og:image:width\" content=\"1280\" \/>\n\t<meta property=\"og:image:height\" content=\"853\" \/>\n\t<meta property=\"og:image:type\" content=\"image\/jpeg\" \/>\n<meta name=\"author\" content=\"Ag\u00eancia iNFRA\" \/>\n<meta name=\"twitter:card\" content=\"summary_large_image\" \/>\n<meta name=\"twitter:creator\" content=\"@agencia_infra\" \/>\n<meta name=\"twitter:site\" content=\"@agencia_infra\" \/>\n<meta name=\"twitter:label1\" content=\"Escrito por\" \/>\n\t<meta name=\"twitter:data1\" content=\"Ag\u00eancia iNFRA\" \/>\n\t<meta name=\"twitter:label2\" content=\"Est. tempo de leitura\" \/>\n\t<meta name=\"twitter:data2\" content=\"5 minutos\" \/>\n<script type=\"application\/ld+json\" class=\"yoast-schema-graph\">{\"@context\":\"https:\/\/schema.org\",\"@graph\":[{\"@type\":\"Article\",\"@id\":\"https:\/\/agenciainfra.com\/blog\/locacao-social-no-mcmv-e-aposta-para-desenvolver-ppps-no-setor-de-habitacao\/#article\",\"isPartOf\":{\"@id\":\"https:\/\/agenciainfra.com\/blog\/locacao-social-no-mcmv-e-aposta-para-desenvolver-ppps-no-setor-de-habitacao\/\"},\"author\":{\"name\":\"Ag\u00eancia iNFRA\",\"@id\":\"https:\/\/agenciainfra.com\/blog\/#\/schema\/person\/34af08dff6adea4cb22b06612ba7acfa\"},\"headline\":\"Loca\u00e7\u00e3o social no MCMV \u00e9 aposta para desenvolver PPPs no setor de habita\u00e7\u00e3o\",\"datePublished\":\"2024-02-28T12:00:00+00:00\",\"dateModified\":\"2026-02-13T20:05:33+00:00\",\"mainEntityOfPage\":{\"@id\":\"https:\/\/agenciainfra.com\/blog\/locacao-social-no-mcmv-e-aposta-para-desenvolver-ppps-no-setor-de-habitacao\/\"},\"wordCount\":999,\"publisher\":{\"@id\":\"https:\/\/agenciainfra.com\/blog\/#organization\"},\"image\":{\"@id\":\"https:\/\/agenciainfra.com\/blog\/locacao-social-no-mcmv-e-aposta-para-desenvolver-ppps-no-setor-de-habitacao\/#primaryimage\"},\"thumbnailUrl\":\"https:\/\/agenciainfra.com\/blog\/wp-content\/uploads\/2022\/08\/cidade-predios-centro-urbano-foto-dominio-publico.jpeg\",\"keywords\":[\"BNDES\",\"Casa Civil\",\"Desenvolvimento econ\u00f4mico local\",\"Dimmi Amora\",\"Infraestrutura Urbana\",\"Investimentos em habita\u00e7\u00e3o\",\"Loca\u00e7\u00e3o Social\",\"MCMV\",\"Minist\u00e9rio das Cidades\",\"Modelos de financiamento\",\"Pol\u00edticas de habita\u00e7\u00e3o\",\"PPI\",\"PPP\",\"Presid\u00eancia da Rep\u00fablica\",\"Programa de Parceria em Investimentos\",\"Programa Minha Casa Minha Vida\",\"projetos habitacionais\",\"Recupera\u00e7\u00e3o de centros urbanos\",\"Requalifica\u00e7\u00e3o de \u00e1reas degradadas\",\"SPI-SP\"],\"articleSection\":[\"iNFRACidades\"],\"inLanguage\":\"pt-BR\",\"copyrightYear\":\"2024\",\"copyrightHolder\":{\"@id\":\"https:\/\/agenciainfra.com\/blog\/#organization\"}},{\"@type\":\"WebPage\",\"@id\":\"https:\/\/agenciainfra.com\/blog\/locacao-social-no-mcmv-e-aposta-para-desenvolver-ppps-no-setor-de-habitacao\/\",\"url\":\"https:\/\/agenciainfra.com\/blog\/locacao-social-no-mcmv-e-aposta-para-desenvolver-ppps-no-setor-de-habitacao\/\",\"name\":\"Loca\u00e7\u00e3o social no MCMV \u00e9 aposta para desenvolver PPPs no setor de habita\u00e7\u00e3o - Ag\u00eancia iNFRA\",\"isPartOf\":{\"@id\":\"https:\/\/agenciainfra.com\/blog\/#website\"},\"primaryImageOfPage\":{\"@id\":\"https:\/\/agenciainfra.com\/blog\/locacao-social-no-mcmv-e-aposta-para-desenvolver-ppps-no-setor-de-habitacao\/#primaryimage\"},\"image\":{\"@id\":\"https:\/\/agenciainfra.com\/blog\/locacao-social-no-mcmv-e-aposta-para-desenvolver-ppps-no-setor-de-habitacao\/#primaryimage\"},\"thumbnailUrl\":\"https:\/\/agenciainfra.com\/blog\/wp-content\/uploads\/2022\/08\/cidade-predios-centro-urbano-foto-dominio-publico.jpeg\",\"datePublished\":\"2024-02-28T12:00:00+00:00\",\"dateModified\":\"2026-02-13T20:05:33+00:00\",\"breadcrumb\":{\"@id\":\"https:\/\/agenciainfra.com\/blog\/locacao-social-no-mcmv-e-aposta-para-desenvolver-ppps-no-setor-de-habitacao\/#breadcrumb\"},\"inLanguage\":\"pt-BR\",\"potentialAction\":[{\"@type\":\"ReadAction\",\"target\":[\"https:\/\/agenciainfra.com\/blog\/locacao-social-no-mcmv-e-aposta-para-desenvolver-ppps-no-setor-de-habitacao\/\"]}]},{\"@type\":\"ImageObject\",\"inLanguage\":\"pt-BR\",\"@id\":\"https:\/\/agenciainfra.com\/blog\/locacao-social-no-mcmv-e-aposta-para-desenvolver-ppps-no-setor-de-habitacao\/#primaryimage\",\"url\":\"https:\/\/agenciainfra.com\/blog\/wp-content\/uploads\/2022\/08\/cidade-predios-centro-urbano-foto-dominio-publico.jpeg\",\"contentUrl\":\"https:\/\/agenciainfra.com\/blog\/wp-content\/uploads\/2022\/08\/cidade-predios-centro-urbano-foto-dominio-publico.jpeg\",\"width\":1280,\"height\":853},{\"@type\":\"BreadcrumbList\",\"@id\":\"https:\/\/agenciainfra.com\/blog\/locacao-social-no-mcmv-e-aposta-para-desenvolver-ppps-no-setor-de-habitacao\/#breadcrumb\",\"itemListElement\":[{\"@type\":\"ListItem\",\"position\":1,\"name\":\"In\u00edcio\",\"item\":\"https:\/\/agenciainfra.com\/blog\/\"},{\"@type\":\"ListItem\",\"position\":2,\"name\":\"Loca\u00e7\u00e3o social no MCMV \u00e9 aposta para desenvolver PPPs no setor de habita\u00e7\u00e3o\"}]},{\"@type\":\"WebSite\",\"@id\":\"https:\/\/agenciainfra.com\/blog\/#website\",\"url\":\"https:\/\/agenciainfra.com\/blog\/\",\"name\":\"Ag\u00eancia iNFRA\",\"description\":\"Multiplataforma de informa\u00e7\u00e3o jornal\u00edstica refer\u00eancia na \u00e1rea de infraestrutura no Brasil!\",\"publisher\":{\"@id\":\"https:\/\/agenciainfra.com\/blog\/#organization\"},\"potentialAction\":[{\"@type\":\"SearchAction\",\"target\":{\"@type\":\"EntryPoint\",\"urlTemplate\":\"https:\/\/agenciainfra.com\/blog\/?s={search_term_string}\"},\"query-input\":{\"@type\":\"PropertyValueSpecification\",\"valueRequired\":true,\"valueName\":\"search_term_string\"}}],\"inLanguage\":\"pt-BR\"},{\"@type\":\"Organization\",\"@id\":\"https:\/\/agenciainfra.com\/blog\/#organization\",\"name\":\"Ag\u00eancia iNFRA\",\"url\":\"https:\/\/agenciainfra.com\/blog\/\",\"logo\":{\"@type\":\"ImageObject\",\"inLanguage\":\"pt-BR\",\"@id\":\"https:\/\/agenciainfra.com\/blog\/#\/schema\/logo\/image\/\",\"url\":\"https:\/\/agenciainfra.com\/blog\/wp-content\/uploads\/2023\/09\/iNFRA_5-e1761735885940.png\",\"contentUrl\":\"https:\/\/agenciainfra.com\/blog\/wp-content\/uploads\/2023\/09\/iNFRA_5-e1761735885940.png\",\"width\":1672,\"height\":454,\"caption\":\"Ag\u00eancia iNFRA\"},\"image\":{\"@id\":\"https:\/\/agenciainfra.com\/blog\/#\/schema\/logo\/image\/\"},\"sameAs\":[\"https:\/\/www.facebook.com\/ageninfra\",\"https:\/\/x.com\/agencia_infra\",\"https:\/\/www.linkedin.com\/company\/ag\u00eanciainfra\/\",\"https:\/\/www.instagram.com\/agenciainfra\/\"]},{\"@type\":\"Person\",\"@id\":\"https:\/\/agenciainfra.com\/blog\/#\/schema\/person\/34af08dff6adea4cb22b06612ba7acfa\",\"name\":\"Ag\u00eancia iNFRA\",\"image\":{\"@type\":\"ImageObject\",\"inLanguage\":\"pt-BR\",\"@id\":\"https:\/\/agenciainfra.com\/blog\/#\/schema\/person\/image\/\",\"url\":\"https:\/\/secure.gravatar.com\/avatar\/d189e01678f06d8eb84d4e01f08eb848b3fffe3f8443818d3c356c66892f5be8?s=96&d=mm&r=g\",\"contentUrl\":\"https:\/\/secure.gravatar.com\/avatar\/d189e01678f06d8eb84d4e01f08eb848b3fffe3f8443818d3c356c66892f5be8?s=96&d=mm&r=g\",\"caption\":\"Ag\u00eancia iNFRA\"},\"url\":\"https:\/\/agenciainfra.com\/blog\/author\/admin\/\"}]}<\/script>\n<!-- \/ Yoast SEO Premium plugin. -->","yoast_head_json":{"title":"Loca\u00e7\u00e3o social no MCMV \u00e9 aposta para desenvolver PPPs no setor de habita\u00e7\u00e3o - Ag\u00eancia iNFRA","robots":{"index":"index","follow":"follow","max-snippet":"max-snippet:-1","max-image-preview":"max-image-preview:large","max-video-preview":"max-video-preview:-1"},"canonical":"https:\/\/agenciainfra.com\/blog\/locacao-social-no-mcmv-e-aposta-para-desenvolver-ppps-no-setor-de-habitacao\/","og_locale":"pt_BR","og_type":"article","og_title":"Loca\u00e7\u00e3o social no MCMV \u00e9 aposta para desenvolver PPPs no setor de habita\u00e7\u00e3o","og_description":"Dimmi Amora, da Ag\u00eancia iNFRA Uma nova fronteira de&nbsp;PPPs&nbsp;sociais deve come\u00e7ar a ser aberta a partir deste ano&nbsp;no&nbsp;pa\u00eds, com a primeira parceria entre governos e iniciativa privada&nbsp;para&nbsp;um projeto de&nbsp;Loca\u00e7\u00e3o&nbsp;Social&nbsp;dentro do Programa Minha Casa Minha Vida. O modelo prev\u00ea a constru\u00e7\u00e3o de im\u00f3veis pelo&nbsp;setor&nbsp;privado que poder\u00e1, ao longo do contrato de parceria, gerar receitas com venda [&hellip;]","og_url":"https:\/\/agenciainfra.com\/blog\/locacao-social-no-mcmv-e-aposta-para-desenvolver-ppps-no-setor-de-habitacao\/","og_site_name":"Ag\u00eancia iNFRA","article_publisher":"https:\/\/www.facebook.com\/ageninfra","article_published_time":"2024-02-28T12:00:00+00:00","article_modified_time":"2026-02-13T20:05:33+00:00","og_image":[{"width":1280,"height":853,"url":"https:\/\/agenciainfra.com\/blog\/wp-content\/uploads\/2022\/08\/cidade-predios-centro-urbano-foto-dominio-publico.jpeg","type":"image\/jpeg"}],"author":"Ag\u00eancia iNFRA","twitter_card":"summary_large_image","twitter_creator":"@agencia_infra","twitter_site":"@agencia_infra","twitter_misc":{"Escrito por":"Ag\u00eancia iNFRA","Est. tempo de leitura":"5 minutos"},"schema":{"@context":"https:\/\/schema.org","@graph":[{"@type":"Article","@id":"https:\/\/agenciainfra.com\/blog\/locacao-social-no-mcmv-e-aposta-para-desenvolver-ppps-no-setor-de-habitacao\/#article","isPartOf":{"@id":"https:\/\/agenciainfra.com\/blog\/locacao-social-no-mcmv-e-aposta-para-desenvolver-ppps-no-setor-de-habitacao\/"},"author":{"name":"Ag\u00eancia iNFRA","@id":"https:\/\/agenciainfra.com\/blog\/#\/schema\/person\/34af08dff6adea4cb22b06612ba7acfa"},"headline":"Loca\u00e7\u00e3o social no MCMV \u00e9 aposta para desenvolver PPPs no setor de habita\u00e7\u00e3o","datePublished":"2024-02-28T12:00:00+00:00","dateModified":"2026-02-13T20:05:33+00:00","mainEntityOfPage":{"@id":"https:\/\/agenciainfra.com\/blog\/locacao-social-no-mcmv-e-aposta-para-desenvolver-ppps-no-setor-de-habitacao\/"},"wordCount":999,"publisher":{"@id":"https:\/\/agenciainfra.com\/blog\/#organization"},"image":{"@id":"https:\/\/agenciainfra.com\/blog\/locacao-social-no-mcmv-e-aposta-para-desenvolver-ppps-no-setor-de-habitacao\/#primaryimage"},"thumbnailUrl":"https:\/\/agenciainfra.com\/blog\/wp-content\/uploads\/2022\/08\/cidade-predios-centro-urbano-foto-dominio-publico.jpeg","keywords":["BNDES","Casa Civil","Desenvolvimento econ\u00f4mico local","Dimmi Amora","Infraestrutura Urbana","Investimentos em habita\u00e7\u00e3o","Loca\u00e7\u00e3o Social","MCMV","Minist\u00e9rio das Cidades","Modelos de financiamento","Pol\u00edticas de habita\u00e7\u00e3o","PPI","PPP","Presid\u00eancia da Rep\u00fablica","Programa de Parceria em Investimentos","Programa Minha Casa Minha Vida","projetos habitacionais","Recupera\u00e7\u00e3o de centros urbanos","Requalifica\u00e7\u00e3o de \u00e1reas degradadas","SPI-SP"],"articleSection":["iNFRACidades"],"inLanguage":"pt-BR","copyrightYear":"2024","copyrightHolder":{"@id":"https:\/\/agenciainfra.com\/blog\/#organization"}},{"@type":"WebPage","@id":"https:\/\/agenciainfra.com\/blog\/locacao-social-no-mcmv-e-aposta-para-desenvolver-ppps-no-setor-de-habitacao\/","url":"https:\/\/agenciainfra.com\/blog\/locacao-social-no-mcmv-e-aposta-para-desenvolver-ppps-no-setor-de-habitacao\/","name":"Loca\u00e7\u00e3o social no MCMV \u00e9 aposta para desenvolver PPPs no setor de habita\u00e7\u00e3o - Ag\u00eancia iNFRA","isPartOf":{"@id":"https:\/\/agenciainfra.com\/blog\/#website"},"primaryImageOfPage":{"@id":"https:\/\/agenciainfra.com\/blog\/locacao-social-no-mcmv-e-aposta-para-desenvolver-ppps-no-setor-de-habitacao\/#primaryimage"},"image":{"@id":"https:\/\/agenciainfra.com\/blog\/locacao-social-no-mcmv-e-aposta-para-desenvolver-ppps-no-setor-de-habitacao\/#primaryimage"},"thumbnailUrl":"https:\/\/agenciainfra.com\/blog\/wp-content\/uploads\/2022\/08\/cidade-predios-centro-urbano-foto-dominio-publico.jpeg","datePublished":"2024-02-28T12:00:00+00:00","dateModified":"2026-02-13T20:05:33+00:00","breadcrumb":{"@id":"https:\/\/agenciainfra.com\/blog\/locacao-social-no-mcmv-e-aposta-para-desenvolver-ppps-no-setor-de-habitacao\/#breadcrumb"},"inLanguage":"pt-BR","potentialAction":[{"@type":"ReadAction","target":["https:\/\/agenciainfra.com\/blog\/locacao-social-no-mcmv-e-aposta-para-desenvolver-ppps-no-setor-de-habitacao\/"]}]},{"@type":"ImageObject","inLanguage":"pt-BR","@id":"https:\/\/agenciainfra.com\/blog\/locacao-social-no-mcmv-e-aposta-para-desenvolver-ppps-no-setor-de-habitacao\/#primaryimage","url":"https:\/\/agenciainfra.com\/blog\/wp-content\/uploads\/2022\/08\/cidade-predios-centro-urbano-foto-dominio-publico.jpeg","contentUrl":"https:\/\/agenciainfra.com\/blog\/wp-content\/uploads\/2022\/08\/cidade-predios-centro-urbano-foto-dominio-publico.jpeg","width":1280,"height":853},{"@type":"BreadcrumbList","@id":"https:\/\/agenciainfra.com\/blog\/locacao-social-no-mcmv-e-aposta-para-desenvolver-ppps-no-setor-de-habitacao\/#breadcrumb","itemListElement":[{"@type":"ListItem","position":1,"name":"In\u00edcio","item":"https:\/\/agenciainfra.com\/blog\/"},{"@type":"ListItem","position":2,"name":"Loca\u00e7\u00e3o social no MCMV \u00e9 aposta para desenvolver PPPs no setor de habita\u00e7\u00e3o"}]},{"@type":"WebSite","@id":"https:\/\/agenciainfra.com\/blog\/#website","url":"https:\/\/agenciainfra.com\/blog\/","name":"Ag\u00eancia iNFRA","description":"Multiplataforma de informa\u00e7\u00e3o jornal\u00edstica refer\u00eancia na \u00e1rea de infraestrutura no Brasil!","publisher":{"@id":"https:\/\/agenciainfra.com\/blog\/#organization"},"potentialAction":[{"@type":"SearchAction","target":{"@type":"EntryPoint","urlTemplate":"https:\/\/agenciainfra.com\/blog\/?s={search_term_string}"},"query-input":{"@type":"PropertyValueSpecification","valueRequired":true,"valueName":"search_term_string"}}],"inLanguage":"pt-BR"},{"@type":"Organization","@id":"https:\/\/agenciainfra.com\/blog\/#organization","name":"Ag\u00eancia iNFRA","url":"https:\/\/agenciainfra.com\/blog\/","logo":{"@type":"ImageObject","inLanguage":"pt-BR","@id":"https:\/\/agenciainfra.com\/blog\/#\/schema\/logo\/image\/","url":"https:\/\/agenciainfra.com\/blog\/wp-content\/uploads\/2023\/09\/iNFRA_5-e1761735885940.png","contentUrl":"https:\/\/agenciainfra.com\/blog\/wp-content\/uploads\/2023\/09\/iNFRA_5-e1761735885940.png","width":1672,"height":454,"caption":"Ag\u00eancia iNFRA"},"image":{"@id":"https:\/\/agenciainfra.com\/blog\/#\/schema\/logo\/image\/"},"sameAs":["https:\/\/www.facebook.com\/ageninfra","https:\/\/x.com\/agencia_infra","https:\/\/www.linkedin.com\/company\/ag\u00eanciainfra\/","https:\/\/www.instagram.com\/agenciainfra\/"]},{"@type":"Person","@id":"https:\/\/agenciainfra.com\/blog\/#\/schema\/person\/34af08dff6adea4cb22b06612ba7acfa","name":"Ag\u00eancia iNFRA","image":{"@type":"ImageObject","inLanguage":"pt-BR","@id":"https:\/\/agenciainfra.com\/blog\/#\/schema\/person\/image\/","url":"https:\/\/secure.gravatar.com\/avatar\/d189e01678f06d8eb84d4e01f08eb848b3fffe3f8443818d3c356c66892f5be8?s=96&d=mm&r=g","contentUrl":"https:\/\/secure.gravatar.com\/avatar\/d189e01678f06d8eb84d4e01f08eb848b3fffe3f8443818d3c356c66892f5be8?s=96&d=mm&r=g","caption":"Ag\u00eancia iNFRA"},"url":"https:\/\/agenciainfra.com\/blog\/author\/admin\/"}]}},"_links":{"self":[{"href":"https:\/\/agenciainfra.com\/blog\/wp-json\/wp\/v2\/posts\/15595","targetHints":{"allow":["GET"]}}],"collection":[{"href":"https:\/\/agenciainfra.com\/blog\/wp-json\/wp\/v2\/posts"}],"about":[{"href":"https:\/\/agenciainfra.com\/blog\/wp-json\/wp\/v2\/types\/post"}],"author":[{"embeddable":true,"href":"https:\/\/agenciainfra.com\/blog\/wp-json\/wp\/v2\/users\/1"}],"replies":[{"embeddable":true,"href":"https:\/\/agenciainfra.com\/blog\/wp-json\/wp\/v2\/comments?post=15595"}],"version-history":[{"count":1,"href":"https:\/\/agenciainfra.com\/blog\/wp-json\/wp\/v2\/posts\/15595\/revisions"}],"predecessor-version":[{"id":15596,"href":"https:\/\/agenciainfra.com\/blog\/wp-json\/wp\/v2\/posts\/15595\/revisions\/15596"}],"wp:featuredmedia":[{"embeddable":true,"href":"https:\/\/agenciainfra.com\/blog\/wp-json\/wp\/v2\/media\/11196"}],"wp:attachment":[{"href":"https:\/\/agenciainfra.com\/blog\/wp-json\/wp\/v2\/media?parent=15595"}],"wp:term":[{"taxonomy":"category","embeddable":true,"href":"https:\/\/agenciainfra.com\/blog\/wp-json\/wp\/v2\/categories?post=15595"},{"taxonomy":"post_tag","embeddable":true,"href":"https:\/\/agenciainfra.com\/blog\/wp-json\/wp\/v2\/tags?post=15595"}],"curies":[{"name":"wp","href":"https:\/\/api.w.org\/{rel}","templated":true}]}}