{"id":15603,"date":"2024-02-28T10:00:00","date_gmt":"2024-02-28T13:00:00","guid":{"rendered":"https:\/\/agenciainfra.com\/blog\/?p=15603"},"modified":"2024-02-29T12:17:23","modified_gmt":"2024-02-29T15:17:23","slug":"descentralizacao-da-geracao-de-energia-eletrica-cria-movimento-historico-no-pais","status":"publish","type":"post","link":"https:\/\/agenciainfra.com\/blog\/descentralizacao-da-geracao-de-energia-eletrica-cria-movimento-historico-no-pais\/","title":{"rendered":"Descentraliza\u00e7\u00e3o da gera\u00e7\u00e3o de energia el\u00e9trica cria movimento hist\u00f3rico no pa\u00eds"},"content":{"rendered":"\n<p class=\"has-text-align-right\"><strong>Arthur Sousa*<\/strong><\/p>\n\n\n\n<p>A descentraliza\u00e7\u00e3o da produ\u00e7\u00e3o de energia el\u00e9trica no Brasil, a chamada GD (Gera\u00e7\u00e3o Distribu\u00edda), j\u00e1 \u00e9 realidade em todos os 27 estados da federa\u00e7\u00e3o, com maior volume ainda em S\u00e3o Paulo e Minas Gerais, mas se expandindo para o restante do pa\u00eds.<\/p>\n\n\n\n<p>O movimento de GD que deu os primeiros passos em 2012 ganhou uma velocidade impressionante e in\u00e9dita se considerarmos quaisquer das infraestruturas sobre as quais possamos comparar. N\u00e3o h\u00e1 infraestrutura de comunica\u00e7\u00e3o ou de portos, rodovi\u00e1ria, aeroportu\u00e1ria ou de saneamento que tenha se universalizado e se tornado mais democr\u00e1tica do que a gera\u00e7\u00e3o solar distribu\u00edda no Brasil.<\/p>\n\n\n\n<p>Essa revolu\u00e7\u00e3o ajudou a transformar a gera\u00e7\u00e3o de energia solar, feita a partir de pain\u00e9is fotovoltaicos \u2013 que se espalham rapidamente \u2013, como a segunda fonte de produ\u00e7\u00e3o de eletricidade no pa\u00eds.<\/p>\n\n\n\n<p>Hoje, a base instalada de gera\u00e7\u00e3o solar, considerando dados consolidados em dezembro de 2023, alcan\u00e7ou a incr\u00edvel capacidade de 37,3 GW, o equivalente a mais de duas Itaipus ou mais de tr\u00eas vezes o tamanho da hidrel\u00e9trica de Belo Monte. Uma expans\u00e3o que exigiu R$ 181 bilh\u00f5es em investimentos nos \u00faltimos anos e gerou mais de 1,1 milh\u00e3o de empregos, segundo dados compilados pela associa\u00e7\u00e3o do setor, a Absolar.<\/p>\n\n\n\n<p>Tamb\u00e9m foi a respons\u00e1vel por tornar o Brasil ainda mais uma pot\u00eancia ambiental. A gera\u00e7\u00e3o solar evitou a emiss\u00e3o de quase 50 milh\u00f5es de toneladas de CO2 para a atmosfera e ainda tem ajudado o setor industrial brasileiro a avan\u00e7ar na agenda da transi\u00e7\u00e3o energ\u00e9tica, quando empresas de diversos setores est\u00e3o apostando em projetos de gera\u00e7\u00e3o distribu\u00edda para suprir \u2013 com vantagens de custo \u2013 suas fontes tradicionais de suprimento de energia baseadas em fontes n\u00e3o renov\u00e1veis.<\/p>\n\n\n\n<p>Apenas a denominada gera\u00e7\u00e3o solar distribu\u00edda, aquela produzida por kits instalados em resid\u00eancias, unidades comerciais ou de servi\u00e7o, nas ind\u00fastrias e pequenas usinas solares de gera\u00e7\u00e3o remota, alcan\u00e7ou a marca de 26,6 GW, o equivalente a mais de 70% de toda a base instalada de produ\u00e7\u00e3o de energia solar no Brasil (neste caso, incluindo a chamada gera\u00e7\u00e3o centralizada).<\/p>\n\n\n\n<p>Dados do ONS (Operador Nacional do Sistema El\u00e9trico), o respons\u00e1vel por todo o gerenciamento em tempo real de toda a produ\u00e7\u00e3o de energia para assegurar o atendimento do Brasil, mostram que at\u00e9 o final de 2027 apenas a gera\u00e7\u00e3o solar distribu\u00edda alcan\u00e7ar\u00e1 40 GW de base instalada em todo o pa\u00eds.<\/p>\n\n\n\n<p>Os n\u00fameros de unidades abastecidas com essa fonte impressionam. Atualmente, s\u00e3o 2,3 milh\u00f5es de sistemas de gera\u00e7\u00e3o distribu\u00edda conectados \u00e0 rede, conectadas ao chamado SIN (Sistema Interligado Nacional).<\/p>\n\n\n\n<p>J\u00e1 h\u00e1 no Brasil mais de 3,3 milh\u00f5es de unidades consumidores da energia solar e que recebem cr\u00e9ditos de suas respectivas distribuidoras \u00e0s quais est\u00e3o ligados por ter um sistema de gera\u00e7\u00e3o pr\u00f3prio de energia. Como geram mais do que consomem, podem injetar o excedente na rede de distribui\u00e7\u00e3o local, o que torna essa oferta de energia ainda mais eficiente e pr\u00f3xima dos centros de consumo.<\/p>\n\n\n\n<p>Em nenhuma outra infraestrutura o consumidor pode escolher por um uso sustent\u00e1vel (no caso a solar) e quem lhe fornecer\u00e1 o servi\u00e7o. Isso n\u00e3o ocorre no saneamento, em portos, aeroportos ou comunica\u00e7\u00e3o. Na gera\u00e7\u00e3o de energia isso j\u00e1 \u00e9 uma realidade.<\/p>\n\n\n\n<p>E isso n\u00e3o se resume aos consumidores. A descentraliza\u00e7\u00e3o do investimento come\u00e7a a criar uma rede de pequenos investidores locais, que passam a ter uma op\u00e7\u00e3o de remunerar seu capital com um neg\u00f3cio de longo prazo e est\u00e1vel. N\u00e3o h\u00e1 nada em se tratando de investimento em infraestrutura que ofere\u00e7a tal oportunidade no Brasil.<\/p>\n\n\n\n<p>Se pensarmos em fontes centralizadas como Belo Monte, por exemplo, podemos compreender do que estamos falando. A Usina Hidrel\u00e9trica de Belo Monte, localizada no Estado do Par\u00e1, est\u00e1 a mais de tr\u00eas mil quil\u00f4metros do principal centro de demanda de energia, em S\u00e3o Paulo.<\/p>\n\n\n\n<p>Para trazer a energia at\u00e9 o maior estado do pa\u00eds foi necess\u00e1rio a constru\u00e7\u00e3o de uma linha de transmiss\u00e3o de quase tr\u00eas mil quil\u00f4metros. Isso gera inevitavelmente perdas.<\/p>\n\n\n\n<p>As hidrel\u00e9tricas, que hoje representam quase metade da base instalada no pa\u00eds, foram e s\u00e3o importantes, mas tende a ganhar mais e mais relev\u00e2ncia a gera\u00e7\u00e3o solar distribu\u00edda nos pr\u00f3ximos anos, n\u00e3o apenas em raz\u00e3o dos investimentos previstos para novos sistemas, mas tamb\u00e9m por novas tecnologias de armazenamento desta energia que est\u00e3o surgindo.<\/p>\n\n\n\n<p>As baterias de \u00edon-l\u00edtio, que poder\u00e3o armazenar a energia gerada e n\u00e3o consumida, ter\u00e3o papel central nos pr\u00f3ximos anos, o que viabiliza algo que hoje \u00e9 imposs\u00edvel: a oferta de energia solar inclusive \u00e0 noite.<\/p>\n\n\n\n<p>Esses sistemas de armazenamento ser\u00e3o carregados durante o dia e poder\u00e3o ser acionados nos per\u00edodos de mais demanda do Sistema Interligado Nacional, sempre, claro, sob a gest\u00e3o do ONS.<\/p>\n\n\n\n<p>A revolu\u00e7\u00e3o est\u00e1 no fato de converter uma energia intermitente e uma energia est\u00e1vel e firme, que pode ganhar relev\u00e2ncia e mais uma op\u00e7\u00e3o no card\u00e1pio de gera\u00e7\u00e3o administrado pelo Operador. Dada a evolu\u00e7\u00e3o da gera\u00e7\u00e3o solar distribu\u00edda n\u00e3o \u00e9 mais distante esse novo cen\u00e1rio no pa\u00eds.<\/p>\n\n\n\n<p>Os custos desses sistemas de armazenamento tendem a ficar mais baratos nos pr\u00f3ximos anos, alcan\u00e7ando valores de R$ 1.7 mil por KWh. Hoje esses valores est\u00e3o pr\u00f3ximos a R$ 4 mil por kWh, segundo dados da EPE (Empresa de Pesquisa Energ\u00e9tica) em estudo para elabora\u00e7\u00e3o do Plano Decenal de Expans\u00e3o de Energia.<\/p>\n\n\n\n<p>A previs\u00e3o \u00e9 que o processo de barateamento das baterias para uso automotivo, que j\u00e1 est\u00e1 ocorrendo, tamb\u00e9m aconte\u00e7a para sistemas de armazenamento de gera\u00e7\u00e3o de energia renov\u00e1veis, como a solar.<\/p>\n\n\n\n<p>Estamos diante de um momento hist\u00f3rico para o setor el\u00e9trico brasileiro, principalmente para a gera\u00e7\u00e3o solar distribu\u00edda. Essa expans\u00e3o, capilar, descentralizada e democratizada da forma como est\u00e1 ocorrendo, cria benef\u00edcios para todas as regi\u00f5es do pa\u00eds; gera novas oportunidades de neg\u00f3cios, al\u00e9m de promover a abertura de milhares de novos empregos. Tudo isso j\u00e1 justifica o desenvolvimento de uma base industrial orientada para a produ\u00e7\u00e3o e desenvolvimento de bens e servi\u00e7os para o setor de GD.<\/p>\n\n\n\n<h6 class=\"wp-block-heading\" id=\"block-f323f59b-51bf-4eed-b17b-3c7d3b917007\"><strong><strong>*<strong>Arthur Sousa <\/strong>\u00e9 s\u00f3cio-diretor da Servtec Energia, Conselheiro do Instituto de Energia e Meio Ambiente e Membro da Mobiliza\u00e7\u00e3o Empresarial pela Inova\u00e7\u00e3o da CNI. Foi CEO da GDSUN e vice-presidente da Concremat Engenharia, empresa do grupo chin\u00eas CCCC<\/strong>.<\/strong><\/h6>\n\n\n\n<h5 class=\"wp-block-heading\" id=\"block-5ef42db3-2ed1-4178-8ab5-7a7f312ba102\">As opini\u00f5es dos autores n\u00e3o refletem necessariamente o pensamento da Ag\u00eancia iNFRA, sendo de total responsabilidade do autor as informa\u00e7\u00f5es, ju\u00edzos de valor e conceitos descritos no texto.<\/h5>\n","protected":false},"excerpt":{"rendered":"<p>Arthur Sousa* A descentraliza\u00e7\u00e3o da produ\u00e7\u00e3o de energia el\u00e9trica no Brasil, a chamada GD (Gera\u00e7\u00e3o Distribu\u00edda), j\u00e1 \u00e9 realidade em todos os 27 estados da federa\u00e7\u00e3o, com maior volume ainda em S\u00e3o Paulo e Minas Gerais, mas se expandindo para o restante do pa\u00eds. O movimento de GD que deu os primeiros passos em 2012 [&hellip;]<\/p>\n","protected":false},"author":1,"featured_media":15604,"comment_status":"closed","ping_status":"closed","sticky":false,"template":"","format":"standard","meta":{"_monsterinsights_skip_tracking":false,"_monsterinsights_sitenote_active":false,"_monsterinsights_sitenote_note":"","_monsterinsights_sitenote_category":0,"footnotes":""},"categories":[1,11],"tags":[1385,8694,8691,5189,8693,8696,1067,2804,1093,12,6371,850,8554,8692,8695,216,3360,747,2006],"class_list":["post-15603","post","type-post","status-publish","format-standard","has-post-thumbnail","hentry","category-geral","category-infradebate","tag-absolar","tag-armazenamento-de-energia","tag-arthur-sousa","tag-baterias","tag-descentralizacao-da-producao-de-energia-eletrica","tag-desenvolvimento-industrial","tag-empresa-de-pesquisa-energetica","tag-energia-renovavel","tag-energia-solar","tag-epe","tag-gd","tag-geracao-distribuida","tag-infraestrutura-energetica","tag-investimentos-em-energia-renovavel","tag-ion-litio","tag-ons","tag-sin","tag-sistema-interligado-nacional","tag-transicao-energetica"],"yoast_head":"<!-- This site is optimized with the Yoast SEO Premium plugin v25.4 (Yoast SEO v26.0) - https:\/\/yoast.com\/wordpress\/plugins\/seo\/ -->\n<title>Descentraliza\u00e7\u00e3o da gera\u00e7\u00e3o de energia el\u00e9trica cria movimento hist\u00f3rico no pa\u00eds - Ag\u00eancia iNFRA<\/title>\n<meta name=\"robots\" content=\"index, follow, max-snippet:-1, max-image-preview:large, max-video-preview:-1\" \/>\n<link rel=\"canonical\" href=\"https:\/\/agenciainfra.com\/blog\/descentralizacao-da-geracao-de-energia-eletrica-cria-movimento-historico-no-pais\/\" \/>\n<meta property=\"og:locale\" content=\"pt_BR\" \/>\n<meta property=\"og:type\" content=\"article\" \/>\n<meta property=\"og:title\" content=\"Descentraliza\u00e7\u00e3o da gera\u00e7\u00e3o de energia el\u00e9trica cria movimento hist\u00f3rico no pa\u00eds\" \/>\n<meta property=\"og:description\" content=\"Arthur Sousa* A descentraliza\u00e7\u00e3o da produ\u00e7\u00e3o de energia el\u00e9trica no Brasil, a chamada GD (Gera\u00e7\u00e3o Distribu\u00edda), j\u00e1 \u00e9 realidade em todos os 27 estados da federa\u00e7\u00e3o, com maior volume ainda em S\u00e3o Paulo e Minas Gerais, mas se expandindo para o restante do pa\u00eds. O movimento de GD que deu os primeiros passos em 2012 [&hellip;]\" \/>\n<meta property=\"og:url\" content=\"https:\/\/agenciainfra.com\/blog\/descentralizacao-da-geracao-de-energia-eletrica-cria-movimento-historico-no-pais\/\" \/>\n<meta property=\"og:site_name\" content=\"Ag\u00eancia iNFRA\" \/>\n<meta property=\"article:publisher\" content=\"https:\/\/www.facebook.com\/ageninfra\" \/>\n<meta property=\"article:published_time\" content=\"2024-02-28T13:00:00+00:00\" \/>\n<meta property=\"article:modified_time\" content=\"2024-02-29T15:17:23+00:00\" \/>\n<meta property=\"og:image\" content=\"https:\/\/agenciainfra.com\/blog\/wp-content\/uploads\/2024\/02\/arthur-sousa-foto-divulgacao.jpeg\" \/>\n\t<meta property=\"og:image:width\" content=\"1202\" \/>\n\t<meta property=\"og:image:height\" content=\"801\" \/>\n\t<meta property=\"og:image:type\" content=\"image\/jpeg\" \/>\n<meta name=\"author\" content=\"Ag\u00eancia iNFRA\" \/>\n<meta name=\"twitter:card\" content=\"summary_large_image\" \/>\n<meta name=\"twitter:creator\" content=\"@agencia_infra\" \/>\n<meta name=\"twitter:site\" content=\"@agencia_infra\" \/>\n<meta name=\"twitter:label1\" content=\"Escrito por\" \/>\n\t<meta name=\"twitter:data1\" content=\"Ag\u00eancia iNFRA\" \/>\n\t<meta name=\"twitter:label2\" content=\"Est. tempo de leitura\" \/>\n\t<meta name=\"twitter:data2\" content=\"6 minutos\" \/>\n<script type=\"application\/ld+json\" class=\"yoast-schema-graph\">{\"@context\":\"https:\/\/schema.org\",\"@graph\":[{\"@type\":\"Article\",\"@id\":\"https:\/\/agenciainfra.com\/blog\/descentralizacao-da-geracao-de-energia-eletrica-cria-movimento-historico-no-pais\/#article\",\"isPartOf\":{\"@id\":\"https:\/\/agenciainfra.com\/blog\/descentralizacao-da-geracao-de-energia-eletrica-cria-movimento-historico-no-pais\/\"},\"author\":{\"name\":\"Ag\u00eancia iNFRA\",\"@id\":\"https:\/\/agenciainfra.com\/blog\/#\/schema\/person\/34af08dff6adea4cb22b06612ba7acfa\"},\"headline\":\"Descentraliza\u00e7\u00e3o da gera\u00e7\u00e3o de energia el\u00e9trica cria movimento hist\u00f3rico no pa\u00eds\",\"datePublished\":\"2024-02-28T13:00:00+00:00\",\"dateModified\":\"2024-02-29T15:17:23+00:00\",\"mainEntityOfPage\":{\"@id\":\"https:\/\/agenciainfra.com\/blog\/descentralizacao-da-geracao-de-energia-eletrica-cria-movimento-historico-no-pais\/\"},\"wordCount\":1188,\"publisher\":{\"@id\":\"https:\/\/agenciainfra.com\/blog\/#organization\"},\"image\":{\"@id\":\"https:\/\/agenciainfra.com\/blog\/descentralizacao-da-geracao-de-energia-eletrica-cria-movimento-historico-no-pais\/#primaryimage\"},\"thumbnailUrl\":\"https:\/\/agenciainfra.com\/blog\/wp-content\/uploads\/2024\/02\/arthur-sousa-foto-divulgacao.jpeg\",\"keywords\":[\"Absolar\",\"Armazenamento de energia\",\"Arthur Sousa\",\"baterias\",\"Descentraliza\u00e7\u00e3o da produ\u00e7\u00e3o de energia el\u00e9trica\",\"Desenvolvimento industrial\",\"Empresa de Pesquisa Energ\u00e9tica\",\"energia renov\u00e1vel\",\"energia solar\",\"epe\",\"GD\",\"gera\u00e7\u00e3o distribu\u00edda\",\"Infraestrutura Energ\u00e9tica\",\"Investimentos em energia renov\u00e1vel\",\"\u00edon-l\u00edtio\",\"ONS\",\"SIN\",\"Sistema Interligado Nacional\",\"transi\u00e7\u00e3o energ\u00e9tica\"],\"articleSection\":[\"Geral\",\"iNFRADebate\"],\"inLanguage\":\"pt-BR\",\"copyrightYear\":\"2024\",\"copyrightHolder\":{\"@id\":\"https:\/\/agenciainfra.com\/blog\/#organization\"}},{\"@type\":\"WebPage\",\"@id\":\"https:\/\/agenciainfra.com\/blog\/descentralizacao-da-geracao-de-energia-eletrica-cria-movimento-historico-no-pais\/\",\"url\":\"https:\/\/agenciainfra.com\/blog\/descentralizacao-da-geracao-de-energia-eletrica-cria-movimento-historico-no-pais\/\",\"name\":\"Descentraliza\u00e7\u00e3o da gera\u00e7\u00e3o de energia el\u00e9trica cria movimento hist\u00f3rico no pa\u00eds - Ag\u00eancia iNFRA\",\"isPartOf\":{\"@id\":\"https:\/\/agenciainfra.com\/blog\/#website\"},\"primaryImageOfPage\":{\"@id\":\"https:\/\/agenciainfra.com\/blog\/descentralizacao-da-geracao-de-energia-eletrica-cria-movimento-historico-no-pais\/#primaryimage\"},\"image\":{\"@id\":\"https:\/\/agenciainfra.com\/blog\/descentralizacao-da-geracao-de-energia-eletrica-cria-movimento-historico-no-pais\/#primaryimage\"},\"thumbnailUrl\":\"https:\/\/agenciainfra.com\/blog\/wp-content\/uploads\/2024\/02\/arthur-sousa-foto-divulgacao.jpeg\",\"datePublished\":\"2024-02-28T13:00:00+00:00\",\"dateModified\":\"2024-02-29T15:17:23+00:00\",\"breadcrumb\":{\"@id\":\"https:\/\/agenciainfra.com\/blog\/descentralizacao-da-geracao-de-energia-eletrica-cria-movimento-historico-no-pais\/#breadcrumb\"},\"inLanguage\":\"pt-BR\",\"potentialAction\":[{\"@type\":\"ReadAction\",\"target\":[\"https:\/\/agenciainfra.com\/blog\/descentralizacao-da-geracao-de-energia-eletrica-cria-movimento-historico-no-pais\/\"]}]},{\"@type\":\"ImageObject\",\"inLanguage\":\"pt-BR\",\"@id\":\"https:\/\/agenciainfra.com\/blog\/descentralizacao-da-geracao-de-energia-eletrica-cria-movimento-historico-no-pais\/#primaryimage\",\"url\":\"https:\/\/agenciainfra.com\/blog\/wp-content\/uploads\/2024\/02\/arthur-sousa-foto-divulgacao.jpeg\",\"contentUrl\":\"https:\/\/agenciainfra.com\/blog\/wp-content\/uploads\/2024\/02\/arthur-sousa-foto-divulgacao.jpeg\",\"width\":1202,\"height\":801},{\"@type\":\"BreadcrumbList\",\"@id\":\"https:\/\/agenciainfra.com\/blog\/descentralizacao-da-geracao-de-energia-eletrica-cria-movimento-historico-no-pais\/#breadcrumb\",\"itemListElement\":[{\"@type\":\"ListItem\",\"position\":1,\"name\":\"In\u00edcio\",\"item\":\"https:\/\/agenciainfra.com\/blog\/\"},{\"@type\":\"ListItem\",\"position\":2,\"name\":\"Descentraliza\u00e7\u00e3o da gera\u00e7\u00e3o de energia el\u00e9trica cria movimento hist\u00f3rico no pa\u00eds\"}]},{\"@type\":\"WebSite\",\"@id\":\"https:\/\/agenciainfra.com\/blog\/#website\",\"url\":\"https:\/\/agenciainfra.com\/blog\/\",\"name\":\"Ag\u00eancia iNFRA\",\"description\":\"Multiplataforma de informa\u00e7\u00e3o jornal\u00edstica refer\u00eancia na \u00e1rea de infraestrutura no Brasil!\",\"publisher\":{\"@id\":\"https:\/\/agenciainfra.com\/blog\/#organization\"},\"potentialAction\":[{\"@type\":\"SearchAction\",\"target\":{\"@type\":\"EntryPoint\",\"urlTemplate\":\"https:\/\/agenciainfra.com\/blog\/?s={search_term_string}\"},\"query-input\":{\"@type\":\"PropertyValueSpecification\",\"valueRequired\":true,\"valueName\":\"search_term_string\"}}],\"inLanguage\":\"pt-BR\"},{\"@type\":\"Organization\",\"@id\":\"https:\/\/agenciainfra.com\/blog\/#organization\",\"name\":\"Ag\u00eancia iNFRA\",\"url\":\"https:\/\/agenciainfra.com\/blog\/\",\"logo\":{\"@type\":\"ImageObject\",\"inLanguage\":\"pt-BR\",\"@id\":\"https:\/\/agenciainfra.com\/blog\/#\/schema\/logo\/image\/\",\"url\":\"https:\/\/agenciainfra.com\/blog\/wp-content\/uploads\/2023\/09\/iNFRA_5-e1761735885940.png\",\"contentUrl\":\"https:\/\/agenciainfra.com\/blog\/wp-content\/uploads\/2023\/09\/iNFRA_5-e1761735885940.png\",\"width\":1672,\"height\":454,\"caption\":\"Ag\u00eancia iNFRA\"},\"image\":{\"@id\":\"https:\/\/agenciainfra.com\/blog\/#\/schema\/logo\/image\/\"},\"sameAs\":[\"https:\/\/www.facebook.com\/ageninfra\",\"https:\/\/x.com\/agencia_infra\",\"https:\/\/www.linkedin.com\/company\/ag\u00eanciainfra\/\",\"https:\/\/www.instagram.com\/agenciainfra\/\"]},{\"@type\":\"Person\",\"@id\":\"https:\/\/agenciainfra.com\/blog\/#\/schema\/person\/34af08dff6adea4cb22b06612ba7acfa\",\"name\":\"Ag\u00eancia iNFRA\",\"image\":{\"@type\":\"ImageObject\",\"inLanguage\":\"pt-BR\",\"@id\":\"https:\/\/agenciainfra.com\/blog\/#\/schema\/person\/image\/\",\"url\":\"https:\/\/secure.gravatar.com\/avatar\/d189e01678f06d8eb84d4e01f08eb848b3fffe3f8443818d3c356c66892f5be8?s=96&d=mm&r=g\",\"contentUrl\":\"https:\/\/secure.gravatar.com\/avatar\/d189e01678f06d8eb84d4e01f08eb848b3fffe3f8443818d3c356c66892f5be8?s=96&d=mm&r=g\",\"caption\":\"Ag\u00eancia iNFRA\"},\"url\":\"https:\/\/agenciainfra.com\/blog\/author\/admin\/\"}]}<\/script>\n<!-- \/ Yoast SEO Premium plugin. -->","yoast_head_json":{"title":"Descentraliza\u00e7\u00e3o da gera\u00e7\u00e3o de energia el\u00e9trica cria movimento hist\u00f3rico no pa\u00eds - Ag\u00eancia iNFRA","robots":{"index":"index","follow":"follow","max-snippet":"max-snippet:-1","max-image-preview":"max-image-preview:large","max-video-preview":"max-video-preview:-1"},"canonical":"https:\/\/agenciainfra.com\/blog\/descentralizacao-da-geracao-de-energia-eletrica-cria-movimento-historico-no-pais\/","og_locale":"pt_BR","og_type":"article","og_title":"Descentraliza\u00e7\u00e3o da gera\u00e7\u00e3o de energia el\u00e9trica cria movimento hist\u00f3rico no pa\u00eds","og_description":"Arthur Sousa* A descentraliza\u00e7\u00e3o da produ\u00e7\u00e3o de energia el\u00e9trica no Brasil, a chamada GD (Gera\u00e7\u00e3o Distribu\u00edda), j\u00e1 \u00e9 realidade em todos os 27 estados da federa\u00e7\u00e3o, com maior volume ainda em S\u00e3o Paulo e Minas Gerais, mas se expandindo para o restante do pa\u00eds. O movimento de GD que deu os primeiros passos em 2012 [&hellip;]","og_url":"https:\/\/agenciainfra.com\/blog\/descentralizacao-da-geracao-de-energia-eletrica-cria-movimento-historico-no-pais\/","og_site_name":"Ag\u00eancia iNFRA","article_publisher":"https:\/\/www.facebook.com\/ageninfra","article_published_time":"2024-02-28T13:00:00+00:00","article_modified_time":"2024-02-29T15:17:23+00:00","og_image":[{"width":1202,"height":801,"url":"https:\/\/agenciainfra.com\/blog\/wp-content\/uploads\/2024\/02\/arthur-sousa-foto-divulgacao.jpeg","type":"image\/jpeg"}],"author":"Ag\u00eancia iNFRA","twitter_card":"summary_large_image","twitter_creator":"@agencia_infra","twitter_site":"@agencia_infra","twitter_misc":{"Escrito por":"Ag\u00eancia iNFRA","Est. tempo de leitura":"6 minutos"},"schema":{"@context":"https:\/\/schema.org","@graph":[{"@type":"Article","@id":"https:\/\/agenciainfra.com\/blog\/descentralizacao-da-geracao-de-energia-eletrica-cria-movimento-historico-no-pais\/#article","isPartOf":{"@id":"https:\/\/agenciainfra.com\/blog\/descentralizacao-da-geracao-de-energia-eletrica-cria-movimento-historico-no-pais\/"},"author":{"name":"Ag\u00eancia iNFRA","@id":"https:\/\/agenciainfra.com\/blog\/#\/schema\/person\/34af08dff6adea4cb22b06612ba7acfa"},"headline":"Descentraliza\u00e7\u00e3o da gera\u00e7\u00e3o de energia el\u00e9trica cria movimento hist\u00f3rico no pa\u00eds","datePublished":"2024-02-28T13:00:00+00:00","dateModified":"2024-02-29T15:17:23+00:00","mainEntityOfPage":{"@id":"https:\/\/agenciainfra.com\/blog\/descentralizacao-da-geracao-de-energia-eletrica-cria-movimento-historico-no-pais\/"},"wordCount":1188,"publisher":{"@id":"https:\/\/agenciainfra.com\/blog\/#organization"},"image":{"@id":"https:\/\/agenciainfra.com\/blog\/descentralizacao-da-geracao-de-energia-eletrica-cria-movimento-historico-no-pais\/#primaryimage"},"thumbnailUrl":"https:\/\/agenciainfra.com\/blog\/wp-content\/uploads\/2024\/02\/arthur-sousa-foto-divulgacao.jpeg","keywords":["Absolar","Armazenamento de energia","Arthur Sousa","baterias","Descentraliza\u00e7\u00e3o da produ\u00e7\u00e3o de energia el\u00e9trica","Desenvolvimento industrial","Empresa de Pesquisa Energ\u00e9tica","energia renov\u00e1vel","energia solar","epe","GD","gera\u00e7\u00e3o distribu\u00edda","Infraestrutura Energ\u00e9tica","Investimentos em energia renov\u00e1vel","\u00edon-l\u00edtio","ONS","SIN","Sistema Interligado Nacional","transi\u00e7\u00e3o energ\u00e9tica"],"articleSection":["Geral","iNFRADebate"],"inLanguage":"pt-BR","copyrightYear":"2024","copyrightHolder":{"@id":"https:\/\/agenciainfra.com\/blog\/#organization"}},{"@type":"WebPage","@id":"https:\/\/agenciainfra.com\/blog\/descentralizacao-da-geracao-de-energia-eletrica-cria-movimento-historico-no-pais\/","url":"https:\/\/agenciainfra.com\/blog\/descentralizacao-da-geracao-de-energia-eletrica-cria-movimento-historico-no-pais\/","name":"Descentraliza\u00e7\u00e3o da gera\u00e7\u00e3o de energia el\u00e9trica cria movimento hist\u00f3rico no pa\u00eds - Ag\u00eancia iNFRA","isPartOf":{"@id":"https:\/\/agenciainfra.com\/blog\/#website"},"primaryImageOfPage":{"@id":"https:\/\/agenciainfra.com\/blog\/descentralizacao-da-geracao-de-energia-eletrica-cria-movimento-historico-no-pais\/#primaryimage"},"image":{"@id":"https:\/\/agenciainfra.com\/blog\/descentralizacao-da-geracao-de-energia-eletrica-cria-movimento-historico-no-pais\/#primaryimage"},"thumbnailUrl":"https:\/\/agenciainfra.com\/blog\/wp-content\/uploads\/2024\/02\/arthur-sousa-foto-divulgacao.jpeg","datePublished":"2024-02-28T13:00:00+00:00","dateModified":"2024-02-29T15:17:23+00:00","breadcrumb":{"@id":"https:\/\/agenciainfra.com\/blog\/descentralizacao-da-geracao-de-energia-eletrica-cria-movimento-historico-no-pais\/#breadcrumb"},"inLanguage":"pt-BR","potentialAction":[{"@type":"ReadAction","target":["https:\/\/agenciainfra.com\/blog\/descentralizacao-da-geracao-de-energia-eletrica-cria-movimento-historico-no-pais\/"]}]},{"@type":"ImageObject","inLanguage":"pt-BR","@id":"https:\/\/agenciainfra.com\/blog\/descentralizacao-da-geracao-de-energia-eletrica-cria-movimento-historico-no-pais\/#primaryimage","url":"https:\/\/agenciainfra.com\/blog\/wp-content\/uploads\/2024\/02\/arthur-sousa-foto-divulgacao.jpeg","contentUrl":"https:\/\/agenciainfra.com\/blog\/wp-content\/uploads\/2024\/02\/arthur-sousa-foto-divulgacao.jpeg","width":1202,"height":801},{"@type":"BreadcrumbList","@id":"https:\/\/agenciainfra.com\/blog\/descentralizacao-da-geracao-de-energia-eletrica-cria-movimento-historico-no-pais\/#breadcrumb","itemListElement":[{"@type":"ListItem","position":1,"name":"In\u00edcio","item":"https:\/\/agenciainfra.com\/blog\/"},{"@type":"ListItem","position":2,"name":"Descentraliza\u00e7\u00e3o da gera\u00e7\u00e3o de energia el\u00e9trica cria movimento hist\u00f3rico no pa\u00eds"}]},{"@type":"WebSite","@id":"https:\/\/agenciainfra.com\/blog\/#website","url":"https:\/\/agenciainfra.com\/blog\/","name":"Ag\u00eancia iNFRA","description":"Multiplataforma de informa\u00e7\u00e3o jornal\u00edstica refer\u00eancia na \u00e1rea de infraestrutura no Brasil!","publisher":{"@id":"https:\/\/agenciainfra.com\/blog\/#organization"},"potentialAction":[{"@type":"SearchAction","target":{"@type":"EntryPoint","urlTemplate":"https:\/\/agenciainfra.com\/blog\/?s={search_term_string}"},"query-input":{"@type":"PropertyValueSpecification","valueRequired":true,"valueName":"search_term_string"}}],"inLanguage":"pt-BR"},{"@type":"Organization","@id":"https:\/\/agenciainfra.com\/blog\/#organization","name":"Ag\u00eancia iNFRA","url":"https:\/\/agenciainfra.com\/blog\/","logo":{"@type":"ImageObject","inLanguage":"pt-BR","@id":"https:\/\/agenciainfra.com\/blog\/#\/schema\/logo\/image\/","url":"https:\/\/agenciainfra.com\/blog\/wp-content\/uploads\/2023\/09\/iNFRA_5-e1761735885940.png","contentUrl":"https:\/\/agenciainfra.com\/blog\/wp-content\/uploads\/2023\/09\/iNFRA_5-e1761735885940.png","width":1672,"height":454,"caption":"Ag\u00eancia iNFRA"},"image":{"@id":"https:\/\/agenciainfra.com\/blog\/#\/schema\/logo\/image\/"},"sameAs":["https:\/\/www.facebook.com\/ageninfra","https:\/\/x.com\/agencia_infra","https:\/\/www.linkedin.com\/company\/ag\u00eanciainfra\/","https:\/\/www.instagram.com\/agenciainfra\/"]},{"@type":"Person","@id":"https:\/\/agenciainfra.com\/blog\/#\/schema\/person\/34af08dff6adea4cb22b06612ba7acfa","name":"Ag\u00eancia iNFRA","image":{"@type":"ImageObject","inLanguage":"pt-BR","@id":"https:\/\/agenciainfra.com\/blog\/#\/schema\/person\/image\/","url":"https:\/\/secure.gravatar.com\/avatar\/d189e01678f06d8eb84d4e01f08eb848b3fffe3f8443818d3c356c66892f5be8?s=96&d=mm&r=g","contentUrl":"https:\/\/secure.gravatar.com\/avatar\/d189e01678f06d8eb84d4e01f08eb848b3fffe3f8443818d3c356c66892f5be8?s=96&d=mm&r=g","caption":"Ag\u00eancia iNFRA"},"url":"https:\/\/agenciainfra.com\/blog\/author\/admin\/"}]}},"_links":{"self":[{"href":"https:\/\/agenciainfra.com\/blog\/wp-json\/wp\/v2\/posts\/15603","targetHints":{"allow":["GET"]}}],"collection":[{"href":"https:\/\/agenciainfra.com\/blog\/wp-json\/wp\/v2\/posts"}],"about":[{"href":"https:\/\/agenciainfra.com\/blog\/wp-json\/wp\/v2\/types\/post"}],"author":[{"embeddable":true,"href":"https:\/\/agenciainfra.com\/blog\/wp-json\/wp\/v2\/users\/1"}],"replies":[{"embeddable":true,"href":"https:\/\/agenciainfra.com\/blog\/wp-json\/wp\/v2\/comments?post=15603"}],"version-history":[{"count":2,"href":"https:\/\/agenciainfra.com\/blog\/wp-json\/wp\/v2\/posts\/15603\/revisions"}],"predecessor-version":[{"id":15611,"href":"https:\/\/agenciainfra.com\/blog\/wp-json\/wp\/v2\/posts\/15603\/revisions\/15611"}],"wp:featuredmedia":[{"embeddable":true,"href":"https:\/\/agenciainfra.com\/blog\/wp-json\/wp\/v2\/media\/15604"}],"wp:attachment":[{"href":"https:\/\/agenciainfra.com\/blog\/wp-json\/wp\/v2\/media?parent=15603"}],"wp:term":[{"taxonomy":"category","embeddable":true,"href":"https:\/\/agenciainfra.com\/blog\/wp-json\/wp\/v2\/categories?post=15603"},{"taxonomy":"post_tag","embeddable":true,"href":"https:\/\/agenciainfra.com\/blog\/wp-json\/wp\/v2\/tags?post=15603"}],"curies":[{"name":"wp","href":"https:\/\/api.w.org\/{rel}","templated":true}]}}