{"id":15617,"date":"2024-03-02T09:00:00","date_gmt":"2024-03-02T12:00:00","guid":{"rendered":"https:\/\/agenciainfra.com\/blog\/?p=15617"},"modified":"2024-03-03T11:06:35","modified_gmt":"2024-03-03T14:06:35","slug":"ccr-riosp-recebe-licenca-ambiental-para-duplicacao-na-serra-das-araras","status":"publish","type":"post","link":"https:\/\/agenciainfra.com\/blog\/ccr-riosp-recebe-licenca-ambiental-para-duplicacao-na-serra-das-araras\/","title":{"rendered":"CCR RioSP recebe licen\u00e7a ambiental para duplica\u00e7\u00e3o na Serra das Araras"},"content":{"rendered":"\n<p class=\"has-text-align-right\"><strong>Elisa Costa, da Ag\u00eancia iNFRA<\/strong><\/p>\n\n\n\n<p>O Inea (Instituto Estadual do Ambiente) do Rio de Janeiro concedeu\u00a0licen\u00e7a\u00a0\u00e0 Concession\u00e1ria do Sistema Rodovi\u00e1rio Rio-S\u00e3o Paulo\u00a0para\u00a0obras de\u00a0duplica\u00e7\u00e3o\u00a0da\u00a0Serra\u00a0das\u00a0Araras,\u00a0na\u00a0rodovia Presidente Dutra (BR-116). O documento prev\u00ea ajustes necess\u00e1rios nas estruturas existentes bem como a autoriza\u00e7\u00e3o\u00a0para\u00a0coleta, captura, manejo e transporte da fauna silvestre.<br><br>Ap\u00f3s a emiss\u00e3o, a concession\u00e1ria deve informar imediatamente \u00e0\u00a0sociedade, principalmente \u00e0s \u00e1reas urbanas afetadas pelo projeto, sobre a atual situa\u00e7\u00e3o do empreendimento. A\u00a0licen\u00e7a\u00a0\u00e9 v\u00e1lida at\u00e9 o dia 22 de fevereiro de 2030 e inclui a instala\u00e7\u00e3o de canteiro de obra central,\u00a0das\u00a0frentes de trabalhos, da central dosadora de contrato e do canteiro industrial.<br><br>A obra \u00e9 esperada por anos e a sua execu\u00e7\u00e3o j\u00e1 foi adiada algumas vezes. Apesar da grande expectativa do setor rodovi\u00e1rio e da relev\u00e2ncia deste projeto\u00a0para\u00a0a log\u00edstica do pa\u00eds, ainda n\u00e3o se sabe quando os trabalhos ser\u00e3o iniciados. A\u00a0<strong>Ag\u00eancia iNFRA<\/strong>\u00a0procurou a\u00a0CCR\u00a0para\u00a0obter detalhes, mas n\u00e3o houve retorno por parte da empresa.<br><br>O projeto envolve um trecho de 8 quil\u00f4metros e tem o objetivo de promover mais fluidez e seguran\u00e7a ao tr\u00e2nsito, j\u00e1 que o local tem um alto registro de ocorr\u00eancias. De acordo com o contrato de concess\u00e3o, o investimento previsto \u00e9 de aproximadamente R$ 1,2 bilh\u00e3o. A nova pista ter\u00e1 quatro faixas\u00a0para\u00a0cada sentido, al\u00e9m de viadutos e \u00e1reas de escape.<br><br>Com a conclus\u00e3o\u00a0das\u00a0obras, prevista\u00a0para\u00a02029, a\u00a0CCR\u00a0ter\u00e1 que apresentar ao Inea, no prazo m\u00e1ximo de 60 dias, um relat\u00f3rio indicando as interven\u00e7\u00f5es realizadas, as medidas de controle adotadas, recupera\u00e7\u00e3o de \u00e1reas afetadas, bem como a descri\u00e7\u00e3o\u00a0das\u00a0atividades e medidas executadas no \u00e2mbito do PBA (Plano B\u00e1sico\u00a0Ambiental).<br><br><strong>Condicionantes<\/strong><br>Durante as obras, a\u00a0CCR\u00a0dever\u00e1 seguir algumas regras\u00a0para\u00a0que seja mantida a\u00a0licen\u00e7a\u00a0ambiental. Por exemplo, a concession\u00e1ria n\u00e3o poder\u00e1 implantar qualquer tipo de edifica\u00e7\u00e3o ou estrutura\u00a0na\u00a0faixa marginal de prote\u00e7\u00e3o dos corpos h\u00eddricos nem realizar a remo\u00e7\u00e3o de marcos geod\u00e9sicos sem pr\u00e9via autoriza\u00e7\u00e3o do IBGE (Instituto Brasileiro de Geografia e Estat\u00edstica), caso estejam no mesmo local do empreendimento.<br><br>A\u00a0CCR\u00a0dever\u00e1 atentar-se aos procedimentos estabelecidos no \u00e2mbito do Sinaflor (Sistema Nacional de Controle da Origem dos Produtos Florestais), conforme as medidas relacionadas \u00e0 supress\u00e3o de vegeta\u00e7\u00e3o e \u00e0 interven\u00e7\u00e3o em \u00c1reas de Preserva\u00e7\u00e3o Permanente.<br><br>Segundo o documento, dispositivos de prote\u00e7\u00e3o aos pedestres e sinaliza\u00e7\u00e3o\u00a0para\u00a0ve\u00edculos ser\u00e3o instalados pelo local\u00a0para\u00a0minimizar o risco de ocorr\u00eancia de acidentes. E\u00a0para\u00a0evitar o carreamento de sedimentos\u00a0para\u00a0os corpos h\u00eddricos ou \u00e1reas ambientalmente sens\u00edveis, as bacias de sedimenta\u00e7\u00e3o devem ser consideradas pelo grupo.<br><br>O texto ainda estabelece como exig\u00eancia que as empresas de engenharia realizem as obras preferencialmente durante per\u00edodos de estiagem. \u201cNos casos em que isso n\u00e3o for vi\u00e1vel, \u00e9 fundamental que tomem todas as provid\u00eancias necess\u00e1rias\u00a0para\u00a0evitar danos causados por chuvas intensas\u00a0na\u00a0regi\u00e3o, tanto \u00e0s estruturas j\u00e1 constru\u00eddas\u00a0como ao meio ambiente local e \u00e1reas adjacentes\u201d, informa.<br><br>Na\u00a0fase de execu\u00e7\u00e3o\u00a0das\u00a0obras, o programa de monitoramento cont\u00ednuo da qualidade dos efluentes deve ser mantido, com realiza\u00e7\u00e3o de an\u00e1lises peri\u00f3dicas dos par\u00e2metros estabelecidos pelas normas ambientais vigentes. O objetivo \u00e9 garantir que a opera\u00e7\u00e3o\u00a0das\u00a0esta\u00e7\u00f5es de tratamento de esgoto siga os procedimentos operacionais padr\u00e3o.<\/p>\n","protected":false},"excerpt":{"rendered":"<p>Elisa Costa, da Ag\u00eancia iNFRA O Inea (Instituto Estadual do Ambiente) do Rio de Janeiro concedeu\u00a0licen\u00e7a\u00a0\u00e0 Concession\u00e1ria do Sistema Rodovi\u00e1rio Rio-S\u00e3o Paulo\u00a0para\u00a0obras de\u00a0duplica\u00e7\u00e3o\u00a0da\u00a0Serra\u00a0das\u00a0Araras,\u00a0na\u00a0rodovia Presidente Dutra (BR-116). O documento prev\u00ea ajustes necess\u00e1rios nas estruturas existentes bem como a autoriza\u00e7\u00e3o\u00a0para\u00a0coleta, captura, manejo e transporte da fauna silvestre. Ap\u00f3s a emiss\u00e3o, a concession\u00e1ria deve informar imediatamente \u00e0\u00a0sociedade, principalmente [&hellip;]<\/p>\n","protected":false},"author":1,"featured_media":15618,"comment_status":"closed","ping_status":"closed","sticky":false,"template":"","format":"standard","meta":{"_monsterinsights_skip_tracking":false,"_monsterinsights_sitenote_active":false,"_monsterinsights_sitenote_note":"","_monsterinsights_sitenote_category":0,"footnotes":""},"categories":[7250,1,7],"tags":[8711,588,6287,1137,8712,7367,1054,6776,8362,8710,696,66,627,8713,4282,1653,392,4817],"class_list":["post-15617","post","type-post","status-publish","format-standard","has-post-thumbnail","hentry","category-destaque-lista","category-geral","category-infratransporte","tag-areas-de-preservacao-permanente","tag-ccr","tag-ccr-riosp","tag-concessao-rodoviaria","tag-conservacao-ambiental","tag-elisa-costa","tag-ibge","tag-inea","tag-infraestrutura-viaria","tag-instituto-estadual-do-ambiente","tag-licenca-ambiental","tag-logistica","tag-obras-publicas","tag-rio-sao-paulo-2","tag-seguranca-viaria","tag-serra-das-araras","tag-sinalizacao","tag-trafego"],"yoast_head":"<!-- This site is optimized with the Yoast SEO Premium plugin v25.4 (Yoast SEO v26.0) - https:\/\/yoast.com\/wordpress\/plugins\/seo\/ -->\n<title>CCR RioSP recebe licen\u00e7a ambiental para duplica\u00e7\u00e3o na Serra das Araras - Ag\u00eancia iNFRA<\/title>\n<meta name=\"robots\" content=\"index, follow, max-snippet:-1, max-image-preview:large, max-video-preview:-1\" \/>\n<link rel=\"canonical\" href=\"https:\/\/agenciainfra.com\/blog\/ccr-riosp-recebe-licenca-ambiental-para-duplicacao-na-serra-das-araras\/\" \/>\n<meta property=\"og:locale\" content=\"pt_BR\" \/>\n<meta property=\"og:type\" content=\"article\" \/>\n<meta property=\"og:title\" content=\"CCR RioSP recebe licen\u00e7a ambiental para duplica\u00e7\u00e3o na Serra das Araras\" \/>\n<meta property=\"og:description\" content=\"Elisa Costa, da Ag\u00eancia iNFRA O Inea (Instituto Estadual do Ambiente) do Rio de Janeiro concedeu\u00a0licen\u00e7a\u00a0\u00e0 Concession\u00e1ria do Sistema Rodovi\u00e1rio Rio-S\u00e3o Paulo\u00a0para\u00a0obras de\u00a0duplica\u00e7\u00e3o\u00a0da\u00a0Serra\u00a0das\u00a0Araras,\u00a0na\u00a0rodovia Presidente Dutra (BR-116). O documento prev\u00ea ajustes necess\u00e1rios nas estruturas existentes bem como a autoriza\u00e7\u00e3o\u00a0para\u00a0coleta, captura, manejo e transporte da fauna silvestre. Ap\u00f3s a emiss\u00e3o, a concession\u00e1ria deve informar imediatamente \u00e0\u00a0sociedade, principalmente [&hellip;]\" \/>\n<meta property=\"og:url\" content=\"https:\/\/agenciainfra.com\/blog\/ccr-riosp-recebe-licenca-ambiental-para-duplicacao-na-serra-das-araras\/\" \/>\n<meta property=\"og:site_name\" content=\"Ag\u00eancia iNFRA\" \/>\n<meta property=\"article:publisher\" content=\"https:\/\/www.facebook.com\/ageninfra\" \/>\n<meta property=\"article:published_time\" content=\"2024-03-02T12:00:00+00:00\" \/>\n<meta property=\"article:modified_time\" content=\"2024-03-03T14:06:35+00:00\" \/>\n<meta property=\"og:image\" content=\"https:\/\/agenciainfra.com\/blog\/wp-content\/uploads\/2024\/02\/serra-das-araras-foto-ccr.jpg\" \/>\n\t<meta property=\"og:image:width\" content=\"1202\" \/>\n\t<meta property=\"og:image:height\" content=\"801\" \/>\n\t<meta property=\"og:image:type\" content=\"image\/jpeg\" \/>\n<meta name=\"author\" content=\"Ag\u00eancia iNFRA\" \/>\n<meta name=\"twitter:card\" content=\"summary_large_image\" \/>\n<meta name=\"twitter:creator\" content=\"@agencia_infra\" \/>\n<meta name=\"twitter:site\" content=\"@agencia_infra\" \/>\n<meta name=\"twitter:label1\" content=\"Escrito por\" \/>\n\t<meta name=\"twitter:data1\" content=\"Ag\u00eancia iNFRA\" \/>\n\t<meta name=\"twitter:label2\" content=\"Est. tempo de leitura\" \/>\n\t<meta name=\"twitter:data2\" content=\"3 minutos\" \/>\n<script type=\"application\/ld+json\" class=\"yoast-schema-graph\">{\"@context\":\"https:\/\/schema.org\",\"@graph\":[{\"@type\":\"Article\",\"@id\":\"https:\/\/agenciainfra.com\/blog\/ccr-riosp-recebe-licenca-ambiental-para-duplicacao-na-serra-das-araras\/#article\",\"isPartOf\":{\"@id\":\"https:\/\/agenciainfra.com\/blog\/ccr-riosp-recebe-licenca-ambiental-para-duplicacao-na-serra-das-araras\/\"},\"author\":{\"name\":\"Ag\u00eancia iNFRA\",\"@id\":\"https:\/\/agenciainfra.com\/blog\/#\/schema\/person\/34af08dff6adea4cb22b06612ba7acfa\"},\"headline\":\"CCR RioSP recebe licen\u00e7a ambiental para duplica\u00e7\u00e3o na Serra das Araras\",\"datePublished\":\"2024-03-02T12:00:00+00:00\",\"dateModified\":\"2024-03-03T14:06:35+00:00\",\"mainEntityOfPage\":{\"@id\":\"https:\/\/agenciainfra.com\/blog\/ccr-riosp-recebe-licenca-ambiental-para-duplicacao-na-serra-das-araras\/\"},\"wordCount\":616,\"publisher\":{\"@id\":\"https:\/\/agenciainfra.com\/blog\/#organization\"},\"image\":{\"@id\":\"https:\/\/agenciainfra.com\/blog\/ccr-riosp-recebe-licenca-ambiental-para-duplicacao-na-serra-das-araras\/#primaryimage\"},\"thumbnailUrl\":\"https:\/\/agenciainfra.com\/blog\/wp-content\/uploads\/2024\/02\/serra-das-araras-foto-ccr.jpg\",\"keywords\":[\"\u00c1reas de Preserva\u00e7\u00e3o Permanente\",\"CCR\",\"CCR RioSP\",\"concess\u00e3o rodovi\u00e1ria\",\"Conserva\u00e7\u00e3o Ambiental\",\"Elisa Costa\",\"IBGE\",\"Inea\",\"Infraestrutura Vi\u00e1ria\",\"Instituto Estadual do Ambiente\",\"Licen\u00e7a ambiental\",\"log\u00edstica\",\"obras p\u00fablicas\",\"Rio S\u00e3o Paulo\",\"seguran\u00e7a vi\u00e1ria\",\"Serra das Araras\",\"sinaliza\u00e7\u00e3o\",\"tr\u00e1fego\"],\"articleSection\":[\"Destaque lista\",\"Geral\",\"iNFRATransporte\"],\"inLanguage\":\"pt-BR\",\"copyrightYear\":\"2024\",\"copyrightHolder\":{\"@id\":\"https:\/\/agenciainfra.com\/blog\/#organization\"}},{\"@type\":\"WebPage\",\"@id\":\"https:\/\/agenciainfra.com\/blog\/ccr-riosp-recebe-licenca-ambiental-para-duplicacao-na-serra-das-araras\/\",\"url\":\"https:\/\/agenciainfra.com\/blog\/ccr-riosp-recebe-licenca-ambiental-para-duplicacao-na-serra-das-araras\/\",\"name\":\"CCR RioSP recebe licen\u00e7a ambiental para duplica\u00e7\u00e3o na Serra das Araras - Ag\u00eancia iNFRA\",\"isPartOf\":{\"@id\":\"https:\/\/agenciainfra.com\/blog\/#website\"},\"primaryImageOfPage\":{\"@id\":\"https:\/\/agenciainfra.com\/blog\/ccr-riosp-recebe-licenca-ambiental-para-duplicacao-na-serra-das-araras\/#primaryimage\"},\"image\":{\"@id\":\"https:\/\/agenciainfra.com\/blog\/ccr-riosp-recebe-licenca-ambiental-para-duplicacao-na-serra-das-araras\/#primaryimage\"},\"thumbnailUrl\":\"https:\/\/agenciainfra.com\/blog\/wp-content\/uploads\/2024\/02\/serra-das-araras-foto-ccr.jpg\",\"datePublished\":\"2024-03-02T12:00:00+00:00\",\"dateModified\":\"2024-03-03T14:06:35+00:00\",\"breadcrumb\":{\"@id\":\"https:\/\/agenciainfra.com\/blog\/ccr-riosp-recebe-licenca-ambiental-para-duplicacao-na-serra-das-araras\/#breadcrumb\"},\"inLanguage\":\"pt-BR\",\"potentialAction\":[{\"@type\":\"ReadAction\",\"target\":[\"https:\/\/agenciainfra.com\/blog\/ccr-riosp-recebe-licenca-ambiental-para-duplicacao-na-serra-das-araras\/\"]}]},{\"@type\":\"ImageObject\",\"inLanguage\":\"pt-BR\",\"@id\":\"https:\/\/agenciainfra.com\/blog\/ccr-riosp-recebe-licenca-ambiental-para-duplicacao-na-serra-das-araras\/#primaryimage\",\"url\":\"https:\/\/agenciainfra.com\/blog\/wp-content\/uploads\/2024\/02\/serra-das-araras-foto-ccr.jpg\",\"contentUrl\":\"https:\/\/agenciainfra.com\/blog\/wp-content\/uploads\/2024\/02\/serra-das-araras-foto-ccr.jpg\",\"width\":1202,\"height\":801},{\"@type\":\"BreadcrumbList\",\"@id\":\"https:\/\/agenciainfra.com\/blog\/ccr-riosp-recebe-licenca-ambiental-para-duplicacao-na-serra-das-araras\/#breadcrumb\",\"itemListElement\":[{\"@type\":\"ListItem\",\"position\":1,\"name\":\"In\u00edcio\",\"item\":\"https:\/\/agenciainfra.com\/blog\/\"},{\"@type\":\"ListItem\",\"position\":2,\"name\":\"CCR RioSP recebe licen\u00e7a ambiental para duplica\u00e7\u00e3o na Serra das Araras\"}]},{\"@type\":\"WebSite\",\"@id\":\"https:\/\/agenciainfra.com\/blog\/#website\",\"url\":\"https:\/\/agenciainfra.com\/blog\/\",\"name\":\"Ag\u00eancia iNFRA\",\"description\":\"Multiplataforma de informa\u00e7\u00e3o jornal\u00edstica refer\u00eancia na \u00e1rea de infraestrutura no Brasil!\",\"publisher\":{\"@id\":\"https:\/\/agenciainfra.com\/blog\/#organization\"},\"potentialAction\":[{\"@type\":\"SearchAction\",\"target\":{\"@type\":\"EntryPoint\",\"urlTemplate\":\"https:\/\/agenciainfra.com\/blog\/?s={search_term_string}\"},\"query-input\":{\"@type\":\"PropertyValueSpecification\",\"valueRequired\":true,\"valueName\":\"search_term_string\"}}],\"inLanguage\":\"pt-BR\"},{\"@type\":\"Organization\",\"@id\":\"https:\/\/agenciainfra.com\/blog\/#organization\",\"name\":\"Ag\u00eancia iNFRA\",\"url\":\"https:\/\/agenciainfra.com\/blog\/\",\"logo\":{\"@type\":\"ImageObject\",\"inLanguage\":\"pt-BR\",\"@id\":\"https:\/\/agenciainfra.com\/blog\/#\/schema\/logo\/image\/\",\"url\":\"https:\/\/agenciainfra.com\/blog\/wp-content\/uploads\/2023\/09\/iNFRA_5-e1761735885940.png\",\"contentUrl\":\"https:\/\/agenciainfra.com\/blog\/wp-content\/uploads\/2023\/09\/iNFRA_5-e1761735885940.png\",\"width\":1672,\"height\":454,\"caption\":\"Ag\u00eancia iNFRA\"},\"image\":{\"@id\":\"https:\/\/agenciainfra.com\/blog\/#\/schema\/logo\/image\/\"},\"sameAs\":[\"https:\/\/www.facebook.com\/ageninfra\",\"https:\/\/x.com\/agencia_infra\",\"https:\/\/www.linkedin.com\/company\/ag\u00eanciainfra\/\",\"https:\/\/www.instagram.com\/agenciainfra\/\"]},{\"@type\":\"Person\",\"@id\":\"https:\/\/agenciainfra.com\/blog\/#\/schema\/person\/34af08dff6adea4cb22b06612ba7acfa\",\"name\":\"Ag\u00eancia iNFRA\",\"image\":{\"@type\":\"ImageObject\",\"inLanguage\":\"pt-BR\",\"@id\":\"https:\/\/agenciainfra.com\/blog\/#\/schema\/person\/image\/\",\"url\":\"https:\/\/secure.gravatar.com\/avatar\/d189e01678f06d8eb84d4e01f08eb848b3fffe3f8443818d3c356c66892f5be8?s=96&d=mm&r=g\",\"contentUrl\":\"https:\/\/secure.gravatar.com\/avatar\/d189e01678f06d8eb84d4e01f08eb848b3fffe3f8443818d3c356c66892f5be8?s=96&d=mm&r=g\",\"caption\":\"Ag\u00eancia iNFRA\"},\"url\":\"https:\/\/agenciainfra.com\/blog\/author\/admin\/\"}]}<\/script>\n<!-- \/ Yoast SEO Premium plugin. -->","yoast_head_json":{"title":"CCR RioSP recebe licen\u00e7a ambiental para duplica\u00e7\u00e3o na Serra das Araras - Ag\u00eancia iNFRA","robots":{"index":"index","follow":"follow","max-snippet":"max-snippet:-1","max-image-preview":"max-image-preview:large","max-video-preview":"max-video-preview:-1"},"canonical":"https:\/\/agenciainfra.com\/blog\/ccr-riosp-recebe-licenca-ambiental-para-duplicacao-na-serra-das-araras\/","og_locale":"pt_BR","og_type":"article","og_title":"CCR RioSP recebe licen\u00e7a ambiental para duplica\u00e7\u00e3o na Serra das Araras","og_description":"Elisa Costa, da Ag\u00eancia iNFRA O Inea (Instituto Estadual do Ambiente) do Rio de Janeiro concedeu\u00a0licen\u00e7a\u00a0\u00e0 Concession\u00e1ria do Sistema Rodovi\u00e1rio Rio-S\u00e3o Paulo\u00a0para\u00a0obras de\u00a0duplica\u00e7\u00e3o\u00a0da\u00a0Serra\u00a0das\u00a0Araras,\u00a0na\u00a0rodovia Presidente Dutra (BR-116). O documento prev\u00ea ajustes necess\u00e1rios nas estruturas existentes bem como a autoriza\u00e7\u00e3o\u00a0para\u00a0coleta, captura, manejo e transporte da fauna silvestre. Ap\u00f3s a emiss\u00e3o, a concession\u00e1ria deve informar imediatamente \u00e0\u00a0sociedade, principalmente [&hellip;]","og_url":"https:\/\/agenciainfra.com\/blog\/ccr-riosp-recebe-licenca-ambiental-para-duplicacao-na-serra-das-araras\/","og_site_name":"Ag\u00eancia iNFRA","article_publisher":"https:\/\/www.facebook.com\/ageninfra","article_published_time":"2024-03-02T12:00:00+00:00","article_modified_time":"2024-03-03T14:06:35+00:00","og_image":[{"width":1202,"height":801,"url":"https:\/\/agenciainfra.com\/blog\/wp-content\/uploads\/2024\/02\/serra-das-araras-foto-ccr.jpg","type":"image\/jpeg"}],"author":"Ag\u00eancia iNFRA","twitter_card":"summary_large_image","twitter_creator":"@agencia_infra","twitter_site":"@agencia_infra","twitter_misc":{"Escrito por":"Ag\u00eancia iNFRA","Est. tempo de leitura":"3 minutos"},"schema":{"@context":"https:\/\/schema.org","@graph":[{"@type":"Article","@id":"https:\/\/agenciainfra.com\/blog\/ccr-riosp-recebe-licenca-ambiental-para-duplicacao-na-serra-das-araras\/#article","isPartOf":{"@id":"https:\/\/agenciainfra.com\/blog\/ccr-riosp-recebe-licenca-ambiental-para-duplicacao-na-serra-das-araras\/"},"author":{"name":"Ag\u00eancia iNFRA","@id":"https:\/\/agenciainfra.com\/blog\/#\/schema\/person\/34af08dff6adea4cb22b06612ba7acfa"},"headline":"CCR RioSP recebe licen\u00e7a ambiental para duplica\u00e7\u00e3o na Serra das Araras","datePublished":"2024-03-02T12:00:00+00:00","dateModified":"2024-03-03T14:06:35+00:00","mainEntityOfPage":{"@id":"https:\/\/agenciainfra.com\/blog\/ccr-riosp-recebe-licenca-ambiental-para-duplicacao-na-serra-das-araras\/"},"wordCount":616,"publisher":{"@id":"https:\/\/agenciainfra.com\/blog\/#organization"},"image":{"@id":"https:\/\/agenciainfra.com\/blog\/ccr-riosp-recebe-licenca-ambiental-para-duplicacao-na-serra-das-araras\/#primaryimage"},"thumbnailUrl":"https:\/\/agenciainfra.com\/blog\/wp-content\/uploads\/2024\/02\/serra-das-araras-foto-ccr.jpg","keywords":["\u00c1reas de Preserva\u00e7\u00e3o Permanente","CCR","CCR RioSP","concess\u00e3o rodovi\u00e1ria","Conserva\u00e7\u00e3o Ambiental","Elisa Costa","IBGE","Inea","Infraestrutura Vi\u00e1ria","Instituto Estadual do Ambiente","Licen\u00e7a ambiental","log\u00edstica","obras p\u00fablicas","Rio S\u00e3o Paulo","seguran\u00e7a vi\u00e1ria","Serra das Araras","sinaliza\u00e7\u00e3o","tr\u00e1fego"],"articleSection":["Destaque lista","Geral","iNFRATransporte"],"inLanguage":"pt-BR","copyrightYear":"2024","copyrightHolder":{"@id":"https:\/\/agenciainfra.com\/blog\/#organization"}},{"@type":"WebPage","@id":"https:\/\/agenciainfra.com\/blog\/ccr-riosp-recebe-licenca-ambiental-para-duplicacao-na-serra-das-araras\/","url":"https:\/\/agenciainfra.com\/blog\/ccr-riosp-recebe-licenca-ambiental-para-duplicacao-na-serra-das-araras\/","name":"CCR RioSP recebe licen\u00e7a ambiental para duplica\u00e7\u00e3o na Serra das Araras - Ag\u00eancia iNFRA","isPartOf":{"@id":"https:\/\/agenciainfra.com\/blog\/#website"},"primaryImageOfPage":{"@id":"https:\/\/agenciainfra.com\/blog\/ccr-riosp-recebe-licenca-ambiental-para-duplicacao-na-serra-das-araras\/#primaryimage"},"image":{"@id":"https:\/\/agenciainfra.com\/blog\/ccr-riosp-recebe-licenca-ambiental-para-duplicacao-na-serra-das-araras\/#primaryimage"},"thumbnailUrl":"https:\/\/agenciainfra.com\/blog\/wp-content\/uploads\/2024\/02\/serra-das-araras-foto-ccr.jpg","datePublished":"2024-03-02T12:00:00+00:00","dateModified":"2024-03-03T14:06:35+00:00","breadcrumb":{"@id":"https:\/\/agenciainfra.com\/blog\/ccr-riosp-recebe-licenca-ambiental-para-duplicacao-na-serra-das-araras\/#breadcrumb"},"inLanguage":"pt-BR","potentialAction":[{"@type":"ReadAction","target":["https:\/\/agenciainfra.com\/blog\/ccr-riosp-recebe-licenca-ambiental-para-duplicacao-na-serra-das-araras\/"]}]},{"@type":"ImageObject","inLanguage":"pt-BR","@id":"https:\/\/agenciainfra.com\/blog\/ccr-riosp-recebe-licenca-ambiental-para-duplicacao-na-serra-das-araras\/#primaryimage","url":"https:\/\/agenciainfra.com\/blog\/wp-content\/uploads\/2024\/02\/serra-das-araras-foto-ccr.jpg","contentUrl":"https:\/\/agenciainfra.com\/blog\/wp-content\/uploads\/2024\/02\/serra-das-araras-foto-ccr.jpg","width":1202,"height":801},{"@type":"BreadcrumbList","@id":"https:\/\/agenciainfra.com\/blog\/ccr-riosp-recebe-licenca-ambiental-para-duplicacao-na-serra-das-araras\/#breadcrumb","itemListElement":[{"@type":"ListItem","position":1,"name":"In\u00edcio","item":"https:\/\/agenciainfra.com\/blog\/"},{"@type":"ListItem","position":2,"name":"CCR RioSP recebe licen\u00e7a ambiental para duplica\u00e7\u00e3o na Serra das Araras"}]},{"@type":"WebSite","@id":"https:\/\/agenciainfra.com\/blog\/#website","url":"https:\/\/agenciainfra.com\/blog\/","name":"Ag\u00eancia iNFRA","description":"Multiplataforma de informa\u00e7\u00e3o jornal\u00edstica refer\u00eancia na \u00e1rea de infraestrutura no Brasil!","publisher":{"@id":"https:\/\/agenciainfra.com\/blog\/#organization"},"potentialAction":[{"@type":"SearchAction","target":{"@type":"EntryPoint","urlTemplate":"https:\/\/agenciainfra.com\/blog\/?s={search_term_string}"},"query-input":{"@type":"PropertyValueSpecification","valueRequired":true,"valueName":"search_term_string"}}],"inLanguage":"pt-BR"},{"@type":"Organization","@id":"https:\/\/agenciainfra.com\/blog\/#organization","name":"Ag\u00eancia iNFRA","url":"https:\/\/agenciainfra.com\/blog\/","logo":{"@type":"ImageObject","inLanguage":"pt-BR","@id":"https:\/\/agenciainfra.com\/blog\/#\/schema\/logo\/image\/","url":"https:\/\/agenciainfra.com\/blog\/wp-content\/uploads\/2023\/09\/iNFRA_5-e1761735885940.png","contentUrl":"https:\/\/agenciainfra.com\/blog\/wp-content\/uploads\/2023\/09\/iNFRA_5-e1761735885940.png","width":1672,"height":454,"caption":"Ag\u00eancia iNFRA"},"image":{"@id":"https:\/\/agenciainfra.com\/blog\/#\/schema\/logo\/image\/"},"sameAs":["https:\/\/www.facebook.com\/ageninfra","https:\/\/x.com\/agencia_infra","https:\/\/www.linkedin.com\/company\/ag\u00eanciainfra\/","https:\/\/www.instagram.com\/agenciainfra\/"]},{"@type":"Person","@id":"https:\/\/agenciainfra.com\/blog\/#\/schema\/person\/34af08dff6adea4cb22b06612ba7acfa","name":"Ag\u00eancia iNFRA","image":{"@type":"ImageObject","inLanguage":"pt-BR","@id":"https:\/\/agenciainfra.com\/blog\/#\/schema\/person\/image\/","url":"https:\/\/secure.gravatar.com\/avatar\/d189e01678f06d8eb84d4e01f08eb848b3fffe3f8443818d3c356c66892f5be8?s=96&d=mm&r=g","contentUrl":"https:\/\/secure.gravatar.com\/avatar\/d189e01678f06d8eb84d4e01f08eb848b3fffe3f8443818d3c356c66892f5be8?s=96&d=mm&r=g","caption":"Ag\u00eancia iNFRA"},"url":"https:\/\/agenciainfra.com\/blog\/author\/admin\/"}]}},"_links":{"self":[{"href":"https:\/\/agenciainfra.com\/blog\/wp-json\/wp\/v2\/posts\/15617","targetHints":{"allow":["GET"]}}],"collection":[{"href":"https:\/\/agenciainfra.com\/blog\/wp-json\/wp\/v2\/posts"}],"about":[{"href":"https:\/\/agenciainfra.com\/blog\/wp-json\/wp\/v2\/types\/post"}],"author":[{"embeddable":true,"href":"https:\/\/agenciainfra.com\/blog\/wp-json\/wp\/v2\/users\/1"}],"replies":[{"embeddable":true,"href":"https:\/\/agenciainfra.com\/blog\/wp-json\/wp\/v2\/comments?post=15617"}],"version-history":[{"count":1,"href":"https:\/\/agenciainfra.com\/blog\/wp-json\/wp\/v2\/posts\/15617\/revisions"}],"predecessor-version":[{"id":15619,"href":"https:\/\/agenciainfra.com\/blog\/wp-json\/wp\/v2\/posts\/15617\/revisions\/15619"}],"wp:featuredmedia":[{"embeddable":true,"href":"https:\/\/agenciainfra.com\/blog\/wp-json\/wp\/v2\/media\/15618"}],"wp:attachment":[{"href":"https:\/\/agenciainfra.com\/blog\/wp-json\/wp\/v2\/media?parent=15617"}],"wp:term":[{"taxonomy":"category","embeddable":true,"href":"https:\/\/agenciainfra.com\/blog\/wp-json\/wp\/v2\/categories?post=15617"},{"taxonomy":"post_tag","embeddable":true,"href":"https:\/\/agenciainfra.com\/blog\/wp-json\/wp\/v2\/tags?post=15617"}],"curies":[{"name":"wp","href":"https:\/\/api.w.org\/{rel}","templated":true}]}}