{"id":15624,"date":"2024-03-08T11:00:00","date_gmt":"2024-03-08T14:00:00","guid":{"rendered":"https:\/\/agenciainfra.com\/blog\/?p=15624"},"modified":"2024-02-29T16:03:18","modified_gmt":"2024-02-29T19:03:18","slug":"regulamentacao-do-reidi-para-micro-e-minigeracao-distribuida","status":"publish","type":"post","link":"https:\/\/agenciainfra.com\/blog\/regulamentacao-do-reidi-para-micro-e-minigeracao-distribuida\/","title":{"rendered":"Regulamenta\u00e7\u00e3o do REIDI para micro e minigera\u00e7\u00e3o distribu\u00edda"},"content":{"rendered":"\n<p class=\"has-text-align-right\"><strong>Kau\u00ea Henrique Neto*<\/strong><\/p>\n\n\n\n<p>Ap\u00f3s dois anos de vig\u00eancia desde a edi\u00e7\u00e3o da Lei 14.300\/2022, o MMGD (Marco Legal de Micro e Minigera\u00e7\u00e3o Distribu\u00edda), o MME (Minist\u00e9rio de Minas e Energia) finalmente lan\u00e7ou uma consulta p\u00fablica para divulgar minuta de portaria contendo proposta de procedimentos para a requisi\u00e7\u00e3o de enquadramento de projetos de minigera\u00e7\u00e3o distribu\u00edda no REIDI (Regime Especial de Incentivos para o Desenvolvimento da Infraestrutura), nos termos do par\u00e1grafo \u00fanico do artigo 28 da mencionada lei.\u00a0<\/p>\n\n\n\n<p>O MMGD categorizou os projetos de minigera\u00e7\u00e3o distribu\u00edda de energia el\u00e9trica, com pot\u00eancia de at\u00e9 5MW (megawatt), como projetos de infraestrutura, tornando-os eleg\u00edveis ao REIDI. Esse regime visa suspender a incid\u00eancia de PIS (Programa de Integra\u00e7\u00e3o Social), COFINS (Contribui\u00e7\u00e3o para o Financiamento da Seguridade Social), PIS-Importa\u00e7\u00e3o e COFINS-Importa\u00e7\u00e3o sobre os equipamentos e servi\u00e7os incorporados na usina de energia constru\u00edda.<\/p>\n\n\n\n<p>Desde a edi\u00e7\u00e3o do marco legal, o MME estava encarregado de regulamentar a mat\u00e9ria, o que, aparentemente, est\u00e1 ganhando forma com a instaura\u00e7\u00e3o da consulta p\u00fablica para que o recebimento de sugest\u00f5es do setor energ\u00e9tico, em que os participantes do mercado tiveram a oportunidade de expressar suas opini\u00f5es sobre a regulamenta\u00e7\u00e3o proposta at\u00e9 o dia 26 de fevereiro de 2024.&nbsp;<\/p>\n\n\n\n<p>A portaria em quest\u00e3o traz \u00e0 tona uma s\u00e9rie de aspectos que merecem aten\u00e7\u00e3o, com pontos positivos e desafios. A titularidade simplificada, conforme estabelecido na minuta, elimina obst\u00e1culos relacionados a pareceres de acesso em nome de terceiros, pois basta indicar o futuro titular do projeto, o que facilita o acesso \u00e0 gera\u00e7\u00e3o distribu\u00edda.<\/p>\n\n\n\n<p>A padroniza\u00e7\u00e3o e transpar\u00eancia s\u00e3o igualmente vantajosas. As informa\u00e7\u00f5es solicitadas no formul\u00e1rio de informa\u00e7\u00f5es seguem as diretrizes da Portaria 318\/2018 do MME, algo que o mercado de gera\u00e7\u00e3o centralizada j\u00e1 est\u00e1 habituado a comprovar perante \u00f3rg\u00e3os p\u00fablicos.&nbsp;<\/p>\n\n\n\n<p>O controle da ANEEL (Ag\u00eancia Nacional de Energia El\u00e9trica) tamb\u00e9m \u00e9 um aspecto positivo, pois a portaria permite a padroniza\u00e7\u00e3o dos formul\u00e1rios pela ag\u00eancia e a unifica\u00e7\u00e3o do sistema para protocolar esses documentos. Entretanto, persiste a incerteza sobre quando isso ser\u00e1 efetivamente implementado.<\/p>\n\n\n\n<p>A portaria estabelece prazos para an\u00e1lise dos requerimentos pelas distribuidoras e pela ANEEL, embora n\u00e3o haja uma san\u00e7\u00e3o expl\u00edcita pelo n\u00e3o cumprimento. Essa defini\u00e7\u00e3o de prazos possibilita potencialmente a busca de recursos legais em caso de descumprimento por parte das entidades envolvidas.<\/p>\n\n\n\n<p>Por outro lado, a introdu\u00e7\u00e3o de um passo adicional no procedimento, que requer o envio pr\u00e9vio do requerimento \u00e0 distribuidora antes da an\u00e1lise pela ANEEL, pode resultar em demoras e potenciais conflitos de interesse. Isso adiciona uma camada de burocracia ao processo.<\/p>\n\n\n\n<p>Ainda, a compet\u00eancia de cada distribuidora para criar e disponibilizar seu pr\u00f3prio formul\u00e1rio de informa\u00e7\u00f5es pode levar a modelos diversos em todo o territ\u00f3rio nacional, caso n\u00e3o haja padroniza\u00e7\u00e3o pela ANEEL.&nbsp;<\/p>\n\n\n\n<p>A tabela de limites de refer\u00eancia para investimentos em centrais de minigera\u00e7\u00e3o distribu\u00edda tamb\u00e9m pode impactar projetos com investimentos superiores aos valores estabelecidos, impedindo-os de usufruir dos benef\u00edcios do REIDI.<\/p>\n\n\n\n<p>Por fim, os pedidos de enquadramento ao REIDI apresentados antes da publica\u00e7\u00e3o da portaria ser\u00e3o indeferidos e arquivados pela ANEEL, gerando incertezas para projetos j\u00e1 em andamento, o que pode ser visto como um desafio significativo.&nbsp;<\/p>\n\n\n\n<p>Ainda que a estipula\u00e7\u00e3o de um prazo curto para a an\u00e1lise de enquadramento dos projetos de infraestrutura de minigera\u00e7\u00e3o distribu\u00edda seja um dos pontos favor\u00e1veis do esbo\u00e7o da portaria, faz-se indispens\u00e1vel refletir sobre a capacidade de atendimento desse prazo pelas distribuidoras diante da quantidade de projetos a serem analisados e da necessidade de cria\u00e7\u00e3o de uma \u00e1rea espec\u00edfica com funcion\u00e1rios especializados para o exerc\u00edcio dessa atividade.<\/p>\n\n\n\n<p>Isso pode causar, na pr\u00e1tica, que haja um abarrotamento de casos sem resposta dentro do per\u00edodo estabelecido pela futura norma, o que, geralmente, termina em judicializa\u00e7\u00e3o, principalmente, pelo dano resultante da conclus\u00e3o dos c\u00e9leres projetos de minigera\u00e7\u00e3o sem o aproveitamento do benef\u00edcio.&nbsp;<\/p>\n\n\n\n<p>O que n\u00e3o seria de todo uma grande surpresa, pois sabe-se que os investidores t\u00eam enfrentado grandes desafios para obten\u00e7\u00e3o de or\u00e7amento de conex\u00e3o emitido pelas distribuidoras e o quanto isso tem impactado negativamente o andamento e cumprimento de prazos contratuais de diversos projetos em gera\u00e7\u00e3o distribu\u00edda.&nbsp;<\/p>\n\n\n\n<p>Para al\u00e9m disso, vislumbra-se que haver\u00e1 judicializa\u00e7\u00e3o acerca do indeferimento dos pedidos administrativos de enquadramento dos projetos, os quais foram protocolados na ANEEL durante o lapso temporal sem a dita regulamenta\u00e7\u00e3o, tendo em vista que os investidores que buscaram a obten\u00e7\u00e3o do incentivo fiscal n\u00e3o devem ser lesados em seu direito previsto no MMGD.<\/p>\n\n\n\n<p>Diante desse cen\u00e1rio e do fato de que a atual minuta de portaria est\u00e1 sujeita a modifica\u00e7\u00f5es at\u00e9 a publica\u00e7\u00e3o oficial, \u00e9 de suma relev\u00e2ncia que haja, nesse momento, uma efetiva participa\u00e7\u00e3o do setor energ\u00e9tico e da sociedade civil na discuss\u00e3o dos pontos considerados prejudiciais ao mercado.&nbsp;<\/p>\n\n\n\n<p><strong>*Kau\u00ea Henrique Neto \u00e9 advogado na \u00e1rea tribut\u00e1ria no setor de infraestrutura do Toledo Marchetti Advogados; p\u00f3s-graduado em Direito Tribut\u00e1rio e Empresarial pela Pontif\u00edcia Universidade Cat\u00f3lica de Minas Gerais; e MBA em Gest\u00e3o Tribut\u00e1ria pela Universidade de S\u00e3o Paulo\/Esalq.<\/strong><\/p>\n\n\n\n<h5 class=\"wp-block-heading\" id=\"block-5ef42db3-2ed1-4178-8ab5-7a7f312ba102\">As opini\u00f5es dos autores n\u00e3o refletem necessariamente o pensamento da Ag\u00eancia iNFRA, sendo de total responsabilidade do autor as informa\u00e7\u00f5es, ju\u00edzos de valor e conceitos descritos no texto.<\/h5>\n","protected":false},"excerpt":{"rendered":"<p>Kau\u00ea Henrique Neto* Ap\u00f3s dois anos de vig\u00eancia desde a edi\u00e7\u00e3o da Lei 14.300\/2022, o MMGD (Marco Legal de Micro e Minigera\u00e7\u00e3o Distribu\u00edda), o MME (Minist\u00e9rio de Minas e Energia) finalmente lan\u00e7ou uma consulta p\u00fablica para divulgar minuta de portaria contendo proposta de procedimentos para a requisi\u00e7\u00e3o de enquadramento de projetos de minigera\u00e7\u00e3o distribu\u00edda no [&hellip;]<\/p>\n","protected":false},"author":1,"featured_media":15632,"comment_status":"closed","ping_status":"closed","sticky":false,"template":"","format":"standard","meta":{"_monsterinsights_skip_tracking":false,"_monsterinsights_sitenote_active":false,"_monsterinsights_sitenote_note":"","_monsterinsights_sitenote_category":0,"footnotes":""},"categories":[7250,1,11],"tags":[852,53,345,700,292,282,34,8723,8726,96,71,8724,8727,261,8725],"class_list":["post-15624","post","type-post","status-publish","format-standard","has-post-thumbnail","hentry","category-destaque-lista","category-geral","category-infradebate","tag-agencia-nacional-de-energia-eletrica","tag-aneel","tag-consulta-publica","tag-desenvolvimento","tag-distribuidoras","tag-energia-eletrica","tag-infraestrutura","tag-kaue-henrique-neto","tag-marco-legal-de-micro-e-minigeracao-distribuida","tag-ministerio-de-minas-e-energia","tag-mme","tag-mmgd","tag-regime-especial","tag-reidi","tag-usina"],"yoast_head":"<!-- This site is optimized with the Yoast SEO Premium plugin v25.4 (Yoast SEO v26.0) - https:\/\/yoast.com\/wordpress\/plugins\/seo\/ -->\n<title>Regulamenta\u00e7\u00e3o do REIDI para micro e minigera\u00e7\u00e3o distribu\u00edda - Ag\u00eancia iNFRA<\/title>\n<meta name=\"robots\" content=\"index, follow, max-snippet:-1, max-image-preview:large, max-video-preview:-1\" \/>\n<link rel=\"canonical\" href=\"https:\/\/agenciainfra.com\/blog\/regulamentacao-do-reidi-para-micro-e-minigeracao-distribuida\/\" \/>\n<meta property=\"og:locale\" content=\"pt_BR\" \/>\n<meta property=\"og:type\" content=\"article\" \/>\n<meta property=\"og:title\" content=\"Regulamenta\u00e7\u00e3o do REIDI para micro e minigera\u00e7\u00e3o distribu\u00edda\" \/>\n<meta property=\"og:description\" content=\"Kau\u00ea Henrique Neto* Ap\u00f3s dois anos de vig\u00eancia desde a edi\u00e7\u00e3o da Lei 14.300\/2022, o MMGD (Marco Legal de Micro e Minigera\u00e7\u00e3o Distribu\u00edda), o MME (Minist\u00e9rio de Minas e Energia) finalmente lan\u00e7ou uma consulta p\u00fablica para divulgar minuta de portaria contendo proposta de procedimentos para a requisi\u00e7\u00e3o de enquadramento de projetos de minigera\u00e7\u00e3o distribu\u00edda no [&hellip;]\" \/>\n<meta property=\"og:url\" content=\"https:\/\/agenciainfra.com\/blog\/regulamentacao-do-reidi-para-micro-e-minigeracao-distribuida\/\" \/>\n<meta property=\"og:site_name\" content=\"Ag\u00eancia iNFRA\" \/>\n<meta property=\"article:publisher\" content=\"https:\/\/www.facebook.com\/ageninfra\" \/>\n<meta property=\"article:published_time\" content=\"2024-03-08T14:00:00+00:00\" \/>\n<meta property=\"og:image\" content=\"https:\/\/agenciainfra.com\/blog\/wp-content\/uploads\/2024\/03\/kaue-henrique-neto.png\" \/>\n\t<meta property=\"og:image:width\" content=\"824\" \/>\n\t<meta property=\"og:image:height\" content=\"549\" \/>\n\t<meta property=\"og:image:type\" content=\"image\/png\" \/>\n<meta name=\"author\" content=\"Ag\u00eancia iNFRA\" \/>\n<meta name=\"twitter:card\" content=\"summary_large_image\" \/>\n<meta name=\"twitter:creator\" content=\"@agencia_infra\" \/>\n<meta name=\"twitter:site\" content=\"@agencia_infra\" \/>\n<meta name=\"twitter:label1\" content=\"Escrito por\" \/>\n\t<meta name=\"twitter:data1\" content=\"Ag\u00eancia iNFRA\" \/>\n\t<meta name=\"twitter:label2\" content=\"Est. tempo de leitura\" \/>\n\t<meta name=\"twitter:data2\" content=\"5 minutos\" \/>\n<script type=\"application\/ld+json\" class=\"yoast-schema-graph\">{\"@context\":\"https:\/\/schema.org\",\"@graph\":[{\"@type\":\"Article\",\"@id\":\"https:\/\/agenciainfra.com\/blog\/regulamentacao-do-reidi-para-micro-e-minigeracao-distribuida\/#article\",\"isPartOf\":{\"@id\":\"https:\/\/agenciainfra.com\/blog\/regulamentacao-do-reidi-para-micro-e-minigeracao-distribuida\/\"},\"author\":{\"name\":\"Ag\u00eancia iNFRA\",\"@id\":\"https:\/\/agenciainfra.com\/blog\/#\/schema\/person\/34af08dff6adea4cb22b06612ba7acfa\"},\"headline\":\"Regulamenta\u00e7\u00e3o do REIDI para micro e minigera\u00e7\u00e3o distribu\u00edda\",\"datePublished\":\"2024-03-08T14:00:00+00:00\",\"mainEntityOfPage\":{\"@id\":\"https:\/\/agenciainfra.com\/blog\/regulamentacao-do-reidi-para-micro-e-minigeracao-distribuida\/\"},\"wordCount\":967,\"publisher\":{\"@id\":\"https:\/\/agenciainfra.com\/blog\/#organization\"},\"image\":{\"@id\":\"https:\/\/agenciainfra.com\/blog\/regulamentacao-do-reidi-para-micro-e-minigeracao-distribuida\/#primaryimage\"},\"thumbnailUrl\":\"https:\/\/agenciainfra.com\/blog\/wp-content\/uploads\/2024\/03\/kaue-henrique-neto.png\",\"keywords\":[\"Ag\u00eancia Nacional de Energia El\u00e9trica\",\"ANEEL\",\"consulta p\u00fablica\",\"desenvolvimento\",\"distribuidoras\",\"energia el\u00e9trica\",\"Infraestrutura\",\"Kau\u00ea Henrique Neto\",\"Marco Legal de Micro e Minigera\u00e7\u00e3o Distribu\u00edda\",\"Minist\u00e9rio de Minas e Energia\",\"MME\",\"MMGD\",\"regime especial\",\"REIDI\",\"usina\"],\"articleSection\":[\"Destaque lista\",\"Geral\",\"iNFRADebate\"],\"inLanguage\":\"pt-BR\",\"copyrightYear\":\"2024\",\"copyrightHolder\":{\"@id\":\"https:\/\/agenciainfra.com\/blog\/#organization\"}},{\"@type\":\"WebPage\",\"@id\":\"https:\/\/agenciainfra.com\/blog\/regulamentacao-do-reidi-para-micro-e-minigeracao-distribuida\/\",\"url\":\"https:\/\/agenciainfra.com\/blog\/regulamentacao-do-reidi-para-micro-e-minigeracao-distribuida\/\",\"name\":\"Regulamenta\u00e7\u00e3o do REIDI para micro e minigera\u00e7\u00e3o distribu\u00edda - Ag\u00eancia iNFRA\",\"isPartOf\":{\"@id\":\"https:\/\/agenciainfra.com\/blog\/#website\"},\"primaryImageOfPage\":{\"@id\":\"https:\/\/agenciainfra.com\/blog\/regulamentacao-do-reidi-para-micro-e-minigeracao-distribuida\/#primaryimage\"},\"image\":{\"@id\":\"https:\/\/agenciainfra.com\/blog\/regulamentacao-do-reidi-para-micro-e-minigeracao-distribuida\/#primaryimage\"},\"thumbnailUrl\":\"https:\/\/agenciainfra.com\/blog\/wp-content\/uploads\/2024\/03\/kaue-henrique-neto.png\",\"datePublished\":\"2024-03-08T14:00:00+00:00\",\"breadcrumb\":{\"@id\":\"https:\/\/agenciainfra.com\/blog\/regulamentacao-do-reidi-para-micro-e-minigeracao-distribuida\/#breadcrumb\"},\"inLanguage\":\"pt-BR\",\"potentialAction\":[{\"@type\":\"ReadAction\",\"target\":[\"https:\/\/agenciainfra.com\/blog\/regulamentacao-do-reidi-para-micro-e-minigeracao-distribuida\/\"]}]},{\"@type\":\"ImageObject\",\"inLanguage\":\"pt-BR\",\"@id\":\"https:\/\/agenciainfra.com\/blog\/regulamentacao-do-reidi-para-micro-e-minigeracao-distribuida\/#primaryimage\",\"url\":\"https:\/\/agenciainfra.com\/blog\/wp-content\/uploads\/2024\/03\/kaue-henrique-neto.png\",\"contentUrl\":\"https:\/\/agenciainfra.com\/blog\/wp-content\/uploads\/2024\/03\/kaue-henrique-neto.png\",\"width\":824,\"height\":549},{\"@type\":\"BreadcrumbList\",\"@id\":\"https:\/\/agenciainfra.com\/blog\/regulamentacao-do-reidi-para-micro-e-minigeracao-distribuida\/#breadcrumb\",\"itemListElement\":[{\"@type\":\"ListItem\",\"position\":1,\"name\":\"In\u00edcio\",\"item\":\"https:\/\/agenciainfra.com\/blog\/\"},{\"@type\":\"ListItem\",\"position\":2,\"name\":\"Regulamenta\u00e7\u00e3o do REIDI para micro e minigera\u00e7\u00e3o distribu\u00edda\"}]},{\"@type\":\"WebSite\",\"@id\":\"https:\/\/agenciainfra.com\/blog\/#website\",\"url\":\"https:\/\/agenciainfra.com\/blog\/\",\"name\":\"Ag\u00eancia iNFRA\",\"description\":\"Multiplataforma de informa\u00e7\u00e3o jornal\u00edstica refer\u00eancia na \u00e1rea de infraestrutura no Brasil!\",\"publisher\":{\"@id\":\"https:\/\/agenciainfra.com\/blog\/#organization\"},\"potentialAction\":[{\"@type\":\"SearchAction\",\"target\":{\"@type\":\"EntryPoint\",\"urlTemplate\":\"https:\/\/agenciainfra.com\/blog\/?s={search_term_string}\"},\"query-input\":{\"@type\":\"PropertyValueSpecification\",\"valueRequired\":true,\"valueName\":\"search_term_string\"}}],\"inLanguage\":\"pt-BR\"},{\"@type\":\"Organization\",\"@id\":\"https:\/\/agenciainfra.com\/blog\/#organization\",\"name\":\"Ag\u00eancia iNFRA\",\"url\":\"https:\/\/agenciainfra.com\/blog\/\",\"logo\":{\"@type\":\"ImageObject\",\"inLanguage\":\"pt-BR\",\"@id\":\"https:\/\/agenciainfra.com\/blog\/#\/schema\/logo\/image\/\",\"url\":\"https:\/\/agenciainfra.com\/blog\/wp-content\/uploads\/2023\/09\/iNFRA_5-e1761735885940.png\",\"contentUrl\":\"https:\/\/agenciainfra.com\/blog\/wp-content\/uploads\/2023\/09\/iNFRA_5-e1761735885940.png\",\"width\":1672,\"height\":454,\"caption\":\"Ag\u00eancia iNFRA\"},\"image\":{\"@id\":\"https:\/\/agenciainfra.com\/blog\/#\/schema\/logo\/image\/\"},\"sameAs\":[\"https:\/\/www.facebook.com\/ageninfra\",\"https:\/\/x.com\/agencia_infra\",\"https:\/\/www.linkedin.com\/company\/ag\u00eanciainfra\/\",\"https:\/\/www.instagram.com\/agenciainfra\/\"]},{\"@type\":\"Person\",\"@id\":\"https:\/\/agenciainfra.com\/blog\/#\/schema\/person\/34af08dff6adea4cb22b06612ba7acfa\",\"name\":\"Ag\u00eancia iNFRA\",\"image\":{\"@type\":\"ImageObject\",\"inLanguage\":\"pt-BR\",\"@id\":\"https:\/\/agenciainfra.com\/blog\/#\/schema\/person\/image\/\",\"url\":\"https:\/\/secure.gravatar.com\/avatar\/d189e01678f06d8eb84d4e01f08eb848b3fffe3f8443818d3c356c66892f5be8?s=96&d=mm&r=g\",\"contentUrl\":\"https:\/\/secure.gravatar.com\/avatar\/d189e01678f06d8eb84d4e01f08eb848b3fffe3f8443818d3c356c66892f5be8?s=96&d=mm&r=g\",\"caption\":\"Ag\u00eancia iNFRA\"},\"url\":\"https:\/\/agenciainfra.com\/blog\/author\/admin\/\"}]}<\/script>\n<!-- \/ Yoast SEO Premium plugin. -->","yoast_head_json":{"title":"Regulamenta\u00e7\u00e3o do REIDI para micro e minigera\u00e7\u00e3o distribu\u00edda - Ag\u00eancia iNFRA","robots":{"index":"index","follow":"follow","max-snippet":"max-snippet:-1","max-image-preview":"max-image-preview:large","max-video-preview":"max-video-preview:-1"},"canonical":"https:\/\/agenciainfra.com\/blog\/regulamentacao-do-reidi-para-micro-e-minigeracao-distribuida\/","og_locale":"pt_BR","og_type":"article","og_title":"Regulamenta\u00e7\u00e3o do REIDI para micro e minigera\u00e7\u00e3o distribu\u00edda","og_description":"Kau\u00ea Henrique Neto* Ap\u00f3s dois anos de vig\u00eancia desde a edi\u00e7\u00e3o da Lei 14.300\/2022, o MMGD (Marco Legal de Micro e Minigera\u00e7\u00e3o Distribu\u00edda), o MME (Minist\u00e9rio de Minas e Energia) finalmente lan\u00e7ou uma consulta p\u00fablica para divulgar minuta de portaria contendo proposta de procedimentos para a requisi\u00e7\u00e3o de enquadramento de projetos de minigera\u00e7\u00e3o distribu\u00edda no [&hellip;]","og_url":"https:\/\/agenciainfra.com\/blog\/regulamentacao-do-reidi-para-micro-e-minigeracao-distribuida\/","og_site_name":"Ag\u00eancia iNFRA","article_publisher":"https:\/\/www.facebook.com\/ageninfra","article_published_time":"2024-03-08T14:00:00+00:00","og_image":[{"width":824,"height":549,"url":"https:\/\/agenciainfra.com\/blog\/wp-content\/uploads\/2024\/03\/kaue-henrique-neto.png","type":"image\/png"}],"author":"Ag\u00eancia iNFRA","twitter_card":"summary_large_image","twitter_creator":"@agencia_infra","twitter_site":"@agencia_infra","twitter_misc":{"Escrito por":"Ag\u00eancia iNFRA","Est. tempo de leitura":"5 minutos"},"schema":{"@context":"https:\/\/schema.org","@graph":[{"@type":"Article","@id":"https:\/\/agenciainfra.com\/blog\/regulamentacao-do-reidi-para-micro-e-minigeracao-distribuida\/#article","isPartOf":{"@id":"https:\/\/agenciainfra.com\/blog\/regulamentacao-do-reidi-para-micro-e-minigeracao-distribuida\/"},"author":{"name":"Ag\u00eancia iNFRA","@id":"https:\/\/agenciainfra.com\/blog\/#\/schema\/person\/34af08dff6adea4cb22b06612ba7acfa"},"headline":"Regulamenta\u00e7\u00e3o do REIDI para micro e minigera\u00e7\u00e3o distribu\u00edda","datePublished":"2024-03-08T14:00:00+00:00","mainEntityOfPage":{"@id":"https:\/\/agenciainfra.com\/blog\/regulamentacao-do-reidi-para-micro-e-minigeracao-distribuida\/"},"wordCount":967,"publisher":{"@id":"https:\/\/agenciainfra.com\/blog\/#organization"},"image":{"@id":"https:\/\/agenciainfra.com\/blog\/regulamentacao-do-reidi-para-micro-e-minigeracao-distribuida\/#primaryimage"},"thumbnailUrl":"https:\/\/agenciainfra.com\/blog\/wp-content\/uploads\/2024\/03\/kaue-henrique-neto.png","keywords":["Ag\u00eancia Nacional de Energia El\u00e9trica","ANEEL","consulta p\u00fablica","desenvolvimento","distribuidoras","energia el\u00e9trica","Infraestrutura","Kau\u00ea Henrique Neto","Marco Legal de Micro e Minigera\u00e7\u00e3o Distribu\u00edda","Minist\u00e9rio de Minas e Energia","MME","MMGD","regime especial","REIDI","usina"],"articleSection":["Destaque lista","Geral","iNFRADebate"],"inLanguage":"pt-BR","copyrightYear":"2024","copyrightHolder":{"@id":"https:\/\/agenciainfra.com\/blog\/#organization"}},{"@type":"WebPage","@id":"https:\/\/agenciainfra.com\/blog\/regulamentacao-do-reidi-para-micro-e-minigeracao-distribuida\/","url":"https:\/\/agenciainfra.com\/blog\/regulamentacao-do-reidi-para-micro-e-minigeracao-distribuida\/","name":"Regulamenta\u00e7\u00e3o do REIDI para micro e minigera\u00e7\u00e3o distribu\u00edda - Ag\u00eancia iNFRA","isPartOf":{"@id":"https:\/\/agenciainfra.com\/blog\/#website"},"primaryImageOfPage":{"@id":"https:\/\/agenciainfra.com\/blog\/regulamentacao-do-reidi-para-micro-e-minigeracao-distribuida\/#primaryimage"},"image":{"@id":"https:\/\/agenciainfra.com\/blog\/regulamentacao-do-reidi-para-micro-e-minigeracao-distribuida\/#primaryimage"},"thumbnailUrl":"https:\/\/agenciainfra.com\/blog\/wp-content\/uploads\/2024\/03\/kaue-henrique-neto.png","datePublished":"2024-03-08T14:00:00+00:00","breadcrumb":{"@id":"https:\/\/agenciainfra.com\/blog\/regulamentacao-do-reidi-para-micro-e-minigeracao-distribuida\/#breadcrumb"},"inLanguage":"pt-BR","potentialAction":[{"@type":"ReadAction","target":["https:\/\/agenciainfra.com\/blog\/regulamentacao-do-reidi-para-micro-e-minigeracao-distribuida\/"]}]},{"@type":"ImageObject","inLanguage":"pt-BR","@id":"https:\/\/agenciainfra.com\/blog\/regulamentacao-do-reidi-para-micro-e-minigeracao-distribuida\/#primaryimage","url":"https:\/\/agenciainfra.com\/blog\/wp-content\/uploads\/2024\/03\/kaue-henrique-neto.png","contentUrl":"https:\/\/agenciainfra.com\/blog\/wp-content\/uploads\/2024\/03\/kaue-henrique-neto.png","width":824,"height":549},{"@type":"BreadcrumbList","@id":"https:\/\/agenciainfra.com\/blog\/regulamentacao-do-reidi-para-micro-e-minigeracao-distribuida\/#breadcrumb","itemListElement":[{"@type":"ListItem","position":1,"name":"In\u00edcio","item":"https:\/\/agenciainfra.com\/blog\/"},{"@type":"ListItem","position":2,"name":"Regulamenta\u00e7\u00e3o do REIDI para micro e minigera\u00e7\u00e3o distribu\u00edda"}]},{"@type":"WebSite","@id":"https:\/\/agenciainfra.com\/blog\/#website","url":"https:\/\/agenciainfra.com\/blog\/","name":"Ag\u00eancia iNFRA","description":"Multiplataforma de informa\u00e7\u00e3o jornal\u00edstica refer\u00eancia na \u00e1rea de infraestrutura no Brasil!","publisher":{"@id":"https:\/\/agenciainfra.com\/blog\/#organization"},"potentialAction":[{"@type":"SearchAction","target":{"@type":"EntryPoint","urlTemplate":"https:\/\/agenciainfra.com\/blog\/?s={search_term_string}"},"query-input":{"@type":"PropertyValueSpecification","valueRequired":true,"valueName":"search_term_string"}}],"inLanguage":"pt-BR"},{"@type":"Organization","@id":"https:\/\/agenciainfra.com\/blog\/#organization","name":"Ag\u00eancia iNFRA","url":"https:\/\/agenciainfra.com\/blog\/","logo":{"@type":"ImageObject","inLanguage":"pt-BR","@id":"https:\/\/agenciainfra.com\/blog\/#\/schema\/logo\/image\/","url":"https:\/\/agenciainfra.com\/blog\/wp-content\/uploads\/2023\/09\/iNFRA_5-e1761735885940.png","contentUrl":"https:\/\/agenciainfra.com\/blog\/wp-content\/uploads\/2023\/09\/iNFRA_5-e1761735885940.png","width":1672,"height":454,"caption":"Ag\u00eancia iNFRA"},"image":{"@id":"https:\/\/agenciainfra.com\/blog\/#\/schema\/logo\/image\/"},"sameAs":["https:\/\/www.facebook.com\/ageninfra","https:\/\/x.com\/agencia_infra","https:\/\/www.linkedin.com\/company\/ag\u00eanciainfra\/","https:\/\/www.instagram.com\/agenciainfra\/"]},{"@type":"Person","@id":"https:\/\/agenciainfra.com\/blog\/#\/schema\/person\/34af08dff6adea4cb22b06612ba7acfa","name":"Ag\u00eancia iNFRA","image":{"@type":"ImageObject","inLanguage":"pt-BR","@id":"https:\/\/agenciainfra.com\/blog\/#\/schema\/person\/image\/","url":"https:\/\/secure.gravatar.com\/avatar\/d189e01678f06d8eb84d4e01f08eb848b3fffe3f8443818d3c356c66892f5be8?s=96&d=mm&r=g","contentUrl":"https:\/\/secure.gravatar.com\/avatar\/d189e01678f06d8eb84d4e01f08eb848b3fffe3f8443818d3c356c66892f5be8?s=96&d=mm&r=g","caption":"Ag\u00eancia iNFRA"},"url":"https:\/\/agenciainfra.com\/blog\/author\/admin\/"}]}},"_links":{"self":[{"href":"https:\/\/agenciainfra.com\/blog\/wp-json\/wp\/v2\/posts\/15624","targetHints":{"allow":["GET"]}}],"collection":[{"href":"https:\/\/agenciainfra.com\/blog\/wp-json\/wp\/v2\/posts"}],"about":[{"href":"https:\/\/agenciainfra.com\/blog\/wp-json\/wp\/v2\/types\/post"}],"author":[{"embeddable":true,"href":"https:\/\/agenciainfra.com\/blog\/wp-json\/wp\/v2\/users\/1"}],"replies":[{"embeddable":true,"href":"https:\/\/agenciainfra.com\/blog\/wp-json\/wp\/v2\/comments?post=15624"}],"version-history":[{"count":1,"href":"https:\/\/agenciainfra.com\/blog\/wp-json\/wp\/v2\/posts\/15624\/revisions"}],"predecessor-version":[{"id":15631,"href":"https:\/\/agenciainfra.com\/blog\/wp-json\/wp\/v2\/posts\/15624\/revisions\/15631"}],"wp:featuredmedia":[{"embeddable":true,"href":"https:\/\/agenciainfra.com\/blog\/wp-json\/wp\/v2\/media\/15632"}],"wp:attachment":[{"href":"https:\/\/agenciainfra.com\/blog\/wp-json\/wp\/v2\/media?parent=15624"}],"wp:term":[{"taxonomy":"category","embeddable":true,"href":"https:\/\/agenciainfra.com\/blog\/wp-json\/wp\/v2\/categories?post=15624"},{"taxonomy":"post_tag","embeddable":true,"href":"https:\/\/agenciainfra.com\/blog\/wp-json\/wp\/v2\/tags?post=15624"}],"curies":[{"name":"wp","href":"https:\/\/api.w.org\/{rel}","templated":true}]}}