{"id":1563,"date":"2018-05-01T07:30:41","date_gmt":"2018-05-01T10:30:41","guid":{"rendered":"http:\/\/www.agenciainfra.com\/blog\/?p=1563"},"modified":"2018-05-01T23:05:57","modified_gmt":"2018-05-02T02:05:57","slug":"infraero-so-tera-mudanca-de-modelo-na-proxima-gestao-segundo-secretario-de-aviacao-civil","status":"publish","type":"post","link":"https:\/\/agenciainfra.com\/blog\/infraero-so-tera-mudanca-de-modelo-na-proxima-gestao-segundo-secretario-de-aviacao-civil\/","title":{"rendered":"Infraero s\u00f3 ter\u00e1 mudan\u00e7a de modelo na pr\u00f3xima gest\u00e3o, segundo secret\u00e1rio de Avia\u00e7\u00e3o Civil"},"content":{"rendered":"<p>&nbsp;<\/p>\n<h5 style=\"text-align: right;\"><strong>Dimmi Amora, da Ag\u00eancia INFRA<\/strong><\/h5>\n<div>\n<p dir=\"ltr\">A privatiza\u00e7\u00e3o ou qualquer outra mudan\u00e7a no modelo de gest\u00e3o da Infraero, se ocorrer, n\u00e3o ser\u00e1 realizada no atual governo. Foi o que afirmou o secret\u00e1rio Nacional de Avia\u00e7\u00e3o Civil do Minist\u00e9rio dos Transportes, Portos e Avia\u00e7\u00e3o Civil, Dario Rais Lopes, na quinta-feira (26), em Bras\u00edlia.<\/p>\n<p>Lopes participava da abertura do Airport Infra Expo 2018 e afirmou, durante palestra, que diferentes \u00f3rg\u00e3os do governo est\u00e3o elaborando estudos sobre o que fazer com a empresa ap\u00f3s o processo de privatiza\u00e7\u00e3o dos aeroportos. Caso a pr\u00f3xima etapa de concess\u00f5es seja realizada, com a transfer\u00eancia administrativa de 13 aeroportos, 70% dos passageiros passar\u00e3o a utilizar terminais concedidos. Mas a Infraero ainda ficar\u00e1 com outras 41 unidades para gerir.<\/p>\n<p>&#8220;De vez em quando, algum esp\u00edrito sem luz vaza para a imprensa essas not\u00edcias [sobre as possibilidades apontadas nos estudos]. Esse governo n\u00e3o vai fazer nada disso [novas possibilidades de gest\u00e3o da empresa]. Vai preparar estudos e, na transi\u00e7\u00e3o de governo, vamos mostrar as alternativas&#8221;, afirmou Lopes, lembrando que qualquer solu\u00e7\u00e3o levar\u00e1 entre um ano e meio de dois anos para ser implementada.<\/p>\n<p>Lopes apontou sua posi\u00e7\u00e3o pessoal sobre o processo. Segundo ele, o pa\u00eds n\u00e3o pode prescindir de uma empresa p\u00fablica de gest\u00e3o de aeroportos, o que \u00e9 contra a privatiza\u00e7\u00e3o total da empresa, uma das possibilidades estudadas. Segundo ele, tamb\u00e9m seria &#8220;cretino&#8221; deixar a Infraero s\u00f3 com &#8220;problemas&#8221;. Ou seja, aeroportos deficit\u00e1rios.<\/p>\n<p>O secret\u00e1rio lembrou ainda que a solu\u00e7\u00e3o para a estatal \u00e9 necess\u00e1ria para a continuidade do programa de concess\u00f5es aeroportu\u00e1rias que, na concep\u00e7\u00e3o dele, deixou de ser uma iniciativa de governo para ser um programa de Estado.<\/p>\n<\/div>\n","protected":false},"excerpt":{"rendered":"<p>&nbsp; Dimmi Amora, da Ag\u00eancia INFRA A privatiza\u00e7\u00e3o ou qualquer outra mudan\u00e7a no modelo de gest\u00e3o da Infraero, se ocorrer, n\u00e3o ser\u00e1 realizada no atual governo. Foi o que afirmou o secret\u00e1rio Nacional de Avia\u00e7\u00e3o Civil do Minist\u00e9rio dos Transportes, Portos e Avia\u00e7\u00e3o Civil, Dario Rais Lopes, na quinta-feira (26), em Bras\u00edlia. Lopes participava da [&hellip;]<\/p>\n","protected":false},"author":1,"featured_media":1585,"comment_status":"closed","ping_status":"open","sticky":false,"template":"","format":"standard","meta":{"_monsterinsights_skip_tracking":false,"_monsterinsights_sitenote_active":false,"_monsterinsights_sitenote_note":"","_monsterinsights_sitenote_category":0,"footnotes":""},"categories":[7],"tags":[107,199,61,51],"class_list":["post-1563","post","type-post","status-publish","format-standard","has-post-thumbnail","hentry","category-infratransporte","tag-aeroportos","tag-airport-infra-expo-2018","tag-infraero","tag-privatizacao"],"yoast_head":"<!-- This site is optimized with the Yoast SEO Premium plugin v25.4 (Yoast SEO v26.0) - https:\/\/yoast.com\/wordpress\/plugins\/seo\/ -->\n<title>Infraero s\u00f3 ter\u00e1 mudan\u00e7a de modelo na pr\u00f3xima gest\u00e3o, segundo secret\u00e1rio de Avia\u00e7\u00e3o Civil - Ag\u00eancia iNFRA<\/title>\n<meta name=\"robots\" content=\"index, follow, max-snippet:-1, max-image-preview:large, max-video-preview:-1\" \/>\n<link rel=\"canonical\" href=\"https:\/\/agenciainfra.com\/blog\/infraero-so-tera-mudanca-de-modelo-na-proxima-gestao-segundo-secretario-de-aviacao-civil\/\" \/>\n<meta property=\"og:locale\" content=\"pt_BR\" \/>\n<meta property=\"og:type\" content=\"article\" \/>\n<meta property=\"og:title\" content=\"Infraero s\u00f3 ter\u00e1 mudan\u00e7a de modelo na pr\u00f3xima gest\u00e3o, segundo secret\u00e1rio de Avia\u00e7\u00e3o Civil\" \/>\n<meta property=\"og:description\" content=\"&nbsp; Dimmi Amora, da Ag\u00eancia INFRA A privatiza\u00e7\u00e3o ou qualquer outra mudan\u00e7a no modelo de gest\u00e3o da Infraero, se ocorrer, n\u00e3o ser\u00e1 realizada no atual governo. Foi o que afirmou o secret\u00e1rio Nacional de Avia\u00e7\u00e3o Civil do Minist\u00e9rio dos Transportes, Portos e Avia\u00e7\u00e3o Civil, Dario Rais Lopes, na quinta-feira (26), em Bras\u00edlia. Lopes participava da [&hellip;]\" \/>\n<meta property=\"og:url\" content=\"https:\/\/agenciainfra.com\/blog\/infraero-so-tera-mudanca-de-modelo-na-proxima-gestao-segundo-secretario-de-aviacao-civil\/\" \/>\n<meta property=\"og:site_name\" content=\"Ag\u00eancia iNFRA\" \/>\n<meta property=\"article:publisher\" content=\"https:\/\/www.facebook.com\/ageninfra\" \/>\n<meta property=\"article:published_time\" content=\"2018-05-01T10:30:41+00:00\" \/>\n<meta property=\"article:modified_time\" content=\"2018-05-02T02:05:57+00:00\" \/>\n<meta property=\"og:image\" content=\"https:\/\/agenciainfra.com\/blog\/wp-content\/uploads\/2018\/05\/Dario-Rais-Lopes-e1525226729281.jpg\" \/>\n\t<meta property=\"og:image:width\" content=\"760\" \/>\n\t<meta property=\"og:image:height\" content=\"473\" \/>\n\t<meta property=\"og:image:type\" content=\"image\/jpeg\" \/>\n<meta name=\"author\" content=\"Ag\u00eancia iNFRA\" \/>\n<meta name=\"twitter:card\" content=\"summary_large_image\" \/>\n<meta name=\"twitter:creator\" content=\"@agencia_infra\" \/>\n<meta name=\"twitter:site\" content=\"@agencia_infra\" \/>\n<meta name=\"twitter:label1\" content=\"Escrito por\" \/>\n\t<meta name=\"twitter:data1\" content=\"Ag\u00eancia iNFRA\" \/>\n\t<meta name=\"twitter:label2\" content=\"Est. tempo de leitura\" \/>\n\t<meta name=\"twitter:data2\" content=\"2 minutos\" \/>\n<script type=\"application\/ld+json\" class=\"yoast-schema-graph\">{\"@context\":\"https:\/\/schema.org\",\"@graph\":[{\"@type\":\"Article\",\"@id\":\"https:\/\/agenciainfra.com\/blog\/infraero-so-tera-mudanca-de-modelo-na-proxima-gestao-segundo-secretario-de-aviacao-civil\/#article\",\"isPartOf\":{\"@id\":\"https:\/\/agenciainfra.com\/blog\/infraero-so-tera-mudanca-de-modelo-na-proxima-gestao-segundo-secretario-de-aviacao-civil\/\"},\"author\":{\"name\":\"Ag\u00eancia iNFRA\",\"@id\":\"https:\/\/agenciainfra.com\/blog\/#\/schema\/person\/34af08dff6adea4cb22b06612ba7acfa\"},\"headline\":\"Infraero s\u00f3 ter\u00e1 mudan\u00e7a de modelo na pr\u00f3xima gest\u00e3o, segundo secret\u00e1rio de Avia\u00e7\u00e3o Civil\",\"datePublished\":\"2018-05-01T10:30:41+00:00\",\"dateModified\":\"2018-05-02T02:05:57+00:00\",\"mainEntityOfPage\":{\"@id\":\"https:\/\/agenciainfra.com\/blog\/infraero-so-tera-mudanca-de-modelo-na-proxima-gestao-segundo-secretario-de-aviacao-civil\/\"},\"wordCount\":322,\"publisher\":{\"@id\":\"https:\/\/agenciainfra.com\/blog\/#organization\"},\"image\":{\"@id\":\"https:\/\/agenciainfra.com\/blog\/infraero-so-tera-mudanca-de-modelo-na-proxima-gestao-segundo-secretario-de-aviacao-civil\/#primaryimage\"},\"thumbnailUrl\":\"https:\/\/agenciainfra.com\/blog\/wp-content\/uploads\/2018\/05\/Dario-Rais-Lopes-e1525226729281.jpg\",\"keywords\":[\"aeroportos\",\"Airport Infra Expo 2018\",\"Infraero\",\"Privatiza\u00e7\u00e3o\"],\"articleSection\":[\"iNFRATransporte\"],\"inLanguage\":\"pt-BR\",\"copyrightYear\":\"2018\",\"copyrightHolder\":{\"@id\":\"https:\/\/agenciainfra.com\/blog\/#organization\"}},{\"@type\":\"WebPage\",\"@id\":\"https:\/\/agenciainfra.com\/blog\/infraero-so-tera-mudanca-de-modelo-na-proxima-gestao-segundo-secretario-de-aviacao-civil\/\",\"url\":\"https:\/\/agenciainfra.com\/blog\/infraero-so-tera-mudanca-de-modelo-na-proxima-gestao-segundo-secretario-de-aviacao-civil\/\",\"name\":\"Infraero s\u00f3 ter\u00e1 mudan\u00e7a de modelo na pr\u00f3xima gest\u00e3o, segundo secret\u00e1rio de Avia\u00e7\u00e3o Civil - Ag\u00eancia iNFRA\",\"isPartOf\":{\"@id\":\"https:\/\/agenciainfra.com\/blog\/#website\"},\"primaryImageOfPage\":{\"@id\":\"https:\/\/agenciainfra.com\/blog\/infraero-so-tera-mudanca-de-modelo-na-proxima-gestao-segundo-secretario-de-aviacao-civil\/#primaryimage\"},\"image\":{\"@id\":\"https:\/\/agenciainfra.com\/blog\/infraero-so-tera-mudanca-de-modelo-na-proxima-gestao-segundo-secretario-de-aviacao-civil\/#primaryimage\"},\"thumbnailUrl\":\"https:\/\/agenciainfra.com\/blog\/wp-content\/uploads\/2018\/05\/Dario-Rais-Lopes-e1525226729281.jpg\",\"datePublished\":\"2018-05-01T10:30:41+00:00\",\"dateModified\":\"2018-05-02T02:05:57+00:00\",\"breadcrumb\":{\"@id\":\"https:\/\/agenciainfra.com\/blog\/infraero-so-tera-mudanca-de-modelo-na-proxima-gestao-segundo-secretario-de-aviacao-civil\/#breadcrumb\"},\"inLanguage\":\"pt-BR\",\"potentialAction\":[{\"@type\":\"ReadAction\",\"target\":[\"https:\/\/agenciainfra.com\/blog\/infraero-so-tera-mudanca-de-modelo-na-proxima-gestao-segundo-secretario-de-aviacao-civil\/\"]}]},{\"@type\":\"ImageObject\",\"inLanguage\":\"pt-BR\",\"@id\":\"https:\/\/agenciainfra.com\/blog\/infraero-so-tera-mudanca-de-modelo-na-proxima-gestao-segundo-secretario-de-aviacao-civil\/#primaryimage\",\"url\":\"https:\/\/agenciainfra.com\/blog\/wp-content\/uploads\/2018\/05\/Dario-Rais-Lopes-e1525226729281.jpg\",\"contentUrl\":\"https:\/\/agenciainfra.com\/blog\/wp-content\/uploads\/2018\/05\/Dario-Rais-Lopes-e1525226729281.jpg\",\"width\":760,\"height\":473},{\"@type\":\"BreadcrumbList\",\"@id\":\"https:\/\/agenciainfra.com\/blog\/infraero-so-tera-mudanca-de-modelo-na-proxima-gestao-segundo-secretario-de-aviacao-civil\/#breadcrumb\",\"itemListElement\":[{\"@type\":\"ListItem\",\"position\":1,\"name\":\"In\u00edcio\",\"item\":\"https:\/\/agenciainfra.com\/blog\/\"},{\"@type\":\"ListItem\",\"position\":2,\"name\":\"Infraero s\u00f3 ter\u00e1 mudan\u00e7a de modelo na pr\u00f3xima gest\u00e3o, segundo secret\u00e1rio de Avia\u00e7\u00e3o Civil\"}]},{\"@type\":\"WebSite\",\"@id\":\"https:\/\/agenciainfra.com\/blog\/#website\",\"url\":\"https:\/\/agenciainfra.com\/blog\/\",\"name\":\"Ag\u00eancia iNFRA\",\"description\":\"Multiplataforma de informa\u00e7\u00e3o jornal\u00edstica refer\u00eancia na \u00e1rea de infraestrutura no Brasil!\",\"publisher\":{\"@id\":\"https:\/\/agenciainfra.com\/blog\/#organization\"},\"potentialAction\":[{\"@type\":\"SearchAction\",\"target\":{\"@type\":\"EntryPoint\",\"urlTemplate\":\"https:\/\/agenciainfra.com\/blog\/?s={search_term_string}\"},\"query-input\":{\"@type\":\"PropertyValueSpecification\",\"valueRequired\":true,\"valueName\":\"search_term_string\"}}],\"inLanguage\":\"pt-BR\"},{\"@type\":\"Organization\",\"@id\":\"https:\/\/agenciainfra.com\/blog\/#organization\",\"name\":\"Ag\u00eancia iNFRA\",\"url\":\"https:\/\/agenciainfra.com\/blog\/\",\"logo\":{\"@type\":\"ImageObject\",\"inLanguage\":\"pt-BR\",\"@id\":\"https:\/\/agenciainfra.com\/blog\/#\/schema\/logo\/image\/\",\"url\":\"https:\/\/agenciainfra.com\/blog\/wp-content\/uploads\/2023\/09\/iNFRA_5-e1761735885940.png\",\"contentUrl\":\"https:\/\/agenciainfra.com\/blog\/wp-content\/uploads\/2023\/09\/iNFRA_5-e1761735885940.png\",\"width\":1672,\"height\":454,\"caption\":\"Ag\u00eancia iNFRA\"},\"image\":{\"@id\":\"https:\/\/agenciainfra.com\/blog\/#\/schema\/logo\/image\/\"},\"sameAs\":[\"https:\/\/www.facebook.com\/ageninfra\",\"https:\/\/x.com\/agencia_infra\",\"https:\/\/www.linkedin.com\/company\/ag\u00eanciainfra\/\",\"https:\/\/www.instagram.com\/agenciainfra\/\"]},{\"@type\":\"Person\",\"@id\":\"https:\/\/agenciainfra.com\/blog\/#\/schema\/person\/34af08dff6adea4cb22b06612ba7acfa\",\"name\":\"Ag\u00eancia iNFRA\",\"image\":{\"@type\":\"ImageObject\",\"inLanguage\":\"pt-BR\",\"@id\":\"https:\/\/agenciainfra.com\/blog\/#\/schema\/person\/image\/\",\"url\":\"https:\/\/secure.gravatar.com\/avatar\/d189e01678f06d8eb84d4e01f08eb848b3fffe3f8443818d3c356c66892f5be8?s=96&d=mm&r=g\",\"contentUrl\":\"https:\/\/secure.gravatar.com\/avatar\/d189e01678f06d8eb84d4e01f08eb848b3fffe3f8443818d3c356c66892f5be8?s=96&d=mm&r=g\",\"caption\":\"Ag\u00eancia iNFRA\"},\"url\":\"https:\/\/agenciainfra.com\/blog\/author\/admin\/\"}]}<\/script>\n<!-- \/ Yoast SEO Premium plugin. -->","yoast_head_json":{"title":"Infraero s\u00f3 ter\u00e1 mudan\u00e7a de modelo na pr\u00f3xima gest\u00e3o, segundo secret\u00e1rio de Avia\u00e7\u00e3o Civil - Ag\u00eancia iNFRA","robots":{"index":"index","follow":"follow","max-snippet":"max-snippet:-1","max-image-preview":"max-image-preview:large","max-video-preview":"max-video-preview:-1"},"canonical":"https:\/\/agenciainfra.com\/blog\/infraero-so-tera-mudanca-de-modelo-na-proxima-gestao-segundo-secretario-de-aviacao-civil\/","og_locale":"pt_BR","og_type":"article","og_title":"Infraero s\u00f3 ter\u00e1 mudan\u00e7a de modelo na pr\u00f3xima gest\u00e3o, segundo secret\u00e1rio de Avia\u00e7\u00e3o Civil","og_description":"&nbsp; Dimmi Amora, da Ag\u00eancia INFRA A privatiza\u00e7\u00e3o ou qualquer outra mudan\u00e7a no modelo de gest\u00e3o da Infraero, se ocorrer, n\u00e3o ser\u00e1 realizada no atual governo. Foi o que afirmou o secret\u00e1rio Nacional de Avia\u00e7\u00e3o Civil do Minist\u00e9rio dos Transportes, Portos e Avia\u00e7\u00e3o Civil, Dario Rais Lopes, na quinta-feira (26), em Bras\u00edlia. Lopes participava da [&hellip;]","og_url":"https:\/\/agenciainfra.com\/blog\/infraero-so-tera-mudanca-de-modelo-na-proxima-gestao-segundo-secretario-de-aviacao-civil\/","og_site_name":"Ag\u00eancia iNFRA","article_publisher":"https:\/\/www.facebook.com\/ageninfra","article_published_time":"2018-05-01T10:30:41+00:00","article_modified_time":"2018-05-02T02:05:57+00:00","og_image":[{"width":760,"height":473,"url":"https:\/\/agenciainfra.com\/blog\/wp-content\/uploads\/2018\/05\/Dario-Rais-Lopes-e1525226729281.jpg","type":"image\/jpeg"}],"author":"Ag\u00eancia iNFRA","twitter_card":"summary_large_image","twitter_creator":"@agencia_infra","twitter_site":"@agencia_infra","twitter_misc":{"Escrito por":"Ag\u00eancia iNFRA","Est. tempo de leitura":"2 minutos"},"schema":{"@context":"https:\/\/schema.org","@graph":[{"@type":"Article","@id":"https:\/\/agenciainfra.com\/blog\/infraero-so-tera-mudanca-de-modelo-na-proxima-gestao-segundo-secretario-de-aviacao-civil\/#article","isPartOf":{"@id":"https:\/\/agenciainfra.com\/blog\/infraero-so-tera-mudanca-de-modelo-na-proxima-gestao-segundo-secretario-de-aviacao-civil\/"},"author":{"name":"Ag\u00eancia iNFRA","@id":"https:\/\/agenciainfra.com\/blog\/#\/schema\/person\/34af08dff6adea4cb22b06612ba7acfa"},"headline":"Infraero s\u00f3 ter\u00e1 mudan\u00e7a de modelo na pr\u00f3xima gest\u00e3o, segundo secret\u00e1rio de Avia\u00e7\u00e3o Civil","datePublished":"2018-05-01T10:30:41+00:00","dateModified":"2018-05-02T02:05:57+00:00","mainEntityOfPage":{"@id":"https:\/\/agenciainfra.com\/blog\/infraero-so-tera-mudanca-de-modelo-na-proxima-gestao-segundo-secretario-de-aviacao-civil\/"},"wordCount":322,"publisher":{"@id":"https:\/\/agenciainfra.com\/blog\/#organization"},"image":{"@id":"https:\/\/agenciainfra.com\/blog\/infraero-so-tera-mudanca-de-modelo-na-proxima-gestao-segundo-secretario-de-aviacao-civil\/#primaryimage"},"thumbnailUrl":"https:\/\/agenciainfra.com\/blog\/wp-content\/uploads\/2018\/05\/Dario-Rais-Lopes-e1525226729281.jpg","keywords":["aeroportos","Airport Infra Expo 2018","Infraero","Privatiza\u00e7\u00e3o"],"articleSection":["iNFRATransporte"],"inLanguage":"pt-BR","copyrightYear":"2018","copyrightHolder":{"@id":"https:\/\/agenciainfra.com\/blog\/#organization"}},{"@type":"WebPage","@id":"https:\/\/agenciainfra.com\/blog\/infraero-so-tera-mudanca-de-modelo-na-proxima-gestao-segundo-secretario-de-aviacao-civil\/","url":"https:\/\/agenciainfra.com\/blog\/infraero-so-tera-mudanca-de-modelo-na-proxima-gestao-segundo-secretario-de-aviacao-civil\/","name":"Infraero s\u00f3 ter\u00e1 mudan\u00e7a de modelo na pr\u00f3xima gest\u00e3o, segundo secret\u00e1rio de Avia\u00e7\u00e3o Civil - Ag\u00eancia iNFRA","isPartOf":{"@id":"https:\/\/agenciainfra.com\/blog\/#website"},"primaryImageOfPage":{"@id":"https:\/\/agenciainfra.com\/blog\/infraero-so-tera-mudanca-de-modelo-na-proxima-gestao-segundo-secretario-de-aviacao-civil\/#primaryimage"},"image":{"@id":"https:\/\/agenciainfra.com\/blog\/infraero-so-tera-mudanca-de-modelo-na-proxima-gestao-segundo-secretario-de-aviacao-civil\/#primaryimage"},"thumbnailUrl":"https:\/\/agenciainfra.com\/blog\/wp-content\/uploads\/2018\/05\/Dario-Rais-Lopes-e1525226729281.jpg","datePublished":"2018-05-01T10:30:41+00:00","dateModified":"2018-05-02T02:05:57+00:00","breadcrumb":{"@id":"https:\/\/agenciainfra.com\/blog\/infraero-so-tera-mudanca-de-modelo-na-proxima-gestao-segundo-secretario-de-aviacao-civil\/#breadcrumb"},"inLanguage":"pt-BR","potentialAction":[{"@type":"ReadAction","target":["https:\/\/agenciainfra.com\/blog\/infraero-so-tera-mudanca-de-modelo-na-proxima-gestao-segundo-secretario-de-aviacao-civil\/"]}]},{"@type":"ImageObject","inLanguage":"pt-BR","@id":"https:\/\/agenciainfra.com\/blog\/infraero-so-tera-mudanca-de-modelo-na-proxima-gestao-segundo-secretario-de-aviacao-civil\/#primaryimage","url":"https:\/\/agenciainfra.com\/blog\/wp-content\/uploads\/2018\/05\/Dario-Rais-Lopes-e1525226729281.jpg","contentUrl":"https:\/\/agenciainfra.com\/blog\/wp-content\/uploads\/2018\/05\/Dario-Rais-Lopes-e1525226729281.jpg","width":760,"height":473},{"@type":"BreadcrumbList","@id":"https:\/\/agenciainfra.com\/blog\/infraero-so-tera-mudanca-de-modelo-na-proxima-gestao-segundo-secretario-de-aviacao-civil\/#breadcrumb","itemListElement":[{"@type":"ListItem","position":1,"name":"In\u00edcio","item":"https:\/\/agenciainfra.com\/blog\/"},{"@type":"ListItem","position":2,"name":"Infraero s\u00f3 ter\u00e1 mudan\u00e7a de modelo na pr\u00f3xima gest\u00e3o, segundo secret\u00e1rio de Avia\u00e7\u00e3o Civil"}]},{"@type":"WebSite","@id":"https:\/\/agenciainfra.com\/blog\/#website","url":"https:\/\/agenciainfra.com\/blog\/","name":"Ag\u00eancia iNFRA","description":"Multiplataforma de informa\u00e7\u00e3o jornal\u00edstica refer\u00eancia na \u00e1rea de infraestrutura no Brasil!","publisher":{"@id":"https:\/\/agenciainfra.com\/blog\/#organization"},"potentialAction":[{"@type":"SearchAction","target":{"@type":"EntryPoint","urlTemplate":"https:\/\/agenciainfra.com\/blog\/?s={search_term_string}"},"query-input":{"@type":"PropertyValueSpecification","valueRequired":true,"valueName":"search_term_string"}}],"inLanguage":"pt-BR"},{"@type":"Organization","@id":"https:\/\/agenciainfra.com\/blog\/#organization","name":"Ag\u00eancia iNFRA","url":"https:\/\/agenciainfra.com\/blog\/","logo":{"@type":"ImageObject","inLanguage":"pt-BR","@id":"https:\/\/agenciainfra.com\/blog\/#\/schema\/logo\/image\/","url":"https:\/\/agenciainfra.com\/blog\/wp-content\/uploads\/2023\/09\/iNFRA_5-e1761735885940.png","contentUrl":"https:\/\/agenciainfra.com\/blog\/wp-content\/uploads\/2023\/09\/iNFRA_5-e1761735885940.png","width":1672,"height":454,"caption":"Ag\u00eancia iNFRA"},"image":{"@id":"https:\/\/agenciainfra.com\/blog\/#\/schema\/logo\/image\/"},"sameAs":["https:\/\/www.facebook.com\/ageninfra","https:\/\/x.com\/agencia_infra","https:\/\/www.linkedin.com\/company\/ag\u00eanciainfra\/","https:\/\/www.instagram.com\/agenciainfra\/"]},{"@type":"Person","@id":"https:\/\/agenciainfra.com\/blog\/#\/schema\/person\/34af08dff6adea4cb22b06612ba7acfa","name":"Ag\u00eancia iNFRA","image":{"@type":"ImageObject","inLanguage":"pt-BR","@id":"https:\/\/agenciainfra.com\/blog\/#\/schema\/person\/image\/","url":"https:\/\/secure.gravatar.com\/avatar\/d189e01678f06d8eb84d4e01f08eb848b3fffe3f8443818d3c356c66892f5be8?s=96&d=mm&r=g","contentUrl":"https:\/\/secure.gravatar.com\/avatar\/d189e01678f06d8eb84d4e01f08eb848b3fffe3f8443818d3c356c66892f5be8?s=96&d=mm&r=g","caption":"Ag\u00eancia iNFRA"},"url":"https:\/\/agenciainfra.com\/blog\/author\/admin\/"}]}},"_links":{"self":[{"href":"https:\/\/agenciainfra.com\/blog\/wp-json\/wp\/v2\/posts\/1563","targetHints":{"allow":["GET"]}}],"collection":[{"href":"https:\/\/agenciainfra.com\/blog\/wp-json\/wp\/v2\/posts"}],"about":[{"href":"https:\/\/agenciainfra.com\/blog\/wp-json\/wp\/v2\/types\/post"}],"author":[{"embeddable":true,"href":"https:\/\/agenciainfra.com\/blog\/wp-json\/wp\/v2\/users\/1"}],"replies":[{"embeddable":true,"href":"https:\/\/agenciainfra.com\/blog\/wp-json\/wp\/v2\/comments?post=1563"}],"version-history":[{"count":0,"href":"https:\/\/agenciainfra.com\/blog\/wp-json\/wp\/v2\/posts\/1563\/revisions"}],"wp:featuredmedia":[{"embeddable":true,"href":"https:\/\/agenciainfra.com\/blog\/wp-json\/wp\/v2\/media\/1585"}],"wp:attachment":[{"href":"https:\/\/agenciainfra.com\/blog\/wp-json\/wp\/v2\/media?parent=1563"}],"wp:term":[{"taxonomy":"category","embeddable":true,"href":"https:\/\/agenciainfra.com\/blog\/wp-json\/wp\/v2\/categories?post=1563"},{"taxonomy":"post_tag","embeddable":true,"href":"https:\/\/agenciainfra.com\/blog\/wp-json\/wp\/v2\/tags?post=1563"}],"curies":[{"name":"wp","href":"https:\/\/api.w.org\/{rel}","templated":true}]}}