{"id":15660,"date":"2024-03-01T11:00:00","date_gmt":"2024-03-01T14:00:00","guid":{"rendered":"https:\/\/agenciainfra.com\/blog\/?p=15660"},"modified":"2024-03-05T11:31:12","modified_gmt":"2024-03-05T14:31:12","slug":"presidente-da-frente-parlamentar-de-energia-quer-destravar-pauta-do-setor-no-senado","status":"publish","type":"post","link":"https:\/\/agenciainfra.com\/blog\/presidente-da-frente-parlamentar-de-energia-quer-destravar-pauta-do-setor-no-senado\/","title":{"rendered":"Presidente da Frente Parlamentar de Energia quer destravar pauta do setor no Senado"},"content":{"rendered":"\n<p class=\"has-text-align-right\"><strong>Marisa Wanzeller, da Ag\u00eancia iNFRA<\/strong><\/p>\n\n\n\n<p>O presidente da Frente Parlamentar Mista de Energia e vice-presidente do Senado, Veneziano Vital do R\u00eago (MDB-PB), disse que ir\u00e1 &#8220;falar de maneira mais direta&#8221; com o presidente da CCJ (Comiss\u00e3o de Constitui\u00e7\u00e3o e Justi\u00e7a), Davi Alcolumbre (Uni\u00e3o-AP), por andamento no&nbsp;<a href=\"https:\/\/agenciainfra.us14.list-manage.com\/track\/click?u=d460dd1bcf9ba0ae040e1fc0f&amp;id=1737537c99&amp;e=de74d75805\" target=\"_blank\" rel=\"noreferrer noopener\">PL (Projeto de Lei) 164\/2022<\/a>, que tipifica e inibe o devedor contumaz, pauta importante para inibir a sonega\u00e7\u00e3o fiscal na \u00e1rea de combust\u00edveis. O parlamentar falou sobre os projetos priorit\u00e1rios para a frente parlamentar em 2024 em entrevista \u00e0&nbsp;<strong>Ag\u00eancia iNFRA<\/strong>.<\/p>\n\n\n\n<p>A mat\u00e9ria que trata sobre devedor contumaz \u00e9 relatada por Vital do R\u00eago e est\u00e1 parada na CCJ desde abril do \u00faltimo ano. &#8220;Nada justifica que ela tenha passado um ano inteiro sem que tenhamos tido a oportunidade se quer de uma audi\u00eancia p\u00fablica. Ent\u00e3o, h\u00e1 interesses de alguns poucos se sobrepondo aos interesses de muitos que fazem o setor&#8221;, disse o senador.&nbsp;<\/p>\n\n\n\n<p>Segundo ele, a lista de mat\u00e9rias que tem para tratar com Alcolumbre \u00e9 extensa. O&nbsp;<a href=\"https:\/\/agenciainfra.us14.list-manage.com\/track\/click?u=d460dd1bcf9ba0ae040e1fc0f&amp;id=8ae9e83078&amp;e=de74d75805\" target=\"_blank\" rel=\"noreferrer noopener\">PDL (Projeto de Decreto Legislativo) 365\/2022<\/a>&nbsp;\u2013 que susta resolu\u00e7\u00f5es normativas da ANEEL (Ag\u00eancia Nacional de Energia El\u00e9trica) sobre o sinal locacional na transmiss\u00e3o de energia \u2013 tamb\u00e9m est\u00e1 na CCJ, e Vital do R\u00eago disse esperar que o projeto &#8220;n\u00e3o dormite&#8221; na comiss\u00e3o.<\/p>\n\n\n\n<p>Dentre outros assuntos abordados est\u00e3o a renova\u00e7\u00e3o das concess\u00f5es de distribui\u00e7\u00e3o de energia,&nbsp;o PL das E\u00f3licas Offshore e o papel e desempenho das ag\u00eancias reguladoras. Leia&nbsp;a seguir os principais trechos da entrevista:&nbsp;<\/p>\n\n\n\n<p><strong>Ag\u00eancia iNFRA \u2013 Quais s\u00e3o os projetos priorit\u00e1rios da Frente de Energia para este ano?<\/strong><br><strong>Veneziano Vital do R\u00eago \u2013&nbsp;<\/strong>N\u00f3s vamos come\u00e7ar a discutir as regulamenta\u00e7\u00f5es apresentadas como necess\u00e1rias na Reforma Tribut\u00e1ria, que aludem \u00e0s quest\u00f5es das energias renov\u00e1veis. N\u00f3s conseguimos algumas consider\u00e1veis vit\u00f3rias quando conseguimos algumas emendas junto ao relator Eduardo Braga \u2013 pelo menos oito foram da nossa autoria, e precisam de regulamenta\u00e7\u00e3o, como uma consider\u00e1vel parte da Reforma Tribut\u00e1ria.&nbsp;<\/p>\n\n\n\n<p>N\u00f3s temos um Projeto de Lei que est\u00e1 travado e que \u00e9 de suma import\u00e2ncia, e eu vou falar de uma maneira mais direta com o presidente [da CCJ] Davi Alcolumbre, que \u00e9 o do devedor contumaz (<a href=\"https:\/\/agenciainfra.us14.list-manage.com\/track\/click?u=d460dd1bcf9ba0ae040e1fc0f&amp;id=c545ceb598&amp;e=de74d75805\" target=\"_blank\" rel=\"noreferrer noopener\">PLP 164\/2022<\/a>). Essa proposta, que est\u00e1 sob nossa relatoria, precisa ser enfrentada, nada justifica que ela tenha passado um ano inteiro sem que tenhamos tido a oportunidade se quer de uma audi\u00eancia p\u00fablica. Ent\u00e3o, h\u00e1 interesses de alguns poucos se sobrepondo aos interesses de muitos que fazem o setor, e do pr\u00f3prio Minist\u00e9rio [de Minas e Energia], da Receita Federal.&nbsp;<\/p>\n\n\n\n<p>Para voc\u00ea ter ideia, o \u00faltimo levantamento sobre os preju\u00edzos causados por esses devedores contumazes ultrapassam os R$ 16 bilh\u00f5es, eu acho at\u00e9 intrigante. Teve um momento que n\u00f3s convers\u00e1vamos com os representantes do Minist\u00e9rio de Minas e Energia, com o pr\u00f3prio procurador da Receita, e n\u00f3s fal\u00e1vamos que n\u00f3s estamos diante de um grande desafio, que \u00e9 tentar o d\u00e9ficit zero, temos uma parte que poder\u00edamos acessar e n\u00e3o estamos fazendo movimenta\u00e7\u00e3o nesse sentido. O que \u00e9 que h\u00e1 por tr\u00e1s? \u00c9 uma d\u00favida que eu tenho. Eu sei que existem alguns maus empres\u00e1rios interessados que essa mat\u00e9ria n\u00e3o v\u00e1 adiante, mas n\u00e3o enxergo o porqu\u00ea o governo n\u00e3o concentra-se para que ele possa caminhar.&nbsp;<\/p>\n\n\n\n<p>N\u00f3s temos o projeto do Combust\u00edvel do Futuro [apensado ao&nbsp;<a href=\"https:\/\/agenciainfra.us14.list-manage.com\/track\/click?u=d460dd1bcf9ba0ae040e1fc0f&amp;id=378f71c253&amp;e=de74d75805\" target=\"_blank\" rel=\"noreferrer noopener\">PL 4.196\/2023<\/a>], que est\u00e1 na C\u00e2mara. O projeto leva como seu autor o Executivo, foi relatado pelo deputado Arnaldo Jardim [Cidadania-SP], companheiro que integra a Frente. Eu pedi essa relatoria ao presidente Rodrigo Pacheco [PSD-MG], inclusive por for\u00e7a da Frente de Energia, e estou esperando a sua designa\u00e7\u00e3o, \u00e9 um projeto que vamos nos ater.&nbsp;<\/p>\n\n\n\n<p>Tem o Hidrog\u00eanio Verde que est\u00e1 em comiss\u00e3o especial ainda, sob a condu\u00e7\u00e3o do senador Cid Gomes [PSB-CE]. Temos o projeto das e\u00f3licas offshore [<a href=\"https:\/\/agenciainfra.us14.list-manage.com\/track\/click?u=d460dd1bcf9ba0ae040e1fc0f&amp;id=01df3bb9b0&amp;e=de74d75805\" target=\"_blank\" rel=\"noreferrer noopener\">PL 5.932\/2023<\/a>], que voltou ao Senado, sob relatoria do senador Carlos Portinho [PL-RJ].<\/p>\n\n\n\n<p>Temos tamb\u00e9m o PL que est\u00e1 na C\u00e2mara sobre o incentivo ao uso dos combust\u00edveis menos poluentes, captura e armazenamento de di\u00f3xido de carbono, que fui eu quem relatei e que est\u00e1 na C\u00e2mara. Hidrog\u00eanio como fonte de energia, que tamb\u00e9m foi relatado por n\u00f3s e que est\u00e1 na Comiss\u00e3o de Infraestrutura e que n\u00f3s vamos pedir ao presidente, senador Conf\u00facio Moura [MDB-RO], para termos celeridade na sua aprecia\u00e7\u00e3o. Em suma, a princ\u00edpio, n\u00f3s vamos abrir os trabalhos pontuando esse conjunto de iniciativas legislativas.&nbsp;<\/p>\n\n\n\n<p><strong>Ag\u00eancia iNFRA \u2013 J\u00e1 est\u00e1 certo que a relatoria do PL das E\u00f3licas Offshore ser\u00e1 do senador Portinho?<\/strong><br>Ele deve ser o relator. Como ele foi relator no primeiro momento, at\u00e9 por uma quest\u00e3o de reconhecimento ao esfor\u00e7o dele, \u00e0 participa\u00e7\u00e3o dele, ao conhecimento que ele passou a ter, \u00e9 muito natural, \u00e9 quase que autom\u00e1tica a designa\u00e7\u00e3o do presidente Rodrigo Pacheco.&nbsp;<\/p>\n\n\n\n<p><strong>Ag\u00eancia iNFRA \u2013 O setor de combust\u00edveis n\u00e3o ficou satisfeito com o relat\u00f3rio da C\u00e2mara para o Combust\u00edvel do Futuro. Sabendo que pretende ser o relator no Senado, como o senhor v\u00ea isso?&nbsp;<\/strong><br>Eu tenho, at\u00e9 por uma quest\u00e3o de comedimento e previd\u00eancia, que aguardar o direcionamento que se dar\u00e1 na C\u00e2mara. Preciso saber ainda quais fundamentos o setor exp\u00f4s para questionar, a fim de que a gente tenha um posicionamento, n\u00e3o tenho como antecipar-me.&nbsp;<\/p>\n\n\n\n<p><strong>Ag\u00eancia iNFRA \u2013 O PDL 365\/2022 \u00e9 outro projeto caro ao setor que est\u00e1 na CCJ. Como est\u00e3o as tratativas sobre o ele? O senhor acredita que vai ter um andamento por agora?&nbsp;<\/strong><br>Eu votei favor\u00e1vel ao&nbsp;<a href=\"https:\/\/agenciainfra.us14.list-manage.com\/track\/click?u=d460dd1bcf9ba0ae040e1fc0f&amp;id=23bf9a1f9a&amp;e=de74d75805\" target=\"_blank\" rel=\"noreferrer noopener\">PDL 365\/2022<\/a>, inclusive, de forma intrigante, isso foi utilizado no final do ano de 2023 de forma nada respeitosa contra alguns parlamentares, por for\u00e7a de n\u00f3s termos votado favoravelmente, quando criaram [a Frente Nacional dos Consumidores de Energia] um ranking [com classifica\u00e7\u00e3o dos deputados e senadores conforme atua\u00e7\u00e3o no Congresso]. Aquilo foi de um mau gosto, que est\u00e1 na falta de responsabilidade, de comprometimento, quando tamb\u00e9m ficou muito evidenciado a quem estava a servir.&nbsp;<\/p>\n\n\n\n<p>Quando n\u00f3s nos posicionamos, e nos posicionamos majoritariamente na Comiss\u00e3o de Infraestrutura defendendo o relat\u00f3rio de outro nordestino, que \u00e9 o senador Otto Alencar [PSD-BA], foi em face de que foram trazidos pelo deputado Danilo Forte [Uni\u00e3o-CE] fundamentos de que n\u00f3s estar\u00edamos a nos prejudicar com aquelas resolu\u00e7\u00f5es que foram editadas pela ANEEL.<\/p>\n\n\n\n<p>Ent\u00e3o, tenho para mim que esse debate deva continuar, espero que n\u00e3o dormite na CCJ, n\u00e3o vejo raz\u00f5es para que n\u00f3s deixemos de t\u00ea-lo. Vamos fazer o melhor debate, se os fundamentos [da ANEEL] persistirem, ganharem mais persist\u00eancia, capacidade de convencimento, n\u00e3o teremos problema nenhum de rever, mas at\u00e9 esse exato instante n\u00e3o conhe\u00e7o fundamentos outros para que n\u00f3s possamos mudar o posicionamento que adotamos na CI. Tanto eu quanto os demais companheiros que assim se pronunciaram.&nbsp;<\/p>\n\n\n\n<p>Eu tenho uma pauta extensa para falar com o senador Alcolumbre, n\u00e3o s\u00f3 sobre esse PL do devedor contumaz.&nbsp;<\/p>\n\n\n\n<p><strong>Ag\u00eancia iNFRA \u2013 Sobre o PL das E\u00f3licas Offshore, o projeto veio para o Senado com alguns temas estranhos \u00e0 mat\u00e9ria. O senhor acredita que esse projeto vai ser esvaziado para dar andamento aqui?&nbsp;<\/strong><br>Eu creio piamente na seriedade e no comprometimento de Portinho, que \u00e9 um senador muito estudioso e muito respons\u00e1vel. Ent\u00e3o, a partir do momento que identificadas sejam as mat\u00e9rias que fujam por completo ao cerne da quest\u00e3o, da proposta legislativa inicial, ele haver\u00e1 de afast\u00e1-la, e antes dele pr\u00f3prio, o presidente da Casa, que tem poder para isso, podendo fazer por requerimento apresentado por qualquer senador na hora que houver a identifica\u00e7\u00e3o de causas ou de mat\u00e9rias estranhas ao universo da proposta.&nbsp;<\/p>\n\n\n\n<p><strong>Ag\u00eancia iNFRA \u2013 Outro tema do setor que ganhou muito espa\u00e7o no Legislativo foi a renova\u00e7\u00e3o das concess\u00f5es de distribui\u00e7\u00e3o de energia.&nbsp;A C\u00e2mara demonstrou bastante inc\u00f4modo com esse processo passando s\u00f3 pelo Executivo, e agora o PL 4.831\/2022 teve a urg\u00eancia aprovada. Como esse tema est\u00e1 sendo visto no Senado?&nbsp;<\/strong><br>A gente sabe que hoje a compet\u00eancia para fazer [renova\u00e7\u00e3o] \u00e9 do Executivo, atrav\u00e9s do seu Minist\u00e9rio de Minas e Energia. Autorizar as renova\u00e7\u00f5es n\u00e3o \u00e9 algo que passa pelo crivo do Legislativo. \u00c9 preciso que n\u00f3s conhe\u00e7amos esses fundamentos, os motivos que nos levariam a dizer: &#8216;Olha, \u00e9 preciso que tamb\u00e9m o Legislativo conhe\u00e7a&#8217;. O Legislativo conhece, por exemplo, quando voc\u00ea faz a aprecia\u00e7\u00e3o das indica\u00e7\u00f5es a ag\u00eancias. Discutimos quando fomos \u2013 contra o meu voto, inclusive \u2013 falar sobre a capitaliza\u00e7\u00e3o da Eletrobras. Eu n\u00e3o vejo de mau grado a possibilidade tamb\u00e9m de estarmos a participar desse debate, n\u00e3o sendo somente ao Executivo reservado. Mas n\u00e3o fui procurado, n\u00e3o falei com o ministro Alexandre Silveira.&nbsp;<\/p>\n\n\n\n<p><strong>Ag\u00eancia iNFRA \u2013 Falando sobre as ag\u00eancias reguladoras, como o senhor tem visto o papel delas?<\/strong><br>Tenho minhas ressalvas quanto ao grau de servi\u00e7o prestado por essas ag\u00eancias, elas deveriam atender aos consumidores em primeiro lugar, e isso muitas vezes n\u00e3o ocorre. Eu penso que as ag\u00eancias nasceram de forma salutar, mas elas ainda n\u00e3o entregaram aquilo que n\u00f3s esperamos, com algumas excess\u00f5es, claro.&nbsp;<\/p>\n","protected":false},"excerpt":{"rendered":"<p>Marisa Wanzeller, da Ag\u00eancia iNFRA O presidente da Frente Parlamentar Mista de Energia e vice-presidente do Senado, Veneziano Vital do R\u00eago (MDB-PB), disse que ir\u00e1 &#8220;falar de maneira mais direta&#8221; com o presidente da CCJ (Comiss\u00e3o de Constitui\u00e7\u00e3o e Justi\u00e7a), Davi Alcolumbre (Uni\u00e3o-AP), por andamento no&nbsp;PL (Projeto de Lei) 164\/2022, que tipifica e inibe o [&hellip;]<\/p>\n","protected":false},"author":1,"featured_media":15661,"comment_status":"closed","ping_status":"closed","sticky":false,"template":"","format":"standard","meta":{"_monsterinsights_skip_tracking":false,"_monsterinsights_sitenote_active":false,"_monsterinsights_sitenote_note":"","_monsterinsights_sitenote_category":0,"footnotes":""},"categories":[7250,10],"tags":[53,214,5203,3210,34,123],"class_list":["post-15660","post","type-post","status-publish","format-standard","has-post-thumbnail","hentry","category-destaque-lista","category-infraenergia","tag-aneel","tag-combustivel","tag-combustivel-do-futuro","tag-eolicas","tag-infraestrutura","tag-senado"],"yoast_head":"<!-- This site is optimized with the Yoast SEO Premium plugin v25.4 (Yoast SEO v26.0) - https:\/\/yoast.com\/wordpress\/plugins\/seo\/ -->\n<title>Presidente da Frente Parlamentar de Energia quer destravar pauta do setor no Senado - Ag\u00eancia iNFRA<\/title>\n<meta name=\"robots\" content=\"index, follow, max-snippet:-1, max-image-preview:large, max-video-preview:-1\" \/>\n<link rel=\"canonical\" href=\"https:\/\/agenciainfra.com\/blog\/presidente-da-frente-parlamentar-de-energia-quer-destravar-pauta-do-setor-no-senado\/\" \/>\n<meta property=\"og:locale\" content=\"pt_BR\" \/>\n<meta property=\"og:type\" content=\"article\" \/>\n<meta property=\"og:title\" content=\"Presidente da Frente Parlamentar de Energia quer destravar pauta do setor no Senado\" \/>\n<meta property=\"og:description\" content=\"Marisa Wanzeller, da Ag\u00eancia iNFRA O presidente da Frente Parlamentar Mista de Energia e vice-presidente do Senado, Veneziano Vital do R\u00eago (MDB-PB), disse que ir\u00e1 &#8220;falar de maneira mais direta&#8221; com o presidente da CCJ (Comiss\u00e3o de Constitui\u00e7\u00e3o e Justi\u00e7a), Davi Alcolumbre (Uni\u00e3o-AP), por andamento no&nbsp;PL (Projeto de Lei) 164\/2022, que tipifica e inibe o [&hellip;]\" \/>\n<meta property=\"og:url\" content=\"https:\/\/agenciainfra.com\/blog\/presidente-da-frente-parlamentar-de-energia-quer-destravar-pauta-do-setor-no-senado\/\" \/>\n<meta property=\"og:site_name\" content=\"Ag\u00eancia iNFRA\" \/>\n<meta property=\"article:publisher\" content=\"https:\/\/www.facebook.com\/ageninfra\" \/>\n<meta property=\"article:published_time\" content=\"2024-03-01T14:00:00+00:00\" \/>\n<meta property=\"article:modified_time\" content=\"2024-03-05T14:31:12+00:00\" \/>\n<meta property=\"og:image\" content=\"https:\/\/agenciainfra.com\/blog\/wp-content\/uploads\/2024\/03\/veneziadovital_credito_agenciasenado.jpg\" \/>\n\t<meta property=\"og:image:width\" content=\"860\" \/>\n\t<meta property=\"og:image:height\" content=\"570\" \/>\n\t<meta property=\"og:image:type\" content=\"image\/jpeg\" \/>\n<meta name=\"author\" content=\"Ag\u00eancia iNFRA\" \/>\n<meta name=\"twitter:card\" content=\"summary_large_image\" \/>\n<meta name=\"twitter:creator\" content=\"@agencia_infra\" \/>\n<meta name=\"twitter:site\" content=\"@agencia_infra\" \/>\n<meta name=\"twitter:label1\" content=\"Escrito por\" \/>\n\t<meta name=\"twitter:data1\" content=\"Ag\u00eancia iNFRA\" \/>\n\t<meta name=\"twitter:label2\" content=\"Est. tempo de leitura\" \/>\n\t<meta name=\"twitter:data2\" content=\"8 minutos\" \/>\n<script type=\"application\/ld+json\" class=\"yoast-schema-graph\">{\"@context\":\"https:\/\/schema.org\",\"@graph\":[{\"@type\":\"Article\",\"@id\":\"https:\/\/agenciainfra.com\/blog\/presidente-da-frente-parlamentar-de-energia-quer-destravar-pauta-do-setor-no-senado\/#article\",\"isPartOf\":{\"@id\":\"https:\/\/agenciainfra.com\/blog\/presidente-da-frente-parlamentar-de-energia-quer-destravar-pauta-do-setor-no-senado\/\"},\"author\":{\"name\":\"Ag\u00eancia iNFRA\",\"@id\":\"https:\/\/agenciainfra.com\/blog\/#\/schema\/person\/34af08dff6adea4cb22b06612ba7acfa\"},\"headline\":\"Presidente da Frente Parlamentar de Energia quer destravar pauta do setor no Senado\",\"datePublished\":\"2024-03-01T14:00:00+00:00\",\"dateModified\":\"2024-03-05T14:31:12+00:00\",\"mainEntityOfPage\":{\"@id\":\"https:\/\/agenciainfra.com\/blog\/presidente-da-frente-parlamentar-de-energia-quer-destravar-pauta-do-setor-no-senado\/\"},\"wordCount\":1647,\"publisher\":{\"@id\":\"https:\/\/agenciainfra.com\/blog\/#organization\"},\"image\":{\"@id\":\"https:\/\/agenciainfra.com\/blog\/presidente-da-frente-parlamentar-de-energia-quer-destravar-pauta-do-setor-no-senado\/#primaryimage\"},\"thumbnailUrl\":\"https:\/\/agenciainfra.com\/blog\/wp-content\/uploads\/2024\/03\/veneziadovital_credito_agenciasenado.jpg\",\"keywords\":[\"ANEEL\",\"combust\u00edvel\",\"Combust\u00edvel do Futuro\",\"e\u00f3licas\",\"Infraestrutura\",\"senado\"],\"articleSection\":[\"Destaque lista\",\"iNFRAEnergia\"],\"inLanguage\":\"pt-BR\",\"copyrightYear\":\"2024\",\"copyrightHolder\":{\"@id\":\"https:\/\/agenciainfra.com\/blog\/#organization\"}},{\"@type\":\"WebPage\",\"@id\":\"https:\/\/agenciainfra.com\/blog\/presidente-da-frente-parlamentar-de-energia-quer-destravar-pauta-do-setor-no-senado\/\",\"url\":\"https:\/\/agenciainfra.com\/blog\/presidente-da-frente-parlamentar-de-energia-quer-destravar-pauta-do-setor-no-senado\/\",\"name\":\"Presidente da Frente Parlamentar de Energia quer destravar pauta do setor no Senado - Ag\u00eancia iNFRA\",\"isPartOf\":{\"@id\":\"https:\/\/agenciainfra.com\/blog\/#website\"},\"primaryImageOfPage\":{\"@id\":\"https:\/\/agenciainfra.com\/blog\/presidente-da-frente-parlamentar-de-energia-quer-destravar-pauta-do-setor-no-senado\/#primaryimage\"},\"image\":{\"@id\":\"https:\/\/agenciainfra.com\/blog\/presidente-da-frente-parlamentar-de-energia-quer-destravar-pauta-do-setor-no-senado\/#primaryimage\"},\"thumbnailUrl\":\"https:\/\/agenciainfra.com\/blog\/wp-content\/uploads\/2024\/03\/veneziadovital_credito_agenciasenado.jpg\",\"datePublished\":\"2024-03-01T14:00:00+00:00\",\"dateModified\":\"2024-03-05T14:31:12+00:00\",\"breadcrumb\":{\"@id\":\"https:\/\/agenciainfra.com\/blog\/presidente-da-frente-parlamentar-de-energia-quer-destravar-pauta-do-setor-no-senado\/#breadcrumb\"},\"inLanguage\":\"pt-BR\",\"potentialAction\":[{\"@type\":\"ReadAction\",\"target\":[\"https:\/\/agenciainfra.com\/blog\/presidente-da-frente-parlamentar-de-energia-quer-destravar-pauta-do-setor-no-senado\/\"]}]},{\"@type\":\"ImageObject\",\"inLanguage\":\"pt-BR\",\"@id\":\"https:\/\/agenciainfra.com\/blog\/presidente-da-frente-parlamentar-de-energia-quer-destravar-pauta-do-setor-no-senado\/#primaryimage\",\"url\":\"https:\/\/agenciainfra.com\/blog\/wp-content\/uploads\/2024\/03\/veneziadovital_credito_agenciasenado.jpg\",\"contentUrl\":\"https:\/\/agenciainfra.com\/blog\/wp-content\/uploads\/2024\/03\/veneziadovital_credito_agenciasenado.jpg\",\"width\":860,\"height\":570},{\"@type\":\"BreadcrumbList\",\"@id\":\"https:\/\/agenciainfra.com\/blog\/presidente-da-frente-parlamentar-de-energia-quer-destravar-pauta-do-setor-no-senado\/#breadcrumb\",\"itemListElement\":[{\"@type\":\"ListItem\",\"position\":1,\"name\":\"In\u00edcio\",\"item\":\"https:\/\/agenciainfra.com\/blog\/\"},{\"@type\":\"ListItem\",\"position\":2,\"name\":\"Presidente da Frente Parlamentar de Energia quer destravar pauta do setor no Senado\"}]},{\"@type\":\"WebSite\",\"@id\":\"https:\/\/agenciainfra.com\/blog\/#website\",\"url\":\"https:\/\/agenciainfra.com\/blog\/\",\"name\":\"Ag\u00eancia iNFRA\",\"description\":\"Multiplataforma de informa\u00e7\u00e3o jornal\u00edstica refer\u00eancia na \u00e1rea de infraestrutura no Brasil!\",\"publisher\":{\"@id\":\"https:\/\/agenciainfra.com\/blog\/#organization\"},\"potentialAction\":[{\"@type\":\"SearchAction\",\"target\":{\"@type\":\"EntryPoint\",\"urlTemplate\":\"https:\/\/agenciainfra.com\/blog\/?s={search_term_string}\"},\"query-input\":{\"@type\":\"PropertyValueSpecification\",\"valueRequired\":true,\"valueName\":\"search_term_string\"}}],\"inLanguage\":\"pt-BR\"},{\"@type\":\"Organization\",\"@id\":\"https:\/\/agenciainfra.com\/blog\/#organization\",\"name\":\"Ag\u00eancia iNFRA\",\"url\":\"https:\/\/agenciainfra.com\/blog\/\",\"logo\":{\"@type\":\"ImageObject\",\"inLanguage\":\"pt-BR\",\"@id\":\"https:\/\/agenciainfra.com\/blog\/#\/schema\/logo\/image\/\",\"url\":\"https:\/\/agenciainfra.com\/blog\/wp-content\/uploads\/2023\/09\/iNFRA_5-e1761735885940.png\",\"contentUrl\":\"https:\/\/agenciainfra.com\/blog\/wp-content\/uploads\/2023\/09\/iNFRA_5-e1761735885940.png\",\"width\":1672,\"height\":454,\"caption\":\"Ag\u00eancia iNFRA\"},\"image\":{\"@id\":\"https:\/\/agenciainfra.com\/blog\/#\/schema\/logo\/image\/\"},\"sameAs\":[\"https:\/\/www.facebook.com\/ageninfra\",\"https:\/\/x.com\/agencia_infra\",\"https:\/\/www.linkedin.com\/company\/ag\u00eanciainfra\/\",\"https:\/\/www.instagram.com\/agenciainfra\/\"]},{\"@type\":\"Person\",\"@id\":\"https:\/\/agenciainfra.com\/blog\/#\/schema\/person\/34af08dff6adea4cb22b06612ba7acfa\",\"name\":\"Ag\u00eancia iNFRA\",\"image\":{\"@type\":\"ImageObject\",\"inLanguage\":\"pt-BR\",\"@id\":\"https:\/\/agenciainfra.com\/blog\/#\/schema\/person\/image\/\",\"url\":\"https:\/\/secure.gravatar.com\/avatar\/d189e01678f06d8eb84d4e01f08eb848b3fffe3f8443818d3c356c66892f5be8?s=96&d=mm&r=g\",\"contentUrl\":\"https:\/\/secure.gravatar.com\/avatar\/d189e01678f06d8eb84d4e01f08eb848b3fffe3f8443818d3c356c66892f5be8?s=96&d=mm&r=g\",\"caption\":\"Ag\u00eancia iNFRA\"},\"url\":\"https:\/\/agenciainfra.com\/blog\/author\/admin\/\"}]}<\/script>\n<!-- \/ Yoast SEO Premium plugin. -->","yoast_head_json":{"title":"Presidente da Frente Parlamentar de Energia quer destravar pauta do setor no Senado - Ag\u00eancia iNFRA","robots":{"index":"index","follow":"follow","max-snippet":"max-snippet:-1","max-image-preview":"max-image-preview:large","max-video-preview":"max-video-preview:-1"},"canonical":"https:\/\/agenciainfra.com\/blog\/presidente-da-frente-parlamentar-de-energia-quer-destravar-pauta-do-setor-no-senado\/","og_locale":"pt_BR","og_type":"article","og_title":"Presidente da Frente Parlamentar de Energia quer destravar pauta do setor no Senado","og_description":"Marisa Wanzeller, da Ag\u00eancia iNFRA O presidente da Frente Parlamentar Mista de Energia e vice-presidente do Senado, Veneziano Vital do R\u00eago (MDB-PB), disse que ir\u00e1 &#8220;falar de maneira mais direta&#8221; com o presidente da CCJ (Comiss\u00e3o de Constitui\u00e7\u00e3o e Justi\u00e7a), Davi Alcolumbre (Uni\u00e3o-AP), por andamento no&nbsp;PL (Projeto de Lei) 164\/2022, que tipifica e inibe o [&hellip;]","og_url":"https:\/\/agenciainfra.com\/blog\/presidente-da-frente-parlamentar-de-energia-quer-destravar-pauta-do-setor-no-senado\/","og_site_name":"Ag\u00eancia iNFRA","article_publisher":"https:\/\/www.facebook.com\/ageninfra","article_published_time":"2024-03-01T14:00:00+00:00","article_modified_time":"2024-03-05T14:31:12+00:00","og_image":[{"width":860,"height":570,"url":"https:\/\/agenciainfra.com\/blog\/wp-content\/uploads\/2024\/03\/veneziadovital_credito_agenciasenado.jpg","type":"image\/jpeg"}],"author":"Ag\u00eancia iNFRA","twitter_card":"summary_large_image","twitter_creator":"@agencia_infra","twitter_site":"@agencia_infra","twitter_misc":{"Escrito por":"Ag\u00eancia iNFRA","Est. tempo de leitura":"8 minutos"},"schema":{"@context":"https:\/\/schema.org","@graph":[{"@type":"Article","@id":"https:\/\/agenciainfra.com\/blog\/presidente-da-frente-parlamentar-de-energia-quer-destravar-pauta-do-setor-no-senado\/#article","isPartOf":{"@id":"https:\/\/agenciainfra.com\/blog\/presidente-da-frente-parlamentar-de-energia-quer-destravar-pauta-do-setor-no-senado\/"},"author":{"name":"Ag\u00eancia iNFRA","@id":"https:\/\/agenciainfra.com\/blog\/#\/schema\/person\/34af08dff6adea4cb22b06612ba7acfa"},"headline":"Presidente da Frente Parlamentar de Energia quer destravar pauta do setor no Senado","datePublished":"2024-03-01T14:00:00+00:00","dateModified":"2024-03-05T14:31:12+00:00","mainEntityOfPage":{"@id":"https:\/\/agenciainfra.com\/blog\/presidente-da-frente-parlamentar-de-energia-quer-destravar-pauta-do-setor-no-senado\/"},"wordCount":1647,"publisher":{"@id":"https:\/\/agenciainfra.com\/blog\/#organization"},"image":{"@id":"https:\/\/agenciainfra.com\/blog\/presidente-da-frente-parlamentar-de-energia-quer-destravar-pauta-do-setor-no-senado\/#primaryimage"},"thumbnailUrl":"https:\/\/agenciainfra.com\/blog\/wp-content\/uploads\/2024\/03\/veneziadovital_credito_agenciasenado.jpg","keywords":["ANEEL","combust\u00edvel","Combust\u00edvel do Futuro","e\u00f3licas","Infraestrutura","senado"],"articleSection":["Destaque lista","iNFRAEnergia"],"inLanguage":"pt-BR","copyrightYear":"2024","copyrightHolder":{"@id":"https:\/\/agenciainfra.com\/blog\/#organization"}},{"@type":"WebPage","@id":"https:\/\/agenciainfra.com\/blog\/presidente-da-frente-parlamentar-de-energia-quer-destravar-pauta-do-setor-no-senado\/","url":"https:\/\/agenciainfra.com\/blog\/presidente-da-frente-parlamentar-de-energia-quer-destravar-pauta-do-setor-no-senado\/","name":"Presidente da Frente Parlamentar de Energia quer destravar pauta do setor no Senado - Ag\u00eancia iNFRA","isPartOf":{"@id":"https:\/\/agenciainfra.com\/blog\/#website"},"primaryImageOfPage":{"@id":"https:\/\/agenciainfra.com\/blog\/presidente-da-frente-parlamentar-de-energia-quer-destravar-pauta-do-setor-no-senado\/#primaryimage"},"image":{"@id":"https:\/\/agenciainfra.com\/blog\/presidente-da-frente-parlamentar-de-energia-quer-destravar-pauta-do-setor-no-senado\/#primaryimage"},"thumbnailUrl":"https:\/\/agenciainfra.com\/blog\/wp-content\/uploads\/2024\/03\/veneziadovital_credito_agenciasenado.jpg","datePublished":"2024-03-01T14:00:00+00:00","dateModified":"2024-03-05T14:31:12+00:00","breadcrumb":{"@id":"https:\/\/agenciainfra.com\/blog\/presidente-da-frente-parlamentar-de-energia-quer-destravar-pauta-do-setor-no-senado\/#breadcrumb"},"inLanguage":"pt-BR","potentialAction":[{"@type":"ReadAction","target":["https:\/\/agenciainfra.com\/blog\/presidente-da-frente-parlamentar-de-energia-quer-destravar-pauta-do-setor-no-senado\/"]}]},{"@type":"ImageObject","inLanguage":"pt-BR","@id":"https:\/\/agenciainfra.com\/blog\/presidente-da-frente-parlamentar-de-energia-quer-destravar-pauta-do-setor-no-senado\/#primaryimage","url":"https:\/\/agenciainfra.com\/blog\/wp-content\/uploads\/2024\/03\/veneziadovital_credito_agenciasenado.jpg","contentUrl":"https:\/\/agenciainfra.com\/blog\/wp-content\/uploads\/2024\/03\/veneziadovital_credito_agenciasenado.jpg","width":860,"height":570},{"@type":"BreadcrumbList","@id":"https:\/\/agenciainfra.com\/blog\/presidente-da-frente-parlamentar-de-energia-quer-destravar-pauta-do-setor-no-senado\/#breadcrumb","itemListElement":[{"@type":"ListItem","position":1,"name":"In\u00edcio","item":"https:\/\/agenciainfra.com\/blog\/"},{"@type":"ListItem","position":2,"name":"Presidente da Frente Parlamentar de Energia quer destravar pauta do setor no Senado"}]},{"@type":"WebSite","@id":"https:\/\/agenciainfra.com\/blog\/#website","url":"https:\/\/agenciainfra.com\/blog\/","name":"Ag\u00eancia iNFRA","description":"Multiplataforma de informa\u00e7\u00e3o jornal\u00edstica refer\u00eancia na \u00e1rea de infraestrutura no Brasil!","publisher":{"@id":"https:\/\/agenciainfra.com\/blog\/#organization"},"potentialAction":[{"@type":"SearchAction","target":{"@type":"EntryPoint","urlTemplate":"https:\/\/agenciainfra.com\/blog\/?s={search_term_string}"},"query-input":{"@type":"PropertyValueSpecification","valueRequired":true,"valueName":"search_term_string"}}],"inLanguage":"pt-BR"},{"@type":"Organization","@id":"https:\/\/agenciainfra.com\/blog\/#organization","name":"Ag\u00eancia iNFRA","url":"https:\/\/agenciainfra.com\/blog\/","logo":{"@type":"ImageObject","inLanguage":"pt-BR","@id":"https:\/\/agenciainfra.com\/blog\/#\/schema\/logo\/image\/","url":"https:\/\/agenciainfra.com\/blog\/wp-content\/uploads\/2023\/09\/iNFRA_5-e1761735885940.png","contentUrl":"https:\/\/agenciainfra.com\/blog\/wp-content\/uploads\/2023\/09\/iNFRA_5-e1761735885940.png","width":1672,"height":454,"caption":"Ag\u00eancia iNFRA"},"image":{"@id":"https:\/\/agenciainfra.com\/blog\/#\/schema\/logo\/image\/"},"sameAs":["https:\/\/www.facebook.com\/ageninfra","https:\/\/x.com\/agencia_infra","https:\/\/www.linkedin.com\/company\/ag\u00eanciainfra\/","https:\/\/www.instagram.com\/agenciainfra\/"]},{"@type":"Person","@id":"https:\/\/agenciainfra.com\/blog\/#\/schema\/person\/34af08dff6adea4cb22b06612ba7acfa","name":"Ag\u00eancia iNFRA","image":{"@type":"ImageObject","inLanguage":"pt-BR","@id":"https:\/\/agenciainfra.com\/blog\/#\/schema\/person\/image\/","url":"https:\/\/secure.gravatar.com\/avatar\/d189e01678f06d8eb84d4e01f08eb848b3fffe3f8443818d3c356c66892f5be8?s=96&d=mm&r=g","contentUrl":"https:\/\/secure.gravatar.com\/avatar\/d189e01678f06d8eb84d4e01f08eb848b3fffe3f8443818d3c356c66892f5be8?s=96&d=mm&r=g","caption":"Ag\u00eancia iNFRA"},"url":"https:\/\/agenciainfra.com\/blog\/author\/admin\/"}]}},"_links":{"self":[{"href":"https:\/\/agenciainfra.com\/blog\/wp-json\/wp\/v2\/posts\/15660","targetHints":{"allow":["GET"]}}],"collection":[{"href":"https:\/\/agenciainfra.com\/blog\/wp-json\/wp\/v2\/posts"}],"about":[{"href":"https:\/\/agenciainfra.com\/blog\/wp-json\/wp\/v2\/types\/post"}],"author":[{"embeddable":true,"href":"https:\/\/agenciainfra.com\/blog\/wp-json\/wp\/v2\/users\/1"}],"replies":[{"embeddable":true,"href":"https:\/\/agenciainfra.com\/blog\/wp-json\/wp\/v2\/comments?post=15660"}],"version-history":[{"count":3,"href":"https:\/\/agenciainfra.com\/blog\/wp-json\/wp\/v2\/posts\/15660\/revisions"}],"predecessor-version":[{"id":15671,"href":"https:\/\/agenciainfra.com\/blog\/wp-json\/wp\/v2\/posts\/15660\/revisions\/15671"}],"wp:featuredmedia":[{"embeddable":true,"href":"https:\/\/agenciainfra.com\/blog\/wp-json\/wp\/v2\/media\/15661"}],"wp:attachment":[{"href":"https:\/\/agenciainfra.com\/blog\/wp-json\/wp\/v2\/media?parent=15660"}],"wp:term":[{"taxonomy":"category","embeddable":true,"href":"https:\/\/agenciainfra.com\/blog\/wp-json\/wp\/v2\/categories?post=15660"},{"taxonomy":"post_tag","embeddable":true,"href":"https:\/\/agenciainfra.com\/blog\/wp-json\/wp\/v2\/tags?post=15660"}],"curies":[{"name":"wp","href":"https:\/\/api.w.org\/{rel}","templated":true}]}}