{"id":15711,"date":"2024-03-08T09:00:00","date_gmt":"2024-03-08T12:00:00","guid":{"rendered":"https:\/\/agenciainfra.com\/blog\/?p=15711"},"modified":"2024-03-08T11:06:40","modified_gmt":"2024-03-08T14:06:40","slug":"anac-autoriza-abertura-de-consulta-publica-para-revisao-de-norma-sobre-providencias-de-fiscalizacao","status":"publish","type":"post","link":"https:\/\/agenciainfra.com\/blog\/anac-autoriza-abertura-de-consulta-publica-para-revisao-de-norma-sobre-providencias-de-fiscalizacao\/","title":{"rendered":"ANAC autoriza abertura de consulta p\u00fablica para revis\u00e3o de norma sobre provid\u00eancias de fiscaliza\u00e7\u00e3o"},"content":{"rendered":"\n<p class=\"has-text-align-right\"><strong>Elisa Costa, da Ag\u00eancia iNFRA<\/strong><\/p>\n\n\n\n<p>A ANAC (Ag\u00eancia Nacional de Avia\u00e7\u00e3o Civil) aprovou a abertura de consulta p\u00fablica, pelo prazo de 60 dias, para revis\u00e3o da&nbsp;<a href=\"https:\/\/agenciainfra.us14.list-manage.com\/track\/click?u=d460dd1bcf9ba0ae040e1fc0f&amp;id=b6793ea14c&amp;e=1192c754bc\" target=\"_blank\" rel=\"noreferrer noopener\">Resolu\u00e7\u00e3o 472\/2018<\/a>, referente \u00e0s provid\u00eancias administrativas de fiscaliza\u00e7\u00e3o adotadas pela ag\u00eancia, com base nos conceitos da regula\u00e7\u00e3o responsiva. O processo, de relatoria do diretor Ricardo Catanant, foi deliberado em reuni\u00e3o de diretoria na \u00faltima ter\u00e7a-feira (5).<\/p>\n\n\n\n<p>O projeto de regula\u00e7\u00e3o responsiva \u2013 presente na Agenda Regulat\u00f3ria 2023-2024 \u2013 foi institu\u00eddo em 2020, com foco no incentivo, na preven\u00e7\u00e3o e na conformidade regulat\u00f3ria. Segundo a ANAC, o projeto busca alternativas que v\u00e3o al\u00e9m do modelo baseado essencialmente em puni\u00e7\u00f5es.<\/p>\n\n\n\n<p>O objetivo, conforme explicou a \u00e1rea t\u00e9cnica durante a reuni\u00e3o, \u00e9 prover ferramentas para tomada de decis\u00f5es, otimizar recursos e reduzir os custos. A aten\u00e7\u00e3o deve ser voltada ao uso adequado de instrumentos de persuas\u00e3o e penalidades, enquanto as ferramentas de comando e controle, devem ser consideradas somente em situa\u00e7\u00f5es estritamente necess\u00e1rias.<\/p>\n\n\n\n<p>Segundo a resolu\u00e7\u00e3o em vigor, as provid\u00eancias de fiscaliza\u00e7\u00e3o da ANAC incluem medidas brandas, que englobam o ACI (Aviso de Condi\u00e7\u00e3o Irregular) e a SRCI (Solicita\u00e7\u00e3o de Repara\u00e7\u00e3o de Condi\u00e7\u00e3o Irregular), mas tamb\u00e9m medidas sancionat\u00f3rias e imediatas, que s\u00e3o utilizadas no caso de as anteriores se mostrarem insuficientes para garantir o cumprimento da norma.<\/p>\n\n\n\n<p>\u201cA proposta n\u00e3o significa relaxamento da ag\u00eancia no cumprimento de qualquer normativo. Pelo contr\u00e1rio, a abordagem prev\u00ea a combina\u00e7\u00e3o de a\u00e7\u00f5es com foco no cumprimento da regula\u00e7\u00e3o. Buscamos avan\u00e7ar nosso relacionamento com os regulados, com um ambiente saud\u00e1vel e de coopera\u00e7\u00e3o\u201d, explicou&nbsp;Catanant, durante a leitura do voto.<\/p>\n\n\n\n<p>O diretor Ricardo Catanant ressaltou que j\u00e1 foram realizados cerca de 20 eventos para debater o assunto, al\u00e9m do envolvimento de institui\u00e7\u00f5es acad\u00eamicas, como a UnB (Universidade de Bras\u00edlia), e de ag\u00eancias como a Anatel (Ag\u00eancia Nacional de Telecomunica\u00e7\u00f5es), a ANEEL (Ag\u00eancia Nacional de Energia El\u00e9trica) e a ANTAQ (Ag\u00eancia Nacional de Transportes Aquavi\u00e1rios).<\/p>\n\n\n\n<p><strong>Aprimoramento<\/strong><br>De acordo com a ANAC, a proposta de revis\u00e3o surgiu a partir da necessidade de aprimorar medidas que incentivem os regulados a permanecerem na conformidade. Para isso, a norma inclui novas diretrizes para fiscaliza\u00e7\u00e3o, que come\u00e7ar\u00e1 pelo registro e controle, depois pelo retorno \u00e0 conformidade, e, por fim, a promo\u00e7\u00e3o da educa\u00e7\u00e3o, preven\u00e7\u00e3o e incentivos \u00e0 efetividade regulat\u00f3ria.<\/p>\n\n\n\n<p>O texto tamb\u00e9m cont\u00e9m novos par\u00e2metros, agora flex\u00edveis e adapt\u00e1veis, que levam em considera\u00e7\u00e3o os aspectos de cada situa\u00e7\u00e3o. No c\u00e1lculo das multas, tamb\u00e9m haver\u00e1 mudan\u00e7as: as san\u00e7\u00f5es ter\u00e3o abrang\u00eancia maior e de acordo com o valor de refer\u00eancia. As san\u00e7\u00f5es poder\u00e3o basear-se no m\u00ednimo de 20% e m\u00e1ximo de 300% do valor-base de multa previsto para cada infra\u00e7\u00e3o.<\/p>\n\n\n\n<p>H\u00e1 tamb\u00e9m um aperfei\u00e7oamento processual, com o objetivo de otimizar o fluxo, dar clareza e simplificar o c\u00e1lculo de infra\u00e7\u00f5es cont\u00ednuas. Dentro deste tema, constam o desconto por n\u00e3o interposi\u00e7\u00e3o de recurso, a elimina\u00e7\u00e3o do arbitramento sum\u00e1rio e a uniformiza\u00e7\u00e3o de prazos processuais.<\/p>\n","protected":false},"excerpt":{"rendered":"<p>Elisa Costa, da Ag\u00eancia iNFRA A ANAC (Ag\u00eancia Nacional de Avia\u00e7\u00e3o Civil) aprovou a abertura de consulta p\u00fablica, pelo prazo de 60 dias, para revis\u00e3o da&nbsp;Resolu\u00e7\u00e3o 472\/2018, referente \u00e0s provid\u00eancias administrativas de fiscaliza\u00e7\u00e3o adotadas pela ag\u00eancia, com base nos conceitos da regula\u00e7\u00e3o responsiva. O processo, de relatoria do diretor Ricardo Catanant, foi deliberado em reuni\u00e3o [&hellip;]<\/p>\n","protected":false},"author":1,"featured_media":5415,"comment_status":"closed","ping_status":"closed","sticky":false,"template":"","format":"standard","meta":{"_monsterinsights_skip_tracking":false,"_monsterinsights_sitenote_active":false,"_monsterinsights_sitenote_note":"","_monsterinsights_sitenote_category":0,"footnotes":""},"categories":[7250,1,7],"tags":[2540,242,345,7367,380,48,3408,1626,5656,8744,1338],"class_list":["post-15711","post","type-post","status-publish","format-standard","has-post-thumbnail","hentry","category-destaque-lista","category-geral","category-infratransporte","tag-agenda-regulatoria","tag-anac","tag-consulta-publica","tag-elisa-costa","tag-fiscalizacao","tag-regulacao","tag-regulacao-responsiva","tag-resolucao-472-2018","tag-reuniao-de-diretoria","tag-revisao-de-norma","tag-ricardo-catanant"],"yoast_head":"<!-- This site is optimized with the Yoast SEO Premium plugin v25.4 (Yoast SEO v26.0) - https:\/\/yoast.com\/wordpress\/plugins\/seo\/ -->\n<title>ANAC autoriza abertura de consulta p\u00fablica para revis\u00e3o de norma sobre provid\u00eancias de fiscaliza\u00e7\u00e3o - Ag\u00eancia iNFRA<\/title>\n<meta name=\"robots\" content=\"index, follow, max-snippet:-1, max-image-preview:large, max-video-preview:-1\" \/>\n<link rel=\"canonical\" href=\"https:\/\/agenciainfra.com\/blog\/anac-autoriza-abertura-de-consulta-publica-para-revisao-de-norma-sobre-providencias-de-fiscalizacao\/\" \/>\n<meta property=\"og:locale\" content=\"pt_BR\" \/>\n<meta property=\"og:type\" content=\"article\" \/>\n<meta property=\"og:title\" content=\"ANAC autoriza abertura de consulta p\u00fablica para revis\u00e3o de norma sobre provid\u00eancias de fiscaliza\u00e7\u00e3o\" \/>\n<meta property=\"og:description\" content=\"Elisa Costa, da Ag\u00eancia iNFRA A ANAC (Ag\u00eancia Nacional de Avia\u00e7\u00e3o Civil) aprovou a abertura de consulta p\u00fablica, pelo prazo de 60 dias, para revis\u00e3o da&nbsp;Resolu\u00e7\u00e3o 472\/2018, referente \u00e0s provid\u00eancias administrativas de fiscaliza\u00e7\u00e3o adotadas pela ag\u00eancia, com base nos conceitos da regula\u00e7\u00e3o responsiva. O processo, de relatoria do diretor Ricardo Catanant, foi deliberado em reuni\u00e3o [&hellip;]\" \/>\n<meta property=\"og:url\" content=\"https:\/\/agenciainfra.com\/blog\/anac-autoriza-abertura-de-consulta-publica-para-revisao-de-norma-sobre-providencias-de-fiscalizacao\/\" \/>\n<meta property=\"og:site_name\" content=\"Ag\u00eancia iNFRA\" \/>\n<meta property=\"article:publisher\" content=\"https:\/\/www.facebook.com\/ageninfra\" \/>\n<meta property=\"article:published_time\" content=\"2024-03-08T12:00:00+00:00\" \/>\n<meta property=\"article:modified_time\" content=\"2024-03-08T14:06:40+00:00\" \/>\n<meta property=\"og:image\" content=\"https:\/\/agenciainfra.com\/blog\/wp-content\/uploads\/2020\/07\/aviao3.jpg\" \/>\n\t<meta property=\"og:image:width\" content=\"1200\" \/>\n\t<meta property=\"og:image:height\" content=\"900\" \/>\n\t<meta property=\"og:image:type\" content=\"image\/jpeg\" \/>\n<meta name=\"author\" content=\"Ag\u00eancia iNFRA\" \/>\n<meta name=\"twitter:card\" content=\"summary_large_image\" \/>\n<meta name=\"twitter:creator\" content=\"@agencia_infra\" \/>\n<meta name=\"twitter:site\" content=\"@agencia_infra\" \/>\n<meta name=\"twitter:label1\" content=\"Escrito por\" \/>\n\t<meta name=\"twitter:data1\" content=\"Ag\u00eancia iNFRA\" \/>\n\t<meta name=\"twitter:label2\" content=\"Est. tempo de leitura\" \/>\n\t<meta name=\"twitter:data2\" content=\"3 minutos\" \/>\n<script type=\"application\/ld+json\" class=\"yoast-schema-graph\">{\"@context\":\"https:\/\/schema.org\",\"@graph\":[{\"@type\":\"Article\",\"@id\":\"https:\/\/agenciainfra.com\/blog\/anac-autoriza-abertura-de-consulta-publica-para-revisao-de-norma-sobre-providencias-de-fiscalizacao\/#article\",\"isPartOf\":{\"@id\":\"https:\/\/agenciainfra.com\/blog\/anac-autoriza-abertura-de-consulta-publica-para-revisao-de-norma-sobre-providencias-de-fiscalizacao\/\"},\"author\":{\"name\":\"Ag\u00eancia iNFRA\",\"@id\":\"https:\/\/agenciainfra.com\/blog\/#\/schema\/person\/34af08dff6adea4cb22b06612ba7acfa\"},\"headline\":\"ANAC autoriza abertura de consulta p\u00fablica para revis\u00e3o de norma sobre provid\u00eancias de fiscaliza\u00e7\u00e3o\",\"datePublished\":\"2024-03-08T12:00:00+00:00\",\"dateModified\":\"2024-03-08T14:06:40+00:00\",\"mainEntityOfPage\":{\"@id\":\"https:\/\/agenciainfra.com\/blog\/anac-autoriza-abertura-de-consulta-publica-para-revisao-de-norma-sobre-providencias-de-fiscalizacao\/\"},\"wordCount\":574,\"publisher\":{\"@id\":\"https:\/\/agenciainfra.com\/blog\/#organization\"},\"image\":{\"@id\":\"https:\/\/agenciainfra.com\/blog\/anac-autoriza-abertura-de-consulta-publica-para-revisao-de-norma-sobre-providencias-de-fiscalizacao\/#primaryimage\"},\"thumbnailUrl\":\"https:\/\/agenciainfra.com\/blog\/wp-content\/uploads\/2020\/07\/aviao3-e1749563487636.jpg\",\"keywords\":[\"agenda regulat\u00f3ria\",\"ANAC\",\"consulta p\u00fablica\",\"Elisa Costa\",\"fiscaliza\u00e7\u00e3o\",\"Regula\u00e7\u00e3o\",\"regula\u00e7\u00e3o responsiva\",\"Resolu\u00e7\u00e3o 472\/2018\",\"reuni\u00e3o de diretoria\",\"Revis\u00e3o de Norma\",\"Ricardo Catanant\"],\"articleSection\":[\"Destaque lista\",\"Geral\",\"iNFRATransporte\"],\"inLanguage\":\"pt-BR\",\"copyrightYear\":\"2024\",\"copyrightHolder\":{\"@id\":\"https:\/\/agenciainfra.com\/blog\/#organization\"}},{\"@type\":\"WebPage\",\"@id\":\"https:\/\/agenciainfra.com\/blog\/anac-autoriza-abertura-de-consulta-publica-para-revisao-de-norma-sobre-providencias-de-fiscalizacao\/\",\"url\":\"https:\/\/agenciainfra.com\/blog\/anac-autoriza-abertura-de-consulta-publica-para-revisao-de-norma-sobre-providencias-de-fiscalizacao\/\",\"name\":\"ANAC autoriza abertura de consulta p\u00fablica para revis\u00e3o de norma sobre provid\u00eancias de fiscaliza\u00e7\u00e3o - Ag\u00eancia iNFRA\",\"isPartOf\":{\"@id\":\"https:\/\/agenciainfra.com\/blog\/#website\"},\"primaryImageOfPage\":{\"@id\":\"https:\/\/agenciainfra.com\/blog\/anac-autoriza-abertura-de-consulta-publica-para-revisao-de-norma-sobre-providencias-de-fiscalizacao\/#primaryimage\"},\"image\":{\"@id\":\"https:\/\/agenciainfra.com\/blog\/anac-autoriza-abertura-de-consulta-publica-para-revisao-de-norma-sobre-providencias-de-fiscalizacao\/#primaryimage\"},\"thumbnailUrl\":\"https:\/\/agenciainfra.com\/blog\/wp-content\/uploads\/2020\/07\/aviao3-e1749563487636.jpg\",\"datePublished\":\"2024-03-08T12:00:00+00:00\",\"dateModified\":\"2024-03-08T14:06:40+00:00\",\"breadcrumb\":{\"@id\":\"https:\/\/agenciainfra.com\/blog\/anac-autoriza-abertura-de-consulta-publica-para-revisao-de-norma-sobre-providencias-de-fiscalizacao\/#breadcrumb\"},\"inLanguage\":\"pt-BR\",\"potentialAction\":[{\"@type\":\"ReadAction\",\"target\":[\"https:\/\/agenciainfra.com\/blog\/anac-autoriza-abertura-de-consulta-publica-para-revisao-de-norma-sobre-providencias-de-fiscalizacao\/\"]}]},{\"@type\":\"ImageObject\",\"inLanguage\":\"pt-BR\",\"@id\":\"https:\/\/agenciainfra.com\/blog\/anac-autoriza-abertura-de-consulta-publica-para-revisao-de-norma-sobre-providencias-de-fiscalizacao\/#primaryimage\",\"url\":\"https:\/\/agenciainfra.com\/blog\/wp-content\/uploads\/2020\/07\/aviao3-e1749563487636.jpg\",\"contentUrl\":\"https:\/\/agenciainfra.com\/blog\/wp-content\/uploads\/2020\/07\/aviao3-e1749563487636.jpg\",\"width\":1200,\"height\":758,\"caption\":\"Foto: Dom\u00ednio P\u00fablico\"},{\"@type\":\"BreadcrumbList\",\"@id\":\"https:\/\/agenciainfra.com\/blog\/anac-autoriza-abertura-de-consulta-publica-para-revisao-de-norma-sobre-providencias-de-fiscalizacao\/#breadcrumb\",\"itemListElement\":[{\"@type\":\"ListItem\",\"position\":1,\"name\":\"In\u00edcio\",\"item\":\"https:\/\/agenciainfra.com\/blog\/\"},{\"@type\":\"ListItem\",\"position\":2,\"name\":\"ANAC autoriza abertura de consulta p\u00fablica para revis\u00e3o de norma sobre provid\u00eancias de fiscaliza\u00e7\u00e3o\"}]},{\"@type\":\"WebSite\",\"@id\":\"https:\/\/agenciainfra.com\/blog\/#website\",\"url\":\"https:\/\/agenciainfra.com\/blog\/\",\"name\":\"Ag\u00eancia iNFRA\",\"description\":\"Multiplataforma de informa\u00e7\u00e3o jornal\u00edstica refer\u00eancia na \u00e1rea de infraestrutura no Brasil!\",\"publisher\":{\"@id\":\"https:\/\/agenciainfra.com\/blog\/#organization\"},\"potentialAction\":[{\"@type\":\"SearchAction\",\"target\":{\"@type\":\"EntryPoint\",\"urlTemplate\":\"https:\/\/agenciainfra.com\/blog\/?s={search_term_string}\"},\"query-input\":{\"@type\":\"PropertyValueSpecification\",\"valueRequired\":true,\"valueName\":\"search_term_string\"}}],\"inLanguage\":\"pt-BR\"},{\"@type\":\"Organization\",\"@id\":\"https:\/\/agenciainfra.com\/blog\/#organization\",\"name\":\"Ag\u00eancia iNFRA\",\"url\":\"https:\/\/agenciainfra.com\/blog\/\",\"logo\":{\"@type\":\"ImageObject\",\"inLanguage\":\"pt-BR\",\"@id\":\"https:\/\/agenciainfra.com\/blog\/#\/schema\/logo\/image\/\",\"url\":\"https:\/\/agenciainfra.com\/blog\/wp-content\/uploads\/2023\/09\/iNFRA_5-e1761735885940.png\",\"contentUrl\":\"https:\/\/agenciainfra.com\/blog\/wp-content\/uploads\/2023\/09\/iNFRA_5-e1761735885940.png\",\"width\":1672,\"height\":454,\"caption\":\"Ag\u00eancia iNFRA\"},\"image\":{\"@id\":\"https:\/\/agenciainfra.com\/blog\/#\/schema\/logo\/image\/\"},\"sameAs\":[\"https:\/\/www.facebook.com\/ageninfra\",\"https:\/\/x.com\/agencia_infra\",\"https:\/\/www.linkedin.com\/company\/ag\u00eanciainfra\/\",\"https:\/\/www.instagram.com\/agenciainfra\/\"]},{\"@type\":\"Person\",\"@id\":\"https:\/\/agenciainfra.com\/blog\/#\/schema\/person\/34af08dff6adea4cb22b06612ba7acfa\",\"name\":\"Ag\u00eancia iNFRA\",\"image\":{\"@type\":\"ImageObject\",\"inLanguage\":\"pt-BR\",\"@id\":\"https:\/\/agenciainfra.com\/blog\/#\/schema\/person\/image\/\",\"url\":\"https:\/\/secure.gravatar.com\/avatar\/d189e01678f06d8eb84d4e01f08eb848b3fffe3f8443818d3c356c66892f5be8?s=96&d=mm&r=g\",\"contentUrl\":\"https:\/\/secure.gravatar.com\/avatar\/d189e01678f06d8eb84d4e01f08eb848b3fffe3f8443818d3c356c66892f5be8?s=96&d=mm&r=g\",\"caption\":\"Ag\u00eancia iNFRA\"},\"url\":\"https:\/\/agenciainfra.com\/blog\/author\/admin\/\"}]}<\/script>\n<!-- \/ Yoast SEO Premium plugin. -->","yoast_head_json":{"title":"ANAC autoriza abertura de consulta p\u00fablica para revis\u00e3o de norma sobre provid\u00eancias de fiscaliza\u00e7\u00e3o - Ag\u00eancia iNFRA","robots":{"index":"index","follow":"follow","max-snippet":"max-snippet:-1","max-image-preview":"max-image-preview:large","max-video-preview":"max-video-preview:-1"},"canonical":"https:\/\/agenciainfra.com\/blog\/anac-autoriza-abertura-de-consulta-publica-para-revisao-de-norma-sobre-providencias-de-fiscalizacao\/","og_locale":"pt_BR","og_type":"article","og_title":"ANAC autoriza abertura de consulta p\u00fablica para revis\u00e3o de norma sobre provid\u00eancias de fiscaliza\u00e7\u00e3o","og_description":"Elisa Costa, da Ag\u00eancia iNFRA A ANAC (Ag\u00eancia Nacional de Avia\u00e7\u00e3o Civil) aprovou a abertura de consulta p\u00fablica, pelo prazo de 60 dias, para revis\u00e3o da&nbsp;Resolu\u00e7\u00e3o 472\/2018, referente \u00e0s provid\u00eancias administrativas de fiscaliza\u00e7\u00e3o adotadas pela ag\u00eancia, com base nos conceitos da regula\u00e7\u00e3o responsiva. O processo, de relatoria do diretor Ricardo Catanant, foi deliberado em reuni\u00e3o [&hellip;]","og_url":"https:\/\/agenciainfra.com\/blog\/anac-autoriza-abertura-de-consulta-publica-para-revisao-de-norma-sobre-providencias-de-fiscalizacao\/","og_site_name":"Ag\u00eancia iNFRA","article_publisher":"https:\/\/www.facebook.com\/ageninfra","article_published_time":"2024-03-08T12:00:00+00:00","article_modified_time":"2024-03-08T14:06:40+00:00","og_image":[{"width":1200,"height":900,"url":"https:\/\/agenciainfra.com\/blog\/wp-content\/uploads\/2020\/07\/aviao3.jpg","type":"image\/jpeg"}],"author":"Ag\u00eancia iNFRA","twitter_card":"summary_large_image","twitter_creator":"@agencia_infra","twitter_site":"@agencia_infra","twitter_misc":{"Escrito por":"Ag\u00eancia iNFRA","Est. tempo de leitura":"3 minutos"},"schema":{"@context":"https:\/\/schema.org","@graph":[{"@type":"Article","@id":"https:\/\/agenciainfra.com\/blog\/anac-autoriza-abertura-de-consulta-publica-para-revisao-de-norma-sobre-providencias-de-fiscalizacao\/#article","isPartOf":{"@id":"https:\/\/agenciainfra.com\/blog\/anac-autoriza-abertura-de-consulta-publica-para-revisao-de-norma-sobre-providencias-de-fiscalizacao\/"},"author":{"name":"Ag\u00eancia iNFRA","@id":"https:\/\/agenciainfra.com\/blog\/#\/schema\/person\/34af08dff6adea4cb22b06612ba7acfa"},"headline":"ANAC autoriza abertura de consulta p\u00fablica para revis\u00e3o de norma sobre provid\u00eancias de fiscaliza\u00e7\u00e3o","datePublished":"2024-03-08T12:00:00+00:00","dateModified":"2024-03-08T14:06:40+00:00","mainEntityOfPage":{"@id":"https:\/\/agenciainfra.com\/blog\/anac-autoriza-abertura-de-consulta-publica-para-revisao-de-norma-sobre-providencias-de-fiscalizacao\/"},"wordCount":574,"publisher":{"@id":"https:\/\/agenciainfra.com\/blog\/#organization"},"image":{"@id":"https:\/\/agenciainfra.com\/blog\/anac-autoriza-abertura-de-consulta-publica-para-revisao-de-norma-sobre-providencias-de-fiscalizacao\/#primaryimage"},"thumbnailUrl":"https:\/\/agenciainfra.com\/blog\/wp-content\/uploads\/2020\/07\/aviao3-e1749563487636.jpg","keywords":["agenda regulat\u00f3ria","ANAC","consulta p\u00fablica","Elisa Costa","fiscaliza\u00e7\u00e3o","Regula\u00e7\u00e3o","regula\u00e7\u00e3o responsiva","Resolu\u00e7\u00e3o 472\/2018","reuni\u00e3o de diretoria","Revis\u00e3o de Norma","Ricardo Catanant"],"articleSection":["Destaque lista","Geral","iNFRATransporte"],"inLanguage":"pt-BR","copyrightYear":"2024","copyrightHolder":{"@id":"https:\/\/agenciainfra.com\/blog\/#organization"}},{"@type":"WebPage","@id":"https:\/\/agenciainfra.com\/blog\/anac-autoriza-abertura-de-consulta-publica-para-revisao-de-norma-sobre-providencias-de-fiscalizacao\/","url":"https:\/\/agenciainfra.com\/blog\/anac-autoriza-abertura-de-consulta-publica-para-revisao-de-norma-sobre-providencias-de-fiscalizacao\/","name":"ANAC autoriza abertura de consulta p\u00fablica para revis\u00e3o de norma sobre provid\u00eancias de fiscaliza\u00e7\u00e3o - Ag\u00eancia iNFRA","isPartOf":{"@id":"https:\/\/agenciainfra.com\/blog\/#website"},"primaryImageOfPage":{"@id":"https:\/\/agenciainfra.com\/blog\/anac-autoriza-abertura-de-consulta-publica-para-revisao-de-norma-sobre-providencias-de-fiscalizacao\/#primaryimage"},"image":{"@id":"https:\/\/agenciainfra.com\/blog\/anac-autoriza-abertura-de-consulta-publica-para-revisao-de-norma-sobre-providencias-de-fiscalizacao\/#primaryimage"},"thumbnailUrl":"https:\/\/agenciainfra.com\/blog\/wp-content\/uploads\/2020\/07\/aviao3-e1749563487636.jpg","datePublished":"2024-03-08T12:00:00+00:00","dateModified":"2024-03-08T14:06:40+00:00","breadcrumb":{"@id":"https:\/\/agenciainfra.com\/blog\/anac-autoriza-abertura-de-consulta-publica-para-revisao-de-norma-sobre-providencias-de-fiscalizacao\/#breadcrumb"},"inLanguage":"pt-BR","potentialAction":[{"@type":"ReadAction","target":["https:\/\/agenciainfra.com\/blog\/anac-autoriza-abertura-de-consulta-publica-para-revisao-de-norma-sobre-providencias-de-fiscalizacao\/"]}]},{"@type":"ImageObject","inLanguage":"pt-BR","@id":"https:\/\/agenciainfra.com\/blog\/anac-autoriza-abertura-de-consulta-publica-para-revisao-de-norma-sobre-providencias-de-fiscalizacao\/#primaryimage","url":"https:\/\/agenciainfra.com\/blog\/wp-content\/uploads\/2020\/07\/aviao3-e1749563487636.jpg","contentUrl":"https:\/\/agenciainfra.com\/blog\/wp-content\/uploads\/2020\/07\/aviao3-e1749563487636.jpg","width":1200,"height":758,"caption":"Foto: Dom\u00ednio P\u00fablico"},{"@type":"BreadcrumbList","@id":"https:\/\/agenciainfra.com\/blog\/anac-autoriza-abertura-de-consulta-publica-para-revisao-de-norma-sobre-providencias-de-fiscalizacao\/#breadcrumb","itemListElement":[{"@type":"ListItem","position":1,"name":"In\u00edcio","item":"https:\/\/agenciainfra.com\/blog\/"},{"@type":"ListItem","position":2,"name":"ANAC autoriza abertura de consulta p\u00fablica para revis\u00e3o de norma sobre provid\u00eancias de fiscaliza\u00e7\u00e3o"}]},{"@type":"WebSite","@id":"https:\/\/agenciainfra.com\/blog\/#website","url":"https:\/\/agenciainfra.com\/blog\/","name":"Ag\u00eancia iNFRA","description":"Multiplataforma de informa\u00e7\u00e3o jornal\u00edstica refer\u00eancia na \u00e1rea de infraestrutura no Brasil!","publisher":{"@id":"https:\/\/agenciainfra.com\/blog\/#organization"},"potentialAction":[{"@type":"SearchAction","target":{"@type":"EntryPoint","urlTemplate":"https:\/\/agenciainfra.com\/blog\/?s={search_term_string}"},"query-input":{"@type":"PropertyValueSpecification","valueRequired":true,"valueName":"search_term_string"}}],"inLanguage":"pt-BR"},{"@type":"Organization","@id":"https:\/\/agenciainfra.com\/blog\/#organization","name":"Ag\u00eancia iNFRA","url":"https:\/\/agenciainfra.com\/blog\/","logo":{"@type":"ImageObject","inLanguage":"pt-BR","@id":"https:\/\/agenciainfra.com\/blog\/#\/schema\/logo\/image\/","url":"https:\/\/agenciainfra.com\/blog\/wp-content\/uploads\/2023\/09\/iNFRA_5-e1761735885940.png","contentUrl":"https:\/\/agenciainfra.com\/blog\/wp-content\/uploads\/2023\/09\/iNFRA_5-e1761735885940.png","width":1672,"height":454,"caption":"Ag\u00eancia iNFRA"},"image":{"@id":"https:\/\/agenciainfra.com\/blog\/#\/schema\/logo\/image\/"},"sameAs":["https:\/\/www.facebook.com\/ageninfra","https:\/\/x.com\/agencia_infra","https:\/\/www.linkedin.com\/company\/ag\u00eanciainfra\/","https:\/\/www.instagram.com\/agenciainfra\/"]},{"@type":"Person","@id":"https:\/\/agenciainfra.com\/blog\/#\/schema\/person\/34af08dff6adea4cb22b06612ba7acfa","name":"Ag\u00eancia iNFRA","image":{"@type":"ImageObject","inLanguage":"pt-BR","@id":"https:\/\/agenciainfra.com\/blog\/#\/schema\/person\/image\/","url":"https:\/\/secure.gravatar.com\/avatar\/d189e01678f06d8eb84d4e01f08eb848b3fffe3f8443818d3c356c66892f5be8?s=96&d=mm&r=g","contentUrl":"https:\/\/secure.gravatar.com\/avatar\/d189e01678f06d8eb84d4e01f08eb848b3fffe3f8443818d3c356c66892f5be8?s=96&d=mm&r=g","caption":"Ag\u00eancia iNFRA"},"url":"https:\/\/agenciainfra.com\/blog\/author\/admin\/"}]}},"_links":{"self":[{"href":"https:\/\/agenciainfra.com\/blog\/wp-json\/wp\/v2\/posts\/15711","targetHints":{"allow":["GET"]}}],"collection":[{"href":"https:\/\/agenciainfra.com\/blog\/wp-json\/wp\/v2\/posts"}],"about":[{"href":"https:\/\/agenciainfra.com\/blog\/wp-json\/wp\/v2\/types\/post"}],"author":[{"embeddable":true,"href":"https:\/\/agenciainfra.com\/blog\/wp-json\/wp\/v2\/users\/1"}],"replies":[{"embeddable":true,"href":"https:\/\/agenciainfra.com\/blog\/wp-json\/wp\/v2\/comments?post=15711"}],"version-history":[{"count":1,"href":"https:\/\/agenciainfra.com\/blog\/wp-json\/wp\/v2\/posts\/15711\/revisions"}],"predecessor-version":[{"id":15712,"href":"https:\/\/agenciainfra.com\/blog\/wp-json\/wp\/v2\/posts\/15711\/revisions\/15712"}],"wp:featuredmedia":[{"embeddable":true,"href":"https:\/\/agenciainfra.com\/blog\/wp-json\/wp\/v2\/media\/5415"}],"wp:attachment":[{"href":"https:\/\/agenciainfra.com\/blog\/wp-json\/wp\/v2\/media?parent=15711"}],"wp:term":[{"taxonomy":"category","embeddable":true,"href":"https:\/\/agenciainfra.com\/blog\/wp-json\/wp\/v2\/categories?post=15711"},{"taxonomy":"post_tag","embeddable":true,"href":"https:\/\/agenciainfra.com\/blog\/wp-json\/wp\/v2\/tags?post=15711"}],"curies":[{"name":"wp","href":"https:\/\/api.w.org\/{rel}","templated":true}]}}