{"id":15770,"date":"2024-03-16T09:00:00","date_gmt":"2024-03-16T12:00:00","guid":{"rendered":"https:\/\/agenciainfra.com\/blog\/?p=15770"},"modified":"2024-03-18T10:28:41","modified_gmt":"2024-03-18T13:28:41","slug":"planos-setoriais-do-pnl-2035-serao-levados-a-consulta-publica-ate-o-fim-do-mes-diz-secretaria-do-mpor","status":"publish","type":"post","link":"https:\/\/agenciainfra.com\/blog\/planos-setoriais-do-pnl-2035-serao-levados-a-consulta-publica-ate-o-fim-do-mes-diz-secretaria-do-mpor\/","title":{"rendered":"Planos setoriais do PNL 2035 ser\u00e3o levados a consulta p\u00fablica at\u00e9 o fim do m\u00eas, diz secret\u00e1ria do MPor"},"content":{"rendered":"\n<p class=\"has-text-align-right\"><strong>da Ag\u00eancia iNFRA<\/strong><\/p>\n\n\n\n<p>Os planos setoriais para rodovias, ferrovias, portos e hidrovias dever\u00e3o ter suas consultas p\u00fablicas lan\u00e7adas at\u00e9 o fim deste m\u00eas. Esse \u00e9 o in\u00edcio da etapa final para a conclus\u00e3o do PNL (Plano Nacional de Log\u00edstica) 2035, que pretende ser a ferramenta para o planejamento de transportes do pa\u00eds nos pr\u00f3ximos anos.<br><br>A informa\u00e7\u00e3o foi dada pela secret\u00e1ria-executiva do Minist\u00e9rio de Portos e Aeroportos, Mariana Pescatori, \u00e0&nbsp;<strong>Ag\u00eancia iNFRA<\/strong>&nbsp;ao participar do evento Infraconnect, na \u00faltima ter\u00e7a-feira (12). Promovido pela ANTT (Ag\u00eancia Nacional de Transportes Terrestres) e pela Anatel (Ag\u00eancia Nacional de Telecomunica\u00e7\u00f5es), o encontro tratou da necessidade de maior integra\u00e7\u00e3o entre \u00f3rg\u00e3os governamentais para fomentar a conectividade no setor. A transmiss\u00e3o do evento est\u00e1&nbsp;<a href=\"https:\/\/agenciainfra.us14.list-manage.com\/track\/click?u=d460dd1bcf9ba0ae040e1fc0f&amp;id=a602c61313&amp;e=55b7a27fc9\" target=\"_blank\" rel=\"noreferrer noopener\">neste link<\/a>.<br><br>O PNL 2035 foi lan\u00e7ado na gest\u00e3o passada com a promessa de ser a ferramenta para prioriza\u00e7\u00e3o dos investimentos em transportes no pa\u00eds. Ap\u00f3s a etapa inicial de identifica\u00e7\u00e3o de demandas e produ\u00e7\u00e3o das diretrizes, cada \u00e1rea de transporte faria um plano setorial voltado a identificar os investimentos que deveriam ser priorizados e separar os que seriam feitos com recursos p\u00fablicos e em parcerias.<br><br>Uma portaria do antigo Minist\u00e9rio da Infraestrutura indicava que esses planos estivessem prontos at\u00e9 2023 para que fosse poss\u00edvel vincular o PNL ao PPA (Plano Plurianual) 2024-2027, aprovado pelo Congresso no ano passado. Mas, atrasos que j\u00e1 vinham desde a gest\u00e3o passada e uma determina\u00e7\u00e3o dos novos minist\u00e9rios de revis\u00e3o nos projetos deixados impediram que os planos setoriais fossem levados a consulta at\u00e9 agora.<br><br>A demora levou o TCU (Tribunal de Contas da Uni\u00e3o), numa auditoria sobre o tema do ano passado, a apontar uma s\u00e9rie de problemas no planejamento setorial de transporte na atual gest\u00e3o, como a inclus\u00e3o de obras no Novo PAC sem crit\u00e9rios e que se mostravam com menor retorno econ\u00f4mico social que outras deixadas de lado, conforme mostrou&nbsp;<a href=\"https:\/\/agenciainfra.us14.list-manage.com\/track\/click?u=d460dd1bcf9ba0ae040e1fc0f&amp;id=a23edaee2b&amp;e=55b7a27fc9\" target=\"_blank\" rel=\"noreferrer noopener\">reportagem<\/a>&nbsp;da&nbsp;<strong>Ag\u00eancia iNFRA<\/strong>.<br><br>O Minist\u00e9rio dos Transportes determinou v\u00e1rias mudan\u00e7as no modelo porque considerou que os planos setoriais tinham &#8220;premissas erradas&#8221;. A revis\u00e3o, segundo uma fonte, foi encerrada e agora o plano est\u00e1 pronto para ser lan\u00e7ado. Al\u00e9m disso, a Infra S.A., estatal do Minist\u00e9rio dos Transportes que conduz o PNL, est\u00e1 trabalhando para j\u00e1 lan\u00e7ar a atualiza\u00e7\u00e3o do PNL at\u00e9 2055.<br><br><strong>Decreto tamb\u00e9m deve ser publicado<\/strong><br>De acordo com a secret\u00e1ria Mariana Pescatori, al\u00e9m do lan\u00e7amento dos planos setoriais, tamb\u00e9m dever\u00e1 ser publicado o decreto que permitir\u00e1 que as duas pastas que foram cindidas do antigo Minist\u00e9rio da Infraestrutura possam trabalhar de maneira coordenada no planejamento setorial, o que tamb\u00e9m foi motivo de cobran\u00e7a na decis\u00e3o do TCU.<br><br>Mariana afirmou que, mesmo sem a formaliza\u00e7\u00e3o do decreto, os dois ministros, Renan Filho e Silvio Costa Filho, t\u00eam trabalhado em coopera\u00e7\u00e3o e que as \u00e1reas t\u00e9cnicas das duas pastas continuam operando coordenadas em v\u00e1rios setores.<br><br>A integra\u00e7\u00e3o entre os diferentes setores da infraestrutura por meio da conectividade foi o principal tema do encontro realizado na ANTT, mostrando que ela pode ser o elo entre todas as pol\u00edticas p\u00fablicas do governo, como disse o diretor da Anatel, Alexandre Freire.<br><br><strong>Desafio ainda \u00e9 falta de acesso a banda larga<\/strong><br>No entanto, a falta de acesso a conex\u00f5es de banda larga com qualidade foi apresentada como o principal desafio no momento. O diretor da ANTT Luciano Louren\u00e7o contou que h\u00e1 casos na BR-163\/MT em que, quando caminh\u00f5es param em \u00e1reas de sombra nas barreiras de pare e siga de obras, os ve\u00edculos acabam bloqueados pelo sistema de seguran\u00e7a, que entende que ele est\u00e1 atrasado para chegar a um determinado ponto e pode ter sido roubado.<br><br>A diretora da ANTAQ (Ag\u00eancia Nacional de Transportes Aquavi\u00e1rios) Fl\u00e1via Takafashi, presente ao evento, contou que recebeu de um operador portu\u00e1rio no porto de Santos (SP), o maior do pa\u00eds, a informa\u00e7\u00e3o de que a conectividade na \u00e1rea onde operava era insuficiente para implantar novos sistemas obrigat\u00f3rios de gest\u00e3o de carga.&nbsp;<br><br>O diretor da ANTT Felipe Queiroz lembrou que um dos pap\u00e9is da ag\u00eancia \u00e9 fomentar a chamada intermodalidade no setor de transportes, mas que isso, de fato, s\u00f3 ter\u00e1 incentivo quando houver uma maior conectividade, possibilitando trocas de informa\u00e7\u00f5es mais velozes e que leve a ganhos de efici\u00eancia para quem se utiliza de mais de um modo para transportar a carga.<br><br><strong>Premia\u00e7\u00e3o para projetos de rede privada<\/strong><br>O diretor-presidente da Anatel, Alexandre Baigorri, sugeriu a cria\u00e7\u00e3o de uma premia\u00e7\u00e3o espec\u00edfica para as empresas que em redes privadas de telefonia apresentarem projetos nessas \u00e1reas que sejam voltados ao setor de transportes.<br><br>Segundo ele, a ag\u00eancia promoveu um primeiro chamamento de projetos desse tipo, mas que estavam mais ligados aos setores do agroneg\u00f3cio e \u00f3leo e g\u00e1s. De acordo com Baigorri, o pr\u00eamio pode identificar bons projetos que posteriormente podem ser replicados, ampliando a efici\u00eancia e a produtividade no setor.<br><br>O diretor-geral da ANTT, Rafael Vitale, lembrou ainda que nesta semana a diretoria da ag\u00eancia dever\u00e1 aprovar regras para prioriza\u00e7\u00e3o de uso de recursos para desenvolvimento tecnol\u00f3gico para o setor ferrovi\u00e1rio e tamb\u00e9m dever\u00e1 haver mudan\u00e7as para o setor de rodovias.&nbsp;<br><br><strong>Marco da Intelig\u00eancia Artificial<\/strong><br>Segundo ele, essa fonte de recursos voltada para a inova\u00e7\u00e3o poder\u00e1 ser melhor utilizada a partir dessa normatiza\u00e7\u00e3o e se voltar para projetos que possam se utilizar da conectividade.<br><br>O senador Eduardo Gomes (PL-TO), que relata o Marco Regulat\u00f3rio da Intelig\u00eancia Artificial (<a href=\"https:\/\/agenciainfra.us14.list-manage.com\/track\/click?u=d460dd1bcf9ba0ae040e1fc0f&amp;id=322ad0fc97&amp;e=55b7a27fc9\" target=\"_blank\" rel=\"noreferrer noopener\">PL 2.338\/2023<\/a>), indicou em sua fala no evento que a tend\u00eancia \u00e9 que uma proposta seja apresentada neste ano sem a cria\u00e7\u00e3o do que ele chamou de &#8220;super ag\u00eancia&#8221; para regular o setor.<br><br>Segundo ele, a ideia \u00e9 criar uma legisla\u00e7\u00e3o principiol\u00f3gica, que n\u00e3o complique demais, e que mantenha sobre cada ag\u00eancia o poder discricion\u00e1rio para lidar com os desafios das novas tecnologias em cada \u00e1rea espec\u00edfica.<\/p>\n","protected":false},"excerpt":{"rendered":"<p>da Ag\u00eancia iNFRA Os planos setoriais para rodovias, ferrovias, portos e hidrovias dever\u00e3o ter suas consultas p\u00fablicas lan\u00e7adas at\u00e9 o fim deste m\u00eas. Esse \u00e9 o in\u00edcio da etapa final para a conclus\u00e3o do PNL (Plano Nacional de Log\u00edstica) 2035, que pretende ser a ferramenta para o planejamento de transportes do pa\u00eds nos pr\u00f3ximos anos. [&hellip;]<\/p>\n","protected":false},"author":1,"featured_media":15771,"comment_status":"closed","ping_status":"closed","sticky":false,"template":"","format":"standard","meta":{"_monsterinsights_skip_tracking":false,"_monsterinsights_sitenote_active":false,"_monsterinsights_sitenote_note":"","_monsterinsights_sitenote_category":0,"footnotes":""},"categories":[7250,1,7],"tags":[8802,2234,19,2642,2640,345,7234,120,355,8803,66,4430,6257,6919,1358,3912,310,7596,8805,8804,126,70],"class_list":["post-15770","post","type-post","status-publish","format-standard","has-post-thumbnail","hentry","category-destaque-lista","category-geral","category-infratransporte","tag-alexandre-baigorri","tag-anatel","tag-antt","tag-banda-larga","tag-conectividade","tag-consulta-publica","tag-consultas-publicas","tag-ferrovias","tag-hidrovias","tag-infraconnect","tag-logistica","tag-mariana-pescatori","tag-ministerio-de-portos-e-aeroportos","tag-mpor","tag-plano-nacional-de-logistica","tag-pnl-2035","tag-portos","tag-ppa","tag-ppa-2024-2027","tag-rafael-vitele","tag-rodovias","tag-transportes"],"yoast_head":"<!-- This site is optimized with the Yoast SEO Premium plugin v25.4 (Yoast SEO v26.0) - https:\/\/yoast.com\/wordpress\/plugins\/seo\/ -->\n<title>Planos setoriais do PNL 2035 ser\u00e3o levados a consulta p\u00fablica at\u00e9 o fim do m\u00eas, diz secret\u00e1ria do MPor - Ag\u00eancia iNFRA<\/title>\n<meta name=\"robots\" content=\"index, follow, max-snippet:-1, max-image-preview:large, max-video-preview:-1\" \/>\n<link rel=\"canonical\" href=\"https:\/\/agenciainfra.com\/blog\/planos-setoriais-do-pnl-2035-serao-levados-a-consulta-publica-ate-o-fim-do-mes-diz-secretaria-do-mpor\/\" \/>\n<meta property=\"og:locale\" content=\"pt_BR\" \/>\n<meta property=\"og:type\" content=\"article\" \/>\n<meta property=\"og:title\" content=\"Planos setoriais do PNL 2035 ser\u00e3o levados a consulta p\u00fablica at\u00e9 o fim do m\u00eas, diz secret\u00e1ria do MPor\" \/>\n<meta property=\"og:description\" content=\"da Ag\u00eancia iNFRA Os planos setoriais para rodovias, ferrovias, portos e hidrovias dever\u00e3o ter suas consultas p\u00fablicas lan\u00e7adas at\u00e9 o fim deste m\u00eas. Esse \u00e9 o in\u00edcio da etapa final para a conclus\u00e3o do PNL (Plano Nacional de Log\u00edstica) 2035, que pretende ser a ferramenta para o planejamento de transportes do pa\u00eds nos pr\u00f3ximos anos. [&hellip;]\" \/>\n<meta property=\"og:url\" content=\"https:\/\/agenciainfra.com\/blog\/planos-setoriais-do-pnl-2035-serao-levados-a-consulta-publica-ate-o-fim-do-mes-diz-secretaria-do-mpor\/\" \/>\n<meta property=\"og:site_name\" content=\"Ag\u00eancia iNFRA\" \/>\n<meta property=\"article:publisher\" content=\"https:\/\/www.facebook.com\/ageninfra\" \/>\n<meta property=\"article:published_time\" content=\"2024-03-16T12:00:00+00:00\" \/>\n<meta property=\"article:modified_time\" content=\"2024-03-18T13:28:41+00:00\" \/>\n<meta property=\"og:image\" content=\"https:\/\/agenciainfra.com\/blog\/wp-content\/uploads\/2024\/03\/infraconnect-foto-divulgacao-antt.jpeg\" \/>\n\t<meta property=\"og:image:width\" content=\"1202\" \/>\n\t<meta property=\"og:image:height\" content=\"554\" \/>\n\t<meta property=\"og:image:type\" content=\"image\/jpeg\" \/>\n<meta name=\"author\" content=\"Ag\u00eancia iNFRA\" \/>\n<meta name=\"twitter:card\" content=\"summary_large_image\" \/>\n<meta name=\"twitter:creator\" content=\"@agencia_infra\" \/>\n<meta name=\"twitter:site\" content=\"@agencia_infra\" \/>\n<meta name=\"twitter:label1\" content=\"Escrito por\" \/>\n\t<meta name=\"twitter:data1\" content=\"Ag\u00eancia iNFRA\" \/>\n\t<meta name=\"twitter:label2\" content=\"Est. tempo de leitura\" \/>\n\t<meta name=\"twitter:data2\" content=\"5 minutos\" \/>\n<script type=\"application\/ld+json\" class=\"yoast-schema-graph\">{\"@context\":\"https:\/\/schema.org\",\"@graph\":[{\"@type\":\"Article\",\"@id\":\"https:\/\/agenciainfra.com\/blog\/planos-setoriais-do-pnl-2035-serao-levados-a-consulta-publica-ate-o-fim-do-mes-diz-secretaria-do-mpor\/#article\",\"isPartOf\":{\"@id\":\"https:\/\/agenciainfra.com\/blog\/planos-setoriais-do-pnl-2035-serao-levados-a-consulta-publica-ate-o-fim-do-mes-diz-secretaria-do-mpor\/\"},\"author\":{\"name\":\"Ag\u00eancia iNFRA\",\"@id\":\"https:\/\/agenciainfra.com\/blog\/#\/schema\/person\/34af08dff6adea4cb22b06612ba7acfa\"},\"headline\":\"Planos setoriais do PNL 2035 ser\u00e3o levados a consulta p\u00fablica at\u00e9 o fim do m\u00eas, diz secret\u00e1ria do MPor\",\"datePublished\":\"2024-03-16T12:00:00+00:00\",\"dateModified\":\"2024-03-18T13:28:41+00:00\",\"mainEntityOfPage\":{\"@id\":\"https:\/\/agenciainfra.com\/blog\/planos-setoriais-do-pnl-2035-serao-levados-a-consulta-publica-ate-o-fim-do-mes-diz-secretaria-do-mpor\/\"},\"wordCount\":1076,\"publisher\":{\"@id\":\"https:\/\/agenciainfra.com\/blog\/#organization\"},\"image\":{\"@id\":\"https:\/\/agenciainfra.com\/blog\/planos-setoriais-do-pnl-2035-serao-levados-a-consulta-publica-ate-o-fim-do-mes-diz-secretaria-do-mpor\/#primaryimage\"},\"thumbnailUrl\":\"https:\/\/agenciainfra.com\/blog\/wp-content\/uploads\/2024\/03\/infraconnect-foto-divulgacao-antt.jpeg\",\"keywords\":[\"Alexandre Baigorri\",\"Anatel\",\"ANTT\",\"banda larga\",\"conectividade\",\"consulta p\u00fablica\",\"consultas p\u00fablicas\",\"Ferrovias\",\"hidrovias\",\"Infraconnect\",\"log\u00edstica\",\"Mariana Pescatori\",\"Minist\u00e9rio de Portos e Aeroportos\",\"MPor\",\"Plano Nacional de Log\u00edstica\",\"PNL 2035\",\"portos\",\"PPA\",\"PPA 2024-2027\",\"Rafael Vitele\",\"rodovias\",\"transportes\"],\"articleSection\":[\"Destaque lista\",\"Geral\",\"iNFRATransporte\"],\"inLanguage\":\"pt-BR\",\"copyrightYear\":\"2024\",\"copyrightHolder\":{\"@id\":\"https:\/\/agenciainfra.com\/blog\/#organization\"}},{\"@type\":\"WebPage\",\"@id\":\"https:\/\/agenciainfra.com\/blog\/planos-setoriais-do-pnl-2035-serao-levados-a-consulta-publica-ate-o-fim-do-mes-diz-secretaria-do-mpor\/\",\"url\":\"https:\/\/agenciainfra.com\/blog\/planos-setoriais-do-pnl-2035-serao-levados-a-consulta-publica-ate-o-fim-do-mes-diz-secretaria-do-mpor\/\",\"name\":\"Planos setoriais do PNL 2035 ser\u00e3o levados a consulta p\u00fablica at\u00e9 o fim do m\u00eas, diz secret\u00e1ria do MPor - Ag\u00eancia iNFRA\",\"isPartOf\":{\"@id\":\"https:\/\/agenciainfra.com\/blog\/#website\"},\"primaryImageOfPage\":{\"@id\":\"https:\/\/agenciainfra.com\/blog\/planos-setoriais-do-pnl-2035-serao-levados-a-consulta-publica-ate-o-fim-do-mes-diz-secretaria-do-mpor\/#primaryimage\"},\"image\":{\"@id\":\"https:\/\/agenciainfra.com\/blog\/planos-setoriais-do-pnl-2035-serao-levados-a-consulta-publica-ate-o-fim-do-mes-diz-secretaria-do-mpor\/#primaryimage\"},\"thumbnailUrl\":\"https:\/\/agenciainfra.com\/blog\/wp-content\/uploads\/2024\/03\/infraconnect-foto-divulgacao-antt.jpeg\",\"datePublished\":\"2024-03-16T12:00:00+00:00\",\"dateModified\":\"2024-03-18T13:28:41+00:00\",\"breadcrumb\":{\"@id\":\"https:\/\/agenciainfra.com\/blog\/planos-setoriais-do-pnl-2035-serao-levados-a-consulta-publica-ate-o-fim-do-mes-diz-secretaria-do-mpor\/#breadcrumb\"},\"inLanguage\":\"pt-BR\",\"potentialAction\":[{\"@type\":\"ReadAction\",\"target\":[\"https:\/\/agenciainfra.com\/blog\/planos-setoriais-do-pnl-2035-serao-levados-a-consulta-publica-ate-o-fim-do-mes-diz-secretaria-do-mpor\/\"]}]},{\"@type\":\"ImageObject\",\"inLanguage\":\"pt-BR\",\"@id\":\"https:\/\/agenciainfra.com\/blog\/planos-setoriais-do-pnl-2035-serao-levados-a-consulta-publica-ate-o-fim-do-mes-diz-secretaria-do-mpor\/#primaryimage\",\"url\":\"https:\/\/agenciainfra.com\/blog\/wp-content\/uploads\/2024\/03\/infraconnect-foto-divulgacao-antt.jpeg\",\"contentUrl\":\"https:\/\/agenciainfra.com\/blog\/wp-content\/uploads\/2024\/03\/infraconnect-foto-divulgacao-antt.jpeg\",\"width\":1202,\"height\":554},{\"@type\":\"BreadcrumbList\",\"@id\":\"https:\/\/agenciainfra.com\/blog\/planos-setoriais-do-pnl-2035-serao-levados-a-consulta-publica-ate-o-fim-do-mes-diz-secretaria-do-mpor\/#breadcrumb\",\"itemListElement\":[{\"@type\":\"ListItem\",\"position\":1,\"name\":\"In\u00edcio\",\"item\":\"https:\/\/agenciainfra.com\/blog\/\"},{\"@type\":\"ListItem\",\"position\":2,\"name\":\"Planos setoriais do PNL 2035 ser\u00e3o levados a consulta p\u00fablica at\u00e9 o fim do m\u00eas, diz secret\u00e1ria do MPor\"}]},{\"@type\":\"WebSite\",\"@id\":\"https:\/\/agenciainfra.com\/blog\/#website\",\"url\":\"https:\/\/agenciainfra.com\/blog\/\",\"name\":\"Ag\u00eancia iNFRA\",\"description\":\"Multiplataforma de informa\u00e7\u00e3o jornal\u00edstica refer\u00eancia na \u00e1rea de infraestrutura no Brasil!\",\"publisher\":{\"@id\":\"https:\/\/agenciainfra.com\/blog\/#organization\"},\"potentialAction\":[{\"@type\":\"SearchAction\",\"target\":{\"@type\":\"EntryPoint\",\"urlTemplate\":\"https:\/\/agenciainfra.com\/blog\/?s={search_term_string}\"},\"query-input\":{\"@type\":\"PropertyValueSpecification\",\"valueRequired\":true,\"valueName\":\"search_term_string\"}}],\"inLanguage\":\"pt-BR\"},{\"@type\":\"Organization\",\"@id\":\"https:\/\/agenciainfra.com\/blog\/#organization\",\"name\":\"Ag\u00eancia iNFRA\",\"url\":\"https:\/\/agenciainfra.com\/blog\/\",\"logo\":{\"@type\":\"ImageObject\",\"inLanguage\":\"pt-BR\",\"@id\":\"https:\/\/agenciainfra.com\/blog\/#\/schema\/logo\/image\/\",\"url\":\"https:\/\/agenciainfra.com\/blog\/wp-content\/uploads\/2023\/09\/iNFRA_5-e1761735885940.png\",\"contentUrl\":\"https:\/\/agenciainfra.com\/blog\/wp-content\/uploads\/2023\/09\/iNFRA_5-e1761735885940.png\",\"width\":1672,\"height\":454,\"caption\":\"Ag\u00eancia iNFRA\"},\"image\":{\"@id\":\"https:\/\/agenciainfra.com\/blog\/#\/schema\/logo\/image\/\"},\"sameAs\":[\"https:\/\/www.facebook.com\/ageninfra\",\"https:\/\/x.com\/agencia_infra\",\"https:\/\/www.linkedin.com\/company\/ag\u00eanciainfra\/\",\"https:\/\/www.instagram.com\/agenciainfra\/\"]},{\"@type\":\"Person\",\"@id\":\"https:\/\/agenciainfra.com\/blog\/#\/schema\/person\/34af08dff6adea4cb22b06612ba7acfa\",\"name\":\"Ag\u00eancia iNFRA\",\"image\":{\"@type\":\"ImageObject\",\"inLanguage\":\"pt-BR\",\"@id\":\"https:\/\/agenciainfra.com\/blog\/#\/schema\/person\/image\/\",\"url\":\"https:\/\/secure.gravatar.com\/avatar\/d189e01678f06d8eb84d4e01f08eb848b3fffe3f8443818d3c356c66892f5be8?s=96&d=mm&r=g\",\"contentUrl\":\"https:\/\/secure.gravatar.com\/avatar\/d189e01678f06d8eb84d4e01f08eb848b3fffe3f8443818d3c356c66892f5be8?s=96&d=mm&r=g\",\"caption\":\"Ag\u00eancia iNFRA\"},\"url\":\"https:\/\/agenciainfra.com\/blog\/author\/admin\/\"}]}<\/script>\n<!-- \/ Yoast SEO Premium plugin. -->","yoast_head_json":{"title":"Planos setoriais do PNL 2035 ser\u00e3o levados a consulta p\u00fablica at\u00e9 o fim do m\u00eas, diz secret\u00e1ria do MPor - Ag\u00eancia iNFRA","robots":{"index":"index","follow":"follow","max-snippet":"max-snippet:-1","max-image-preview":"max-image-preview:large","max-video-preview":"max-video-preview:-1"},"canonical":"https:\/\/agenciainfra.com\/blog\/planos-setoriais-do-pnl-2035-serao-levados-a-consulta-publica-ate-o-fim-do-mes-diz-secretaria-do-mpor\/","og_locale":"pt_BR","og_type":"article","og_title":"Planos setoriais do PNL 2035 ser\u00e3o levados a consulta p\u00fablica at\u00e9 o fim do m\u00eas, diz secret\u00e1ria do MPor","og_description":"da Ag\u00eancia iNFRA Os planos setoriais para rodovias, ferrovias, portos e hidrovias dever\u00e3o ter suas consultas p\u00fablicas lan\u00e7adas at\u00e9 o fim deste m\u00eas. Esse \u00e9 o in\u00edcio da etapa final para a conclus\u00e3o do PNL (Plano Nacional de Log\u00edstica) 2035, que pretende ser a ferramenta para o planejamento de transportes do pa\u00eds nos pr\u00f3ximos anos. [&hellip;]","og_url":"https:\/\/agenciainfra.com\/blog\/planos-setoriais-do-pnl-2035-serao-levados-a-consulta-publica-ate-o-fim-do-mes-diz-secretaria-do-mpor\/","og_site_name":"Ag\u00eancia iNFRA","article_publisher":"https:\/\/www.facebook.com\/ageninfra","article_published_time":"2024-03-16T12:00:00+00:00","article_modified_time":"2024-03-18T13:28:41+00:00","og_image":[{"width":1202,"height":554,"url":"https:\/\/agenciainfra.com\/blog\/wp-content\/uploads\/2024\/03\/infraconnect-foto-divulgacao-antt.jpeg","type":"image\/jpeg"}],"author":"Ag\u00eancia iNFRA","twitter_card":"summary_large_image","twitter_creator":"@agencia_infra","twitter_site":"@agencia_infra","twitter_misc":{"Escrito por":"Ag\u00eancia iNFRA","Est. tempo de leitura":"5 minutos"},"schema":{"@context":"https:\/\/schema.org","@graph":[{"@type":"Article","@id":"https:\/\/agenciainfra.com\/blog\/planos-setoriais-do-pnl-2035-serao-levados-a-consulta-publica-ate-o-fim-do-mes-diz-secretaria-do-mpor\/#article","isPartOf":{"@id":"https:\/\/agenciainfra.com\/blog\/planos-setoriais-do-pnl-2035-serao-levados-a-consulta-publica-ate-o-fim-do-mes-diz-secretaria-do-mpor\/"},"author":{"name":"Ag\u00eancia iNFRA","@id":"https:\/\/agenciainfra.com\/blog\/#\/schema\/person\/34af08dff6adea4cb22b06612ba7acfa"},"headline":"Planos setoriais do PNL 2035 ser\u00e3o levados a consulta p\u00fablica at\u00e9 o fim do m\u00eas, diz secret\u00e1ria do MPor","datePublished":"2024-03-16T12:00:00+00:00","dateModified":"2024-03-18T13:28:41+00:00","mainEntityOfPage":{"@id":"https:\/\/agenciainfra.com\/blog\/planos-setoriais-do-pnl-2035-serao-levados-a-consulta-publica-ate-o-fim-do-mes-diz-secretaria-do-mpor\/"},"wordCount":1076,"publisher":{"@id":"https:\/\/agenciainfra.com\/blog\/#organization"},"image":{"@id":"https:\/\/agenciainfra.com\/blog\/planos-setoriais-do-pnl-2035-serao-levados-a-consulta-publica-ate-o-fim-do-mes-diz-secretaria-do-mpor\/#primaryimage"},"thumbnailUrl":"https:\/\/agenciainfra.com\/blog\/wp-content\/uploads\/2024\/03\/infraconnect-foto-divulgacao-antt.jpeg","keywords":["Alexandre Baigorri","Anatel","ANTT","banda larga","conectividade","consulta p\u00fablica","consultas p\u00fablicas","Ferrovias","hidrovias","Infraconnect","log\u00edstica","Mariana Pescatori","Minist\u00e9rio de Portos e Aeroportos","MPor","Plano Nacional de Log\u00edstica","PNL 2035","portos","PPA","PPA 2024-2027","Rafael Vitele","rodovias","transportes"],"articleSection":["Destaque lista","Geral","iNFRATransporte"],"inLanguage":"pt-BR","copyrightYear":"2024","copyrightHolder":{"@id":"https:\/\/agenciainfra.com\/blog\/#organization"}},{"@type":"WebPage","@id":"https:\/\/agenciainfra.com\/blog\/planos-setoriais-do-pnl-2035-serao-levados-a-consulta-publica-ate-o-fim-do-mes-diz-secretaria-do-mpor\/","url":"https:\/\/agenciainfra.com\/blog\/planos-setoriais-do-pnl-2035-serao-levados-a-consulta-publica-ate-o-fim-do-mes-diz-secretaria-do-mpor\/","name":"Planos setoriais do PNL 2035 ser\u00e3o levados a consulta p\u00fablica at\u00e9 o fim do m\u00eas, diz secret\u00e1ria do MPor - Ag\u00eancia iNFRA","isPartOf":{"@id":"https:\/\/agenciainfra.com\/blog\/#website"},"primaryImageOfPage":{"@id":"https:\/\/agenciainfra.com\/blog\/planos-setoriais-do-pnl-2035-serao-levados-a-consulta-publica-ate-o-fim-do-mes-diz-secretaria-do-mpor\/#primaryimage"},"image":{"@id":"https:\/\/agenciainfra.com\/blog\/planos-setoriais-do-pnl-2035-serao-levados-a-consulta-publica-ate-o-fim-do-mes-diz-secretaria-do-mpor\/#primaryimage"},"thumbnailUrl":"https:\/\/agenciainfra.com\/blog\/wp-content\/uploads\/2024\/03\/infraconnect-foto-divulgacao-antt.jpeg","datePublished":"2024-03-16T12:00:00+00:00","dateModified":"2024-03-18T13:28:41+00:00","breadcrumb":{"@id":"https:\/\/agenciainfra.com\/blog\/planos-setoriais-do-pnl-2035-serao-levados-a-consulta-publica-ate-o-fim-do-mes-diz-secretaria-do-mpor\/#breadcrumb"},"inLanguage":"pt-BR","potentialAction":[{"@type":"ReadAction","target":["https:\/\/agenciainfra.com\/blog\/planos-setoriais-do-pnl-2035-serao-levados-a-consulta-publica-ate-o-fim-do-mes-diz-secretaria-do-mpor\/"]}]},{"@type":"ImageObject","inLanguage":"pt-BR","@id":"https:\/\/agenciainfra.com\/blog\/planos-setoriais-do-pnl-2035-serao-levados-a-consulta-publica-ate-o-fim-do-mes-diz-secretaria-do-mpor\/#primaryimage","url":"https:\/\/agenciainfra.com\/blog\/wp-content\/uploads\/2024\/03\/infraconnect-foto-divulgacao-antt.jpeg","contentUrl":"https:\/\/agenciainfra.com\/blog\/wp-content\/uploads\/2024\/03\/infraconnect-foto-divulgacao-antt.jpeg","width":1202,"height":554},{"@type":"BreadcrumbList","@id":"https:\/\/agenciainfra.com\/blog\/planos-setoriais-do-pnl-2035-serao-levados-a-consulta-publica-ate-o-fim-do-mes-diz-secretaria-do-mpor\/#breadcrumb","itemListElement":[{"@type":"ListItem","position":1,"name":"In\u00edcio","item":"https:\/\/agenciainfra.com\/blog\/"},{"@type":"ListItem","position":2,"name":"Planos setoriais do PNL 2035 ser\u00e3o levados a consulta p\u00fablica at\u00e9 o fim do m\u00eas, diz secret\u00e1ria do MPor"}]},{"@type":"WebSite","@id":"https:\/\/agenciainfra.com\/blog\/#website","url":"https:\/\/agenciainfra.com\/blog\/","name":"Ag\u00eancia iNFRA","description":"Multiplataforma de informa\u00e7\u00e3o jornal\u00edstica refer\u00eancia na \u00e1rea de infraestrutura no Brasil!","publisher":{"@id":"https:\/\/agenciainfra.com\/blog\/#organization"},"potentialAction":[{"@type":"SearchAction","target":{"@type":"EntryPoint","urlTemplate":"https:\/\/agenciainfra.com\/blog\/?s={search_term_string}"},"query-input":{"@type":"PropertyValueSpecification","valueRequired":true,"valueName":"search_term_string"}}],"inLanguage":"pt-BR"},{"@type":"Organization","@id":"https:\/\/agenciainfra.com\/blog\/#organization","name":"Ag\u00eancia iNFRA","url":"https:\/\/agenciainfra.com\/blog\/","logo":{"@type":"ImageObject","inLanguage":"pt-BR","@id":"https:\/\/agenciainfra.com\/blog\/#\/schema\/logo\/image\/","url":"https:\/\/agenciainfra.com\/blog\/wp-content\/uploads\/2023\/09\/iNFRA_5-e1761735885940.png","contentUrl":"https:\/\/agenciainfra.com\/blog\/wp-content\/uploads\/2023\/09\/iNFRA_5-e1761735885940.png","width":1672,"height":454,"caption":"Ag\u00eancia iNFRA"},"image":{"@id":"https:\/\/agenciainfra.com\/blog\/#\/schema\/logo\/image\/"},"sameAs":["https:\/\/www.facebook.com\/ageninfra","https:\/\/x.com\/agencia_infra","https:\/\/www.linkedin.com\/company\/ag\u00eanciainfra\/","https:\/\/www.instagram.com\/agenciainfra\/"]},{"@type":"Person","@id":"https:\/\/agenciainfra.com\/blog\/#\/schema\/person\/34af08dff6adea4cb22b06612ba7acfa","name":"Ag\u00eancia iNFRA","image":{"@type":"ImageObject","inLanguage":"pt-BR","@id":"https:\/\/agenciainfra.com\/blog\/#\/schema\/person\/image\/","url":"https:\/\/secure.gravatar.com\/avatar\/d189e01678f06d8eb84d4e01f08eb848b3fffe3f8443818d3c356c66892f5be8?s=96&d=mm&r=g","contentUrl":"https:\/\/secure.gravatar.com\/avatar\/d189e01678f06d8eb84d4e01f08eb848b3fffe3f8443818d3c356c66892f5be8?s=96&d=mm&r=g","caption":"Ag\u00eancia iNFRA"},"url":"https:\/\/agenciainfra.com\/blog\/author\/admin\/"}]}},"_links":{"self":[{"href":"https:\/\/agenciainfra.com\/blog\/wp-json\/wp\/v2\/posts\/15770","targetHints":{"allow":["GET"]}}],"collection":[{"href":"https:\/\/agenciainfra.com\/blog\/wp-json\/wp\/v2\/posts"}],"about":[{"href":"https:\/\/agenciainfra.com\/blog\/wp-json\/wp\/v2\/types\/post"}],"author":[{"embeddable":true,"href":"https:\/\/agenciainfra.com\/blog\/wp-json\/wp\/v2\/users\/1"}],"replies":[{"embeddable":true,"href":"https:\/\/agenciainfra.com\/blog\/wp-json\/wp\/v2\/comments?post=15770"}],"version-history":[{"count":1,"href":"https:\/\/agenciainfra.com\/blog\/wp-json\/wp\/v2\/posts\/15770\/revisions"}],"predecessor-version":[{"id":15772,"href":"https:\/\/agenciainfra.com\/blog\/wp-json\/wp\/v2\/posts\/15770\/revisions\/15772"}],"wp:featuredmedia":[{"embeddable":true,"href":"https:\/\/agenciainfra.com\/blog\/wp-json\/wp\/v2\/media\/15771"}],"wp:attachment":[{"href":"https:\/\/agenciainfra.com\/blog\/wp-json\/wp\/v2\/media?parent=15770"}],"wp:term":[{"taxonomy":"category","embeddable":true,"href":"https:\/\/agenciainfra.com\/blog\/wp-json\/wp\/v2\/categories?post=15770"},{"taxonomy":"post_tag","embeddable":true,"href":"https:\/\/agenciainfra.com\/blog\/wp-json\/wp\/v2\/tags?post=15770"}],"curies":[{"name":"wp","href":"https:\/\/api.w.org\/{rel}","templated":true}]}}