{"id":15789,"date":"2024-03-19T09:00:00","date_gmt":"2024-03-19T12:00:00","guid":{"rendered":"https:\/\/agenciainfra.com\/blog\/?p=15789"},"modified":"2024-03-20T13:48:24","modified_gmt":"2024-03-20T16:48:24","slug":"decisao-do-trf-indica-necessidade-de-reequilibrio-na-concessao-da-br-101-es-ba","status":"publish","type":"post","link":"https:\/\/agenciainfra.com\/blog\/decisao-do-trf-indica-necessidade-de-reequilibrio-na-concessao-da-br-101-es-ba\/","title":{"rendered":"Decis\u00e3o do TRF indica necessidade de reequil\u00edbrio na concess\u00e3o da BR-101\/ES\/BA"},"content":{"rendered":"\n<p class=\"has-text-align-right\"><strong>da Ag\u00eancia iNFRA<\/strong><\/p>\n\n\n\n<p>A Eco 101, concession\u00e1ria da BR-101\/ES\/BA, reverteu no TRF (Tribunal Regional Federal) da 1\u00aa Regi\u00e3o decis\u00e3o considerando que a ANTT (Ag\u00eancia Nacional de Transportes Terrestres) n\u00e3o precisava reequilibrar o contrato da rodovia por causa de perda de tr\u00e1fego pelo n\u00e3o pedagiamento de uma estrada paralela.<br><br>Na decis\u00e3o, do fim de fevereiro, o desembargador Newton Ramos, da 11\u00aa Turma, entendeu que a senten\u00e7a de primeira inst\u00e2ncia que considerou que o n\u00e3o pedagiamento n\u00e3o seria evento extraordin\u00e1rio pass\u00edvel de reequil\u00edbrio tinha erro material. Ele determinou que a ag\u00eancia tem que reequilibrar o contrato por esse motivo.<br><br>A BR-101\/ES \u00e9 paralela \u00e0 BR-116\/MG, ambas rotas entre Sudeste e Nordeste do pa\u00eds. Quando a BR-101 foi licitada, em 2011, o governo previa conceder tamb\u00e9m a BR-116. Mas acabou que essa concess\u00e3o s\u00f3 saiu em 2021 (vencida pelo grupo EcoRodovias, controlador da BR-101).<br><br>A Eco 101 alega que, pelo n\u00e3o pedagiamento\u00a0da via concorrente, teve perda de 16% da proje\u00e7\u00e3o de tr\u00e1fego e pedia o reequil\u00edbrio, que a ag\u00eancia entendia que era um risco da empresa e rejeitou o pedido. A turma do TRF entendeu que o\u00a0plano da empresa previa o pedagiamento\u00a0da concorrente e, por isso, o fato de a rodovia permanecer sem ped\u00e1gio se enquadra em evento n\u00e3o previsto, pass\u00edvel de reequil\u00edbrio. A decis\u00e3o est\u00e1\u00a0<a href=\"https:\/\/agenciainfra.us14.list-manage.com\/track\/click?u=d460dd1bcf9ba0ae040e1fc0f&amp;id=b17e4d150b&amp;e=55b7a27fc9\" target=\"_blank\" rel=\"noreferrer noopener\">neste link<\/a>.<br><br>Maria Augusta Rost, s\u00f3cia do Fenelon Barretto Rost Advogados, que atuou no caso, disse que foi reconhecido que o evento era\u00a0&#8220;Fato do Pr\u00edncipe&#8221;, que alterou a equa\u00e7\u00e3o econ\u00f4mico-financeira do contrato. Aline Klein, s\u00f3cia do Vernalha Pereira Advogados, que tamb\u00e9m atuou no caso, explicou que a exist\u00eancia de concorr\u00eancia em condi\u00e7\u00f5es desiguais consiste em evento imprevis\u00edvel pass\u00edvel de reequil\u00edbrio.<br><br>\u00a0\u201cA decis\u00e3o do tribunal \u00e9 um importante precedente que, por decorrer da aplica\u00e7\u00e3o direta da lei, representa entendimento que pode ser utilizado em outros casos em que se apresente situa\u00e7\u00e3o f\u00e1tica similar&#8221;, destacou.<br><br><strong>Repactua\u00e7\u00e3o em andamento<\/strong><br>No momento, a concess\u00e3o da BR-101\/ES\/BA est\u00e1 em processo de repactua\u00e7\u00e3o do contrato dentro do modelo criado pelo TCU (Tribunal de Contas da Uni\u00e3o) de mesa de consenso, que re\u00fane, al\u00e9m de representantes do \u00f3rg\u00e3o e da empresa, a ag\u00eancia e o Minist\u00e9rio dos Transportes. Essa concess\u00e3o foi escolhida para ser a primeira e servir de modelo para at\u00e9 outros 14 processos que podem utilizar o modelo.<br><br>Conforme\u00a0<a href=\"https:\/\/agenciainfra.us14.list-manage.com\/track\/click?u=d460dd1bcf9ba0ae040e1fc0f&amp;id=415410f4a0&amp;e=55b7a27fc9\" target=\"_blank\" rel=\"noreferrer noopener\">mostrou<\/a>\u00a0a\u00a0<strong>Ag\u00eancia iNFRA<\/strong>, o processo come\u00e7ou no ano passado com dificuldade para entendimento e, na virada do ano, representantes de todas as partes foram cedendo. Agora, h\u00e1 perspectiva de que\u00a0<a href=\"https:\/\/agenciainfra.us14.list-manage.com\/track\/click?u=d460dd1bcf9ba0ae040e1fc0f&amp;id=8fda9234a2&amp;e=55b7a27fc9\" target=\"_blank\" rel=\"noreferrer noopener\">at\u00e9 abril possa ser fechado<\/a>\u00a0o primeiro modelo, que ser\u00e1 levado ao plen\u00e1rio do tribunal para an\u00e1lise.<br><br><strong>Efeitos da Covid-19 e guerra na Ucr\u00e2nia<\/strong><br>Outro tema que impacta no equil\u00edbrio dos contratos teve avan\u00e7o na ag\u00eancia nesta semana. A ANTT abriu reuni\u00e3o participativa para discutir &#8220;elementos essenciais e propostas de metodologia para a quantifica\u00e7\u00e3o dos efeitos da pandemia de Covid-19 e da guerra da R\u00fassia e Ucr\u00e2nia sobre os custos de obras de engenharia rodovi\u00e1ria&#8221;.<br><br>A reuni\u00e3o ser\u00e1 aberta ao p\u00fablico e acontece no dia 23 de abril, das 14h \u00e0s 18h, no audit\u00f3rio da ANTT em Bras\u00edlia (DF). Tamb\u00e9m ser\u00e1 transmitida ao vivo pelo YouTube. Para quem quiser participar dos debates, o endere\u00e7o eletr\u00f4nico da videoconfer\u00eancia ser\u00e1 divulgado \u00e0s 10h (hor\u00e1rio de Bras\u00edlia) do dia 19 de abril de 2024, no\u00a0<a href=\"https:\/\/agenciainfra.us14.list-manage.com\/track\/click?u=d460dd1bcf9ba0ae040e1fc0f&amp;id=87826909c1&amp;e=55b7a27fc9\" target=\"_blank\" rel=\"noreferrer noopener\">portal ParticipANTT<\/a>.<br><br>O setor come\u00e7ou a sentir os impactos do\u00a0deslocamento de pre\u00e7os de insumos com rela\u00e7\u00e3o \u00e0 infla\u00e7\u00e3o j\u00e1 durante a pandemia. Posteriormente, o aumento do custo do diesel, efeito da guerra entre R\u00fassia e Ucr\u00e2nia, tamb\u00e9m trouxe impacto para as opera\u00e7\u00f5es e os investimentos.<br><br>Desde ent\u00e3o, empresas e\u00a0a ag\u00eancia est\u00e3o em processo de negocia\u00e7\u00e3o para criar regras espec\u00edficas para o reequil\u00edbrio dos contratos por esses eventos, o que tamb\u00e9m pode impactar nas negocia\u00e7\u00f5es em andamento para repactua\u00e7\u00e3o de parte dos contratos.<\/p>\n","protected":false},"excerpt":{"rendered":"<p>da Ag\u00eancia iNFRA A Eco 101, concession\u00e1ria da BR-101\/ES\/BA, reverteu no TRF (Tribunal Regional Federal) da 1\u00aa Regi\u00e3o decis\u00e3o considerando que a ANTT (Ag\u00eancia Nacional de Transportes Terrestres) n\u00e3o precisava reequilibrar o contrato da rodovia por causa de perda de tr\u00e1fego pelo n\u00e3o pedagiamento de uma estrada paralela. Na decis\u00e3o, do fim de fevereiro, o [&hellip;]<\/p>\n","protected":false},"author":1,"featured_media":12601,"comment_status":"closed","ping_status":"closed","sticky":false,"template":"","format":"standard","meta":{"_monsterinsights_skip_tracking":false,"_monsterinsights_sitenote_active":false,"_monsterinsights_sitenote_note":"","_monsterinsights_sitenote_category":0,"footnotes":""},"categories":[7250,1,7],"tags":[8819,19,6681,8822,3791,1340,8818,8823,16,8821,5652,8755,126,18,6403,8820],"class_list":["post-15789","post","type-post","status-publish","format-standard","has-post-thumbnail","hentry","category-destaque-lista","category-geral","category-infratransporte","tag-aline-klein","tag-antt","tag-br-101-es-ba-2","tag-br-116-mg","tag-eco101","tag-ecorodovias","tag-fenelon-barretto-rost-advogados","tag-maria-augusta-rost","tag-ministerio-dos-transportes","tag-newton-ramos","tag-reequilibrio-de-contrato","tag-reuniao-participativa","tag-rodovias","tag-tcu","tag-trf","tag-vernalha-pereira-advogados"],"yoast_head":"<!-- This site is optimized with the Yoast SEO Premium plugin v25.4 (Yoast SEO v26.0) - https:\/\/yoast.com\/wordpress\/plugins\/seo\/ -->\n<title>Decis\u00e3o do TRF indica necessidade de reequil\u00edbrio na concess\u00e3o da BR-101\/ES\/BA - Ag\u00eancia iNFRA<\/title>\n<meta name=\"robots\" content=\"index, follow, max-snippet:-1, max-image-preview:large, max-video-preview:-1\" \/>\n<link rel=\"canonical\" href=\"https:\/\/agenciainfra.com\/blog\/decisao-do-trf-indica-necessidade-de-reequilibrio-na-concessao-da-br-101-es-ba\/\" \/>\n<meta property=\"og:locale\" content=\"pt_BR\" \/>\n<meta property=\"og:type\" content=\"article\" \/>\n<meta property=\"og:title\" content=\"Decis\u00e3o do TRF indica necessidade de reequil\u00edbrio na concess\u00e3o da BR-101\/ES\/BA\" \/>\n<meta property=\"og:description\" content=\"da Ag\u00eancia iNFRA A Eco 101, concession\u00e1ria da BR-101\/ES\/BA, reverteu no TRF (Tribunal Regional Federal) da 1\u00aa Regi\u00e3o decis\u00e3o considerando que a ANTT (Ag\u00eancia Nacional de Transportes Terrestres) n\u00e3o precisava reequilibrar o contrato da rodovia por causa de perda de tr\u00e1fego pelo n\u00e3o pedagiamento de uma estrada paralela. Na decis\u00e3o, do fim de fevereiro, o [&hellip;]\" \/>\n<meta property=\"og:url\" content=\"https:\/\/agenciainfra.com\/blog\/decisao-do-trf-indica-necessidade-de-reequilibrio-na-concessao-da-br-101-es-ba\/\" \/>\n<meta property=\"og:site_name\" content=\"Ag\u00eancia iNFRA\" \/>\n<meta property=\"article:publisher\" content=\"https:\/\/www.facebook.com\/ageninfra\" \/>\n<meta property=\"article:published_time\" content=\"2024-03-19T12:00:00+00:00\" \/>\n<meta property=\"article:modified_time\" content=\"2024-03-20T16:48:24+00:00\" \/>\n<meta property=\"og:image\" content=\"https:\/\/agenciainfra.com\/blog\/wp-content\/uploads\/2023\/05\/BR-101.ES_.BA-foto-prefeitura-de-viana.jpg\" \/>\n\t<meta property=\"og:image:width\" content=\"1280\" \/>\n\t<meta property=\"og:image:height\" content=\"720\" \/>\n\t<meta property=\"og:image:type\" content=\"image\/jpeg\" \/>\n<meta name=\"author\" content=\"Ag\u00eancia iNFRA\" \/>\n<meta name=\"twitter:card\" content=\"summary_large_image\" \/>\n<meta name=\"twitter:creator\" content=\"@agencia_infra\" \/>\n<meta name=\"twitter:site\" content=\"@agencia_infra\" \/>\n<meta name=\"twitter:label1\" content=\"Escrito por\" \/>\n\t<meta name=\"twitter:data1\" content=\"Ag\u00eancia iNFRA\" \/>\n\t<meta name=\"twitter:label2\" content=\"Est. tempo de leitura\" \/>\n\t<meta name=\"twitter:data2\" content=\"4 minutos\" \/>\n<script type=\"application\/ld+json\" class=\"yoast-schema-graph\">{\"@context\":\"https:\/\/schema.org\",\"@graph\":[{\"@type\":\"Article\",\"@id\":\"https:\/\/agenciainfra.com\/blog\/decisao-do-trf-indica-necessidade-de-reequilibrio-na-concessao-da-br-101-es-ba\/#article\",\"isPartOf\":{\"@id\":\"https:\/\/agenciainfra.com\/blog\/decisao-do-trf-indica-necessidade-de-reequilibrio-na-concessao-da-br-101-es-ba\/\"},\"author\":{\"name\":\"Ag\u00eancia iNFRA\",\"@id\":\"https:\/\/agenciainfra.com\/blog\/#\/schema\/person\/34af08dff6adea4cb22b06612ba7acfa\"},\"headline\":\"Decis\u00e3o do TRF indica necessidade de reequil\u00edbrio na concess\u00e3o da BR-101\/ES\/BA\",\"datePublished\":\"2024-03-19T12:00:00+00:00\",\"dateModified\":\"2024-03-20T16:48:24+00:00\",\"mainEntityOfPage\":{\"@id\":\"https:\/\/agenciainfra.com\/blog\/decisao-do-trf-indica-necessidade-de-reequilibrio-na-concessao-da-br-101-es-ba\/\"},\"wordCount\":731,\"publisher\":{\"@id\":\"https:\/\/agenciainfra.com\/blog\/#organization\"},\"image\":{\"@id\":\"https:\/\/agenciainfra.com\/blog\/decisao-do-trf-indica-necessidade-de-reequilibrio-na-concessao-da-br-101-es-ba\/#primaryimage\"},\"thumbnailUrl\":\"https:\/\/agenciainfra.com\/blog\/wp-content\/uploads\/2023\/05\/BR-101.ES_.BA-foto-prefeitura-de-viana.jpg\",\"keywords\":[\"Aline Klein\",\"ANTT\",\"BR-101\/ES\/BA\",\"BR-116\/MG\",\"Eco101\",\"EcoRodovias\",\"Fenelon Barretto Rost Advogados\",\"Maria Augusta Rost\",\"minist\u00e9rio dos transportes\",\"Newton Ramos\",\"reequil\u00edbrio de contrato\",\"Reuni\u00e3o Participativa\",\"rodovias\",\"TCU\",\"TRF\",\"Vernalha Pereira Advogados\"],\"articleSection\":[\"Destaque lista\",\"Geral\",\"iNFRATransporte\"],\"inLanguage\":\"pt-BR\",\"copyrightYear\":\"2024\",\"copyrightHolder\":{\"@id\":\"https:\/\/agenciainfra.com\/blog\/#organization\"}},{\"@type\":\"WebPage\",\"@id\":\"https:\/\/agenciainfra.com\/blog\/decisao-do-trf-indica-necessidade-de-reequilibrio-na-concessao-da-br-101-es-ba\/\",\"url\":\"https:\/\/agenciainfra.com\/blog\/decisao-do-trf-indica-necessidade-de-reequilibrio-na-concessao-da-br-101-es-ba\/\",\"name\":\"Decis\u00e3o do TRF indica necessidade de reequil\u00edbrio na concess\u00e3o da BR-101\/ES\/BA - Ag\u00eancia iNFRA\",\"isPartOf\":{\"@id\":\"https:\/\/agenciainfra.com\/blog\/#website\"},\"primaryImageOfPage\":{\"@id\":\"https:\/\/agenciainfra.com\/blog\/decisao-do-trf-indica-necessidade-de-reequilibrio-na-concessao-da-br-101-es-ba\/#primaryimage\"},\"image\":{\"@id\":\"https:\/\/agenciainfra.com\/blog\/decisao-do-trf-indica-necessidade-de-reequilibrio-na-concessao-da-br-101-es-ba\/#primaryimage\"},\"thumbnailUrl\":\"https:\/\/agenciainfra.com\/blog\/wp-content\/uploads\/2023\/05\/BR-101.ES_.BA-foto-prefeitura-de-viana.jpg\",\"datePublished\":\"2024-03-19T12:00:00+00:00\",\"dateModified\":\"2024-03-20T16:48:24+00:00\",\"breadcrumb\":{\"@id\":\"https:\/\/agenciainfra.com\/blog\/decisao-do-trf-indica-necessidade-de-reequilibrio-na-concessao-da-br-101-es-ba\/#breadcrumb\"},\"inLanguage\":\"pt-BR\",\"potentialAction\":[{\"@type\":\"ReadAction\",\"target\":[\"https:\/\/agenciainfra.com\/blog\/decisao-do-trf-indica-necessidade-de-reequilibrio-na-concessao-da-br-101-es-ba\/\"]}]},{\"@type\":\"ImageObject\",\"inLanguage\":\"pt-BR\",\"@id\":\"https:\/\/agenciainfra.com\/blog\/decisao-do-trf-indica-necessidade-de-reequilibrio-na-concessao-da-br-101-es-ba\/#primaryimage\",\"url\":\"https:\/\/agenciainfra.com\/blog\/wp-content\/uploads\/2023\/05\/BR-101.ES_.BA-foto-prefeitura-de-viana.jpg\",\"contentUrl\":\"https:\/\/agenciainfra.com\/blog\/wp-content\/uploads\/2023\/05\/BR-101.ES_.BA-foto-prefeitura-de-viana.jpg\",\"width\":1280,\"height\":720},{\"@type\":\"BreadcrumbList\",\"@id\":\"https:\/\/agenciainfra.com\/blog\/decisao-do-trf-indica-necessidade-de-reequilibrio-na-concessao-da-br-101-es-ba\/#breadcrumb\",\"itemListElement\":[{\"@type\":\"ListItem\",\"position\":1,\"name\":\"In\u00edcio\",\"item\":\"https:\/\/agenciainfra.com\/blog\/\"},{\"@type\":\"ListItem\",\"position\":2,\"name\":\"Decis\u00e3o do TRF indica necessidade de reequil\u00edbrio na concess\u00e3o da BR-101\/ES\/BA\"}]},{\"@type\":\"WebSite\",\"@id\":\"https:\/\/agenciainfra.com\/blog\/#website\",\"url\":\"https:\/\/agenciainfra.com\/blog\/\",\"name\":\"Ag\u00eancia iNFRA\",\"description\":\"Multiplataforma de informa\u00e7\u00e3o jornal\u00edstica refer\u00eancia na \u00e1rea de infraestrutura no Brasil!\",\"publisher\":{\"@id\":\"https:\/\/agenciainfra.com\/blog\/#organization\"},\"potentialAction\":[{\"@type\":\"SearchAction\",\"target\":{\"@type\":\"EntryPoint\",\"urlTemplate\":\"https:\/\/agenciainfra.com\/blog\/?s={search_term_string}\"},\"query-input\":{\"@type\":\"PropertyValueSpecification\",\"valueRequired\":true,\"valueName\":\"search_term_string\"}}],\"inLanguage\":\"pt-BR\"},{\"@type\":\"Organization\",\"@id\":\"https:\/\/agenciainfra.com\/blog\/#organization\",\"name\":\"Ag\u00eancia iNFRA\",\"url\":\"https:\/\/agenciainfra.com\/blog\/\",\"logo\":{\"@type\":\"ImageObject\",\"inLanguage\":\"pt-BR\",\"@id\":\"https:\/\/agenciainfra.com\/blog\/#\/schema\/logo\/image\/\",\"url\":\"https:\/\/agenciainfra.com\/blog\/wp-content\/uploads\/2023\/09\/iNFRA_5-e1761735885940.png\",\"contentUrl\":\"https:\/\/agenciainfra.com\/blog\/wp-content\/uploads\/2023\/09\/iNFRA_5-e1761735885940.png\",\"width\":1672,\"height\":454,\"caption\":\"Ag\u00eancia iNFRA\"},\"image\":{\"@id\":\"https:\/\/agenciainfra.com\/blog\/#\/schema\/logo\/image\/\"},\"sameAs\":[\"https:\/\/www.facebook.com\/ageninfra\",\"https:\/\/x.com\/agencia_infra\",\"https:\/\/www.linkedin.com\/company\/ag\u00eanciainfra\/\",\"https:\/\/www.instagram.com\/agenciainfra\/\"]},{\"@type\":\"Person\",\"@id\":\"https:\/\/agenciainfra.com\/blog\/#\/schema\/person\/34af08dff6adea4cb22b06612ba7acfa\",\"name\":\"Ag\u00eancia iNFRA\",\"image\":{\"@type\":\"ImageObject\",\"inLanguage\":\"pt-BR\",\"@id\":\"https:\/\/agenciainfra.com\/blog\/#\/schema\/person\/image\/\",\"url\":\"https:\/\/secure.gravatar.com\/avatar\/d189e01678f06d8eb84d4e01f08eb848b3fffe3f8443818d3c356c66892f5be8?s=96&d=mm&r=g\",\"contentUrl\":\"https:\/\/secure.gravatar.com\/avatar\/d189e01678f06d8eb84d4e01f08eb848b3fffe3f8443818d3c356c66892f5be8?s=96&d=mm&r=g\",\"caption\":\"Ag\u00eancia iNFRA\"},\"url\":\"https:\/\/agenciainfra.com\/blog\/author\/admin\/\"}]}<\/script>\n<!-- \/ Yoast SEO Premium plugin. -->","yoast_head_json":{"title":"Decis\u00e3o do TRF indica necessidade de reequil\u00edbrio na concess\u00e3o da BR-101\/ES\/BA - Ag\u00eancia iNFRA","robots":{"index":"index","follow":"follow","max-snippet":"max-snippet:-1","max-image-preview":"max-image-preview:large","max-video-preview":"max-video-preview:-1"},"canonical":"https:\/\/agenciainfra.com\/blog\/decisao-do-trf-indica-necessidade-de-reequilibrio-na-concessao-da-br-101-es-ba\/","og_locale":"pt_BR","og_type":"article","og_title":"Decis\u00e3o do TRF indica necessidade de reequil\u00edbrio na concess\u00e3o da BR-101\/ES\/BA","og_description":"da Ag\u00eancia iNFRA A Eco 101, concession\u00e1ria da BR-101\/ES\/BA, reverteu no TRF (Tribunal Regional Federal) da 1\u00aa Regi\u00e3o decis\u00e3o considerando que a ANTT (Ag\u00eancia Nacional de Transportes Terrestres) n\u00e3o precisava reequilibrar o contrato da rodovia por causa de perda de tr\u00e1fego pelo n\u00e3o pedagiamento de uma estrada paralela. Na decis\u00e3o, do fim de fevereiro, o [&hellip;]","og_url":"https:\/\/agenciainfra.com\/blog\/decisao-do-trf-indica-necessidade-de-reequilibrio-na-concessao-da-br-101-es-ba\/","og_site_name":"Ag\u00eancia iNFRA","article_publisher":"https:\/\/www.facebook.com\/ageninfra","article_published_time":"2024-03-19T12:00:00+00:00","article_modified_time":"2024-03-20T16:48:24+00:00","og_image":[{"width":1280,"height":720,"url":"https:\/\/agenciainfra.com\/blog\/wp-content\/uploads\/2023\/05\/BR-101.ES_.BA-foto-prefeitura-de-viana.jpg","type":"image\/jpeg"}],"author":"Ag\u00eancia iNFRA","twitter_card":"summary_large_image","twitter_creator":"@agencia_infra","twitter_site":"@agencia_infra","twitter_misc":{"Escrito por":"Ag\u00eancia iNFRA","Est. tempo de leitura":"4 minutos"},"schema":{"@context":"https:\/\/schema.org","@graph":[{"@type":"Article","@id":"https:\/\/agenciainfra.com\/blog\/decisao-do-trf-indica-necessidade-de-reequilibrio-na-concessao-da-br-101-es-ba\/#article","isPartOf":{"@id":"https:\/\/agenciainfra.com\/blog\/decisao-do-trf-indica-necessidade-de-reequilibrio-na-concessao-da-br-101-es-ba\/"},"author":{"name":"Ag\u00eancia iNFRA","@id":"https:\/\/agenciainfra.com\/blog\/#\/schema\/person\/34af08dff6adea4cb22b06612ba7acfa"},"headline":"Decis\u00e3o do TRF indica necessidade de reequil\u00edbrio na concess\u00e3o da BR-101\/ES\/BA","datePublished":"2024-03-19T12:00:00+00:00","dateModified":"2024-03-20T16:48:24+00:00","mainEntityOfPage":{"@id":"https:\/\/agenciainfra.com\/blog\/decisao-do-trf-indica-necessidade-de-reequilibrio-na-concessao-da-br-101-es-ba\/"},"wordCount":731,"publisher":{"@id":"https:\/\/agenciainfra.com\/blog\/#organization"},"image":{"@id":"https:\/\/agenciainfra.com\/blog\/decisao-do-trf-indica-necessidade-de-reequilibrio-na-concessao-da-br-101-es-ba\/#primaryimage"},"thumbnailUrl":"https:\/\/agenciainfra.com\/blog\/wp-content\/uploads\/2023\/05\/BR-101.ES_.BA-foto-prefeitura-de-viana.jpg","keywords":["Aline Klein","ANTT","BR-101\/ES\/BA","BR-116\/MG","Eco101","EcoRodovias","Fenelon Barretto Rost Advogados","Maria Augusta Rost","minist\u00e9rio dos transportes","Newton Ramos","reequil\u00edbrio de contrato","Reuni\u00e3o Participativa","rodovias","TCU","TRF","Vernalha Pereira Advogados"],"articleSection":["Destaque lista","Geral","iNFRATransporte"],"inLanguage":"pt-BR","copyrightYear":"2024","copyrightHolder":{"@id":"https:\/\/agenciainfra.com\/blog\/#organization"}},{"@type":"WebPage","@id":"https:\/\/agenciainfra.com\/blog\/decisao-do-trf-indica-necessidade-de-reequilibrio-na-concessao-da-br-101-es-ba\/","url":"https:\/\/agenciainfra.com\/blog\/decisao-do-trf-indica-necessidade-de-reequilibrio-na-concessao-da-br-101-es-ba\/","name":"Decis\u00e3o do TRF indica necessidade de reequil\u00edbrio na concess\u00e3o da BR-101\/ES\/BA - Ag\u00eancia iNFRA","isPartOf":{"@id":"https:\/\/agenciainfra.com\/blog\/#website"},"primaryImageOfPage":{"@id":"https:\/\/agenciainfra.com\/blog\/decisao-do-trf-indica-necessidade-de-reequilibrio-na-concessao-da-br-101-es-ba\/#primaryimage"},"image":{"@id":"https:\/\/agenciainfra.com\/blog\/decisao-do-trf-indica-necessidade-de-reequilibrio-na-concessao-da-br-101-es-ba\/#primaryimage"},"thumbnailUrl":"https:\/\/agenciainfra.com\/blog\/wp-content\/uploads\/2023\/05\/BR-101.ES_.BA-foto-prefeitura-de-viana.jpg","datePublished":"2024-03-19T12:00:00+00:00","dateModified":"2024-03-20T16:48:24+00:00","breadcrumb":{"@id":"https:\/\/agenciainfra.com\/blog\/decisao-do-trf-indica-necessidade-de-reequilibrio-na-concessao-da-br-101-es-ba\/#breadcrumb"},"inLanguage":"pt-BR","potentialAction":[{"@type":"ReadAction","target":["https:\/\/agenciainfra.com\/blog\/decisao-do-trf-indica-necessidade-de-reequilibrio-na-concessao-da-br-101-es-ba\/"]}]},{"@type":"ImageObject","inLanguage":"pt-BR","@id":"https:\/\/agenciainfra.com\/blog\/decisao-do-trf-indica-necessidade-de-reequilibrio-na-concessao-da-br-101-es-ba\/#primaryimage","url":"https:\/\/agenciainfra.com\/blog\/wp-content\/uploads\/2023\/05\/BR-101.ES_.BA-foto-prefeitura-de-viana.jpg","contentUrl":"https:\/\/agenciainfra.com\/blog\/wp-content\/uploads\/2023\/05\/BR-101.ES_.BA-foto-prefeitura-de-viana.jpg","width":1280,"height":720},{"@type":"BreadcrumbList","@id":"https:\/\/agenciainfra.com\/blog\/decisao-do-trf-indica-necessidade-de-reequilibrio-na-concessao-da-br-101-es-ba\/#breadcrumb","itemListElement":[{"@type":"ListItem","position":1,"name":"In\u00edcio","item":"https:\/\/agenciainfra.com\/blog\/"},{"@type":"ListItem","position":2,"name":"Decis\u00e3o do TRF indica necessidade de reequil\u00edbrio na concess\u00e3o da BR-101\/ES\/BA"}]},{"@type":"WebSite","@id":"https:\/\/agenciainfra.com\/blog\/#website","url":"https:\/\/agenciainfra.com\/blog\/","name":"Ag\u00eancia iNFRA","description":"Multiplataforma de informa\u00e7\u00e3o jornal\u00edstica refer\u00eancia na \u00e1rea de infraestrutura no Brasil!","publisher":{"@id":"https:\/\/agenciainfra.com\/blog\/#organization"},"potentialAction":[{"@type":"SearchAction","target":{"@type":"EntryPoint","urlTemplate":"https:\/\/agenciainfra.com\/blog\/?s={search_term_string}"},"query-input":{"@type":"PropertyValueSpecification","valueRequired":true,"valueName":"search_term_string"}}],"inLanguage":"pt-BR"},{"@type":"Organization","@id":"https:\/\/agenciainfra.com\/blog\/#organization","name":"Ag\u00eancia iNFRA","url":"https:\/\/agenciainfra.com\/blog\/","logo":{"@type":"ImageObject","inLanguage":"pt-BR","@id":"https:\/\/agenciainfra.com\/blog\/#\/schema\/logo\/image\/","url":"https:\/\/agenciainfra.com\/blog\/wp-content\/uploads\/2023\/09\/iNFRA_5-e1761735885940.png","contentUrl":"https:\/\/agenciainfra.com\/blog\/wp-content\/uploads\/2023\/09\/iNFRA_5-e1761735885940.png","width":1672,"height":454,"caption":"Ag\u00eancia iNFRA"},"image":{"@id":"https:\/\/agenciainfra.com\/blog\/#\/schema\/logo\/image\/"},"sameAs":["https:\/\/www.facebook.com\/ageninfra","https:\/\/x.com\/agencia_infra","https:\/\/www.linkedin.com\/company\/ag\u00eanciainfra\/","https:\/\/www.instagram.com\/agenciainfra\/"]},{"@type":"Person","@id":"https:\/\/agenciainfra.com\/blog\/#\/schema\/person\/34af08dff6adea4cb22b06612ba7acfa","name":"Ag\u00eancia iNFRA","image":{"@type":"ImageObject","inLanguage":"pt-BR","@id":"https:\/\/agenciainfra.com\/blog\/#\/schema\/person\/image\/","url":"https:\/\/secure.gravatar.com\/avatar\/d189e01678f06d8eb84d4e01f08eb848b3fffe3f8443818d3c356c66892f5be8?s=96&d=mm&r=g","contentUrl":"https:\/\/secure.gravatar.com\/avatar\/d189e01678f06d8eb84d4e01f08eb848b3fffe3f8443818d3c356c66892f5be8?s=96&d=mm&r=g","caption":"Ag\u00eancia iNFRA"},"url":"https:\/\/agenciainfra.com\/blog\/author\/admin\/"}]}},"_links":{"self":[{"href":"https:\/\/agenciainfra.com\/blog\/wp-json\/wp\/v2\/posts\/15789","targetHints":{"allow":["GET"]}}],"collection":[{"href":"https:\/\/agenciainfra.com\/blog\/wp-json\/wp\/v2\/posts"}],"about":[{"href":"https:\/\/agenciainfra.com\/blog\/wp-json\/wp\/v2\/types\/post"}],"author":[{"embeddable":true,"href":"https:\/\/agenciainfra.com\/blog\/wp-json\/wp\/v2\/users\/1"}],"replies":[{"embeddable":true,"href":"https:\/\/agenciainfra.com\/blog\/wp-json\/wp\/v2\/comments?post=15789"}],"version-history":[{"count":2,"href":"https:\/\/agenciainfra.com\/blog\/wp-json\/wp\/v2\/posts\/15789\/revisions"}],"predecessor-version":[{"id":15791,"href":"https:\/\/agenciainfra.com\/blog\/wp-json\/wp\/v2\/posts\/15789\/revisions\/15791"}],"wp:featuredmedia":[{"embeddable":true,"href":"https:\/\/agenciainfra.com\/blog\/wp-json\/wp\/v2\/media\/12601"}],"wp:attachment":[{"href":"https:\/\/agenciainfra.com\/blog\/wp-json\/wp\/v2\/media?parent=15789"}],"wp:term":[{"taxonomy":"category","embeddable":true,"href":"https:\/\/agenciainfra.com\/blog\/wp-json\/wp\/v2\/categories?post=15789"},{"taxonomy":"post_tag","embeddable":true,"href":"https:\/\/agenciainfra.com\/blog\/wp-json\/wp\/v2\/tags?post=15789"}],"curies":[{"name":"wp","href":"https:\/\/api.w.org\/{rel}","templated":true}]}}