{"id":15792,"date":"2024-03-18T09:00:00","date_gmt":"2024-03-18T12:00:00","guid":{"rendered":"https:\/\/agenciainfra.com\/blog\/?p=15792"},"modified":"2024-03-18T10:28:32","modified_gmt":"2024-03-18T13:28:32","slug":"azul-pede-a-anac-para-rever-proibicao-de-uso-da-pista-auxiliar-de-congonhas-para-aviacao-comercial","status":"publish","type":"post","link":"https:\/\/agenciainfra.com\/blog\/azul-pede-a-anac-para-rever-proibicao-de-uso-da-pista-auxiliar-de-congonhas-para-aviacao-comercial\/","title":{"rendered":"Azul pede \u00e0 ANAC para rever proibi\u00e7\u00e3o de uso da pista auxiliar de Congonhas para avia\u00e7\u00e3o comercial"},"content":{"rendered":"\n<p class=\"has-text-align-right\"><strong>da Ag\u00eancia iNFRA<\/strong><\/p>\n\n\n\n<p>A Azul Linhas A\u00e9reas pediu para que a ANAC (Ag\u00eancia Nacional de Avia\u00e7\u00e3o Civil) reveja a restri\u00e7\u00e3o total imposta ao uso da pista auxiliar do aeroporto de Congonhas (SP) \u00e0 avia\u00e7\u00e3o comercial.<br><br>A solicita\u00e7\u00e3o foi apresentada na \u00faltima quinta-feira (14) durante a sess\u00e3o presencial da Audi\u00eancia P\u00fablica 1\/2024 da ag\u00eancia, que trata de nova resolu\u00e7\u00e3o para regulamentar a classifica\u00e7\u00e3o de aeroportos e de normas espec\u00edficas para usos dos chamados aeroportos especiais, no qual se encontram Congonhas e o Santos Dumont (RJ). A sess\u00e3o pode ser vista&nbsp;<a href=\"https:\/\/agenciainfra.us14.list-manage.com\/track\/click?u=d460dd1bcf9ba0ae040e1fc0f&amp;id=fb84595f6f&amp;e=55b7a27fc9\" target=\"_blank\" rel=\"noreferrer noopener\">neste link<\/a>. As contribui\u00e7\u00f5es,&nbsp;<a href=\"https:\/\/agenciainfra.us14.list-manage.com\/track\/click?u=d460dd1bcf9ba0ae040e1fc0f&amp;id=9456d4c5f6&amp;e=55b7a27fc9\" target=\"_blank\" rel=\"noreferrer noopener\">neste link<\/a>, podem ser feitas at\u00e9 dia 25 de mar\u00e7o.<br><br>De acordo com a ag\u00eancia, a inten\u00e7\u00e3o da proposta levada a audi\u00eancia p\u00fablica \u00e9 modernizar as regras para a avia\u00e7\u00e3o usar essas duas unidades, que t\u00eam caracter\u00edsticas especiais por causa de suas localiza\u00e7\u00f5es centrais nas maiores cidades do pa\u00eds, extens\u00e3o de pista, entre outros fatores.&nbsp;<br><br>Por esse&nbsp;motivo, elas t\u00eam requisitos espec\u00edficos de tipo de aeronave e treinamentos de pilotos que ter\u00e3o que ser observados pelas empresas para operar nas duas unidades, o que j\u00e1 existe hoje. A nova regula\u00e7\u00e3o busca uma simplifica\u00e7\u00e3o dos procedimentos das companhias, normatizando inclusive pr\u00e1ticas que j\u00e1 s\u00e3o adotadas.<br><br>No caso de Congonhas, uma demanda antiga do setor \u00e9 para que a pista auxiliar da unidade possa voltar a ser operada pela avia\u00e7\u00e3o comercial, o que est\u00e1 proibido. A proposta levada \u00e0 consulta p\u00fablica pela ag\u00eancia \u00e9 para que essa restri\u00e7\u00e3o se mantenha.<br><br>De acordo com o superintendente de Padr\u00f5es Operacionais da ag\u00eancia, Bruno Del Bel, outros requisitos necess\u00e1rios a uma opera\u00e7\u00e3o comercial nessa unidade impediriam seu uso regular no momento, como a restri\u00e7\u00e3o para distribui\u00e7\u00e3o de slots. Mas a decis\u00e3o foi por manter a restri\u00e7\u00e3o tamb\u00e9m nessa norma, pelo menos at\u00e9 que o processo de certifica\u00e7\u00e3o da unidade, agora sob gest\u00e3o privada ap\u00f3s o processo de concess\u00e3o, seja conclu\u00eddo.<br><br><strong>Uso em situa\u00e7\u00f5es emergenciais<\/strong><br>Camilo Silva de Oliveira Coelho, representando a Azul, defendeu que seria importante rever a restri\u00e7\u00e3o nessa norma operacional para que se abrisse a possibilidade de usar a pista auxiliar de Congonhas pelo menos em casos excepcionais, como os de restri\u00e7\u00e3o por acidente ou obras na pista principal.&nbsp;<br><br>Segundo ele, as an\u00e1lises de performance que s\u00e3o exigidas pela ag\u00eancia e feitas pela empresa indicam a possibilidade de aeronaves utilizarem com seguran\u00e7a a pista, em condi\u00e7\u00f5es espec\u00edficas. Essas condi\u00e7\u00f5es, no momento, dificultariam uma opera\u00e7\u00e3o regular usando a auxiliar. Mas, em situa\u00e7\u00f5es emergenciais, poderiam dar um al\u00edvio aos usu\u00e1rios.<br><br><strong>&#8220;Deve ser revisto&#8221;<\/strong><br>Del Bel, da ANAC, afirmou que a op\u00e7\u00e3o foi por n\u00e3o mudar a restri\u00e7\u00e3o nessa regula\u00e7\u00e3o porque as restri\u00e7\u00f5es teriam mais rela\u00e7\u00e3o com aspectos de infraestrutura do que operacionais, que s\u00e3o o tema da norma em consulta. Francisco Gab\u00e3o, gerente de Opera\u00e7\u00f5es de Empresas de Transporte A\u00e9reo da ANAC, afirmou que a restri\u00e7\u00e3o n\u00e3o pode ser definitiva e precisa ser revista.<br><br>&#8220;A gente tem uma vis\u00e3o de que isso tem car\u00e1ter provis\u00f3rio e deve ser revisto no futuro. A infraestrutura est\u00e1 l\u00e1, dispon\u00edvel, custou para ser constru\u00edda. Temos que definir a melhor forma de usar ela&#8221;, disse Gab\u00e3o. &#8220;Vemos casos de acidentes recentes que pararam a principal que, se tivesse opera\u00e7\u00e3o na auxiliar, voc\u00ea evitaria boa parte de um impacto enorme causado na sociedade.&#8221;<\/p>\n","protected":false},"excerpt":{"rendered":"<p>da Ag\u00eancia iNFRA A Azul Linhas A\u00e9reas pediu para que a ANAC (Ag\u00eancia Nacional de Avia\u00e7\u00e3o Civil) reveja a restri\u00e7\u00e3o total imposta ao uso da pista auxiliar do aeroporto de Congonhas (SP) \u00e0 avia\u00e7\u00e3o comercial. A solicita\u00e7\u00e3o foi apresentada na \u00faltima quinta-feira (14) durante a sess\u00e3o presencial da Audi\u00eancia P\u00fablica 1\/2024 da ag\u00eancia, que trata [&hellip;]<\/p>\n","protected":false},"author":1,"featured_media":15794,"comment_status":"closed","ping_status":"closed","sticky":false,"template":"","format":"standard","meta":{"_monsterinsights_skip_tracking":false,"_monsterinsights_sitenote_active":false,"_monsterinsights_sitenote_note":"","_monsterinsights_sitenote_category":0,"footnotes":""},"categories":[7250,1,7],"tags":[60,1114,242,3020,236,5727,676,8824,8826,8827,680,8828,8825,743,362],"class_list":["post-15792","post","type-post","status-publish","format-standard","has-post-thumbnail","hentry","category-destaque-lista","category-geral","category-infratransporte","tag-aeroporto","tag-aeroporto-de-congonhas","tag-anac","tag-audiencia-publica","tag-aviacao","tag-aviacao-comercial","tag-azul","tag-azul-linhas-aereas","tag-bruno-del-bel","tag-camilo-silva-de-oliveira-coelho","tag-congonhas","tag-francisco-gabao","tag-pista-auxiliar","tag-santos-dumont","tag-transporte-aereo"],"yoast_head":"<!-- This site is optimized with the Yoast SEO Premium plugin v25.4 (Yoast SEO v26.0) - https:\/\/yoast.com\/wordpress\/plugins\/seo\/ -->\n<title>Azul pede \u00e0 ANAC para rever proibi\u00e7\u00e3o de uso da pista auxiliar de Congonhas para avia\u00e7\u00e3o comercial - Ag\u00eancia iNFRA<\/title>\n<meta name=\"robots\" content=\"index, follow, max-snippet:-1, max-image-preview:large, max-video-preview:-1\" \/>\n<link rel=\"canonical\" href=\"https:\/\/agenciainfra.com\/blog\/azul-pede-a-anac-para-rever-proibicao-de-uso-da-pista-auxiliar-de-congonhas-para-aviacao-comercial\/\" \/>\n<meta property=\"og:locale\" content=\"pt_BR\" \/>\n<meta property=\"og:type\" content=\"article\" \/>\n<meta property=\"og:title\" content=\"Azul pede \u00e0 ANAC para rever proibi\u00e7\u00e3o de uso da pista auxiliar de Congonhas para avia\u00e7\u00e3o comercial\" \/>\n<meta property=\"og:description\" content=\"da Ag\u00eancia iNFRA A Azul Linhas A\u00e9reas pediu para que a ANAC (Ag\u00eancia Nacional de Avia\u00e7\u00e3o Civil) reveja a restri\u00e7\u00e3o total imposta ao uso da pista auxiliar do aeroporto de Congonhas (SP) \u00e0 avia\u00e7\u00e3o comercial. A solicita\u00e7\u00e3o foi apresentada na \u00faltima quinta-feira (14) durante a sess\u00e3o presencial da Audi\u00eancia P\u00fablica 1\/2024 da ag\u00eancia, que trata [&hellip;]\" \/>\n<meta property=\"og:url\" content=\"https:\/\/agenciainfra.com\/blog\/azul-pede-a-anac-para-rever-proibicao-de-uso-da-pista-auxiliar-de-congonhas-para-aviacao-comercial\/\" \/>\n<meta property=\"og:site_name\" content=\"Ag\u00eancia iNFRA\" \/>\n<meta property=\"article:publisher\" content=\"https:\/\/www.facebook.com\/ageninfra\" \/>\n<meta property=\"article:published_time\" content=\"2024-03-18T12:00:00+00:00\" \/>\n<meta property=\"article:modified_time\" content=\"2024-03-18T13:28:32+00:00\" \/>\n<meta property=\"og:image\" content=\"https:\/\/agenciainfra.com\/blog\/wp-content\/uploads\/2024\/03\/azul-foto-Jose-Fernando-Ogura-AEN.jpg\" \/>\n\t<meta property=\"og:image:width\" content=\"1202\" \/>\n\t<meta property=\"og:image:height\" content=\"810\" \/>\n\t<meta property=\"og:image:type\" content=\"image\/jpeg\" \/>\n<meta name=\"author\" content=\"Ag\u00eancia iNFRA\" \/>\n<meta name=\"twitter:card\" content=\"summary_large_image\" \/>\n<meta name=\"twitter:creator\" content=\"@agencia_infra\" \/>\n<meta name=\"twitter:site\" content=\"@agencia_infra\" \/>\n<meta name=\"twitter:label1\" content=\"Escrito por\" \/>\n\t<meta name=\"twitter:data1\" content=\"Ag\u00eancia iNFRA\" \/>\n\t<meta name=\"twitter:label2\" content=\"Est. tempo de leitura\" \/>\n\t<meta name=\"twitter:data2\" content=\"3 minutos\" \/>\n<script type=\"application\/ld+json\" class=\"yoast-schema-graph\">{\"@context\":\"https:\/\/schema.org\",\"@graph\":[{\"@type\":\"Article\",\"@id\":\"https:\/\/agenciainfra.com\/blog\/azul-pede-a-anac-para-rever-proibicao-de-uso-da-pista-auxiliar-de-congonhas-para-aviacao-comercial\/#article\",\"isPartOf\":{\"@id\":\"https:\/\/agenciainfra.com\/blog\/azul-pede-a-anac-para-rever-proibicao-de-uso-da-pista-auxiliar-de-congonhas-para-aviacao-comercial\/\"},\"author\":{\"name\":\"Ag\u00eancia iNFRA\",\"@id\":\"https:\/\/agenciainfra.com\/blog\/#\/schema\/person\/34af08dff6adea4cb22b06612ba7acfa\"},\"headline\":\"Azul pede \u00e0 ANAC para rever proibi\u00e7\u00e3o de uso da pista auxiliar de Congonhas para avia\u00e7\u00e3o comercial\",\"datePublished\":\"2024-03-18T12:00:00+00:00\",\"dateModified\":\"2024-03-18T13:28:32+00:00\",\"mainEntityOfPage\":{\"@id\":\"https:\/\/agenciainfra.com\/blog\/azul-pede-a-anac-para-rever-proibicao-de-uso-da-pista-auxiliar-de-congonhas-para-aviacao-comercial\/\"},\"wordCount\":635,\"publisher\":{\"@id\":\"https:\/\/agenciainfra.com\/blog\/#organization\"},\"image\":{\"@id\":\"https:\/\/agenciainfra.com\/blog\/azul-pede-a-anac-para-rever-proibicao-de-uso-da-pista-auxiliar-de-congonhas-para-aviacao-comercial\/#primaryimage\"},\"thumbnailUrl\":\"https:\/\/agenciainfra.com\/blog\/wp-content\/uploads\/2024\/03\/azul-foto-Jose-Fernando-Ogura-AEN.jpg\",\"keywords\":[\"aeroporto\",\"Aeroporto de Congonhas\",\"ANAC\",\"audi\u00eancia p\u00fablica\",\"avia\u00e7\u00e3o\",\"avia\u00e7\u00e3o comercial\",\"azul\",\"Azul Linhas A\u00e9reas\",\"Bruno Del Bel\",\"Camilo Silva de Oliveira Coelho\",\"Congonhas\",\"Francisco Gab\u00e3o\",\"Pista auxiliar\",\"Santos Dumont\",\"transporte a\u00e9reo\"],\"articleSection\":[\"Destaque lista\",\"Geral\",\"iNFRATransporte\"],\"inLanguage\":\"pt-BR\",\"copyrightYear\":\"2024\",\"copyrightHolder\":{\"@id\":\"https:\/\/agenciainfra.com\/blog\/#organization\"}},{\"@type\":\"WebPage\",\"@id\":\"https:\/\/agenciainfra.com\/blog\/azul-pede-a-anac-para-rever-proibicao-de-uso-da-pista-auxiliar-de-congonhas-para-aviacao-comercial\/\",\"url\":\"https:\/\/agenciainfra.com\/blog\/azul-pede-a-anac-para-rever-proibicao-de-uso-da-pista-auxiliar-de-congonhas-para-aviacao-comercial\/\",\"name\":\"Azul pede \u00e0 ANAC para rever proibi\u00e7\u00e3o de uso da pista auxiliar de Congonhas para avia\u00e7\u00e3o comercial - Ag\u00eancia iNFRA\",\"isPartOf\":{\"@id\":\"https:\/\/agenciainfra.com\/blog\/#website\"},\"primaryImageOfPage\":{\"@id\":\"https:\/\/agenciainfra.com\/blog\/azul-pede-a-anac-para-rever-proibicao-de-uso-da-pista-auxiliar-de-congonhas-para-aviacao-comercial\/#primaryimage\"},\"image\":{\"@id\":\"https:\/\/agenciainfra.com\/blog\/azul-pede-a-anac-para-rever-proibicao-de-uso-da-pista-auxiliar-de-congonhas-para-aviacao-comercial\/#primaryimage\"},\"thumbnailUrl\":\"https:\/\/agenciainfra.com\/blog\/wp-content\/uploads\/2024\/03\/azul-foto-Jose-Fernando-Ogura-AEN.jpg\",\"datePublished\":\"2024-03-18T12:00:00+00:00\",\"dateModified\":\"2024-03-18T13:28:32+00:00\",\"breadcrumb\":{\"@id\":\"https:\/\/agenciainfra.com\/blog\/azul-pede-a-anac-para-rever-proibicao-de-uso-da-pista-auxiliar-de-congonhas-para-aviacao-comercial\/#breadcrumb\"},\"inLanguage\":\"pt-BR\",\"potentialAction\":[{\"@type\":\"ReadAction\",\"target\":[\"https:\/\/agenciainfra.com\/blog\/azul-pede-a-anac-para-rever-proibicao-de-uso-da-pista-auxiliar-de-congonhas-para-aviacao-comercial\/\"]}]},{\"@type\":\"ImageObject\",\"inLanguage\":\"pt-BR\",\"@id\":\"https:\/\/agenciainfra.com\/blog\/azul-pede-a-anac-para-rever-proibicao-de-uso-da-pista-auxiliar-de-congonhas-para-aviacao-comercial\/#primaryimage\",\"url\":\"https:\/\/agenciainfra.com\/blog\/wp-content\/uploads\/2024\/03\/azul-foto-Jose-Fernando-Ogura-AEN.jpg\",\"contentUrl\":\"https:\/\/agenciainfra.com\/blog\/wp-content\/uploads\/2024\/03\/azul-foto-Jose-Fernando-Ogura-AEN.jpg\",\"width\":1202,\"height\":810,\"caption\":\"Foto: Jos\u00e9 Fernando Ogura\/AEN\"},{\"@type\":\"BreadcrumbList\",\"@id\":\"https:\/\/agenciainfra.com\/blog\/azul-pede-a-anac-para-rever-proibicao-de-uso-da-pista-auxiliar-de-congonhas-para-aviacao-comercial\/#breadcrumb\",\"itemListElement\":[{\"@type\":\"ListItem\",\"position\":1,\"name\":\"In\u00edcio\",\"item\":\"https:\/\/agenciainfra.com\/blog\/\"},{\"@type\":\"ListItem\",\"position\":2,\"name\":\"Azul pede \u00e0 ANAC para rever proibi\u00e7\u00e3o de uso da pista auxiliar de Congonhas para avia\u00e7\u00e3o comercial\"}]},{\"@type\":\"WebSite\",\"@id\":\"https:\/\/agenciainfra.com\/blog\/#website\",\"url\":\"https:\/\/agenciainfra.com\/blog\/\",\"name\":\"Ag\u00eancia iNFRA\",\"description\":\"Multiplataforma de informa\u00e7\u00e3o jornal\u00edstica refer\u00eancia na \u00e1rea de infraestrutura no Brasil!\",\"publisher\":{\"@id\":\"https:\/\/agenciainfra.com\/blog\/#organization\"},\"potentialAction\":[{\"@type\":\"SearchAction\",\"target\":{\"@type\":\"EntryPoint\",\"urlTemplate\":\"https:\/\/agenciainfra.com\/blog\/?s={search_term_string}\"},\"query-input\":{\"@type\":\"PropertyValueSpecification\",\"valueRequired\":true,\"valueName\":\"search_term_string\"}}],\"inLanguage\":\"pt-BR\"},{\"@type\":\"Organization\",\"@id\":\"https:\/\/agenciainfra.com\/blog\/#organization\",\"name\":\"Ag\u00eancia iNFRA\",\"url\":\"https:\/\/agenciainfra.com\/blog\/\",\"logo\":{\"@type\":\"ImageObject\",\"inLanguage\":\"pt-BR\",\"@id\":\"https:\/\/agenciainfra.com\/blog\/#\/schema\/logo\/image\/\",\"url\":\"https:\/\/agenciainfra.com\/blog\/wp-content\/uploads\/2023\/09\/iNFRA_5-e1761735885940.png\",\"contentUrl\":\"https:\/\/agenciainfra.com\/blog\/wp-content\/uploads\/2023\/09\/iNFRA_5-e1761735885940.png\",\"width\":1672,\"height\":454,\"caption\":\"Ag\u00eancia iNFRA\"},\"image\":{\"@id\":\"https:\/\/agenciainfra.com\/blog\/#\/schema\/logo\/image\/\"},\"sameAs\":[\"https:\/\/www.facebook.com\/ageninfra\",\"https:\/\/x.com\/agencia_infra\",\"https:\/\/www.linkedin.com\/company\/ag\u00eanciainfra\/\",\"https:\/\/www.instagram.com\/agenciainfra\/\"]},{\"@type\":\"Person\",\"@id\":\"https:\/\/agenciainfra.com\/blog\/#\/schema\/person\/34af08dff6adea4cb22b06612ba7acfa\",\"name\":\"Ag\u00eancia iNFRA\",\"image\":{\"@type\":\"ImageObject\",\"inLanguage\":\"pt-BR\",\"@id\":\"https:\/\/agenciainfra.com\/blog\/#\/schema\/person\/image\/\",\"url\":\"https:\/\/secure.gravatar.com\/avatar\/d189e01678f06d8eb84d4e01f08eb848b3fffe3f8443818d3c356c66892f5be8?s=96&d=mm&r=g\",\"contentUrl\":\"https:\/\/secure.gravatar.com\/avatar\/d189e01678f06d8eb84d4e01f08eb848b3fffe3f8443818d3c356c66892f5be8?s=96&d=mm&r=g\",\"caption\":\"Ag\u00eancia iNFRA\"},\"url\":\"https:\/\/agenciainfra.com\/blog\/author\/admin\/\"}]}<\/script>\n<!-- \/ Yoast SEO Premium plugin. -->","yoast_head_json":{"title":"Azul pede \u00e0 ANAC para rever proibi\u00e7\u00e3o de uso da pista auxiliar de Congonhas para avia\u00e7\u00e3o comercial - Ag\u00eancia iNFRA","robots":{"index":"index","follow":"follow","max-snippet":"max-snippet:-1","max-image-preview":"max-image-preview:large","max-video-preview":"max-video-preview:-1"},"canonical":"https:\/\/agenciainfra.com\/blog\/azul-pede-a-anac-para-rever-proibicao-de-uso-da-pista-auxiliar-de-congonhas-para-aviacao-comercial\/","og_locale":"pt_BR","og_type":"article","og_title":"Azul pede \u00e0 ANAC para rever proibi\u00e7\u00e3o de uso da pista auxiliar de Congonhas para avia\u00e7\u00e3o comercial","og_description":"da Ag\u00eancia iNFRA A Azul Linhas A\u00e9reas pediu para que a ANAC (Ag\u00eancia Nacional de Avia\u00e7\u00e3o Civil) reveja a restri\u00e7\u00e3o total imposta ao uso da pista auxiliar do aeroporto de Congonhas (SP) \u00e0 avia\u00e7\u00e3o comercial. A solicita\u00e7\u00e3o foi apresentada na \u00faltima quinta-feira (14) durante a sess\u00e3o presencial da Audi\u00eancia P\u00fablica 1\/2024 da ag\u00eancia, que trata [&hellip;]","og_url":"https:\/\/agenciainfra.com\/blog\/azul-pede-a-anac-para-rever-proibicao-de-uso-da-pista-auxiliar-de-congonhas-para-aviacao-comercial\/","og_site_name":"Ag\u00eancia iNFRA","article_publisher":"https:\/\/www.facebook.com\/ageninfra","article_published_time":"2024-03-18T12:00:00+00:00","article_modified_time":"2024-03-18T13:28:32+00:00","og_image":[{"width":1202,"height":810,"url":"https:\/\/agenciainfra.com\/blog\/wp-content\/uploads\/2024\/03\/azul-foto-Jose-Fernando-Ogura-AEN.jpg","type":"image\/jpeg"}],"author":"Ag\u00eancia iNFRA","twitter_card":"summary_large_image","twitter_creator":"@agencia_infra","twitter_site":"@agencia_infra","twitter_misc":{"Escrito por":"Ag\u00eancia iNFRA","Est. tempo de leitura":"3 minutos"},"schema":{"@context":"https:\/\/schema.org","@graph":[{"@type":"Article","@id":"https:\/\/agenciainfra.com\/blog\/azul-pede-a-anac-para-rever-proibicao-de-uso-da-pista-auxiliar-de-congonhas-para-aviacao-comercial\/#article","isPartOf":{"@id":"https:\/\/agenciainfra.com\/blog\/azul-pede-a-anac-para-rever-proibicao-de-uso-da-pista-auxiliar-de-congonhas-para-aviacao-comercial\/"},"author":{"name":"Ag\u00eancia iNFRA","@id":"https:\/\/agenciainfra.com\/blog\/#\/schema\/person\/34af08dff6adea4cb22b06612ba7acfa"},"headline":"Azul pede \u00e0 ANAC para rever proibi\u00e7\u00e3o de uso da pista auxiliar de Congonhas para avia\u00e7\u00e3o comercial","datePublished":"2024-03-18T12:00:00+00:00","dateModified":"2024-03-18T13:28:32+00:00","mainEntityOfPage":{"@id":"https:\/\/agenciainfra.com\/blog\/azul-pede-a-anac-para-rever-proibicao-de-uso-da-pista-auxiliar-de-congonhas-para-aviacao-comercial\/"},"wordCount":635,"publisher":{"@id":"https:\/\/agenciainfra.com\/blog\/#organization"},"image":{"@id":"https:\/\/agenciainfra.com\/blog\/azul-pede-a-anac-para-rever-proibicao-de-uso-da-pista-auxiliar-de-congonhas-para-aviacao-comercial\/#primaryimage"},"thumbnailUrl":"https:\/\/agenciainfra.com\/blog\/wp-content\/uploads\/2024\/03\/azul-foto-Jose-Fernando-Ogura-AEN.jpg","keywords":["aeroporto","Aeroporto de Congonhas","ANAC","audi\u00eancia p\u00fablica","avia\u00e7\u00e3o","avia\u00e7\u00e3o comercial","azul","Azul Linhas A\u00e9reas","Bruno Del Bel","Camilo Silva de Oliveira Coelho","Congonhas","Francisco Gab\u00e3o","Pista auxiliar","Santos Dumont","transporte a\u00e9reo"],"articleSection":["Destaque lista","Geral","iNFRATransporte"],"inLanguage":"pt-BR","copyrightYear":"2024","copyrightHolder":{"@id":"https:\/\/agenciainfra.com\/blog\/#organization"}},{"@type":"WebPage","@id":"https:\/\/agenciainfra.com\/blog\/azul-pede-a-anac-para-rever-proibicao-de-uso-da-pista-auxiliar-de-congonhas-para-aviacao-comercial\/","url":"https:\/\/agenciainfra.com\/blog\/azul-pede-a-anac-para-rever-proibicao-de-uso-da-pista-auxiliar-de-congonhas-para-aviacao-comercial\/","name":"Azul pede \u00e0 ANAC para rever proibi\u00e7\u00e3o de uso da pista auxiliar de Congonhas para avia\u00e7\u00e3o comercial - Ag\u00eancia iNFRA","isPartOf":{"@id":"https:\/\/agenciainfra.com\/blog\/#website"},"primaryImageOfPage":{"@id":"https:\/\/agenciainfra.com\/blog\/azul-pede-a-anac-para-rever-proibicao-de-uso-da-pista-auxiliar-de-congonhas-para-aviacao-comercial\/#primaryimage"},"image":{"@id":"https:\/\/agenciainfra.com\/blog\/azul-pede-a-anac-para-rever-proibicao-de-uso-da-pista-auxiliar-de-congonhas-para-aviacao-comercial\/#primaryimage"},"thumbnailUrl":"https:\/\/agenciainfra.com\/blog\/wp-content\/uploads\/2024\/03\/azul-foto-Jose-Fernando-Ogura-AEN.jpg","datePublished":"2024-03-18T12:00:00+00:00","dateModified":"2024-03-18T13:28:32+00:00","breadcrumb":{"@id":"https:\/\/agenciainfra.com\/blog\/azul-pede-a-anac-para-rever-proibicao-de-uso-da-pista-auxiliar-de-congonhas-para-aviacao-comercial\/#breadcrumb"},"inLanguage":"pt-BR","potentialAction":[{"@type":"ReadAction","target":["https:\/\/agenciainfra.com\/blog\/azul-pede-a-anac-para-rever-proibicao-de-uso-da-pista-auxiliar-de-congonhas-para-aviacao-comercial\/"]}]},{"@type":"ImageObject","inLanguage":"pt-BR","@id":"https:\/\/agenciainfra.com\/blog\/azul-pede-a-anac-para-rever-proibicao-de-uso-da-pista-auxiliar-de-congonhas-para-aviacao-comercial\/#primaryimage","url":"https:\/\/agenciainfra.com\/blog\/wp-content\/uploads\/2024\/03\/azul-foto-Jose-Fernando-Ogura-AEN.jpg","contentUrl":"https:\/\/agenciainfra.com\/blog\/wp-content\/uploads\/2024\/03\/azul-foto-Jose-Fernando-Ogura-AEN.jpg","width":1202,"height":810,"caption":"Foto: Jos\u00e9 Fernando Ogura\/AEN"},{"@type":"BreadcrumbList","@id":"https:\/\/agenciainfra.com\/blog\/azul-pede-a-anac-para-rever-proibicao-de-uso-da-pista-auxiliar-de-congonhas-para-aviacao-comercial\/#breadcrumb","itemListElement":[{"@type":"ListItem","position":1,"name":"In\u00edcio","item":"https:\/\/agenciainfra.com\/blog\/"},{"@type":"ListItem","position":2,"name":"Azul pede \u00e0 ANAC para rever proibi\u00e7\u00e3o de uso da pista auxiliar de Congonhas para avia\u00e7\u00e3o comercial"}]},{"@type":"WebSite","@id":"https:\/\/agenciainfra.com\/blog\/#website","url":"https:\/\/agenciainfra.com\/blog\/","name":"Ag\u00eancia iNFRA","description":"Multiplataforma de informa\u00e7\u00e3o jornal\u00edstica refer\u00eancia na \u00e1rea de infraestrutura no Brasil!","publisher":{"@id":"https:\/\/agenciainfra.com\/blog\/#organization"},"potentialAction":[{"@type":"SearchAction","target":{"@type":"EntryPoint","urlTemplate":"https:\/\/agenciainfra.com\/blog\/?s={search_term_string}"},"query-input":{"@type":"PropertyValueSpecification","valueRequired":true,"valueName":"search_term_string"}}],"inLanguage":"pt-BR"},{"@type":"Organization","@id":"https:\/\/agenciainfra.com\/blog\/#organization","name":"Ag\u00eancia iNFRA","url":"https:\/\/agenciainfra.com\/blog\/","logo":{"@type":"ImageObject","inLanguage":"pt-BR","@id":"https:\/\/agenciainfra.com\/blog\/#\/schema\/logo\/image\/","url":"https:\/\/agenciainfra.com\/blog\/wp-content\/uploads\/2023\/09\/iNFRA_5-e1761735885940.png","contentUrl":"https:\/\/agenciainfra.com\/blog\/wp-content\/uploads\/2023\/09\/iNFRA_5-e1761735885940.png","width":1672,"height":454,"caption":"Ag\u00eancia iNFRA"},"image":{"@id":"https:\/\/agenciainfra.com\/blog\/#\/schema\/logo\/image\/"},"sameAs":["https:\/\/www.facebook.com\/ageninfra","https:\/\/x.com\/agencia_infra","https:\/\/www.linkedin.com\/company\/ag\u00eanciainfra\/","https:\/\/www.instagram.com\/agenciainfra\/"]},{"@type":"Person","@id":"https:\/\/agenciainfra.com\/blog\/#\/schema\/person\/34af08dff6adea4cb22b06612ba7acfa","name":"Ag\u00eancia iNFRA","image":{"@type":"ImageObject","inLanguage":"pt-BR","@id":"https:\/\/agenciainfra.com\/blog\/#\/schema\/person\/image\/","url":"https:\/\/secure.gravatar.com\/avatar\/d189e01678f06d8eb84d4e01f08eb848b3fffe3f8443818d3c356c66892f5be8?s=96&d=mm&r=g","contentUrl":"https:\/\/secure.gravatar.com\/avatar\/d189e01678f06d8eb84d4e01f08eb848b3fffe3f8443818d3c356c66892f5be8?s=96&d=mm&r=g","caption":"Ag\u00eancia iNFRA"},"url":"https:\/\/agenciainfra.com\/blog\/author\/admin\/"}]}},"_links":{"self":[{"href":"https:\/\/agenciainfra.com\/blog\/wp-json\/wp\/v2\/posts\/15792","targetHints":{"allow":["GET"]}}],"collection":[{"href":"https:\/\/agenciainfra.com\/blog\/wp-json\/wp\/v2\/posts"}],"about":[{"href":"https:\/\/agenciainfra.com\/blog\/wp-json\/wp\/v2\/types\/post"}],"author":[{"embeddable":true,"href":"https:\/\/agenciainfra.com\/blog\/wp-json\/wp\/v2\/users\/1"}],"replies":[{"embeddable":true,"href":"https:\/\/agenciainfra.com\/blog\/wp-json\/wp\/v2\/comments?post=15792"}],"version-history":[{"count":1,"href":"https:\/\/agenciainfra.com\/blog\/wp-json\/wp\/v2\/posts\/15792\/revisions"}],"predecessor-version":[{"id":15793,"href":"https:\/\/agenciainfra.com\/blog\/wp-json\/wp\/v2\/posts\/15792\/revisions\/15793"}],"wp:featuredmedia":[{"embeddable":true,"href":"https:\/\/agenciainfra.com\/blog\/wp-json\/wp\/v2\/media\/15794"}],"wp:attachment":[{"href":"https:\/\/agenciainfra.com\/blog\/wp-json\/wp\/v2\/media?parent=15792"}],"wp:term":[{"taxonomy":"category","embeddable":true,"href":"https:\/\/agenciainfra.com\/blog\/wp-json\/wp\/v2\/categories?post=15792"},{"taxonomy":"post_tag","embeddable":true,"href":"https:\/\/agenciainfra.com\/blog\/wp-json\/wp\/v2\/tags?post=15792"}],"curies":[{"name":"wp","href":"https:\/\/api.w.org\/{rel}","templated":true}]}}