{"id":15813,"date":"2024-03-22T09:00:00","date_gmt":"2024-03-22T12:00:00","guid":{"rendered":"https:\/\/agenciainfra.com\/blog\/?p=15813"},"modified":"2026-02-13T17:06:08","modified_gmt":"2026-02-13T20:06:08","slug":"ministerio-dos-transportes-quer-incluir-em-concessoes-postos-para-abastecer-caminhoes-com-gnl","status":"publish","type":"post","link":"https:\/\/agenciainfra.com\/blog\/ministerio-dos-transportes-quer-incluir-em-concessoes-postos-para-abastecer-caminhoes-com-gnl\/","title":{"rendered":"Minist\u00e9rio dos Transportes quer incluir em concess\u00f5es postos para abastecer caminh\u00f5es com GNL"},"content":{"rendered":"\n<p class=\"has-text-align-right\"><strong>Sheyla Santos, da Ag\u00eancia iNFRA<\/strong><\/p>\n\n\n\n<p>O ministro dos Transportes, Renan Filho, afirmou na \u00faltima ter\u00e7a-feira (19) que uma das tarefas da pasta ser\u00e1 garantir em todo o territ\u00f3rio nacional postos de abastecimento para o GNL (G\u00e1s Natural Liquefeito) em caminh\u00f5es, o que ele chamou de \u201cRede Azul\u201d.<br><br>Para isso, o ministro informou que quer incentivar concess\u00f5es de rodovias a instalarem esses equipamentos. E tamb\u00e9m usar recursos das tarifas de ped\u00e1gio que est\u00e3o reservados para utiliza\u00e7\u00e3o em transi\u00e7\u00e3o energ\u00e9tica e novas tecnologias.<br><br>\u201cIsso vai permitir a amplia\u00e7\u00e3o da produ\u00e7\u00e3o de caminh\u00f5es a g\u00e1s natural no Brasil e, certamente, colaborar\u00e1 para a redu\u00e7\u00e3o de emiss\u00f5es\u201d, afirmou durante o semin\u00e1rio \u201cDescarboniza\u00e7\u00e3o: Rumo \u00e0 Mobilidade de Baixo Carbono no Brasil&#8221;, realizado pelo Grupo Esfera e o MBCB (Mobilidade de Baixo Carbono para o Brasil), na ter\u00e7a-feira (19), em Bras\u00edlia (DF).<br><br>De acordo com Renan, o est\u00edmulo \u00e0 frota de caminh\u00f5es a g\u00e1s natural liquefeito \u00e9 o primeiro passo para reduzir emiss\u00f5es no transporte de ve\u00edculos pesados. \u201cN\u00e3o adianta voc\u00ea garantir ao caminh\u00e3o o tanque, mas n\u00e3o ter posto de combust\u00edvel nos lugares. Isso tudo na nova rede de concess\u00f5es n\u00f3s estamos estimulando\u201d, disse, acrescentando que o g\u00e1s liquefeito tem especificidades.<br><br>O ministro relembrou que a pasta aprovou uma resolu\u00e7\u00e3o do Contran (Conselho Nacional de Tr\u00e2nsito) que disp\u00f5e sobre o afastamento de eixos para que caminh\u00f5es de grande porte possam implantar o tanque espec\u00edfico para o GNL e, assim, garantir uma maior autonomia para esses ve\u00edculos. Reportagem da&nbsp;<strong>Ag\u00eancia iNFRA<\/strong>&nbsp;sobre o tema est\u00e1&nbsp;<a href=\"https:\/\/agenciainfra.us14.list-manage.com\/track\/click?u=d460dd1bcf9ba0ae040e1fc0f&amp;id=62d05e6312&amp;e=55b7a27fc9\" target=\"_blank\" rel=\"noreferrer noopener\">neste link<\/a>.<br><br><strong>Agenda robusta<\/strong><br>Renan salientou que o Minist\u00e9rio dos Transportes tem uma &#8220;agenda robusta e uma tarefa ampla na regulamenta\u00e7\u00e3o legal de todo o processo de moderniza\u00e7\u00e3o e transi\u00e7\u00e3o energ\u00e9tica do pa\u00eds&#8221;. Al\u00e9m do est\u00edmulo ao GNL para caminh\u00f5es, ele listou outras duas medidas nas quais a pasta tem trabalhado para a redu\u00e7\u00e3o de emiss\u00f5es no setor de transportes: o aumento do biodiesel no diesel e o aumento do percentual de etanol na gasolina.<br><br>\u201cA amplia\u00e7\u00e3o do etanol na gasolina tem sido defendida pelo Minist\u00e9rio dos Transportes, a amplia\u00e7\u00e3o de biocombust\u00edveis no diesel, a fim de reduzir a importa\u00e7\u00e3o de diesel refinado, [de] que o Brasil \u00e9 importador. Ent\u00e3o, aumentando a produ\u00e7\u00e3o de biodiesel, a gente pode reduzir essa necessidade e, quem sabe, em breve, chegar a uma produ\u00e7\u00e3o suficiente para o consumo dom\u00e9stico\u201d, disse.<br><br><strong>Discuss\u00e3o internacional<\/strong><br>Alinhado ao tema do encontro, que juntou representantes de empresas que defendem que o pa\u00eds n\u00e3o adira \u00e0 rota de transi\u00e7\u00e3o energ\u00e9tica puramente el\u00e9trica para o setor de transportes e se utilize dos combust\u00edveis alternativos j\u00e1 desenvolvidos no Brasil, Renan defendeu que o mundo deveria se abrir mais para o etanol.<br><br>Segundo ele, a matriz de energia limpa do Brasil \u00e9 exemplo, traz benef\u00edcios para a sociedade e pode se adequar trazendo mais sustentabilidade. \u201cN\u00e3o \u00e9 [uma ind\u00fastria] t\u00e3o nascente [no Brasil]. A gente j\u00e1 tem 85% da nossa frota que consome uma quantidade significativa de biocombust\u00edvel\u201d, pontuou.<\/p>\n","protected":false},"excerpt":{"rendered":"<p>Sheyla Santos, da Ag\u00eancia iNFRA O ministro dos Transportes, Renan Filho, afirmou na \u00faltima ter\u00e7a-feira (19) que uma das tarefas da pasta ser\u00e1 garantir em todo o territ\u00f3rio nacional postos de abastecimento para o GNL (G\u00e1s Natural Liquefeito) em caminh\u00f5es, o que ele chamou de \u201cRede Azul\u201d. Para isso, o ministro informou que quer incentivar [&hellip;]<\/p>\n","protected":false},"author":1,"featured_media":4637,"comment_status":"closed","ping_status":"closed","sticky":false,"template":"","format":"standard","meta":{"_monsterinsights_skip_tracking":false,"_monsterinsights_sitenote_active":false,"_monsterinsights_sitenote_note":"","_monsterinsights_sitenote_category":0,"footnotes":""},"categories":[18468],"tags":[3199,941,1581,3361,2732,3365,1783,8840,16,8839,6248,8838],"class_list":["post-15813","post","type-post","status-publish","format-standard","has-post-thumbnail","hentry","category-infra-cidades","tag-abastecimento","tag-caminhoes","tag-contran","tag-descarbonizacao","tag-etanol","tag-gasolina","tag-gnl","tag-gnl-para-caminhoes","tag-ministerio-dos-transportes","tag-rede-azul","tag-renan-filho","tag-sheyla-santos"],"yoast_head":"<!-- This site is optimized with the Yoast SEO Premium plugin v25.4 (Yoast SEO v26.0) - https:\/\/yoast.com\/wordpress\/plugins\/seo\/ -->\n<title>Minist\u00e9rio dos Transportes quer incluir em concess\u00f5es postos para abastecer caminh\u00f5es com GNL - Ag\u00eancia iNFRA<\/title>\n<meta name=\"robots\" content=\"index, follow, max-snippet:-1, max-image-preview:large, max-video-preview:-1\" \/>\n<link rel=\"canonical\" href=\"https:\/\/agenciainfra.com\/blog\/ministerio-dos-transportes-quer-incluir-em-concessoes-postos-para-abastecer-caminhoes-com-gnl\/\" \/>\n<meta property=\"og:locale\" content=\"pt_BR\" \/>\n<meta property=\"og:type\" content=\"article\" \/>\n<meta property=\"og:title\" content=\"Minist\u00e9rio dos Transportes quer incluir em concess\u00f5es postos para abastecer caminh\u00f5es com GNL\" \/>\n<meta property=\"og:description\" content=\"Sheyla Santos, da Ag\u00eancia iNFRA O ministro dos Transportes, Renan Filho, afirmou na \u00faltima ter\u00e7a-feira (19) que uma das tarefas da pasta ser\u00e1 garantir em todo o territ\u00f3rio nacional postos de abastecimento para o GNL (G\u00e1s Natural Liquefeito) em caminh\u00f5es, o que ele chamou de \u201cRede Azul\u201d. Para isso, o ministro informou que quer incentivar [&hellip;]\" \/>\n<meta property=\"og:url\" content=\"https:\/\/agenciainfra.com\/blog\/ministerio-dos-transportes-quer-incluir-em-concessoes-postos-para-abastecer-caminhoes-com-gnl\/\" \/>\n<meta property=\"og:site_name\" content=\"Ag\u00eancia iNFRA\" \/>\n<meta property=\"article:publisher\" content=\"https:\/\/www.facebook.com\/ageninfra\" \/>\n<meta property=\"article:published_time\" content=\"2024-03-22T12:00:00+00:00\" \/>\n<meta property=\"article:modified_time\" content=\"2026-02-13T20:06:08+00:00\" \/>\n<meta property=\"og:image\" content=\"https:\/\/agenciainfra.com\/blog\/wp-content\/uploads\/2020\/03\/caminhao-carga-foto-detran-rs.jpeg\" \/>\n\t<meta property=\"og:image:width\" content=\"768\" \/>\n\t<meta property=\"og:image:height\" content=\"432\" \/>\n\t<meta property=\"og:image:type\" content=\"image\/jpeg\" \/>\n<meta name=\"author\" content=\"Ag\u00eancia iNFRA\" \/>\n<meta name=\"twitter:card\" content=\"summary_large_image\" \/>\n<meta name=\"twitter:creator\" content=\"@agencia_infra\" \/>\n<meta name=\"twitter:site\" content=\"@agencia_infra\" \/>\n<meta name=\"twitter:label1\" content=\"Escrito por\" \/>\n\t<meta name=\"twitter:data1\" content=\"Ag\u00eancia iNFRA\" \/>\n\t<meta name=\"twitter:label2\" content=\"Est. tempo de leitura\" \/>\n\t<meta name=\"twitter:data2\" content=\"3 minutos\" \/>\n<script type=\"application\/ld+json\" class=\"yoast-schema-graph\">{\"@context\":\"https:\/\/schema.org\",\"@graph\":[{\"@type\":\"Article\",\"@id\":\"https:\/\/agenciainfra.com\/blog\/ministerio-dos-transportes-quer-incluir-em-concessoes-postos-para-abastecer-caminhoes-com-gnl\/#article\",\"isPartOf\":{\"@id\":\"https:\/\/agenciainfra.com\/blog\/ministerio-dos-transportes-quer-incluir-em-concessoes-postos-para-abastecer-caminhoes-com-gnl\/\"},\"author\":{\"name\":\"Ag\u00eancia iNFRA\",\"@id\":\"https:\/\/agenciainfra.com\/blog\/#\/schema\/person\/34af08dff6adea4cb22b06612ba7acfa\"},\"headline\":\"Minist\u00e9rio dos Transportes quer incluir em concess\u00f5es postos para abastecer caminh\u00f5es com GNL\",\"datePublished\":\"2024-03-22T12:00:00+00:00\",\"dateModified\":\"2026-02-13T20:06:08+00:00\",\"mainEntityOfPage\":{\"@id\":\"https:\/\/agenciainfra.com\/blog\/ministerio-dos-transportes-quer-incluir-em-concessoes-postos-para-abastecer-caminhoes-com-gnl\/\"},\"wordCount\":567,\"publisher\":{\"@id\":\"https:\/\/agenciainfra.com\/blog\/#organization\"},\"image\":{\"@id\":\"https:\/\/agenciainfra.com\/blog\/ministerio-dos-transportes-quer-incluir-em-concessoes-postos-para-abastecer-caminhoes-com-gnl\/#primaryimage\"},\"thumbnailUrl\":\"https:\/\/agenciainfra.com\/blog\/wp-content\/uploads\/2020\/03\/caminhao-carga-foto-detran-rs.jpeg\",\"keywords\":[\"abastecimento\",\"caminh\u00f5es\",\"Contran\",\"Descarboniza\u00e7\u00e3o\",\"etanol\",\"gasolina\",\"GNL\",\"GNL para caminh\u00f5es\",\"minist\u00e9rio dos transportes\",\"Rede Azul\",\"Renan Filho\",\"Sheyla Santos\"],\"articleSection\":[\"iNFRACidades\"],\"inLanguage\":\"pt-BR\",\"copyrightYear\":\"2024\",\"copyrightHolder\":{\"@id\":\"https:\/\/agenciainfra.com\/blog\/#organization\"}},{\"@type\":\"WebPage\",\"@id\":\"https:\/\/agenciainfra.com\/blog\/ministerio-dos-transportes-quer-incluir-em-concessoes-postos-para-abastecer-caminhoes-com-gnl\/\",\"url\":\"https:\/\/agenciainfra.com\/blog\/ministerio-dos-transportes-quer-incluir-em-concessoes-postos-para-abastecer-caminhoes-com-gnl\/\",\"name\":\"Minist\u00e9rio dos Transportes quer incluir em concess\u00f5es postos para abastecer caminh\u00f5es com GNL - Ag\u00eancia iNFRA\",\"isPartOf\":{\"@id\":\"https:\/\/agenciainfra.com\/blog\/#website\"},\"primaryImageOfPage\":{\"@id\":\"https:\/\/agenciainfra.com\/blog\/ministerio-dos-transportes-quer-incluir-em-concessoes-postos-para-abastecer-caminhoes-com-gnl\/#primaryimage\"},\"image\":{\"@id\":\"https:\/\/agenciainfra.com\/blog\/ministerio-dos-transportes-quer-incluir-em-concessoes-postos-para-abastecer-caminhoes-com-gnl\/#primaryimage\"},\"thumbnailUrl\":\"https:\/\/agenciainfra.com\/blog\/wp-content\/uploads\/2020\/03\/caminhao-carga-foto-detran-rs.jpeg\",\"datePublished\":\"2024-03-22T12:00:00+00:00\",\"dateModified\":\"2026-02-13T20:06:08+00:00\",\"breadcrumb\":{\"@id\":\"https:\/\/agenciainfra.com\/blog\/ministerio-dos-transportes-quer-incluir-em-concessoes-postos-para-abastecer-caminhoes-com-gnl\/#breadcrumb\"},\"inLanguage\":\"pt-BR\",\"potentialAction\":[{\"@type\":\"ReadAction\",\"target\":[\"https:\/\/agenciainfra.com\/blog\/ministerio-dos-transportes-quer-incluir-em-concessoes-postos-para-abastecer-caminhoes-com-gnl\/\"]}]},{\"@type\":\"ImageObject\",\"inLanguage\":\"pt-BR\",\"@id\":\"https:\/\/agenciainfra.com\/blog\/ministerio-dos-transportes-quer-incluir-em-concessoes-postos-para-abastecer-caminhoes-com-gnl\/#primaryimage\",\"url\":\"https:\/\/agenciainfra.com\/blog\/wp-content\/uploads\/2020\/03\/caminhao-carga-foto-detran-rs.jpeg\",\"contentUrl\":\"https:\/\/agenciainfra.com\/blog\/wp-content\/uploads\/2020\/03\/caminhao-carga-foto-detran-rs.jpeg\",\"width\":768,\"height\":432,\"caption\":\"Foto: Divulga\u00e7\u00e3o\/Detran RS\"},{\"@type\":\"BreadcrumbList\",\"@id\":\"https:\/\/agenciainfra.com\/blog\/ministerio-dos-transportes-quer-incluir-em-concessoes-postos-para-abastecer-caminhoes-com-gnl\/#breadcrumb\",\"itemListElement\":[{\"@type\":\"ListItem\",\"position\":1,\"name\":\"In\u00edcio\",\"item\":\"https:\/\/agenciainfra.com\/blog\/\"},{\"@type\":\"ListItem\",\"position\":2,\"name\":\"Minist\u00e9rio dos Transportes quer incluir em concess\u00f5es postos para abastecer caminh\u00f5es com GNL\"}]},{\"@type\":\"WebSite\",\"@id\":\"https:\/\/agenciainfra.com\/blog\/#website\",\"url\":\"https:\/\/agenciainfra.com\/blog\/\",\"name\":\"Ag\u00eancia iNFRA\",\"description\":\"Multiplataforma de informa\u00e7\u00e3o jornal\u00edstica refer\u00eancia na \u00e1rea de infraestrutura no Brasil!\",\"publisher\":{\"@id\":\"https:\/\/agenciainfra.com\/blog\/#organization\"},\"potentialAction\":[{\"@type\":\"SearchAction\",\"target\":{\"@type\":\"EntryPoint\",\"urlTemplate\":\"https:\/\/agenciainfra.com\/blog\/?s={search_term_string}\"},\"query-input\":{\"@type\":\"PropertyValueSpecification\",\"valueRequired\":true,\"valueName\":\"search_term_string\"}}],\"inLanguage\":\"pt-BR\"},{\"@type\":\"Organization\",\"@id\":\"https:\/\/agenciainfra.com\/blog\/#organization\",\"name\":\"Ag\u00eancia iNFRA\",\"url\":\"https:\/\/agenciainfra.com\/blog\/\",\"logo\":{\"@type\":\"ImageObject\",\"inLanguage\":\"pt-BR\",\"@id\":\"https:\/\/agenciainfra.com\/blog\/#\/schema\/logo\/image\/\",\"url\":\"https:\/\/agenciainfra.com\/blog\/wp-content\/uploads\/2023\/09\/iNFRA_5-e1761735885940.png\",\"contentUrl\":\"https:\/\/agenciainfra.com\/blog\/wp-content\/uploads\/2023\/09\/iNFRA_5-e1761735885940.png\",\"width\":1672,\"height\":454,\"caption\":\"Ag\u00eancia iNFRA\"},\"image\":{\"@id\":\"https:\/\/agenciainfra.com\/blog\/#\/schema\/logo\/image\/\"},\"sameAs\":[\"https:\/\/www.facebook.com\/ageninfra\",\"https:\/\/x.com\/agencia_infra\",\"https:\/\/www.linkedin.com\/company\/ag\u00eanciainfra\/\",\"https:\/\/www.instagram.com\/agenciainfra\/\"]},{\"@type\":\"Person\",\"@id\":\"https:\/\/agenciainfra.com\/blog\/#\/schema\/person\/34af08dff6adea4cb22b06612ba7acfa\",\"name\":\"Ag\u00eancia iNFRA\",\"image\":{\"@type\":\"ImageObject\",\"inLanguage\":\"pt-BR\",\"@id\":\"https:\/\/agenciainfra.com\/blog\/#\/schema\/person\/image\/\",\"url\":\"https:\/\/secure.gravatar.com\/avatar\/d189e01678f06d8eb84d4e01f08eb848b3fffe3f8443818d3c356c66892f5be8?s=96&d=mm&r=g\",\"contentUrl\":\"https:\/\/secure.gravatar.com\/avatar\/d189e01678f06d8eb84d4e01f08eb848b3fffe3f8443818d3c356c66892f5be8?s=96&d=mm&r=g\",\"caption\":\"Ag\u00eancia iNFRA\"},\"url\":\"https:\/\/agenciainfra.com\/blog\/author\/admin\/\"}]}<\/script>\n<!-- \/ Yoast SEO Premium plugin. -->","yoast_head_json":{"title":"Minist\u00e9rio dos Transportes quer incluir em concess\u00f5es postos para abastecer caminh\u00f5es com GNL - Ag\u00eancia iNFRA","robots":{"index":"index","follow":"follow","max-snippet":"max-snippet:-1","max-image-preview":"max-image-preview:large","max-video-preview":"max-video-preview:-1"},"canonical":"https:\/\/agenciainfra.com\/blog\/ministerio-dos-transportes-quer-incluir-em-concessoes-postos-para-abastecer-caminhoes-com-gnl\/","og_locale":"pt_BR","og_type":"article","og_title":"Minist\u00e9rio dos Transportes quer incluir em concess\u00f5es postos para abastecer caminh\u00f5es com GNL","og_description":"Sheyla Santos, da Ag\u00eancia iNFRA O ministro dos Transportes, Renan Filho, afirmou na \u00faltima ter\u00e7a-feira (19) que uma das tarefas da pasta ser\u00e1 garantir em todo o territ\u00f3rio nacional postos de abastecimento para o GNL (G\u00e1s Natural Liquefeito) em caminh\u00f5es, o que ele chamou de \u201cRede Azul\u201d. Para isso, o ministro informou que quer incentivar [&hellip;]","og_url":"https:\/\/agenciainfra.com\/blog\/ministerio-dos-transportes-quer-incluir-em-concessoes-postos-para-abastecer-caminhoes-com-gnl\/","og_site_name":"Ag\u00eancia iNFRA","article_publisher":"https:\/\/www.facebook.com\/ageninfra","article_published_time":"2024-03-22T12:00:00+00:00","article_modified_time":"2026-02-13T20:06:08+00:00","og_image":[{"width":768,"height":432,"url":"https:\/\/agenciainfra.com\/blog\/wp-content\/uploads\/2020\/03\/caminhao-carga-foto-detran-rs.jpeg","type":"image\/jpeg"}],"author":"Ag\u00eancia iNFRA","twitter_card":"summary_large_image","twitter_creator":"@agencia_infra","twitter_site":"@agencia_infra","twitter_misc":{"Escrito por":"Ag\u00eancia iNFRA","Est. tempo de leitura":"3 minutos"},"schema":{"@context":"https:\/\/schema.org","@graph":[{"@type":"Article","@id":"https:\/\/agenciainfra.com\/blog\/ministerio-dos-transportes-quer-incluir-em-concessoes-postos-para-abastecer-caminhoes-com-gnl\/#article","isPartOf":{"@id":"https:\/\/agenciainfra.com\/blog\/ministerio-dos-transportes-quer-incluir-em-concessoes-postos-para-abastecer-caminhoes-com-gnl\/"},"author":{"name":"Ag\u00eancia iNFRA","@id":"https:\/\/agenciainfra.com\/blog\/#\/schema\/person\/34af08dff6adea4cb22b06612ba7acfa"},"headline":"Minist\u00e9rio dos Transportes quer incluir em concess\u00f5es postos para abastecer caminh\u00f5es com GNL","datePublished":"2024-03-22T12:00:00+00:00","dateModified":"2026-02-13T20:06:08+00:00","mainEntityOfPage":{"@id":"https:\/\/agenciainfra.com\/blog\/ministerio-dos-transportes-quer-incluir-em-concessoes-postos-para-abastecer-caminhoes-com-gnl\/"},"wordCount":567,"publisher":{"@id":"https:\/\/agenciainfra.com\/blog\/#organization"},"image":{"@id":"https:\/\/agenciainfra.com\/blog\/ministerio-dos-transportes-quer-incluir-em-concessoes-postos-para-abastecer-caminhoes-com-gnl\/#primaryimage"},"thumbnailUrl":"https:\/\/agenciainfra.com\/blog\/wp-content\/uploads\/2020\/03\/caminhao-carga-foto-detran-rs.jpeg","keywords":["abastecimento","caminh\u00f5es","Contran","Descarboniza\u00e7\u00e3o","etanol","gasolina","GNL","GNL para caminh\u00f5es","minist\u00e9rio dos transportes","Rede Azul","Renan Filho","Sheyla Santos"],"articleSection":["iNFRACidades"],"inLanguage":"pt-BR","copyrightYear":"2024","copyrightHolder":{"@id":"https:\/\/agenciainfra.com\/blog\/#organization"}},{"@type":"WebPage","@id":"https:\/\/agenciainfra.com\/blog\/ministerio-dos-transportes-quer-incluir-em-concessoes-postos-para-abastecer-caminhoes-com-gnl\/","url":"https:\/\/agenciainfra.com\/blog\/ministerio-dos-transportes-quer-incluir-em-concessoes-postos-para-abastecer-caminhoes-com-gnl\/","name":"Minist\u00e9rio dos Transportes quer incluir em concess\u00f5es postos para abastecer caminh\u00f5es com GNL - Ag\u00eancia iNFRA","isPartOf":{"@id":"https:\/\/agenciainfra.com\/blog\/#website"},"primaryImageOfPage":{"@id":"https:\/\/agenciainfra.com\/blog\/ministerio-dos-transportes-quer-incluir-em-concessoes-postos-para-abastecer-caminhoes-com-gnl\/#primaryimage"},"image":{"@id":"https:\/\/agenciainfra.com\/blog\/ministerio-dos-transportes-quer-incluir-em-concessoes-postos-para-abastecer-caminhoes-com-gnl\/#primaryimage"},"thumbnailUrl":"https:\/\/agenciainfra.com\/blog\/wp-content\/uploads\/2020\/03\/caminhao-carga-foto-detran-rs.jpeg","datePublished":"2024-03-22T12:00:00+00:00","dateModified":"2026-02-13T20:06:08+00:00","breadcrumb":{"@id":"https:\/\/agenciainfra.com\/blog\/ministerio-dos-transportes-quer-incluir-em-concessoes-postos-para-abastecer-caminhoes-com-gnl\/#breadcrumb"},"inLanguage":"pt-BR","potentialAction":[{"@type":"ReadAction","target":["https:\/\/agenciainfra.com\/blog\/ministerio-dos-transportes-quer-incluir-em-concessoes-postos-para-abastecer-caminhoes-com-gnl\/"]}]},{"@type":"ImageObject","inLanguage":"pt-BR","@id":"https:\/\/agenciainfra.com\/blog\/ministerio-dos-transportes-quer-incluir-em-concessoes-postos-para-abastecer-caminhoes-com-gnl\/#primaryimage","url":"https:\/\/agenciainfra.com\/blog\/wp-content\/uploads\/2020\/03\/caminhao-carga-foto-detran-rs.jpeg","contentUrl":"https:\/\/agenciainfra.com\/blog\/wp-content\/uploads\/2020\/03\/caminhao-carga-foto-detran-rs.jpeg","width":768,"height":432,"caption":"Foto: Divulga\u00e7\u00e3o\/Detran RS"},{"@type":"BreadcrumbList","@id":"https:\/\/agenciainfra.com\/blog\/ministerio-dos-transportes-quer-incluir-em-concessoes-postos-para-abastecer-caminhoes-com-gnl\/#breadcrumb","itemListElement":[{"@type":"ListItem","position":1,"name":"In\u00edcio","item":"https:\/\/agenciainfra.com\/blog\/"},{"@type":"ListItem","position":2,"name":"Minist\u00e9rio dos Transportes quer incluir em concess\u00f5es postos para abastecer caminh\u00f5es com GNL"}]},{"@type":"WebSite","@id":"https:\/\/agenciainfra.com\/blog\/#website","url":"https:\/\/agenciainfra.com\/blog\/","name":"Ag\u00eancia iNFRA","description":"Multiplataforma de informa\u00e7\u00e3o jornal\u00edstica refer\u00eancia na \u00e1rea de infraestrutura no Brasil!","publisher":{"@id":"https:\/\/agenciainfra.com\/blog\/#organization"},"potentialAction":[{"@type":"SearchAction","target":{"@type":"EntryPoint","urlTemplate":"https:\/\/agenciainfra.com\/blog\/?s={search_term_string}"},"query-input":{"@type":"PropertyValueSpecification","valueRequired":true,"valueName":"search_term_string"}}],"inLanguage":"pt-BR"},{"@type":"Organization","@id":"https:\/\/agenciainfra.com\/blog\/#organization","name":"Ag\u00eancia iNFRA","url":"https:\/\/agenciainfra.com\/blog\/","logo":{"@type":"ImageObject","inLanguage":"pt-BR","@id":"https:\/\/agenciainfra.com\/blog\/#\/schema\/logo\/image\/","url":"https:\/\/agenciainfra.com\/blog\/wp-content\/uploads\/2023\/09\/iNFRA_5-e1761735885940.png","contentUrl":"https:\/\/agenciainfra.com\/blog\/wp-content\/uploads\/2023\/09\/iNFRA_5-e1761735885940.png","width":1672,"height":454,"caption":"Ag\u00eancia iNFRA"},"image":{"@id":"https:\/\/agenciainfra.com\/blog\/#\/schema\/logo\/image\/"},"sameAs":["https:\/\/www.facebook.com\/ageninfra","https:\/\/x.com\/agencia_infra","https:\/\/www.linkedin.com\/company\/ag\u00eanciainfra\/","https:\/\/www.instagram.com\/agenciainfra\/"]},{"@type":"Person","@id":"https:\/\/agenciainfra.com\/blog\/#\/schema\/person\/34af08dff6adea4cb22b06612ba7acfa","name":"Ag\u00eancia iNFRA","image":{"@type":"ImageObject","inLanguage":"pt-BR","@id":"https:\/\/agenciainfra.com\/blog\/#\/schema\/person\/image\/","url":"https:\/\/secure.gravatar.com\/avatar\/d189e01678f06d8eb84d4e01f08eb848b3fffe3f8443818d3c356c66892f5be8?s=96&d=mm&r=g","contentUrl":"https:\/\/secure.gravatar.com\/avatar\/d189e01678f06d8eb84d4e01f08eb848b3fffe3f8443818d3c356c66892f5be8?s=96&d=mm&r=g","caption":"Ag\u00eancia iNFRA"},"url":"https:\/\/agenciainfra.com\/blog\/author\/admin\/"}]}},"_links":{"self":[{"href":"https:\/\/agenciainfra.com\/blog\/wp-json\/wp\/v2\/posts\/15813","targetHints":{"allow":["GET"]}}],"collection":[{"href":"https:\/\/agenciainfra.com\/blog\/wp-json\/wp\/v2\/posts"}],"about":[{"href":"https:\/\/agenciainfra.com\/blog\/wp-json\/wp\/v2\/types\/post"}],"author":[{"embeddable":true,"href":"https:\/\/agenciainfra.com\/blog\/wp-json\/wp\/v2\/users\/1"}],"replies":[{"embeddable":true,"href":"https:\/\/agenciainfra.com\/blog\/wp-json\/wp\/v2\/comments?post=15813"}],"version-history":[{"count":1,"href":"https:\/\/agenciainfra.com\/blog\/wp-json\/wp\/v2\/posts\/15813\/revisions"}],"predecessor-version":[{"id":15814,"href":"https:\/\/agenciainfra.com\/blog\/wp-json\/wp\/v2\/posts\/15813\/revisions\/15814"}],"wp:featuredmedia":[{"embeddable":true,"href":"https:\/\/agenciainfra.com\/blog\/wp-json\/wp\/v2\/media\/4637"}],"wp:attachment":[{"href":"https:\/\/agenciainfra.com\/blog\/wp-json\/wp\/v2\/media?parent=15813"}],"wp:term":[{"taxonomy":"category","embeddable":true,"href":"https:\/\/agenciainfra.com\/blog\/wp-json\/wp\/v2\/categories?post=15813"},{"taxonomy":"post_tag","embeddable":true,"href":"https:\/\/agenciainfra.com\/blog\/wp-json\/wp\/v2\/tags?post=15813"}],"curies":[{"name":"wp","href":"https:\/\/api.w.org\/{rel}","templated":true}]}}