{"id":15849,"date":"2024-03-27T09:00:00","date_gmt":"2024-03-27T12:00:00","guid":{"rendered":"https:\/\/agenciainfra.com\/blog\/?p=15849"},"modified":"2024-04-01T09:02:48","modified_gmt":"2024-04-01T12:02:48","slug":"ana-anuncia-norma-de-referencia-sobre-limpeza-urbana-e-residuos-solidos","status":"publish","type":"post","link":"https:\/\/agenciainfra.com\/blog\/ana-anuncia-norma-de-referencia-sobre-limpeza-urbana-e-residuos-solidos\/","title":{"rendered":"ANA anuncia norma de refer\u00eancia sobre limpeza urbana e res\u00edduos s\u00f3lidos"},"content":{"rendered":"\n<p class=\"has-text-align-right\"><strong>Elisa Costa, da Ag\u00eancia iNFRA<\/strong><\/p>\n\n\n\n<p>A&nbsp;ANA&nbsp;(Ag\u00eancia Nacional de \u00c1guas&nbsp;e&nbsp;Saneamento B\u00e1sico) fez o an\u00fancio oficial da&nbsp;norma&nbsp;de&nbsp;refer\u00eancia&nbsp;sobre&nbsp;a presta\u00e7\u00e3o dos servi\u00e7os p\u00fablicos de&nbsp;limpeza&nbsp;urbana&nbsp;e&nbsp;manejo de&nbsp;res\u00edduos&nbsp;s\u00f3lidos&nbsp;urbanos nesta sexta-feira (22), em evento de comemora\u00e7\u00e3o ao Dia Mundial da \u00c1gua.&nbsp;<br><br>Na ocasi\u00e3o, o diretor Felipe Sampaio declarou: &#8220;Temos 20 milh\u00f5es de pessoas sem acesso ao servi\u00e7o de&nbsp;limpeza&nbsp;urbana&nbsp;e&nbsp;manejo de&nbsp;res\u00edduos, \u00e0s vezes pela falta de uma regulamenta\u00e7\u00e3o. Temos um ambiente insalubre&nbsp;e&nbsp;inseguro para atua\u00e7\u00e3o&nbsp;e&nbsp;moradia. Essa&nbsp;norma&nbsp;veio cobrir isso&nbsp;e&nbsp;padronizar o servi\u00e7o. Esperamos ver uma melhoria significativa, pois tamb\u00e9m contribui para redu\u00e7\u00e3o dos impactos ambientais\u201d.<br><br>A&nbsp;<a href=\"https:\/\/agenciainfra.us14.list-manage.com\/track\/click?u=d460dd1bcf9ba0ae040e1fc0f&amp;id=213d219264&amp;e=f0fa444791\" rel=\"noreferrer noopener\" target=\"_blank\">NR 7\/2024<\/a>&nbsp;entra em vigor no dia 1\u00ba de abril&nbsp;e&nbsp;orientar\u00e1 a elabora\u00e7\u00e3o de atos normativos&nbsp;e&nbsp;a tomada de decis\u00f5es por parte de titulares&nbsp;e&nbsp;entidades reguladoras. O documento prev\u00ea a elabora\u00e7\u00e3o de um plano operacional que definir\u00e1 estrat\u00e9gias de opera\u00e7\u00e3o&nbsp;e&nbsp;manuten\u00e7\u00e3o, bem como a execu\u00e7\u00e3o dos investimentos para o atendimento dos objetivos&nbsp;e&nbsp;metas estabelecidos pelos planos de saneamento&nbsp;e&nbsp;res\u00edduos&nbsp;s\u00f3lidos.<br><br>De acordo com a superintendente de Regula\u00e7\u00e3o de Saneamento B\u00e1sico da&nbsp;ANA, C\u00edntia Leal Marinho, a&nbsp;norma&nbsp;levou em conta as metas de universaliza\u00e7\u00e3o do saneamento, conforme o novo marco legal. \u201cA necessidade de investimentos \u00e9 enorme, mas com o marco temos metas claras, atra\u00e7\u00e3o de capital para o setor, economias de escala&nbsp;e&nbsp;harmoniza\u00e7\u00e3o regulat\u00f3ria\u201d, disse durante a cerim\u00f4nia.<br><br>A&nbsp;norma&nbsp;define o servi\u00e7o p\u00fablico de manejo de&nbsp;res\u00edduos&nbsp;s\u00f3lidos&nbsp;urbanos como aquele que contribui para o asseio p\u00fablico, por meio do manejo adequado do lixo gerado por usu\u00e1rios espec\u00edficos. O servi\u00e7o conta como atividades a coleta, o transbordo, o transporte, a triagem, o tratamento&nbsp;e&nbsp;a destina\u00e7\u00e3o final.<br><br>J\u00e1 o servi\u00e7o p\u00fablico de&nbsp;limpeza&nbsp;urbana&nbsp;faz o asseio dos espa\u00e7os p\u00fablicos, com car\u00e1ter universal, prestado a toda coletividade, sem usu\u00e1rios espec\u00edficos. Nesse cen\u00e1rio, est\u00e3o as atividades de varri\u00e7\u00e3o, capina&nbsp;e&nbsp;raspagem, ro\u00e7ada, poda, desobstru\u00e7\u00e3o&nbsp;e&nbsp;limpeza&nbsp;de bueiros&nbsp;e&nbsp;bocas de lobo,&nbsp;limpeza&nbsp;e&nbsp;asseio de vias p\u00fablicas&nbsp;e&nbsp;remo\u00e7\u00e3o de&nbsp;res\u00edduos&nbsp;das vias.<br><br><strong>Rede Hidrometeorol\u00f3gica Nacional<\/strong><br>No mesmo evento, foi lan\u00e7ado o estudo \u201c<a href=\"https:\/\/agenciainfra.us14.list-manage.com\/track\/click?u=d460dd1bcf9ba0ae040e1fc0f&amp;id=c681a096c5&amp;e=f0fa444791\" rel=\"noreferrer noopener\" target=\"_blank\">Avalia\u00e7\u00e3o de Custos&nbsp;e&nbsp;Benef\u00edcios da Rede Hidrometeorol\u00f3gica Nacional \u2013 Estudos de Caso<\/a>\u201d, que mostra dados&nbsp;sobre&nbsp;a rela\u00e7\u00e3o entre o valor investido&nbsp;e&nbsp;o retorno que ela proporciona \u00e0 sociedade. Foi financiado pela&nbsp;ANA&nbsp;e&nbsp;desenvolvido pelo Instituto de Pesquisas Hidr\u00e1ulicas da UFRGS (Universidade Federal do Rio Grande do Sul).<br><br>De acordo com Guilherme Marques, coordenador do Grupo de Pesquisa em Planejamento&nbsp;e&nbsp;Gest\u00e3o do instituto, conhecer as vari\u00e1veis \u00e9 a base para avaliar os riscos&nbsp;e&nbsp;mitigar os riscos. Por isso, o levantamento aborda aspectos gerais do uso de dados hidrol\u00f3gicos gerados para usu\u00e1rios do saneamento, produ\u00e7\u00e3o agr\u00edcola&nbsp;e&nbsp;industrial, energia, transportes, infraestrutura&nbsp;e&nbsp;defesa civil.<br><br><strong>Relat\u00f3rio Digital de Qualidade da \u00c1gua<\/strong><br>A&nbsp;ANA&nbsp;tamb\u00e9m lan\u00e7ou o&nbsp;<a href=\"https:\/\/agenciainfra.us14.list-manage.com\/track\/click?u=d460dd1bcf9ba0ae040e1fc0f&amp;id=5ca6649759&amp;e=f0fa444791\" rel=\"noreferrer noopener\" target=\"_blank\">Relat\u00f3rio Digital de Qualidade da \u00c1gua<\/a>, que apresenta informa\u00e7\u00f5es \u00e0 popula\u00e7\u00e3o&nbsp;sobre&nbsp;a qualidade das \u00e1guas superficiais de rios&nbsp;e&nbsp;reservat\u00f3rios, acompanhados pelo monitoramento da Rede Nacional de Monitoramento da Qualidade da \u00c1gua. O portal permite a navega\u00e7\u00e3o por mapas interativos&nbsp;e&nbsp;a visualiza\u00e7\u00e3o de dados por regi\u00e3o.<br><br>\u201c\u00c9 uma ferramenta de monitoramento da implementa\u00e7\u00e3o&nbsp;e&nbsp;dos resultados das pol\u00edticas p\u00fablicas&nbsp;e&nbsp;dos investimentos p\u00fablicos. Assim conseguimos ver se as metas est\u00e3o sendo cumpridas ou n\u00e3o\u201d, explicou&nbsp;Ana&nbsp;Paula Fioreze, superintendente de Estudos H\u00eddricos&nbsp;e&nbsp;Socioecon\u00f4micos da&nbsp;ANA, em discurso durante o evento do Dia Mundial da \u00c1gua.<\/p>\n","protected":false},"excerpt":{"rendered":"<p>Elisa Costa, da Ag\u00eancia iNFRA A&nbsp;ANA&nbsp;(Ag\u00eancia Nacional de \u00c1guas&nbsp;e&nbsp;Saneamento B\u00e1sico) fez o an\u00fancio oficial da&nbsp;norma&nbsp;de&nbsp;refer\u00eancia&nbsp;sobre&nbsp;a presta\u00e7\u00e3o dos servi\u00e7os p\u00fablicos de&nbsp;limpeza&nbsp;urbana&nbsp;e&nbsp;manejo de&nbsp;res\u00edduos&nbsp;s\u00f3lidos&nbsp;urbanos nesta sexta-feira (22), em evento de comemora\u00e7\u00e3o ao Dia Mundial da \u00c1gua.&nbsp; Na ocasi\u00e3o, o diretor Felipe Sampaio declarou: &#8220;Temos 20 milh\u00f5es de pessoas sem acesso ao servi\u00e7o de&nbsp;limpeza&nbsp;urbana&nbsp;e&nbsp;manejo de&nbsp;res\u00edduos, \u00e0s vezes pela falta [&hellip;]<\/p>\n","protected":false},"author":1,"featured_media":9466,"comment_status":"closed","ping_status":"closed","sticky":false,"template":"","format":"standard","meta":{"_monsterinsights_skip_tracking":false,"_monsterinsights_sitenote_active":false,"_monsterinsights_sitenote_note":"","_monsterinsights_sitenote_category":0,"footnotes":""},"categories":[7250,1,7827],"tags":[3307,77,8873,8871,8872,7367,8056,8874,8880,8876,3804,8875,8877,8879,8878,3468,73,3008,114],"class_list":["post-15849","post","type-post","status-publish","format-standard","has-post-thumbnail","hentry","category-destaque-lista","category-geral","category-infrasaneamento","tag-agencia-nacional-de-aguas-e-saneamento-basico","tag-ana","tag-ana-paula-fioreze","tag-cintia-leal-marinho","tag-dia-mundial-da-agua","tag-elisa-costa","tag-felipe-sampaio","tag-gestao-de-residuos-solidos","tag-guilherme-marques","tag-instituto-de-pesquisas-hidraulicas","tag-limpeza-urbana","tag-manejo-de-residuos","tag-normativa","tag-qualidade-da-agua","tag-rede-hidrometeorologica-nacional","tag-rio-grande-do-sul","tag-saneamento-basico","tag-servicos-publicos","tag-ufrgs"],"yoast_head":"<!-- This site is optimized with the Yoast SEO Premium plugin v25.4 (Yoast SEO v26.0) - https:\/\/yoast.com\/wordpress\/plugins\/seo\/ -->\n<title>ANA anuncia norma de refer\u00eancia sobre limpeza urbana e res\u00edduos s\u00f3lidos - Ag\u00eancia iNFRA<\/title>\n<meta name=\"robots\" content=\"index, follow, max-snippet:-1, max-image-preview:large, max-video-preview:-1\" \/>\n<link rel=\"canonical\" href=\"https:\/\/agenciainfra.com\/blog\/ana-anuncia-norma-de-referencia-sobre-limpeza-urbana-e-residuos-solidos\/\" \/>\n<meta property=\"og:locale\" content=\"pt_BR\" \/>\n<meta property=\"og:type\" content=\"article\" \/>\n<meta property=\"og:title\" content=\"ANA anuncia norma de refer\u00eancia sobre limpeza urbana e res\u00edduos s\u00f3lidos\" \/>\n<meta property=\"og:description\" content=\"Elisa Costa, da Ag\u00eancia iNFRA A&nbsp;ANA&nbsp;(Ag\u00eancia Nacional de \u00c1guas&nbsp;e&nbsp;Saneamento B\u00e1sico) fez o an\u00fancio oficial da&nbsp;norma&nbsp;de&nbsp;refer\u00eancia&nbsp;sobre&nbsp;a presta\u00e7\u00e3o dos servi\u00e7os p\u00fablicos de&nbsp;limpeza&nbsp;urbana&nbsp;e&nbsp;manejo de&nbsp;res\u00edduos&nbsp;s\u00f3lidos&nbsp;urbanos nesta sexta-feira (22), em evento de comemora\u00e7\u00e3o ao Dia Mundial da \u00c1gua.&nbsp; Na ocasi\u00e3o, o diretor Felipe Sampaio declarou: &#8220;Temos 20 milh\u00f5es de pessoas sem acesso ao servi\u00e7o de&nbsp;limpeza&nbsp;urbana&nbsp;e&nbsp;manejo de&nbsp;res\u00edduos, \u00e0s vezes pela falta [&hellip;]\" \/>\n<meta property=\"og:url\" content=\"https:\/\/agenciainfra.com\/blog\/ana-anuncia-norma-de-referencia-sobre-limpeza-urbana-e-residuos-solidos\/\" \/>\n<meta property=\"og:site_name\" content=\"Ag\u00eancia iNFRA\" \/>\n<meta property=\"article:publisher\" content=\"https:\/\/www.facebook.com\/ageninfra\" \/>\n<meta property=\"article:published_time\" content=\"2024-03-27T12:00:00+00:00\" \/>\n<meta property=\"article:modified_time\" content=\"2024-04-01T12:02:48+00:00\" \/>\n<meta property=\"og:image\" content=\"https:\/\/agenciainfra.com\/blog\/wp-content\/uploads\/2022\/02\/residuos-solidos-foto-agencia-brasilia.jpeg\" \/>\n\t<meta property=\"og:image:width\" content=\"1200\" \/>\n\t<meta property=\"og:image:height\" content=\"800\" \/>\n\t<meta property=\"og:image:type\" content=\"image\/jpeg\" \/>\n<meta name=\"author\" content=\"Ag\u00eancia iNFRA\" \/>\n<meta name=\"twitter:card\" content=\"summary_large_image\" \/>\n<meta name=\"twitter:creator\" content=\"@agencia_infra\" \/>\n<meta name=\"twitter:site\" content=\"@agencia_infra\" \/>\n<meta name=\"twitter:label1\" content=\"Escrito por\" \/>\n\t<meta name=\"twitter:data1\" content=\"Ag\u00eancia iNFRA\" \/>\n\t<meta name=\"twitter:label2\" content=\"Est. tempo de leitura\" \/>\n\t<meta name=\"twitter:data2\" content=\"4 minutos\" \/>\n<script type=\"application\/ld+json\" class=\"yoast-schema-graph\">{\"@context\":\"https:\/\/schema.org\",\"@graph\":[{\"@type\":\"Article\",\"@id\":\"https:\/\/agenciainfra.com\/blog\/ana-anuncia-norma-de-referencia-sobre-limpeza-urbana-e-residuos-solidos\/#article\",\"isPartOf\":{\"@id\":\"https:\/\/agenciainfra.com\/blog\/ana-anuncia-norma-de-referencia-sobre-limpeza-urbana-e-residuos-solidos\/\"},\"author\":{\"name\":\"Ag\u00eancia iNFRA\",\"@id\":\"https:\/\/agenciainfra.com\/blog\/#\/schema\/person\/34af08dff6adea4cb22b06612ba7acfa\"},\"headline\":\"ANA anuncia norma de refer\u00eancia sobre limpeza urbana e res\u00edduos s\u00f3lidos\",\"datePublished\":\"2024-03-27T12:00:00+00:00\",\"dateModified\":\"2024-04-01T12:02:48+00:00\",\"mainEntityOfPage\":{\"@id\":\"https:\/\/agenciainfra.com\/blog\/ana-anuncia-norma-de-referencia-sobre-limpeza-urbana-e-residuos-solidos\/\"},\"wordCount\":776,\"publisher\":{\"@id\":\"https:\/\/agenciainfra.com\/blog\/#organization\"},\"image\":{\"@id\":\"https:\/\/agenciainfra.com\/blog\/ana-anuncia-norma-de-referencia-sobre-limpeza-urbana-e-residuos-solidos\/#primaryimage\"},\"thumbnailUrl\":\"https:\/\/agenciainfra.com\/blog\/wp-content\/uploads\/2022\/02\/residuos-solidos-foto-agencia-brasilia.jpeg\",\"keywords\":[\"Ag\u00eancia Nacional de \u00c1guas e Saneamento B\u00e1sico\",\"ANA\",\"Ana Paula Fioreze\",\"C\u00edntia Leal Marinho\",\"Dia Mundial da \u00c1gua\",\"Elisa Costa\",\"Felipe Sampaio\",\"Gest\u00e3o de Res\u00edduos S\u00f3lidos\",\"Guilherme Marques\",\"Instituto de Pesquisas Hidr\u00e1ulicas\",\"limpeza urbana\",\"Manejo de Res\u00edduos\",\"Normativa\",\"Qualidade da \u00c1gua\",\"Rede Hidrometeorol\u00f3gica Nacional\",\"Rio Grande do Sul\",\"Saneamento B\u00e1sico\",\"servi\u00e7os p\u00fablicos\",\"UFRGS\"],\"articleSection\":[\"Destaque lista\",\"Geral\",\"iNFRASaneamento\"],\"inLanguage\":\"pt-BR\",\"copyrightYear\":\"2024\",\"copyrightHolder\":{\"@id\":\"https:\/\/agenciainfra.com\/blog\/#organization\"}},{\"@type\":\"WebPage\",\"@id\":\"https:\/\/agenciainfra.com\/blog\/ana-anuncia-norma-de-referencia-sobre-limpeza-urbana-e-residuos-solidos\/\",\"url\":\"https:\/\/agenciainfra.com\/blog\/ana-anuncia-norma-de-referencia-sobre-limpeza-urbana-e-residuos-solidos\/\",\"name\":\"ANA anuncia norma de refer\u00eancia sobre limpeza urbana e res\u00edduos s\u00f3lidos - Ag\u00eancia iNFRA\",\"isPartOf\":{\"@id\":\"https:\/\/agenciainfra.com\/blog\/#website\"},\"primaryImageOfPage\":{\"@id\":\"https:\/\/agenciainfra.com\/blog\/ana-anuncia-norma-de-referencia-sobre-limpeza-urbana-e-residuos-solidos\/#primaryimage\"},\"image\":{\"@id\":\"https:\/\/agenciainfra.com\/blog\/ana-anuncia-norma-de-referencia-sobre-limpeza-urbana-e-residuos-solidos\/#primaryimage\"},\"thumbnailUrl\":\"https:\/\/agenciainfra.com\/blog\/wp-content\/uploads\/2022\/02\/residuos-solidos-foto-agencia-brasilia.jpeg\",\"datePublished\":\"2024-03-27T12:00:00+00:00\",\"dateModified\":\"2024-04-01T12:02:48+00:00\",\"breadcrumb\":{\"@id\":\"https:\/\/agenciainfra.com\/blog\/ana-anuncia-norma-de-referencia-sobre-limpeza-urbana-e-residuos-solidos\/#breadcrumb\"},\"inLanguage\":\"pt-BR\",\"potentialAction\":[{\"@type\":\"ReadAction\",\"target\":[\"https:\/\/agenciainfra.com\/blog\/ana-anuncia-norma-de-referencia-sobre-limpeza-urbana-e-residuos-solidos\/\"]}]},{\"@type\":\"ImageObject\",\"inLanguage\":\"pt-BR\",\"@id\":\"https:\/\/agenciainfra.com\/blog\/ana-anuncia-norma-de-referencia-sobre-limpeza-urbana-e-residuos-solidos\/#primaryimage\",\"url\":\"https:\/\/agenciainfra.com\/blog\/wp-content\/uploads\/2022\/02\/residuos-solidos-foto-agencia-brasilia.jpeg\",\"contentUrl\":\"https:\/\/agenciainfra.com\/blog\/wp-content\/uploads\/2022\/02\/residuos-solidos-foto-agencia-brasilia.jpeg\",\"width\":1200,\"height\":800,\"caption\":\"Foto: Ag\u00eancia Bras\u00edlia\"},{\"@type\":\"BreadcrumbList\",\"@id\":\"https:\/\/agenciainfra.com\/blog\/ana-anuncia-norma-de-referencia-sobre-limpeza-urbana-e-residuos-solidos\/#breadcrumb\",\"itemListElement\":[{\"@type\":\"ListItem\",\"position\":1,\"name\":\"In\u00edcio\",\"item\":\"https:\/\/agenciainfra.com\/blog\/\"},{\"@type\":\"ListItem\",\"position\":2,\"name\":\"ANA anuncia norma de refer\u00eancia sobre limpeza urbana e res\u00edduos s\u00f3lidos\"}]},{\"@type\":\"WebSite\",\"@id\":\"https:\/\/agenciainfra.com\/blog\/#website\",\"url\":\"https:\/\/agenciainfra.com\/blog\/\",\"name\":\"Ag\u00eancia iNFRA\",\"description\":\"Multiplataforma de informa\u00e7\u00e3o jornal\u00edstica refer\u00eancia na \u00e1rea de infraestrutura no Brasil!\",\"publisher\":{\"@id\":\"https:\/\/agenciainfra.com\/blog\/#organization\"},\"potentialAction\":[{\"@type\":\"SearchAction\",\"target\":{\"@type\":\"EntryPoint\",\"urlTemplate\":\"https:\/\/agenciainfra.com\/blog\/?s={search_term_string}\"},\"query-input\":{\"@type\":\"PropertyValueSpecification\",\"valueRequired\":true,\"valueName\":\"search_term_string\"}}],\"inLanguage\":\"pt-BR\"},{\"@type\":\"Organization\",\"@id\":\"https:\/\/agenciainfra.com\/blog\/#organization\",\"name\":\"Ag\u00eancia iNFRA\",\"url\":\"https:\/\/agenciainfra.com\/blog\/\",\"logo\":{\"@type\":\"ImageObject\",\"inLanguage\":\"pt-BR\",\"@id\":\"https:\/\/agenciainfra.com\/blog\/#\/schema\/logo\/image\/\",\"url\":\"https:\/\/agenciainfra.com\/blog\/wp-content\/uploads\/2023\/09\/iNFRA_5-e1761735885940.png\",\"contentUrl\":\"https:\/\/agenciainfra.com\/blog\/wp-content\/uploads\/2023\/09\/iNFRA_5-e1761735885940.png\",\"width\":1672,\"height\":454,\"caption\":\"Ag\u00eancia iNFRA\"},\"image\":{\"@id\":\"https:\/\/agenciainfra.com\/blog\/#\/schema\/logo\/image\/\"},\"sameAs\":[\"https:\/\/www.facebook.com\/ageninfra\",\"https:\/\/x.com\/agencia_infra\",\"https:\/\/www.linkedin.com\/company\/ag\u00eanciainfra\/\",\"https:\/\/www.instagram.com\/agenciainfra\/\"]},{\"@type\":\"Person\",\"@id\":\"https:\/\/agenciainfra.com\/blog\/#\/schema\/person\/34af08dff6adea4cb22b06612ba7acfa\",\"name\":\"Ag\u00eancia iNFRA\",\"image\":{\"@type\":\"ImageObject\",\"inLanguage\":\"pt-BR\",\"@id\":\"https:\/\/agenciainfra.com\/blog\/#\/schema\/person\/image\/\",\"url\":\"https:\/\/secure.gravatar.com\/avatar\/d189e01678f06d8eb84d4e01f08eb848b3fffe3f8443818d3c356c66892f5be8?s=96&d=mm&r=g\",\"contentUrl\":\"https:\/\/secure.gravatar.com\/avatar\/d189e01678f06d8eb84d4e01f08eb848b3fffe3f8443818d3c356c66892f5be8?s=96&d=mm&r=g\",\"caption\":\"Ag\u00eancia iNFRA\"},\"url\":\"https:\/\/agenciainfra.com\/blog\/author\/admin\/\"}]}<\/script>\n<!-- \/ Yoast SEO Premium plugin. -->","yoast_head_json":{"title":"ANA anuncia norma de refer\u00eancia sobre limpeza urbana e res\u00edduos s\u00f3lidos - Ag\u00eancia iNFRA","robots":{"index":"index","follow":"follow","max-snippet":"max-snippet:-1","max-image-preview":"max-image-preview:large","max-video-preview":"max-video-preview:-1"},"canonical":"https:\/\/agenciainfra.com\/blog\/ana-anuncia-norma-de-referencia-sobre-limpeza-urbana-e-residuos-solidos\/","og_locale":"pt_BR","og_type":"article","og_title":"ANA anuncia norma de refer\u00eancia sobre limpeza urbana e res\u00edduos s\u00f3lidos","og_description":"Elisa Costa, da Ag\u00eancia iNFRA A&nbsp;ANA&nbsp;(Ag\u00eancia Nacional de \u00c1guas&nbsp;e&nbsp;Saneamento B\u00e1sico) fez o an\u00fancio oficial da&nbsp;norma&nbsp;de&nbsp;refer\u00eancia&nbsp;sobre&nbsp;a presta\u00e7\u00e3o dos servi\u00e7os p\u00fablicos de&nbsp;limpeza&nbsp;urbana&nbsp;e&nbsp;manejo de&nbsp;res\u00edduos&nbsp;s\u00f3lidos&nbsp;urbanos nesta sexta-feira (22), em evento de comemora\u00e7\u00e3o ao Dia Mundial da \u00c1gua.&nbsp; Na ocasi\u00e3o, o diretor Felipe Sampaio declarou: &#8220;Temos 20 milh\u00f5es de pessoas sem acesso ao servi\u00e7o de&nbsp;limpeza&nbsp;urbana&nbsp;e&nbsp;manejo de&nbsp;res\u00edduos, \u00e0s vezes pela falta [&hellip;]","og_url":"https:\/\/agenciainfra.com\/blog\/ana-anuncia-norma-de-referencia-sobre-limpeza-urbana-e-residuos-solidos\/","og_site_name":"Ag\u00eancia iNFRA","article_publisher":"https:\/\/www.facebook.com\/ageninfra","article_published_time":"2024-03-27T12:00:00+00:00","article_modified_time":"2024-04-01T12:02:48+00:00","og_image":[{"width":1200,"height":800,"url":"https:\/\/agenciainfra.com\/blog\/wp-content\/uploads\/2022\/02\/residuos-solidos-foto-agencia-brasilia.jpeg","type":"image\/jpeg"}],"author":"Ag\u00eancia iNFRA","twitter_card":"summary_large_image","twitter_creator":"@agencia_infra","twitter_site":"@agencia_infra","twitter_misc":{"Escrito por":"Ag\u00eancia iNFRA","Est. tempo de leitura":"4 minutos"},"schema":{"@context":"https:\/\/schema.org","@graph":[{"@type":"Article","@id":"https:\/\/agenciainfra.com\/blog\/ana-anuncia-norma-de-referencia-sobre-limpeza-urbana-e-residuos-solidos\/#article","isPartOf":{"@id":"https:\/\/agenciainfra.com\/blog\/ana-anuncia-norma-de-referencia-sobre-limpeza-urbana-e-residuos-solidos\/"},"author":{"name":"Ag\u00eancia iNFRA","@id":"https:\/\/agenciainfra.com\/blog\/#\/schema\/person\/34af08dff6adea4cb22b06612ba7acfa"},"headline":"ANA anuncia norma de refer\u00eancia sobre limpeza urbana e res\u00edduos s\u00f3lidos","datePublished":"2024-03-27T12:00:00+00:00","dateModified":"2024-04-01T12:02:48+00:00","mainEntityOfPage":{"@id":"https:\/\/agenciainfra.com\/blog\/ana-anuncia-norma-de-referencia-sobre-limpeza-urbana-e-residuos-solidos\/"},"wordCount":776,"publisher":{"@id":"https:\/\/agenciainfra.com\/blog\/#organization"},"image":{"@id":"https:\/\/agenciainfra.com\/blog\/ana-anuncia-norma-de-referencia-sobre-limpeza-urbana-e-residuos-solidos\/#primaryimage"},"thumbnailUrl":"https:\/\/agenciainfra.com\/blog\/wp-content\/uploads\/2022\/02\/residuos-solidos-foto-agencia-brasilia.jpeg","keywords":["Ag\u00eancia Nacional de \u00c1guas e Saneamento B\u00e1sico","ANA","Ana Paula Fioreze","C\u00edntia Leal Marinho","Dia Mundial da \u00c1gua","Elisa Costa","Felipe Sampaio","Gest\u00e3o de Res\u00edduos S\u00f3lidos","Guilherme Marques","Instituto de Pesquisas Hidr\u00e1ulicas","limpeza urbana","Manejo de Res\u00edduos","Normativa","Qualidade da \u00c1gua","Rede Hidrometeorol\u00f3gica Nacional","Rio Grande do Sul","Saneamento B\u00e1sico","servi\u00e7os p\u00fablicos","UFRGS"],"articleSection":["Destaque lista","Geral","iNFRASaneamento"],"inLanguage":"pt-BR","copyrightYear":"2024","copyrightHolder":{"@id":"https:\/\/agenciainfra.com\/blog\/#organization"}},{"@type":"WebPage","@id":"https:\/\/agenciainfra.com\/blog\/ana-anuncia-norma-de-referencia-sobre-limpeza-urbana-e-residuos-solidos\/","url":"https:\/\/agenciainfra.com\/blog\/ana-anuncia-norma-de-referencia-sobre-limpeza-urbana-e-residuos-solidos\/","name":"ANA anuncia norma de refer\u00eancia sobre limpeza urbana e res\u00edduos s\u00f3lidos - Ag\u00eancia iNFRA","isPartOf":{"@id":"https:\/\/agenciainfra.com\/blog\/#website"},"primaryImageOfPage":{"@id":"https:\/\/agenciainfra.com\/blog\/ana-anuncia-norma-de-referencia-sobre-limpeza-urbana-e-residuos-solidos\/#primaryimage"},"image":{"@id":"https:\/\/agenciainfra.com\/blog\/ana-anuncia-norma-de-referencia-sobre-limpeza-urbana-e-residuos-solidos\/#primaryimage"},"thumbnailUrl":"https:\/\/agenciainfra.com\/blog\/wp-content\/uploads\/2022\/02\/residuos-solidos-foto-agencia-brasilia.jpeg","datePublished":"2024-03-27T12:00:00+00:00","dateModified":"2024-04-01T12:02:48+00:00","breadcrumb":{"@id":"https:\/\/agenciainfra.com\/blog\/ana-anuncia-norma-de-referencia-sobre-limpeza-urbana-e-residuos-solidos\/#breadcrumb"},"inLanguage":"pt-BR","potentialAction":[{"@type":"ReadAction","target":["https:\/\/agenciainfra.com\/blog\/ana-anuncia-norma-de-referencia-sobre-limpeza-urbana-e-residuos-solidos\/"]}]},{"@type":"ImageObject","inLanguage":"pt-BR","@id":"https:\/\/agenciainfra.com\/blog\/ana-anuncia-norma-de-referencia-sobre-limpeza-urbana-e-residuos-solidos\/#primaryimage","url":"https:\/\/agenciainfra.com\/blog\/wp-content\/uploads\/2022\/02\/residuos-solidos-foto-agencia-brasilia.jpeg","contentUrl":"https:\/\/agenciainfra.com\/blog\/wp-content\/uploads\/2022\/02\/residuos-solidos-foto-agencia-brasilia.jpeg","width":1200,"height":800,"caption":"Foto: Ag\u00eancia Bras\u00edlia"},{"@type":"BreadcrumbList","@id":"https:\/\/agenciainfra.com\/blog\/ana-anuncia-norma-de-referencia-sobre-limpeza-urbana-e-residuos-solidos\/#breadcrumb","itemListElement":[{"@type":"ListItem","position":1,"name":"In\u00edcio","item":"https:\/\/agenciainfra.com\/blog\/"},{"@type":"ListItem","position":2,"name":"ANA anuncia norma de refer\u00eancia sobre limpeza urbana e res\u00edduos s\u00f3lidos"}]},{"@type":"WebSite","@id":"https:\/\/agenciainfra.com\/blog\/#website","url":"https:\/\/agenciainfra.com\/blog\/","name":"Ag\u00eancia iNFRA","description":"Multiplataforma de informa\u00e7\u00e3o jornal\u00edstica refer\u00eancia na \u00e1rea de infraestrutura no Brasil!","publisher":{"@id":"https:\/\/agenciainfra.com\/blog\/#organization"},"potentialAction":[{"@type":"SearchAction","target":{"@type":"EntryPoint","urlTemplate":"https:\/\/agenciainfra.com\/blog\/?s={search_term_string}"},"query-input":{"@type":"PropertyValueSpecification","valueRequired":true,"valueName":"search_term_string"}}],"inLanguage":"pt-BR"},{"@type":"Organization","@id":"https:\/\/agenciainfra.com\/blog\/#organization","name":"Ag\u00eancia iNFRA","url":"https:\/\/agenciainfra.com\/blog\/","logo":{"@type":"ImageObject","inLanguage":"pt-BR","@id":"https:\/\/agenciainfra.com\/blog\/#\/schema\/logo\/image\/","url":"https:\/\/agenciainfra.com\/blog\/wp-content\/uploads\/2023\/09\/iNFRA_5-e1761735885940.png","contentUrl":"https:\/\/agenciainfra.com\/blog\/wp-content\/uploads\/2023\/09\/iNFRA_5-e1761735885940.png","width":1672,"height":454,"caption":"Ag\u00eancia iNFRA"},"image":{"@id":"https:\/\/agenciainfra.com\/blog\/#\/schema\/logo\/image\/"},"sameAs":["https:\/\/www.facebook.com\/ageninfra","https:\/\/x.com\/agencia_infra","https:\/\/www.linkedin.com\/company\/ag\u00eanciainfra\/","https:\/\/www.instagram.com\/agenciainfra\/"]},{"@type":"Person","@id":"https:\/\/agenciainfra.com\/blog\/#\/schema\/person\/34af08dff6adea4cb22b06612ba7acfa","name":"Ag\u00eancia iNFRA","image":{"@type":"ImageObject","inLanguage":"pt-BR","@id":"https:\/\/agenciainfra.com\/blog\/#\/schema\/person\/image\/","url":"https:\/\/secure.gravatar.com\/avatar\/d189e01678f06d8eb84d4e01f08eb848b3fffe3f8443818d3c356c66892f5be8?s=96&d=mm&r=g","contentUrl":"https:\/\/secure.gravatar.com\/avatar\/d189e01678f06d8eb84d4e01f08eb848b3fffe3f8443818d3c356c66892f5be8?s=96&d=mm&r=g","caption":"Ag\u00eancia iNFRA"},"url":"https:\/\/agenciainfra.com\/blog\/author\/admin\/"}]}},"_links":{"self":[{"href":"https:\/\/agenciainfra.com\/blog\/wp-json\/wp\/v2\/posts\/15849","targetHints":{"allow":["GET"]}}],"collection":[{"href":"https:\/\/agenciainfra.com\/blog\/wp-json\/wp\/v2\/posts"}],"about":[{"href":"https:\/\/agenciainfra.com\/blog\/wp-json\/wp\/v2\/types\/post"}],"author":[{"embeddable":true,"href":"https:\/\/agenciainfra.com\/blog\/wp-json\/wp\/v2\/users\/1"}],"replies":[{"embeddable":true,"href":"https:\/\/agenciainfra.com\/blog\/wp-json\/wp\/v2\/comments?post=15849"}],"version-history":[{"count":1,"href":"https:\/\/agenciainfra.com\/blog\/wp-json\/wp\/v2\/posts\/15849\/revisions"}],"predecessor-version":[{"id":15850,"href":"https:\/\/agenciainfra.com\/blog\/wp-json\/wp\/v2\/posts\/15849\/revisions\/15850"}],"wp:featuredmedia":[{"embeddable":true,"href":"https:\/\/agenciainfra.com\/blog\/wp-json\/wp\/v2\/media\/9466"}],"wp:attachment":[{"href":"https:\/\/agenciainfra.com\/blog\/wp-json\/wp\/v2\/media?parent=15849"}],"wp:term":[{"taxonomy":"category","embeddable":true,"href":"https:\/\/agenciainfra.com\/blog\/wp-json\/wp\/v2\/categories?post=15849"},{"taxonomy":"post_tag","embeddable":true,"href":"https:\/\/agenciainfra.com\/blog\/wp-json\/wp\/v2\/tags?post=15849"}],"curies":[{"name":"wp","href":"https:\/\/api.w.org\/{rel}","templated":true}]}}