{"id":15877,"date":"2024-04-04T09:00:00","date_gmt":"2024-04-04T12:00:00","guid":{"rendered":"https:\/\/agenciainfra.com\/blog\/?p=15877"},"modified":"2026-02-13T17:06:30","modified_gmt":"2026-02-13T20:06:30","slug":"cidades-policentricas-e-hubs-de-15-minutos-devem-ditar-novos-modelos-de-cidades-e-impactar-infraestrutura-aponta-estudo-da-kpmg","status":"publish","type":"post","link":"https:\/\/agenciainfra.com\/blog\/cidades-policentricas-e-hubs-de-15-minutos-devem-ditar-novos-modelos-de-cidades-e-impactar-infraestrutura-aponta-estudo-da-kpmg\/","title":{"rendered":"Cidades polic\u00eantricas&#8217; e &#8216;hubs de 15 minutos&#8217; devem ditar novos modelos de cidades e impactar infraestrutura, aponta estudo da KPMG"},"content":{"rendered":"\n<p class=\"has-text-align-right\"><strong>Elisa Costa,&nbsp;da&nbsp;Ag\u00eancia iNFRA<\/strong><\/p>\n\n\n\n<p>A pr\u00f3xima d\u00e9cada dever\u00e1 marcar uma profunda mudan\u00e7a nos\u00a0modelos\u00a0de cidade ao redor do mundo, devido \u00e0 integra\u00e7\u00e3o de novas tecnologias de informa\u00e7\u00e3o\u00a0e\u00a0comunica\u00e7\u00e3o, com profundo impacto nas infraestruturas de servi\u00e7os, que n\u00e3o poder\u00e3o mais ser pensadas de maneira &#8216;monol\u00edtica&#8217;.<br><br>&#8216;Cidades\u00a0polic\u00eantricas&#8217;, com\u00a0hubs\u00a0nos quais em\u00a015\u00a0minutos\u00a0os moradores poder\u00e3o estar pr\u00f3ximos de suas principais necessidades, tendem a se desenvolver nestes pr\u00f3ximos dez anos, mudando a forma como as\u00a0cidades\u00a0t\u00eam sido concebidas desde a revolu\u00e7\u00e3o industrial, de maneira monoc\u00eantrica.<br><br>Essas s\u00e3o algumas\u00a0das diretrizes que o\u00a0estudo\u00a0\u201cTend\u00eancias Convergentes 2033: a vis\u00e3o de longo prazo\u201d, produzido por l\u00edderes globais\u00a0da\u00a0consultoria internacional\u00a0KPMG, indica como tend\u00eancia para o setor de\u00a0infraestrutura. O trabalho\u00a0alerta\u00a0para a necessidade de que empresas\u00a0e\u00a0governos se adaptem a elas.<br><br>&#8220;Nossa abordagem atual em rela\u00e7\u00e3o \u00e0s maneiras como a\u00a0infraestrutura\u00a0\u00e9 priorizada, financiada, projetada, desenvolvida, operada\u00a0e\u00a0mantida passar\u00e1 por mudan\u00e7as dr\u00e1sticas&#8221;, informa um trecho do relat\u00f3rio. &#8220;Governos\u00a0e\u00a0planejadores de\u00a0infraestrutura\u00a0precisar\u00e3o come\u00e7ar a pensar em ganhos de produtividade\u00a0e\u00a0resultados entregues, em vez de capital investido\u00a0e\u00a0concreto derramado.&#8221;<br><br>A ideia dos\u00a0hubs\u00a0\u00e9 criar estruturas que possam levar diversos servi\u00e7os at\u00e9 as pessoas, em vez de elas se deslocarem at\u00e9 grandes\u00a0cidades\u00a0ou regi\u00f5es metropolitanas para ter acesso a servi\u00e7os. \u00c9 um conceito de planejamento urbano que busca estabelecer a dist\u00e2ncia de no m\u00e1ximo\u00a015\u00a0minutos\u00a0entre a popula\u00e7\u00e3o\u00a0e\u00a0os servi\u00e7os.<br><br>A press\u00e3o por esse novo modelo dever\u00e1 vir\u00a0da\u00a0integra\u00e7\u00e3o cada vez maior entre as infraestruturas\u00a0e\u00a0os servi\u00e7os urbanos devido \u00e0 digitaliza\u00e7\u00e3o, segundo o modelo, o que deve levar \u00e0 press\u00e3o dos usu\u00e1rios por sistemas que sejam mais simples\u00a0e\u00a0personalizados.<br><br>&#8220;Ao inv\u00e9s de obrigar todo mundo a ir a um mesmo grande hospital, a prioridade ser\u00e1 levar cuidados de sa\u00fade personalizados ao paciente&#8221;, exemplifica o trabalho.<br><br><strong>&#8220;Vai acontecer&#8221;<\/strong><br>Em entrevista exclusiva \u00e0\u00a0<strong>Ag\u00eancia iNFRA<\/strong>, a s\u00f3cio-diretora\u00a0da\u00a0KPMG,\u00a0Tatiana Gruenbaum, afirmou que os\u00a0hubs\u00a0de\u00a015\u00a0minutos\u00a0s\u00e3o projetos fact\u00edveis, mas que n\u00e3o ser\u00e3o realizados a curto prazo.<br><br>\u201c\u00c9 algo que a gente entende que vai acontecer, mas n\u00e3o a curto prazo. Os\u00a0hubs\u00a0s\u00e3o muito interessantes, por\u00e9m, para serem poss\u00edveis ou n\u00e3o, vai depender das\u00a0cidades\u00a0e\u00a0da\u00a0quantidade de pessoas que moram nessas\u00a0cidades. Em uma cidade pequena, provavelmente as empresas n\u00e3o v\u00e3o querer investir se n\u00e3o tiver incentivo\u201d, contou Tatiana, que \u00e9 l\u00edder do segmento de\u00a0infraestrutura\u00a0da\u00a0KPMG.<br><br>O relat\u00f3rio, produzido anualmente, coleta informa\u00e7\u00f5es globais a partir das experi\u00eancias dos l\u00edderes do setor de\u00a0infraestrutura\u00a0integrantes\u00a0da\u00a0KPMG. Desta forma, s\u00e3o analisados temas relevantes, riscos\u00a0e\u00a0desafios, bem como a evolu\u00e7\u00e3o de pol\u00edticas. Nesta edi\u00e7\u00e3o, o documento prioriza tr\u00eas segmentos que est\u00e3o sendo debatidos ultimamente:\u00a0Cidades, Sustentabilidade\u00a0e\u00a0Inova\u00e7\u00e3o.<br><br><strong>Mudan\u00e7as<\/strong><br>Tatiana Gruenbaum\u00a0explicou que o cen\u00e1rio das\u00a0cidades\u00a0est\u00e1 mudando, principalmente depois\u00a0da\u00a0pandemia de Covid-19. Este cen\u00e1rio, observado pela\u00a0KPMG, mostra que a popula\u00e7\u00e3o come\u00e7ou a sair dos grandes centros para ir \u00e0s\u00a0cidades\u00a0adjacentes ou de interior\u00a0e\u00a0que, com isso, o governo\u00a0e\u00a0entidades privadas passaram a investir mais nessas\u00a0cidades\u00a0adjacentes.<br><br>Como exemplo desses investimentos, a s\u00f3cia-diretora citou o TIC (Trem Intercidades) Eixo Norte, leiloado no dia 1\u00ba de mar\u00e7o deste ano: \u201cTivemos recentemente o leil\u00e3o do trem que ir\u00e1 de Campinas at\u00e9 a Grande S\u00e3o Paulo. Esse projeto vai acelerar a qualidade de vida\u00a0da\u00a0popula\u00e7\u00e3o, mas tamb\u00e9m vai diminuir as emiss\u00f5es, pois teremos menos pessoas dirigindo\u201d, destacou.<br><br>Segundo o relat\u00f3rio de tend\u00eancias\u00a0da\u00a0KPMG, a era\u00a0da\u00a0produ\u00e7\u00e3o em massa dar\u00e1 lugar a uma era de personaliza\u00e7\u00e3o em massa. Ou seja, em vez de construir ativos de\u00a0infraestrutura\u00a0monol\u00edticos, que atendem ao cidad\u00e3o m\u00e9dio, haver\u00e1 uma inclina\u00e7\u00e3o para as infraestruturas menores, pensadas para atender \u00e0s necessidades individuais de cada.<br><br><strong>Investimentos no Brasil<\/strong><br>De acordo com Tatiana, os investimentos s\u00e3o fundamentais para o crescimento do setor,\u00a0e, para isso, as agendas p\u00fablicas\u00a0e\u00a0privadas tamb\u00e9m\u00a0devem\u00a0estar convergentes com o tema. \u201cO Banco Mundial diz que para um pa\u00eds emergente ter um crescimento na economia ele deve investir de 5% a 7% do seu PIB [Produto Interno Bruto], mas o Brasil investe de 1% a 2%. Isso mostra como ainda estamos distantes do que deveria ser.\u201d<br><br>Ela ressaltou ainda que os diversos momentos de oscila\u00e7\u00e3o\u00a0da\u00a0economia no Brasil tamb\u00e9m afetam o andamento dos projetos, que geralmente s\u00e3o de longo prazo. \u201cDe 2003 a 2010 tivemos um crescimento nos investimentos em\u00a0infraestrutura\u00a0que foi muito forte. Em 2013, passamos por recess\u00e3o,\u00a0e\u00a0s\u00f3 entre 2017\u00a0e\u00a02019 voltamos a ter mais investimentos no setor\u201d, finalizou.<\/p>\n","protected":false},"excerpt":{"rendered":"<p>Elisa Costa,&nbsp;da&nbsp;Ag\u00eancia iNFRA A pr\u00f3xima d\u00e9cada dever\u00e1 marcar uma profunda mudan\u00e7a nos\u00a0modelos\u00a0de cidade ao redor do mundo, devido \u00e0 integra\u00e7\u00e3o de novas tecnologias de informa\u00e7\u00e3o\u00a0e\u00a0comunica\u00e7\u00e3o, com profundo impacto nas infraestruturas de servi\u00e7os, que n\u00e3o poder\u00e3o mais ser pensadas de maneira &#8216;monol\u00edtica&#8217;. &#8216;Cidades\u00a0polic\u00eantricas&#8217;, com\u00a0hubs\u00a0nos quais em\u00a015\u00a0minutos\u00a0os moradores poder\u00e3o estar pr\u00f3ximos de suas principais necessidades, tendem a [&hellip;]<\/p>\n","protected":false},"author":1,"featured_media":15878,"comment_status":"closed","ping_status":"closed","sticky":false,"template":"","format":"standard","meta":{"_monsterinsights_skip_tracking":false,"_monsterinsights_sitenote_active":false,"_monsterinsights_sitenote_note":"","_monsterinsights_sitenote_category":0,"footnotes":""},"categories":[18468],"tags":[522,8916,8091,7367,8919,8089,8917,991,8920,8918,7688,8921,8922],"class_list":["post-15877","post","type-post","status-publish","format-standard","has-post-thumbnail","hentry","category-infra-cidades","tag-banco-mundial","tag-cidades-policentricas","tag-desenvolvimento-urbano","tag-elisa-costa","tag-hubs-de-servicos","tag-infraestrutura-urbana","tag-inovacao-em-infraestrutura","tag-kpmg","tag-planejamento-urbano","tag-qualidade-de-vida","tag-tatiana-gruenbaum","tag-tecnologia-na-cidade","tag-tendencias-urbanas"],"yoast_head":"<!-- This site is optimized with the Yoast SEO Premium plugin v25.4 (Yoast SEO v26.0) - https:\/\/yoast.com\/wordpress\/plugins\/seo\/ -->\n<title>Cidades polic\u00eantricas&#039; e &#039;hubs de 15 minutos&#039; devem ditar novos modelos de cidades e impactar infraestrutura, aponta estudo da KPMG - Ag\u00eancia iNFRA<\/title>\n<meta name=\"robots\" content=\"index, follow, max-snippet:-1, max-image-preview:large, max-video-preview:-1\" \/>\n<link rel=\"canonical\" href=\"https:\/\/agenciainfra.com\/blog\/cidades-policentricas-e-hubs-de-15-minutos-devem-ditar-novos-modelos-de-cidades-e-impactar-infraestrutura-aponta-estudo-da-kpmg\/\" \/>\n<meta property=\"og:locale\" content=\"pt_BR\" \/>\n<meta property=\"og:type\" content=\"article\" \/>\n<meta property=\"og:title\" content=\"Cidades polic\u00eantricas&#039; e &#039;hubs de 15 minutos&#039; devem ditar novos modelos de cidades e impactar infraestrutura, aponta estudo da KPMG\" \/>\n<meta property=\"og:description\" content=\"Elisa Costa,&nbsp;da&nbsp;Ag\u00eancia iNFRA A pr\u00f3xima d\u00e9cada dever\u00e1 marcar uma profunda mudan\u00e7a nos\u00a0modelos\u00a0de cidade ao redor do mundo, devido \u00e0 integra\u00e7\u00e3o de novas tecnologias de informa\u00e7\u00e3o\u00a0e\u00a0comunica\u00e7\u00e3o, com profundo impacto nas infraestruturas de servi\u00e7os, que n\u00e3o poder\u00e3o mais ser pensadas de maneira &#8216;monol\u00edtica&#8217;. &#8216;Cidades\u00a0polic\u00eantricas&#8217;, com\u00a0hubs\u00a0nos quais em\u00a015\u00a0minutos\u00a0os moradores poder\u00e3o estar pr\u00f3ximos de suas principais necessidades, tendem a [&hellip;]\" \/>\n<meta property=\"og:url\" content=\"https:\/\/agenciainfra.com\/blog\/cidades-policentricas-e-hubs-de-15-minutos-devem-ditar-novos-modelos-de-cidades-e-impactar-infraestrutura-aponta-estudo-da-kpmg\/\" \/>\n<meta property=\"og:site_name\" content=\"Ag\u00eancia iNFRA\" \/>\n<meta property=\"article:publisher\" content=\"https:\/\/www.facebook.com\/ageninfra\" \/>\n<meta property=\"article:published_time\" content=\"2024-04-04T12:00:00+00:00\" \/>\n<meta property=\"article:modified_time\" content=\"2026-02-13T20:06:30+00:00\" \/>\n<meta property=\"og:image\" content=\"https:\/\/agenciainfra.com\/blog\/wp-content\/uploads\/2024\/04\/cidades-infraestrutura-foto-kpmg.jpg\" \/>\n\t<meta property=\"og:image:width\" content=\"1202\" \/>\n\t<meta property=\"og:image:height\" content=\"841\" \/>\n\t<meta property=\"og:image:type\" content=\"image\/jpeg\" \/>\n<meta name=\"author\" content=\"Ag\u00eancia iNFRA\" \/>\n<meta name=\"twitter:card\" content=\"summary_large_image\" \/>\n<meta name=\"twitter:creator\" content=\"@agencia_infra\" \/>\n<meta name=\"twitter:site\" content=\"@agencia_infra\" \/>\n<meta name=\"twitter:label1\" content=\"Escrito por\" \/>\n\t<meta name=\"twitter:data1\" content=\"Ag\u00eancia iNFRA\" \/>\n\t<meta name=\"twitter:label2\" content=\"Est. tempo de leitura\" \/>\n\t<meta name=\"twitter:data2\" content=\"4 minutos\" \/>\n<script type=\"application\/ld+json\" class=\"yoast-schema-graph\">{\"@context\":\"https:\/\/schema.org\",\"@graph\":[{\"@type\":\"Article\",\"@id\":\"https:\/\/agenciainfra.com\/blog\/cidades-policentricas-e-hubs-de-15-minutos-devem-ditar-novos-modelos-de-cidades-e-impactar-infraestrutura-aponta-estudo-da-kpmg\/#article\",\"isPartOf\":{\"@id\":\"https:\/\/agenciainfra.com\/blog\/cidades-policentricas-e-hubs-de-15-minutos-devem-ditar-novos-modelos-de-cidades-e-impactar-infraestrutura-aponta-estudo-da-kpmg\/\"},\"author\":{\"name\":\"Ag\u00eancia iNFRA\",\"@id\":\"https:\/\/agenciainfra.com\/blog\/#\/schema\/person\/34af08dff6adea4cb22b06612ba7acfa\"},\"headline\":\"Cidades polic\u00eantricas&#8217; e &#8216;hubs de 15 minutos&#8217; devem ditar novos modelos de cidades e impactar infraestrutura, aponta estudo da KPMG\",\"datePublished\":\"2024-04-04T12:00:00+00:00\",\"dateModified\":\"2026-02-13T20:06:30+00:00\",\"mainEntityOfPage\":{\"@id\":\"https:\/\/agenciainfra.com\/blog\/cidades-policentricas-e-hubs-de-15-minutos-devem-ditar-novos-modelos-de-cidades-e-impactar-infraestrutura-aponta-estudo-da-kpmg\/\"},\"wordCount\":854,\"publisher\":{\"@id\":\"https:\/\/agenciainfra.com\/blog\/#organization\"},\"image\":{\"@id\":\"https:\/\/agenciainfra.com\/blog\/cidades-policentricas-e-hubs-de-15-minutos-devem-ditar-novos-modelos-de-cidades-e-impactar-infraestrutura-aponta-estudo-da-kpmg\/#primaryimage\"},\"thumbnailUrl\":\"https:\/\/agenciainfra.com\/blog\/wp-content\/uploads\/2024\/04\/cidades-infraestrutura-foto-kpmg.jpg\",\"keywords\":[\"Banco Mundial\",\"Cidades polic\u00eantricas\",\"Desenvolvimento Urbano\",\"Elisa Costa\",\"Hubs de servi\u00e7os\",\"Infraestrutura Urbana\",\"Inova\u00e7\u00e3o em infraestrutura\",\"KPMG\",\"Planejamento urbano\",\"Qualidade de vida\",\"Tatiana Gruenbaum\",\"Tecnologia na cidade\",\"Tend\u00eancias urbanas\"],\"articleSection\":[\"iNFRACidades\"],\"inLanguage\":\"pt-BR\",\"copyrightYear\":\"2024\",\"copyrightHolder\":{\"@id\":\"https:\/\/agenciainfra.com\/blog\/#organization\"}},{\"@type\":\"WebPage\",\"@id\":\"https:\/\/agenciainfra.com\/blog\/cidades-policentricas-e-hubs-de-15-minutos-devem-ditar-novos-modelos-de-cidades-e-impactar-infraestrutura-aponta-estudo-da-kpmg\/\",\"url\":\"https:\/\/agenciainfra.com\/blog\/cidades-policentricas-e-hubs-de-15-minutos-devem-ditar-novos-modelos-de-cidades-e-impactar-infraestrutura-aponta-estudo-da-kpmg\/\",\"name\":\"Cidades polic\u00eantricas' e 'hubs de 15 minutos' devem ditar novos modelos de cidades e impactar infraestrutura, aponta estudo da KPMG - Ag\u00eancia iNFRA\",\"isPartOf\":{\"@id\":\"https:\/\/agenciainfra.com\/blog\/#website\"},\"primaryImageOfPage\":{\"@id\":\"https:\/\/agenciainfra.com\/blog\/cidades-policentricas-e-hubs-de-15-minutos-devem-ditar-novos-modelos-de-cidades-e-impactar-infraestrutura-aponta-estudo-da-kpmg\/#primaryimage\"},\"image\":{\"@id\":\"https:\/\/agenciainfra.com\/blog\/cidades-policentricas-e-hubs-de-15-minutos-devem-ditar-novos-modelos-de-cidades-e-impactar-infraestrutura-aponta-estudo-da-kpmg\/#primaryimage\"},\"thumbnailUrl\":\"https:\/\/agenciainfra.com\/blog\/wp-content\/uploads\/2024\/04\/cidades-infraestrutura-foto-kpmg.jpg\",\"datePublished\":\"2024-04-04T12:00:00+00:00\",\"dateModified\":\"2026-02-13T20:06:30+00:00\",\"breadcrumb\":{\"@id\":\"https:\/\/agenciainfra.com\/blog\/cidades-policentricas-e-hubs-de-15-minutos-devem-ditar-novos-modelos-de-cidades-e-impactar-infraestrutura-aponta-estudo-da-kpmg\/#breadcrumb\"},\"inLanguage\":\"pt-BR\",\"potentialAction\":[{\"@type\":\"ReadAction\",\"target\":[\"https:\/\/agenciainfra.com\/blog\/cidades-policentricas-e-hubs-de-15-minutos-devem-ditar-novos-modelos-de-cidades-e-impactar-infraestrutura-aponta-estudo-da-kpmg\/\"]}]},{\"@type\":\"ImageObject\",\"inLanguage\":\"pt-BR\",\"@id\":\"https:\/\/agenciainfra.com\/blog\/cidades-policentricas-e-hubs-de-15-minutos-devem-ditar-novos-modelos-de-cidades-e-impactar-infraestrutura-aponta-estudo-da-kpmg\/#primaryimage\",\"url\":\"https:\/\/agenciainfra.com\/blog\/wp-content\/uploads\/2024\/04\/cidades-infraestrutura-foto-kpmg.jpg\",\"contentUrl\":\"https:\/\/agenciainfra.com\/blog\/wp-content\/uploads\/2024\/04\/cidades-infraestrutura-foto-kpmg.jpg\",\"width\":1202,\"height\":841},{\"@type\":\"BreadcrumbList\",\"@id\":\"https:\/\/agenciainfra.com\/blog\/cidades-policentricas-e-hubs-de-15-minutos-devem-ditar-novos-modelos-de-cidades-e-impactar-infraestrutura-aponta-estudo-da-kpmg\/#breadcrumb\",\"itemListElement\":[{\"@type\":\"ListItem\",\"position\":1,\"name\":\"In\u00edcio\",\"item\":\"https:\/\/agenciainfra.com\/blog\/\"},{\"@type\":\"ListItem\",\"position\":2,\"name\":\"Cidades polic\u00eantricas&#8217; e &#8216;hubs de 15 minutos&#8217; devem ditar novos modelos de cidades e impactar infraestrutura, aponta estudo da KPMG\"}]},{\"@type\":\"WebSite\",\"@id\":\"https:\/\/agenciainfra.com\/blog\/#website\",\"url\":\"https:\/\/agenciainfra.com\/blog\/\",\"name\":\"Ag\u00eancia iNFRA\",\"description\":\"Multiplataforma de informa\u00e7\u00e3o jornal\u00edstica refer\u00eancia na \u00e1rea de infraestrutura no Brasil!\",\"publisher\":{\"@id\":\"https:\/\/agenciainfra.com\/blog\/#organization\"},\"potentialAction\":[{\"@type\":\"SearchAction\",\"target\":{\"@type\":\"EntryPoint\",\"urlTemplate\":\"https:\/\/agenciainfra.com\/blog\/?s={search_term_string}\"},\"query-input\":{\"@type\":\"PropertyValueSpecification\",\"valueRequired\":true,\"valueName\":\"search_term_string\"}}],\"inLanguage\":\"pt-BR\"},{\"@type\":\"Organization\",\"@id\":\"https:\/\/agenciainfra.com\/blog\/#organization\",\"name\":\"Ag\u00eancia iNFRA\",\"url\":\"https:\/\/agenciainfra.com\/blog\/\",\"logo\":{\"@type\":\"ImageObject\",\"inLanguage\":\"pt-BR\",\"@id\":\"https:\/\/agenciainfra.com\/blog\/#\/schema\/logo\/image\/\",\"url\":\"https:\/\/agenciainfra.com\/blog\/wp-content\/uploads\/2023\/09\/iNFRA_5-e1761735885940.png\",\"contentUrl\":\"https:\/\/agenciainfra.com\/blog\/wp-content\/uploads\/2023\/09\/iNFRA_5-e1761735885940.png\",\"width\":1672,\"height\":454,\"caption\":\"Ag\u00eancia iNFRA\"},\"image\":{\"@id\":\"https:\/\/agenciainfra.com\/blog\/#\/schema\/logo\/image\/\"},\"sameAs\":[\"https:\/\/www.facebook.com\/ageninfra\",\"https:\/\/x.com\/agencia_infra\",\"https:\/\/www.linkedin.com\/company\/ag\u00eanciainfra\/\",\"https:\/\/www.instagram.com\/agenciainfra\/\"]},{\"@type\":\"Person\",\"@id\":\"https:\/\/agenciainfra.com\/blog\/#\/schema\/person\/34af08dff6adea4cb22b06612ba7acfa\",\"name\":\"Ag\u00eancia iNFRA\",\"image\":{\"@type\":\"ImageObject\",\"inLanguage\":\"pt-BR\",\"@id\":\"https:\/\/agenciainfra.com\/blog\/#\/schema\/person\/image\/\",\"url\":\"https:\/\/secure.gravatar.com\/avatar\/d189e01678f06d8eb84d4e01f08eb848b3fffe3f8443818d3c356c66892f5be8?s=96&d=mm&r=g\",\"contentUrl\":\"https:\/\/secure.gravatar.com\/avatar\/d189e01678f06d8eb84d4e01f08eb848b3fffe3f8443818d3c356c66892f5be8?s=96&d=mm&r=g\",\"caption\":\"Ag\u00eancia iNFRA\"},\"url\":\"https:\/\/agenciainfra.com\/blog\/author\/admin\/\"}]}<\/script>\n<!-- \/ Yoast SEO Premium plugin. -->","yoast_head_json":{"title":"Cidades polic\u00eantricas' e 'hubs de 15 minutos' devem ditar novos modelos de cidades e impactar infraestrutura, aponta estudo da KPMG - Ag\u00eancia iNFRA","robots":{"index":"index","follow":"follow","max-snippet":"max-snippet:-1","max-image-preview":"max-image-preview:large","max-video-preview":"max-video-preview:-1"},"canonical":"https:\/\/agenciainfra.com\/blog\/cidades-policentricas-e-hubs-de-15-minutos-devem-ditar-novos-modelos-de-cidades-e-impactar-infraestrutura-aponta-estudo-da-kpmg\/","og_locale":"pt_BR","og_type":"article","og_title":"Cidades polic\u00eantricas' e 'hubs de 15 minutos' devem ditar novos modelos de cidades e impactar infraestrutura, aponta estudo da KPMG","og_description":"Elisa Costa,&nbsp;da&nbsp;Ag\u00eancia iNFRA A pr\u00f3xima d\u00e9cada dever\u00e1 marcar uma profunda mudan\u00e7a nos\u00a0modelos\u00a0de cidade ao redor do mundo, devido \u00e0 integra\u00e7\u00e3o de novas tecnologias de informa\u00e7\u00e3o\u00a0e\u00a0comunica\u00e7\u00e3o, com profundo impacto nas infraestruturas de servi\u00e7os, que n\u00e3o poder\u00e3o mais ser pensadas de maneira &#8216;monol\u00edtica&#8217;. &#8216;Cidades\u00a0polic\u00eantricas&#8217;, com\u00a0hubs\u00a0nos quais em\u00a015\u00a0minutos\u00a0os moradores poder\u00e3o estar pr\u00f3ximos de suas principais necessidades, tendem a [&hellip;]","og_url":"https:\/\/agenciainfra.com\/blog\/cidades-policentricas-e-hubs-de-15-minutos-devem-ditar-novos-modelos-de-cidades-e-impactar-infraestrutura-aponta-estudo-da-kpmg\/","og_site_name":"Ag\u00eancia iNFRA","article_publisher":"https:\/\/www.facebook.com\/ageninfra","article_published_time":"2024-04-04T12:00:00+00:00","article_modified_time":"2026-02-13T20:06:30+00:00","og_image":[{"width":1202,"height":841,"url":"https:\/\/agenciainfra.com\/blog\/wp-content\/uploads\/2024\/04\/cidades-infraestrutura-foto-kpmg.jpg","type":"image\/jpeg"}],"author":"Ag\u00eancia iNFRA","twitter_card":"summary_large_image","twitter_creator":"@agencia_infra","twitter_site":"@agencia_infra","twitter_misc":{"Escrito por":"Ag\u00eancia iNFRA","Est. tempo de leitura":"4 minutos"},"schema":{"@context":"https:\/\/schema.org","@graph":[{"@type":"Article","@id":"https:\/\/agenciainfra.com\/blog\/cidades-policentricas-e-hubs-de-15-minutos-devem-ditar-novos-modelos-de-cidades-e-impactar-infraestrutura-aponta-estudo-da-kpmg\/#article","isPartOf":{"@id":"https:\/\/agenciainfra.com\/blog\/cidades-policentricas-e-hubs-de-15-minutos-devem-ditar-novos-modelos-de-cidades-e-impactar-infraestrutura-aponta-estudo-da-kpmg\/"},"author":{"name":"Ag\u00eancia iNFRA","@id":"https:\/\/agenciainfra.com\/blog\/#\/schema\/person\/34af08dff6adea4cb22b06612ba7acfa"},"headline":"Cidades polic\u00eantricas&#8217; e &#8216;hubs de 15 minutos&#8217; devem ditar novos modelos de cidades e impactar infraestrutura, aponta estudo da KPMG","datePublished":"2024-04-04T12:00:00+00:00","dateModified":"2026-02-13T20:06:30+00:00","mainEntityOfPage":{"@id":"https:\/\/agenciainfra.com\/blog\/cidades-policentricas-e-hubs-de-15-minutos-devem-ditar-novos-modelos-de-cidades-e-impactar-infraestrutura-aponta-estudo-da-kpmg\/"},"wordCount":854,"publisher":{"@id":"https:\/\/agenciainfra.com\/blog\/#organization"},"image":{"@id":"https:\/\/agenciainfra.com\/blog\/cidades-policentricas-e-hubs-de-15-minutos-devem-ditar-novos-modelos-de-cidades-e-impactar-infraestrutura-aponta-estudo-da-kpmg\/#primaryimage"},"thumbnailUrl":"https:\/\/agenciainfra.com\/blog\/wp-content\/uploads\/2024\/04\/cidades-infraestrutura-foto-kpmg.jpg","keywords":["Banco Mundial","Cidades polic\u00eantricas","Desenvolvimento Urbano","Elisa Costa","Hubs de servi\u00e7os","Infraestrutura Urbana","Inova\u00e7\u00e3o em infraestrutura","KPMG","Planejamento urbano","Qualidade de vida","Tatiana Gruenbaum","Tecnologia na cidade","Tend\u00eancias urbanas"],"articleSection":["iNFRACidades"],"inLanguage":"pt-BR","copyrightYear":"2024","copyrightHolder":{"@id":"https:\/\/agenciainfra.com\/blog\/#organization"}},{"@type":"WebPage","@id":"https:\/\/agenciainfra.com\/blog\/cidades-policentricas-e-hubs-de-15-minutos-devem-ditar-novos-modelos-de-cidades-e-impactar-infraestrutura-aponta-estudo-da-kpmg\/","url":"https:\/\/agenciainfra.com\/blog\/cidades-policentricas-e-hubs-de-15-minutos-devem-ditar-novos-modelos-de-cidades-e-impactar-infraestrutura-aponta-estudo-da-kpmg\/","name":"Cidades polic\u00eantricas' e 'hubs de 15 minutos' devem ditar novos modelos de cidades e impactar infraestrutura, aponta estudo da KPMG - Ag\u00eancia iNFRA","isPartOf":{"@id":"https:\/\/agenciainfra.com\/blog\/#website"},"primaryImageOfPage":{"@id":"https:\/\/agenciainfra.com\/blog\/cidades-policentricas-e-hubs-de-15-minutos-devem-ditar-novos-modelos-de-cidades-e-impactar-infraestrutura-aponta-estudo-da-kpmg\/#primaryimage"},"image":{"@id":"https:\/\/agenciainfra.com\/blog\/cidades-policentricas-e-hubs-de-15-minutos-devem-ditar-novos-modelos-de-cidades-e-impactar-infraestrutura-aponta-estudo-da-kpmg\/#primaryimage"},"thumbnailUrl":"https:\/\/agenciainfra.com\/blog\/wp-content\/uploads\/2024\/04\/cidades-infraestrutura-foto-kpmg.jpg","datePublished":"2024-04-04T12:00:00+00:00","dateModified":"2026-02-13T20:06:30+00:00","breadcrumb":{"@id":"https:\/\/agenciainfra.com\/blog\/cidades-policentricas-e-hubs-de-15-minutos-devem-ditar-novos-modelos-de-cidades-e-impactar-infraestrutura-aponta-estudo-da-kpmg\/#breadcrumb"},"inLanguage":"pt-BR","potentialAction":[{"@type":"ReadAction","target":["https:\/\/agenciainfra.com\/blog\/cidades-policentricas-e-hubs-de-15-minutos-devem-ditar-novos-modelos-de-cidades-e-impactar-infraestrutura-aponta-estudo-da-kpmg\/"]}]},{"@type":"ImageObject","inLanguage":"pt-BR","@id":"https:\/\/agenciainfra.com\/blog\/cidades-policentricas-e-hubs-de-15-minutos-devem-ditar-novos-modelos-de-cidades-e-impactar-infraestrutura-aponta-estudo-da-kpmg\/#primaryimage","url":"https:\/\/agenciainfra.com\/blog\/wp-content\/uploads\/2024\/04\/cidades-infraestrutura-foto-kpmg.jpg","contentUrl":"https:\/\/agenciainfra.com\/blog\/wp-content\/uploads\/2024\/04\/cidades-infraestrutura-foto-kpmg.jpg","width":1202,"height":841},{"@type":"BreadcrumbList","@id":"https:\/\/agenciainfra.com\/blog\/cidades-policentricas-e-hubs-de-15-minutos-devem-ditar-novos-modelos-de-cidades-e-impactar-infraestrutura-aponta-estudo-da-kpmg\/#breadcrumb","itemListElement":[{"@type":"ListItem","position":1,"name":"In\u00edcio","item":"https:\/\/agenciainfra.com\/blog\/"},{"@type":"ListItem","position":2,"name":"Cidades polic\u00eantricas&#8217; e &#8216;hubs de 15 minutos&#8217; devem ditar novos modelos de cidades e impactar infraestrutura, aponta estudo da KPMG"}]},{"@type":"WebSite","@id":"https:\/\/agenciainfra.com\/blog\/#website","url":"https:\/\/agenciainfra.com\/blog\/","name":"Ag\u00eancia iNFRA","description":"Multiplataforma de informa\u00e7\u00e3o jornal\u00edstica refer\u00eancia na \u00e1rea de infraestrutura no Brasil!","publisher":{"@id":"https:\/\/agenciainfra.com\/blog\/#organization"},"potentialAction":[{"@type":"SearchAction","target":{"@type":"EntryPoint","urlTemplate":"https:\/\/agenciainfra.com\/blog\/?s={search_term_string}"},"query-input":{"@type":"PropertyValueSpecification","valueRequired":true,"valueName":"search_term_string"}}],"inLanguage":"pt-BR"},{"@type":"Organization","@id":"https:\/\/agenciainfra.com\/blog\/#organization","name":"Ag\u00eancia iNFRA","url":"https:\/\/agenciainfra.com\/blog\/","logo":{"@type":"ImageObject","inLanguage":"pt-BR","@id":"https:\/\/agenciainfra.com\/blog\/#\/schema\/logo\/image\/","url":"https:\/\/agenciainfra.com\/blog\/wp-content\/uploads\/2023\/09\/iNFRA_5-e1761735885940.png","contentUrl":"https:\/\/agenciainfra.com\/blog\/wp-content\/uploads\/2023\/09\/iNFRA_5-e1761735885940.png","width":1672,"height":454,"caption":"Ag\u00eancia iNFRA"},"image":{"@id":"https:\/\/agenciainfra.com\/blog\/#\/schema\/logo\/image\/"},"sameAs":["https:\/\/www.facebook.com\/ageninfra","https:\/\/x.com\/agencia_infra","https:\/\/www.linkedin.com\/company\/ag\u00eanciainfra\/","https:\/\/www.instagram.com\/agenciainfra\/"]},{"@type":"Person","@id":"https:\/\/agenciainfra.com\/blog\/#\/schema\/person\/34af08dff6adea4cb22b06612ba7acfa","name":"Ag\u00eancia iNFRA","image":{"@type":"ImageObject","inLanguage":"pt-BR","@id":"https:\/\/agenciainfra.com\/blog\/#\/schema\/person\/image\/","url":"https:\/\/secure.gravatar.com\/avatar\/d189e01678f06d8eb84d4e01f08eb848b3fffe3f8443818d3c356c66892f5be8?s=96&d=mm&r=g","contentUrl":"https:\/\/secure.gravatar.com\/avatar\/d189e01678f06d8eb84d4e01f08eb848b3fffe3f8443818d3c356c66892f5be8?s=96&d=mm&r=g","caption":"Ag\u00eancia iNFRA"},"url":"https:\/\/agenciainfra.com\/blog\/author\/admin\/"}]}},"_links":{"self":[{"href":"https:\/\/agenciainfra.com\/blog\/wp-json\/wp\/v2\/posts\/15877","targetHints":{"allow":["GET"]}}],"collection":[{"href":"https:\/\/agenciainfra.com\/blog\/wp-json\/wp\/v2\/posts"}],"about":[{"href":"https:\/\/agenciainfra.com\/blog\/wp-json\/wp\/v2\/types\/post"}],"author":[{"embeddable":true,"href":"https:\/\/agenciainfra.com\/blog\/wp-json\/wp\/v2\/users\/1"}],"replies":[{"embeddable":true,"href":"https:\/\/agenciainfra.com\/blog\/wp-json\/wp\/v2\/comments?post=15877"}],"version-history":[{"count":1,"href":"https:\/\/agenciainfra.com\/blog\/wp-json\/wp\/v2\/posts\/15877\/revisions"}],"predecessor-version":[{"id":15879,"href":"https:\/\/agenciainfra.com\/blog\/wp-json\/wp\/v2\/posts\/15877\/revisions\/15879"}],"wp:featuredmedia":[{"embeddable":true,"href":"https:\/\/agenciainfra.com\/blog\/wp-json\/wp\/v2\/media\/15878"}],"wp:attachment":[{"href":"https:\/\/agenciainfra.com\/blog\/wp-json\/wp\/v2\/media?parent=15877"}],"wp:term":[{"taxonomy":"category","embeddable":true,"href":"https:\/\/agenciainfra.com\/blog\/wp-json\/wp\/v2\/categories?post=15877"},{"taxonomy":"post_tag","embeddable":true,"href":"https:\/\/agenciainfra.com\/blog\/wp-json\/wp\/v2\/tags?post=15877"}],"curies":[{"name":"wp","href":"https:\/\/api.w.org\/{rel}","templated":true}]}}