{"id":15880,"date":"2024-04-04T11:00:00","date_gmt":"2024-04-04T14:00:00","guid":{"rendered":"https:\/\/agenciainfra.com\/blog\/?p=15880"},"modified":"2026-03-13T09:41:54","modified_gmt":"2026-03-13T12:41:54","slug":"ministerio-dos-transportes-e-setor-de-aviacao-realizam-iniciativas-de-fomento-a-inclusao-e-equidade","status":"publish","type":"post","link":"https:\/\/agenciainfra.com\/blog\/ministerio-dos-transportes-e-setor-de-aviacao-realizam-iniciativas-de-fomento-a-inclusao-e-equidade\/","title":{"rendered":"Minist\u00e9rio dos Transportes e setor de avia\u00e7\u00e3o realizam iniciativas de fomento \u00e0 inclus\u00e3o e equidade"},"content":{"rendered":"\n<p class=\"has-text-align-right\"><strong>Sheyla Santos, da Ag\u00eancia iNFRA<\/strong><\/p>\n\n\n\n<p>O\u00a0Minist\u00e9rio\u00a0dos\u00a0Transportes\u00a0e\u00a0o\u00a0setor\u00a0de\u00a0avia\u00e7\u00e3o\u00a0realizaram nesta quarta-feira (3) cerim\u00f4nias sobre\u00a0iniciativas\u00a0de\u00a0inclus\u00e3o\u00a0e\u00a0equidade. Pela manh\u00e3, o ministro da pasta, Renan Filho,\u00a0e\u00a0a ministra das Mulheres, Cida Gon\u00e7alves, assinaram um\u00a0protocolo de inten\u00e7\u00f5es\u00a0para promover o programa \u201cPr\u00f3-Equidade\u00a0de G\u00eanero\u00a0e\u00a0Ra\u00e7a\u201d.<br><br>O objetivo do programa, segundo as pastas, \u00e9 incentivar a igualdade em acesso, remunera\u00e7\u00e3o, ascens\u00e3o\u00a0e\u00a0perman\u00eancia no emprego, al\u00e9m de ampliar a participa\u00e7\u00e3o de mulheres na cadeia log\u00edstica de infraestrutura.<br><br>O programa \u00e9 voltado a funcion\u00e1rios de ag\u00eancias reguladoras, empresas p\u00fablicas vinculadas\u00a0\u00e0\u00a0pasta\u00a0dos\u00a0Transportes\u00a0e\u00a0companhias que atuam direta\u00a0e\u00a0indiretamente na infraestrutura rodovi\u00e1ria, ferrovi\u00e1ria\u00a0e\u00a0log\u00edstica nacional.<br><br>A secret\u00e1ria nacional de Transporte Rodovi\u00e1rio, Viviane Esse, destacou que 100% das concession\u00e1rias de rodovias federais aderiram ao protocolo de inten\u00e7\u00f5es para fomentar pol\u00edticas de igualdade de g\u00eanero em suas institui\u00e7\u00f5es.<br><br>\u201cN\u00f3s temos uma ades\u00e3o que me surpreendeu de uma forma positiva. Muitas, muitas associa\u00e7\u00f5es, concession\u00e1rias, muita gente pedindo para aderir, dizendo: \u2018Olha, j\u00e1 estou cumprindo, tenho um programa, tenho uma iniciativa\u2019. Isso \u00e9 muito gratificante. Enche-nos de orgulho poder ter essa essa luta,\u00a0e\u00a0\u00e9 uma luta de todos\u201d, disse durante a cerim\u00f4nia de lan\u00e7amento.<br><br>No mesmo evento, Renan Filho pontuou que a iniciativa se conecta\u00a0\u00e0\u00a0lei que estabelece igual remunera\u00e7\u00e3o para homens\u00a0e\u00a0mulheres que desempenham as mesmas fun\u00e7\u00f5es.<br><br><strong>Emprestado<\/strong><br>Em tom descontra\u00eddo, o ministro disse que gostaria de tratar de economia, mas est\u00e1 \u201cemprestado\u201d no\u00a0Minist\u00e9rio\u00a0dos\u00a0Transportes. A transmiss\u00e3o do evento pode ser vista\u00a0<a href=\"https:\/\/agenciainfra.us14.list-manage.com\/track\/click?u=d460dd1bcf9ba0ae040e1fc0f&amp;id=b86a00a9c6&amp;e=f0fa444791\" target=\"_blank\" rel=\"noreferrer noopener\">neste link<\/a>.<br><br>\u201cOutra coisa que eu acho muito relevante \u00e9 essa quest\u00e3o que no Brasil a gente faz uma discuss\u00e3o de Custo Brasil. Eu sou economista, n\u00e9? Estou aqui no\u00a0Minist\u00e9rio\u00a0dos\u00a0Transportes\u00a0emprestado. Eu gostaria mesmo era de estar tratando de economia. Mas eu estou aqui, n\u0101o \u00e9, Cida [Gon\u00e7alves, ministra das Mulheres]? Ent\u00e3o, tenho que tratar de obra mesmo, de estrada, de ferrovia\u00a0e\u00a0tal\u201d, afirmou, acrescentando que o Custo Brasil n\u00e3o se relaciona com igualdade de g\u00eanero\u00a0e\u00a0de ra\u00e7a, pois a mudan\u00e7a proveniente de uma abordagem diferente n\u00e3o \u00e9 de soma negativa,\u00a0e\u00a0sim de soma positiva.<br><br>\u201c\u00c0s vezes, uma abordagem muito rasa faz com que a pessoa diga assim: \u2018N\u00e3o, mas isso aqui vai simplesmente significar um custo a mais para a minha empresa que j\u00e1 est\u00e1 com dificuldade de ter lucro\u2019. Esse \u00e9 o mesmo mundo que distribui heran\u00e7a s\u00f3 para o filho homem. \u00c9 o mesm\u00edssimo. Ent\u00e3o, assim, \u00e9 uma abordagem m\u00edope de um problema muito mais amplo\u201d, concluiu.<br><br><strong>Avia\u00e7\u00e3o<\/strong><br>Conforme\u00a0<a href=\"https:\/\/agenciainfra.us14.list-manage.com\/track\/click?u=d460dd1bcf9ba0ae040e1fc0f&amp;id=9c83edae52&amp;e=f0fa444791\" target=\"_blank\" rel=\"noreferrer noopener\">informou<\/a>\u00a0h\u00e1 um m\u00eas a\u00a0<strong>Ag\u00eancia iNFRA<\/strong>, o governo lan\u00e7ou o programa \u201cAsas para Todos\u201d, que incentiva a forma\u00e7\u00e3o de pilotos\u00a0e\u00a0mec\u00e2nicos de\u00a0avia\u00e7\u00e3o.\u00a0Na quarta-feira (3),\u00a0\u00e0\u00a0tarde, a ANAC (Ag\u00eancia Nacional de\u00a0Avia\u00e7\u00e3o\u00a0Civil)\u00a0e\u00a0cinco minist\u00e9rios (Portos\u00a0e\u00a0Aeroportos, Igualdade Racial, Direitos Humanos\u00a0e\u00a0Cidadania, \u00a0Mulheres,\u00a0e\u00a0Turismo) oficializaram a iniciativa em uma cerim\u00f4nia de lan\u00e7amento.<br><br>Na carteira de projetos est\u00e3o previstas\u00a0iniciativas\u00a0de forma\u00e7\u00e3o\u00a0e\u00a0capacita\u00e7\u00e3o de profissionais no\u00a0setor\u00a0a\u00e9reo com investimento de R$ 16 milh\u00f5es, sendo R$ R$ 7 milh\u00f5es em 2023\u00a0e\u00a0R$ 9 milh\u00f5es em 2024. O objetivo do programa, segundo a ag\u00eancia, \u00e9 impactar 100 milh\u00f5es de passageiros, 70 mil profissionais do\u00a0setor,\u00a0e\u00a0reduzir barreiras\u00a0\u00e0\u00a0entrada no mercado.<br><br>Al\u00e9m da assinatura de um protocolo de inten\u00e7\u00f5es do\u00a0setor\u00a0a\u00e9reo, a iniciativa conta com o desenvolvimento do ensino profissional aeron\u00e1utico, incluindo treinamento sobre gest\u00e3o de aer\u00f3dromos\u00a0e\u00a0forma\u00e7\u00e3o de mec\u00e2nicos de manuten\u00e7\u00e3o, al\u00e9m de campanhas antidiscriminat\u00f3rias relacionadas a g\u00eanero\u00a0e\u00a0ra\u00e7a.<br><br>Como parte do programa, a ANAC informou que autorizou empresas do\u00a0setor\u00a0a usarem instala\u00e7\u00f5es para treinamentos\u00a0e\u00a0cursos de capacita\u00e7\u00e3o\u00a0e\u00a0disponibilizou o acesso ao acervo de sua biblioteca, no Centro de Treinamento em Bras\u00edlia, ao p\u00fablico em geral.\u00a0A ag\u00eancia anunciou ainda que ir\u00e1 aderir\u00a0\u00e0\u00a0bolsa-forma\u00e7\u00e3o do Pronatec (Programa Nacional de Acesso ao Ensino T\u00e9cnico\u00a0e\u00a0Emprego) do\u00a0Minist\u00e9rio\u00a0da Educa\u00e7\u00e3o.<br><br>A ministra da Igualdade Racial, Anielle Franco, pontuou a relev\u00e2ncia educativa do programa diante de casos, ainda que isolados, de discrimina\u00e7\u00f5es raciais em aeroportos.<br><br>\u201cMuitas pessoas negras neste pa\u00eds n\u00e3o t\u00eam a oportunidade de andar de avi\u00e3o,\u00a0e, quando andam de avi\u00e3o, muitas delas sentem medo\u201d, disse. \u201cNem sempre a gente est\u00e1 preparado para viver alguns desafios,\u00a0e, quando voc\u00ea chega nesse desafio, ainda \u00e9, muitas vezes, destratado\u201d, afirmou.<br><br><strong>Portos\u00a0e\u00a0Aeroportos<\/strong><br>O ministro de Portos\u00a0e\u00a0Aeroportos, Silvio Costa Filho, disse esperar que a pasta aporte, no segundo semestre, recursos entre R$ 5 milh\u00f5es\u00a0e\u00a010 milh\u00f5es no \u201cAsas para Todos\u201d.<br><br>\u201cNo primeiro momento, s\u00e3o R$ 16 milh\u00f5es que est\u00e3o desenhados pela ANAC\u201d, disse. \u201c\u00c9 um projeto-piloto que a gente espera cada vez mais ir avan\u00e7ando, n\u00e3o s\u00f3 do ponto de vista do governo federal como tamb\u00e9m das concession\u00e1rias. Eu acho que as concession\u00e1rias podem dar uma bela contribui\u00e7\u00e3o a esse programa\u201d, acrescentou.<\/p>\n","protected":false},"excerpt":{"rendered":"<p>Sheyla Santos, da Ag\u00eancia iNFRA O\u00a0Minist\u00e9rio\u00a0dos\u00a0Transportes\u00a0e\u00a0o\u00a0setor\u00a0de\u00a0avia\u00e7\u00e3o\u00a0realizaram nesta quarta-feira (3) cerim\u00f4nias sobre\u00a0iniciativas\u00a0de\u00a0inclus\u00e3o\u00a0e\u00a0equidade. Pela manh\u00e3, o ministro da pasta, Renan Filho,\u00a0e\u00a0a ministra das Mulheres, Cida Gon\u00e7alves, assinaram um\u00a0protocolo de inten\u00e7\u00f5es\u00a0para promover o programa \u201cPr\u00f3-Equidade\u00a0de G\u00eanero\u00a0e\u00a0Ra\u00e7a\u201d. O objetivo do programa, segundo as pastas, \u00e9 incentivar a igualdade em acesso, remunera\u00e7\u00e3o, ascens\u00e3o\u00a0e\u00a0perman\u00eancia no emprego, al\u00e9m de ampliar a participa\u00e7\u00e3o [&hellip;]<\/p>\n","protected":false},"author":1,"featured_media":15881,"comment_status":"closed","ping_status":"closed","sticky":false,"template":"","format":"standard","meta":{"_monsterinsights_skip_tracking":false,"_monsterinsights_sitenote_active":false,"_monsterinsights_sitenote_note":"","_monsterinsights_sitenote_category":0,"footnotes":""},"categories":[7250,1,7],"tags":[242,8924,8923,8925,8926,8928,8927,5331,8929,16,5161,8931,6248,8930,8838,7467,8932,1396],"class_list":["post-15880","post","type-post","status-publish","format-standard","has-post-thumbnail","hentry","category-destaque-lista","category-geral","category-infratransporte","tag-anac","tag-anielle-franco","tag-cida-goncalves","tag-equidade-de-genero","tag-formacao-profissional","tag-igualdade-racial","tag-inclusao-social","tag-infraestrutura-de-transportes","tag-ministerio-da-educacao","tag-ministerio-dos-transportes","tag-politicas-publicas","tag-programa-pro-equidade-de-genero-e-raca","tag-renan-filho","tag-setor-de-aviacao","tag-sheyla-santos","tag-silvio-costa-filho","tag-treinamento-profissional","tag-viviane-esse"],"yoast_head":"<!-- This site is optimized with the Yoast SEO Premium plugin v25.4 (Yoast SEO v26.0) - https:\/\/yoast.com\/wordpress\/plugins\/seo\/ -->\n<title>Minist\u00e9rio dos Transportes e setor de avia\u00e7\u00e3o realizam iniciativas de fomento \u00e0 inclus\u00e3o e equidade - Ag\u00eancia iNFRA<\/title>\n<meta name=\"robots\" content=\"index, follow, max-snippet:-1, max-image-preview:large, max-video-preview:-1\" \/>\n<link rel=\"canonical\" href=\"https:\/\/agenciainfra.com\/blog\/ministerio-dos-transportes-e-setor-de-aviacao-realizam-iniciativas-de-fomento-a-inclusao-e-equidade\/\" \/>\n<meta property=\"og:locale\" content=\"pt_BR\" \/>\n<meta property=\"og:type\" content=\"article\" \/>\n<meta property=\"og:title\" content=\"Minist\u00e9rio dos Transportes e setor de avia\u00e7\u00e3o realizam iniciativas de fomento \u00e0 inclus\u00e3o e equidade\" \/>\n<meta property=\"og:description\" content=\"Sheyla Santos, da Ag\u00eancia iNFRA O\u00a0Minist\u00e9rio\u00a0dos\u00a0Transportes\u00a0e\u00a0o\u00a0setor\u00a0de\u00a0avia\u00e7\u00e3o\u00a0realizaram nesta quarta-feira (3) cerim\u00f4nias sobre\u00a0iniciativas\u00a0de\u00a0inclus\u00e3o\u00a0e\u00a0equidade. Pela manh\u00e3, o ministro da pasta, Renan Filho,\u00a0e\u00a0a ministra das Mulheres, Cida Gon\u00e7alves, assinaram um\u00a0protocolo de inten\u00e7\u00f5es\u00a0para promover o programa \u201cPr\u00f3-Equidade\u00a0de G\u00eanero\u00a0e\u00a0Ra\u00e7a\u201d. O objetivo do programa, segundo as pastas, \u00e9 incentivar a igualdade em acesso, remunera\u00e7\u00e3o, ascens\u00e3o\u00a0e\u00a0perman\u00eancia no emprego, al\u00e9m de ampliar a participa\u00e7\u00e3o [&hellip;]\" \/>\n<meta property=\"og:url\" content=\"https:\/\/agenciainfra.com\/blog\/ministerio-dos-transportes-e-setor-de-aviacao-realizam-iniciativas-de-fomento-a-inclusao-e-equidade\/\" \/>\n<meta property=\"og:site_name\" content=\"Ag\u00eancia iNFRA\" \/>\n<meta property=\"article:publisher\" content=\"https:\/\/www.facebook.com\/ageninfra\" \/>\n<meta property=\"article:published_time\" content=\"2024-04-04T14:00:00+00:00\" \/>\n<meta property=\"article:modified_time\" content=\"2026-03-13T12:41:54+00:00\" \/>\n<meta property=\"og:image\" content=\"https:\/\/agenciainfra.com\/blog\/wp-content\/uploads\/2024\/04\/assinatura-equidade-asas-para-todos-foto-agencia-brasil-valter-campanato.jpg\" \/>\n\t<meta property=\"og:image:width\" content=\"1202\" \/>\n\t<meta property=\"og:image:height\" content=\"801\" \/>\n\t<meta property=\"og:image:type\" content=\"image\/jpeg\" \/>\n<meta name=\"author\" content=\"Ag\u00eancia iNFRA\" \/>\n<meta name=\"twitter:card\" content=\"summary_large_image\" \/>\n<meta name=\"twitter:creator\" content=\"@agencia_infra\" \/>\n<meta name=\"twitter:site\" content=\"@agencia_infra\" \/>\n<meta name=\"twitter:label1\" content=\"Escrito por\" \/>\n\t<meta name=\"twitter:data1\" content=\"Ag\u00eancia iNFRA\" \/>\n\t<meta name=\"twitter:label2\" content=\"Est. tempo de leitura\" \/>\n\t<meta name=\"twitter:data2\" content=\"4 minutos\" \/>\n<script type=\"application\/ld+json\" class=\"yoast-schema-graph\">{\"@context\":\"https:\/\/schema.org\",\"@graph\":[{\"@type\":\"Article\",\"@id\":\"https:\/\/agenciainfra.com\/blog\/ministerio-dos-transportes-e-setor-de-aviacao-realizam-iniciativas-de-fomento-a-inclusao-e-equidade\/#article\",\"isPartOf\":{\"@id\":\"https:\/\/agenciainfra.com\/blog\/ministerio-dos-transportes-e-setor-de-aviacao-realizam-iniciativas-de-fomento-a-inclusao-e-equidade\/\"},\"author\":{\"name\":\"Ag\u00eancia iNFRA\",\"@id\":\"https:\/\/agenciainfra.com\/blog\/#\/schema\/person\/34af08dff6adea4cb22b06612ba7acfa\"},\"headline\":\"Minist\u00e9rio dos Transportes e setor de avia\u00e7\u00e3o realizam iniciativas de fomento \u00e0 inclus\u00e3o e equidade\",\"datePublished\":\"2024-04-04T14:00:00+00:00\",\"dateModified\":\"2026-03-13T12:41:54+00:00\",\"mainEntityOfPage\":{\"@id\":\"https:\/\/agenciainfra.com\/blog\/ministerio-dos-transportes-e-setor-de-aviacao-realizam-iniciativas-de-fomento-a-inclusao-e-equidade\/\"},\"wordCount\":905,\"publisher\":{\"@id\":\"https:\/\/agenciainfra.com\/blog\/#organization\"},\"image\":{\"@id\":\"https:\/\/agenciainfra.com\/blog\/ministerio-dos-transportes-e-setor-de-aviacao-realizam-iniciativas-de-fomento-a-inclusao-e-equidade\/#primaryimage\"},\"thumbnailUrl\":\"https:\/\/agenciainfra.com\/blog\/wp-content\/uploads\/2024\/04\/assinatura-equidade-asas-para-todos-foto-agencia-brasil-valter-campanato.jpg\",\"keywords\":[\"ANAC\",\"Anielle Franco\",\"Cida Gon\u00e7alves\",\"Equidade de g\u00eanero\",\"Forma\u00e7\u00e3o profissional\",\"Igualdade racial\",\"Inclus\u00e3o social\",\"infraestrutura de transportes\",\"Minist\u00e9rio da Educa\u00e7\u00e3o\",\"minist\u00e9rio dos transportes\",\"pol\u00edticas p\u00fablicas\",\"Programa Pr\u00f3-Equidade de G\u00eanero e Ra\u00e7a\",\"Renan Filho\",\"Setor de avia\u00e7\u00e3o\",\"Sheyla Santos\",\"Silvio Costa Filho\",\"Treinamento profissional\",\"Viviane Esse\"],\"articleSection\":[\"Destaque lista\",\"Geral\",\"iNFRATransporte\"],\"inLanguage\":\"pt-BR\",\"copyrightYear\":\"2024\",\"copyrightHolder\":{\"@id\":\"https:\/\/agenciainfra.com\/blog\/#organization\"}},{\"@type\":\"WebPage\",\"@id\":\"https:\/\/agenciainfra.com\/blog\/ministerio-dos-transportes-e-setor-de-aviacao-realizam-iniciativas-de-fomento-a-inclusao-e-equidade\/\",\"url\":\"https:\/\/agenciainfra.com\/blog\/ministerio-dos-transportes-e-setor-de-aviacao-realizam-iniciativas-de-fomento-a-inclusao-e-equidade\/\",\"name\":\"Minist\u00e9rio dos Transportes e setor de avia\u00e7\u00e3o realizam iniciativas de fomento \u00e0 inclus\u00e3o e equidade - Ag\u00eancia iNFRA\",\"isPartOf\":{\"@id\":\"https:\/\/agenciainfra.com\/blog\/#website\"},\"primaryImageOfPage\":{\"@id\":\"https:\/\/agenciainfra.com\/blog\/ministerio-dos-transportes-e-setor-de-aviacao-realizam-iniciativas-de-fomento-a-inclusao-e-equidade\/#primaryimage\"},\"image\":{\"@id\":\"https:\/\/agenciainfra.com\/blog\/ministerio-dos-transportes-e-setor-de-aviacao-realizam-iniciativas-de-fomento-a-inclusao-e-equidade\/#primaryimage\"},\"thumbnailUrl\":\"https:\/\/agenciainfra.com\/blog\/wp-content\/uploads\/2024\/04\/assinatura-equidade-asas-para-todos-foto-agencia-brasil-valter-campanato.jpg\",\"datePublished\":\"2024-04-04T14:00:00+00:00\",\"dateModified\":\"2026-03-13T12:41:54+00:00\",\"breadcrumb\":{\"@id\":\"https:\/\/agenciainfra.com\/blog\/ministerio-dos-transportes-e-setor-de-aviacao-realizam-iniciativas-de-fomento-a-inclusao-e-equidade\/#breadcrumb\"},\"inLanguage\":\"pt-BR\",\"potentialAction\":[{\"@type\":\"ReadAction\",\"target\":[\"https:\/\/agenciainfra.com\/blog\/ministerio-dos-transportes-e-setor-de-aviacao-realizam-iniciativas-de-fomento-a-inclusao-e-equidade\/\"]}]},{\"@type\":\"ImageObject\",\"inLanguage\":\"pt-BR\",\"@id\":\"https:\/\/agenciainfra.com\/blog\/ministerio-dos-transportes-e-setor-de-aviacao-realizam-iniciativas-de-fomento-a-inclusao-e-equidade\/#primaryimage\",\"url\":\"https:\/\/agenciainfra.com\/blog\/wp-content\/uploads\/2024\/04\/assinatura-equidade-asas-para-todos-foto-agencia-brasil-valter-campanato.jpg\",\"contentUrl\":\"https:\/\/agenciainfra.com\/blog\/wp-content\/uploads\/2024\/04\/assinatura-equidade-asas-para-todos-foto-agencia-brasil-valter-campanato.jpg\",\"width\":1202,\"height\":801},{\"@type\":\"BreadcrumbList\",\"@id\":\"https:\/\/agenciainfra.com\/blog\/ministerio-dos-transportes-e-setor-de-aviacao-realizam-iniciativas-de-fomento-a-inclusao-e-equidade\/#breadcrumb\",\"itemListElement\":[{\"@type\":\"ListItem\",\"position\":1,\"name\":\"In\u00edcio\",\"item\":\"https:\/\/agenciainfra.com\/blog\/\"},{\"@type\":\"ListItem\",\"position\":2,\"name\":\"Minist\u00e9rio dos Transportes e setor de avia\u00e7\u00e3o realizam iniciativas de fomento \u00e0 inclus\u00e3o e equidade\"}]},{\"@type\":\"WebSite\",\"@id\":\"https:\/\/agenciainfra.com\/blog\/#website\",\"url\":\"https:\/\/agenciainfra.com\/blog\/\",\"name\":\"Ag\u00eancia iNFRA\",\"description\":\"Multiplataforma de informa\u00e7\u00e3o jornal\u00edstica refer\u00eancia na \u00e1rea de infraestrutura no Brasil!\",\"publisher\":{\"@id\":\"https:\/\/agenciainfra.com\/blog\/#organization\"},\"potentialAction\":[{\"@type\":\"SearchAction\",\"target\":{\"@type\":\"EntryPoint\",\"urlTemplate\":\"https:\/\/agenciainfra.com\/blog\/?s={search_term_string}\"},\"query-input\":{\"@type\":\"PropertyValueSpecification\",\"valueRequired\":true,\"valueName\":\"search_term_string\"}}],\"inLanguage\":\"pt-BR\"},{\"@type\":\"Organization\",\"@id\":\"https:\/\/agenciainfra.com\/blog\/#organization\",\"name\":\"Ag\u00eancia iNFRA\",\"url\":\"https:\/\/agenciainfra.com\/blog\/\",\"logo\":{\"@type\":\"ImageObject\",\"inLanguage\":\"pt-BR\",\"@id\":\"https:\/\/agenciainfra.com\/blog\/#\/schema\/logo\/image\/\",\"url\":\"https:\/\/agenciainfra.com\/blog\/wp-content\/uploads\/2023\/09\/iNFRA_5-e1761735885940.png\",\"contentUrl\":\"https:\/\/agenciainfra.com\/blog\/wp-content\/uploads\/2023\/09\/iNFRA_5-e1761735885940.png\",\"width\":1672,\"height\":454,\"caption\":\"Ag\u00eancia iNFRA\"},\"image\":{\"@id\":\"https:\/\/agenciainfra.com\/blog\/#\/schema\/logo\/image\/\"},\"sameAs\":[\"https:\/\/www.facebook.com\/ageninfra\",\"https:\/\/x.com\/agencia_infra\",\"https:\/\/www.linkedin.com\/company\/ag\u00eanciainfra\/\",\"https:\/\/www.instagram.com\/agenciainfra\/\"]},{\"@type\":\"Person\",\"@id\":\"https:\/\/agenciainfra.com\/blog\/#\/schema\/person\/34af08dff6adea4cb22b06612ba7acfa\",\"name\":\"Ag\u00eancia iNFRA\",\"image\":{\"@type\":\"ImageObject\",\"inLanguage\":\"pt-BR\",\"@id\":\"https:\/\/agenciainfra.com\/blog\/#\/schema\/person\/image\/\",\"url\":\"https:\/\/secure.gravatar.com\/avatar\/d189e01678f06d8eb84d4e01f08eb848b3fffe3f8443818d3c356c66892f5be8?s=96&d=mm&r=g\",\"contentUrl\":\"https:\/\/secure.gravatar.com\/avatar\/d189e01678f06d8eb84d4e01f08eb848b3fffe3f8443818d3c356c66892f5be8?s=96&d=mm&r=g\",\"caption\":\"Ag\u00eancia iNFRA\"},\"url\":\"https:\/\/agenciainfra.com\/blog\/author\/admin\/\"}]}<\/script>\n<!-- \/ Yoast SEO Premium plugin. -->","yoast_head_json":{"title":"Minist\u00e9rio dos Transportes e setor de avia\u00e7\u00e3o realizam iniciativas de fomento \u00e0 inclus\u00e3o e equidade - Ag\u00eancia iNFRA","robots":{"index":"index","follow":"follow","max-snippet":"max-snippet:-1","max-image-preview":"max-image-preview:large","max-video-preview":"max-video-preview:-1"},"canonical":"https:\/\/agenciainfra.com\/blog\/ministerio-dos-transportes-e-setor-de-aviacao-realizam-iniciativas-de-fomento-a-inclusao-e-equidade\/","og_locale":"pt_BR","og_type":"article","og_title":"Minist\u00e9rio dos Transportes e setor de avia\u00e7\u00e3o realizam iniciativas de fomento \u00e0 inclus\u00e3o e equidade","og_description":"Sheyla Santos, da Ag\u00eancia iNFRA O\u00a0Minist\u00e9rio\u00a0dos\u00a0Transportes\u00a0e\u00a0o\u00a0setor\u00a0de\u00a0avia\u00e7\u00e3o\u00a0realizaram nesta quarta-feira (3) cerim\u00f4nias sobre\u00a0iniciativas\u00a0de\u00a0inclus\u00e3o\u00a0e\u00a0equidade. Pela manh\u00e3, o ministro da pasta, Renan Filho,\u00a0e\u00a0a ministra das Mulheres, Cida Gon\u00e7alves, assinaram um\u00a0protocolo de inten\u00e7\u00f5es\u00a0para promover o programa \u201cPr\u00f3-Equidade\u00a0de G\u00eanero\u00a0e\u00a0Ra\u00e7a\u201d. O objetivo do programa, segundo as pastas, \u00e9 incentivar a igualdade em acesso, remunera\u00e7\u00e3o, ascens\u00e3o\u00a0e\u00a0perman\u00eancia no emprego, al\u00e9m de ampliar a participa\u00e7\u00e3o [&hellip;]","og_url":"https:\/\/agenciainfra.com\/blog\/ministerio-dos-transportes-e-setor-de-aviacao-realizam-iniciativas-de-fomento-a-inclusao-e-equidade\/","og_site_name":"Ag\u00eancia iNFRA","article_publisher":"https:\/\/www.facebook.com\/ageninfra","article_published_time":"2024-04-04T14:00:00+00:00","article_modified_time":"2026-03-13T12:41:54+00:00","og_image":[{"width":1202,"height":801,"url":"https:\/\/agenciainfra.com\/blog\/wp-content\/uploads\/2024\/04\/assinatura-equidade-asas-para-todos-foto-agencia-brasil-valter-campanato.jpg","type":"image\/jpeg"}],"author":"Ag\u00eancia iNFRA","twitter_card":"summary_large_image","twitter_creator":"@agencia_infra","twitter_site":"@agencia_infra","twitter_misc":{"Escrito por":"Ag\u00eancia iNFRA","Est. tempo de leitura":"4 minutos"},"schema":{"@context":"https:\/\/schema.org","@graph":[{"@type":"Article","@id":"https:\/\/agenciainfra.com\/blog\/ministerio-dos-transportes-e-setor-de-aviacao-realizam-iniciativas-de-fomento-a-inclusao-e-equidade\/#article","isPartOf":{"@id":"https:\/\/agenciainfra.com\/blog\/ministerio-dos-transportes-e-setor-de-aviacao-realizam-iniciativas-de-fomento-a-inclusao-e-equidade\/"},"author":{"name":"Ag\u00eancia iNFRA","@id":"https:\/\/agenciainfra.com\/blog\/#\/schema\/person\/34af08dff6adea4cb22b06612ba7acfa"},"headline":"Minist\u00e9rio dos Transportes e setor de avia\u00e7\u00e3o realizam iniciativas de fomento \u00e0 inclus\u00e3o e equidade","datePublished":"2024-04-04T14:00:00+00:00","dateModified":"2026-03-13T12:41:54+00:00","mainEntityOfPage":{"@id":"https:\/\/agenciainfra.com\/blog\/ministerio-dos-transportes-e-setor-de-aviacao-realizam-iniciativas-de-fomento-a-inclusao-e-equidade\/"},"wordCount":905,"publisher":{"@id":"https:\/\/agenciainfra.com\/blog\/#organization"},"image":{"@id":"https:\/\/agenciainfra.com\/blog\/ministerio-dos-transportes-e-setor-de-aviacao-realizam-iniciativas-de-fomento-a-inclusao-e-equidade\/#primaryimage"},"thumbnailUrl":"https:\/\/agenciainfra.com\/blog\/wp-content\/uploads\/2024\/04\/assinatura-equidade-asas-para-todos-foto-agencia-brasil-valter-campanato.jpg","keywords":["ANAC","Anielle Franco","Cida Gon\u00e7alves","Equidade de g\u00eanero","Forma\u00e7\u00e3o profissional","Igualdade racial","Inclus\u00e3o social","infraestrutura de transportes","Minist\u00e9rio da Educa\u00e7\u00e3o","minist\u00e9rio dos transportes","pol\u00edticas p\u00fablicas","Programa Pr\u00f3-Equidade de G\u00eanero e Ra\u00e7a","Renan Filho","Setor de avia\u00e7\u00e3o","Sheyla Santos","Silvio Costa Filho","Treinamento profissional","Viviane Esse"],"articleSection":["Destaque lista","Geral","iNFRATransporte"],"inLanguage":"pt-BR","copyrightYear":"2024","copyrightHolder":{"@id":"https:\/\/agenciainfra.com\/blog\/#organization"}},{"@type":"WebPage","@id":"https:\/\/agenciainfra.com\/blog\/ministerio-dos-transportes-e-setor-de-aviacao-realizam-iniciativas-de-fomento-a-inclusao-e-equidade\/","url":"https:\/\/agenciainfra.com\/blog\/ministerio-dos-transportes-e-setor-de-aviacao-realizam-iniciativas-de-fomento-a-inclusao-e-equidade\/","name":"Minist\u00e9rio dos Transportes e setor de avia\u00e7\u00e3o realizam iniciativas de fomento \u00e0 inclus\u00e3o e equidade - Ag\u00eancia iNFRA","isPartOf":{"@id":"https:\/\/agenciainfra.com\/blog\/#website"},"primaryImageOfPage":{"@id":"https:\/\/agenciainfra.com\/blog\/ministerio-dos-transportes-e-setor-de-aviacao-realizam-iniciativas-de-fomento-a-inclusao-e-equidade\/#primaryimage"},"image":{"@id":"https:\/\/agenciainfra.com\/blog\/ministerio-dos-transportes-e-setor-de-aviacao-realizam-iniciativas-de-fomento-a-inclusao-e-equidade\/#primaryimage"},"thumbnailUrl":"https:\/\/agenciainfra.com\/blog\/wp-content\/uploads\/2024\/04\/assinatura-equidade-asas-para-todos-foto-agencia-brasil-valter-campanato.jpg","datePublished":"2024-04-04T14:00:00+00:00","dateModified":"2026-03-13T12:41:54+00:00","breadcrumb":{"@id":"https:\/\/agenciainfra.com\/blog\/ministerio-dos-transportes-e-setor-de-aviacao-realizam-iniciativas-de-fomento-a-inclusao-e-equidade\/#breadcrumb"},"inLanguage":"pt-BR","potentialAction":[{"@type":"ReadAction","target":["https:\/\/agenciainfra.com\/blog\/ministerio-dos-transportes-e-setor-de-aviacao-realizam-iniciativas-de-fomento-a-inclusao-e-equidade\/"]}]},{"@type":"ImageObject","inLanguage":"pt-BR","@id":"https:\/\/agenciainfra.com\/blog\/ministerio-dos-transportes-e-setor-de-aviacao-realizam-iniciativas-de-fomento-a-inclusao-e-equidade\/#primaryimage","url":"https:\/\/agenciainfra.com\/blog\/wp-content\/uploads\/2024\/04\/assinatura-equidade-asas-para-todos-foto-agencia-brasil-valter-campanato.jpg","contentUrl":"https:\/\/agenciainfra.com\/blog\/wp-content\/uploads\/2024\/04\/assinatura-equidade-asas-para-todos-foto-agencia-brasil-valter-campanato.jpg","width":1202,"height":801},{"@type":"BreadcrumbList","@id":"https:\/\/agenciainfra.com\/blog\/ministerio-dos-transportes-e-setor-de-aviacao-realizam-iniciativas-de-fomento-a-inclusao-e-equidade\/#breadcrumb","itemListElement":[{"@type":"ListItem","position":1,"name":"In\u00edcio","item":"https:\/\/agenciainfra.com\/blog\/"},{"@type":"ListItem","position":2,"name":"Minist\u00e9rio dos Transportes e setor de avia\u00e7\u00e3o realizam iniciativas de fomento \u00e0 inclus\u00e3o e equidade"}]},{"@type":"WebSite","@id":"https:\/\/agenciainfra.com\/blog\/#website","url":"https:\/\/agenciainfra.com\/blog\/","name":"Ag\u00eancia iNFRA","description":"Multiplataforma de informa\u00e7\u00e3o jornal\u00edstica refer\u00eancia na \u00e1rea de infraestrutura no Brasil!","publisher":{"@id":"https:\/\/agenciainfra.com\/blog\/#organization"},"potentialAction":[{"@type":"SearchAction","target":{"@type":"EntryPoint","urlTemplate":"https:\/\/agenciainfra.com\/blog\/?s={search_term_string}"},"query-input":{"@type":"PropertyValueSpecification","valueRequired":true,"valueName":"search_term_string"}}],"inLanguage":"pt-BR"},{"@type":"Organization","@id":"https:\/\/agenciainfra.com\/blog\/#organization","name":"Ag\u00eancia iNFRA","url":"https:\/\/agenciainfra.com\/blog\/","logo":{"@type":"ImageObject","inLanguage":"pt-BR","@id":"https:\/\/agenciainfra.com\/blog\/#\/schema\/logo\/image\/","url":"https:\/\/agenciainfra.com\/blog\/wp-content\/uploads\/2023\/09\/iNFRA_5-e1761735885940.png","contentUrl":"https:\/\/agenciainfra.com\/blog\/wp-content\/uploads\/2023\/09\/iNFRA_5-e1761735885940.png","width":1672,"height":454,"caption":"Ag\u00eancia iNFRA"},"image":{"@id":"https:\/\/agenciainfra.com\/blog\/#\/schema\/logo\/image\/"},"sameAs":["https:\/\/www.facebook.com\/ageninfra","https:\/\/x.com\/agencia_infra","https:\/\/www.linkedin.com\/company\/ag\u00eanciainfra\/","https:\/\/www.instagram.com\/agenciainfra\/"]},{"@type":"Person","@id":"https:\/\/agenciainfra.com\/blog\/#\/schema\/person\/34af08dff6adea4cb22b06612ba7acfa","name":"Ag\u00eancia iNFRA","image":{"@type":"ImageObject","inLanguage":"pt-BR","@id":"https:\/\/agenciainfra.com\/blog\/#\/schema\/person\/image\/","url":"https:\/\/secure.gravatar.com\/avatar\/d189e01678f06d8eb84d4e01f08eb848b3fffe3f8443818d3c356c66892f5be8?s=96&d=mm&r=g","contentUrl":"https:\/\/secure.gravatar.com\/avatar\/d189e01678f06d8eb84d4e01f08eb848b3fffe3f8443818d3c356c66892f5be8?s=96&d=mm&r=g","caption":"Ag\u00eancia iNFRA"},"url":"https:\/\/agenciainfra.com\/blog\/author\/admin\/"}]}},"_links":{"self":[{"href":"https:\/\/agenciainfra.com\/blog\/wp-json\/wp\/v2\/posts\/15880","targetHints":{"allow":["GET"]}}],"collection":[{"href":"https:\/\/agenciainfra.com\/blog\/wp-json\/wp\/v2\/posts"}],"about":[{"href":"https:\/\/agenciainfra.com\/blog\/wp-json\/wp\/v2\/types\/post"}],"author":[{"embeddable":true,"href":"https:\/\/agenciainfra.com\/blog\/wp-json\/wp\/v2\/users\/1"}],"replies":[{"embeddable":true,"href":"https:\/\/agenciainfra.com\/blog\/wp-json\/wp\/v2\/comments?post=15880"}],"version-history":[{"count":1,"href":"https:\/\/agenciainfra.com\/blog\/wp-json\/wp\/v2\/posts\/15880\/revisions"}],"predecessor-version":[{"id":15883,"href":"https:\/\/agenciainfra.com\/blog\/wp-json\/wp\/v2\/posts\/15880\/revisions\/15883"}],"wp:featuredmedia":[{"embeddable":true,"href":"https:\/\/agenciainfra.com\/blog\/wp-json\/wp\/v2\/media\/15881"}],"wp:attachment":[{"href":"https:\/\/agenciainfra.com\/blog\/wp-json\/wp\/v2\/media?parent=15880"}],"wp:term":[{"taxonomy":"category","embeddable":true,"href":"https:\/\/agenciainfra.com\/blog\/wp-json\/wp\/v2\/categories?post=15880"},{"taxonomy":"post_tag","embeddable":true,"href":"https:\/\/agenciainfra.com\/blog\/wp-json\/wp\/v2\/tags?post=15880"}],"curies":[{"name":"wp","href":"https:\/\/api.w.org\/{rel}","templated":true}]}}