{"id":15886,"date":"2024-04-05T10:00:00","date_gmt":"2024-04-05T13:00:00","guid":{"rendered":"https:\/\/agenciainfra.com\/blog\/?p=15886"},"modified":"2026-03-13T09:41:53","modified_gmt":"2026-03-13T12:41:53","slug":"concessao-de-canal-de-acesso-de-paranagua-deve-ir-ao-tcu-para-analise-sobre-inclusao-de-trecho-diz-diretor-da-antaq","status":"publish","type":"post","link":"https:\/\/agenciainfra.com\/blog\/concessao-de-canal-de-acesso-de-paranagua-deve-ir-ao-tcu-para-analise-sobre-inclusao-de-trecho-diz-diretor-da-antaq\/","title":{"rendered":"Concess\u00e3o de canal de acesso de Paranagu\u00e1 deve ir ao TCU para analisar inclus\u00e3o de trecho, diz diretor da ANTAQ"},"content":{"rendered":"\n<p class=\"has-text-align-right\"><strong>Dimmi Amora,&nbsp;da&nbsp;Ag\u00eancia iNFRA<\/strong><\/p>\n\n\n\n<p>A primeira&nbsp;concess\u00e3o&nbsp;de um&nbsp;canal&nbsp;de&nbsp;acesso&nbsp;portu\u00e1rio no pa\u00eds, em&nbsp;Paranagu\u00e1&nbsp;(PR), est\u00e1 em fase final de&nbsp;an\u00e1lise&nbsp;das contribui\u00e7\u00f5es apresentadas durante a audi\u00eancia p\u00fablica realizada no ano passado e depende de um tema espec\u00edfico&nbsp;para&nbsp;seguir&nbsp;para&nbsp;a etapa seguinte do processo, que \u00e9 o envio dos estudos de viabilidade&nbsp;para&nbsp;an\u00e1lise&nbsp;pr\u00e9via do&nbsp;TCU&nbsp;(Tribunal de Contas&nbsp;da&nbsp;Uni\u00e3o).<br><br>De acordo com o&nbsp;diretor-geral&nbsp;da&nbsp;ANTAQ&nbsp;(Ag\u00eancia Nacional de Transportes Aquavi\u00e1rios), Eduardo Nery, a dragagem do&nbsp;canal&nbsp;que leva&nbsp;ao&nbsp;porto de Antonina, na mesma regi\u00e3o de&nbsp;Paranagu\u00e1, vai ter que ser equacionada junto&nbsp;ao&nbsp;TCU&nbsp;para&nbsp;que seja poss\u00edvel fechar o edital.<br><br>A ideia apresentada nos estudos \u00e9 que a dragagem desse&nbsp;trecho&nbsp;espec\u00edfico fique fora&nbsp;da&nbsp;concess\u00e3o&nbsp;de longo prazo (sendo feita provisoriamente pela concession\u00e1ria apenas no in\u00edcio) e fosse deixada&nbsp;para&nbsp;ser realizada pela autoridade portu\u00e1ria ou pelos terminais que operam nesta regi\u00e3o.<br><br>&#8220;A ideia \u00e9 deixar a dragagem de Antonina permanecer com a autoridade portu\u00e1ria. O porto de Antonina tem seu apelo social que tem que ser preservado, \u00e9 uma infraestrutura importante. Mas ela vai onerar muito a&nbsp;concess\u00e3o. \u00c9 uma quest\u00e3o de conta&#8221;, explicou Nery em entrevista \u00e0&nbsp;<strong>Ag\u00eancia iNFRA<\/strong>.<br><br>Nery explicou que j\u00e1 tramita no tribunal de contas um processo espec\u00edfico que trata do reequil\u00edbrio de um contrato de arrendamento no porto de Antonina que ter\u00e1 que ser analisado em conjunto com o processo de&nbsp;concess\u00e3o&nbsp;do&nbsp;canal&nbsp;de&nbsp;Paranagu\u00e1. O&nbsp;diretor&nbsp;acredita que os dois processos possam caminhar juntos&nbsp;para&nbsp;se chegar a uma solu\u00e7\u00e3o comum.<br><br>Ainda segundo o&nbsp;diretor&nbsp;da&nbsp;ag\u00eancia, a proposta&nbsp;da&nbsp;concess\u00e3o&nbsp;do&nbsp;canal&nbsp;de&nbsp;Paranagu\u00e1, no geral, teve uma boa recep\u00e7\u00e3o do mercado, e os ajustes que ser\u00e3o feitos a partir das contribui\u00e7\u00f5es n\u00e3o devem levar a outras grandes altera\u00e7\u00f5es na modelagem que est\u00e1 proposta.<br><br><strong>Ajustes<\/strong><br>Durante a sess\u00e3o presencial&nbsp;da&nbsp;audi\u00eancia p\u00fablica realizada pela&nbsp;ANTAQ&nbsp;sobre&nbsp;a&nbsp;concess\u00e3o&nbsp;do&nbsp;canal, o tema de Antonina foi apresentado, mas n\u00e3o dominou as apresenta\u00e7\u00f5es dos participantes, que ficaram focadas no pre\u00e7o das tarifas e na sustentabilidade&nbsp;da&nbsp;estatal que administra os portos, conforme mostrou&nbsp;<a href=\"https:\/\/agenciainfra.us14.list-manage.com\/track\/click?u=d460dd1bcf9ba0ae040e1fc0f&amp;id=155cff890f&amp;e=f0fa444791\" target=\"_blank\" rel=\"noreferrer noopener\">reportagem<\/a>&nbsp;da&nbsp;<strong>Ag\u00eancia iNFRA<\/strong>.<br><br>O&nbsp;diretor-presidente&nbsp;da&nbsp;Appa (Administra\u00e7\u00e3o dos Portos de&nbsp;Paranagu\u00e1&nbsp;e Antonina), Luiz Fernando Garcia, afirmou que est\u00e3o sendo feitos ajustes t\u00e9cnicos em par\u00e2metros&nbsp;da&nbsp;concess\u00e3o, a partir&nbsp;da&nbsp;an\u00e1lise&nbsp;das mais de 400&nbsp;sugest\u00f5es apresentadas,&nbsp;para&nbsp;aprimorar a proposta que vai&nbsp;ao&nbsp;TCU, que ela acredita que ser\u00e1 poss\u00edvel encaminhar&nbsp;ao&nbsp;\u00f3rg\u00e3o at\u00e9 maio.<br><br><strong>Aprovado em 2021 no PPI<\/strong><br>O projeto&nbsp;da&nbsp;concess\u00e3o&nbsp;do&nbsp;Canal&nbsp;de&nbsp;Paranagu\u00e1&nbsp;foi inclu\u00eddo no PPI (Programa de Parcerias de Investimentos) em 2021, conforme mostra&nbsp;<a href=\"https:\/\/agenciainfra.us14.list-manage.com\/track\/click?u=d460dd1bcf9ba0ae040e1fc0f&amp;id=4e6646d823&amp;e=f0fa444791\" target=\"_blank\" rel=\"noreferrer noopener\">reportagem<\/a>. A ideia, na \u00e9poca, era que o modelo criado fosse uma esp\u00e9cie de&nbsp;<a href=\"https:\/\/agenciainfra.us14.list-manage.com\/track\/click?u=d460dd1bcf9ba0ae040e1fc0f&amp;id=ec03df061c&amp;e=f0fa444791\" target=\"_blank\" rel=\"noreferrer noopener\">piloto&nbsp;para&nbsp;outros projetos<\/a>&nbsp;do tipo no pa\u00eds, onde historicamente h\u00e1 dificuldades&nbsp;para&nbsp;a execu\u00e7\u00e3o de dragagens de aprofundamento e at\u00e9 mesmo de manuten\u00e7\u00e3o nos canais dos portos.<br><br>A expectativa agora, segundo o&nbsp;diretor-geral&nbsp;da&nbsp;ag\u00eancia, \u00e9 que o edital&nbsp;para&nbsp;a&nbsp;concess\u00e3o&nbsp;de&nbsp;Paranagu\u00e1&nbsp;seja publicado no fim deste ano, com leil\u00e3o no in\u00edcio de 2024. Em Itaja\u00ed (SC), onde a&nbsp;concess\u00e3o&nbsp;do&nbsp;canal&nbsp;e do terminal portu\u00e1rio devem ser feitas em conjunto, a expectativa tamb\u00e9m \u00e9 por um leil\u00e3o em 2025. J\u00e1 outras concess\u00f5es do tipo, como em Santos (SP), devem ficar&nbsp;para&nbsp;2026, de acordo com o plano apresentado pelo Minist\u00e9rio de Portos e Aeroportos no m\u00eas passado.<br><br><strong>Obras vitais&nbsp;para&nbsp;o futuro<\/strong><br>As obras de aprofundamento dos canais de&nbsp;acesso&nbsp;dos terminais portu\u00e1rios s\u00e3o consideradas no setor vitais&nbsp;para&nbsp;o funcionamento dessas unidades, diante&nbsp;da&nbsp;tend\u00eancia mundial de aumento do tamanho dos navios, o que exigir\u00e1 maior profundidade&nbsp;para&nbsp;que eles possam utilizar toda a sua capacidade de transportar carga.<br><br>Conforme mostrou&nbsp;<a href=\"https:\/\/agenciainfra.us14.list-manage.com\/track\/click?u=d460dd1bcf9ba0ae040e1fc0f&amp;id=c835b6a1e5&amp;e=f0fa444791\" target=\"_blank\" rel=\"noreferrer noopener\">reportagem<\/a>&nbsp;da&nbsp;<strong>Ag\u00eancia iNFRA&nbsp;<\/strong>do ano passado, os navios que podem operar no pa\u00eds, devido especialmente \u00e0 profundidade dos canais, s\u00e3o de uma gera\u00e7\u00e3o&nbsp;da&nbsp;d\u00e9cada de 2000, que as grandes companhias internacionais de navega\u00e7\u00e3o j\u00e1 consideram ultrapassados.<br><br>Tem havido tentativas de operar com navios de maior porte no pa\u00eds neste ano, mas s\u00e3o opera\u00e7\u00f5es consideradas experimentais, que ainda n\u00e3o conseguem se viabilizar comercialmente devido \u00e0 necessidade de fazer manobras complexas e demoradas; e tamb\u00e9m pela pouca carga que os grandes navios podem operar devido \u00e0 profundidade dos canais.<\/p>\n","protected":false},"excerpt":{"rendered":"<p>Dimmi Amora,&nbsp;da&nbsp;Ag\u00eancia iNFRA A primeira&nbsp;concess\u00e3o&nbsp;de um&nbsp;canal&nbsp;de&nbsp;acesso&nbsp;portu\u00e1rio no pa\u00eds, em&nbsp;Paranagu\u00e1&nbsp;(PR), est\u00e1 em fase final de&nbsp;an\u00e1lise&nbsp;das contribui\u00e7\u00f5es apresentadas durante a audi\u00eancia p\u00fablica realizada no ano passado e depende de um tema espec\u00edfico&nbsp;para&nbsp;seguir&nbsp;para&nbsp;a etapa seguinte do processo, que \u00e9 o envio dos estudos de viabilidade&nbsp;para&nbsp;an\u00e1lise&nbsp;pr\u00e9via do&nbsp;TCU&nbsp;(Tribunal de Contas&nbsp;da&nbsp;Uni\u00e3o). De acordo com o&nbsp;diretor-geral&nbsp;da&nbsp;ANTAQ&nbsp;(Ag\u00eancia Nacional de Transportes Aquavi\u00e1rios), Eduardo Nery, [&hellip;]<\/p>\n","protected":false},"author":1,"featured_media":3531,"comment_status":"closed","ping_status":"closed","sticky":false,"template":"","format":"standard","meta":{"_monsterinsights_skip_tracking":false,"_monsterinsights_sitenote_active":false,"_monsterinsights_sitenote_note":"","_monsterinsights_sitenote_category":0,"footnotes":""},"categories":[7250,1,7],"tags":[86,4095,8939,8940,8943,555,2932,1726,8942,8938,6257,8941,36,927],"class_list":["post-15886","post","type-post","status-publish","format-standard","has-post-thumbnail","hentry","category-destaque-lista","category-geral","category-infratransporte","tag-antaq","tag-appa","tag-aprofundamento-de-canais","tag-canal-de-paranagua","tag-concessao-portuaria","tag-dragagem","tag-eduardo-nery","tag-infraestrutura-portuaria","tag-leiloes-de-concessao","tag-luiz-fernando-garcia","tag-ministerio-de-portos-e-aeroportos","tag-portos-brasileiros","tag-ppi","tag-tribunal-de-contas-da-uniao"],"yoast_head":"<!-- This site is optimized with the Yoast SEO Premium plugin v25.4 (Yoast SEO v26.0) - https:\/\/yoast.com\/wordpress\/plugins\/seo\/ -->\n<title>Concess\u00e3o de canal de acesso de Paranagu\u00e1 deve ir ao TCU para analisar inclus\u00e3o de trecho, diz diretor da ANTAQ - Ag\u00eancia iNFRA<\/title>\n<meta name=\"robots\" content=\"index, follow, max-snippet:-1, max-image-preview:large, max-video-preview:-1\" \/>\n<link rel=\"canonical\" href=\"https:\/\/agenciainfra.com\/blog\/concessao-de-canal-de-acesso-de-paranagua-deve-ir-ao-tcu-para-analise-sobre-inclusao-de-trecho-diz-diretor-da-antaq\/\" \/>\n<meta property=\"og:locale\" content=\"pt_BR\" \/>\n<meta property=\"og:type\" content=\"article\" \/>\n<meta property=\"og:title\" content=\"Concess\u00e3o de canal de acesso de Paranagu\u00e1 deve ir ao TCU para analisar inclus\u00e3o de trecho, diz diretor da ANTAQ\" \/>\n<meta property=\"og:description\" content=\"Dimmi Amora,&nbsp;da&nbsp;Ag\u00eancia iNFRA A primeira&nbsp;concess\u00e3o&nbsp;de um&nbsp;canal&nbsp;de&nbsp;acesso&nbsp;portu\u00e1rio no pa\u00eds, em&nbsp;Paranagu\u00e1&nbsp;(PR), est\u00e1 em fase final de&nbsp;an\u00e1lise&nbsp;das contribui\u00e7\u00f5es apresentadas durante a audi\u00eancia p\u00fablica realizada no ano passado e depende de um tema espec\u00edfico&nbsp;para&nbsp;seguir&nbsp;para&nbsp;a etapa seguinte do processo, que \u00e9 o envio dos estudos de viabilidade&nbsp;para&nbsp;an\u00e1lise&nbsp;pr\u00e9via do&nbsp;TCU&nbsp;(Tribunal de Contas&nbsp;da&nbsp;Uni\u00e3o). De acordo com o&nbsp;diretor-geral&nbsp;da&nbsp;ANTAQ&nbsp;(Ag\u00eancia Nacional de Transportes Aquavi\u00e1rios), Eduardo Nery, [&hellip;]\" \/>\n<meta property=\"og:url\" content=\"https:\/\/agenciainfra.com\/blog\/concessao-de-canal-de-acesso-de-paranagua-deve-ir-ao-tcu-para-analise-sobre-inclusao-de-trecho-diz-diretor-da-antaq\/\" \/>\n<meta property=\"og:site_name\" content=\"Ag\u00eancia iNFRA\" \/>\n<meta property=\"article:publisher\" content=\"https:\/\/www.facebook.com\/ageninfra\" \/>\n<meta property=\"article:published_time\" content=\"2024-04-05T13:00:00+00:00\" \/>\n<meta property=\"article:modified_time\" content=\"2026-03-13T12:41:53+00:00\" \/>\n<meta property=\"og:image\" content=\"https:\/\/agenciainfra.com\/blog\/wp-content\/uploads\/2019\/07\/porto-de-paranagua-foto-jose-fernando-ogura-anpr.jpg\" \/>\n\t<meta property=\"og:image:width\" content=\"3000\" \/>\n\t<meta property=\"og:image:height\" content=\"2000\" \/>\n\t<meta property=\"og:image:type\" content=\"image\/jpeg\" \/>\n<meta name=\"author\" content=\"Ag\u00eancia iNFRA\" \/>\n<meta name=\"twitter:card\" content=\"summary_large_image\" \/>\n<meta name=\"twitter:creator\" content=\"@agencia_infra\" \/>\n<meta name=\"twitter:site\" content=\"@agencia_infra\" \/>\n<meta name=\"twitter:label1\" content=\"Escrito por\" \/>\n\t<meta name=\"twitter:data1\" content=\"Ag\u00eancia iNFRA\" \/>\n\t<meta name=\"twitter:label2\" content=\"Est. tempo de leitura\" \/>\n\t<meta name=\"twitter:data2\" content=\"5 minutos\" \/>\n<script type=\"application\/ld+json\" class=\"yoast-schema-graph\">{\"@context\":\"https:\/\/schema.org\",\"@graph\":[{\"@type\":\"Article\",\"@id\":\"https:\/\/agenciainfra.com\/blog\/concessao-de-canal-de-acesso-de-paranagua-deve-ir-ao-tcu-para-analise-sobre-inclusao-de-trecho-diz-diretor-da-antaq\/#article\",\"isPartOf\":{\"@id\":\"https:\/\/agenciainfra.com\/blog\/concessao-de-canal-de-acesso-de-paranagua-deve-ir-ao-tcu-para-analise-sobre-inclusao-de-trecho-diz-diretor-da-antaq\/\"},\"author\":{\"name\":\"Ag\u00eancia iNFRA\",\"@id\":\"https:\/\/agenciainfra.com\/blog\/#\/schema\/person\/34af08dff6adea4cb22b06612ba7acfa\"},\"headline\":\"Concess\u00e3o de canal de acesso de Paranagu\u00e1 deve ir ao TCU para analisar inclus\u00e3o de trecho, diz diretor da ANTAQ\",\"datePublished\":\"2024-04-05T13:00:00+00:00\",\"dateModified\":\"2026-03-13T12:41:53+00:00\",\"mainEntityOfPage\":{\"@id\":\"https:\/\/agenciainfra.com\/blog\/concessao-de-canal-de-acesso-de-paranagua-deve-ir-ao-tcu-para-analise-sobre-inclusao-de-trecho-diz-diretor-da-antaq\/\"},\"wordCount\":933,\"publisher\":{\"@id\":\"https:\/\/agenciainfra.com\/blog\/#organization\"},\"image\":{\"@id\":\"https:\/\/agenciainfra.com\/blog\/concessao-de-canal-de-acesso-de-paranagua-deve-ir-ao-tcu-para-analise-sobre-inclusao-de-trecho-diz-diretor-da-antaq\/#primaryimage\"},\"thumbnailUrl\":\"https:\/\/agenciainfra.com\/blog\/wp-content\/uploads\/2019\/07\/porto-de-paranagua-foto-jose-fernando-ogura-anpr.jpg\",\"keywords\":[\"ANTAQ\",\"APPA\",\"Aprofundamento de canais\",\"Canal de Paranagu\u00e1\",\"Concess\u00e3o portu\u00e1ria\",\"dragagem.\",\"Eduardo Nery\",\"infraestrutura portu\u00e1ria\",\"Leil\u00f5es de concess\u00e3o\",\"Luiz Fernando Garcia\",\"Minist\u00e9rio de Portos e Aeroportos\",\"Portos brasileiros\",\"PPI\",\"Tribunal de Contas da Uni\u00e3o\"],\"articleSection\":[\"Destaque lista\",\"Geral\",\"iNFRATransporte\"],\"inLanguage\":\"pt-BR\",\"copyrightYear\":\"2024\",\"copyrightHolder\":{\"@id\":\"https:\/\/agenciainfra.com\/blog\/#organization\"}},{\"@type\":\"WebPage\",\"@id\":\"https:\/\/agenciainfra.com\/blog\/concessao-de-canal-de-acesso-de-paranagua-deve-ir-ao-tcu-para-analise-sobre-inclusao-de-trecho-diz-diretor-da-antaq\/\",\"url\":\"https:\/\/agenciainfra.com\/blog\/concessao-de-canal-de-acesso-de-paranagua-deve-ir-ao-tcu-para-analise-sobre-inclusao-de-trecho-diz-diretor-da-antaq\/\",\"name\":\"Concess\u00e3o de canal de acesso de Paranagu\u00e1 deve ir ao TCU para analisar inclus\u00e3o de trecho, diz diretor da ANTAQ - Ag\u00eancia iNFRA\",\"isPartOf\":{\"@id\":\"https:\/\/agenciainfra.com\/blog\/#website\"},\"primaryImageOfPage\":{\"@id\":\"https:\/\/agenciainfra.com\/blog\/concessao-de-canal-de-acesso-de-paranagua-deve-ir-ao-tcu-para-analise-sobre-inclusao-de-trecho-diz-diretor-da-antaq\/#primaryimage\"},\"image\":{\"@id\":\"https:\/\/agenciainfra.com\/blog\/concessao-de-canal-de-acesso-de-paranagua-deve-ir-ao-tcu-para-analise-sobre-inclusao-de-trecho-diz-diretor-da-antaq\/#primaryimage\"},\"thumbnailUrl\":\"https:\/\/agenciainfra.com\/blog\/wp-content\/uploads\/2019\/07\/porto-de-paranagua-foto-jose-fernando-ogura-anpr.jpg\",\"datePublished\":\"2024-04-05T13:00:00+00:00\",\"dateModified\":\"2026-03-13T12:41:53+00:00\",\"breadcrumb\":{\"@id\":\"https:\/\/agenciainfra.com\/blog\/concessao-de-canal-de-acesso-de-paranagua-deve-ir-ao-tcu-para-analise-sobre-inclusao-de-trecho-diz-diretor-da-antaq\/#breadcrumb\"},\"inLanguage\":\"pt-BR\",\"potentialAction\":[{\"@type\":\"ReadAction\",\"target\":[\"https:\/\/agenciainfra.com\/blog\/concessao-de-canal-de-acesso-de-paranagua-deve-ir-ao-tcu-para-analise-sobre-inclusao-de-trecho-diz-diretor-da-antaq\/\"]}]},{\"@type\":\"ImageObject\",\"inLanguage\":\"pt-BR\",\"@id\":\"https:\/\/agenciainfra.com\/blog\/concessao-de-canal-de-acesso-de-paranagua-deve-ir-ao-tcu-para-analise-sobre-inclusao-de-trecho-diz-diretor-da-antaq\/#primaryimage\",\"url\":\"https:\/\/agenciainfra.com\/blog\/wp-content\/uploads\/2019\/07\/porto-de-paranagua-foto-jose-fernando-ogura-anpr.jpg\",\"contentUrl\":\"https:\/\/agenciainfra.com\/blog\/wp-content\/uploads\/2019\/07\/porto-de-paranagua-foto-jose-fernando-ogura-anpr.jpg\",\"width\":3000,\"height\":2000,\"caption\":\"Foto: Jos\u00e9 Fernando Ogura\/ANPr\"},{\"@type\":\"BreadcrumbList\",\"@id\":\"https:\/\/agenciainfra.com\/blog\/concessao-de-canal-de-acesso-de-paranagua-deve-ir-ao-tcu-para-analise-sobre-inclusao-de-trecho-diz-diretor-da-antaq\/#breadcrumb\",\"itemListElement\":[{\"@type\":\"ListItem\",\"position\":1,\"name\":\"In\u00edcio\",\"item\":\"https:\/\/agenciainfra.com\/blog\/\"},{\"@type\":\"ListItem\",\"position\":2,\"name\":\"Concess\u00e3o de canal de acesso de Paranagu\u00e1 deve ir ao TCU para analisar inclus\u00e3o de trecho, diz diretor da ANTAQ\"}]},{\"@type\":\"WebSite\",\"@id\":\"https:\/\/agenciainfra.com\/blog\/#website\",\"url\":\"https:\/\/agenciainfra.com\/blog\/\",\"name\":\"Ag\u00eancia iNFRA\",\"description\":\"Multiplataforma de informa\u00e7\u00e3o jornal\u00edstica refer\u00eancia na \u00e1rea de infraestrutura no Brasil!\",\"publisher\":{\"@id\":\"https:\/\/agenciainfra.com\/blog\/#organization\"},\"potentialAction\":[{\"@type\":\"SearchAction\",\"target\":{\"@type\":\"EntryPoint\",\"urlTemplate\":\"https:\/\/agenciainfra.com\/blog\/?s={search_term_string}\"},\"query-input\":{\"@type\":\"PropertyValueSpecification\",\"valueRequired\":true,\"valueName\":\"search_term_string\"}}],\"inLanguage\":\"pt-BR\"},{\"@type\":\"Organization\",\"@id\":\"https:\/\/agenciainfra.com\/blog\/#organization\",\"name\":\"Ag\u00eancia iNFRA\",\"url\":\"https:\/\/agenciainfra.com\/blog\/\",\"logo\":{\"@type\":\"ImageObject\",\"inLanguage\":\"pt-BR\",\"@id\":\"https:\/\/agenciainfra.com\/blog\/#\/schema\/logo\/image\/\",\"url\":\"https:\/\/agenciainfra.com\/blog\/wp-content\/uploads\/2023\/09\/iNFRA_5-e1761735885940.png\",\"contentUrl\":\"https:\/\/agenciainfra.com\/blog\/wp-content\/uploads\/2023\/09\/iNFRA_5-e1761735885940.png\",\"width\":1672,\"height\":454,\"caption\":\"Ag\u00eancia iNFRA\"},\"image\":{\"@id\":\"https:\/\/agenciainfra.com\/blog\/#\/schema\/logo\/image\/\"},\"sameAs\":[\"https:\/\/www.facebook.com\/ageninfra\",\"https:\/\/x.com\/agencia_infra\",\"https:\/\/www.linkedin.com\/company\/ag\u00eanciainfra\/\",\"https:\/\/www.instagram.com\/agenciainfra\/\"]},{\"@type\":\"Person\",\"@id\":\"https:\/\/agenciainfra.com\/blog\/#\/schema\/person\/34af08dff6adea4cb22b06612ba7acfa\",\"name\":\"Ag\u00eancia iNFRA\",\"image\":{\"@type\":\"ImageObject\",\"inLanguage\":\"pt-BR\",\"@id\":\"https:\/\/agenciainfra.com\/blog\/#\/schema\/person\/image\/\",\"url\":\"https:\/\/secure.gravatar.com\/avatar\/d189e01678f06d8eb84d4e01f08eb848b3fffe3f8443818d3c356c66892f5be8?s=96&d=mm&r=g\",\"contentUrl\":\"https:\/\/secure.gravatar.com\/avatar\/d189e01678f06d8eb84d4e01f08eb848b3fffe3f8443818d3c356c66892f5be8?s=96&d=mm&r=g\",\"caption\":\"Ag\u00eancia iNFRA\"},\"url\":\"https:\/\/agenciainfra.com\/blog\/author\/admin\/\"}]}<\/script>\n<!-- \/ Yoast SEO Premium plugin. -->","yoast_head_json":{"title":"Concess\u00e3o de canal de acesso de Paranagu\u00e1 deve ir ao TCU para analisar inclus\u00e3o de trecho, diz diretor da ANTAQ - Ag\u00eancia iNFRA","robots":{"index":"index","follow":"follow","max-snippet":"max-snippet:-1","max-image-preview":"max-image-preview:large","max-video-preview":"max-video-preview:-1"},"canonical":"https:\/\/agenciainfra.com\/blog\/concessao-de-canal-de-acesso-de-paranagua-deve-ir-ao-tcu-para-analise-sobre-inclusao-de-trecho-diz-diretor-da-antaq\/","og_locale":"pt_BR","og_type":"article","og_title":"Concess\u00e3o de canal de acesso de Paranagu\u00e1 deve ir ao TCU para analisar inclus\u00e3o de trecho, diz diretor da ANTAQ","og_description":"Dimmi Amora,&nbsp;da&nbsp;Ag\u00eancia iNFRA A primeira&nbsp;concess\u00e3o&nbsp;de um&nbsp;canal&nbsp;de&nbsp;acesso&nbsp;portu\u00e1rio no pa\u00eds, em&nbsp;Paranagu\u00e1&nbsp;(PR), est\u00e1 em fase final de&nbsp;an\u00e1lise&nbsp;das contribui\u00e7\u00f5es apresentadas durante a audi\u00eancia p\u00fablica realizada no ano passado e depende de um tema espec\u00edfico&nbsp;para&nbsp;seguir&nbsp;para&nbsp;a etapa seguinte do processo, que \u00e9 o envio dos estudos de viabilidade&nbsp;para&nbsp;an\u00e1lise&nbsp;pr\u00e9via do&nbsp;TCU&nbsp;(Tribunal de Contas&nbsp;da&nbsp;Uni\u00e3o). De acordo com o&nbsp;diretor-geral&nbsp;da&nbsp;ANTAQ&nbsp;(Ag\u00eancia Nacional de Transportes Aquavi\u00e1rios), Eduardo Nery, [&hellip;]","og_url":"https:\/\/agenciainfra.com\/blog\/concessao-de-canal-de-acesso-de-paranagua-deve-ir-ao-tcu-para-analise-sobre-inclusao-de-trecho-diz-diretor-da-antaq\/","og_site_name":"Ag\u00eancia iNFRA","article_publisher":"https:\/\/www.facebook.com\/ageninfra","article_published_time":"2024-04-05T13:00:00+00:00","article_modified_time":"2026-03-13T12:41:53+00:00","og_image":[{"width":3000,"height":2000,"url":"https:\/\/agenciainfra.com\/blog\/wp-content\/uploads\/2019\/07\/porto-de-paranagua-foto-jose-fernando-ogura-anpr.jpg","type":"image\/jpeg"}],"author":"Ag\u00eancia iNFRA","twitter_card":"summary_large_image","twitter_creator":"@agencia_infra","twitter_site":"@agencia_infra","twitter_misc":{"Escrito por":"Ag\u00eancia iNFRA","Est. tempo de leitura":"5 minutos"},"schema":{"@context":"https:\/\/schema.org","@graph":[{"@type":"Article","@id":"https:\/\/agenciainfra.com\/blog\/concessao-de-canal-de-acesso-de-paranagua-deve-ir-ao-tcu-para-analise-sobre-inclusao-de-trecho-diz-diretor-da-antaq\/#article","isPartOf":{"@id":"https:\/\/agenciainfra.com\/blog\/concessao-de-canal-de-acesso-de-paranagua-deve-ir-ao-tcu-para-analise-sobre-inclusao-de-trecho-diz-diretor-da-antaq\/"},"author":{"name":"Ag\u00eancia iNFRA","@id":"https:\/\/agenciainfra.com\/blog\/#\/schema\/person\/34af08dff6adea4cb22b06612ba7acfa"},"headline":"Concess\u00e3o de canal de acesso de Paranagu\u00e1 deve ir ao TCU para analisar inclus\u00e3o de trecho, diz diretor da ANTAQ","datePublished":"2024-04-05T13:00:00+00:00","dateModified":"2026-03-13T12:41:53+00:00","mainEntityOfPage":{"@id":"https:\/\/agenciainfra.com\/blog\/concessao-de-canal-de-acesso-de-paranagua-deve-ir-ao-tcu-para-analise-sobre-inclusao-de-trecho-diz-diretor-da-antaq\/"},"wordCount":933,"publisher":{"@id":"https:\/\/agenciainfra.com\/blog\/#organization"},"image":{"@id":"https:\/\/agenciainfra.com\/blog\/concessao-de-canal-de-acesso-de-paranagua-deve-ir-ao-tcu-para-analise-sobre-inclusao-de-trecho-diz-diretor-da-antaq\/#primaryimage"},"thumbnailUrl":"https:\/\/agenciainfra.com\/blog\/wp-content\/uploads\/2019\/07\/porto-de-paranagua-foto-jose-fernando-ogura-anpr.jpg","keywords":["ANTAQ","APPA","Aprofundamento de canais","Canal de Paranagu\u00e1","Concess\u00e3o portu\u00e1ria","dragagem.","Eduardo Nery","infraestrutura portu\u00e1ria","Leil\u00f5es de concess\u00e3o","Luiz Fernando Garcia","Minist\u00e9rio de Portos e Aeroportos","Portos brasileiros","PPI","Tribunal de Contas da Uni\u00e3o"],"articleSection":["Destaque lista","Geral","iNFRATransporte"],"inLanguage":"pt-BR","copyrightYear":"2024","copyrightHolder":{"@id":"https:\/\/agenciainfra.com\/blog\/#organization"}},{"@type":"WebPage","@id":"https:\/\/agenciainfra.com\/blog\/concessao-de-canal-de-acesso-de-paranagua-deve-ir-ao-tcu-para-analise-sobre-inclusao-de-trecho-diz-diretor-da-antaq\/","url":"https:\/\/agenciainfra.com\/blog\/concessao-de-canal-de-acesso-de-paranagua-deve-ir-ao-tcu-para-analise-sobre-inclusao-de-trecho-diz-diretor-da-antaq\/","name":"Concess\u00e3o de canal de acesso de Paranagu\u00e1 deve ir ao TCU para analisar inclus\u00e3o de trecho, diz diretor da ANTAQ - Ag\u00eancia iNFRA","isPartOf":{"@id":"https:\/\/agenciainfra.com\/blog\/#website"},"primaryImageOfPage":{"@id":"https:\/\/agenciainfra.com\/blog\/concessao-de-canal-de-acesso-de-paranagua-deve-ir-ao-tcu-para-analise-sobre-inclusao-de-trecho-diz-diretor-da-antaq\/#primaryimage"},"image":{"@id":"https:\/\/agenciainfra.com\/blog\/concessao-de-canal-de-acesso-de-paranagua-deve-ir-ao-tcu-para-analise-sobre-inclusao-de-trecho-diz-diretor-da-antaq\/#primaryimage"},"thumbnailUrl":"https:\/\/agenciainfra.com\/blog\/wp-content\/uploads\/2019\/07\/porto-de-paranagua-foto-jose-fernando-ogura-anpr.jpg","datePublished":"2024-04-05T13:00:00+00:00","dateModified":"2026-03-13T12:41:53+00:00","breadcrumb":{"@id":"https:\/\/agenciainfra.com\/blog\/concessao-de-canal-de-acesso-de-paranagua-deve-ir-ao-tcu-para-analise-sobre-inclusao-de-trecho-diz-diretor-da-antaq\/#breadcrumb"},"inLanguage":"pt-BR","potentialAction":[{"@type":"ReadAction","target":["https:\/\/agenciainfra.com\/blog\/concessao-de-canal-de-acesso-de-paranagua-deve-ir-ao-tcu-para-analise-sobre-inclusao-de-trecho-diz-diretor-da-antaq\/"]}]},{"@type":"ImageObject","inLanguage":"pt-BR","@id":"https:\/\/agenciainfra.com\/blog\/concessao-de-canal-de-acesso-de-paranagua-deve-ir-ao-tcu-para-analise-sobre-inclusao-de-trecho-diz-diretor-da-antaq\/#primaryimage","url":"https:\/\/agenciainfra.com\/blog\/wp-content\/uploads\/2019\/07\/porto-de-paranagua-foto-jose-fernando-ogura-anpr.jpg","contentUrl":"https:\/\/agenciainfra.com\/blog\/wp-content\/uploads\/2019\/07\/porto-de-paranagua-foto-jose-fernando-ogura-anpr.jpg","width":3000,"height":2000,"caption":"Foto: Jos\u00e9 Fernando Ogura\/ANPr"},{"@type":"BreadcrumbList","@id":"https:\/\/agenciainfra.com\/blog\/concessao-de-canal-de-acesso-de-paranagua-deve-ir-ao-tcu-para-analise-sobre-inclusao-de-trecho-diz-diretor-da-antaq\/#breadcrumb","itemListElement":[{"@type":"ListItem","position":1,"name":"In\u00edcio","item":"https:\/\/agenciainfra.com\/blog\/"},{"@type":"ListItem","position":2,"name":"Concess\u00e3o de canal de acesso de Paranagu\u00e1 deve ir ao TCU para analisar inclus\u00e3o de trecho, diz diretor da ANTAQ"}]},{"@type":"WebSite","@id":"https:\/\/agenciainfra.com\/blog\/#website","url":"https:\/\/agenciainfra.com\/blog\/","name":"Ag\u00eancia iNFRA","description":"Multiplataforma de informa\u00e7\u00e3o jornal\u00edstica refer\u00eancia na \u00e1rea de infraestrutura no Brasil!","publisher":{"@id":"https:\/\/agenciainfra.com\/blog\/#organization"},"potentialAction":[{"@type":"SearchAction","target":{"@type":"EntryPoint","urlTemplate":"https:\/\/agenciainfra.com\/blog\/?s={search_term_string}"},"query-input":{"@type":"PropertyValueSpecification","valueRequired":true,"valueName":"search_term_string"}}],"inLanguage":"pt-BR"},{"@type":"Organization","@id":"https:\/\/agenciainfra.com\/blog\/#organization","name":"Ag\u00eancia iNFRA","url":"https:\/\/agenciainfra.com\/blog\/","logo":{"@type":"ImageObject","inLanguage":"pt-BR","@id":"https:\/\/agenciainfra.com\/blog\/#\/schema\/logo\/image\/","url":"https:\/\/agenciainfra.com\/blog\/wp-content\/uploads\/2023\/09\/iNFRA_5-e1761735885940.png","contentUrl":"https:\/\/agenciainfra.com\/blog\/wp-content\/uploads\/2023\/09\/iNFRA_5-e1761735885940.png","width":1672,"height":454,"caption":"Ag\u00eancia iNFRA"},"image":{"@id":"https:\/\/agenciainfra.com\/blog\/#\/schema\/logo\/image\/"},"sameAs":["https:\/\/www.facebook.com\/ageninfra","https:\/\/x.com\/agencia_infra","https:\/\/www.linkedin.com\/company\/ag\u00eanciainfra\/","https:\/\/www.instagram.com\/agenciainfra\/"]},{"@type":"Person","@id":"https:\/\/agenciainfra.com\/blog\/#\/schema\/person\/34af08dff6adea4cb22b06612ba7acfa","name":"Ag\u00eancia iNFRA","image":{"@type":"ImageObject","inLanguage":"pt-BR","@id":"https:\/\/agenciainfra.com\/blog\/#\/schema\/person\/image\/","url":"https:\/\/secure.gravatar.com\/avatar\/d189e01678f06d8eb84d4e01f08eb848b3fffe3f8443818d3c356c66892f5be8?s=96&d=mm&r=g","contentUrl":"https:\/\/secure.gravatar.com\/avatar\/d189e01678f06d8eb84d4e01f08eb848b3fffe3f8443818d3c356c66892f5be8?s=96&d=mm&r=g","caption":"Ag\u00eancia iNFRA"},"url":"https:\/\/agenciainfra.com\/blog\/author\/admin\/"}]}},"_links":{"self":[{"href":"https:\/\/agenciainfra.com\/blog\/wp-json\/wp\/v2\/posts\/15886","targetHints":{"allow":["GET"]}}],"collection":[{"href":"https:\/\/agenciainfra.com\/blog\/wp-json\/wp\/v2\/posts"}],"about":[{"href":"https:\/\/agenciainfra.com\/blog\/wp-json\/wp\/v2\/types\/post"}],"author":[{"embeddable":true,"href":"https:\/\/agenciainfra.com\/blog\/wp-json\/wp\/v2\/users\/1"}],"replies":[{"embeddable":true,"href":"https:\/\/agenciainfra.com\/blog\/wp-json\/wp\/v2\/comments?post=15886"}],"version-history":[{"count":2,"href":"https:\/\/agenciainfra.com\/blog\/wp-json\/wp\/v2\/posts\/15886\/revisions"}],"predecessor-version":[{"id":15891,"href":"https:\/\/agenciainfra.com\/blog\/wp-json\/wp\/v2\/posts\/15886\/revisions\/15891"}],"wp:featuredmedia":[{"embeddable":true,"href":"https:\/\/agenciainfra.com\/blog\/wp-json\/wp\/v2\/media\/3531"}],"wp:attachment":[{"href":"https:\/\/agenciainfra.com\/blog\/wp-json\/wp\/v2\/media?parent=15886"}],"wp:term":[{"taxonomy":"category","embeddable":true,"href":"https:\/\/agenciainfra.com\/blog\/wp-json\/wp\/v2\/categories?post=15886"},{"taxonomy":"post_tag","embeddable":true,"href":"https:\/\/agenciainfra.com\/blog\/wp-json\/wp\/v2\/tags?post=15886"}],"curies":[{"name":"wp","href":"https:\/\/api.w.org\/{rel}","templated":true}]}}