{"id":15902,"date":"2024-04-08T10:00:00","date_gmt":"2024-04-08T13:00:00","guid":{"rendered":"https:\/\/agenciainfra.com\/blog\/?p=15902"},"modified":"2026-03-13T09:41:25","modified_gmt":"2026-03-13T12:41:25","slug":"pl-que-muda-a-cobranca-do-uso-da-agua-por-hidreletricas-ganha-tracao-no-senado","status":"publish","type":"post","link":"https:\/\/agenciainfra.com\/blog\/pl-que-muda-a-cobranca-do-uso-da-agua-por-hidreletricas-ganha-tracao-no-senado\/","title":{"rendered":"PL que muda a cobran\u00e7a do uso da \u00e1gua por hidrel\u00e9tricas ganha tra\u00e7\u00e3o no Senado"},"content":{"rendered":"\n<p class=\"has-text-align-right\"><strong>Dimmi Amora, da&nbsp;Ag\u00eancia iNFRA<\/strong><\/p>\n\n\n\n<p>Um projeto de lei que estava adormecido no Senado Federal, prevendo a mudan\u00e7a da cobran\u00e7a ao setor el\u00e9trico pelo uso da \u00e1gua nos reservat\u00f3rios de usinas hidrel\u00e9tricas, ganhou tra\u00e7\u00e3o no in\u00edcio da atual legislatura.&nbsp;<br>&nbsp;<br>Nesta ter\u00e7a-feira (9), uma&nbsp;<a href=\"https:\/\/agenciainfra.us14.list-manage.com\/track\/click?u=d460dd1bcf9ba0ae040e1fc0f&amp;id=c743801c48&amp;e=f0fa444791\" target=\"_blank\" rel=\"noreferrer noopener\">audi\u00eancia p\u00fablica<\/a>&nbsp;na CMA (Comiss\u00e3o de Meio Ambiente) da Casa foi convocada para discutir o&nbsp;<a href=\"https:\/\/agenciainfra.us14.list-manage.com\/track\/click?u=d460dd1bcf9ba0ae040e1fc0f&amp;id=7f115b000e&amp;e=f0fa444791\" target=\"_blank\" rel=\"noreferrer noopener\">PL 2.918\/2021<\/a>, de autoria do senador Luiz Carlos Heinz (PL-RS) e relatado pelo senador Nelsinho Trad (PSD-MS), com a presen\u00e7a de autoridades de diferentes setores.&nbsp;<br>&nbsp;<br>O encontro foi pedido para debater&nbsp;a proposta que, como est\u00e1 apresentada, aumenta o valor cobrado pela CFURH (Compensa\u00e7\u00e3o Financeira pela utiliza\u00e7\u00e3o dos Recursos H\u00eddricos). Institu\u00edda por lei, ela \u00e9 cobrada a partir de um c\u00e1lculo estabelecido pela ANEEL (Ag\u00eancia Nacional de Energia El\u00e9trica) que corresponde a 7% sobre as receitas das concession\u00e1rias, descontados encargos setoriais.<br>&nbsp;<br>O recurso \u00e9 dividido de duas maneiras: 6,25% s\u00e3o repartidos entre munic\u00edpios (65%), Estados (25%) e Uni\u00e3o (10%). E 0,75% s\u00e3o repassados \u00e0 ANA (Ag\u00eancia Nacional de \u00c1guas e Saneamento B\u00e1sico), com destina\u00e7\u00e3o espec\u00edfica para manter o Singreh (Sistema Nacional de Gerenciamento de Recursos H\u00eddricos).<br>&nbsp;<br><strong>Impacto de mais R$ 1 bi\/ano<\/strong><br>Em 2023, o valor arrecadado com a CFURH foi de R$ 2,2 bilh\u00f5es. No caso dos munic\u00edpios, somente os que s\u00e3o banhados pelos reservat\u00f3rios recebem o dinheiro, o que constituiu um grupo de 726 dos 5,5 mil munic\u00edpios do pa\u00eds. Um grupo de 14 munic\u00edpios, banhados por grandes reservat\u00f3rios, ficou com R$ 404 milh\u00f5es. Mais de 600 receberam menos de R$ 50 mil no ano.<br>&nbsp;<br>Pelos c\u00e1lculos dos t\u00e9cnicos da ag\u00eancia, a mudan\u00e7a da f\u00f3rmula de c\u00e1lculo vai produzir um impacto de 40% no custo do encargo, ou seja, quase R$ 1 bilh\u00e3o\/ano.<br>&nbsp;<br>&#8220;Isso vai para a tarifa de energia do consumidor num ano em que o governo tem a inten\u00e7\u00e3o de controlar a infla\u00e7\u00e3o, fazendo as medidas necess\u00e1rias. Num contexto em que todo setor el\u00e9trico est\u00e1 ressabiado de tantos encargos setoriais e penduricalhos nas contas&#8221;, disse a diretora-presidente da ANA, Ver\u00f4nica Sanchez, \u00e0&nbsp;<strong>Ag\u00eancia iNFRA.<\/strong><br>&nbsp;<br>A parte que as concession\u00e1rias vendem ao mercado cativo ter\u00e1 que ser reequilibrada pela ANEEL, no entendimento da diretora. E a parte do mercado livre ter\u00e1 o custo repassado.<br>&nbsp;<br>A proposta, apresentada em 2021, alega que a ANEEL &#8220;distorceu&#8221; a previs\u00e3o da lei ao regulamentar a cobran\u00e7a \u00e0s hidrel\u00e9tricas sem os encargos e defende ter como base para a cobran\u00e7a a receita bruta das concession\u00e1rias.<br><br>Al\u00e9m disso, quer que a parte que vai para a ANA gerir os recursos h\u00eddricos seja destinada ao bolo geral repartido entre munic\u00edpios, estados e Uni\u00e3o.<br>&nbsp;<br>Em ano eleitoral, a proposta \u00e9 atrativa para os parlamentares, visto que o discurso \u00e9 que haver\u00e1 uma compensa\u00e7\u00e3o mais justa aos munic\u00edpios. Pela tramita\u00e7\u00e3o, se aprovada nas comiss\u00f5es, ela pode ir direto \u00e0 C\u00e2mara.<br>&nbsp;<br><strong>Monitoramento hidrometeorol\u00f3gico em risco<\/strong><br>A medida ainda amea\u00e7a o sistema de monitoramento hidrometeorol\u00f3gico do pa\u00eds, feito pelo Singreh (mantido com recursos da CFURH), j\u00e1 que retira os recursos da ANA. O sistema \u00e9 respons\u00e1vel pela operacionaliza\u00e7\u00e3o da Rede Hidrometeorol\u00f3gica&nbsp;do pa\u00eds, com mais de 10 mil pontos de monitoramento espalhados no territ\u00f3rio (metade deles cuidado pela ANA), e que tem como fun\u00e7\u00e3o identificar secas e cheias nos rios.&nbsp;<br>&nbsp;<br>\u00c9 desse sistema que o ONS depende para monitorar as vaz\u00f5es dos reservat\u00f3rios e, com isso, estabelecer os despachos do sistema el\u00e9trico, por exemplo. A forma\u00e7\u00e3o dos pre\u00e7os no mercado livre de energia tamb\u00e9m \u00e9 dependente dos dados gerados dessas esta\u00e7\u00f5es.<br>&nbsp;<br>Segundo a diretora-geral da ANA, por lei, todos s\u00e3o obrigados a pagar pelo uso da \u00e1gua e a CFURH \u00e9 a forma como as hidrel\u00e9tricas pagam por isso. Se o uso da \u00e1gua n\u00e3o for pago nessa contribui\u00e7\u00e3o, a ag\u00eancia ser\u00e1 obrigada por lei a criar uma outra forma de cobran\u00e7a, que pode at\u00e9 ser maior do que a atual, explicou.<br>&nbsp;<br>&#8220;N\u00e3o temos como n\u00e3o cobrar. Hoje o modelo est\u00e1 estabilizado e \u00e9 igual para todos. Mas se houver essa mudan\u00e7a, pode haver muita inseguran\u00e7a jur\u00eddica e at\u00e9 mesmo pre\u00e7os maiores, j\u00e1 que cada comit\u00ea de bacia vai poder estabelecer um valor&#8221;, explicou Ver\u00f4nica, indicando que o impacto pode ser ainda maior que os 40% da mudan\u00e7a da f\u00f3rmula de cobran\u00e7a.<br>&nbsp;<br>Nazareno Marques de Ara\u00fajo, tamb\u00e9m diretor da ANA, explica que outro item do projeto pode tornar mais complexa a gest\u00e3o dos recursos para o Singreh, que \u00e9 a desvincula\u00e7\u00e3o das receitas da CFURH no Or\u00e7amento da Uni\u00e3o. O dinheiro, que hoje tem destina\u00e7\u00e3o certa, vai entrar no caixa \u00fanico do Tesouro.&nbsp;<br>&nbsp;<br>Ele explicou que 1\/4 do or\u00e7amento da ag\u00eancia \u00e9 para desenvolver e cuidar da Rede Meteorol\u00f3gica, que \u00e9 a 5\u00aa maior do mundo. Foram os dados dessa rede que ajudaram, em 2023, a prever a maior seca no rio Madeira desde 1932 e prever a\u00e7\u00f5es que minimizaram os problemas, entre eles os riscos de desabastecimento em v\u00e1rias cidades da regi\u00e3o Norte.<br>&nbsp;<br>&#8220;Se voc\u00ea perde uma informa\u00e7\u00e3o dessa, voc\u00ea pode tomar uma decis\u00e3o muito errada. Nas grandes chuvas de 2023, perdemos quatro pontos de monitoramento no Sul. Tivemos que mandar equipamentos para repor imediatamente&#8221;, contou o diretor, lembrando que os dados tamb\u00e9m v\u00e3o para o sistema de Defesa Civil e outras atividades.<br>&nbsp;<br>O Singreh tamb\u00e9m \u00e9 usado para monitorar as autoriza\u00e7\u00f5es de retirada de \u00e1gua dos corpos h\u00eddricos do pa\u00eds, informa\u00e7\u00e3o que de acordo com Nazareno \u00e9 fundamental para saber o quanto \u00e9 poss\u00edvel retirar de rios e reservat\u00f3rios, por exemplo, para que n\u00e3o falte \u00e1gua em futuros per\u00edodos de seca.<\/p>\n","protected":false},"excerpt":{"rendered":"<p>Dimmi Amora, da&nbsp;Ag\u00eancia iNFRA Um projeto de lei que estava adormecido no Senado Federal, prevendo a mudan\u00e7a da cobran\u00e7a ao setor el\u00e9trico pelo uso da \u00e1gua nos reservat\u00f3rios de usinas hidrel\u00e9tricas, ganhou tra\u00e7\u00e3o no in\u00edcio da atual legislatura.&nbsp;&nbsp;Nesta ter\u00e7a-feira (9), uma&nbsp;audi\u00eancia p\u00fablica&nbsp;na CMA (Comiss\u00e3o de Meio Ambiente) da Casa foi convocada para discutir o&nbsp;PL 2.918\/2021, [&hellip;]<\/p>\n","protected":false},"author":1,"featured_media":15903,"comment_status":"closed","ping_status":"closed","sticky":false,"template":"","format":"standard","meta":{"_monsterinsights_skip_tracking":false,"_monsterinsights_sitenote_active":false,"_monsterinsights_sitenote_note":"","_monsterinsights_sitenote_category":0,"footnotes":""},"categories":[7250,1,10],"tags":[77,53,8962,1753,8963,5270,1299,4913,8964,4600,8967,8968,8966,3638,216,8965,8969,4354,8970,3427,4259,8061,1306],"class_list":["post-15902","post","type-post","status-publish","format-standard","has-post-thumbnail","hentry","category-destaque-lista","category-geral","category-infraenergia","tag-ana","tag-aneel","tag-cfurh","tag-comissao-de-meio-ambiente","tag-defesa-civil","tag-desastres-naturais","tag-dimmi-amora","tag-energia-hidreletrica","tag-gestao-de-recursos-hidricos","tag-impacto-ambiental","tag-luiz-carlos-heinz","tag-monitoramento-hidrometeorologico","tag-nazareno-marques-de-araujo","tag-nelsinho-trad","tag-ons","tag-orcamento-da-uniao","tag-seca-e-cheias","tag-senado-federal","tag-singreh","tag-tesouro-nacional","tag-usinas-hidreletricas","tag-uso-da-agua","tag-veronica-sanchez"],"yoast_head":"<!-- This site is optimized with the Yoast SEO Premium plugin v25.4 (Yoast SEO v26.0) - https:\/\/yoast.com\/wordpress\/plugins\/seo\/ -->\n<title>PL que muda a cobran\u00e7a do uso da \u00e1gua por hidrel\u00e9tricas ganha tra\u00e7\u00e3o no Senado - Ag\u00eancia iNFRA<\/title>\n<meta name=\"robots\" content=\"index, follow, max-snippet:-1, max-image-preview:large, max-video-preview:-1\" \/>\n<link rel=\"canonical\" href=\"https:\/\/agenciainfra.com\/blog\/pl-que-muda-a-cobranca-do-uso-da-agua-por-hidreletricas-ganha-tracao-no-senado\/\" \/>\n<meta property=\"og:locale\" content=\"pt_BR\" \/>\n<meta property=\"og:type\" content=\"article\" \/>\n<meta property=\"og:title\" content=\"PL que muda a cobran\u00e7a do uso da \u00e1gua por hidrel\u00e9tricas ganha tra\u00e7\u00e3o no Senado\" \/>\n<meta property=\"og:description\" content=\"Dimmi Amora, da&nbsp;Ag\u00eancia iNFRA Um projeto de lei que estava adormecido no Senado Federal, prevendo a mudan\u00e7a da cobran\u00e7a ao setor el\u00e9trico pelo uso da \u00e1gua nos reservat\u00f3rios de usinas hidrel\u00e9tricas, ganhou tra\u00e7\u00e3o no in\u00edcio da atual legislatura.&nbsp;&nbsp;Nesta ter\u00e7a-feira (9), uma&nbsp;audi\u00eancia p\u00fablica&nbsp;na CMA (Comiss\u00e3o de Meio Ambiente) da Casa foi convocada para discutir o&nbsp;PL 2.918\/2021, [&hellip;]\" \/>\n<meta property=\"og:url\" content=\"https:\/\/agenciainfra.com\/blog\/pl-que-muda-a-cobranca-do-uso-da-agua-por-hidreletricas-ganha-tracao-no-senado\/\" \/>\n<meta property=\"og:site_name\" content=\"Ag\u00eancia iNFRA\" \/>\n<meta property=\"article:publisher\" content=\"https:\/\/www.facebook.com\/ageninfra\" \/>\n<meta property=\"article:published_time\" content=\"2024-04-08T13:00:00+00:00\" \/>\n<meta property=\"article:modified_time\" content=\"2026-03-13T12:41:25+00:00\" \/>\n<meta property=\"og:image\" content=\"https:\/\/agenciainfra.com\/blog\/wp-content\/uploads\/2024\/04\/conresso-senado-foto-agencia-senado.jpg\" \/>\n\t<meta property=\"og:image:width\" content=\"1202\" \/>\n\t<meta property=\"og:image:height\" content=\"797\" \/>\n\t<meta property=\"og:image:type\" content=\"image\/jpeg\" \/>\n<meta name=\"author\" content=\"Ag\u00eancia iNFRA\" \/>\n<meta name=\"twitter:card\" content=\"summary_large_image\" \/>\n<meta name=\"twitter:creator\" content=\"@agencia_infra\" \/>\n<meta name=\"twitter:site\" content=\"@agencia_infra\" \/>\n<meta name=\"twitter:label1\" content=\"Escrito por\" \/>\n\t<meta name=\"twitter:data1\" content=\"Ag\u00eancia iNFRA\" \/>\n\t<meta name=\"twitter:label2\" content=\"Est. tempo de leitura\" \/>\n\t<meta name=\"twitter:data2\" content=\"5 minutos\" \/>\n<script type=\"application\/ld+json\" class=\"yoast-schema-graph\">{\"@context\":\"https:\/\/schema.org\",\"@graph\":[{\"@type\":\"Article\",\"@id\":\"https:\/\/agenciainfra.com\/blog\/pl-que-muda-a-cobranca-do-uso-da-agua-por-hidreletricas-ganha-tracao-no-senado\/#article\",\"isPartOf\":{\"@id\":\"https:\/\/agenciainfra.com\/blog\/pl-que-muda-a-cobranca-do-uso-da-agua-por-hidreletricas-ganha-tracao-no-senado\/\"},\"author\":{\"name\":\"Ag\u00eancia iNFRA\",\"@id\":\"https:\/\/agenciainfra.com\/blog\/#\/schema\/person\/34af08dff6adea4cb22b06612ba7acfa\"},\"headline\":\"PL que muda a cobran\u00e7a do uso da \u00e1gua por hidrel\u00e9tricas ganha tra\u00e7\u00e3o no Senado\",\"datePublished\":\"2024-04-08T13:00:00+00:00\",\"dateModified\":\"2026-03-13T12:41:25+00:00\",\"mainEntityOfPage\":{\"@id\":\"https:\/\/agenciainfra.com\/blog\/pl-que-muda-a-cobranca-do-uso-da-agua-por-hidreletricas-ganha-tracao-no-senado\/\"},\"wordCount\":1032,\"publisher\":{\"@id\":\"https:\/\/agenciainfra.com\/blog\/#organization\"},\"image\":{\"@id\":\"https:\/\/agenciainfra.com\/blog\/pl-que-muda-a-cobranca-do-uso-da-agua-por-hidreletricas-ganha-tracao-no-senado\/#primaryimage\"},\"thumbnailUrl\":\"https:\/\/agenciainfra.com\/blog\/wp-content\/uploads\/2024\/04\/conresso-senado-foto-agencia-senado.jpg\",\"keywords\":[\"ANA\",\"ANEEL\",\"CFURH\",\"Comiss\u00e3o de Meio Ambiente\",\"Defesa Civil\",\"desastres naturais\",\"Dimmi Amora\",\"energia hidrel\u00e9trica\",\"Gest\u00e3o de Recursos H\u00eddricos\",\"impacto ambiental\",\"Luiz Carlos Heinz\",\"Monitoramento Hidrometeorol\u00f3gico\",\"Nazareno Marques de Ara\u00fajo\",\"Nelsinho Trad\",\"ONS\",\"Or\u00e7amento da Uni\u00e3o\",\"Seca e Cheias\",\"Senado Federal\",\"Singreh\",\"Tesouro Nacional\",\"usinas hidrel\u00e9tricas\",\"Uso da \u00e1gua\",\"Veronica S\u00e1nchez\"],\"articleSection\":[\"Destaque lista\",\"Geral\",\"iNFRAEnergia\"],\"inLanguage\":\"pt-BR\",\"copyrightYear\":\"2024\",\"copyrightHolder\":{\"@id\":\"https:\/\/agenciainfra.com\/blog\/#organization\"}},{\"@type\":\"WebPage\",\"@id\":\"https:\/\/agenciainfra.com\/blog\/pl-que-muda-a-cobranca-do-uso-da-agua-por-hidreletricas-ganha-tracao-no-senado\/\",\"url\":\"https:\/\/agenciainfra.com\/blog\/pl-que-muda-a-cobranca-do-uso-da-agua-por-hidreletricas-ganha-tracao-no-senado\/\",\"name\":\"PL que muda a cobran\u00e7a do uso da \u00e1gua por hidrel\u00e9tricas ganha tra\u00e7\u00e3o no Senado - Ag\u00eancia iNFRA\",\"isPartOf\":{\"@id\":\"https:\/\/agenciainfra.com\/blog\/#website\"},\"primaryImageOfPage\":{\"@id\":\"https:\/\/agenciainfra.com\/blog\/pl-que-muda-a-cobranca-do-uso-da-agua-por-hidreletricas-ganha-tracao-no-senado\/#primaryimage\"},\"image\":{\"@id\":\"https:\/\/agenciainfra.com\/blog\/pl-que-muda-a-cobranca-do-uso-da-agua-por-hidreletricas-ganha-tracao-no-senado\/#primaryimage\"},\"thumbnailUrl\":\"https:\/\/agenciainfra.com\/blog\/wp-content\/uploads\/2024\/04\/conresso-senado-foto-agencia-senado.jpg\",\"datePublished\":\"2024-04-08T13:00:00+00:00\",\"dateModified\":\"2026-03-13T12:41:25+00:00\",\"breadcrumb\":{\"@id\":\"https:\/\/agenciainfra.com\/blog\/pl-que-muda-a-cobranca-do-uso-da-agua-por-hidreletricas-ganha-tracao-no-senado\/#breadcrumb\"},\"inLanguage\":\"pt-BR\",\"potentialAction\":[{\"@type\":\"ReadAction\",\"target\":[\"https:\/\/agenciainfra.com\/blog\/pl-que-muda-a-cobranca-do-uso-da-agua-por-hidreletricas-ganha-tracao-no-senado\/\"]}]},{\"@type\":\"ImageObject\",\"inLanguage\":\"pt-BR\",\"@id\":\"https:\/\/agenciainfra.com\/blog\/pl-que-muda-a-cobranca-do-uso-da-agua-por-hidreletricas-ganha-tracao-no-senado\/#primaryimage\",\"url\":\"https:\/\/agenciainfra.com\/blog\/wp-content\/uploads\/2024\/04\/conresso-senado-foto-agencia-senado.jpg\",\"contentUrl\":\"https:\/\/agenciainfra.com\/blog\/wp-content\/uploads\/2024\/04\/conresso-senado-foto-agencia-senado.jpg\",\"width\":1202,\"height\":797},{\"@type\":\"BreadcrumbList\",\"@id\":\"https:\/\/agenciainfra.com\/blog\/pl-que-muda-a-cobranca-do-uso-da-agua-por-hidreletricas-ganha-tracao-no-senado\/#breadcrumb\",\"itemListElement\":[{\"@type\":\"ListItem\",\"position\":1,\"name\":\"In\u00edcio\",\"item\":\"https:\/\/agenciainfra.com\/blog\/\"},{\"@type\":\"ListItem\",\"position\":2,\"name\":\"PL que muda a cobran\u00e7a do uso da \u00e1gua por hidrel\u00e9tricas ganha tra\u00e7\u00e3o no Senado\"}]},{\"@type\":\"WebSite\",\"@id\":\"https:\/\/agenciainfra.com\/blog\/#website\",\"url\":\"https:\/\/agenciainfra.com\/blog\/\",\"name\":\"Ag\u00eancia iNFRA\",\"description\":\"Multiplataforma de informa\u00e7\u00e3o jornal\u00edstica refer\u00eancia na \u00e1rea de infraestrutura no Brasil!\",\"publisher\":{\"@id\":\"https:\/\/agenciainfra.com\/blog\/#organization\"},\"potentialAction\":[{\"@type\":\"SearchAction\",\"target\":{\"@type\":\"EntryPoint\",\"urlTemplate\":\"https:\/\/agenciainfra.com\/blog\/?s={search_term_string}\"},\"query-input\":{\"@type\":\"PropertyValueSpecification\",\"valueRequired\":true,\"valueName\":\"search_term_string\"}}],\"inLanguage\":\"pt-BR\"},{\"@type\":\"Organization\",\"@id\":\"https:\/\/agenciainfra.com\/blog\/#organization\",\"name\":\"Ag\u00eancia iNFRA\",\"url\":\"https:\/\/agenciainfra.com\/blog\/\",\"logo\":{\"@type\":\"ImageObject\",\"inLanguage\":\"pt-BR\",\"@id\":\"https:\/\/agenciainfra.com\/blog\/#\/schema\/logo\/image\/\",\"url\":\"https:\/\/agenciainfra.com\/blog\/wp-content\/uploads\/2023\/09\/iNFRA_5-e1761735885940.png\",\"contentUrl\":\"https:\/\/agenciainfra.com\/blog\/wp-content\/uploads\/2023\/09\/iNFRA_5-e1761735885940.png\",\"width\":1672,\"height\":454,\"caption\":\"Ag\u00eancia iNFRA\"},\"image\":{\"@id\":\"https:\/\/agenciainfra.com\/blog\/#\/schema\/logo\/image\/\"},\"sameAs\":[\"https:\/\/www.facebook.com\/ageninfra\",\"https:\/\/x.com\/agencia_infra\",\"https:\/\/www.linkedin.com\/company\/ag\u00eanciainfra\/\",\"https:\/\/www.instagram.com\/agenciainfra\/\"]},{\"@type\":\"Person\",\"@id\":\"https:\/\/agenciainfra.com\/blog\/#\/schema\/person\/34af08dff6adea4cb22b06612ba7acfa\",\"name\":\"Ag\u00eancia iNFRA\",\"image\":{\"@type\":\"ImageObject\",\"inLanguage\":\"pt-BR\",\"@id\":\"https:\/\/agenciainfra.com\/blog\/#\/schema\/person\/image\/\",\"url\":\"https:\/\/secure.gravatar.com\/avatar\/d189e01678f06d8eb84d4e01f08eb848b3fffe3f8443818d3c356c66892f5be8?s=96&d=mm&r=g\",\"contentUrl\":\"https:\/\/secure.gravatar.com\/avatar\/d189e01678f06d8eb84d4e01f08eb848b3fffe3f8443818d3c356c66892f5be8?s=96&d=mm&r=g\",\"caption\":\"Ag\u00eancia iNFRA\"},\"url\":\"https:\/\/agenciainfra.com\/blog\/author\/admin\/\"}]}<\/script>\n<!-- \/ Yoast SEO Premium plugin. -->","yoast_head_json":{"title":"PL que muda a cobran\u00e7a do uso da \u00e1gua por hidrel\u00e9tricas ganha tra\u00e7\u00e3o no Senado - Ag\u00eancia iNFRA","robots":{"index":"index","follow":"follow","max-snippet":"max-snippet:-1","max-image-preview":"max-image-preview:large","max-video-preview":"max-video-preview:-1"},"canonical":"https:\/\/agenciainfra.com\/blog\/pl-que-muda-a-cobranca-do-uso-da-agua-por-hidreletricas-ganha-tracao-no-senado\/","og_locale":"pt_BR","og_type":"article","og_title":"PL que muda a cobran\u00e7a do uso da \u00e1gua por hidrel\u00e9tricas ganha tra\u00e7\u00e3o no Senado","og_description":"Dimmi Amora, da&nbsp;Ag\u00eancia iNFRA Um projeto de lei que estava adormecido no Senado Federal, prevendo a mudan\u00e7a da cobran\u00e7a ao setor el\u00e9trico pelo uso da \u00e1gua nos reservat\u00f3rios de usinas hidrel\u00e9tricas, ganhou tra\u00e7\u00e3o no in\u00edcio da atual legislatura.&nbsp;&nbsp;Nesta ter\u00e7a-feira (9), uma&nbsp;audi\u00eancia p\u00fablica&nbsp;na CMA (Comiss\u00e3o de Meio Ambiente) da Casa foi convocada para discutir o&nbsp;PL 2.918\/2021, [&hellip;]","og_url":"https:\/\/agenciainfra.com\/blog\/pl-que-muda-a-cobranca-do-uso-da-agua-por-hidreletricas-ganha-tracao-no-senado\/","og_site_name":"Ag\u00eancia iNFRA","article_publisher":"https:\/\/www.facebook.com\/ageninfra","article_published_time":"2024-04-08T13:00:00+00:00","article_modified_time":"2026-03-13T12:41:25+00:00","og_image":[{"width":1202,"height":797,"url":"https:\/\/agenciainfra.com\/blog\/wp-content\/uploads\/2024\/04\/conresso-senado-foto-agencia-senado.jpg","type":"image\/jpeg"}],"author":"Ag\u00eancia iNFRA","twitter_card":"summary_large_image","twitter_creator":"@agencia_infra","twitter_site":"@agencia_infra","twitter_misc":{"Escrito por":"Ag\u00eancia iNFRA","Est. tempo de leitura":"5 minutos"},"schema":{"@context":"https:\/\/schema.org","@graph":[{"@type":"Article","@id":"https:\/\/agenciainfra.com\/blog\/pl-que-muda-a-cobranca-do-uso-da-agua-por-hidreletricas-ganha-tracao-no-senado\/#article","isPartOf":{"@id":"https:\/\/agenciainfra.com\/blog\/pl-que-muda-a-cobranca-do-uso-da-agua-por-hidreletricas-ganha-tracao-no-senado\/"},"author":{"name":"Ag\u00eancia iNFRA","@id":"https:\/\/agenciainfra.com\/blog\/#\/schema\/person\/34af08dff6adea4cb22b06612ba7acfa"},"headline":"PL que muda a cobran\u00e7a do uso da \u00e1gua por hidrel\u00e9tricas ganha tra\u00e7\u00e3o no Senado","datePublished":"2024-04-08T13:00:00+00:00","dateModified":"2026-03-13T12:41:25+00:00","mainEntityOfPage":{"@id":"https:\/\/agenciainfra.com\/blog\/pl-que-muda-a-cobranca-do-uso-da-agua-por-hidreletricas-ganha-tracao-no-senado\/"},"wordCount":1032,"publisher":{"@id":"https:\/\/agenciainfra.com\/blog\/#organization"},"image":{"@id":"https:\/\/agenciainfra.com\/blog\/pl-que-muda-a-cobranca-do-uso-da-agua-por-hidreletricas-ganha-tracao-no-senado\/#primaryimage"},"thumbnailUrl":"https:\/\/agenciainfra.com\/blog\/wp-content\/uploads\/2024\/04\/conresso-senado-foto-agencia-senado.jpg","keywords":["ANA","ANEEL","CFURH","Comiss\u00e3o de Meio Ambiente","Defesa Civil","desastres naturais","Dimmi Amora","energia hidrel\u00e9trica","Gest\u00e3o de Recursos H\u00eddricos","impacto ambiental","Luiz Carlos Heinz","Monitoramento Hidrometeorol\u00f3gico","Nazareno Marques de Ara\u00fajo","Nelsinho Trad","ONS","Or\u00e7amento da Uni\u00e3o","Seca e Cheias","Senado Federal","Singreh","Tesouro Nacional","usinas hidrel\u00e9tricas","Uso da \u00e1gua","Veronica S\u00e1nchez"],"articleSection":["Destaque lista","Geral","iNFRAEnergia"],"inLanguage":"pt-BR","copyrightYear":"2024","copyrightHolder":{"@id":"https:\/\/agenciainfra.com\/blog\/#organization"}},{"@type":"WebPage","@id":"https:\/\/agenciainfra.com\/blog\/pl-que-muda-a-cobranca-do-uso-da-agua-por-hidreletricas-ganha-tracao-no-senado\/","url":"https:\/\/agenciainfra.com\/blog\/pl-que-muda-a-cobranca-do-uso-da-agua-por-hidreletricas-ganha-tracao-no-senado\/","name":"PL que muda a cobran\u00e7a do uso da \u00e1gua por hidrel\u00e9tricas ganha tra\u00e7\u00e3o no Senado - Ag\u00eancia iNFRA","isPartOf":{"@id":"https:\/\/agenciainfra.com\/blog\/#website"},"primaryImageOfPage":{"@id":"https:\/\/agenciainfra.com\/blog\/pl-que-muda-a-cobranca-do-uso-da-agua-por-hidreletricas-ganha-tracao-no-senado\/#primaryimage"},"image":{"@id":"https:\/\/agenciainfra.com\/blog\/pl-que-muda-a-cobranca-do-uso-da-agua-por-hidreletricas-ganha-tracao-no-senado\/#primaryimage"},"thumbnailUrl":"https:\/\/agenciainfra.com\/blog\/wp-content\/uploads\/2024\/04\/conresso-senado-foto-agencia-senado.jpg","datePublished":"2024-04-08T13:00:00+00:00","dateModified":"2026-03-13T12:41:25+00:00","breadcrumb":{"@id":"https:\/\/agenciainfra.com\/blog\/pl-que-muda-a-cobranca-do-uso-da-agua-por-hidreletricas-ganha-tracao-no-senado\/#breadcrumb"},"inLanguage":"pt-BR","potentialAction":[{"@type":"ReadAction","target":["https:\/\/agenciainfra.com\/blog\/pl-que-muda-a-cobranca-do-uso-da-agua-por-hidreletricas-ganha-tracao-no-senado\/"]}]},{"@type":"ImageObject","inLanguage":"pt-BR","@id":"https:\/\/agenciainfra.com\/blog\/pl-que-muda-a-cobranca-do-uso-da-agua-por-hidreletricas-ganha-tracao-no-senado\/#primaryimage","url":"https:\/\/agenciainfra.com\/blog\/wp-content\/uploads\/2024\/04\/conresso-senado-foto-agencia-senado.jpg","contentUrl":"https:\/\/agenciainfra.com\/blog\/wp-content\/uploads\/2024\/04\/conresso-senado-foto-agencia-senado.jpg","width":1202,"height":797},{"@type":"BreadcrumbList","@id":"https:\/\/agenciainfra.com\/blog\/pl-que-muda-a-cobranca-do-uso-da-agua-por-hidreletricas-ganha-tracao-no-senado\/#breadcrumb","itemListElement":[{"@type":"ListItem","position":1,"name":"In\u00edcio","item":"https:\/\/agenciainfra.com\/blog\/"},{"@type":"ListItem","position":2,"name":"PL que muda a cobran\u00e7a do uso da \u00e1gua por hidrel\u00e9tricas ganha tra\u00e7\u00e3o no Senado"}]},{"@type":"WebSite","@id":"https:\/\/agenciainfra.com\/blog\/#website","url":"https:\/\/agenciainfra.com\/blog\/","name":"Ag\u00eancia iNFRA","description":"Multiplataforma de informa\u00e7\u00e3o jornal\u00edstica refer\u00eancia na \u00e1rea de infraestrutura no Brasil!","publisher":{"@id":"https:\/\/agenciainfra.com\/blog\/#organization"},"potentialAction":[{"@type":"SearchAction","target":{"@type":"EntryPoint","urlTemplate":"https:\/\/agenciainfra.com\/blog\/?s={search_term_string}"},"query-input":{"@type":"PropertyValueSpecification","valueRequired":true,"valueName":"search_term_string"}}],"inLanguage":"pt-BR"},{"@type":"Organization","@id":"https:\/\/agenciainfra.com\/blog\/#organization","name":"Ag\u00eancia iNFRA","url":"https:\/\/agenciainfra.com\/blog\/","logo":{"@type":"ImageObject","inLanguage":"pt-BR","@id":"https:\/\/agenciainfra.com\/blog\/#\/schema\/logo\/image\/","url":"https:\/\/agenciainfra.com\/blog\/wp-content\/uploads\/2023\/09\/iNFRA_5-e1761735885940.png","contentUrl":"https:\/\/agenciainfra.com\/blog\/wp-content\/uploads\/2023\/09\/iNFRA_5-e1761735885940.png","width":1672,"height":454,"caption":"Ag\u00eancia iNFRA"},"image":{"@id":"https:\/\/agenciainfra.com\/blog\/#\/schema\/logo\/image\/"},"sameAs":["https:\/\/www.facebook.com\/ageninfra","https:\/\/x.com\/agencia_infra","https:\/\/www.linkedin.com\/company\/ag\u00eanciainfra\/","https:\/\/www.instagram.com\/agenciainfra\/"]},{"@type":"Person","@id":"https:\/\/agenciainfra.com\/blog\/#\/schema\/person\/34af08dff6adea4cb22b06612ba7acfa","name":"Ag\u00eancia iNFRA","image":{"@type":"ImageObject","inLanguage":"pt-BR","@id":"https:\/\/agenciainfra.com\/blog\/#\/schema\/person\/image\/","url":"https:\/\/secure.gravatar.com\/avatar\/d189e01678f06d8eb84d4e01f08eb848b3fffe3f8443818d3c356c66892f5be8?s=96&d=mm&r=g","contentUrl":"https:\/\/secure.gravatar.com\/avatar\/d189e01678f06d8eb84d4e01f08eb848b3fffe3f8443818d3c356c66892f5be8?s=96&d=mm&r=g","caption":"Ag\u00eancia iNFRA"},"url":"https:\/\/agenciainfra.com\/blog\/author\/admin\/"}]}},"_links":{"self":[{"href":"https:\/\/agenciainfra.com\/blog\/wp-json\/wp\/v2\/posts\/15902","targetHints":{"allow":["GET"]}}],"collection":[{"href":"https:\/\/agenciainfra.com\/blog\/wp-json\/wp\/v2\/posts"}],"about":[{"href":"https:\/\/agenciainfra.com\/blog\/wp-json\/wp\/v2\/types\/post"}],"author":[{"embeddable":true,"href":"https:\/\/agenciainfra.com\/blog\/wp-json\/wp\/v2\/users\/1"}],"replies":[{"embeddable":true,"href":"https:\/\/agenciainfra.com\/blog\/wp-json\/wp\/v2\/comments?post=15902"}],"version-history":[{"count":1,"href":"https:\/\/agenciainfra.com\/blog\/wp-json\/wp\/v2\/posts\/15902\/revisions"}],"predecessor-version":[{"id":15904,"href":"https:\/\/agenciainfra.com\/blog\/wp-json\/wp\/v2\/posts\/15902\/revisions\/15904"}],"wp:featuredmedia":[{"embeddable":true,"href":"https:\/\/agenciainfra.com\/blog\/wp-json\/wp\/v2\/media\/15903"}],"wp:attachment":[{"href":"https:\/\/agenciainfra.com\/blog\/wp-json\/wp\/v2\/media?parent=15902"}],"wp:term":[{"taxonomy":"category","embeddable":true,"href":"https:\/\/agenciainfra.com\/blog\/wp-json\/wp\/v2\/categories?post=15902"},{"taxonomy":"post_tag","embeddable":true,"href":"https:\/\/agenciainfra.com\/blog\/wp-json\/wp\/v2\/tags?post=15902"}],"curies":[{"name":"wp","href":"https:\/\/api.w.org\/{rel}","templated":true}]}}