{"id":15928,"date":"2024-04-13T09:00:00","date_gmt":"2024-04-13T12:00:00","guid":{"rendered":"https:\/\/agenciainfra.com\/blog\/?p=15928"},"modified":"2024-04-15T09:51:00","modified_gmt":"2024-04-15T12:51:00","slug":"primeira-relicitacao-de-rodovias-e-concluida-com-desconto-e-ministro-anuncia-mais-dois-lotes-ate-setembro","status":"publish","type":"post","link":"https:\/\/agenciainfra.com\/blog\/primeira-relicitacao-de-rodovias-e-concluida-com-desconto-e-ministro-anuncia-mais-dois-lotes-ate-setembro\/","title":{"rendered":"Primeira relicita\u00e7\u00e3o de rodovias \u00e9 conclu\u00edda com desconto e ministro anuncia mais dois lotes at\u00e9 setembro"},"content":{"rendered":"\n<p class=\"has-text-align-right\"><strong>da Ag\u00eancia iNFRA<\/strong><\/p>\n\n\n\n<p>O Cons\u00f3rcio Infraestrutura MG, do Grupo EPR\u00a0e\u00a0da Pefin, venceu o leil\u00e3o de concess\u00e3o da BR-040\/MG, na \u00faltima quinta-feira (11), com\u00a0desconto\u00a0sobre a tarifa b\u00e1sica de ped\u00e1gio de 11,21%.<br><br>Foi a\u00a0primeira\u00a0relicita\u00e7\u00e3o\u00a0nos termos da Lei 13.448\/2017, a Lei de\u00a0Relicita\u00e7\u00e3o,\u00a0de uma rodovia federal levada a leil\u00e3o. Houve quatro empresas na disputa, o que n\u00e3o ocorria pelo menos desde 2017 nos leil\u00f5es de concess\u00f5es federais. No ano passado, a \u00faltima tentativa de leil\u00e3o de uma rodovia n\u00e3o teve interessados.<br><br>Participaram do certame a CCR, que apresentou proposta de\u00a0desconto\u00a0de 1%,\u00a0e\u00a0o Cons\u00f3rcio Vetor Norte, com proposta de 0%. A empresa Azevedo &amp; Travassos, tamb\u00e9m participante, n\u00e3o teve seu envelope aberto por problemas de documenta\u00e7\u00e3o.<br><br>O\u00a0ministro\u00a0dos Transportes, Renan Filho, lembrou que o processo de concess\u00e3o do trecho da BR-040 foi complicado, uma vez que a concession\u00e1ria que opera a rodovia, a Via 040, do grupo Invepar, entrou na Justi\u00e7a porque o minist\u00e9rio, em governos anteriores, n\u00e3o conseguia relicitar.<br><br>Renan disse que o novo contrato corrige os erros do anterior aproveitando a curva de experi\u00eancia da pasta com concess\u00f5es rodovi\u00e1rias\u00a0e, por isso, ele acredita que o novo concession\u00e1rio vai trazer os investimentos necess\u00e1rios para a rodovia.<br><br><strong>Sem indeniza\u00e7\u00e3o<\/strong><br>A concession\u00e1ria que est\u00e1 deixando o ativo concordou com os termos apresentados pelo governo\u00a0e\u00a0n\u00e3o houve indeniza\u00e7\u00e3o pelos ativos n\u00e3o amortizados. H\u00e1, no entanto, uma parte controversa sobre essa indeniza\u00e7\u00e3o que a Via 040 discute com a ag\u00eancia.<br><br>Por isso, o diretor-geral da ANTT (Ag\u00eancia Nacional de Transportes Terrestres), Rafael Vitale, informou que n\u00e3o deve haver problemas para a transi\u00e7\u00e3o entre a antiga\u00a0e\u00a0a nova concession\u00e1ria, que ser\u00e1 feita dentro das regras da ag\u00eancia que j\u00e1 regularam outras trocas.<br><br>Jos\u00e9 Carlos Cassaniga, diretor-presidente do Grupo EPR, tamb\u00e9m afirmou que esse tema foi avaliado pela empresa\u00a0e\u00a0n\u00e3o foram identificados riscos. Segundo ele, o que foi definidor para que a empresa apresentasse proposta foram os dados de tr\u00e1fego consolidado da rodovia, que segundo ele apresentam boas perspectivas.<br><br>Cassaniga tamb\u00e9m afirmou que a empresa segue avaliando ativos\u00a0e\u00a0tem capacidade para financiar os investimentos previstos para as concess\u00f5es em que tem entrado.<br><br><strong>Avalia\u00e7\u00e3o sobre o trecho ap\u00f3s Belo Horizonte<\/strong><br>O que ainda est\u00e1 em avalia\u00e7\u00e3o pelo governo\u00a0\u00e9\u00a0como ficar\u00e1 a transi\u00e7\u00e3o na parte da rodovia que n\u00e3o foi leiloada, que vai de Belo Horizonte (MG) a Bras\u00edlia (DF). Pelas regras da lei, a concession\u00e1ria atual teria que sair de todo o trecho, mas n\u00e3o dever\u00e1\u00a0haver novo concession\u00e1rio nos trechos ap\u00f3s Belo Horizonte quando a EPR assumir.<br><br>A op\u00e7\u00e3o seria que o governo assumisse a opera\u00e7\u00e3o\u00a0at\u00e9\u00a0um novo concession\u00e1rio assinar contrato. Mas, como o prazo de quatro anos para fazer a\u00a0relicita\u00e7\u00e3o\u00a0passou\u00a0e\u00a0a Via 040 teve que ser mantida na opera\u00e7\u00e3o por uma decis\u00e3o judicial, essa sa\u00edda dos trechos n\u00e3o leillados ter\u00e1 que ser avaliada considerando essa especificidade.<br><br><strong>Vinte concess\u00f5es rodovi\u00e1rias em Minas Gerais<\/strong><br>O secret\u00e1rio de Infraestrutura de Minas Gerais, Pedro Bruno, comemorou o \u00eaxito do leil\u00e3o da BR-040\u00a0e\u00a0acrescentou que est\u00e3o previstas cerca de 20 concess\u00f5es federais ou estaduais\u00a0at\u00e9\u00a02025 no estado.<br><br>\u201cUm resultado como o de hoje prova que quando se tem bons projetos n\u00e3o faltar\u00e3o investidores. Para os investidores, podem se preparar, porque teremos outros leil\u00f5es em breve\u201d, anunciou.<br><br>O diretor-geral da ANTT, Rafael Vitale, destacou o Programa de Concess\u00e3o Rodovi\u00e1ria como uma importante ferramenta para trazer novos participantes para os leil\u00f5es.<br><br>\u201cGosto de destacar que n\u00e3o\u00a0\u00e9\u00a0s\u00f3 a elabora\u00e7\u00e3o dos projetos que tem se aprimorado, mas tamb\u00e9m a gest\u00e3o dos contratos, que traz\u00a0mais\u00a0credibilidade para os\u00a0players\u201d, disse.<br><br><strong>Novos\u00a0lotes<\/strong><br>O\u00a0ministro\u00a0Renan Filho afirmou que existem oito leil\u00f5es de concess\u00e3o rodovi\u00e1ria em an\u00e1lise no TCU (Tribunal de Contas da Uni\u00e3o)\u00a0e\u00a0que\u00a0dois\u00a0deles j\u00e1 devem ser liberados na pr\u00f3xima semana, o da BR-381\u00a0e\u00a0o da BR-040\/MG-GO (Rota dos Cristais, que\u00a0\u00e9\u00a0tamb\u00e9m parte da atual Via 040).<br><br>\u201cAgrade\u00e7o ao\u00a0ministro\u00a0Antonio Anastasia, que tem se dedicado pessoalmente para que a gente tenha agilidade, ao\u00a0ministro\u00a0Vital do R\u00eago\u00a0e\u00a0ao presidente do TCU,\u00a0ministro\u00a0Bruno Dantas, que tem colaborado com a nossa agenda de leil\u00f5es\u201d, destacou o\u00a0ministro.<br><br>Ao todo, o Minist\u00e9rio dos Transportes prev\u00ea 35 novos leil\u00f5es\u00a0at\u00e9\u00a0o fim do mandato atual\u00a0e\u00a015 otimiza\u00e7\u00f5es de contratos.\u00a0Renan afirmou que com os 35 leil\u00f5es ser\u00e3o acrescentados investimentos de R$ 180 bilh\u00f5es nas\u00a0rodovias, al\u00e9m de outros R$ 120 bilh\u00f5es em\u00a0at\u00e9\u00a015 repactua\u00e7\u00f5es que est\u00e3o em negocia\u00e7\u00e3o, somando R$ 300 bilh\u00f5es em\u00a0at\u00e9\u00a050 contratos.<br><br>&#8220;O governo anterior s\u00f3 fez seis leil\u00f5es\u00a0e\u00a0todos os que estavam desequilibrados permanecem com obras paradas. Temos que fazer muitas coisas novas\u00a0e\u00a0resolver o que estava parado&#8221;, disse o\u00a0ministro.<br><br>Al\u00e9m da BR-381\/MG\u00a0e\u00a0da Rota dos Cristais (BR-040\/MG-GO), as outras seis\u00a0rodovias\u00a0que est\u00e3o em an\u00e1lise pelo TCU s\u00e3o\u00a0dois\u00a0lotes\u00a0de concess\u00f5es do Paran\u00e1, a Rota do Zebu (BR-262\/MG), a Rota Sertaneja (BR-153\u00a0e\u00a0262\/GO)\u00a0e\u00a0os\u00a0lotes\u00a0CN1\u00a0e\u00a0CN5 de concess\u00f5es rodovi\u00e1rias.<br><br><strong>Modifica\u00e7\u00f5es necess\u00e1rias<\/strong><br>Sobre a concess\u00e3o da BR-381, Renan afirmou ainda que espera que o TCU aprove as modifica\u00e7\u00f5es que foram apresentadas para o projeto.<br><br>No ano passado houve um leil\u00e3o deserto do qual o\u00a0ministro\u00a0atribuiu o resultado \u00e0 falta de atratividade provocada por decis\u00f5es do colegiado do tribunal que impediram uma reparti\u00e7\u00e3o de riscos no contrato que daria maior atratividade.<br><br>O\u00a0ministro\u00a0confirmou que, entre as mudan\u00e7as em rela\u00e7\u00e3o \u00e0 proposta de 2023, est\u00e3o a eleva\u00e7\u00e3o da taxa interna de retorno do projeto, o compartilhamento de riscos de engenharia\u00a0e\u00a0geol\u00f3gico\u00a0e\u00a0a retirada de\u00a0dois\u00a0lotes\u00a0de obras em Belo Horizonte, que ser\u00e3o assumidos pelo poder p\u00fablico.\u00a0O novo leil\u00e3o deve ocorrer entre agosto\u00a0e\u00a0setembro.<br><br>Segundo apurou a\u00a0<strong>Ag\u00eancia iNFRA<\/strong>, no entanto, a proposta dos auditores do TCU em rela\u00e7\u00e3o \u00e0s mudan\u00e7as tem poucas altera\u00e7\u00f5es em rela\u00e7\u00e3o ao que havia sido apresentado para o fracassado leil\u00e3o anterior. A tentativa ser\u00e1 por aprovar as mudan\u00e7as propostas pelo minist\u00e9rio\u00a0e\u00a0pela ag\u00eancia com o relator da proposta, o\u00a0ministro\u00a0Antonio Anastasia.<\/p>\n","protected":false},"excerpt":{"rendered":"<p>da Ag\u00eancia iNFRA O Cons\u00f3rcio Infraestrutura MG, do Grupo EPR\u00a0e\u00a0da Pefin, venceu o leil\u00e3o de concess\u00e3o da BR-040\/MG, na \u00faltima quinta-feira (11), com\u00a0desconto\u00a0sobre a tarifa b\u00e1sica de ped\u00e1gio de 11,21%. Foi a\u00a0primeira\u00a0relicita\u00e7\u00e3o\u00a0nos termos da Lei 13.448\/2017, a Lei de\u00a0Relicita\u00e7\u00e3o,\u00a0de uma rodovia federal levada a leil\u00e3o. Houve quatro empresas na disputa, o que n\u00e3o ocorria pelo [&hellip;]<\/p>\n","protected":false},"author":1,"featured_media":15929,"comment_status":"closed","ping_status":"closed","sticky":false,"template":"","format":"standard","meta":{"_monsterinsights_skip_tracking":false,"_monsterinsights_sitenote_active":false,"_monsterinsights_sitenote_note":"","_monsterinsights_sitenote_category":0,"footnotes":""},"categories":[7250,1,7],"tags":[3252,19,9053,514,7644,5909,396,588,6326,1137,9052,9049,9051,1020,9050,525,5975,254,9054,16,7003,9055,4611,1027,6248,8010,6006,7601,4814,18,927,1019,860],"class_list":["post-15928","post","type-post","status-publish","format-standard","has-post-thumbnail","hentry","category-destaque-lista","category-geral","category-infratransporte","tag-antonio-anastasia","tag-antt","tag-azevedo-travassos","tag-br-040","tag-br-040-mg","tag-br-040-mg-go","tag-bruno-dantas","tag-ccr","tag-compartilhamento-de-riscos","tag-concessao-rodoviaria","tag-consorcio-infraestrutura-mg","tag-consorcio-vetor-norte","tag-grupo-epr","tag-invepar","tag-jose-carlos-cassaniga","tag-lei-13-448-2017","tag-lei-de-relicitacao","tag-leilao","tag-lotes-de-concessoes-rodoviarias","tag-ministerio-dos-transportes","tag-pedro-bruno","tag-pefin","tag-rafael-vitale","tag-relicitacao","tag-renan-filho","tag-repactuacao-de-contratos","tag-rodovia-federal","tag-rota-dos-cristais","tag-taxa-interna-de-retorno","tag-tcu","tag-tribunal-de-contas-da-uniao","tag-via-040","tag-vital-do-rego"],"yoast_head":"<!-- This site is optimized with the Yoast SEO Premium plugin v25.4 (Yoast SEO v26.0) - https:\/\/yoast.com\/wordpress\/plugins\/seo\/ -->\n<title>Primeira relicita\u00e7\u00e3o de rodovias \u00e9 conclu\u00edda com desconto e ministro anuncia mais dois lotes at\u00e9 setembro - Ag\u00eancia iNFRA<\/title>\n<meta name=\"robots\" content=\"index, follow, max-snippet:-1, max-image-preview:large, max-video-preview:-1\" \/>\n<link rel=\"canonical\" href=\"https:\/\/agenciainfra.com\/blog\/primeira-relicitacao-de-rodovias-e-concluida-com-desconto-e-ministro-anuncia-mais-dois-lotes-ate-setembro\/\" \/>\n<meta property=\"og:locale\" content=\"pt_BR\" \/>\n<meta property=\"og:type\" content=\"article\" \/>\n<meta property=\"og:title\" content=\"Primeira relicita\u00e7\u00e3o de rodovias \u00e9 conclu\u00edda com desconto e ministro anuncia mais dois lotes at\u00e9 setembro\" \/>\n<meta property=\"og:description\" content=\"da Ag\u00eancia iNFRA O Cons\u00f3rcio Infraestrutura MG, do Grupo EPR\u00a0e\u00a0da Pefin, venceu o leil\u00e3o de concess\u00e3o da BR-040\/MG, na \u00faltima quinta-feira (11), com\u00a0desconto\u00a0sobre a tarifa b\u00e1sica de ped\u00e1gio de 11,21%. Foi a\u00a0primeira\u00a0relicita\u00e7\u00e3o\u00a0nos termos da Lei 13.448\/2017, a Lei de\u00a0Relicita\u00e7\u00e3o,\u00a0de uma rodovia federal levada a leil\u00e3o. Houve quatro empresas na disputa, o que n\u00e3o ocorria pelo [&hellip;]\" \/>\n<meta property=\"og:url\" content=\"https:\/\/agenciainfra.com\/blog\/primeira-relicitacao-de-rodovias-e-concluida-com-desconto-e-ministro-anuncia-mais-dois-lotes-ate-setembro\/\" \/>\n<meta property=\"og:site_name\" content=\"Ag\u00eancia iNFRA\" \/>\n<meta property=\"article:publisher\" content=\"https:\/\/www.facebook.com\/ageninfra\" \/>\n<meta property=\"article:published_time\" content=\"2024-04-13T12:00:00+00:00\" \/>\n<meta property=\"article:modified_time\" content=\"2024-04-15T12:51:00+00:00\" \/>\n<meta property=\"og:image\" content=\"https:\/\/agenciainfra.com\/blog\/wp-content\/uploads\/2024\/04\/leilao-br-040-mg-foto-agencia-brasil-paulo-pinto.jpg\" \/>\n\t<meta property=\"og:image:width\" content=\"1201\" \/>\n\t<meta property=\"og:image:height\" content=\"783\" \/>\n\t<meta property=\"og:image:type\" content=\"image\/jpeg\" \/>\n<meta name=\"author\" content=\"Ag\u00eancia iNFRA\" \/>\n<meta name=\"twitter:card\" content=\"summary_large_image\" \/>\n<meta name=\"twitter:creator\" content=\"@agencia_infra\" \/>\n<meta name=\"twitter:site\" content=\"@agencia_infra\" \/>\n<meta name=\"twitter:label1\" content=\"Escrito por\" \/>\n\t<meta name=\"twitter:data1\" content=\"Ag\u00eancia iNFRA\" \/>\n\t<meta name=\"twitter:label2\" content=\"Est. tempo de leitura\" \/>\n\t<meta name=\"twitter:data2\" content=\"6 minutos\" \/>\n<script type=\"application\/ld+json\" class=\"yoast-schema-graph\">{\"@context\":\"https:\/\/schema.org\",\"@graph\":[{\"@type\":\"Article\",\"@id\":\"https:\/\/agenciainfra.com\/blog\/primeira-relicitacao-de-rodovias-e-concluida-com-desconto-e-ministro-anuncia-mais-dois-lotes-ate-setembro\/#article\",\"isPartOf\":{\"@id\":\"https:\/\/agenciainfra.com\/blog\/primeira-relicitacao-de-rodovias-e-concluida-com-desconto-e-ministro-anuncia-mais-dois-lotes-ate-setembro\/\"},\"author\":{\"name\":\"Ag\u00eancia iNFRA\",\"@id\":\"https:\/\/agenciainfra.com\/blog\/#\/schema\/person\/34af08dff6adea4cb22b06612ba7acfa\"},\"headline\":\"Primeira relicita\u00e7\u00e3o de rodovias \u00e9 conclu\u00edda com desconto e ministro anuncia mais dois lotes at\u00e9 setembro\",\"datePublished\":\"2024-04-13T12:00:00+00:00\",\"dateModified\":\"2024-04-15T12:51:00+00:00\",\"mainEntityOfPage\":{\"@id\":\"https:\/\/agenciainfra.com\/blog\/primeira-relicitacao-de-rodovias-e-concluida-com-desconto-e-ministro-anuncia-mais-dois-lotes-ate-setembro\/\"},\"wordCount\":1130,\"publisher\":{\"@id\":\"https:\/\/agenciainfra.com\/blog\/#organization\"},\"image\":{\"@id\":\"https:\/\/agenciainfra.com\/blog\/primeira-relicitacao-de-rodovias-e-concluida-com-desconto-e-ministro-anuncia-mais-dois-lotes-ate-setembro\/#primaryimage\"},\"thumbnailUrl\":\"https:\/\/agenciainfra.com\/blog\/wp-content\/uploads\/2024\/04\/leilao-br-040-mg-foto-agencia-brasil-paulo-pinto.jpg\",\"keywords\":[\"Antonio Anastasia\",\"ANTT\",\"Azevedo &amp; Travassos\",\"BR-040\",\"BR-040\/MG\",\"BR-040\/MG-GO\",\"Bruno Dantas\",\"CCR\",\"compartilhamento de riscos\",\"concess\u00e3o rodovi\u00e1ria\",\"Cons\u00f3rcio Infraestrutura MG\",\"Cons\u00f3rcio Vetor Norte\",\"Grupo EPR\",\"Invepar\",\"Jos\u00e9 Carlos Cassaniga\",\"Lei 13.448\/2017\",\"Lei de Relicita\u00e7\u00e3o\",\"leil\u00e3o\",\"Lotes de concess\u00f5es rodovi\u00e1rias\",\"minist\u00e9rio dos transportes\",\"Pedro Bruno\",\"Pefin\",\"Rafael Vitale\",\"relicita\u00e7\u00e3o\",\"Renan Filho\",\"repactua\u00e7\u00e3o de contratos\",\"rodovia federal\",\"Rota dos Cristais\",\"Taxa Interna de Retorno\",\"TCU\",\"Tribunal de Contas da Uni\u00e3o\",\"Via 040\",\"Vital do R\u00eago\"],\"articleSection\":[\"Destaque lista\",\"Geral\",\"iNFRATransporte\"],\"inLanguage\":\"pt-BR\",\"copyrightYear\":\"2024\",\"copyrightHolder\":{\"@id\":\"https:\/\/agenciainfra.com\/blog\/#organization\"}},{\"@type\":\"WebPage\",\"@id\":\"https:\/\/agenciainfra.com\/blog\/primeira-relicitacao-de-rodovias-e-concluida-com-desconto-e-ministro-anuncia-mais-dois-lotes-ate-setembro\/\",\"url\":\"https:\/\/agenciainfra.com\/blog\/primeira-relicitacao-de-rodovias-e-concluida-com-desconto-e-ministro-anuncia-mais-dois-lotes-ate-setembro\/\",\"name\":\"Primeira relicita\u00e7\u00e3o de rodovias \u00e9 conclu\u00edda com desconto e ministro anuncia mais dois lotes at\u00e9 setembro - Ag\u00eancia iNFRA\",\"isPartOf\":{\"@id\":\"https:\/\/agenciainfra.com\/blog\/#website\"},\"primaryImageOfPage\":{\"@id\":\"https:\/\/agenciainfra.com\/blog\/primeira-relicitacao-de-rodovias-e-concluida-com-desconto-e-ministro-anuncia-mais-dois-lotes-ate-setembro\/#primaryimage\"},\"image\":{\"@id\":\"https:\/\/agenciainfra.com\/blog\/primeira-relicitacao-de-rodovias-e-concluida-com-desconto-e-ministro-anuncia-mais-dois-lotes-ate-setembro\/#primaryimage\"},\"thumbnailUrl\":\"https:\/\/agenciainfra.com\/blog\/wp-content\/uploads\/2024\/04\/leilao-br-040-mg-foto-agencia-brasil-paulo-pinto.jpg\",\"datePublished\":\"2024-04-13T12:00:00+00:00\",\"dateModified\":\"2024-04-15T12:51:00+00:00\",\"breadcrumb\":{\"@id\":\"https:\/\/agenciainfra.com\/blog\/primeira-relicitacao-de-rodovias-e-concluida-com-desconto-e-ministro-anuncia-mais-dois-lotes-ate-setembro\/#breadcrumb\"},\"inLanguage\":\"pt-BR\",\"potentialAction\":[{\"@type\":\"ReadAction\",\"target\":[\"https:\/\/agenciainfra.com\/blog\/primeira-relicitacao-de-rodovias-e-concluida-com-desconto-e-ministro-anuncia-mais-dois-lotes-ate-setembro\/\"]}]},{\"@type\":\"ImageObject\",\"inLanguage\":\"pt-BR\",\"@id\":\"https:\/\/agenciainfra.com\/blog\/primeira-relicitacao-de-rodovias-e-concluida-com-desconto-e-ministro-anuncia-mais-dois-lotes-ate-setembro\/#primaryimage\",\"url\":\"https:\/\/agenciainfra.com\/blog\/wp-content\/uploads\/2024\/04\/leilao-br-040-mg-foto-agencia-brasil-paulo-pinto.jpg\",\"contentUrl\":\"https:\/\/agenciainfra.com\/blog\/wp-content\/uploads\/2024\/04\/leilao-br-040-mg-foto-agencia-brasil-paulo-pinto.jpg\",\"width\":1201,\"height\":783,\"caption\":\"S\u00e3o Paulo (SP) 11\/04\/2024 - Ag\u00eancia Nacional de Transportes Terrestres (ANTT) - Leil\u00e3o para a concess\u00e3o da BR-040\/MG, que contou com a presen\u00e7a do Ministro dos Transportes Renan Filho. Foto: Paulo Pinto\/Ag\u00eancia Brasil\"},{\"@type\":\"BreadcrumbList\",\"@id\":\"https:\/\/agenciainfra.com\/blog\/primeira-relicitacao-de-rodovias-e-concluida-com-desconto-e-ministro-anuncia-mais-dois-lotes-ate-setembro\/#breadcrumb\",\"itemListElement\":[{\"@type\":\"ListItem\",\"position\":1,\"name\":\"In\u00edcio\",\"item\":\"https:\/\/agenciainfra.com\/blog\/\"},{\"@type\":\"ListItem\",\"position\":2,\"name\":\"Primeira relicita\u00e7\u00e3o de rodovias \u00e9 conclu\u00edda com desconto e ministro anuncia mais dois lotes at\u00e9 setembro\"}]},{\"@type\":\"WebSite\",\"@id\":\"https:\/\/agenciainfra.com\/blog\/#website\",\"url\":\"https:\/\/agenciainfra.com\/blog\/\",\"name\":\"Ag\u00eancia iNFRA\",\"description\":\"Multiplataforma de informa\u00e7\u00e3o jornal\u00edstica refer\u00eancia na \u00e1rea de infraestrutura no Brasil!\",\"publisher\":{\"@id\":\"https:\/\/agenciainfra.com\/blog\/#organization\"},\"potentialAction\":[{\"@type\":\"SearchAction\",\"target\":{\"@type\":\"EntryPoint\",\"urlTemplate\":\"https:\/\/agenciainfra.com\/blog\/?s={search_term_string}\"},\"query-input\":{\"@type\":\"PropertyValueSpecification\",\"valueRequired\":true,\"valueName\":\"search_term_string\"}}],\"inLanguage\":\"pt-BR\"},{\"@type\":\"Organization\",\"@id\":\"https:\/\/agenciainfra.com\/blog\/#organization\",\"name\":\"Ag\u00eancia iNFRA\",\"url\":\"https:\/\/agenciainfra.com\/blog\/\",\"logo\":{\"@type\":\"ImageObject\",\"inLanguage\":\"pt-BR\",\"@id\":\"https:\/\/agenciainfra.com\/blog\/#\/schema\/logo\/image\/\",\"url\":\"https:\/\/agenciainfra.com\/blog\/wp-content\/uploads\/2023\/09\/iNFRA_5-e1761735885940.png\",\"contentUrl\":\"https:\/\/agenciainfra.com\/blog\/wp-content\/uploads\/2023\/09\/iNFRA_5-e1761735885940.png\",\"width\":1672,\"height\":454,\"caption\":\"Ag\u00eancia iNFRA\"},\"image\":{\"@id\":\"https:\/\/agenciainfra.com\/blog\/#\/schema\/logo\/image\/\"},\"sameAs\":[\"https:\/\/www.facebook.com\/ageninfra\",\"https:\/\/x.com\/agencia_infra\",\"https:\/\/www.linkedin.com\/company\/ag\u00eanciainfra\/\",\"https:\/\/www.instagram.com\/agenciainfra\/\"]},{\"@type\":\"Person\",\"@id\":\"https:\/\/agenciainfra.com\/blog\/#\/schema\/person\/34af08dff6adea4cb22b06612ba7acfa\",\"name\":\"Ag\u00eancia iNFRA\",\"image\":{\"@type\":\"ImageObject\",\"inLanguage\":\"pt-BR\",\"@id\":\"https:\/\/agenciainfra.com\/blog\/#\/schema\/person\/image\/\",\"url\":\"https:\/\/secure.gravatar.com\/avatar\/d189e01678f06d8eb84d4e01f08eb848b3fffe3f8443818d3c356c66892f5be8?s=96&d=mm&r=g\",\"contentUrl\":\"https:\/\/secure.gravatar.com\/avatar\/d189e01678f06d8eb84d4e01f08eb848b3fffe3f8443818d3c356c66892f5be8?s=96&d=mm&r=g\",\"caption\":\"Ag\u00eancia iNFRA\"},\"url\":\"https:\/\/agenciainfra.com\/blog\/author\/admin\/\"}]}<\/script>\n<!-- \/ Yoast SEO Premium plugin. -->","yoast_head_json":{"title":"Primeira relicita\u00e7\u00e3o de rodovias \u00e9 conclu\u00edda com desconto e ministro anuncia mais dois lotes at\u00e9 setembro - Ag\u00eancia iNFRA","robots":{"index":"index","follow":"follow","max-snippet":"max-snippet:-1","max-image-preview":"max-image-preview:large","max-video-preview":"max-video-preview:-1"},"canonical":"https:\/\/agenciainfra.com\/blog\/primeira-relicitacao-de-rodovias-e-concluida-com-desconto-e-ministro-anuncia-mais-dois-lotes-ate-setembro\/","og_locale":"pt_BR","og_type":"article","og_title":"Primeira relicita\u00e7\u00e3o de rodovias \u00e9 conclu\u00edda com desconto e ministro anuncia mais dois lotes at\u00e9 setembro","og_description":"da Ag\u00eancia iNFRA O Cons\u00f3rcio Infraestrutura MG, do Grupo EPR\u00a0e\u00a0da Pefin, venceu o leil\u00e3o de concess\u00e3o da BR-040\/MG, na \u00faltima quinta-feira (11), com\u00a0desconto\u00a0sobre a tarifa b\u00e1sica de ped\u00e1gio de 11,21%. Foi a\u00a0primeira\u00a0relicita\u00e7\u00e3o\u00a0nos termos da Lei 13.448\/2017, a Lei de\u00a0Relicita\u00e7\u00e3o,\u00a0de uma rodovia federal levada a leil\u00e3o. Houve quatro empresas na disputa, o que n\u00e3o ocorria pelo [&hellip;]","og_url":"https:\/\/agenciainfra.com\/blog\/primeira-relicitacao-de-rodovias-e-concluida-com-desconto-e-ministro-anuncia-mais-dois-lotes-ate-setembro\/","og_site_name":"Ag\u00eancia iNFRA","article_publisher":"https:\/\/www.facebook.com\/ageninfra","article_published_time":"2024-04-13T12:00:00+00:00","article_modified_time":"2024-04-15T12:51:00+00:00","og_image":[{"width":1201,"height":783,"url":"https:\/\/agenciainfra.com\/blog\/wp-content\/uploads\/2024\/04\/leilao-br-040-mg-foto-agencia-brasil-paulo-pinto.jpg","type":"image\/jpeg"}],"author":"Ag\u00eancia iNFRA","twitter_card":"summary_large_image","twitter_creator":"@agencia_infra","twitter_site":"@agencia_infra","twitter_misc":{"Escrito por":"Ag\u00eancia iNFRA","Est. tempo de leitura":"6 minutos"},"schema":{"@context":"https:\/\/schema.org","@graph":[{"@type":"Article","@id":"https:\/\/agenciainfra.com\/blog\/primeira-relicitacao-de-rodovias-e-concluida-com-desconto-e-ministro-anuncia-mais-dois-lotes-ate-setembro\/#article","isPartOf":{"@id":"https:\/\/agenciainfra.com\/blog\/primeira-relicitacao-de-rodovias-e-concluida-com-desconto-e-ministro-anuncia-mais-dois-lotes-ate-setembro\/"},"author":{"name":"Ag\u00eancia iNFRA","@id":"https:\/\/agenciainfra.com\/blog\/#\/schema\/person\/34af08dff6adea4cb22b06612ba7acfa"},"headline":"Primeira relicita\u00e7\u00e3o de rodovias \u00e9 conclu\u00edda com desconto e ministro anuncia mais dois lotes at\u00e9 setembro","datePublished":"2024-04-13T12:00:00+00:00","dateModified":"2024-04-15T12:51:00+00:00","mainEntityOfPage":{"@id":"https:\/\/agenciainfra.com\/blog\/primeira-relicitacao-de-rodovias-e-concluida-com-desconto-e-ministro-anuncia-mais-dois-lotes-ate-setembro\/"},"wordCount":1130,"publisher":{"@id":"https:\/\/agenciainfra.com\/blog\/#organization"},"image":{"@id":"https:\/\/agenciainfra.com\/blog\/primeira-relicitacao-de-rodovias-e-concluida-com-desconto-e-ministro-anuncia-mais-dois-lotes-ate-setembro\/#primaryimage"},"thumbnailUrl":"https:\/\/agenciainfra.com\/blog\/wp-content\/uploads\/2024\/04\/leilao-br-040-mg-foto-agencia-brasil-paulo-pinto.jpg","keywords":["Antonio Anastasia","ANTT","Azevedo &amp; Travassos","BR-040","BR-040\/MG","BR-040\/MG-GO","Bruno Dantas","CCR","compartilhamento de riscos","concess\u00e3o rodovi\u00e1ria","Cons\u00f3rcio Infraestrutura MG","Cons\u00f3rcio Vetor Norte","Grupo EPR","Invepar","Jos\u00e9 Carlos Cassaniga","Lei 13.448\/2017","Lei de Relicita\u00e7\u00e3o","leil\u00e3o","Lotes de concess\u00f5es rodovi\u00e1rias","minist\u00e9rio dos transportes","Pedro Bruno","Pefin","Rafael Vitale","relicita\u00e7\u00e3o","Renan Filho","repactua\u00e7\u00e3o de contratos","rodovia federal","Rota dos Cristais","Taxa Interna de Retorno","TCU","Tribunal de Contas da Uni\u00e3o","Via 040","Vital do R\u00eago"],"articleSection":["Destaque lista","Geral","iNFRATransporte"],"inLanguage":"pt-BR","copyrightYear":"2024","copyrightHolder":{"@id":"https:\/\/agenciainfra.com\/blog\/#organization"}},{"@type":"WebPage","@id":"https:\/\/agenciainfra.com\/blog\/primeira-relicitacao-de-rodovias-e-concluida-com-desconto-e-ministro-anuncia-mais-dois-lotes-ate-setembro\/","url":"https:\/\/agenciainfra.com\/blog\/primeira-relicitacao-de-rodovias-e-concluida-com-desconto-e-ministro-anuncia-mais-dois-lotes-ate-setembro\/","name":"Primeira relicita\u00e7\u00e3o de rodovias \u00e9 conclu\u00edda com desconto e ministro anuncia mais dois lotes at\u00e9 setembro - Ag\u00eancia iNFRA","isPartOf":{"@id":"https:\/\/agenciainfra.com\/blog\/#website"},"primaryImageOfPage":{"@id":"https:\/\/agenciainfra.com\/blog\/primeira-relicitacao-de-rodovias-e-concluida-com-desconto-e-ministro-anuncia-mais-dois-lotes-ate-setembro\/#primaryimage"},"image":{"@id":"https:\/\/agenciainfra.com\/blog\/primeira-relicitacao-de-rodovias-e-concluida-com-desconto-e-ministro-anuncia-mais-dois-lotes-ate-setembro\/#primaryimage"},"thumbnailUrl":"https:\/\/agenciainfra.com\/blog\/wp-content\/uploads\/2024\/04\/leilao-br-040-mg-foto-agencia-brasil-paulo-pinto.jpg","datePublished":"2024-04-13T12:00:00+00:00","dateModified":"2024-04-15T12:51:00+00:00","breadcrumb":{"@id":"https:\/\/agenciainfra.com\/blog\/primeira-relicitacao-de-rodovias-e-concluida-com-desconto-e-ministro-anuncia-mais-dois-lotes-ate-setembro\/#breadcrumb"},"inLanguage":"pt-BR","potentialAction":[{"@type":"ReadAction","target":["https:\/\/agenciainfra.com\/blog\/primeira-relicitacao-de-rodovias-e-concluida-com-desconto-e-ministro-anuncia-mais-dois-lotes-ate-setembro\/"]}]},{"@type":"ImageObject","inLanguage":"pt-BR","@id":"https:\/\/agenciainfra.com\/blog\/primeira-relicitacao-de-rodovias-e-concluida-com-desconto-e-ministro-anuncia-mais-dois-lotes-ate-setembro\/#primaryimage","url":"https:\/\/agenciainfra.com\/blog\/wp-content\/uploads\/2024\/04\/leilao-br-040-mg-foto-agencia-brasil-paulo-pinto.jpg","contentUrl":"https:\/\/agenciainfra.com\/blog\/wp-content\/uploads\/2024\/04\/leilao-br-040-mg-foto-agencia-brasil-paulo-pinto.jpg","width":1201,"height":783,"caption":"S\u00e3o Paulo (SP) 11\/04\/2024 - Ag\u00eancia Nacional de Transportes Terrestres (ANTT) - Leil\u00e3o para a concess\u00e3o da BR-040\/MG, que contou com a presen\u00e7a do Ministro dos Transportes Renan Filho. Foto: Paulo Pinto\/Ag\u00eancia Brasil"},{"@type":"BreadcrumbList","@id":"https:\/\/agenciainfra.com\/blog\/primeira-relicitacao-de-rodovias-e-concluida-com-desconto-e-ministro-anuncia-mais-dois-lotes-ate-setembro\/#breadcrumb","itemListElement":[{"@type":"ListItem","position":1,"name":"In\u00edcio","item":"https:\/\/agenciainfra.com\/blog\/"},{"@type":"ListItem","position":2,"name":"Primeira relicita\u00e7\u00e3o de rodovias \u00e9 conclu\u00edda com desconto e ministro anuncia mais dois lotes at\u00e9 setembro"}]},{"@type":"WebSite","@id":"https:\/\/agenciainfra.com\/blog\/#website","url":"https:\/\/agenciainfra.com\/blog\/","name":"Ag\u00eancia iNFRA","description":"Multiplataforma de informa\u00e7\u00e3o jornal\u00edstica refer\u00eancia na \u00e1rea de infraestrutura no Brasil!","publisher":{"@id":"https:\/\/agenciainfra.com\/blog\/#organization"},"potentialAction":[{"@type":"SearchAction","target":{"@type":"EntryPoint","urlTemplate":"https:\/\/agenciainfra.com\/blog\/?s={search_term_string}"},"query-input":{"@type":"PropertyValueSpecification","valueRequired":true,"valueName":"search_term_string"}}],"inLanguage":"pt-BR"},{"@type":"Organization","@id":"https:\/\/agenciainfra.com\/blog\/#organization","name":"Ag\u00eancia iNFRA","url":"https:\/\/agenciainfra.com\/blog\/","logo":{"@type":"ImageObject","inLanguage":"pt-BR","@id":"https:\/\/agenciainfra.com\/blog\/#\/schema\/logo\/image\/","url":"https:\/\/agenciainfra.com\/blog\/wp-content\/uploads\/2023\/09\/iNFRA_5-e1761735885940.png","contentUrl":"https:\/\/agenciainfra.com\/blog\/wp-content\/uploads\/2023\/09\/iNFRA_5-e1761735885940.png","width":1672,"height":454,"caption":"Ag\u00eancia iNFRA"},"image":{"@id":"https:\/\/agenciainfra.com\/blog\/#\/schema\/logo\/image\/"},"sameAs":["https:\/\/www.facebook.com\/ageninfra","https:\/\/x.com\/agencia_infra","https:\/\/www.linkedin.com\/company\/ag\u00eanciainfra\/","https:\/\/www.instagram.com\/agenciainfra\/"]},{"@type":"Person","@id":"https:\/\/agenciainfra.com\/blog\/#\/schema\/person\/34af08dff6adea4cb22b06612ba7acfa","name":"Ag\u00eancia iNFRA","image":{"@type":"ImageObject","inLanguage":"pt-BR","@id":"https:\/\/agenciainfra.com\/blog\/#\/schema\/person\/image\/","url":"https:\/\/secure.gravatar.com\/avatar\/d189e01678f06d8eb84d4e01f08eb848b3fffe3f8443818d3c356c66892f5be8?s=96&d=mm&r=g","contentUrl":"https:\/\/secure.gravatar.com\/avatar\/d189e01678f06d8eb84d4e01f08eb848b3fffe3f8443818d3c356c66892f5be8?s=96&d=mm&r=g","caption":"Ag\u00eancia iNFRA"},"url":"https:\/\/agenciainfra.com\/blog\/author\/admin\/"}]}},"_links":{"self":[{"href":"https:\/\/agenciainfra.com\/blog\/wp-json\/wp\/v2\/posts\/15928","targetHints":{"allow":["GET"]}}],"collection":[{"href":"https:\/\/agenciainfra.com\/blog\/wp-json\/wp\/v2\/posts"}],"about":[{"href":"https:\/\/agenciainfra.com\/blog\/wp-json\/wp\/v2\/types\/post"}],"author":[{"embeddable":true,"href":"https:\/\/agenciainfra.com\/blog\/wp-json\/wp\/v2\/users\/1"}],"replies":[{"embeddable":true,"href":"https:\/\/agenciainfra.com\/blog\/wp-json\/wp\/v2\/comments?post=15928"}],"version-history":[{"count":1,"href":"https:\/\/agenciainfra.com\/blog\/wp-json\/wp\/v2\/posts\/15928\/revisions"}],"predecessor-version":[{"id":15930,"href":"https:\/\/agenciainfra.com\/blog\/wp-json\/wp\/v2\/posts\/15928\/revisions\/15930"}],"wp:featuredmedia":[{"embeddable":true,"href":"https:\/\/agenciainfra.com\/blog\/wp-json\/wp\/v2\/media\/15929"}],"wp:attachment":[{"href":"https:\/\/agenciainfra.com\/blog\/wp-json\/wp\/v2\/media?parent=15928"}],"wp:term":[{"taxonomy":"category","embeddable":true,"href":"https:\/\/agenciainfra.com\/blog\/wp-json\/wp\/v2\/categories?post=15928"},{"taxonomy":"post_tag","embeddable":true,"href":"https:\/\/agenciainfra.com\/blog\/wp-json\/wp\/v2\/tags?post=15928"}],"curies":[{"name":"wp","href":"https:\/\/api.w.org\/{rel}","templated":true}]}}