{"id":1615,"date":"2018-05-07T07:30:30","date_gmt":"2018-05-07T10:30:30","guid":{"rendered":"http:\/\/www.agenciainfra.com\/blog\/?p=1615"},"modified":"2018-05-06T15:00:54","modified_gmt":"2018-05-06T18:00:54","slug":"mp-do-tcu-da-parecer-sobre-concessao-da-ris-e-processo-deve-ser-decidido-pelo-orgao-neste-mes","status":"publish","type":"post","link":"https:\/\/agenciainfra.com\/blog\/mp-do-tcu-da-parecer-sobre-concessao-da-ris-e-processo-deve-ser-decidido-pelo-orgao-neste-mes\/","title":{"rendered":"MP do TCU d\u00e1 parecer sobre concess\u00e3o da RIS e processo deve ser decidido pelo \u00f3rg\u00e3o neste m\u00eas"},"content":{"rendered":"<h5 style=\"text-align: right;\">Dimmi Amora, da Ag\u00eancia iNFRA<\/h5>\n<p style=\"text-align: left;\">O procurador do Minist\u00e9rio P\u00fablico\u00a0junto ao TCU (Tribunal de Contas da Uni\u00e3o) Marinus Marsico apresentou, nesta semana, seu parecer sobre a concess\u00e3o da RIS (Rodovia de Integra\u00e7\u00e3o do Sul), projeto que o governo tenta leiloar este ano, mas que esbarrou em obje\u00e7\u00f5es da \u00e1rea t\u00e9cnica do \u00f3rg\u00e3o. O documento aponta\u00a0para a aprova\u00e7\u00e3o da concess\u00e3o, com a solicita\u00e7\u00e3o de algumas mudan\u00e7as no modelo do governo.\u00a0O\u00a0processo dever\u00e1 ser pautado para que o plen\u00e1rio do \u00f3rg\u00e3o decida sobre se aprova ou n\u00e3o os estudos de viabilidade nas pr\u00f3ximas semanas.<\/p>\n<p>O parecer do Minist\u00e9rio P\u00fablico, neste caso, n\u00e3o era obrigat\u00f3rio, mas foi aceito pelo relator do processo, ministro Bruno Dantas. Conforme a\u00a0Ag\u00eancia iNFRA\u00a0vem mostrando, o caso gerou um embate t\u00e9cnico entre as posi\u00e7\u00f5es do governo e da SeinfraRodoviasAvia\u00e7\u00e3o, \u00e1rea respons\u00e1vel pela an\u00e1lise, sobre o modelo de concess\u00e3o de rodovias no pa\u00eds. A inten\u00e7\u00e3o do relator era ter maior contribui\u00e7\u00e3o ao debate levantado.<\/p>\n<p>Mas, ao longo da an\u00e1lise, os representantes do governo e do TCU se acertaram sobre 15 das 32 determina\u00e7\u00f5es de mudan\u00e7as no edital e contrato apontadas pela Seinfra. A ANTT (Ag\u00eancia Nacional de Transportes Terrestres) publicou a Resolu\u00e7\u00e3o 181, na qual aceitou fazer algumas mudan\u00e7as importantes no modelo de concess\u00f5es rodovi\u00e1rias, como o compartilhamento de risco de demanda nos casos de obras acionadas por gatilho de investimento e o estoque de obras.<\/p>\n<p>Dos 17 pontos restantes, em que n\u00e3o h\u00e1 acordo sobre altera\u00e7\u00e3o, o procurador identificou que em 13 deles o dissenso entre governo e tribunal era completo. Nos outros quatro, parcial. Marinus Marsico apresentou uma an\u00e1lise dividida em quatro\u00a0pontos, fazendo pondera\u00e7\u00f5es sobre os argumentos de cada um dos lados para se posicionar.<\/p>\n<p><strong>Fluxo de Caixa Marginal<\/strong><br \/>\nNos pontos mais relevantes de disc\u00f3rdia, o procurador deu raz\u00e3o aos argumentos da ANTT. \u00c9 o caso do modelo de reequil\u00edbrio econ\u00f4mico-financeiro calculado pelo fluxo de caixa marginal. Apesar de concordar que os argumentos dos t\u00e9cnicos do TCU sobre o modelo levar a incentivos para empresas desejarem acrescentar obras novas e n\u00e3o realizar as que estavam acordadas no leil\u00e3o, o procurador entendeu que o problema pode n\u00e3o estar no modelo em si:<\/p>\n<p>\u201cEsses dois posicionamentos antag\u00f4nicos em rela\u00e7\u00e3o \u00e0 inclus\u00e3o de novos investimentos nos levam a pensar que o problema possa n\u00e3o estar na utiliza\u00e7\u00e3o do Fluxo de Caixa Marginal em si, mas em uma poss\u00edvel baixa efetividade da fiscaliza\u00e7\u00e3o exercida pela ag\u00eancia reguladora\u201d, informando que o processo n\u00e3o seria o foro adequado para tratar do tema e recomendando ao governo um aperfei\u00e7oamento do modelo.<\/p>\n<p>Em outro ponto importante para o governo, a inclus\u00e3o de uma penalidade de maior aporte de capital pr\u00f3prio na propor\u00e7\u00e3o do desconto dado pelo vencedor do leil\u00e3o, o procurador entendeu que os dois lados poderiam ter raz\u00e3o em seus argumentos (os t\u00e9cnicos do TCU s\u00e3o contra o modelo, alegando uma redu\u00e7\u00e3o na competitividade). Mas, para o procurador, em casos de n\u00e3o demonstra\u00e7\u00e3o de que haveria preju\u00edzo ao processo, o governo teria autonomia para essa escolha. O procurador tamb\u00e9m n\u00e3o reconheceu o pedido dos t\u00e9cnicos para que s\u00f3 fosse feita a concess\u00e3o quando a ANTT demonstrasse capacidade de fiscalizar os contratos.<\/p>\n<p><strong>Fator D\u00a0<\/strong><br \/>\nMarsico deu raz\u00e3o aos t\u00e9cnicos do \u00f3rg\u00e3o de controle no caso das mudan\u00e7as pedidas em rela\u00e7\u00e3o ao Fator D, que \u00e9 o mecanismo de reequil\u00edbrio dos contratos em caso de inexecu\u00e7\u00e3o. Os t\u00e9cnicos apontaram que o modelo da ag\u00eancia trazia distor\u00e7\u00f5es de c\u00e1lculo que deixariam muitos riscos para os usu\u00e1rios.<\/p>\n<p>Agora, o relator do processo, ministro Bruno Dantas, ter\u00e1 como miss\u00e3o apresentar um relat\u00f3rio ao plen\u00e1rio do \u00f3rg\u00e3o apresentando suas conclus\u00f5es sobre o tema. Sua posi\u00e7\u00e3o pode acatar partes das alega\u00e7\u00f5es de cada lado ou completamente um dos lados, o que \u00e9 improv\u00e1vel. A tend\u00eancia atual \u00e9 que o processo seja aprovado com mais algumas mudan\u00e7as espec\u00edficas, o que abrir\u00e1 a possibilidade de pelo menos mais um leil\u00e3o de rodovias este ano, al\u00e9m da RIS, o da BR-364-365\/MT-GO.<\/p>\n","protected":false},"excerpt":{"rendered":"<p>Dimmi Amora, da Ag\u00eancia iNFRA O procurador do Minist\u00e9rio P\u00fablico\u00a0junto ao TCU (Tribunal de Contas da Uni\u00e3o) Marinus Marsico apresentou, nesta semana, seu parecer sobre a concess\u00e3o da RIS (Rodovia de Integra\u00e7\u00e3o do Sul), projeto que o governo tenta leiloar este ano, mas que esbarrou em obje\u00e7\u00f5es da \u00e1rea t\u00e9cnica do \u00f3rg\u00e3o. O documento aponta\u00a0para [&hellip;]<\/p>\n","protected":false},"author":1,"featured_media":1616,"comment_status":"closed","ping_status":"open","sticky":false,"template":"","format":"standard","meta":{"_monsterinsights_skip_tracking":false,"_monsterinsights_sitenote_active":false,"_monsterinsights_sitenote_note":"","_monsterinsights_sitenote_category":0,"footnotes":""},"categories":[7],"tags":[219,23,218,217,18],"class_list":["post-1615","post","type-post","status-publish","format-standard","has-post-thumbnail","hentry","category-infratransporte","tag-fator-d","tag-ris","tag-rodovia-de-integracao-do-sul","tag-seinfrarodoviasaviacao","tag-tcu"],"yoast_head":"<!-- This site is optimized with the Yoast SEO Premium plugin v25.4 (Yoast SEO v26.0) - https:\/\/yoast.com\/wordpress\/plugins\/seo\/ -->\n<title>MP do TCU d\u00e1 parecer sobre concess\u00e3o da RIS e processo deve ser decidido pelo \u00f3rg\u00e3o neste m\u00eas - Ag\u00eancia iNFRA<\/title>\n<meta name=\"robots\" content=\"index, follow, max-snippet:-1, max-image-preview:large, max-video-preview:-1\" \/>\n<link rel=\"canonical\" href=\"https:\/\/agenciainfra.com\/blog\/mp-do-tcu-da-parecer-sobre-concessao-da-ris-e-processo-deve-ser-decidido-pelo-orgao-neste-mes\/\" \/>\n<meta property=\"og:locale\" content=\"pt_BR\" \/>\n<meta property=\"og:type\" content=\"article\" \/>\n<meta property=\"og:title\" content=\"MP do TCU d\u00e1 parecer sobre concess\u00e3o da RIS e processo deve ser decidido pelo \u00f3rg\u00e3o neste m\u00eas\" \/>\n<meta property=\"og:description\" content=\"Dimmi Amora, da Ag\u00eancia iNFRA O procurador do Minist\u00e9rio P\u00fablico\u00a0junto ao TCU (Tribunal de Contas da Uni\u00e3o) Marinus Marsico apresentou, nesta semana, seu parecer sobre a concess\u00e3o da RIS (Rodovia de Integra\u00e7\u00e3o do Sul), projeto que o governo tenta leiloar este ano, mas que esbarrou em obje\u00e7\u00f5es da \u00e1rea t\u00e9cnica do \u00f3rg\u00e3o. O documento aponta\u00a0para [&hellip;]\" \/>\n<meta property=\"og:url\" content=\"https:\/\/agenciainfra.com\/blog\/mp-do-tcu-da-parecer-sobre-concessao-da-ris-e-processo-deve-ser-decidido-pelo-orgao-neste-mes\/\" \/>\n<meta property=\"og:site_name\" content=\"Ag\u00eancia iNFRA\" \/>\n<meta property=\"article:publisher\" content=\"https:\/\/www.facebook.com\/ageninfra\" \/>\n<meta property=\"article:published_time\" content=\"2018-05-07T10:30:30+00:00\" \/>\n<meta property=\"og:image\" content=\"https:\/\/agenciainfra.com\/blog\/wp-content\/uploads\/2018\/05\/Ris.jpg\" \/>\n\t<meta property=\"og:image:width\" content=\"640\" \/>\n\t<meta property=\"og:image:height\" content=\"473\" \/>\n\t<meta property=\"og:image:type\" content=\"image\/jpeg\" \/>\n<meta name=\"author\" content=\"Ag\u00eancia iNFRA\" \/>\n<meta name=\"twitter:card\" content=\"summary_large_image\" \/>\n<meta name=\"twitter:creator\" content=\"@agencia_infra\" \/>\n<meta name=\"twitter:site\" content=\"@agencia_infra\" \/>\n<meta name=\"twitter:label1\" content=\"Escrito por\" \/>\n\t<meta name=\"twitter:data1\" content=\"Ag\u00eancia iNFRA\" \/>\n\t<meta name=\"twitter:label2\" content=\"Est. tempo de leitura\" \/>\n\t<meta name=\"twitter:data2\" content=\"4 minutos\" \/>\n<script type=\"application\/ld+json\" class=\"yoast-schema-graph\">{\"@context\":\"https:\/\/schema.org\",\"@graph\":[{\"@type\":\"Article\",\"@id\":\"https:\/\/agenciainfra.com\/blog\/mp-do-tcu-da-parecer-sobre-concessao-da-ris-e-processo-deve-ser-decidido-pelo-orgao-neste-mes\/#article\",\"isPartOf\":{\"@id\":\"https:\/\/agenciainfra.com\/blog\/mp-do-tcu-da-parecer-sobre-concessao-da-ris-e-processo-deve-ser-decidido-pelo-orgao-neste-mes\/\"},\"author\":{\"name\":\"Ag\u00eancia iNFRA\",\"@id\":\"https:\/\/agenciainfra.com\/blog\/#\/schema\/person\/34af08dff6adea4cb22b06612ba7acfa\"},\"headline\":\"MP do TCU d\u00e1 parecer sobre concess\u00e3o da RIS e processo deve ser decidido pelo \u00f3rg\u00e3o neste m\u00eas\",\"datePublished\":\"2018-05-07T10:30:30+00:00\",\"mainEntityOfPage\":{\"@id\":\"https:\/\/agenciainfra.com\/blog\/mp-do-tcu-da-parecer-sobre-concessao-da-ris-e-processo-deve-ser-decidido-pelo-orgao-neste-mes\/\"},\"wordCount\":766,\"publisher\":{\"@id\":\"https:\/\/agenciainfra.com\/blog\/#organization\"},\"image\":{\"@id\":\"https:\/\/agenciainfra.com\/blog\/mp-do-tcu-da-parecer-sobre-concessao-da-ris-e-processo-deve-ser-decidido-pelo-orgao-neste-mes\/#primaryimage\"},\"thumbnailUrl\":\"https:\/\/agenciainfra.com\/blog\/wp-content\/uploads\/2018\/05\/Ris.jpg\",\"keywords\":[\"Fator D\",\"RIS\",\"Rodovia de Integra\u00e7\u00e3o do Sul\",\"SeinfraRodoviasAvia\u00e7\u00e3o\",\"TCU\"],\"articleSection\":[\"iNFRATransporte\"],\"inLanguage\":\"pt-BR\",\"copyrightYear\":\"2018\",\"copyrightHolder\":{\"@id\":\"https:\/\/agenciainfra.com\/blog\/#organization\"}},{\"@type\":\"WebPage\",\"@id\":\"https:\/\/agenciainfra.com\/blog\/mp-do-tcu-da-parecer-sobre-concessao-da-ris-e-processo-deve-ser-decidido-pelo-orgao-neste-mes\/\",\"url\":\"https:\/\/agenciainfra.com\/blog\/mp-do-tcu-da-parecer-sobre-concessao-da-ris-e-processo-deve-ser-decidido-pelo-orgao-neste-mes\/\",\"name\":\"MP do TCU d\u00e1 parecer sobre concess\u00e3o da RIS e processo deve ser decidido pelo \u00f3rg\u00e3o neste m\u00eas - Ag\u00eancia iNFRA\",\"isPartOf\":{\"@id\":\"https:\/\/agenciainfra.com\/blog\/#website\"},\"primaryImageOfPage\":{\"@id\":\"https:\/\/agenciainfra.com\/blog\/mp-do-tcu-da-parecer-sobre-concessao-da-ris-e-processo-deve-ser-decidido-pelo-orgao-neste-mes\/#primaryimage\"},\"image\":{\"@id\":\"https:\/\/agenciainfra.com\/blog\/mp-do-tcu-da-parecer-sobre-concessao-da-ris-e-processo-deve-ser-decidido-pelo-orgao-neste-mes\/#primaryimage\"},\"thumbnailUrl\":\"https:\/\/agenciainfra.com\/blog\/wp-content\/uploads\/2018\/05\/Ris.jpg\",\"datePublished\":\"2018-05-07T10:30:30+00:00\",\"breadcrumb\":{\"@id\":\"https:\/\/agenciainfra.com\/blog\/mp-do-tcu-da-parecer-sobre-concessao-da-ris-e-processo-deve-ser-decidido-pelo-orgao-neste-mes\/#breadcrumb\"},\"inLanguage\":\"pt-BR\",\"potentialAction\":[{\"@type\":\"ReadAction\",\"target\":[\"https:\/\/agenciainfra.com\/blog\/mp-do-tcu-da-parecer-sobre-concessao-da-ris-e-processo-deve-ser-decidido-pelo-orgao-neste-mes\/\"]}]},{\"@type\":\"ImageObject\",\"inLanguage\":\"pt-BR\",\"@id\":\"https:\/\/agenciainfra.com\/blog\/mp-do-tcu-da-parecer-sobre-concessao-da-ris-e-processo-deve-ser-decidido-pelo-orgao-neste-mes\/#primaryimage\",\"url\":\"https:\/\/agenciainfra.com\/blog\/wp-content\/uploads\/2018\/05\/Ris.jpg\",\"contentUrl\":\"https:\/\/agenciainfra.com\/blog\/wp-content\/uploads\/2018\/05\/Ris.jpg\",\"width\":640,\"height\":473},{\"@type\":\"BreadcrumbList\",\"@id\":\"https:\/\/agenciainfra.com\/blog\/mp-do-tcu-da-parecer-sobre-concessao-da-ris-e-processo-deve-ser-decidido-pelo-orgao-neste-mes\/#breadcrumb\",\"itemListElement\":[{\"@type\":\"ListItem\",\"position\":1,\"name\":\"In\u00edcio\",\"item\":\"https:\/\/agenciainfra.com\/blog\/\"},{\"@type\":\"ListItem\",\"position\":2,\"name\":\"MP do TCU d\u00e1 parecer sobre concess\u00e3o da RIS e processo deve ser decidido pelo \u00f3rg\u00e3o neste m\u00eas\"}]},{\"@type\":\"WebSite\",\"@id\":\"https:\/\/agenciainfra.com\/blog\/#website\",\"url\":\"https:\/\/agenciainfra.com\/blog\/\",\"name\":\"Ag\u00eancia iNFRA\",\"description\":\"Multiplataforma de informa\u00e7\u00e3o jornal\u00edstica refer\u00eancia na \u00e1rea de infraestrutura no Brasil!\",\"publisher\":{\"@id\":\"https:\/\/agenciainfra.com\/blog\/#organization\"},\"potentialAction\":[{\"@type\":\"SearchAction\",\"target\":{\"@type\":\"EntryPoint\",\"urlTemplate\":\"https:\/\/agenciainfra.com\/blog\/?s={search_term_string}\"},\"query-input\":{\"@type\":\"PropertyValueSpecification\",\"valueRequired\":true,\"valueName\":\"search_term_string\"}}],\"inLanguage\":\"pt-BR\"},{\"@type\":\"Organization\",\"@id\":\"https:\/\/agenciainfra.com\/blog\/#organization\",\"name\":\"Ag\u00eancia iNFRA\",\"url\":\"https:\/\/agenciainfra.com\/blog\/\",\"logo\":{\"@type\":\"ImageObject\",\"inLanguage\":\"pt-BR\",\"@id\":\"https:\/\/agenciainfra.com\/blog\/#\/schema\/logo\/image\/\",\"url\":\"https:\/\/agenciainfra.com\/blog\/wp-content\/uploads\/2023\/09\/iNFRA_5-e1761735885940.png\",\"contentUrl\":\"https:\/\/agenciainfra.com\/blog\/wp-content\/uploads\/2023\/09\/iNFRA_5-e1761735885940.png\",\"width\":1672,\"height\":454,\"caption\":\"Ag\u00eancia iNFRA\"},\"image\":{\"@id\":\"https:\/\/agenciainfra.com\/blog\/#\/schema\/logo\/image\/\"},\"sameAs\":[\"https:\/\/www.facebook.com\/ageninfra\",\"https:\/\/x.com\/agencia_infra\",\"https:\/\/www.linkedin.com\/company\/ag\u00eanciainfra\/\",\"https:\/\/www.instagram.com\/agenciainfra\/\"]},{\"@type\":\"Person\",\"@id\":\"https:\/\/agenciainfra.com\/blog\/#\/schema\/person\/34af08dff6adea4cb22b06612ba7acfa\",\"name\":\"Ag\u00eancia iNFRA\",\"image\":{\"@type\":\"ImageObject\",\"inLanguage\":\"pt-BR\",\"@id\":\"https:\/\/agenciainfra.com\/blog\/#\/schema\/person\/image\/\",\"url\":\"https:\/\/secure.gravatar.com\/avatar\/d189e01678f06d8eb84d4e01f08eb848b3fffe3f8443818d3c356c66892f5be8?s=96&d=mm&r=g\",\"contentUrl\":\"https:\/\/secure.gravatar.com\/avatar\/d189e01678f06d8eb84d4e01f08eb848b3fffe3f8443818d3c356c66892f5be8?s=96&d=mm&r=g\",\"caption\":\"Ag\u00eancia iNFRA\"},\"url\":\"https:\/\/agenciainfra.com\/blog\/author\/admin\/\"}]}<\/script>\n<!-- \/ Yoast SEO Premium plugin. -->","yoast_head_json":{"title":"MP do TCU d\u00e1 parecer sobre concess\u00e3o da RIS e processo deve ser decidido pelo \u00f3rg\u00e3o neste m\u00eas - Ag\u00eancia iNFRA","robots":{"index":"index","follow":"follow","max-snippet":"max-snippet:-1","max-image-preview":"max-image-preview:large","max-video-preview":"max-video-preview:-1"},"canonical":"https:\/\/agenciainfra.com\/blog\/mp-do-tcu-da-parecer-sobre-concessao-da-ris-e-processo-deve-ser-decidido-pelo-orgao-neste-mes\/","og_locale":"pt_BR","og_type":"article","og_title":"MP do TCU d\u00e1 parecer sobre concess\u00e3o da RIS e processo deve ser decidido pelo \u00f3rg\u00e3o neste m\u00eas","og_description":"Dimmi Amora, da Ag\u00eancia iNFRA O procurador do Minist\u00e9rio P\u00fablico\u00a0junto ao TCU (Tribunal de Contas da Uni\u00e3o) Marinus Marsico apresentou, nesta semana, seu parecer sobre a concess\u00e3o da RIS (Rodovia de Integra\u00e7\u00e3o do Sul), projeto que o governo tenta leiloar este ano, mas que esbarrou em obje\u00e7\u00f5es da \u00e1rea t\u00e9cnica do \u00f3rg\u00e3o. O documento aponta\u00a0para [&hellip;]","og_url":"https:\/\/agenciainfra.com\/blog\/mp-do-tcu-da-parecer-sobre-concessao-da-ris-e-processo-deve-ser-decidido-pelo-orgao-neste-mes\/","og_site_name":"Ag\u00eancia iNFRA","article_publisher":"https:\/\/www.facebook.com\/ageninfra","article_published_time":"2018-05-07T10:30:30+00:00","og_image":[{"width":640,"height":473,"url":"https:\/\/agenciainfra.com\/blog\/wp-content\/uploads\/2018\/05\/Ris.jpg","type":"image\/jpeg"}],"author":"Ag\u00eancia iNFRA","twitter_card":"summary_large_image","twitter_creator":"@agencia_infra","twitter_site":"@agencia_infra","twitter_misc":{"Escrito por":"Ag\u00eancia iNFRA","Est. tempo de leitura":"4 minutos"},"schema":{"@context":"https:\/\/schema.org","@graph":[{"@type":"Article","@id":"https:\/\/agenciainfra.com\/blog\/mp-do-tcu-da-parecer-sobre-concessao-da-ris-e-processo-deve-ser-decidido-pelo-orgao-neste-mes\/#article","isPartOf":{"@id":"https:\/\/agenciainfra.com\/blog\/mp-do-tcu-da-parecer-sobre-concessao-da-ris-e-processo-deve-ser-decidido-pelo-orgao-neste-mes\/"},"author":{"name":"Ag\u00eancia iNFRA","@id":"https:\/\/agenciainfra.com\/blog\/#\/schema\/person\/34af08dff6adea4cb22b06612ba7acfa"},"headline":"MP do TCU d\u00e1 parecer sobre concess\u00e3o da RIS e processo deve ser decidido pelo \u00f3rg\u00e3o neste m\u00eas","datePublished":"2018-05-07T10:30:30+00:00","mainEntityOfPage":{"@id":"https:\/\/agenciainfra.com\/blog\/mp-do-tcu-da-parecer-sobre-concessao-da-ris-e-processo-deve-ser-decidido-pelo-orgao-neste-mes\/"},"wordCount":766,"publisher":{"@id":"https:\/\/agenciainfra.com\/blog\/#organization"},"image":{"@id":"https:\/\/agenciainfra.com\/blog\/mp-do-tcu-da-parecer-sobre-concessao-da-ris-e-processo-deve-ser-decidido-pelo-orgao-neste-mes\/#primaryimage"},"thumbnailUrl":"https:\/\/agenciainfra.com\/blog\/wp-content\/uploads\/2018\/05\/Ris.jpg","keywords":["Fator D","RIS","Rodovia de Integra\u00e7\u00e3o do Sul","SeinfraRodoviasAvia\u00e7\u00e3o","TCU"],"articleSection":["iNFRATransporte"],"inLanguage":"pt-BR","copyrightYear":"2018","copyrightHolder":{"@id":"https:\/\/agenciainfra.com\/blog\/#organization"}},{"@type":"WebPage","@id":"https:\/\/agenciainfra.com\/blog\/mp-do-tcu-da-parecer-sobre-concessao-da-ris-e-processo-deve-ser-decidido-pelo-orgao-neste-mes\/","url":"https:\/\/agenciainfra.com\/blog\/mp-do-tcu-da-parecer-sobre-concessao-da-ris-e-processo-deve-ser-decidido-pelo-orgao-neste-mes\/","name":"MP do TCU d\u00e1 parecer sobre concess\u00e3o da RIS e processo deve ser decidido pelo \u00f3rg\u00e3o neste m\u00eas - Ag\u00eancia iNFRA","isPartOf":{"@id":"https:\/\/agenciainfra.com\/blog\/#website"},"primaryImageOfPage":{"@id":"https:\/\/agenciainfra.com\/blog\/mp-do-tcu-da-parecer-sobre-concessao-da-ris-e-processo-deve-ser-decidido-pelo-orgao-neste-mes\/#primaryimage"},"image":{"@id":"https:\/\/agenciainfra.com\/blog\/mp-do-tcu-da-parecer-sobre-concessao-da-ris-e-processo-deve-ser-decidido-pelo-orgao-neste-mes\/#primaryimage"},"thumbnailUrl":"https:\/\/agenciainfra.com\/blog\/wp-content\/uploads\/2018\/05\/Ris.jpg","datePublished":"2018-05-07T10:30:30+00:00","breadcrumb":{"@id":"https:\/\/agenciainfra.com\/blog\/mp-do-tcu-da-parecer-sobre-concessao-da-ris-e-processo-deve-ser-decidido-pelo-orgao-neste-mes\/#breadcrumb"},"inLanguage":"pt-BR","potentialAction":[{"@type":"ReadAction","target":["https:\/\/agenciainfra.com\/blog\/mp-do-tcu-da-parecer-sobre-concessao-da-ris-e-processo-deve-ser-decidido-pelo-orgao-neste-mes\/"]}]},{"@type":"ImageObject","inLanguage":"pt-BR","@id":"https:\/\/agenciainfra.com\/blog\/mp-do-tcu-da-parecer-sobre-concessao-da-ris-e-processo-deve-ser-decidido-pelo-orgao-neste-mes\/#primaryimage","url":"https:\/\/agenciainfra.com\/blog\/wp-content\/uploads\/2018\/05\/Ris.jpg","contentUrl":"https:\/\/agenciainfra.com\/blog\/wp-content\/uploads\/2018\/05\/Ris.jpg","width":640,"height":473},{"@type":"BreadcrumbList","@id":"https:\/\/agenciainfra.com\/blog\/mp-do-tcu-da-parecer-sobre-concessao-da-ris-e-processo-deve-ser-decidido-pelo-orgao-neste-mes\/#breadcrumb","itemListElement":[{"@type":"ListItem","position":1,"name":"In\u00edcio","item":"https:\/\/agenciainfra.com\/blog\/"},{"@type":"ListItem","position":2,"name":"MP do TCU d\u00e1 parecer sobre concess\u00e3o da RIS e processo deve ser decidido pelo \u00f3rg\u00e3o neste m\u00eas"}]},{"@type":"WebSite","@id":"https:\/\/agenciainfra.com\/blog\/#website","url":"https:\/\/agenciainfra.com\/blog\/","name":"Ag\u00eancia iNFRA","description":"Multiplataforma de informa\u00e7\u00e3o jornal\u00edstica refer\u00eancia na \u00e1rea de infraestrutura no Brasil!","publisher":{"@id":"https:\/\/agenciainfra.com\/blog\/#organization"},"potentialAction":[{"@type":"SearchAction","target":{"@type":"EntryPoint","urlTemplate":"https:\/\/agenciainfra.com\/blog\/?s={search_term_string}"},"query-input":{"@type":"PropertyValueSpecification","valueRequired":true,"valueName":"search_term_string"}}],"inLanguage":"pt-BR"},{"@type":"Organization","@id":"https:\/\/agenciainfra.com\/blog\/#organization","name":"Ag\u00eancia iNFRA","url":"https:\/\/agenciainfra.com\/blog\/","logo":{"@type":"ImageObject","inLanguage":"pt-BR","@id":"https:\/\/agenciainfra.com\/blog\/#\/schema\/logo\/image\/","url":"https:\/\/agenciainfra.com\/blog\/wp-content\/uploads\/2023\/09\/iNFRA_5-e1761735885940.png","contentUrl":"https:\/\/agenciainfra.com\/blog\/wp-content\/uploads\/2023\/09\/iNFRA_5-e1761735885940.png","width":1672,"height":454,"caption":"Ag\u00eancia iNFRA"},"image":{"@id":"https:\/\/agenciainfra.com\/blog\/#\/schema\/logo\/image\/"},"sameAs":["https:\/\/www.facebook.com\/ageninfra","https:\/\/x.com\/agencia_infra","https:\/\/www.linkedin.com\/company\/ag\u00eanciainfra\/","https:\/\/www.instagram.com\/agenciainfra\/"]},{"@type":"Person","@id":"https:\/\/agenciainfra.com\/blog\/#\/schema\/person\/34af08dff6adea4cb22b06612ba7acfa","name":"Ag\u00eancia iNFRA","image":{"@type":"ImageObject","inLanguage":"pt-BR","@id":"https:\/\/agenciainfra.com\/blog\/#\/schema\/person\/image\/","url":"https:\/\/secure.gravatar.com\/avatar\/d189e01678f06d8eb84d4e01f08eb848b3fffe3f8443818d3c356c66892f5be8?s=96&d=mm&r=g","contentUrl":"https:\/\/secure.gravatar.com\/avatar\/d189e01678f06d8eb84d4e01f08eb848b3fffe3f8443818d3c356c66892f5be8?s=96&d=mm&r=g","caption":"Ag\u00eancia iNFRA"},"url":"https:\/\/agenciainfra.com\/blog\/author\/admin\/"}]}},"_links":{"self":[{"href":"https:\/\/agenciainfra.com\/blog\/wp-json\/wp\/v2\/posts\/1615","targetHints":{"allow":["GET"]}}],"collection":[{"href":"https:\/\/agenciainfra.com\/blog\/wp-json\/wp\/v2\/posts"}],"about":[{"href":"https:\/\/agenciainfra.com\/blog\/wp-json\/wp\/v2\/types\/post"}],"author":[{"embeddable":true,"href":"https:\/\/agenciainfra.com\/blog\/wp-json\/wp\/v2\/users\/1"}],"replies":[{"embeddable":true,"href":"https:\/\/agenciainfra.com\/blog\/wp-json\/wp\/v2\/comments?post=1615"}],"version-history":[{"count":0,"href":"https:\/\/agenciainfra.com\/blog\/wp-json\/wp\/v2\/posts\/1615\/revisions"}],"wp:featuredmedia":[{"embeddable":true,"href":"https:\/\/agenciainfra.com\/blog\/wp-json\/wp\/v2\/media\/1616"}],"wp:attachment":[{"href":"https:\/\/agenciainfra.com\/blog\/wp-json\/wp\/v2\/media?parent=1615"}],"wp:term":[{"taxonomy":"category","embeddable":true,"href":"https:\/\/agenciainfra.com\/blog\/wp-json\/wp\/v2\/categories?post=1615"},{"taxonomy":"post_tag","embeddable":true,"href":"https:\/\/agenciainfra.com\/blog\/wp-json\/wp\/v2\/tags?post=1615"}],"curies":[{"name":"wp","href":"https:\/\/api.w.org\/{rel}","templated":true}]}}