{"id":16190,"date":"2024-04-17T10:00:00","date_gmt":"2024-04-17T13:00:00","guid":{"rendered":"https:\/\/agenciainfra.com\/blog\/?p=16190"},"modified":"2026-03-13T09:41:19","modified_gmt":"2026-03-13T12:41:19","slug":"prefeito-de-sao-paulo-vai-a-brasilia-em-peregrinacao-politica-sobre-a-enel","status":"publish","type":"post","link":"https:\/\/agenciainfra.com\/blog\/prefeito-de-sao-paulo-vai-a-brasilia-em-peregrinacao-politica-sobre-a-enel\/","title":{"rendered":"Prefeito de S\u00e3o Paulo vai a Bras\u00edlia em peregrina\u00e7\u00e3o pol\u00edtica sobre a Enel"},"content":{"rendered":"\n<p class=\"has-text-align-right\"><strong>Marisa Wanzeller e Leila Coimbra, da&nbsp;Ag\u00eancia iNFRA<\/strong><\/p>\n\n\n\n<p>O\u00a0prefeito\u00a0de\u00a0S\u00e3o\u00a0Paulo, Ricardo Nunes (MDB), reuniu-se com o presidente da C\u00e2mara dos Deputados, Arthur Lira (PP-AL), e com o ministro de Minas e Energia, Alexandre Silveira, nesta ter\u00e7a-feira (16), para tratar da\u00a0Enel, empresa que det\u00e9m a concess\u00e3o de energia el\u00e9trica na capital paulista. Segundo Nunes, o ministro Silveira garantiu que a companhia passa por processo de caducidade e, por isso, n\u00e3o poder\u00e1 renovar seu contrato, que vence\u00a0em\u00a02028.\u00a0<br><br>\u201cObjetivamente, minha pergunta, \u2018ministro, a\u00a0Enel\u00a0est\u00e1\u00a0em\u00a0processo de caducidade?\u2019 Ele falou que a\u00a0Enel\u00a0est\u00e1\u00a0em\u00a0processo de caducidade, e que a empresa\u00a0em\u00a0processo de caducidade n\u00e3o pode fazer a renova\u00e7\u00e3o\u201d, contou Nunes a jornalistas ap\u00f3s o encontro.<br><br>\u201cEle [Silveira]\u00a0nos respondeu que ontem [segunda-feira, dia 15]\u00a0mesmo \u00e0 noite, do Paraguai, ele ligou para o diretor-geral da Ag\u00eancia Nacional de Energia El\u00e9trica, o Sandoval [Feitosa], reafirmou essa informa\u00e7\u00e3o, est\u00e1 no processo de caducidade, portanto, no caso da\u00a0Enel, n\u00e3o ter\u00e1 a renova\u00e7\u00e3o autom\u00e1tica conforme \u00e9 previsto dentro do contexto da publica\u00e7\u00e3o desse novo decreto.\u201d<br><br>A\u00a0<strong>Ag\u00eancia iNFRA<\/strong>\u00a0apurou que a ANEEL est\u00e1 realizando fiscaliza\u00e7\u00f5es, mas n\u00e3o abriu formalmente processo de caducidade contra a\u00a0Enel\u00a0S\u00e3o\u00a0Paulo\u00a0at\u00e9 o momento.\u00a0<br><br><strong>Projeto de Lei<\/strong><br>Mais cedo, o\u00a0prefeito\u00a0entregou ao presidente Lira um projeto de lei que trata da realiza\u00e7\u00e3o de conv\u00eanios com munic\u00edpios para fiscaliza\u00e7\u00e3o das distribuidoras de energia. O presidente da C\u00e2mara j\u00e1 declarou apoio ao\u00a0<a href=\"https:\/\/agenciainfra.us14.list-manage.com\/track\/click?u=d460dd1bcf9ba0ae040e1fc0f&amp;id=e3297fb91d&amp;e=f0fa444791\" target=\"_blank\" rel=\"noreferrer noopener\">PL 1.272\/2024<\/a>, que foi protocolado pelo deputado Baleia Rossi (MDB-SP).<br><br>&#8220;Recebi do\u00a0prefeito\u00a0de\u00a0S\u00e3o\u00a0Paulo\u00a0uma proposta que autoriza a realiza\u00e7\u00e3o de conv\u00eanios entre o governo federal e os munic\u00edpios para que as prefeituras possam fiscalizar os processos de concess\u00e3o de energia el\u00e9trica. Vou dar andamento ao projeto, uma vez que milh\u00f5es de pessoas t\u00eam sofrido com a falta de energia, e as prefeituras, com a legisla\u00e7\u00e3o atual,\u00a0s\u00e3o\u00a0impedidas de cobrar do setor&#8221;, disse Lira\u00a0em\u00a0publica\u00e7\u00e3o nas redes sociais.\u00a0<br><br>Uma\u00a0justificativa para o projeto, apresentada pelo\u00a0prefeito, diz que &#8220;h\u00e1 de se reconhecer que os Munic\u00edpios e o Distrito Federal\u00a0s\u00e3o\u00a0os entes que possuem, do ponto de vista do interesse local, as melhores condi\u00e7\u00f5es para avaliar o impacto que a execu\u00e7\u00e3o indireta dos servi\u00e7os possui\u00a0em\u00a0seus respectivos territ\u00f3rios&#8221;.<br><br><strong>Decreto<\/strong><br>O\u00a0prefeito\u00a0Ricardo Nunes tamb\u00e9m disse que o ministro apresentar\u00e1 o decreto com diretrizes gerais para a renova\u00e7\u00e3o das distribuidoras a deputados no prazo de uma semana, e que\u00a0em\u00a0duas semanas ele ser\u00e1 publicado. Segundo apurou a\u00a0<strong>Ag\u00eancia iNFRA<\/strong>,\u00a0Silveira j\u00e1 prop\u00f4s ao grupo de trabalho que discute a renova\u00e7\u00e3o a previs\u00e3o de um canal de atendimento com prefeituras e governos estaduais nos novos contratos.<br><br><strong>Expurgos<\/strong><br>Segundo Nunes, o ministro ainda afirmou que os novos contratos devem retirar os expurgos \u2013 interrup\u00e7\u00f5es por causas e situa\u00e7\u00f5es espec\u00edficas que n\u00e3o entram no c\u00e1lculo dos indicadores de qualidade de servi\u00e7o (DEC e FEC).<br><br>&#8220;Para voc\u00eas terem uma ideia hoje, a\u00a0Enel, que \u00e9 essa empresa que presta um servi\u00e7o muito ruim na cidade de\u00a0S\u00e3o\u00a0Paulo\u00a0e\u00a0em\u00a0v\u00e1rios locais, ela est\u00e1 dentro do par\u00e2metro considerado que tem a ANEEL, eles foram expurgando situa\u00e7\u00f5es onde n\u00e3o se considera a falta de energia\u00a0em\u00a0v\u00e1rias situa\u00e7\u00f5es. Ele\u00a0vai\u00a0fazer a retirada de v\u00e1rios expurgos para que a gente tenha uma aferi\u00e7\u00e3o melhor da qualidade do servi\u00e7o das empresas de concess\u00e3o&#8221;, disse Nunes.<\/p>\n","protected":false},"excerpt":{"rendered":"<p>Marisa Wanzeller e Leila Coimbra, da&nbsp;Ag\u00eancia iNFRA O\u00a0prefeito\u00a0de\u00a0S\u00e3o\u00a0Paulo, Ricardo Nunes (MDB), reuniu-se com o presidente da C\u00e2mara dos Deputados, Arthur Lira (PP-AL), e com o ministro de Minas e Energia, Alexandre Silveira, nesta ter\u00e7a-feira (16), para tratar da\u00a0Enel, empresa que det\u00e9m a concess\u00e3o de energia el\u00e9trica na capital paulista. Segundo Nunes, o ministro Silveira garantiu [&hellip;]<\/p>\n","protected":false},"author":1,"featured_media":16191,"comment_status":"closed","ping_status":"closed","sticky":false,"template":"","format":"standard","meta":{"_monsterinsights_skip_tracking":false,"_monsterinsights_sitenote_active":false,"_monsterinsights_sitenote_note":"","_monsterinsights_sitenote_category":0,"footnotes":""},"categories":[7250,1,10],"tags":[6040,53,3339,1283,9101,305,9102,309,9105,9106,616,8475,9107,9104,1984,7366,8521,71,706,9103,7971,8450,1026],"class_list":["post-16190","post","type-post","status-publish","format-standard","has-post-thumbnail","hentry","category-destaque-lista","category-geral","category-infraenergia","tag-alexandre-silveira","tag-aneel","tag-arthur-lira","tag-baleia-rossi","tag-caducidade-do-contrato","tag-camara-dos-deputados","tag-convenios-entre-governo-federal-e-municipios","tag-decreto","tag-diretrizes-gerais","tag-empresas-de-concessao","tag-enel","tag-enel-sao-paulo","tag-expurgos","tag-fiscalizacao-das-distribuidoras-de-energia","tag-leila-coimbra","tag-marisa-wanzeller","tag-ministro-de-minas-e-energia","tag-mme","tag-projeto-de-lei","tag-qualidade-do-servico","tag-renovacao-das-distribuidoras","tag-ricardo-nunes","tag-sandoval-feitosa"],"yoast_head":"<!-- This site is optimized with the Yoast SEO Premium plugin v25.4 (Yoast SEO v26.0) - https:\/\/yoast.com\/wordpress\/plugins\/seo\/ -->\n<title>Prefeito de S\u00e3o Paulo vai a Bras\u00edlia em peregrina\u00e7\u00e3o pol\u00edtica sobre a Enel - Ag\u00eancia iNFRA<\/title>\n<meta name=\"robots\" content=\"index, follow, max-snippet:-1, max-image-preview:large, max-video-preview:-1\" \/>\n<link rel=\"canonical\" href=\"https:\/\/agenciainfra.com\/blog\/prefeito-de-sao-paulo-vai-a-brasilia-em-peregrinacao-politica-sobre-a-enel\/\" \/>\n<meta property=\"og:locale\" content=\"pt_BR\" \/>\n<meta property=\"og:type\" content=\"article\" \/>\n<meta property=\"og:title\" content=\"Prefeito de S\u00e3o Paulo vai a Bras\u00edlia em peregrina\u00e7\u00e3o pol\u00edtica sobre a Enel\" \/>\n<meta property=\"og:description\" content=\"Marisa Wanzeller e Leila Coimbra, da&nbsp;Ag\u00eancia iNFRA O\u00a0prefeito\u00a0de\u00a0S\u00e3o\u00a0Paulo, Ricardo Nunes (MDB), reuniu-se com o presidente da C\u00e2mara dos Deputados, Arthur Lira (PP-AL), e com o ministro de Minas e Energia, Alexandre Silveira, nesta ter\u00e7a-feira (16), para tratar da\u00a0Enel, empresa que det\u00e9m a concess\u00e3o de energia el\u00e9trica na capital paulista. Segundo Nunes, o ministro Silveira garantiu [&hellip;]\" \/>\n<meta property=\"og:url\" content=\"https:\/\/agenciainfra.com\/blog\/prefeito-de-sao-paulo-vai-a-brasilia-em-peregrinacao-politica-sobre-a-enel\/\" \/>\n<meta property=\"og:site_name\" content=\"Ag\u00eancia iNFRA\" \/>\n<meta property=\"article:publisher\" content=\"https:\/\/www.facebook.com\/ageninfra\" \/>\n<meta property=\"article:published_time\" content=\"2024-04-17T13:00:00+00:00\" \/>\n<meta property=\"article:modified_time\" content=\"2026-03-13T12:41:19+00:00\" \/>\n<meta property=\"og:image\" content=\"https:\/\/agenciainfra.com\/blog\/wp-content\/uploads\/2024\/04\/ricardo-nunes-foto-prefeitura-de-sao-paulo.jpg\" \/>\n\t<meta property=\"og:image:width\" content=\"1202\" \/>\n\t<meta property=\"og:image:height\" content=\"800\" \/>\n\t<meta property=\"og:image:type\" content=\"image\/jpeg\" \/>\n<meta name=\"author\" content=\"Ag\u00eancia iNFRA\" \/>\n<meta name=\"twitter:card\" content=\"summary_large_image\" \/>\n<meta name=\"twitter:creator\" content=\"@agencia_infra\" \/>\n<meta name=\"twitter:site\" content=\"@agencia_infra\" \/>\n<meta name=\"twitter:label1\" content=\"Escrito por\" \/>\n\t<meta name=\"twitter:data1\" content=\"Ag\u00eancia iNFRA\" \/>\n\t<meta name=\"twitter:label2\" content=\"Est. tempo de leitura\" \/>\n\t<meta name=\"twitter:data2\" content=\"3 minutos\" \/>\n<script type=\"application\/ld+json\" class=\"yoast-schema-graph\">{\"@context\":\"https:\/\/schema.org\",\"@graph\":[{\"@type\":\"Article\",\"@id\":\"https:\/\/agenciainfra.com\/blog\/prefeito-de-sao-paulo-vai-a-brasilia-em-peregrinacao-politica-sobre-a-enel\/#article\",\"isPartOf\":{\"@id\":\"https:\/\/agenciainfra.com\/blog\/prefeito-de-sao-paulo-vai-a-brasilia-em-peregrinacao-politica-sobre-a-enel\/\"},\"author\":{\"name\":\"Ag\u00eancia iNFRA\",\"@id\":\"https:\/\/agenciainfra.com\/blog\/#\/schema\/person\/34af08dff6adea4cb22b06612ba7acfa\"},\"headline\":\"Prefeito de S\u00e3o Paulo vai a Bras\u00edlia em peregrina\u00e7\u00e3o pol\u00edtica sobre a Enel\",\"datePublished\":\"2024-04-17T13:00:00+00:00\",\"dateModified\":\"2026-03-13T12:41:19+00:00\",\"mainEntityOfPage\":{\"@id\":\"https:\/\/agenciainfra.com\/blog\/prefeito-de-sao-paulo-vai-a-brasilia-em-peregrinacao-politica-sobre-a-enel\/\"},\"wordCount\":634,\"publisher\":{\"@id\":\"https:\/\/agenciainfra.com\/blog\/#organization\"},\"image\":{\"@id\":\"https:\/\/agenciainfra.com\/blog\/prefeito-de-sao-paulo-vai-a-brasilia-em-peregrinacao-politica-sobre-a-enel\/#primaryimage\"},\"thumbnailUrl\":\"https:\/\/agenciainfra.com\/blog\/wp-content\/uploads\/2024\/04\/ricardo-nunes-foto-prefeitura-de-sao-paulo.jpg\",\"keywords\":[\"Alexandre Silveira\",\"ANEEL\",\"Arthur Lira\",\"Baleia Rossi\",\"Caducidade do contrato\",\"C\u00e2mara dos Deputados\",\"Conv\u00eanios entre governo federal e munic\u00edpios\",\"Decreto\",\"diretrizes gerais\",\"empresas de concess\u00e3o\",\"Enel\",\"Enel S\u00e3o Paulo\",\"Expurgos\",\"Fiscaliza\u00e7\u00e3o das distribuidoras de energia\",\"Leila Coimbra\",\"Marisa Wanzeller\",\"Ministro de Minas e Energia\",\"MME\",\"Projeto de Lei\",\"Qualidade do servi\u00e7o\",\"Renova\u00e7\u00e3o das distribuidoras\",\"Ricardo Nunes\",\"Sandoval Feitosa\"],\"articleSection\":[\"Destaque lista\",\"Geral\",\"iNFRAEnergia\"],\"inLanguage\":\"pt-BR\",\"copyrightYear\":\"2024\",\"copyrightHolder\":{\"@id\":\"https:\/\/agenciainfra.com\/blog\/#organization\"}},{\"@type\":\"WebPage\",\"@id\":\"https:\/\/agenciainfra.com\/blog\/prefeito-de-sao-paulo-vai-a-brasilia-em-peregrinacao-politica-sobre-a-enel\/\",\"url\":\"https:\/\/agenciainfra.com\/blog\/prefeito-de-sao-paulo-vai-a-brasilia-em-peregrinacao-politica-sobre-a-enel\/\",\"name\":\"Prefeito de S\u00e3o Paulo vai a Bras\u00edlia em peregrina\u00e7\u00e3o pol\u00edtica sobre a Enel - Ag\u00eancia iNFRA\",\"isPartOf\":{\"@id\":\"https:\/\/agenciainfra.com\/blog\/#website\"},\"primaryImageOfPage\":{\"@id\":\"https:\/\/agenciainfra.com\/blog\/prefeito-de-sao-paulo-vai-a-brasilia-em-peregrinacao-politica-sobre-a-enel\/#primaryimage\"},\"image\":{\"@id\":\"https:\/\/agenciainfra.com\/blog\/prefeito-de-sao-paulo-vai-a-brasilia-em-peregrinacao-politica-sobre-a-enel\/#primaryimage\"},\"thumbnailUrl\":\"https:\/\/agenciainfra.com\/blog\/wp-content\/uploads\/2024\/04\/ricardo-nunes-foto-prefeitura-de-sao-paulo.jpg\",\"datePublished\":\"2024-04-17T13:00:00+00:00\",\"dateModified\":\"2026-03-13T12:41:19+00:00\",\"breadcrumb\":{\"@id\":\"https:\/\/agenciainfra.com\/blog\/prefeito-de-sao-paulo-vai-a-brasilia-em-peregrinacao-politica-sobre-a-enel\/#breadcrumb\"},\"inLanguage\":\"pt-BR\",\"potentialAction\":[{\"@type\":\"ReadAction\",\"target\":[\"https:\/\/agenciainfra.com\/blog\/prefeito-de-sao-paulo-vai-a-brasilia-em-peregrinacao-politica-sobre-a-enel\/\"]}]},{\"@type\":\"ImageObject\",\"inLanguage\":\"pt-BR\",\"@id\":\"https:\/\/agenciainfra.com\/blog\/prefeito-de-sao-paulo-vai-a-brasilia-em-peregrinacao-politica-sobre-a-enel\/#primaryimage\",\"url\":\"https:\/\/agenciainfra.com\/blog\/wp-content\/uploads\/2024\/04\/ricardo-nunes-foto-prefeitura-de-sao-paulo.jpg\",\"contentUrl\":\"https:\/\/agenciainfra.com\/blog\/wp-content\/uploads\/2024\/04\/ricardo-nunes-foto-prefeitura-de-sao-paulo.jpg\",\"width\":1202,\"height\":800},{\"@type\":\"BreadcrumbList\",\"@id\":\"https:\/\/agenciainfra.com\/blog\/prefeito-de-sao-paulo-vai-a-brasilia-em-peregrinacao-politica-sobre-a-enel\/#breadcrumb\",\"itemListElement\":[{\"@type\":\"ListItem\",\"position\":1,\"name\":\"In\u00edcio\",\"item\":\"https:\/\/agenciainfra.com\/blog\/\"},{\"@type\":\"ListItem\",\"position\":2,\"name\":\"Prefeito de S\u00e3o Paulo vai a Bras\u00edlia em peregrina\u00e7\u00e3o pol\u00edtica sobre a Enel\"}]},{\"@type\":\"WebSite\",\"@id\":\"https:\/\/agenciainfra.com\/blog\/#website\",\"url\":\"https:\/\/agenciainfra.com\/blog\/\",\"name\":\"Ag\u00eancia iNFRA\",\"description\":\"Multiplataforma de informa\u00e7\u00e3o jornal\u00edstica refer\u00eancia na \u00e1rea de infraestrutura no Brasil!\",\"publisher\":{\"@id\":\"https:\/\/agenciainfra.com\/blog\/#organization\"},\"potentialAction\":[{\"@type\":\"SearchAction\",\"target\":{\"@type\":\"EntryPoint\",\"urlTemplate\":\"https:\/\/agenciainfra.com\/blog\/?s={search_term_string}\"},\"query-input\":{\"@type\":\"PropertyValueSpecification\",\"valueRequired\":true,\"valueName\":\"search_term_string\"}}],\"inLanguage\":\"pt-BR\"},{\"@type\":\"Organization\",\"@id\":\"https:\/\/agenciainfra.com\/blog\/#organization\",\"name\":\"Ag\u00eancia iNFRA\",\"url\":\"https:\/\/agenciainfra.com\/blog\/\",\"logo\":{\"@type\":\"ImageObject\",\"inLanguage\":\"pt-BR\",\"@id\":\"https:\/\/agenciainfra.com\/blog\/#\/schema\/logo\/image\/\",\"url\":\"https:\/\/agenciainfra.com\/blog\/wp-content\/uploads\/2023\/09\/iNFRA_5-e1761735885940.png\",\"contentUrl\":\"https:\/\/agenciainfra.com\/blog\/wp-content\/uploads\/2023\/09\/iNFRA_5-e1761735885940.png\",\"width\":1672,\"height\":454,\"caption\":\"Ag\u00eancia iNFRA\"},\"image\":{\"@id\":\"https:\/\/agenciainfra.com\/blog\/#\/schema\/logo\/image\/\"},\"sameAs\":[\"https:\/\/www.facebook.com\/ageninfra\",\"https:\/\/x.com\/agencia_infra\",\"https:\/\/www.linkedin.com\/company\/ag\u00eanciainfra\/\",\"https:\/\/www.instagram.com\/agenciainfra\/\"]},{\"@type\":\"Person\",\"@id\":\"https:\/\/agenciainfra.com\/blog\/#\/schema\/person\/34af08dff6adea4cb22b06612ba7acfa\",\"name\":\"Ag\u00eancia iNFRA\",\"image\":{\"@type\":\"ImageObject\",\"inLanguage\":\"pt-BR\",\"@id\":\"https:\/\/agenciainfra.com\/blog\/#\/schema\/person\/image\/\",\"url\":\"https:\/\/secure.gravatar.com\/avatar\/d189e01678f06d8eb84d4e01f08eb848b3fffe3f8443818d3c356c66892f5be8?s=96&d=mm&r=g\",\"contentUrl\":\"https:\/\/secure.gravatar.com\/avatar\/d189e01678f06d8eb84d4e01f08eb848b3fffe3f8443818d3c356c66892f5be8?s=96&d=mm&r=g\",\"caption\":\"Ag\u00eancia iNFRA\"},\"url\":\"https:\/\/agenciainfra.com\/blog\/author\/admin\/\"}]}<\/script>\n<!-- \/ Yoast SEO Premium plugin. -->","yoast_head_json":{"title":"Prefeito de S\u00e3o Paulo vai a Bras\u00edlia em peregrina\u00e7\u00e3o pol\u00edtica sobre a Enel - Ag\u00eancia iNFRA","robots":{"index":"index","follow":"follow","max-snippet":"max-snippet:-1","max-image-preview":"max-image-preview:large","max-video-preview":"max-video-preview:-1"},"canonical":"https:\/\/agenciainfra.com\/blog\/prefeito-de-sao-paulo-vai-a-brasilia-em-peregrinacao-politica-sobre-a-enel\/","og_locale":"pt_BR","og_type":"article","og_title":"Prefeito de S\u00e3o Paulo vai a Bras\u00edlia em peregrina\u00e7\u00e3o pol\u00edtica sobre a Enel","og_description":"Marisa Wanzeller e Leila Coimbra, da&nbsp;Ag\u00eancia iNFRA O\u00a0prefeito\u00a0de\u00a0S\u00e3o\u00a0Paulo, Ricardo Nunes (MDB), reuniu-se com o presidente da C\u00e2mara dos Deputados, Arthur Lira (PP-AL), e com o ministro de Minas e Energia, Alexandre Silveira, nesta ter\u00e7a-feira (16), para tratar da\u00a0Enel, empresa que det\u00e9m a concess\u00e3o de energia el\u00e9trica na capital paulista. Segundo Nunes, o ministro Silveira garantiu [&hellip;]","og_url":"https:\/\/agenciainfra.com\/blog\/prefeito-de-sao-paulo-vai-a-brasilia-em-peregrinacao-politica-sobre-a-enel\/","og_site_name":"Ag\u00eancia iNFRA","article_publisher":"https:\/\/www.facebook.com\/ageninfra","article_published_time":"2024-04-17T13:00:00+00:00","article_modified_time":"2026-03-13T12:41:19+00:00","og_image":[{"width":1202,"height":800,"url":"https:\/\/agenciainfra.com\/blog\/wp-content\/uploads\/2024\/04\/ricardo-nunes-foto-prefeitura-de-sao-paulo.jpg","type":"image\/jpeg"}],"author":"Ag\u00eancia iNFRA","twitter_card":"summary_large_image","twitter_creator":"@agencia_infra","twitter_site":"@agencia_infra","twitter_misc":{"Escrito por":"Ag\u00eancia iNFRA","Est. tempo de leitura":"3 minutos"},"schema":{"@context":"https:\/\/schema.org","@graph":[{"@type":"Article","@id":"https:\/\/agenciainfra.com\/blog\/prefeito-de-sao-paulo-vai-a-brasilia-em-peregrinacao-politica-sobre-a-enel\/#article","isPartOf":{"@id":"https:\/\/agenciainfra.com\/blog\/prefeito-de-sao-paulo-vai-a-brasilia-em-peregrinacao-politica-sobre-a-enel\/"},"author":{"name":"Ag\u00eancia iNFRA","@id":"https:\/\/agenciainfra.com\/blog\/#\/schema\/person\/34af08dff6adea4cb22b06612ba7acfa"},"headline":"Prefeito de S\u00e3o Paulo vai a Bras\u00edlia em peregrina\u00e7\u00e3o pol\u00edtica sobre a Enel","datePublished":"2024-04-17T13:00:00+00:00","dateModified":"2026-03-13T12:41:19+00:00","mainEntityOfPage":{"@id":"https:\/\/agenciainfra.com\/blog\/prefeito-de-sao-paulo-vai-a-brasilia-em-peregrinacao-politica-sobre-a-enel\/"},"wordCount":634,"publisher":{"@id":"https:\/\/agenciainfra.com\/blog\/#organization"},"image":{"@id":"https:\/\/agenciainfra.com\/blog\/prefeito-de-sao-paulo-vai-a-brasilia-em-peregrinacao-politica-sobre-a-enel\/#primaryimage"},"thumbnailUrl":"https:\/\/agenciainfra.com\/blog\/wp-content\/uploads\/2024\/04\/ricardo-nunes-foto-prefeitura-de-sao-paulo.jpg","keywords":["Alexandre Silveira","ANEEL","Arthur Lira","Baleia Rossi","Caducidade do contrato","C\u00e2mara dos Deputados","Conv\u00eanios entre governo federal e munic\u00edpios","Decreto","diretrizes gerais","empresas de concess\u00e3o","Enel","Enel S\u00e3o Paulo","Expurgos","Fiscaliza\u00e7\u00e3o das distribuidoras de energia","Leila Coimbra","Marisa Wanzeller","Ministro de Minas e Energia","MME","Projeto de Lei","Qualidade do servi\u00e7o","Renova\u00e7\u00e3o das distribuidoras","Ricardo Nunes","Sandoval Feitosa"],"articleSection":["Destaque lista","Geral","iNFRAEnergia"],"inLanguage":"pt-BR","copyrightYear":"2024","copyrightHolder":{"@id":"https:\/\/agenciainfra.com\/blog\/#organization"}},{"@type":"WebPage","@id":"https:\/\/agenciainfra.com\/blog\/prefeito-de-sao-paulo-vai-a-brasilia-em-peregrinacao-politica-sobre-a-enel\/","url":"https:\/\/agenciainfra.com\/blog\/prefeito-de-sao-paulo-vai-a-brasilia-em-peregrinacao-politica-sobre-a-enel\/","name":"Prefeito de S\u00e3o Paulo vai a Bras\u00edlia em peregrina\u00e7\u00e3o pol\u00edtica sobre a Enel - Ag\u00eancia iNFRA","isPartOf":{"@id":"https:\/\/agenciainfra.com\/blog\/#website"},"primaryImageOfPage":{"@id":"https:\/\/agenciainfra.com\/blog\/prefeito-de-sao-paulo-vai-a-brasilia-em-peregrinacao-politica-sobre-a-enel\/#primaryimage"},"image":{"@id":"https:\/\/agenciainfra.com\/blog\/prefeito-de-sao-paulo-vai-a-brasilia-em-peregrinacao-politica-sobre-a-enel\/#primaryimage"},"thumbnailUrl":"https:\/\/agenciainfra.com\/blog\/wp-content\/uploads\/2024\/04\/ricardo-nunes-foto-prefeitura-de-sao-paulo.jpg","datePublished":"2024-04-17T13:00:00+00:00","dateModified":"2026-03-13T12:41:19+00:00","breadcrumb":{"@id":"https:\/\/agenciainfra.com\/blog\/prefeito-de-sao-paulo-vai-a-brasilia-em-peregrinacao-politica-sobre-a-enel\/#breadcrumb"},"inLanguage":"pt-BR","potentialAction":[{"@type":"ReadAction","target":["https:\/\/agenciainfra.com\/blog\/prefeito-de-sao-paulo-vai-a-brasilia-em-peregrinacao-politica-sobre-a-enel\/"]}]},{"@type":"ImageObject","inLanguage":"pt-BR","@id":"https:\/\/agenciainfra.com\/blog\/prefeito-de-sao-paulo-vai-a-brasilia-em-peregrinacao-politica-sobre-a-enel\/#primaryimage","url":"https:\/\/agenciainfra.com\/blog\/wp-content\/uploads\/2024\/04\/ricardo-nunes-foto-prefeitura-de-sao-paulo.jpg","contentUrl":"https:\/\/agenciainfra.com\/blog\/wp-content\/uploads\/2024\/04\/ricardo-nunes-foto-prefeitura-de-sao-paulo.jpg","width":1202,"height":800},{"@type":"BreadcrumbList","@id":"https:\/\/agenciainfra.com\/blog\/prefeito-de-sao-paulo-vai-a-brasilia-em-peregrinacao-politica-sobre-a-enel\/#breadcrumb","itemListElement":[{"@type":"ListItem","position":1,"name":"In\u00edcio","item":"https:\/\/agenciainfra.com\/blog\/"},{"@type":"ListItem","position":2,"name":"Prefeito de S\u00e3o Paulo vai a Bras\u00edlia em peregrina\u00e7\u00e3o pol\u00edtica sobre a Enel"}]},{"@type":"WebSite","@id":"https:\/\/agenciainfra.com\/blog\/#website","url":"https:\/\/agenciainfra.com\/blog\/","name":"Ag\u00eancia iNFRA","description":"Multiplataforma de informa\u00e7\u00e3o jornal\u00edstica refer\u00eancia na \u00e1rea de infraestrutura no Brasil!","publisher":{"@id":"https:\/\/agenciainfra.com\/blog\/#organization"},"potentialAction":[{"@type":"SearchAction","target":{"@type":"EntryPoint","urlTemplate":"https:\/\/agenciainfra.com\/blog\/?s={search_term_string}"},"query-input":{"@type":"PropertyValueSpecification","valueRequired":true,"valueName":"search_term_string"}}],"inLanguage":"pt-BR"},{"@type":"Organization","@id":"https:\/\/agenciainfra.com\/blog\/#organization","name":"Ag\u00eancia iNFRA","url":"https:\/\/agenciainfra.com\/blog\/","logo":{"@type":"ImageObject","inLanguage":"pt-BR","@id":"https:\/\/agenciainfra.com\/blog\/#\/schema\/logo\/image\/","url":"https:\/\/agenciainfra.com\/blog\/wp-content\/uploads\/2023\/09\/iNFRA_5-e1761735885940.png","contentUrl":"https:\/\/agenciainfra.com\/blog\/wp-content\/uploads\/2023\/09\/iNFRA_5-e1761735885940.png","width":1672,"height":454,"caption":"Ag\u00eancia iNFRA"},"image":{"@id":"https:\/\/agenciainfra.com\/blog\/#\/schema\/logo\/image\/"},"sameAs":["https:\/\/www.facebook.com\/ageninfra","https:\/\/x.com\/agencia_infra","https:\/\/www.linkedin.com\/company\/ag\u00eanciainfra\/","https:\/\/www.instagram.com\/agenciainfra\/"]},{"@type":"Person","@id":"https:\/\/agenciainfra.com\/blog\/#\/schema\/person\/34af08dff6adea4cb22b06612ba7acfa","name":"Ag\u00eancia iNFRA","image":{"@type":"ImageObject","inLanguage":"pt-BR","@id":"https:\/\/agenciainfra.com\/blog\/#\/schema\/person\/image\/","url":"https:\/\/secure.gravatar.com\/avatar\/d189e01678f06d8eb84d4e01f08eb848b3fffe3f8443818d3c356c66892f5be8?s=96&d=mm&r=g","contentUrl":"https:\/\/secure.gravatar.com\/avatar\/d189e01678f06d8eb84d4e01f08eb848b3fffe3f8443818d3c356c66892f5be8?s=96&d=mm&r=g","caption":"Ag\u00eancia iNFRA"},"url":"https:\/\/agenciainfra.com\/blog\/author\/admin\/"}]}},"_links":{"self":[{"href":"https:\/\/agenciainfra.com\/blog\/wp-json\/wp\/v2\/posts\/16190","targetHints":{"allow":["GET"]}}],"collection":[{"href":"https:\/\/agenciainfra.com\/blog\/wp-json\/wp\/v2\/posts"}],"about":[{"href":"https:\/\/agenciainfra.com\/blog\/wp-json\/wp\/v2\/types\/post"}],"author":[{"embeddable":true,"href":"https:\/\/agenciainfra.com\/blog\/wp-json\/wp\/v2\/users\/1"}],"replies":[{"embeddable":true,"href":"https:\/\/agenciainfra.com\/blog\/wp-json\/wp\/v2\/comments?post=16190"}],"version-history":[{"count":1,"href":"https:\/\/agenciainfra.com\/blog\/wp-json\/wp\/v2\/posts\/16190\/revisions"}],"predecessor-version":[{"id":16192,"href":"https:\/\/agenciainfra.com\/blog\/wp-json\/wp\/v2\/posts\/16190\/revisions\/16192"}],"wp:featuredmedia":[{"embeddable":true,"href":"https:\/\/agenciainfra.com\/blog\/wp-json\/wp\/v2\/media\/16191"}],"wp:attachment":[{"href":"https:\/\/agenciainfra.com\/blog\/wp-json\/wp\/v2\/media?parent=16190"}],"wp:term":[{"taxonomy":"category","embeddable":true,"href":"https:\/\/agenciainfra.com\/blog\/wp-json\/wp\/v2\/categories?post=16190"},{"taxonomy":"post_tag","embeddable":true,"href":"https:\/\/agenciainfra.com\/blog\/wp-json\/wp\/v2\/tags?post=16190"}],"curies":[{"name":"wp","href":"https:\/\/api.w.org\/{rel}","templated":true}]}}