{"id":16195,"date":"2024-04-18T11:00:00","date_gmt":"2024-04-18T14:00:00","guid":{"rendered":"https:\/\/agenciainfra.com\/blog\/?p=16195"},"modified":"2024-04-19T11:23:30","modified_gmt":"2024-04-19T14:23:30","slug":"leilao-de-reserva-de-capacidade-e-preciso-aproveitar-os-beneficios-de-uma-matriz-diversificada","status":"publish","type":"post","link":"https:\/\/agenciainfra.com\/blog\/leilao-de-reserva-de-capacidade-e-preciso-aproveitar-os-beneficios-de-uma-matriz-diversificada\/","title":{"rendered":"Leil\u00e3o de Reserva de Capacidade: \u00e9 preciso aproveitar os benef\u00edcios de uma matriz diversificada"},"content":{"rendered":"\n<p class=\"has-text-align-right\"><strong>Tiago de Barros Correia* e Elbia Gannoum**<\/strong><\/p>\n\n\n\n<p>Recentemente, em 8 de mar\u00e7o, o MME (Minist\u00e9rio de Minas e Energia) instaurou uma consulta p\u00fablica para receber contribui\u00e7\u00f5es sobre a realiza\u00e7\u00e3o do segundo leil\u00e3o para contrata\u00e7\u00e3o de reserva de capacidade de pot\u00eancia.<\/p>\n\n\n\n<p>Este \u00e9 um tema t\u00e9cnico e relativamente \u00e1rido, mas de profundo interesse da sociedade, pois ter\u00e1 impactos tanto na seguran\u00e7a e no pre\u00e7o da energia el\u00e9trica no m\u00e9dio e longo prazo, quanto da emiss\u00e3o de gases de efeito estufa.<\/p>\n\n\n\n<p>Para entender o que est\u00e1 em jogo, primeiro \u00e9 preciso pontuar que o sistema el\u00e9trico precisa operar com uma capacidade instalada maior do que a necess\u00e1ria para atendimento do consumo m\u00e9dio por energia.<\/p>\n\n\n\n<p>A esta capacidade ociosa, chamamos reserva de capacidade e \u00e9 utilizada para atendimento de demandas extremas, como as atingidas nas tardes quentes de ver\u00e3o, para acionamento em momentos de sa\u00edda programada de usinas e equipamentos para manuten\u00e7\u00e3o, ou em emerg\u00eancias que podem decorrer de eventos clim\u00e1ticos ou de acidentes nas redes de transmiss\u00e3o e de distribui\u00e7\u00e3o.<\/p>\n\n\n\n<p>Sendo assim, a reserva de capacidade pode ser entendida como um seguro contratado pela sociedade contra o risco de apag\u00f5es. Mais especificamente, nos termos da proposta do MME, haveria a contrata\u00e7\u00e3o de dois seguros, um baseado na reserva de pot\u00eancia hidrel\u00e9trica e outro na pot\u00eancia termel\u00e9trica f\u00f3ssil.<\/p>\n\n\n\n<p>Todavia, como visto acima, os apag\u00f5es possuem causas diversas, cada uma delas com probabilidades de ocorr\u00eancia, tempo de dura\u00e7\u00e3o e profundidade de impacto distintas, n\u00e3o havendo solu\u00e7\u00e3o t\u00e9cnica e comercial capaz de cobrir todas as possibilidades de sinistros sem inefici\u00eancias e custos relevantes de arrependimento \u2013 como o de contratar um seguro com franquia t\u00e3o alta que nunca \u00e9 acionado.<\/p>\n\n\n\n<p>Sendo assim, \u00e9 fundamental que o governo e a sociedade busquem solu\u00e7\u00f5es energ\u00e9ticas inovadoras, capazes de conciliar as necessidades de reserva de capacidade com a urg\u00eancia da moderniza\u00e7\u00e3o e transforma\u00e7\u00e3o do setor energ\u00e9tico na dire\u00e7\u00e3o da sustentabilidade ambiental, da flexibilidade operativa, da resili\u00eancia e da efici\u00eancia econ\u00f4mica.<\/p>\n\n\n\n<p>De fato, a reserva de pot\u00eancia hidrel\u00e9trica \u00e9 bastante eficaz para atendimento de cen\u00e1rios de eleva\u00e7\u00e3o abrupta de demanda e de desligamentos n\u00e3o programados de redes de transmiss\u00e3o, mas \u00e9 dependente do regime de chuvas e do volume dos reservat\u00f3rios.<\/p>\n\n\n\n<p>Ademais, devido \u00e0s restri\u00e7\u00f5es ambientais para varia\u00e7\u00f5es nos n\u00edveis dos rios, a manuten\u00e7\u00e3o de m\u00e1quinas hidrel\u00e9tricas como reserva operativa implica desperd\u00edcio de recursos por meio de vertimentos turbin\u00e1veis (\u00e1gua vazada pelas represas sem gera\u00e7\u00e3o de energia por falta de demanda).<\/p>\n\n\n\n<p>A reserva termel\u00e9trica, por sua vez, n\u00e3o depende de eventos clim\u00e1ticos como chuva, vento ou sol, mas tamb\u00e9m possui restri\u00e7\u00f5es operativas, sendo a mais significativa a necessidade de alguns minutos ou horas para acionamento das m\u00e1quinas e sincroniza\u00e7\u00e3o com a rede el\u00e9trica, bem como de intervalos m\u00ednimos de perman\u00eancia na condi\u00e7\u00e3o de ligado e de desligado.<\/p>\n\n\n\n<p>Como resultado, a reserva de capacidade termel\u00e9trica \u00e9 mais adequada para cen\u00e1rios de baixa hidrologia, quando as h\u00eddricas n\u00e3o est\u00e3o dispon\u00edveis, do que para o seguimento da demanda ou atua\u00e7\u00e3o em emerg\u00eancias.<\/p>\n\n\n\n<p>Isso j\u00e1 aconteceu no Brasil. O sistema el\u00e9trico brasileiro desperdi\u00e7ou, por meio de vertimento turbin\u00e1vel, o equivalente a 4% da demanda anual de energia em 2022 e a 8% em 2023. Ao todo, o desperd\u00edcio, valorado pelo custo de oportunidade do pre\u00e7o da energia no mercado de curto prazo, foi equivalente R$ 4,95 bilh\u00f5es.<\/p>\n\n\n\n<p>O despacho termel\u00e9trico \u00e9 menos frequente, mas, mesmo assim, considerando os dados de novembro de 2023, em um \u00fanico m\u00eas, o custo associado com a inflexibilidade operativa (<em>unit commitment<\/em>, no jarg\u00e3o setorial) foi de R$ 587 milh\u00f5es.<\/p>\n\n\n\n<p>Deste modo, ambas as fontes possuem restri\u00e7\u00f5es e n\u00e3o podem compor sozinhas a reserva de capacidade, seja por raz\u00f5es de seguran\u00e7a, ou, principalmente, de efici\u00eancia econ\u00f4mica. A alternativa mais eficiente \u00e9 compor uma cesta de solu\u00e7\u00f5es explorando as complementaridades de cada tecnologia.<\/p>\n\n\n\n<p>Atualmente, j\u00e1 n\u00e3o existe d\u00favida sobre a viabilidade econ\u00f4mica e utilidade de recursos de armazenamento, especialmente sistemas de baterias, para a opera\u00e7\u00e3o de sistemas el\u00e9tricos, inclusive como reserva de capacidade.<\/p>\n\n\n\n<p>Tamb\u00e9m n\u00e3o h\u00e1 d\u00favida sobre os ganhos de efici\u00eancia na contrata\u00e7\u00e3o complementar de hidrel\u00e9tricas, termel\u00e9trica e renov\u00e1veis com armazenamento, sendo as \u00faltimas respons\u00e1veis por endere\u00e7ar os problemas de menor profundidade e dura\u00e7\u00e3o e por conferir tempo adicional para que a vaz\u00e3o dos rios fosse adequada (menos vertimento turbin\u00e1vel) ou as termel\u00e9tricas acionadas e sincronizadas (menos consumo de combust\u00edvel f\u00f3ssil).<\/p>\n\n\n\n<p>Na atual consulta p\u00fablica sobre o tema, algumas quest\u00f5es regulat\u00f3rias levantadas podem ser facilmente endere\u00e7adas para a contrata\u00e7\u00e3o de sistemas de armazenamento associados a centrais de gera\u00e7\u00e3o.<\/p>\n\n\n\n<p>N\u00e3o existe incipi\u00eancia regulat\u00f3ria para a hibridiza\u00e7\u00e3o de centrais geradoras com recursos de armazenamento, havendo exemplos autorizados pela ANEEL para opera\u00e7\u00e3o nos sistemas isolados.<\/p>\n\n\n\n<p>Na mesma linha, a regula\u00e7\u00e3o atual para contrata\u00e7\u00e3o do uso da rede pode ser aplicada diretamente sem necessidade de adequa\u00e7\u00e3o, sendo as unidades de armazenamento tratadas como equipamentos el\u00e9tricos e sua carga como consumo interno da usina.<\/p>\n\n\n\n<p>A opera\u00e7\u00e3o dos recursos de armazenamento tamb\u00e9m pode ser realizada por meio dos sistemas computacionais usuais do ONS (Operador Nacional do Sistema El\u00e9trico.<\/p>\n\n\n\n<p>Finalmente, \u00e9 claro que as fontes renov\u00e1veis com armazenamento n\u00e3o s\u00e3o uma panaceia, mas as tecnologias termel\u00e9tricas e hidrel\u00e9tricas tamb\u00e9m n\u00e3o, e a contrata\u00e7\u00e3o conjunta das tr\u00eas alternativas oferece uma melhor combina\u00e7\u00e3o de efic\u00e1cia e efetividade com efici\u00eancia econ\u00f4mica.<\/p>\n\n\n\n<p>Deste modo, \u00e9 positiva a sinaliza\u00e7\u00e3o do minist\u00e9rio em permitir a participa\u00e7\u00e3o de renov\u00e1veis com armazenamento no pr\u00f3ximo leil\u00e3o de reserva de capacidade, conforme fala do ministro Alexandre Silveira, e a consulta p\u00fablica conduzida pelo MME deve ser aproveitada para, de um lado, atender ao interesse p\u00fablico e possibilitar a contrata\u00e7\u00e3o de uma reserva de capacidade abrangente, efetiva e economicamente eficiente, e, de outro, mudar o paradigma de expans\u00e3o do setor el\u00e9trico. Isto possibilitar\u00e1 n\u00e3o apenas a moderniza\u00e7\u00e3o do parque gerador, mas tamb\u00e9m o desenvolvimento de modelos de neg\u00f3cios inovadores capazes de acelerar a transforma\u00e7\u00e3o energ\u00e9tica do Brasil.<\/p>\n\n\n\n<h6 class=\"wp-block-heading\" id=\"block-f323f59b-51bf-4eed-b17b-3c7d3b917007\">*<strong>Tiago de Barros Correia<\/strong> \u00e9 CEO da RegE Consultoria e ex-diretor da ANEEL (Ag\u00eancia Nacional de Energia El\u00e9trica).<\/h6>\n\n\n\n<h6 class=\"wp-block-heading\" id=\"block-f323f59b-51bf-4eed-b17b-3c7d3b917007\">**<strong>Elbia Gannoum<\/strong> \u00e9 presidente executiva da ABEE\u00f3lica (Associa\u00e7\u00e3o Brasileira de Energia E\u00f3lica), vice-presidente do GWEC (Conselho Global de Energia E\u00f3lica) e conselheira do CDESS (Conselho de Desenvolvimento Econ\u00f4mico Social Sustent\u00e1vel).<\/h6>\n\n\n\n<h5 class=\"wp-block-heading\" id=\"block-5ef42db3-2ed1-4178-8ab5-7a7f312ba102\">As opini\u00f5es dos autores n\u00e3o refletem necessariamente o pensamento da Ag\u00eancia iNFRA, sendo de total responsabilidade do autor as informa\u00e7\u00f5es, ju\u00edzos de valor e conceitos descritos no texto<\/h5>\n","protected":false},"excerpt":{"rendered":"<p>Tiago de Barros Correia* e Elbia Gannoum** Recentemente, em 8 de mar\u00e7o, o MME (Minist\u00e9rio de Minas e Energia) instaurou uma consulta p\u00fablica para receber contribui\u00e7\u00f5es sobre a realiza\u00e7\u00e3o do segundo leil\u00e3o para contrata\u00e7\u00e3o de reserva de capacidade de pot\u00eancia. Este \u00e9 um tema t\u00e9cnico e relativamente \u00e1rido, mas de profundo interesse da sociedade, pois [&hellip;]<\/p>\n","protected":false},"author":1,"featured_media":16196,"comment_status":"closed","ping_status":"closed","sticky":false,"template":"","format":"standard","meta":{"_monsterinsights_skip_tracking":false,"_monsterinsights_sitenote_active":false,"_monsterinsights_sitenote_note":"","_monsterinsights_sitenote_category":0,"footnotes":""},"categories":[1,11],"tags":[2215,852,53,7355,9120,345,4414,9117,1113,9118,607,2008,637,5246,96,71,48,5628,3554,9119,2615,9121],"class_list":["post-16195","post","type-post","status-publish","format-standard","has-post-thumbnail","hentry","category-geral","category-infradebate","tag-abeeolica-2","tag-agencia-nacional-de-energia-eletrica","tag-aneel","tag-cdess","tag-conselho-global-de-energia-eolica","tag-consulta-publica","tag-efeito-estufa","tag-eficiencia-economica","tag-elbia-gannoum","tag-emissao-de-gases","tag-energias-renovaveis","tag-gwec","tag-hidreletrica","tag-leilao-de-reserva-de-capacidade","tag-ministerio-de-minas-e-energia","tag-mme","tag-regulacao","tag-reserva-de-capacidade","tag-seguranca-energetica","tag-sistemas-de-armazenamento-de-energia","tag-termeletrica","tag-tiago-de-barros-correia"],"yoast_head":"<!-- This site is optimized with the Yoast SEO Premium plugin v25.4 (Yoast SEO v26.0) - https:\/\/yoast.com\/wordpress\/plugins\/seo\/ -->\n<title>Leil\u00e3o de Reserva de Capacidade: \u00e9 preciso aproveitar os benef\u00edcios de uma matriz diversificada - Ag\u00eancia iNFRA<\/title>\n<meta name=\"robots\" content=\"index, follow, max-snippet:-1, max-image-preview:large, max-video-preview:-1\" \/>\n<link rel=\"canonical\" href=\"https:\/\/agenciainfra.com\/blog\/leilao-de-reserva-de-capacidade-e-preciso-aproveitar-os-beneficios-de-uma-matriz-diversificada\/\" \/>\n<meta property=\"og:locale\" content=\"pt_BR\" \/>\n<meta property=\"og:type\" content=\"article\" \/>\n<meta property=\"og:title\" content=\"Leil\u00e3o de Reserva de Capacidade: \u00e9 preciso aproveitar os benef\u00edcios de uma matriz diversificada\" \/>\n<meta property=\"og:description\" content=\"Tiago de Barros Correia* e Elbia Gannoum** Recentemente, em 8 de mar\u00e7o, o MME (Minist\u00e9rio de Minas e Energia) instaurou uma consulta p\u00fablica para receber contribui\u00e7\u00f5es sobre a realiza\u00e7\u00e3o do segundo leil\u00e3o para contrata\u00e7\u00e3o de reserva de capacidade de pot\u00eancia. Este \u00e9 um tema t\u00e9cnico e relativamente \u00e1rido, mas de profundo interesse da sociedade, pois [&hellip;]\" \/>\n<meta property=\"og:url\" content=\"https:\/\/agenciainfra.com\/blog\/leilao-de-reserva-de-capacidade-e-preciso-aproveitar-os-beneficios-de-uma-matriz-diversificada\/\" \/>\n<meta property=\"og:site_name\" content=\"Ag\u00eancia iNFRA\" \/>\n<meta property=\"article:publisher\" content=\"https:\/\/www.facebook.com\/ageninfra\" \/>\n<meta property=\"article:published_time\" content=\"2024-04-18T14:00:00+00:00\" \/>\n<meta property=\"article:modified_time\" content=\"2024-04-19T14:23:30+00:00\" \/>\n<meta property=\"og:image\" content=\"https:\/\/agenciainfra.com\/blog\/wp-content\/uploads\/2024\/04\/tiago-e-elbia-montagem.jpeg\" \/>\n\t<meta property=\"og:image:width\" content=\"1202\" \/>\n\t<meta property=\"og:image:height\" content=\"801\" \/>\n\t<meta property=\"og:image:type\" content=\"image\/jpeg\" \/>\n<meta name=\"author\" content=\"Ag\u00eancia iNFRA\" \/>\n<meta name=\"twitter:card\" content=\"summary_large_image\" \/>\n<meta name=\"twitter:creator\" content=\"@agencia_infra\" \/>\n<meta name=\"twitter:site\" content=\"@agencia_infra\" \/>\n<meta name=\"twitter:label1\" content=\"Escrito por\" \/>\n\t<meta name=\"twitter:data1\" content=\"Ag\u00eancia iNFRA\" \/>\n\t<meta name=\"twitter:label2\" content=\"Est. tempo de leitura\" \/>\n\t<meta name=\"twitter:data2\" content=\"6 minutos\" \/>\n<script type=\"application\/ld+json\" class=\"yoast-schema-graph\">{\"@context\":\"https:\/\/schema.org\",\"@graph\":[{\"@type\":\"Article\",\"@id\":\"https:\/\/agenciainfra.com\/blog\/leilao-de-reserva-de-capacidade-e-preciso-aproveitar-os-beneficios-de-uma-matriz-diversificada\/#article\",\"isPartOf\":{\"@id\":\"https:\/\/agenciainfra.com\/blog\/leilao-de-reserva-de-capacidade-e-preciso-aproveitar-os-beneficios-de-uma-matriz-diversificada\/\"},\"author\":{\"name\":\"Ag\u00eancia iNFRA\",\"@id\":\"https:\/\/agenciainfra.com\/blog\/#\/schema\/person\/34af08dff6adea4cb22b06612ba7acfa\"},\"headline\":\"Leil\u00e3o de Reserva de Capacidade: \u00e9 preciso aproveitar os benef\u00edcios de uma matriz diversificada\",\"datePublished\":\"2024-04-18T14:00:00+00:00\",\"dateModified\":\"2024-04-19T14:23:30+00:00\",\"mainEntityOfPage\":{\"@id\":\"https:\/\/agenciainfra.com\/blog\/leilao-de-reserva-de-capacidade-e-preciso-aproveitar-os-beneficios-de-uma-matriz-diversificada\/\"},\"wordCount\":1211,\"publisher\":{\"@id\":\"https:\/\/agenciainfra.com\/blog\/#organization\"},\"image\":{\"@id\":\"https:\/\/agenciainfra.com\/blog\/leilao-de-reserva-de-capacidade-e-preciso-aproveitar-os-beneficios-de-uma-matriz-diversificada\/#primaryimage\"},\"thumbnailUrl\":\"https:\/\/agenciainfra.com\/blog\/wp-content\/uploads\/2024\/04\/tiago-e-elbia-montagem.jpeg\",\"keywords\":[\"Abee\u00f3lica\",\"Ag\u00eancia Nacional de Energia El\u00e9trica\",\"ANEEL\",\"CDESS\",\"Conselho Global de Energia E\u00f3lica\",\"consulta p\u00fablica\",\"efeito estufa\",\"Efici\u00eancia econ\u00f4mica\",\"Elbia Gannoum\",\"Emiss\u00e3o de gases\",\"energias renov\u00e1veis\",\"GWEC\",\"hidrel\u00e9trica\",\"leil\u00e3o de reserva de capacidade\",\"Minist\u00e9rio de Minas e Energia\",\"MME\",\"Regula\u00e7\u00e3o\",\"reserva de capacidade\",\"seguran\u00e7a energ\u00e9tica\",\"Sistemas de armazenamento de energia\",\"termel\u00e9trica\",\"Tiago de Barros Correia\"],\"articleSection\":[\"Geral\",\"iNFRADebate\"],\"inLanguage\":\"pt-BR\",\"copyrightYear\":\"2024\",\"copyrightHolder\":{\"@id\":\"https:\/\/agenciainfra.com\/blog\/#organization\"}},{\"@type\":\"WebPage\",\"@id\":\"https:\/\/agenciainfra.com\/blog\/leilao-de-reserva-de-capacidade-e-preciso-aproveitar-os-beneficios-de-uma-matriz-diversificada\/\",\"url\":\"https:\/\/agenciainfra.com\/blog\/leilao-de-reserva-de-capacidade-e-preciso-aproveitar-os-beneficios-de-uma-matriz-diversificada\/\",\"name\":\"Leil\u00e3o de Reserva de Capacidade: \u00e9 preciso aproveitar os benef\u00edcios de uma matriz diversificada - Ag\u00eancia iNFRA\",\"isPartOf\":{\"@id\":\"https:\/\/agenciainfra.com\/blog\/#website\"},\"primaryImageOfPage\":{\"@id\":\"https:\/\/agenciainfra.com\/blog\/leilao-de-reserva-de-capacidade-e-preciso-aproveitar-os-beneficios-de-uma-matriz-diversificada\/#primaryimage\"},\"image\":{\"@id\":\"https:\/\/agenciainfra.com\/blog\/leilao-de-reserva-de-capacidade-e-preciso-aproveitar-os-beneficios-de-uma-matriz-diversificada\/#primaryimage\"},\"thumbnailUrl\":\"https:\/\/agenciainfra.com\/blog\/wp-content\/uploads\/2024\/04\/tiago-e-elbia-montagem.jpeg\",\"datePublished\":\"2024-04-18T14:00:00+00:00\",\"dateModified\":\"2024-04-19T14:23:30+00:00\",\"breadcrumb\":{\"@id\":\"https:\/\/agenciainfra.com\/blog\/leilao-de-reserva-de-capacidade-e-preciso-aproveitar-os-beneficios-de-uma-matriz-diversificada\/#breadcrumb\"},\"inLanguage\":\"pt-BR\",\"potentialAction\":[{\"@type\":\"ReadAction\",\"target\":[\"https:\/\/agenciainfra.com\/blog\/leilao-de-reserva-de-capacidade-e-preciso-aproveitar-os-beneficios-de-uma-matriz-diversificada\/\"]}]},{\"@type\":\"ImageObject\",\"inLanguage\":\"pt-BR\",\"@id\":\"https:\/\/agenciainfra.com\/blog\/leilao-de-reserva-de-capacidade-e-preciso-aproveitar-os-beneficios-de-uma-matriz-diversificada\/#primaryimage\",\"url\":\"https:\/\/agenciainfra.com\/blog\/wp-content\/uploads\/2024\/04\/tiago-e-elbia-montagem.jpeg\",\"contentUrl\":\"https:\/\/agenciainfra.com\/blog\/wp-content\/uploads\/2024\/04\/tiago-e-elbia-montagem.jpeg\",\"width\":1202,\"height\":801},{\"@type\":\"BreadcrumbList\",\"@id\":\"https:\/\/agenciainfra.com\/blog\/leilao-de-reserva-de-capacidade-e-preciso-aproveitar-os-beneficios-de-uma-matriz-diversificada\/#breadcrumb\",\"itemListElement\":[{\"@type\":\"ListItem\",\"position\":1,\"name\":\"In\u00edcio\",\"item\":\"https:\/\/agenciainfra.com\/blog\/\"},{\"@type\":\"ListItem\",\"position\":2,\"name\":\"Leil\u00e3o de Reserva de Capacidade: \u00e9 preciso aproveitar os benef\u00edcios de uma matriz diversificada\"}]},{\"@type\":\"WebSite\",\"@id\":\"https:\/\/agenciainfra.com\/blog\/#website\",\"url\":\"https:\/\/agenciainfra.com\/blog\/\",\"name\":\"Ag\u00eancia iNFRA\",\"description\":\"Multiplataforma de informa\u00e7\u00e3o jornal\u00edstica refer\u00eancia na \u00e1rea de infraestrutura no Brasil!\",\"publisher\":{\"@id\":\"https:\/\/agenciainfra.com\/blog\/#organization\"},\"potentialAction\":[{\"@type\":\"SearchAction\",\"target\":{\"@type\":\"EntryPoint\",\"urlTemplate\":\"https:\/\/agenciainfra.com\/blog\/?s={search_term_string}\"},\"query-input\":{\"@type\":\"PropertyValueSpecification\",\"valueRequired\":true,\"valueName\":\"search_term_string\"}}],\"inLanguage\":\"pt-BR\"},{\"@type\":\"Organization\",\"@id\":\"https:\/\/agenciainfra.com\/blog\/#organization\",\"name\":\"Ag\u00eancia iNFRA\",\"url\":\"https:\/\/agenciainfra.com\/blog\/\",\"logo\":{\"@type\":\"ImageObject\",\"inLanguage\":\"pt-BR\",\"@id\":\"https:\/\/agenciainfra.com\/blog\/#\/schema\/logo\/image\/\",\"url\":\"https:\/\/agenciainfra.com\/blog\/wp-content\/uploads\/2023\/09\/iNFRA_5-e1761735885940.png\",\"contentUrl\":\"https:\/\/agenciainfra.com\/blog\/wp-content\/uploads\/2023\/09\/iNFRA_5-e1761735885940.png\",\"width\":1672,\"height\":454,\"caption\":\"Ag\u00eancia iNFRA\"},\"image\":{\"@id\":\"https:\/\/agenciainfra.com\/blog\/#\/schema\/logo\/image\/\"},\"sameAs\":[\"https:\/\/www.facebook.com\/ageninfra\",\"https:\/\/x.com\/agencia_infra\",\"https:\/\/www.linkedin.com\/company\/ag\u00eanciainfra\/\",\"https:\/\/www.instagram.com\/agenciainfra\/\"]},{\"@type\":\"Person\",\"@id\":\"https:\/\/agenciainfra.com\/blog\/#\/schema\/person\/34af08dff6adea4cb22b06612ba7acfa\",\"name\":\"Ag\u00eancia iNFRA\",\"image\":{\"@type\":\"ImageObject\",\"inLanguage\":\"pt-BR\",\"@id\":\"https:\/\/agenciainfra.com\/blog\/#\/schema\/person\/image\/\",\"url\":\"https:\/\/secure.gravatar.com\/avatar\/d189e01678f06d8eb84d4e01f08eb848b3fffe3f8443818d3c356c66892f5be8?s=96&d=mm&r=g\",\"contentUrl\":\"https:\/\/secure.gravatar.com\/avatar\/d189e01678f06d8eb84d4e01f08eb848b3fffe3f8443818d3c356c66892f5be8?s=96&d=mm&r=g\",\"caption\":\"Ag\u00eancia iNFRA\"},\"url\":\"https:\/\/agenciainfra.com\/blog\/author\/admin\/\"}]}<\/script>\n<!-- \/ Yoast SEO Premium plugin. -->","yoast_head_json":{"title":"Leil\u00e3o de Reserva de Capacidade: \u00e9 preciso aproveitar os benef\u00edcios de uma matriz diversificada - Ag\u00eancia iNFRA","robots":{"index":"index","follow":"follow","max-snippet":"max-snippet:-1","max-image-preview":"max-image-preview:large","max-video-preview":"max-video-preview:-1"},"canonical":"https:\/\/agenciainfra.com\/blog\/leilao-de-reserva-de-capacidade-e-preciso-aproveitar-os-beneficios-de-uma-matriz-diversificada\/","og_locale":"pt_BR","og_type":"article","og_title":"Leil\u00e3o de Reserva de Capacidade: \u00e9 preciso aproveitar os benef\u00edcios de uma matriz diversificada","og_description":"Tiago de Barros Correia* e Elbia Gannoum** Recentemente, em 8 de mar\u00e7o, o MME (Minist\u00e9rio de Minas e Energia) instaurou uma consulta p\u00fablica para receber contribui\u00e7\u00f5es sobre a realiza\u00e7\u00e3o do segundo leil\u00e3o para contrata\u00e7\u00e3o de reserva de capacidade de pot\u00eancia. Este \u00e9 um tema t\u00e9cnico e relativamente \u00e1rido, mas de profundo interesse da sociedade, pois [&hellip;]","og_url":"https:\/\/agenciainfra.com\/blog\/leilao-de-reserva-de-capacidade-e-preciso-aproveitar-os-beneficios-de-uma-matriz-diversificada\/","og_site_name":"Ag\u00eancia iNFRA","article_publisher":"https:\/\/www.facebook.com\/ageninfra","article_published_time":"2024-04-18T14:00:00+00:00","article_modified_time":"2024-04-19T14:23:30+00:00","og_image":[{"width":1202,"height":801,"url":"https:\/\/agenciainfra.com\/blog\/wp-content\/uploads\/2024\/04\/tiago-e-elbia-montagem.jpeg","type":"image\/jpeg"}],"author":"Ag\u00eancia iNFRA","twitter_card":"summary_large_image","twitter_creator":"@agencia_infra","twitter_site":"@agencia_infra","twitter_misc":{"Escrito por":"Ag\u00eancia iNFRA","Est. tempo de leitura":"6 minutos"},"schema":{"@context":"https:\/\/schema.org","@graph":[{"@type":"Article","@id":"https:\/\/agenciainfra.com\/blog\/leilao-de-reserva-de-capacidade-e-preciso-aproveitar-os-beneficios-de-uma-matriz-diversificada\/#article","isPartOf":{"@id":"https:\/\/agenciainfra.com\/blog\/leilao-de-reserva-de-capacidade-e-preciso-aproveitar-os-beneficios-de-uma-matriz-diversificada\/"},"author":{"name":"Ag\u00eancia iNFRA","@id":"https:\/\/agenciainfra.com\/blog\/#\/schema\/person\/34af08dff6adea4cb22b06612ba7acfa"},"headline":"Leil\u00e3o de Reserva de Capacidade: \u00e9 preciso aproveitar os benef\u00edcios de uma matriz diversificada","datePublished":"2024-04-18T14:00:00+00:00","dateModified":"2024-04-19T14:23:30+00:00","mainEntityOfPage":{"@id":"https:\/\/agenciainfra.com\/blog\/leilao-de-reserva-de-capacidade-e-preciso-aproveitar-os-beneficios-de-uma-matriz-diversificada\/"},"wordCount":1211,"publisher":{"@id":"https:\/\/agenciainfra.com\/blog\/#organization"},"image":{"@id":"https:\/\/agenciainfra.com\/blog\/leilao-de-reserva-de-capacidade-e-preciso-aproveitar-os-beneficios-de-uma-matriz-diversificada\/#primaryimage"},"thumbnailUrl":"https:\/\/agenciainfra.com\/blog\/wp-content\/uploads\/2024\/04\/tiago-e-elbia-montagem.jpeg","keywords":["Abee\u00f3lica","Ag\u00eancia Nacional de Energia El\u00e9trica","ANEEL","CDESS","Conselho Global de Energia E\u00f3lica","consulta p\u00fablica","efeito estufa","Efici\u00eancia econ\u00f4mica","Elbia Gannoum","Emiss\u00e3o de gases","energias renov\u00e1veis","GWEC","hidrel\u00e9trica","leil\u00e3o de reserva de capacidade","Minist\u00e9rio de Minas e Energia","MME","Regula\u00e7\u00e3o","reserva de capacidade","seguran\u00e7a energ\u00e9tica","Sistemas de armazenamento de energia","termel\u00e9trica","Tiago de Barros Correia"],"articleSection":["Geral","iNFRADebate"],"inLanguage":"pt-BR","copyrightYear":"2024","copyrightHolder":{"@id":"https:\/\/agenciainfra.com\/blog\/#organization"}},{"@type":"WebPage","@id":"https:\/\/agenciainfra.com\/blog\/leilao-de-reserva-de-capacidade-e-preciso-aproveitar-os-beneficios-de-uma-matriz-diversificada\/","url":"https:\/\/agenciainfra.com\/blog\/leilao-de-reserva-de-capacidade-e-preciso-aproveitar-os-beneficios-de-uma-matriz-diversificada\/","name":"Leil\u00e3o de Reserva de Capacidade: \u00e9 preciso aproveitar os benef\u00edcios de uma matriz diversificada - Ag\u00eancia iNFRA","isPartOf":{"@id":"https:\/\/agenciainfra.com\/blog\/#website"},"primaryImageOfPage":{"@id":"https:\/\/agenciainfra.com\/blog\/leilao-de-reserva-de-capacidade-e-preciso-aproveitar-os-beneficios-de-uma-matriz-diversificada\/#primaryimage"},"image":{"@id":"https:\/\/agenciainfra.com\/blog\/leilao-de-reserva-de-capacidade-e-preciso-aproveitar-os-beneficios-de-uma-matriz-diversificada\/#primaryimage"},"thumbnailUrl":"https:\/\/agenciainfra.com\/blog\/wp-content\/uploads\/2024\/04\/tiago-e-elbia-montagem.jpeg","datePublished":"2024-04-18T14:00:00+00:00","dateModified":"2024-04-19T14:23:30+00:00","breadcrumb":{"@id":"https:\/\/agenciainfra.com\/blog\/leilao-de-reserva-de-capacidade-e-preciso-aproveitar-os-beneficios-de-uma-matriz-diversificada\/#breadcrumb"},"inLanguage":"pt-BR","potentialAction":[{"@type":"ReadAction","target":["https:\/\/agenciainfra.com\/blog\/leilao-de-reserva-de-capacidade-e-preciso-aproveitar-os-beneficios-de-uma-matriz-diversificada\/"]}]},{"@type":"ImageObject","inLanguage":"pt-BR","@id":"https:\/\/agenciainfra.com\/blog\/leilao-de-reserva-de-capacidade-e-preciso-aproveitar-os-beneficios-de-uma-matriz-diversificada\/#primaryimage","url":"https:\/\/agenciainfra.com\/blog\/wp-content\/uploads\/2024\/04\/tiago-e-elbia-montagem.jpeg","contentUrl":"https:\/\/agenciainfra.com\/blog\/wp-content\/uploads\/2024\/04\/tiago-e-elbia-montagem.jpeg","width":1202,"height":801},{"@type":"BreadcrumbList","@id":"https:\/\/agenciainfra.com\/blog\/leilao-de-reserva-de-capacidade-e-preciso-aproveitar-os-beneficios-de-uma-matriz-diversificada\/#breadcrumb","itemListElement":[{"@type":"ListItem","position":1,"name":"In\u00edcio","item":"https:\/\/agenciainfra.com\/blog\/"},{"@type":"ListItem","position":2,"name":"Leil\u00e3o de Reserva de Capacidade: \u00e9 preciso aproveitar os benef\u00edcios de uma matriz diversificada"}]},{"@type":"WebSite","@id":"https:\/\/agenciainfra.com\/blog\/#website","url":"https:\/\/agenciainfra.com\/blog\/","name":"Ag\u00eancia iNFRA","description":"Multiplataforma de informa\u00e7\u00e3o jornal\u00edstica refer\u00eancia na \u00e1rea de infraestrutura no Brasil!","publisher":{"@id":"https:\/\/agenciainfra.com\/blog\/#organization"},"potentialAction":[{"@type":"SearchAction","target":{"@type":"EntryPoint","urlTemplate":"https:\/\/agenciainfra.com\/blog\/?s={search_term_string}"},"query-input":{"@type":"PropertyValueSpecification","valueRequired":true,"valueName":"search_term_string"}}],"inLanguage":"pt-BR"},{"@type":"Organization","@id":"https:\/\/agenciainfra.com\/blog\/#organization","name":"Ag\u00eancia iNFRA","url":"https:\/\/agenciainfra.com\/blog\/","logo":{"@type":"ImageObject","inLanguage":"pt-BR","@id":"https:\/\/agenciainfra.com\/blog\/#\/schema\/logo\/image\/","url":"https:\/\/agenciainfra.com\/blog\/wp-content\/uploads\/2023\/09\/iNFRA_5-e1761735885940.png","contentUrl":"https:\/\/agenciainfra.com\/blog\/wp-content\/uploads\/2023\/09\/iNFRA_5-e1761735885940.png","width":1672,"height":454,"caption":"Ag\u00eancia iNFRA"},"image":{"@id":"https:\/\/agenciainfra.com\/blog\/#\/schema\/logo\/image\/"},"sameAs":["https:\/\/www.facebook.com\/ageninfra","https:\/\/x.com\/agencia_infra","https:\/\/www.linkedin.com\/company\/ag\u00eanciainfra\/","https:\/\/www.instagram.com\/agenciainfra\/"]},{"@type":"Person","@id":"https:\/\/agenciainfra.com\/blog\/#\/schema\/person\/34af08dff6adea4cb22b06612ba7acfa","name":"Ag\u00eancia iNFRA","image":{"@type":"ImageObject","inLanguage":"pt-BR","@id":"https:\/\/agenciainfra.com\/blog\/#\/schema\/person\/image\/","url":"https:\/\/secure.gravatar.com\/avatar\/d189e01678f06d8eb84d4e01f08eb848b3fffe3f8443818d3c356c66892f5be8?s=96&d=mm&r=g","contentUrl":"https:\/\/secure.gravatar.com\/avatar\/d189e01678f06d8eb84d4e01f08eb848b3fffe3f8443818d3c356c66892f5be8?s=96&d=mm&r=g","caption":"Ag\u00eancia iNFRA"},"url":"https:\/\/agenciainfra.com\/blog\/author\/admin\/"}]}},"_links":{"self":[{"href":"https:\/\/agenciainfra.com\/blog\/wp-json\/wp\/v2\/posts\/16195","targetHints":{"allow":["GET"]}}],"collection":[{"href":"https:\/\/agenciainfra.com\/blog\/wp-json\/wp\/v2\/posts"}],"about":[{"href":"https:\/\/agenciainfra.com\/blog\/wp-json\/wp\/v2\/types\/post"}],"author":[{"embeddable":true,"href":"https:\/\/agenciainfra.com\/blog\/wp-json\/wp\/v2\/users\/1"}],"replies":[{"embeddable":true,"href":"https:\/\/agenciainfra.com\/blog\/wp-json\/wp\/v2\/comments?post=16195"}],"version-history":[{"count":3,"href":"https:\/\/agenciainfra.com\/blog\/wp-json\/wp\/v2\/posts\/16195\/revisions"}],"predecessor-version":[{"id":16200,"href":"https:\/\/agenciainfra.com\/blog\/wp-json\/wp\/v2\/posts\/16195\/revisions\/16200"}],"wp:featuredmedia":[{"embeddable":true,"href":"https:\/\/agenciainfra.com\/blog\/wp-json\/wp\/v2\/media\/16196"}],"wp:attachment":[{"href":"https:\/\/agenciainfra.com\/blog\/wp-json\/wp\/v2\/media?parent=16195"}],"wp:term":[{"taxonomy":"category","embeddable":true,"href":"https:\/\/agenciainfra.com\/blog\/wp-json\/wp\/v2\/categories?post=16195"},{"taxonomy":"post_tag","embeddable":true,"href":"https:\/\/agenciainfra.com\/blog\/wp-json\/wp\/v2\/tags?post=16195"}],"curies":[{"name":"wp","href":"https:\/\/api.w.org\/{rel}","templated":true}]}}