{"id":1620,"date":"2018-05-08T12:30:26","date_gmt":"2018-05-08T15:30:26","guid":{"rendered":"http:\/\/www.agenciainfra.com\/blog\/?p=1620"},"modified":"2018-05-08T12:40:47","modified_gmt":"2018-05-08T15:40:47","slug":"1620-2","status":"publish","type":"post","link":"https:\/\/agenciainfra.com\/blog\/1620-2\/","title":{"rendered":"Ag\u00eancia iNFRA, um ano e novas urg\u00eancias"},"content":{"rendered":"<p>Um ano atr\u00e1s, a\u00a0<b>Ag\u00eancia iNFRA<\/b>\u00a0publicava o primeiro n\u00famero do seu Boletim de Not\u00edcias Di\u00e1rio, trazendo como principal texto reportagem sobre o Decreto de Portos e as dificuldades identificadas naquele per\u00edodo sobre ele: a das empresas apostarem no pa\u00eds e voltarem a investir, mesmo com a ociosidade do setor na \u00e9poca.<\/p>\n<p>Ao longo desse primeiro ano, nossos jornalistas acompanharam cada passo de uma mudan\u00e7a de cen\u00e1rio no setor de infraestrutura. Se naquela \u00e9poca a press\u00e3o por investimentos nos setores de transportes, energia, mobilidade, \u00f3leo e g\u00e1s eram pela necessidade de se gerar mais receita, renda, empregos qualificados e tentar tirar o pa\u00eds da crise econ\u00f4mica, agora essa necessidade ganhou uma nova, e real, urg\u00eancia: vai faltar infraestrutura.<\/p>\n<p>Em todos os setores que acompanhamos, com boletins di\u00e1rios, an\u00e1lises espec\u00edficas e outros produtos, j\u00e1 h\u00e1 sinais claros de que, em pouco tempo, ainda que tenhamos um crescimento menor que nossas necessidades, algo na faixa dos 2% ao ano, a infraestrutura do pa\u00eds n\u00e3o dever\u00e1 dar conta da demanda. No caso dos portos, por exemplo, o pa\u00eds n\u00e3o tem capacidade hoje para suprir uma demanda maior de importa\u00e7\u00e3o de combust\u00edvel, por exemplo.<\/p>\n<p>E por qual motivo o pa\u00eds n\u00e3o conseguiu fazer com que, em um ano, os projetos de infraestrutura andassem na velocidade que se desejava? Vasculhando nossos arquivos, com reportagens que condensam as a\u00e7\u00f5es de diferentes setores, \u00e9 poss\u00edvel perceber uma melhor coordena\u00e7\u00e3o interna do governo em rela\u00e7\u00e3o aos projetos e um cuidado maior em sua concep\u00e7\u00e3o e debate com a sociedade. Se num primeiro momento isso pode parecer uma trava, a experi\u00eancia mostra que mais \u00e0 frente o risco de problemas se reduz.<\/p>\n<p>Nossas conversas frequentes com agentes do mercado e do governo apontam para uma trava na etapa seguinte, a fase pol\u00edtica dos processos decis\u00f3rios. Um governo enfraquecido n\u00e3o tem conseguido reunir as for\u00e7as necess\u00e1rias para avan\u00e7ar contra as naturais oposi\u00e7\u00f5es que aparecem nesse momento, onde h\u00e1 que se decidir quem ganha e quem perde. E essa tend\u00eancia vem lentamente piorando desde a dela\u00e7\u00e3o de Joesley Batista, que foi divulgada apenas 10 dias depois do lan\u00e7amento da\u00a0<b>Ag\u00eancia iNFRA<\/b>, que originou a investiga\u00e7\u00e3o do Decreto dos Portos.<\/p>\n<p>Para o segundo ano da\u00a0<b>Ag\u00eancia iNFRA<\/b>, nosso desejo \u00e9 que o pa\u00eds consiga buscar pontos m\u00ednimos de converg\u00eancia para avan\u00e7ar no que for poss\u00edvel nesses momentos finais deste ciclo de governo, antes que seja tarde. Tivemos na d\u00e9cada passada algumas li\u00e7\u00f5es relativas a demandas n\u00e3o atendidas por falta de infraestrutura que nos custaram caro (e custam at\u00e9 hoje).<\/p>\n<p>A velocidade de desenvolvimento de novas tecnologias poder\u00e1 fazer com que o pre\u00e7o que temos a pagar pela demora em avan\u00e7ar com a infraestrutura seja caro demais para ser suportado por uma sociedade ainda t\u00e3o desigual.<\/p>\n","protected":false},"excerpt":{"rendered":"<p>Um ano atr\u00e1s, a\u00a0Ag\u00eancia iNFRA\u00a0publicava o primeiro n\u00famero do seu Boletim de Not\u00edcias Di\u00e1rio, trazendo como principal texto reportagem sobre o Decreto de Portos e as dificuldades identificadas naquele per\u00edodo sobre ele: a das empresas apostarem no pa\u00eds e voltarem a investir, mesmo com a ociosidade do setor na \u00e9poca. Ao longo desse primeiro ano, [&hellip;]<\/p>\n","protected":false},"author":1,"featured_media":0,"comment_status":"closed","ping_status":"open","sticky":false,"template":"","format":"standard","meta":{"_monsterinsights_skip_tracking":false,"_monsterinsights_sitenote_active":false,"_monsterinsights_sitenote_note":"","_monsterinsights_sitenote_category":0,"footnotes":""},"categories":[1],"tags":[220,222,34,221],"class_list":["post-1620","post","type-post","status-publish","format-standard","hentry","category-geral","tag-agencia-infra","tag-decreto-dos-portos","tag-infraestrutura","tag-infraetrutura"],"yoast_head":"<!-- This site is optimized with the Yoast SEO Premium plugin v25.4 (Yoast SEO v26.0) - https:\/\/yoast.com\/wordpress\/plugins\/seo\/ -->\n<title>Ag\u00eancia iNFRA, um ano e novas urg\u00eancias - Ag\u00eancia iNFRA<\/title>\n<meta name=\"robots\" content=\"index, follow, max-snippet:-1, max-image-preview:large, max-video-preview:-1\" \/>\n<link rel=\"canonical\" href=\"https:\/\/agenciainfra.com\/blog\/1620-2\/\" \/>\n<meta property=\"og:locale\" content=\"pt_BR\" \/>\n<meta property=\"og:type\" content=\"article\" \/>\n<meta property=\"og:title\" content=\"Ag\u00eancia iNFRA, um ano e novas urg\u00eancias\" \/>\n<meta property=\"og:description\" content=\"Um ano atr\u00e1s, a\u00a0Ag\u00eancia iNFRA\u00a0publicava o primeiro n\u00famero do seu Boletim de Not\u00edcias Di\u00e1rio, trazendo como principal texto reportagem sobre o Decreto de Portos e as dificuldades identificadas naquele per\u00edodo sobre ele: a das empresas apostarem no pa\u00eds e voltarem a investir, mesmo com a ociosidade do setor na \u00e9poca. Ao longo desse primeiro ano, [&hellip;]\" \/>\n<meta property=\"og:url\" content=\"https:\/\/agenciainfra.com\/blog\/1620-2\/\" \/>\n<meta property=\"og:site_name\" content=\"Ag\u00eancia iNFRA\" \/>\n<meta property=\"article:publisher\" content=\"https:\/\/www.facebook.com\/ageninfra\" \/>\n<meta property=\"article:published_time\" content=\"2018-05-08T15:30:26+00:00\" \/>\n<meta property=\"article:modified_time\" content=\"2018-05-08T15:40:47+00:00\" \/>\n<meta name=\"author\" content=\"Ag\u00eancia iNFRA\" \/>\n<meta name=\"twitter:card\" content=\"summary_large_image\" \/>\n<meta name=\"twitter:creator\" content=\"@agencia_infra\" \/>\n<meta name=\"twitter:site\" content=\"@agencia_infra\" \/>\n<meta name=\"twitter:label1\" content=\"Escrito por\" \/>\n\t<meta name=\"twitter:data1\" content=\"Ag\u00eancia iNFRA\" \/>\n\t<meta name=\"twitter:label2\" content=\"Est. tempo de leitura\" \/>\n\t<meta name=\"twitter:data2\" content=\"3 minutos\" \/>\n<script type=\"application\/ld+json\" class=\"yoast-schema-graph\">{\"@context\":\"https:\/\/schema.org\",\"@graph\":[{\"@type\":\"Article\",\"@id\":\"https:\/\/agenciainfra.com\/blog\/1620-2\/#article\",\"isPartOf\":{\"@id\":\"https:\/\/agenciainfra.com\/blog\/1620-2\/\"},\"author\":{\"name\":\"Ag\u00eancia iNFRA\",\"@id\":\"https:\/\/agenciainfra.com\/blog\/#\/schema\/person\/34af08dff6adea4cb22b06612ba7acfa\"},\"headline\":\"Ag\u00eancia iNFRA, um ano e novas urg\u00eancias\",\"datePublished\":\"2018-05-08T15:30:26+00:00\",\"dateModified\":\"2018-05-08T15:40:47+00:00\",\"mainEntityOfPage\":{\"@id\":\"https:\/\/agenciainfra.com\/blog\/1620-2\/\"},\"wordCount\":512,\"publisher\":{\"@id\":\"https:\/\/agenciainfra.com\/blog\/#organization\"},\"keywords\":[\"Ag\u00eancia iNFRA\",\"Decreto dos Portos\",\"Infraestrutura\",\"infraetrutura\"],\"articleSection\":[\"Geral\"],\"inLanguage\":\"pt-BR\",\"copyrightYear\":\"2018\",\"copyrightHolder\":{\"@id\":\"https:\/\/agenciainfra.com\/blog\/#organization\"}},{\"@type\":\"WebPage\",\"@id\":\"https:\/\/agenciainfra.com\/blog\/1620-2\/\",\"url\":\"https:\/\/agenciainfra.com\/blog\/1620-2\/\",\"name\":\"Ag\u00eancia iNFRA, um ano e novas urg\u00eancias - Ag\u00eancia iNFRA\",\"isPartOf\":{\"@id\":\"https:\/\/agenciainfra.com\/blog\/#website\"},\"datePublished\":\"2018-05-08T15:30:26+00:00\",\"dateModified\":\"2018-05-08T15:40:47+00:00\",\"breadcrumb\":{\"@id\":\"https:\/\/agenciainfra.com\/blog\/1620-2\/#breadcrumb\"},\"inLanguage\":\"pt-BR\",\"potentialAction\":[{\"@type\":\"ReadAction\",\"target\":[\"https:\/\/agenciainfra.com\/blog\/1620-2\/\"]}]},{\"@type\":\"BreadcrumbList\",\"@id\":\"https:\/\/agenciainfra.com\/blog\/1620-2\/#breadcrumb\",\"itemListElement\":[{\"@type\":\"ListItem\",\"position\":1,\"name\":\"In\u00edcio\",\"item\":\"https:\/\/agenciainfra.com\/blog\/\"},{\"@type\":\"ListItem\",\"position\":2,\"name\":\"Ag\u00eancia iNFRA, um ano e novas urg\u00eancias\"}]},{\"@type\":\"WebSite\",\"@id\":\"https:\/\/agenciainfra.com\/blog\/#website\",\"url\":\"https:\/\/agenciainfra.com\/blog\/\",\"name\":\"Ag\u00eancia iNFRA\",\"description\":\"Multiplataforma de informa\u00e7\u00e3o jornal\u00edstica refer\u00eancia na \u00e1rea de infraestrutura no Brasil!\",\"publisher\":{\"@id\":\"https:\/\/agenciainfra.com\/blog\/#organization\"},\"potentialAction\":[{\"@type\":\"SearchAction\",\"target\":{\"@type\":\"EntryPoint\",\"urlTemplate\":\"https:\/\/agenciainfra.com\/blog\/?s={search_term_string}\"},\"query-input\":{\"@type\":\"PropertyValueSpecification\",\"valueRequired\":true,\"valueName\":\"search_term_string\"}}],\"inLanguage\":\"pt-BR\"},{\"@type\":\"Organization\",\"@id\":\"https:\/\/agenciainfra.com\/blog\/#organization\",\"name\":\"Ag\u00eancia iNFRA\",\"url\":\"https:\/\/agenciainfra.com\/blog\/\",\"logo\":{\"@type\":\"ImageObject\",\"inLanguage\":\"pt-BR\",\"@id\":\"https:\/\/agenciainfra.com\/blog\/#\/schema\/logo\/image\/\",\"url\":\"https:\/\/agenciainfra.com\/blog\/wp-content\/uploads\/2023\/09\/iNFRA_5-e1761735885940.png\",\"contentUrl\":\"https:\/\/agenciainfra.com\/blog\/wp-content\/uploads\/2023\/09\/iNFRA_5-e1761735885940.png\",\"width\":1672,\"height\":454,\"caption\":\"Ag\u00eancia iNFRA\"},\"image\":{\"@id\":\"https:\/\/agenciainfra.com\/blog\/#\/schema\/logo\/image\/\"},\"sameAs\":[\"https:\/\/www.facebook.com\/ageninfra\",\"https:\/\/x.com\/agencia_infra\",\"https:\/\/www.linkedin.com\/company\/ag\u00eanciainfra\/\",\"https:\/\/www.instagram.com\/agenciainfra\/\"]},{\"@type\":\"Person\",\"@id\":\"https:\/\/agenciainfra.com\/blog\/#\/schema\/person\/34af08dff6adea4cb22b06612ba7acfa\",\"name\":\"Ag\u00eancia iNFRA\",\"image\":{\"@type\":\"ImageObject\",\"inLanguage\":\"pt-BR\",\"@id\":\"https:\/\/agenciainfra.com\/blog\/#\/schema\/person\/image\/\",\"url\":\"https:\/\/secure.gravatar.com\/avatar\/d189e01678f06d8eb84d4e01f08eb848b3fffe3f8443818d3c356c66892f5be8?s=96&d=mm&r=g\",\"contentUrl\":\"https:\/\/secure.gravatar.com\/avatar\/d189e01678f06d8eb84d4e01f08eb848b3fffe3f8443818d3c356c66892f5be8?s=96&d=mm&r=g\",\"caption\":\"Ag\u00eancia iNFRA\"},\"url\":\"https:\/\/agenciainfra.com\/blog\/author\/admin\/\"}]}<\/script>\n<!-- \/ Yoast SEO Premium plugin. -->","yoast_head_json":{"title":"Ag\u00eancia iNFRA, um ano e novas urg\u00eancias - Ag\u00eancia iNFRA","robots":{"index":"index","follow":"follow","max-snippet":"max-snippet:-1","max-image-preview":"max-image-preview:large","max-video-preview":"max-video-preview:-1"},"canonical":"https:\/\/agenciainfra.com\/blog\/1620-2\/","og_locale":"pt_BR","og_type":"article","og_title":"Ag\u00eancia iNFRA, um ano e novas urg\u00eancias","og_description":"Um ano atr\u00e1s, a\u00a0Ag\u00eancia iNFRA\u00a0publicava o primeiro n\u00famero do seu Boletim de Not\u00edcias Di\u00e1rio, trazendo como principal texto reportagem sobre o Decreto de Portos e as dificuldades identificadas naquele per\u00edodo sobre ele: a das empresas apostarem no pa\u00eds e voltarem a investir, mesmo com a ociosidade do setor na \u00e9poca. Ao longo desse primeiro ano, [&hellip;]","og_url":"https:\/\/agenciainfra.com\/blog\/1620-2\/","og_site_name":"Ag\u00eancia iNFRA","article_publisher":"https:\/\/www.facebook.com\/ageninfra","article_published_time":"2018-05-08T15:30:26+00:00","article_modified_time":"2018-05-08T15:40:47+00:00","author":"Ag\u00eancia iNFRA","twitter_card":"summary_large_image","twitter_creator":"@agencia_infra","twitter_site":"@agencia_infra","twitter_misc":{"Escrito por":"Ag\u00eancia iNFRA","Est. tempo de leitura":"3 minutos"},"schema":{"@context":"https:\/\/schema.org","@graph":[{"@type":"Article","@id":"https:\/\/agenciainfra.com\/blog\/1620-2\/#article","isPartOf":{"@id":"https:\/\/agenciainfra.com\/blog\/1620-2\/"},"author":{"name":"Ag\u00eancia iNFRA","@id":"https:\/\/agenciainfra.com\/blog\/#\/schema\/person\/34af08dff6adea4cb22b06612ba7acfa"},"headline":"Ag\u00eancia iNFRA, um ano e novas urg\u00eancias","datePublished":"2018-05-08T15:30:26+00:00","dateModified":"2018-05-08T15:40:47+00:00","mainEntityOfPage":{"@id":"https:\/\/agenciainfra.com\/blog\/1620-2\/"},"wordCount":512,"publisher":{"@id":"https:\/\/agenciainfra.com\/blog\/#organization"},"keywords":["Ag\u00eancia iNFRA","Decreto dos Portos","Infraestrutura","infraetrutura"],"articleSection":["Geral"],"inLanguage":"pt-BR","copyrightYear":"2018","copyrightHolder":{"@id":"https:\/\/agenciainfra.com\/blog\/#organization"}},{"@type":"WebPage","@id":"https:\/\/agenciainfra.com\/blog\/1620-2\/","url":"https:\/\/agenciainfra.com\/blog\/1620-2\/","name":"Ag\u00eancia iNFRA, um ano e novas urg\u00eancias - Ag\u00eancia iNFRA","isPartOf":{"@id":"https:\/\/agenciainfra.com\/blog\/#website"},"datePublished":"2018-05-08T15:30:26+00:00","dateModified":"2018-05-08T15:40:47+00:00","breadcrumb":{"@id":"https:\/\/agenciainfra.com\/blog\/1620-2\/#breadcrumb"},"inLanguage":"pt-BR","potentialAction":[{"@type":"ReadAction","target":["https:\/\/agenciainfra.com\/blog\/1620-2\/"]}]},{"@type":"BreadcrumbList","@id":"https:\/\/agenciainfra.com\/blog\/1620-2\/#breadcrumb","itemListElement":[{"@type":"ListItem","position":1,"name":"In\u00edcio","item":"https:\/\/agenciainfra.com\/blog\/"},{"@type":"ListItem","position":2,"name":"Ag\u00eancia iNFRA, um ano e novas urg\u00eancias"}]},{"@type":"WebSite","@id":"https:\/\/agenciainfra.com\/blog\/#website","url":"https:\/\/agenciainfra.com\/blog\/","name":"Ag\u00eancia iNFRA","description":"Multiplataforma de informa\u00e7\u00e3o jornal\u00edstica refer\u00eancia na \u00e1rea de infraestrutura no Brasil!","publisher":{"@id":"https:\/\/agenciainfra.com\/blog\/#organization"},"potentialAction":[{"@type":"SearchAction","target":{"@type":"EntryPoint","urlTemplate":"https:\/\/agenciainfra.com\/blog\/?s={search_term_string}"},"query-input":{"@type":"PropertyValueSpecification","valueRequired":true,"valueName":"search_term_string"}}],"inLanguage":"pt-BR"},{"@type":"Organization","@id":"https:\/\/agenciainfra.com\/blog\/#organization","name":"Ag\u00eancia iNFRA","url":"https:\/\/agenciainfra.com\/blog\/","logo":{"@type":"ImageObject","inLanguage":"pt-BR","@id":"https:\/\/agenciainfra.com\/blog\/#\/schema\/logo\/image\/","url":"https:\/\/agenciainfra.com\/blog\/wp-content\/uploads\/2023\/09\/iNFRA_5-e1761735885940.png","contentUrl":"https:\/\/agenciainfra.com\/blog\/wp-content\/uploads\/2023\/09\/iNFRA_5-e1761735885940.png","width":1672,"height":454,"caption":"Ag\u00eancia iNFRA"},"image":{"@id":"https:\/\/agenciainfra.com\/blog\/#\/schema\/logo\/image\/"},"sameAs":["https:\/\/www.facebook.com\/ageninfra","https:\/\/x.com\/agencia_infra","https:\/\/www.linkedin.com\/company\/ag\u00eanciainfra\/","https:\/\/www.instagram.com\/agenciainfra\/"]},{"@type":"Person","@id":"https:\/\/agenciainfra.com\/blog\/#\/schema\/person\/34af08dff6adea4cb22b06612ba7acfa","name":"Ag\u00eancia iNFRA","image":{"@type":"ImageObject","inLanguage":"pt-BR","@id":"https:\/\/agenciainfra.com\/blog\/#\/schema\/person\/image\/","url":"https:\/\/secure.gravatar.com\/avatar\/d189e01678f06d8eb84d4e01f08eb848b3fffe3f8443818d3c356c66892f5be8?s=96&d=mm&r=g","contentUrl":"https:\/\/secure.gravatar.com\/avatar\/d189e01678f06d8eb84d4e01f08eb848b3fffe3f8443818d3c356c66892f5be8?s=96&d=mm&r=g","caption":"Ag\u00eancia iNFRA"},"url":"https:\/\/agenciainfra.com\/blog\/author\/admin\/"}]}},"_links":{"self":[{"href":"https:\/\/agenciainfra.com\/blog\/wp-json\/wp\/v2\/posts\/1620","targetHints":{"allow":["GET"]}}],"collection":[{"href":"https:\/\/agenciainfra.com\/blog\/wp-json\/wp\/v2\/posts"}],"about":[{"href":"https:\/\/agenciainfra.com\/blog\/wp-json\/wp\/v2\/types\/post"}],"author":[{"embeddable":true,"href":"https:\/\/agenciainfra.com\/blog\/wp-json\/wp\/v2\/users\/1"}],"replies":[{"embeddable":true,"href":"https:\/\/agenciainfra.com\/blog\/wp-json\/wp\/v2\/comments?post=1620"}],"version-history":[{"count":0,"href":"https:\/\/agenciainfra.com\/blog\/wp-json\/wp\/v2\/posts\/1620\/revisions"}],"wp:attachment":[{"href":"https:\/\/agenciainfra.com\/blog\/wp-json\/wp\/v2\/media?parent=1620"}],"wp:term":[{"taxonomy":"category","embeddable":true,"href":"https:\/\/agenciainfra.com\/blog\/wp-json\/wp\/v2\/categories?post=1620"},{"taxonomy":"post_tag","embeddable":true,"href":"https:\/\/agenciainfra.com\/blog\/wp-json\/wp\/v2\/tags?post=1620"}],"curies":[{"name":"wp","href":"https:\/\/api.w.org\/{rel}","templated":true}]}}