{"id":16255,"date":"2024-04-19T11:00:00","date_gmt":"2024-04-19T14:00:00","guid":{"rendered":"https:\/\/agenciainfra.com\/blog\/?p=16255"},"modified":"2024-04-22T08:39:03","modified_gmt":"2024-04-22T11:39:03","slug":"nota-sobre-a-diferenca-entre-negociacoes-renegociacoes-e-reequilibrios-de-contratos-administrativos","status":"publish","type":"post","link":"https:\/\/agenciainfra.com\/blog\/nota-sobre-a-diferenca-entre-negociacoes-renegociacoes-e-reequilibrios-de-contratos-administrativos\/","title":{"rendered":"Nota sobre a diferen\u00e7a entre negocia\u00e7\u00f5es, renegocia\u00e7\u00f5es e reequil\u00edbrios de contratos administrativos"},"content":{"rendered":"\n<p class=\"has-text-align-right\"><strong>Mauricio Portugal Ribeiro*<\/strong><\/p>\n\n\n\n<p>Apesar dos programas de renegocia\u00e7\u00e3o de contratos estarem evoluindo no Brasil, continua a haver entre n\u00f3s uma confus\u00e3o conceitual que, em minha opini\u00e3o, tumultua o processo de compreens\u00e3o dos fundamentos te\u00f3ricos das renegocia\u00e7\u00f5es de contratos.<\/p>\n\n\n\n<p>A confus\u00e3o \u00e9 entre os conceitos e o papel da atividade de <strong>negocia\u00e7\u00e3o<\/strong><em> na execu\u00e7\u00e3o dos contratos<\/em>, da atividade <em>de <\/em><strong>renegocia\u00e7\u00e3o<\/strong><em>, como instrumento de altera\u00e7\u00e3o formal das regras contratuais<\/em>, e da atividade de <strong>reequil\u00edbrio <\/strong>dos contratos.<\/p>\n\n\n\n<p>Creio que, do ponto de vista te\u00f3rico, ningu\u00e9m tem d\u00favida da ubiquidade da atividade de negocia\u00e7\u00e3o para cumprimento dos contratos, particularmente nos contratos complexos e de longo prazo, como o s\u00e3o os de concess\u00e3o e PPP.<\/p>\n\n\n\n<p>Isso \u00e9 uma consequ\u00eancia necess\u00e1ria da incompletude contratual e da pr\u00f3pria natureza relacional dos contratos de concess\u00e3o e PPP, que precisam de intera\u00e7\u00e3o entre as partes durante a sua execu\u00e7\u00e3o at\u00e9 mesmo para especificar as suas obriga\u00e7\u00f5es.<\/p>\n\n\n\n<p>Mas, isso nada tem a ver com a ideia de renegocia\u00e7\u00e3o dos contratos enquanto instrumento para mudan\u00e7a formal das suas regras.<\/p>\n\n\n\n<p>Ao falarmos de programas de renegocia\u00e7\u00e3o estamos nos referindo \u00e0 possibilidade de altera\u00e7\u00e3o de contratos realizada por meio de uma negocia\u00e7\u00e3o n\u00e3o balizada pelas normas previstas no contrato ou no pr\u00f3prio ordenamento, geralmente, com o objetivo de levar a condi\u00e7\u00e3o de sustentabilidade econ\u00f4mico-financeira a contratos que a perderam.<\/p>\n\n\n\n<p>Evidentemente, a atividade de negocia\u00e7\u00e3o tem um papel nodal nos processos de renegocia\u00e7\u00e3o dos contratos. As renegocia\u00e7\u00f5es s\u00e3o o momento em que a atividade de negocia\u00e7\u00e3o se projeta para al\u00e9m do cumprimento do contrato e se torna central para a sua altera\u00e7\u00e3o.<\/p>\n\n\n\n<p>J\u00e1 o reequil\u00edbrio \u00e9 uma atividade compensat\u00f3ria realizada como decorr\u00eancia da atribui\u00e7\u00e3o de riscos no contrato. Todas as vezes que ocorre um evento que impacta, da perspectiva econ\u00f4mico-financeira, uma das partes do contrato, mas cujo risco foi atribu\u00eddo a outra parte do contrato, surge o direito ao reequil\u00edbrio econ\u00f4mico-financeiro.<\/p>\n\n\n\n<p>O reequil\u00edbrio \u00e9 um instrumento para cumprir a distribui\u00e7\u00e3o de riscos do contrato. Portanto, reequilibrar o contrato \u00e9, acima de tudo, cumprimento, execu\u00e7\u00e3o de regras previstas no pr\u00f3prio contrato.<\/p>\n\n\n\n<p>Por outro lado, n\u00e3o h\u00e1 d\u00favidas que o resultado da atividade de reequil\u00edbrio \u00e9 um aditivo contratual que, muitas vezes, altera dispositivos do pr\u00f3prio contrato.<\/p>\n\n\n\n<p>Em <a href=\"https:\/\/www.migalhas.com.br\/depeso\/227717\/devemos-proibir-que-recomposicao-do-equilibrio-economico-financeiro-altere-a-distribuicao-de-riscos-originaria-do-contrato\">artigo<\/a> publicado v\u00e1rios anos atr\u00e1s, demonstrei, por exemplo, que o reequil\u00edbrio muitas vezes altera a pr\u00f3pria distribui\u00e7\u00e3o de riscos do contrato. Portanto, a atividade de reequil\u00edbrio se configura como cumprimento do contrato, mas, ao mesmo tempo, pode tamb\u00e9m ser um instrumento de altera\u00e7\u00e3o do contrato balizado pelas regras nele previstas.<\/p>\n\n\n\n<p>E isso diferencia os reequil\u00edbrios das renegocia\u00e7\u00f5es. Enquanto os reequil\u00edbrios podem alterar os contratos por meio da aplica\u00e7\u00e3o de regras previstas em lei ou nos pr\u00f3prios contratos, as renegocia\u00e7\u00f5es s\u00e3o altera\u00e7\u00f5es dos contratos n\u00e3o balizadas por regras previamente estabelecidas no ordenamento jur\u00eddico ou pactuadas entre as partes.<\/p>\n\n\n\n<p>Nesse contexto, \u00e9 importante, por fim, entender qual o papel das negocia\u00e7\u00f5es na atividade de reequil\u00edbrio dos contratos. Considerando que a atividade de reequil\u00edbrio \u00e9 cumprimento de regras previstas no contrato, evidentemente que as negocia\u00e7\u00f5es permeiam essa atividade.<\/p>\n\n\n\n<p>Para exemplificar, costumo usar o caso da desagrega\u00e7\u00e3o de rubricas no caso de um reequil\u00edbrio baseado em um plano de neg\u00f3cios vinculado a um contrato de concess\u00e3o.<\/p>\n\n\n\n<p>Imaginem uma situa\u00e7\u00e3o em que o direito do contratado ao reequil\u00edbrio surja em virtude da varia\u00e7\u00e3o do custo de um insumo qualquer da presta\u00e7\u00e3o de servi\u00e7os objeto do contrato, por exemplo o CAP (Cimento Asf\u00e1ltico de Petr\u00f3leo).<\/p>\n\n\n\n<p>No plano de neg\u00f3cios, esse insumo est\u00e1 agregado a outros em uma rubrica chamada \u201cinvestimentos\u201d. Para desagregar entre os custos de investimento, o valor espec\u00edfico do custo do CAP, ser\u00e1 preciso que as partes negociem.<\/p>\n\n\n\n<p>Isso porque se n\u00e3o h\u00e1 um registro nos estudos que deram base ao plano de neg\u00f3cios de quanto do valor dos investimentos se referia ao CAP, ser\u00e1 preciso os t\u00e9cnicos das partes produzirem essa informa\u00e7\u00e3o, sem a qual n\u00e3o ser\u00e1 vi\u00e1vel realizar o reequil\u00edbrio pela varia\u00e7\u00e3o do custo do CAP.<\/p>\n\n\n\n<p>Nesse caso, portanto, a negocia\u00e7\u00e3o \u00e9 essencial para que se cumpra a exig\u00eancia de reequil\u00edbrio do contrato. E isso prova que o cumprimento de regras sobre reequil\u00edbrio do contrato, assim como a execu\u00e7\u00e3o de tantas outras regras dos contratos, muitas vezes, dependem de negocia\u00e7\u00e3o entre as partes.<\/p>\n\n\n\n<h6 class=\"wp-block-heading\" id=\"block-f323f59b-51bf-4eed-b17b-3c7d3b917007\">*<strong>Mauricio Portugal Ribeiro<\/strong> \u00e9 s\u00f3cio da Portugal Ribeiro Advogados, especializado na estrutura\u00e7\u00e3o, nos aspectos regulat\u00f3rios e no equil\u00edbrio econ\u00f4mico-financeiro de contratos de concess\u00f5es comuns e PPPs. \u00c9 tamb\u00e9m professor da p\u00f3s-gradua\u00e7\u00e3o da Faculdade de Direito da FGV (Funda\u00e7\u00e3o Getulio Vargas), S\u00e3o Paulo (SP).<\/h6>\n\n\n\n<h5 class=\"wp-block-heading\" id=\"block-5ef42db3-2ed1-4178-8ab5-7a7f312ba102\">As opini\u00f5es dos autores n\u00e3o refletem necessariamente o pensamento da Ag\u00eancia iNFRA, sendo de total responsabilidade do autor as informa\u00e7\u00f5es, ju\u00edzos de valor e conceitos descritos no texto.<\/h5>\n","protected":false},"excerpt":{"rendered":"<p>Mauricio Portugal Ribeiro* Apesar dos programas de renegocia\u00e7\u00e3o de contratos estarem evoluindo no Brasil, continua a haver entre n\u00f3s uma confus\u00e3o conceitual que, em minha opini\u00e3o, tumultua o processo de compreens\u00e3o dos fundamentos te\u00f3ricos das renegocia\u00e7\u00f5es de contratos. A confus\u00e3o \u00e9 entre os conceitos e o papel da atividade de negocia\u00e7\u00e3o na execu\u00e7\u00e3o dos contratos, [&hellip;]<\/p>\n","protected":false},"author":1,"featured_media":14775,"comment_status":"closed","ping_status":"closed","sticky":false,"template":"","format":"standard","meta":{"_monsterinsights_skip_tracking":false,"_monsterinsights_sitenote_active":false,"_monsterinsights_sitenote_note":"","_monsterinsights_sitenote_category":0,"footnotes":""},"categories":[1,11],"tags":[8909,1181,1182,3594,9130,9131,1081,8206,916,97,1978,7059,9132,9133,7113],"class_list":["post-16255","post","type-post","status-publish","format-standard","has-post-thumbnail","hentry","category-geral","category-infradebate","tag-aditivo-contratual","tag-cap","tag-cimento-asfaltico-de-petroleo","tag-contratos","tag-distribuicao-de-riscos","tag-execucao-contratual","tag-mauricio-portugal-ribeiro","tag-negociacao","tag-parceria-publico-privada","tag-ppp","tag-reequilibrio-economico-financeiro","tag-renegociacao","tag-rubricas-contratuais","tag-sustentabilidade-economico-financeira","tag-teoria-dos-contratos"],"yoast_head":"<!-- This site is optimized with the Yoast SEO Premium plugin v25.4 (Yoast SEO v26.0) - https:\/\/yoast.com\/wordpress\/plugins\/seo\/ -->\n<title>Nota sobre a diferen\u00e7a entre negocia\u00e7\u00f5es, renegocia\u00e7\u00f5es e reequil\u00edbrios de contratos administrativos - Ag\u00eancia iNFRA<\/title>\n<meta name=\"robots\" content=\"index, follow, max-snippet:-1, max-image-preview:large, max-video-preview:-1\" \/>\n<link rel=\"canonical\" href=\"https:\/\/agenciainfra.com\/blog\/nota-sobre-a-diferenca-entre-negociacoes-renegociacoes-e-reequilibrios-de-contratos-administrativos\/\" \/>\n<meta property=\"og:locale\" content=\"pt_BR\" \/>\n<meta property=\"og:type\" content=\"article\" \/>\n<meta property=\"og:title\" content=\"Nota sobre a diferen\u00e7a entre negocia\u00e7\u00f5es, renegocia\u00e7\u00f5es e reequil\u00edbrios de contratos administrativos\" \/>\n<meta property=\"og:description\" content=\"Mauricio Portugal Ribeiro* Apesar dos programas de renegocia\u00e7\u00e3o de contratos estarem evoluindo no Brasil, continua a haver entre n\u00f3s uma confus\u00e3o conceitual que, em minha opini\u00e3o, tumultua o processo de compreens\u00e3o dos fundamentos te\u00f3ricos das renegocia\u00e7\u00f5es de contratos. A confus\u00e3o \u00e9 entre os conceitos e o papel da atividade de negocia\u00e7\u00e3o na execu\u00e7\u00e3o dos contratos, [&hellip;]\" \/>\n<meta property=\"og:url\" content=\"https:\/\/agenciainfra.com\/blog\/nota-sobre-a-diferenca-entre-negociacoes-renegociacoes-e-reequilibrios-de-contratos-administrativos\/\" \/>\n<meta property=\"og:site_name\" content=\"Ag\u00eancia iNFRA\" \/>\n<meta property=\"article:publisher\" content=\"https:\/\/www.facebook.com\/ageninfra\" \/>\n<meta property=\"article:published_time\" content=\"2024-04-19T14:00:00+00:00\" \/>\n<meta property=\"article:modified_time\" content=\"2024-04-22T11:39:03+00:00\" \/>\n<meta property=\"og:image\" content=\"https:\/\/agenciainfra.com\/blog\/wp-content\/uploads\/2023\/11\/mauricio-portugal-ribeiro-foto-acervo-pessoal-nova.png\" \/>\n\t<meta property=\"og:image:width\" content=\"1202\" \/>\n\t<meta property=\"og:image:height\" content=\"775\" \/>\n\t<meta property=\"og:image:type\" content=\"image\/png\" \/>\n<meta name=\"author\" content=\"Ag\u00eancia iNFRA\" \/>\n<meta name=\"twitter:card\" content=\"summary_large_image\" \/>\n<meta name=\"twitter:creator\" content=\"@agencia_infra\" \/>\n<meta name=\"twitter:site\" content=\"@agencia_infra\" \/>\n<meta name=\"twitter:label1\" content=\"Escrito por\" \/>\n\t<meta name=\"twitter:data1\" content=\"Ag\u00eancia iNFRA\" \/>\n\t<meta name=\"twitter:label2\" content=\"Est. tempo de leitura\" \/>\n\t<meta name=\"twitter:data2\" content=\"4 minutos\" \/>\n<script type=\"application\/ld+json\" class=\"yoast-schema-graph\">{\"@context\":\"https:\/\/schema.org\",\"@graph\":[{\"@type\":\"Article\",\"@id\":\"https:\/\/agenciainfra.com\/blog\/nota-sobre-a-diferenca-entre-negociacoes-renegociacoes-e-reequilibrios-de-contratos-administrativos\/#article\",\"isPartOf\":{\"@id\":\"https:\/\/agenciainfra.com\/blog\/nota-sobre-a-diferenca-entre-negociacoes-renegociacoes-e-reequilibrios-de-contratos-administrativos\/\"},\"author\":{\"name\":\"Ag\u00eancia iNFRA\",\"@id\":\"https:\/\/agenciainfra.com\/blog\/#\/schema\/person\/34af08dff6adea4cb22b06612ba7acfa\"},\"headline\":\"Nota sobre a diferen\u00e7a entre negocia\u00e7\u00f5es, renegocia\u00e7\u00f5es e reequil\u00edbrios de contratos administrativos\",\"datePublished\":\"2024-04-19T14:00:00+00:00\",\"dateModified\":\"2024-04-22T11:39:03+00:00\",\"mainEntityOfPage\":{\"@id\":\"https:\/\/agenciainfra.com\/blog\/nota-sobre-a-diferenca-entre-negociacoes-renegociacoes-e-reequilibrios-de-contratos-administrativos\/\"},\"wordCount\":891,\"publisher\":{\"@id\":\"https:\/\/agenciainfra.com\/blog\/#organization\"},\"image\":{\"@id\":\"https:\/\/agenciainfra.com\/blog\/nota-sobre-a-diferenca-entre-negociacoes-renegociacoes-e-reequilibrios-de-contratos-administrativos\/#primaryimage\"},\"thumbnailUrl\":\"https:\/\/agenciainfra.com\/blog\/wp-content\/uploads\/2023\/11\/mauricio-portugal-ribeiro-foto-acervo-pessoal-nova.png\",\"keywords\":[\"Aditivo contratual\",\"CAP\",\"Cimento Asf\u00e1ltico de Petr\u00f3leo\",\"contratos\",\"distribui\u00e7\u00e3o de riscos\",\"execu\u00e7\u00e3o contratual\",\"Mauricio Portugal Ribeiro\",\"Negocia\u00e7\u00e3o\",\"parceria p\u00fablico-privada\",\"PPP\",\"reequil\u00edbrio econ\u00f4mico-financeiro\",\"renegocia\u00e7\u00e3o\",\"rubricas contratuais\",\"sustentabilidade econ\u00f4mico-financeira\",\"teoria dos contratos\"],\"articleSection\":[\"Geral\",\"iNFRADebate\"],\"inLanguage\":\"pt-BR\",\"copyrightYear\":\"2024\",\"copyrightHolder\":{\"@id\":\"https:\/\/agenciainfra.com\/blog\/#organization\"}},{\"@type\":\"WebPage\",\"@id\":\"https:\/\/agenciainfra.com\/blog\/nota-sobre-a-diferenca-entre-negociacoes-renegociacoes-e-reequilibrios-de-contratos-administrativos\/\",\"url\":\"https:\/\/agenciainfra.com\/blog\/nota-sobre-a-diferenca-entre-negociacoes-renegociacoes-e-reequilibrios-de-contratos-administrativos\/\",\"name\":\"Nota sobre a diferen\u00e7a entre negocia\u00e7\u00f5es, renegocia\u00e7\u00f5es e reequil\u00edbrios de contratos administrativos - Ag\u00eancia iNFRA\",\"isPartOf\":{\"@id\":\"https:\/\/agenciainfra.com\/blog\/#website\"},\"primaryImageOfPage\":{\"@id\":\"https:\/\/agenciainfra.com\/blog\/nota-sobre-a-diferenca-entre-negociacoes-renegociacoes-e-reequilibrios-de-contratos-administrativos\/#primaryimage\"},\"image\":{\"@id\":\"https:\/\/agenciainfra.com\/blog\/nota-sobre-a-diferenca-entre-negociacoes-renegociacoes-e-reequilibrios-de-contratos-administrativos\/#primaryimage\"},\"thumbnailUrl\":\"https:\/\/agenciainfra.com\/blog\/wp-content\/uploads\/2023\/11\/mauricio-portugal-ribeiro-foto-acervo-pessoal-nova.png\",\"datePublished\":\"2024-04-19T14:00:00+00:00\",\"dateModified\":\"2024-04-22T11:39:03+00:00\",\"breadcrumb\":{\"@id\":\"https:\/\/agenciainfra.com\/blog\/nota-sobre-a-diferenca-entre-negociacoes-renegociacoes-e-reequilibrios-de-contratos-administrativos\/#breadcrumb\"},\"inLanguage\":\"pt-BR\",\"potentialAction\":[{\"@type\":\"ReadAction\",\"target\":[\"https:\/\/agenciainfra.com\/blog\/nota-sobre-a-diferenca-entre-negociacoes-renegociacoes-e-reequilibrios-de-contratos-administrativos\/\"]}]},{\"@type\":\"ImageObject\",\"inLanguage\":\"pt-BR\",\"@id\":\"https:\/\/agenciainfra.com\/blog\/nota-sobre-a-diferenca-entre-negociacoes-renegociacoes-e-reequilibrios-de-contratos-administrativos\/#primaryimage\",\"url\":\"https:\/\/agenciainfra.com\/blog\/wp-content\/uploads\/2023\/11\/mauricio-portugal-ribeiro-foto-acervo-pessoal-nova.png\",\"contentUrl\":\"https:\/\/agenciainfra.com\/blog\/wp-content\/uploads\/2023\/11\/mauricio-portugal-ribeiro-foto-acervo-pessoal-nova.png\",\"width\":1202,\"height\":775},{\"@type\":\"BreadcrumbList\",\"@id\":\"https:\/\/agenciainfra.com\/blog\/nota-sobre-a-diferenca-entre-negociacoes-renegociacoes-e-reequilibrios-de-contratos-administrativos\/#breadcrumb\",\"itemListElement\":[{\"@type\":\"ListItem\",\"position\":1,\"name\":\"In\u00edcio\",\"item\":\"https:\/\/agenciainfra.com\/blog\/\"},{\"@type\":\"ListItem\",\"position\":2,\"name\":\"Nota sobre a diferen\u00e7a entre negocia\u00e7\u00f5es, renegocia\u00e7\u00f5es e reequil\u00edbrios de contratos administrativos\"}]},{\"@type\":\"WebSite\",\"@id\":\"https:\/\/agenciainfra.com\/blog\/#website\",\"url\":\"https:\/\/agenciainfra.com\/blog\/\",\"name\":\"Ag\u00eancia iNFRA\",\"description\":\"Multiplataforma de informa\u00e7\u00e3o jornal\u00edstica refer\u00eancia na \u00e1rea de infraestrutura no Brasil!\",\"publisher\":{\"@id\":\"https:\/\/agenciainfra.com\/blog\/#organization\"},\"potentialAction\":[{\"@type\":\"SearchAction\",\"target\":{\"@type\":\"EntryPoint\",\"urlTemplate\":\"https:\/\/agenciainfra.com\/blog\/?s={search_term_string}\"},\"query-input\":{\"@type\":\"PropertyValueSpecification\",\"valueRequired\":true,\"valueName\":\"search_term_string\"}}],\"inLanguage\":\"pt-BR\"},{\"@type\":\"Organization\",\"@id\":\"https:\/\/agenciainfra.com\/blog\/#organization\",\"name\":\"Ag\u00eancia iNFRA\",\"url\":\"https:\/\/agenciainfra.com\/blog\/\",\"logo\":{\"@type\":\"ImageObject\",\"inLanguage\":\"pt-BR\",\"@id\":\"https:\/\/agenciainfra.com\/blog\/#\/schema\/logo\/image\/\",\"url\":\"https:\/\/agenciainfra.com\/blog\/wp-content\/uploads\/2023\/09\/iNFRA_5-e1761735885940.png\",\"contentUrl\":\"https:\/\/agenciainfra.com\/blog\/wp-content\/uploads\/2023\/09\/iNFRA_5-e1761735885940.png\",\"width\":1672,\"height\":454,\"caption\":\"Ag\u00eancia iNFRA\"},\"image\":{\"@id\":\"https:\/\/agenciainfra.com\/blog\/#\/schema\/logo\/image\/\"},\"sameAs\":[\"https:\/\/www.facebook.com\/ageninfra\",\"https:\/\/x.com\/agencia_infra\",\"https:\/\/www.linkedin.com\/company\/ag\u00eanciainfra\/\",\"https:\/\/www.instagram.com\/agenciainfra\/\"]},{\"@type\":\"Person\",\"@id\":\"https:\/\/agenciainfra.com\/blog\/#\/schema\/person\/34af08dff6adea4cb22b06612ba7acfa\",\"name\":\"Ag\u00eancia iNFRA\",\"image\":{\"@type\":\"ImageObject\",\"inLanguage\":\"pt-BR\",\"@id\":\"https:\/\/agenciainfra.com\/blog\/#\/schema\/person\/image\/\",\"url\":\"https:\/\/secure.gravatar.com\/avatar\/d189e01678f06d8eb84d4e01f08eb848b3fffe3f8443818d3c356c66892f5be8?s=96&d=mm&r=g\",\"contentUrl\":\"https:\/\/secure.gravatar.com\/avatar\/d189e01678f06d8eb84d4e01f08eb848b3fffe3f8443818d3c356c66892f5be8?s=96&d=mm&r=g\",\"caption\":\"Ag\u00eancia iNFRA\"},\"url\":\"https:\/\/agenciainfra.com\/blog\/author\/admin\/\"}]}<\/script>\n<!-- \/ Yoast SEO Premium plugin. -->","yoast_head_json":{"title":"Nota sobre a diferen\u00e7a entre negocia\u00e7\u00f5es, renegocia\u00e7\u00f5es e reequil\u00edbrios de contratos administrativos - Ag\u00eancia iNFRA","robots":{"index":"index","follow":"follow","max-snippet":"max-snippet:-1","max-image-preview":"max-image-preview:large","max-video-preview":"max-video-preview:-1"},"canonical":"https:\/\/agenciainfra.com\/blog\/nota-sobre-a-diferenca-entre-negociacoes-renegociacoes-e-reequilibrios-de-contratos-administrativos\/","og_locale":"pt_BR","og_type":"article","og_title":"Nota sobre a diferen\u00e7a entre negocia\u00e7\u00f5es, renegocia\u00e7\u00f5es e reequil\u00edbrios de contratos administrativos","og_description":"Mauricio Portugal Ribeiro* Apesar dos programas de renegocia\u00e7\u00e3o de contratos estarem evoluindo no Brasil, continua a haver entre n\u00f3s uma confus\u00e3o conceitual que, em minha opini\u00e3o, tumultua o processo de compreens\u00e3o dos fundamentos te\u00f3ricos das renegocia\u00e7\u00f5es de contratos. A confus\u00e3o \u00e9 entre os conceitos e o papel da atividade de negocia\u00e7\u00e3o na execu\u00e7\u00e3o dos contratos, [&hellip;]","og_url":"https:\/\/agenciainfra.com\/blog\/nota-sobre-a-diferenca-entre-negociacoes-renegociacoes-e-reequilibrios-de-contratos-administrativos\/","og_site_name":"Ag\u00eancia iNFRA","article_publisher":"https:\/\/www.facebook.com\/ageninfra","article_published_time":"2024-04-19T14:00:00+00:00","article_modified_time":"2024-04-22T11:39:03+00:00","og_image":[{"width":1202,"height":775,"url":"https:\/\/agenciainfra.com\/blog\/wp-content\/uploads\/2023\/11\/mauricio-portugal-ribeiro-foto-acervo-pessoal-nova.png","type":"image\/png"}],"author":"Ag\u00eancia iNFRA","twitter_card":"summary_large_image","twitter_creator":"@agencia_infra","twitter_site":"@agencia_infra","twitter_misc":{"Escrito por":"Ag\u00eancia iNFRA","Est. tempo de leitura":"4 minutos"},"schema":{"@context":"https:\/\/schema.org","@graph":[{"@type":"Article","@id":"https:\/\/agenciainfra.com\/blog\/nota-sobre-a-diferenca-entre-negociacoes-renegociacoes-e-reequilibrios-de-contratos-administrativos\/#article","isPartOf":{"@id":"https:\/\/agenciainfra.com\/blog\/nota-sobre-a-diferenca-entre-negociacoes-renegociacoes-e-reequilibrios-de-contratos-administrativos\/"},"author":{"name":"Ag\u00eancia iNFRA","@id":"https:\/\/agenciainfra.com\/blog\/#\/schema\/person\/34af08dff6adea4cb22b06612ba7acfa"},"headline":"Nota sobre a diferen\u00e7a entre negocia\u00e7\u00f5es, renegocia\u00e7\u00f5es e reequil\u00edbrios de contratos administrativos","datePublished":"2024-04-19T14:00:00+00:00","dateModified":"2024-04-22T11:39:03+00:00","mainEntityOfPage":{"@id":"https:\/\/agenciainfra.com\/blog\/nota-sobre-a-diferenca-entre-negociacoes-renegociacoes-e-reequilibrios-de-contratos-administrativos\/"},"wordCount":891,"publisher":{"@id":"https:\/\/agenciainfra.com\/blog\/#organization"},"image":{"@id":"https:\/\/agenciainfra.com\/blog\/nota-sobre-a-diferenca-entre-negociacoes-renegociacoes-e-reequilibrios-de-contratos-administrativos\/#primaryimage"},"thumbnailUrl":"https:\/\/agenciainfra.com\/blog\/wp-content\/uploads\/2023\/11\/mauricio-portugal-ribeiro-foto-acervo-pessoal-nova.png","keywords":["Aditivo contratual","CAP","Cimento Asf\u00e1ltico de Petr\u00f3leo","contratos","distribui\u00e7\u00e3o de riscos","execu\u00e7\u00e3o contratual","Mauricio Portugal Ribeiro","Negocia\u00e7\u00e3o","parceria p\u00fablico-privada","PPP","reequil\u00edbrio econ\u00f4mico-financeiro","renegocia\u00e7\u00e3o","rubricas contratuais","sustentabilidade econ\u00f4mico-financeira","teoria dos contratos"],"articleSection":["Geral","iNFRADebate"],"inLanguage":"pt-BR","copyrightYear":"2024","copyrightHolder":{"@id":"https:\/\/agenciainfra.com\/blog\/#organization"}},{"@type":"WebPage","@id":"https:\/\/agenciainfra.com\/blog\/nota-sobre-a-diferenca-entre-negociacoes-renegociacoes-e-reequilibrios-de-contratos-administrativos\/","url":"https:\/\/agenciainfra.com\/blog\/nota-sobre-a-diferenca-entre-negociacoes-renegociacoes-e-reequilibrios-de-contratos-administrativos\/","name":"Nota sobre a diferen\u00e7a entre negocia\u00e7\u00f5es, renegocia\u00e7\u00f5es e reequil\u00edbrios de contratos administrativos - Ag\u00eancia iNFRA","isPartOf":{"@id":"https:\/\/agenciainfra.com\/blog\/#website"},"primaryImageOfPage":{"@id":"https:\/\/agenciainfra.com\/blog\/nota-sobre-a-diferenca-entre-negociacoes-renegociacoes-e-reequilibrios-de-contratos-administrativos\/#primaryimage"},"image":{"@id":"https:\/\/agenciainfra.com\/blog\/nota-sobre-a-diferenca-entre-negociacoes-renegociacoes-e-reequilibrios-de-contratos-administrativos\/#primaryimage"},"thumbnailUrl":"https:\/\/agenciainfra.com\/blog\/wp-content\/uploads\/2023\/11\/mauricio-portugal-ribeiro-foto-acervo-pessoal-nova.png","datePublished":"2024-04-19T14:00:00+00:00","dateModified":"2024-04-22T11:39:03+00:00","breadcrumb":{"@id":"https:\/\/agenciainfra.com\/blog\/nota-sobre-a-diferenca-entre-negociacoes-renegociacoes-e-reequilibrios-de-contratos-administrativos\/#breadcrumb"},"inLanguage":"pt-BR","potentialAction":[{"@type":"ReadAction","target":["https:\/\/agenciainfra.com\/blog\/nota-sobre-a-diferenca-entre-negociacoes-renegociacoes-e-reequilibrios-de-contratos-administrativos\/"]}]},{"@type":"ImageObject","inLanguage":"pt-BR","@id":"https:\/\/agenciainfra.com\/blog\/nota-sobre-a-diferenca-entre-negociacoes-renegociacoes-e-reequilibrios-de-contratos-administrativos\/#primaryimage","url":"https:\/\/agenciainfra.com\/blog\/wp-content\/uploads\/2023\/11\/mauricio-portugal-ribeiro-foto-acervo-pessoal-nova.png","contentUrl":"https:\/\/agenciainfra.com\/blog\/wp-content\/uploads\/2023\/11\/mauricio-portugal-ribeiro-foto-acervo-pessoal-nova.png","width":1202,"height":775},{"@type":"BreadcrumbList","@id":"https:\/\/agenciainfra.com\/blog\/nota-sobre-a-diferenca-entre-negociacoes-renegociacoes-e-reequilibrios-de-contratos-administrativos\/#breadcrumb","itemListElement":[{"@type":"ListItem","position":1,"name":"In\u00edcio","item":"https:\/\/agenciainfra.com\/blog\/"},{"@type":"ListItem","position":2,"name":"Nota sobre a diferen\u00e7a entre negocia\u00e7\u00f5es, renegocia\u00e7\u00f5es e reequil\u00edbrios de contratos administrativos"}]},{"@type":"WebSite","@id":"https:\/\/agenciainfra.com\/blog\/#website","url":"https:\/\/agenciainfra.com\/blog\/","name":"Ag\u00eancia iNFRA","description":"Multiplataforma de informa\u00e7\u00e3o jornal\u00edstica refer\u00eancia na \u00e1rea de infraestrutura no Brasil!","publisher":{"@id":"https:\/\/agenciainfra.com\/blog\/#organization"},"potentialAction":[{"@type":"SearchAction","target":{"@type":"EntryPoint","urlTemplate":"https:\/\/agenciainfra.com\/blog\/?s={search_term_string}"},"query-input":{"@type":"PropertyValueSpecification","valueRequired":true,"valueName":"search_term_string"}}],"inLanguage":"pt-BR"},{"@type":"Organization","@id":"https:\/\/agenciainfra.com\/blog\/#organization","name":"Ag\u00eancia iNFRA","url":"https:\/\/agenciainfra.com\/blog\/","logo":{"@type":"ImageObject","inLanguage":"pt-BR","@id":"https:\/\/agenciainfra.com\/blog\/#\/schema\/logo\/image\/","url":"https:\/\/agenciainfra.com\/blog\/wp-content\/uploads\/2023\/09\/iNFRA_5-e1761735885940.png","contentUrl":"https:\/\/agenciainfra.com\/blog\/wp-content\/uploads\/2023\/09\/iNFRA_5-e1761735885940.png","width":1672,"height":454,"caption":"Ag\u00eancia iNFRA"},"image":{"@id":"https:\/\/agenciainfra.com\/blog\/#\/schema\/logo\/image\/"},"sameAs":["https:\/\/www.facebook.com\/ageninfra","https:\/\/x.com\/agencia_infra","https:\/\/www.linkedin.com\/company\/ag\u00eanciainfra\/","https:\/\/www.instagram.com\/agenciainfra\/"]},{"@type":"Person","@id":"https:\/\/agenciainfra.com\/blog\/#\/schema\/person\/34af08dff6adea4cb22b06612ba7acfa","name":"Ag\u00eancia iNFRA","image":{"@type":"ImageObject","inLanguage":"pt-BR","@id":"https:\/\/agenciainfra.com\/blog\/#\/schema\/person\/image\/","url":"https:\/\/secure.gravatar.com\/avatar\/d189e01678f06d8eb84d4e01f08eb848b3fffe3f8443818d3c356c66892f5be8?s=96&d=mm&r=g","contentUrl":"https:\/\/secure.gravatar.com\/avatar\/d189e01678f06d8eb84d4e01f08eb848b3fffe3f8443818d3c356c66892f5be8?s=96&d=mm&r=g","caption":"Ag\u00eancia iNFRA"},"url":"https:\/\/agenciainfra.com\/blog\/author\/admin\/"}]}},"_links":{"self":[{"href":"https:\/\/agenciainfra.com\/blog\/wp-json\/wp\/v2\/posts\/16255","targetHints":{"allow":["GET"]}}],"collection":[{"href":"https:\/\/agenciainfra.com\/blog\/wp-json\/wp\/v2\/posts"}],"about":[{"href":"https:\/\/agenciainfra.com\/blog\/wp-json\/wp\/v2\/types\/post"}],"author":[{"embeddable":true,"href":"https:\/\/agenciainfra.com\/blog\/wp-json\/wp\/v2\/users\/1"}],"replies":[{"embeddable":true,"href":"https:\/\/agenciainfra.com\/blog\/wp-json\/wp\/v2\/comments?post=16255"}],"version-history":[{"count":2,"href":"https:\/\/agenciainfra.com\/blog\/wp-json\/wp\/v2\/posts\/16255\/revisions"}],"predecessor-version":[{"id":16257,"href":"https:\/\/agenciainfra.com\/blog\/wp-json\/wp\/v2\/posts\/16255\/revisions\/16257"}],"wp:featuredmedia":[{"embeddable":true,"href":"https:\/\/agenciainfra.com\/blog\/wp-json\/wp\/v2\/media\/14775"}],"wp:attachment":[{"href":"https:\/\/agenciainfra.com\/blog\/wp-json\/wp\/v2\/media?parent=16255"}],"wp:term":[{"taxonomy":"category","embeddable":true,"href":"https:\/\/agenciainfra.com\/blog\/wp-json\/wp\/v2\/categories?post=16255"},{"taxonomy":"post_tag","embeddable":true,"href":"https:\/\/agenciainfra.com\/blog\/wp-json\/wp\/v2\/tags?post=16255"}],"curies":[{"name":"wp","href":"https:\/\/api.w.org\/{rel}","templated":true}]}}