{"id":16311,"date":"2024-04-21T07:01:00","date_gmt":"2024-04-21T10:01:00","guid":{"rendered":"https:\/\/agenciainfra.com\/blog\/?p=16311"},"modified":"2026-03-13T09:41:16","modified_gmt":"2026-03-13T12:41:16","slug":"fiscalizacao-do-tcu-indica-indicio-de-irregularidade-em-fatiamento-sem-licitacao-de-area-para-novo-terminal-de-conteineres-do-porto-de-santos","status":"publish","type":"post","link":"https:\/\/agenciainfra.com\/blog\/fiscalizacao-do-tcu-indica-indicio-de-irregularidade-em-fatiamento-sem-licitacao-de-area-para-novo-terminal-de-conteineres-do-porto-de-santos\/","title":{"rendered":"Fiscaliza\u00e7\u00e3o do TCU indica ind\u00edcio de irregularidade em fatiamento sem licita\u00e7\u00e3o de \u00e1rea para novo terminal de cont\u00eaineres do porto de Santos"},"content":{"rendered":"\n<p class=\"has-text-align-right\"><strong>Dimmi Amora, da Ag\u00eancia iNFRA<\/strong><\/p>\n\n\n\n<p>Um relat\u00f3rio de fiscaliza\u00e7\u00e3o do TCU (Tribunal de Contas da Uni\u00e3o) avaliou\u00a0que\u00a0o novo modelo de ocupa\u00e7\u00e3o\u00a0que\u00a0a APS (Autoridade Portu\u00e1ria de\u00a0Santos) est\u00e1 propondo\u00a0para\u00a0a\u00a0\u00e1rea\u00a0do Sabo\u00f3, no Porto de\u00a0Santos\u00a0(SP), tem ind\u00edcios de irregularidades e vai promover uma\u00a0nova\u00a0ocupa\u00e7\u00e3o da\u00a0\u00e1rea\u00a0&#8220;sem licita\u00e7\u00e3o&#8221;.<br><br>O local havia sido destinado\u00a0para\u00a0o novo grande terminal de\u00a0cont\u00eaineres\u00a0do porto, o chamado STS10, mas agora est\u00e1 sendo fatiado\u00a0em\u00a0tr\u00eas terminais\u00a0para\u00a0atender tamb\u00e9m a outras finalidades. O relat\u00f3rio aponta\u00a0que\u00a0isso pode gerar &#8220;estrangulamento futuro da infraestrutura do porto&#8221; e &#8220;preju\u00edzos ao consumidor&#8221;. Os auditores pedem uma cautelar\u00a0para\u00a0suspender os atos do processo, o\u00a0que\u00a0ainda n\u00e3o foi deferido pelo tribunal.<br><br>O STS10 vinha sendo modelado\u00a0para\u00a0ser o novo grande terminal\u00a0para\u00a0cont\u00eaineres\u00a0no maior porto do pa\u00eds at\u00e9 2021, quando o ent\u00e3o Minist\u00e9rio da Infraestrutura decidiu\u00a0que\u00a0n\u00e3o faria uma licita\u00e7\u00e3o separada e colocaria a unidade dentro do processo de concess\u00e3o de todo o porto de\u00a0Santos. A\u00a0nova\u00a0gest\u00e3o decidiu cancelar o processo de desestatiza\u00e7\u00e3o do porto e tamb\u00e9m n\u00e3o retomou o projeto do STS10, indicando uma\u00a0nova\u00a0solu\u00e7\u00e3o\u00a0para\u00a0a\u00a0\u00e1rea.\u00a0<br><br>Uma primeira decis\u00e3o foi por manter o contrato do Ecoporto\u00a0que\u00a0opera um terminal de carga geral no local. Outra seria a de trazer\u00a0para\u00a0a\u00a0\u00e1rea\u00a0o terminal de passageiros da Concais,\u00a0que\u00a0atualmente opera\u00a0em\u00a0outra regi\u00e3o, e a terceira seria permitir\u00a0que\u00a0o BTP, um terminal de\u00a0cont\u00eaineres\u00a0pr\u00f3ximo, expanda sua\u00a0\u00e1rea\u00a0ocupada\u00a0para\u00a0o Sabo\u00f3.\u00a0<br><br>A Auditoria de\u00a0Portos\u00a0e Ferrovias do Tribunal de Contas da Uni\u00e3o,\u00a0em\u00a0processo de acompanhamento do planejamento e zoneamento do porto, analisou essas mudan\u00e7as e indicou diversos ind\u00edcios de irregularidades na forma como os processos est\u00e3o sendo feitos, especialmente a perman\u00eancia do Ecoporto, iniciada na gest\u00e3o do ex-ministro de\u00a0Portos\u00a0e Aeroportos M\u00e1rcio Fran\u00e7a, por decis\u00e3o dele.<\/p>\n\n\n\n<p>O\u00a0secret\u00e1rio\u00a0nacional de\u00a0Portos\u00a0do Minist\u00e9rio de\u00a0Portos\u00a0e Aeroportos, Alex \u00c1vila, afirmou\u00a0que\u00a0o segmento de transporte de\u00a0cont\u00eaineres\u00a0vai ser atendido nos\u00a0portos\u00a0do pa\u00eds, inclusive\u00a0Santos\u00a0(SP), mas n\u00e3o garantiu\u00a0que\u00a0a solu\u00e7\u00e3o ser\u00e1 a constru\u00e7\u00e3o de um novo terminal na\u00a0\u00e1rea\u00a0proposta pela APS, a Vila dos Criadores. Leia mais sobre o posicionamento do secret\u00e1rio <a href=\"https:\/\/agenciainfra.com\/blog\/secretario-de-portos-diz-que-definicao-sobre-nova-area-para-conteineres-em-santos-so-sai-apos-estudos\/\">neste link<\/a>.<br><br><strong>&#8220;Afastamento injustificado&#8221;<\/strong><br>Indicam\u00a0que\u00a0a solu\u00e7\u00e3o aparenta ser um &#8220;novo contrato&#8221;\u00a0que\u00a0est\u00e1 sendo feito sem licita\u00e7\u00e3o e\u00a0que\u00a0n\u00e3o h\u00e1 qualquer demonstra\u00e7\u00e3o t\u00e9cnica de\u00a0que\u00a0essa solu\u00e7\u00e3o possa ser mais vantajosa \u00e0 administra\u00e7\u00e3o\u00a0em\u00a0rela\u00e7\u00e3o a outras alternativas. Os auditores tamb\u00e9m apontam preju\u00edzos se o porto n\u00e3o tiver um novo terminal de\u00a0cont\u00eaineres.<br><br>&#8220;N\u00e3o se vislumbram ganhos com o afastamento injustificado da licita\u00e7\u00e3o da\u00a0\u00e1rea\u00a0STS10. Pelo contr\u00e1rio, a mora\u00a0em\u00a0endere\u00e7ar o estrangulamento futuro da infraestrutura pode trazer inefici\u00eancia na opera\u00e7\u00e3o no m\u00e9dio\/longo prazo, devido ao aumento do tempo de espera, e futuros preju\u00edzos ao consumidor, tendo\u00a0em\u00a0vista\u00a0que\u00a0o aquecimento da demanda sem um crescimento da oferta tende a pressionar os pre\u00e7os&#8221;, avalia o relat\u00f3rio, propondo a cautelar\u00a0para\u00a0suspender o processo e ouvir os gestores.<br><br>O relat\u00f3rio da Auditoria do TCU foi assinado\u00a0em\u00a026 de mar\u00e7o e, dias depois,\u00a0em\u00a010 de abril, a APS anunciou uma\u00a0nova\u00a0solu\u00e7\u00e3o\u00a0para\u00a0abrigar o grande terminal de\u00a0cont\u00eaineres\u00a0fora da\u00a0\u00e1rea\u00a0do Sabo\u00f3. O an\u00fancio aconteceu logo\u00a0ap\u00f3s\u00a0uma reuni\u00e3o fora da agenda do diretor-presidente da APS, Anderson Pomini, com o ministro Silvio Costa Filho,\u00a0em\u00a0Bras\u00edlia.<br><br><strong>&#8220;Aprimorar rela\u00e7\u00e3o&#8221;<\/strong><br>A\u00a0nova\u00a0solu\u00e7\u00e3o seria aumentar a chamada poligonal do porto\u00a0para\u00a0que\u00a0uma\u00a0\u00e1rea\u00a0pr\u00f3xima ao Sabo\u00f3, de 420 mil metros quadrados, chamada de Vila dos Criadores, passasse a fazer parte do porto\u00a0para\u00a0abrigar o novo grande terminal de\u00a0cont\u00eaineres. No comunicado, a APS destaca &#8220;que\u00a0a medida revela uma vis\u00e3o do Porto como um todo e n\u00e3o apenas com um tipo de carga&#8221;.<br><br>Na sua declara\u00e7\u00e3o, Pomini informa: &#8220;Ficou clara a preocupa\u00e7\u00e3o do ministro [Silvio Costa Filho] e da gest\u00e3o atual com a necessidade de aumento da capacidade de\u00a0cont\u00eaineres, j\u00e1\u00a0que\u00a0faremos adensamentos na BTP e na\u00a0Santos\u00a0Brasil, como tamb\u00e9m buscamos aprimorar a rela\u00e7\u00e3o Porto-Cidades, com a transfer\u00eancia do terminal de cruzeiros, o Concais,\u00a0para\u00a0trecho do Ecoporto, integrando ao Parque Valongo,\u00a0que\u00a0ser\u00e1 o primeiro espa\u00e7o de visita\u00e7\u00e3o p\u00fablica nestes 132 anos de hist\u00f3ria do Porto Organizado de\u00a0Santos&#8221;.\u00a0<br><br>A solu\u00e7\u00e3o do novo grande terminal na Vila dos Criadores, no entanto, teve a pior recep\u00e7\u00e3o poss\u00edvel entre usu\u00e1rios do porto ouvidos pela\u00a0<strong>Ag\u00eancia iNFRA<\/strong>\u00a0sob a condi\u00e7\u00e3o de anonimato,\u00a0que\u00a0qualificaram a ideia com os piores adjetivos\u00a0para\u00a0um projeto p\u00fablico de infraestrutura.<br><br><strong>Solu\u00e7\u00e3o invi\u00e1vel\u00a0em\u00a0avalia\u00e7\u00f5es anteriores<\/strong><br>Esses agentes apontam\u00a0que, se levada adiante a solu\u00e7\u00e3o, demorar\u00e1 muito mais do\u00a0que\u00a0a j\u00e1 atrasada implanta\u00e7\u00e3o do novo terminal de\u00a0cont\u00eaineres\u00a0no porto. Lembram ainda\u00a0que\u00a0a\u00a0\u00e1rea\u00a0da Vila dos Criadores vem sendo h\u00e1 anos analisada\u00a0para\u00a0implanta\u00e7\u00e3o de projetos de terminais portu\u00e1rios, sempre com o indicativo de\u00a0que\u00a0ela \u00e9 invi\u00e1vel.<br><br>Um dos maiores problemas seria de desapropria\u00e7\u00e3o de milhares de fam\u00edlias\u00a0que\u00a0moram na regi\u00e3o. A total falta de acesso terrestre ao local tornaria a opera\u00e7\u00e3o de caminh\u00f5es invi\u00e1vel. Al\u00e9m disso, h\u00e1 problemas de confronto com infraestruturas j\u00e1 existentes\u00a0que\u00a0tornam cara e dif\u00edcil uma solu\u00e7\u00e3o log\u00edstica. E, por mar, o local precisar\u00e1 estender o canal de acesso,\u00a0que\u00a0hoje \u00e9 inexistente, uma obra tamb\u00e9m cara e considerada\u00a0complexa.<br><br><strong>Canal inapropriado\u00a0para\u00a0grandes navios<\/strong><br>A falta de um canal de acesso adequado no maior porto do pa\u00eds\u00a0para\u00a0opera\u00e7\u00e3o de\u00a0cont\u00eaineres\u00a0\u00e9 hoje o um outro grande\u00a0problema apontado\u00a0para\u00a0as opera\u00e7\u00f5es desse tipo de carga no porto. Navios mais modernos e de maior porte, acima de 350 metros de comprimento,\u00a0s\u00f3\u00a0conseguem operar no porto de forma quase experimental.<br><br>Ou\u00a0precisam entrar e sair dos terminais com muito menos capacidade do\u00a0que\u00a0poderiam\u00a0para\u00a0que\u00a0n\u00e3o encalhem, porque a profundidade do canal de acesso a\u00a0Santos\u00a0raramente oferece mais de 14 metros\u00a0para\u00a0os calados dos navios, o\u00a0que\u00a0torna os custos operacionais mais altos. Isso tem tirado o pa\u00eds da rota dos navios de maior porte, como mostra\u00a0<a href=\"https:\/\/agenciainfra.us14.list-manage.com\/track\/click?u=d460dd1bcf9ba0ae040e1fc0f&amp;id=2e02860950&amp;e=f0fa444791\" target=\"_blank\" rel=\"noreferrer noopener\">reportagem<\/a>\u00a0da\u00a0<strong>Ag\u00eancia iNFRA<\/strong>.<br><br>Al\u00e9m do canal inapropriado\u00a0para\u00a0os navios de maior porte, os tr\u00eas terminais de\u00a0cont\u00eaineres\u00a0na regi\u00e3o d\u00e3o indicativos de\u00a0que\u00a0operam com capacidade al\u00e9m do\u00a0que\u00a0seriam os padr\u00f5es adequados internacionalmente\u00a0para\u00a0o mercado, o\u00a0que\u00a0tem aumentado o tempo de espera dos navios\u00a0para\u00a0atracar\u00a0em\u00a0Santos, conforme mostra\u00a0<a href=\"https:\/\/agenciainfra.us14.list-manage.com\/track\/click?u=d460dd1bcf9ba0ae040e1fc0f&amp;id=aabc246358&amp;e=f0fa444791\" target=\"_blank\" rel=\"noreferrer noopener\">reportagem<\/a>\u00a0da\u00a0<strong>Ag\u00eancia iNFRA<\/strong>\u00a0de julho de 2023. O indicativo atual \u00e9\u00a0que\u00a0o tempo de espera hoje \u00e9 mais\u00a0que\u00a0o dobro de 2019, quando os\u00a0estudos\u00a0para\u00a0o STS10 come\u00e7aram a avan\u00e7ar.<br><br>As consequ\u00eancias disso s\u00e3o aumentos nos pre\u00e7os do box rate,\u00a0que\u00a0\u00e9 o pre\u00e7o\u00a0que\u00a0os terminais cobram dos armadores, donos de navios,\u00a0para\u00a0operar os\u00a0cont\u00eaineres. Como \u00e9 um mercado de negocia\u00e7\u00e3o livre, os armadores repassam esses valores aos importadores e exportadores de mercadorias, na avalia\u00e7\u00e3o de agentes\u00a0que\u00a0operam nesse mercado consultados pela\u00a0<strong>Ag\u00eancia iNFRA,\u00a0<\/strong>onerando tamb\u00e9m os consumidores ou tornando economicamente invi\u00e1vel algumas negocia\u00e7\u00f5es.<\/p>\n","protected":false},"excerpt":{"rendered":"<p>Dimmi Amora, da Ag\u00eancia iNFRA Um relat\u00f3rio de fiscaliza\u00e7\u00e3o do TCU (Tribunal de Contas da Uni\u00e3o) avaliou\u00a0que\u00a0o novo modelo de ocupa\u00e7\u00e3o\u00a0que\u00a0a APS (Autoridade Portu\u00e1ria de\u00a0Santos) est\u00e1 propondo\u00a0para\u00a0a\u00a0\u00e1rea\u00a0do Sabo\u00f3, no Porto de\u00a0Santos\u00a0(SP), tem ind\u00edcios de irregularidades e vai promover uma\u00a0nova\u00a0ocupa\u00e7\u00e3o da\u00a0\u00e1rea\u00a0&#8220;sem licita\u00e7\u00e3o&#8221;. O local havia sido destinado\u00a0para\u00a0o novo grande terminal de\u00a0cont\u00eaineres\u00a0do porto, o chamado STS10, mas [&hellip;]<\/p>\n","protected":false},"author":1,"featured_media":6266,"comment_status":"closed","ping_status":"closed","sticky":false,"template":"","format":"standard","meta":{"_monsterinsights_skip_tracking":false,"_monsterinsights_sitenote_active":false,"_monsterinsights_sitenote_note":"","_monsterinsights_sitenote_category":0,"footnotes":""},"categories":[7250,1,7],"tags":[6855,6854,4918,9150,1029,1030,9144,4253,9145,8769,6249,1299,4652,9143,9147,4105,625,7467,4101,18,9148,9149,927,9146,8085],"class_list":["post-16311","post","type-post","status-publish","format-standard","has-post-thumbnail","hentry","category-destaque-lista","category-geral","category-infratransporte","tag-anderson-pomini","tag-aps","tag-autoridade-portuaria-de-santos","tag-box-rate","tag-brasil-terminal-portuario","tag-btp","tag-calados-dos-navios","tag-canal-de-acesso","tag-capacidade-dos-terminais-de-conteineres","tag-concais","tag-desapropriacao","tag-dimmi-amora","tag-ecoporto","tag-navios-de-grande-porte","tag-parque-valongo","tag-saboo","tag-santos","tag-silvio-costa-filho","tag-sts10","tag-tcu","tag-terminal-de-conteineres-sts10","tag-terminal-de-cruzeiros","tag-tribunal-de-contas-da-uniao","tag-usuarios-do-porto","tag-vila-dos-criadores"],"yoast_head":"<!-- This site is optimized with the Yoast SEO Premium plugin v25.4 (Yoast SEO v26.0) - https:\/\/yoast.com\/wordpress\/plugins\/seo\/ -->\n<title>Fiscaliza\u00e7\u00e3o do TCU indica ind\u00edcio de irregularidade em fatiamento sem licita\u00e7\u00e3o de \u00e1rea para novo terminal de cont\u00eaineres do porto de Santos - Ag\u00eancia iNFRA<\/title>\n<meta name=\"robots\" content=\"index, follow, max-snippet:-1, max-image-preview:large, max-video-preview:-1\" \/>\n<link rel=\"canonical\" href=\"https:\/\/agenciainfra.com\/blog\/fiscalizacao-do-tcu-indica-indicio-de-irregularidade-em-fatiamento-sem-licitacao-de-area-para-novo-terminal-de-conteineres-do-porto-de-santos\/\" \/>\n<meta property=\"og:locale\" content=\"pt_BR\" \/>\n<meta property=\"og:type\" content=\"article\" \/>\n<meta property=\"og:title\" content=\"Fiscaliza\u00e7\u00e3o do TCU indica ind\u00edcio de irregularidade em fatiamento sem licita\u00e7\u00e3o de \u00e1rea para novo terminal de cont\u00eaineres do porto de Santos\" \/>\n<meta property=\"og:description\" content=\"Dimmi Amora, da Ag\u00eancia iNFRA Um relat\u00f3rio de fiscaliza\u00e7\u00e3o do TCU (Tribunal de Contas da Uni\u00e3o) avaliou\u00a0que\u00a0o novo modelo de ocupa\u00e7\u00e3o\u00a0que\u00a0a APS (Autoridade Portu\u00e1ria de\u00a0Santos) est\u00e1 propondo\u00a0para\u00a0a\u00a0\u00e1rea\u00a0do Sabo\u00f3, no Porto de\u00a0Santos\u00a0(SP), tem ind\u00edcios de irregularidades e vai promover uma\u00a0nova\u00a0ocupa\u00e7\u00e3o da\u00a0\u00e1rea\u00a0&#8220;sem licita\u00e7\u00e3o&#8221;. O local havia sido destinado\u00a0para\u00a0o novo grande terminal de\u00a0cont\u00eaineres\u00a0do porto, o chamado STS10, mas [&hellip;]\" \/>\n<meta property=\"og:url\" content=\"https:\/\/agenciainfra.com\/blog\/fiscalizacao-do-tcu-indica-indicio-de-irregularidade-em-fatiamento-sem-licitacao-de-area-para-novo-terminal-de-conteineres-do-porto-de-santos\/\" \/>\n<meta property=\"og:site_name\" content=\"Ag\u00eancia iNFRA\" \/>\n<meta property=\"article:publisher\" content=\"https:\/\/www.facebook.com\/ageninfra\" \/>\n<meta property=\"article:published_time\" content=\"2024-04-21T10:01:00+00:00\" \/>\n<meta property=\"article:modified_time\" content=\"2026-03-13T12:41:16+00:00\" \/>\n<meta property=\"og:image\" content=\"https:\/\/agenciainfra.com\/blog\/wp-content\/uploads\/2020\/10\/predio-TCU-foto-TCU.jpg\" \/>\n\t<meta property=\"og:image:width\" content=\"1280\" \/>\n\t<meta property=\"og:image:height\" content=\"854\" \/>\n\t<meta property=\"og:image:type\" content=\"image\/jpeg\" \/>\n<meta name=\"author\" content=\"Ag\u00eancia iNFRA\" \/>\n<meta name=\"twitter:card\" content=\"summary_large_image\" \/>\n<meta name=\"twitter:creator\" content=\"@agencia_infra\" \/>\n<meta name=\"twitter:site\" content=\"@agencia_infra\" \/>\n<meta name=\"twitter:label1\" content=\"Escrito por\" \/>\n\t<meta name=\"twitter:data1\" content=\"Ag\u00eancia iNFRA\" \/>\n\t<meta name=\"twitter:label2\" content=\"Est. tempo de leitura\" \/>\n\t<meta name=\"twitter:data2\" content=\"6 minutos\" \/>\n<script type=\"application\/ld+json\" class=\"yoast-schema-graph\">{\"@context\":\"https:\/\/schema.org\",\"@graph\":[{\"@type\":\"Article\",\"@id\":\"https:\/\/agenciainfra.com\/blog\/fiscalizacao-do-tcu-indica-indicio-de-irregularidade-em-fatiamento-sem-licitacao-de-area-para-novo-terminal-de-conteineres-do-porto-de-santos\/#article\",\"isPartOf\":{\"@id\":\"https:\/\/agenciainfra.com\/blog\/fiscalizacao-do-tcu-indica-indicio-de-irregularidade-em-fatiamento-sem-licitacao-de-area-para-novo-terminal-de-conteineres-do-porto-de-santos\/\"},\"author\":{\"name\":\"Ag\u00eancia iNFRA\",\"@id\":\"https:\/\/agenciainfra.com\/blog\/#\/schema\/person\/34af08dff6adea4cb22b06612ba7acfa\"},\"headline\":\"Fiscaliza\u00e7\u00e3o do TCU indica ind\u00edcio de irregularidade em fatiamento sem licita\u00e7\u00e3o de \u00e1rea para novo terminal de cont\u00eaineres do porto de Santos\",\"datePublished\":\"2024-04-21T10:01:00+00:00\",\"dateModified\":\"2026-03-13T12:41:16+00:00\",\"mainEntityOfPage\":{\"@id\":\"https:\/\/agenciainfra.com\/blog\/fiscalizacao-do-tcu-indica-indicio-de-irregularidade-em-fatiamento-sem-licitacao-de-area-para-novo-terminal-de-conteineres-do-porto-de-santos\/\"},\"wordCount\":1323,\"publisher\":{\"@id\":\"https:\/\/agenciainfra.com\/blog\/#organization\"},\"image\":{\"@id\":\"https:\/\/agenciainfra.com\/blog\/fiscalizacao-do-tcu-indica-indicio-de-irregularidade-em-fatiamento-sem-licitacao-de-area-para-novo-terminal-de-conteineres-do-porto-de-santos\/#primaryimage\"},\"thumbnailUrl\":\"https:\/\/agenciainfra.com\/blog\/wp-content\/uploads\/2020\/10\/predio-TCU-foto-TCU.jpg\",\"keywords\":[\"Anderson Pomini\",\"APS\",\"Autoridade Portu\u00e1ria de Santos\",\"Box Rate\",\"Brasil Terminal Portu\u00e1rio\",\"BTP\",\"calados dos navios\",\"canal de acesso\",\"Capacidade dos Terminais de Cont\u00eaineres\",\"Concais\",\"desapropria\u00e7\u00e3o\",\"Dimmi Amora\",\"Ecoporto\",\"Navios de Grande Porte\",\"Parque Valongo\",\"Sabo\u00f3\",\"Santos\",\"Silvio Costa Filho\",\"STS10\",\"TCU\",\"Terminal de Cont\u00eaineres STS10\",\"Terminal de Cruzeiros\",\"Tribunal de Contas da Uni\u00e3o\",\"Usu\u00e1rios do Porto\",\"Vila dos Criadores\"],\"articleSection\":[\"Destaque lista\",\"Geral\",\"iNFRATransporte\"],\"inLanguage\":\"pt-BR\",\"copyrightYear\":\"2024\",\"copyrightHolder\":{\"@id\":\"https:\/\/agenciainfra.com\/blog\/#organization\"}},{\"@type\":\"WebPage\",\"@id\":\"https:\/\/agenciainfra.com\/blog\/fiscalizacao-do-tcu-indica-indicio-de-irregularidade-em-fatiamento-sem-licitacao-de-area-para-novo-terminal-de-conteineres-do-porto-de-santos\/\",\"url\":\"https:\/\/agenciainfra.com\/blog\/fiscalizacao-do-tcu-indica-indicio-de-irregularidade-em-fatiamento-sem-licitacao-de-area-para-novo-terminal-de-conteineres-do-porto-de-santos\/\",\"name\":\"Fiscaliza\u00e7\u00e3o do TCU indica ind\u00edcio de irregularidade em fatiamento sem licita\u00e7\u00e3o de \u00e1rea para novo terminal de cont\u00eaineres do porto de Santos - Ag\u00eancia iNFRA\",\"isPartOf\":{\"@id\":\"https:\/\/agenciainfra.com\/blog\/#website\"},\"primaryImageOfPage\":{\"@id\":\"https:\/\/agenciainfra.com\/blog\/fiscalizacao-do-tcu-indica-indicio-de-irregularidade-em-fatiamento-sem-licitacao-de-area-para-novo-terminal-de-conteineres-do-porto-de-santos\/#primaryimage\"},\"image\":{\"@id\":\"https:\/\/agenciainfra.com\/blog\/fiscalizacao-do-tcu-indica-indicio-de-irregularidade-em-fatiamento-sem-licitacao-de-area-para-novo-terminal-de-conteineres-do-porto-de-santos\/#primaryimage\"},\"thumbnailUrl\":\"https:\/\/agenciainfra.com\/blog\/wp-content\/uploads\/2020\/10\/predio-TCU-foto-TCU.jpg\",\"datePublished\":\"2024-04-21T10:01:00+00:00\",\"dateModified\":\"2026-03-13T12:41:16+00:00\",\"breadcrumb\":{\"@id\":\"https:\/\/agenciainfra.com\/blog\/fiscalizacao-do-tcu-indica-indicio-de-irregularidade-em-fatiamento-sem-licitacao-de-area-para-novo-terminal-de-conteineres-do-porto-de-santos\/#breadcrumb\"},\"inLanguage\":\"pt-BR\",\"potentialAction\":[{\"@type\":\"ReadAction\",\"target\":[\"https:\/\/agenciainfra.com\/blog\/fiscalizacao-do-tcu-indica-indicio-de-irregularidade-em-fatiamento-sem-licitacao-de-area-para-novo-terminal-de-conteineres-do-porto-de-santos\/\"]}]},{\"@type\":\"ImageObject\",\"inLanguage\":\"pt-BR\",\"@id\":\"https:\/\/agenciainfra.com\/blog\/fiscalizacao-do-tcu-indica-indicio-de-irregularidade-em-fatiamento-sem-licitacao-de-area-para-novo-terminal-de-conteineres-do-porto-de-santos\/#primaryimage\",\"url\":\"https:\/\/agenciainfra.com\/blog\/wp-content\/uploads\/2020\/10\/predio-TCU-foto-TCU.jpg\",\"contentUrl\":\"https:\/\/agenciainfra.com\/blog\/wp-content\/uploads\/2020\/10\/predio-TCU-foto-TCU.jpg\",\"width\":1280,\"height\":854,\"caption\":\"Foto: TCU\"},{\"@type\":\"BreadcrumbList\",\"@id\":\"https:\/\/agenciainfra.com\/blog\/fiscalizacao-do-tcu-indica-indicio-de-irregularidade-em-fatiamento-sem-licitacao-de-area-para-novo-terminal-de-conteineres-do-porto-de-santos\/#breadcrumb\",\"itemListElement\":[{\"@type\":\"ListItem\",\"position\":1,\"name\":\"In\u00edcio\",\"item\":\"https:\/\/agenciainfra.com\/blog\/\"},{\"@type\":\"ListItem\",\"position\":2,\"name\":\"Fiscaliza\u00e7\u00e3o do TCU indica ind\u00edcio de irregularidade em fatiamento sem licita\u00e7\u00e3o de \u00e1rea para novo terminal de cont\u00eaineres do porto de Santos\"}]},{\"@type\":\"WebSite\",\"@id\":\"https:\/\/agenciainfra.com\/blog\/#website\",\"url\":\"https:\/\/agenciainfra.com\/blog\/\",\"name\":\"Ag\u00eancia iNFRA\",\"description\":\"Multiplataforma de informa\u00e7\u00e3o jornal\u00edstica refer\u00eancia na \u00e1rea de infraestrutura no Brasil!\",\"publisher\":{\"@id\":\"https:\/\/agenciainfra.com\/blog\/#organization\"},\"potentialAction\":[{\"@type\":\"SearchAction\",\"target\":{\"@type\":\"EntryPoint\",\"urlTemplate\":\"https:\/\/agenciainfra.com\/blog\/?s={search_term_string}\"},\"query-input\":{\"@type\":\"PropertyValueSpecification\",\"valueRequired\":true,\"valueName\":\"search_term_string\"}}],\"inLanguage\":\"pt-BR\"},{\"@type\":\"Organization\",\"@id\":\"https:\/\/agenciainfra.com\/blog\/#organization\",\"name\":\"Ag\u00eancia iNFRA\",\"url\":\"https:\/\/agenciainfra.com\/blog\/\",\"logo\":{\"@type\":\"ImageObject\",\"inLanguage\":\"pt-BR\",\"@id\":\"https:\/\/agenciainfra.com\/blog\/#\/schema\/logo\/image\/\",\"url\":\"https:\/\/agenciainfra.com\/blog\/wp-content\/uploads\/2023\/09\/iNFRA_5-e1761735885940.png\",\"contentUrl\":\"https:\/\/agenciainfra.com\/blog\/wp-content\/uploads\/2023\/09\/iNFRA_5-e1761735885940.png\",\"width\":1672,\"height\":454,\"caption\":\"Ag\u00eancia iNFRA\"},\"image\":{\"@id\":\"https:\/\/agenciainfra.com\/blog\/#\/schema\/logo\/image\/\"},\"sameAs\":[\"https:\/\/www.facebook.com\/ageninfra\",\"https:\/\/x.com\/agencia_infra\",\"https:\/\/www.linkedin.com\/company\/ag\u00eanciainfra\/\",\"https:\/\/www.instagram.com\/agenciainfra\/\"]},{\"@type\":\"Person\",\"@id\":\"https:\/\/agenciainfra.com\/blog\/#\/schema\/person\/34af08dff6adea4cb22b06612ba7acfa\",\"name\":\"Ag\u00eancia iNFRA\",\"image\":{\"@type\":\"ImageObject\",\"inLanguage\":\"pt-BR\",\"@id\":\"https:\/\/agenciainfra.com\/blog\/#\/schema\/person\/image\/\",\"url\":\"https:\/\/secure.gravatar.com\/avatar\/d189e01678f06d8eb84d4e01f08eb848b3fffe3f8443818d3c356c66892f5be8?s=96&d=mm&r=g\",\"contentUrl\":\"https:\/\/secure.gravatar.com\/avatar\/d189e01678f06d8eb84d4e01f08eb848b3fffe3f8443818d3c356c66892f5be8?s=96&d=mm&r=g\",\"caption\":\"Ag\u00eancia iNFRA\"},\"url\":\"https:\/\/agenciainfra.com\/blog\/author\/admin\/\"}]}<\/script>\n<!-- \/ Yoast SEO Premium plugin. -->","yoast_head_json":{"title":"Fiscaliza\u00e7\u00e3o do TCU indica ind\u00edcio de irregularidade em fatiamento sem licita\u00e7\u00e3o de \u00e1rea para novo terminal de cont\u00eaineres do porto de Santos - Ag\u00eancia iNFRA","robots":{"index":"index","follow":"follow","max-snippet":"max-snippet:-1","max-image-preview":"max-image-preview:large","max-video-preview":"max-video-preview:-1"},"canonical":"https:\/\/agenciainfra.com\/blog\/fiscalizacao-do-tcu-indica-indicio-de-irregularidade-em-fatiamento-sem-licitacao-de-area-para-novo-terminal-de-conteineres-do-porto-de-santos\/","og_locale":"pt_BR","og_type":"article","og_title":"Fiscaliza\u00e7\u00e3o do TCU indica ind\u00edcio de irregularidade em fatiamento sem licita\u00e7\u00e3o de \u00e1rea para novo terminal de cont\u00eaineres do porto de Santos","og_description":"Dimmi Amora, da Ag\u00eancia iNFRA Um relat\u00f3rio de fiscaliza\u00e7\u00e3o do TCU (Tribunal de Contas da Uni\u00e3o) avaliou\u00a0que\u00a0o novo modelo de ocupa\u00e7\u00e3o\u00a0que\u00a0a APS (Autoridade Portu\u00e1ria de\u00a0Santos) est\u00e1 propondo\u00a0para\u00a0a\u00a0\u00e1rea\u00a0do Sabo\u00f3, no Porto de\u00a0Santos\u00a0(SP), tem ind\u00edcios de irregularidades e vai promover uma\u00a0nova\u00a0ocupa\u00e7\u00e3o da\u00a0\u00e1rea\u00a0&#8220;sem licita\u00e7\u00e3o&#8221;. O local havia sido destinado\u00a0para\u00a0o novo grande terminal de\u00a0cont\u00eaineres\u00a0do porto, o chamado STS10, mas [&hellip;]","og_url":"https:\/\/agenciainfra.com\/blog\/fiscalizacao-do-tcu-indica-indicio-de-irregularidade-em-fatiamento-sem-licitacao-de-area-para-novo-terminal-de-conteineres-do-porto-de-santos\/","og_site_name":"Ag\u00eancia iNFRA","article_publisher":"https:\/\/www.facebook.com\/ageninfra","article_published_time":"2024-04-21T10:01:00+00:00","article_modified_time":"2026-03-13T12:41:16+00:00","og_image":[{"width":1280,"height":854,"url":"https:\/\/agenciainfra.com\/blog\/wp-content\/uploads\/2020\/10\/predio-TCU-foto-TCU.jpg","type":"image\/jpeg"}],"author":"Ag\u00eancia iNFRA","twitter_card":"summary_large_image","twitter_creator":"@agencia_infra","twitter_site":"@agencia_infra","twitter_misc":{"Escrito por":"Ag\u00eancia iNFRA","Est. tempo de leitura":"6 minutos"},"schema":{"@context":"https:\/\/schema.org","@graph":[{"@type":"Article","@id":"https:\/\/agenciainfra.com\/blog\/fiscalizacao-do-tcu-indica-indicio-de-irregularidade-em-fatiamento-sem-licitacao-de-area-para-novo-terminal-de-conteineres-do-porto-de-santos\/#article","isPartOf":{"@id":"https:\/\/agenciainfra.com\/blog\/fiscalizacao-do-tcu-indica-indicio-de-irregularidade-em-fatiamento-sem-licitacao-de-area-para-novo-terminal-de-conteineres-do-porto-de-santos\/"},"author":{"name":"Ag\u00eancia iNFRA","@id":"https:\/\/agenciainfra.com\/blog\/#\/schema\/person\/34af08dff6adea4cb22b06612ba7acfa"},"headline":"Fiscaliza\u00e7\u00e3o do TCU indica ind\u00edcio de irregularidade em fatiamento sem licita\u00e7\u00e3o de \u00e1rea para novo terminal de cont\u00eaineres do porto de Santos","datePublished":"2024-04-21T10:01:00+00:00","dateModified":"2026-03-13T12:41:16+00:00","mainEntityOfPage":{"@id":"https:\/\/agenciainfra.com\/blog\/fiscalizacao-do-tcu-indica-indicio-de-irregularidade-em-fatiamento-sem-licitacao-de-area-para-novo-terminal-de-conteineres-do-porto-de-santos\/"},"wordCount":1323,"publisher":{"@id":"https:\/\/agenciainfra.com\/blog\/#organization"},"image":{"@id":"https:\/\/agenciainfra.com\/blog\/fiscalizacao-do-tcu-indica-indicio-de-irregularidade-em-fatiamento-sem-licitacao-de-area-para-novo-terminal-de-conteineres-do-porto-de-santos\/#primaryimage"},"thumbnailUrl":"https:\/\/agenciainfra.com\/blog\/wp-content\/uploads\/2020\/10\/predio-TCU-foto-TCU.jpg","keywords":["Anderson Pomini","APS","Autoridade Portu\u00e1ria de Santos","Box Rate","Brasil Terminal Portu\u00e1rio","BTP","calados dos navios","canal de acesso","Capacidade dos Terminais de Cont\u00eaineres","Concais","desapropria\u00e7\u00e3o","Dimmi Amora","Ecoporto","Navios de Grande Porte","Parque Valongo","Sabo\u00f3","Santos","Silvio Costa Filho","STS10","TCU","Terminal de Cont\u00eaineres STS10","Terminal de Cruzeiros","Tribunal de Contas da Uni\u00e3o","Usu\u00e1rios do Porto","Vila dos Criadores"],"articleSection":["Destaque lista","Geral","iNFRATransporte"],"inLanguage":"pt-BR","copyrightYear":"2024","copyrightHolder":{"@id":"https:\/\/agenciainfra.com\/blog\/#organization"}},{"@type":"WebPage","@id":"https:\/\/agenciainfra.com\/blog\/fiscalizacao-do-tcu-indica-indicio-de-irregularidade-em-fatiamento-sem-licitacao-de-area-para-novo-terminal-de-conteineres-do-porto-de-santos\/","url":"https:\/\/agenciainfra.com\/blog\/fiscalizacao-do-tcu-indica-indicio-de-irregularidade-em-fatiamento-sem-licitacao-de-area-para-novo-terminal-de-conteineres-do-porto-de-santos\/","name":"Fiscaliza\u00e7\u00e3o do TCU indica ind\u00edcio de irregularidade em fatiamento sem licita\u00e7\u00e3o de \u00e1rea para novo terminal de cont\u00eaineres do porto de Santos - Ag\u00eancia iNFRA","isPartOf":{"@id":"https:\/\/agenciainfra.com\/blog\/#website"},"primaryImageOfPage":{"@id":"https:\/\/agenciainfra.com\/blog\/fiscalizacao-do-tcu-indica-indicio-de-irregularidade-em-fatiamento-sem-licitacao-de-area-para-novo-terminal-de-conteineres-do-porto-de-santos\/#primaryimage"},"image":{"@id":"https:\/\/agenciainfra.com\/blog\/fiscalizacao-do-tcu-indica-indicio-de-irregularidade-em-fatiamento-sem-licitacao-de-area-para-novo-terminal-de-conteineres-do-porto-de-santos\/#primaryimage"},"thumbnailUrl":"https:\/\/agenciainfra.com\/blog\/wp-content\/uploads\/2020\/10\/predio-TCU-foto-TCU.jpg","datePublished":"2024-04-21T10:01:00+00:00","dateModified":"2026-03-13T12:41:16+00:00","breadcrumb":{"@id":"https:\/\/agenciainfra.com\/blog\/fiscalizacao-do-tcu-indica-indicio-de-irregularidade-em-fatiamento-sem-licitacao-de-area-para-novo-terminal-de-conteineres-do-porto-de-santos\/#breadcrumb"},"inLanguage":"pt-BR","potentialAction":[{"@type":"ReadAction","target":["https:\/\/agenciainfra.com\/blog\/fiscalizacao-do-tcu-indica-indicio-de-irregularidade-em-fatiamento-sem-licitacao-de-area-para-novo-terminal-de-conteineres-do-porto-de-santos\/"]}]},{"@type":"ImageObject","inLanguage":"pt-BR","@id":"https:\/\/agenciainfra.com\/blog\/fiscalizacao-do-tcu-indica-indicio-de-irregularidade-em-fatiamento-sem-licitacao-de-area-para-novo-terminal-de-conteineres-do-porto-de-santos\/#primaryimage","url":"https:\/\/agenciainfra.com\/blog\/wp-content\/uploads\/2020\/10\/predio-TCU-foto-TCU.jpg","contentUrl":"https:\/\/agenciainfra.com\/blog\/wp-content\/uploads\/2020\/10\/predio-TCU-foto-TCU.jpg","width":1280,"height":854,"caption":"Foto: TCU"},{"@type":"BreadcrumbList","@id":"https:\/\/agenciainfra.com\/blog\/fiscalizacao-do-tcu-indica-indicio-de-irregularidade-em-fatiamento-sem-licitacao-de-area-para-novo-terminal-de-conteineres-do-porto-de-santos\/#breadcrumb","itemListElement":[{"@type":"ListItem","position":1,"name":"In\u00edcio","item":"https:\/\/agenciainfra.com\/blog\/"},{"@type":"ListItem","position":2,"name":"Fiscaliza\u00e7\u00e3o do TCU indica ind\u00edcio de irregularidade em fatiamento sem licita\u00e7\u00e3o de \u00e1rea para novo terminal de cont\u00eaineres do porto de Santos"}]},{"@type":"WebSite","@id":"https:\/\/agenciainfra.com\/blog\/#website","url":"https:\/\/agenciainfra.com\/blog\/","name":"Ag\u00eancia iNFRA","description":"Multiplataforma de informa\u00e7\u00e3o jornal\u00edstica refer\u00eancia na \u00e1rea de infraestrutura no Brasil!","publisher":{"@id":"https:\/\/agenciainfra.com\/blog\/#organization"},"potentialAction":[{"@type":"SearchAction","target":{"@type":"EntryPoint","urlTemplate":"https:\/\/agenciainfra.com\/blog\/?s={search_term_string}"},"query-input":{"@type":"PropertyValueSpecification","valueRequired":true,"valueName":"search_term_string"}}],"inLanguage":"pt-BR"},{"@type":"Organization","@id":"https:\/\/agenciainfra.com\/blog\/#organization","name":"Ag\u00eancia iNFRA","url":"https:\/\/agenciainfra.com\/blog\/","logo":{"@type":"ImageObject","inLanguage":"pt-BR","@id":"https:\/\/agenciainfra.com\/blog\/#\/schema\/logo\/image\/","url":"https:\/\/agenciainfra.com\/blog\/wp-content\/uploads\/2023\/09\/iNFRA_5-e1761735885940.png","contentUrl":"https:\/\/agenciainfra.com\/blog\/wp-content\/uploads\/2023\/09\/iNFRA_5-e1761735885940.png","width":1672,"height":454,"caption":"Ag\u00eancia iNFRA"},"image":{"@id":"https:\/\/agenciainfra.com\/blog\/#\/schema\/logo\/image\/"},"sameAs":["https:\/\/www.facebook.com\/ageninfra","https:\/\/x.com\/agencia_infra","https:\/\/www.linkedin.com\/company\/ag\u00eanciainfra\/","https:\/\/www.instagram.com\/agenciainfra\/"]},{"@type":"Person","@id":"https:\/\/agenciainfra.com\/blog\/#\/schema\/person\/34af08dff6adea4cb22b06612ba7acfa","name":"Ag\u00eancia iNFRA","image":{"@type":"ImageObject","inLanguage":"pt-BR","@id":"https:\/\/agenciainfra.com\/blog\/#\/schema\/person\/image\/","url":"https:\/\/secure.gravatar.com\/avatar\/d189e01678f06d8eb84d4e01f08eb848b3fffe3f8443818d3c356c66892f5be8?s=96&d=mm&r=g","contentUrl":"https:\/\/secure.gravatar.com\/avatar\/d189e01678f06d8eb84d4e01f08eb848b3fffe3f8443818d3c356c66892f5be8?s=96&d=mm&r=g","caption":"Ag\u00eancia iNFRA"},"url":"https:\/\/agenciainfra.com\/blog\/author\/admin\/"}]}},"_links":{"self":[{"href":"https:\/\/agenciainfra.com\/blog\/wp-json\/wp\/v2\/posts\/16311","targetHints":{"allow":["GET"]}}],"collection":[{"href":"https:\/\/agenciainfra.com\/blog\/wp-json\/wp\/v2\/posts"}],"about":[{"href":"https:\/\/agenciainfra.com\/blog\/wp-json\/wp\/v2\/types\/post"}],"author":[{"embeddable":true,"href":"https:\/\/agenciainfra.com\/blog\/wp-json\/wp\/v2\/users\/1"}],"replies":[{"embeddable":true,"href":"https:\/\/agenciainfra.com\/blog\/wp-json\/wp\/v2\/comments?post=16311"}],"version-history":[{"count":2,"href":"https:\/\/agenciainfra.com\/blog\/wp-json\/wp\/v2\/posts\/16311\/revisions"}],"predecessor-version":[{"id":16313,"href":"https:\/\/agenciainfra.com\/blog\/wp-json\/wp\/v2\/posts\/16311\/revisions\/16313"}],"wp:featuredmedia":[{"embeddable":true,"href":"https:\/\/agenciainfra.com\/blog\/wp-json\/wp\/v2\/media\/6266"}],"wp:attachment":[{"href":"https:\/\/agenciainfra.com\/blog\/wp-json\/wp\/v2\/media?parent=16311"}],"wp:term":[{"taxonomy":"category","embeddable":true,"href":"https:\/\/agenciainfra.com\/blog\/wp-json\/wp\/v2\/categories?post=16311"},{"taxonomy":"post_tag","embeddable":true,"href":"https:\/\/agenciainfra.com\/blog\/wp-json\/wp\/v2\/tags?post=16311"}],"curies":[{"name":"wp","href":"https:\/\/api.w.org\/{rel}","templated":true}]}}