{"id":1634,"date":"2018-05-09T07:30:44","date_gmt":"2018-05-09T10:30:44","guid":{"rendered":"http:\/\/www.agenciainfra.com\/blog\/?p=1634"},"modified":"2018-05-09T17:39:31","modified_gmt":"2018-05-09T20:39:31","slug":"quintella-ex-ministro-dos-transportes-vai-relatar-novo-projeto-de-lei-do-licenciamento-ambiental","status":"publish","type":"post","link":"https:\/\/agenciainfra.com\/blog\/quintella-ex-ministro-dos-transportes-vai-relatar-novo-projeto-de-lei-do-licenciamento-ambiental\/","title":{"rendered":"Quintella, ex-ministro dos transportes, vai relatar novo Projeto de Lei do licenciamento ambiental"},"content":{"rendered":"<p style=\"text-align: right;\"><strong>Dimmi Amora, da Ag\u00eancia iN<\/strong>\u00a0<strong style=\"font-size: 16px;\">FRA<\/strong><\/p>\n<div>\n<p>Ex-ministro dos Transportes, Portos e Avia\u00e7\u00e3o Civil, o deputado Maur\u00edcio Quintella (PR-AL) ser\u00e1 o relator da nova lei de licenciamento ambiental. A inten\u00e7\u00e3o do presidente da C\u00e2mara, Rodrigo Maia (DEM-RJ), \u00e9 votar a mat\u00e9ria antes do recesso, mas a base aliada tem enfrentado problemas para conseguir andar com projetos de maior sensibilidade na atual legislatura.<\/p>\n<p>Ao longo do ano passado, governo e opositores travaram uma batalha na CFT (Comiss\u00e3o de Finan\u00e7as e Tributa\u00e7\u00e3o) em torno da moderniza\u00e7\u00e3o da lei atual. Na pr\u00e1tica, o governo tenta tornar mais flex\u00edvel a legisla\u00e7\u00e3o, considerada um entreve aos projetos de infraestrutura. Os opositores s\u00e3o inflados por ambientalistas, que, em parte, reconhecem problemas no licenciamento, mas temem que a mudan\u00e7a possa fragilizar a prote\u00e7\u00e3o ambiental.<\/p>\n<p>O antigo relator da mat\u00e9ria na CFT, deputado Mauro Pereira (MDB-RS), chegou a apresentar 13 diferentes vers\u00f5es para o projeto. Mas n\u00e3o houve consenso sobre o texto, que acabou n\u00e3o votado.<\/p>\n<p>Quintella foi designado para a fun\u00e7\u00e3o na segunda-feira (11), quando fez uma reuni\u00e3o na casa do presidente da C\u00e2mara com a presen\u00e7a de representantes do governo e de entidades. Os minist\u00e9rios ainda n\u00e3o est\u00e3o satisfeitos com o projeto apresentado por Pereira e querem a flexibiliza\u00e7\u00e3o de mais regras.<\/p>\n<p>No caso dos Transportes, por exemplo, querem a libera\u00e7\u00e3o do licenciamento de obras em rodovias em \u00e1reas antropizadas, al\u00e9m de que a Funai assuma a responsabilidade pelas compensa\u00e7\u00f5es ambientais aos \u00edndios. O representante do Minist\u00e9rio do Meio Ambiente diz que concorda com o projeto final de Pereira e n\u00e3o se comprometeu com outros acr\u00e9scimos.<\/p>\n<p>Agora, a consultoria legislativa da Casa est\u00e1 analisando se\u00a0<span class=\"il\">Quintella<\/span>\u00a0poder\u00e1 levar o projeto diretamente para ser votado no plen\u00e1rio ou se ser\u00e1 necess\u00e1rio vot\u00e1-lo na comiss\u00e3o. A partir dessa avalia\u00e7\u00e3o, o deputado vai decidir se faz um novo projeto ou se leva a \u00faltima vers\u00e3o de Pereira e os acr\u00e9scimos s\u00e3o votados por emenda.<\/p>\n<\/div>\n","protected":false},"excerpt":{"rendered":"<p>Dimmi Amora, da Ag\u00eancia iN\u00a0FRA Ex-ministro dos Transportes, Portos e Avia\u00e7\u00e3o Civil, o deputado Maur\u00edcio Quintella (PR-AL) ser\u00e1 o relator da nova lei de licenciamento ambiental. A inten\u00e7\u00e3o do presidente da C\u00e2mara, Rodrigo Maia (DEM-RJ), \u00e9 votar a mat\u00e9ria antes do recesso, mas a base aliada tem enfrentado problemas para conseguir andar com projetos de [&hellip;]<\/p>\n","protected":false},"author":1,"featured_media":1636,"comment_status":"closed","ping_status":"open","sticky":false,"template":"","format":"standard","meta":{"_monsterinsights_skip_tracking":false,"_monsterinsights_sitenote_active":false,"_monsterinsights_sitenote_note":"","_monsterinsights_sitenote_category":0,"footnotes":""},"categories":[7],"tags":[224,223,225],"class_list":["post-1634","post","type-post","status-publish","format-standard","has-post-thumbnail","hentry","category-infratransporte","tag-cft","tag-licenciamento-ambiental","tag-relator"],"yoast_head":"<!-- This site is optimized with the Yoast SEO Premium plugin v25.4 (Yoast SEO v26.0) - https:\/\/yoast.com\/wordpress\/plugins\/seo\/ -->\n<title>Quintella, ex-ministro dos transportes, vai relatar novo Projeto de Lei do licenciamento ambiental - Ag\u00eancia iNFRA<\/title>\n<meta name=\"robots\" content=\"index, follow, max-snippet:-1, max-image-preview:large, max-video-preview:-1\" \/>\n<link rel=\"canonical\" href=\"https:\/\/agenciainfra.com\/blog\/quintella-ex-ministro-dos-transportes-vai-relatar-novo-projeto-de-lei-do-licenciamento-ambiental\/\" \/>\n<meta property=\"og:locale\" content=\"pt_BR\" \/>\n<meta property=\"og:type\" content=\"article\" \/>\n<meta property=\"og:title\" content=\"Quintella, ex-ministro dos transportes, vai relatar novo Projeto de Lei do licenciamento ambiental\" \/>\n<meta property=\"og:description\" content=\"Dimmi Amora, da Ag\u00eancia iN\u00a0FRA Ex-ministro dos Transportes, Portos e Avia\u00e7\u00e3o Civil, o deputado Maur\u00edcio Quintella (PR-AL) ser\u00e1 o relator da nova lei de licenciamento ambiental. A inten\u00e7\u00e3o do presidente da C\u00e2mara, Rodrigo Maia (DEM-RJ), \u00e9 votar a mat\u00e9ria antes do recesso, mas a base aliada tem enfrentado problemas para conseguir andar com projetos de [&hellip;]\" \/>\n<meta property=\"og:url\" content=\"https:\/\/agenciainfra.com\/blog\/quintella-ex-ministro-dos-transportes-vai-relatar-novo-projeto-de-lei-do-licenciamento-ambiental\/\" \/>\n<meta property=\"og:site_name\" content=\"Ag\u00eancia iNFRA\" \/>\n<meta property=\"article:publisher\" content=\"https:\/\/www.facebook.com\/ageninfra\" \/>\n<meta property=\"article:published_time\" content=\"2018-05-09T10:30:44+00:00\" \/>\n<meta property=\"article:modified_time\" content=\"2018-05-09T20:39:31+00:00\" \/>\n<meta property=\"og:image\" content=\"https:\/\/agenciainfra.com\/blog\/wp-content\/uploads\/2018\/05\/39137891762_86dda6a6e1_n-e1525834914907.jpg\" \/>\n\t<meta property=\"og:image:width\" content=\"245\" \/>\n\t<meta property=\"og:image:height\" content=\"164\" \/>\n\t<meta property=\"og:image:type\" content=\"image\/jpeg\" \/>\n<meta name=\"author\" content=\"Ag\u00eancia iNFRA\" \/>\n<meta name=\"twitter:card\" content=\"summary_large_image\" \/>\n<meta name=\"twitter:creator\" content=\"@agencia_infra\" \/>\n<meta name=\"twitter:site\" content=\"@agencia_infra\" \/>\n<meta name=\"twitter:label1\" content=\"Escrito por\" \/>\n\t<meta name=\"twitter:data1\" content=\"Ag\u00eancia iNFRA\" \/>\n\t<meta name=\"twitter:label2\" content=\"Est. tempo de leitura\" \/>\n\t<meta name=\"twitter:data2\" content=\"2 minutos\" \/>\n<script type=\"application\/ld+json\" class=\"yoast-schema-graph\">{\"@context\":\"https:\/\/schema.org\",\"@graph\":[{\"@type\":\"Article\",\"@id\":\"https:\/\/agenciainfra.com\/blog\/quintella-ex-ministro-dos-transportes-vai-relatar-novo-projeto-de-lei-do-licenciamento-ambiental\/#article\",\"isPartOf\":{\"@id\":\"https:\/\/agenciainfra.com\/blog\/quintella-ex-ministro-dos-transportes-vai-relatar-novo-projeto-de-lei-do-licenciamento-ambiental\/\"},\"author\":{\"name\":\"Ag\u00eancia iNFRA\",\"@id\":\"https:\/\/agenciainfra.com\/blog\/#\/schema\/person\/34af08dff6adea4cb22b06612ba7acfa\"},\"headline\":\"Quintella, ex-ministro dos transportes, vai relatar novo Projeto de Lei do licenciamento ambiental\",\"datePublished\":\"2018-05-09T10:30:44+00:00\",\"dateModified\":\"2018-05-09T20:39:31+00:00\",\"mainEntityOfPage\":{\"@id\":\"https:\/\/agenciainfra.com\/blog\/quintella-ex-ministro-dos-transportes-vai-relatar-novo-projeto-de-lei-do-licenciamento-ambiental\/\"},\"wordCount\":366,\"publisher\":{\"@id\":\"https:\/\/agenciainfra.com\/blog\/#organization\"},\"image\":{\"@id\":\"https:\/\/agenciainfra.com\/blog\/quintella-ex-ministro-dos-transportes-vai-relatar-novo-projeto-de-lei-do-licenciamento-ambiental\/#primaryimage\"},\"thumbnailUrl\":\"https:\/\/agenciainfra.com\/blog\/wp-content\/uploads\/2018\/05\/39137891762_86dda6a6e1_n-e1525834914907.jpg\",\"keywords\":[\"CFT\",\"Licenciamento ambiental\",\"relator\"],\"articleSection\":[\"iNFRATransporte\"],\"inLanguage\":\"pt-BR\",\"copyrightYear\":\"2018\",\"copyrightHolder\":{\"@id\":\"https:\/\/agenciainfra.com\/blog\/#organization\"}},{\"@type\":\"WebPage\",\"@id\":\"https:\/\/agenciainfra.com\/blog\/quintella-ex-ministro-dos-transportes-vai-relatar-novo-projeto-de-lei-do-licenciamento-ambiental\/\",\"url\":\"https:\/\/agenciainfra.com\/blog\/quintella-ex-ministro-dos-transportes-vai-relatar-novo-projeto-de-lei-do-licenciamento-ambiental\/\",\"name\":\"Quintella, ex-ministro dos transportes, vai relatar novo Projeto de Lei do licenciamento ambiental - Ag\u00eancia iNFRA\",\"isPartOf\":{\"@id\":\"https:\/\/agenciainfra.com\/blog\/#website\"},\"primaryImageOfPage\":{\"@id\":\"https:\/\/agenciainfra.com\/blog\/quintella-ex-ministro-dos-transportes-vai-relatar-novo-projeto-de-lei-do-licenciamento-ambiental\/#primaryimage\"},\"image\":{\"@id\":\"https:\/\/agenciainfra.com\/blog\/quintella-ex-ministro-dos-transportes-vai-relatar-novo-projeto-de-lei-do-licenciamento-ambiental\/#primaryimage\"},\"thumbnailUrl\":\"https:\/\/agenciainfra.com\/blog\/wp-content\/uploads\/2018\/05\/39137891762_86dda6a6e1_n-e1525834914907.jpg\",\"datePublished\":\"2018-05-09T10:30:44+00:00\",\"dateModified\":\"2018-05-09T20:39:31+00:00\",\"breadcrumb\":{\"@id\":\"https:\/\/agenciainfra.com\/blog\/quintella-ex-ministro-dos-transportes-vai-relatar-novo-projeto-de-lei-do-licenciamento-ambiental\/#breadcrumb\"},\"inLanguage\":\"pt-BR\",\"potentialAction\":[{\"@type\":\"ReadAction\",\"target\":[\"https:\/\/agenciainfra.com\/blog\/quintella-ex-ministro-dos-transportes-vai-relatar-novo-projeto-de-lei-do-licenciamento-ambiental\/\"]}]},{\"@type\":\"ImageObject\",\"inLanguage\":\"pt-BR\",\"@id\":\"https:\/\/agenciainfra.com\/blog\/quintella-ex-ministro-dos-transportes-vai-relatar-novo-projeto-de-lei-do-licenciamento-ambiental\/#primaryimage\",\"url\":\"https:\/\/agenciainfra.com\/blog\/wp-content\/uploads\/2018\/05\/39137891762_86dda6a6e1_n-e1525834914907.jpg\",\"contentUrl\":\"https:\/\/agenciainfra.com\/blog\/wp-content\/uploads\/2018\/05\/39137891762_86dda6a6e1_n-e1525834914907.jpg\",\"width\":245,\"height\":164},{\"@type\":\"BreadcrumbList\",\"@id\":\"https:\/\/agenciainfra.com\/blog\/quintella-ex-ministro-dos-transportes-vai-relatar-novo-projeto-de-lei-do-licenciamento-ambiental\/#breadcrumb\",\"itemListElement\":[{\"@type\":\"ListItem\",\"position\":1,\"name\":\"In\u00edcio\",\"item\":\"https:\/\/agenciainfra.com\/blog\/\"},{\"@type\":\"ListItem\",\"position\":2,\"name\":\"Quintella, ex-ministro dos transportes, vai relatar novo Projeto de Lei do licenciamento ambiental\"}]},{\"@type\":\"WebSite\",\"@id\":\"https:\/\/agenciainfra.com\/blog\/#website\",\"url\":\"https:\/\/agenciainfra.com\/blog\/\",\"name\":\"Ag\u00eancia iNFRA\",\"description\":\"Multiplataforma de informa\u00e7\u00e3o jornal\u00edstica refer\u00eancia na \u00e1rea de infraestrutura no Brasil!\",\"publisher\":{\"@id\":\"https:\/\/agenciainfra.com\/blog\/#organization\"},\"potentialAction\":[{\"@type\":\"SearchAction\",\"target\":{\"@type\":\"EntryPoint\",\"urlTemplate\":\"https:\/\/agenciainfra.com\/blog\/?s={search_term_string}\"},\"query-input\":{\"@type\":\"PropertyValueSpecification\",\"valueRequired\":true,\"valueName\":\"search_term_string\"}}],\"inLanguage\":\"pt-BR\"},{\"@type\":\"Organization\",\"@id\":\"https:\/\/agenciainfra.com\/blog\/#organization\",\"name\":\"Ag\u00eancia iNFRA\",\"url\":\"https:\/\/agenciainfra.com\/blog\/\",\"logo\":{\"@type\":\"ImageObject\",\"inLanguage\":\"pt-BR\",\"@id\":\"https:\/\/agenciainfra.com\/blog\/#\/schema\/logo\/image\/\",\"url\":\"https:\/\/agenciainfra.com\/blog\/wp-content\/uploads\/2023\/09\/iNFRA_5-e1761735885940.png\",\"contentUrl\":\"https:\/\/agenciainfra.com\/blog\/wp-content\/uploads\/2023\/09\/iNFRA_5-e1761735885940.png\",\"width\":1672,\"height\":454,\"caption\":\"Ag\u00eancia iNFRA\"},\"image\":{\"@id\":\"https:\/\/agenciainfra.com\/blog\/#\/schema\/logo\/image\/\"},\"sameAs\":[\"https:\/\/www.facebook.com\/ageninfra\",\"https:\/\/x.com\/agencia_infra\",\"https:\/\/www.linkedin.com\/company\/ag\u00eanciainfra\/\",\"https:\/\/www.instagram.com\/agenciainfra\/\"]},{\"@type\":\"Person\",\"@id\":\"https:\/\/agenciainfra.com\/blog\/#\/schema\/person\/34af08dff6adea4cb22b06612ba7acfa\",\"name\":\"Ag\u00eancia iNFRA\",\"image\":{\"@type\":\"ImageObject\",\"inLanguage\":\"pt-BR\",\"@id\":\"https:\/\/agenciainfra.com\/blog\/#\/schema\/person\/image\/\",\"url\":\"https:\/\/secure.gravatar.com\/avatar\/d189e01678f06d8eb84d4e01f08eb848b3fffe3f8443818d3c356c66892f5be8?s=96&d=mm&r=g\",\"contentUrl\":\"https:\/\/secure.gravatar.com\/avatar\/d189e01678f06d8eb84d4e01f08eb848b3fffe3f8443818d3c356c66892f5be8?s=96&d=mm&r=g\",\"caption\":\"Ag\u00eancia iNFRA\"},\"url\":\"https:\/\/agenciainfra.com\/blog\/author\/admin\/\"}]}<\/script>\n<!-- \/ Yoast SEO Premium plugin. -->","yoast_head_json":{"title":"Quintella, ex-ministro dos transportes, vai relatar novo Projeto de Lei do licenciamento ambiental - Ag\u00eancia iNFRA","robots":{"index":"index","follow":"follow","max-snippet":"max-snippet:-1","max-image-preview":"max-image-preview:large","max-video-preview":"max-video-preview:-1"},"canonical":"https:\/\/agenciainfra.com\/blog\/quintella-ex-ministro-dos-transportes-vai-relatar-novo-projeto-de-lei-do-licenciamento-ambiental\/","og_locale":"pt_BR","og_type":"article","og_title":"Quintella, ex-ministro dos transportes, vai relatar novo Projeto de Lei do licenciamento ambiental","og_description":"Dimmi Amora, da Ag\u00eancia iN\u00a0FRA Ex-ministro dos Transportes, Portos e Avia\u00e7\u00e3o Civil, o deputado Maur\u00edcio Quintella (PR-AL) ser\u00e1 o relator da nova lei de licenciamento ambiental. A inten\u00e7\u00e3o do presidente da C\u00e2mara, Rodrigo Maia (DEM-RJ), \u00e9 votar a mat\u00e9ria antes do recesso, mas a base aliada tem enfrentado problemas para conseguir andar com projetos de [&hellip;]","og_url":"https:\/\/agenciainfra.com\/blog\/quintella-ex-ministro-dos-transportes-vai-relatar-novo-projeto-de-lei-do-licenciamento-ambiental\/","og_site_name":"Ag\u00eancia iNFRA","article_publisher":"https:\/\/www.facebook.com\/ageninfra","article_published_time":"2018-05-09T10:30:44+00:00","article_modified_time":"2018-05-09T20:39:31+00:00","og_image":[{"width":245,"height":164,"url":"https:\/\/agenciainfra.com\/blog\/wp-content\/uploads\/2018\/05\/39137891762_86dda6a6e1_n-e1525834914907.jpg","type":"image\/jpeg"}],"author":"Ag\u00eancia iNFRA","twitter_card":"summary_large_image","twitter_creator":"@agencia_infra","twitter_site":"@agencia_infra","twitter_misc":{"Escrito por":"Ag\u00eancia iNFRA","Est. tempo de leitura":"2 minutos"},"schema":{"@context":"https:\/\/schema.org","@graph":[{"@type":"Article","@id":"https:\/\/agenciainfra.com\/blog\/quintella-ex-ministro-dos-transportes-vai-relatar-novo-projeto-de-lei-do-licenciamento-ambiental\/#article","isPartOf":{"@id":"https:\/\/agenciainfra.com\/blog\/quintella-ex-ministro-dos-transportes-vai-relatar-novo-projeto-de-lei-do-licenciamento-ambiental\/"},"author":{"name":"Ag\u00eancia iNFRA","@id":"https:\/\/agenciainfra.com\/blog\/#\/schema\/person\/34af08dff6adea4cb22b06612ba7acfa"},"headline":"Quintella, ex-ministro dos transportes, vai relatar novo Projeto de Lei do licenciamento ambiental","datePublished":"2018-05-09T10:30:44+00:00","dateModified":"2018-05-09T20:39:31+00:00","mainEntityOfPage":{"@id":"https:\/\/agenciainfra.com\/blog\/quintella-ex-ministro-dos-transportes-vai-relatar-novo-projeto-de-lei-do-licenciamento-ambiental\/"},"wordCount":366,"publisher":{"@id":"https:\/\/agenciainfra.com\/blog\/#organization"},"image":{"@id":"https:\/\/agenciainfra.com\/blog\/quintella-ex-ministro-dos-transportes-vai-relatar-novo-projeto-de-lei-do-licenciamento-ambiental\/#primaryimage"},"thumbnailUrl":"https:\/\/agenciainfra.com\/blog\/wp-content\/uploads\/2018\/05\/39137891762_86dda6a6e1_n-e1525834914907.jpg","keywords":["CFT","Licenciamento ambiental","relator"],"articleSection":["iNFRATransporte"],"inLanguage":"pt-BR","copyrightYear":"2018","copyrightHolder":{"@id":"https:\/\/agenciainfra.com\/blog\/#organization"}},{"@type":"WebPage","@id":"https:\/\/agenciainfra.com\/blog\/quintella-ex-ministro-dos-transportes-vai-relatar-novo-projeto-de-lei-do-licenciamento-ambiental\/","url":"https:\/\/agenciainfra.com\/blog\/quintella-ex-ministro-dos-transportes-vai-relatar-novo-projeto-de-lei-do-licenciamento-ambiental\/","name":"Quintella, ex-ministro dos transportes, vai relatar novo Projeto de Lei do licenciamento ambiental - Ag\u00eancia iNFRA","isPartOf":{"@id":"https:\/\/agenciainfra.com\/blog\/#website"},"primaryImageOfPage":{"@id":"https:\/\/agenciainfra.com\/blog\/quintella-ex-ministro-dos-transportes-vai-relatar-novo-projeto-de-lei-do-licenciamento-ambiental\/#primaryimage"},"image":{"@id":"https:\/\/agenciainfra.com\/blog\/quintella-ex-ministro-dos-transportes-vai-relatar-novo-projeto-de-lei-do-licenciamento-ambiental\/#primaryimage"},"thumbnailUrl":"https:\/\/agenciainfra.com\/blog\/wp-content\/uploads\/2018\/05\/39137891762_86dda6a6e1_n-e1525834914907.jpg","datePublished":"2018-05-09T10:30:44+00:00","dateModified":"2018-05-09T20:39:31+00:00","breadcrumb":{"@id":"https:\/\/agenciainfra.com\/blog\/quintella-ex-ministro-dos-transportes-vai-relatar-novo-projeto-de-lei-do-licenciamento-ambiental\/#breadcrumb"},"inLanguage":"pt-BR","potentialAction":[{"@type":"ReadAction","target":["https:\/\/agenciainfra.com\/blog\/quintella-ex-ministro-dos-transportes-vai-relatar-novo-projeto-de-lei-do-licenciamento-ambiental\/"]}]},{"@type":"ImageObject","inLanguage":"pt-BR","@id":"https:\/\/agenciainfra.com\/blog\/quintella-ex-ministro-dos-transportes-vai-relatar-novo-projeto-de-lei-do-licenciamento-ambiental\/#primaryimage","url":"https:\/\/agenciainfra.com\/blog\/wp-content\/uploads\/2018\/05\/39137891762_86dda6a6e1_n-e1525834914907.jpg","contentUrl":"https:\/\/agenciainfra.com\/blog\/wp-content\/uploads\/2018\/05\/39137891762_86dda6a6e1_n-e1525834914907.jpg","width":245,"height":164},{"@type":"BreadcrumbList","@id":"https:\/\/agenciainfra.com\/blog\/quintella-ex-ministro-dos-transportes-vai-relatar-novo-projeto-de-lei-do-licenciamento-ambiental\/#breadcrumb","itemListElement":[{"@type":"ListItem","position":1,"name":"In\u00edcio","item":"https:\/\/agenciainfra.com\/blog\/"},{"@type":"ListItem","position":2,"name":"Quintella, ex-ministro dos transportes, vai relatar novo Projeto de Lei do licenciamento ambiental"}]},{"@type":"WebSite","@id":"https:\/\/agenciainfra.com\/blog\/#website","url":"https:\/\/agenciainfra.com\/blog\/","name":"Ag\u00eancia iNFRA","description":"Multiplataforma de informa\u00e7\u00e3o jornal\u00edstica refer\u00eancia na \u00e1rea de infraestrutura no Brasil!","publisher":{"@id":"https:\/\/agenciainfra.com\/blog\/#organization"},"potentialAction":[{"@type":"SearchAction","target":{"@type":"EntryPoint","urlTemplate":"https:\/\/agenciainfra.com\/blog\/?s={search_term_string}"},"query-input":{"@type":"PropertyValueSpecification","valueRequired":true,"valueName":"search_term_string"}}],"inLanguage":"pt-BR"},{"@type":"Organization","@id":"https:\/\/agenciainfra.com\/blog\/#organization","name":"Ag\u00eancia iNFRA","url":"https:\/\/agenciainfra.com\/blog\/","logo":{"@type":"ImageObject","inLanguage":"pt-BR","@id":"https:\/\/agenciainfra.com\/blog\/#\/schema\/logo\/image\/","url":"https:\/\/agenciainfra.com\/blog\/wp-content\/uploads\/2023\/09\/iNFRA_5-e1761735885940.png","contentUrl":"https:\/\/agenciainfra.com\/blog\/wp-content\/uploads\/2023\/09\/iNFRA_5-e1761735885940.png","width":1672,"height":454,"caption":"Ag\u00eancia iNFRA"},"image":{"@id":"https:\/\/agenciainfra.com\/blog\/#\/schema\/logo\/image\/"},"sameAs":["https:\/\/www.facebook.com\/ageninfra","https:\/\/x.com\/agencia_infra","https:\/\/www.linkedin.com\/company\/ag\u00eanciainfra\/","https:\/\/www.instagram.com\/agenciainfra\/"]},{"@type":"Person","@id":"https:\/\/agenciainfra.com\/blog\/#\/schema\/person\/34af08dff6adea4cb22b06612ba7acfa","name":"Ag\u00eancia iNFRA","image":{"@type":"ImageObject","inLanguage":"pt-BR","@id":"https:\/\/agenciainfra.com\/blog\/#\/schema\/person\/image\/","url":"https:\/\/secure.gravatar.com\/avatar\/d189e01678f06d8eb84d4e01f08eb848b3fffe3f8443818d3c356c66892f5be8?s=96&d=mm&r=g","contentUrl":"https:\/\/secure.gravatar.com\/avatar\/d189e01678f06d8eb84d4e01f08eb848b3fffe3f8443818d3c356c66892f5be8?s=96&d=mm&r=g","caption":"Ag\u00eancia iNFRA"},"url":"https:\/\/agenciainfra.com\/blog\/author\/admin\/"}]}},"_links":{"self":[{"href":"https:\/\/agenciainfra.com\/blog\/wp-json\/wp\/v2\/posts\/1634","targetHints":{"allow":["GET"]}}],"collection":[{"href":"https:\/\/agenciainfra.com\/blog\/wp-json\/wp\/v2\/posts"}],"about":[{"href":"https:\/\/agenciainfra.com\/blog\/wp-json\/wp\/v2\/types\/post"}],"author":[{"embeddable":true,"href":"https:\/\/agenciainfra.com\/blog\/wp-json\/wp\/v2\/users\/1"}],"replies":[{"embeddable":true,"href":"https:\/\/agenciainfra.com\/blog\/wp-json\/wp\/v2\/comments?post=1634"}],"version-history":[{"count":0,"href":"https:\/\/agenciainfra.com\/blog\/wp-json\/wp\/v2\/posts\/1634\/revisions"}],"wp:featuredmedia":[{"embeddable":true,"href":"https:\/\/agenciainfra.com\/blog\/wp-json\/wp\/v2\/media\/1636"}],"wp:attachment":[{"href":"https:\/\/agenciainfra.com\/blog\/wp-json\/wp\/v2\/media?parent=1634"}],"wp:term":[{"taxonomy":"category","embeddable":true,"href":"https:\/\/agenciainfra.com\/blog\/wp-json\/wp\/v2\/categories?post=1634"},{"taxonomy":"post_tag","embeddable":true,"href":"https:\/\/agenciainfra.com\/blog\/wp-json\/wp\/v2\/tags?post=1634"}],"curies":[{"name":"wp","href":"https:\/\/api.w.org\/{rel}","templated":true}]}}