{"id":16385,"date":"2024-04-25T09:00:00","date_gmt":"2024-04-25T12:00:00","guid":{"rendered":"https:\/\/agenciainfra.com\/blog\/?p=16385"},"modified":"2026-02-13T17:07:09","modified_gmt":"2026-02-13T20:07:09","slug":"malha-metroferroviaria-deve-crescer-20-km-em-2024-impulsionada-pelo-novo-pac-diz-anptrilhos","status":"publish","type":"post","link":"https:\/\/agenciainfra.com\/blog\/malha-metroferroviaria-deve-crescer-20-km-em-2024-impulsionada-pelo-novo-pac-diz-anptrilhos\/","title":{"rendered":"Malha metroferrovi\u00e1ria deve crescer 20 km em 2024 impulsionada pelo Novo PAC, diz ANPTrilhos"},"content":{"rendered":"\n<p class=\"has-text-align-right\"><strong>Elisa Costa, da Ag\u00eancia iNFRA<\/strong><\/p>\n\n\n\n<p>Em&nbsp;2024, a&nbsp;malha&nbsp;urbana de transporte de passageiros sobre trilhos do Brasil dever\u00e1&nbsp;crescer&nbsp;20&nbsp;quil\u00f4metros e 17 esta\u00e7\u00f5es, de acordo com os dados do mais recente Balan\u00e7o do Setor Metroferrovi\u00e1rio de Passageiros, da&nbsp;ANPTrilhos&nbsp;(Associa\u00e7\u00e3o Nacional dos Transportadores de Passageiros sobre Trilhos). Para os pr\u00f3ximos cinco anos, considerando as obras&nbsp;em&nbsp;andamento, o crescimento pode chegar a 66 quil\u00f4metros e 59 esta\u00e7\u00f5es.<br><br>Em&nbsp;entrevista \u00e0&nbsp;<strong>Ag\u00eancia iNFRA<\/strong>, o presidente do conselho da&nbsp;ANPTrilhos, Joubert Flores, explicou que as perspectivas que foram apresentadas baseiam-se,&nbsp;em&nbsp;parte, nos investimentos previstos&nbsp;pelo&nbsp;Novo&nbsp;PAC&nbsp;(Programa de Acelera\u00e7\u00e3o do Crescimento) e&nbsp;em&nbsp;projetos trabalhados&nbsp;pelo&nbsp;Estudo Nacional de Mobilidade Urbana do BNDES (Banco Nacional de Desenvolvimento Econ\u00f4mico e Social).<br><br>\u201cTemos,&nbsp;pelo&nbsp;menos, treze projetos contemplados no&nbsp;PAC&nbsp;e com o BNDES n\u00f3s temos projetos&nbsp;em&nbsp;regi\u00f5es metropolitanas de mais de 1 milh\u00e3o de habitantes. Isso pode fazer com que os projetos saiam do papel, desde que fa\u00e7am sentido e sejam financi\u00e1veis\u201d, destacou.<br><br>De acordo com Flores, a perspectiva otimista tamb\u00e9m considera o poss\u00edvel lan\u00e7amento de uma pol\u00edtica nacional de transporte regional, que \u201cn\u00e3o resolveria toda a quest\u00e3o, mas que tentaria resgatar uma lacuna\u201d, buscando solu\u00e7\u00f5es para diminuir desigualdades, pela&nbsp;malha&nbsp;atual estar concentrada&nbsp;em&nbsp;grande parte no Sudeste.<br><br>Outro dado&nbsp;em&nbsp;destaque mostra que a expans\u00e3o da&nbsp;malha&nbsp;metroferrovi\u00e1ria&nbsp;em&nbsp;2023 ficou abaixo do esperado, com a conclus\u00e3o de apenas 4,1 quil\u00f4metros. \u201cEsse incremento \u00e9 resultado da finaliza\u00e7\u00e3o das obras dos sistemas de Natal e de Salvador e Lauro de Freitas. A entrega dos demais empreendimentos foi adiada para&nbsp;2024\u201d, explica o levantamento, dispon\u00edvel neste&nbsp;<a href=\"https:\/\/agenciainfra.us14.list-manage.com\/track\/click?u=d460dd1bcf9ba0ae040e1fc0f&amp;id=6cbde3062b&amp;e=f0fa444791\" rel=\"noreferrer noopener\" target=\"_blank\">link<\/a>.<br><br>Entre os desafios para o crescimento da&nbsp;malha, a&nbsp;ANPTrilhos&nbsp;cita a necessidade de financiamento sustent\u00e1vel, supera\u00e7\u00e3o de barreiras t\u00e9cnicas e regulat\u00f3rias, bem como a import\u00e2ncia de planejamento e gest\u00e3o eficazes para assegurar que os benef\u00edcios sejam realizados de forma plena. Est\u00e3o&nbsp;em&nbsp;andamento obras&nbsp;em&nbsp;Fortaleza, Natal, Teresina, Jo\u00e3o Pessoa, Rio de Janeiro, S\u00e3o Paulo e na Baixada Santista.<\/p>\n","protected":false},"excerpt":{"rendered":"<p>Elisa Costa, da Ag\u00eancia iNFRA Em&nbsp;2024, a&nbsp;malha&nbsp;urbana de transporte de passageiros sobre trilhos do Brasil dever\u00e1&nbsp;crescer&nbsp;20&nbsp;quil\u00f4metros e 17 esta\u00e7\u00f5es, de acordo com os dados do mais recente Balan\u00e7o do Setor Metroferrovi\u00e1rio de Passageiros, da&nbsp;ANPTrilhos&nbsp;(Associa\u00e7\u00e3o Nacional dos Transportadores de Passageiros sobre Trilhos). Para os pr\u00f3ximos cinco anos, considerando as obras&nbsp;em&nbsp;andamento, o crescimento pode chegar a 66 [&hellip;]<\/p>\n","protected":false},"author":1,"featured_media":16386,"comment_status":"closed","ping_status":"closed","sticky":false,"template":"","format":"standard","meta":{"_monsterinsights_skip_tracking":false,"_monsterinsights_sitenote_active":false,"_monsterinsights_sitenote_note":"","_monsterinsights_sitenote_category":0,"footnotes":""},"categories":[18468],"tags":[2380,103,7907,7367,8089,2381,2162,5992,9189,3190,9187,7105,1033,9188,2253],"class_list":["post-16385","post","type-post","status-publish","format-standard","has-post-thumbnail","hentry","category-infra-cidades","tag-anptrilhos","tag-bndes","tag-desenvolvimento-economico","tag-elisa-costa","tag-infraestrutura-urbana","tag-joubert-flores","tag-mobilidade-urbana","tag-novo-pac","tag-politica-de-transporte","tag-programa-de-aceleracao-do-crescimento","tag-projetos-de-transporte","tag-regioes-metropolitanas","tag-transporte-ferroviario","tag-transporte-regional","tag-urbanizacao"],"yoast_head":"<!-- This site is optimized with the Yoast SEO Premium plugin v25.4 (Yoast SEO v26.0) - https:\/\/yoast.com\/wordpress\/plugins\/seo\/ -->\n<title>Malha metroferrovi\u00e1ria deve crescer 20 km em 2024 impulsionada pelo Novo PAC, diz ANPTrilhos - Ag\u00eancia iNFRA<\/title>\n<meta name=\"robots\" content=\"index, follow, max-snippet:-1, max-image-preview:large, max-video-preview:-1\" \/>\n<link rel=\"canonical\" href=\"https:\/\/agenciainfra.com\/blog\/malha-metroferroviaria-deve-crescer-20-km-em-2024-impulsionada-pelo-novo-pac-diz-anptrilhos\/\" \/>\n<meta property=\"og:locale\" content=\"pt_BR\" \/>\n<meta property=\"og:type\" content=\"article\" \/>\n<meta property=\"og:title\" content=\"Malha metroferrovi\u00e1ria deve crescer 20 km em 2024 impulsionada pelo Novo PAC, diz ANPTrilhos\" \/>\n<meta property=\"og:description\" content=\"Elisa Costa, da Ag\u00eancia iNFRA Em&nbsp;2024, a&nbsp;malha&nbsp;urbana de transporte de passageiros sobre trilhos do Brasil dever\u00e1&nbsp;crescer&nbsp;20&nbsp;quil\u00f4metros e 17 esta\u00e7\u00f5es, de acordo com os dados do mais recente Balan\u00e7o do Setor Metroferrovi\u00e1rio de Passageiros, da&nbsp;ANPTrilhos&nbsp;(Associa\u00e7\u00e3o Nacional dos Transportadores de Passageiros sobre Trilhos). Para os pr\u00f3ximos cinco anos, considerando as obras&nbsp;em&nbsp;andamento, o crescimento pode chegar a 66 [&hellip;]\" \/>\n<meta property=\"og:url\" content=\"https:\/\/agenciainfra.com\/blog\/malha-metroferroviaria-deve-crescer-20-km-em-2024-impulsionada-pelo-novo-pac-diz-anptrilhos\/\" \/>\n<meta property=\"og:site_name\" content=\"Ag\u00eancia iNFRA\" \/>\n<meta property=\"article:publisher\" content=\"https:\/\/www.facebook.com\/ageninfra\" \/>\n<meta property=\"article:published_time\" content=\"2024-04-25T12:00:00+00:00\" \/>\n<meta property=\"article:modified_time\" content=\"2026-02-13T20:07:09+00:00\" \/>\n<meta property=\"og:image\" content=\"https:\/\/agenciainfra.com\/blog\/wp-content\/uploads\/2024\/04\/joubert-flores-foto-anptrilhos.jpg\" \/>\n\t<meta property=\"og:image:width\" content=\"1202\" \/>\n\t<meta property=\"og:image:height\" content=\"801\" \/>\n\t<meta property=\"og:image:type\" content=\"image\/jpeg\" \/>\n<meta name=\"author\" content=\"Ag\u00eancia iNFRA\" \/>\n<meta name=\"twitter:card\" content=\"summary_large_image\" \/>\n<meta name=\"twitter:creator\" content=\"@agencia_infra\" \/>\n<meta name=\"twitter:site\" content=\"@agencia_infra\" \/>\n<meta name=\"twitter:label1\" content=\"Escrito por\" \/>\n\t<meta name=\"twitter:data1\" content=\"Ag\u00eancia iNFRA\" \/>\n\t<meta name=\"twitter:label2\" content=\"Est. tempo de leitura\" \/>\n\t<meta name=\"twitter:data2\" content=\"2 minutos\" \/>\n<script type=\"application\/ld+json\" class=\"yoast-schema-graph\">{\"@context\":\"https:\/\/schema.org\",\"@graph\":[{\"@type\":\"Article\",\"@id\":\"https:\/\/agenciainfra.com\/blog\/malha-metroferroviaria-deve-crescer-20-km-em-2024-impulsionada-pelo-novo-pac-diz-anptrilhos\/#article\",\"isPartOf\":{\"@id\":\"https:\/\/agenciainfra.com\/blog\/malha-metroferroviaria-deve-crescer-20-km-em-2024-impulsionada-pelo-novo-pac-diz-anptrilhos\/\"},\"author\":{\"name\":\"Ag\u00eancia iNFRA\",\"@id\":\"https:\/\/agenciainfra.com\/blog\/#\/schema\/person\/34af08dff6adea4cb22b06612ba7acfa\"},\"headline\":\"Malha metroferrovi\u00e1ria deve crescer 20 km em 2024 impulsionada pelo Novo PAC, diz ANPTrilhos\",\"datePublished\":\"2024-04-25T12:00:00+00:00\",\"dateModified\":\"2026-02-13T20:07:09+00:00\",\"mainEntityOfPage\":{\"@id\":\"https:\/\/agenciainfra.com\/blog\/malha-metroferroviaria-deve-crescer-20-km-em-2024-impulsionada-pelo-novo-pac-diz-anptrilhos\/\"},\"wordCount\":419,\"publisher\":{\"@id\":\"https:\/\/agenciainfra.com\/blog\/#organization\"},\"image\":{\"@id\":\"https:\/\/agenciainfra.com\/blog\/malha-metroferroviaria-deve-crescer-20-km-em-2024-impulsionada-pelo-novo-pac-diz-anptrilhos\/#primaryimage\"},\"thumbnailUrl\":\"https:\/\/agenciainfra.com\/blog\/wp-content\/uploads\/2024\/04\/joubert-flores-foto-anptrilhos.jpg\",\"keywords\":[\"ANPTrilhos\",\"BNDES\",\"Desenvolvimento Econ\u00f4mico\",\"Elisa Costa\",\"Infraestrutura Urbana\",\"Joubert Flores\",\"mobilidade urbana\",\"Novo PAC\",\"Pol\u00edtica de Transporte\",\"Programa de Acelera\u00e7\u00e3o do Crescimento\",\"Projetos de Transporte\",\"regi\u00f5es metropolitanas\",\"transporte ferrovi\u00e1rio\",\"Transporte Regional\",\"urbaniza\u00e7\u00e3o\"],\"articleSection\":[\"iNFRACidades\"],\"inLanguage\":\"pt-BR\",\"copyrightYear\":\"2024\",\"copyrightHolder\":{\"@id\":\"https:\/\/agenciainfra.com\/blog\/#organization\"}},{\"@type\":\"WebPage\",\"@id\":\"https:\/\/agenciainfra.com\/blog\/malha-metroferroviaria-deve-crescer-20-km-em-2024-impulsionada-pelo-novo-pac-diz-anptrilhos\/\",\"url\":\"https:\/\/agenciainfra.com\/blog\/malha-metroferroviaria-deve-crescer-20-km-em-2024-impulsionada-pelo-novo-pac-diz-anptrilhos\/\",\"name\":\"Malha metroferrovi\u00e1ria deve crescer 20 km em 2024 impulsionada pelo Novo PAC, diz ANPTrilhos - Ag\u00eancia iNFRA\",\"isPartOf\":{\"@id\":\"https:\/\/agenciainfra.com\/blog\/#website\"},\"primaryImageOfPage\":{\"@id\":\"https:\/\/agenciainfra.com\/blog\/malha-metroferroviaria-deve-crescer-20-km-em-2024-impulsionada-pelo-novo-pac-diz-anptrilhos\/#primaryimage\"},\"image\":{\"@id\":\"https:\/\/agenciainfra.com\/blog\/malha-metroferroviaria-deve-crescer-20-km-em-2024-impulsionada-pelo-novo-pac-diz-anptrilhos\/#primaryimage\"},\"thumbnailUrl\":\"https:\/\/agenciainfra.com\/blog\/wp-content\/uploads\/2024\/04\/joubert-flores-foto-anptrilhos.jpg\",\"datePublished\":\"2024-04-25T12:00:00+00:00\",\"dateModified\":\"2026-02-13T20:07:09+00:00\",\"breadcrumb\":{\"@id\":\"https:\/\/agenciainfra.com\/blog\/malha-metroferroviaria-deve-crescer-20-km-em-2024-impulsionada-pelo-novo-pac-diz-anptrilhos\/#breadcrumb\"},\"inLanguage\":\"pt-BR\",\"potentialAction\":[{\"@type\":\"ReadAction\",\"target\":[\"https:\/\/agenciainfra.com\/blog\/malha-metroferroviaria-deve-crescer-20-km-em-2024-impulsionada-pelo-novo-pac-diz-anptrilhos\/\"]}]},{\"@type\":\"ImageObject\",\"inLanguage\":\"pt-BR\",\"@id\":\"https:\/\/agenciainfra.com\/blog\/malha-metroferroviaria-deve-crescer-20-km-em-2024-impulsionada-pelo-novo-pac-diz-anptrilhos\/#primaryimage\",\"url\":\"https:\/\/agenciainfra.com\/blog\/wp-content\/uploads\/2024\/04\/joubert-flores-foto-anptrilhos.jpg\",\"contentUrl\":\"https:\/\/agenciainfra.com\/blog\/wp-content\/uploads\/2024\/04\/joubert-flores-foto-anptrilhos.jpg\",\"width\":1202,\"height\":801},{\"@type\":\"BreadcrumbList\",\"@id\":\"https:\/\/agenciainfra.com\/blog\/malha-metroferroviaria-deve-crescer-20-km-em-2024-impulsionada-pelo-novo-pac-diz-anptrilhos\/#breadcrumb\",\"itemListElement\":[{\"@type\":\"ListItem\",\"position\":1,\"name\":\"In\u00edcio\",\"item\":\"https:\/\/agenciainfra.com\/blog\/\"},{\"@type\":\"ListItem\",\"position\":2,\"name\":\"Malha metroferrovi\u00e1ria deve crescer 20 km em 2024 impulsionada pelo Novo PAC, diz ANPTrilhos\"}]},{\"@type\":\"WebSite\",\"@id\":\"https:\/\/agenciainfra.com\/blog\/#website\",\"url\":\"https:\/\/agenciainfra.com\/blog\/\",\"name\":\"Ag\u00eancia iNFRA\",\"description\":\"Multiplataforma de informa\u00e7\u00e3o jornal\u00edstica refer\u00eancia na \u00e1rea de infraestrutura no Brasil!\",\"publisher\":{\"@id\":\"https:\/\/agenciainfra.com\/blog\/#organization\"},\"potentialAction\":[{\"@type\":\"SearchAction\",\"target\":{\"@type\":\"EntryPoint\",\"urlTemplate\":\"https:\/\/agenciainfra.com\/blog\/?s={search_term_string}\"},\"query-input\":{\"@type\":\"PropertyValueSpecification\",\"valueRequired\":true,\"valueName\":\"search_term_string\"}}],\"inLanguage\":\"pt-BR\"},{\"@type\":\"Organization\",\"@id\":\"https:\/\/agenciainfra.com\/blog\/#organization\",\"name\":\"Ag\u00eancia iNFRA\",\"url\":\"https:\/\/agenciainfra.com\/blog\/\",\"logo\":{\"@type\":\"ImageObject\",\"inLanguage\":\"pt-BR\",\"@id\":\"https:\/\/agenciainfra.com\/blog\/#\/schema\/logo\/image\/\",\"url\":\"https:\/\/agenciainfra.com\/blog\/wp-content\/uploads\/2023\/09\/iNFRA_5-e1761735885940.png\",\"contentUrl\":\"https:\/\/agenciainfra.com\/blog\/wp-content\/uploads\/2023\/09\/iNFRA_5-e1761735885940.png\",\"width\":1672,\"height\":454,\"caption\":\"Ag\u00eancia iNFRA\"},\"image\":{\"@id\":\"https:\/\/agenciainfra.com\/blog\/#\/schema\/logo\/image\/\"},\"sameAs\":[\"https:\/\/www.facebook.com\/ageninfra\",\"https:\/\/x.com\/agencia_infra\",\"https:\/\/www.linkedin.com\/company\/ag\u00eanciainfra\/\",\"https:\/\/www.instagram.com\/agenciainfra\/\"]},{\"@type\":\"Person\",\"@id\":\"https:\/\/agenciainfra.com\/blog\/#\/schema\/person\/34af08dff6adea4cb22b06612ba7acfa\",\"name\":\"Ag\u00eancia iNFRA\",\"image\":{\"@type\":\"ImageObject\",\"inLanguage\":\"pt-BR\",\"@id\":\"https:\/\/agenciainfra.com\/blog\/#\/schema\/person\/image\/\",\"url\":\"https:\/\/secure.gravatar.com\/avatar\/d189e01678f06d8eb84d4e01f08eb848b3fffe3f8443818d3c356c66892f5be8?s=96&d=mm&r=g\",\"contentUrl\":\"https:\/\/secure.gravatar.com\/avatar\/d189e01678f06d8eb84d4e01f08eb848b3fffe3f8443818d3c356c66892f5be8?s=96&d=mm&r=g\",\"caption\":\"Ag\u00eancia iNFRA\"},\"url\":\"https:\/\/agenciainfra.com\/blog\/author\/admin\/\"}]}<\/script>\n<!-- \/ Yoast SEO Premium plugin. -->","yoast_head_json":{"title":"Malha metroferrovi\u00e1ria deve crescer 20 km em 2024 impulsionada pelo Novo PAC, diz ANPTrilhos - Ag\u00eancia iNFRA","robots":{"index":"index","follow":"follow","max-snippet":"max-snippet:-1","max-image-preview":"max-image-preview:large","max-video-preview":"max-video-preview:-1"},"canonical":"https:\/\/agenciainfra.com\/blog\/malha-metroferroviaria-deve-crescer-20-km-em-2024-impulsionada-pelo-novo-pac-diz-anptrilhos\/","og_locale":"pt_BR","og_type":"article","og_title":"Malha metroferrovi\u00e1ria deve crescer 20 km em 2024 impulsionada pelo Novo PAC, diz ANPTrilhos","og_description":"Elisa Costa, da Ag\u00eancia iNFRA Em&nbsp;2024, a&nbsp;malha&nbsp;urbana de transporte de passageiros sobre trilhos do Brasil dever\u00e1&nbsp;crescer&nbsp;20&nbsp;quil\u00f4metros e 17 esta\u00e7\u00f5es, de acordo com os dados do mais recente Balan\u00e7o do Setor Metroferrovi\u00e1rio de Passageiros, da&nbsp;ANPTrilhos&nbsp;(Associa\u00e7\u00e3o Nacional dos Transportadores de Passageiros sobre Trilhos). Para os pr\u00f3ximos cinco anos, considerando as obras&nbsp;em&nbsp;andamento, o crescimento pode chegar a 66 [&hellip;]","og_url":"https:\/\/agenciainfra.com\/blog\/malha-metroferroviaria-deve-crescer-20-km-em-2024-impulsionada-pelo-novo-pac-diz-anptrilhos\/","og_site_name":"Ag\u00eancia iNFRA","article_publisher":"https:\/\/www.facebook.com\/ageninfra","article_published_time":"2024-04-25T12:00:00+00:00","article_modified_time":"2026-02-13T20:07:09+00:00","og_image":[{"width":1202,"height":801,"url":"https:\/\/agenciainfra.com\/blog\/wp-content\/uploads\/2024\/04\/joubert-flores-foto-anptrilhos.jpg","type":"image\/jpeg"}],"author":"Ag\u00eancia iNFRA","twitter_card":"summary_large_image","twitter_creator":"@agencia_infra","twitter_site":"@agencia_infra","twitter_misc":{"Escrito por":"Ag\u00eancia iNFRA","Est. tempo de leitura":"2 minutos"},"schema":{"@context":"https:\/\/schema.org","@graph":[{"@type":"Article","@id":"https:\/\/agenciainfra.com\/blog\/malha-metroferroviaria-deve-crescer-20-km-em-2024-impulsionada-pelo-novo-pac-diz-anptrilhos\/#article","isPartOf":{"@id":"https:\/\/agenciainfra.com\/blog\/malha-metroferroviaria-deve-crescer-20-km-em-2024-impulsionada-pelo-novo-pac-diz-anptrilhos\/"},"author":{"name":"Ag\u00eancia iNFRA","@id":"https:\/\/agenciainfra.com\/blog\/#\/schema\/person\/34af08dff6adea4cb22b06612ba7acfa"},"headline":"Malha metroferrovi\u00e1ria deve crescer 20 km em 2024 impulsionada pelo Novo PAC, diz ANPTrilhos","datePublished":"2024-04-25T12:00:00+00:00","dateModified":"2026-02-13T20:07:09+00:00","mainEntityOfPage":{"@id":"https:\/\/agenciainfra.com\/blog\/malha-metroferroviaria-deve-crescer-20-km-em-2024-impulsionada-pelo-novo-pac-diz-anptrilhos\/"},"wordCount":419,"publisher":{"@id":"https:\/\/agenciainfra.com\/blog\/#organization"},"image":{"@id":"https:\/\/agenciainfra.com\/blog\/malha-metroferroviaria-deve-crescer-20-km-em-2024-impulsionada-pelo-novo-pac-diz-anptrilhos\/#primaryimage"},"thumbnailUrl":"https:\/\/agenciainfra.com\/blog\/wp-content\/uploads\/2024\/04\/joubert-flores-foto-anptrilhos.jpg","keywords":["ANPTrilhos","BNDES","Desenvolvimento Econ\u00f4mico","Elisa Costa","Infraestrutura Urbana","Joubert Flores","mobilidade urbana","Novo PAC","Pol\u00edtica de Transporte","Programa de Acelera\u00e7\u00e3o do Crescimento","Projetos de Transporte","regi\u00f5es metropolitanas","transporte ferrovi\u00e1rio","Transporte Regional","urbaniza\u00e7\u00e3o"],"articleSection":["iNFRACidades"],"inLanguage":"pt-BR","copyrightYear":"2024","copyrightHolder":{"@id":"https:\/\/agenciainfra.com\/blog\/#organization"}},{"@type":"WebPage","@id":"https:\/\/agenciainfra.com\/blog\/malha-metroferroviaria-deve-crescer-20-km-em-2024-impulsionada-pelo-novo-pac-diz-anptrilhos\/","url":"https:\/\/agenciainfra.com\/blog\/malha-metroferroviaria-deve-crescer-20-km-em-2024-impulsionada-pelo-novo-pac-diz-anptrilhos\/","name":"Malha metroferrovi\u00e1ria deve crescer 20 km em 2024 impulsionada pelo Novo PAC, diz ANPTrilhos - Ag\u00eancia iNFRA","isPartOf":{"@id":"https:\/\/agenciainfra.com\/blog\/#website"},"primaryImageOfPage":{"@id":"https:\/\/agenciainfra.com\/blog\/malha-metroferroviaria-deve-crescer-20-km-em-2024-impulsionada-pelo-novo-pac-diz-anptrilhos\/#primaryimage"},"image":{"@id":"https:\/\/agenciainfra.com\/blog\/malha-metroferroviaria-deve-crescer-20-km-em-2024-impulsionada-pelo-novo-pac-diz-anptrilhos\/#primaryimage"},"thumbnailUrl":"https:\/\/agenciainfra.com\/blog\/wp-content\/uploads\/2024\/04\/joubert-flores-foto-anptrilhos.jpg","datePublished":"2024-04-25T12:00:00+00:00","dateModified":"2026-02-13T20:07:09+00:00","breadcrumb":{"@id":"https:\/\/agenciainfra.com\/blog\/malha-metroferroviaria-deve-crescer-20-km-em-2024-impulsionada-pelo-novo-pac-diz-anptrilhos\/#breadcrumb"},"inLanguage":"pt-BR","potentialAction":[{"@type":"ReadAction","target":["https:\/\/agenciainfra.com\/blog\/malha-metroferroviaria-deve-crescer-20-km-em-2024-impulsionada-pelo-novo-pac-diz-anptrilhos\/"]}]},{"@type":"ImageObject","inLanguage":"pt-BR","@id":"https:\/\/agenciainfra.com\/blog\/malha-metroferroviaria-deve-crescer-20-km-em-2024-impulsionada-pelo-novo-pac-diz-anptrilhos\/#primaryimage","url":"https:\/\/agenciainfra.com\/blog\/wp-content\/uploads\/2024\/04\/joubert-flores-foto-anptrilhos.jpg","contentUrl":"https:\/\/agenciainfra.com\/blog\/wp-content\/uploads\/2024\/04\/joubert-flores-foto-anptrilhos.jpg","width":1202,"height":801},{"@type":"BreadcrumbList","@id":"https:\/\/agenciainfra.com\/blog\/malha-metroferroviaria-deve-crescer-20-km-em-2024-impulsionada-pelo-novo-pac-diz-anptrilhos\/#breadcrumb","itemListElement":[{"@type":"ListItem","position":1,"name":"In\u00edcio","item":"https:\/\/agenciainfra.com\/blog\/"},{"@type":"ListItem","position":2,"name":"Malha metroferrovi\u00e1ria deve crescer 20 km em 2024 impulsionada pelo Novo PAC, diz ANPTrilhos"}]},{"@type":"WebSite","@id":"https:\/\/agenciainfra.com\/blog\/#website","url":"https:\/\/agenciainfra.com\/blog\/","name":"Ag\u00eancia iNFRA","description":"Multiplataforma de informa\u00e7\u00e3o jornal\u00edstica refer\u00eancia na \u00e1rea de infraestrutura no Brasil!","publisher":{"@id":"https:\/\/agenciainfra.com\/blog\/#organization"},"potentialAction":[{"@type":"SearchAction","target":{"@type":"EntryPoint","urlTemplate":"https:\/\/agenciainfra.com\/blog\/?s={search_term_string}"},"query-input":{"@type":"PropertyValueSpecification","valueRequired":true,"valueName":"search_term_string"}}],"inLanguage":"pt-BR"},{"@type":"Organization","@id":"https:\/\/agenciainfra.com\/blog\/#organization","name":"Ag\u00eancia iNFRA","url":"https:\/\/agenciainfra.com\/blog\/","logo":{"@type":"ImageObject","inLanguage":"pt-BR","@id":"https:\/\/agenciainfra.com\/blog\/#\/schema\/logo\/image\/","url":"https:\/\/agenciainfra.com\/blog\/wp-content\/uploads\/2023\/09\/iNFRA_5-e1761735885940.png","contentUrl":"https:\/\/agenciainfra.com\/blog\/wp-content\/uploads\/2023\/09\/iNFRA_5-e1761735885940.png","width":1672,"height":454,"caption":"Ag\u00eancia iNFRA"},"image":{"@id":"https:\/\/agenciainfra.com\/blog\/#\/schema\/logo\/image\/"},"sameAs":["https:\/\/www.facebook.com\/ageninfra","https:\/\/x.com\/agencia_infra","https:\/\/www.linkedin.com\/company\/ag\u00eanciainfra\/","https:\/\/www.instagram.com\/agenciainfra\/"]},{"@type":"Person","@id":"https:\/\/agenciainfra.com\/blog\/#\/schema\/person\/34af08dff6adea4cb22b06612ba7acfa","name":"Ag\u00eancia iNFRA","image":{"@type":"ImageObject","inLanguage":"pt-BR","@id":"https:\/\/agenciainfra.com\/blog\/#\/schema\/person\/image\/","url":"https:\/\/secure.gravatar.com\/avatar\/d189e01678f06d8eb84d4e01f08eb848b3fffe3f8443818d3c356c66892f5be8?s=96&d=mm&r=g","contentUrl":"https:\/\/secure.gravatar.com\/avatar\/d189e01678f06d8eb84d4e01f08eb848b3fffe3f8443818d3c356c66892f5be8?s=96&d=mm&r=g","caption":"Ag\u00eancia iNFRA"},"url":"https:\/\/agenciainfra.com\/blog\/author\/admin\/"}]}},"_links":{"self":[{"href":"https:\/\/agenciainfra.com\/blog\/wp-json\/wp\/v2\/posts\/16385","targetHints":{"allow":["GET"]}}],"collection":[{"href":"https:\/\/agenciainfra.com\/blog\/wp-json\/wp\/v2\/posts"}],"about":[{"href":"https:\/\/agenciainfra.com\/blog\/wp-json\/wp\/v2\/types\/post"}],"author":[{"embeddable":true,"href":"https:\/\/agenciainfra.com\/blog\/wp-json\/wp\/v2\/users\/1"}],"replies":[{"embeddable":true,"href":"https:\/\/agenciainfra.com\/blog\/wp-json\/wp\/v2\/comments?post=16385"}],"version-history":[{"count":1,"href":"https:\/\/agenciainfra.com\/blog\/wp-json\/wp\/v2\/posts\/16385\/revisions"}],"predecessor-version":[{"id":16387,"href":"https:\/\/agenciainfra.com\/blog\/wp-json\/wp\/v2\/posts\/16385\/revisions\/16387"}],"wp:featuredmedia":[{"embeddable":true,"href":"https:\/\/agenciainfra.com\/blog\/wp-json\/wp\/v2\/media\/16386"}],"wp:attachment":[{"href":"https:\/\/agenciainfra.com\/blog\/wp-json\/wp\/v2\/media?parent=16385"}],"wp:term":[{"taxonomy":"category","embeddable":true,"href":"https:\/\/agenciainfra.com\/blog\/wp-json\/wp\/v2\/categories?post=16385"},{"taxonomy":"post_tag","embeddable":true,"href":"https:\/\/agenciainfra.com\/blog\/wp-json\/wp\/v2\/tags?post=16385"}],"curies":[{"name":"wp","href":"https:\/\/api.w.org\/{rel}","templated":true}]}}