{"id":16481,"date":"2024-05-04T09:00:00","date_gmt":"2024-05-04T12:00:00","guid":{"rendered":"https:\/\/agenciainfra.com\/blog\/?p=16481"},"modified":"2026-03-13T09:41:10","modified_gmt":"2026-03-13T12:41:10","slug":"senatran-prepara-mudanca-na-regulamentacao-do-free-flow-diz-secretario","status":"publish","type":"post","link":"https:\/\/agenciainfra.com\/blog\/senatran-prepara-mudanca-na-regulamentacao-do-free-flow-diz-secretario\/","title":{"rendered":"Senatran prepara mudan\u00e7a na regulamenta\u00e7\u00e3o do free flow, diz secret\u00e1rio"},"content":{"rendered":"\n<p class=\"has-text-align-right\"><strong>Sheyla Santos e Dimmi Amora, da Ag\u00eancia iNFRA<\/strong><\/p>\n\n\n\n<p>Uma nova resolu\u00e7\u00e3o sobre a&nbsp;regulamenta\u00e7\u00e3o&nbsp;do&nbsp;free&nbsp;flow&nbsp;(cobran\u00e7a autom\u00e1tica&nbsp;do&nbsp;ped\u00e1gio) aumentar\u00e1 o prazo de pagamento da tarifa de 15 para 30 dias.&nbsp;Esse \u00e9 um dos pontos&nbsp;do&nbsp;texto&nbsp;que tamb\u00e9m trar\u00e1 solu\u00e7\u00f5es digitais que aprimorem a cobran\u00e7a.<br><br>A informa\u00e7\u00e3o foi dada pelo&nbsp;secret\u00e1rio&nbsp;nacional de Tr\u00e2nsito, Adrualdo Cat\u00e3o, em entrevista \u00e0&nbsp;<strong>Ag\u00eancia iNFRA<\/strong>. A resolu\u00e7\u00e3o atual prev\u00ea que o motorista receba uma multa por evas\u00e3o caso n\u00e3o pague o ped\u00e1gio em 15 dias.<br><br>Apesar dos n\u00fameros de inadimpl\u00eancia terem ficado abaixo&nbsp;do&nbsp;esperado no in\u00edcio&nbsp;do&nbsp;projeto, j\u00e1 foram emitidas mais de 600 mil multas no per\u00edodo de funcionamento&nbsp;do&nbsp;\u00fanico&nbsp;ped\u00e1gio&nbsp;free&nbsp;flow&nbsp;federal no pa\u00eds,&nbsp;na&nbsp;BR-101\/RJ.<br><br>Na&nbsp;semana passada, uma liminar numa a\u00e7\u00e3o judicial suspendeu essas multas e ampliou o prazo para o pagamento&nbsp;do&nbsp;ped\u00e1gio. O governo federal, a ANTT (Ag\u00eancia Nacional de Transportes Terrestres) e a concession\u00e1ria CCR Rio-SP recorreram da decis\u00e3o.<br><br>A primeira decis\u00e3o judicial contra o modelo leva preocupa\u00e7\u00e3o ao setor porque h\u00e1 temor de que o formato seja prejudicado com o aumento da inadimpl\u00eancia. Em outros pa\u00edses onde houve decis\u00f5es revertendo multas e outros instrumentos de enforcement, a inadimpl\u00eancia subiu fortemente.<br><br>Na&nbsp;vis\u00e3o&nbsp;do&nbsp;secret\u00e1rio, essa din\u00e2mica de cobran\u00e7a com 15 dias de prazo deve ser revista e ele ressalta que as concession\u00e1rias est\u00e3o de acordo com a extens\u00e3o proposta. &#8220;A ideia \u00e9 que ele [o cidad\u00e3o] pague a tarifa&#8221;, disse o&nbsp;secret\u00e1rio.<br><br>Mas as mudan\u00e7as para facilitar a identifica\u00e7\u00e3o e a notifica\u00e7\u00e3o&nbsp;do&nbsp;usu\u00e1rio que passam nos totens de cobran\u00e7a v\u00e3o al\u00e9m. O&nbsp;secret\u00e1rio&nbsp;ressaltou que a&nbsp;Senatran&nbsp;(Secretaria Nacional de Tr\u00e2nsito) trabalha no sentido de viabilizar a notifica\u00e7\u00e3o pela passagem&nbsp;do&nbsp;usu\u00e1rios nos pontos de cobran\u00e7a.<br><br>Isso atende ao pleito das concession\u00e1rias que relatam&nbsp;dificuldade em informar a quem passou pelo ped\u00e1gio e n\u00e3o possui tags de identifica\u00e7\u00e3o nos ve\u00edculos. Se o usu\u00e1rio n\u00e3o entra voluntariamente nos sistemas criados para pagar dentro dos 15 dias, acaba levando a multa.<br><br>Para isso, ele aponta que a secretaria realiza ajustes nos sistemas de forma que governo federal e estados possam, por meio das concession\u00e1rias, identificar e notificar os condutores que n\u00e3o tenham contratos com empresas de tag de ped\u00e1gio.<br><br>Isso ser\u00e1 feito pelos sistemas da&nbsp;Senatran, que receber\u00e3o a informa\u00e7\u00e3o da passagem&nbsp;do&nbsp;condutor pelo&nbsp;free&nbsp;flow&nbsp;e realizar\u00e3o o cadastro diretamente&nbsp;na&nbsp;CDT (Carteira Digital de Tr\u00e2nsito). J\u00e1 h\u00e1 testes em andamento para o funcionamento&nbsp;do&nbsp;modelo.<br><br>&#8220;Esse \u00e9 um modelo que j\u00e1 est\u00e1 pronto, aguardando integra\u00e7\u00e3o com as concession\u00e1rias que j\u00e1 est\u00e3o fazendo&nbsp;free&nbsp;flow. Est\u00e1 dispon\u00edvel, por exemplo, para que qualquer concession\u00e1ria que for fazer&nbsp;free&nbsp;flow, nos estados ou aqui no governo federal, possa fazer a integra\u00e7\u00e3o com a gente, e isso vai para a carteira&nbsp;do&nbsp;cidad\u00e3o&#8221;, destaca o&nbsp;secret\u00e1rio.<br><br><strong>Pagamento&nbsp;na&nbsp;carteira digital<\/strong><br>Um dos recursos estudados para simplifica\u00e7\u00e3o dos processos no \u00e2mbito&nbsp;do&nbsp;free&nbsp;flow&nbsp;\u00e9 o recebimento de um push, uma notifica\u00e7\u00e3o, pelo app da CDT, que direcione o condutor para o link de pagamento. Outro ponto em discuss\u00e3o \u00e9 aproveitar a base&nbsp;do&nbsp;SNE (Sistema de Notifica\u00e7\u00e3o Eletr\u00f4nica), pela qual o usu\u00e1rio \u00e9 hoje notificado para outros tipos de multas.<br><br>&#8220;A gente vai usar o SNE n\u00e3o para notificar multa, mas para notificar a passagem [pelo&nbsp;free&nbsp;flow]. Isso j\u00e1 est\u00e1 pronto, s\u00f3 falta a integra\u00e7\u00e3o&#8221;, esclareceu. &#8220;A gente est\u00e1 fazendo uma amplia\u00e7\u00e3o&nbsp;do&nbsp;SNE.&#8221;<br><br><strong>Tema estrat\u00e9gico<\/strong><br>Cat\u00e3o afirma que a&nbsp;regulamenta\u00e7\u00e3o&nbsp;do&nbsp;free&nbsp;flow&nbsp;\u00e9 um tema estrat\u00e9gico para o Minist\u00e9rio dos Transportes e est\u00e1 sendo trabalhada pela pasta em duas frentes \u2013&nbsp;Senatran&nbsp;e Secretaria Nacional de Transporte Rodovi\u00e1rio.<br><br>Enquanto a secretaria de transporte rodovi\u00e1rio vai se encarregar da&nbsp;regulamenta\u00e7\u00e3o&nbsp;no sentido da modelagem de concess\u00e3o, a&nbsp;Senatran&nbsp;ter\u00e1, por sua vez, o desafio de fazer uma resolu\u00e7\u00e3o para o&nbsp;free&nbsp;flow&nbsp;em \u00e2mbito nacional. &#8220;A nossa resolu\u00e7\u00e3o atual foi feita no final&nbsp;do&nbsp;ano passado, em uma correria, e est\u00e1 cheia de problemas. N\u00e3o estou fazendo uma cr\u00edtica. \u00c9 uma curva de aprendizado e tem muita coisa para rever&#8221;, disse.<br><br>Para Cat\u00e3o, a resolu\u00e7\u00e3o atual apresenta dificuldades tanto&nbsp;na&nbsp;notifica\u00e7\u00e3o&nbsp;do&nbsp;cidad\u00e3o como&nbsp;na&nbsp;identifica\u00e7\u00e3o&nbsp;do&nbsp;trecho em&nbsp;free&nbsp;flow, visto que a resolu\u00e7\u00e3o atual n\u00e3o prev\u00ea um pictograma \u00fanico. &#8220;Ele [o usu\u00e1rio] tem que saber: aqui come\u00e7a o&nbsp;free&nbsp;flow. E n\u00e3o tem. A gente vai ter que criar agora,&#8221; esclarece.<br><br><strong>Coleta de demandas<\/strong><br>O&nbsp;secret\u00e1rio&nbsp;contou que a&nbsp;Senatran&nbsp;tem ouvido, neste processo de revis\u00e3o da resolu\u00e7\u00e3o, as demandas das concession\u00e1rias, da ANTT, de ag\u00eancias reguladoras estaduais que iniciaram ou t\u00eam interesse em implementar o&nbsp;free&nbsp;flow, al\u00e9m de empresas de meios de pagamentos e de fabricantes de placas.<br><br>&#8220;A gente ouviu todo o setor para aprimorar o modelo e permitir que ele, de fato, torne-se escal\u00e1vel, para que, assim, as entidades que lidam com o assunto modelem suas concess\u00f5es da melhor maneira poss\u00edvel&#8221;, frisou.<\/p>\n","protected":false},"excerpt":{"rendered":"<p>Sheyla Santos e Dimmi Amora, da Ag\u00eancia iNFRA Uma nova resolu\u00e7\u00e3o sobre a&nbsp;regulamenta\u00e7\u00e3o&nbsp;do&nbsp;free&nbsp;flow&nbsp;(cobran\u00e7a autom\u00e1tica&nbsp;do&nbsp;ped\u00e1gio) aumentar\u00e1 o prazo de pagamento da tarifa de 15 para 30 dias.&nbsp;Esse \u00e9 um dos pontos&nbsp;do&nbsp;texto&nbsp;que tamb\u00e9m trar\u00e1 solu\u00e7\u00f5es digitais que aprimorem a cobran\u00e7a. A informa\u00e7\u00e3o foi dada pelo&nbsp;secret\u00e1rio&nbsp;nacional de Tr\u00e2nsito, Adrualdo Cat\u00e3o, em entrevista \u00e0&nbsp;Ag\u00eancia iNFRA. A resolu\u00e7\u00e3o atual prev\u00ea [&hellip;]<\/p>\n","protected":false},"author":1,"featured_media":15599,"comment_status":"closed","ping_status":"closed","sticky":false,"template":"","format":"standard","meta":{"_monsterinsights_skip_tracking":false,"_monsterinsights_sitenote_active":false,"_monsterinsights_sitenote_note":"","_monsterinsights_sitenote_category":0,"footnotes":""},"categories":[7250,1,7],"tags":[7417,935,19,6602,5924,1299,1106,9255,9254,9256,7416,5733,8838,9257,9258,9259,1518],"class_list":["post-16481","post","type-post","status-publish","format-standard","has-post-thumbnail","hentry","category-destaque-lista","category-geral","category-infratransporte","tag-adrualdo-catao","tag-agencia-nacional-de-transportes-terrestres","tag-antt","tag-ccr-rio-sp","tag-cobranca-automatica","tag-dimmi-amora","tag-free-flow","tag-multas-de-transito","tag-regulamentacao-de-pedagio","tag-resolucao-governamental","tag-secretaria-nacional-de-transito","tag-senatran","tag-sheyla-santos","tag-sistema-de-notificacao-eletronica","tag-sne","tag-tarifa-de-pedagio","tag-transportes-terrestres"],"yoast_head":"<!-- This site is optimized with the Yoast SEO Premium plugin v25.4 (Yoast SEO v26.0) - https:\/\/yoast.com\/wordpress\/plugins\/seo\/ -->\n<title>Senatran prepara mudan\u00e7a na regulamenta\u00e7\u00e3o do free flow, diz secret\u00e1rio - Ag\u00eancia iNFRA<\/title>\n<meta name=\"robots\" content=\"index, follow, max-snippet:-1, max-image-preview:large, max-video-preview:-1\" \/>\n<link rel=\"canonical\" href=\"https:\/\/agenciainfra.com\/blog\/senatran-prepara-mudanca-na-regulamentacao-do-free-flow-diz-secretario\/\" \/>\n<meta property=\"og:locale\" content=\"pt_BR\" \/>\n<meta property=\"og:type\" content=\"article\" \/>\n<meta property=\"og:title\" content=\"Senatran prepara mudan\u00e7a na regulamenta\u00e7\u00e3o do free flow, diz secret\u00e1rio\" \/>\n<meta property=\"og:description\" content=\"Sheyla Santos e Dimmi Amora, da Ag\u00eancia iNFRA Uma nova resolu\u00e7\u00e3o sobre a&nbsp;regulamenta\u00e7\u00e3o&nbsp;do&nbsp;free&nbsp;flow&nbsp;(cobran\u00e7a autom\u00e1tica&nbsp;do&nbsp;ped\u00e1gio) aumentar\u00e1 o prazo de pagamento da tarifa de 15 para 30 dias.&nbsp;Esse \u00e9 um dos pontos&nbsp;do&nbsp;texto&nbsp;que tamb\u00e9m trar\u00e1 solu\u00e7\u00f5es digitais que aprimorem a cobran\u00e7a. A informa\u00e7\u00e3o foi dada pelo&nbsp;secret\u00e1rio&nbsp;nacional de Tr\u00e2nsito, Adrualdo Cat\u00e3o, em entrevista \u00e0&nbsp;Ag\u00eancia iNFRA. A resolu\u00e7\u00e3o atual prev\u00ea [&hellip;]\" \/>\n<meta property=\"og:url\" content=\"https:\/\/agenciainfra.com\/blog\/senatran-prepara-mudanca-na-regulamentacao-do-free-flow-diz-secretario\/\" \/>\n<meta property=\"og:site_name\" content=\"Ag\u00eancia iNFRA\" \/>\n<meta property=\"article:publisher\" content=\"https:\/\/www.facebook.com\/ageninfra\" \/>\n<meta property=\"article:published_time\" content=\"2024-05-04T12:00:00+00:00\" \/>\n<meta property=\"article:modified_time\" content=\"2026-03-13T12:41:10+00:00\" \/>\n<meta property=\"og:image\" content=\"https:\/\/agenciainfra.com\/blog\/wp-content\/uploads\/2024\/02\/adrualdo-catao-foto-camara-dos-deputados-vinicius-loures.jpg\" \/>\n\t<meta property=\"og:image:width\" content=\"1202\" \/>\n\t<meta property=\"og:image:height\" content=\"741\" \/>\n\t<meta property=\"og:image:type\" content=\"image\/jpeg\" \/>\n<meta name=\"author\" content=\"Ag\u00eancia iNFRA\" \/>\n<meta name=\"twitter:card\" content=\"summary_large_image\" \/>\n<meta name=\"twitter:creator\" content=\"@agencia_infra\" \/>\n<meta name=\"twitter:site\" content=\"@agencia_infra\" \/>\n<meta name=\"twitter:label1\" content=\"Escrito por\" \/>\n\t<meta name=\"twitter:data1\" content=\"Ag\u00eancia iNFRA\" \/>\n\t<meta name=\"twitter:label2\" content=\"Est. tempo de leitura\" \/>\n\t<meta name=\"twitter:data2\" content=\"5 minutos\" \/>\n<script type=\"application\/ld+json\" class=\"yoast-schema-graph\">{\"@context\":\"https:\/\/schema.org\",\"@graph\":[{\"@type\":\"Article\",\"@id\":\"https:\/\/agenciainfra.com\/blog\/senatran-prepara-mudanca-na-regulamentacao-do-free-flow-diz-secretario\/#article\",\"isPartOf\":{\"@id\":\"https:\/\/agenciainfra.com\/blog\/senatran-prepara-mudanca-na-regulamentacao-do-free-flow-diz-secretario\/\"},\"author\":{\"name\":\"Ag\u00eancia iNFRA\",\"@id\":\"https:\/\/agenciainfra.com\/blog\/#\/schema\/person\/34af08dff6adea4cb22b06612ba7acfa\"},\"headline\":\"Senatran prepara mudan\u00e7a na regulamenta\u00e7\u00e3o do free flow, diz secret\u00e1rio\",\"datePublished\":\"2024-05-04T12:00:00+00:00\",\"dateModified\":\"2026-03-13T12:41:10+00:00\",\"mainEntityOfPage\":{\"@id\":\"https:\/\/agenciainfra.com\/blog\/senatran-prepara-mudanca-na-regulamentacao-do-free-flow-diz-secretario\/\"},\"wordCount\":1032,\"publisher\":{\"@id\":\"https:\/\/agenciainfra.com\/blog\/#organization\"},\"image\":{\"@id\":\"https:\/\/agenciainfra.com\/blog\/senatran-prepara-mudanca-na-regulamentacao-do-free-flow-diz-secretario\/#primaryimage\"},\"thumbnailUrl\":\"https:\/\/agenciainfra.com\/blog\/wp-content\/uploads\/2024\/02\/adrualdo-catao-foto-camara-dos-deputados-vinicius-loures.jpg\",\"keywords\":[\"Adrualdo Cat\u00e3o\",\"Ag\u00eancia Nacional de Transportes Terrestres\",\"ANTT\",\"CCR Rio-SP\",\"cobran\u00e7a autom\u00e1tica\",\"Dimmi Amora\",\"free flow\",\"Multas de Tr\u00e2nsito\",\"Regulamenta\u00e7\u00e3o de Ped\u00e1gio\",\"Resolu\u00e7\u00e3o Governamental\",\"Secretaria Nacional de Tr\u00e2nsito\",\"Senatran\",\"Sheyla Santos\",\"Sistema de Notifica\u00e7\u00e3o Eletr\u00f4nica\",\"SNE\",\"Tarifa de Ped\u00e1gio\",\"transportes terrestres\"],\"articleSection\":[\"Destaque lista\",\"Geral\",\"iNFRATransporte\"],\"inLanguage\":\"pt-BR\",\"copyrightYear\":\"2024\",\"copyrightHolder\":{\"@id\":\"https:\/\/agenciainfra.com\/blog\/#organization\"}},{\"@type\":\"WebPage\",\"@id\":\"https:\/\/agenciainfra.com\/blog\/senatran-prepara-mudanca-na-regulamentacao-do-free-flow-diz-secretario\/\",\"url\":\"https:\/\/agenciainfra.com\/blog\/senatran-prepara-mudanca-na-regulamentacao-do-free-flow-diz-secretario\/\",\"name\":\"Senatran prepara mudan\u00e7a na regulamenta\u00e7\u00e3o do free flow, diz secret\u00e1rio - Ag\u00eancia iNFRA\",\"isPartOf\":{\"@id\":\"https:\/\/agenciainfra.com\/blog\/#website\"},\"primaryImageOfPage\":{\"@id\":\"https:\/\/agenciainfra.com\/blog\/senatran-prepara-mudanca-na-regulamentacao-do-free-flow-diz-secretario\/#primaryimage\"},\"image\":{\"@id\":\"https:\/\/agenciainfra.com\/blog\/senatran-prepara-mudanca-na-regulamentacao-do-free-flow-diz-secretario\/#primaryimage\"},\"thumbnailUrl\":\"https:\/\/agenciainfra.com\/blog\/wp-content\/uploads\/2024\/02\/adrualdo-catao-foto-camara-dos-deputados-vinicius-loures.jpg\",\"datePublished\":\"2024-05-04T12:00:00+00:00\",\"dateModified\":\"2026-03-13T12:41:10+00:00\",\"breadcrumb\":{\"@id\":\"https:\/\/agenciainfra.com\/blog\/senatran-prepara-mudanca-na-regulamentacao-do-free-flow-diz-secretario\/#breadcrumb\"},\"inLanguage\":\"pt-BR\",\"potentialAction\":[{\"@type\":\"ReadAction\",\"target\":[\"https:\/\/agenciainfra.com\/blog\/senatran-prepara-mudanca-na-regulamentacao-do-free-flow-diz-secretario\/\"]}]},{\"@type\":\"ImageObject\",\"inLanguage\":\"pt-BR\",\"@id\":\"https:\/\/agenciainfra.com\/blog\/senatran-prepara-mudanca-na-regulamentacao-do-free-flow-diz-secretario\/#primaryimage\",\"url\":\"https:\/\/agenciainfra.com\/blog\/wp-content\/uploads\/2024\/02\/adrualdo-catao-foto-camara-dos-deputados-vinicius-loures.jpg\",\"contentUrl\":\"https:\/\/agenciainfra.com\/blog\/wp-content\/uploads\/2024\/02\/adrualdo-catao-foto-camara-dos-deputados-vinicius-loures.jpg\",\"width\":1202,\"height\":741},{\"@type\":\"BreadcrumbList\",\"@id\":\"https:\/\/agenciainfra.com\/blog\/senatran-prepara-mudanca-na-regulamentacao-do-free-flow-diz-secretario\/#breadcrumb\",\"itemListElement\":[{\"@type\":\"ListItem\",\"position\":1,\"name\":\"In\u00edcio\",\"item\":\"https:\/\/agenciainfra.com\/blog\/\"},{\"@type\":\"ListItem\",\"position\":2,\"name\":\"Senatran prepara mudan\u00e7a na regulamenta\u00e7\u00e3o do free flow, diz secret\u00e1rio\"}]},{\"@type\":\"WebSite\",\"@id\":\"https:\/\/agenciainfra.com\/blog\/#website\",\"url\":\"https:\/\/agenciainfra.com\/blog\/\",\"name\":\"Ag\u00eancia iNFRA\",\"description\":\"Multiplataforma de informa\u00e7\u00e3o jornal\u00edstica refer\u00eancia na \u00e1rea de infraestrutura no Brasil!\",\"publisher\":{\"@id\":\"https:\/\/agenciainfra.com\/blog\/#organization\"},\"potentialAction\":[{\"@type\":\"SearchAction\",\"target\":{\"@type\":\"EntryPoint\",\"urlTemplate\":\"https:\/\/agenciainfra.com\/blog\/?s={search_term_string}\"},\"query-input\":{\"@type\":\"PropertyValueSpecification\",\"valueRequired\":true,\"valueName\":\"search_term_string\"}}],\"inLanguage\":\"pt-BR\"},{\"@type\":\"Organization\",\"@id\":\"https:\/\/agenciainfra.com\/blog\/#organization\",\"name\":\"Ag\u00eancia iNFRA\",\"url\":\"https:\/\/agenciainfra.com\/blog\/\",\"logo\":{\"@type\":\"ImageObject\",\"inLanguage\":\"pt-BR\",\"@id\":\"https:\/\/agenciainfra.com\/blog\/#\/schema\/logo\/image\/\",\"url\":\"https:\/\/agenciainfra.com\/blog\/wp-content\/uploads\/2023\/09\/iNFRA_5-e1761735885940.png\",\"contentUrl\":\"https:\/\/agenciainfra.com\/blog\/wp-content\/uploads\/2023\/09\/iNFRA_5-e1761735885940.png\",\"width\":1672,\"height\":454,\"caption\":\"Ag\u00eancia iNFRA\"},\"image\":{\"@id\":\"https:\/\/agenciainfra.com\/blog\/#\/schema\/logo\/image\/\"},\"sameAs\":[\"https:\/\/www.facebook.com\/ageninfra\",\"https:\/\/x.com\/agencia_infra\",\"https:\/\/www.linkedin.com\/company\/ag\u00eanciainfra\/\",\"https:\/\/www.instagram.com\/agenciainfra\/\"]},{\"@type\":\"Person\",\"@id\":\"https:\/\/agenciainfra.com\/blog\/#\/schema\/person\/34af08dff6adea4cb22b06612ba7acfa\",\"name\":\"Ag\u00eancia iNFRA\",\"image\":{\"@type\":\"ImageObject\",\"inLanguage\":\"pt-BR\",\"@id\":\"https:\/\/agenciainfra.com\/blog\/#\/schema\/person\/image\/\",\"url\":\"https:\/\/secure.gravatar.com\/avatar\/d189e01678f06d8eb84d4e01f08eb848b3fffe3f8443818d3c356c66892f5be8?s=96&d=mm&r=g\",\"contentUrl\":\"https:\/\/secure.gravatar.com\/avatar\/d189e01678f06d8eb84d4e01f08eb848b3fffe3f8443818d3c356c66892f5be8?s=96&d=mm&r=g\",\"caption\":\"Ag\u00eancia iNFRA\"},\"url\":\"https:\/\/agenciainfra.com\/blog\/author\/admin\/\"}]}<\/script>\n<!-- \/ Yoast SEO Premium plugin. -->","yoast_head_json":{"title":"Senatran prepara mudan\u00e7a na regulamenta\u00e7\u00e3o do free flow, diz secret\u00e1rio - Ag\u00eancia iNFRA","robots":{"index":"index","follow":"follow","max-snippet":"max-snippet:-1","max-image-preview":"max-image-preview:large","max-video-preview":"max-video-preview:-1"},"canonical":"https:\/\/agenciainfra.com\/blog\/senatran-prepara-mudanca-na-regulamentacao-do-free-flow-diz-secretario\/","og_locale":"pt_BR","og_type":"article","og_title":"Senatran prepara mudan\u00e7a na regulamenta\u00e7\u00e3o do free flow, diz secret\u00e1rio","og_description":"Sheyla Santos e Dimmi Amora, da Ag\u00eancia iNFRA Uma nova resolu\u00e7\u00e3o sobre a&nbsp;regulamenta\u00e7\u00e3o&nbsp;do&nbsp;free&nbsp;flow&nbsp;(cobran\u00e7a autom\u00e1tica&nbsp;do&nbsp;ped\u00e1gio) aumentar\u00e1 o prazo de pagamento da tarifa de 15 para 30 dias.&nbsp;Esse \u00e9 um dos pontos&nbsp;do&nbsp;texto&nbsp;que tamb\u00e9m trar\u00e1 solu\u00e7\u00f5es digitais que aprimorem a cobran\u00e7a. A informa\u00e7\u00e3o foi dada pelo&nbsp;secret\u00e1rio&nbsp;nacional de Tr\u00e2nsito, Adrualdo Cat\u00e3o, em entrevista \u00e0&nbsp;Ag\u00eancia iNFRA. A resolu\u00e7\u00e3o atual prev\u00ea [&hellip;]","og_url":"https:\/\/agenciainfra.com\/blog\/senatran-prepara-mudanca-na-regulamentacao-do-free-flow-diz-secretario\/","og_site_name":"Ag\u00eancia iNFRA","article_publisher":"https:\/\/www.facebook.com\/ageninfra","article_published_time":"2024-05-04T12:00:00+00:00","article_modified_time":"2026-03-13T12:41:10+00:00","og_image":[{"width":1202,"height":741,"url":"https:\/\/agenciainfra.com\/blog\/wp-content\/uploads\/2024\/02\/adrualdo-catao-foto-camara-dos-deputados-vinicius-loures.jpg","type":"image\/jpeg"}],"author":"Ag\u00eancia iNFRA","twitter_card":"summary_large_image","twitter_creator":"@agencia_infra","twitter_site":"@agencia_infra","twitter_misc":{"Escrito por":"Ag\u00eancia iNFRA","Est. tempo de leitura":"5 minutos"},"schema":{"@context":"https:\/\/schema.org","@graph":[{"@type":"Article","@id":"https:\/\/agenciainfra.com\/blog\/senatran-prepara-mudanca-na-regulamentacao-do-free-flow-diz-secretario\/#article","isPartOf":{"@id":"https:\/\/agenciainfra.com\/blog\/senatran-prepara-mudanca-na-regulamentacao-do-free-flow-diz-secretario\/"},"author":{"name":"Ag\u00eancia iNFRA","@id":"https:\/\/agenciainfra.com\/blog\/#\/schema\/person\/34af08dff6adea4cb22b06612ba7acfa"},"headline":"Senatran prepara mudan\u00e7a na regulamenta\u00e7\u00e3o do free flow, diz secret\u00e1rio","datePublished":"2024-05-04T12:00:00+00:00","dateModified":"2026-03-13T12:41:10+00:00","mainEntityOfPage":{"@id":"https:\/\/agenciainfra.com\/blog\/senatran-prepara-mudanca-na-regulamentacao-do-free-flow-diz-secretario\/"},"wordCount":1032,"publisher":{"@id":"https:\/\/agenciainfra.com\/blog\/#organization"},"image":{"@id":"https:\/\/agenciainfra.com\/blog\/senatran-prepara-mudanca-na-regulamentacao-do-free-flow-diz-secretario\/#primaryimage"},"thumbnailUrl":"https:\/\/agenciainfra.com\/blog\/wp-content\/uploads\/2024\/02\/adrualdo-catao-foto-camara-dos-deputados-vinicius-loures.jpg","keywords":["Adrualdo Cat\u00e3o","Ag\u00eancia Nacional de Transportes Terrestres","ANTT","CCR Rio-SP","cobran\u00e7a autom\u00e1tica","Dimmi Amora","free flow","Multas de Tr\u00e2nsito","Regulamenta\u00e7\u00e3o de Ped\u00e1gio","Resolu\u00e7\u00e3o Governamental","Secretaria Nacional de Tr\u00e2nsito","Senatran","Sheyla Santos","Sistema de Notifica\u00e7\u00e3o Eletr\u00f4nica","SNE","Tarifa de Ped\u00e1gio","transportes terrestres"],"articleSection":["Destaque lista","Geral","iNFRATransporte"],"inLanguage":"pt-BR","copyrightYear":"2024","copyrightHolder":{"@id":"https:\/\/agenciainfra.com\/blog\/#organization"}},{"@type":"WebPage","@id":"https:\/\/agenciainfra.com\/blog\/senatran-prepara-mudanca-na-regulamentacao-do-free-flow-diz-secretario\/","url":"https:\/\/agenciainfra.com\/blog\/senatran-prepara-mudanca-na-regulamentacao-do-free-flow-diz-secretario\/","name":"Senatran prepara mudan\u00e7a na regulamenta\u00e7\u00e3o do free flow, diz secret\u00e1rio - Ag\u00eancia iNFRA","isPartOf":{"@id":"https:\/\/agenciainfra.com\/blog\/#website"},"primaryImageOfPage":{"@id":"https:\/\/agenciainfra.com\/blog\/senatran-prepara-mudanca-na-regulamentacao-do-free-flow-diz-secretario\/#primaryimage"},"image":{"@id":"https:\/\/agenciainfra.com\/blog\/senatran-prepara-mudanca-na-regulamentacao-do-free-flow-diz-secretario\/#primaryimage"},"thumbnailUrl":"https:\/\/agenciainfra.com\/blog\/wp-content\/uploads\/2024\/02\/adrualdo-catao-foto-camara-dos-deputados-vinicius-loures.jpg","datePublished":"2024-05-04T12:00:00+00:00","dateModified":"2026-03-13T12:41:10+00:00","breadcrumb":{"@id":"https:\/\/agenciainfra.com\/blog\/senatran-prepara-mudanca-na-regulamentacao-do-free-flow-diz-secretario\/#breadcrumb"},"inLanguage":"pt-BR","potentialAction":[{"@type":"ReadAction","target":["https:\/\/agenciainfra.com\/blog\/senatran-prepara-mudanca-na-regulamentacao-do-free-flow-diz-secretario\/"]}]},{"@type":"ImageObject","inLanguage":"pt-BR","@id":"https:\/\/agenciainfra.com\/blog\/senatran-prepara-mudanca-na-regulamentacao-do-free-flow-diz-secretario\/#primaryimage","url":"https:\/\/agenciainfra.com\/blog\/wp-content\/uploads\/2024\/02\/adrualdo-catao-foto-camara-dos-deputados-vinicius-loures.jpg","contentUrl":"https:\/\/agenciainfra.com\/blog\/wp-content\/uploads\/2024\/02\/adrualdo-catao-foto-camara-dos-deputados-vinicius-loures.jpg","width":1202,"height":741},{"@type":"BreadcrumbList","@id":"https:\/\/agenciainfra.com\/blog\/senatran-prepara-mudanca-na-regulamentacao-do-free-flow-diz-secretario\/#breadcrumb","itemListElement":[{"@type":"ListItem","position":1,"name":"In\u00edcio","item":"https:\/\/agenciainfra.com\/blog\/"},{"@type":"ListItem","position":2,"name":"Senatran prepara mudan\u00e7a na regulamenta\u00e7\u00e3o do free flow, diz secret\u00e1rio"}]},{"@type":"WebSite","@id":"https:\/\/agenciainfra.com\/blog\/#website","url":"https:\/\/agenciainfra.com\/blog\/","name":"Ag\u00eancia iNFRA","description":"Multiplataforma de informa\u00e7\u00e3o jornal\u00edstica refer\u00eancia na \u00e1rea de infraestrutura no Brasil!","publisher":{"@id":"https:\/\/agenciainfra.com\/blog\/#organization"},"potentialAction":[{"@type":"SearchAction","target":{"@type":"EntryPoint","urlTemplate":"https:\/\/agenciainfra.com\/blog\/?s={search_term_string}"},"query-input":{"@type":"PropertyValueSpecification","valueRequired":true,"valueName":"search_term_string"}}],"inLanguage":"pt-BR"},{"@type":"Organization","@id":"https:\/\/agenciainfra.com\/blog\/#organization","name":"Ag\u00eancia iNFRA","url":"https:\/\/agenciainfra.com\/blog\/","logo":{"@type":"ImageObject","inLanguage":"pt-BR","@id":"https:\/\/agenciainfra.com\/blog\/#\/schema\/logo\/image\/","url":"https:\/\/agenciainfra.com\/blog\/wp-content\/uploads\/2023\/09\/iNFRA_5-e1761735885940.png","contentUrl":"https:\/\/agenciainfra.com\/blog\/wp-content\/uploads\/2023\/09\/iNFRA_5-e1761735885940.png","width":1672,"height":454,"caption":"Ag\u00eancia iNFRA"},"image":{"@id":"https:\/\/agenciainfra.com\/blog\/#\/schema\/logo\/image\/"},"sameAs":["https:\/\/www.facebook.com\/ageninfra","https:\/\/x.com\/agencia_infra","https:\/\/www.linkedin.com\/company\/ag\u00eanciainfra\/","https:\/\/www.instagram.com\/agenciainfra\/"]},{"@type":"Person","@id":"https:\/\/agenciainfra.com\/blog\/#\/schema\/person\/34af08dff6adea4cb22b06612ba7acfa","name":"Ag\u00eancia iNFRA","image":{"@type":"ImageObject","inLanguage":"pt-BR","@id":"https:\/\/agenciainfra.com\/blog\/#\/schema\/person\/image\/","url":"https:\/\/secure.gravatar.com\/avatar\/d189e01678f06d8eb84d4e01f08eb848b3fffe3f8443818d3c356c66892f5be8?s=96&d=mm&r=g","contentUrl":"https:\/\/secure.gravatar.com\/avatar\/d189e01678f06d8eb84d4e01f08eb848b3fffe3f8443818d3c356c66892f5be8?s=96&d=mm&r=g","caption":"Ag\u00eancia iNFRA"},"url":"https:\/\/agenciainfra.com\/blog\/author\/admin\/"}]}},"_links":{"self":[{"href":"https:\/\/agenciainfra.com\/blog\/wp-json\/wp\/v2\/posts\/16481","targetHints":{"allow":["GET"]}}],"collection":[{"href":"https:\/\/agenciainfra.com\/blog\/wp-json\/wp\/v2\/posts"}],"about":[{"href":"https:\/\/agenciainfra.com\/blog\/wp-json\/wp\/v2\/types\/post"}],"author":[{"embeddable":true,"href":"https:\/\/agenciainfra.com\/blog\/wp-json\/wp\/v2\/users\/1"}],"replies":[{"embeddable":true,"href":"https:\/\/agenciainfra.com\/blog\/wp-json\/wp\/v2\/comments?post=16481"}],"version-history":[{"count":1,"href":"https:\/\/agenciainfra.com\/blog\/wp-json\/wp\/v2\/posts\/16481\/revisions"}],"predecessor-version":[{"id":16482,"href":"https:\/\/agenciainfra.com\/blog\/wp-json\/wp\/v2\/posts\/16481\/revisions\/16482"}],"wp:featuredmedia":[{"embeddable":true,"href":"https:\/\/agenciainfra.com\/blog\/wp-json\/wp\/v2\/media\/15599"}],"wp:attachment":[{"href":"https:\/\/agenciainfra.com\/blog\/wp-json\/wp\/v2\/media?parent=16481"}],"wp:term":[{"taxonomy":"category","embeddable":true,"href":"https:\/\/agenciainfra.com\/blog\/wp-json\/wp\/v2\/categories?post=16481"},{"taxonomy":"post_tag","embeddable":true,"href":"https:\/\/agenciainfra.com\/blog\/wp-json\/wp\/v2\/tags?post=16481"}],"curies":[{"name":"wp","href":"https:\/\/api.w.org\/{rel}","templated":true}]}}