{"id":16528,"date":"2024-05-07T09:00:00","date_gmt":"2024-05-07T12:00:00","guid":{"rendered":"https:\/\/agenciainfra.com\/blog\/?p=16528"},"modified":"2026-03-13T09:41:08","modified_gmt":"2026-03-13T12:41:08","slug":"aporte-de-recursos-de-conta-da-privatizacao-da-eletrobras-viabiliza-tarifa-baixa-para-hidrovia-do-madeira-diz-estudo","status":"publish","type":"post","link":"https:\/\/agenciainfra.com\/blog\/aporte-de-recursos-de-conta-da-privatizacao-da-eletrobras-viabiliza-tarifa-baixa-para-hidrovia-do-madeira-diz-estudo\/","title":{"rendered":"Aporte de recursos de conta da privatiza\u00e7\u00e3o da Eletrobras viabiliza tarifa baixa para hidrovia do Madeira, diz estudo"},"content":{"rendered":"\n<p class=\"has-text-align-right\"><strong>Dimmi Amora,&nbsp;da&nbsp;Ag\u00eancia iNFRA<\/strong><\/p>\n\n\n\n<p>A primeira vers\u00e3o dos estudos\u00a0para\u00a0a concess\u00e3o\u00a0da\u00a0Hidrovia\u00a0do\u00a0Madeira, que liga Porto Velho (RO) ao Par\u00e1, indica que ser\u00e1 poss\u00edvel ter uma\u00a0tarifa\u00a0muito abaixo das expectativas\u00a0do\u00a0mercado e que n\u00e3o haver\u00e1 cobran\u00e7a de pequenas embarca\u00e7\u00f5es de transporte de carga local e de passageiros.<br><br>A informa\u00e7\u00e3o foi dada por uma fonte a par\u00a0do\u00a0trabalho \u00e0\u00a0<strong>Ag\u00eancia iNFRA<\/strong>, o que confirma dados que j\u00e1 vinham sendo divulgados por representantes\u00a0do\u00a0Minist\u00e9rio de Portos e Aeroportos e\u00a0da\u00a0ANTAQ (Ag\u00eancia Nacional de Transportes Aquavi\u00e1rios). Reportagem\u00a0<a href=\"https:\/\/agenciainfra.us14.list-manage.com\/track\/click?u=d460dd1bcf9ba0ae040e1fc0f&amp;id=5f704112b4&amp;e=f0fa444791\" target=\"_blank\" rel=\"noreferrer noopener\">neste link<\/a>.<br><br>Em comunicado divulgado na \u00faltima quinta-feira (2), a Infra S.A., estatal\u00a0do\u00a0Minist\u00e9rio dos Transportes respons\u00e1vel pelos estudos das concess\u00f5es hidrovi\u00e1rias, informou que os estudos de viabilidade foram entregues \u00e0 ANTAQ em 30 de abril.\u00a0<br><br>Ag\u00eancia e minist\u00e9rio agora far\u00e3o\u00a0avalia\u00e7\u00f5es finais em rela\u00e7\u00e3o a esse trabalho antes\u00a0da\u00a0abertura\u00a0do\u00a0per\u00edodo de consulta p\u00fablica, que est\u00e1 prometido\u00a0para\u00a0come\u00e7ar ainda neste semestre.<br><br>Na nota, a estatal informa que a estimativa \u00e9 que o futuro concession\u00e1rio invista R$ 109 milh\u00f5es em dragagem, sinaliza\u00e7\u00e3o e gest\u00e3o ambiental\u00a0do\u00a0trecho hidrovi\u00e1rio de cerca de mil quil\u00f4metros a partir de Porto Velho (RO), al\u00e9m de cuidar de seis terminais de passageiros no trecho.<br><br><strong>Conta\u00a0da\u00a0Eletrobras<\/strong><br>A proposta prev\u00ea que 80% dos\u00a0recursos\u00a0para\u00a0a remunera\u00e7\u00e3o\u00a0do\u00a0concession\u00e1rio saiam\u00a0da\u00a0Conta\u00a0de Desenvolvimento\u00a0da\u00a0Navegabilidade, um recurso\u00a0proveniente\u00a0da\u00a0privatiza\u00e7\u00e3o\u00a0da\u00a0Eletrobras, e o restante seja obtido\u00a0da\u00a0cobran\u00e7a de tarifas de embarca\u00e7\u00f5es de transporte de carga.<br><br>A ideia \u00e9 que o recurso saia diretamente\u00a0da\u00a0conta\u00a0da\u00a0Eletrobras\u00a0para\u00a0o concession\u00e1rio e possa ser usado indiscriminadamente pelo futuro administrador\u00a0da\u00a0hidrovia\u00a0para\u00a0investimentos ou custos operacionais, por ser um subs\u00eddio direto\u00a0para\u00a0a\u00a0tarifa, informou uma fonte a par das negocia\u00e7\u00f5es.<br><br>A estatal explica que &#8220;o fundo possui a finalidade exclusiva\u00a0para\u00a0o desenvolvimento\u00a0da\u00a0navegabilidade\u00a0do\u00a0Rio\u00a0Madeira\u00a0e\u00a0do\u00a0Rio Tocantins. A proposta\u00a0da\u00a0estatal \u00e9 de\u00a0que, ap\u00f3s a autoriza\u00e7\u00e3o\u00a0da\u00a0ANTAQ, o valor seja repassado ao concession\u00e1rio pela Eletrobr\u00e1s&#8221;.<br><br>O\u00a0estudo\u00a0j\u00e1 exclui de pagamento de\u00a0tarifa\u00a0a embarca\u00e7\u00f5es de passageiros, de pesca, recreativas e outras de pequeno porte. Embarca\u00e7\u00f5es\u00a0para\u00a0transporte de gr\u00e3os, combust\u00edveis e fertilizantes, transporte de caminh\u00f5es de cargas (RoRo caboclo) e de cont\u00eaineres ser\u00e3o tarifadas.\u00a0Ainda assim, o modelo se mostrou vi\u00e1vel.<br><br><strong>&#8220;Morador n\u00e3o arca com custos&#8221;<\/strong><br>O diretor-presidente\u00a0da\u00a0Infra S.A., Jorge Bastos, explicou que o trecho\u00a0da\u00a0hidrovia\u00a0passa por 11 munic\u00edpios e que \u00e9 pelo rio que acontece grande parte\u00a0do\u00a0transporte de abastecimento nessa regi\u00e3o. Por isso, o projeto foi modelado\u00a0para\u00a0que o morador &#8220;n\u00e3o tenha que arcar com nenhum custo&#8221;.<br><br>Antes de iniciar a modelagem das concess\u00f5es, houve os chamados market sounds com empresas que j\u00e1 se utilizam das hidrovias brasileiras. Elas apresentaram estimativas de at\u00e9 quanto seria vi\u00e1vel pagar de\u00a0tarifa\u00a0para\u00a0ter um caminho com profundidade est\u00e1vel, sinaliza\u00e7\u00e3o e outros benef\u00edcios.<br><br>A dificuldade \u00e9 que atualmente ningu\u00e9m paga\u00a0para\u00a0usar os rios. Mas, sem investimentos, as empresas podem navegar por menos tempo e com menos carga na maior parte\u00a0do\u00a0ano\u00a0do\u00a0que num rio que estivesse em condi\u00e7\u00f5es adequadas de forma perene.<br><br>Segundo uma fonte, o\u00a0estudo\u00a0de viabilidade\u00a0da\u00a0Infra S.A. j\u00e1 aponta\u00a0para\u00a0um valor &#8220;muito menor&#8221; que essa estimativa\u00a0do\u00a0mercado. E ainda pode ser poss\u00edvel, com avan\u00e7o das an\u00e1lises no minist\u00e9rio e na ag\u00eancia, buscar mais ganhos, seja nas tarifas ou nos investimentos\u00a0para\u00a0aumentar a produtividade.<br><br><strong>R$ 4 bilh\u00f5es em investimentos<\/strong><br>A concess\u00e3o\u00a0da\u00a0Hidrovia\u00a0do\u00a0Madeira\u00a0\u00e9 a mais adiantada das seis que o governo anunciou que pretende implementar. A Infra S.A. tamb\u00e9m realiza estudos sobre a\u00a0Hidrovia\u00a0da\u00a0Lagoa Mirim (RS),\u00a0Hidrovia\u00a0da\u00a0Barra Norte (PA),\u00a0Hidrovia\u00a0do\u00a0Rio Tocantins (TO e PA) e\u00a0Hidrovia\u00a0do\u00a0Rio Paraguai (MS e MT).\u00a0<br><br>A\u00a0Hidrovia\u00a0do\u00a0Tapaj\u00f3s (PA) tamb\u00e9m est\u00e1 na lista\u00a0para\u00a0a concess\u00e3o. A estimativa\u00a0do\u00a0Minist\u00e9rio de Portos e Aeroportos \u00e9 de que os projetos resultem em mais de R$ 4 bilh\u00f5es em investimentos privados. (Colaborou: Sheyla Santos)<\/p>\n","protected":false},"excerpt":{"rendered":"<p>Dimmi Amora,&nbsp;da&nbsp;Ag\u00eancia iNFRA A primeira vers\u00e3o dos estudos\u00a0para\u00a0a concess\u00e3o\u00a0da\u00a0Hidrovia\u00a0do\u00a0Madeira, que liga Porto Velho (RO) ao Par\u00e1, indica que ser\u00e1 poss\u00edvel ter uma\u00a0tarifa\u00a0muito abaixo das expectativas\u00a0do\u00a0mercado e que n\u00e3o haver\u00e1 cobran\u00e7a de pequenas embarca\u00e7\u00f5es de transporte de carga local e de passageiros. A informa\u00e7\u00e3o foi dada por uma fonte a par\u00a0do\u00a0trabalho \u00e0\u00a0Ag\u00eancia iNFRA, o que confirma [&hellip;]<\/p>\n","protected":false},"author":1,"featured_media":16529,"comment_status":"closed","ping_status":"closed","sticky":false,"template":"","format":"standard","meta":{"_monsterinsights_skip_tracking":false,"_monsterinsights_sitenote_active":false,"_monsterinsights_sitenote_note":"","_monsterinsights_sitenote_category":0,"footnotes":""},"categories":[7250,1,7],"tags":[86,9273,9271,1299,50,5140,5430,2344,9274,791,6257,16,9272,8838,9275],"class_list":["post-16528","post","type-post","status-publish","format-standard","has-post-thumbnail","hentry","category-destaque-lista","category-geral","category-infratransporte","tag-antaq","tag-concessao-da-hidrovia-do-madeira","tag-conta-de-desenvolvimento-da-navegabilidade","tag-dimmi-amora","tag-eletrobras","tag-estudos-de-viabilidade","tag-hidrovia-do-tapajos","tag-infra-s-a","tag-investimentos-em-hidrovias","tag-jorge-bastos","tag-ministerio-de-portos-e-aeroportos","tag-ministerio-dos-transportes","tag-modelagem-de-concessoes","tag-sheyla-santos","tag-tarifas-de-embarcacoes"],"yoast_head":"<!-- This site is optimized with the Yoast SEO Premium plugin v25.4 (Yoast SEO v26.0) - https:\/\/yoast.com\/wordpress\/plugins\/seo\/ -->\n<title>Aporte de recursos de conta da privatiza\u00e7\u00e3o da Eletrobras viabiliza tarifa baixa para hidrovia do Madeira, diz estudo - Ag\u00eancia iNFRA<\/title>\n<meta name=\"robots\" content=\"index, follow, max-snippet:-1, max-image-preview:large, max-video-preview:-1\" \/>\n<link rel=\"canonical\" href=\"https:\/\/agenciainfra.com\/blog\/aporte-de-recursos-de-conta-da-privatizacao-da-eletrobras-viabiliza-tarifa-baixa-para-hidrovia-do-madeira-diz-estudo\/\" \/>\n<meta property=\"og:locale\" content=\"pt_BR\" \/>\n<meta property=\"og:type\" content=\"article\" \/>\n<meta property=\"og:title\" content=\"Aporte de recursos de conta da privatiza\u00e7\u00e3o da Eletrobras viabiliza tarifa baixa para hidrovia do Madeira, diz estudo\" \/>\n<meta property=\"og:description\" content=\"Dimmi Amora,&nbsp;da&nbsp;Ag\u00eancia iNFRA A primeira vers\u00e3o dos estudos\u00a0para\u00a0a concess\u00e3o\u00a0da\u00a0Hidrovia\u00a0do\u00a0Madeira, que liga Porto Velho (RO) ao Par\u00e1, indica que ser\u00e1 poss\u00edvel ter uma\u00a0tarifa\u00a0muito abaixo das expectativas\u00a0do\u00a0mercado e que n\u00e3o haver\u00e1 cobran\u00e7a de pequenas embarca\u00e7\u00f5es de transporte de carga local e de passageiros. A informa\u00e7\u00e3o foi dada por uma fonte a par\u00a0do\u00a0trabalho \u00e0\u00a0Ag\u00eancia iNFRA, o que confirma [&hellip;]\" \/>\n<meta property=\"og:url\" content=\"https:\/\/agenciainfra.com\/blog\/aporte-de-recursos-de-conta-da-privatizacao-da-eletrobras-viabiliza-tarifa-baixa-para-hidrovia-do-madeira-diz-estudo\/\" \/>\n<meta property=\"og:site_name\" content=\"Ag\u00eancia iNFRA\" \/>\n<meta property=\"article:publisher\" content=\"https:\/\/www.facebook.com\/ageninfra\" \/>\n<meta property=\"article:published_time\" content=\"2024-05-07T12:00:00+00:00\" \/>\n<meta property=\"article:modified_time\" content=\"2026-03-13T12:41:08+00:00\" \/>\n<meta property=\"og:image\" content=\"https:\/\/agenciainfra.com\/blog\/wp-content\/uploads\/2024\/05\/hidrovia-rio-madeira-foto-governo-federal-e1764768271591.jpg\" \/>\n\t<meta property=\"og:image:width\" content=\"1200\" \/>\n\t<meta property=\"og:image:height\" content=\"730\" \/>\n\t<meta property=\"og:image:type\" content=\"image\/jpeg\" \/>\n<meta name=\"author\" content=\"Ag\u00eancia iNFRA\" \/>\n<meta name=\"twitter:card\" content=\"summary_large_image\" \/>\n<meta name=\"twitter:creator\" content=\"@agencia_infra\" \/>\n<meta name=\"twitter:site\" content=\"@agencia_infra\" \/>\n<meta name=\"twitter:label1\" content=\"Escrito por\" \/>\n\t<meta name=\"twitter:data1\" content=\"Ag\u00eancia iNFRA\" \/>\n\t<meta name=\"twitter:label2\" content=\"Est. tempo de leitura\" \/>\n\t<meta name=\"twitter:data2\" content=\"4 minutos\" \/>\n<script type=\"application\/ld+json\" class=\"yoast-schema-graph\">{\"@context\":\"https:\/\/schema.org\",\"@graph\":[{\"@type\":\"Article\",\"@id\":\"https:\/\/agenciainfra.com\/blog\/aporte-de-recursos-de-conta-da-privatizacao-da-eletrobras-viabiliza-tarifa-baixa-para-hidrovia-do-madeira-diz-estudo\/#article\",\"isPartOf\":{\"@id\":\"https:\/\/agenciainfra.com\/blog\/aporte-de-recursos-de-conta-da-privatizacao-da-eletrobras-viabiliza-tarifa-baixa-para-hidrovia-do-madeira-diz-estudo\/\"},\"author\":{\"name\":\"Ag\u00eancia iNFRA\",\"@id\":\"https:\/\/agenciainfra.com\/blog\/#\/schema\/person\/34af08dff6adea4cb22b06612ba7acfa\"},\"headline\":\"Aporte de recursos de conta da privatiza\u00e7\u00e3o da Eletrobras viabiliza tarifa baixa para hidrovia do Madeira, diz estudo\",\"datePublished\":\"2024-05-07T12:00:00+00:00\",\"dateModified\":\"2026-03-13T12:41:08+00:00\",\"mainEntityOfPage\":{\"@id\":\"https:\/\/agenciainfra.com\/blog\/aporte-de-recursos-de-conta-da-privatizacao-da-eletrobras-viabiliza-tarifa-baixa-para-hidrovia-do-madeira-diz-estudo\/\"},\"wordCount\":750,\"publisher\":{\"@id\":\"https:\/\/agenciainfra.com\/blog\/#organization\"},\"image\":{\"@id\":\"https:\/\/agenciainfra.com\/blog\/aporte-de-recursos-de-conta-da-privatizacao-da-eletrobras-viabiliza-tarifa-baixa-para-hidrovia-do-madeira-diz-estudo\/#primaryimage\"},\"thumbnailUrl\":\"https:\/\/agenciainfra.com\/blog\/wp-content\/uploads\/2024\/05\/hidrovia-rio-madeira-foto-governo-federal-e1764768271591.jpg\",\"keywords\":[\"ANTAQ\",\"Concess\u00e3o da Hidrovia do Madeira\",\"Conta de Desenvolvimento da Navegabilidade\",\"Dimmi Amora\",\"Eletrobras\",\"estudos de viabilidade\",\"Hidrovia do Tapaj\u00f3s\",\"Infra S.A.\",\"Investimentos em Hidrovias\",\"Jorge Bastos\",\"Minist\u00e9rio de Portos e Aeroportos\",\"minist\u00e9rio dos transportes\",\"Modelagem de Concess\u00f5es\",\"Sheyla Santos\",\"Tarifas de Embarca\u00e7\u00f5es\"],\"articleSection\":[\"Destaque lista\",\"Geral\",\"iNFRATransporte\"],\"inLanguage\":\"pt-BR\",\"copyrightYear\":\"2024\",\"copyrightHolder\":{\"@id\":\"https:\/\/agenciainfra.com\/blog\/#organization\"}},{\"@type\":\"WebPage\",\"@id\":\"https:\/\/agenciainfra.com\/blog\/aporte-de-recursos-de-conta-da-privatizacao-da-eletrobras-viabiliza-tarifa-baixa-para-hidrovia-do-madeira-diz-estudo\/\",\"url\":\"https:\/\/agenciainfra.com\/blog\/aporte-de-recursos-de-conta-da-privatizacao-da-eletrobras-viabiliza-tarifa-baixa-para-hidrovia-do-madeira-diz-estudo\/\",\"name\":\"Aporte de recursos de conta da privatiza\u00e7\u00e3o da Eletrobras viabiliza tarifa baixa para hidrovia do Madeira, diz estudo - Ag\u00eancia iNFRA\",\"isPartOf\":{\"@id\":\"https:\/\/agenciainfra.com\/blog\/#website\"},\"primaryImageOfPage\":{\"@id\":\"https:\/\/agenciainfra.com\/blog\/aporte-de-recursos-de-conta-da-privatizacao-da-eletrobras-viabiliza-tarifa-baixa-para-hidrovia-do-madeira-diz-estudo\/#primaryimage\"},\"image\":{\"@id\":\"https:\/\/agenciainfra.com\/blog\/aporte-de-recursos-de-conta-da-privatizacao-da-eletrobras-viabiliza-tarifa-baixa-para-hidrovia-do-madeira-diz-estudo\/#primaryimage\"},\"thumbnailUrl\":\"https:\/\/agenciainfra.com\/blog\/wp-content\/uploads\/2024\/05\/hidrovia-rio-madeira-foto-governo-federal-e1764768271591.jpg\",\"datePublished\":\"2024-05-07T12:00:00+00:00\",\"dateModified\":\"2026-03-13T12:41:08+00:00\",\"breadcrumb\":{\"@id\":\"https:\/\/agenciainfra.com\/blog\/aporte-de-recursos-de-conta-da-privatizacao-da-eletrobras-viabiliza-tarifa-baixa-para-hidrovia-do-madeira-diz-estudo\/#breadcrumb\"},\"inLanguage\":\"pt-BR\",\"potentialAction\":[{\"@type\":\"ReadAction\",\"target\":[\"https:\/\/agenciainfra.com\/blog\/aporte-de-recursos-de-conta-da-privatizacao-da-eletrobras-viabiliza-tarifa-baixa-para-hidrovia-do-madeira-diz-estudo\/\"]}]},{\"@type\":\"ImageObject\",\"inLanguage\":\"pt-BR\",\"@id\":\"https:\/\/agenciainfra.com\/blog\/aporte-de-recursos-de-conta-da-privatizacao-da-eletrobras-viabiliza-tarifa-baixa-para-hidrovia-do-madeira-diz-estudo\/#primaryimage\",\"url\":\"https:\/\/agenciainfra.com\/blog\/wp-content\/uploads\/2024\/05\/hidrovia-rio-madeira-foto-governo-federal-e1764768271591.jpg\",\"contentUrl\":\"https:\/\/agenciainfra.com\/blog\/wp-content\/uploads\/2024\/05\/hidrovia-rio-madeira-foto-governo-federal-e1764768271591.jpg\",\"width\":1200,\"height\":730,\"caption\":\"Foto: Governo Federal\"},{\"@type\":\"BreadcrumbList\",\"@id\":\"https:\/\/agenciainfra.com\/blog\/aporte-de-recursos-de-conta-da-privatizacao-da-eletrobras-viabiliza-tarifa-baixa-para-hidrovia-do-madeira-diz-estudo\/#breadcrumb\",\"itemListElement\":[{\"@type\":\"ListItem\",\"position\":1,\"name\":\"In\u00edcio\",\"item\":\"https:\/\/agenciainfra.com\/blog\/\"},{\"@type\":\"ListItem\",\"position\":2,\"name\":\"Aporte de recursos de conta da privatiza\u00e7\u00e3o da Eletrobras viabiliza tarifa baixa para hidrovia do Madeira, diz estudo\"}]},{\"@type\":\"WebSite\",\"@id\":\"https:\/\/agenciainfra.com\/blog\/#website\",\"url\":\"https:\/\/agenciainfra.com\/blog\/\",\"name\":\"Ag\u00eancia iNFRA\",\"description\":\"Multiplataforma de informa\u00e7\u00e3o jornal\u00edstica refer\u00eancia na \u00e1rea de infraestrutura no Brasil!\",\"publisher\":{\"@id\":\"https:\/\/agenciainfra.com\/blog\/#organization\"},\"potentialAction\":[{\"@type\":\"SearchAction\",\"target\":{\"@type\":\"EntryPoint\",\"urlTemplate\":\"https:\/\/agenciainfra.com\/blog\/?s={search_term_string}\"},\"query-input\":{\"@type\":\"PropertyValueSpecification\",\"valueRequired\":true,\"valueName\":\"search_term_string\"}}],\"inLanguage\":\"pt-BR\"},{\"@type\":\"Organization\",\"@id\":\"https:\/\/agenciainfra.com\/blog\/#organization\",\"name\":\"Ag\u00eancia iNFRA\",\"url\":\"https:\/\/agenciainfra.com\/blog\/\",\"logo\":{\"@type\":\"ImageObject\",\"inLanguage\":\"pt-BR\",\"@id\":\"https:\/\/agenciainfra.com\/blog\/#\/schema\/logo\/image\/\",\"url\":\"https:\/\/agenciainfra.com\/blog\/wp-content\/uploads\/2023\/09\/iNFRA_5-e1761735885940.png\",\"contentUrl\":\"https:\/\/agenciainfra.com\/blog\/wp-content\/uploads\/2023\/09\/iNFRA_5-e1761735885940.png\",\"width\":1672,\"height\":454,\"caption\":\"Ag\u00eancia iNFRA\"},\"image\":{\"@id\":\"https:\/\/agenciainfra.com\/blog\/#\/schema\/logo\/image\/\"},\"sameAs\":[\"https:\/\/www.facebook.com\/ageninfra\",\"https:\/\/x.com\/agencia_infra\",\"https:\/\/www.linkedin.com\/company\/ag\u00eanciainfra\/\",\"https:\/\/www.instagram.com\/agenciainfra\/\"]},{\"@type\":\"Person\",\"@id\":\"https:\/\/agenciainfra.com\/blog\/#\/schema\/person\/34af08dff6adea4cb22b06612ba7acfa\",\"name\":\"Ag\u00eancia iNFRA\",\"image\":{\"@type\":\"ImageObject\",\"inLanguage\":\"pt-BR\",\"@id\":\"https:\/\/agenciainfra.com\/blog\/#\/schema\/person\/image\/\",\"url\":\"https:\/\/secure.gravatar.com\/avatar\/d189e01678f06d8eb84d4e01f08eb848b3fffe3f8443818d3c356c66892f5be8?s=96&d=mm&r=g\",\"contentUrl\":\"https:\/\/secure.gravatar.com\/avatar\/d189e01678f06d8eb84d4e01f08eb848b3fffe3f8443818d3c356c66892f5be8?s=96&d=mm&r=g\",\"caption\":\"Ag\u00eancia iNFRA\"},\"url\":\"https:\/\/agenciainfra.com\/blog\/author\/admin\/\"}]}<\/script>\n<!-- \/ Yoast SEO Premium plugin. -->","yoast_head_json":{"title":"Aporte de recursos de conta da privatiza\u00e7\u00e3o da Eletrobras viabiliza tarifa baixa para hidrovia do Madeira, diz estudo - Ag\u00eancia iNFRA","robots":{"index":"index","follow":"follow","max-snippet":"max-snippet:-1","max-image-preview":"max-image-preview:large","max-video-preview":"max-video-preview:-1"},"canonical":"https:\/\/agenciainfra.com\/blog\/aporte-de-recursos-de-conta-da-privatizacao-da-eletrobras-viabiliza-tarifa-baixa-para-hidrovia-do-madeira-diz-estudo\/","og_locale":"pt_BR","og_type":"article","og_title":"Aporte de recursos de conta da privatiza\u00e7\u00e3o da Eletrobras viabiliza tarifa baixa para hidrovia do Madeira, diz estudo","og_description":"Dimmi Amora,&nbsp;da&nbsp;Ag\u00eancia iNFRA A primeira vers\u00e3o dos estudos\u00a0para\u00a0a concess\u00e3o\u00a0da\u00a0Hidrovia\u00a0do\u00a0Madeira, que liga Porto Velho (RO) ao Par\u00e1, indica que ser\u00e1 poss\u00edvel ter uma\u00a0tarifa\u00a0muito abaixo das expectativas\u00a0do\u00a0mercado e que n\u00e3o haver\u00e1 cobran\u00e7a de pequenas embarca\u00e7\u00f5es de transporte de carga local e de passageiros. A informa\u00e7\u00e3o foi dada por uma fonte a par\u00a0do\u00a0trabalho \u00e0\u00a0Ag\u00eancia iNFRA, o que confirma [&hellip;]","og_url":"https:\/\/agenciainfra.com\/blog\/aporte-de-recursos-de-conta-da-privatizacao-da-eletrobras-viabiliza-tarifa-baixa-para-hidrovia-do-madeira-diz-estudo\/","og_site_name":"Ag\u00eancia iNFRA","article_publisher":"https:\/\/www.facebook.com\/ageninfra","article_published_time":"2024-05-07T12:00:00+00:00","article_modified_time":"2026-03-13T12:41:08+00:00","og_image":[{"width":1200,"height":730,"url":"https:\/\/agenciainfra.com\/blog\/wp-content\/uploads\/2024\/05\/hidrovia-rio-madeira-foto-governo-federal-e1764768271591.jpg","type":"image\/jpeg"}],"author":"Ag\u00eancia iNFRA","twitter_card":"summary_large_image","twitter_creator":"@agencia_infra","twitter_site":"@agencia_infra","twitter_misc":{"Escrito por":"Ag\u00eancia iNFRA","Est. tempo de leitura":"4 minutos"},"schema":{"@context":"https:\/\/schema.org","@graph":[{"@type":"Article","@id":"https:\/\/agenciainfra.com\/blog\/aporte-de-recursos-de-conta-da-privatizacao-da-eletrobras-viabiliza-tarifa-baixa-para-hidrovia-do-madeira-diz-estudo\/#article","isPartOf":{"@id":"https:\/\/agenciainfra.com\/blog\/aporte-de-recursos-de-conta-da-privatizacao-da-eletrobras-viabiliza-tarifa-baixa-para-hidrovia-do-madeira-diz-estudo\/"},"author":{"name":"Ag\u00eancia iNFRA","@id":"https:\/\/agenciainfra.com\/blog\/#\/schema\/person\/34af08dff6adea4cb22b06612ba7acfa"},"headline":"Aporte de recursos de conta da privatiza\u00e7\u00e3o da Eletrobras viabiliza tarifa baixa para hidrovia do Madeira, diz estudo","datePublished":"2024-05-07T12:00:00+00:00","dateModified":"2026-03-13T12:41:08+00:00","mainEntityOfPage":{"@id":"https:\/\/agenciainfra.com\/blog\/aporte-de-recursos-de-conta-da-privatizacao-da-eletrobras-viabiliza-tarifa-baixa-para-hidrovia-do-madeira-diz-estudo\/"},"wordCount":750,"publisher":{"@id":"https:\/\/agenciainfra.com\/blog\/#organization"},"image":{"@id":"https:\/\/agenciainfra.com\/blog\/aporte-de-recursos-de-conta-da-privatizacao-da-eletrobras-viabiliza-tarifa-baixa-para-hidrovia-do-madeira-diz-estudo\/#primaryimage"},"thumbnailUrl":"https:\/\/agenciainfra.com\/blog\/wp-content\/uploads\/2024\/05\/hidrovia-rio-madeira-foto-governo-federal-e1764768271591.jpg","keywords":["ANTAQ","Concess\u00e3o da Hidrovia do Madeira","Conta de Desenvolvimento da Navegabilidade","Dimmi Amora","Eletrobras","estudos de viabilidade","Hidrovia do Tapaj\u00f3s","Infra S.A.","Investimentos em Hidrovias","Jorge Bastos","Minist\u00e9rio de Portos e Aeroportos","minist\u00e9rio dos transportes","Modelagem de Concess\u00f5es","Sheyla Santos","Tarifas de Embarca\u00e7\u00f5es"],"articleSection":["Destaque lista","Geral","iNFRATransporte"],"inLanguage":"pt-BR","copyrightYear":"2024","copyrightHolder":{"@id":"https:\/\/agenciainfra.com\/blog\/#organization"}},{"@type":"WebPage","@id":"https:\/\/agenciainfra.com\/blog\/aporte-de-recursos-de-conta-da-privatizacao-da-eletrobras-viabiliza-tarifa-baixa-para-hidrovia-do-madeira-diz-estudo\/","url":"https:\/\/agenciainfra.com\/blog\/aporte-de-recursos-de-conta-da-privatizacao-da-eletrobras-viabiliza-tarifa-baixa-para-hidrovia-do-madeira-diz-estudo\/","name":"Aporte de recursos de conta da privatiza\u00e7\u00e3o da Eletrobras viabiliza tarifa baixa para hidrovia do Madeira, diz estudo - Ag\u00eancia iNFRA","isPartOf":{"@id":"https:\/\/agenciainfra.com\/blog\/#website"},"primaryImageOfPage":{"@id":"https:\/\/agenciainfra.com\/blog\/aporte-de-recursos-de-conta-da-privatizacao-da-eletrobras-viabiliza-tarifa-baixa-para-hidrovia-do-madeira-diz-estudo\/#primaryimage"},"image":{"@id":"https:\/\/agenciainfra.com\/blog\/aporte-de-recursos-de-conta-da-privatizacao-da-eletrobras-viabiliza-tarifa-baixa-para-hidrovia-do-madeira-diz-estudo\/#primaryimage"},"thumbnailUrl":"https:\/\/agenciainfra.com\/blog\/wp-content\/uploads\/2024\/05\/hidrovia-rio-madeira-foto-governo-federal-e1764768271591.jpg","datePublished":"2024-05-07T12:00:00+00:00","dateModified":"2026-03-13T12:41:08+00:00","breadcrumb":{"@id":"https:\/\/agenciainfra.com\/blog\/aporte-de-recursos-de-conta-da-privatizacao-da-eletrobras-viabiliza-tarifa-baixa-para-hidrovia-do-madeira-diz-estudo\/#breadcrumb"},"inLanguage":"pt-BR","potentialAction":[{"@type":"ReadAction","target":["https:\/\/agenciainfra.com\/blog\/aporte-de-recursos-de-conta-da-privatizacao-da-eletrobras-viabiliza-tarifa-baixa-para-hidrovia-do-madeira-diz-estudo\/"]}]},{"@type":"ImageObject","inLanguage":"pt-BR","@id":"https:\/\/agenciainfra.com\/blog\/aporte-de-recursos-de-conta-da-privatizacao-da-eletrobras-viabiliza-tarifa-baixa-para-hidrovia-do-madeira-diz-estudo\/#primaryimage","url":"https:\/\/agenciainfra.com\/blog\/wp-content\/uploads\/2024\/05\/hidrovia-rio-madeira-foto-governo-federal-e1764768271591.jpg","contentUrl":"https:\/\/agenciainfra.com\/blog\/wp-content\/uploads\/2024\/05\/hidrovia-rio-madeira-foto-governo-federal-e1764768271591.jpg","width":1200,"height":730,"caption":"Foto: Governo Federal"},{"@type":"BreadcrumbList","@id":"https:\/\/agenciainfra.com\/blog\/aporte-de-recursos-de-conta-da-privatizacao-da-eletrobras-viabiliza-tarifa-baixa-para-hidrovia-do-madeira-diz-estudo\/#breadcrumb","itemListElement":[{"@type":"ListItem","position":1,"name":"In\u00edcio","item":"https:\/\/agenciainfra.com\/blog\/"},{"@type":"ListItem","position":2,"name":"Aporte de recursos de conta da privatiza\u00e7\u00e3o da Eletrobras viabiliza tarifa baixa para hidrovia do Madeira, diz estudo"}]},{"@type":"WebSite","@id":"https:\/\/agenciainfra.com\/blog\/#website","url":"https:\/\/agenciainfra.com\/blog\/","name":"Ag\u00eancia iNFRA","description":"Multiplataforma de informa\u00e7\u00e3o jornal\u00edstica refer\u00eancia na \u00e1rea de infraestrutura no Brasil!","publisher":{"@id":"https:\/\/agenciainfra.com\/blog\/#organization"},"potentialAction":[{"@type":"SearchAction","target":{"@type":"EntryPoint","urlTemplate":"https:\/\/agenciainfra.com\/blog\/?s={search_term_string}"},"query-input":{"@type":"PropertyValueSpecification","valueRequired":true,"valueName":"search_term_string"}}],"inLanguage":"pt-BR"},{"@type":"Organization","@id":"https:\/\/agenciainfra.com\/blog\/#organization","name":"Ag\u00eancia iNFRA","url":"https:\/\/agenciainfra.com\/blog\/","logo":{"@type":"ImageObject","inLanguage":"pt-BR","@id":"https:\/\/agenciainfra.com\/blog\/#\/schema\/logo\/image\/","url":"https:\/\/agenciainfra.com\/blog\/wp-content\/uploads\/2023\/09\/iNFRA_5-e1761735885940.png","contentUrl":"https:\/\/agenciainfra.com\/blog\/wp-content\/uploads\/2023\/09\/iNFRA_5-e1761735885940.png","width":1672,"height":454,"caption":"Ag\u00eancia iNFRA"},"image":{"@id":"https:\/\/agenciainfra.com\/blog\/#\/schema\/logo\/image\/"},"sameAs":["https:\/\/www.facebook.com\/ageninfra","https:\/\/x.com\/agencia_infra","https:\/\/www.linkedin.com\/company\/ag\u00eanciainfra\/","https:\/\/www.instagram.com\/agenciainfra\/"]},{"@type":"Person","@id":"https:\/\/agenciainfra.com\/blog\/#\/schema\/person\/34af08dff6adea4cb22b06612ba7acfa","name":"Ag\u00eancia iNFRA","image":{"@type":"ImageObject","inLanguage":"pt-BR","@id":"https:\/\/agenciainfra.com\/blog\/#\/schema\/person\/image\/","url":"https:\/\/secure.gravatar.com\/avatar\/d189e01678f06d8eb84d4e01f08eb848b3fffe3f8443818d3c356c66892f5be8?s=96&d=mm&r=g","contentUrl":"https:\/\/secure.gravatar.com\/avatar\/d189e01678f06d8eb84d4e01f08eb848b3fffe3f8443818d3c356c66892f5be8?s=96&d=mm&r=g","caption":"Ag\u00eancia iNFRA"},"url":"https:\/\/agenciainfra.com\/blog\/author\/admin\/"}]}},"_links":{"self":[{"href":"https:\/\/agenciainfra.com\/blog\/wp-json\/wp\/v2\/posts\/16528","targetHints":{"allow":["GET"]}}],"collection":[{"href":"https:\/\/agenciainfra.com\/blog\/wp-json\/wp\/v2\/posts"}],"about":[{"href":"https:\/\/agenciainfra.com\/blog\/wp-json\/wp\/v2\/types\/post"}],"author":[{"embeddable":true,"href":"https:\/\/agenciainfra.com\/blog\/wp-json\/wp\/v2\/users\/1"}],"replies":[{"embeddable":true,"href":"https:\/\/agenciainfra.com\/blog\/wp-json\/wp\/v2\/comments?post=16528"}],"version-history":[{"count":1,"href":"https:\/\/agenciainfra.com\/blog\/wp-json\/wp\/v2\/posts\/16528\/revisions"}],"predecessor-version":[{"id":16530,"href":"https:\/\/agenciainfra.com\/blog\/wp-json\/wp\/v2\/posts\/16528\/revisions\/16530"}],"wp:featuredmedia":[{"embeddable":true,"href":"https:\/\/agenciainfra.com\/blog\/wp-json\/wp\/v2\/media\/16529"}],"wp:attachment":[{"href":"https:\/\/agenciainfra.com\/blog\/wp-json\/wp\/v2\/media?parent=16528"}],"wp:term":[{"taxonomy":"category","embeddable":true,"href":"https:\/\/agenciainfra.com\/blog\/wp-json\/wp\/v2\/categories?post=16528"},{"taxonomy":"post_tag","embeddable":true,"href":"https:\/\/agenciainfra.com\/blog\/wp-json\/wp\/v2\/tags?post=16528"}],"curies":[{"name":"wp","href":"https:\/\/api.w.org\/{rel}","templated":true}]}}