{"id":16561,"date":"2024-05-08T11:00:00","date_gmt":"2024-05-08T14:00:00","guid":{"rendered":"https:\/\/agenciainfra.com\/blog\/?p=16561"},"modified":"2024-05-08T10:46:27","modified_gmt":"2024-05-08T13:46:27","slug":"universalizacao-do-acesso-a-energia-no-brasil-e-exemplo-de-parceria-publico-privada","status":"publish","type":"post","link":"https:\/\/agenciainfra.com\/blog\/universalizacao-do-acesso-a-energia-no-brasil-e-exemplo-de-parceria-publico-privada\/","title":{"rendered":"Universaliza\u00e7\u00e3o do acesso \u00e0 energia no Brasil \u00e9 exemplo de parceria p\u00fablico-privada"},"content":{"rendered":"\n<p class=\"has-text-align-right\"><strong>Marcos Madureira*<\/strong><\/p>\n\n\n\n<p>Um dos 17 ODS (Objetivos de Desenvolvimento Sustent\u00e1vel), que comp\u00f5em a Agenda 2030, refere-se ao acesso \u00e0 energia confi\u00e1vel e sustent\u00e1vel para todos. E, neste aspecto, o Brasil tem do que se orgulhar, porque pelas regras da ONU j\u00e1 atingiu uma das metas do ODS 7.<\/p>\n\n\n\n<p>Hoje, 99,8% dos lares do pa\u00eds s\u00e3o abastecidos por rede el\u00e9trica \u2013 um total de quase 212 milh\u00f5es de brasileiros beneficiados. Na Am\u00e9rica do Sul, segundo dados da Ag\u00eancia Internacional de Energia, apenas o Chile e o Uruguai sustentam o mesmo percentual.<\/p>\n\n\n\n<p>Estamos \u00e0 frente de grandes economias, como o M\u00e9xico e a \u00c1frica do Sul, que n\u00e3o t\u00eam as dimens\u00f5es continentais do Brasil nem o mesmo n\u00famero de habitantes. No mundo, o percentual \u00e9 de 90,2%.<\/p>\n\n\n\n<p>A t\u00edtulo de compara\u00e7\u00e3o, outro servi\u00e7o b\u00e1sico, a rede de distribui\u00e7\u00e3o de \u00e1gua, n\u00e3o ostenta o mesmo desempenho. O percentual de domic\u00edlios brasileiros com rede de \u00e1gua estava em 85,5% em 2022, segundo dados da PNAD (Pesquisa Nacional por Amostra de Domic\u00edlios).<\/p>\n\n\n\n<p>A universaliza\u00e7\u00e3o do acesso \u00e0 energia el\u00e9trica no pa\u00eds \u00e9 consequ\u00eancia de um longo trabalho de parceria entre as distribuidoras e o poder p\u00fablico, constru\u00eddo a partir de intensos debates na virada das d\u00e9cadas de 1990 e 2000 e que resultaram na promulga\u00e7\u00e3o da Lei 10.438\/2002.<\/p>\n\n\n\n<p>A legisla\u00e7\u00e3o atribuiu \u00e0 ANEEL (Ag\u00eancia Nacional de Energia El\u00e9trica) a tarefa de estabelecer metas de universaliza\u00e7\u00e3o do acesso ao servi\u00e7o p\u00fablico de energia el\u00e9trica, sem \u00f4nus de qualquer esp\u00e9cie ao consumidor.<\/p>\n\n\n\n<p>As distribuidoras assumiram o compromisso de apresentar anualmente planos de metas de amplia\u00e7\u00e3o do abastecimento dentro das \u00e1reas concedidas, viabilizando uma parceria com poder p\u00fablico que j\u00e1 dura duas d\u00e9cadas.<\/p>\n\n\n\n<p>O marco legal viabilizou, assim, uma grande transforma\u00e7\u00e3o social no segmento. Se considerarmos somente a expans\u00e3o, os investimentos das distribuidoras saltaram de um patamar de R$ 9 bilh\u00f5es em 2019 para R$ 19,6 bilh\u00f5es em 2022, um expressivo aumento de 118%. Hoje, a rede de distribui\u00e7\u00e3o do pa\u00eds chega a quatro milh\u00f5es de quil\u00f4metros, o equivalente a cerca de 100 voltas ao redor do planeta Terra. &nbsp;&nbsp;<\/p>\n\n\n\n<p>Paralelamente, o governo federal lan\u00e7ou um dos maiores programas de universaliza\u00e7\u00e3o de acesso \u00e0 energia do mundo: o Luz Para Todos, que viabilizou a inclus\u00e3o de mais de 3,6 milh\u00f5es de resid\u00eancias na rede el\u00e9trica desde 2003.<\/p>\n\n\n\n<p>No fim do ano passado, o Minist\u00e9rio de Minas e Energia aprovou um or\u00e7amento de R$ 2,5 bilh\u00f5es para o programa, que vai beneficiar 500 mil fam\u00edlias at\u00e9 2026. O Censo de 2010 revela, por\u00e9m, que ainda existem 2 milh\u00f5es de domic\u00edlios no pa\u00eds sem energia.<\/p>\n\n\n\n<p>Boa parte desses moradores \u2013 cerca de 1 milh\u00e3o \u2013 est\u00e1 na Amaz\u00f4nia Legal. S\u00e3o pessoas que vivem em \u00e1reas remotas, onde n\u00e3o h\u00e1 uma como levar a energia pelo m\u00e9todo padr\u00e3o, de conex\u00e3o ao sistema.<\/p>\n\n\n\n<p>Neste caso, a solu\u00e7\u00e3o de atendimento \u00e9 por sistema off grid, com placas fotovoltaicas movidas a baterias, cujo custo \u00e9 mais elevado do que a eletrifica\u00e7\u00e3o cabeada. Esse atendimento representa, assim, um grande desafio log\u00edstico. Para incluir os brasileiros que faltam no sistema, o governo criou, em 2020, o programa Mais Luz para a Amaz\u00f4nia, que tem como meta universalizar o acesso \u00e0 energia na regi\u00e3o at\u00e9 2028.<\/p>\n\n\n\n<p>Outra situa\u00e7\u00e3o que vivemos \u00e9 o impacto do crescimento do agroneg\u00f3cio, que vem transformando o atendimento por energia no interior do pa\u00eds. Para isso, as distribuidoras v\u00eam aumentando a capacidade da eletrifica\u00e7\u00e3o, repontencializando suas instala\u00e7\u00f5es, para atender ao aumento da demanda.<\/p>\n\n\n\n<p>Portanto, os investimentos de melhoria, renova\u00e7\u00e3o e expans\u00e3o realizados pelo segmento s\u00e3o fundamentais. Entre 2024 e 2026, as concession\u00e1rias v\u00e3o investir cerca de R$ 100 bilh\u00f5es, dos quais R$ 60,7 bilh\u00f5es ser\u00e3o destinados \u00e0 expans\u00e3o da rede el\u00e9trica. O valor \u00e9 o que o setor automotivo pretende aplicar em seis anos, at\u00e9 2029.<\/p>\n\n\n\n<p>N\u00e3o resta d\u00favida de que a hist\u00f3ria da universaliza\u00e7\u00e3o do acesso \u00e0 energia el\u00e9trica no Brasil j\u00e1 \u00e9 um case de sucesso de parceria entre setores p\u00fablico e privado.<\/p>\n\n\n\n<p>E, para que essa parceria continue trazendo bons resultados, \u00e9 preciso prorrogar os contratos de concess\u00e3o das distribuidoras em um modelo que tenha seguran\u00e7a jur\u00eddica e continue a atrair investimentos, garantindo o atendimento em todo o pa\u00eds, a melhoria de qualidade e a sustentabilidade do servi\u00e7o prestado \u00e0 sociedade.<\/p>\n\n\n\n<h6 class=\"wp-block-heading\" id=\"block-f323f59b-51bf-4eed-b17b-3c7d3b917007\">*<strong>Marcos Madureira<\/strong> \u00e9 presidente da Abradee (Associa\u00e7\u00e3o Brasileira de Distribuidores de Energia El\u00e9trica).<\/h6>\n\n\n\n<h5 class=\"wp-block-heading\" id=\"block-5ef42db3-2ed1-4178-8ab5-7a7f312ba102\">As opini\u00f5es dos autores n\u00e3o refletem necessariamente o pensamento da Ag\u00eancia iNFRA, sendo de total responsabilidade do autor as informa\u00e7\u00f5es, ju\u00edzos de valor e conceitos descritos no texto.<\/h5>\n","protected":false},"excerpt":{"rendered":"<p>Marcos Madureira* Um dos 17 ODS (Objetivos de Desenvolvimento Sustent\u00e1vel), que comp\u00f5em a Agenda 2030, refere-se ao acesso \u00e0 energia confi\u00e1vel e sustent\u00e1vel para todos. E, neste aspecto, o Brasil tem do que se orgulhar, porque pelas regras da ONU j\u00e1 atingiu uma das metas do ODS 7. Hoje, 99,8% dos lares do pa\u00eds s\u00e3o [&hellip;]<\/p>\n","protected":false},"author":1,"featured_media":16562,"comment_status":"closed","ping_status":"closed","sticky":false,"template":"","format":"standard","meta":{"_monsterinsights_skip_tracking":false,"_monsterinsights_sitenote_active":false,"_monsterinsights_sitenote_note":"","_monsterinsights_sitenote_category":0,"footnotes":""},"categories":[7250,1,11],"tags":[494,5031,852,9319,53,4423,282,195,1484,96,9320,9321,916,5161,1573,2192],"class_list":["post-16561","post","type-post","status-publish","format-standard","has-post-thumbnail","hentry","category-destaque-lista","category-geral","category-infradebate","tag-abradee","tag-acesso-a-energia","tag-agencia-nacional-de-energia-eletrica","tag-agenda-2030","tag-aneel","tag-desenvolvimento-sustentavel","tag-energia-eletrica","tag-luz-para-todos","tag-marcos-madureira","tag-ministerio-de-minas-e-energia","tag-objetivos-de-desenvolvimento-sustentavel","tag-ods","tag-parceria-publico-privada","tag-politicas-publicas","tag-sustentabilidade","tag-universalizacao"],"yoast_head":"<!-- This site is optimized with the Yoast SEO Premium plugin v25.4 (Yoast SEO v26.0) - https:\/\/yoast.com\/wordpress\/plugins\/seo\/ -->\n<title>Universaliza\u00e7\u00e3o do acesso \u00e0 energia no Brasil \u00e9 exemplo de parceria p\u00fablico-privada - Ag\u00eancia iNFRA<\/title>\n<meta name=\"robots\" content=\"index, follow, max-snippet:-1, max-image-preview:large, max-video-preview:-1\" \/>\n<link rel=\"canonical\" href=\"https:\/\/agenciainfra.com\/blog\/universalizacao-do-acesso-a-energia-no-brasil-e-exemplo-de-parceria-publico-privada\/\" \/>\n<meta property=\"og:locale\" content=\"pt_BR\" \/>\n<meta property=\"og:type\" content=\"article\" \/>\n<meta property=\"og:title\" content=\"Universaliza\u00e7\u00e3o do acesso \u00e0 energia no Brasil \u00e9 exemplo de parceria p\u00fablico-privada\" \/>\n<meta property=\"og:description\" content=\"Marcos Madureira* Um dos 17 ODS (Objetivos de Desenvolvimento Sustent\u00e1vel), que comp\u00f5em a Agenda 2030, refere-se ao acesso \u00e0 energia confi\u00e1vel e sustent\u00e1vel para todos. E, neste aspecto, o Brasil tem do que se orgulhar, porque pelas regras da ONU j\u00e1 atingiu uma das metas do ODS 7. Hoje, 99,8% dos lares do pa\u00eds s\u00e3o [&hellip;]\" \/>\n<meta property=\"og:url\" content=\"https:\/\/agenciainfra.com\/blog\/universalizacao-do-acesso-a-energia-no-brasil-e-exemplo-de-parceria-publico-privada\/\" \/>\n<meta property=\"og:site_name\" content=\"Ag\u00eancia iNFRA\" \/>\n<meta property=\"article:publisher\" content=\"https:\/\/www.facebook.com\/ageninfra\" \/>\n<meta property=\"article:published_time\" content=\"2024-05-08T14:00:00+00:00\" \/>\n<meta property=\"og:image\" content=\"https:\/\/agenciainfra.com\/blog\/wp-content\/uploads\/2024\/05\/marcos-madureira-foto-abradee.jpg\" \/>\n\t<meta property=\"og:image:width\" content=\"1202\" \/>\n\t<meta property=\"og:image:height\" content=\"801\" \/>\n\t<meta property=\"og:image:type\" content=\"image\/jpeg\" \/>\n<meta name=\"author\" content=\"Ag\u00eancia iNFRA\" \/>\n<meta name=\"twitter:card\" content=\"summary_large_image\" \/>\n<meta name=\"twitter:creator\" content=\"@agencia_infra\" \/>\n<meta name=\"twitter:site\" content=\"@agencia_infra\" \/>\n<meta name=\"twitter:label1\" content=\"Escrito por\" \/>\n\t<meta name=\"twitter:data1\" content=\"Ag\u00eancia iNFRA\" \/>\n\t<meta name=\"twitter:label2\" content=\"Est. tempo de leitura\" \/>\n\t<meta name=\"twitter:data2\" content=\"4 minutos\" \/>\n<script type=\"application\/ld+json\" class=\"yoast-schema-graph\">{\"@context\":\"https:\/\/schema.org\",\"@graph\":[{\"@type\":\"Article\",\"@id\":\"https:\/\/agenciainfra.com\/blog\/universalizacao-do-acesso-a-energia-no-brasil-e-exemplo-de-parceria-publico-privada\/#article\",\"isPartOf\":{\"@id\":\"https:\/\/agenciainfra.com\/blog\/universalizacao-do-acesso-a-energia-no-brasil-e-exemplo-de-parceria-publico-privada\/\"},\"author\":{\"name\":\"Ag\u00eancia iNFRA\",\"@id\":\"https:\/\/agenciainfra.com\/blog\/#\/schema\/person\/34af08dff6adea4cb22b06612ba7acfa\"},\"headline\":\"Universaliza\u00e7\u00e3o do acesso \u00e0 energia no Brasil \u00e9 exemplo de parceria p\u00fablico-privada\",\"datePublished\":\"2024-05-08T14:00:00+00:00\",\"mainEntityOfPage\":{\"@id\":\"https:\/\/agenciainfra.com\/blog\/universalizacao-do-acesso-a-energia-no-brasil-e-exemplo-de-parceria-publico-privada\/\"},\"wordCount\":812,\"publisher\":{\"@id\":\"https:\/\/agenciainfra.com\/blog\/#organization\"},\"image\":{\"@id\":\"https:\/\/agenciainfra.com\/blog\/universalizacao-do-acesso-a-energia-no-brasil-e-exemplo-de-parceria-publico-privada\/#primaryimage\"},\"thumbnailUrl\":\"https:\/\/agenciainfra.com\/blog\/wp-content\/uploads\/2024\/05\/marcos-madureira-foto-abradee.jpg\",\"keywords\":[\"Abradee\",\"acesso \u00e0 energia\",\"Ag\u00eancia Nacional de Energia El\u00e9trica\",\"Agenda 2030\",\"ANEEL\",\"desenvolvimento sustent\u00e1vel\",\"energia el\u00e9trica\",\"Luz para todos\",\"Marcos Madureira\",\"Minist\u00e9rio de Minas e Energia\",\"Objetivos de Desenvolvimento Sustent\u00e1vel\",\"ODS\",\"parceria p\u00fablico-privada\",\"pol\u00edticas p\u00fablicas\",\"sustentabilidade\",\"universaliza\u00e7\u00e3o\"],\"articleSection\":[\"Destaque lista\",\"Geral\",\"iNFRADebate\"],\"inLanguage\":\"pt-BR\",\"copyrightYear\":\"2024\",\"copyrightHolder\":{\"@id\":\"https:\/\/agenciainfra.com\/blog\/#organization\"}},{\"@type\":\"WebPage\",\"@id\":\"https:\/\/agenciainfra.com\/blog\/universalizacao-do-acesso-a-energia-no-brasil-e-exemplo-de-parceria-publico-privada\/\",\"url\":\"https:\/\/agenciainfra.com\/blog\/universalizacao-do-acesso-a-energia-no-brasil-e-exemplo-de-parceria-publico-privada\/\",\"name\":\"Universaliza\u00e7\u00e3o do acesso \u00e0 energia no Brasil \u00e9 exemplo de parceria p\u00fablico-privada - Ag\u00eancia iNFRA\",\"isPartOf\":{\"@id\":\"https:\/\/agenciainfra.com\/blog\/#website\"},\"primaryImageOfPage\":{\"@id\":\"https:\/\/agenciainfra.com\/blog\/universalizacao-do-acesso-a-energia-no-brasil-e-exemplo-de-parceria-publico-privada\/#primaryimage\"},\"image\":{\"@id\":\"https:\/\/agenciainfra.com\/blog\/universalizacao-do-acesso-a-energia-no-brasil-e-exemplo-de-parceria-publico-privada\/#primaryimage\"},\"thumbnailUrl\":\"https:\/\/agenciainfra.com\/blog\/wp-content\/uploads\/2024\/05\/marcos-madureira-foto-abradee.jpg\",\"datePublished\":\"2024-05-08T14:00:00+00:00\",\"breadcrumb\":{\"@id\":\"https:\/\/agenciainfra.com\/blog\/universalizacao-do-acesso-a-energia-no-brasil-e-exemplo-de-parceria-publico-privada\/#breadcrumb\"},\"inLanguage\":\"pt-BR\",\"potentialAction\":[{\"@type\":\"ReadAction\",\"target\":[\"https:\/\/agenciainfra.com\/blog\/universalizacao-do-acesso-a-energia-no-brasil-e-exemplo-de-parceria-publico-privada\/\"]}]},{\"@type\":\"ImageObject\",\"inLanguage\":\"pt-BR\",\"@id\":\"https:\/\/agenciainfra.com\/blog\/universalizacao-do-acesso-a-energia-no-brasil-e-exemplo-de-parceria-publico-privada\/#primaryimage\",\"url\":\"https:\/\/agenciainfra.com\/blog\/wp-content\/uploads\/2024\/05\/marcos-madureira-foto-abradee.jpg\",\"contentUrl\":\"https:\/\/agenciainfra.com\/blog\/wp-content\/uploads\/2024\/05\/marcos-madureira-foto-abradee.jpg\",\"width\":1202,\"height\":801},{\"@type\":\"BreadcrumbList\",\"@id\":\"https:\/\/agenciainfra.com\/blog\/universalizacao-do-acesso-a-energia-no-brasil-e-exemplo-de-parceria-publico-privada\/#breadcrumb\",\"itemListElement\":[{\"@type\":\"ListItem\",\"position\":1,\"name\":\"In\u00edcio\",\"item\":\"https:\/\/agenciainfra.com\/blog\/\"},{\"@type\":\"ListItem\",\"position\":2,\"name\":\"Universaliza\u00e7\u00e3o do acesso \u00e0 energia no Brasil \u00e9 exemplo de parceria p\u00fablico-privada\"}]},{\"@type\":\"WebSite\",\"@id\":\"https:\/\/agenciainfra.com\/blog\/#website\",\"url\":\"https:\/\/agenciainfra.com\/blog\/\",\"name\":\"Ag\u00eancia iNFRA\",\"description\":\"Multiplataforma de informa\u00e7\u00e3o jornal\u00edstica refer\u00eancia na \u00e1rea de infraestrutura no Brasil!\",\"publisher\":{\"@id\":\"https:\/\/agenciainfra.com\/blog\/#organization\"},\"potentialAction\":[{\"@type\":\"SearchAction\",\"target\":{\"@type\":\"EntryPoint\",\"urlTemplate\":\"https:\/\/agenciainfra.com\/blog\/?s={search_term_string}\"},\"query-input\":{\"@type\":\"PropertyValueSpecification\",\"valueRequired\":true,\"valueName\":\"search_term_string\"}}],\"inLanguage\":\"pt-BR\"},{\"@type\":\"Organization\",\"@id\":\"https:\/\/agenciainfra.com\/blog\/#organization\",\"name\":\"Ag\u00eancia iNFRA\",\"url\":\"https:\/\/agenciainfra.com\/blog\/\",\"logo\":{\"@type\":\"ImageObject\",\"inLanguage\":\"pt-BR\",\"@id\":\"https:\/\/agenciainfra.com\/blog\/#\/schema\/logo\/image\/\",\"url\":\"https:\/\/agenciainfra.com\/blog\/wp-content\/uploads\/2023\/09\/iNFRA_5-e1761735885940.png\",\"contentUrl\":\"https:\/\/agenciainfra.com\/blog\/wp-content\/uploads\/2023\/09\/iNFRA_5-e1761735885940.png\",\"width\":1672,\"height\":454,\"caption\":\"Ag\u00eancia iNFRA\"},\"image\":{\"@id\":\"https:\/\/agenciainfra.com\/blog\/#\/schema\/logo\/image\/\"},\"sameAs\":[\"https:\/\/www.facebook.com\/ageninfra\",\"https:\/\/x.com\/agencia_infra\",\"https:\/\/www.linkedin.com\/company\/ag\u00eanciainfra\/\",\"https:\/\/www.instagram.com\/agenciainfra\/\"]},{\"@type\":\"Person\",\"@id\":\"https:\/\/agenciainfra.com\/blog\/#\/schema\/person\/34af08dff6adea4cb22b06612ba7acfa\",\"name\":\"Ag\u00eancia iNFRA\",\"image\":{\"@type\":\"ImageObject\",\"inLanguage\":\"pt-BR\",\"@id\":\"https:\/\/agenciainfra.com\/blog\/#\/schema\/person\/image\/\",\"url\":\"https:\/\/secure.gravatar.com\/avatar\/d189e01678f06d8eb84d4e01f08eb848b3fffe3f8443818d3c356c66892f5be8?s=96&d=mm&r=g\",\"contentUrl\":\"https:\/\/secure.gravatar.com\/avatar\/d189e01678f06d8eb84d4e01f08eb848b3fffe3f8443818d3c356c66892f5be8?s=96&d=mm&r=g\",\"caption\":\"Ag\u00eancia iNFRA\"},\"url\":\"https:\/\/agenciainfra.com\/blog\/author\/admin\/\"}]}<\/script>\n<!-- \/ Yoast SEO Premium plugin. -->","yoast_head_json":{"title":"Universaliza\u00e7\u00e3o do acesso \u00e0 energia no Brasil \u00e9 exemplo de parceria p\u00fablico-privada - Ag\u00eancia iNFRA","robots":{"index":"index","follow":"follow","max-snippet":"max-snippet:-1","max-image-preview":"max-image-preview:large","max-video-preview":"max-video-preview:-1"},"canonical":"https:\/\/agenciainfra.com\/blog\/universalizacao-do-acesso-a-energia-no-brasil-e-exemplo-de-parceria-publico-privada\/","og_locale":"pt_BR","og_type":"article","og_title":"Universaliza\u00e7\u00e3o do acesso \u00e0 energia no Brasil \u00e9 exemplo de parceria p\u00fablico-privada","og_description":"Marcos Madureira* Um dos 17 ODS (Objetivos de Desenvolvimento Sustent\u00e1vel), que comp\u00f5em a Agenda 2030, refere-se ao acesso \u00e0 energia confi\u00e1vel e sustent\u00e1vel para todos. E, neste aspecto, o Brasil tem do que se orgulhar, porque pelas regras da ONU j\u00e1 atingiu uma das metas do ODS 7. Hoje, 99,8% dos lares do pa\u00eds s\u00e3o [&hellip;]","og_url":"https:\/\/agenciainfra.com\/blog\/universalizacao-do-acesso-a-energia-no-brasil-e-exemplo-de-parceria-publico-privada\/","og_site_name":"Ag\u00eancia iNFRA","article_publisher":"https:\/\/www.facebook.com\/ageninfra","article_published_time":"2024-05-08T14:00:00+00:00","og_image":[{"width":1202,"height":801,"url":"https:\/\/agenciainfra.com\/blog\/wp-content\/uploads\/2024\/05\/marcos-madureira-foto-abradee.jpg","type":"image\/jpeg"}],"author":"Ag\u00eancia iNFRA","twitter_card":"summary_large_image","twitter_creator":"@agencia_infra","twitter_site":"@agencia_infra","twitter_misc":{"Escrito por":"Ag\u00eancia iNFRA","Est. tempo de leitura":"4 minutos"},"schema":{"@context":"https:\/\/schema.org","@graph":[{"@type":"Article","@id":"https:\/\/agenciainfra.com\/blog\/universalizacao-do-acesso-a-energia-no-brasil-e-exemplo-de-parceria-publico-privada\/#article","isPartOf":{"@id":"https:\/\/agenciainfra.com\/blog\/universalizacao-do-acesso-a-energia-no-brasil-e-exemplo-de-parceria-publico-privada\/"},"author":{"name":"Ag\u00eancia iNFRA","@id":"https:\/\/agenciainfra.com\/blog\/#\/schema\/person\/34af08dff6adea4cb22b06612ba7acfa"},"headline":"Universaliza\u00e7\u00e3o do acesso \u00e0 energia no Brasil \u00e9 exemplo de parceria p\u00fablico-privada","datePublished":"2024-05-08T14:00:00+00:00","mainEntityOfPage":{"@id":"https:\/\/agenciainfra.com\/blog\/universalizacao-do-acesso-a-energia-no-brasil-e-exemplo-de-parceria-publico-privada\/"},"wordCount":812,"publisher":{"@id":"https:\/\/agenciainfra.com\/blog\/#organization"},"image":{"@id":"https:\/\/agenciainfra.com\/blog\/universalizacao-do-acesso-a-energia-no-brasil-e-exemplo-de-parceria-publico-privada\/#primaryimage"},"thumbnailUrl":"https:\/\/agenciainfra.com\/blog\/wp-content\/uploads\/2024\/05\/marcos-madureira-foto-abradee.jpg","keywords":["Abradee","acesso \u00e0 energia","Ag\u00eancia Nacional de Energia El\u00e9trica","Agenda 2030","ANEEL","desenvolvimento sustent\u00e1vel","energia el\u00e9trica","Luz para todos","Marcos Madureira","Minist\u00e9rio de Minas e Energia","Objetivos de Desenvolvimento Sustent\u00e1vel","ODS","parceria p\u00fablico-privada","pol\u00edticas p\u00fablicas","sustentabilidade","universaliza\u00e7\u00e3o"],"articleSection":["Destaque lista","Geral","iNFRADebate"],"inLanguage":"pt-BR","copyrightYear":"2024","copyrightHolder":{"@id":"https:\/\/agenciainfra.com\/blog\/#organization"}},{"@type":"WebPage","@id":"https:\/\/agenciainfra.com\/blog\/universalizacao-do-acesso-a-energia-no-brasil-e-exemplo-de-parceria-publico-privada\/","url":"https:\/\/agenciainfra.com\/blog\/universalizacao-do-acesso-a-energia-no-brasil-e-exemplo-de-parceria-publico-privada\/","name":"Universaliza\u00e7\u00e3o do acesso \u00e0 energia no Brasil \u00e9 exemplo de parceria p\u00fablico-privada - Ag\u00eancia iNFRA","isPartOf":{"@id":"https:\/\/agenciainfra.com\/blog\/#website"},"primaryImageOfPage":{"@id":"https:\/\/agenciainfra.com\/blog\/universalizacao-do-acesso-a-energia-no-brasil-e-exemplo-de-parceria-publico-privada\/#primaryimage"},"image":{"@id":"https:\/\/agenciainfra.com\/blog\/universalizacao-do-acesso-a-energia-no-brasil-e-exemplo-de-parceria-publico-privada\/#primaryimage"},"thumbnailUrl":"https:\/\/agenciainfra.com\/blog\/wp-content\/uploads\/2024\/05\/marcos-madureira-foto-abradee.jpg","datePublished":"2024-05-08T14:00:00+00:00","breadcrumb":{"@id":"https:\/\/agenciainfra.com\/blog\/universalizacao-do-acesso-a-energia-no-brasil-e-exemplo-de-parceria-publico-privada\/#breadcrumb"},"inLanguage":"pt-BR","potentialAction":[{"@type":"ReadAction","target":["https:\/\/agenciainfra.com\/blog\/universalizacao-do-acesso-a-energia-no-brasil-e-exemplo-de-parceria-publico-privada\/"]}]},{"@type":"ImageObject","inLanguage":"pt-BR","@id":"https:\/\/agenciainfra.com\/blog\/universalizacao-do-acesso-a-energia-no-brasil-e-exemplo-de-parceria-publico-privada\/#primaryimage","url":"https:\/\/agenciainfra.com\/blog\/wp-content\/uploads\/2024\/05\/marcos-madureira-foto-abradee.jpg","contentUrl":"https:\/\/agenciainfra.com\/blog\/wp-content\/uploads\/2024\/05\/marcos-madureira-foto-abradee.jpg","width":1202,"height":801},{"@type":"BreadcrumbList","@id":"https:\/\/agenciainfra.com\/blog\/universalizacao-do-acesso-a-energia-no-brasil-e-exemplo-de-parceria-publico-privada\/#breadcrumb","itemListElement":[{"@type":"ListItem","position":1,"name":"In\u00edcio","item":"https:\/\/agenciainfra.com\/blog\/"},{"@type":"ListItem","position":2,"name":"Universaliza\u00e7\u00e3o do acesso \u00e0 energia no Brasil \u00e9 exemplo de parceria p\u00fablico-privada"}]},{"@type":"WebSite","@id":"https:\/\/agenciainfra.com\/blog\/#website","url":"https:\/\/agenciainfra.com\/blog\/","name":"Ag\u00eancia iNFRA","description":"Multiplataforma de informa\u00e7\u00e3o jornal\u00edstica refer\u00eancia na \u00e1rea de infraestrutura no Brasil!","publisher":{"@id":"https:\/\/agenciainfra.com\/blog\/#organization"},"potentialAction":[{"@type":"SearchAction","target":{"@type":"EntryPoint","urlTemplate":"https:\/\/agenciainfra.com\/blog\/?s={search_term_string}"},"query-input":{"@type":"PropertyValueSpecification","valueRequired":true,"valueName":"search_term_string"}}],"inLanguage":"pt-BR"},{"@type":"Organization","@id":"https:\/\/agenciainfra.com\/blog\/#organization","name":"Ag\u00eancia iNFRA","url":"https:\/\/agenciainfra.com\/blog\/","logo":{"@type":"ImageObject","inLanguage":"pt-BR","@id":"https:\/\/agenciainfra.com\/blog\/#\/schema\/logo\/image\/","url":"https:\/\/agenciainfra.com\/blog\/wp-content\/uploads\/2023\/09\/iNFRA_5-e1761735885940.png","contentUrl":"https:\/\/agenciainfra.com\/blog\/wp-content\/uploads\/2023\/09\/iNFRA_5-e1761735885940.png","width":1672,"height":454,"caption":"Ag\u00eancia iNFRA"},"image":{"@id":"https:\/\/agenciainfra.com\/blog\/#\/schema\/logo\/image\/"},"sameAs":["https:\/\/www.facebook.com\/ageninfra","https:\/\/x.com\/agencia_infra","https:\/\/www.linkedin.com\/company\/ag\u00eanciainfra\/","https:\/\/www.instagram.com\/agenciainfra\/"]},{"@type":"Person","@id":"https:\/\/agenciainfra.com\/blog\/#\/schema\/person\/34af08dff6adea4cb22b06612ba7acfa","name":"Ag\u00eancia iNFRA","image":{"@type":"ImageObject","inLanguage":"pt-BR","@id":"https:\/\/agenciainfra.com\/blog\/#\/schema\/person\/image\/","url":"https:\/\/secure.gravatar.com\/avatar\/d189e01678f06d8eb84d4e01f08eb848b3fffe3f8443818d3c356c66892f5be8?s=96&d=mm&r=g","contentUrl":"https:\/\/secure.gravatar.com\/avatar\/d189e01678f06d8eb84d4e01f08eb848b3fffe3f8443818d3c356c66892f5be8?s=96&d=mm&r=g","caption":"Ag\u00eancia iNFRA"},"url":"https:\/\/agenciainfra.com\/blog\/author\/admin\/"}]}},"_links":{"self":[{"href":"https:\/\/agenciainfra.com\/blog\/wp-json\/wp\/v2\/posts\/16561","targetHints":{"allow":["GET"]}}],"collection":[{"href":"https:\/\/agenciainfra.com\/blog\/wp-json\/wp\/v2\/posts"}],"about":[{"href":"https:\/\/agenciainfra.com\/blog\/wp-json\/wp\/v2\/types\/post"}],"author":[{"embeddable":true,"href":"https:\/\/agenciainfra.com\/blog\/wp-json\/wp\/v2\/users\/1"}],"replies":[{"embeddable":true,"href":"https:\/\/agenciainfra.com\/blog\/wp-json\/wp\/v2\/comments?post=16561"}],"version-history":[{"count":1,"href":"https:\/\/agenciainfra.com\/blog\/wp-json\/wp\/v2\/posts\/16561\/revisions"}],"predecessor-version":[{"id":16563,"href":"https:\/\/agenciainfra.com\/blog\/wp-json\/wp\/v2\/posts\/16561\/revisions\/16563"}],"wp:featuredmedia":[{"embeddable":true,"href":"https:\/\/agenciainfra.com\/blog\/wp-json\/wp\/v2\/media\/16562"}],"wp:attachment":[{"href":"https:\/\/agenciainfra.com\/blog\/wp-json\/wp\/v2\/media?parent=16561"}],"wp:term":[{"taxonomy":"category","embeddable":true,"href":"https:\/\/agenciainfra.com\/blog\/wp-json\/wp\/v2\/categories?post=16561"},{"taxonomy":"post_tag","embeddable":true,"href":"https:\/\/agenciainfra.com\/blog\/wp-json\/wp\/v2\/tags?post=16561"}],"curies":[{"name":"wp","href":"https:\/\/api.w.org\/{rel}","templated":true}]}}