{"id":16586,"date":"2024-05-09T14:00:00","date_gmt":"2024-05-09T17:00:00","guid":{"rendered":"https:\/\/agenciainfra.com\/blog\/?p=16586"},"modified":"2026-03-13T09:41:05","modified_gmt":"2026-03-13T12:41:05","slug":"tcu-determina-nova-licitacao-para-a-concer-e-diz-que-repactuacao-nao-e-possivel","status":"publish","type":"post","link":"https:\/\/agenciainfra.com\/blog\/tcu-determina-nova-licitacao-para-a-concer-e-diz-que-repactuacao-nao-e-possivel\/","title":{"rendered":"TCU determina nova licita\u00e7\u00e3o para a Concer e diz que repactua\u00e7\u00e3o n\u00e3o \u00e9 poss\u00edvel"},"content":{"rendered":"\n<p class=\"has-text-align-right\"><strong>da Ag\u00eancia iNFRA<\/strong><\/p>\n\n\n\n<p>O plen\u00e1rio do TCU (Tribunal de Contas da Uni\u00e3o) deu 60 dias de prazo para que o Minist\u00e9rio dos Transportes e a ANTT (Ag\u00eancia Nacional de Transportes Terrestres) encaminhem os estudos para licitar a concess\u00e3o da BR-040\/RJ, trecho hoje administrado pela Concer.<br><br>Com severas cr\u00edticas do relator e informando expressamente a impossibilidade de renegociar ou prorrogar o contrato no modelo de solu\u00e7\u00e3o consensual, como o governo, a ag\u00eancia e a concession\u00e1ria est\u00e3o anunciando, a decis\u00e3o do plen\u00e1rio relembra que o \u00f3rg\u00e3o de controle j\u00e1 havia determinado a nova licita\u00e7\u00e3o e que n\u00e3o h\u00e1 mais justificativa para a posterga\u00e7\u00e3o.<br><br>&#8220;Atenta contra a no\u00e7\u00e3o de razoabilidade e zelo pelo interesse p\u00fablico admitir a possibilidade de continuidade de obras e servi\u00e7os com a Concer&#8221;, informa um trecho do relat\u00f3rio do ministro Walton Alencar, que explicita n\u00e3o ser poss\u00edvel, pelas pr\u00f3prias regras de solu\u00e7\u00e3o consensual do \u00f3rg\u00e3o, acordo nesse caso.<br><br>Um dos motivos, segundo o relator, \u00e9 que o contrato da Concer \u00e9 da chamada primeira etapa de concess\u00f5es, cujos contratos s\u00e3o expressamente vedados de serem ampliados. Em decis\u00f5es anteriores, o TCU impediu renegocia\u00e7\u00f5es com outras concession\u00e1rias dessa etapa para extens\u00e3o de prazo em troca de obras.<br><br>Ele alega ainda que, como o contrato est\u00e1 expirado desde 2021, n\u00e3o seria admiss\u00edvel uma repactua\u00e7\u00e3o pelas regras do pr\u00f3prio tribunal que tratam das tentativas de renegocia\u00e7\u00e3o dos contratos.\u00a0<br><br>O contrato da Concer, que pertence ao grupo Triunfo, vem num imbr\u00f3glio administrativo judicial desde 2013, quando houve uma aditivo para que a empresa constru\u00edsse um novo conjunto de t\u00faneis, chamado de NSS (Nova Subida da Serra), com aporte financeiro do governo para essa interven\u00e7\u00e3o.<br><br><strong>&#8220;Inexist\u00eancia de amparo jur\u00eddico&#8221;<\/strong><br>Como o governo n\u00e3o fez todos os aportes, a obra acabou paralisada e se iniciou uma disputa no Judici\u00e1rio, que permanece at\u00e9 hoje, com a empresa e a ANTT indicando que t\u00eam valores a receber do contrato de concess\u00e3o. No ano passado, diante do impasse, o governo retirou esse trecho do processo de nova licita\u00e7\u00e3o da BR-040 e come\u00e7ou um processo de renegocia\u00e7\u00e3o.<br><br>A ideia em discuss\u00e3o \u00e9 a Concer concluir a NSS e permanecer na opera\u00e7\u00e3o at\u00e9 o fim das obras, para depois haver nova licita\u00e7\u00e3o. Para isso, a negocia\u00e7\u00e3o seria feita na Secex Consenso do TCU. Mas o relator indica que isso n\u00e3o \u00e9 poss\u00edvel.<br><br>&#8220;Fique clara a minha posi\u00e7\u00e3o de absoluta inexist\u00eancia de amparo jur\u00eddico para a proposta de aditamento de contrato para retomada das obras da Nova Subida da Serra pela Concer, conforme noticiado recentemente, e qualquer movimenta\u00e7\u00e3o nesse sentido deve ser objeto de especial escrut\u00ednio, pela estranheza que suscita&#8221;, informa o texto.<br><br><strong>Concer\u00a0diz que est\u00e1 pronta para iniciar obras<\/strong><br>Em nota, a Concer informou que &#8220;todos os questionamentos do Tribunal de Contas da Uni\u00e3o referentes \u00e0s obras da Nova Subida da Serra da BR-040 foram integralmente esclarecidos pela Concer junto \u00e0 Ag\u00eancia reguladora&#8221;.<br><br>Relata que est\u00e1 &#8220;pronta para reiniciar as obras da NSS em at\u00e9 45 dias ap\u00f3s a repactua\u00e7\u00e3o e reequil\u00edbrio do contrato de concess\u00e3o e conclu\u00ed-la em apenas 33 meses, em prazo bem inferior \u00e0s estimativas mais otimistas em eventual cen\u00e1rio de relicita\u00e7\u00e3o e escolha de novo concession\u00e1rio&#8221;.<br><br>Informa ainda que outras obras est\u00e3o inclu\u00eddas na negocia\u00e7\u00e3o de repactua\u00e7\u00e3o, &#8220;em grande benef\u00edcio \u00e0 sociedade e ao interesse p\u00fablico, como campanhas de pavimenta\u00e7\u00e3o, melhorias vi\u00e1rias, como a liga\u00e7\u00e3o Bingen-Quitandinha definitiva (para o munic\u00edpio de Petr\u00f3polis) e a possibilidade de implanta\u00e7\u00e3o do moderno sistema tecnol\u00f3gico de free flow, promovendo mais justi\u00e7a tarif\u00e1ria aos usu\u00e1rios&#8221;.<br><br>E reitera que o contrato est\u00e1 em desequil\u00edbrio desde 2014 e que per\u00edcias judiciais determinadas pela Justi\u00e7a Federal confirmaram que &#8220;a Companhia \u00e9 credora do poder p\u00fablico em mais de R$ 2 bilh\u00f5es&#8221;.<br><br><strong>Processos concomitantes<\/strong><br>O processo da Concer \u00e9 um dos 14 pedidos de repactua\u00e7\u00e3o que o Minist\u00e9rio dos Transportes recebeu no ano passado, quando abriu essa possibilidade por meio de uma portaria (848\/2023). A Triunfo tamb\u00e9m pediu para repactuar seu contrato da Concebra (BR-060-153-262\/MG-GO-DF), que estava com pedido de relicita\u00e7\u00e3o, com estudos avan\u00e7ados para ao menos duas novas concess\u00f5es no trecho.<br><br>O ministro dos Transportes, Renan Filho, quando questionado sobre o tema, diz que os processos de repactua\u00e7\u00e3o e de estudos para nova licita\u00e7\u00e3o caminham ao mesmo tempo e que se um n\u00e3o funcionar ser\u00e1 feito o outro. No momento, h\u00e1 pelo menos quatro processos de rodovias com comiss\u00f5es trabalhando na repactua\u00e7\u00e3o dos contratos na Secex Consenso do TCU, nenhum deles das concess\u00f5es da Triunfo.<br><br><strong>Eco 101 mais avan\u00e7ada<\/strong><br>O mais avan\u00e7ado processo de repactua\u00e7\u00e3o no TCU \u00e9 o da Eco 101, concession\u00e1ria da BR-101\/ES-BA, que teve o prazo de negocia\u00e7\u00e3o entre as partes encerrado m\u00eas passado, com uma proposta de acordo n\u00e3o un\u00e2nime conclu\u00edda e que est\u00e1 em fase final de apresenta\u00e7\u00e3o para que seja designado um ministro relator para o caso. A expectativa \u00e9 terminar esse processo no TCU entre maio e junho.<br><br>Mas ser\u00e3o necess\u00e1rios procedimentos posteriores de regulamenta\u00e7\u00e3o do acordo pela ag\u00eancia reguladora, o que tamb\u00e9m j\u00e1 est\u00e1 sendo trabalhado para que tenham uma tramita\u00e7\u00e3o mais c\u00e9lere poss\u00edvel, como no caso dos processos para identificar se h\u00e1 interessados no setor privado em adquirir a concess\u00e3o repactuada.<br><br>As repactua\u00e7\u00f5es foram um dos principais assuntos de um encontro do presidente do TCU, Bruno Dantas, com parlamentares da CFFC (Comiss\u00e3o de Fiscaliza\u00e7\u00e3o Financeira e Controle) da C\u00e2mara, realizado nesta quarta-feira (8). O presidente do \u00f3rg\u00e3o foi cobrado por mais informa\u00e7\u00f5es sobre os processos, que tramitam em sigilo no per\u00edodo das negocia\u00e7\u00f5es.<br><br><strong>Parlamentares satisfeitos<\/strong><br>O deputado Jorge Solla (PT-BA), que no dia anterior havia presidido uma audi\u00eancia p\u00fablica para tratar da situa\u00e7\u00e3o de uma das concess\u00f5es em repactua\u00e7\u00e3o, a ViaBahia (BR-116-364\/BA), reiterou o pedido feito no encontro anterior para que um designado pelo Parlamento acompanhe as negocia\u00e7\u00f5es.<br><br>Bruno Dantas afirmou \u00e0\u00a0<strong>Ag\u00eancia iNFRA<\/strong>\u00a0que os parlamentares presentes demonstraram apoio ao modelo de repactua\u00e7\u00e3o dos contratos em andamento na Secex Consenso durante o encontro e que sa\u00edram satisfeitos com os relatos apresentados.<br><br>O deputado Evair de Melo (PP-ES), que \u00e9 integrante da comiss\u00e3o, afirmou que a repactua\u00e7\u00e3o com a Eco 101 \u00e9 o melhor caminho para que seja poss\u00edvel a retomada dos investimentos. Para ele, os processos de relicita\u00e7\u00e3o s\u00e3o demorados e o sigilo no momento das\u00a0negocia\u00e7\u00f5es \u00e9 adequado.<\/p>\n","protected":false},"excerpt":{"rendered":"<p>da Ag\u00eancia iNFRA O plen\u00e1rio do TCU (Tribunal de Contas da Uni\u00e3o) deu 60 dias de prazo para que o Minist\u00e9rio dos Transportes e a ANTT (Ag\u00eancia Nacional de Transportes Terrestres) encaminhem os estudos para licitar a concess\u00e3o da BR-040\/RJ, trecho hoje administrado pela Concer. Com severas cr\u00edticas do relator e informando expressamente a impossibilidade [&hellip;]<\/p>\n","protected":false},"author":1,"featured_media":3613,"comment_status":"closed","ping_status":"closed","sticky":false,"template":"","format":"standard","meta":{"_monsterinsights_skip_tracking":false,"_monsterinsights_sitenote_active":false,"_monsterinsights_sitenote_note":"","_monsterinsights_sitenote_category":0,"footnotes":""},"categories":[7250,1,7],"tags":[935,19,514,396,1224,505,22,3773,9339,2441,9061,360,6248,2131,126,18,9340,927,517,1204],"class_list":["post-16586","post","type-post","status-publish","format-standard","has-post-thumbnail","hentry","category-destaque-lista","category-geral","category-infratransporte","tag-agencia-nacional-de-transportes-terrestres","tag-antt","tag-br-040","tag-bruno-dantas","tag-concebra","tag-concer","tag-concessao","tag-eco-101","tag-evair-de-melo","tag-grupo-triunfo","tag-jorge-solla","tag-obras","tag-renan-filho","tag-repactuacao","tag-rodovias","tag-tcu","tag-trechos","tag-tribunal-de-contas-da-uniao","tag-triunfo","tag-walton-alencar"],"yoast_head":"<!-- This site is optimized with the Yoast SEO Premium plugin v25.4 (Yoast SEO v26.0) - https:\/\/yoast.com\/wordpress\/plugins\/seo\/ -->\n<title>TCU determina nova licita\u00e7\u00e3o para a Concer e diz que repactua\u00e7\u00e3o n\u00e3o \u00e9 poss\u00edvel - Ag\u00eancia iNFRA<\/title>\n<meta name=\"robots\" content=\"index, follow, max-snippet:-1, max-image-preview:large, max-video-preview:-1\" \/>\n<link rel=\"canonical\" href=\"https:\/\/agenciainfra.com\/blog\/tcu-determina-nova-licitacao-para-a-concer-e-diz-que-repactuacao-nao-e-possivel\/\" \/>\n<meta property=\"og:locale\" content=\"pt_BR\" \/>\n<meta property=\"og:type\" content=\"article\" \/>\n<meta property=\"og:title\" content=\"TCU determina nova licita\u00e7\u00e3o para a Concer e diz que repactua\u00e7\u00e3o n\u00e3o \u00e9 poss\u00edvel\" \/>\n<meta property=\"og:description\" content=\"da Ag\u00eancia iNFRA O plen\u00e1rio do TCU (Tribunal de Contas da Uni\u00e3o) deu 60 dias de prazo para que o Minist\u00e9rio dos Transportes e a ANTT (Ag\u00eancia Nacional de Transportes Terrestres) encaminhem os estudos para licitar a concess\u00e3o da BR-040\/RJ, trecho hoje administrado pela Concer. Com severas cr\u00edticas do relator e informando expressamente a impossibilidade [&hellip;]\" \/>\n<meta property=\"og:url\" content=\"https:\/\/agenciainfra.com\/blog\/tcu-determina-nova-licitacao-para-a-concer-e-diz-que-repactuacao-nao-e-possivel\/\" \/>\n<meta property=\"og:site_name\" content=\"Ag\u00eancia iNFRA\" \/>\n<meta property=\"article:publisher\" content=\"https:\/\/www.facebook.com\/ageninfra\" \/>\n<meta property=\"article:published_time\" content=\"2024-05-09T17:00:00+00:00\" \/>\n<meta property=\"article:modified_time\" content=\"2026-03-13T12:41:05+00:00\" \/>\n<meta property=\"og:image\" content=\"https:\/\/agenciainfra.com\/blog\/wp-content\/uploads\/2019\/08\/TCU-sede-foto-evelynne-gubert-tcu.jpg\" \/>\n\t<meta property=\"og:image:width\" content=\"1280\" \/>\n\t<meta property=\"og:image:height\" content=\"854\" \/>\n\t<meta property=\"og:image:type\" content=\"image\/jpeg\" \/>\n<meta name=\"author\" content=\"Ag\u00eancia iNFRA\" \/>\n<meta name=\"twitter:card\" content=\"summary_large_image\" \/>\n<meta name=\"twitter:creator\" content=\"@agencia_infra\" \/>\n<meta name=\"twitter:site\" content=\"@agencia_infra\" \/>\n<meta name=\"twitter:label1\" content=\"Escrito por\" \/>\n\t<meta name=\"twitter:data1\" content=\"Ag\u00eancia iNFRA\" \/>\n\t<meta name=\"twitter:label2\" content=\"Est. tempo de leitura\" \/>\n\t<meta name=\"twitter:data2\" content=\"6 minutos\" \/>\n<script type=\"application\/ld+json\" class=\"yoast-schema-graph\">{\"@context\":\"https:\/\/schema.org\",\"@graph\":[{\"@type\":\"Article\",\"@id\":\"https:\/\/agenciainfra.com\/blog\/tcu-determina-nova-licitacao-para-a-concer-e-diz-que-repactuacao-nao-e-possivel\/#article\",\"isPartOf\":{\"@id\":\"https:\/\/agenciainfra.com\/blog\/tcu-determina-nova-licitacao-para-a-concer-e-diz-que-repactuacao-nao-e-possivel\/\"},\"author\":{\"name\":\"Ag\u00eancia iNFRA\",\"@id\":\"https:\/\/agenciainfra.com\/blog\/#\/schema\/person\/34af08dff6adea4cb22b06612ba7acfa\"},\"headline\":\"TCU determina nova licita\u00e7\u00e3o para a Concer e diz que repactua\u00e7\u00e3o n\u00e3o \u00e9 poss\u00edvel\",\"datePublished\":\"2024-05-09T17:00:00+00:00\",\"dateModified\":\"2026-03-13T12:41:05+00:00\",\"mainEntityOfPage\":{\"@id\":\"https:\/\/agenciainfra.com\/blog\/tcu-determina-nova-licitacao-para-a-concer-e-diz-que-repactuacao-nao-e-possivel\/\"},\"wordCount\":1168,\"publisher\":{\"@id\":\"https:\/\/agenciainfra.com\/blog\/#organization\"},\"image\":{\"@id\":\"https:\/\/agenciainfra.com\/blog\/tcu-determina-nova-licitacao-para-a-concer-e-diz-que-repactuacao-nao-e-possivel\/#primaryimage\"},\"thumbnailUrl\":\"https:\/\/agenciainfra.com\/blog\/wp-content\/uploads\/2019\/08\/TCU-sede-foto-evelynne-gubert-tcu.jpg\",\"keywords\":[\"Ag\u00eancia Nacional de Transportes Terrestres\",\"ANTT\",\"BR-040\",\"Bruno Dantas\",\"Concebra\",\"Concer\",\"Concess\u00e3o\",\"Eco 101\",\"Evair de Melo\",\"Grupo Triunfo\",\"Jorge Solla\",\"obras\",\"Renan Filho\",\"repactua\u00e7\u00e3o\",\"rodovias\",\"TCU\",\"trechos\",\"Tribunal de Contas da Uni\u00e3o\",\"Triunfo\",\"Walton Alencar\"],\"articleSection\":[\"Destaque lista\",\"Geral\",\"iNFRATransporte\"],\"inLanguage\":\"pt-BR\",\"copyrightYear\":\"2024\",\"copyrightHolder\":{\"@id\":\"https:\/\/agenciainfra.com\/blog\/#organization\"}},{\"@type\":\"WebPage\",\"@id\":\"https:\/\/agenciainfra.com\/blog\/tcu-determina-nova-licitacao-para-a-concer-e-diz-que-repactuacao-nao-e-possivel\/\",\"url\":\"https:\/\/agenciainfra.com\/blog\/tcu-determina-nova-licitacao-para-a-concer-e-diz-que-repactuacao-nao-e-possivel\/\",\"name\":\"TCU determina nova licita\u00e7\u00e3o para a Concer e diz que repactua\u00e7\u00e3o n\u00e3o \u00e9 poss\u00edvel - Ag\u00eancia iNFRA\",\"isPartOf\":{\"@id\":\"https:\/\/agenciainfra.com\/blog\/#website\"},\"primaryImageOfPage\":{\"@id\":\"https:\/\/agenciainfra.com\/blog\/tcu-determina-nova-licitacao-para-a-concer-e-diz-que-repactuacao-nao-e-possivel\/#primaryimage\"},\"image\":{\"@id\":\"https:\/\/agenciainfra.com\/blog\/tcu-determina-nova-licitacao-para-a-concer-e-diz-que-repactuacao-nao-e-possivel\/#primaryimage\"},\"thumbnailUrl\":\"https:\/\/agenciainfra.com\/blog\/wp-content\/uploads\/2019\/08\/TCU-sede-foto-evelynne-gubert-tcu.jpg\",\"datePublished\":\"2024-05-09T17:00:00+00:00\",\"dateModified\":\"2026-03-13T12:41:05+00:00\",\"breadcrumb\":{\"@id\":\"https:\/\/agenciainfra.com\/blog\/tcu-determina-nova-licitacao-para-a-concer-e-diz-que-repactuacao-nao-e-possivel\/#breadcrumb\"},\"inLanguage\":\"pt-BR\",\"potentialAction\":[{\"@type\":\"ReadAction\",\"target\":[\"https:\/\/agenciainfra.com\/blog\/tcu-determina-nova-licitacao-para-a-concer-e-diz-que-repactuacao-nao-e-possivel\/\"]}]},{\"@type\":\"ImageObject\",\"inLanguage\":\"pt-BR\",\"@id\":\"https:\/\/agenciainfra.com\/blog\/tcu-determina-nova-licitacao-para-a-concer-e-diz-que-repactuacao-nao-e-possivel\/#primaryimage\",\"url\":\"https:\/\/agenciainfra.com\/blog\/wp-content\/uploads\/2019\/08\/TCU-sede-foto-evelynne-gubert-tcu.jpg\",\"contentUrl\":\"https:\/\/agenciainfra.com\/blog\/wp-content\/uploads\/2019\/08\/TCU-sede-foto-evelynne-gubert-tcu.jpg\",\"width\":1280,\"height\":854},{\"@type\":\"BreadcrumbList\",\"@id\":\"https:\/\/agenciainfra.com\/blog\/tcu-determina-nova-licitacao-para-a-concer-e-diz-que-repactuacao-nao-e-possivel\/#breadcrumb\",\"itemListElement\":[{\"@type\":\"ListItem\",\"position\":1,\"name\":\"In\u00edcio\",\"item\":\"https:\/\/agenciainfra.com\/blog\/\"},{\"@type\":\"ListItem\",\"position\":2,\"name\":\"TCU determina nova licita\u00e7\u00e3o para a Concer e diz que repactua\u00e7\u00e3o n\u00e3o \u00e9 poss\u00edvel\"}]},{\"@type\":\"WebSite\",\"@id\":\"https:\/\/agenciainfra.com\/blog\/#website\",\"url\":\"https:\/\/agenciainfra.com\/blog\/\",\"name\":\"Ag\u00eancia iNFRA\",\"description\":\"Multiplataforma de informa\u00e7\u00e3o jornal\u00edstica refer\u00eancia na \u00e1rea de infraestrutura no Brasil!\",\"publisher\":{\"@id\":\"https:\/\/agenciainfra.com\/blog\/#organization\"},\"potentialAction\":[{\"@type\":\"SearchAction\",\"target\":{\"@type\":\"EntryPoint\",\"urlTemplate\":\"https:\/\/agenciainfra.com\/blog\/?s={search_term_string}\"},\"query-input\":{\"@type\":\"PropertyValueSpecification\",\"valueRequired\":true,\"valueName\":\"search_term_string\"}}],\"inLanguage\":\"pt-BR\"},{\"@type\":\"Organization\",\"@id\":\"https:\/\/agenciainfra.com\/blog\/#organization\",\"name\":\"Ag\u00eancia iNFRA\",\"url\":\"https:\/\/agenciainfra.com\/blog\/\",\"logo\":{\"@type\":\"ImageObject\",\"inLanguage\":\"pt-BR\",\"@id\":\"https:\/\/agenciainfra.com\/blog\/#\/schema\/logo\/image\/\",\"url\":\"https:\/\/agenciainfra.com\/blog\/wp-content\/uploads\/2023\/09\/iNFRA_5-e1761735885940.png\",\"contentUrl\":\"https:\/\/agenciainfra.com\/blog\/wp-content\/uploads\/2023\/09\/iNFRA_5-e1761735885940.png\",\"width\":1672,\"height\":454,\"caption\":\"Ag\u00eancia iNFRA\"},\"image\":{\"@id\":\"https:\/\/agenciainfra.com\/blog\/#\/schema\/logo\/image\/\"},\"sameAs\":[\"https:\/\/www.facebook.com\/ageninfra\",\"https:\/\/x.com\/agencia_infra\",\"https:\/\/www.linkedin.com\/company\/ag\u00eanciainfra\/\",\"https:\/\/www.instagram.com\/agenciainfra\/\"]},{\"@type\":\"Person\",\"@id\":\"https:\/\/agenciainfra.com\/blog\/#\/schema\/person\/34af08dff6adea4cb22b06612ba7acfa\",\"name\":\"Ag\u00eancia iNFRA\",\"image\":{\"@type\":\"ImageObject\",\"inLanguage\":\"pt-BR\",\"@id\":\"https:\/\/agenciainfra.com\/blog\/#\/schema\/person\/image\/\",\"url\":\"https:\/\/secure.gravatar.com\/avatar\/d189e01678f06d8eb84d4e01f08eb848b3fffe3f8443818d3c356c66892f5be8?s=96&d=mm&r=g\",\"contentUrl\":\"https:\/\/secure.gravatar.com\/avatar\/d189e01678f06d8eb84d4e01f08eb848b3fffe3f8443818d3c356c66892f5be8?s=96&d=mm&r=g\",\"caption\":\"Ag\u00eancia iNFRA\"},\"url\":\"https:\/\/agenciainfra.com\/blog\/author\/admin\/\"}]}<\/script>\n<!-- \/ Yoast SEO Premium plugin. -->","yoast_head_json":{"title":"TCU determina nova licita\u00e7\u00e3o para a Concer e diz que repactua\u00e7\u00e3o n\u00e3o \u00e9 poss\u00edvel - Ag\u00eancia iNFRA","robots":{"index":"index","follow":"follow","max-snippet":"max-snippet:-1","max-image-preview":"max-image-preview:large","max-video-preview":"max-video-preview:-1"},"canonical":"https:\/\/agenciainfra.com\/blog\/tcu-determina-nova-licitacao-para-a-concer-e-diz-que-repactuacao-nao-e-possivel\/","og_locale":"pt_BR","og_type":"article","og_title":"TCU determina nova licita\u00e7\u00e3o para a Concer e diz que repactua\u00e7\u00e3o n\u00e3o \u00e9 poss\u00edvel","og_description":"da Ag\u00eancia iNFRA O plen\u00e1rio do TCU (Tribunal de Contas da Uni\u00e3o) deu 60 dias de prazo para que o Minist\u00e9rio dos Transportes e a ANTT (Ag\u00eancia Nacional de Transportes Terrestres) encaminhem os estudos para licitar a concess\u00e3o da BR-040\/RJ, trecho hoje administrado pela Concer. Com severas cr\u00edticas do relator e informando expressamente a impossibilidade [&hellip;]","og_url":"https:\/\/agenciainfra.com\/blog\/tcu-determina-nova-licitacao-para-a-concer-e-diz-que-repactuacao-nao-e-possivel\/","og_site_name":"Ag\u00eancia iNFRA","article_publisher":"https:\/\/www.facebook.com\/ageninfra","article_published_time":"2024-05-09T17:00:00+00:00","article_modified_time":"2026-03-13T12:41:05+00:00","og_image":[{"width":1280,"height":854,"url":"https:\/\/agenciainfra.com\/blog\/wp-content\/uploads\/2019\/08\/TCU-sede-foto-evelynne-gubert-tcu.jpg","type":"image\/jpeg"}],"author":"Ag\u00eancia iNFRA","twitter_card":"summary_large_image","twitter_creator":"@agencia_infra","twitter_site":"@agencia_infra","twitter_misc":{"Escrito por":"Ag\u00eancia iNFRA","Est. tempo de leitura":"6 minutos"},"schema":{"@context":"https:\/\/schema.org","@graph":[{"@type":"Article","@id":"https:\/\/agenciainfra.com\/blog\/tcu-determina-nova-licitacao-para-a-concer-e-diz-que-repactuacao-nao-e-possivel\/#article","isPartOf":{"@id":"https:\/\/agenciainfra.com\/blog\/tcu-determina-nova-licitacao-para-a-concer-e-diz-que-repactuacao-nao-e-possivel\/"},"author":{"name":"Ag\u00eancia iNFRA","@id":"https:\/\/agenciainfra.com\/blog\/#\/schema\/person\/34af08dff6adea4cb22b06612ba7acfa"},"headline":"TCU determina nova licita\u00e7\u00e3o para a Concer e diz que repactua\u00e7\u00e3o n\u00e3o \u00e9 poss\u00edvel","datePublished":"2024-05-09T17:00:00+00:00","dateModified":"2026-03-13T12:41:05+00:00","mainEntityOfPage":{"@id":"https:\/\/agenciainfra.com\/blog\/tcu-determina-nova-licitacao-para-a-concer-e-diz-que-repactuacao-nao-e-possivel\/"},"wordCount":1168,"publisher":{"@id":"https:\/\/agenciainfra.com\/blog\/#organization"},"image":{"@id":"https:\/\/agenciainfra.com\/blog\/tcu-determina-nova-licitacao-para-a-concer-e-diz-que-repactuacao-nao-e-possivel\/#primaryimage"},"thumbnailUrl":"https:\/\/agenciainfra.com\/blog\/wp-content\/uploads\/2019\/08\/TCU-sede-foto-evelynne-gubert-tcu.jpg","keywords":["Ag\u00eancia Nacional de Transportes Terrestres","ANTT","BR-040","Bruno Dantas","Concebra","Concer","Concess\u00e3o","Eco 101","Evair de Melo","Grupo Triunfo","Jorge Solla","obras","Renan Filho","repactua\u00e7\u00e3o","rodovias","TCU","trechos","Tribunal de Contas da Uni\u00e3o","Triunfo","Walton Alencar"],"articleSection":["Destaque lista","Geral","iNFRATransporte"],"inLanguage":"pt-BR","copyrightYear":"2024","copyrightHolder":{"@id":"https:\/\/agenciainfra.com\/blog\/#organization"}},{"@type":"WebPage","@id":"https:\/\/agenciainfra.com\/blog\/tcu-determina-nova-licitacao-para-a-concer-e-diz-que-repactuacao-nao-e-possivel\/","url":"https:\/\/agenciainfra.com\/blog\/tcu-determina-nova-licitacao-para-a-concer-e-diz-que-repactuacao-nao-e-possivel\/","name":"TCU determina nova licita\u00e7\u00e3o para a Concer e diz que repactua\u00e7\u00e3o n\u00e3o \u00e9 poss\u00edvel - Ag\u00eancia iNFRA","isPartOf":{"@id":"https:\/\/agenciainfra.com\/blog\/#website"},"primaryImageOfPage":{"@id":"https:\/\/agenciainfra.com\/blog\/tcu-determina-nova-licitacao-para-a-concer-e-diz-que-repactuacao-nao-e-possivel\/#primaryimage"},"image":{"@id":"https:\/\/agenciainfra.com\/blog\/tcu-determina-nova-licitacao-para-a-concer-e-diz-que-repactuacao-nao-e-possivel\/#primaryimage"},"thumbnailUrl":"https:\/\/agenciainfra.com\/blog\/wp-content\/uploads\/2019\/08\/TCU-sede-foto-evelynne-gubert-tcu.jpg","datePublished":"2024-05-09T17:00:00+00:00","dateModified":"2026-03-13T12:41:05+00:00","breadcrumb":{"@id":"https:\/\/agenciainfra.com\/blog\/tcu-determina-nova-licitacao-para-a-concer-e-diz-que-repactuacao-nao-e-possivel\/#breadcrumb"},"inLanguage":"pt-BR","potentialAction":[{"@type":"ReadAction","target":["https:\/\/agenciainfra.com\/blog\/tcu-determina-nova-licitacao-para-a-concer-e-diz-que-repactuacao-nao-e-possivel\/"]}]},{"@type":"ImageObject","inLanguage":"pt-BR","@id":"https:\/\/agenciainfra.com\/blog\/tcu-determina-nova-licitacao-para-a-concer-e-diz-que-repactuacao-nao-e-possivel\/#primaryimage","url":"https:\/\/agenciainfra.com\/blog\/wp-content\/uploads\/2019\/08\/TCU-sede-foto-evelynne-gubert-tcu.jpg","contentUrl":"https:\/\/agenciainfra.com\/blog\/wp-content\/uploads\/2019\/08\/TCU-sede-foto-evelynne-gubert-tcu.jpg","width":1280,"height":854},{"@type":"BreadcrumbList","@id":"https:\/\/agenciainfra.com\/blog\/tcu-determina-nova-licitacao-para-a-concer-e-diz-que-repactuacao-nao-e-possivel\/#breadcrumb","itemListElement":[{"@type":"ListItem","position":1,"name":"In\u00edcio","item":"https:\/\/agenciainfra.com\/blog\/"},{"@type":"ListItem","position":2,"name":"TCU determina nova licita\u00e7\u00e3o para a Concer e diz que repactua\u00e7\u00e3o n\u00e3o \u00e9 poss\u00edvel"}]},{"@type":"WebSite","@id":"https:\/\/agenciainfra.com\/blog\/#website","url":"https:\/\/agenciainfra.com\/blog\/","name":"Ag\u00eancia iNFRA","description":"Multiplataforma de informa\u00e7\u00e3o jornal\u00edstica refer\u00eancia na \u00e1rea de infraestrutura no Brasil!","publisher":{"@id":"https:\/\/agenciainfra.com\/blog\/#organization"},"potentialAction":[{"@type":"SearchAction","target":{"@type":"EntryPoint","urlTemplate":"https:\/\/agenciainfra.com\/blog\/?s={search_term_string}"},"query-input":{"@type":"PropertyValueSpecification","valueRequired":true,"valueName":"search_term_string"}}],"inLanguage":"pt-BR"},{"@type":"Organization","@id":"https:\/\/agenciainfra.com\/blog\/#organization","name":"Ag\u00eancia iNFRA","url":"https:\/\/agenciainfra.com\/blog\/","logo":{"@type":"ImageObject","inLanguage":"pt-BR","@id":"https:\/\/agenciainfra.com\/blog\/#\/schema\/logo\/image\/","url":"https:\/\/agenciainfra.com\/blog\/wp-content\/uploads\/2023\/09\/iNFRA_5-e1761735885940.png","contentUrl":"https:\/\/agenciainfra.com\/blog\/wp-content\/uploads\/2023\/09\/iNFRA_5-e1761735885940.png","width":1672,"height":454,"caption":"Ag\u00eancia iNFRA"},"image":{"@id":"https:\/\/agenciainfra.com\/blog\/#\/schema\/logo\/image\/"},"sameAs":["https:\/\/www.facebook.com\/ageninfra","https:\/\/x.com\/agencia_infra","https:\/\/www.linkedin.com\/company\/ag\u00eanciainfra\/","https:\/\/www.instagram.com\/agenciainfra\/"]},{"@type":"Person","@id":"https:\/\/agenciainfra.com\/blog\/#\/schema\/person\/34af08dff6adea4cb22b06612ba7acfa","name":"Ag\u00eancia iNFRA","image":{"@type":"ImageObject","inLanguage":"pt-BR","@id":"https:\/\/agenciainfra.com\/blog\/#\/schema\/person\/image\/","url":"https:\/\/secure.gravatar.com\/avatar\/d189e01678f06d8eb84d4e01f08eb848b3fffe3f8443818d3c356c66892f5be8?s=96&d=mm&r=g","contentUrl":"https:\/\/secure.gravatar.com\/avatar\/d189e01678f06d8eb84d4e01f08eb848b3fffe3f8443818d3c356c66892f5be8?s=96&d=mm&r=g","caption":"Ag\u00eancia iNFRA"},"url":"https:\/\/agenciainfra.com\/blog\/author\/admin\/"}]}},"_links":{"self":[{"href":"https:\/\/agenciainfra.com\/blog\/wp-json\/wp\/v2\/posts\/16586","targetHints":{"allow":["GET"]}}],"collection":[{"href":"https:\/\/agenciainfra.com\/blog\/wp-json\/wp\/v2\/posts"}],"about":[{"href":"https:\/\/agenciainfra.com\/blog\/wp-json\/wp\/v2\/types\/post"}],"author":[{"embeddable":true,"href":"https:\/\/agenciainfra.com\/blog\/wp-json\/wp\/v2\/users\/1"}],"replies":[{"embeddable":true,"href":"https:\/\/agenciainfra.com\/blog\/wp-json\/wp\/v2\/comments?post=16586"}],"version-history":[{"count":2,"href":"https:\/\/agenciainfra.com\/blog\/wp-json\/wp\/v2\/posts\/16586\/revisions"}],"predecessor-version":[{"id":16617,"href":"https:\/\/agenciainfra.com\/blog\/wp-json\/wp\/v2\/posts\/16586\/revisions\/16617"}],"wp:featuredmedia":[{"embeddable":true,"href":"https:\/\/agenciainfra.com\/blog\/wp-json\/wp\/v2\/media\/3613"}],"wp:attachment":[{"href":"https:\/\/agenciainfra.com\/blog\/wp-json\/wp\/v2\/media?parent=16586"}],"wp:term":[{"taxonomy":"category","embeddable":true,"href":"https:\/\/agenciainfra.com\/blog\/wp-json\/wp\/v2\/categories?post=16586"},{"taxonomy":"post_tag","embeddable":true,"href":"https:\/\/agenciainfra.com\/blog\/wp-json\/wp\/v2\/tags?post=16586"}],"curies":[{"name":"wp","href":"https:\/\/api.w.org\/{rel}","templated":true}]}}