{"id":16602,"date":"2024-05-10T11:00:00","date_gmt":"2024-05-10T14:00:00","guid":{"rendered":"https:\/\/agenciainfra.com\/blog\/?p=16602"},"modified":"2024-05-13T10:09:01","modified_gmt":"2024-05-13T13:09:01","slug":"um-brasil-menos-complexo-e-mais-compreensivel","status":"publish","type":"post","link":"https:\/\/agenciainfra.com\/blog\/um-brasil-menos-complexo-e-mais-compreensivel\/","title":{"rendered":"Um Brasil menos complexo e mais compreens\u00edvel"},"content":{"rendered":"\n<p class=\"has-text-align-right\"><strong>Nat\u00e1lia Marcassa* e M\u00e1rcio Alabarce**<\/strong><\/p>\n\n\n\n<p>A complexidade do sistema tribut\u00e1rio brasileiro \u00e9 um dos itens que mais pesa no Custo Brasil e torna o pa\u00eds um destino incerto para investidores internacionais. A cria\u00e7\u00e3o de um modelo de IVA (Imposto Sobre Valor Agregado), como existe em 90% dos pa\u00edses do mundo, permite a simplifica\u00e7\u00e3o de processos e aumento na capacidade de atra\u00e7\u00e3o de investimentos de longo prazo.<\/p>\n\n\n\n<p>A Reforma Tribut\u00e1ria derivada da Emenda Constitucional 132\/2023 precisa ser celebrada. Os impostos n\u00e3o cumulativos ou sobre o valor agregado s\u00e3o ideais porque tendem \u00e0 neutralidade, sem onerar o investimento e a produ\u00e7\u00e3o. \u00c9 fundamental que esse modelo seja retratado de forma adequada na legisla\u00e7\u00e3o.<\/p>\n\n\n\n<p>O sistema de tributa\u00e7\u00e3o do consumo brasileiro \u00e9 uma evolu\u00e7\u00e3o mal-acabada de uma s\u00e9rie de experi\u00eancias anteriores, que passam pela Constitui\u00e7\u00e3o de 1946 e, principalmente, pela reforma tribut\u00e1ria de 1965. Praticamente todas as altera\u00e7\u00f5es realizadas desde o final dos anos 1980 resultaram apenas em maior complexidade ou aumento de carga tribut\u00e1ria.<\/p>\n\n\n\n<p>Uma tentativa de mitigar esses efeitos foi a cria\u00e7\u00e3o de regimes n\u00e3o cumulativos para o PIS e a Cofins em 2002, a partir de uma Medida Provis\u00f3ria. De uma exposi\u00e7\u00e3o de bons prop\u00f3sitos, o que seguiu foi a express\u00e3o verdadeira do caos.<\/p>\n\n\n\n<p>Embora o texto da Reforma aprovado pelo Congresso n\u00e3o tenha sido o ideal para todos, foi um passo importante para a simplifica\u00e7\u00e3o tribut\u00e1ria. N\u00e3o temos d\u00favida de que o amadurecimento do debate levar\u00e1 a propostas de ajustes, inclusive a partir da discuss\u00e3o das leis complementares.<\/p>\n\n\n\n<p>Desde o in\u00edcio deste ano, um debate amplo foi promovido por diversas Frentes Parlamentares com o setor privado, em paralelo aos trabalhos realizados pelo Governo Federal no \u00e2mbito da Secretaria da Extraordin\u00e1ria da Reforma Tribut\u00e1ria.<\/p>\n\n\n\n<p>Dos primeiros, foram apresentadas contribui\u00e7\u00f5es que se converteram em variados projetos de lei complementar. Deste \u00faltimo, o Projeto de Lei Complementar 68\/2024, que em seus 499 artigos e diversos anexos, representa o resultado de uma tarefa herc\u00falea colocada a cargo do Governo Federal.<\/p>\n\n\n\n<p>Embora avan\u00e7ado, com benef\u00edcios para quem investe no Brasil, como \u00e9 o caso do setor de infraestrutura, ainda h\u00e1 o que aperfei\u00e7oar. Duas das quest\u00f5es mais sens\u00edveis s\u00e3o o prazo para o ressarcimento dos cr\u00e9ditos e o contencioso fiscal. A l\u00f3gica do IVA demanda que os prazos de ressarcimento sejam r\u00e1pidos e previs\u00edveis.<\/p>\n\n\n\n<p>Tamb\u00e9m carece de melhor regramento a disciplina das compras governamentais, e sua repercuss\u00e3o nos contratos de parceria celebrados pelas tr\u00eas esferas de governo. A legisla\u00e7\u00e3o complementar tamb\u00e9m \u00e9 uma oportunidade de implementar corre\u00e7\u00f5es no Reidi (Regime Especial de Incentivos para o Desenvolvimento da Infraestrutura), como mecanismo mantido pelo projeto para desonera\u00e7\u00e3o dos investimentos, inclusive para que n\u00e3o haja d\u00favida quanto \u00e0 sua aplicabilidade futura para os investimentos realizados no \u00e2mbito das parcerias p\u00fablicas.<\/p>\n\n\n\n<p>\u00c9 preciso avan\u00e7ar, ainda, na regra relativa aos reequil\u00edbrios de contratos de longo prazo, para n\u00e3o impactar servi\u00e7os prestados \u00e0 popula\u00e7\u00e3o.<\/p>\n\n\n\n<p>Existem preocupa\u00e7\u00f5es que ainda se fazem presente, mas h\u00e1 abertura para o di\u00e1logo no \u00e2mbito do Governo Federal e do Congresso. Perdemos muitas oportunidades de promover reformas positivas para o pa\u00eds. Esta n\u00e3o pode ser uma delas.<\/p>\n\n\n\n<h6 class=\"wp-block-heading\" id=\"block-f323f59b-51bf-4eed-b17b-3c7d3b917007\">*<strong>Nat\u00e1lia Marcassa<\/strong> \u00e9 CEO do MoveInfra.<\/h6>\n\n\n\n<h6 class=\"wp-block-heading\" id=\"block-f323f59b-51bf-4eed-b17b-3c7d3b917007\">**<strong>M\u00e1rcio Alabarce<\/strong> \u00e9 diretor jur\u00eddico da CCR.<\/h6>\n\n\n\n<h5 class=\"wp-block-heading\" id=\"block-5ef42db3-2ed1-4178-8ab5-7a7f312ba102\">As opini\u00f5es dos autores n\u00e3o refletem necessariamente o pensamento da Ag\u00eancia iNFRA, sendo de total responsabilidade do autor as informa\u00e7\u00f5es, ju\u00edzos de valor e conceitos descritos no texto.<\/h5>\n","protected":false},"excerpt":{"rendered":"<p>Nat\u00e1lia Marcassa* e M\u00e1rcio Alabarce** A complexidade do sistema tribut\u00e1rio brasileiro \u00e9 um dos itens que mais pesa no Custo Brasil e torna o pa\u00eds um destino incerto para investidores internacionais. A cria\u00e7\u00e3o de um modelo de IVA (Imposto Sobre Valor Agregado), como existe em 90% dos pa\u00edses do mundo, permite a simplifica\u00e7\u00e3o de processos [&hellip;]<\/p>\n","protected":false},"author":1,"featured_media":16603,"comment_status":"closed","ping_status":"closed","sticky":false,"template":"","format":"standard","meta":{"_monsterinsights_skip_tracking":false,"_monsterinsights_sitenote_active":false,"_monsterinsights_sitenote_note":"","_monsterinsights_sitenote_category":0,"footnotes":""},"categories":[1,11],"tags":[3740,588,9352,32,9355,9356,6141,890,9357,1730,9351,8428,9353,9354],"class_list":["post-16602","post","type-post","status-publish","format-standard","has-post-thumbnail","hentry","category-geral","category-infradebate","tag-carga-tributaria","tag-ccr","tag-complexidade-tributaria","tag-investimentos","tag-legislacao-tributaria","tag-marcio-alabarce","tag-moveinfra","tag-natalia-marcassa","tag-politicas-fiscais","tag-reforma-tributaria","tag-regime-tributario","tag-sistema-tributario","tag-tributacao-do-consumo","tag-tributacao-sobre-o-valor-agregado"],"yoast_head":"<!-- This site is optimized with the Yoast SEO Premium plugin v25.4 (Yoast SEO v26.0) - https:\/\/yoast.com\/wordpress\/plugins\/seo\/ -->\n<title>Um Brasil menos complexo e mais compreens\u00edvel - Ag\u00eancia iNFRA<\/title>\n<meta name=\"robots\" content=\"index, follow, max-snippet:-1, max-image-preview:large, max-video-preview:-1\" \/>\n<link rel=\"canonical\" href=\"https:\/\/agenciainfra.com\/blog\/um-brasil-menos-complexo-e-mais-compreensivel\/\" \/>\n<meta property=\"og:locale\" content=\"pt_BR\" \/>\n<meta property=\"og:type\" content=\"article\" \/>\n<meta property=\"og:title\" content=\"Um Brasil menos complexo e mais compreens\u00edvel\" \/>\n<meta property=\"og:description\" content=\"Nat\u00e1lia Marcassa* e M\u00e1rcio Alabarce** A complexidade do sistema tribut\u00e1rio brasileiro \u00e9 um dos itens que mais pesa no Custo Brasil e torna o pa\u00eds um destino incerto para investidores internacionais. A cria\u00e7\u00e3o de um modelo de IVA (Imposto Sobre Valor Agregado), como existe em 90% dos pa\u00edses do mundo, permite a simplifica\u00e7\u00e3o de processos [&hellip;]\" \/>\n<meta property=\"og:url\" content=\"https:\/\/agenciainfra.com\/blog\/um-brasil-menos-complexo-e-mais-compreensivel\/\" \/>\n<meta property=\"og:site_name\" content=\"Ag\u00eancia iNFRA\" \/>\n<meta property=\"article:publisher\" content=\"https:\/\/www.facebook.com\/ageninfra\" \/>\n<meta property=\"article:published_time\" content=\"2024-05-10T14:00:00+00:00\" \/>\n<meta property=\"article:modified_time\" content=\"2024-05-13T13:09:01+00:00\" \/>\n<meta property=\"og:image\" content=\"https:\/\/agenciainfra.com\/blog\/wp-content\/uploads\/2024\/05\/montagem-natalia-marcassa-e-marcio-alabarce.jpeg\" \/>\n\t<meta property=\"og:image:width\" content=\"1202\" \/>\n\t<meta property=\"og:image:height\" content=\"801\" \/>\n\t<meta property=\"og:image:type\" content=\"image\/jpeg\" \/>\n<meta name=\"author\" content=\"Ag\u00eancia iNFRA\" \/>\n<meta name=\"twitter:card\" content=\"summary_large_image\" \/>\n<meta name=\"twitter:creator\" content=\"@agencia_infra\" \/>\n<meta name=\"twitter:site\" content=\"@agencia_infra\" \/>\n<meta name=\"twitter:label1\" content=\"Escrito por\" \/>\n\t<meta name=\"twitter:data1\" content=\"Ag\u00eancia iNFRA\" \/>\n\t<meta name=\"twitter:label2\" content=\"Est. tempo de leitura\" \/>\n\t<meta name=\"twitter:data2\" content=\"3 minutos\" \/>\n<script type=\"application\/ld+json\" class=\"yoast-schema-graph\">{\"@context\":\"https:\/\/schema.org\",\"@graph\":[{\"@type\":\"Article\",\"@id\":\"https:\/\/agenciainfra.com\/blog\/um-brasil-menos-complexo-e-mais-compreensivel\/#article\",\"isPartOf\":{\"@id\":\"https:\/\/agenciainfra.com\/blog\/um-brasil-menos-complexo-e-mais-compreensivel\/\"},\"author\":{\"name\":\"Ag\u00eancia iNFRA\",\"@id\":\"https:\/\/agenciainfra.com\/blog\/#\/schema\/person\/34af08dff6adea4cb22b06612ba7acfa\"},\"headline\":\"Um Brasil menos complexo e mais compreens\u00edvel\",\"datePublished\":\"2024-05-10T14:00:00+00:00\",\"dateModified\":\"2024-05-13T13:09:01+00:00\",\"mainEntityOfPage\":{\"@id\":\"https:\/\/agenciainfra.com\/blog\/um-brasil-menos-complexo-e-mais-compreensivel\/\"},\"wordCount\":616,\"publisher\":{\"@id\":\"https:\/\/agenciainfra.com\/blog\/#organization\"},\"image\":{\"@id\":\"https:\/\/agenciainfra.com\/blog\/um-brasil-menos-complexo-e-mais-compreensivel\/#primaryimage\"},\"thumbnailUrl\":\"https:\/\/agenciainfra.com\/blog\/wp-content\/uploads\/2024\/05\/montagem-natalia-marcassa-e-marcio-alabarce.jpeg\",\"keywords\":[\"carga tribut\u00e1ria\",\"CCR\",\"complexidade tribut\u00e1ria\",\"Investimentos\",\"legisla\u00e7\u00e3o tribut\u00e1ria\",\"M\u00e1rcio Alabarce\",\"MoveInfra\",\"Nat\u00e1lia Marcassa\",\"pol\u00edticas fiscais\",\"reforma tribut\u00e1ria\",\"regime tribut\u00e1rio\",\"Sistema Tribut\u00e1rio\",\"tributa\u00e7\u00e3o do consumo\",\"tributa\u00e7\u00e3o sobre o valor agregado\"],\"articleSection\":[\"Geral\",\"iNFRADebate\"],\"inLanguage\":\"pt-BR\",\"copyrightYear\":\"2024\",\"copyrightHolder\":{\"@id\":\"https:\/\/agenciainfra.com\/blog\/#organization\"}},{\"@type\":\"WebPage\",\"@id\":\"https:\/\/agenciainfra.com\/blog\/um-brasil-menos-complexo-e-mais-compreensivel\/\",\"url\":\"https:\/\/agenciainfra.com\/blog\/um-brasil-menos-complexo-e-mais-compreensivel\/\",\"name\":\"Um Brasil menos complexo e mais compreens\u00edvel - Ag\u00eancia iNFRA\",\"isPartOf\":{\"@id\":\"https:\/\/agenciainfra.com\/blog\/#website\"},\"primaryImageOfPage\":{\"@id\":\"https:\/\/agenciainfra.com\/blog\/um-brasil-menos-complexo-e-mais-compreensivel\/#primaryimage\"},\"image\":{\"@id\":\"https:\/\/agenciainfra.com\/blog\/um-brasil-menos-complexo-e-mais-compreensivel\/#primaryimage\"},\"thumbnailUrl\":\"https:\/\/agenciainfra.com\/blog\/wp-content\/uploads\/2024\/05\/montagem-natalia-marcassa-e-marcio-alabarce.jpeg\",\"datePublished\":\"2024-05-10T14:00:00+00:00\",\"dateModified\":\"2024-05-13T13:09:01+00:00\",\"breadcrumb\":{\"@id\":\"https:\/\/agenciainfra.com\/blog\/um-brasil-menos-complexo-e-mais-compreensivel\/#breadcrumb\"},\"inLanguage\":\"pt-BR\",\"potentialAction\":[{\"@type\":\"ReadAction\",\"target\":[\"https:\/\/agenciainfra.com\/blog\/um-brasil-menos-complexo-e-mais-compreensivel\/\"]}]},{\"@type\":\"ImageObject\",\"inLanguage\":\"pt-BR\",\"@id\":\"https:\/\/agenciainfra.com\/blog\/um-brasil-menos-complexo-e-mais-compreensivel\/#primaryimage\",\"url\":\"https:\/\/agenciainfra.com\/blog\/wp-content\/uploads\/2024\/05\/montagem-natalia-marcassa-e-marcio-alabarce.jpeg\",\"contentUrl\":\"https:\/\/agenciainfra.com\/blog\/wp-content\/uploads\/2024\/05\/montagem-natalia-marcassa-e-marcio-alabarce.jpeg\",\"width\":1202,\"height\":801},{\"@type\":\"BreadcrumbList\",\"@id\":\"https:\/\/agenciainfra.com\/blog\/um-brasil-menos-complexo-e-mais-compreensivel\/#breadcrumb\",\"itemListElement\":[{\"@type\":\"ListItem\",\"position\":1,\"name\":\"In\u00edcio\",\"item\":\"https:\/\/agenciainfra.com\/blog\/\"},{\"@type\":\"ListItem\",\"position\":2,\"name\":\"Um Brasil menos complexo e mais compreens\u00edvel\"}]},{\"@type\":\"WebSite\",\"@id\":\"https:\/\/agenciainfra.com\/blog\/#website\",\"url\":\"https:\/\/agenciainfra.com\/blog\/\",\"name\":\"Ag\u00eancia iNFRA\",\"description\":\"Multiplataforma de informa\u00e7\u00e3o jornal\u00edstica refer\u00eancia na \u00e1rea de infraestrutura no Brasil!\",\"publisher\":{\"@id\":\"https:\/\/agenciainfra.com\/blog\/#organization\"},\"potentialAction\":[{\"@type\":\"SearchAction\",\"target\":{\"@type\":\"EntryPoint\",\"urlTemplate\":\"https:\/\/agenciainfra.com\/blog\/?s={search_term_string}\"},\"query-input\":{\"@type\":\"PropertyValueSpecification\",\"valueRequired\":true,\"valueName\":\"search_term_string\"}}],\"inLanguage\":\"pt-BR\"},{\"@type\":\"Organization\",\"@id\":\"https:\/\/agenciainfra.com\/blog\/#organization\",\"name\":\"Ag\u00eancia iNFRA\",\"url\":\"https:\/\/agenciainfra.com\/blog\/\",\"logo\":{\"@type\":\"ImageObject\",\"inLanguage\":\"pt-BR\",\"@id\":\"https:\/\/agenciainfra.com\/blog\/#\/schema\/logo\/image\/\",\"url\":\"https:\/\/agenciainfra.com\/blog\/wp-content\/uploads\/2023\/09\/iNFRA_5-e1761735885940.png\",\"contentUrl\":\"https:\/\/agenciainfra.com\/blog\/wp-content\/uploads\/2023\/09\/iNFRA_5-e1761735885940.png\",\"width\":1672,\"height\":454,\"caption\":\"Ag\u00eancia iNFRA\"},\"image\":{\"@id\":\"https:\/\/agenciainfra.com\/blog\/#\/schema\/logo\/image\/\"},\"sameAs\":[\"https:\/\/www.facebook.com\/ageninfra\",\"https:\/\/x.com\/agencia_infra\",\"https:\/\/www.linkedin.com\/company\/ag\u00eanciainfra\/\",\"https:\/\/www.instagram.com\/agenciainfra\/\"]},{\"@type\":\"Person\",\"@id\":\"https:\/\/agenciainfra.com\/blog\/#\/schema\/person\/34af08dff6adea4cb22b06612ba7acfa\",\"name\":\"Ag\u00eancia iNFRA\",\"image\":{\"@type\":\"ImageObject\",\"inLanguage\":\"pt-BR\",\"@id\":\"https:\/\/agenciainfra.com\/blog\/#\/schema\/person\/image\/\",\"url\":\"https:\/\/secure.gravatar.com\/avatar\/d189e01678f06d8eb84d4e01f08eb848b3fffe3f8443818d3c356c66892f5be8?s=96&d=mm&r=g\",\"contentUrl\":\"https:\/\/secure.gravatar.com\/avatar\/d189e01678f06d8eb84d4e01f08eb848b3fffe3f8443818d3c356c66892f5be8?s=96&d=mm&r=g\",\"caption\":\"Ag\u00eancia iNFRA\"},\"url\":\"https:\/\/agenciainfra.com\/blog\/author\/admin\/\"}]}<\/script>\n<!-- \/ Yoast SEO Premium plugin. -->","yoast_head_json":{"title":"Um Brasil menos complexo e mais compreens\u00edvel - Ag\u00eancia iNFRA","robots":{"index":"index","follow":"follow","max-snippet":"max-snippet:-1","max-image-preview":"max-image-preview:large","max-video-preview":"max-video-preview:-1"},"canonical":"https:\/\/agenciainfra.com\/blog\/um-brasil-menos-complexo-e-mais-compreensivel\/","og_locale":"pt_BR","og_type":"article","og_title":"Um Brasil menos complexo e mais compreens\u00edvel","og_description":"Nat\u00e1lia Marcassa* e M\u00e1rcio Alabarce** A complexidade do sistema tribut\u00e1rio brasileiro \u00e9 um dos itens que mais pesa no Custo Brasil e torna o pa\u00eds um destino incerto para investidores internacionais. A cria\u00e7\u00e3o de um modelo de IVA (Imposto Sobre Valor Agregado), como existe em 90% dos pa\u00edses do mundo, permite a simplifica\u00e7\u00e3o de processos [&hellip;]","og_url":"https:\/\/agenciainfra.com\/blog\/um-brasil-menos-complexo-e-mais-compreensivel\/","og_site_name":"Ag\u00eancia iNFRA","article_publisher":"https:\/\/www.facebook.com\/ageninfra","article_published_time":"2024-05-10T14:00:00+00:00","article_modified_time":"2024-05-13T13:09:01+00:00","og_image":[{"width":1202,"height":801,"url":"https:\/\/agenciainfra.com\/blog\/wp-content\/uploads\/2024\/05\/montagem-natalia-marcassa-e-marcio-alabarce.jpeg","type":"image\/jpeg"}],"author":"Ag\u00eancia iNFRA","twitter_card":"summary_large_image","twitter_creator":"@agencia_infra","twitter_site":"@agencia_infra","twitter_misc":{"Escrito por":"Ag\u00eancia iNFRA","Est. tempo de leitura":"3 minutos"},"schema":{"@context":"https:\/\/schema.org","@graph":[{"@type":"Article","@id":"https:\/\/agenciainfra.com\/blog\/um-brasil-menos-complexo-e-mais-compreensivel\/#article","isPartOf":{"@id":"https:\/\/agenciainfra.com\/blog\/um-brasil-menos-complexo-e-mais-compreensivel\/"},"author":{"name":"Ag\u00eancia iNFRA","@id":"https:\/\/agenciainfra.com\/blog\/#\/schema\/person\/34af08dff6adea4cb22b06612ba7acfa"},"headline":"Um Brasil menos complexo e mais compreens\u00edvel","datePublished":"2024-05-10T14:00:00+00:00","dateModified":"2024-05-13T13:09:01+00:00","mainEntityOfPage":{"@id":"https:\/\/agenciainfra.com\/blog\/um-brasil-menos-complexo-e-mais-compreensivel\/"},"wordCount":616,"publisher":{"@id":"https:\/\/agenciainfra.com\/blog\/#organization"},"image":{"@id":"https:\/\/agenciainfra.com\/blog\/um-brasil-menos-complexo-e-mais-compreensivel\/#primaryimage"},"thumbnailUrl":"https:\/\/agenciainfra.com\/blog\/wp-content\/uploads\/2024\/05\/montagem-natalia-marcassa-e-marcio-alabarce.jpeg","keywords":["carga tribut\u00e1ria","CCR","complexidade tribut\u00e1ria","Investimentos","legisla\u00e7\u00e3o tribut\u00e1ria","M\u00e1rcio Alabarce","MoveInfra","Nat\u00e1lia Marcassa","pol\u00edticas fiscais","reforma tribut\u00e1ria","regime tribut\u00e1rio","Sistema Tribut\u00e1rio","tributa\u00e7\u00e3o do consumo","tributa\u00e7\u00e3o sobre o valor agregado"],"articleSection":["Geral","iNFRADebate"],"inLanguage":"pt-BR","copyrightYear":"2024","copyrightHolder":{"@id":"https:\/\/agenciainfra.com\/blog\/#organization"}},{"@type":"WebPage","@id":"https:\/\/agenciainfra.com\/blog\/um-brasil-menos-complexo-e-mais-compreensivel\/","url":"https:\/\/agenciainfra.com\/blog\/um-brasil-menos-complexo-e-mais-compreensivel\/","name":"Um Brasil menos complexo e mais compreens\u00edvel - Ag\u00eancia iNFRA","isPartOf":{"@id":"https:\/\/agenciainfra.com\/blog\/#website"},"primaryImageOfPage":{"@id":"https:\/\/agenciainfra.com\/blog\/um-brasil-menos-complexo-e-mais-compreensivel\/#primaryimage"},"image":{"@id":"https:\/\/agenciainfra.com\/blog\/um-brasil-menos-complexo-e-mais-compreensivel\/#primaryimage"},"thumbnailUrl":"https:\/\/agenciainfra.com\/blog\/wp-content\/uploads\/2024\/05\/montagem-natalia-marcassa-e-marcio-alabarce.jpeg","datePublished":"2024-05-10T14:00:00+00:00","dateModified":"2024-05-13T13:09:01+00:00","breadcrumb":{"@id":"https:\/\/agenciainfra.com\/blog\/um-brasil-menos-complexo-e-mais-compreensivel\/#breadcrumb"},"inLanguage":"pt-BR","potentialAction":[{"@type":"ReadAction","target":["https:\/\/agenciainfra.com\/blog\/um-brasil-menos-complexo-e-mais-compreensivel\/"]}]},{"@type":"ImageObject","inLanguage":"pt-BR","@id":"https:\/\/agenciainfra.com\/blog\/um-brasil-menos-complexo-e-mais-compreensivel\/#primaryimage","url":"https:\/\/agenciainfra.com\/blog\/wp-content\/uploads\/2024\/05\/montagem-natalia-marcassa-e-marcio-alabarce.jpeg","contentUrl":"https:\/\/agenciainfra.com\/blog\/wp-content\/uploads\/2024\/05\/montagem-natalia-marcassa-e-marcio-alabarce.jpeg","width":1202,"height":801},{"@type":"BreadcrumbList","@id":"https:\/\/agenciainfra.com\/blog\/um-brasil-menos-complexo-e-mais-compreensivel\/#breadcrumb","itemListElement":[{"@type":"ListItem","position":1,"name":"In\u00edcio","item":"https:\/\/agenciainfra.com\/blog\/"},{"@type":"ListItem","position":2,"name":"Um Brasil menos complexo e mais compreens\u00edvel"}]},{"@type":"WebSite","@id":"https:\/\/agenciainfra.com\/blog\/#website","url":"https:\/\/agenciainfra.com\/blog\/","name":"Ag\u00eancia iNFRA","description":"Multiplataforma de informa\u00e7\u00e3o jornal\u00edstica refer\u00eancia na \u00e1rea de infraestrutura no Brasil!","publisher":{"@id":"https:\/\/agenciainfra.com\/blog\/#organization"},"potentialAction":[{"@type":"SearchAction","target":{"@type":"EntryPoint","urlTemplate":"https:\/\/agenciainfra.com\/blog\/?s={search_term_string}"},"query-input":{"@type":"PropertyValueSpecification","valueRequired":true,"valueName":"search_term_string"}}],"inLanguage":"pt-BR"},{"@type":"Organization","@id":"https:\/\/agenciainfra.com\/blog\/#organization","name":"Ag\u00eancia iNFRA","url":"https:\/\/agenciainfra.com\/blog\/","logo":{"@type":"ImageObject","inLanguage":"pt-BR","@id":"https:\/\/agenciainfra.com\/blog\/#\/schema\/logo\/image\/","url":"https:\/\/agenciainfra.com\/blog\/wp-content\/uploads\/2023\/09\/iNFRA_5-e1761735885940.png","contentUrl":"https:\/\/agenciainfra.com\/blog\/wp-content\/uploads\/2023\/09\/iNFRA_5-e1761735885940.png","width":1672,"height":454,"caption":"Ag\u00eancia iNFRA"},"image":{"@id":"https:\/\/agenciainfra.com\/blog\/#\/schema\/logo\/image\/"},"sameAs":["https:\/\/www.facebook.com\/ageninfra","https:\/\/x.com\/agencia_infra","https:\/\/www.linkedin.com\/company\/ag\u00eanciainfra\/","https:\/\/www.instagram.com\/agenciainfra\/"]},{"@type":"Person","@id":"https:\/\/agenciainfra.com\/blog\/#\/schema\/person\/34af08dff6adea4cb22b06612ba7acfa","name":"Ag\u00eancia iNFRA","image":{"@type":"ImageObject","inLanguage":"pt-BR","@id":"https:\/\/agenciainfra.com\/blog\/#\/schema\/person\/image\/","url":"https:\/\/secure.gravatar.com\/avatar\/d189e01678f06d8eb84d4e01f08eb848b3fffe3f8443818d3c356c66892f5be8?s=96&d=mm&r=g","contentUrl":"https:\/\/secure.gravatar.com\/avatar\/d189e01678f06d8eb84d4e01f08eb848b3fffe3f8443818d3c356c66892f5be8?s=96&d=mm&r=g","caption":"Ag\u00eancia iNFRA"},"url":"https:\/\/agenciainfra.com\/blog\/author\/admin\/"}]}},"_links":{"self":[{"href":"https:\/\/agenciainfra.com\/blog\/wp-json\/wp\/v2\/posts\/16602","targetHints":{"allow":["GET"]}}],"collection":[{"href":"https:\/\/agenciainfra.com\/blog\/wp-json\/wp\/v2\/posts"}],"about":[{"href":"https:\/\/agenciainfra.com\/blog\/wp-json\/wp\/v2\/types\/post"}],"author":[{"embeddable":true,"href":"https:\/\/agenciainfra.com\/blog\/wp-json\/wp\/v2\/users\/1"}],"replies":[{"embeddable":true,"href":"https:\/\/agenciainfra.com\/blog\/wp-json\/wp\/v2\/comments?post=16602"}],"version-history":[{"count":1,"href":"https:\/\/agenciainfra.com\/blog\/wp-json\/wp\/v2\/posts\/16602\/revisions"}],"predecessor-version":[{"id":16604,"href":"https:\/\/agenciainfra.com\/blog\/wp-json\/wp\/v2\/posts\/16602\/revisions\/16604"}],"wp:featuredmedia":[{"embeddable":true,"href":"https:\/\/agenciainfra.com\/blog\/wp-json\/wp\/v2\/media\/16603"}],"wp:attachment":[{"href":"https:\/\/agenciainfra.com\/blog\/wp-json\/wp\/v2\/media?parent=16602"}],"wp:term":[{"taxonomy":"category","embeddable":true,"href":"https:\/\/agenciainfra.com\/blog\/wp-json\/wp\/v2\/categories?post=16602"},{"taxonomy":"post_tag","embeddable":true,"href":"https:\/\/agenciainfra.com\/blog\/wp-json\/wp\/v2\/tags?post=16602"}],"curies":[{"name":"wp","href":"https:\/\/api.w.org\/{rel}","templated":true}]}}