{"id":16608,"date":"2024-05-10T14:00:00","date_gmt":"2024-05-10T17:00:00","guid":{"rendered":"https:\/\/agenciainfra.com\/blog\/?p=16608"},"modified":"2026-03-13T09:41:03","modified_gmt":"2026-03-13T12:41:03","slug":"eletrobras-aumenta-pressao-sobre-amazonas-energia-por-causa-de-dividas","status":"publish","type":"post","link":"https:\/\/agenciainfra.com\/blog\/eletrobras-aumenta-pressao-sobre-amazonas-energia-por-causa-de-dividas\/","title":{"rendered":"Eletrobras aumenta press\u00e3o sobre Amazonas Energia por causa de d\u00edvidas"},"content":{"rendered":"\n<p class=\"has-text-align-right\"><strong>Leila Coimbra, da&nbsp;Ag\u00eancia iNFRA<\/strong><\/p>\n\n\n\n<p>A&nbsp;Eletrobras&nbsp;aumentou a&nbsp;press\u00e3o&nbsp;sobre&nbsp;a distribuidora&nbsp;Amazonas&nbsp;Energia, que possui d\u00edvida de R$ 10 bilh\u00f5es junto \u00e0 ex-estatal e est\u00e1 inadimplente h\u00e1 cinco meses. O presidente da&nbsp;Eletrobras, Ivan Monteiro, disse em teleconfer\u00eancia com analistas nesta quinta-feira (9) que a&nbsp;Amazonas&nbsp;\u00e9 um dos principais problemas da companhia atualmente, com consequ\u00eancias em seu caixa.<br>&nbsp;<br>Segundo Monteiro, desde dezembro do ano passado a distribuidora n\u00e3o honra o pagamento dos seus compromissos, o que provocou impacto negativo de R$ 432 milh\u00f5es no balan\u00e7o financeiro referente ao primeiro trimestre deste ano.<br>&nbsp;<br>\u201cA&nbsp;Amazonas&nbsp;n\u00e3o efetua nenhum pagamento \u00e0&nbsp;Eletrobras&nbsp;desde dezembro do ano passado. Temos buscado, n\u00e3o s\u00f3 atrav\u00e9s de a\u00e7\u00f5es de natureza legal, mas tamb\u00e9m em discuss\u00f5es intensas com a ANEEL [Ag\u00eancia Nacional de&nbsp;Energia&nbsp;El\u00e9trica], e com o pr\u00f3prio Minist\u00e9rio das Minas e&nbsp;Energia, uma solu\u00e7\u00e3o conjunta para essa quest\u00e3o, que \u00e9 grave, que nos afetou neste primeiro trimestre com um valor expressivo superior a R$ 400 milh\u00f5es\u201d, afirmou Monteiro.<br>&nbsp;<br><strong>Medidas legais<\/strong><br>O vice-presidente jur\u00eddico da companhia, Marcelo de Siqueira, falou na teleconfer\u00eancia que os processos de cobran\u00e7a est\u00e3o em andamento \u201ccom uma atua\u00e7\u00e3o bastante forte\u201d da&nbsp;Eletrobras, mas que n\u00e3o est\u00e3o descartadas novas medidas legais.<br>&nbsp;<br>\u201cDe fato, n\u00f3s j\u00e1 temos neste momento judicializadas execu\u00e7\u00f5es contra a&nbsp;Amazonas&nbsp;Energia&nbsp;em mais de tr\u00eas quartos do valor total da d\u00edvida que eles t\u00eam com o grupo&nbsp;Eletrobras, e, portanto, os processos de cobran\u00e7a est\u00e3o em andamento com uma atua\u00e7\u00e3o bastante forte em rela\u00e7\u00e3o aos mesmos\u201d, disse Siqueira.<br>&nbsp;<br>\u201cMas n\u00f3s iremos, sim, na sequ\u00eancia, adotar algumas medidas legais mais incisivas, com o objetivo de buscar cessar essa situa\u00e7\u00e3o de inadimpl\u00eancia corrente e tamb\u00e9m buscar os cr\u00e9ditos passados que est\u00e3o inadimplidos da&nbsp;Amazonas&nbsp;com o grupo&nbsp;Eletrobras\u201d, completou.<br>&nbsp;<br><strong>Troca de controlador<\/strong><br>O vice-presidente de Regula\u00e7\u00e3o e Rela\u00e7\u00f5es Institucionais, Rodrigo Limp, afirmou que \u201cespecificamente ap\u00f3s a recomenda\u00e7\u00e3o de caducidade [da concess\u00e3o] pela ANEEL em novembro, houve um retorno das inadimpl\u00eancias\u201d.<br>&nbsp;<br>Segundo Limp, o Minist\u00e9rio de Minas e&nbsp;Energia&nbsp;publicou em fevereiro o resultado do estudo do grupo de trabalho&nbsp;sobre&nbsp;a&nbsp;Amazonas, e as solu\u00e7\u00f5es passam&nbsp;por&nbsp;flexibiliza\u00e7\u00f5es legais e transfer\u00eancia do controle da empresa, seja&nbsp;por&nbsp;transfer\u00eancia negocial, processo de caducidade ou&nbsp;por&nbsp;uma interven\u00e7\u00e3o.<br>&nbsp;<br>\u201cEnt\u00e3o a nossa expectativa \u00e9 que saiam em breve propostas de medidas que flexibilizem os par\u00e2metros regulat\u00f3rios e viabilizem a entrada de um novo controlador, porque, especialmente depois da recomenda\u00e7\u00e3o de caducidade pela ANEEL, o atual controlador vem demonstrando uma presente perda de condi\u00e7\u00f5es da presta\u00e7\u00e3o do servi\u00e7o\u201d, completou.<\/p>\n","protected":false},"excerpt":{"rendered":"<p>Leila Coimbra, da&nbsp;Ag\u00eancia iNFRA A&nbsp;Eletrobras&nbsp;aumentou a&nbsp;press\u00e3o&nbsp;sobre&nbsp;a distribuidora&nbsp;Amazonas&nbsp;Energia, que possui d\u00edvida de R$ 10 bilh\u00f5es junto \u00e0 ex-estatal e est\u00e1 inadimplente h\u00e1 cinco meses. O presidente da&nbsp;Eletrobras, Ivan Monteiro, disse em teleconfer\u00eancia com analistas nesta quinta-feira (9) que a&nbsp;Amazonas&nbsp;\u00e9 um dos principais problemas da companhia atualmente, com consequ\u00eancias em seu caixa.&nbsp;Segundo Monteiro, desde dezembro do ano [&hellip;]<\/p>\n","protected":false},"author":1,"featured_media":6714,"comment_status":"closed","ping_status":"closed","sticky":false,"template":"","format":"standard","meta":{"_monsterinsights_skip_tracking":false,"_monsterinsights_sitenote_active":false,"_monsterinsights_sitenote_note":"","_monsterinsights_sitenote_category":0,"footnotes":""},"categories":[7248,7250,1,10],"tags":[852,672,144,53,642,336,50,335,9363,1984,9361,9362,96,71,9364,851,9365],"class_list":["post-16608","post","type-post","status-publish","format-standard","has-post-thumbnail","hentry","category-cabecalho","category-destaque-lista","category-geral","category-infraenergia","tag-agencia-nacional-de-energia-eletrica","tag-amazonas","tag-amazonas-energia","tag-aneel","tag-cobranca","tag-divida","tag-eletrobras","tag-inadimplencia","tag-ivan-monteiro","tag-leila-coimbra","tag-marcelo-de-siqueira","tag-medidas-legais","tag-ministerio-de-minas-e-energia","tag-mme","tag-processo-de-caducidade","tag-rodrigo-limp","tag-solucoes-regulatorias"],"yoast_head":"<!-- This site is optimized with the Yoast SEO Premium plugin v25.4 (Yoast SEO v26.0) - https:\/\/yoast.com\/wordpress\/plugins\/seo\/ -->\n<title>Eletrobras aumenta press\u00e3o sobre Amazonas Energia por causa de d\u00edvidas - Ag\u00eancia iNFRA<\/title>\n<meta name=\"robots\" content=\"index, follow, max-snippet:-1, max-image-preview:large, max-video-preview:-1\" \/>\n<link rel=\"canonical\" href=\"https:\/\/agenciainfra.com\/blog\/eletrobras-aumenta-pressao-sobre-amazonas-energia-por-causa-de-dividas\/\" \/>\n<meta property=\"og:locale\" content=\"pt_BR\" \/>\n<meta property=\"og:type\" content=\"article\" \/>\n<meta property=\"og:title\" content=\"Eletrobras aumenta press\u00e3o sobre Amazonas Energia por causa de d\u00edvidas\" \/>\n<meta property=\"og:description\" content=\"Leila Coimbra, da&nbsp;Ag\u00eancia iNFRA A&nbsp;Eletrobras&nbsp;aumentou a&nbsp;press\u00e3o&nbsp;sobre&nbsp;a distribuidora&nbsp;Amazonas&nbsp;Energia, que possui d\u00edvida de R$ 10 bilh\u00f5es junto \u00e0 ex-estatal e est\u00e1 inadimplente h\u00e1 cinco meses. O presidente da&nbsp;Eletrobras, Ivan Monteiro, disse em teleconfer\u00eancia com analistas nesta quinta-feira (9) que a&nbsp;Amazonas&nbsp;\u00e9 um dos principais problemas da companhia atualmente, com consequ\u00eancias em seu caixa.&nbsp;Segundo Monteiro, desde dezembro do ano [&hellip;]\" \/>\n<meta property=\"og:url\" content=\"https:\/\/agenciainfra.com\/blog\/eletrobras-aumenta-pressao-sobre-amazonas-energia-por-causa-de-dividas\/\" \/>\n<meta property=\"og:site_name\" content=\"Ag\u00eancia iNFRA\" \/>\n<meta property=\"article:publisher\" content=\"https:\/\/www.facebook.com\/ageninfra\" \/>\n<meta property=\"article:published_time\" content=\"2024-05-10T17:00:00+00:00\" \/>\n<meta property=\"article:modified_time\" content=\"2026-03-13T12:41:03+00:00\" \/>\n<meta property=\"og:image\" content=\"https:\/\/agenciainfra.com\/blog\/wp-content\/uploads\/2021\/01\/amazonas-energia-foto-divulgacao-redes-sociais.jpg\" \/>\n\t<meta property=\"og:image:width\" content=\"1280\" \/>\n\t<meta property=\"og:image:height\" content=\"855\" \/>\n\t<meta property=\"og:image:type\" content=\"image\/jpeg\" \/>\n<meta name=\"author\" content=\"Ag\u00eancia iNFRA\" \/>\n<meta name=\"twitter:card\" content=\"summary_large_image\" \/>\n<meta name=\"twitter:creator\" content=\"@agencia_infra\" \/>\n<meta name=\"twitter:site\" content=\"@agencia_infra\" \/>\n<meta name=\"twitter:label1\" content=\"Escrito por\" \/>\n\t<meta name=\"twitter:data1\" content=\"Ag\u00eancia iNFRA\" \/>\n\t<meta name=\"twitter:label2\" content=\"Est. tempo de leitura\" \/>\n\t<meta name=\"twitter:data2\" content=\"3 minutos\" \/>\n<script type=\"application\/ld+json\" class=\"yoast-schema-graph\">{\"@context\":\"https:\/\/schema.org\",\"@graph\":[{\"@type\":\"Article\",\"@id\":\"https:\/\/agenciainfra.com\/blog\/eletrobras-aumenta-pressao-sobre-amazonas-energia-por-causa-de-dividas\/#article\",\"isPartOf\":{\"@id\":\"https:\/\/agenciainfra.com\/blog\/eletrobras-aumenta-pressao-sobre-amazonas-energia-por-causa-de-dividas\/\"},\"author\":{\"name\":\"Ag\u00eancia iNFRA\",\"@id\":\"https:\/\/agenciainfra.com\/blog\/#\/schema\/person\/34af08dff6adea4cb22b06612ba7acfa\"},\"headline\":\"Eletrobras aumenta press\u00e3o sobre Amazonas Energia por causa de d\u00edvidas\",\"datePublished\":\"2024-05-10T17:00:00+00:00\",\"dateModified\":\"2026-03-13T12:41:03+00:00\",\"mainEntityOfPage\":{\"@id\":\"https:\/\/agenciainfra.com\/blog\/eletrobras-aumenta-pressao-sobre-amazonas-energia-por-causa-de-dividas\/\"},\"wordCount\":529,\"publisher\":{\"@id\":\"https:\/\/agenciainfra.com\/blog\/#organization\"},\"image\":{\"@id\":\"https:\/\/agenciainfra.com\/blog\/eletrobras-aumenta-pressao-sobre-amazonas-energia-por-causa-de-dividas\/#primaryimage\"},\"thumbnailUrl\":\"https:\/\/agenciainfra.com\/blog\/wp-content\/uploads\/2021\/01\/amazonas-energia-foto-divulgacao-redes-sociais.jpg\",\"keywords\":[\"Ag\u00eancia Nacional de Energia El\u00e9trica\",\"amazonas\",\"Amazonas Energia\",\"ANEEL\",\"cobran\u00e7a\",\"d\u00edvida\",\"Eletrobras\",\"inadimpl\u00eancia\",\"Ivan Monteiro\",\"Leila Coimbra\",\"Marcelo de Siqueira\",\"medidas legais\",\"Minist\u00e9rio de Minas e Energia\",\"MME\",\"processo de caducidade\",\"Rodrigo Limp\",\"solu\u00e7\u00f5es regulat\u00f3rias\"],\"articleSection\":[\"Cabe\u00e7alho\",\"Destaque lista\",\"Geral\",\"iNFRAEnergia\"],\"inLanguage\":\"pt-BR\",\"copyrightYear\":\"2024\",\"copyrightHolder\":{\"@id\":\"https:\/\/agenciainfra.com\/blog\/#organization\"}},{\"@type\":\"WebPage\",\"@id\":\"https:\/\/agenciainfra.com\/blog\/eletrobras-aumenta-pressao-sobre-amazonas-energia-por-causa-de-dividas\/\",\"url\":\"https:\/\/agenciainfra.com\/blog\/eletrobras-aumenta-pressao-sobre-amazonas-energia-por-causa-de-dividas\/\",\"name\":\"Eletrobras aumenta press\u00e3o sobre Amazonas Energia por causa de d\u00edvidas - Ag\u00eancia iNFRA\",\"isPartOf\":{\"@id\":\"https:\/\/agenciainfra.com\/blog\/#website\"},\"primaryImageOfPage\":{\"@id\":\"https:\/\/agenciainfra.com\/blog\/eletrobras-aumenta-pressao-sobre-amazonas-energia-por-causa-de-dividas\/#primaryimage\"},\"image\":{\"@id\":\"https:\/\/agenciainfra.com\/blog\/eletrobras-aumenta-pressao-sobre-amazonas-energia-por-causa-de-dividas\/#primaryimage\"},\"thumbnailUrl\":\"https:\/\/agenciainfra.com\/blog\/wp-content\/uploads\/2021\/01\/amazonas-energia-foto-divulgacao-redes-sociais.jpg\",\"datePublished\":\"2024-05-10T17:00:00+00:00\",\"dateModified\":\"2026-03-13T12:41:03+00:00\",\"breadcrumb\":{\"@id\":\"https:\/\/agenciainfra.com\/blog\/eletrobras-aumenta-pressao-sobre-amazonas-energia-por-causa-de-dividas\/#breadcrumb\"},\"inLanguage\":\"pt-BR\",\"potentialAction\":[{\"@type\":\"ReadAction\",\"target\":[\"https:\/\/agenciainfra.com\/blog\/eletrobras-aumenta-pressao-sobre-amazonas-energia-por-causa-de-dividas\/\"]}]},{\"@type\":\"ImageObject\",\"inLanguage\":\"pt-BR\",\"@id\":\"https:\/\/agenciainfra.com\/blog\/eletrobras-aumenta-pressao-sobre-amazonas-energia-por-causa-de-dividas\/#primaryimage\",\"url\":\"https:\/\/agenciainfra.com\/blog\/wp-content\/uploads\/2021\/01\/amazonas-energia-foto-divulgacao-redes-sociais.jpg\",\"contentUrl\":\"https:\/\/agenciainfra.com\/blog\/wp-content\/uploads\/2021\/01\/amazonas-energia-foto-divulgacao-redes-sociais.jpg\",\"width\":1280,\"height\":855,\"caption\":\"Foto: Divulga\u00e7\u00e3o\/Amazonas Energia\"},{\"@type\":\"BreadcrumbList\",\"@id\":\"https:\/\/agenciainfra.com\/blog\/eletrobras-aumenta-pressao-sobre-amazonas-energia-por-causa-de-dividas\/#breadcrumb\",\"itemListElement\":[{\"@type\":\"ListItem\",\"position\":1,\"name\":\"In\u00edcio\",\"item\":\"https:\/\/agenciainfra.com\/blog\/\"},{\"@type\":\"ListItem\",\"position\":2,\"name\":\"Eletrobras aumenta press\u00e3o sobre Amazonas Energia por causa de d\u00edvidas\"}]},{\"@type\":\"WebSite\",\"@id\":\"https:\/\/agenciainfra.com\/blog\/#website\",\"url\":\"https:\/\/agenciainfra.com\/blog\/\",\"name\":\"Ag\u00eancia iNFRA\",\"description\":\"Multiplataforma de informa\u00e7\u00e3o jornal\u00edstica refer\u00eancia na \u00e1rea de infraestrutura no Brasil!\",\"publisher\":{\"@id\":\"https:\/\/agenciainfra.com\/blog\/#organization\"},\"potentialAction\":[{\"@type\":\"SearchAction\",\"target\":{\"@type\":\"EntryPoint\",\"urlTemplate\":\"https:\/\/agenciainfra.com\/blog\/?s={search_term_string}\"},\"query-input\":{\"@type\":\"PropertyValueSpecification\",\"valueRequired\":true,\"valueName\":\"search_term_string\"}}],\"inLanguage\":\"pt-BR\"},{\"@type\":\"Organization\",\"@id\":\"https:\/\/agenciainfra.com\/blog\/#organization\",\"name\":\"Ag\u00eancia iNFRA\",\"url\":\"https:\/\/agenciainfra.com\/blog\/\",\"logo\":{\"@type\":\"ImageObject\",\"inLanguage\":\"pt-BR\",\"@id\":\"https:\/\/agenciainfra.com\/blog\/#\/schema\/logo\/image\/\",\"url\":\"https:\/\/agenciainfra.com\/blog\/wp-content\/uploads\/2023\/09\/iNFRA_5-e1761735885940.png\",\"contentUrl\":\"https:\/\/agenciainfra.com\/blog\/wp-content\/uploads\/2023\/09\/iNFRA_5-e1761735885940.png\",\"width\":1672,\"height\":454,\"caption\":\"Ag\u00eancia iNFRA\"},\"image\":{\"@id\":\"https:\/\/agenciainfra.com\/blog\/#\/schema\/logo\/image\/\"},\"sameAs\":[\"https:\/\/www.facebook.com\/ageninfra\",\"https:\/\/x.com\/agencia_infra\",\"https:\/\/www.linkedin.com\/company\/ag\u00eanciainfra\/\",\"https:\/\/www.instagram.com\/agenciainfra\/\"]},{\"@type\":\"Person\",\"@id\":\"https:\/\/agenciainfra.com\/blog\/#\/schema\/person\/34af08dff6adea4cb22b06612ba7acfa\",\"name\":\"Ag\u00eancia iNFRA\",\"image\":{\"@type\":\"ImageObject\",\"inLanguage\":\"pt-BR\",\"@id\":\"https:\/\/agenciainfra.com\/blog\/#\/schema\/person\/image\/\",\"url\":\"https:\/\/secure.gravatar.com\/avatar\/d189e01678f06d8eb84d4e01f08eb848b3fffe3f8443818d3c356c66892f5be8?s=96&d=mm&r=g\",\"contentUrl\":\"https:\/\/secure.gravatar.com\/avatar\/d189e01678f06d8eb84d4e01f08eb848b3fffe3f8443818d3c356c66892f5be8?s=96&d=mm&r=g\",\"caption\":\"Ag\u00eancia iNFRA\"},\"url\":\"https:\/\/agenciainfra.com\/blog\/author\/admin\/\"}]}<\/script>\n<!-- \/ Yoast SEO Premium plugin. -->","yoast_head_json":{"title":"Eletrobras aumenta press\u00e3o sobre Amazonas Energia por causa de d\u00edvidas - Ag\u00eancia iNFRA","robots":{"index":"index","follow":"follow","max-snippet":"max-snippet:-1","max-image-preview":"max-image-preview:large","max-video-preview":"max-video-preview:-1"},"canonical":"https:\/\/agenciainfra.com\/blog\/eletrobras-aumenta-pressao-sobre-amazonas-energia-por-causa-de-dividas\/","og_locale":"pt_BR","og_type":"article","og_title":"Eletrobras aumenta press\u00e3o sobre Amazonas Energia por causa de d\u00edvidas","og_description":"Leila Coimbra, da&nbsp;Ag\u00eancia iNFRA A&nbsp;Eletrobras&nbsp;aumentou a&nbsp;press\u00e3o&nbsp;sobre&nbsp;a distribuidora&nbsp;Amazonas&nbsp;Energia, que possui d\u00edvida de R$ 10 bilh\u00f5es junto \u00e0 ex-estatal e est\u00e1 inadimplente h\u00e1 cinco meses. O presidente da&nbsp;Eletrobras, Ivan Monteiro, disse em teleconfer\u00eancia com analistas nesta quinta-feira (9) que a&nbsp;Amazonas&nbsp;\u00e9 um dos principais problemas da companhia atualmente, com consequ\u00eancias em seu caixa.&nbsp;Segundo Monteiro, desde dezembro do ano [&hellip;]","og_url":"https:\/\/agenciainfra.com\/blog\/eletrobras-aumenta-pressao-sobre-amazonas-energia-por-causa-de-dividas\/","og_site_name":"Ag\u00eancia iNFRA","article_publisher":"https:\/\/www.facebook.com\/ageninfra","article_published_time":"2024-05-10T17:00:00+00:00","article_modified_time":"2026-03-13T12:41:03+00:00","og_image":[{"width":1280,"height":855,"url":"https:\/\/agenciainfra.com\/blog\/wp-content\/uploads\/2021\/01\/amazonas-energia-foto-divulgacao-redes-sociais.jpg","type":"image\/jpeg"}],"author":"Ag\u00eancia iNFRA","twitter_card":"summary_large_image","twitter_creator":"@agencia_infra","twitter_site":"@agencia_infra","twitter_misc":{"Escrito por":"Ag\u00eancia iNFRA","Est. tempo de leitura":"3 minutos"},"schema":{"@context":"https:\/\/schema.org","@graph":[{"@type":"Article","@id":"https:\/\/agenciainfra.com\/blog\/eletrobras-aumenta-pressao-sobre-amazonas-energia-por-causa-de-dividas\/#article","isPartOf":{"@id":"https:\/\/agenciainfra.com\/blog\/eletrobras-aumenta-pressao-sobre-amazonas-energia-por-causa-de-dividas\/"},"author":{"name":"Ag\u00eancia iNFRA","@id":"https:\/\/agenciainfra.com\/blog\/#\/schema\/person\/34af08dff6adea4cb22b06612ba7acfa"},"headline":"Eletrobras aumenta press\u00e3o sobre Amazonas Energia por causa de d\u00edvidas","datePublished":"2024-05-10T17:00:00+00:00","dateModified":"2026-03-13T12:41:03+00:00","mainEntityOfPage":{"@id":"https:\/\/agenciainfra.com\/blog\/eletrobras-aumenta-pressao-sobre-amazonas-energia-por-causa-de-dividas\/"},"wordCount":529,"publisher":{"@id":"https:\/\/agenciainfra.com\/blog\/#organization"},"image":{"@id":"https:\/\/agenciainfra.com\/blog\/eletrobras-aumenta-pressao-sobre-amazonas-energia-por-causa-de-dividas\/#primaryimage"},"thumbnailUrl":"https:\/\/agenciainfra.com\/blog\/wp-content\/uploads\/2021\/01\/amazonas-energia-foto-divulgacao-redes-sociais.jpg","keywords":["Ag\u00eancia Nacional de Energia El\u00e9trica","amazonas","Amazonas Energia","ANEEL","cobran\u00e7a","d\u00edvida","Eletrobras","inadimpl\u00eancia","Ivan Monteiro","Leila Coimbra","Marcelo de Siqueira","medidas legais","Minist\u00e9rio de Minas e Energia","MME","processo de caducidade","Rodrigo Limp","solu\u00e7\u00f5es regulat\u00f3rias"],"articleSection":["Cabe\u00e7alho","Destaque lista","Geral","iNFRAEnergia"],"inLanguage":"pt-BR","copyrightYear":"2024","copyrightHolder":{"@id":"https:\/\/agenciainfra.com\/blog\/#organization"}},{"@type":"WebPage","@id":"https:\/\/agenciainfra.com\/blog\/eletrobras-aumenta-pressao-sobre-amazonas-energia-por-causa-de-dividas\/","url":"https:\/\/agenciainfra.com\/blog\/eletrobras-aumenta-pressao-sobre-amazonas-energia-por-causa-de-dividas\/","name":"Eletrobras aumenta press\u00e3o sobre Amazonas Energia por causa de d\u00edvidas - Ag\u00eancia iNFRA","isPartOf":{"@id":"https:\/\/agenciainfra.com\/blog\/#website"},"primaryImageOfPage":{"@id":"https:\/\/agenciainfra.com\/blog\/eletrobras-aumenta-pressao-sobre-amazonas-energia-por-causa-de-dividas\/#primaryimage"},"image":{"@id":"https:\/\/agenciainfra.com\/blog\/eletrobras-aumenta-pressao-sobre-amazonas-energia-por-causa-de-dividas\/#primaryimage"},"thumbnailUrl":"https:\/\/agenciainfra.com\/blog\/wp-content\/uploads\/2021\/01\/amazonas-energia-foto-divulgacao-redes-sociais.jpg","datePublished":"2024-05-10T17:00:00+00:00","dateModified":"2026-03-13T12:41:03+00:00","breadcrumb":{"@id":"https:\/\/agenciainfra.com\/blog\/eletrobras-aumenta-pressao-sobre-amazonas-energia-por-causa-de-dividas\/#breadcrumb"},"inLanguage":"pt-BR","potentialAction":[{"@type":"ReadAction","target":["https:\/\/agenciainfra.com\/blog\/eletrobras-aumenta-pressao-sobre-amazonas-energia-por-causa-de-dividas\/"]}]},{"@type":"ImageObject","inLanguage":"pt-BR","@id":"https:\/\/agenciainfra.com\/blog\/eletrobras-aumenta-pressao-sobre-amazonas-energia-por-causa-de-dividas\/#primaryimage","url":"https:\/\/agenciainfra.com\/blog\/wp-content\/uploads\/2021\/01\/amazonas-energia-foto-divulgacao-redes-sociais.jpg","contentUrl":"https:\/\/agenciainfra.com\/blog\/wp-content\/uploads\/2021\/01\/amazonas-energia-foto-divulgacao-redes-sociais.jpg","width":1280,"height":855,"caption":"Foto: Divulga\u00e7\u00e3o\/Amazonas Energia"},{"@type":"BreadcrumbList","@id":"https:\/\/agenciainfra.com\/blog\/eletrobras-aumenta-pressao-sobre-amazonas-energia-por-causa-de-dividas\/#breadcrumb","itemListElement":[{"@type":"ListItem","position":1,"name":"In\u00edcio","item":"https:\/\/agenciainfra.com\/blog\/"},{"@type":"ListItem","position":2,"name":"Eletrobras aumenta press\u00e3o sobre Amazonas Energia por causa de d\u00edvidas"}]},{"@type":"WebSite","@id":"https:\/\/agenciainfra.com\/blog\/#website","url":"https:\/\/agenciainfra.com\/blog\/","name":"Ag\u00eancia iNFRA","description":"Multiplataforma de informa\u00e7\u00e3o jornal\u00edstica refer\u00eancia na \u00e1rea de infraestrutura no Brasil!","publisher":{"@id":"https:\/\/agenciainfra.com\/blog\/#organization"},"potentialAction":[{"@type":"SearchAction","target":{"@type":"EntryPoint","urlTemplate":"https:\/\/agenciainfra.com\/blog\/?s={search_term_string}"},"query-input":{"@type":"PropertyValueSpecification","valueRequired":true,"valueName":"search_term_string"}}],"inLanguage":"pt-BR"},{"@type":"Organization","@id":"https:\/\/agenciainfra.com\/blog\/#organization","name":"Ag\u00eancia iNFRA","url":"https:\/\/agenciainfra.com\/blog\/","logo":{"@type":"ImageObject","inLanguage":"pt-BR","@id":"https:\/\/agenciainfra.com\/blog\/#\/schema\/logo\/image\/","url":"https:\/\/agenciainfra.com\/blog\/wp-content\/uploads\/2023\/09\/iNFRA_5-e1761735885940.png","contentUrl":"https:\/\/agenciainfra.com\/blog\/wp-content\/uploads\/2023\/09\/iNFRA_5-e1761735885940.png","width":1672,"height":454,"caption":"Ag\u00eancia iNFRA"},"image":{"@id":"https:\/\/agenciainfra.com\/blog\/#\/schema\/logo\/image\/"},"sameAs":["https:\/\/www.facebook.com\/ageninfra","https:\/\/x.com\/agencia_infra","https:\/\/www.linkedin.com\/company\/ag\u00eanciainfra\/","https:\/\/www.instagram.com\/agenciainfra\/"]},{"@type":"Person","@id":"https:\/\/agenciainfra.com\/blog\/#\/schema\/person\/34af08dff6adea4cb22b06612ba7acfa","name":"Ag\u00eancia iNFRA","image":{"@type":"ImageObject","inLanguage":"pt-BR","@id":"https:\/\/agenciainfra.com\/blog\/#\/schema\/person\/image\/","url":"https:\/\/secure.gravatar.com\/avatar\/d189e01678f06d8eb84d4e01f08eb848b3fffe3f8443818d3c356c66892f5be8?s=96&d=mm&r=g","contentUrl":"https:\/\/secure.gravatar.com\/avatar\/d189e01678f06d8eb84d4e01f08eb848b3fffe3f8443818d3c356c66892f5be8?s=96&d=mm&r=g","caption":"Ag\u00eancia iNFRA"},"url":"https:\/\/agenciainfra.com\/blog\/author\/admin\/"}]}},"_links":{"self":[{"href":"https:\/\/agenciainfra.com\/blog\/wp-json\/wp\/v2\/posts\/16608","targetHints":{"allow":["GET"]}}],"collection":[{"href":"https:\/\/agenciainfra.com\/blog\/wp-json\/wp\/v2\/posts"}],"about":[{"href":"https:\/\/agenciainfra.com\/blog\/wp-json\/wp\/v2\/types\/post"}],"author":[{"embeddable":true,"href":"https:\/\/agenciainfra.com\/blog\/wp-json\/wp\/v2\/users\/1"}],"replies":[{"embeddable":true,"href":"https:\/\/agenciainfra.com\/blog\/wp-json\/wp\/v2\/comments?post=16608"}],"version-history":[{"count":1,"href":"https:\/\/agenciainfra.com\/blog\/wp-json\/wp\/v2\/posts\/16608\/revisions"}],"predecessor-version":[{"id":16609,"href":"https:\/\/agenciainfra.com\/blog\/wp-json\/wp\/v2\/posts\/16608\/revisions\/16609"}],"wp:featuredmedia":[{"embeddable":true,"href":"https:\/\/agenciainfra.com\/blog\/wp-json\/wp\/v2\/media\/6714"}],"wp:attachment":[{"href":"https:\/\/agenciainfra.com\/blog\/wp-json\/wp\/v2\/media?parent=16608"}],"wp:term":[{"taxonomy":"category","embeddable":true,"href":"https:\/\/agenciainfra.com\/blog\/wp-json\/wp\/v2\/categories?post=16608"},{"taxonomy":"post_tag","embeddable":true,"href":"https:\/\/agenciainfra.com\/blog\/wp-json\/wp\/v2\/tags?post=16608"}],"curies":[{"name":"wp","href":"https:\/\/api.w.org\/{rel}","templated":true}]}}