{"id":16631,"date":"2024-05-14T09:00:00","date_gmt":"2024-05-14T12:00:00","guid":{"rendered":"https:\/\/agenciainfra.com\/blog\/?p=16631"},"modified":"2024-05-14T08:14:13","modified_gmt":"2024-05-14T11:14:13","slug":"aumento-de-carga-com-reforma-tributaria-e-preocupacao-para-transportadores-rodoviarios-e-pode-impactar-frete","status":"publish","type":"post","link":"https:\/\/agenciainfra.com\/blog\/aumento-de-carga-com-reforma-tributaria-e-preocupacao-para-transportadores-rodoviarios-e-pode-impactar-frete\/","title":{"rendered":"Aumento de carga com reforma tribut\u00e1ria \u00e9 preocupa\u00e7\u00e3o para transportadores rodovi\u00e1rios e pode impactar frete"},"content":{"rendered":"\n<p class=\"has-text-align-right\"><strong>da Ag\u00eancia iNFRA<\/strong><\/p>\n\n\n\n<p>A proposta de regulamenta\u00e7\u00e3o da&nbsp;reforma&nbsp;tribut\u00e1ria&nbsp;apresentada pelo governo com o&nbsp;<a href=\"https:\/\/agenciainfra.us14.list-manage.com\/track\/click?u=d460dd1bcf9ba0ae040e1fc0f&amp;id=8158a9d5af&amp;e=f0fa444791\" target=\"_blank\" rel=\"noreferrer noopener\">PLP (Projeto de Lei Complementar) 68\/2024<\/a>&nbsp;vai fazer com que o setor de transporte rodovi\u00e1rio de&nbsp;carga&nbsp;pague&nbsp;mais impostos do que a m\u00e9dia atual&nbsp;e&nbsp;gera&nbsp;preocupa\u00e7\u00e3o&nbsp;sobre o modelo de ressarcimento de cr\u00e9ditos, especialmente dos gastos com combust\u00edveis.<br><br>\u00c9&nbsp;o que indicou a advogada tributarista Alessandra Brand\u00e3o Teixeira, que tem acompanhado a&nbsp;reforma&nbsp;tribut\u00e1ria&nbsp;para&nbsp;a CNT (Confedera\u00e7\u00e3o Nacional do Transporte) no 23\u00ba Semin\u00e1rio Brasileiro do TRC (Transporte Rodovi\u00e1rio de Cargas), realizado na semana passada na C\u00e2mara, tendo como tema a&nbsp;reforma&nbsp;tribut\u00e1ria.<br><br>O encontro&nbsp;\u00e9&nbsp;promovido pela NTC &amp; Log\u00edstica, associa\u00e7\u00e3o que representa as empresas transportadoras,&nbsp;e&nbsp;houve apoio geral \u00e0&nbsp;reforma. Mas foram apresentadas d\u00favidas sobre como ser\u00e1 o funcionamento do novo sistema que implantou no pa\u00eds um modelo de IVA (Imposto de Valor Agregado)&nbsp;para&nbsp;o consumo.&nbsp;O evento&nbsp;pode&nbsp;ser visto&nbsp;<a href=\"https:\/\/agenciainfra.us14.list-manage.com\/track\/click?u=d460dd1bcf9ba0ae040e1fc0f&amp;id=4a2bda5b85&amp;e=f0fa444791\" target=\"_blank\" rel=\"noreferrer noopener\">neste link<\/a>.<br><br>O setor de transporte rodovi\u00e1rio de&nbsp;carga&nbsp;n\u00e3o entrou em nenhum dos grupos com al\u00edquotas reduzidas ou regimes especiais. Com isso, vai ter que pagar os 26,5% de al\u00edquota estimada at\u00e9 agora dos dois novos tributos, o IBS&nbsp;e&nbsp;a CBS, mas com direito a se ressarcir de todos os pagamentos que fizer.<br><br>De acordo com Alessandra, antes da apresenta\u00e7\u00e3o do projeto de lei complementar da&nbsp;reforma, havia expectativa de que na m\u00e9dia o impacto no setor poderia ser um&nbsp;aumento&nbsp;de at\u00e9 10 pontos percentuais nos impostos pagos em rela\u00e7\u00e3o a hoje. Segundo ela, ap\u00f3s a apresenta\u00e7\u00e3o do projeto, ela j\u00e1 fez estudo com um caso real de empresa&nbsp;e&nbsp;o impacto foi menor, de cinco pontos percentuais.&nbsp;Mas ela afirmou que seriam necess\u00e1rias mais an\u00e1lises, o que j\u00e1&nbsp;\u00e9&nbsp;poss\u00edvel com as informa\u00e7\u00f5es dispon\u00edveis no PLP.&nbsp;<br><br>A advogada afirmou que o maior problema&nbsp;para&nbsp;os&nbsp;transportadores&nbsp;na regulamenta\u00e7\u00e3o ser\u00e1 a forma como se dar\u00e1 o ressarcimento dos cr\u00e9ditos gerados com compras. Segundo ela, a maior parte dos custos de uma transportadora, a m\u00e3o de obra, n\u00e3o&nbsp;\u00e9&nbsp;ressarcida.&nbsp;E&nbsp;a outra parte grande, cerca de 40%,&nbsp;\u00e9&nbsp;gasta com combust\u00edvel, cujo ressarcimento de cr\u00e9ditos tem um modelo diferente dos demais.<br><br>De acordo com Alessandra, os cr\u00e9ditos nesse setor de combust\u00edvel ter\u00e3o que ser reconhecidos pela Receita Federal&nbsp;e&nbsp;pelo comit\u00ea de estados&nbsp;e&nbsp;munic\u00edpios&nbsp;que vai gerir o sistema, o que&nbsp;para&nbsp;ela&nbsp;pode&nbsp;levar a um tempo inadequado&nbsp;para&nbsp;a devolu\u00e7\u00e3o do cr\u00e9dito.<br><br>&#8220;N\u00e3o vai poder tomar o cr\u00e9dito imediatamente. Vai ter que aguardar a homologa\u00e7\u00e3o. Vai que demora 60 dias?&nbsp;\u00c9&nbsp;um prazo longo. No caso do transporte, 50% do custo&nbsp;\u00e9&nbsp;m\u00e3o de obra&nbsp;e&nbsp;40%&nbsp;\u00e9&nbsp;combust\u00edvel&#8221;, lembrou a advogada.<br><br><strong>Condicionante<\/strong><br>Outra&nbsp;preocupa\u00e7\u00e3o&nbsp;em rela\u00e7\u00e3o aos cr\u00e9ditos&nbsp;\u00e9&nbsp;uma condicionante a que o ressarcimento seja ao que foi efetivamente pago. Segundo ela, isso&nbsp;pode&nbsp;fazer com que as empresas tenham que recolher o imposto de uma nota, mas demorem a receber o cr\u00e9dito, seja devido a um prazo mais longo&nbsp;para&nbsp;o fornecedor quitar a nota ou desaven\u00e7a comercial. Segundo ela, no IVA europeu, que baseou o modelo do Brasil, n\u00e3o h\u00e1 essa condicionante&nbsp;para&nbsp;a devolu\u00e7\u00e3o do cr\u00e9dito.&nbsp;<br><br>Ela pediu ainda que os&nbsp;transportadores&nbsp;que entrarem na cadeia de exporta\u00e7\u00e3o tamb\u00e9m possam ser exonerados de impostos, como o restante dos bens&nbsp;para&nbsp;o com\u00e9rcio exterior. &#8220;Da forma como est\u00e1, o transportador est\u00e1 fora. Se uma empresa de caf\u00e9 contrata o exportador&nbsp;para&nbsp;levar at\u00e9 o porto, ele est\u00e1 fora porque ele n\u00e3o foi contratado por empresa no exterior [como determina o PLP 68\/2024]&#8221;.<br><br><strong>C\u00edrculo virtuoso na economia<\/strong><br>Fernando Mombelli, gerente de projetos que representou a Receita Federal no encontro, explicou detalhes da&nbsp;reforma, defendendo o modelo que ser\u00e1 implantado&nbsp;e&nbsp;indicando que a&nbsp;reforma&nbsp;tende a gerar um c\u00edrculo virtuoso de crescimento no pa\u00eds,&nbsp;e&nbsp;que isso ser\u00e1 ben\u00e9fico&nbsp;para&nbsp;toda a economia. Al\u00e9m disso, defendeu que o amplo regime de ressarcimento tende a ser ben\u00e9fico&nbsp;para&nbsp;todos os setores.&nbsp;<br><br>Mombelli explicou ainda que o problema brasileiro do devedor contumaz levou \u00e0 necessidade de se usar como regra o pagamento do imposto&nbsp;para&nbsp;a gera\u00e7\u00e3o do cr\u00e9dito, evitando a concorr\u00eancia desleal. Segundo ele, h\u00e1 mecanismos no PLP&nbsp;para&nbsp;que &#8220;haja a menor interfer\u00eancia&#8221; poss\u00edvel no fluxo de caixa das empresas&nbsp;e&nbsp;que novos instrumentos poder\u00e3o&nbsp;gerar&nbsp;at\u00e9 mesmo cr\u00e9ditos imediatos no futuro.&nbsp;<br><br>Em rela\u00e7\u00e3o ao transporte de&nbsp;carga, ele lembrou ainda que foi permitido que a contrata\u00e7\u00e3o de motoristas aut\u00f4nomos gere um cr\u00e9dito presumido. Mombelli informou&nbsp;que tudo ser\u00e1 discutido na tramita\u00e7\u00e3o do PLP, mas indicou que a neutralidade buscada pela&nbsp;reforma&nbsp;\u00e9&nbsp;geral,&nbsp;e&nbsp;n\u00e3o espec\u00edfica por setor ou por empresa, o que seria imposs\u00edvel.<br><br>De acordo com o assessor, o&nbsp;caso dos combust\u00edveis&nbsp;\u00e9&nbsp;diferente porque a tributa\u00e7\u00e3o&nbsp;\u00e9&nbsp;na refinaria&nbsp;e&nbsp;paga sobre um valor fixo. Por isso, o ressarcimento vai ser diferente dos outros tipos de cr\u00e9dito, mas ele garantiu que ser\u00e1 feito de maneira c\u00e9lere.<br><br><strong>Contra&nbsp;aumento&nbsp;de&nbsp;carga<\/strong><br>O deputado Diego Andrade (PSD-MG) lembrou que o intuito da&nbsp;reforma&nbsp;n\u00e3o&nbsp;\u00e9&nbsp;o&nbsp;aumento&nbsp;de arrecada\u00e7\u00e3o,&nbsp;e&nbsp;sim a simplifica\u00e7\u00e3o, pedindo ao representante da Receita Federal&nbsp;para&nbsp;que o setor seja ouvido na regulamenta\u00e7\u00e3o&nbsp;e&nbsp;se evite&nbsp;aumento&nbsp;de&nbsp;carga. &#8220;N\u00e3o podemos ter&nbsp;aumento&nbsp;de arrecada\u00e7\u00e3o sem o crescimento econ\u00f4mico&#8221;, disse o deputado.<br><br>Hugo Leal (PSD-RJ) comparou a&nbsp;reforma&nbsp;com o futebol, dizendo que a emenda constitucional foi como a torcida&nbsp;para&nbsp;a Sele\u00e7\u00e3o Brasileira na Copa do Mundo, quando todo mundo torce a favor. J\u00e1 o PLP&nbsp;\u00e9&nbsp;como se fosse o Campeonato Brasileiro, onde cada um est\u00e1 defendendo o pr\u00f3prio time. &#8220;\u00c9&nbsp;um grande dilema&nbsp;e&nbsp;n\u00e3o&nbsp;\u00e9&nbsp;simples [a regulamenta\u00e7\u00e3o]. O desejo de todos&nbsp;\u00e9&nbsp;contribuir na forma justa&#8221;, afirmou o deputado, lembrando que as exce\u00e7\u00f5es n\u00e3o podem ficar acima da regra.<\/p>\n","protected":false},"excerpt":{"rendered":"<p>da Ag\u00eancia iNFRA A proposta de regulamenta\u00e7\u00e3o da&nbsp;reforma&nbsp;tribut\u00e1ria&nbsp;apresentada pelo governo com o&nbsp;PLP (Projeto de Lei Complementar) 68\/2024&nbsp;vai fazer com que o setor de transporte rodovi\u00e1rio de&nbsp;carga&nbsp;pague&nbsp;mais impostos do que a m\u00e9dia atual&nbsp;e&nbsp;gera&nbsp;preocupa\u00e7\u00e3o&nbsp;sobre o modelo de ressarcimento de cr\u00e9ditos, especialmente dos gastos com combust\u00edveis. \u00c9&nbsp;o que indicou a advogada tributarista Alessandra Brand\u00e3o Teixeira, que tem acompanhado [&hellip;]<\/p>\n","protected":false},"author":1,"featured_media":5722,"comment_status":"closed","ping_status":"closed","sticky":false,"template":"","format":"standard","meta":{"_monsterinsights_skip_tracking":false,"_monsterinsights_sitenote_active":false,"_monsterinsights_sitenote_note":"","_monsterinsights_sitenote_category":0,"footnotes":""},"categories":[7250,1,7],"tags":[9393,9387,127,1974,3088,3273,9388,1189,66,9395,9394,9391,378,1730,9392,9389,9390,1059,9396,4653],"class_list":["post-16631","post","type-post","status-publish","format-standard","has-post-thumbnail","hentry","category-destaque-lista","category-geral","category-infratransporte","tag-alessandra-brandao-teixeira","tag-associacao-nacional","tag-cnt","tag-confederacao-nacional-do-transporte","tag-conselho-nacional-de-transito","tag-diego-andrade","tag-fernando-mombelli","tag-hugo-leal","tag-logistica","tag-ntc-logistica","tag-plp-68-2024","tag-projeto-de-lei-complementar","tag-receita-federal","tag-reforma-tributaria","tag-ressarcimento-de-creditos","tag-seminario-brasileiro-do-trc","tag-sistema-de-imposto-de-valor-agregado","tag-transporte-de-cargas","tag-transporte-rodoviario-de-carga","tag-trc"],"yoast_head":"<!-- This site is optimized with the Yoast SEO Premium plugin v25.4 (Yoast SEO v26.0) - https:\/\/yoast.com\/wordpress\/plugins\/seo\/ -->\n<title>Aumento de carga com reforma tribut\u00e1ria \u00e9 preocupa\u00e7\u00e3o para transportadores rodovi\u00e1rios e pode impactar frete - Ag\u00eancia iNFRA<\/title>\n<meta name=\"robots\" content=\"index, follow, max-snippet:-1, max-image-preview:large, max-video-preview:-1\" \/>\n<link rel=\"canonical\" href=\"https:\/\/agenciainfra.com\/blog\/aumento-de-carga-com-reforma-tributaria-e-preocupacao-para-transportadores-rodoviarios-e-pode-impactar-frete\/\" \/>\n<meta property=\"og:locale\" content=\"pt_BR\" \/>\n<meta property=\"og:type\" content=\"article\" \/>\n<meta property=\"og:title\" content=\"Aumento de carga com reforma tribut\u00e1ria \u00e9 preocupa\u00e7\u00e3o para transportadores rodovi\u00e1rios e pode impactar frete\" \/>\n<meta property=\"og:description\" content=\"da Ag\u00eancia iNFRA A proposta de regulamenta\u00e7\u00e3o da&nbsp;reforma&nbsp;tribut\u00e1ria&nbsp;apresentada pelo governo com o&nbsp;PLP (Projeto de Lei Complementar) 68\/2024&nbsp;vai fazer com que o setor de transporte rodovi\u00e1rio de&nbsp;carga&nbsp;pague&nbsp;mais impostos do que a m\u00e9dia atual&nbsp;e&nbsp;gera&nbsp;preocupa\u00e7\u00e3o&nbsp;sobre o modelo de ressarcimento de cr\u00e9ditos, especialmente dos gastos com combust\u00edveis. \u00c9&nbsp;o que indicou a advogada tributarista Alessandra Brand\u00e3o Teixeira, que tem acompanhado [&hellip;]\" \/>\n<meta property=\"og:url\" content=\"https:\/\/agenciainfra.com\/blog\/aumento-de-carga-com-reforma-tributaria-e-preocupacao-para-transportadores-rodoviarios-e-pode-impactar-frete\/\" \/>\n<meta property=\"og:site_name\" content=\"Ag\u00eancia iNFRA\" \/>\n<meta property=\"article:publisher\" content=\"https:\/\/www.facebook.com\/ageninfra\" \/>\n<meta property=\"article:published_time\" content=\"2024-05-14T12:00:00+00:00\" \/>\n<meta property=\"og:image\" content=\"https:\/\/agenciainfra.com\/blog\/wp-content\/uploads\/2020\/08\/caminhao-transporte-cargas-foto-antt.jpg\" \/>\n\t<meta property=\"og:image:width\" content=\"1280\" \/>\n\t<meta property=\"og:image:height\" content=\"1032\" \/>\n\t<meta property=\"og:image:type\" content=\"image\/jpeg\" \/>\n<meta name=\"author\" content=\"Ag\u00eancia iNFRA\" \/>\n<meta name=\"twitter:card\" content=\"summary_large_image\" \/>\n<meta name=\"twitter:creator\" content=\"@agencia_infra\" \/>\n<meta name=\"twitter:site\" content=\"@agencia_infra\" \/>\n<meta name=\"twitter:label1\" content=\"Escrito por\" \/>\n\t<meta name=\"twitter:data1\" content=\"Ag\u00eancia iNFRA\" \/>\n\t<meta name=\"twitter:label2\" content=\"Est. tempo de leitura\" \/>\n\t<meta name=\"twitter:data2\" content=\"6 minutos\" \/>\n<script type=\"application\/ld+json\" class=\"yoast-schema-graph\">{\"@context\":\"https:\/\/schema.org\",\"@graph\":[{\"@type\":\"Article\",\"@id\":\"https:\/\/agenciainfra.com\/blog\/aumento-de-carga-com-reforma-tributaria-e-preocupacao-para-transportadores-rodoviarios-e-pode-impactar-frete\/#article\",\"isPartOf\":{\"@id\":\"https:\/\/agenciainfra.com\/blog\/aumento-de-carga-com-reforma-tributaria-e-preocupacao-para-transportadores-rodoviarios-e-pode-impactar-frete\/\"},\"author\":{\"name\":\"Ag\u00eancia iNFRA\",\"@id\":\"https:\/\/agenciainfra.com\/blog\/#\/schema\/person\/34af08dff6adea4cb22b06612ba7acfa\"},\"headline\":\"Aumento de carga com reforma tribut\u00e1ria \u00e9 preocupa\u00e7\u00e3o para transportadores rodovi\u00e1rios e pode impactar frete\",\"datePublished\":\"2024-05-14T12:00:00+00:00\",\"mainEntityOfPage\":{\"@id\":\"https:\/\/agenciainfra.com\/blog\/aumento-de-carga-com-reforma-tributaria-e-preocupacao-para-transportadores-rodoviarios-e-pode-impactar-frete\/\"},\"wordCount\":1197,\"publisher\":{\"@id\":\"https:\/\/agenciainfra.com\/blog\/#organization\"},\"image\":{\"@id\":\"https:\/\/agenciainfra.com\/blog\/aumento-de-carga-com-reforma-tributaria-e-preocupacao-para-transportadores-rodoviarios-e-pode-impactar-frete\/#primaryimage\"},\"thumbnailUrl\":\"https:\/\/agenciainfra.com\/blog\/wp-content\/uploads\/2020\/08\/caminhao-transporte-cargas-foto-antt.jpg\",\"keywords\":[\"Alessandra Brand\u00e3o Teixeira\",\"Associa\u00e7\u00e3o Nacional\",\"CNT\",\"Confedera\u00e7\u00e3o Nacional do Transporte\",\"Conselho Nacional de Tr\u00e2nsito\",\"Diego Andrade\",\"Fernando Mombelli\",\"Hugo Leal\",\"log\u00edstica\",\"NTC &amp; Log\u00edstica\",\"PLP 68\/2024\",\"Projeto de Lei Complementar\",\"receita federal\",\"reforma tribut\u00e1ria\",\"Ressarcimento de Cr\u00e9ditos\",\"Semin\u00e1rio Brasileiro do TRC\",\"Sistema de Imposto de Valor Agregado\",\"transporte de cargas\",\"Transporte Rodovi\u00e1rio de Carga\",\"TRC\"],\"articleSection\":[\"Destaque lista\",\"Geral\",\"iNFRATransporte\"],\"inLanguage\":\"pt-BR\",\"copyrightYear\":\"2024\",\"copyrightHolder\":{\"@id\":\"https:\/\/agenciainfra.com\/blog\/#organization\"}},{\"@type\":\"WebPage\",\"@id\":\"https:\/\/agenciainfra.com\/blog\/aumento-de-carga-com-reforma-tributaria-e-preocupacao-para-transportadores-rodoviarios-e-pode-impactar-frete\/\",\"url\":\"https:\/\/agenciainfra.com\/blog\/aumento-de-carga-com-reforma-tributaria-e-preocupacao-para-transportadores-rodoviarios-e-pode-impactar-frete\/\",\"name\":\"Aumento de carga com reforma tribut\u00e1ria \u00e9 preocupa\u00e7\u00e3o para transportadores rodovi\u00e1rios e pode impactar frete - Ag\u00eancia iNFRA\",\"isPartOf\":{\"@id\":\"https:\/\/agenciainfra.com\/blog\/#website\"},\"primaryImageOfPage\":{\"@id\":\"https:\/\/agenciainfra.com\/blog\/aumento-de-carga-com-reforma-tributaria-e-preocupacao-para-transportadores-rodoviarios-e-pode-impactar-frete\/#primaryimage\"},\"image\":{\"@id\":\"https:\/\/agenciainfra.com\/blog\/aumento-de-carga-com-reforma-tributaria-e-preocupacao-para-transportadores-rodoviarios-e-pode-impactar-frete\/#primaryimage\"},\"thumbnailUrl\":\"https:\/\/agenciainfra.com\/blog\/wp-content\/uploads\/2020\/08\/caminhao-transporte-cargas-foto-antt.jpg\",\"datePublished\":\"2024-05-14T12:00:00+00:00\",\"breadcrumb\":{\"@id\":\"https:\/\/agenciainfra.com\/blog\/aumento-de-carga-com-reforma-tributaria-e-preocupacao-para-transportadores-rodoviarios-e-pode-impactar-frete\/#breadcrumb\"},\"inLanguage\":\"pt-BR\",\"potentialAction\":[{\"@type\":\"ReadAction\",\"target\":[\"https:\/\/agenciainfra.com\/blog\/aumento-de-carga-com-reforma-tributaria-e-preocupacao-para-transportadores-rodoviarios-e-pode-impactar-frete\/\"]}]},{\"@type\":\"ImageObject\",\"inLanguage\":\"pt-BR\",\"@id\":\"https:\/\/agenciainfra.com\/blog\/aumento-de-carga-com-reforma-tributaria-e-preocupacao-para-transportadores-rodoviarios-e-pode-impactar-frete\/#primaryimage\",\"url\":\"https:\/\/agenciainfra.com\/blog\/wp-content\/uploads\/2020\/08\/caminhao-transporte-cargas-foto-antt.jpg\",\"contentUrl\":\"https:\/\/agenciainfra.com\/blog\/wp-content\/uploads\/2020\/08\/caminhao-transporte-cargas-foto-antt.jpg\",\"width\":1280,\"height\":1032,\"caption\":\"Foto: ANTT\"},{\"@type\":\"BreadcrumbList\",\"@id\":\"https:\/\/agenciainfra.com\/blog\/aumento-de-carga-com-reforma-tributaria-e-preocupacao-para-transportadores-rodoviarios-e-pode-impactar-frete\/#breadcrumb\",\"itemListElement\":[{\"@type\":\"ListItem\",\"position\":1,\"name\":\"In\u00edcio\",\"item\":\"https:\/\/agenciainfra.com\/blog\/\"},{\"@type\":\"ListItem\",\"position\":2,\"name\":\"Aumento de carga com reforma tribut\u00e1ria \u00e9 preocupa\u00e7\u00e3o para transportadores rodovi\u00e1rios e pode impactar frete\"}]},{\"@type\":\"WebSite\",\"@id\":\"https:\/\/agenciainfra.com\/blog\/#website\",\"url\":\"https:\/\/agenciainfra.com\/blog\/\",\"name\":\"Ag\u00eancia iNFRA\",\"description\":\"Multiplataforma de informa\u00e7\u00e3o jornal\u00edstica refer\u00eancia na \u00e1rea de infraestrutura no Brasil!\",\"publisher\":{\"@id\":\"https:\/\/agenciainfra.com\/blog\/#organization\"},\"potentialAction\":[{\"@type\":\"SearchAction\",\"target\":{\"@type\":\"EntryPoint\",\"urlTemplate\":\"https:\/\/agenciainfra.com\/blog\/?s={search_term_string}\"},\"query-input\":{\"@type\":\"PropertyValueSpecification\",\"valueRequired\":true,\"valueName\":\"search_term_string\"}}],\"inLanguage\":\"pt-BR\"},{\"@type\":\"Organization\",\"@id\":\"https:\/\/agenciainfra.com\/blog\/#organization\",\"name\":\"Ag\u00eancia iNFRA\",\"url\":\"https:\/\/agenciainfra.com\/blog\/\",\"logo\":{\"@type\":\"ImageObject\",\"inLanguage\":\"pt-BR\",\"@id\":\"https:\/\/agenciainfra.com\/blog\/#\/schema\/logo\/image\/\",\"url\":\"https:\/\/agenciainfra.com\/blog\/wp-content\/uploads\/2023\/09\/iNFRA_5-e1761735885940.png\",\"contentUrl\":\"https:\/\/agenciainfra.com\/blog\/wp-content\/uploads\/2023\/09\/iNFRA_5-e1761735885940.png\",\"width\":1672,\"height\":454,\"caption\":\"Ag\u00eancia iNFRA\"},\"image\":{\"@id\":\"https:\/\/agenciainfra.com\/blog\/#\/schema\/logo\/image\/\"},\"sameAs\":[\"https:\/\/www.facebook.com\/ageninfra\",\"https:\/\/x.com\/agencia_infra\",\"https:\/\/www.linkedin.com\/company\/ag\u00eanciainfra\/\",\"https:\/\/www.instagram.com\/agenciainfra\/\"]},{\"@type\":\"Person\",\"@id\":\"https:\/\/agenciainfra.com\/blog\/#\/schema\/person\/34af08dff6adea4cb22b06612ba7acfa\",\"name\":\"Ag\u00eancia iNFRA\",\"image\":{\"@type\":\"ImageObject\",\"inLanguage\":\"pt-BR\",\"@id\":\"https:\/\/agenciainfra.com\/blog\/#\/schema\/person\/image\/\",\"url\":\"https:\/\/secure.gravatar.com\/avatar\/d189e01678f06d8eb84d4e01f08eb848b3fffe3f8443818d3c356c66892f5be8?s=96&d=mm&r=g\",\"contentUrl\":\"https:\/\/secure.gravatar.com\/avatar\/d189e01678f06d8eb84d4e01f08eb848b3fffe3f8443818d3c356c66892f5be8?s=96&d=mm&r=g\",\"caption\":\"Ag\u00eancia iNFRA\"},\"url\":\"https:\/\/agenciainfra.com\/blog\/author\/admin\/\"}]}<\/script>\n<!-- \/ Yoast SEO Premium plugin. -->","yoast_head_json":{"title":"Aumento de carga com reforma tribut\u00e1ria \u00e9 preocupa\u00e7\u00e3o para transportadores rodovi\u00e1rios e pode impactar frete - Ag\u00eancia iNFRA","robots":{"index":"index","follow":"follow","max-snippet":"max-snippet:-1","max-image-preview":"max-image-preview:large","max-video-preview":"max-video-preview:-1"},"canonical":"https:\/\/agenciainfra.com\/blog\/aumento-de-carga-com-reforma-tributaria-e-preocupacao-para-transportadores-rodoviarios-e-pode-impactar-frete\/","og_locale":"pt_BR","og_type":"article","og_title":"Aumento de carga com reforma tribut\u00e1ria \u00e9 preocupa\u00e7\u00e3o para transportadores rodovi\u00e1rios e pode impactar frete","og_description":"da Ag\u00eancia iNFRA A proposta de regulamenta\u00e7\u00e3o da&nbsp;reforma&nbsp;tribut\u00e1ria&nbsp;apresentada pelo governo com o&nbsp;PLP (Projeto de Lei Complementar) 68\/2024&nbsp;vai fazer com que o setor de transporte rodovi\u00e1rio de&nbsp;carga&nbsp;pague&nbsp;mais impostos do que a m\u00e9dia atual&nbsp;e&nbsp;gera&nbsp;preocupa\u00e7\u00e3o&nbsp;sobre o modelo de ressarcimento de cr\u00e9ditos, especialmente dos gastos com combust\u00edveis. \u00c9&nbsp;o que indicou a advogada tributarista Alessandra Brand\u00e3o Teixeira, que tem acompanhado [&hellip;]","og_url":"https:\/\/agenciainfra.com\/blog\/aumento-de-carga-com-reforma-tributaria-e-preocupacao-para-transportadores-rodoviarios-e-pode-impactar-frete\/","og_site_name":"Ag\u00eancia iNFRA","article_publisher":"https:\/\/www.facebook.com\/ageninfra","article_published_time":"2024-05-14T12:00:00+00:00","og_image":[{"width":1280,"height":1032,"url":"https:\/\/agenciainfra.com\/blog\/wp-content\/uploads\/2020\/08\/caminhao-transporte-cargas-foto-antt.jpg","type":"image\/jpeg"}],"author":"Ag\u00eancia iNFRA","twitter_card":"summary_large_image","twitter_creator":"@agencia_infra","twitter_site":"@agencia_infra","twitter_misc":{"Escrito por":"Ag\u00eancia iNFRA","Est. tempo de leitura":"6 minutos"},"schema":{"@context":"https:\/\/schema.org","@graph":[{"@type":"Article","@id":"https:\/\/agenciainfra.com\/blog\/aumento-de-carga-com-reforma-tributaria-e-preocupacao-para-transportadores-rodoviarios-e-pode-impactar-frete\/#article","isPartOf":{"@id":"https:\/\/agenciainfra.com\/blog\/aumento-de-carga-com-reforma-tributaria-e-preocupacao-para-transportadores-rodoviarios-e-pode-impactar-frete\/"},"author":{"name":"Ag\u00eancia iNFRA","@id":"https:\/\/agenciainfra.com\/blog\/#\/schema\/person\/34af08dff6adea4cb22b06612ba7acfa"},"headline":"Aumento de carga com reforma tribut\u00e1ria \u00e9 preocupa\u00e7\u00e3o para transportadores rodovi\u00e1rios e pode impactar frete","datePublished":"2024-05-14T12:00:00+00:00","mainEntityOfPage":{"@id":"https:\/\/agenciainfra.com\/blog\/aumento-de-carga-com-reforma-tributaria-e-preocupacao-para-transportadores-rodoviarios-e-pode-impactar-frete\/"},"wordCount":1197,"publisher":{"@id":"https:\/\/agenciainfra.com\/blog\/#organization"},"image":{"@id":"https:\/\/agenciainfra.com\/blog\/aumento-de-carga-com-reforma-tributaria-e-preocupacao-para-transportadores-rodoviarios-e-pode-impactar-frete\/#primaryimage"},"thumbnailUrl":"https:\/\/agenciainfra.com\/blog\/wp-content\/uploads\/2020\/08\/caminhao-transporte-cargas-foto-antt.jpg","keywords":["Alessandra Brand\u00e3o Teixeira","Associa\u00e7\u00e3o Nacional","CNT","Confedera\u00e7\u00e3o Nacional do Transporte","Conselho Nacional de Tr\u00e2nsito","Diego Andrade","Fernando Mombelli","Hugo Leal","log\u00edstica","NTC &amp; Log\u00edstica","PLP 68\/2024","Projeto de Lei Complementar","receita federal","reforma tribut\u00e1ria","Ressarcimento de Cr\u00e9ditos","Semin\u00e1rio Brasileiro do TRC","Sistema de Imposto de Valor Agregado","transporte de cargas","Transporte Rodovi\u00e1rio de Carga","TRC"],"articleSection":["Destaque lista","Geral","iNFRATransporte"],"inLanguage":"pt-BR","copyrightYear":"2024","copyrightHolder":{"@id":"https:\/\/agenciainfra.com\/blog\/#organization"}},{"@type":"WebPage","@id":"https:\/\/agenciainfra.com\/blog\/aumento-de-carga-com-reforma-tributaria-e-preocupacao-para-transportadores-rodoviarios-e-pode-impactar-frete\/","url":"https:\/\/agenciainfra.com\/blog\/aumento-de-carga-com-reforma-tributaria-e-preocupacao-para-transportadores-rodoviarios-e-pode-impactar-frete\/","name":"Aumento de carga com reforma tribut\u00e1ria \u00e9 preocupa\u00e7\u00e3o para transportadores rodovi\u00e1rios e pode impactar frete - Ag\u00eancia iNFRA","isPartOf":{"@id":"https:\/\/agenciainfra.com\/blog\/#website"},"primaryImageOfPage":{"@id":"https:\/\/agenciainfra.com\/blog\/aumento-de-carga-com-reforma-tributaria-e-preocupacao-para-transportadores-rodoviarios-e-pode-impactar-frete\/#primaryimage"},"image":{"@id":"https:\/\/agenciainfra.com\/blog\/aumento-de-carga-com-reforma-tributaria-e-preocupacao-para-transportadores-rodoviarios-e-pode-impactar-frete\/#primaryimage"},"thumbnailUrl":"https:\/\/agenciainfra.com\/blog\/wp-content\/uploads\/2020\/08\/caminhao-transporte-cargas-foto-antt.jpg","datePublished":"2024-05-14T12:00:00+00:00","breadcrumb":{"@id":"https:\/\/agenciainfra.com\/blog\/aumento-de-carga-com-reforma-tributaria-e-preocupacao-para-transportadores-rodoviarios-e-pode-impactar-frete\/#breadcrumb"},"inLanguage":"pt-BR","potentialAction":[{"@type":"ReadAction","target":["https:\/\/agenciainfra.com\/blog\/aumento-de-carga-com-reforma-tributaria-e-preocupacao-para-transportadores-rodoviarios-e-pode-impactar-frete\/"]}]},{"@type":"ImageObject","inLanguage":"pt-BR","@id":"https:\/\/agenciainfra.com\/blog\/aumento-de-carga-com-reforma-tributaria-e-preocupacao-para-transportadores-rodoviarios-e-pode-impactar-frete\/#primaryimage","url":"https:\/\/agenciainfra.com\/blog\/wp-content\/uploads\/2020\/08\/caminhao-transporte-cargas-foto-antt.jpg","contentUrl":"https:\/\/agenciainfra.com\/blog\/wp-content\/uploads\/2020\/08\/caminhao-transporte-cargas-foto-antt.jpg","width":1280,"height":1032,"caption":"Foto: ANTT"},{"@type":"BreadcrumbList","@id":"https:\/\/agenciainfra.com\/blog\/aumento-de-carga-com-reforma-tributaria-e-preocupacao-para-transportadores-rodoviarios-e-pode-impactar-frete\/#breadcrumb","itemListElement":[{"@type":"ListItem","position":1,"name":"In\u00edcio","item":"https:\/\/agenciainfra.com\/blog\/"},{"@type":"ListItem","position":2,"name":"Aumento de carga com reforma tribut\u00e1ria \u00e9 preocupa\u00e7\u00e3o para transportadores rodovi\u00e1rios e pode impactar frete"}]},{"@type":"WebSite","@id":"https:\/\/agenciainfra.com\/blog\/#website","url":"https:\/\/agenciainfra.com\/blog\/","name":"Ag\u00eancia iNFRA","description":"Multiplataforma de informa\u00e7\u00e3o jornal\u00edstica refer\u00eancia na \u00e1rea de infraestrutura no Brasil!","publisher":{"@id":"https:\/\/agenciainfra.com\/blog\/#organization"},"potentialAction":[{"@type":"SearchAction","target":{"@type":"EntryPoint","urlTemplate":"https:\/\/agenciainfra.com\/blog\/?s={search_term_string}"},"query-input":{"@type":"PropertyValueSpecification","valueRequired":true,"valueName":"search_term_string"}}],"inLanguage":"pt-BR"},{"@type":"Organization","@id":"https:\/\/agenciainfra.com\/blog\/#organization","name":"Ag\u00eancia iNFRA","url":"https:\/\/agenciainfra.com\/blog\/","logo":{"@type":"ImageObject","inLanguage":"pt-BR","@id":"https:\/\/agenciainfra.com\/blog\/#\/schema\/logo\/image\/","url":"https:\/\/agenciainfra.com\/blog\/wp-content\/uploads\/2023\/09\/iNFRA_5-e1761735885940.png","contentUrl":"https:\/\/agenciainfra.com\/blog\/wp-content\/uploads\/2023\/09\/iNFRA_5-e1761735885940.png","width":1672,"height":454,"caption":"Ag\u00eancia iNFRA"},"image":{"@id":"https:\/\/agenciainfra.com\/blog\/#\/schema\/logo\/image\/"},"sameAs":["https:\/\/www.facebook.com\/ageninfra","https:\/\/x.com\/agencia_infra","https:\/\/www.linkedin.com\/company\/ag\u00eanciainfra\/","https:\/\/www.instagram.com\/agenciainfra\/"]},{"@type":"Person","@id":"https:\/\/agenciainfra.com\/blog\/#\/schema\/person\/34af08dff6adea4cb22b06612ba7acfa","name":"Ag\u00eancia iNFRA","image":{"@type":"ImageObject","inLanguage":"pt-BR","@id":"https:\/\/agenciainfra.com\/blog\/#\/schema\/person\/image\/","url":"https:\/\/secure.gravatar.com\/avatar\/d189e01678f06d8eb84d4e01f08eb848b3fffe3f8443818d3c356c66892f5be8?s=96&d=mm&r=g","contentUrl":"https:\/\/secure.gravatar.com\/avatar\/d189e01678f06d8eb84d4e01f08eb848b3fffe3f8443818d3c356c66892f5be8?s=96&d=mm&r=g","caption":"Ag\u00eancia iNFRA"},"url":"https:\/\/agenciainfra.com\/blog\/author\/admin\/"}]}},"_links":{"self":[{"href":"https:\/\/agenciainfra.com\/blog\/wp-json\/wp\/v2\/posts\/16631","targetHints":{"allow":["GET"]}}],"collection":[{"href":"https:\/\/agenciainfra.com\/blog\/wp-json\/wp\/v2\/posts"}],"about":[{"href":"https:\/\/agenciainfra.com\/blog\/wp-json\/wp\/v2\/types\/post"}],"author":[{"embeddable":true,"href":"https:\/\/agenciainfra.com\/blog\/wp-json\/wp\/v2\/users\/1"}],"replies":[{"embeddable":true,"href":"https:\/\/agenciainfra.com\/blog\/wp-json\/wp\/v2\/comments?post=16631"}],"version-history":[{"count":1,"href":"https:\/\/agenciainfra.com\/blog\/wp-json\/wp\/v2\/posts\/16631\/revisions"}],"predecessor-version":[{"id":16632,"href":"https:\/\/agenciainfra.com\/blog\/wp-json\/wp\/v2\/posts\/16631\/revisions\/16632"}],"wp:featuredmedia":[{"embeddable":true,"href":"https:\/\/agenciainfra.com\/blog\/wp-json\/wp\/v2\/media\/5722"}],"wp:attachment":[{"href":"https:\/\/agenciainfra.com\/blog\/wp-json\/wp\/v2\/media?parent=16631"}],"wp:term":[{"taxonomy":"category","embeddable":true,"href":"https:\/\/agenciainfra.com\/blog\/wp-json\/wp\/v2\/categories?post=16631"},{"taxonomy":"post_tag","embeddable":true,"href":"https:\/\/agenciainfra.com\/blog\/wp-json\/wp\/v2\/tags?post=16631"}],"curies":[{"name":"wp","href":"https:\/\/api.w.org\/{rel}","templated":true}]}}