{"id":16635,"date":"2024-05-13T12:30:00","date_gmt":"2024-05-13T15:30:00","guid":{"rendered":"https:\/\/agenciainfra.com\/blog\/?p=16635"},"modified":"2026-03-13T09:41:01","modified_gmt":"2026-03-13T12:41:01","slug":"aneel-aprova-nomes-para-a-lista-triplice-de-diretores-substitutos-a-vaga-de-helvio-guerra-veja-quais","status":"publish","type":"post","link":"https:\/\/agenciainfra.com\/blog\/aneel-aprova-nomes-para-a-lista-triplice-de-diretores-substitutos-a-vaga-de-helvio-guerra-veja-quais\/","title":{"rendered":"ANEEL aprova nomes para a lista tr\u00edplice de diretores substitutos \u00e0 vaga de H\u00e9lvio Guerra; veja quais"},"content":{"rendered":"\n<p class=\"has-text-align-right\"><strong>da Ag\u00eancia iNFRA<\/strong><\/p>\n\n\n\n<p>A diretoria da ANEEL (Ag\u00eancia Nacional de Energia El\u00e9trica) aprovou nesta segunda-feira (13) os nomes que ser\u00e3o enviados \u00e0 Presid\u00eancia da Rep\u00fablica para compor a lista tr\u00edplice de diretores substitutos ao diretor H\u00e9lvio Guerra, que encerra o seu mandato na pr\u00f3xima semana.<\/p>\n\n\n\n<p>Foram apresentadas duas listas: uma pelo diretor-geral, Sandoval Feitosa, e outra pelo diretor Fernando Mosna, apurou a Ag\u00eancia iNFRA.<\/p>\n\n\n\n<p>O encaminhamento de Mosna foi o vencedor por 3 votos a dois: H\u00e9lvio Guerra e Ricado Tili o acompanharam; enquanto Agnes Costa votou com Sandoval Feitosa.<\/p>\n\n\n\n<p>Os nomes aprovados foram:<\/p>\n\n\n\n<p>Lista 1: Ludimila Lima da Silva, Francisco Jos\u00e9 Pereira, Paulo Luciano de Carvalho;<\/p>\n\n\n\n<p>Lista 2: Joseanne Aguiar Santos; Daniel Danna, Adriana Carvalho Vivan<\/p>\n\n\n\n<p>Lista 3: Maria Luiza Caldwell, Ivo Sechi Nazareno, Carlos Calixto Mattar<\/p>\n\n\n\n<p>De acordo com a Lei 9.986, que disp\u00f5e sobe a gest\u00e3o de recursos humanos nas ag\u00eancias reguladoras, durante a vac\u00e2ncia que anteceder a nomea\u00e7\u00e3o de um novo titular, exercer\u00e1 o cargo um integrante da lista de substitui\u00e7\u00e3o composta por tr\u00eas servidores da ag\u00eancia, de acordo com a ordem de preced\u00eancia.<\/p>\n\n\n\n<p>Os diretores substitutos podem atuar por um prazo m\u00e1ximo 180 dias cada. Dessa forma, assume primeiramente o nome da lista 1 e, caso ainda n\u00e3o seja nomeado um novo diretor titular seis meses depois, assume o nome da lista 2 e assim por diante.<\/p>\n\n\n\n<p>A lista apresentada por Sandoval Feitosa tinha a maioria dos nomes apresentados por Mosna, mas inclu\u00eda tamb\u00e9m o superintendente Andr\u00e9 Ruelli e colocava Mattar como o primeiro nome da lista 2. Ruelli e Mattar s\u00e3o candidatos para a substitui\u00e7\u00e3o titular de Guerra, de acordo com os nomes que ventilam nos bastidores.<\/p>\n\n\n\n<p>A lista de Sandoval, que foi derrotada, foi a seguinte:<\/p>\n\n\n\n<p>Lista 1: Ludimila Lima da Silva, Francisco Jos\u00e9 Pereira, Paulo Luciano de Carvalho;<\/p>\n\n\n\n<p>Lista 2: Carlos Mattar, Adriana Carvalho Vivan, Maria Luiza Caldwell;<\/p>\n\n\n\n<p>Lista 3: Andr\u00e9 Ruelli, Ivo Sechi Nazareno, Joseanne Aguiar Santos<\/p>\n","protected":false},"excerpt":{"rendered":"<p>da Ag\u00eancia iNFRA A diretoria da ANEEL (Ag\u00eancia Nacional de Energia El\u00e9trica) aprovou nesta segunda-feira (13) os nomes que ser\u00e3o enviados \u00e0 Presid\u00eancia da Rep\u00fablica para compor a lista tr\u00edplice de diretores substitutos ao diretor H\u00e9lvio Guerra, que encerra o seu mandato na pr\u00f3xima semana. Foram apresentadas duas listas: uma pelo diretor-geral, Sandoval Feitosa, e [&hellip;]<\/p>\n","protected":false},"author":1,"featured_media":12864,"comment_status":"closed","ping_status":"closed","sticky":false,"template":"","format":"standard","meta":{"_monsterinsights_skip_tracking":false,"_monsterinsights_sitenote_active":false,"_monsterinsights_sitenote_note":"","_monsterinsights_sitenote_category":0,"footnotes":""},"categories":[7248,7250,1,10],"tags":[9399,852,46,6800,1682,53,9400,9397,6480,1686,7014,9398,3007,2619,9402,9409,9406,9404,9407,6256,9405,9403,9401,5682,1026,9410,9408,9411,9412],"class_list":["post-16635","post","type-post","status-publish","format-standard","has-post-thumbnail","hentry","category-cabecalho","category-destaque-lista","category-geral","category-infraenergia","tag-adriana-carvalho-vivan","tag-agencia-nacional-de-energia-eletrica","tag-agencias-reguladoras","tag-agnes-costa","tag-andre-ruelli","tag-aneel","tag-carlos-calixto-mattar","tag-daniel-danna","tag-diretores","tag-diretores-substitutos","tag-fernando-mosna","tag-francisco-jose-pereira","tag-gestao","tag-helvio-guerra","tag-ivo-sechi-nazareno","tag-joseanne-aguiar-santos","tag-lista-triplice","tag-ludimila-lima-da-silva","tag-maria-luiza-caldwell","tag-nomeacoes","tag-paulo-luciano-de-carvalho","tag-recursos-humanos","tag-reguladoras","tag-ricardo-tili","tag-sandoval-feitosa","tag-servidores-publicos","tag-substituicao","tag-substitutos-de-helvio-guerra","tag-vaga"],"yoast_head":"<!-- This site is optimized with the Yoast SEO Premium plugin v25.4 (Yoast SEO v26.0) - https:\/\/yoast.com\/wordpress\/plugins\/seo\/ -->\n<title>ANEEL aprova nomes para a lista tr\u00edplice de diretores substitutos \u00e0 vaga de H\u00e9lvio Guerra; veja quais - Ag\u00eancia iNFRA<\/title>\n<meta name=\"robots\" content=\"index, follow, max-snippet:-1, max-image-preview:large, max-video-preview:-1\" \/>\n<link rel=\"canonical\" href=\"https:\/\/agenciainfra.com\/blog\/aneel-aprova-nomes-para-a-lista-triplice-de-diretores-substitutos-a-vaga-de-helvio-guerra-veja-quais\/\" \/>\n<meta property=\"og:locale\" content=\"pt_BR\" \/>\n<meta property=\"og:type\" content=\"article\" \/>\n<meta property=\"og:title\" content=\"ANEEL aprova nomes para a lista tr\u00edplice de diretores substitutos \u00e0 vaga de H\u00e9lvio Guerra; veja quais\" \/>\n<meta property=\"og:description\" content=\"da Ag\u00eancia iNFRA A diretoria da ANEEL (Ag\u00eancia Nacional de Energia El\u00e9trica) aprovou nesta segunda-feira (13) os nomes que ser\u00e3o enviados \u00e0 Presid\u00eancia da Rep\u00fablica para compor a lista tr\u00edplice de diretores substitutos ao diretor H\u00e9lvio Guerra, que encerra o seu mandato na pr\u00f3xima semana. Foram apresentadas duas listas: uma pelo diretor-geral, Sandoval Feitosa, e [&hellip;]\" \/>\n<meta property=\"og:url\" content=\"https:\/\/agenciainfra.com\/blog\/aneel-aprova-nomes-para-a-lista-triplice-de-diretores-substitutos-a-vaga-de-helvio-guerra-veja-quais\/\" \/>\n<meta property=\"og:site_name\" content=\"Ag\u00eancia iNFRA\" \/>\n<meta property=\"article:publisher\" content=\"https:\/\/www.facebook.com\/ageninfra\" \/>\n<meta property=\"article:published_time\" content=\"2024-05-13T15:30:00+00:00\" \/>\n<meta property=\"article:modified_time\" content=\"2026-03-13T12:41:01+00:00\" \/>\n<meta property=\"og:image\" content=\"https:\/\/agenciainfra.com\/blog\/wp-content\/uploads\/2023\/06\/helvio-guerra-foto-governo-federal.png\" \/>\n\t<meta property=\"og:image:width\" content=\"1202\" \/>\n\t<meta property=\"og:image:height\" content=\"800\" \/>\n\t<meta property=\"og:image:type\" content=\"image\/png\" \/>\n<meta name=\"author\" content=\"Ag\u00eancia iNFRA\" \/>\n<meta name=\"twitter:card\" content=\"summary_large_image\" \/>\n<meta name=\"twitter:creator\" content=\"@agencia_infra\" \/>\n<meta name=\"twitter:site\" content=\"@agencia_infra\" \/>\n<meta name=\"twitter:label1\" content=\"Escrito por\" \/>\n\t<meta name=\"twitter:data1\" content=\"Ag\u00eancia iNFRA\" \/>\n\t<meta name=\"twitter:label2\" content=\"Est. tempo de leitura\" \/>\n\t<meta name=\"twitter:data2\" content=\"2 minutos\" \/>\n<script type=\"application\/ld+json\" class=\"yoast-schema-graph\">{\"@context\":\"https:\/\/schema.org\",\"@graph\":[{\"@type\":\"Article\",\"@id\":\"https:\/\/agenciainfra.com\/blog\/aneel-aprova-nomes-para-a-lista-triplice-de-diretores-substitutos-a-vaga-de-helvio-guerra-veja-quais\/#article\",\"isPartOf\":{\"@id\":\"https:\/\/agenciainfra.com\/blog\/aneel-aprova-nomes-para-a-lista-triplice-de-diretores-substitutos-a-vaga-de-helvio-guerra-veja-quais\/\"},\"author\":{\"name\":\"Ag\u00eancia iNFRA\",\"@id\":\"https:\/\/agenciainfra.com\/blog\/#\/schema\/person\/34af08dff6adea4cb22b06612ba7acfa\"},\"headline\":\"ANEEL aprova nomes para a lista tr\u00edplice de diretores substitutos \u00e0 vaga de H\u00e9lvio Guerra; veja quais\",\"datePublished\":\"2024-05-13T15:30:00+00:00\",\"dateModified\":\"2026-03-13T12:41:01+00:00\",\"mainEntityOfPage\":{\"@id\":\"https:\/\/agenciainfra.com\/blog\/aneel-aprova-nomes-para-a-lista-triplice-de-diretores-substitutos-a-vaga-de-helvio-guerra-veja-quais\/\"},\"wordCount\":346,\"publisher\":{\"@id\":\"https:\/\/agenciainfra.com\/blog\/#organization\"},\"image\":{\"@id\":\"https:\/\/agenciainfra.com\/blog\/aneel-aprova-nomes-para-a-lista-triplice-de-diretores-substitutos-a-vaga-de-helvio-guerra-veja-quais\/#primaryimage\"},\"thumbnailUrl\":\"https:\/\/agenciainfra.com\/blog\/wp-content\/uploads\/2023\/06\/helvio-guerra-foto-governo-federal.png\",\"keywords\":[\"Adriana Carvalho Vivan\",\"Ag\u00eancia Nacional de Energia El\u00e9trica\",\"Ag\u00eancias Reguladoras\",\"Agnes Costa\",\"Andr\u00e9 Ruelli\",\"ANEEL\",\"Carlos Calixto Mattar\",\"Daniel Danna\",\"diretores\",\"diretores substitutos\",\"Fernando Mosna\",\"Francisco Jos\u00e9 Pereira\",\"gest\u00e3o\",\"H\u00e9lvio Guerra\",\"Ivo Sechi Nazareno\",\"Joseanne Aguiar Santos\",\"Lista tr\u00edplice\",\"Ludimila Lima da Silva\",\"Maria Luiza Caldwell\",\"nomea\u00e7\u00f5es\",\"Paulo Luciano de Carvalho\",\"Recursos humanos\",\"Reguladoras\",\"Ricardo Tili\",\"Sandoval Feitosa\",\"Servidores p\u00fablicos\",\"Substitui\u00e7\u00e3o\",\"Substitutos de H\u00e9lvio Guerra\",\"Vaga\"],\"articleSection\":[\"Cabe\u00e7alho\",\"Destaque lista\",\"Geral\",\"iNFRAEnergia\"],\"inLanguage\":\"pt-BR\",\"copyrightYear\":\"2024\",\"copyrightHolder\":{\"@id\":\"https:\/\/agenciainfra.com\/blog\/#organization\"}},{\"@type\":\"WebPage\",\"@id\":\"https:\/\/agenciainfra.com\/blog\/aneel-aprova-nomes-para-a-lista-triplice-de-diretores-substitutos-a-vaga-de-helvio-guerra-veja-quais\/\",\"url\":\"https:\/\/agenciainfra.com\/blog\/aneel-aprova-nomes-para-a-lista-triplice-de-diretores-substitutos-a-vaga-de-helvio-guerra-veja-quais\/\",\"name\":\"ANEEL aprova nomes para a lista tr\u00edplice de diretores substitutos \u00e0 vaga de H\u00e9lvio Guerra; veja quais - Ag\u00eancia iNFRA\",\"isPartOf\":{\"@id\":\"https:\/\/agenciainfra.com\/blog\/#website\"},\"primaryImageOfPage\":{\"@id\":\"https:\/\/agenciainfra.com\/blog\/aneel-aprova-nomes-para-a-lista-triplice-de-diretores-substitutos-a-vaga-de-helvio-guerra-veja-quais\/#primaryimage\"},\"image\":{\"@id\":\"https:\/\/agenciainfra.com\/blog\/aneel-aprova-nomes-para-a-lista-triplice-de-diretores-substitutos-a-vaga-de-helvio-guerra-veja-quais\/#primaryimage\"},\"thumbnailUrl\":\"https:\/\/agenciainfra.com\/blog\/wp-content\/uploads\/2023\/06\/helvio-guerra-foto-governo-federal.png\",\"datePublished\":\"2024-05-13T15:30:00+00:00\",\"dateModified\":\"2026-03-13T12:41:01+00:00\",\"breadcrumb\":{\"@id\":\"https:\/\/agenciainfra.com\/blog\/aneel-aprova-nomes-para-a-lista-triplice-de-diretores-substitutos-a-vaga-de-helvio-guerra-veja-quais\/#breadcrumb\"},\"inLanguage\":\"pt-BR\",\"potentialAction\":[{\"@type\":\"ReadAction\",\"target\":[\"https:\/\/agenciainfra.com\/blog\/aneel-aprova-nomes-para-a-lista-triplice-de-diretores-substitutos-a-vaga-de-helvio-guerra-veja-quais\/\"]}]},{\"@type\":\"ImageObject\",\"inLanguage\":\"pt-BR\",\"@id\":\"https:\/\/agenciainfra.com\/blog\/aneel-aprova-nomes-para-a-lista-triplice-de-diretores-substitutos-a-vaga-de-helvio-guerra-veja-quais\/#primaryimage\",\"url\":\"https:\/\/agenciainfra.com\/blog\/wp-content\/uploads\/2023\/06\/helvio-guerra-foto-governo-federal.png\",\"contentUrl\":\"https:\/\/agenciainfra.com\/blog\/wp-content\/uploads\/2023\/06\/helvio-guerra-foto-governo-federal.png\",\"width\":1202,\"height\":800},{\"@type\":\"BreadcrumbList\",\"@id\":\"https:\/\/agenciainfra.com\/blog\/aneel-aprova-nomes-para-a-lista-triplice-de-diretores-substitutos-a-vaga-de-helvio-guerra-veja-quais\/#breadcrumb\",\"itemListElement\":[{\"@type\":\"ListItem\",\"position\":1,\"name\":\"In\u00edcio\",\"item\":\"https:\/\/agenciainfra.com\/blog\/\"},{\"@type\":\"ListItem\",\"position\":2,\"name\":\"ANEEL aprova nomes para a lista tr\u00edplice de diretores substitutos \u00e0 vaga de H\u00e9lvio Guerra; veja quais\"}]},{\"@type\":\"WebSite\",\"@id\":\"https:\/\/agenciainfra.com\/blog\/#website\",\"url\":\"https:\/\/agenciainfra.com\/blog\/\",\"name\":\"Ag\u00eancia iNFRA\",\"description\":\"Multiplataforma de informa\u00e7\u00e3o jornal\u00edstica refer\u00eancia na \u00e1rea de infraestrutura no Brasil!\",\"publisher\":{\"@id\":\"https:\/\/agenciainfra.com\/blog\/#organization\"},\"potentialAction\":[{\"@type\":\"SearchAction\",\"target\":{\"@type\":\"EntryPoint\",\"urlTemplate\":\"https:\/\/agenciainfra.com\/blog\/?s={search_term_string}\"},\"query-input\":{\"@type\":\"PropertyValueSpecification\",\"valueRequired\":true,\"valueName\":\"search_term_string\"}}],\"inLanguage\":\"pt-BR\"},{\"@type\":\"Organization\",\"@id\":\"https:\/\/agenciainfra.com\/blog\/#organization\",\"name\":\"Ag\u00eancia iNFRA\",\"url\":\"https:\/\/agenciainfra.com\/blog\/\",\"logo\":{\"@type\":\"ImageObject\",\"inLanguage\":\"pt-BR\",\"@id\":\"https:\/\/agenciainfra.com\/blog\/#\/schema\/logo\/image\/\",\"url\":\"https:\/\/agenciainfra.com\/blog\/wp-content\/uploads\/2023\/09\/iNFRA_5-e1761735885940.png\",\"contentUrl\":\"https:\/\/agenciainfra.com\/blog\/wp-content\/uploads\/2023\/09\/iNFRA_5-e1761735885940.png\",\"width\":1672,\"height\":454,\"caption\":\"Ag\u00eancia iNFRA\"},\"image\":{\"@id\":\"https:\/\/agenciainfra.com\/blog\/#\/schema\/logo\/image\/\"},\"sameAs\":[\"https:\/\/www.facebook.com\/ageninfra\",\"https:\/\/x.com\/agencia_infra\",\"https:\/\/www.linkedin.com\/company\/ag\u00eanciainfra\/\",\"https:\/\/www.instagram.com\/agenciainfra\/\"]},{\"@type\":\"Person\",\"@id\":\"https:\/\/agenciainfra.com\/blog\/#\/schema\/person\/34af08dff6adea4cb22b06612ba7acfa\",\"name\":\"Ag\u00eancia iNFRA\",\"image\":{\"@type\":\"ImageObject\",\"inLanguage\":\"pt-BR\",\"@id\":\"https:\/\/agenciainfra.com\/blog\/#\/schema\/person\/image\/\",\"url\":\"https:\/\/secure.gravatar.com\/avatar\/d189e01678f06d8eb84d4e01f08eb848b3fffe3f8443818d3c356c66892f5be8?s=96&d=mm&r=g\",\"contentUrl\":\"https:\/\/secure.gravatar.com\/avatar\/d189e01678f06d8eb84d4e01f08eb848b3fffe3f8443818d3c356c66892f5be8?s=96&d=mm&r=g\",\"caption\":\"Ag\u00eancia iNFRA\"},\"url\":\"https:\/\/agenciainfra.com\/blog\/author\/admin\/\"}]}<\/script>\n<!-- \/ Yoast SEO Premium plugin. -->","yoast_head_json":{"title":"ANEEL aprova nomes para a lista tr\u00edplice de diretores substitutos \u00e0 vaga de H\u00e9lvio Guerra; veja quais - Ag\u00eancia iNFRA","robots":{"index":"index","follow":"follow","max-snippet":"max-snippet:-1","max-image-preview":"max-image-preview:large","max-video-preview":"max-video-preview:-1"},"canonical":"https:\/\/agenciainfra.com\/blog\/aneel-aprova-nomes-para-a-lista-triplice-de-diretores-substitutos-a-vaga-de-helvio-guerra-veja-quais\/","og_locale":"pt_BR","og_type":"article","og_title":"ANEEL aprova nomes para a lista tr\u00edplice de diretores substitutos \u00e0 vaga de H\u00e9lvio Guerra; veja quais","og_description":"da Ag\u00eancia iNFRA A diretoria da ANEEL (Ag\u00eancia Nacional de Energia El\u00e9trica) aprovou nesta segunda-feira (13) os nomes que ser\u00e3o enviados \u00e0 Presid\u00eancia da Rep\u00fablica para compor a lista tr\u00edplice de diretores substitutos ao diretor H\u00e9lvio Guerra, que encerra o seu mandato na pr\u00f3xima semana. Foram apresentadas duas listas: uma pelo diretor-geral, Sandoval Feitosa, e [&hellip;]","og_url":"https:\/\/agenciainfra.com\/blog\/aneel-aprova-nomes-para-a-lista-triplice-de-diretores-substitutos-a-vaga-de-helvio-guerra-veja-quais\/","og_site_name":"Ag\u00eancia iNFRA","article_publisher":"https:\/\/www.facebook.com\/ageninfra","article_published_time":"2024-05-13T15:30:00+00:00","article_modified_time":"2026-03-13T12:41:01+00:00","og_image":[{"width":1202,"height":800,"url":"https:\/\/agenciainfra.com\/blog\/wp-content\/uploads\/2023\/06\/helvio-guerra-foto-governo-federal.png","type":"image\/png"}],"author":"Ag\u00eancia iNFRA","twitter_card":"summary_large_image","twitter_creator":"@agencia_infra","twitter_site":"@agencia_infra","twitter_misc":{"Escrito por":"Ag\u00eancia iNFRA","Est. tempo de leitura":"2 minutos"},"schema":{"@context":"https:\/\/schema.org","@graph":[{"@type":"Article","@id":"https:\/\/agenciainfra.com\/blog\/aneel-aprova-nomes-para-a-lista-triplice-de-diretores-substitutos-a-vaga-de-helvio-guerra-veja-quais\/#article","isPartOf":{"@id":"https:\/\/agenciainfra.com\/blog\/aneel-aprova-nomes-para-a-lista-triplice-de-diretores-substitutos-a-vaga-de-helvio-guerra-veja-quais\/"},"author":{"name":"Ag\u00eancia iNFRA","@id":"https:\/\/agenciainfra.com\/blog\/#\/schema\/person\/34af08dff6adea4cb22b06612ba7acfa"},"headline":"ANEEL aprova nomes para a lista tr\u00edplice de diretores substitutos \u00e0 vaga de H\u00e9lvio Guerra; veja quais","datePublished":"2024-05-13T15:30:00+00:00","dateModified":"2026-03-13T12:41:01+00:00","mainEntityOfPage":{"@id":"https:\/\/agenciainfra.com\/blog\/aneel-aprova-nomes-para-a-lista-triplice-de-diretores-substitutos-a-vaga-de-helvio-guerra-veja-quais\/"},"wordCount":346,"publisher":{"@id":"https:\/\/agenciainfra.com\/blog\/#organization"},"image":{"@id":"https:\/\/agenciainfra.com\/blog\/aneel-aprova-nomes-para-a-lista-triplice-de-diretores-substitutos-a-vaga-de-helvio-guerra-veja-quais\/#primaryimage"},"thumbnailUrl":"https:\/\/agenciainfra.com\/blog\/wp-content\/uploads\/2023\/06\/helvio-guerra-foto-governo-federal.png","keywords":["Adriana Carvalho Vivan","Ag\u00eancia Nacional de Energia El\u00e9trica","Ag\u00eancias Reguladoras","Agnes Costa","Andr\u00e9 Ruelli","ANEEL","Carlos Calixto Mattar","Daniel Danna","diretores","diretores substitutos","Fernando Mosna","Francisco Jos\u00e9 Pereira","gest\u00e3o","H\u00e9lvio Guerra","Ivo Sechi Nazareno","Joseanne Aguiar Santos","Lista tr\u00edplice","Ludimila Lima da Silva","Maria Luiza Caldwell","nomea\u00e7\u00f5es","Paulo Luciano de Carvalho","Recursos humanos","Reguladoras","Ricardo Tili","Sandoval Feitosa","Servidores p\u00fablicos","Substitui\u00e7\u00e3o","Substitutos de H\u00e9lvio Guerra","Vaga"],"articleSection":["Cabe\u00e7alho","Destaque lista","Geral","iNFRAEnergia"],"inLanguage":"pt-BR","copyrightYear":"2024","copyrightHolder":{"@id":"https:\/\/agenciainfra.com\/blog\/#organization"}},{"@type":"WebPage","@id":"https:\/\/agenciainfra.com\/blog\/aneel-aprova-nomes-para-a-lista-triplice-de-diretores-substitutos-a-vaga-de-helvio-guerra-veja-quais\/","url":"https:\/\/agenciainfra.com\/blog\/aneel-aprova-nomes-para-a-lista-triplice-de-diretores-substitutos-a-vaga-de-helvio-guerra-veja-quais\/","name":"ANEEL aprova nomes para a lista tr\u00edplice de diretores substitutos \u00e0 vaga de H\u00e9lvio Guerra; veja quais - Ag\u00eancia iNFRA","isPartOf":{"@id":"https:\/\/agenciainfra.com\/blog\/#website"},"primaryImageOfPage":{"@id":"https:\/\/agenciainfra.com\/blog\/aneel-aprova-nomes-para-a-lista-triplice-de-diretores-substitutos-a-vaga-de-helvio-guerra-veja-quais\/#primaryimage"},"image":{"@id":"https:\/\/agenciainfra.com\/blog\/aneel-aprova-nomes-para-a-lista-triplice-de-diretores-substitutos-a-vaga-de-helvio-guerra-veja-quais\/#primaryimage"},"thumbnailUrl":"https:\/\/agenciainfra.com\/blog\/wp-content\/uploads\/2023\/06\/helvio-guerra-foto-governo-federal.png","datePublished":"2024-05-13T15:30:00+00:00","dateModified":"2026-03-13T12:41:01+00:00","breadcrumb":{"@id":"https:\/\/agenciainfra.com\/blog\/aneel-aprova-nomes-para-a-lista-triplice-de-diretores-substitutos-a-vaga-de-helvio-guerra-veja-quais\/#breadcrumb"},"inLanguage":"pt-BR","potentialAction":[{"@type":"ReadAction","target":["https:\/\/agenciainfra.com\/blog\/aneel-aprova-nomes-para-a-lista-triplice-de-diretores-substitutos-a-vaga-de-helvio-guerra-veja-quais\/"]}]},{"@type":"ImageObject","inLanguage":"pt-BR","@id":"https:\/\/agenciainfra.com\/blog\/aneel-aprova-nomes-para-a-lista-triplice-de-diretores-substitutos-a-vaga-de-helvio-guerra-veja-quais\/#primaryimage","url":"https:\/\/agenciainfra.com\/blog\/wp-content\/uploads\/2023\/06\/helvio-guerra-foto-governo-federal.png","contentUrl":"https:\/\/agenciainfra.com\/blog\/wp-content\/uploads\/2023\/06\/helvio-guerra-foto-governo-federal.png","width":1202,"height":800},{"@type":"BreadcrumbList","@id":"https:\/\/agenciainfra.com\/blog\/aneel-aprova-nomes-para-a-lista-triplice-de-diretores-substitutos-a-vaga-de-helvio-guerra-veja-quais\/#breadcrumb","itemListElement":[{"@type":"ListItem","position":1,"name":"In\u00edcio","item":"https:\/\/agenciainfra.com\/blog\/"},{"@type":"ListItem","position":2,"name":"ANEEL aprova nomes para a lista tr\u00edplice de diretores substitutos \u00e0 vaga de H\u00e9lvio Guerra; veja quais"}]},{"@type":"WebSite","@id":"https:\/\/agenciainfra.com\/blog\/#website","url":"https:\/\/agenciainfra.com\/blog\/","name":"Ag\u00eancia iNFRA","description":"Multiplataforma de informa\u00e7\u00e3o jornal\u00edstica refer\u00eancia na \u00e1rea de infraestrutura no Brasil!","publisher":{"@id":"https:\/\/agenciainfra.com\/blog\/#organization"},"potentialAction":[{"@type":"SearchAction","target":{"@type":"EntryPoint","urlTemplate":"https:\/\/agenciainfra.com\/blog\/?s={search_term_string}"},"query-input":{"@type":"PropertyValueSpecification","valueRequired":true,"valueName":"search_term_string"}}],"inLanguage":"pt-BR"},{"@type":"Organization","@id":"https:\/\/agenciainfra.com\/blog\/#organization","name":"Ag\u00eancia iNFRA","url":"https:\/\/agenciainfra.com\/blog\/","logo":{"@type":"ImageObject","inLanguage":"pt-BR","@id":"https:\/\/agenciainfra.com\/blog\/#\/schema\/logo\/image\/","url":"https:\/\/agenciainfra.com\/blog\/wp-content\/uploads\/2023\/09\/iNFRA_5-e1761735885940.png","contentUrl":"https:\/\/agenciainfra.com\/blog\/wp-content\/uploads\/2023\/09\/iNFRA_5-e1761735885940.png","width":1672,"height":454,"caption":"Ag\u00eancia iNFRA"},"image":{"@id":"https:\/\/agenciainfra.com\/blog\/#\/schema\/logo\/image\/"},"sameAs":["https:\/\/www.facebook.com\/ageninfra","https:\/\/x.com\/agencia_infra","https:\/\/www.linkedin.com\/company\/ag\u00eanciainfra\/","https:\/\/www.instagram.com\/agenciainfra\/"]},{"@type":"Person","@id":"https:\/\/agenciainfra.com\/blog\/#\/schema\/person\/34af08dff6adea4cb22b06612ba7acfa","name":"Ag\u00eancia iNFRA","image":{"@type":"ImageObject","inLanguage":"pt-BR","@id":"https:\/\/agenciainfra.com\/blog\/#\/schema\/person\/image\/","url":"https:\/\/secure.gravatar.com\/avatar\/d189e01678f06d8eb84d4e01f08eb848b3fffe3f8443818d3c356c66892f5be8?s=96&d=mm&r=g","contentUrl":"https:\/\/secure.gravatar.com\/avatar\/d189e01678f06d8eb84d4e01f08eb848b3fffe3f8443818d3c356c66892f5be8?s=96&d=mm&r=g","caption":"Ag\u00eancia iNFRA"},"url":"https:\/\/agenciainfra.com\/blog\/author\/admin\/"}]}},"_links":{"self":[{"href":"https:\/\/agenciainfra.com\/blog\/wp-json\/wp\/v2\/posts\/16635","targetHints":{"allow":["GET"]}}],"collection":[{"href":"https:\/\/agenciainfra.com\/blog\/wp-json\/wp\/v2\/posts"}],"about":[{"href":"https:\/\/agenciainfra.com\/blog\/wp-json\/wp\/v2\/types\/post"}],"author":[{"embeddable":true,"href":"https:\/\/agenciainfra.com\/blog\/wp-json\/wp\/v2\/users\/1"}],"replies":[{"embeddable":true,"href":"https:\/\/agenciainfra.com\/blog\/wp-json\/wp\/v2\/comments?post=16635"}],"version-history":[{"count":1,"href":"https:\/\/agenciainfra.com\/blog\/wp-json\/wp\/v2\/posts\/16635\/revisions"}],"predecessor-version":[{"id":16636,"href":"https:\/\/agenciainfra.com\/blog\/wp-json\/wp\/v2\/posts\/16635\/revisions\/16636"}],"wp:featuredmedia":[{"embeddable":true,"href":"https:\/\/agenciainfra.com\/blog\/wp-json\/wp\/v2\/media\/12864"}],"wp:attachment":[{"href":"https:\/\/agenciainfra.com\/blog\/wp-json\/wp\/v2\/media?parent=16635"}],"wp:term":[{"taxonomy":"category","embeddable":true,"href":"https:\/\/agenciainfra.com\/blog\/wp-json\/wp\/v2\/categories?post=16635"},{"taxonomy":"post_tag","embeddable":true,"href":"https:\/\/agenciainfra.com\/blog\/wp-json\/wp\/v2\/tags?post=16635"}],"curies":[{"name":"wp","href":"https:\/\/api.w.org\/{rel}","templated":true}]}}