{"id":16645,"date":"2024-05-14T13:00:00","date_gmt":"2024-05-14T16:00:00","guid":{"rendered":"https:\/\/agenciainfra.com\/blog\/?p=16645"},"modified":"2026-03-13T09:41:00","modified_gmt":"2026-03-13T12:41:00","slug":"governo-avalia-medida-provisoria-destinando-r-12-bi-de-itaipu-para-o-rio-grande-do-sul","status":"publish","type":"post","link":"https:\/\/agenciainfra.com\/blog\/governo-avalia-medida-provisoria-destinando-r-12-bi-de-itaipu-para-o-rio-grande-do-sul\/","title":{"rendered":"Governo avalia Medida Provis\u00f3ria destinando R$ 1,2 bi de Itaipu para o Rio Grande do Sul"},"content":{"rendered":"\n<p class=\"has-text-align-right\"><strong>Leila Coimbra, da&nbsp;Ag\u00eancia iNFRA<\/strong><\/p>\n\n\n\n<p>Est\u00e1 sob an\u00e1lise no governo federal a publica\u00e7\u00e3o de uma MP (Medida Provis\u00f3ria) determinando que os recursos&nbsp;da Conta&nbsp;Itaipu sejam destinados para aliviar os consumidores de energia do Rio Grande do Sul, atingido por fortes chuvas desde o in\u00edcio de maio.<br><br>Uma minuta de MP est\u00e1 em andamento e, segundo fontes, destinaria R$ 1,2 bilh\u00e3o para descontos nas tarifas das distribuidoras de energia do estado. Desse total, R$ 399 milh\u00f5es seriam do saldo da Conta de Comercializa\u00e7\u00e3o de Itaipu em 2023 e R$ 840 milh\u00f5es viriam do total devolvido pelas distribuidoras, referentes aos diferimentos dos&nbsp;repasses tarif\u00e1rios, com base nos saldos da Conta de Itaipu de 2020 e de 2021.<br><br><strong>Projeto de lei<\/strong><br>Na semana passada, o deputado federal Danilo Forte (Uni\u00e3o-CE) apresentou um projeto de lei semelhante, destinando dinheiro da Conta de Itaipu para os atingidos pela enchente no Sul.<br><br>\u201cExcepcionalmente no exerc\u00edcio de 2024, parcela do resultado da comercializa\u00e7\u00e3o de energia de Itaipu que cabe ao Brasil ser\u00e1 destinada para a\u00e7\u00f5es de enfrentamento da calamidade p\u00fablica no estado do Rio Grande do Sul e suas consequ\u00eancias sociais e econ\u00f4micas, conforme indica\u00e7\u00e3o do Poder Executivo\u201d, diz o texto do&nbsp;<a href=\"https:\/\/agenciainfra.us14.list-manage.com\/track\/click?u=d460dd1bcf9ba0ae040e1fc0f&amp;id=6bc72e4029&amp;e=f0fa444791\" target=\"_blank\" rel=\"noreferrer noopener\">PL 1.639\/2024<\/a>.<br><br><strong>Diferen\u00e7a ao Paraguai<\/strong><br>O ministro de Minas e Energia, Alexandre Silveira, tamb\u00e9m anunciou que recursos de Itaipu seriam destinados para o Paraguai, no sentido de manter a tarifa de Itaipu inalterada para os consumidores brasileiros at\u00e9 2026.<br><br>Segundo o ministro, o Cuse (Custo Unit\u00e1rio dos Servi\u00e7os de Eletricidade) de Itaipu seria mantido em US$ 16,71 para o lado brasileiro, mas o valor pago ao Paraguai seria de US$ 19,28 o kWh at\u00e9 2026.<br>&nbsp;<br>N\u00e3o haveria impacto sobre o pre\u00e7o da energia el\u00e9trica cobrado no Brasil porque a parte brasileira da usina colocaria US$ 900 milh\u00f5es (US$ 300 milh\u00f5es por ano, em 2024, 2025 e 2026) para compensar o reajuste, de acordo com Silveira. Esse dinheiro viria do plano de investimentos da empresa.<\/p>\n","protected":false},"excerpt":{"rendered":"<p>Leila Coimbra, da&nbsp;Ag\u00eancia iNFRA Est\u00e1 sob an\u00e1lise no governo federal a publica\u00e7\u00e3o de uma MP (Medida Provis\u00f3ria) determinando que os recursos&nbsp;da Conta&nbsp;Itaipu sejam destinados para aliviar os consumidores de energia do Rio Grande do Sul, atingido por fortes chuvas desde o in\u00edcio de maio. Uma minuta de MP est\u00e1 em andamento e, segundo fontes, destinaria [&hellip;]<\/p>\n","protected":false},"author":1,"featured_media":14109,"comment_status":"closed","ping_status":"closed","sticky":false,"template":"","format":"standard","meta":{"_monsterinsights_skip_tracking":false,"_monsterinsights_sitenote_active":false,"_monsterinsights_sitenote_note":"","_monsterinsights_sitenote_category":0,"footnotes":""},"categories":[7250,1,10],"tags":[6040,9416,9418,7703,3755,9420,9421,491,9423,9417,99,1984,76,9419,96,71,284,621,4953,1820,3468,1386],"class_list":["post-16645","post","type-post","status-publish","format-standard","has-post-thumbnail","hentry","category-destaque-lista","category-geral","category-infraenergia","tag-alexandre-silveira","tag-calamidade-publica","tag-conta-itaipu","tag-cuse","tag-danilo-forte","tag-desabrigados","tag-desastre-no-sul","tag-distribuidoras-de-energia","tag-emergencia","tag-enchente","tag-itaipu","tag-leila-coimbra","tag-medida-provisoria","tag-mineracao-e-energia","tag-ministerio-de-minas-e-energia","tag-mme","tag-mp","tag-paraguai","tag-politica-energetica","tag-regiao-sul","tag-rio-grande-do-sul","tag-tarifas-de-energia"],"yoast_head":"<!-- This site is optimized with the Yoast SEO Premium plugin v25.4 (Yoast SEO v26.0) - https:\/\/yoast.com\/wordpress\/plugins\/seo\/ -->\n<title>Governo avalia Medida Provis\u00f3ria destinando R$ 1,2 bi de Itaipu para o Rio Grande do Sul - Ag\u00eancia iNFRA<\/title>\n<meta name=\"robots\" content=\"index, follow, max-snippet:-1, max-image-preview:large, max-video-preview:-1\" \/>\n<link rel=\"canonical\" href=\"https:\/\/agenciainfra.com\/blog\/governo-avalia-medida-provisoria-destinando-r-12-bi-de-itaipu-para-o-rio-grande-do-sul\/\" \/>\n<meta property=\"og:locale\" content=\"pt_BR\" \/>\n<meta property=\"og:type\" content=\"article\" \/>\n<meta property=\"og:title\" content=\"Governo avalia Medida Provis\u00f3ria destinando R$ 1,2 bi de Itaipu para o Rio Grande do Sul\" \/>\n<meta property=\"og:description\" content=\"Leila Coimbra, da&nbsp;Ag\u00eancia iNFRA Est\u00e1 sob an\u00e1lise no governo federal a publica\u00e7\u00e3o de uma MP (Medida Provis\u00f3ria) determinando que os recursos&nbsp;da Conta&nbsp;Itaipu sejam destinados para aliviar os consumidores de energia do Rio Grande do Sul, atingido por fortes chuvas desde o in\u00edcio de maio. Uma minuta de MP est\u00e1 em andamento e, segundo fontes, destinaria [&hellip;]\" \/>\n<meta property=\"og:url\" content=\"https:\/\/agenciainfra.com\/blog\/governo-avalia-medida-provisoria-destinando-r-12-bi-de-itaipu-para-o-rio-grande-do-sul\/\" \/>\n<meta property=\"og:site_name\" content=\"Ag\u00eancia iNFRA\" \/>\n<meta property=\"article:publisher\" content=\"https:\/\/www.facebook.com\/ageninfra\" \/>\n<meta property=\"article:published_time\" content=\"2024-05-14T16:00:00+00:00\" \/>\n<meta property=\"article:modified_time\" content=\"2026-03-13T12:41:00+00:00\" \/>\n<meta property=\"og:image\" content=\"https:\/\/agenciainfra.com\/blog\/wp-content\/uploads\/2023\/09\/palacio-do-planalto-foto-governo-federal-roberto-stuckert-filho.jpeg\" \/>\n\t<meta property=\"og:image:width\" content=\"1202\" \/>\n\t<meta property=\"og:image:height\" content=\"800\" \/>\n\t<meta property=\"og:image:type\" content=\"image\/jpeg\" \/>\n<meta name=\"author\" content=\"Ag\u00eancia iNFRA\" \/>\n<meta name=\"twitter:card\" content=\"summary_large_image\" \/>\n<meta name=\"twitter:creator\" content=\"@agencia_infra\" \/>\n<meta name=\"twitter:site\" content=\"@agencia_infra\" \/>\n<meta name=\"twitter:label1\" content=\"Escrito por\" \/>\n\t<meta name=\"twitter:data1\" content=\"Ag\u00eancia iNFRA\" \/>\n\t<meta name=\"twitter:label2\" content=\"Est. tempo de leitura\" \/>\n\t<meta name=\"twitter:data2\" content=\"2 minutos\" \/>\n<script type=\"application\/ld+json\" class=\"yoast-schema-graph\">{\"@context\":\"https:\/\/schema.org\",\"@graph\":[{\"@type\":\"Article\",\"@id\":\"https:\/\/agenciainfra.com\/blog\/governo-avalia-medida-provisoria-destinando-r-12-bi-de-itaipu-para-o-rio-grande-do-sul\/#article\",\"isPartOf\":{\"@id\":\"https:\/\/agenciainfra.com\/blog\/governo-avalia-medida-provisoria-destinando-r-12-bi-de-itaipu-para-o-rio-grande-do-sul\/\"},\"author\":{\"name\":\"Ag\u00eancia iNFRA\",\"@id\":\"https:\/\/agenciainfra.com\/blog\/#\/schema\/person\/34af08dff6adea4cb22b06612ba7acfa\"},\"headline\":\"Governo avalia Medida Provis\u00f3ria destinando R$ 1,2 bi de Itaipu para o Rio Grande do Sul\",\"datePublished\":\"2024-05-14T16:00:00+00:00\",\"dateModified\":\"2026-03-13T12:41:00+00:00\",\"mainEntityOfPage\":{\"@id\":\"https:\/\/agenciainfra.com\/blog\/governo-avalia-medida-provisoria-destinando-r-12-bi-de-itaipu-para-o-rio-grande-do-sul\/\"},\"wordCount\":352,\"publisher\":{\"@id\":\"https:\/\/agenciainfra.com\/blog\/#organization\"},\"image\":{\"@id\":\"https:\/\/agenciainfra.com\/blog\/governo-avalia-medida-provisoria-destinando-r-12-bi-de-itaipu-para-o-rio-grande-do-sul\/#primaryimage\"},\"thumbnailUrl\":\"https:\/\/agenciainfra.com\/blog\/wp-content\/uploads\/2023\/09\/palacio-do-planalto-foto-governo-federal-roberto-stuckert-filho.jpeg\",\"keywords\":[\"Alexandre Silveira\",\"Calamidade p\u00fablica\",\"Conta Itaipu\",\"CUSE\",\"Danilo Forte\",\"Desabrigados\",\"Desastre no Sul\",\"distribuidoras de energia\",\"Emerg\u00eancia\",\"Enchente\",\"Itaipu\",\"Leila Coimbra\",\"Medida Provis\u00f3ria\",\"Minera\u00e7\u00e3o e Energia\",\"Minist\u00e9rio de Minas e Energia\",\"MME\",\"MP\",\"Paraguai\",\"pol\u00edtica energ\u00e9tica\",\"regi\u00e3o Sul\",\"Rio Grande do Sul\",\"tarifas de energia\"],\"articleSection\":[\"Destaque lista\",\"Geral\",\"iNFRAEnergia\"],\"inLanguage\":\"pt-BR\",\"copyrightYear\":\"2024\",\"copyrightHolder\":{\"@id\":\"https:\/\/agenciainfra.com\/blog\/#organization\"}},{\"@type\":\"WebPage\",\"@id\":\"https:\/\/agenciainfra.com\/blog\/governo-avalia-medida-provisoria-destinando-r-12-bi-de-itaipu-para-o-rio-grande-do-sul\/\",\"url\":\"https:\/\/agenciainfra.com\/blog\/governo-avalia-medida-provisoria-destinando-r-12-bi-de-itaipu-para-o-rio-grande-do-sul\/\",\"name\":\"Governo avalia Medida Provis\u00f3ria destinando R$ 1,2 bi de Itaipu para o Rio Grande do Sul - Ag\u00eancia iNFRA\",\"isPartOf\":{\"@id\":\"https:\/\/agenciainfra.com\/blog\/#website\"},\"primaryImageOfPage\":{\"@id\":\"https:\/\/agenciainfra.com\/blog\/governo-avalia-medida-provisoria-destinando-r-12-bi-de-itaipu-para-o-rio-grande-do-sul\/#primaryimage\"},\"image\":{\"@id\":\"https:\/\/agenciainfra.com\/blog\/governo-avalia-medida-provisoria-destinando-r-12-bi-de-itaipu-para-o-rio-grande-do-sul\/#primaryimage\"},\"thumbnailUrl\":\"https:\/\/agenciainfra.com\/blog\/wp-content\/uploads\/2023\/09\/palacio-do-planalto-foto-governo-federal-roberto-stuckert-filho.jpeg\",\"datePublished\":\"2024-05-14T16:00:00+00:00\",\"dateModified\":\"2026-03-13T12:41:00+00:00\",\"breadcrumb\":{\"@id\":\"https:\/\/agenciainfra.com\/blog\/governo-avalia-medida-provisoria-destinando-r-12-bi-de-itaipu-para-o-rio-grande-do-sul\/#breadcrumb\"},\"inLanguage\":\"pt-BR\",\"potentialAction\":[{\"@type\":\"ReadAction\",\"target\":[\"https:\/\/agenciainfra.com\/blog\/governo-avalia-medida-provisoria-destinando-r-12-bi-de-itaipu-para-o-rio-grande-do-sul\/\"]}]},{\"@type\":\"ImageObject\",\"inLanguage\":\"pt-BR\",\"@id\":\"https:\/\/agenciainfra.com\/blog\/governo-avalia-medida-provisoria-destinando-r-12-bi-de-itaipu-para-o-rio-grande-do-sul\/#primaryimage\",\"url\":\"https:\/\/agenciainfra.com\/blog\/wp-content\/uploads\/2023\/09\/palacio-do-planalto-foto-governo-federal-roberto-stuckert-filho.jpeg\",\"contentUrl\":\"https:\/\/agenciainfra.com\/blog\/wp-content\/uploads\/2023\/09\/palacio-do-planalto-foto-governo-federal-roberto-stuckert-filho.jpeg\",\"width\":1202,\"height\":800,\"caption\":\"Foto: Roberto Stuckert Filho\/Governo Federal\"},{\"@type\":\"BreadcrumbList\",\"@id\":\"https:\/\/agenciainfra.com\/blog\/governo-avalia-medida-provisoria-destinando-r-12-bi-de-itaipu-para-o-rio-grande-do-sul\/#breadcrumb\",\"itemListElement\":[{\"@type\":\"ListItem\",\"position\":1,\"name\":\"In\u00edcio\",\"item\":\"https:\/\/agenciainfra.com\/blog\/\"},{\"@type\":\"ListItem\",\"position\":2,\"name\":\"Governo avalia Medida Provis\u00f3ria destinando R$ 1,2 bi de Itaipu para o Rio Grande do Sul\"}]},{\"@type\":\"WebSite\",\"@id\":\"https:\/\/agenciainfra.com\/blog\/#website\",\"url\":\"https:\/\/agenciainfra.com\/blog\/\",\"name\":\"Ag\u00eancia iNFRA\",\"description\":\"Multiplataforma de informa\u00e7\u00e3o jornal\u00edstica refer\u00eancia na \u00e1rea de infraestrutura no Brasil!\",\"publisher\":{\"@id\":\"https:\/\/agenciainfra.com\/blog\/#organization\"},\"potentialAction\":[{\"@type\":\"SearchAction\",\"target\":{\"@type\":\"EntryPoint\",\"urlTemplate\":\"https:\/\/agenciainfra.com\/blog\/?s={search_term_string}\"},\"query-input\":{\"@type\":\"PropertyValueSpecification\",\"valueRequired\":true,\"valueName\":\"search_term_string\"}}],\"inLanguage\":\"pt-BR\"},{\"@type\":\"Organization\",\"@id\":\"https:\/\/agenciainfra.com\/blog\/#organization\",\"name\":\"Ag\u00eancia iNFRA\",\"url\":\"https:\/\/agenciainfra.com\/blog\/\",\"logo\":{\"@type\":\"ImageObject\",\"inLanguage\":\"pt-BR\",\"@id\":\"https:\/\/agenciainfra.com\/blog\/#\/schema\/logo\/image\/\",\"url\":\"https:\/\/agenciainfra.com\/blog\/wp-content\/uploads\/2023\/09\/iNFRA_5-e1761735885940.png\",\"contentUrl\":\"https:\/\/agenciainfra.com\/blog\/wp-content\/uploads\/2023\/09\/iNFRA_5-e1761735885940.png\",\"width\":1672,\"height\":454,\"caption\":\"Ag\u00eancia iNFRA\"},\"image\":{\"@id\":\"https:\/\/agenciainfra.com\/blog\/#\/schema\/logo\/image\/\"},\"sameAs\":[\"https:\/\/www.facebook.com\/ageninfra\",\"https:\/\/x.com\/agencia_infra\",\"https:\/\/www.linkedin.com\/company\/ag\u00eanciainfra\/\",\"https:\/\/www.instagram.com\/agenciainfra\/\"]},{\"@type\":\"Person\",\"@id\":\"https:\/\/agenciainfra.com\/blog\/#\/schema\/person\/34af08dff6adea4cb22b06612ba7acfa\",\"name\":\"Ag\u00eancia iNFRA\",\"image\":{\"@type\":\"ImageObject\",\"inLanguage\":\"pt-BR\",\"@id\":\"https:\/\/agenciainfra.com\/blog\/#\/schema\/person\/image\/\",\"url\":\"https:\/\/secure.gravatar.com\/avatar\/d189e01678f06d8eb84d4e01f08eb848b3fffe3f8443818d3c356c66892f5be8?s=96&d=mm&r=g\",\"contentUrl\":\"https:\/\/secure.gravatar.com\/avatar\/d189e01678f06d8eb84d4e01f08eb848b3fffe3f8443818d3c356c66892f5be8?s=96&d=mm&r=g\",\"caption\":\"Ag\u00eancia iNFRA\"},\"url\":\"https:\/\/agenciainfra.com\/blog\/author\/admin\/\"}]}<\/script>\n<!-- \/ Yoast SEO Premium plugin. -->","yoast_head_json":{"title":"Governo avalia Medida Provis\u00f3ria destinando R$ 1,2 bi de Itaipu para o Rio Grande do Sul - Ag\u00eancia iNFRA","robots":{"index":"index","follow":"follow","max-snippet":"max-snippet:-1","max-image-preview":"max-image-preview:large","max-video-preview":"max-video-preview:-1"},"canonical":"https:\/\/agenciainfra.com\/blog\/governo-avalia-medida-provisoria-destinando-r-12-bi-de-itaipu-para-o-rio-grande-do-sul\/","og_locale":"pt_BR","og_type":"article","og_title":"Governo avalia Medida Provis\u00f3ria destinando R$ 1,2 bi de Itaipu para o Rio Grande do Sul","og_description":"Leila Coimbra, da&nbsp;Ag\u00eancia iNFRA Est\u00e1 sob an\u00e1lise no governo federal a publica\u00e7\u00e3o de uma MP (Medida Provis\u00f3ria) determinando que os recursos&nbsp;da Conta&nbsp;Itaipu sejam destinados para aliviar os consumidores de energia do Rio Grande do Sul, atingido por fortes chuvas desde o in\u00edcio de maio. Uma minuta de MP est\u00e1 em andamento e, segundo fontes, destinaria [&hellip;]","og_url":"https:\/\/agenciainfra.com\/blog\/governo-avalia-medida-provisoria-destinando-r-12-bi-de-itaipu-para-o-rio-grande-do-sul\/","og_site_name":"Ag\u00eancia iNFRA","article_publisher":"https:\/\/www.facebook.com\/ageninfra","article_published_time":"2024-05-14T16:00:00+00:00","article_modified_time":"2026-03-13T12:41:00+00:00","og_image":[{"width":1202,"height":800,"url":"https:\/\/agenciainfra.com\/blog\/wp-content\/uploads\/2023\/09\/palacio-do-planalto-foto-governo-federal-roberto-stuckert-filho.jpeg","type":"image\/jpeg"}],"author":"Ag\u00eancia iNFRA","twitter_card":"summary_large_image","twitter_creator":"@agencia_infra","twitter_site":"@agencia_infra","twitter_misc":{"Escrito por":"Ag\u00eancia iNFRA","Est. tempo de leitura":"2 minutos"},"schema":{"@context":"https:\/\/schema.org","@graph":[{"@type":"Article","@id":"https:\/\/agenciainfra.com\/blog\/governo-avalia-medida-provisoria-destinando-r-12-bi-de-itaipu-para-o-rio-grande-do-sul\/#article","isPartOf":{"@id":"https:\/\/agenciainfra.com\/blog\/governo-avalia-medida-provisoria-destinando-r-12-bi-de-itaipu-para-o-rio-grande-do-sul\/"},"author":{"name":"Ag\u00eancia iNFRA","@id":"https:\/\/agenciainfra.com\/blog\/#\/schema\/person\/34af08dff6adea4cb22b06612ba7acfa"},"headline":"Governo avalia Medida Provis\u00f3ria destinando R$ 1,2 bi de Itaipu para o Rio Grande do Sul","datePublished":"2024-05-14T16:00:00+00:00","dateModified":"2026-03-13T12:41:00+00:00","mainEntityOfPage":{"@id":"https:\/\/agenciainfra.com\/blog\/governo-avalia-medida-provisoria-destinando-r-12-bi-de-itaipu-para-o-rio-grande-do-sul\/"},"wordCount":352,"publisher":{"@id":"https:\/\/agenciainfra.com\/blog\/#organization"},"image":{"@id":"https:\/\/agenciainfra.com\/blog\/governo-avalia-medida-provisoria-destinando-r-12-bi-de-itaipu-para-o-rio-grande-do-sul\/#primaryimage"},"thumbnailUrl":"https:\/\/agenciainfra.com\/blog\/wp-content\/uploads\/2023\/09\/palacio-do-planalto-foto-governo-federal-roberto-stuckert-filho.jpeg","keywords":["Alexandre Silveira","Calamidade p\u00fablica","Conta Itaipu","CUSE","Danilo Forte","Desabrigados","Desastre no Sul","distribuidoras de energia","Emerg\u00eancia","Enchente","Itaipu","Leila Coimbra","Medida Provis\u00f3ria","Minera\u00e7\u00e3o e Energia","Minist\u00e9rio de Minas e Energia","MME","MP","Paraguai","pol\u00edtica energ\u00e9tica","regi\u00e3o Sul","Rio Grande do Sul","tarifas de energia"],"articleSection":["Destaque lista","Geral","iNFRAEnergia"],"inLanguage":"pt-BR","copyrightYear":"2024","copyrightHolder":{"@id":"https:\/\/agenciainfra.com\/blog\/#organization"}},{"@type":"WebPage","@id":"https:\/\/agenciainfra.com\/blog\/governo-avalia-medida-provisoria-destinando-r-12-bi-de-itaipu-para-o-rio-grande-do-sul\/","url":"https:\/\/agenciainfra.com\/blog\/governo-avalia-medida-provisoria-destinando-r-12-bi-de-itaipu-para-o-rio-grande-do-sul\/","name":"Governo avalia Medida Provis\u00f3ria destinando R$ 1,2 bi de Itaipu para o Rio Grande do Sul - Ag\u00eancia iNFRA","isPartOf":{"@id":"https:\/\/agenciainfra.com\/blog\/#website"},"primaryImageOfPage":{"@id":"https:\/\/agenciainfra.com\/blog\/governo-avalia-medida-provisoria-destinando-r-12-bi-de-itaipu-para-o-rio-grande-do-sul\/#primaryimage"},"image":{"@id":"https:\/\/agenciainfra.com\/blog\/governo-avalia-medida-provisoria-destinando-r-12-bi-de-itaipu-para-o-rio-grande-do-sul\/#primaryimage"},"thumbnailUrl":"https:\/\/agenciainfra.com\/blog\/wp-content\/uploads\/2023\/09\/palacio-do-planalto-foto-governo-federal-roberto-stuckert-filho.jpeg","datePublished":"2024-05-14T16:00:00+00:00","dateModified":"2026-03-13T12:41:00+00:00","breadcrumb":{"@id":"https:\/\/agenciainfra.com\/blog\/governo-avalia-medida-provisoria-destinando-r-12-bi-de-itaipu-para-o-rio-grande-do-sul\/#breadcrumb"},"inLanguage":"pt-BR","potentialAction":[{"@type":"ReadAction","target":["https:\/\/agenciainfra.com\/blog\/governo-avalia-medida-provisoria-destinando-r-12-bi-de-itaipu-para-o-rio-grande-do-sul\/"]}]},{"@type":"ImageObject","inLanguage":"pt-BR","@id":"https:\/\/agenciainfra.com\/blog\/governo-avalia-medida-provisoria-destinando-r-12-bi-de-itaipu-para-o-rio-grande-do-sul\/#primaryimage","url":"https:\/\/agenciainfra.com\/blog\/wp-content\/uploads\/2023\/09\/palacio-do-planalto-foto-governo-federal-roberto-stuckert-filho.jpeg","contentUrl":"https:\/\/agenciainfra.com\/blog\/wp-content\/uploads\/2023\/09\/palacio-do-planalto-foto-governo-federal-roberto-stuckert-filho.jpeg","width":1202,"height":800,"caption":"Foto: Roberto Stuckert Filho\/Governo Federal"},{"@type":"BreadcrumbList","@id":"https:\/\/agenciainfra.com\/blog\/governo-avalia-medida-provisoria-destinando-r-12-bi-de-itaipu-para-o-rio-grande-do-sul\/#breadcrumb","itemListElement":[{"@type":"ListItem","position":1,"name":"In\u00edcio","item":"https:\/\/agenciainfra.com\/blog\/"},{"@type":"ListItem","position":2,"name":"Governo avalia Medida Provis\u00f3ria destinando R$ 1,2 bi de Itaipu para o Rio Grande do Sul"}]},{"@type":"WebSite","@id":"https:\/\/agenciainfra.com\/blog\/#website","url":"https:\/\/agenciainfra.com\/blog\/","name":"Ag\u00eancia iNFRA","description":"Multiplataforma de informa\u00e7\u00e3o jornal\u00edstica refer\u00eancia na \u00e1rea de infraestrutura no Brasil!","publisher":{"@id":"https:\/\/agenciainfra.com\/blog\/#organization"},"potentialAction":[{"@type":"SearchAction","target":{"@type":"EntryPoint","urlTemplate":"https:\/\/agenciainfra.com\/blog\/?s={search_term_string}"},"query-input":{"@type":"PropertyValueSpecification","valueRequired":true,"valueName":"search_term_string"}}],"inLanguage":"pt-BR"},{"@type":"Organization","@id":"https:\/\/agenciainfra.com\/blog\/#organization","name":"Ag\u00eancia iNFRA","url":"https:\/\/agenciainfra.com\/blog\/","logo":{"@type":"ImageObject","inLanguage":"pt-BR","@id":"https:\/\/agenciainfra.com\/blog\/#\/schema\/logo\/image\/","url":"https:\/\/agenciainfra.com\/blog\/wp-content\/uploads\/2023\/09\/iNFRA_5-e1761735885940.png","contentUrl":"https:\/\/agenciainfra.com\/blog\/wp-content\/uploads\/2023\/09\/iNFRA_5-e1761735885940.png","width":1672,"height":454,"caption":"Ag\u00eancia iNFRA"},"image":{"@id":"https:\/\/agenciainfra.com\/blog\/#\/schema\/logo\/image\/"},"sameAs":["https:\/\/www.facebook.com\/ageninfra","https:\/\/x.com\/agencia_infra","https:\/\/www.linkedin.com\/company\/ag\u00eanciainfra\/","https:\/\/www.instagram.com\/agenciainfra\/"]},{"@type":"Person","@id":"https:\/\/agenciainfra.com\/blog\/#\/schema\/person\/34af08dff6adea4cb22b06612ba7acfa","name":"Ag\u00eancia iNFRA","image":{"@type":"ImageObject","inLanguage":"pt-BR","@id":"https:\/\/agenciainfra.com\/blog\/#\/schema\/person\/image\/","url":"https:\/\/secure.gravatar.com\/avatar\/d189e01678f06d8eb84d4e01f08eb848b3fffe3f8443818d3c356c66892f5be8?s=96&d=mm&r=g","contentUrl":"https:\/\/secure.gravatar.com\/avatar\/d189e01678f06d8eb84d4e01f08eb848b3fffe3f8443818d3c356c66892f5be8?s=96&d=mm&r=g","caption":"Ag\u00eancia iNFRA"},"url":"https:\/\/agenciainfra.com\/blog\/author\/admin\/"}]}},"_links":{"self":[{"href":"https:\/\/agenciainfra.com\/blog\/wp-json\/wp\/v2\/posts\/16645","targetHints":{"allow":["GET"]}}],"collection":[{"href":"https:\/\/agenciainfra.com\/blog\/wp-json\/wp\/v2\/posts"}],"about":[{"href":"https:\/\/agenciainfra.com\/blog\/wp-json\/wp\/v2\/types\/post"}],"author":[{"embeddable":true,"href":"https:\/\/agenciainfra.com\/blog\/wp-json\/wp\/v2\/users\/1"}],"replies":[{"embeddable":true,"href":"https:\/\/agenciainfra.com\/blog\/wp-json\/wp\/v2\/comments?post=16645"}],"version-history":[{"count":1,"href":"https:\/\/agenciainfra.com\/blog\/wp-json\/wp\/v2\/posts\/16645\/revisions"}],"predecessor-version":[{"id":16646,"href":"https:\/\/agenciainfra.com\/blog\/wp-json\/wp\/v2\/posts\/16645\/revisions\/16646"}],"wp:featuredmedia":[{"embeddable":true,"href":"https:\/\/agenciainfra.com\/blog\/wp-json\/wp\/v2\/media\/14109"}],"wp:attachment":[{"href":"https:\/\/agenciainfra.com\/blog\/wp-json\/wp\/v2\/media?parent=16645"}],"wp:term":[{"taxonomy":"category","embeddable":true,"href":"https:\/\/agenciainfra.com\/blog\/wp-json\/wp\/v2\/categories?post=16645"},{"taxonomy":"post_tag","embeddable":true,"href":"https:\/\/agenciainfra.com\/blog\/wp-json\/wp\/v2\/tags?post=16645"}],"curies":[{"name":"wp","href":"https:\/\/api.w.org\/{rel}","templated":true}]}}