{"id":16678,"date":"2024-05-15T12:45:00","date_gmt":"2024-05-15T15:45:00","guid":{"rendered":"https:\/\/agenciainfra.com\/blog\/?p=16678"},"modified":"2024-05-16T10:41:53","modified_gmt":"2024-05-16T13:41:53","slug":"senado-aprova-proposta-para-que-agencias-definam-assentos-no-transporte-de-passageiros-obesos-cabotagem-aerea-na-amazonia-tem-pedido-de-vista","status":"publish","type":"post","link":"https:\/\/agenciainfra.com\/blog\/senado-aprova-proposta-para-que-agencias-definam-assentos-no-transporte-de-passageiros-obesos-cabotagem-aerea-na-amazonia-tem-pedido-de-vista\/","title":{"rendered":"Senado aprova proposta para que ag\u00eancias definam assentos no transporte de passageiros obesos; cabotagem a\u00e9rea na Amaz\u00f4nia tem pedido de vista"},"content":{"rendered":"\n<p class=\"has-text-align-right\"><strong>da Ag\u00eancia iNFRA<\/strong><\/p>\n\n\n\n<p>A CI (Comiss\u00e3o de Infraestrutura) do Senado aprovou nesta-ter\u00e7a-feira (14), em car\u00e1ter terminativo, o <a href=\"https:\/\/www25.senado.leg.br\/web\/atividade\/materias\/-\/materia\/138508\">PL 4.804\/2019<\/a> , que garante assentos especiais no transporte p\u00fablico para pessoas com defici\u00eancia e obesidade em grau tr\u00eas. Se n\u00e3o houver pedido para vota\u00e7\u00e3o em plen\u00e1rio, o projeto vai \u00e0 C\u00e2mara.<\/p>\n\n\n\n<p>O relat\u00f3rio do senador Astronauta Marcos Pontes (PL-SP) sobre a proposta da senadora Zenaide Maia (Pros-RN) aprovou que todos os tipos de transporte, inclusive a\u00e9reo, ter\u00e3o que reservar assentos para esse tipo de passageiro. Mas determina que cada ag\u00eancia reguladora respons\u00e1vel na sua \u00e1rea ter\u00e1 que regulamentar como isso ser\u00e1 feito no seu respectivo meio de transporte.<\/p>\n\n\n\n<p><strong>Vista coletiva para a cabotagem a\u00e9rea<br><\/strong>Ap\u00f3s um pedido de vista do senador Irineu Orth (PP-RS), o PL 4.715\/2023, do senador S\u00e9rgio Petec\u00e3o (PSD-AC), que permite a cabotagem a\u00e9rea na Amaz\u00f4nia Legal, teve um pedido de vista coletiva homologado pela presid\u00eancia da comiss\u00e3o por uma semana.<\/p>\n\n\n\n<p>O relator da proposta, senador Jaime Bagatolli (PL-RO), rejeitou emendas aprovadas na CRE (Comiss\u00e3o de Rela\u00e7\u00f5es Exteriores) que davam \u00e0 ANAC (Ag\u00eancia Nacional de Avia\u00e7\u00e3o Civil) o poder de regular esse tipo de voo e que determinavam o uso de tripula\u00e7\u00e3o nacional nos trechos nacionais operados pelas empresas estrangeiras.<\/p>\n\n\n\n<p><strong>Sem audi\u00eancia p\u00fablica<br><\/strong>Os senadores Petec\u00e3o e Alan Rick (Uni\u00e3o-AC) discutiram sobre a autoria do projeto, com o senador Rick reclamando sobre ele ter apresentado projeto sobre o tema primeiro (PL 4.392\/2023), mas que o senador Petec\u00e3o, que era o relator, decidiu apresentar um sobre o mesmo tema. Rick disse que vai pedir apensamento das propostas.<\/p>\n\n\n\n<p>O projeto de Rick teve um pedido de audi\u00eancia p\u00fablica aprovado anteriormente. O senador Wellington Fagundes (PL-MT), autor do pedido, lembrou que ele foi feito porque as empresas do setor solicitaram, mas concordou em n\u00e3o fazer mais a audi\u00eancia para n\u00e3o atrapalhar a tramita\u00e7\u00e3o.<\/p>\n","protected":false},"excerpt":{"rendered":"<p>da Ag\u00eancia iNFRA A CI (Comiss\u00e3o de Infraestrutura) do Senado aprovou nesta-ter\u00e7a-feira (14), em car\u00e1ter terminativo, o PL 4.804\/2019 , que garante assentos especiais no transporte p\u00fablico para pessoas com defici\u00eancia e obesidade em grau tr\u00eas. Se n\u00e3o houver pedido para vota\u00e7\u00e3o em plen\u00e1rio, o projeto vai \u00e0 C\u00e2mara. O relat\u00f3rio do senador Astronauta Marcos [&hellip;]<\/p>\n","protected":false},"author":1,"featured_media":15903,"comment_status":"closed","ping_status":"closed","sticky":false,"template":"","format":"standard","meta":{"_monsterinsights_skip_tracking":false,"_monsterinsights_sitenote_active":false,"_monsterinsights_sitenote_note":"","_monsterinsights_sitenote_category":0,"footnotes":""},"categories":[1,7],"tags":[9456,72,46,9465,242,9459,599,9458,726,1498,9463,9462,9464,9457,9461,9069,8558,49,9460,2656,123,4354,1757,2233,15,9466],"class_list":["post-16678","post","type-post","status-publish","format-standard","has-post-thumbnail","hentry","category-geral","category-infratransporte","tag-acessibilidade","tag-agencia-reguladora","tag-agencias-reguladoras","tag-alan-rick","tag-anac","tag-astronauta-marcos-pontes","tag-aviacao-civil","tag-cabotagem-aerea","tag-ci","tag-comissao-de-infraestrutura","tag-comissao-de-relacoes-exteriores","tag-cre","tag-deficiencia","tag-inclusao","tag-irineu-orth","tag-jaime-bagatolli","tag-legislacao-de-transporte","tag-mobilidade","tag-pessoas-com-deficiencia","tag-regulamentacao","tag-senado","tag-senado-federal","tag-sergio-petecao","tag-transporte-publico","tag-wellington-fagundes","tag-zenaide-maia"],"yoast_head":"<!-- This site is optimized with the Yoast SEO Premium plugin v25.4 (Yoast SEO v26.0) - https:\/\/yoast.com\/wordpress\/plugins\/seo\/ -->\n<title>Senado aprova proposta para que ag\u00eancias definam assentos no transporte de passageiros obesos; cabotagem a\u00e9rea na Amaz\u00f4nia tem pedido de vista - Ag\u00eancia iNFRA<\/title>\n<meta name=\"robots\" content=\"index, follow, max-snippet:-1, max-image-preview:large, max-video-preview:-1\" \/>\n<link rel=\"canonical\" href=\"https:\/\/agenciainfra.com\/blog\/senado-aprova-proposta-para-que-agencias-definam-assentos-no-transporte-de-passageiros-obesos-cabotagem-aerea-na-amazonia-tem-pedido-de-vista\/\" \/>\n<meta property=\"og:locale\" content=\"pt_BR\" \/>\n<meta property=\"og:type\" content=\"article\" \/>\n<meta property=\"og:title\" content=\"Senado aprova proposta para que ag\u00eancias definam assentos no transporte de passageiros obesos; cabotagem a\u00e9rea na Amaz\u00f4nia tem pedido de vista\" \/>\n<meta property=\"og:description\" content=\"da Ag\u00eancia iNFRA A CI (Comiss\u00e3o de Infraestrutura) do Senado aprovou nesta-ter\u00e7a-feira (14), em car\u00e1ter terminativo, o PL 4.804\/2019 , que garante assentos especiais no transporte p\u00fablico para pessoas com defici\u00eancia e obesidade em grau tr\u00eas. Se n\u00e3o houver pedido para vota\u00e7\u00e3o em plen\u00e1rio, o projeto vai \u00e0 C\u00e2mara. O relat\u00f3rio do senador Astronauta Marcos [&hellip;]\" \/>\n<meta property=\"og:url\" content=\"https:\/\/agenciainfra.com\/blog\/senado-aprova-proposta-para-que-agencias-definam-assentos-no-transporte-de-passageiros-obesos-cabotagem-aerea-na-amazonia-tem-pedido-de-vista\/\" \/>\n<meta property=\"og:site_name\" content=\"Ag\u00eancia iNFRA\" \/>\n<meta property=\"article:publisher\" content=\"https:\/\/www.facebook.com\/ageninfra\" \/>\n<meta property=\"article:published_time\" content=\"2024-05-15T15:45:00+00:00\" \/>\n<meta property=\"article:modified_time\" content=\"2024-05-16T13:41:53+00:00\" \/>\n<meta property=\"og:image\" content=\"https:\/\/agenciainfra.com\/blog\/wp-content\/uploads\/2024\/04\/conresso-senado-foto-agencia-senado.jpg\" \/>\n\t<meta property=\"og:image:width\" content=\"1202\" \/>\n\t<meta property=\"og:image:height\" content=\"797\" \/>\n\t<meta property=\"og:image:type\" content=\"image\/jpeg\" \/>\n<meta name=\"author\" content=\"Ag\u00eancia iNFRA\" \/>\n<meta name=\"twitter:card\" content=\"summary_large_image\" \/>\n<meta name=\"twitter:creator\" content=\"@agencia_infra\" \/>\n<meta name=\"twitter:site\" content=\"@agencia_infra\" \/>\n<meta name=\"twitter:label1\" content=\"Escrito por\" \/>\n\t<meta name=\"twitter:data1\" content=\"Ag\u00eancia iNFRA\" \/>\n\t<meta name=\"twitter:label2\" content=\"Est. tempo de leitura\" \/>\n\t<meta name=\"twitter:data2\" content=\"2 minutos\" \/>\n<script type=\"application\/ld+json\" class=\"yoast-schema-graph\">{\"@context\":\"https:\/\/schema.org\",\"@graph\":[{\"@type\":\"Article\",\"@id\":\"https:\/\/agenciainfra.com\/blog\/senado-aprova-proposta-para-que-agencias-definam-assentos-no-transporte-de-passageiros-obesos-cabotagem-aerea-na-amazonia-tem-pedido-de-vista\/#article\",\"isPartOf\":{\"@id\":\"https:\/\/agenciainfra.com\/blog\/senado-aprova-proposta-para-que-agencias-definam-assentos-no-transporte-de-passageiros-obesos-cabotagem-aerea-na-amazonia-tem-pedido-de-vista\/\"},\"author\":{\"name\":\"Ag\u00eancia iNFRA\",\"@id\":\"https:\/\/agenciainfra.com\/blog\/#\/schema\/person\/34af08dff6adea4cb22b06612ba7acfa\"},\"headline\":\"Senado aprova proposta para que ag\u00eancias definam assentos no transporte de passageiros obesos; cabotagem a\u00e9rea na Amaz\u00f4nia tem pedido de vista\",\"datePublished\":\"2024-05-15T15:45:00+00:00\",\"dateModified\":\"2024-05-16T13:41:53+00:00\",\"mainEntityOfPage\":{\"@id\":\"https:\/\/agenciainfra.com\/blog\/senado-aprova-proposta-para-que-agencias-definam-assentos-no-transporte-de-passageiros-obesos-cabotagem-aerea-na-amazonia-tem-pedido-de-vista\/\"},\"wordCount\":358,\"publisher\":{\"@id\":\"https:\/\/agenciainfra.com\/blog\/#organization\"},\"image\":{\"@id\":\"https:\/\/agenciainfra.com\/blog\/senado-aprova-proposta-para-que-agencias-definam-assentos-no-transporte-de-passageiros-obesos-cabotagem-aerea-na-amazonia-tem-pedido-de-vista\/#primaryimage\"},\"thumbnailUrl\":\"https:\/\/agenciainfra.com\/blog\/wp-content\/uploads\/2024\/04\/conresso-senado-foto-agencia-senado.jpg\",\"keywords\":[\"acessibilidade\",\"ag\u00eancia reguladora\",\"Ag\u00eancias Reguladoras\",\"Alan Rick\",\"ANAC\",\"Astronauta Marcos Pontes\",\"avia\u00e7\u00e3o civil\",\"cabotagem a\u00e9rea\",\"ci\",\"Comiss\u00e3o de Infraestrutura\",\"Comiss\u00e3o de Rela\u00e7\u00f5es Exteriores\",\"CRE\",\"defici\u00eancia\",\"inclus\u00e3o\",\"Irineu Orth\",\"Jaime Bagatolli\",\"Legisla\u00e7\u00e3o de Transporte\",\"mobilidade\",\"pessoas com defici\u00eancia\",\"regulamenta\u00e7\u00e3o\",\"senado\",\"Senado Federal\",\"S\u00e9rgio Petec\u00e3o\",\"transporte p\u00fablico\",\"wellington fagundes\",\"Zenaide Maia\"],\"articleSection\":[\"Geral\",\"iNFRATransporte\"],\"inLanguage\":\"pt-BR\",\"copyrightYear\":\"2024\",\"copyrightHolder\":{\"@id\":\"https:\/\/agenciainfra.com\/blog\/#organization\"}},{\"@type\":\"WebPage\",\"@id\":\"https:\/\/agenciainfra.com\/blog\/senado-aprova-proposta-para-que-agencias-definam-assentos-no-transporte-de-passageiros-obesos-cabotagem-aerea-na-amazonia-tem-pedido-de-vista\/\",\"url\":\"https:\/\/agenciainfra.com\/blog\/senado-aprova-proposta-para-que-agencias-definam-assentos-no-transporte-de-passageiros-obesos-cabotagem-aerea-na-amazonia-tem-pedido-de-vista\/\",\"name\":\"Senado aprova proposta para que ag\u00eancias definam assentos no transporte de passageiros obesos; cabotagem a\u00e9rea na Amaz\u00f4nia tem pedido de vista - Ag\u00eancia iNFRA\",\"isPartOf\":{\"@id\":\"https:\/\/agenciainfra.com\/blog\/#website\"},\"primaryImageOfPage\":{\"@id\":\"https:\/\/agenciainfra.com\/blog\/senado-aprova-proposta-para-que-agencias-definam-assentos-no-transporte-de-passageiros-obesos-cabotagem-aerea-na-amazonia-tem-pedido-de-vista\/#primaryimage\"},\"image\":{\"@id\":\"https:\/\/agenciainfra.com\/blog\/senado-aprova-proposta-para-que-agencias-definam-assentos-no-transporte-de-passageiros-obesos-cabotagem-aerea-na-amazonia-tem-pedido-de-vista\/#primaryimage\"},\"thumbnailUrl\":\"https:\/\/agenciainfra.com\/blog\/wp-content\/uploads\/2024\/04\/conresso-senado-foto-agencia-senado.jpg\",\"datePublished\":\"2024-05-15T15:45:00+00:00\",\"dateModified\":\"2024-05-16T13:41:53+00:00\",\"breadcrumb\":{\"@id\":\"https:\/\/agenciainfra.com\/blog\/senado-aprova-proposta-para-que-agencias-definam-assentos-no-transporte-de-passageiros-obesos-cabotagem-aerea-na-amazonia-tem-pedido-de-vista\/#breadcrumb\"},\"inLanguage\":\"pt-BR\",\"potentialAction\":[{\"@type\":\"ReadAction\",\"target\":[\"https:\/\/agenciainfra.com\/blog\/senado-aprova-proposta-para-que-agencias-definam-assentos-no-transporte-de-passageiros-obesos-cabotagem-aerea-na-amazonia-tem-pedido-de-vista\/\"]}]},{\"@type\":\"ImageObject\",\"inLanguage\":\"pt-BR\",\"@id\":\"https:\/\/agenciainfra.com\/blog\/senado-aprova-proposta-para-que-agencias-definam-assentos-no-transporte-de-passageiros-obesos-cabotagem-aerea-na-amazonia-tem-pedido-de-vista\/#primaryimage\",\"url\":\"https:\/\/agenciainfra.com\/blog\/wp-content\/uploads\/2024\/04\/conresso-senado-foto-agencia-senado.jpg\",\"contentUrl\":\"https:\/\/agenciainfra.com\/blog\/wp-content\/uploads\/2024\/04\/conresso-senado-foto-agencia-senado.jpg\",\"width\":1202,\"height\":797},{\"@type\":\"BreadcrumbList\",\"@id\":\"https:\/\/agenciainfra.com\/blog\/senado-aprova-proposta-para-que-agencias-definam-assentos-no-transporte-de-passageiros-obesos-cabotagem-aerea-na-amazonia-tem-pedido-de-vista\/#breadcrumb\",\"itemListElement\":[{\"@type\":\"ListItem\",\"position\":1,\"name\":\"In\u00edcio\",\"item\":\"https:\/\/agenciainfra.com\/blog\/\"},{\"@type\":\"ListItem\",\"position\":2,\"name\":\"Senado aprova proposta para que ag\u00eancias definam assentos no transporte de passageiros obesos; cabotagem a\u00e9rea na Amaz\u00f4nia tem pedido de vista\"}]},{\"@type\":\"WebSite\",\"@id\":\"https:\/\/agenciainfra.com\/blog\/#website\",\"url\":\"https:\/\/agenciainfra.com\/blog\/\",\"name\":\"Ag\u00eancia iNFRA\",\"description\":\"Multiplataforma de informa\u00e7\u00e3o jornal\u00edstica refer\u00eancia na \u00e1rea de infraestrutura no Brasil!\",\"publisher\":{\"@id\":\"https:\/\/agenciainfra.com\/blog\/#organization\"},\"potentialAction\":[{\"@type\":\"SearchAction\",\"target\":{\"@type\":\"EntryPoint\",\"urlTemplate\":\"https:\/\/agenciainfra.com\/blog\/?s={search_term_string}\"},\"query-input\":{\"@type\":\"PropertyValueSpecification\",\"valueRequired\":true,\"valueName\":\"search_term_string\"}}],\"inLanguage\":\"pt-BR\"},{\"@type\":\"Organization\",\"@id\":\"https:\/\/agenciainfra.com\/blog\/#organization\",\"name\":\"Ag\u00eancia iNFRA\",\"url\":\"https:\/\/agenciainfra.com\/blog\/\",\"logo\":{\"@type\":\"ImageObject\",\"inLanguage\":\"pt-BR\",\"@id\":\"https:\/\/agenciainfra.com\/blog\/#\/schema\/logo\/image\/\",\"url\":\"https:\/\/agenciainfra.com\/blog\/wp-content\/uploads\/2023\/09\/iNFRA_5-e1761735885940.png\",\"contentUrl\":\"https:\/\/agenciainfra.com\/blog\/wp-content\/uploads\/2023\/09\/iNFRA_5-e1761735885940.png\",\"width\":1672,\"height\":454,\"caption\":\"Ag\u00eancia iNFRA\"},\"image\":{\"@id\":\"https:\/\/agenciainfra.com\/blog\/#\/schema\/logo\/image\/\"},\"sameAs\":[\"https:\/\/www.facebook.com\/ageninfra\",\"https:\/\/x.com\/agencia_infra\",\"https:\/\/www.linkedin.com\/company\/ag\u00eanciainfra\/\",\"https:\/\/www.instagram.com\/agenciainfra\/\"]},{\"@type\":\"Person\",\"@id\":\"https:\/\/agenciainfra.com\/blog\/#\/schema\/person\/34af08dff6adea4cb22b06612ba7acfa\",\"name\":\"Ag\u00eancia iNFRA\",\"image\":{\"@type\":\"ImageObject\",\"inLanguage\":\"pt-BR\",\"@id\":\"https:\/\/agenciainfra.com\/blog\/#\/schema\/person\/image\/\",\"url\":\"https:\/\/secure.gravatar.com\/avatar\/d189e01678f06d8eb84d4e01f08eb848b3fffe3f8443818d3c356c66892f5be8?s=96&d=mm&r=g\",\"contentUrl\":\"https:\/\/secure.gravatar.com\/avatar\/d189e01678f06d8eb84d4e01f08eb848b3fffe3f8443818d3c356c66892f5be8?s=96&d=mm&r=g\",\"caption\":\"Ag\u00eancia iNFRA\"},\"url\":\"https:\/\/agenciainfra.com\/blog\/author\/admin\/\"}]}<\/script>\n<!-- \/ Yoast SEO Premium plugin. -->","yoast_head_json":{"title":"Senado aprova proposta para que ag\u00eancias definam assentos no transporte de passageiros obesos; cabotagem a\u00e9rea na Amaz\u00f4nia tem pedido de vista - Ag\u00eancia iNFRA","robots":{"index":"index","follow":"follow","max-snippet":"max-snippet:-1","max-image-preview":"max-image-preview:large","max-video-preview":"max-video-preview:-1"},"canonical":"https:\/\/agenciainfra.com\/blog\/senado-aprova-proposta-para-que-agencias-definam-assentos-no-transporte-de-passageiros-obesos-cabotagem-aerea-na-amazonia-tem-pedido-de-vista\/","og_locale":"pt_BR","og_type":"article","og_title":"Senado aprova proposta para que ag\u00eancias definam assentos no transporte de passageiros obesos; cabotagem a\u00e9rea na Amaz\u00f4nia tem pedido de vista","og_description":"da Ag\u00eancia iNFRA A CI (Comiss\u00e3o de Infraestrutura) do Senado aprovou nesta-ter\u00e7a-feira (14), em car\u00e1ter terminativo, o PL 4.804\/2019 , que garante assentos especiais no transporte p\u00fablico para pessoas com defici\u00eancia e obesidade em grau tr\u00eas. Se n\u00e3o houver pedido para vota\u00e7\u00e3o em plen\u00e1rio, o projeto vai \u00e0 C\u00e2mara. O relat\u00f3rio do senador Astronauta Marcos [&hellip;]","og_url":"https:\/\/agenciainfra.com\/blog\/senado-aprova-proposta-para-que-agencias-definam-assentos-no-transporte-de-passageiros-obesos-cabotagem-aerea-na-amazonia-tem-pedido-de-vista\/","og_site_name":"Ag\u00eancia iNFRA","article_publisher":"https:\/\/www.facebook.com\/ageninfra","article_published_time":"2024-05-15T15:45:00+00:00","article_modified_time":"2024-05-16T13:41:53+00:00","og_image":[{"width":1202,"height":797,"url":"https:\/\/agenciainfra.com\/blog\/wp-content\/uploads\/2024\/04\/conresso-senado-foto-agencia-senado.jpg","type":"image\/jpeg"}],"author":"Ag\u00eancia iNFRA","twitter_card":"summary_large_image","twitter_creator":"@agencia_infra","twitter_site":"@agencia_infra","twitter_misc":{"Escrito por":"Ag\u00eancia iNFRA","Est. tempo de leitura":"2 minutos"},"schema":{"@context":"https:\/\/schema.org","@graph":[{"@type":"Article","@id":"https:\/\/agenciainfra.com\/blog\/senado-aprova-proposta-para-que-agencias-definam-assentos-no-transporte-de-passageiros-obesos-cabotagem-aerea-na-amazonia-tem-pedido-de-vista\/#article","isPartOf":{"@id":"https:\/\/agenciainfra.com\/blog\/senado-aprova-proposta-para-que-agencias-definam-assentos-no-transporte-de-passageiros-obesos-cabotagem-aerea-na-amazonia-tem-pedido-de-vista\/"},"author":{"name":"Ag\u00eancia iNFRA","@id":"https:\/\/agenciainfra.com\/blog\/#\/schema\/person\/34af08dff6adea4cb22b06612ba7acfa"},"headline":"Senado aprova proposta para que ag\u00eancias definam assentos no transporte de passageiros obesos; cabotagem a\u00e9rea na Amaz\u00f4nia tem pedido de vista","datePublished":"2024-05-15T15:45:00+00:00","dateModified":"2024-05-16T13:41:53+00:00","mainEntityOfPage":{"@id":"https:\/\/agenciainfra.com\/blog\/senado-aprova-proposta-para-que-agencias-definam-assentos-no-transporte-de-passageiros-obesos-cabotagem-aerea-na-amazonia-tem-pedido-de-vista\/"},"wordCount":358,"publisher":{"@id":"https:\/\/agenciainfra.com\/blog\/#organization"},"image":{"@id":"https:\/\/agenciainfra.com\/blog\/senado-aprova-proposta-para-que-agencias-definam-assentos-no-transporte-de-passageiros-obesos-cabotagem-aerea-na-amazonia-tem-pedido-de-vista\/#primaryimage"},"thumbnailUrl":"https:\/\/agenciainfra.com\/blog\/wp-content\/uploads\/2024\/04\/conresso-senado-foto-agencia-senado.jpg","keywords":["acessibilidade","ag\u00eancia reguladora","Ag\u00eancias Reguladoras","Alan Rick","ANAC","Astronauta Marcos Pontes","avia\u00e7\u00e3o civil","cabotagem a\u00e9rea","ci","Comiss\u00e3o de Infraestrutura","Comiss\u00e3o de Rela\u00e7\u00f5es Exteriores","CRE","defici\u00eancia","inclus\u00e3o","Irineu Orth","Jaime Bagatolli","Legisla\u00e7\u00e3o de Transporte","mobilidade","pessoas com defici\u00eancia","regulamenta\u00e7\u00e3o","senado","Senado Federal","S\u00e9rgio Petec\u00e3o","transporte p\u00fablico","wellington fagundes","Zenaide Maia"],"articleSection":["Geral","iNFRATransporte"],"inLanguage":"pt-BR","copyrightYear":"2024","copyrightHolder":{"@id":"https:\/\/agenciainfra.com\/blog\/#organization"}},{"@type":"WebPage","@id":"https:\/\/agenciainfra.com\/blog\/senado-aprova-proposta-para-que-agencias-definam-assentos-no-transporte-de-passageiros-obesos-cabotagem-aerea-na-amazonia-tem-pedido-de-vista\/","url":"https:\/\/agenciainfra.com\/blog\/senado-aprova-proposta-para-que-agencias-definam-assentos-no-transporte-de-passageiros-obesos-cabotagem-aerea-na-amazonia-tem-pedido-de-vista\/","name":"Senado aprova proposta para que ag\u00eancias definam assentos no transporte de passageiros obesos; cabotagem a\u00e9rea na Amaz\u00f4nia tem pedido de vista - Ag\u00eancia iNFRA","isPartOf":{"@id":"https:\/\/agenciainfra.com\/blog\/#website"},"primaryImageOfPage":{"@id":"https:\/\/agenciainfra.com\/blog\/senado-aprova-proposta-para-que-agencias-definam-assentos-no-transporte-de-passageiros-obesos-cabotagem-aerea-na-amazonia-tem-pedido-de-vista\/#primaryimage"},"image":{"@id":"https:\/\/agenciainfra.com\/blog\/senado-aprova-proposta-para-que-agencias-definam-assentos-no-transporte-de-passageiros-obesos-cabotagem-aerea-na-amazonia-tem-pedido-de-vista\/#primaryimage"},"thumbnailUrl":"https:\/\/agenciainfra.com\/blog\/wp-content\/uploads\/2024\/04\/conresso-senado-foto-agencia-senado.jpg","datePublished":"2024-05-15T15:45:00+00:00","dateModified":"2024-05-16T13:41:53+00:00","breadcrumb":{"@id":"https:\/\/agenciainfra.com\/blog\/senado-aprova-proposta-para-que-agencias-definam-assentos-no-transporte-de-passageiros-obesos-cabotagem-aerea-na-amazonia-tem-pedido-de-vista\/#breadcrumb"},"inLanguage":"pt-BR","potentialAction":[{"@type":"ReadAction","target":["https:\/\/agenciainfra.com\/blog\/senado-aprova-proposta-para-que-agencias-definam-assentos-no-transporte-de-passageiros-obesos-cabotagem-aerea-na-amazonia-tem-pedido-de-vista\/"]}]},{"@type":"ImageObject","inLanguage":"pt-BR","@id":"https:\/\/agenciainfra.com\/blog\/senado-aprova-proposta-para-que-agencias-definam-assentos-no-transporte-de-passageiros-obesos-cabotagem-aerea-na-amazonia-tem-pedido-de-vista\/#primaryimage","url":"https:\/\/agenciainfra.com\/blog\/wp-content\/uploads\/2024\/04\/conresso-senado-foto-agencia-senado.jpg","contentUrl":"https:\/\/agenciainfra.com\/blog\/wp-content\/uploads\/2024\/04\/conresso-senado-foto-agencia-senado.jpg","width":1202,"height":797},{"@type":"BreadcrumbList","@id":"https:\/\/agenciainfra.com\/blog\/senado-aprova-proposta-para-que-agencias-definam-assentos-no-transporte-de-passageiros-obesos-cabotagem-aerea-na-amazonia-tem-pedido-de-vista\/#breadcrumb","itemListElement":[{"@type":"ListItem","position":1,"name":"In\u00edcio","item":"https:\/\/agenciainfra.com\/blog\/"},{"@type":"ListItem","position":2,"name":"Senado aprova proposta para que ag\u00eancias definam assentos no transporte de passageiros obesos; cabotagem a\u00e9rea na Amaz\u00f4nia tem pedido de vista"}]},{"@type":"WebSite","@id":"https:\/\/agenciainfra.com\/blog\/#website","url":"https:\/\/agenciainfra.com\/blog\/","name":"Ag\u00eancia iNFRA","description":"Multiplataforma de informa\u00e7\u00e3o jornal\u00edstica refer\u00eancia na \u00e1rea de infraestrutura no Brasil!","publisher":{"@id":"https:\/\/agenciainfra.com\/blog\/#organization"},"potentialAction":[{"@type":"SearchAction","target":{"@type":"EntryPoint","urlTemplate":"https:\/\/agenciainfra.com\/blog\/?s={search_term_string}"},"query-input":{"@type":"PropertyValueSpecification","valueRequired":true,"valueName":"search_term_string"}}],"inLanguage":"pt-BR"},{"@type":"Organization","@id":"https:\/\/agenciainfra.com\/blog\/#organization","name":"Ag\u00eancia iNFRA","url":"https:\/\/agenciainfra.com\/blog\/","logo":{"@type":"ImageObject","inLanguage":"pt-BR","@id":"https:\/\/agenciainfra.com\/blog\/#\/schema\/logo\/image\/","url":"https:\/\/agenciainfra.com\/blog\/wp-content\/uploads\/2023\/09\/iNFRA_5-e1761735885940.png","contentUrl":"https:\/\/agenciainfra.com\/blog\/wp-content\/uploads\/2023\/09\/iNFRA_5-e1761735885940.png","width":1672,"height":454,"caption":"Ag\u00eancia iNFRA"},"image":{"@id":"https:\/\/agenciainfra.com\/blog\/#\/schema\/logo\/image\/"},"sameAs":["https:\/\/www.facebook.com\/ageninfra","https:\/\/x.com\/agencia_infra","https:\/\/www.linkedin.com\/company\/ag\u00eanciainfra\/","https:\/\/www.instagram.com\/agenciainfra\/"]},{"@type":"Person","@id":"https:\/\/agenciainfra.com\/blog\/#\/schema\/person\/34af08dff6adea4cb22b06612ba7acfa","name":"Ag\u00eancia iNFRA","image":{"@type":"ImageObject","inLanguage":"pt-BR","@id":"https:\/\/agenciainfra.com\/blog\/#\/schema\/person\/image\/","url":"https:\/\/secure.gravatar.com\/avatar\/d189e01678f06d8eb84d4e01f08eb848b3fffe3f8443818d3c356c66892f5be8?s=96&d=mm&r=g","contentUrl":"https:\/\/secure.gravatar.com\/avatar\/d189e01678f06d8eb84d4e01f08eb848b3fffe3f8443818d3c356c66892f5be8?s=96&d=mm&r=g","caption":"Ag\u00eancia iNFRA"},"url":"https:\/\/agenciainfra.com\/blog\/author\/admin\/"}]}},"_links":{"self":[{"href":"https:\/\/agenciainfra.com\/blog\/wp-json\/wp\/v2\/posts\/16678","targetHints":{"allow":["GET"]}}],"collection":[{"href":"https:\/\/agenciainfra.com\/blog\/wp-json\/wp\/v2\/posts"}],"about":[{"href":"https:\/\/agenciainfra.com\/blog\/wp-json\/wp\/v2\/types\/post"}],"author":[{"embeddable":true,"href":"https:\/\/agenciainfra.com\/blog\/wp-json\/wp\/v2\/users\/1"}],"replies":[{"embeddable":true,"href":"https:\/\/agenciainfra.com\/blog\/wp-json\/wp\/v2\/comments?post=16678"}],"version-history":[{"count":1,"href":"https:\/\/agenciainfra.com\/blog\/wp-json\/wp\/v2\/posts\/16678\/revisions"}],"predecessor-version":[{"id":16679,"href":"https:\/\/agenciainfra.com\/blog\/wp-json\/wp\/v2\/posts\/16678\/revisions\/16679"}],"wp:featuredmedia":[{"embeddable":true,"href":"https:\/\/agenciainfra.com\/blog\/wp-json\/wp\/v2\/media\/15903"}],"wp:attachment":[{"href":"https:\/\/agenciainfra.com\/blog\/wp-json\/wp\/v2\/media?parent=16678"}],"wp:term":[{"taxonomy":"category","embeddable":true,"href":"https:\/\/agenciainfra.com\/blog\/wp-json\/wp\/v2\/categories?post=16678"},{"taxonomy":"post_tag","embeddable":true,"href":"https:\/\/agenciainfra.com\/blog\/wp-json\/wp\/v2\/tags?post=16678"}],"curies":[{"name":"wp","href":"https:\/\/api.w.org\/{rel}","templated":true}]}}