{"id":16708,"date":"2024-05-16T12:00:00","date_gmt":"2024-05-16T15:00:00","guid":{"rendered":"https:\/\/agenciainfra.com\/blog\/?p=16708"},"modified":"2026-03-13T09:40:31","modified_gmt":"2026-03-13T12:40:31","slug":"antt-aprova-edital-para-concessao-da-br-381-mg-com-taxa-de-retorno-de-1197","status":"publish","type":"post","link":"https:\/\/agenciainfra.com\/blog\/antt-aprova-edital-para-concessao-da-br-381-mg-com-taxa-de-retorno-de-1197\/","title":{"rendered":"ANTT aprova edital para concess\u00e3o da BR-381\/MG, com taxa de retorno de 11,97%"},"content":{"rendered":"\n<p class=\"has-text-align-right\"><strong>da Ag\u00eancia iNFRA<\/strong><\/p>\n\n\n\n<p>Proposta foi aprovada em reuni\u00e3o de diretoria realizada nesta quinta-feira (16), com altera\u00e7\u00f5es significativas em rela\u00e7\u00e3o \u00e0 mais recente tentativa de licita\u00e7\u00e3o da rodovia em novembro do ano passado, que n\u00e3o teve interessados. Leil\u00e3o ser\u00e1 no dia 29 de agosto.<\/p>\n\n\n\n<p>Entre os itens modificados, foi aprovada uma mudan\u00e7a na Taxa Interna de Retorno que alcan\u00e7ou 11,97%, devido ao elevado risco da concess\u00e3o. Tamb\u00e9m foi aprovado que os dois lotes de obras na Regi\u00e3o Metropolitana de Belo Horizonte tenham obras do DNIT e opera\u00e7\u00e3o da concession\u00e1ria.<\/p>\n\n\n\n<p>A concession\u00e1ria vencedora tamb\u00e9m ter\u00e1 um prazo de dois anos para realizar uma revis\u00e3o completa dos riscos geol\u00f3gicos na regi\u00e3o. A estimativa para a concess\u00e3o de 30 anos \u00e9 de investimentos da ordem de R$ 5,7 bilh\u00f5es, com previs\u00e3o de duplica\u00e7\u00e3o de 134 quil\u00f4metros.<\/p>\n\n\n\n<p><strong>Modelo aprovado no TCU<\/strong><br>Conforme&nbsp;<a href=\"https:\/\/agenciainfra.us14.list-manage.com\/track\/click?u=d460dd1bcf9ba0ae040e1fc0f&amp;id=f7f6a65d25&amp;e=f0fa444791\" target=\"_blank\" rel=\"noreferrer noopener\">mostrou<\/a>&nbsp;a&nbsp;<strong>Ag\u00eancia iNFRA<\/strong>&nbsp;em mar\u00e7o,&nbsp;a nova proposta de modelagem para a concess\u00e3o da BR-381\/MG foi encaminhada para an\u00e1lise do TCU (Tribunal de Contas da Uni\u00e3o) com altera\u00e7\u00f5es para buscar ampliar a atratividade do leil\u00e3o.<\/p>\n\n\n\n<p>Em declara\u00e7\u00f5es feitas \u00e0 imprensa, o ministro dos Transportes, Renan Filho, informou que um dos respons\u00e1veis pela falta de interessados no leil\u00e3o de 2023 foi a decis\u00e3o do TCU de impedir a flexibiliza\u00e7\u00e3o do compartilhamento de risco, que havia sido solicitada pelo minist\u00e9rio e a ag\u00eancia.<\/p>\n\n\n\n<p>Desta vez, o TCU aprovou a proposta que indicava uma taxa de retorno maior e um compartilhamento de riscos espec\u00edfico devido aos riscos geol\u00f3gicos identificados no trecho, emitindo no entanto recomenda\u00e7\u00f5es para que a ag\u00eancia justificasse a necessidade dessas mudan\u00e7as.<\/p>\n\n\n\n<p><strong>Audi\u00eancia p\u00fablica do WACC aprovada<br><\/strong>Tamb\u00e9m foi aprovada pela diretoria da ag\u00eancia a abertura de audi\u00eancia p\u00fablica sobre o novo WACC Regulat\u00f3rio para o setor de rodovias concedidas. J\u00e1 o projeto de concess\u00e3o das Rodovias Federais BR-116\/PE, BR-116\/BA e BR-324\/BA foi retirado de pauta pelo relator, Lucas Asfor.<\/p>\n\n\n\n<p><strong>Revis\u00e3o da Concer<br><\/strong>O diretor Lucas Asfor tamb\u00e9m pediu vista do processo que tratava da 15\u00aa Revis\u00e3o Extraordin\u00e1ria da Tarifa B\u00e1sica da Concer, concession\u00e1ria da BR-040\/MG-RJ. Em seu voto, o diretor relator Guilherme Sampaio apontou que a ag\u00eancia \u00e9 credora da concession\u00e1ria e n\u00e3o o contr\u00e1rio, como alega a empresa.<\/p>\n","protected":false},"excerpt":{"rendered":"<p>da Ag\u00eancia iNFRA Proposta foi aprovada em reuni\u00e3o de diretoria realizada nesta quinta-feira (16), com altera\u00e7\u00f5es significativas em rela\u00e7\u00e3o \u00e0 mais recente tentativa de licita\u00e7\u00e3o da rodovia em novembro do ano passado, que n\u00e3o teve interessados. Leil\u00e3o ser\u00e1 no dia 29 de agosto. Entre os itens modificados, foi aprovada uma mudan\u00e7a na Taxa Interna de [&hellip;]<\/p>\n","protected":false},"author":1,"featured_media":15720,"comment_status":"closed","ping_status":"closed","sticky":false,"template":"","format":"standard","meta":{"_monsterinsights_skip_tracking":false,"_monsterinsights_sitenote_active":false,"_monsterinsights_sitenote_note":"","_monsterinsights_sitenote_category":0,"footnotes":""},"categories":[7248,7250,9714,1,7],"tags":[72,19,3020,1136,505,1137,328,9511,3876,4168,8396,4755,6868,774,1985,5656,9510,9509,433,4814,18,70,5775],"class_list":["post-16708","post","type-post","status-publish","format-standard","has-post-thumbnail","hentry","category-cabecalho","category-destaque-lista","category-destaque-menor","category-geral","category-infratransporte","tag-agencia-reguladora","tag-antt","tag-audiencia-publica","tag-br-381","tag-concer","tag-concessao-rodoviaria","tag-dnit","tag-duplicacao-de-rodovia","tag-edital","tag-guilherme-sampaio","tag-investimentos-em-infraestrutura","tag-leilao-de-concessao","tag-lucas-asfor","tag-mg","tag-minas-gerais","tag-reuniao-de-diretoria","tag-revisao-de-tarifas","tag-riscos-geologicos","tag-rodovias-federais","tag-taxa-interna-de-retorno","tag-tcu","tag-transportes","tag-wacc-regulatorio"],"yoast_head":"<!-- This site is optimized with the Yoast SEO Premium plugin v25.4 (Yoast SEO v26.0) - https:\/\/yoast.com\/wordpress\/plugins\/seo\/ -->\n<title>ANTT aprova edital para concess\u00e3o da BR-381\/MG, com taxa de retorno de 11,97% - Ag\u00eancia iNFRA<\/title>\n<meta name=\"robots\" content=\"index, follow, max-snippet:-1, max-image-preview:large, max-video-preview:-1\" \/>\n<link rel=\"canonical\" href=\"https:\/\/agenciainfra.com\/blog\/antt-aprova-edital-para-concessao-da-br-381-mg-com-taxa-de-retorno-de-1197\/\" \/>\n<meta property=\"og:locale\" content=\"pt_BR\" \/>\n<meta property=\"og:type\" content=\"article\" \/>\n<meta property=\"og:title\" content=\"ANTT aprova edital para concess\u00e3o da BR-381\/MG, com taxa de retorno de 11,97%\" \/>\n<meta property=\"og:description\" content=\"da Ag\u00eancia iNFRA Proposta foi aprovada em reuni\u00e3o de diretoria realizada nesta quinta-feira (16), com altera\u00e7\u00f5es significativas em rela\u00e7\u00e3o \u00e0 mais recente tentativa de licita\u00e7\u00e3o da rodovia em novembro do ano passado, que n\u00e3o teve interessados. Leil\u00e3o ser\u00e1 no dia 29 de agosto. Entre os itens modificados, foi aprovada uma mudan\u00e7a na Taxa Interna de [&hellip;]\" \/>\n<meta property=\"og:url\" content=\"https:\/\/agenciainfra.com\/blog\/antt-aprova-edital-para-concessao-da-br-381-mg-com-taxa-de-retorno-de-1197\/\" \/>\n<meta property=\"og:site_name\" content=\"Ag\u00eancia iNFRA\" \/>\n<meta property=\"article:publisher\" content=\"https:\/\/www.facebook.com\/ageninfra\" \/>\n<meta property=\"article:published_time\" content=\"2024-05-16T15:00:00+00:00\" \/>\n<meta property=\"article:modified_time\" content=\"2026-03-13T12:40:31+00:00\" \/>\n<meta property=\"og:image\" content=\"https:\/\/agenciainfra.com\/blog\/wp-content\/uploads\/2024\/03\/foto-BR-381-MG-DNIT-divulgacao.jpeg\" \/>\n\t<meta property=\"og:image:width\" content=\"1202\" \/>\n\t<meta property=\"og:image:height\" content=\"801\" \/>\n\t<meta property=\"og:image:type\" content=\"image\/jpeg\" \/>\n<meta name=\"author\" content=\"Ag\u00eancia iNFRA\" \/>\n<meta name=\"twitter:card\" content=\"summary_large_image\" \/>\n<meta name=\"twitter:creator\" content=\"@agencia_infra\" \/>\n<meta name=\"twitter:site\" content=\"@agencia_infra\" \/>\n<meta name=\"twitter:label1\" content=\"Escrito por\" \/>\n\t<meta name=\"twitter:data1\" content=\"Ag\u00eancia iNFRA\" \/>\n\t<meta name=\"twitter:label2\" content=\"Est. tempo de leitura\" \/>\n\t<meta name=\"twitter:data2\" content=\"2 minutos\" \/>\n<script type=\"application\/ld+json\" class=\"yoast-schema-graph\">{\"@context\":\"https:\/\/schema.org\",\"@graph\":[{\"@type\":\"Article\",\"@id\":\"https:\/\/agenciainfra.com\/blog\/antt-aprova-edital-para-concessao-da-br-381-mg-com-taxa-de-retorno-de-1197\/#article\",\"isPartOf\":{\"@id\":\"https:\/\/agenciainfra.com\/blog\/antt-aprova-edital-para-concessao-da-br-381-mg-com-taxa-de-retorno-de-1197\/\"},\"author\":{\"name\":\"Ag\u00eancia iNFRA\",\"@id\":\"https:\/\/agenciainfra.com\/blog\/#\/schema\/person\/34af08dff6adea4cb22b06612ba7acfa\"},\"headline\":\"ANTT aprova edital para concess\u00e3o da BR-381\/MG, com taxa de retorno de 11,97%\",\"datePublished\":\"2024-05-16T15:00:00+00:00\",\"dateModified\":\"2026-03-13T12:40:31+00:00\",\"mainEntityOfPage\":{\"@id\":\"https:\/\/agenciainfra.com\/blog\/antt-aprova-edital-para-concessao-da-br-381-mg-com-taxa-de-retorno-de-1197\/\"},\"wordCount\":430,\"publisher\":{\"@id\":\"https:\/\/agenciainfra.com\/blog\/#organization\"},\"image\":{\"@id\":\"https:\/\/agenciainfra.com\/blog\/antt-aprova-edital-para-concessao-da-br-381-mg-com-taxa-de-retorno-de-1197\/#primaryimage\"},\"thumbnailUrl\":\"https:\/\/agenciainfra.com\/blog\/wp-content\/uploads\/2024\/03\/foto-BR-381-MG-DNIT-divulgacao.jpeg\",\"keywords\":[\"ag\u00eancia reguladora\",\"ANTT\",\"audi\u00eancia p\u00fablica\",\"BR-381\",\"Concer\",\"concess\u00e3o rodovi\u00e1ria\",\"DNIT\",\"duplica\u00e7\u00e3o de rodovia\",\"edital\",\"Guilherme Sampaio\",\"Investimentos em Infraestrutura\",\"leil\u00e3o de concess\u00e3o\",\"Lucas Asfor\",\"MG\",\"Minas Gerais\",\"reuni\u00e3o de diretoria\",\"revis\u00e3o de tarifas\",\"riscos geol\u00f3gicos\",\"rodovias federais\",\"Taxa Interna de Retorno\",\"TCU\",\"transportes\",\"WACC Regulat\u00f3rio\"],\"articleSection\":[\"Cabe\u00e7alho\",\"Destaque lista\",\"Destaque Menor\",\"Geral\",\"iNFRATransporte\"],\"inLanguage\":\"pt-BR\",\"copyrightYear\":\"2024\",\"copyrightHolder\":{\"@id\":\"https:\/\/agenciainfra.com\/blog\/#organization\"}},{\"@type\":\"WebPage\",\"@id\":\"https:\/\/agenciainfra.com\/blog\/antt-aprova-edital-para-concessao-da-br-381-mg-com-taxa-de-retorno-de-1197\/\",\"url\":\"https:\/\/agenciainfra.com\/blog\/antt-aprova-edital-para-concessao-da-br-381-mg-com-taxa-de-retorno-de-1197\/\",\"name\":\"ANTT aprova edital para concess\u00e3o da BR-381\/MG, com taxa de retorno de 11,97% - Ag\u00eancia iNFRA\",\"isPartOf\":{\"@id\":\"https:\/\/agenciainfra.com\/blog\/#website\"},\"primaryImageOfPage\":{\"@id\":\"https:\/\/agenciainfra.com\/blog\/antt-aprova-edital-para-concessao-da-br-381-mg-com-taxa-de-retorno-de-1197\/#primaryimage\"},\"image\":{\"@id\":\"https:\/\/agenciainfra.com\/blog\/antt-aprova-edital-para-concessao-da-br-381-mg-com-taxa-de-retorno-de-1197\/#primaryimage\"},\"thumbnailUrl\":\"https:\/\/agenciainfra.com\/blog\/wp-content\/uploads\/2024\/03\/foto-BR-381-MG-DNIT-divulgacao.jpeg\",\"datePublished\":\"2024-05-16T15:00:00+00:00\",\"dateModified\":\"2026-03-13T12:40:31+00:00\",\"breadcrumb\":{\"@id\":\"https:\/\/agenciainfra.com\/blog\/antt-aprova-edital-para-concessao-da-br-381-mg-com-taxa-de-retorno-de-1197\/#breadcrumb\"},\"inLanguage\":\"pt-BR\",\"potentialAction\":[{\"@type\":\"ReadAction\",\"target\":[\"https:\/\/agenciainfra.com\/blog\/antt-aprova-edital-para-concessao-da-br-381-mg-com-taxa-de-retorno-de-1197\/\"]}]},{\"@type\":\"ImageObject\",\"inLanguage\":\"pt-BR\",\"@id\":\"https:\/\/agenciainfra.com\/blog\/antt-aprova-edital-para-concessao-da-br-381-mg-com-taxa-de-retorno-de-1197\/#primaryimage\",\"url\":\"https:\/\/agenciainfra.com\/blog\/wp-content\/uploads\/2024\/03\/foto-BR-381-MG-DNIT-divulgacao.jpeg\",\"contentUrl\":\"https:\/\/agenciainfra.com\/blog\/wp-content\/uploads\/2024\/03\/foto-BR-381-MG-DNIT-divulgacao.jpeg\",\"width\":1202,\"height\":801},{\"@type\":\"BreadcrumbList\",\"@id\":\"https:\/\/agenciainfra.com\/blog\/antt-aprova-edital-para-concessao-da-br-381-mg-com-taxa-de-retorno-de-1197\/#breadcrumb\",\"itemListElement\":[{\"@type\":\"ListItem\",\"position\":1,\"name\":\"In\u00edcio\",\"item\":\"https:\/\/agenciainfra.com\/blog\/\"},{\"@type\":\"ListItem\",\"position\":2,\"name\":\"ANTT aprova edital para concess\u00e3o da BR-381\/MG, com taxa de retorno de 11,97%\"}]},{\"@type\":\"WebSite\",\"@id\":\"https:\/\/agenciainfra.com\/blog\/#website\",\"url\":\"https:\/\/agenciainfra.com\/blog\/\",\"name\":\"Ag\u00eancia iNFRA\",\"description\":\"Multiplataforma de informa\u00e7\u00e3o jornal\u00edstica refer\u00eancia na \u00e1rea de infraestrutura no Brasil!\",\"publisher\":{\"@id\":\"https:\/\/agenciainfra.com\/blog\/#organization\"},\"potentialAction\":[{\"@type\":\"SearchAction\",\"target\":{\"@type\":\"EntryPoint\",\"urlTemplate\":\"https:\/\/agenciainfra.com\/blog\/?s={search_term_string}\"},\"query-input\":{\"@type\":\"PropertyValueSpecification\",\"valueRequired\":true,\"valueName\":\"search_term_string\"}}],\"inLanguage\":\"pt-BR\"},{\"@type\":\"Organization\",\"@id\":\"https:\/\/agenciainfra.com\/blog\/#organization\",\"name\":\"Ag\u00eancia iNFRA\",\"url\":\"https:\/\/agenciainfra.com\/blog\/\",\"logo\":{\"@type\":\"ImageObject\",\"inLanguage\":\"pt-BR\",\"@id\":\"https:\/\/agenciainfra.com\/blog\/#\/schema\/logo\/image\/\",\"url\":\"https:\/\/agenciainfra.com\/blog\/wp-content\/uploads\/2023\/09\/iNFRA_5-e1761735885940.png\",\"contentUrl\":\"https:\/\/agenciainfra.com\/blog\/wp-content\/uploads\/2023\/09\/iNFRA_5-e1761735885940.png\",\"width\":1672,\"height\":454,\"caption\":\"Ag\u00eancia iNFRA\"},\"image\":{\"@id\":\"https:\/\/agenciainfra.com\/blog\/#\/schema\/logo\/image\/\"},\"sameAs\":[\"https:\/\/www.facebook.com\/ageninfra\",\"https:\/\/x.com\/agencia_infra\",\"https:\/\/www.linkedin.com\/company\/ag\u00eanciainfra\/\",\"https:\/\/www.instagram.com\/agenciainfra\/\"]},{\"@type\":\"Person\",\"@id\":\"https:\/\/agenciainfra.com\/blog\/#\/schema\/person\/34af08dff6adea4cb22b06612ba7acfa\",\"name\":\"Ag\u00eancia iNFRA\",\"image\":{\"@type\":\"ImageObject\",\"inLanguage\":\"pt-BR\",\"@id\":\"https:\/\/agenciainfra.com\/blog\/#\/schema\/person\/image\/\",\"url\":\"https:\/\/secure.gravatar.com\/avatar\/d189e01678f06d8eb84d4e01f08eb848b3fffe3f8443818d3c356c66892f5be8?s=96&d=mm&r=g\",\"contentUrl\":\"https:\/\/secure.gravatar.com\/avatar\/d189e01678f06d8eb84d4e01f08eb848b3fffe3f8443818d3c356c66892f5be8?s=96&d=mm&r=g\",\"caption\":\"Ag\u00eancia iNFRA\"},\"url\":\"https:\/\/agenciainfra.com\/blog\/author\/admin\/\"}]}<\/script>\n<!-- \/ Yoast SEO Premium plugin. -->","yoast_head_json":{"title":"ANTT aprova edital para concess\u00e3o da BR-381\/MG, com taxa de retorno de 11,97% - Ag\u00eancia iNFRA","robots":{"index":"index","follow":"follow","max-snippet":"max-snippet:-1","max-image-preview":"max-image-preview:large","max-video-preview":"max-video-preview:-1"},"canonical":"https:\/\/agenciainfra.com\/blog\/antt-aprova-edital-para-concessao-da-br-381-mg-com-taxa-de-retorno-de-1197\/","og_locale":"pt_BR","og_type":"article","og_title":"ANTT aprova edital para concess\u00e3o da BR-381\/MG, com taxa de retorno de 11,97%","og_description":"da Ag\u00eancia iNFRA Proposta foi aprovada em reuni\u00e3o de diretoria realizada nesta quinta-feira (16), com altera\u00e7\u00f5es significativas em rela\u00e7\u00e3o \u00e0 mais recente tentativa de licita\u00e7\u00e3o da rodovia em novembro do ano passado, que n\u00e3o teve interessados. Leil\u00e3o ser\u00e1 no dia 29 de agosto. Entre os itens modificados, foi aprovada uma mudan\u00e7a na Taxa Interna de [&hellip;]","og_url":"https:\/\/agenciainfra.com\/blog\/antt-aprova-edital-para-concessao-da-br-381-mg-com-taxa-de-retorno-de-1197\/","og_site_name":"Ag\u00eancia iNFRA","article_publisher":"https:\/\/www.facebook.com\/ageninfra","article_published_time":"2024-05-16T15:00:00+00:00","article_modified_time":"2026-03-13T12:40:31+00:00","og_image":[{"width":1202,"height":801,"url":"https:\/\/agenciainfra.com\/blog\/wp-content\/uploads\/2024\/03\/foto-BR-381-MG-DNIT-divulgacao.jpeg","type":"image\/jpeg"}],"author":"Ag\u00eancia iNFRA","twitter_card":"summary_large_image","twitter_creator":"@agencia_infra","twitter_site":"@agencia_infra","twitter_misc":{"Escrito por":"Ag\u00eancia iNFRA","Est. tempo de leitura":"2 minutos"},"schema":{"@context":"https:\/\/schema.org","@graph":[{"@type":"Article","@id":"https:\/\/agenciainfra.com\/blog\/antt-aprova-edital-para-concessao-da-br-381-mg-com-taxa-de-retorno-de-1197\/#article","isPartOf":{"@id":"https:\/\/agenciainfra.com\/blog\/antt-aprova-edital-para-concessao-da-br-381-mg-com-taxa-de-retorno-de-1197\/"},"author":{"name":"Ag\u00eancia iNFRA","@id":"https:\/\/agenciainfra.com\/blog\/#\/schema\/person\/34af08dff6adea4cb22b06612ba7acfa"},"headline":"ANTT aprova edital para concess\u00e3o da BR-381\/MG, com taxa de retorno de 11,97%","datePublished":"2024-05-16T15:00:00+00:00","dateModified":"2026-03-13T12:40:31+00:00","mainEntityOfPage":{"@id":"https:\/\/agenciainfra.com\/blog\/antt-aprova-edital-para-concessao-da-br-381-mg-com-taxa-de-retorno-de-1197\/"},"wordCount":430,"publisher":{"@id":"https:\/\/agenciainfra.com\/blog\/#organization"},"image":{"@id":"https:\/\/agenciainfra.com\/blog\/antt-aprova-edital-para-concessao-da-br-381-mg-com-taxa-de-retorno-de-1197\/#primaryimage"},"thumbnailUrl":"https:\/\/agenciainfra.com\/blog\/wp-content\/uploads\/2024\/03\/foto-BR-381-MG-DNIT-divulgacao.jpeg","keywords":["ag\u00eancia reguladora","ANTT","audi\u00eancia p\u00fablica","BR-381","Concer","concess\u00e3o rodovi\u00e1ria","DNIT","duplica\u00e7\u00e3o de rodovia","edital","Guilherme Sampaio","Investimentos em Infraestrutura","leil\u00e3o de concess\u00e3o","Lucas Asfor","MG","Minas Gerais","reuni\u00e3o de diretoria","revis\u00e3o de tarifas","riscos geol\u00f3gicos","rodovias federais","Taxa Interna de Retorno","TCU","transportes","WACC Regulat\u00f3rio"],"articleSection":["Cabe\u00e7alho","Destaque lista","Destaque Menor","Geral","iNFRATransporte"],"inLanguage":"pt-BR","copyrightYear":"2024","copyrightHolder":{"@id":"https:\/\/agenciainfra.com\/blog\/#organization"}},{"@type":"WebPage","@id":"https:\/\/agenciainfra.com\/blog\/antt-aprova-edital-para-concessao-da-br-381-mg-com-taxa-de-retorno-de-1197\/","url":"https:\/\/agenciainfra.com\/blog\/antt-aprova-edital-para-concessao-da-br-381-mg-com-taxa-de-retorno-de-1197\/","name":"ANTT aprova edital para concess\u00e3o da BR-381\/MG, com taxa de retorno de 11,97% - Ag\u00eancia iNFRA","isPartOf":{"@id":"https:\/\/agenciainfra.com\/blog\/#website"},"primaryImageOfPage":{"@id":"https:\/\/agenciainfra.com\/blog\/antt-aprova-edital-para-concessao-da-br-381-mg-com-taxa-de-retorno-de-1197\/#primaryimage"},"image":{"@id":"https:\/\/agenciainfra.com\/blog\/antt-aprova-edital-para-concessao-da-br-381-mg-com-taxa-de-retorno-de-1197\/#primaryimage"},"thumbnailUrl":"https:\/\/agenciainfra.com\/blog\/wp-content\/uploads\/2024\/03\/foto-BR-381-MG-DNIT-divulgacao.jpeg","datePublished":"2024-05-16T15:00:00+00:00","dateModified":"2026-03-13T12:40:31+00:00","breadcrumb":{"@id":"https:\/\/agenciainfra.com\/blog\/antt-aprova-edital-para-concessao-da-br-381-mg-com-taxa-de-retorno-de-1197\/#breadcrumb"},"inLanguage":"pt-BR","potentialAction":[{"@type":"ReadAction","target":["https:\/\/agenciainfra.com\/blog\/antt-aprova-edital-para-concessao-da-br-381-mg-com-taxa-de-retorno-de-1197\/"]}]},{"@type":"ImageObject","inLanguage":"pt-BR","@id":"https:\/\/agenciainfra.com\/blog\/antt-aprova-edital-para-concessao-da-br-381-mg-com-taxa-de-retorno-de-1197\/#primaryimage","url":"https:\/\/agenciainfra.com\/blog\/wp-content\/uploads\/2024\/03\/foto-BR-381-MG-DNIT-divulgacao.jpeg","contentUrl":"https:\/\/agenciainfra.com\/blog\/wp-content\/uploads\/2024\/03\/foto-BR-381-MG-DNIT-divulgacao.jpeg","width":1202,"height":801},{"@type":"BreadcrumbList","@id":"https:\/\/agenciainfra.com\/blog\/antt-aprova-edital-para-concessao-da-br-381-mg-com-taxa-de-retorno-de-1197\/#breadcrumb","itemListElement":[{"@type":"ListItem","position":1,"name":"In\u00edcio","item":"https:\/\/agenciainfra.com\/blog\/"},{"@type":"ListItem","position":2,"name":"ANTT aprova edital para concess\u00e3o da BR-381\/MG, com taxa de retorno de 11,97%"}]},{"@type":"WebSite","@id":"https:\/\/agenciainfra.com\/blog\/#website","url":"https:\/\/agenciainfra.com\/blog\/","name":"Ag\u00eancia iNFRA","description":"Multiplataforma de informa\u00e7\u00e3o jornal\u00edstica refer\u00eancia na \u00e1rea de infraestrutura no Brasil!","publisher":{"@id":"https:\/\/agenciainfra.com\/blog\/#organization"},"potentialAction":[{"@type":"SearchAction","target":{"@type":"EntryPoint","urlTemplate":"https:\/\/agenciainfra.com\/blog\/?s={search_term_string}"},"query-input":{"@type":"PropertyValueSpecification","valueRequired":true,"valueName":"search_term_string"}}],"inLanguage":"pt-BR"},{"@type":"Organization","@id":"https:\/\/agenciainfra.com\/blog\/#organization","name":"Ag\u00eancia iNFRA","url":"https:\/\/agenciainfra.com\/blog\/","logo":{"@type":"ImageObject","inLanguage":"pt-BR","@id":"https:\/\/agenciainfra.com\/blog\/#\/schema\/logo\/image\/","url":"https:\/\/agenciainfra.com\/blog\/wp-content\/uploads\/2023\/09\/iNFRA_5-e1761735885940.png","contentUrl":"https:\/\/agenciainfra.com\/blog\/wp-content\/uploads\/2023\/09\/iNFRA_5-e1761735885940.png","width":1672,"height":454,"caption":"Ag\u00eancia iNFRA"},"image":{"@id":"https:\/\/agenciainfra.com\/blog\/#\/schema\/logo\/image\/"},"sameAs":["https:\/\/www.facebook.com\/ageninfra","https:\/\/x.com\/agencia_infra","https:\/\/www.linkedin.com\/company\/ag\u00eanciainfra\/","https:\/\/www.instagram.com\/agenciainfra\/"]},{"@type":"Person","@id":"https:\/\/agenciainfra.com\/blog\/#\/schema\/person\/34af08dff6adea4cb22b06612ba7acfa","name":"Ag\u00eancia iNFRA","image":{"@type":"ImageObject","inLanguage":"pt-BR","@id":"https:\/\/agenciainfra.com\/blog\/#\/schema\/person\/image\/","url":"https:\/\/secure.gravatar.com\/avatar\/d189e01678f06d8eb84d4e01f08eb848b3fffe3f8443818d3c356c66892f5be8?s=96&d=mm&r=g","contentUrl":"https:\/\/secure.gravatar.com\/avatar\/d189e01678f06d8eb84d4e01f08eb848b3fffe3f8443818d3c356c66892f5be8?s=96&d=mm&r=g","caption":"Ag\u00eancia iNFRA"},"url":"https:\/\/agenciainfra.com\/blog\/author\/admin\/"}]}},"_links":{"self":[{"href":"https:\/\/agenciainfra.com\/blog\/wp-json\/wp\/v2\/posts\/16708","targetHints":{"allow":["GET"]}}],"collection":[{"href":"https:\/\/agenciainfra.com\/blog\/wp-json\/wp\/v2\/posts"}],"about":[{"href":"https:\/\/agenciainfra.com\/blog\/wp-json\/wp\/v2\/types\/post"}],"author":[{"embeddable":true,"href":"https:\/\/agenciainfra.com\/blog\/wp-json\/wp\/v2\/users\/1"}],"replies":[{"embeddable":true,"href":"https:\/\/agenciainfra.com\/blog\/wp-json\/wp\/v2\/comments?post=16708"}],"version-history":[{"count":1,"href":"https:\/\/agenciainfra.com\/blog\/wp-json\/wp\/v2\/posts\/16708\/revisions"}],"predecessor-version":[{"id":16709,"href":"https:\/\/agenciainfra.com\/blog\/wp-json\/wp\/v2\/posts\/16708\/revisions\/16709"}],"wp:featuredmedia":[{"embeddable":true,"href":"https:\/\/agenciainfra.com\/blog\/wp-json\/wp\/v2\/media\/15720"}],"wp:attachment":[{"href":"https:\/\/agenciainfra.com\/blog\/wp-json\/wp\/v2\/media?parent=16708"}],"wp:term":[{"taxonomy":"category","embeddable":true,"href":"https:\/\/agenciainfra.com\/blog\/wp-json\/wp\/v2\/categories?post=16708"},{"taxonomy":"post_tag","embeddable":true,"href":"https:\/\/agenciainfra.com\/blog\/wp-json\/wp\/v2\/tags?post=16708"}],"curies":[{"name":"wp","href":"https:\/\/api.w.org\/{rel}","templated":true}]}}