{"id":16710,"date":"2024-05-16T15:00:00","date_gmt":"2024-05-16T18:00:00","guid":{"rendered":"https:\/\/agenciainfra.com\/blog\/?p=16710"},"modified":"2024-05-17T07:30:42","modified_gmt":"2024-05-17T10:30:42","slug":"antt-abre-processos-de-participacao-social-sobre-transporte-no-mercosul-e-parametros-de-contratos-de-concessao","status":"publish","type":"post","link":"https:\/\/agenciainfra.com\/blog\/antt-abre-processos-de-participacao-social-sobre-transporte-no-mercosul-e-parametros-de-contratos-de-concessao\/","title":{"rendered":"ANTT abre processos de participa\u00e7\u00e3o social sobre transporte no Mercosul e par\u00e2metros de contratos de concess\u00e3o"},"content":{"rendered":"\n<p class=\"has-text-align-right\"><strong>da Ag\u00eancia iNFRA<\/strong><\/p>\n\n\n\n<p>A ANTT (Ag\u00eancia Nacional de Transportes Terrestres) publicou, no Di\u00e1rio Oficial da Uni\u00e3o de hoje (16), a abertura de dois processos de participa\u00e7\u00e3o social.<\/p>\n\n\n\n<p>A <a href=\"https:\/\/www.in.gov.br\/web\/dou\/-\/aviso-de-tomada-de-subsidios-n-2\/2024-559960625\">Tomada de Subs\u00eddios 2\/2024<\/a> \u00e9 voltada \u00e0 defini\u00e7\u00e3o de projetos de transporte terrestre internacional no \u00e2mbito do Mercosul. O per\u00edodo de contribui\u00e7\u00f5es vai de 20 de maio at\u00e9 9 de junho.<\/p>\n\n\n\n<p>J\u00e1 a <a href=\"https:\/\/www.in.gov.br\/web\/dou\/-\/aviso-de-reniao-participativa-n-10\/2024-559912663\">Reuni\u00e3o Participativa 10\/2024<\/a> tem o objetivo de discutir a classifica\u00e7\u00e3o de projetos de outorga rodovi\u00e1ria e definir padr\u00f5es referenciais para o escopo, desempenho e par\u00e2metros t\u00e9cnicos dos contratos de concess\u00e3o. O per\u00edodo para o envio de contribui\u00e7\u00f5es vai de 20 de maio at\u00e9 14 de junho. A sess\u00e3o da reuni\u00e3o participativa est\u00e1 agendada para 10 de junho.<\/p>\n","protected":false},"excerpt":{"rendered":"<p>da Ag\u00eancia iNFRA A ANTT (Ag\u00eancia Nacional de Transportes Terrestres) publicou, no Di\u00e1rio Oficial da Uni\u00e3o de hoje (16), a abertura de dois processos de participa\u00e7\u00e3o social. A Tomada de Subs\u00eddios 2\/2024 \u00e9 voltada \u00e0 defini\u00e7\u00e3o de projetos de transporte terrestre internacional no \u00e2mbito do Mercosul. O per\u00edodo de contribui\u00e7\u00f5es vai de 20 de maio [&hellip;]<\/p>\n","protected":false},"author":1,"featured_media":4259,"comment_status":"closed","ping_status":"closed","sticky":false,"template":"","format":"standard","meta":{"_monsterinsights_skip_tracking":false,"_monsterinsights_sitenote_active":false,"_monsterinsights_sitenote_note":"","_monsterinsights_sitenote_category":0,"footnotes":""},"categories":[1,7],"tags":[9512,19,9513,9514,1137,4840,7723,6831,1115,9517,9515,9516,9520,4080,9187,8755,9518,9519,1601,2352,9521,9522,1518],"class_list":["post-16710","post","type-post","status-publish","format-standard","has-post-thumbnail","hentry","category-geral","category-infratransporte","tag-agencia","tag-antt","tag-classificacao","tag-classificacao-de-projetos","tag-concessao-rodoviaria","tag-contratos-de-concessao","tag-diario-oficial-da-uniao","tag-dou","tag-mercosul","tag-outorga-rodoviaria","tag-padroes-tecnicos","tag-parametros","tag-parametros-tecnicos","tag-participacao-social","tag-projetos-de-transporte","tag-reuniao-participativa","tag-reuniao-participativa-10-2024","tag-sessao","tag-subsidios","tag-tomada-de-subsidios","tag-tomada-de-subsidios-2-2024","tag-transporte-terrestre-internacional","tag-transportes-terrestres"],"yoast_head":"<!-- This site is optimized with the Yoast SEO Premium plugin v25.4 (Yoast SEO v26.0) - https:\/\/yoast.com\/wordpress\/plugins\/seo\/ -->\n<title>ANTT abre processos de participa\u00e7\u00e3o social sobre transporte no Mercosul e par\u00e2metros de contratos de concess\u00e3o - Ag\u00eancia iNFRA<\/title>\n<meta name=\"robots\" content=\"index, follow, max-snippet:-1, max-image-preview:large, max-video-preview:-1\" \/>\n<link rel=\"canonical\" href=\"https:\/\/agenciainfra.com\/blog\/antt-abre-processos-de-participacao-social-sobre-transporte-no-mercosul-e-parametros-de-contratos-de-concessao\/\" \/>\n<meta property=\"og:locale\" content=\"pt_BR\" \/>\n<meta property=\"og:type\" content=\"article\" \/>\n<meta property=\"og:title\" content=\"ANTT abre processos de participa\u00e7\u00e3o social sobre transporte no Mercosul e par\u00e2metros de contratos de concess\u00e3o\" \/>\n<meta property=\"og:description\" content=\"da Ag\u00eancia iNFRA A ANTT (Ag\u00eancia Nacional de Transportes Terrestres) publicou, no Di\u00e1rio Oficial da Uni\u00e3o de hoje (16), a abertura de dois processos de participa\u00e7\u00e3o social. A Tomada de Subs\u00eddios 2\/2024 \u00e9 voltada \u00e0 defini\u00e7\u00e3o de projetos de transporte terrestre internacional no \u00e2mbito do Mercosul. O per\u00edodo de contribui\u00e7\u00f5es vai de 20 de maio [&hellip;]\" \/>\n<meta property=\"og:url\" content=\"https:\/\/agenciainfra.com\/blog\/antt-abre-processos-de-participacao-social-sobre-transporte-no-mercosul-e-parametros-de-contratos-de-concessao\/\" \/>\n<meta property=\"og:site_name\" content=\"Ag\u00eancia iNFRA\" \/>\n<meta property=\"article:publisher\" content=\"https:\/\/www.facebook.com\/ageninfra\" \/>\n<meta property=\"article:published_time\" content=\"2024-05-16T18:00:00+00:00\" \/>\n<meta property=\"article:modified_time\" content=\"2024-05-17T10:30:42+00:00\" \/>\n<meta property=\"og:image\" content=\"https:\/\/agenciainfra.com\/blog\/wp-content\/uploads\/2020\/01\/transporte-carga-caminhao-foto-goinfra.jpg\" \/>\n\t<meta property=\"og:image:width\" content=\"1280\" \/>\n\t<meta property=\"og:image:height\" content=\"846\" \/>\n\t<meta property=\"og:image:type\" content=\"image\/jpeg\" \/>\n<meta name=\"author\" content=\"Ag\u00eancia iNFRA\" \/>\n<meta name=\"twitter:card\" content=\"summary_large_image\" \/>\n<meta name=\"twitter:creator\" content=\"@agencia_infra\" \/>\n<meta name=\"twitter:site\" content=\"@agencia_infra\" \/>\n<meta name=\"twitter:label1\" content=\"Escrito por\" \/>\n\t<meta name=\"twitter:data1\" content=\"Ag\u00eancia iNFRA\" \/>\n\t<meta name=\"twitter:label2\" content=\"Est. tempo de leitura\" \/>\n\t<meta name=\"twitter:data2\" content=\"1 minuto\" \/>\n<script type=\"application\/ld+json\" class=\"yoast-schema-graph\">{\"@context\":\"https:\/\/schema.org\",\"@graph\":[{\"@type\":\"Article\",\"@id\":\"https:\/\/agenciainfra.com\/blog\/antt-abre-processos-de-participacao-social-sobre-transporte-no-mercosul-e-parametros-de-contratos-de-concessao\/#article\",\"isPartOf\":{\"@id\":\"https:\/\/agenciainfra.com\/blog\/antt-abre-processos-de-participacao-social-sobre-transporte-no-mercosul-e-parametros-de-contratos-de-concessao\/\"},\"author\":{\"name\":\"Ag\u00eancia iNFRA\",\"@id\":\"https:\/\/agenciainfra.com\/blog\/#\/schema\/person\/34af08dff6adea4cb22b06612ba7acfa\"},\"headline\":\"ANTT abre processos de participa\u00e7\u00e3o social sobre transporte no Mercosul e par\u00e2metros de contratos de concess\u00e3o\",\"datePublished\":\"2024-05-16T18:00:00+00:00\",\"dateModified\":\"2024-05-17T10:30:42+00:00\",\"mainEntityOfPage\":{\"@id\":\"https:\/\/agenciainfra.com\/blog\/antt-abre-processos-de-participacao-social-sobre-transporte-no-mercosul-e-parametros-de-contratos-de-concessao\/\"},\"wordCount\":147,\"publisher\":{\"@id\":\"https:\/\/agenciainfra.com\/blog\/#organization\"},\"image\":{\"@id\":\"https:\/\/agenciainfra.com\/blog\/antt-abre-processos-de-participacao-social-sobre-transporte-no-mercosul-e-parametros-de-contratos-de-concessao\/#primaryimage\"},\"thumbnailUrl\":\"https:\/\/agenciainfra.com\/blog\/wp-content\/uploads\/2020\/01\/transporte-carga-caminhao-foto-goinfra.jpg\",\"keywords\":[\"Ag\u00eancia\",\"ANTT\",\"classifica\u00e7\u00e3o\",\"classifica\u00e7\u00e3o de projetos\",\"concess\u00e3o rodovi\u00e1ria\",\"contratos de concess\u00e3o\",\"Di\u00e1rio Oficial da Uni\u00e3o\",\"DOU\",\"Mercosul\",\"outorga rodovi\u00e1ria\",\"padr\u00f5es t\u00e9cnicos\",\"par\u00e2metros\",\"par\u00e2metros t\u00e9cnicos\",\"participa\u00e7\u00e3o social\",\"Projetos de Transporte\",\"Reuni\u00e3o Participativa\",\"Reuni\u00e3o Participativa 10\/2024\",\"sess\u00e3o\",\"subs\u00eddios\",\"tomada de subs\u00eddios\",\"Tomada de Subs\u00eddios 2\/2024\",\"transporte terrestre internacional\",\"transportes terrestres\"],\"articleSection\":[\"Geral\",\"iNFRATransporte\"],\"inLanguage\":\"pt-BR\",\"copyrightYear\":\"2024\",\"copyrightHolder\":{\"@id\":\"https:\/\/agenciainfra.com\/blog\/#organization\"}},{\"@type\":\"WebPage\",\"@id\":\"https:\/\/agenciainfra.com\/blog\/antt-abre-processos-de-participacao-social-sobre-transporte-no-mercosul-e-parametros-de-contratos-de-concessao\/\",\"url\":\"https:\/\/agenciainfra.com\/blog\/antt-abre-processos-de-participacao-social-sobre-transporte-no-mercosul-e-parametros-de-contratos-de-concessao\/\",\"name\":\"ANTT abre processos de participa\u00e7\u00e3o social sobre transporte no Mercosul e par\u00e2metros de contratos de concess\u00e3o - Ag\u00eancia iNFRA\",\"isPartOf\":{\"@id\":\"https:\/\/agenciainfra.com\/blog\/#website\"},\"primaryImageOfPage\":{\"@id\":\"https:\/\/agenciainfra.com\/blog\/antt-abre-processos-de-participacao-social-sobre-transporte-no-mercosul-e-parametros-de-contratos-de-concessao\/#primaryimage\"},\"image\":{\"@id\":\"https:\/\/agenciainfra.com\/blog\/antt-abre-processos-de-participacao-social-sobre-transporte-no-mercosul-e-parametros-de-contratos-de-concessao\/#primaryimage\"},\"thumbnailUrl\":\"https:\/\/agenciainfra.com\/blog\/wp-content\/uploads\/2020\/01\/transporte-carga-caminhao-foto-goinfra.jpg\",\"datePublished\":\"2024-05-16T18:00:00+00:00\",\"dateModified\":\"2024-05-17T10:30:42+00:00\",\"breadcrumb\":{\"@id\":\"https:\/\/agenciainfra.com\/blog\/antt-abre-processos-de-participacao-social-sobre-transporte-no-mercosul-e-parametros-de-contratos-de-concessao\/#breadcrumb\"},\"inLanguage\":\"pt-BR\",\"potentialAction\":[{\"@type\":\"ReadAction\",\"target\":[\"https:\/\/agenciainfra.com\/blog\/antt-abre-processos-de-participacao-social-sobre-transporte-no-mercosul-e-parametros-de-contratos-de-concessao\/\"]}]},{\"@type\":\"ImageObject\",\"inLanguage\":\"pt-BR\",\"@id\":\"https:\/\/agenciainfra.com\/blog\/antt-abre-processos-de-participacao-social-sobre-transporte-no-mercosul-e-parametros-de-contratos-de-concessao\/#primaryimage\",\"url\":\"https:\/\/agenciainfra.com\/blog\/wp-content\/uploads\/2020\/01\/transporte-carga-caminhao-foto-goinfra.jpg\",\"contentUrl\":\"https:\/\/agenciainfra.com\/blog\/wp-content\/uploads\/2020\/01\/transporte-carga-caminhao-foto-goinfra.jpg\",\"width\":1280,\"height\":846,\"caption\":\"Foto: Goinfra\"},{\"@type\":\"BreadcrumbList\",\"@id\":\"https:\/\/agenciainfra.com\/blog\/antt-abre-processos-de-participacao-social-sobre-transporte-no-mercosul-e-parametros-de-contratos-de-concessao\/#breadcrumb\",\"itemListElement\":[{\"@type\":\"ListItem\",\"position\":1,\"name\":\"In\u00edcio\",\"item\":\"https:\/\/agenciainfra.com\/blog\/\"},{\"@type\":\"ListItem\",\"position\":2,\"name\":\"ANTT abre processos de participa\u00e7\u00e3o social sobre transporte no Mercosul e par\u00e2metros de contratos de concess\u00e3o\"}]},{\"@type\":\"WebSite\",\"@id\":\"https:\/\/agenciainfra.com\/blog\/#website\",\"url\":\"https:\/\/agenciainfra.com\/blog\/\",\"name\":\"Ag\u00eancia iNFRA\",\"description\":\"Multiplataforma de informa\u00e7\u00e3o jornal\u00edstica refer\u00eancia na \u00e1rea de infraestrutura no Brasil!\",\"publisher\":{\"@id\":\"https:\/\/agenciainfra.com\/blog\/#organization\"},\"potentialAction\":[{\"@type\":\"SearchAction\",\"target\":{\"@type\":\"EntryPoint\",\"urlTemplate\":\"https:\/\/agenciainfra.com\/blog\/?s={search_term_string}\"},\"query-input\":{\"@type\":\"PropertyValueSpecification\",\"valueRequired\":true,\"valueName\":\"search_term_string\"}}],\"inLanguage\":\"pt-BR\"},{\"@type\":\"Organization\",\"@id\":\"https:\/\/agenciainfra.com\/blog\/#organization\",\"name\":\"Ag\u00eancia iNFRA\",\"url\":\"https:\/\/agenciainfra.com\/blog\/\",\"logo\":{\"@type\":\"ImageObject\",\"inLanguage\":\"pt-BR\",\"@id\":\"https:\/\/agenciainfra.com\/blog\/#\/schema\/logo\/image\/\",\"url\":\"https:\/\/agenciainfra.com\/blog\/wp-content\/uploads\/2023\/09\/iNFRA_5-e1761735885940.png\",\"contentUrl\":\"https:\/\/agenciainfra.com\/blog\/wp-content\/uploads\/2023\/09\/iNFRA_5-e1761735885940.png\",\"width\":1672,\"height\":454,\"caption\":\"Ag\u00eancia iNFRA\"},\"image\":{\"@id\":\"https:\/\/agenciainfra.com\/blog\/#\/schema\/logo\/image\/\"},\"sameAs\":[\"https:\/\/www.facebook.com\/ageninfra\",\"https:\/\/x.com\/agencia_infra\",\"https:\/\/www.linkedin.com\/company\/ag\u00eanciainfra\/\",\"https:\/\/www.instagram.com\/agenciainfra\/\"]},{\"@type\":\"Person\",\"@id\":\"https:\/\/agenciainfra.com\/blog\/#\/schema\/person\/34af08dff6adea4cb22b06612ba7acfa\",\"name\":\"Ag\u00eancia iNFRA\",\"image\":{\"@type\":\"ImageObject\",\"inLanguage\":\"pt-BR\",\"@id\":\"https:\/\/agenciainfra.com\/blog\/#\/schema\/person\/image\/\",\"url\":\"https:\/\/secure.gravatar.com\/avatar\/d189e01678f06d8eb84d4e01f08eb848b3fffe3f8443818d3c356c66892f5be8?s=96&d=mm&r=g\",\"contentUrl\":\"https:\/\/secure.gravatar.com\/avatar\/d189e01678f06d8eb84d4e01f08eb848b3fffe3f8443818d3c356c66892f5be8?s=96&d=mm&r=g\",\"caption\":\"Ag\u00eancia iNFRA\"},\"url\":\"https:\/\/agenciainfra.com\/blog\/author\/admin\/\"}]}<\/script>\n<!-- \/ Yoast SEO Premium plugin. -->","yoast_head_json":{"title":"ANTT abre processos de participa\u00e7\u00e3o social sobre transporte no Mercosul e par\u00e2metros de contratos de concess\u00e3o - Ag\u00eancia iNFRA","robots":{"index":"index","follow":"follow","max-snippet":"max-snippet:-1","max-image-preview":"max-image-preview:large","max-video-preview":"max-video-preview:-1"},"canonical":"https:\/\/agenciainfra.com\/blog\/antt-abre-processos-de-participacao-social-sobre-transporte-no-mercosul-e-parametros-de-contratos-de-concessao\/","og_locale":"pt_BR","og_type":"article","og_title":"ANTT abre processos de participa\u00e7\u00e3o social sobre transporte no Mercosul e par\u00e2metros de contratos de concess\u00e3o","og_description":"da Ag\u00eancia iNFRA A ANTT (Ag\u00eancia Nacional de Transportes Terrestres) publicou, no Di\u00e1rio Oficial da Uni\u00e3o de hoje (16), a abertura de dois processos de participa\u00e7\u00e3o social. A Tomada de Subs\u00eddios 2\/2024 \u00e9 voltada \u00e0 defini\u00e7\u00e3o de projetos de transporte terrestre internacional no \u00e2mbito do Mercosul. O per\u00edodo de contribui\u00e7\u00f5es vai de 20 de maio [&hellip;]","og_url":"https:\/\/agenciainfra.com\/blog\/antt-abre-processos-de-participacao-social-sobre-transporte-no-mercosul-e-parametros-de-contratos-de-concessao\/","og_site_name":"Ag\u00eancia iNFRA","article_publisher":"https:\/\/www.facebook.com\/ageninfra","article_published_time":"2024-05-16T18:00:00+00:00","article_modified_time":"2024-05-17T10:30:42+00:00","og_image":[{"width":1280,"height":846,"url":"https:\/\/agenciainfra.com\/blog\/wp-content\/uploads\/2020\/01\/transporte-carga-caminhao-foto-goinfra.jpg","type":"image\/jpeg"}],"author":"Ag\u00eancia iNFRA","twitter_card":"summary_large_image","twitter_creator":"@agencia_infra","twitter_site":"@agencia_infra","twitter_misc":{"Escrito por":"Ag\u00eancia iNFRA","Est. tempo de leitura":"1 minuto"},"schema":{"@context":"https:\/\/schema.org","@graph":[{"@type":"Article","@id":"https:\/\/agenciainfra.com\/blog\/antt-abre-processos-de-participacao-social-sobre-transporte-no-mercosul-e-parametros-de-contratos-de-concessao\/#article","isPartOf":{"@id":"https:\/\/agenciainfra.com\/blog\/antt-abre-processos-de-participacao-social-sobre-transporte-no-mercosul-e-parametros-de-contratos-de-concessao\/"},"author":{"name":"Ag\u00eancia iNFRA","@id":"https:\/\/agenciainfra.com\/blog\/#\/schema\/person\/34af08dff6adea4cb22b06612ba7acfa"},"headline":"ANTT abre processos de participa\u00e7\u00e3o social sobre transporte no Mercosul e par\u00e2metros de contratos de concess\u00e3o","datePublished":"2024-05-16T18:00:00+00:00","dateModified":"2024-05-17T10:30:42+00:00","mainEntityOfPage":{"@id":"https:\/\/agenciainfra.com\/blog\/antt-abre-processos-de-participacao-social-sobre-transporte-no-mercosul-e-parametros-de-contratos-de-concessao\/"},"wordCount":147,"publisher":{"@id":"https:\/\/agenciainfra.com\/blog\/#organization"},"image":{"@id":"https:\/\/agenciainfra.com\/blog\/antt-abre-processos-de-participacao-social-sobre-transporte-no-mercosul-e-parametros-de-contratos-de-concessao\/#primaryimage"},"thumbnailUrl":"https:\/\/agenciainfra.com\/blog\/wp-content\/uploads\/2020\/01\/transporte-carga-caminhao-foto-goinfra.jpg","keywords":["Ag\u00eancia","ANTT","classifica\u00e7\u00e3o","classifica\u00e7\u00e3o de projetos","concess\u00e3o rodovi\u00e1ria","contratos de concess\u00e3o","Di\u00e1rio Oficial da Uni\u00e3o","DOU","Mercosul","outorga rodovi\u00e1ria","padr\u00f5es t\u00e9cnicos","par\u00e2metros","par\u00e2metros t\u00e9cnicos","participa\u00e7\u00e3o social","Projetos de Transporte","Reuni\u00e3o Participativa","Reuni\u00e3o Participativa 10\/2024","sess\u00e3o","subs\u00eddios","tomada de subs\u00eddios","Tomada de Subs\u00eddios 2\/2024","transporte terrestre internacional","transportes terrestres"],"articleSection":["Geral","iNFRATransporte"],"inLanguage":"pt-BR","copyrightYear":"2024","copyrightHolder":{"@id":"https:\/\/agenciainfra.com\/blog\/#organization"}},{"@type":"WebPage","@id":"https:\/\/agenciainfra.com\/blog\/antt-abre-processos-de-participacao-social-sobre-transporte-no-mercosul-e-parametros-de-contratos-de-concessao\/","url":"https:\/\/agenciainfra.com\/blog\/antt-abre-processos-de-participacao-social-sobre-transporte-no-mercosul-e-parametros-de-contratos-de-concessao\/","name":"ANTT abre processos de participa\u00e7\u00e3o social sobre transporte no Mercosul e par\u00e2metros de contratos de concess\u00e3o - Ag\u00eancia iNFRA","isPartOf":{"@id":"https:\/\/agenciainfra.com\/blog\/#website"},"primaryImageOfPage":{"@id":"https:\/\/agenciainfra.com\/blog\/antt-abre-processos-de-participacao-social-sobre-transporte-no-mercosul-e-parametros-de-contratos-de-concessao\/#primaryimage"},"image":{"@id":"https:\/\/agenciainfra.com\/blog\/antt-abre-processos-de-participacao-social-sobre-transporte-no-mercosul-e-parametros-de-contratos-de-concessao\/#primaryimage"},"thumbnailUrl":"https:\/\/agenciainfra.com\/blog\/wp-content\/uploads\/2020\/01\/transporte-carga-caminhao-foto-goinfra.jpg","datePublished":"2024-05-16T18:00:00+00:00","dateModified":"2024-05-17T10:30:42+00:00","breadcrumb":{"@id":"https:\/\/agenciainfra.com\/blog\/antt-abre-processos-de-participacao-social-sobre-transporte-no-mercosul-e-parametros-de-contratos-de-concessao\/#breadcrumb"},"inLanguage":"pt-BR","potentialAction":[{"@type":"ReadAction","target":["https:\/\/agenciainfra.com\/blog\/antt-abre-processos-de-participacao-social-sobre-transporte-no-mercosul-e-parametros-de-contratos-de-concessao\/"]}]},{"@type":"ImageObject","inLanguage":"pt-BR","@id":"https:\/\/agenciainfra.com\/blog\/antt-abre-processos-de-participacao-social-sobre-transporte-no-mercosul-e-parametros-de-contratos-de-concessao\/#primaryimage","url":"https:\/\/agenciainfra.com\/blog\/wp-content\/uploads\/2020\/01\/transporte-carga-caminhao-foto-goinfra.jpg","contentUrl":"https:\/\/agenciainfra.com\/blog\/wp-content\/uploads\/2020\/01\/transporte-carga-caminhao-foto-goinfra.jpg","width":1280,"height":846,"caption":"Foto: Goinfra"},{"@type":"BreadcrumbList","@id":"https:\/\/agenciainfra.com\/blog\/antt-abre-processos-de-participacao-social-sobre-transporte-no-mercosul-e-parametros-de-contratos-de-concessao\/#breadcrumb","itemListElement":[{"@type":"ListItem","position":1,"name":"In\u00edcio","item":"https:\/\/agenciainfra.com\/blog\/"},{"@type":"ListItem","position":2,"name":"ANTT abre processos de participa\u00e7\u00e3o social sobre transporte no Mercosul e par\u00e2metros de contratos de concess\u00e3o"}]},{"@type":"WebSite","@id":"https:\/\/agenciainfra.com\/blog\/#website","url":"https:\/\/agenciainfra.com\/blog\/","name":"Ag\u00eancia iNFRA","description":"Multiplataforma de informa\u00e7\u00e3o jornal\u00edstica refer\u00eancia na \u00e1rea de infraestrutura no Brasil!","publisher":{"@id":"https:\/\/agenciainfra.com\/blog\/#organization"},"potentialAction":[{"@type":"SearchAction","target":{"@type":"EntryPoint","urlTemplate":"https:\/\/agenciainfra.com\/blog\/?s={search_term_string}"},"query-input":{"@type":"PropertyValueSpecification","valueRequired":true,"valueName":"search_term_string"}}],"inLanguage":"pt-BR"},{"@type":"Organization","@id":"https:\/\/agenciainfra.com\/blog\/#organization","name":"Ag\u00eancia iNFRA","url":"https:\/\/agenciainfra.com\/blog\/","logo":{"@type":"ImageObject","inLanguage":"pt-BR","@id":"https:\/\/agenciainfra.com\/blog\/#\/schema\/logo\/image\/","url":"https:\/\/agenciainfra.com\/blog\/wp-content\/uploads\/2023\/09\/iNFRA_5-e1761735885940.png","contentUrl":"https:\/\/agenciainfra.com\/blog\/wp-content\/uploads\/2023\/09\/iNFRA_5-e1761735885940.png","width":1672,"height":454,"caption":"Ag\u00eancia iNFRA"},"image":{"@id":"https:\/\/agenciainfra.com\/blog\/#\/schema\/logo\/image\/"},"sameAs":["https:\/\/www.facebook.com\/ageninfra","https:\/\/x.com\/agencia_infra","https:\/\/www.linkedin.com\/company\/ag\u00eanciainfra\/","https:\/\/www.instagram.com\/agenciainfra\/"]},{"@type":"Person","@id":"https:\/\/agenciainfra.com\/blog\/#\/schema\/person\/34af08dff6adea4cb22b06612ba7acfa","name":"Ag\u00eancia iNFRA","image":{"@type":"ImageObject","inLanguage":"pt-BR","@id":"https:\/\/agenciainfra.com\/blog\/#\/schema\/person\/image\/","url":"https:\/\/secure.gravatar.com\/avatar\/d189e01678f06d8eb84d4e01f08eb848b3fffe3f8443818d3c356c66892f5be8?s=96&d=mm&r=g","contentUrl":"https:\/\/secure.gravatar.com\/avatar\/d189e01678f06d8eb84d4e01f08eb848b3fffe3f8443818d3c356c66892f5be8?s=96&d=mm&r=g","caption":"Ag\u00eancia iNFRA"},"url":"https:\/\/agenciainfra.com\/blog\/author\/admin\/"}]}},"_links":{"self":[{"href":"https:\/\/agenciainfra.com\/blog\/wp-json\/wp\/v2\/posts\/16710","targetHints":{"allow":["GET"]}}],"collection":[{"href":"https:\/\/agenciainfra.com\/blog\/wp-json\/wp\/v2\/posts"}],"about":[{"href":"https:\/\/agenciainfra.com\/blog\/wp-json\/wp\/v2\/types\/post"}],"author":[{"embeddable":true,"href":"https:\/\/agenciainfra.com\/blog\/wp-json\/wp\/v2\/users\/1"}],"replies":[{"embeddable":true,"href":"https:\/\/agenciainfra.com\/blog\/wp-json\/wp\/v2\/comments?post=16710"}],"version-history":[{"count":1,"href":"https:\/\/agenciainfra.com\/blog\/wp-json\/wp\/v2\/posts\/16710\/revisions"}],"predecessor-version":[{"id":16711,"href":"https:\/\/agenciainfra.com\/blog\/wp-json\/wp\/v2\/posts\/16710\/revisions\/16711"}],"wp:featuredmedia":[{"embeddable":true,"href":"https:\/\/agenciainfra.com\/blog\/wp-json\/wp\/v2\/media\/4259"}],"wp:attachment":[{"href":"https:\/\/agenciainfra.com\/blog\/wp-json\/wp\/v2\/media?parent=16710"}],"wp:term":[{"taxonomy":"category","embeddable":true,"href":"https:\/\/agenciainfra.com\/blog\/wp-json\/wp\/v2\/categories?post=16710"},{"taxonomy":"post_tag","embeddable":true,"href":"https:\/\/agenciainfra.com\/blog\/wp-json\/wp\/v2\/tags?post=16710"}],"curies":[{"name":"wp","href":"https:\/\/api.w.org\/{rel}","templated":true}]}}