{"id":16712,"date":"2024-05-17T09:00:00","date_gmt":"2024-05-17T12:00:00","guid":{"rendered":"https:\/\/agenciainfra.com\/blog\/?p=16712"},"modified":"2024-05-17T11:08:11","modified_gmt":"2024-05-17T14:08:11","slug":"antt-faz-convenio-para-usar-recursos-de-desenvolvimento-tecnologico-para-estudar-reducao-de-acidentes","status":"publish","type":"post","link":"https:\/\/agenciainfra.com\/blog\/antt-faz-convenio-para-usar-recursos-de-desenvolvimento-tecnologico-para-estudar-reducao-de-acidentes\/","title":{"rendered":"ANTT faz conv\u00eanio para usar recursos de desenvolvimento tecnol\u00f3gico para estudar redu\u00e7\u00e3o de acidentes"},"content":{"rendered":"\n<p class=\"has-text-align-right\"><strong>Dimmi Amora e Sheyla Santos, da Ag\u00eancia iNFRA<\/strong><\/p>\n\n\n\n<p>A\u00a0ANTT\u00a0(Ag\u00eancia Nacional de Transportes Terrestres) autorizou o uso de RDT (Recursos\u00a0para\u00a0Desenvolvimento\u00a0Tecnol\u00f3gico) de uma concess\u00e3o rodovi\u00e1ria\u00a0para\u00a0criar um N\u00facleo de Seguran\u00e7a Vi\u00e1ria na ag\u00eancia.<br><br>A autoriza\u00e7\u00e3o\u00a0para\u00a0a utiliza\u00e7\u00e3o desse recurso, pago por todas as concess\u00f5es a partir de um percentual da arrecada\u00e7\u00e3o, foi anunciada na \u00faltima quarta-feira (15) durante o\u00a0II Workshop Vias Seguras, realizado pela ag\u00eancia\u00a0para\u00a0tratar de\u00a0redu\u00e7\u00e3o\u00a0de\u00a0acidentes\u00a0e v\u00edtimas no tr\u00e2nsito.<br><br>De acordo com o diretor da ag\u00eancia Luciano Louren\u00e7o, os\u00a0recursos\u00a0usados nesse projeto s\u00e3o da concession\u00e1ria Arteris, que contratar\u00e1 a UFSC (Universidade Federal de Santa Catarina)\u00a0para\u00a0desenvolver o projeto.<br><br>O n\u00facleo visa organizar as bases de dados sobre\u00a0acidentes\u00a0de tr\u00e2nsito nas rodovias e ainda buscar as melhores experi\u00eancias internacionais\u00a0para\u00a0usar\u00a0na\u00a0redu\u00e7\u00e3o\u00a0de sinistros e severidade dos\u00a0acidentes. E tamb\u00e9m identificar pontos cr\u00edticos nas concess\u00f5es\u00a0para\u00a0acelerar as redu\u00e7\u00f5es de\u00a0acidentes\u00a0com a\u00e7\u00f5es espec\u00edficas.<br><br>De acordo com Luciano, tamb\u00e9m foi formalizado um\u00a0conv\u00eanio\u00a0de coopera\u00e7\u00e3o espec\u00edfico com as associa\u00e7\u00f5es de concession\u00e1rias (ABCR e ANTF) e a ABSeV (Associa\u00e7\u00e3o Brasileira de Seguran\u00e7a Vi\u00e1ria)\u00a0para\u00a0a\u00e7\u00f5es no \u00e2mbito da ag\u00eancia sobre o tema.<br><br>De acordo com o diretor, o segundo ano do evento tenta ao mesmo tempo perenizar as a\u00e7\u00f5es sobre o tema de seguran\u00e7a vi\u00e1ria no setor e tamb\u00e9m mostrar alguns dos resultados alcan\u00e7ados com as a\u00e7\u00f5es delineadas desde o primeiro encontro em 2023.<br><br>Ele destacou que nos dois \u00faltimos feriad\u00f5es no pa\u00eds, houve\u00a0redu\u00e7\u00e3o\u00a0do n\u00famero de sinistros e mortes nas rodovias federais concedidas, mesmo com o aumento do tr\u00e1fego, o que ele atribui a a\u00e7\u00f5es de v\u00e1rios \u00f3rg\u00e3os a partir da amplia\u00e7\u00e3o das discuss\u00f5es sobre o tema.<br><br><strong>Redu\u00e7\u00e3o\u00a0de \u00f3bitos<\/strong><br>O diretor-geral da\u00a0ANTT, Rafael Vitale,\u00a0pontuou que a ag\u00eancia registrou em 2023 um total de dois mil \u00f3bitos em rodovias e ferrovias federais concedidas, incluindo as modalidades de transporte de cargas, passageiros e ve\u00edculos de passeio, n\u00famero menor que o do ano anterior. Ele mencionou que a inser\u00e7\u00e3o de dispositivos automatizados tem melhorado a seguran\u00e7a em ferrovias.<br><br>\u201cA\u00a0ANTT\u00a0\u00e9 uma ag\u00eancia reguladora que n\u00e3o apenas supervisiona os contratos e acompanha e monitora a presta\u00e7\u00e3o do servi\u00e7o de transporte de carga de passageiros. N\u00f3s estamos aqui\u00a0para\u00a0prestar servi\u00e7o\u00a0para\u00a0a sociedade, junto com os parceiros privados que tamb\u00e9m nos apoiam nessa trajet\u00f3ria\u201d, disse.<br><br>O diretor ressaltou que o programa de boas pr\u00e1ticas\u00a0Prorev, criado\u00a0para\u00a0modernizar a ag\u00eancia, tamb\u00e9m pode contribuir\u00a0para\u00a0a melhoria da seguran\u00e7a vi\u00e1ria. A iniciativa engloba indicadores estrat\u00e9gicos que avaliam fluidez e comportamento nas vias.<br><br>\u201cTenho certeza de que, se a gente atacar o indicador de seguran\u00e7a, que \u00e9 medido por \u00f3bitos nas nossas rodovias e ferrovias, as concedidas, n\u00f3s vamos estar indiretamente atacando tamb\u00e9m o [indicador] de fluidez e o de satisfa\u00e7\u00e3o, que \u00e9 medido por reclama\u00e7\u00f5es. E ainda n\u00f3s vamos estar salvando vidas, que \u00e9 o mais importante\u201d, concluiu em sua fala no evento, que pode ser vista\u00a0<a href=\"https:\/\/agenciainfra.us14.list-manage.com\/track\/click?u=d460dd1bcf9ba0ae040e1fc0f&amp;id=bf77ea8348&amp;e=f0fa444791\" target=\"_blank\" rel=\"noreferrer noopener\">neste link<\/a>.<\/p>\n","protected":false},"excerpt":{"rendered":"<p>Dimmi Amora e Sheyla Santos, da Ag\u00eancia iNFRA A\u00a0ANTT\u00a0(Ag\u00eancia Nacional de Transportes Terrestres) autorizou o uso de RDT (Recursos\u00a0para\u00a0Desenvolvimento\u00a0Tecnol\u00f3gico) de uma concess\u00e3o rodovi\u00e1ria\u00a0para\u00a0criar um N\u00facleo de Seguran\u00e7a Vi\u00e1ria na ag\u00eancia. A autoriza\u00e7\u00e3o\u00a0para\u00a0a utiliza\u00e7\u00e3o desse recurso, pago por todas as concess\u00f5es a partir de um percentual da arrecada\u00e7\u00e3o, foi anunciada na \u00faltima quarta-feira (15) durante o\u00a0II [&hellip;]<\/p>\n","protected":false},"author":1,"featured_media":16713,"comment_status":"closed","ping_status":"closed","sticky":false,"template":"","format":"standard","meta":{"_monsterinsights_skip_tracking":false,"_monsterinsights_sitenote_active":false,"_monsterinsights_sitenote_note":"","_monsterinsights_sitenote_category":0,"footnotes":""},"categories":[1,7],"tags":[613,9524,7097,935,46,59,2031,1274,9523,978,176,2861,1299,5760,9526,5623,4611,4282,8838,9527,1059,2526,9525,9528,9529,9305],"class_list":["post-16712","post","type-post","status-publish","format-standard","has-post-thumbnail","hentry","category-geral","category-infratransporte","tag-abcr","tag-absev","tag-acidentes-de-transito","tag-agencia-nacional-de-transportes-terrestres","tag-agencias-reguladoras","tag-antf","tag-arteris","tag-associacao-brasileira-de-concessionarias-de-rodovias","tag-associacao-brasileira-de-seguranca-viaria","tag-associacao-nacional-dos-transportadores-ferroviarios","tag-concessoes-rodoviarias","tag-desenvolvimento-tecnologico","tag-dimmi-amora","tag-luciano-lourenco","tag-melhores-rodovias","tag-melhores-rodovias-do-brasil","tag-rafael-vitale","tag-seguranca-viaria","tag-sheyla-santos","tag-sinistros","tag-transporte-de-cargas","tag-transporte-de-passageiros","tag-ufsc","tag-universidade-federal-de-santa-catarina","tag-vias-seguras","tag-workshop"],"yoast_head":"<!-- This site is optimized with the Yoast SEO Premium plugin v25.4 (Yoast SEO v26.0) - https:\/\/yoast.com\/wordpress\/plugins\/seo\/ -->\n<title>ANTT faz conv\u00eanio para usar recursos de desenvolvimento tecnol\u00f3gico para estudar redu\u00e7\u00e3o de acidentes - Ag\u00eancia iNFRA<\/title>\n<meta name=\"robots\" content=\"index, follow, max-snippet:-1, max-image-preview:large, max-video-preview:-1\" \/>\n<link rel=\"canonical\" href=\"https:\/\/agenciainfra.com\/blog\/antt-faz-convenio-para-usar-recursos-de-desenvolvimento-tecnologico-para-estudar-reducao-de-acidentes\/\" \/>\n<meta property=\"og:locale\" content=\"pt_BR\" \/>\n<meta property=\"og:type\" content=\"article\" \/>\n<meta property=\"og:title\" content=\"ANTT faz conv\u00eanio para usar recursos de desenvolvimento tecnol\u00f3gico para estudar redu\u00e7\u00e3o de acidentes\" \/>\n<meta property=\"og:description\" content=\"Dimmi Amora e Sheyla Santos, da Ag\u00eancia iNFRA A\u00a0ANTT\u00a0(Ag\u00eancia Nacional de Transportes Terrestres) autorizou o uso de RDT (Recursos\u00a0para\u00a0Desenvolvimento\u00a0Tecnol\u00f3gico) de uma concess\u00e3o rodovi\u00e1ria\u00a0para\u00a0criar um N\u00facleo de Seguran\u00e7a Vi\u00e1ria na ag\u00eancia. A autoriza\u00e7\u00e3o\u00a0para\u00a0a utiliza\u00e7\u00e3o desse recurso, pago por todas as concess\u00f5es a partir de um percentual da arrecada\u00e7\u00e3o, foi anunciada na \u00faltima quarta-feira (15) durante o\u00a0II [&hellip;]\" \/>\n<meta property=\"og:url\" content=\"https:\/\/agenciainfra.com\/blog\/antt-faz-convenio-para-usar-recursos-de-desenvolvimento-tecnologico-para-estudar-reducao-de-acidentes\/\" \/>\n<meta property=\"og:site_name\" content=\"Ag\u00eancia iNFRA\" \/>\n<meta property=\"article:publisher\" content=\"https:\/\/www.facebook.com\/ageninfra\" \/>\n<meta property=\"article:published_time\" content=\"2024-05-17T12:00:00+00:00\" \/>\n<meta property=\"article:modified_time\" content=\"2024-05-17T14:08:11+00:00\" \/>\n<meta property=\"og:image\" content=\"https:\/\/agenciainfra.com\/blog\/wp-content\/uploads\/2024\/05\/workshop-vias-seguras-antt-2024-foto-youtube.jpg\" \/>\n\t<meta property=\"og:image:width\" content=\"1202\" \/>\n\t<meta property=\"og:image:height\" content=\"676\" \/>\n\t<meta property=\"og:image:type\" content=\"image\/jpeg\" \/>\n<meta name=\"author\" content=\"Ag\u00eancia iNFRA\" \/>\n<meta name=\"twitter:card\" content=\"summary_large_image\" \/>\n<meta name=\"twitter:creator\" content=\"@agencia_infra\" \/>\n<meta name=\"twitter:site\" content=\"@agencia_infra\" \/>\n<meta name=\"twitter:label1\" content=\"Escrito por\" \/>\n\t<meta name=\"twitter:data1\" content=\"Ag\u00eancia iNFRA\" \/>\n\t<meta name=\"twitter:label2\" content=\"Est. tempo de leitura\" \/>\n\t<meta name=\"twitter:data2\" content=\"3 minutos\" \/>\n<script type=\"application\/ld+json\" class=\"yoast-schema-graph\">{\"@context\":\"https:\/\/schema.org\",\"@graph\":[{\"@type\":\"Article\",\"@id\":\"https:\/\/agenciainfra.com\/blog\/antt-faz-convenio-para-usar-recursos-de-desenvolvimento-tecnologico-para-estudar-reducao-de-acidentes\/#article\",\"isPartOf\":{\"@id\":\"https:\/\/agenciainfra.com\/blog\/antt-faz-convenio-para-usar-recursos-de-desenvolvimento-tecnologico-para-estudar-reducao-de-acidentes\/\"},\"author\":{\"name\":\"Ag\u00eancia iNFRA\",\"@id\":\"https:\/\/agenciainfra.com\/blog\/#\/schema\/person\/34af08dff6adea4cb22b06612ba7acfa\"},\"headline\":\"ANTT faz conv\u00eanio para usar recursos de desenvolvimento tecnol\u00f3gico para estudar redu\u00e7\u00e3o de acidentes\",\"datePublished\":\"2024-05-17T12:00:00+00:00\",\"dateModified\":\"2024-05-17T14:08:11+00:00\",\"mainEntityOfPage\":{\"@id\":\"https:\/\/agenciainfra.com\/blog\/antt-faz-convenio-para-usar-recursos-de-desenvolvimento-tecnologico-para-estudar-reducao-de-acidentes\/\"},\"wordCount\":588,\"publisher\":{\"@id\":\"https:\/\/agenciainfra.com\/blog\/#organization\"},\"image\":{\"@id\":\"https:\/\/agenciainfra.com\/blog\/antt-faz-convenio-para-usar-recursos-de-desenvolvimento-tecnologico-para-estudar-reducao-de-acidentes\/#primaryimage\"},\"thumbnailUrl\":\"https:\/\/agenciainfra.com\/blog\/wp-content\/uploads\/2024\/05\/workshop-vias-seguras-antt-2024-foto-youtube.jpg\",\"keywords\":[\"abcr\",\"ABSeV\",\"acidentes de tr\u00e2nsito\",\"Ag\u00eancia Nacional de Transportes Terrestres\",\"Ag\u00eancias Reguladoras\",\"ANTF\",\"Arteris\",\"Associa\u00e7\u00e3o Brasileira de Concession\u00e1rias de Rodovias\",\"Associa\u00e7\u00e3o Brasileira de Seguran\u00e7a Vi\u00e1ria\",\"Associa\u00e7\u00e3o Nacional dos Transportadores Ferrovi\u00e1rios\",\"concess\u00f5es rodovi\u00e1rias\",\"desenvolvimento tecnol\u00f3gico\",\"Dimmi Amora\",\"Luciano Louren\u00e7o\",\"Melhores rodovias\",\"Melhores Rodovias do Brasil\",\"Rafael Vitale\",\"seguran\u00e7a vi\u00e1ria\",\"Sheyla Santos\",\"Sinistros\",\"transporte de cargas\",\"transporte de passageiros\",\"UFSC\",\"Universidade Federal de Santa Catarina\",\"Vias Seguras\",\"Workshop\"],\"articleSection\":[\"Geral\",\"iNFRATransporte\"],\"inLanguage\":\"pt-BR\",\"copyrightYear\":\"2024\",\"copyrightHolder\":{\"@id\":\"https:\/\/agenciainfra.com\/blog\/#organization\"}},{\"@type\":\"WebPage\",\"@id\":\"https:\/\/agenciainfra.com\/blog\/antt-faz-convenio-para-usar-recursos-de-desenvolvimento-tecnologico-para-estudar-reducao-de-acidentes\/\",\"url\":\"https:\/\/agenciainfra.com\/blog\/antt-faz-convenio-para-usar-recursos-de-desenvolvimento-tecnologico-para-estudar-reducao-de-acidentes\/\",\"name\":\"ANTT faz conv\u00eanio para usar recursos de desenvolvimento tecnol\u00f3gico para estudar redu\u00e7\u00e3o de acidentes - Ag\u00eancia iNFRA\",\"isPartOf\":{\"@id\":\"https:\/\/agenciainfra.com\/blog\/#website\"},\"primaryImageOfPage\":{\"@id\":\"https:\/\/agenciainfra.com\/blog\/antt-faz-convenio-para-usar-recursos-de-desenvolvimento-tecnologico-para-estudar-reducao-de-acidentes\/#primaryimage\"},\"image\":{\"@id\":\"https:\/\/agenciainfra.com\/blog\/antt-faz-convenio-para-usar-recursos-de-desenvolvimento-tecnologico-para-estudar-reducao-de-acidentes\/#primaryimage\"},\"thumbnailUrl\":\"https:\/\/agenciainfra.com\/blog\/wp-content\/uploads\/2024\/05\/workshop-vias-seguras-antt-2024-foto-youtube.jpg\",\"datePublished\":\"2024-05-17T12:00:00+00:00\",\"dateModified\":\"2024-05-17T14:08:11+00:00\",\"breadcrumb\":{\"@id\":\"https:\/\/agenciainfra.com\/blog\/antt-faz-convenio-para-usar-recursos-de-desenvolvimento-tecnologico-para-estudar-reducao-de-acidentes\/#breadcrumb\"},\"inLanguage\":\"pt-BR\",\"potentialAction\":[{\"@type\":\"ReadAction\",\"target\":[\"https:\/\/agenciainfra.com\/blog\/antt-faz-convenio-para-usar-recursos-de-desenvolvimento-tecnologico-para-estudar-reducao-de-acidentes\/\"]}]},{\"@type\":\"ImageObject\",\"inLanguage\":\"pt-BR\",\"@id\":\"https:\/\/agenciainfra.com\/blog\/antt-faz-convenio-para-usar-recursos-de-desenvolvimento-tecnologico-para-estudar-reducao-de-acidentes\/#primaryimage\",\"url\":\"https:\/\/agenciainfra.com\/blog\/wp-content\/uploads\/2024\/05\/workshop-vias-seguras-antt-2024-foto-youtube.jpg\",\"contentUrl\":\"https:\/\/agenciainfra.com\/blog\/wp-content\/uploads\/2024\/05\/workshop-vias-seguras-antt-2024-foto-youtube.jpg\",\"width\":1202,\"height\":676},{\"@type\":\"BreadcrumbList\",\"@id\":\"https:\/\/agenciainfra.com\/blog\/antt-faz-convenio-para-usar-recursos-de-desenvolvimento-tecnologico-para-estudar-reducao-de-acidentes\/#breadcrumb\",\"itemListElement\":[{\"@type\":\"ListItem\",\"position\":1,\"name\":\"In\u00edcio\",\"item\":\"https:\/\/agenciainfra.com\/blog\/\"},{\"@type\":\"ListItem\",\"position\":2,\"name\":\"ANTT faz conv\u00eanio para usar recursos de desenvolvimento tecnol\u00f3gico para estudar redu\u00e7\u00e3o de acidentes\"}]},{\"@type\":\"WebSite\",\"@id\":\"https:\/\/agenciainfra.com\/blog\/#website\",\"url\":\"https:\/\/agenciainfra.com\/blog\/\",\"name\":\"Ag\u00eancia iNFRA\",\"description\":\"Multiplataforma de informa\u00e7\u00e3o jornal\u00edstica refer\u00eancia na \u00e1rea de infraestrutura no Brasil!\",\"publisher\":{\"@id\":\"https:\/\/agenciainfra.com\/blog\/#organization\"},\"potentialAction\":[{\"@type\":\"SearchAction\",\"target\":{\"@type\":\"EntryPoint\",\"urlTemplate\":\"https:\/\/agenciainfra.com\/blog\/?s={search_term_string}\"},\"query-input\":{\"@type\":\"PropertyValueSpecification\",\"valueRequired\":true,\"valueName\":\"search_term_string\"}}],\"inLanguage\":\"pt-BR\"},{\"@type\":\"Organization\",\"@id\":\"https:\/\/agenciainfra.com\/blog\/#organization\",\"name\":\"Ag\u00eancia iNFRA\",\"url\":\"https:\/\/agenciainfra.com\/blog\/\",\"logo\":{\"@type\":\"ImageObject\",\"inLanguage\":\"pt-BR\",\"@id\":\"https:\/\/agenciainfra.com\/blog\/#\/schema\/logo\/image\/\",\"url\":\"https:\/\/agenciainfra.com\/blog\/wp-content\/uploads\/2023\/09\/iNFRA_5-e1761735885940.png\",\"contentUrl\":\"https:\/\/agenciainfra.com\/blog\/wp-content\/uploads\/2023\/09\/iNFRA_5-e1761735885940.png\",\"width\":1672,\"height\":454,\"caption\":\"Ag\u00eancia iNFRA\"},\"image\":{\"@id\":\"https:\/\/agenciainfra.com\/blog\/#\/schema\/logo\/image\/\"},\"sameAs\":[\"https:\/\/www.facebook.com\/ageninfra\",\"https:\/\/x.com\/agencia_infra\",\"https:\/\/www.linkedin.com\/company\/ag\u00eanciainfra\/\",\"https:\/\/www.instagram.com\/agenciainfra\/\"]},{\"@type\":\"Person\",\"@id\":\"https:\/\/agenciainfra.com\/blog\/#\/schema\/person\/34af08dff6adea4cb22b06612ba7acfa\",\"name\":\"Ag\u00eancia iNFRA\",\"image\":{\"@type\":\"ImageObject\",\"inLanguage\":\"pt-BR\",\"@id\":\"https:\/\/agenciainfra.com\/blog\/#\/schema\/person\/image\/\",\"url\":\"https:\/\/secure.gravatar.com\/avatar\/d189e01678f06d8eb84d4e01f08eb848b3fffe3f8443818d3c356c66892f5be8?s=96&d=mm&r=g\",\"contentUrl\":\"https:\/\/secure.gravatar.com\/avatar\/d189e01678f06d8eb84d4e01f08eb848b3fffe3f8443818d3c356c66892f5be8?s=96&d=mm&r=g\",\"caption\":\"Ag\u00eancia iNFRA\"},\"url\":\"https:\/\/agenciainfra.com\/blog\/author\/admin\/\"}]}<\/script>\n<!-- \/ Yoast SEO Premium plugin. -->","yoast_head_json":{"title":"ANTT faz conv\u00eanio para usar recursos de desenvolvimento tecnol\u00f3gico para estudar redu\u00e7\u00e3o de acidentes - Ag\u00eancia iNFRA","robots":{"index":"index","follow":"follow","max-snippet":"max-snippet:-1","max-image-preview":"max-image-preview:large","max-video-preview":"max-video-preview:-1"},"canonical":"https:\/\/agenciainfra.com\/blog\/antt-faz-convenio-para-usar-recursos-de-desenvolvimento-tecnologico-para-estudar-reducao-de-acidentes\/","og_locale":"pt_BR","og_type":"article","og_title":"ANTT faz conv\u00eanio para usar recursos de desenvolvimento tecnol\u00f3gico para estudar redu\u00e7\u00e3o de acidentes","og_description":"Dimmi Amora e Sheyla Santos, da Ag\u00eancia iNFRA A\u00a0ANTT\u00a0(Ag\u00eancia Nacional de Transportes Terrestres) autorizou o uso de RDT (Recursos\u00a0para\u00a0Desenvolvimento\u00a0Tecnol\u00f3gico) de uma concess\u00e3o rodovi\u00e1ria\u00a0para\u00a0criar um N\u00facleo de Seguran\u00e7a Vi\u00e1ria na ag\u00eancia. A autoriza\u00e7\u00e3o\u00a0para\u00a0a utiliza\u00e7\u00e3o desse recurso, pago por todas as concess\u00f5es a partir de um percentual da arrecada\u00e7\u00e3o, foi anunciada na \u00faltima quarta-feira (15) durante o\u00a0II [&hellip;]","og_url":"https:\/\/agenciainfra.com\/blog\/antt-faz-convenio-para-usar-recursos-de-desenvolvimento-tecnologico-para-estudar-reducao-de-acidentes\/","og_site_name":"Ag\u00eancia iNFRA","article_publisher":"https:\/\/www.facebook.com\/ageninfra","article_published_time":"2024-05-17T12:00:00+00:00","article_modified_time":"2024-05-17T14:08:11+00:00","og_image":[{"width":1202,"height":676,"url":"https:\/\/agenciainfra.com\/blog\/wp-content\/uploads\/2024\/05\/workshop-vias-seguras-antt-2024-foto-youtube.jpg","type":"image\/jpeg"}],"author":"Ag\u00eancia iNFRA","twitter_card":"summary_large_image","twitter_creator":"@agencia_infra","twitter_site":"@agencia_infra","twitter_misc":{"Escrito por":"Ag\u00eancia iNFRA","Est. tempo de leitura":"3 minutos"},"schema":{"@context":"https:\/\/schema.org","@graph":[{"@type":"Article","@id":"https:\/\/agenciainfra.com\/blog\/antt-faz-convenio-para-usar-recursos-de-desenvolvimento-tecnologico-para-estudar-reducao-de-acidentes\/#article","isPartOf":{"@id":"https:\/\/agenciainfra.com\/blog\/antt-faz-convenio-para-usar-recursos-de-desenvolvimento-tecnologico-para-estudar-reducao-de-acidentes\/"},"author":{"name":"Ag\u00eancia iNFRA","@id":"https:\/\/agenciainfra.com\/blog\/#\/schema\/person\/34af08dff6adea4cb22b06612ba7acfa"},"headline":"ANTT faz conv\u00eanio para usar recursos de desenvolvimento tecnol\u00f3gico para estudar redu\u00e7\u00e3o de acidentes","datePublished":"2024-05-17T12:00:00+00:00","dateModified":"2024-05-17T14:08:11+00:00","mainEntityOfPage":{"@id":"https:\/\/agenciainfra.com\/blog\/antt-faz-convenio-para-usar-recursos-de-desenvolvimento-tecnologico-para-estudar-reducao-de-acidentes\/"},"wordCount":588,"publisher":{"@id":"https:\/\/agenciainfra.com\/blog\/#organization"},"image":{"@id":"https:\/\/agenciainfra.com\/blog\/antt-faz-convenio-para-usar-recursos-de-desenvolvimento-tecnologico-para-estudar-reducao-de-acidentes\/#primaryimage"},"thumbnailUrl":"https:\/\/agenciainfra.com\/blog\/wp-content\/uploads\/2024\/05\/workshop-vias-seguras-antt-2024-foto-youtube.jpg","keywords":["abcr","ABSeV","acidentes de tr\u00e2nsito","Ag\u00eancia Nacional de Transportes Terrestres","Ag\u00eancias Reguladoras","ANTF","Arteris","Associa\u00e7\u00e3o Brasileira de Concession\u00e1rias de Rodovias","Associa\u00e7\u00e3o Brasileira de Seguran\u00e7a Vi\u00e1ria","Associa\u00e7\u00e3o Nacional dos Transportadores Ferrovi\u00e1rios","concess\u00f5es rodovi\u00e1rias","desenvolvimento tecnol\u00f3gico","Dimmi Amora","Luciano Louren\u00e7o","Melhores rodovias","Melhores Rodovias do Brasil","Rafael Vitale","seguran\u00e7a vi\u00e1ria","Sheyla Santos","Sinistros","transporte de cargas","transporte de passageiros","UFSC","Universidade Federal de Santa Catarina","Vias Seguras","Workshop"],"articleSection":["Geral","iNFRATransporte"],"inLanguage":"pt-BR","copyrightYear":"2024","copyrightHolder":{"@id":"https:\/\/agenciainfra.com\/blog\/#organization"}},{"@type":"WebPage","@id":"https:\/\/agenciainfra.com\/blog\/antt-faz-convenio-para-usar-recursos-de-desenvolvimento-tecnologico-para-estudar-reducao-de-acidentes\/","url":"https:\/\/agenciainfra.com\/blog\/antt-faz-convenio-para-usar-recursos-de-desenvolvimento-tecnologico-para-estudar-reducao-de-acidentes\/","name":"ANTT faz conv\u00eanio para usar recursos de desenvolvimento tecnol\u00f3gico para estudar redu\u00e7\u00e3o de acidentes - Ag\u00eancia iNFRA","isPartOf":{"@id":"https:\/\/agenciainfra.com\/blog\/#website"},"primaryImageOfPage":{"@id":"https:\/\/agenciainfra.com\/blog\/antt-faz-convenio-para-usar-recursos-de-desenvolvimento-tecnologico-para-estudar-reducao-de-acidentes\/#primaryimage"},"image":{"@id":"https:\/\/agenciainfra.com\/blog\/antt-faz-convenio-para-usar-recursos-de-desenvolvimento-tecnologico-para-estudar-reducao-de-acidentes\/#primaryimage"},"thumbnailUrl":"https:\/\/agenciainfra.com\/blog\/wp-content\/uploads\/2024\/05\/workshop-vias-seguras-antt-2024-foto-youtube.jpg","datePublished":"2024-05-17T12:00:00+00:00","dateModified":"2024-05-17T14:08:11+00:00","breadcrumb":{"@id":"https:\/\/agenciainfra.com\/blog\/antt-faz-convenio-para-usar-recursos-de-desenvolvimento-tecnologico-para-estudar-reducao-de-acidentes\/#breadcrumb"},"inLanguage":"pt-BR","potentialAction":[{"@type":"ReadAction","target":["https:\/\/agenciainfra.com\/blog\/antt-faz-convenio-para-usar-recursos-de-desenvolvimento-tecnologico-para-estudar-reducao-de-acidentes\/"]}]},{"@type":"ImageObject","inLanguage":"pt-BR","@id":"https:\/\/agenciainfra.com\/blog\/antt-faz-convenio-para-usar-recursos-de-desenvolvimento-tecnologico-para-estudar-reducao-de-acidentes\/#primaryimage","url":"https:\/\/agenciainfra.com\/blog\/wp-content\/uploads\/2024\/05\/workshop-vias-seguras-antt-2024-foto-youtube.jpg","contentUrl":"https:\/\/agenciainfra.com\/blog\/wp-content\/uploads\/2024\/05\/workshop-vias-seguras-antt-2024-foto-youtube.jpg","width":1202,"height":676},{"@type":"BreadcrumbList","@id":"https:\/\/agenciainfra.com\/blog\/antt-faz-convenio-para-usar-recursos-de-desenvolvimento-tecnologico-para-estudar-reducao-de-acidentes\/#breadcrumb","itemListElement":[{"@type":"ListItem","position":1,"name":"In\u00edcio","item":"https:\/\/agenciainfra.com\/blog\/"},{"@type":"ListItem","position":2,"name":"ANTT faz conv\u00eanio para usar recursos de desenvolvimento tecnol\u00f3gico para estudar redu\u00e7\u00e3o de acidentes"}]},{"@type":"WebSite","@id":"https:\/\/agenciainfra.com\/blog\/#website","url":"https:\/\/agenciainfra.com\/blog\/","name":"Ag\u00eancia iNFRA","description":"Multiplataforma de informa\u00e7\u00e3o jornal\u00edstica refer\u00eancia na \u00e1rea de infraestrutura no Brasil!","publisher":{"@id":"https:\/\/agenciainfra.com\/blog\/#organization"},"potentialAction":[{"@type":"SearchAction","target":{"@type":"EntryPoint","urlTemplate":"https:\/\/agenciainfra.com\/blog\/?s={search_term_string}"},"query-input":{"@type":"PropertyValueSpecification","valueRequired":true,"valueName":"search_term_string"}}],"inLanguage":"pt-BR"},{"@type":"Organization","@id":"https:\/\/agenciainfra.com\/blog\/#organization","name":"Ag\u00eancia iNFRA","url":"https:\/\/agenciainfra.com\/blog\/","logo":{"@type":"ImageObject","inLanguage":"pt-BR","@id":"https:\/\/agenciainfra.com\/blog\/#\/schema\/logo\/image\/","url":"https:\/\/agenciainfra.com\/blog\/wp-content\/uploads\/2023\/09\/iNFRA_5-e1761735885940.png","contentUrl":"https:\/\/agenciainfra.com\/blog\/wp-content\/uploads\/2023\/09\/iNFRA_5-e1761735885940.png","width":1672,"height":454,"caption":"Ag\u00eancia iNFRA"},"image":{"@id":"https:\/\/agenciainfra.com\/blog\/#\/schema\/logo\/image\/"},"sameAs":["https:\/\/www.facebook.com\/ageninfra","https:\/\/x.com\/agencia_infra","https:\/\/www.linkedin.com\/company\/ag\u00eanciainfra\/","https:\/\/www.instagram.com\/agenciainfra\/"]},{"@type":"Person","@id":"https:\/\/agenciainfra.com\/blog\/#\/schema\/person\/34af08dff6adea4cb22b06612ba7acfa","name":"Ag\u00eancia iNFRA","image":{"@type":"ImageObject","inLanguage":"pt-BR","@id":"https:\/\/agenciainfra.com\/blog\/#\/schema\/person\/image\/","url":"https:\/\/secure.gravatar.com\/avatar\/d189e01678f06d8eb84d4e01f08eb848b3fffe3f8443818d3c356c66892f5be8?s=96&d=mm&r=g","contentUrl":"https:\/\/secure.gravatar.com\/avatar\/d189e01678f06d8eb84d4e01f08eb848b3fffe3f8443818d3c356c66892f5be8?s=96&d=mm&r=g","caption":"Ag\u00eancia iNFRA"},"url":"https:\/\/agenciainfra.com\/blog\/author\/admin\/"}]}},"_links":{"self":[{"href":"https:\/\/agenciainfra.com\/blog\/wp-json\/wp\/v2\/posts\/16712","targetHints":{"allow":["GET"]}}],"collection":[{"href":"https:\/\/agenciainfra.com\/blog\/wp-json\/wp\/v2\/posts"}],"about":[{"href":"https:\/\/agenciainfra.com\/blog\/wp-json\/wp\/v2\/types\/post"}],"author":[{"embeddable":true,"href":"https:\/\/agenciainfra.com\/blog\/wp-json\/wp\/v2\/users\/1"}],"replies":[{"embeddable":true,"href":"https:\/\/agenciainfra.com\/blog\/wp-json\/wp\/v2\/comments?post=16712"}],"version-history":[{"count":1,"href":"https:\/\/agenciainfra.com\/blog\/wp-json\/wp\/v2\/posts\/16712\/revisions"}],"predecessor-version":[{"id":16714,"href":"https:\/\/agenciainfra.com\/blog\/wp-json\/wp\/v2\/posts\/16712\/revisions\/16714"}],"wp:featuredmedia":[{"embeddable":true,"href":"https:\/\/agenciainfra.com\/blog\/wp-json\/wp\/v2\/media\/16713"}],"wp:attachment":[{"href":"https:\/\/agenciainfra.com\/blog\/wp-json\/wp\/v2\/media?parent=16712"}],"wp:term":[{"taxonomy":"category","embeddable":true,"href":"https:\/\/agenciainfra.com\/blog\/wp-json\/wp\/v2\/categories?post=16712"},{"taxonomy":"post_tag","embeddable":true,"href":"https:\/\/agenciainfra.com\/blog\/wp-json\/wp\/v2\/tags?post=16712"}],"curies":[{"name":"wp","href":"https:\/\/api.w.org\/{rel}","templated":true}]}}