{"id":16726,"date":"2024-05-18T09:00:00","date_gmt":"2024-05-18T12:00:00","guid":{"rendered":"https:\/\/agenciainfra.com\/blog\/?p=16726"},"modified":"2026-03-13T09:40:29","modified_gmt":"2026-03-13T12:40:29","slug":"forca-tarefa-do-governo-vai-atuar-na-retomada-dos-modais-portuarios-e-aeroportuarios","status":"publish","type":"post","link":"https:\/\/agenciainfra.com\/blog\/forca-tarefa-do-governo-vai-atuar-na-retomada-dos-modais-portuarios-e-aeroportuarios\/","title":{"rendered":"For\u00e7a-tarefa do governo vai atuar na retomada dos modais portu\u00e1rios e aeroportu\u00e1rios"},"content":{"rendered":"\n<p class=\"has-text-align-right\"><strong>Elisa Costa, da Ag\u00eancia iNFRA<\/strong><\/p>\n\n\n\n<p>O Minist\u00e9rio de Portos\u00a0e\u00a0Aeroportos criou uma\u00a0for\u00e7a-tarefa\u00a0para\u00a0atuar\u00a0na\u00a0retomada\u00a0dos\u00a0modais\u00a0portu\u00e1rios\u00a0e\u00a0aeroportu\u00e1rios\u00a0que foram afetados pelas enchentes\u00a0na\u00a0regi\u00e3o no Rio Grande\u00a0do\u00a0Sul. Dois grupos de trabalho foram definidos para\u00a0atuar\u00a0pelo prazo de 60 dias, com possibilidade de prorroga\u00e7\u00e3o pelo mesmo per\u00edodo.<br><br>Nos aeroportos, as a\u00e7\u00f5es ficar\u00e3o a cargo\u00a0dos\u00a0\u00f3rg\u00e3os integrantes da Conaero (Comiss\u00e3o Nacional de Autoridades Aeroportu\u00e1rias)\u00a0e\u00a0a coordena\u00e7\u00e3o ser\u00e1 feita pela Secretaria Nacional de Avia\u00e7\u00e3o Civil. Nos portos, as atividades ser\u00e3o acompanhadas pelos \u00f3rg\u00e3os integrantes da Conaportos (Comiss\u00e3o Nacional das Autoridades nos Portos), com coordena\u00e7\u00e3o da Secretaria Nacional de Portos.<br><br>Segundo o Minist\u00e9rio de Portos\u00a0e\u00a0Aeroportos, o Porto de Rio Grande \u00e9 o \u00fanico\u00a0do\u00a0estado aberto para opera\u00e7\u00f5es\u00a0e\u00a0at\u00e9 o momento j\u00e1 recebeu cerca de 460 toneladas para as v\u00edtimas\u00a0do\u00a0evento clim\u00e1tico. \u201cA partir\u00a0do\u00a0recebimento no porto, os donativos s\u00e3o transportados at\u00e9 o cais p\u00fablico, onde s\u00e3o armazenados\u00a0e\u00a0distribu\u00eddos\u00a0pela Defesa Civil\u00a0do\u00a0Estado, Ex\u00e9rcito, Marinha\u00a0e\u00a0demais entidades envolvidas\u201d, informou.<br><br><strong>Situa\u00e7\u00e3o\u00a0do\u00a0tr\u00e1fego<\/strong><br>O tr\u00e1fego em pista dupla\u00a0na\u00a0BR-116\/RS, trecho\u00a0do\u00a0km 294 em Gua\u00edba, foi totalmente liberado na \u00faltima quinta-feira (16) pelo DNIT (Departamento Nacional de Infraestrutura de Transportes). Em S\u00e3o Leopoldo, houve a libera\u00e7\u00e3o parcial da al\u00e7a sentido Novo Hamburgo\u00a0do\u00a0viaduto da Scharlau, tamb\u00e9m\u00a0na\u00a0BR-116\/RS.<br><br>Aos usu\u00e1rios de linhas interestaduais\u00a0e\u00a0internacionais de passageiros, a ANTT (Ag\u00eancia Nacional de Transportes Terrestres) informou que o embarque\u00a0e\u00a0desembarque ser\u00e1 feito\u00a0na\u00a0rodovi\u00e1ria\u00a0do\u00a0munic\u00edpio de Os\u00f3rio.\u00a0Na\u00a0capital, Porto Alegre, o embarque ser\u00e1 feito no Terminal Ant\u00f4nio de Carvalho, de onde ser\u00e3o conduzidos at\u00e9 Os\u00f3rio. A estimativa de tempo de viagem \u00e9 de 2h30.<br><br>Como mostram os dados\u00a0do\u00a0Minist\u00e9rio\u00a0dos\u00a0Transportes, 80 trechos de rodovias j\u00e1 foram totalmente liberados, nove trechos foram parcialmente liberados, seis foram liberados para emerg\u00eancias, 17 trechos continuam em obras,\u00a0e\u00a035 trechos ainda est\u00e3o totalmente bloqueados, desde as fortes chuvas que atingiram o Rio Grande\u00a0do\u00a0Sul no in\u00edcio\u00a0do\u00a0m\u00eas.<br><br><strong>Combust\u00edveis<\/strong><br>Como medida para garantir o abastecimento no Rio Grande\u00a0do\u00a0Sul, a ANP (Ag\u00eancia Nacional\u00a0do\u00a0Petr\u00f3leo, G\u00e1s Natural\u00a0e\u00a0Biocombust\u00edveis) aprovou pedido de autoriza\u00e7\u00e3o excepcional da Ipiranga, Ra\u00edzen\u00a0e\u00a0Vibra para comercializa\u00e7\u00e3o de etanol anidro, sendo dispensada algumas especifica\u00e7\u00f5es t\u00e9cnicas.<br><br>Segundo o relator, diretor Fernando Moura, com a trag\u00e9dia no estado ga\u00facho, a Superintend\u00eancia de Distribui\u00e7\u00e3o\u00a0e\u00a0Log\u00edstica da ag\u00eancia viu a necessidade de tomar medidas a curto prazo\u00a0e\u00a0recomendou aprovar a comercializa\u00e7\u00e3o por um per\u00edodo de 30 dias,\u00a0a contar da assinatura\u00a0do\u00a0despacho.<br><br>Apesar da decis\u00e3o, a Transpetro, que faz o transporte\u00a0do\u00a0etanol, dever\u00e1 encaminhar \u00e0 ANP a apura\u00e7\u00e3o de volume recebido\u00a0e\u00a0expedido no terminal de Itaja\u00ed (SC), bem como demais atualiza\u00e7\u00f5es sobre o andamento das atividades. A ag\u00eancia tamb\u00e9m determina que a cada volume descartado, uma amostra deve ser coletada para an\u00e1lise.<br><br><strong>Monitoramento de eventos clim\u00e1ticos<\/strong><br>A diretoria da ANTT participou de reuni\u00e3o com a empresa Climatempo,\u00a0na\u00a0\u00faltima quarta-feira (15). O encontro discutiu os desafios causados pelo aumento de eventos clim\u00e1ticos extremos, que impactam a infraestrutura\u00a0e\u00a0comunidades vulner\u00e1veis, exigindo uma gest\u00e3o de riscos mais complexa, focada\u00a0na\u00a0preven\u00e7\u00e3o\u00a0e\u00a0prepara\u00e7\u00e3o para desastres naturais. Mais informa\u00e7\u00f5es\u00a0<a href=\"https:\/\/agenciainfra.us14.list-manage.com\/track\/click?u=d460dd1bcf9ba0ae040e1fc0f&amp;id=22dad99825&amp;e=f0fa444791\" target=\"_blank\" rel=\"noreferrer noopener\">neste link<\/a>.\u00a0<\/p>\n","protected":false},"excerpt":{"rendered":"<p>Elisa Costa, da Ag\u00eancia iNFRA O Minist\u00e9rio de Portos\u00a0e\u00a0Aeroportos criou uma\u00a0for\u00e7a-tarefa\u00a0para\u00a0atuar\u00a0na\u00a0retomada\u00a0dos\u00a0modais\u00a0portu\u00e1rios\u00a0e\u00a0aeroportu\u00e1rios\u00a0que foram afetados pelas enchentes\u00a0na\u00a0regi\u00e3o no Rio Grande\u00a0do\u00a0Sul. Dois grupos de trabalho foram definidos para\u00a0atuar\u00a0pelo prazo de 60 dias, com possibilidade de prorroga\u00e7\u00e3o pelo mesmo per\u00edodo. Nos aeroportos, as a\u00e7\u00f5es ficar\u00e3o a cargo\u00a0dos\u00a0\u00f3rg\u00e3os integrantes da Conaero (Comiss\u00e3o Nacional de Autoridades Aeroportu\u00e1rias)\u00a0e\u00a0a coordena\u00e7\u00e3o ser\u00e1 feita pela [&hellip;]<\/p>\n","protected":false},"author":1,"featured_media":16727,"comment_status":"closed","ping_status":"closed","sticky":false,"template":"","format":"standard","meta":{"_monsterinsights_skip_tracking":false,"_monsterinsights_sitenote_active":false,"_monsterinsights_sitenote_note":"","_monsterinsights_sitenote_category":0,"footnotes":""},"categories":[7250,1,7],"tags":[107,935,1101,19,1752,4011,2168,9570,8963,5270,328,7367,6218,3835,5621,5331,3373,3086,6257,957,3468,126,6549,4016,9571,87,7033],"class_list":["post-16726","post","type-post","status-publish","format-standard","has-post-thumbnail","hentry","category-destaque-lista","category-geral","category-infratransporte","tag-aeroportos","tag-agencia-nacional-de-transportes-terrestres","tag-anp","tag-antt","tag-autoridades-portuarias","tag-climatempo","tag-conaero","tag-conaportos","tag-defesa-civil","tag-desastres-naturais","tag-dnit","tag-elisa-costa","tag-enchentes","tag-exercito","tag-fernando-moura","tag-infraestrutura-de-transportes","tag-ipiranga","tag-marinha","tag-ministerio-de-portos-e-aeroportos","tag-raizen","tag-rio-grande-do-sul","tag-rodovias","tag-rs","tag-secretaria-nacional-de-aviacao-civil","tag-trafego-terrestre","tag-transpetro","tag-vibra"],"yoast_head":"<!-- This site is optimized with the Yoast SEO Premium plugin v25.4 (Yoast SEO v26.0) - https:\/\/yoast.com\/wordpress\/plugins\/seo\/ -->\n<title>For\u00e7a-tarefa do governo vai atuar na retomada dos modais portu\u00e1rios e aeroportu\u00e1rios - Ag\u00eancia iNFRA<\/title>\n<meta name=\"robots\" content=\"index, follow, max-snippet:-1, max-image-preview:large, max-video-preview:-1\" \/>\n<link rel=\"canonical\" href=\"https:\/\/agenciainfra.com\/blog\/forca-tarefa-do-governo-vai-atuar-na-retomada-dos-modais-portuarios-e-aeroportuarios\/\" \/>\n<meta property=\"og:locale\" content=\"pt_BR\" \/>\n<meta property=\"og:type\" content=\"article\" \/>\n<meta property=\"og:title\" content=\"For\u00e7a-tarefa do governo vai atuar na retomada dos modais portu\u00e1rios e aeroportu\u00e1rios\" \/>\n<meta property=\"og:description\" content=\"Elisa Costa, da Ag\u00eancia iNFRA O Minist\u00e9rio de Portos\u00a0e\u00a0Aeroportos criou uma\u00a0for\u00e7a-tarefa\u00a0para\u00a0atuar\u00a0na\u00a0retomada\u00a0dos\u00a0modais\u00a0portu\u00e1rios\u00a0e\u00a0aeroportu\u00e1rios\u00a0que foram afetados pelas enchentes\u00a0na\u00a0regi\u00e3o no Rio Grande\u00a0do\u00a0Sul. Dois grupos de trabalho foram definidos para\u00a0atuar\u00a0pelo prazo de 60 dias, com possibilidade de prorroga\u00e7\u00e3o pelo mesmo per\u00edodo. Nos aeroportos, as a\u00e7\u00f5es ficar\u00e3o a cargo\u00a0dos\u00a0\u00f3rg\u00e3os integrantes da Conaero (Comiss\u00e3o Nacional de Autoridades Aeroportu\u00e1rias)\u00a0e\u00a0a coordena\u00e7\u00e3o ser\u00e1 feita pela [&hellip;]\" \/>\n<meta property=\"og:url\" content=\"https:\/\/agenciainfra.com\/blog\/forca-tarefa-do-governo-vai-atuar-na-retomada-dos-modais-portuarios-e-aeroportuarios\/\" \/>\n<meta property=\"og:site_name\" content=\"Ag\u00eancia iNFRA\" \/>\n<meta property=\"article:publisher\" content=\"https:\/\/www.facebook.com\/ageninfra\" \/>\n<meta property=\"article:published_time\" content=\"2024-05-18T12:00:00+00:00\" \/>\n<meta property=\"article:modified_time\" content=\"2026-03-13T12:40:29+00:00\" \/>\n<meta property=\"og:image\" content=\"https:\/\/agenciainfra.com\/blog\/wp-content\/uploads\/2024\/05\/donativos-rs-foto-governo-do-estado.jpg\" \/>\n\t<meta property=\"og:image:width\" content=\"1280\" \/>\n\t<meta property=\"og:image:height\" content=\"960\" \/>\n\t<meta property=\"og:image:type\" content=\"image\/jpeg\" \/>\n<meta name=\"author\" content=\"Ag\u00eancia iNFRA\" \/>\n<meta name=\"twitter:card\" content=\"summary_large_image\" \/>\n<meta name=\"twitter:creator\" content=\"@agencia_infra\" \/>\n<meta name=\"twitter:site\" content=\"@agencia_infra\" \/>\n<meta name=\"twitter:label1\" content=\"Escrito por\" \/>\n\t<meta name=\"twitter:data1\" content=\"Ag\u00eancia iNFRA\" \/>\n\t<meta name=\"twitter:label2\" content=\"Est. tempo de leitura\" \/>\n\t<meta name=\"twitter:data2\" content=\"3 minutos\" \/>\n<script type=\"application\/ld+json\" class=\"yoast-schema-graph\">{\"@context\":\"https:\/\/schema.org\",\"@graph\":[{\"@type\":\"Article\",\"@id\":\"https:\/\/agenciainfra.com\/blog\/forca-tarefa-do-governo-vai-atuar-na-retomada-dos-modais-portuarios-e-aeroportuarios\/#article\",\"isPartOf\":{\"@id\":\"https:\/\/agenciainfra.com\/blog\/forca-tarefa-do-governo-vai-atuar-na-retomada-dos-modais-portuarios-e-aeroportuarios\/\"},\"author\":{\"name\":\"Ag\u00eancia iNFRA\",\"@id\":\"https:\/\/agenciainfra.com\/blog\/#\/schema\/person\/34af08dff6adea4cb22b06612ba7acfa\"},\"headline\":\"For\u00e7a-tarefa do governo vai atuar na retomada dos modais portu\u00e1rios e aeroportu\u00e1rios\",\"datePublished\":\"2024-05-18T12:00:00+00:00\",\"dateModified\":\"2026-03-13T12:40:29+00:00\",\"mainEntityOfPage\":{\"@id\":\"https:\/\/agenciainfra.com\/blog\/forca-tarefa-do-governo-vai-atuar-na-retomada-dos-modais-portuarios-e-aeroportuarios\/\"},\"wordCount\":618,\"publisher\":{\"@id\":\"https:\/\/agenciainfra.com\/blog\/#organization\"},\"image\":{\"@id\":\"https:\/\/agenciainfra.com\/blog\/forca-tarefa-do-governo-vai-atuar-na-retomada-dos-modais-portuarios-e-aeroportuarios\/#primaryimage\"},\"thumbnailUrl\":\"https:\/\/agenciainfra.com\/blog\/wp-content\/uploads\/2024\/05\/donativos-rs-foto-governo-do-estado.jpg\",\"keywords\":[\"aeroportos\",\"Ag\u00eancia Nacional de Transportes Terrestres\",\"ANP\",\"ANTT\",\"Autoridades Portu\u00e1rias\",\"Climatempo\",\"Conaero\",\"Conaportos\",\"Defesa Civil\",\"desastres naturais\",\"DNIT\",\"Elisa Costa\",\"enchentes\",\"Ex\u00e9rcito\",\"Fernando Moura\",\"infraestrutura de transportes\",\"Ipiranga\",\"Marinha\",\"Minist\u00e9rio de Portos e Aeroportos\",\"Ra\u00edzen\",\"Rio Grande do Sul\",\"rodovias\",\"RS\",\"Secretaria Nacional de Avia\u00e7\u00e3o Civil\",\"Tr\u00e1fego Terrestre\",\"TRANSPETRO\",\"Vibra\"],\"articleSection\":[\"Destaque lista\",\"Geral\",\"iNFRATransporte\"],\"inLanguage\":\"pt-BR\",\"copyrightYear\":\"2024\",\"copyrightHolder\":{\"@id\":\"https:\/\/agenciainfra.com\/blog\/#organization\"}},{\"@type\":\"WebPage\",\"@id\":\"https:\/\/agenciainfra.com\/blog\/forca-tarefa-do-governo-vai-atuar-na-retomada-dos-modais-portuarios-e-aeroportuarios\/\",\"url\":\"https:\/\/agenciainfra.com\/blog\/forca-tarefa-do-governo-vai-atuar-na-retomada-dos-modais-portuarios-e-aeroportuarios\/\",\"name\":\"For\u00e7a-tarefa do governo vai atuar na retomada dos modais portu\u00e1rios e aeroportu\u00e1rios - Ag\u00eancia iNFRA\",\"isPartOf\":{\"@id\":\"https:\/\/agenciainfra.com\/blog\/#website\"},\"primaryImageOfPage\":{\"@id\":\"https:\/\/agenciainfra.com\/blog\/forca-tarefa-do-governo-vai-atuar-na-retomada-dos-modais-portuarios-e-aeroportuarios\/#primaryimage\"},\"image\":{\"@id\":\"https:\/\/agenciainfra.com\/blog\/forca-tarefa-do-governo-vai-atuar-na-retomada-dos-modais-portuarios-e-aeroportuarios\/#primaryimage\"},\"thumbnailUrl\":\"https:\/\/agenciainfra.com\/blog\/wp-content\/uploads\/2024\/05\/donativos-rs-foto-governo-do-estado.jpg\",\"datePublished\":\"2024-05-18T12:00:00+00:00\",\"dateModified\":\"2026-03-13T12:40:29+00:00\",\"breadcrumb\":{\"@id\":\"https:\/\/agenciainfra.com\/blog\/forca-tarefa-do-governo-vai-atuar-na-retomada-dos-modais-portuarios-e-aeroportuarios\/#breadcrumb\"},\"inLanguage\":\"pt-BR\",\"potentialAction\":[{\"@type\":\"ReadAction\",\"target\":[\"https:\/\/agenciainfra.com\/blog\/forca-tarefa-do-governo-vai-atuar-na-retomada-dos-modais-portuarios-e-aeroportuarios\/\"]}]},{\"@type\":\"ImageObject\",\"inLanguage\":\"pt-BR\",\"@id\":\"https:\/\/agenciainfra.com\/blog\/forca-tarefa-do-governo-vai-atuar-na-retomada-dos-modais-portuarios-e-aeroportuarios\/#primaryimage\",\"url\":\"https:\/\/agenciainfra.com\/blog\/wp-content\/uploads\/2024\/05\/donativos-rs-foto-governo-do-estado.jpg\",\"contentUrl\":\"https:\/\/agenciainfra.com\/blog\/wp-content\/uploads\/2024\/05\/donativos-rs-foto-governo-do-estado.jpg\",\"width\":1280,\"height\":960},{\"@type\":\"BreadcrumbList\",\"@id\":\"https:\/\/agenciainfra.com\/blog\/forca-tarefa-do-governo-vai-atuar-na-retomada-dos-modais-portuarios-e-aeroportuarios\/#breadcrumb\",\"itemListElement\":[{\"@type\":\"ListItem\",\"position\":1,\"name\":\"In\u00edcio\",\"item\":\"https:\/\/agenciainfra.com\/blog\/\"},{\"@type\":\"ListItem\",\"position\":2,\"name\":\"For\u00e7a-tarefa do governo vai atuar na retomada dos modais portu\u00e1rios e aeroportu\u00e1rios\"}]},{\"@type\":\"WebSite\",\"@id\":\"https:\/\/agenciainfra.com\/blog\/#website\",\"url\":\"https:\/\/agenciainfra.com\/blog\/\",\"name\":\"Ag\u00eancia iNFRA\",\"description\":\"Multiplataforma de informa\u00e7\u00e3o jornal\u00edstica refer\u00eancia na \u00e1rea de infraestrutura no Brasil!\",\"publisher\":{\"@id\":\"https:\/\/agenciainfra.com\/blog\/#organization\"},\"potentialAction\":[{\"@type\":\"SearchAction\",\"target\":{\"@type\":\"EntryPoint\",\"urlTemplate\":\"https:\/\/agenciainfra.com\/blog\/?s={search_term_string}\"},\"query-input\":{\"@type\":\"PropertyValueSpecification\",\"valueRequired\":true,\"valueName\":\"search_term_string\"}}],\"inLanguage\":\"pt-BR\"},{\"@type\":\"Organization\",\"@id\":\"https:\/\/agenciainfra.com\/blog\/#organization\",\"name\":\"Ag\u00eancia iNFRA\",\"url\":\"https:\/\/agenciainfra.com\/blog\/\",\"logo\":{\"@type\":\"ImageObject\",\"inLanguage\":\"pt-BR\",\"@id\":\"https:\/\/agenciainfra.com\/blog\/#\/schema\/logo\/image\/\",\"url\":\"https:\/\/agenciainfra.com\/blog\/wp-content\/uploads\/2023\/09\/iNFRA_5-e1761735885940.png\",\"contentUrl\":\"https:\/\/agenciainfra.com\/blog\/wp-content\/uploads\/2023\/09\/iNFRA_5-e1761735885940.png\",\"width\":1672,\"height\":454,\"caption\":\"Ag\u00eancia iNFRA\"},\"image\":{\"@id\":\"https:\/\/agenciainfra.com\/blog\/#\/schema\/logo\/image\/\"},\"sameAs\":[\"https:\/\/www.facebook.com\/ageninfra\",\"https:\/\/x.com\/agencia_infra\",\"https:\/\/www.linkedin.com\/company\/ag\u00eanciainfra\/\",\"https:\/\/www.instagram.com\/agenciainfra\/\"]},{\"@type\":\"Person\",\"@id\":\"https:\/\/agenciainfra.com\/blog\/#\/schema\/person\/34af08dff6adea4cb22b06612ba7acfa\",\"name\":\"Ag\u00eancia iNFRA\",\"image\":{\"@type\":\"ImageObject\",\"inLanguage\":\"pt-BR\",\"@id\":\"https:\/\/agenciainfra.com\/blog\/#\/schema\/person\/image\/\",\"url\":\"https:\/\/secure.gravatar.com\/avatar\/d189e01678f06d8eb84d4e01f08eb848b3fffe3f8443818d3c356c66892f5be8?s=96&d=mm&r=g\",\"contentUrl\":\"https:\/\/secure.gravatar.com\/avatar\/d189e01678f06d8eb84d4e01f08eb848b3fffe3f8443818d3c356c66892f5be8?s=96&d=mm&r=g\",\"caption\":\"Ag\u00eancia iNFRA\"},\"url\":\"https:\/\/agenciainfra.com\/blog\/author\/admin\/\"}]}<\/script>\n<!-- \/ Yoast SEO Premium plugin. -->","yoast_head_json":{"title":"For\u00e7a-tarefa do governo vai atuar na retomada dos modais portu\u00e1rios e aeroportu\u00e1rios - Ag\u00eancia iNFRA","robots":{"index":"index","follow":"follow","max-snippet":"max-snippet:-1","max-image-preview":"max-image-preview:large","max-video-preview":"max-video-preview:-1"},"canonical":"https:\/\/agenciainfra.com\/blog\/forca-tarefa-do-governo-vai-atuar-na-retomada-dos-modais-portuarios-e-aeroportuarios\/","og_locale":"pt_BR","og_type":"article","og_title":"For\u00e7a-tarefa do governo vai atuar na retomada dos modais portu\u00e1rios e aeroportu\u00e1rios","og_description":"Elisa Costa, da Ag\u00eancia iNFRA O Minist\u00e9rio de Portos\u00a0e\u00a0Aeroportos criou uma\u00a0for\u00e7a-tarefa\u00a0para\u00a0atuar\u00a0na\u00a0retomada\u00a0dos\u00a0modais\u00a0portu\u00e1rios\u00a0e\u00a0aeroportu\u00e1rios\u00a0que foram afetados pelas enchentes\u00a0na\u00a0regi\u00e3o no Rio Grande\u00a0do\u00a0Sul. Dois grupos de trabalho foram definidos para\u00a0atuar\u00a0pelo prazo de 60 dias, com possibilidade de prorroga\u00e7\u00e3o pelo mesmo per\u00edodo. Nos aeroportos, as a\u00e7\u00f5es ficar\u00e3o a cargo\u00a0dos\u00a0\u00f3rg\u00e3os integrantes da Conaero (Comiss\u00e3o Nacional de Autoridades Aeroportu\u00e1rias)\u00a0e\u00a0a coordena\u00e7\u00e3o ser\u00e1 feita pela [&hellip;]","og_url":"https:\/\/agenciainfra.com\/blog\/forca-tarefa-do-governo-vai-atuar-na-retomada-dos-modais-portuarios-e-aeroportuarios\/","og_site_name":"Ag\u00eancia iNFRA","article_publisher":"https:\/\/www.facebook.com\/ageninfra","article_published_time":"2024-05-18T12:00:00+00:00","article_modified_time":"2026-03-13T12:40:29+00:00","og_image":[{"width":1280,"height":960,"url":"https:\/\/agenciainfra.com\/blog\/wp-content\/uploads\/2024\/05\/donativos-rs-foto-governo-do-estado.jpg","type":"image\/jpeg"}],"author":"Ag\u00eancia iNFRA","twitter_card":"summary_large_image","twitter_creator":"@agencia_infra","twitter_site":"@agencia_infra","twitter_misc":{"Escrito por":"Ag\u00eancia iNFRA","Est. tempo de leitura":"3 minutos"},"schema":{"@context":"https:\/\/schema.org","@graph":[{"@type":"Article","@id":"https:\/\/agenciainfra.com\/blog\/forca-tarefa-do-governo-vai-atuar-na-retomada-dos-modais-portuarios-e-aeroportuarios\/#article","isPartOf":{"@id":"https:\/\/agenciainfra.com\/blog\/forca-tarefa-do-governo-vai-atuar-na-retomada-dos-modais-portuarios-e-aeroportuarios\/"},"author":{"name":"Ag\u00eancia iNFRA","@id":"https:\/\/agenciainfra.com\/blog\/#\/schema\/person\/34af08dff6adea4cb22b06612ba7acfa"},"headline":"For\u00e7a-tarefa do governo vai atuar na retomada dos modais portu\u00e1rios e aeroportu\u00e1rios","datePublished":"2024-05-18T12:00:00+00:00","dateModified":"2026-03-13T12:40:29+00:00","mainEntityOfPage":{"@id":"https:\/\/agenciainfra.com\/blog\/forca-tarefa-do-governo-vai-atuar-na-retomada-dos-modais-portuarios-e-aeroportuarios\/"},"wordCount":618,"publisher":{"@id":"https:\/\/agenciainfra.com\/blog\/#organization"},"image":{"@id":"https:\/\/agenciainfra.com\/blog\/forca-tarefa-do-governo-vai-atuar-na-retomada-dos-modais-portuarios-e-aeroportuarios\/#primaryimage"},"thumbnailUrl":"https:\/\/agenciainfra.com\/blog\/wp-content\/uploads\/2024\/05\/donativos-rs-foto-governo-do-estado.jpg","keywords":["aeroportos","Ag\u00eancia Nacional de Transportes Terrestres","ANP","ANTT","Autoridades Portu\u00e1rias","Climatempo","Conaero","Conaportos","Defesa Civil","desastres naturais","DNIT","Elisa Costa","enchentes","Ex\u00e9rcito","Fernando Moura","infraestrutura de transportes","Ipiranga","Marinha","Minist\u00e9rio de Portos e Aeroportos","Ra\u00edzen","Rio Grande do Sul","rodovias","RS","Secretaria Nacional de Avia\u00e7\u00e3o Civil","Tr\u00e1fego Terrestre","TRANSPETRO","Vibra"],"articleSection":["Destaque lista","Geral","iNFRATransporte"],"inLanguage":"pt-BR","copyrightYear":"2024","copyrightHolder":{"@id":"https:\/\/agenciainfra.com\/blog\/#organization"}},{"@type":"WebPage","@id":"https:\/\/agenciainfra.com\/blog\/forca-tarefa-do-governo-vai-atuar-na-retomada-dos-modais-portuarios-e-aeroportuarios\/","url":"https:\/\/agenciainfra.com\/blog\/forca-tarefa-do-governo-vai-atuar-na-retomada-dos-modais-portuarios-e-aeroportuarios\/","name":"For\u00e7a-tarefa do governo vai atuar na retomada dos modais portu\u00e1rios e aeroportu\u00e1rios - Ag\u00eancia iNFRA","isPartOf":{"@id":"https:\/\/agenciainfra.com\/blog\/#website"},"primaryImageOfPage":{"@id":"https:\/\/agenciainfra.com\/blog\/forca-tarefa-do-governo-vai-atuar-na-retomada-dos-modais-portuarios-e-aeroportuarios\/#primaryimage"},"image":{"@id":"https:\/\/agenciainfra.com\/blog\/forca-tarefa-do-governo-vai-atuar-na-retomada-dos-modais-portuarios-e-aeroportuarios\/#primaryimage"},"thumbnailUrl":"https:\/\/agenciainfra.com\/blog\/wp-content\/uploads\/2024\/05\/donativos-rs-foto-governo-do-estado.jpg","datePublished":"2024-05-18T12:00:00+00:00","dateModified":"2026-03-13T12:40:29+00:00","breadcrumb":{"@id":"https:\/\/agenciainfra.com\/blog\/forca-tarefa-do-governo-vai-atuar-na-retomada-dos-modais-portuarios-e-aeroportuarios\/#breadcrumb"},"inLanguage":"pt-BR","potentialAction":[{"@type":"ReadAction","target":["https:\/\/agenciainfra.com\/blog\/forca-tarefa-do-governo-vai-atuar-na-retomada-dos-modais-portuarios-e-aeroportuarios\/"]}]},{"@type":"ImageObject","inLanguage":"pt-BR","@id":"https:\/\/agenciainfra.com\/blog\/forca-tarefa-do-governo-vai-atuar-na-retomada-dos-modais-portuarios-e-aeroportuarios\/#primaryimage","url":"https:\/\/agenciainfra.com\/blog\/wp-content\/uploads\/2024\/05\/donativos-rs-foto-governo-do-estado.jpg","contentUrl":"https:\/\/agenciainfra.com\/blog\/wp-content\/uploads\/2024\/05\/donativos-rs-foto-governo-do-estado.jpg","width":1280,"height":960},{"@type":"BreadcrumbList","@id":"https:\/\/agenciainfra.com\/blog\/forca-tarefa-do-governo-vai-atuar-na-retomada-dos-modais-portuarios-e-aeroportuarios\/#breadcrumb","itemListElement":[{"@type":"ListItem","position":1,"name":"In\u00edcio","item":"https:\/\/agenciainfra.com\/blog\/"},{"@type":"ListItem","position":2,"name":"For\u00e7a-tarefa do governo vai atuar na retomada dos modais portu\u00e1rios e aeroportu\u00e1rios"}]},{"@type":"WebSite","@id":"https:\/\/agenciainfra.com\/blog\/#website","url":"https:\/\/agenciainfra.com\/blog\/","name":"Ag\u00eancia iNFRA","description":"Multiplataforma de informa\u00e7\u00e3o jornal\u00edstica refer\u00eancia na \u00e1rea de infraestrutura no Brasil!","publisher":{"@id":"https:\/\/agenciainfra.com\/blog\/#organization"},"potentialAction":[{"@type":"SearchAction","target":{"@type":"EntryPoint","urlTemplate":"https:\/\/agenciainfra.com\/blog\/?s={search_term_string}"},"query-input":{"@type":"PropertyValueSpecification","valueRequired":true,"valueName":"search_term_string"}}],"inLanguage":"pt-BR"},{"@type":"Organization","@id":"https:\/\/agenciainfra.com\/blog\/#organization","name":"Ag\u00eancia iNFRA","url":"https:\/\/agenciainfra.com\/blog\/","logo":{"@type":"ImageObject","inLanguage":"pt-BR","@id":"https:\/\/agenciainfra.com\/blog\/#\/schema\/logo\/image\/","url":"https:\/\/agenciainfra.com\/blog\/wp-content\/uploads\/2023\/09\/iNFRA_5-e1761735885940.png","contentUrl":"https:\/\/agenciainfra.com\/blog\/wp-content\/uploads\/2023\/09\/iNFRA_5-e1761735885940.png","width":1672,"height":454,"caption":"Ag\u00eancia iNFRA"},"image":{"@id":"https:\/\/agenciainfra.com\/blog\/#\/schema\/logo\/image\/"},"sameAs":["https:\/\/www.facebook.com\/ageninfra","https:\/\/x.com\/agencia_infra","https:\/\/www.linkedin.com\/company\/ag\u00eanciainfra\/","https:\/\/www.instagram.com\/agenciainfra\/"]},{"@type":"Person","@id":"https:\/\/agenciainfra.com\/blog\/#\/schema\/person\/34af08dff6adea4cb22b06612ba7acfa","name":"Ag\u00eancia iNFRA","image":{"@type":"ImageObject","inLanguage":"pt-BR","@id":"https:\/\/agenciainfra.com\/blog\/#\/schema\/person\/image\/","url":"https:\/\/secure.gravatar.com\/avatar\/d189e01678f06d8eb84d4e01f08eb848b3fffe3f8443818d3c356c66892f5be8?s=96&d=mm&r=g","contentUrl":"https:\/\/secure.gravatar.com\/avatar\/d189e01678f06d8eb84d4e01f08eb848b3fffe3f8443818d3c356c66892f5be8?s=96&d=mm&r=g","caption":"Ag\u00eancia iNFRA"},"url":"https:\/\/agenciainfra.com\/blog\/author\/admin\/"}]}},"_links":{"self":[{"href":"https:\/\/agenciainfra.com\/blog\/wp-json\/wp\/v2\/posts\/16726","targetHints":{"allow":["GET"]}}],"collection":[{"href":"https:\/\/agenciainfra.com\/blog\/wp-json\/wp\/v2\/posts"}],"about":[{"href":"https:\/\/agenciainfra.com\/blog\/wp-json\/wp\/v2\/types\/post"}],"author":[{"embeddable":true,"href":"https:\/\/agenciainfra.com\/blog\/wp-json\/wp\/v2\/users\/1"}],"replies":[{"embeddable":true,"href":"https:\/\/agenciainfra.com\/blog\/wp-json\/wp\/v2\/comments?post=16726"}],"version-history":[{"count":1,"href":"https:\/\/agenciainfra.com\/blog\/wp-json\/wp\/v2\/posts\/16726\/revisions"}],"predecessor-version":[{"id":16728,"href":"https:\/\/agenciainfra.com\/blog\/wp-json\/wp\/v2\/posts\/16726\/revisions\/16728"}],"wp:featuredmedia":[{"embeddable":true,"href":"https:\/\/agenciainfra.com\/blog\/wp-json\/wp\/v2\/media\/16727"}],"wp:attachment":[{"href":"https:\/\/agenciainfra.com\/blog\/wp-json\/wp\/v2\/media?parent=16726"}],"wp:term":[{"taxonomy":"category","embeddable":true,"href":"https:\/\/agenciainfra.com\/blog\/wp-json\/wp\/v2\/categories?post=16726"},{"taxonomy":"post_tag","embeddable":true,"href":"https:\/\/agenciainfra.com\/blog\/wp-json\/wp\/v2\/tags?post=16726"}],"curies":[{"name":"wp","href":"https:\/\/api.w.org\/{rel}","templated":true}]}}