{"id":16738,"date":"2024-05-20T11:00:00","date_gmt":"2024-05-20T14:00:00","guid":{"rendered":"https:\/\/agenciainfra.com\/blog\/?p=16738"},"modified":"2026-03-13T09:40:28","modified_gmt":"2026-03-13T12:40:28","slug":"aneel-pauta-81-processos-e-expectativa-e-que-a-reuniao-de-diretoria-dure-ate-3-dias","status":"publish","type":"post","link":"https:\/\/agenciainfra.com\/blog\/aneel-pauta-81-processos-e-expectativa-e-que-a-reuniao-de-diretoria-dure-ate-3-dias\/","title":{"rendered":"ANEEL pauta 81 processos e expectativa \u00e9 que a reuni\u00e3o de diretoria dure at\u00e9 3 dias"},"content":{"rendered":"\n<p class=\"has-text-align-right\"><strong>da&nbsp;Ag\u00eancia iNFRA<\/strong><\/p>\n\n\n\n<p>A&nbsp;ANEEL&nbsp;(Ag\u00eancia Nacional de Energia El\u00e9trica) realiza&nbsp;reuni\u00e3o&nbsp;de&nbsp;diretoria&nbsp;nesta ter\u00e7a-feira (21), \u00e0s 9h, com&nbsp;81&nbsp;processos&nbsp;inseridos na&nbsp;<a href=\"https:\/\/agenciainfra.us14.list-manage.com\/track\/click?u=d460dd1bcf9ba0ae040e1fc0f&amp;id=ac4b3bb269&amp;e=f0fa444791\" target=\"_blank\" rel=\"noreferrer noopener\">pauta<\/a>.&nbsp;\u00c9&nbsp;a \u00faltima&nbsp;reuni\u00e3o&nbsp;do colegiado com&nbsp;o&nbsp;diretor H\u00e9lvio Guerra, cujo mandato termina na sexta-feira (24). Ele&nbsp;\u00e9&nbsp;o relator de 21&nbsp;processos.<br>&nbsp;<br>A&nbsp;pauta&nbsp;da ag\u00eancia&nbsp;\u00e9&nbsp;dividida em leitura (17 itens, com sustenta\u00e7\u00e3o oral&nbsp;e&nbsp;vota\u00e7\u00e3o individual);&nbsp;e&nbsp;bloco (64&nbsp;processos). A parte do bloco pode ser votada de uma vez s\u00f3 mas, segundo fonte ouvida pela&nbsp;<strong>Ag\u00eancia iNFRA<\/strong>, alguns dos itens&nbsp;que&nbsp;est\u00e3o nesta parte da&nbsp;pauta&nbsp;podem passar a ter&nbsp;sustenta\u00e7\u00e3o oral requerida.<br><br>Ent\u00e3o,&nbsp;\u00e9&nbsp;prov\u00e1vel&nbsp;que&nbsp;n\u00e3o seja poss\u00edvel votar todos os itens na ter\u00e7a-feira, resultando na necessidade de suspender a&nbsp;reuni\u00e3o&nbsp;para delibera\u00e7\u00e3o na quarta-feira (22)&nbsp;e, possivelmente, na quinta-feira (23).<br>&nbsp;<br>Entre os destaques da&nbsp;pauta, est\u00e1 a revis\u00e3o tarif\u00e1ria peri\u00f3dica da Amazonas Energia, de relatoria do diretor H\u00e9lvio Guerra,&nbsp;e&nbsp;o processo de flexibiliza\u00e7\u00e3o das regras de comercializa\u00e7\u00e3o devido \u00e0 crise no Rio Grande do Sul,&nbsp;que&nbsp;tem como relatora a diretora Agnes da Costa.<br>&nbsp;<br>O colegiado tamb\u00e9m pode deliberar acerca do processo de atendimento \u00e0s determina\u00e7\u00f5es do TCU (Tribunal de Contas da Uni\u00e3o) para regulamenta\u00e7\u00e3o dos subs\u00eddios \u00e0s tarifas de uso dos sistemas (TUST&nbsp;e&nbsp;TUSD) para fontes renov\u00e1veis. A relatora&nbsp;\u00e9&nbsp;a diretora Agnes da Costa,&nbsp;e&nbsp;Ricardo Tili&nbsp;\u00e9&nbsp;relator do voto-vista.<br>&nbsp;<br>O diretor H\u00e9lvio Guerra deve apresentar relat\u00f3rios sobre os resultados das consultas p\u00fablicas referentes aos crit\u00e9rios para redu\u00e7\u00e3o ou limita\u00e7\u00e3o de gera\u00e7\u00e3o no SIN (Sistema Interligado Nacional); \u00e0 revis\u00e3o da metodologia de c\u00e1lculo dos custos operacionais regulat\u00f3rios;&nbsp;e&nbsp;\u00e0 regulamenta\u00e7\u00e3o da sobrecontrata\u00e7\u00e3o involunt\u00e1ria&nbsp;e&nbsp;da venda de excedentes decorrentes do regime de microgera\u00e7\u00e3o&nbsp;e&nbsp;minigera\u00e7\u00e3o distribu\u00edda.<br>&nbsp;<br>Outro resultado de consulta p\u00fablica, com voto-vista da diretora Agnes da Costa, trata do aprimoramento do processo de Liquida\u00e7\u00e3o Financeira dos Encargos de Uso do Sistema de Transmiss\u00e3o.&nbsp;E, com o voto-vista de Fernando Mosna, pode ser deliberado processo&nbsp;que&nbsp;prop\u00f5e&nbsp;aprimoramentos da regulamenta\u00e7\u00e3o do compartilhamento de infraestrutura entre setores de distribui\u00e7\u00e3o de energia el\u00e9trica&nbsp;e&nbsp;de telecomunica\u00e7\u00f5es.<br>&nbsp;<br>A&nbsp;diretoria&nbsp;tamb\u00e9m pode deliberar sobre termo de intima\u00e7\u00e3o&nbsp;que&nbsp;informou \u00e0 Light Servi\u00e7os de Eletricidade sobre a possibilidade de aplicar a pena de caducidade ao contrato de concess\u00e3o de distribui\u00e7\u00e3o de energia. O relator&nbsp;\u00e9&nbsp;o diretor H\u00e9lvio Guerra.<\/p>\n","protected":false},"excerpt":{"rendered":"<p>da&nbsp;Ag\u00eancia iNFRA A&nbsp;ANEEL&nbsp;(Ag\u00eancia Nacional de Energia El\u00e9trica) realiza&nbsp;reuni\u00e3o&nbsp;de&nbsp;diretoria&nbsp;nesta ter\u00e7a-feira (21), \u00e0s 9h, com&nbsp;81&nbsp;processos&nbsp;inseridos na&nbsp;pauta.&nbsp;\u00c9&nbsp;a \u00faltima&nbsp;reuni\u00e3o&nbsp;do colegiado com&nbsp;o&nbsp;diretor H\u00e9lvio Guerra, cujo mandato termina na sexta-feira (24). Ele&nbsp;\u00e9&nbsp;o relator de 21&nbsp;processos.&nbsp;A&nbsp;pauta&nbsp;da ag\u00eancia&nbsp;\u00e9&nbsp;dividida em leitura (17 itens, com sustenta\u00e7\u00e3o oral&nbsp;e&nbsp;vota\u00e7\u00e3o individual);&nbsp;e&nbsp;bloco (64&nbsp;processos). A parte do bloco pode ser votada de uma vez s\u00f3 mas, segundo fonte ouvida pela&nbsp;Ag\u00eancia [&hellip;]<\/p>\n","protected":false},"author":1,"featured_media":10310,"comment_status":"closed","ping_status":"closed","sticky":false,"template":"","format":"standard","meta":{"_monsterinsights_skip_tracking":false,"_monsterinsights_sitenote_active":false,"_monsterinsights_sitenote_note":"","_monsterinsights_sitenote_category":0,"footnotes":""},"categories":[7250,1,10],"tags":[852,72,5135,144,53,3020,9584,7014,9582,9583,2619,1867,4953,9585,5656,5682,3360,747,4973,18,927],"class_list":["post-16738","post","type-post","status-publish","format-standard","has-post-thumbnail","hentry","category-destaque-lista","category-geral","category-infraenergia","tag-agencia-nacional-de-energia-eletrica","tag-agencia-reguladora","tag-agnes-da-costa","tag-amazonas-energia","tag-aneel","tag-audiencia-publica","tag-concessao-de-energia-eletrica","tag-fernando-mosna","tag-flexibilizacao-regulatoria","tag-gestao-de-processos","tag-helvio-guerra","tag-light","tag-politica-energetica","tag-regulamentacao-tarifaria","tag-reuniao-de-diretoria","tag-ricardo-tili","tag-sin","tag-sistema-interligado-nacional","tag-sustentabilidade-energetica","tag-tcu","tag-tribunal-de-contas-da-uniao"],"yoast_head":"<!-- This site is optimized with the Yoast SEO Premium plugin v25.4 (Yoast SEO v26.0) - https:\/\/yoast.com\/wordpress\/plugins\/seo\/ -->\n<title>ANEEL pauta 81 processos e expectativa \u00e9 que a reuni\u00e3o de diretoria dure at\u00e9 3 dias - Ag\u00eancia iNFRA<\/title>\n<meta name=\"robots\" content=\"index, follow, max-snippet:-1, max-image-preview:large, max-video-preview:-1\" \/>\n<link rel=\"canonical\" href=\"https:\/\/agenciainfra.com\/blog\/aneel-pauta-81-processos-e-expectativa-e-que-a-reuniao-de-diretoria-dure-ate-3-dias\/\" \/>\n<meta property=\"og:locale\" content=\"pt_BR\" \/>\n<meta property=\"og:type\" content=\"article\" \/>\n<meta property=\"og:title\" content=\"ANEEL pauta 81 processos e expectativa \u00e9 que a reuni\u00e3o de diretoria dure at\u00e9 3 dias\" \/>\n<meta property=\"og:description\" content=\"da&nbsp;Ag\u00eancia iNFRA A&nbsp;ANEEL&nbsp;(Ag\u00eancia Nacional de Energia El\u00e9trica) realiza&nbsp;reuni\u00e3o&nbsp;de&nbsp;diretoria&nbsp;nesta ter\u00e7a-feira (21), \u00e0s 9h, com&nbsp;81&nbsp;processos&nbsp;inseridos na&nbsp;pauta.&nbsp;\u00c9&nbsp;a \u00faltima&nbsp;reuni\u00e3o&nbsp;do colegiado com&nbsp;o&nbsp;diretor H\u00e9lvio Guerra, cujo mandato termina na sexta-feira (24). Ele&nbsp;\u00e9&nbsp;o relator de 21&nbsp;processos.&nbsp;A&nbsp;pauta&nbsp;da ag\u00eancia&nbsp;\u00e9&nbsp;dividida em leitura (17 itens, com sustenta\u00e7\u00e3o oral&nbsp;e&nbsp;vota\u00e7\u00e3o individual);&nbsp;e&nbsp;bloco (64&nbsp;processos). A parte do bloco pode ser votada de uma vez s\u00f3 mas, segundo fonte ouvida pela&nbsp;Ag\u00eancia [&hellip;]\" \/>\n<meta property=\"og:url\" content=\"https:\/\/agenciainfra.com\/blog\/aneel-pauta-81-processos-e-expectativa-e-que-a-reuniao-de-diretoria-dure-ate-3-dias\/\" \/>\n<meta property=\"og:site_name\" content=\"Ag\u00eancia iNFRA\" \/>\n<meta property=\"article:publisher\" content=\"https:\/\/www.facebook.com\/ageninfra\" \/>\n<meta property=\"article:published_time\" content=\"2024-05-20T14:00:00+00:00\" \/>\n<meta property=\"article:modified_time\" content=\"2026-03-13T12:40:28+00:00\" \/>\n<meta property=\"og:image\" content=\"https:\/\/agenciainfra.com\/blog\/wp-content\/uploads\/2022\/05\/aneel-foto-aneel-e1764788022595.jpg\" \/>\n\t<meta property=\"og:image:width\" content=\"1280\" \/>\n\t<meta property=\"og:image:height\" content=\"753\" \/>\n\t<meta property=\"og:image:type\" content=\"image\/jpeg\" \/>\n<meta name=\"author\" content=\"Ag\u00eancia iNFRA\" \/>\n<meta name=\"twitter:card\" content=\"summary_large_image\" \/>\n<meta name=\"twitter:creator\" content=\"@agencia_infra\" \/>\n<meta name=\"twitter:site\" content=\"@agencia_infra\" \/>\n<meta name=\"twitter:label1\" content=\"Escrito por\" \/>\n\t<meta name=\"twitter:data1\" content=\"Ag\u00eancia iNFRA\" \/>\n\t<meta name=\"twitter:label2\" content=\"Est. tempo de leitura\" \/>\n\t<meta name=\"twitter:data2\" content=\"3 minutos\" \/>\n<script type=\"application\/ld+json\" class=\"yoast-schema-graph\">{\"@context\":\"https:\/\/schema.org\",\"@graph\":[{\"@type\":\"Article\",\"@id\":\"https:\/\/agenciainfra.com\/blog\/aneel-pauta-81-processos-e-expectativa-e-que-a-reuniao-de-diretoria-dure-ate-3-dias\/#article\",\"isPartOf\":{\"@id\":\"https:\/\/agenciainfra.com\/blog\/aneel-pauta-81-processos-e-expectativa-e-que-a-reuniao-de-diretoria-dure-ate-3-dias\/\"},\"author\":{\"name\":\"Ag\u00eancia iNFRA\",\"@id\":\"https:\/\/agenciainfra.com\/blog\/#\/schema\/person\/34af08dff6adea4cb22b06612ba7acfa\"},\"headline\":\"ANEEL pauta 81 processos e expectativa \u00e9 que a reuni\u00e3o de diretoria dure at\u00e9 3 dias\",\"datePublished\":\"2024-05-20T14:00:00+00:00\",\"dateModified\":\"2026-03-13T12:40:28+00:00\",\"mainEntityOfPage\":{\"@id\":\"https:\/\/agenciainfra.com\/blog\/aneel-pauta-81-processos-e-expectativa-e-que-a-reuniao-de-diretoria-dure-ate-3-dias\/\"},\"wordCount\":518,\"publisher\":{\"@id\":\"https:\/\/agenciainfra.com\/blog\/#organization\"},\"image\":{\"@id\":\"https:\/\/agenciainfra.com\/blog\/aneel-pauta-81-processos-e-expectativa-e-que-a-reuniao-de-diretoria-dure-ate-3-dias\/#primaryimage\"},\"thumbnailUrl\":\"https:\/\/agenciainfra.com\/blog\/wp-content\/uploads\/2022\/05\/aneel-foto-aneel-e1764788022595.jpg\",\"keywords\":[\"Ag\u00eancia Nacional de Energia El\u00e9trica\",\"ag\u00eancia reguladora\",\"Agnes da Costa\",\"Amazonas Energia\",\"ANEEL\",\"audi\u00eancia p\u00fablica\",\"concess\u00e3o de energia el\u00e9trica\",\"Fernando Mosna\",\"flexibiliza\u00e7\u00e3o regulat\u00f3ria\",\"gest\u00e3o de processos\",\"H\u00e9lvio Guerra\",\"Light\",\"pol\u00edtica energ\u00e9tica\",\"regulamenta\u00e7\u00e3o tarif\u00e1ria\",\"reuni\u00e3o de diretoria\",\"Ricardo Tili\",\"SIN\",\"Sistema Interligado Nacional\",\"sustentabilidade energ\u00e9tica\",\"TCU\",\"Tribunal de Contas da Uni\u00e3o\"],\"articleSection\":[\"Destaque lista\",\"Geral\",\"iNFRAEnergia\"],\"inLanguage\":\"pt-BR\",\"copyrightYear\":\"2024\",\"copyrightHolder\":{\"@id\":\"https:\/\/agenciainfra.com\/blog\/#organization\"}},{\"@type\":\"WebPage\",\"@id\":\"https:\/\/agenciainfra.com\/blog\/aneel-pauta-81-processos-e-expectativa-e-que-a-reuniao-de-diretoria-dure-ate-3-dias\/\",\"url\":\"https:\/\/agenciainfra.com\/blog\/aneel-pauta-81-processos-e-expectativa-e-que-a-reuniao-de-diretoria-dure-ate-3-dias\/\",\"name\":\"ANEEL pauta 81 processos e expectativa \u00e9 que a reuni\u00e3o de diretoria dure at\u00e9 3 dias - Ag\u00eancia iNFRA\",\"isPartOf\":{\"@id\":\"https:\/\/agenciainfra.com\/blog\/#website\"},\"primaryImageOfPage\":{\"@id\":\"https:\/\/agenciainfra.com\/blog\/aneel-pauta-81-processos-e-expectativa-e-que-a-reuniao-de-diretoria-dure-ate-3-dias\/#primaryimage\"},\"image\":{\"@id\":\"https:\/\/agenciainfra.com\/blog\/aneel-pauta-81-processos-e-expectativa-e-que-a-reuniao-de-diretoria-dure-ate-3-dias\/#primaryimage\"},\"thumbnailUrl\":\"https:\/\/agenciainfra.com\/blog\/wp-content\/uploads\/2022\/05\/aneel-foto-aneel-e1764788022595.jpg\",\"datePublished\":\"2024-05-20T14:00:00+00:00\",\"dateModified\":\"2026-03-13T12:40:28+00:00\",\"breadcrumb\":{\"@id\":\"https:\/\/agenciainfra.com\/blog\/aneel-pauta-81-processos-e-expectativa-e-que-a-reuniao-de-diretoria-dure-ate-3-dias\/#breadcrumb\"},\"inLanguage\":\"pt-BR\",\"potentialAction\":[{\"@type\":\"ReadAction\",\"target\":[\"https:\/\/agenciainfra.com\/blog\/aneel-pauta-81-processos-e-expectativa-e-que-a-reuniao-de-diretoria-dure-ate-3-dias\/\"]}]},{\"@type\":\"ImageObject\",\"inLanguage\":\"pt-BR\",\"@id\":\"https:\/\/agenciainfra.com\/blog\/aneel-pauta-81-processos-e-expectativa-e-que-a-reuniao-de-diretoria-dure-ate-3-dias\/#primaryimage\",\"url\":\"https:\/\/agenciainfra.com\/blog\/wp-content\/uploads\/2022\/05\/aneel-foto-aneel-e1764788022595.jpg\",\"contentUrl\":\"https:\/\/agenciainfra.com\/blog\/wp-content\/uploads\/2022\/05\/aneel-foto-aneel-e1764788022595.jpg\",\"width\":1280,\"height\":753,\"caption\":\"Foto: ANEEL\"},{\"@type\":\"BreadcrumbList\",\"@id\":\"https:\/\/agenciainfra.com\/blog\/aneel-pauta-81-processos-e-expectativa-e-que-a-reuniao-de-diretoria-dure-ate-3-dias\/#breadcrumb\",\"itemListElement\":[{\"@type\":\"ListItem\",\"position\":1,\"name\":\"In\u00edcio\",\"item\":\"https:\/\/agenciainfra.com\/blog\/\"},{\"@type\":\"ListItem\",\"position\":2,\"name\":\"ANEEL pauta 81 processos e expectativa \u00e9 que a reuni\u00e3o de diretoria dure at\u00e9 3 dias\"}]},{\"@type\":\"WebSite\",\"@id\":\"https:\/\/agenciainfra.com\/blog\/#website\",\"url\":\"https:\/\/agenciainfra.com\/blog\/\",\"name\":\"Ag\u00eancia iNFRA\",\"description\":\"Multiplataforma de informa\u00e7\u00e3o jornal\u00edstica refer\u00eancia na \u00e1rea de infraestrutura no Brasil!\",\"publisher\":{\"@id\":\"https:\/\/agenciainfra.com\/blog\/#organization\"},\"potentialAction\":[{\"@type\":\"SearchAction\",\"target\":{\"@type\":\"EntryPoint\",\"urlTemplate\":\"https:\/\/agenciainfra.com\/blog\/?s={search_term_string}\"},\"query-input\":{\"@type\":\"PropertyValueSpecification\",\"valueRequired\":true,\"valueName\":\"search_term_string\"}}],\"inLanguage\":\"pt-BR\"},{\"@type\":\"Organization\",\"@id\":\"https:\/\/agenciainfra.com\/blog\/#organization\",\"name\":\"Ag\u00eancia iNFRA\",\"url\":\"https:\/\/agenciainfra.com\/blog\/\",\"logo\":{\"@type\":\"ImageObject\",\"inLanguage\":\"pt-BR\",\"@id\":\"https:\/\/agenciainfra.com\/blog\/#\/schema\/logo\/image\/\",\"url\":\"https:\/\/agenciainfra.com\/blog\/wp-content\/uploads\/2023\/09\/iNFRA_5-e1761735885940.png\",\"contentUrl\":\"https:\/\/agenciainfra.com\/blog\/wp-content\/uploads\/2023\/09\/iNFRA_5-e1761735885940.png\",\"width\":1672,\"height\":454,\"caption\":\"Ag\u00eancia iNFRA\"},\"image\":{\"@id\":\"https:\/\/agenciainfra.com\/blog\/#\/schema\/logo\/image\/\"},\"sameAs\":[\"https:\/\/www.facebook.com\/ageninfra\",\"https:\/\/x.com\/agencia_infra\",\"https:\/\/www.linkedin.com\/company\/ag\u00eanciainfra\/\",\"https:\/\/www.instagram.com\/agenciainfra\/\"]},{\"@type\":\"Person\",\"@id\":\"https:\/\/agenciainfra.com\/blog\/#\/schema\/person\/34af08dff6adea4cb22b06612ba7acfa\",\"name\":\"Ag\u00eancia iNFRA\",\"image\":{\"@type\":\"ImageObject\",\"inLanguage\":\"pt-BR\",\"@id\":\"https:\/\/agenciainfra.com\/blog\/#\/schema\/person\/image\/\",\"url\":\"https:\/\/secure.gravatar.com\/avatar\/d189e01678f06d8eb84d4e01f08eb848b3fffe3f8443818d3c356c66892f5be8?s=96&d=mm&r=g\",\"contentUrl\":\"https:\/\/secure.gravatar.com\/avatar\/d189e01678f06d8eb84d4e01f08eb848b3fffe3f8443818d3c356c66892f5be8?s=96&d=mm&r=g\",\"caption\":\"Ag\u00eancia iNFRA\"},\"url\":\"https:\/\/agenciainfra.com\/blog\/author\/admin\/\"}]}<\/script>\n<!-- \/ Yoast SEO Premium plugin. -->","yoast_head_json":{"title":"ANEEL pauta 81 processos e expectativa \u00e9 que a reuni\u00e3o de diretoria dure at\u00e9 3 dias - Ag\u00eancia iNFRA","robots":{"index":"index","follow":"follow","max-snippet":"max-snippet:-1","max-image-preview":"max-image-preview:large","max-video-preview":"max-video-preview:-1"},"canonical":"https:\/\/agenciainfra.com\/blog\/aneel-pauta-81-processos-e-expectativa-e-que-a-reuniao-de-diretoria-dure-ate-3-dias\/","og_locale":"pt_BR","og_type":"article","og_title":"ANEEL pauta 81 processos e expectativa \u00e9 que a reuni\u00e3o de diretoria dure at\u00e9 3 dias","og_description":"da&nbsp;Ag\u00eancia iNFRA A&nbsp;ANEEL&nbsp;(Ag\u00eancia Nacional de Energia El\u00e9trica) realiza&nbsp;reuni\u00e3o&nbsp;de&nbsp;diretoria&nbsp;nesta ter\u00e7a-feira (21), \u00e0s 9h, com&nbsp;81&nbsp;processos&nbsp;inseridos na&nbsp;pauta.&nbsp;\u00c9&nbsp;a \u00faltima&nbsp;reuni\u00e3o&nbsp;do colegiado com&nbsp;o&nbsp;diretor H\u00e9lvio Guerra, cujo mandato termina na sexta-feira (24). Ele&nbsp;\u00e9&nbsp;o relator de 21&nbsp;processos.&nbsp;A&nbsp;pauta&nbsp;da ag\u00eancia&nbsp;\u00e9&nbsp;dividida em leitura (17 itens, com sustenta\u00e7\u00e3o oral&nbsp;e&nbsp;vota\u00e7\u00e3o individual);&nbsp;e&nbsp;bloco (64&nbsp;processos). A parte do bloco pode ser votada de uma vez s\u00f3 mas, segundo fonte ouvida pela&nbsp;Ag\u00eancia [&hellip;]","og_url":"https:\/\/agenciainfra.com\/blog\/aneel-pauta-81-processos-e-expectativa-e-que-a-reuniao-de-diretoria-dure-ate-3-dias\/","og_site_name":"Ag\u00eancia iNFRA","article_publisher":"https:\/\/www.facebook.com\/ageninfra","article_published_time":"2024-05-20T14:00:00+00:00","article_modified_time":"2026-03-13T12:40:28+00:00","og_image":[{"width":1280,"height":753,"url":"https:\/\/agenciainfra.com\/blog\/wp-content\/uploads\/2022\/05\/aneel-foto-aneel-e1764788022595.jpg","type":"image\/jpeg"}],"author":"Ag\u00eancia iNFRA","twitter_card":"summary_large_image","twitter_creator":"@agencia_infra","twitter_site":"@agencia_infra","twitter_misc":{"Escrito por":"Ag\u00eancia iNFRA","Est. tempo de leitura":"3 minutos"},"schema":{"@context":"https:\/\/schema.org","@graph":[{"@type":"Article","@id":"https:\/\/agenciainfra.com\/blog\/aneel-pauta-81-processos-e-expectativa-e-que-a-reuniao-de-diretoria-dure-ate-3-dias\/#article","isPartOf":{"@id":"https:\/\/agenciainfra.com\/blog\/aneel-pauta-81-processos-e-expectativa-e-que-a-reuniao-de-diretoria-dure-ate-3-dias\/"},"author":{"name":"Ag\u00eancia iNFRA","@id":"https:\/\/agenciainfra.com\/blog\/#\/schema\/person\/34af08dff6adea4cb22b06612ba7acfa"},"headline":"ANEEL pauta 81 processos e expectativa \u00e9 que a reuni\u00e3o de diretoria dure at\u00e9 3 dias","datePublished":"2024-05-20T14:00:00+00:00","dateModified":"2026-03-13T12:40:28+00:00","mainEntityOfPage":{"@id":"https:\/\/agenciainfra.com\/blog\/aneel-pauta-81-processos-e-expectativa-e-que-a-reuniao-de-diretoria-dure-ate-3-dias\/"},"wordCount":518,"publisher":{"@id":"https:\/\/agenciainfra.com\/blog\/#organization"},"image":{"@id":"https:\/\/agenciainfra.com\/blog\/aneel-pauta-81-processos-e-expectativa-e-que-a-reuniao-de-diretoria-dure-ate-3-dias\/#primaryimage"},"thumbnailUrl":"https:\/\/agenciainfra.com\/blog\/wp-content\/uploads\/2022\/05\/aneel-foto-aneel-e1764788022595.jpg","keywords":["Ag\u00eancia Nacional de Energia El\u00e9trica","ag\u00eancia reguladora","Agnes da Costa","Amazonas Energia","ANEEL","audi\u00eancia p\u00fablica","concess\u00e3o de energia el\u00e9trica","Fernando Mosna","flexibiliza\u00e7\u00e3o regulat\u00f3ria","gest\u00e3o de processos","H\u00e9lvio Guerra","Light","pol\u00edtica energ\u00e9tica","regulamenta\u00e7\u00e3o tarif\u00e1ria","reuni\u00e3o de diretoria","Ricardo Tili","SIN","Sistema Interligado Nacional","sustentabilidade energ\u00e9tica","TCU","Tribunal de Contas da Uni\u00e3o"],"articleSection":["Destaque lista","Geral","iNFRAEnergia"],"inLanguage":"pt-BR","copyrightYear":"2024","copyrightHolder":{"@id":"https:\/\/agenciainfra.com\/blog\/#organization"}},{"@type":"WebPage","@id":"https:\/\/agenciainfra.com\/blog\/aneel-pauta-81-processos-e-expectativa-e-que-a-reuniao-de-diretoria-dure-ate-3-dias\/","url":"https:\/\/agenciainfra.com\/blog\/aneel-pauta-81-processos-e-expectativa-e-que-a-reuniao-de-diretoria-dure-ate-3-dias\/","name":"ANEEL pauta 81 processos e expectativa \u00e9 que a reuni\u00e3o de diretoria dure at\u00e9 3 dias - Ag\u00eancia iNFRA","isPartOf":{"@id":"https:\/\/agenciainfra.com\/blog\/#website"},"primaryImageOfPage":{"@id":"https:\/\/agenciainfra.com\/blog\/aneel-pauta-81-processos-e-expectativa-e-que-a-reuniao-de-diretoria-dure-ate-3-dias\/#primaryimage"},"image":{"@id":"https:\/\/agenciainfra.com\/blog\/aneel-pauta-81-processos-e-expectativa-e-que-a-reuniao-de-diretoria-dure-ate-3-dias\/#primaryimage"},"thumbnailUrl":"https:\/\/agenciainfra.com\/blog\/wp-content\/uploads\/2022\/05\/aneel-foto-aneel-e1764788022595.jpg","datePublished":"2024-05-20T14:00:00+00:00","dateModified":"2026-03-13T12:40:28+00:00","breadcrumb":{"@id":"https:\/\/agenciainfra.com\/blog\/aneel-pauta-81-processos-e-expectativa-e-que-a-reuniao-de-diretoria-dure-ate-3-dias\/#breadcrumb"},"inLanguage":"pt-BR","potentialAction":[{"@type":"ReadAction","target":["https:\/\/agenciainfra.com\/blog\/aneel-pauta-81-processos-e-expectativa-e-que-a-reuniao-de-diretoria-dure-ate-3-dias\/"]}]},{"@type":"ImageObject","inLanguage":"pt-BR","@id":"https:\/\/agenciainfra.com\/blog\/aneel-pauta-81-processos-e-expectativa-e-que-a-reuniao-de-diretoria-dure-ate-3-dias\/#primaryimage","url":"https:\/\/agenciainfra.com\/blog\/wp-content\/uploads\/2022\/05\/aneel-foto-aneel-e1764788022595.jpg","contentUrl":"https:\/\/agenciainfra.com\/blog\/wp-content\/uploads\/2022\/05\/aneel-foto-aneel-e1764788022595.jpg","width":1280,"height":753,"caption":"Foto: ANEEL"},{"@type":"BreadcrumbList","@id":"https:\/\/agenciainfra.com\/blog\/aneel-pauta-81-processos-e-expectativa-e-que-a-reuniao-de-diretoria-dure-ate-3-dias\/#breadcrumb","itemListElement":[{"@type":"ListItem","position":1,"name":"In\u00edcio","item":"https:\/\/agenciainfra.com\/blog\/"},{"@type":"ListItem","position":2,"name":"ANEEL pauta 81 processos e expectativa \u00e9 que a reuni\u00e3o de diretoria dure at\u00e9 3 dias"}]},{"@type":"WebSite","@id":"https:\/\/agenciainfra.com\/blog\/#website","url":"https:\/\/agenciainfra.com\/blog\/","name":"Ag\u00eancia iNFRA","description":"Multiplataforma de informa\u00e7\u00e3o jornal\u00edstica refer\u00eancia na \u00e1rea de infraestrutura no Brasil!","publisher":{"@id":"https:\/\/agenciainfra.com\/blog\/#organization"},"potentialAction":[{"@type":"SearchAction","target":{"@type":"EntryPoint","urlTemplate":"https:\/\/agenciainfra.com\/blog\/?s={search_term_string}"},"query-input":{"@type":"PropertyValueSpecification","valueRequired":true,"valueName":"search_term_string"}}],"inLanguage":"pt-BR"},{"@type":"Organization","@id":"https:\/\/agenciainfra.com\/blog\/#organization","name":"Ag\u00eancia iNFRA","url":"https:\/\/agenciainfra.com\/blog\/","logo":{"@type":"ImageObject","inLanguage":"pt-BR","@id":"https:\/\/agenciainfra.com\/blog\/#\/schema\/logo\/image\/","url":"https:\/\/agenciainfra.com\/blog\/wp-content\/uploads\/2023\/09\/iNFRA_5-e1761735885940.png","contentUrl":"https:\/\/agenciainfra.com\/blog\/wp-content\/uploads\/2023\/09\/iNFRA_5-e1761735885940.png","width":1672,"height":454,"caption":"Ag\u00eancia iNFRA"},"image":{"@id":"https:\/\/agenciainfra.com\/blog\/#\/schema\/logo\/image\/"},"sameAs":["https:\/\/www.facebook.com\/ageninfra","https:\/\/x.com\/agencia_infra","https:\/\/www.linkedin.com\/company\/ag\u00eanciainfra\/","https:\/\/www.instagram.com\/agenciainfra\/"]},{"@type":"Person","@id":"https:\/\/agenciainfra.com\/blog\/#\/schema\/person\/34af08dff6adea4cb22b06612ba7acfa","name":"Ag\u00eancia iNFRA","image":{"@type":"ImageObject","inLanguage":"pt-BR","@id":"https:\/\/agenciainfra.com\/blog\/#\/schema\/person\/image\/","url":"https:\/\/secure.gravatar.com\/avatar\/d189e01678f06d8eb84d4e01f08eb848b3fffe3f8443818d3c356c66892f5be8?s=96&d=mm&r=g","contentUrl":"https:\/\/secure.gravatar.com\/avatar\/d189e01678f06d8eb84d4e01f08eb848b3fffe3f8443818d3c356c66892f5be8?s=96&d=mm&r=g","caption":"Ag\u00eancia iNFRA"},"url":"https:\/\/agenciainfra.com\/blog\/author\/admin\/"}]}},"_links":{"self":[{"href":"https:\/\/agenciainfra.com\/blog\/wp-json\/wp\/v2\/posts\/16738","targetHints":{"allow":["GET"]}}],"collection":[{"href":"https:\/\/agenciainfra.com\/blog\/wp-json\/wp\/v2\/posts"}],"about":[{"href":"https:\/\/agenciainfra.com\/blog\/wp-json\/wp\/v2\/types\/post"}],"author":[{"embeddable":true,"href":"https:\/\/agenciainfra.com\/blog\/wp-json\/wp\/v2\/users\/1"}],"replies":[{"embeddable":true,"href":"https:\/\/agenciainfra.com\/blog\/wp-json\/wp\/v2\/comments?post=16738"}],"version-history":[{"count":1,"href":"https:\/\/agenciainfra.com\/blog\/wp-json\/wp\/v2\/posts\/16738\/revisions"}],"predecessor-version":[{"id":16739,"href":"https:\/\/agenciainfra.com\/blog\/wp-json\/wp\/v2\/posts\/16738\/revisions\/16739"}],"wp:featuredmedia":[{"embeddable":true,"href":"https:\/\/agenciainfra.com\/blog\/wp-json\/wp\/v2\/media\/10310"}],"wp:attachment":[{"href":"https:\/\/agenciainfra.com\/blog\/wp-json\/wp\/v2\/media?parent=16738"}],"wp:term":[{"taxonomy":"category","embeddable":true,"href":"https:\/\/agenciainfra.com\/blog\/wp-json\/wp\/v2\/categories?post=16738"},{"taxonomy":"post_tag","embeddable":true,"href":"https:\/\/agenciainfra.com\/blog\/wp-json\/wp\/v2\/tags?post=16738"}],"curies":[{"name":"wp","href":"https:\/\/api.w.org\/{rel}","templated":true}]}}