{"id":16742,"date":"2024-05-20T17:00:00","date_gmt":"2024-05-20T20:00:00","guid":{"rendered":"https:\/\/agenciainfra.com\/blog\/?p=16742"},"modified":"2024-05-22T10:17:55","modified_gmt":"2024-05-22T13:17:55","slug":"autoridade-portuaria-de-santos-prepara-leilao-da-area-sts08","status":"publish","type":"post","link":"https:\/\/agenciainfra.com\/blog\/autoridade-portuaria-de-santos-prepara-leilao-da-area-sts08\/","title":{"rendered":"Autoridade Portu\u00e1ria de Santos prepara leil\u00e3o da \u00e1rea STS08"},"content":{"rendered":"\n<p class=\"has-text-align-right\"><strong>da Ag\u00eancia iNFRA<\/strong><\/p>\n\n\n\n<p>A APS (Autoridade Portu\u00e1ria de Santos) est\u00e1 organizando o primeiro leil\u00e3o sob a nova gest\u00e3o, o do <a href=\"https:\/\/agenciainfra.com\/blog\/tag\/sts08\/\">STS08<\/a>, destinado a gran\u00e9is l\u00edquidos, na \u00e1rea industrial da Alemoa, pr\u00f3ximo ao terminal da Petrobras.<\/p>\n\n\n\n<p>A documenta\u00e7\u00e3o dever\u00e1 ser primeiramente encaminhada \u00e0 ANTAQ (Ag\u00eancia Nacional de Transportes Aquavi\u00e1rios) e, ap\u00f3s isso, ao TCU (Tribunal de Contas da Uni\u00e3o), quando retornar\u00e1 \u00e0 APS e ir\u00e1 a leil\u00e3o, na B3.<\/p>\n\n\n\n<p>A \u00e1rea foi objeto de leil\u00e3o em novembro de 2021, mas o resultado foi deserto, sem a participa\u00e7\u00e3o de interessados.<\/p>\n\n\n\n<p>Em comunicado da empresa, o presidente da APS, Anderson Pomini, disse esperar mais interesse do setor privado desta vez. \u201cSer\u00e1 um investimento de mais de R$ 400 milh\u00f5es na \u00e1rea, que vai gerar receita e, mais ainda, ampliar a capacidade de gran\u00e9is l\u00edquidos do Porto\u201d, comentou.<\/p>\n","protected":false},"excerpt":{"rendered":"<p>da Ag\u00eancia iNFRA A APS (Autoridade Portu\u00e1ria de Santos) est\u00e1 organizando o primeiro leil\u00e3o sob a nova gest\u00e3o, o do STS08, destinado a gran\u00e9is l\u00edquidos, na \u00e1rea industrial da Alemoa, pr\u00f3ximo ao terminal da Petrobras. A documenta\u00e7\u00e3o dever\u00e1 ser primeiramente encaminhada \u00e0 ANTAQ (Ag\u00eancia Nacional de Transportes Aquavi\u00e1rios) e, ap\u00f3s isso, ao TCU (Tribunal de [&hellip;]<\/p>\n","protected":false},"author":1,"featured_media":5555,"comment_status":"closed","ping_status":"closed","sticky":false,"template":"","format":"standard","meta":{"_monsterinsights_skip_tracking":false,"_monsterinsights_sitenote_active":false,"_monsterinsights_sitenote_note":"","_monsterinsights_sitenote_category":0,"footnotes":""},"categories":[7250,1,7],"tags":[9605,72,3022,6855,86,6854,9604,3434,4918,4822,8943,8018,9004,9603,4754,143,625,1642,1941,2299,18,5455,816,889],"class_list":["post-16742","post","type-post","status-publish","format-standard","has-post-thumbnail","hentry","category-destaque-lista","category-geral","category-infratransporte","tag-agencia-portuaria","tag-agencia-reguladora","tag-alemoa","tag-anderson-pomini","tag-antaq","tag-aps","tag-area-industrial","tag-autoridade-portuaria","tag-autoridade-portuaria-de-santos","tag-b3","tag-concessao-portuaria","tag-gestao-portuaria","tag-graneis-liquidos","tag-investimento-em-infraestrutura","tag-leilao-portuario","tag-petrobras","tag-santos","tag-santos-port-authority","tag-spa","tag-sts08","tag-tcu","tag-terminal-portuario-2","tag-transporte-aquaviario","tag-transportes-aquaviarios"],"yoast_head":"<!-- This site is optimized with the Yoast SEO Premium plugin v25.4 (Yoast SEO v26.0) - https:\/\/yoast.com\/wordpress\/plugins\/seo\/ -->\n<title>Autoridade Portu\u00e1ria de Santos prepara leil\u00e3o da \u00e1rea STS08 - Ag\u00eancia iNFRA<\/title>\n<meta name=\"robots\" content=\"index, follow, max-snippet:-1, max-image-preview:large, max-video-preview:-1\" \/>\n<link rel=\"canonical\" href=\"https:\/\/agenciainfra.com\/blog\/autoridade-portuaria-de-santos-prepara-leilao-da-area-sts08\/\" \/>\n<meta property=\"og:locale\" content=\"pt_BR\" \/>\n<meta property=\"og:type\" content=\"article\" \/>\n<meta property=\"og:title\" content=\"Autoridade Portu\u00e1ria de Santos prepara leil\u00e3o da \u00e1rea STS08\" \/>\n<meta property=\"og:description\" content=\"da Ag\u00eancia iNFRA A APS (Autoridade Portu\u00e1ria de Santos) est\u00e1 organizando o primeiro leil\u00e3o sob a nova gest\u00e3o, o do STS08, destinado a gran\u00e9is l\u00edquidos, na \u00e1rea industrial da Alemoa, pr\u00f3ximo ao terminal da Petrobras. A documenta\u00e7\u00e3o dever\u00e1 ser primeiramente encaminhada \u00e0 ANTAQ (Ag\u00eancia Nacional de Transportes Aquavi\u00e1rios) e, ap\u00f3s isso, ao TCU (Tribunal de [&hellip;]\" \/>\n<meta property=\"og:url\" content=\"https:\/\/agenciainfra.com\/blog\/autoridade-portuaria-de-santos-prepara-leilao-da-area-sts08\/\" \/>\n<meta property=\"og:site_name\" content=\"Ag\u00eancia iNFRA\" \/>\n<meta property=\"article:publisher\" content=\"https:\/\/www.facebook.com\/ageninfra\" \/>\n<meta property=\"article:published_time\" content=\"2024-05-20T20:00:00+00:00\" \/>\n<meta property=\"article:modified_time\" content=\"2024-05-22T13:17:55+00:00\" \/>\n<meta property=\"og:image\" content=\"https:\/\/agenciainfra.com\/blog\/wp-content\/uploads\/2020\/08\/sts08-sts08a-foto-spa.jpeg\" \/>\n\t<meta property=\"og:image:width\" content=\"1280\" \/>\n\t<meta property=\"og:image:height\" content=\"747\" \/>\n\t<meta property=\"og:image:type\" content=\"image\/jpeg\" \/>\n<meta name=\"author\" content=\"Ag\u00eancia iNFRA\" \/>\n<meta name=\"twitter:card\" content=\"summary_large_image\" \/>\n<meta name=\"twitter:creator\" content=\"@agencia_infra\" \/>\n<meta name=\"twitter:site\" content=\"@agencia_infra\" \/>\n<meta name=\"twitter:label1\" content=\"Escrito por\" \/>\n\t<meta name=\"twitter:data1\" content=\"Ag\u00eancia iNFRA\" \/>\n\t<meta name=\"twitter:label2\" content=\"Est. tempo de leitura\" \/>\n\t<meta name=\"twitter:data2\" content=\"1 minuto\" \/>\n<script type=\"application\/ld+json\" class=\"yoast-schema-graph\">{\"@context\":\"https:\/\/schema.org\",\"@graph\":[{\"@type\":\"Article\",\"@id\":\"https:\/\/agenciainfra.com\/blog\/autoridade-portuaria-de-santos-prepara-leilao-da-area-sts08\/#article\",\"isPartOf\":{\"@id\":\"https:\/\/agenciainfra.com\/blog\/autoridade-portuaria-de-santos-prepara-leilao-da-area-sts08\/\"},\"author\":{\"name\":\"Ag\u00eancia iNFRA\",\"@id\":\"https:\/\/agenciainfra.com\/blog\/#\/schema\/person\/34af08dff6adea4cb22b06612ba7acfa\"},\"headline\":\"Autoridade Portu\u00e1ria de Santos prepara leil\u00e3o da \u00e1rea STS08\",\"datePublished\":\"2024-05-20T20:00:00+00:00\",\"dateModified\":\"2024-05-22T13:17:55+00:00\",\"mainEntityOfPage\":{\"@id\":\"https:\/\/agenciainfra.com\/blog\/autoridade-portuaria-de-santos-prepara-leilao-da-area-sts08\/\"},\"wordCount\":159,\"publisher\":{\"@id\":\"https:\/\/agenciainfra.com\/blog\/#organization\"},\"image\":{\"@id\":\"https:\/\/agenciainfra.com\/blog\/autoridade-portuaria-de-santos-prepara-leilao-da-area-sts08\/#primaryimage\"},\"thumbnailUrl\":\"https:\/\/agenciainfra.com\/blog\/wp-content\/uploads\/2020\/08\/sts08-sts08a-foto-spa.jpeg\",\"keywords\":[\"Ag\u00eancia Portu\u00e1ria\",\"ag\u00eancia reguladora\",\"Alemoa\",\"Anderson Pomini\",\"ANTAQ\",\"APS\",\"\u00e1rea industrial\",\"autoridade portu\u00e1ria\",\"Autoridade Portu\u00e1ria de Santos\",\"B3\",\"Concess\u00e3o portu\u00e1ria\",\"Gest\u00e3o Portu\u00e1ria\",\"Gran\u00e9is l\u00edquidos\",\"investimento em infraestrutura\",\"leil\u00e3o portu\u00e1rio\",\"Petrobras\",\"Santos\",\"Santos Port Authority\",\"SPA\",\"STS08\",\"TCU\",\"terminal portu\u00e1rio\",\"transporte aquavi\u00e1rio\",\"transportes aquavi\u00e1rios\"],\"articleSection\":[\"Destaque lista\",\"Geral\",\"iNFRATransporte\"],\"inLanguage\":\"pt-BR\",\"copyrightYear\":\"2024\",\"copyrightHolder\":{\"@id\":\"https:\/\/agenciainfra.com\/blog\/#organization\"}},{\"@type\":\"WebPage\",\"@id\":\"https:\/\/agenciainfra.com\/blog\/autoridade-portuaria-de-santos-prepara-leilao-da-area-sts08\/\",\"url\":\"https:\/\/agenciainfra.com\/blog\/autoridade-portuaria-de-santos-prepara-leilao-da-area-sts08\/\",\"name\":\"Autoridade Portu\u00e1ria de Santos prepara leil\u00e3o da \u00e1rea STS08 - Ag\u00eancia iNFRA\",\"isPartOf\":{\"@id\":\"https:\/\/agenciainfra.com\/blog\/#website\"},\"primaryImageOfPage\":{\"@id\":\"https:\/\/agenciainfra.com\/blog\/autoridade-portuaria-de-santos-prepara-leilao-da-area-sts08\/#primaryimage\"},\"image\":{\"@id\":\"https:\/\/agenciainfra.com\/blog\/autoridade-portuaria-de-santos-prepara-leilao-da-area-sts08\/#primaryimage\"},\"thumbnailUrl\":\"https:\/\/agenciainfra.com\/blog\/wp-content\/uploads\/2020\/08\/sts08-sts08a-foto-spa.jpeg\",\"datePublished\":\"2024-05-20T20:00:00+00:00\",\"dateModified\":\"2024-05-22T13:17:55+00:00\",\"breadcrumb\":{\"@id\":\"https:\/\/agenciainfra.com\/blog\/autoridade-portuaria-de-santos-prepara-leilao-da-area-sts08\/#breadcrumb\"},\"inLanguage\":\"pt-BR\",\"potentialAction\":[{\"@type\":\"ReadAction\",\"target\":[\"https:\/\/agenciainfra.com\/blog\/autoridade-portuaria-de-santos-prepara-leilao-da-area-sts08\/\"]}]},{\"@type\":\"ImageObject\",\"inLanguage\":\"pt-BR\",\"@id\":\"https:\/\/agenciainfra.com\/blog\/autoridade-portuaria-de-santos-prepara-leilao-da-area-sts08\/#primaryimage\",\"url\":\"https:\/\/agenciainfra.com\/blog\/wp-content\/uploads\/2020\/08\/sts08-sts08a-foto-spa.jpeg\",\"contentUrl\":\"https:\/\/agenciainfra.com\/blog\/wp-content\/uploads\/2020\/08\/sts08-sts08a-foto-spa.jpeg\",\"width\":1280,\"height\":747,\"caption\":\"Foto: Autoridade Portu\u00e1ria de Santos\"},{\"@type\":\"BreadcrumbList\",\"@id\":\"https:\/\/agenciainfra.com\/blog\/autoridade-portuaria-de-santos-prepara-leilao-da-area-sts08\/#breadcrumb\",\"itemListElement\":[{\"@type\":\"ListItem\",\"position\":1,\"name\":\"In\u00edcio\",\"item\":\"https:\/\/agenciainfra.com\/blog\/\"},{\"@type\":\"ListItem\",\"position\":2,\"name\":\"Autoridade Portu\u00e1ria de Santos prepara leil\u00e3o da \u00e1rea STS08\"}]},{\"@type\":\"WebSite\",\"@id\":\"https:\/\/agenciainfra.com\/blog\/#website\",\"url\":\"https:\/\/agenciainfra.com\/blog\/\",\"name\":\"Ag\u00eancia iNFRA\",\"description\":\"Multiplataforma de informa\u00e7\u00e3o jornal\u00edstica refer\u00eancia na \u00e1rea de infraestrutura no Brasil!\",\"publisher\":{\"@id\":\"https:\/\/agenciainfra.com\/blog\/#organization\"},\"potentialAction\":[{\"@type\":\"SearchAction\",\"target\":{\"@type\":\"EntryPoint\",\"urlTemplate\":\"https:\/\/agenciainfra.com\/blog\/?s={search_term_string}\"},\"query-input\":{\"@type\":\"PropertyValueSpecification\",\"valueRequired\":true,\"valueName\":\"search_term_string\"}}],\"inLanguage\":\"pt-BR\"},{\"@type\":\"Organization\",\"@id\":\"https:\/\/agenciainfra.com\/blog\/#organization\",\"name\":\"Ag\u00eancia iNFRA\",\"url\":\"https:\/\/agenciainfra.com\/blog\/\",\"logo\":{\"@type\":\"ImageObject\",\"inLanguage\":\"pt-BR\",\"@id\":\"https:\/\/agenciainfra.com\/blog\/#\/schema\/logo\/image\/\",\"url\":\"https:\/\/agenciainfra.com\/blog\/wp-content\/uploads\/2023\/09\/iNFRA_5-e1761735885940.png\",\"contentUrl\":\"https:\/\/agenciainfra.com\/blog\/wp-content\/uploads\/2023\/09\/iNFRA_5-e1761735885940.png\",\"width\":1672,\"height\":454,\"caption\":\"Ag\u00eancia iNFRA\"},\"image\":{\"@id\":\"https:\/\/agenciainfra.com\/blog\/#\/schema\/logo\/image\/\"},\"sameAs\":[\"https:\/\/www.facebook.com\/ageninfra\",\"https:\/\/x.com\/agencia_infra\",\"https:\/\/www.linkedin.com\/company\/ag\u00eanciainfra\/\",\"https:\/\/www.instagram.com\/agenciainfra\/\"]},{\"@type\":\"Person\",\"@id\":\"https:\/\/agenciainfra.com\/blog\/#\/schema\/person\/34af08dff6adea4cb22b06612ba7acfa\",\"name\":\"Ag\u00eancia iNFRA\",\"image\":{\"@type\":\"ImageObject\",\"inLanguage\":\"pt-BR\",\"@id\":\"https:\/\/agenciainfra.com\/blog\/#\/schema\/person\/image\/\",\"url\":\"https:\/\/secure.gravatar.com\/avatar\/d189e01678f06d8eb84d4e01f08eb848b3fffe3f8443818d3c356c66892f5be8?s=96&d=mm&r=g\",\"contentUrl\":\"https:\/\/secure.gravatar.com\/avatar\/d189e01678f06d8eb84d4e01f08eb848b3fffe3f8443818d3c356c66892f5be8?s=96&d=mm&r=g\",\"caption\":\"Ag\u00eancia iNFRA\"},\"url\":\"https:\/\/agenciainfra.com\/blog\/author\/admin\/\"}]}<\/script>\n<!-- \/ Yoast SEO Premium plugin. -->","yoast_head_json":{"title":"Autoridade Portu\u00e1ria de Santos prepara leil\u00e3o da \u00e1rea STS08 - Ag\u00eancia iNFRA","robots":{"index":"index","follow":"follow","max-snippet":"max-snippet:-1","max-image-preview":"max-image-preview:large","max-video-preview":"max-video-preview:-1"},"canonical":"https:\/\/agenciainfra.com\/blog\/autoridade-portuaria-de-santos-prepara-leilao-da-area-sts08\/","og_locale":"pt_BR","og_type":"article","og_title":"Autoridade Portu\u00e1ria de Santos prepara leil\u00e3o da \u00e1rea STS08","og_description":"da Ag\u00eancia iNFRA A APS (Autoridade Portu\u00e1ria de Santos) est\u00e1 organizando o primeiro leil\u00e3o sob a nova gest\u00e3o, o do STS08, destinado a gran\u00e9is l\u00edquidos, na \u00e1rea industrial da Alemoa, pr\u00f3ximo ao terminal da Petrobras. A documenta\u00e7\u00e3o dever\u00e1 ser primeiramente encaminhada \u00e0 ANTAQ (Ag\u00eancia Nacional de Transportes Aquavi\u00e1rios) e, ap\u00f3s isso, ao TCU (Tribunal de [&hellip;]","og_url":"https:\/\/agenciainfra.com\/blog\/autoridade-portuaria-de-santos-prepara-leilao-da-area-sts08\/","og_site_name":"Ag\u00eancia iNFRA","article_publisher":"https:\/\/www.facebook.com\/ageninfra","article_published_time":"2024-05-20T20:00:00+00:00","article_modified_time":"2024-05-22T13:17:55+00:00","og_image":[{"width":1280,"height":747,"url":"https:\/\/agenciainfra.com\/blog\/wp-content\/uploads\/2020\/08\/sts08-sts08a-foto-spa.jpeg","type":"image\/jpeg"}],"author":"Ag\u00eancia iNFRA","twitter_card":"summary_large_image","twitter_creator":"@agencia_infra","twitter_site":"@agencia_infra","twitter_misc":{"Escrito por":"Ag\u00eancia iNFRA","Est. tempo de leitura":"1 minuto"},"schema":{"@context":"https:\/\/schema.org","@graph":[{"@type":"Article","@id":"https:\/\/agenciainfra.com\/blog\/autoridade-portuaria-de-santos-prepara-leilao-da-area-sts08\/#article","isPartOf":{"@id":"https:\/\/agenciainfra.com\/blog\/autoridade-portuaria-de-santos-prepara-leilao-da-area-sts08\/"},"author":{"name":"Ag\u00eancia iNFRA","@id":"https:\/\/agenciainfra.com\/blog\/#\/schema\/person\/34af08dff6adea4cb22b06612ba7acfa"},"headline":"Autoridade Portu\u00e1ria de Santos prepara leil\u00e3o da \u00e1rea STS08","datePublished":"2024-05-20T20:00:00+00:00","dateModified":"2024-05-22T13:17:55+00:00","mainEntityOfPage":{"@id":"https:\/\/agenciainfra.com\/blog\/autoridade-portuaria-de-santos-prepara-leilao-da-area-sts08\/"},"wordCount":159,"publisher":{"@id":"https:\/\/agenciainfra.com\/blog\/#organization"},"image":{"@id":"https:\/\/agenciainfra.com\/blog\/autoridade-portuaria-de-santos-prepara-leilao-da-area-sts08\/#primaryimage"},"thumbnailUrl":"https:\/\/agenciainfra.com\/blog\/wp-content\/uploads\/2020\/08\/sts08-sts08a-foto-spa.jpeg","keywords":["Ag\u00eancia Portu\u00e1ria","ag\u00eancia reguladora","Alemoa","Anderson Pomini","ANTAQ","APS","\u00e1rea industrial","autoridade portu\u00e1ria","Autoridade Portu\u00e1ria de Santos","B3","Concess\u00e3o portu\u00e1ria","Gest\u00e3o Portu\u00e1ria","Gran\u00e9is l\u00edquidos","investimento em infraestrutura","leil\u00e3o portu\u00e1rio","Petrobras","Santos","Santos Port Authority","SPA","STS08","TCU","terminal portu\u00e1rio","transporte aquavi\u00e1rio","transportes aquavi\u00e1rios"],"articleSection":["Destaque lista","Geral","iNFRATransporte"],"inLanguage":"pt-BR","copyrightYear":"2024","copyrightHolder":{"@id":"https:\/\/agenciainfra.com\/blog\/#organization"}},{"@type":"WebPage","@id":"https:\/\/agenciainfra.com\/blog\/autoridade-portuaria-de-santos-prepara-leilao-da-area-sts08\/","url":"https:\/\/agenciainfra.com\/blog\/autoridade-portuaria-de-santos-prepara-leilao-da-area-sts08\/","name":"Autoridade Portu\u00e1ria de Santos prepara leil\u00e3o da \u00e1rea STS08 - Ag\u00eancia iNFRA","isPartOf":{"@id":"https:\/\/agenciainfra.com\/blog\/#website"},"primaryImageOfPage":{"@id":"https:\/\/agenciainfra.com\/blog\/autoridade-portuaria-de-santos-prepara-leilao-da-area-sts08\/#primaryimage"},"image":{"@id":"https:\/\/agenciainfra.com\/blog\/autoridade-portuaria-de-santos-prepara-leilao-da-area-sts08\/#primaryimage"},"thumbnailUrl":"https:\/\/agenciainfra.com\/blog\/wp-content\/uploads\/2020\/08\/sts08-sts08a-foto-spa.jpeg","datePublished":"2024-05-20T20:00:00+00:00","dateModified":"2024-05-22T13:17:55+00:00","breadcrumb":{"@id":"https:\/\/agenciainfra.com\/blog\/autoridade-portuaria-de-santos-prepara-leilao-da-area-sts08\/#breadcrumb"},"inLanguage":"pt-BR","potentialAction":[{"@type":"ReadAction","target":["https:\/\/agenciainfra.com\/blog\/autoridade-portuaria-de-santos-prepara-leilao-da-area-sts08\/"]}]},{"@type":"ImageObject","inLanguage":"pt-BR","@id":"https:\/\/agenciainfra.com\/blog\/autoridade-portuaria-de-santos-prepara-leilao-da-area-sts08\/#primaryimage","url":"https:\/\/agenciainfra.com\/blog\/wp-content\/uploads\/2020\/08\/sts08-sts08a-foto-spa.jpeg","contentUrl":"https:\/\/agenciainfra.com\/blog\/wp-content\/uploads\/2020\/08\/sts08-sts08a-foto-spa.jpeg","width":1280,"height":747,"caption":"Foto: Autoridade Portu\u00e1ria de Santos"},{"@type":"BreadcrumbList","@id":"https:\/\/agenciainfra.com\/blog\/autoridade-portuaria-de-santos-prepara-leilao-da-area-sts08\/#breadcrumb","itemListElement":[{"@type":"ListItem","position":1,"name":"In\u00edcio","item":"https:\/\/agenciainfra.com\/blog\/"},{"@type":"ListItem","position":2,"name":"Autoridade Portu\u00e1ria de Santos prepara leil\u00e3o da \u00e1rea STS08"}]},{"@type":"WebSite","@id":"https:\/\/agenciainfra.com\/blog\/#website","url":"https:\/\/agenciainfra.com\/blog\/","name":"Ag\u00eancia iNFRA","description":"Multiplataforma de informa\u00e7\u00e3o jornal\u00edstica refer\u00eancia na \u00e1rea de infraestrutura no Brasil!","publisher":{"@id":"https:\/\/agenciainfra.com\/blog\/#organization"},"potentialAction":[{"@type":"SearchAction","target":{"@type":"EntryPoint","urlTemplate":"https:\/\/agenciainfra.com\/blog\/?s={search_term_string}"},"query-input":{"@type":"PropertyValueSpecification","valueRequired":true,"valueName":"search_term_string"}}],"inLanguage":"pt-BR"},{"@type":"Organization","@id":"https:\/\/agenciainfra.com\/blog\/#organization","name":"Ag\u00eancia iNFRA","url":"https:\/\/agenciainfra.com\/blog\/","logo":{"@type":"ImageObject","inLanguage":"pt-BR","@id":"https:\/\/agenciainfra.com\/blog\/#\/schema\/logo\/image\/","url":"https:\/\/agenciainfra.com\/blog\/wp-content\/uploads\/2023\/09\/iNFRA_5-e1761735885940.png","contentUrl":"https:\/\/agenciainfra.com\/blog\/wp-content\/uploads\/2023\/09\/iNFRA_5-e1761735885940.png","width":1672,"height":454,"caption":"Ag\u00eancia iNFRA"},"image":{"@id":"https:\/\/agenciainfra.com\/blog\/#\/schema\/logo\/image\/"},"sameAs":["https:\/\/www.facebook.com\/ageninfra","https:\/\/x.com\/agencia_infra","https:\/\/www.linkedin.com\/company\/ag\u00eanciainfra\/","https:\/\/www.instagram.com\/agenciainfra\/"]},{"@type":"Person","@id":"https:\/\/agenciainfra.com\/blog\/#\/schema\/person\/34af08dff6adea4cb22b06612ba7acfa","name":"Ag\u00eancia iNFRA","image":{"@type":"ImageObject","inLanguage":"pt-BR","@id":"https:\/\/agenciainfra.com\/blog\/#\/schema\/person\/image\/","url":"https:\/\/secure.gravatar.com\/avatar\/d189e01678f06d8eb84d4e01f08eb848b3fffe3f8443818d3c356c66892f5be8?s=96&d=mm&r=g","contentUrl":"https:\/\/secure.gravatar.com\/avatar\/d189e01678f06d8eb84d4e01f08eb848b3fffe3f8443818d3c356c66892f5be8?s=96&d=mm&r=g","caption":"Ag\u00eancia iNFRA"},"url":"https:\/\/agenciainfra.com\/blog\/author\/admin\/"}]}},"_links":{"self":[{"href":"https:\/\/agenciainfra.com\/blog\/wp-json\/wp\/v2\/posts\/16742","targetHints":{"allow":["GET"]}}],"collection":[{"href":"https:\/\/agenciainfra.com\/blog\/wp-json\/wp\/v2\/posts"}],"about":[{"href":"https:\/\/agenciainfra.com\/blog\/wp-json\/wp\/v2\/types\/post"}],"author":[{"embeddable":true,"href":"https:\/\/agenciainfra.com\/blog\/wp-json\/wp\/v2\/users\/1"}],"replies":[{"embeddable":true,"href":"https:\/\/agenciainfra.com\/blog\/wp-json\/wp\/v2\/comments?post=16742"}],"version-history":[{"count":1,"href":"https:\/\/agenciainfra.com\/blog\/wp-json\/wp\/v2\/posts\/16742\/revisions"}],"predecessor-version":[{"id":16743,"href":"https:\/\/agenciainfra.com\/blog\/wp-json\/wp\/v2\/posts\/16742\/revisions\/16743"}],"wp:featuredmedia":[{"embeddable":true,"href":"https:\/\/agenciainfra.com\/blog\/wp-json\/wp\/v2\/media\/5555"}],"wp:attachment":[{"href":"https:\/\/agenciainfra.com\/blog\/wp-json\/wp\/v2\/media?parent=16742"}],"wp:term":[{"taxonomy":"category","embeddable":true,"href":"https:\/\/agenciainfra.com\/blog\/wp-json\/wp\/v2\/categories?post=16742"},{"taxonomy":"post_tag","embeddable":true,"href":"https:\/\/agenciainfra.com\/blog\/wp-json\/wp\/v2\/tags?post=16742"}],"curies":[{"name":"wp","href":"https:\/\/api.w.org\/{rel}","templated":true}]}}