{"id":16811,"date":"2024-05-24T07:00:00","date_gmt":"2024-05-24T10:00:00","guid":{"rendered":"https:\/\/agenciainfra.com\/blog\/?p=16811"},"modified":"2026-03-13T09:40:23","modified_gmt":"2026-03-13T12:40:23","slug":"tcu-aponta-como-insuficiente-o-controle-da-antt-para-fiscalizacao-de-investimentos-na-malha-paulista","status":"publish","type":"post","link":"https:\/\/agenciainfra.com\/blog\/tcu-aponta-como-insuficiente-o-controle-da-antt-para-fiscalizacao-de-investimentos-na-malha-paulista\/","title":{"rendered":"TCU aponta como insuficiente o controle da ANTT para fiscaliza\u00e7\u00e3o de investimentos na Malha Paulista"},"content":{"rendered":"\n<p class=\"has-text-align-right\"><strong>Elisa Costa,&nbsp;da&nbsp;Ag\u00eancia iNFRA<\/strong><\/p>\n\n\n\n<p>O\u00a0TCU\u00a0(Tribunal de Contas\u00a0da\u00a0Uni\u00e3o) avaliou\u00a0que s\u00e3o\u00a0insuficientes os controles e procedimentos implementados pela\u00a0ANTT\u00a0(Ag\u00eancia Nacional de Transportes Terrestres)\u00a0para\u00a0a\u00a0fiscaliza\u00e7\u00e3o\u00a0da\u00a0execu\u00e7\u00e3o\u00a0dos\u00a0investimentos\u00a0obrigat\u00f3rios previstos\u00a0na\u00a0prorroga\u00e7\u00e3o\u00a0antecipada\u00a0da\u00a0ferrovia\u00a0Malha\u00a0Paulista,\u00a0da\u00a0Rumo.<br><br>Na\u00a0avalia\u00e7\u00e3o\u00a0dos ministros, em processo que trata do tema, votado\u00a0na\u00a0sess\u00e3o\u00a0plen\u00e1ria da \u00faltima quarta-feira (22), isso pode prejudicar a\u00a0fiscaliza\u00e7\u00e3o\u00a0de todos os contratos renovados do setor, al\u00e9m do\u00a0da\u00a0Malha\u00a0Paulista, todos com cl\u00e1usulas obrigat\u00f3rias de\u00a0investimentos\u00a0com prazos rigorosos.<br><br>A aus\u00eancia de cl\u00e1usulas contratuais que prevejam san\u00e7\u00f5es graduais \u00e0 concession\u00e1ria por atrasos\u00a0na\u00a0realiza\u00e7\u00e3o\u00a0de\u00a0investimentos, \u201co\u00a0que exp\u00f5e a car\u00eancia de mecanismos que assegurem a ader\u00eancia cont\u00ednua aos termos contratados\u201d, foi criticada pelo relator do processo, ministro Jhonatan de Jesus. A san\u00e7\u00e3o\u00a0prevista nos atrasos \u00e9 um reequil\u00edbrio, que resulta em pagamento de mais outorga, ou a caducidade dos contratos, medida extrema.<br><br>Para\u00a0o\u00a0relator, os atrasos\u00a0na\u00a0realiza\u00e7\u00e3o\u00a0de\u00a0investimentos\u00a0podem comprometer a finalidade\u00a0da\u00a0prorroga\u00e7\u00e3o, que determina a entrega de obras no escopo e prazo pactuados. \u201cA\u00a0ANTT\u00a0tem que atuar de maneira diligente e efetiva\u00a0para\u00a0assegurar os\u00a0investimentos\u00a0conforme\u00a0o\u00a0cronograma estabelecido\u201d, comentou em seu voto.\u00a0<br><br>O\u00a0processo do\u00a0TCU\u00a0em quest\u00e3o\u00a0foi aberto logo ap\u00f3s a concess\u00e3o\u00a0ter tido seu contrato renovado, em 2020, com determina\u00e7\u00e3o\u00a0expressa\u00a0da\u00a0realiza\u00e7\u00e3o\u00a0de R$ 2,9 bilh\u00f5es em\u00a0investimentos\u00a0em cinco anos,\u00a0para\u00a0monitorar se\u00a0o\u00a0programa estava sendo cumprido. A constata\u00e7\u00e3o\u00a0foi de que, j\u00e1 no primeiro ano,\u00a0o\u00a0percentual executado foi muito abaixo do pactuado em contrato.\u00a0<br><br>Eram previstos 21\u00a0investimentos, no valor de mais de R$ 568 milh\u00f5es, contudo, a\u00a0ANTT\u00a0considerou \u201cdevidamente conclu\u00eddos\u201d apenas 12\u00a0investimentos, que totalizam R$ 99,2 milh\u00f5es.\u00a0<br><br>A empresa justificou que\u00a0o\u00a0n\u00e3o\u00a0cumprimento das interven\u00e7\u00f5es se deu por \u201crestri\u00e7\u00f5es municipais em decorr\u00eancia\u00a0da\u00a0pandemia de covid-19, negativa de munic\u00edpios\u00a0na\u00a0autoriza\u00e7\u00e3o\u00a0de obras, interfer\u00eancias com redes de concession\u00e1rias do setor de energia el\u00e9trica, falta de licen\u00e7as ambientais, falhas em projetos e quest\u00f5es afetas \u00e0s desapropria\u00e7\u00f5es\u201d, mas\u00a0o\u00a0TCU\u00a0rebateu, dizendo que os prazos j\u00e1 eram de seu conhecimento.<br><br>Esse processo de monitoramento\u00a0da\u00a0concess\u00e3o\u00a0foi pautado\u00a0para\u00a0ser votado ano passado, mas acabou retirado de pauta porque corria em paralelo um processo\u00a0para\u00a0a repactua\u00e7\u00e3o\u00a0do contrato,\u00a0na\u00a0Secretaria de Solu\u00e7\u00e3o\u00a0Consensual e Preven\u00e7\u00e3o\u00a0de Conflitos do tribunal.<br><br>O\u00a0acordo de\u00a0repactua\u00e7\u00e3o, encerrado\u00a0no fim de 2023,\u00a0resultou\u00a0na\u00a0amplia\u00e7\u00e3o\u00a0do prazo\u00a0para\u00a0a execu\u00e7\u00e3o\u00a0das obras\u00a0da\u00a0Malha\u00a0Paulista. Com a reprograma\u00e7\u00e3o\u00a0de\u00a0investimentos, algumas obras podem ficar prontas somente em 2028 e n\u00e3o\u00a0haver\u00e1 puni\u00e7\u00e3o\u00a0pelos atrasos,\u00a0como\u00a0<a href=\"https:\/\/agenciainfra.us14.list-manage.com\/track\/click?u=d460dd1bcf9ba0ae040e1fc0f&amp;id=ef44f9ea5f&amp;e=f0fa444791\" target=\"_blank\" rel=\"noreferrer noopener\">mostrou<\/a>\u00a0a\u00a0<strong>Ag\u00eancia iNFRA<\/strong>\u00a0anteriormente, com a empresa se comprometendo a pagar uma esp\u00e9cie de indeniza\u00e7\u00e3o\u00a0ao governo.<br><br><strong>Transpar\u00eancia<\/strong><br>Em seu\u00a0<a href=\"https:\/\/agenciainfra.us14.list-manage.com\/track\/click?u=d460dd1bcf9ba0ae040e1fc0f&amp;id=f76c3947dc&amp;e=f0fa444791\" target=\"_blank\" rel=\"noreferrer noopener\">voto<\/a>,\u00a0o\u00a0ministro Jhonatan de Jesus destacou ainda a import\u00e2ncia de adotar a transpar\u00eancia sobre as informa\u00e7\u00f5es do andamento\u00a0da\u00a0execu\u00e7\u00e3o\u00a0dos\u00a0investimentos\u00a0na\u00a0Malha\u00a0Paulista, tanto das obriga\u00e7\u00f5es pendentes quanto das j\u00e1 vencidas. Segundo ele, durante a avalia\u00e7\u00e3o, foi registrada a dificuldade em obter, junto \u00e0 ag\u00eancia, tais informa\u00e7\u00f5es.<br><br>O\u00a0ac\u00f3rd\u00e3o\u00a0recomendou que a\u00a0ANTT\u00a0considere causas de atrasos no planejamento de futuros termos aditivos, que incorpore fiscaliza\u00e7\u00f5es concomitantes \u00e0 execu\u00e7\u00e3o\u00a0dos\u00a0investimentos\u00a0obrigat\u00f3rios, que reforce seus mecanismos fiscalizat\u00f3rios e regulat\u00f3rios e que estabele\u00e7a crit\u00e9rios\u00a0para\u00a0sele\u00e7\u00e3o\u00a0de empresas especializadas.<br><br>Tamb\u00e9m foi determinado que a ag\u00eancia apresente um plano\u00a0para\u00a0cumprir\u00a0previs\u00e3o\u00a0a Lei de Ferrovias (<a href=\"https:\/\/agenciainfra.us14.list-manage.com\/track\/click?u=d460dd1bcf9ba0ae040e1fc0f&amp;id=bebd845410&amp;e=f0fa444791\" target=\"_blank\" rel=\"noreferrer noopener\">14.273\/2021<\/a>) que previa a regulamenta\u00e7\u00e3o, em seis meses,\u00a0da\u00a0forma\u00a0como\u00a0a ag\u00eancia daria um prazo a mais de um ano\u00a0para\u00a0a execu\u00e7\u00e3o\u00a0de obras previstas em contratos ferrovi\u00e1rios.\u00a0O\u00a0per\u00edodo a mais foi dado por causa das Covid-19.\u00a0<br><br><strong>Porto de Aratu<\/strong><br>Na\u00a0sess\u00e3o\u00a0desta ter\u00e7a,\u00a0o\u00a0TCU\u00a0tamb\u00e9m analisou processo sobre suposta irregularidade\u00a0da\u00a0ANTAQ (Ag\u00eancia Nacional de Transportes Aquavi\u00e1rios)\u00a0na\u00a0autoriza\u00e7\u00e3o\u00a0emergencial dada ao terminal ATU18, no Porto de Aratu (BA),\u00a0para\u00a0a movimenta\u00e7\u00e3o\u00a0de fertilizantes,\u00a0o\u00a0que n\u00e3o\u00a0estava previsto\u00a0como\u00a0carga do terminal.\u00a0O\u00a0ministro relator, Antonio Anastasia, considerou que n\u00e3o\u00a0houve irregularidade\u00a0na\u00a0autoriza\u00e7\u00e3o\u00a0emergencial.<br><br>O\u00a0<a href=\"https:\/\/agenciainfra.us14.list-manage.com\/track\/click?u=d460dd1bcf9ba0ae040e1fc0f&amp;id=815a77d563&amp;e=f0fa444791\" target=\"_blank\" rel=\"noreferrer noopener\">ac\u00f3rd\u00e3o<\/a>\u00a0indica que, caso seja identificado desequil\u00edbrio econ\u00f4mico-financeiro no contrato de arrendamento com a opera\u00e7\u00e3o\u00a0emergencial, ap\u00f3s\u00a0o\u00a0encerramento\u00a0da\u00a0opera\u00e7\u00e3o\u00a0com os fertilizantes, configuraria ilegalidade a aus\u00eancia de ado\u00e7\u00e3o\u00a0de medidas concretas e eficazes visando\u00a0o\u00a0seu reequil\u00edbrio.<br><br><strong>Vota\u00e7\u00e3o\u00a0adiada<\/strong><br>O\u00a0processo que trata de auditoria de conformidade\u00a0da\u00a0gest\u00e3o\u00a0financeira do Minha Casa\u00a0Minha Vida tamb\u00e9m estava pautado\u00a0para\u00a0a sess\u00e3o\u00a0plen\u00e1ria da \u00faltima ter\u00e7a-feira (22), contudo a sua delibera\u00e7\u00e3o\u00a0foi adiada\u00a0para\u00a0a pr\u00f3xima sess\u00e3o, devido \u00e0 aus\u00eancia do relator, ministro Weder de Oliveira.<\/p>\n","protected":false},"excerpt":{"rendered":"<p>Elisa Costa,&nbsp;da&nbsp;Ag\u00eancia iNFRA O\u00a0TCU\u00a0(Tribunal de Contas\u00a0da\u00a0Uni\u00e3o) avaliou\u00a0que s\u00e3o\u00a0insuficientes os controles e procedimentos implementados pela\u00a0ANTT\u00a0(Ag\u00eancia Nacional de Transportes Terrestres)\u00a0para\u00a0a\u00a0fiscaliza\u00e7\u00e3o\u00a0da\u00a0execu\u00e7\u00e3o\u00a0dos\u00a0investimentos\u00a0obrigat\u00f3rios previstos\u00a0na\u00a0prorroga\u00e7\u00e3o\u00a0antecipada\u00a0da\u00a0ferrovia\u00a0Malha\u00a0Paulista,\u00a0da\u00a0Rumo. Na\u00a0avalia\u00e7\u00e3o\u00a0dos ministros, em processo que trata do tema, votado\u00a0na\u00a0sess\u00e3o\u00a0plen\u00e1ria da \u00faltima quarta-feira (22), isso pode prejudicar a\u00a0fiscaliza\u00e7\u00e3o\u00a0de todos os contratos renovados do setor, al\u00e9m do\u00a0da\u00a0Malha\u00a0Paulista, todos com cl\u00e1usulas obrigat\u00f3rias de\u00a0investimentos\u00a0com prazos rigorosos. A aus\u00eancia de cl\u00e1usulas [&hellip;]<\/p>\n","protected":false},"author":1,"featured_media":13241,"comment_status":"closed","ping_status":"closed","sticky":false,"template":"","format":"standard","meta":{"_monsterinsights_skip_tracking":false,"_monsterinsights_sitenote_active":false,"_monsterinsights_sitenote_note":"","_monsterinsights_sitenote_category":0,"footnotes":""},"categories":[7250,9714,1,7],"tags":[19,2689,380,32,85,1936,9717,80,18,2575],"class_list":["post-16811","post","type-post","status-publish","format-standard","has-post-thumbnail","hentry","category-destaque-lista","category-destaque-menor","category-geral","category-infratransporte","tag-antt","tag-concessao-ferroviaria","tag-fiscalizacao","tag-investimentos","tag-malha-paulista","tag-pandemia","tag-prorrogacao-de-contrato","tag-rumo","tag-tcu","tag-transparencia"],"yoast_head":"<!-- This site is optimized with the Yoast SEO Premium plugin v25.4 (Yoast SEO v26.0) - https:\/\/yoast.com\/wordpress\/plugins\/seo\/ -->\n<title>TCU aponta como insuficiente o controle da ANTT para fiscaliza\u00e7\u00e3o de investimentos na Malha Paulista - Ag\u00eancia iNFRA<\/title>\n<meta name=\"robots\" content=\"index, follow, max-snippet:-1, max-image-preview:large, max-video-preview:-1\" \/>\n<link rel=\"canonical\" href=\"https:\/\/agenciainfra.com\/blog\/tcu-aponta-como-insuficiente-o-controle-da-antt-para-fiscalizacao-de-investimentos-na-malha-paulista\/\" \/>\n<meta property=\"og:locale\" content=\"pt_BR\" \/>\n<meta property=\"og:type\" content=\"article\" \/>\n<meta property=\"og:title\" content=\"TCU aponta como insuficiente o controle da ANTT para fiscaliza\u00e7\u00e3o de investimentos na Malha Paulista\" \/>\n<meta property=\"og:description\" content=\"Elisa Costa,&nbsp;da&nbsp;Ag\u00eancia iNFRA O\u00a0TCU\u00a0(Tribunal de Contas\u00a0da\u00a0Uni\u00e3o) avaliou\u00a0que s\u00e3o\u00a0insuficientes os controles e procedimentos implementados pela\u00a0ANTT\u00a0(Ag\u00eancia Nacional de Transportes Terrestres)\u00a0para\u00a0a\u00a0fiscaliza\u00e7\u00e3o\u00a0da\u00a0execu\u00e7\u00e3o\u00a0dos\u00a0investimentos\u00a0obrigat\u00f3rios previstos\u00a0na\u00a0prorroga\u00e7\u00e3o\u00a0antecipada\u00a0da\u00a0ferrovia\u00a0Malha\u00a0Paulista,\u00a0da\u00a0Rumo. Na\u00a0avalia\u00e7\u00e3o\u00a0dos ministros, em processo que trata do tema, votado\u00a0na\u00a0sess\u00e3o\u00a0plen\u00e1ria da \u00faltima quarta-feira (22), isso pode prejudicar a\u00a0fiscaliza\u00e7\u00e3o\u00a0de todos os contratos renovados do setor, al\u00e9m do\u00a0da\u00a0Malha\u00a0Paulista, todos com cl\u00e1usulas obrigat\u00f3rias de\u00a0investimentos\u00a0com prazos rigorosos. A aus\u00eancia de cl\u00e1usulas [&hellip;]\" \/>\n<meta property=\"og:url\" content=\"https:\/\/agenciainfra.com\/blog\/tcu-aponta-como-insuficiente-o-controle-da-antt-para-fiscalizacao-de-investimentos-na-malha-paulista\/\" \/>\n<meta property=\"og:site_name\" content=\"Ag\u00eancia iNFRA\" \/>\n<meta property=\"article:publisher\" content=\"https:\/\/www.facebook.com\/ageninfra\" \/>\n<meta property=\"article:published_time\" content=\"2024-05-24T10:00:00+00:00\" \/>\n<meta property=\"article:modified_time\" content=\"2026-03-13T12:40:23+00:00\" \/>\n<meta property=\"og:image\" content=\"https:\/\/agenciainfra.com\/blog\/wp-content\/uploads\/2023\/08\/jhonatan-de-jesus-2-foto-tcu.jpg\" \/>\n\t<meta property=\"og:image:width\" content=\"1202\" \/>\n\t<meta property=\"og:image:height\" content=\"802\" \/>\n\t<meta property=\"og:image:type\" content=\"image\/jpeg\" \/>\n<meta name=\"author\" content=\"Ag\u00eancia iNFRA\" \/>\n<meta name=\"twitter:card\" content=\"summary_large_image\" \/>\n<meta name=\"twitter:creator\" content=\"@agencia_infra\" \/>\n<meta name=\"twitter:site\" content=\"@agencia_infra\" \/>\n<meta name=\"twitter:label1\" content=\"Escrito por\" \/>\n\t<meta name=\"twitter:data1\" content=\"Ag\u00eancia iNFRA\" \/>\n\t<meta name=\"twitter:label2\" content=\"Est. tempo de leitura\" \/>\n\t<meta name=\"twitter:data2\" content=\"4 minutos\" \/>\n<script type=\"application\/ld+json\" class=\"yoast-schema-graph\">{\"@context\":\"https:\/\/schema.org\",\"@graph\":[{\"@type\":\"Article\",\"@id\":\"https:\/\/agenciainfra.com\/blog\/tcu-aponta-como-insuficiente-o-controle-da-antt-para-fiscalizacao-de-investimentos-na-malha-paulista\/#article\",\"isPartOf\":{\"@id\":\"https:\/\/agenciainfra.com\/blog\/tcu-aponta-como-insuficiente-o-controle-da-antt-para-fiscalizacao-de-investimentos-na-malha-paulista\/\"},\"author\":{\"name\":\"Ag\u00eancia iNFRA\",\"@id\":\"https:\/\/agenciainfra.com\/blog\/#\/schema\/person\/34af08dff6adea4cb22b06612ba7acfa\"},\"headline\":\"TCU aponta como insuficiente o controle da ANTT para fiscaliza\u00e7\u00e3o de investimentos na Malha Paulista\",\"datePublished\":\"2024-05-24T10:00:00+00:00\",\"dateModified\":\"2026-03-13T12:40:23+00:00\",\"mainEntityOfPage\":{\"@id\":\"https:\/\/agenciainfra.com\/blog\/tcu-aponta-como-insuficiente-o-controle-da-antt-para-fiscalizacao-de-investimentos-na-malha-paulista\/\"},\"wordCount\":871,\"publisher\":{\"@id\":\"https:\/\/agenciainfra.com\/blog\/#organization\"},\"image\":{\"@id\":\"https:\/\/agenciainfra.com\/blog\/tcu-aponta-como-insuficiente-o-controle-da-antt-para-fiscalizacao-de-investimentos-na-malha-paulista\/#primaryimage\"},\"thumbnailUrl\":\"https:\/\/agenciainfra.com\/blog\/wp-content\/uploads\/2023\/08\/jhonatan-de-jesus-2-foto-tcu.jpg\",\"keywords\":[\"ANTT\",\"concess\u00e3o ferrovi\u00e1ria\",\"fiscaliza\u00e7\u00e3o\",\"Investimentos\",\"Malha Paulista\",\"pandemia\",\"Prorroga\u00e7\u00e3o de Contrato\",\"Rumo\",\"TCU\",\"transpar\u00eancia\"],\"articleSection\":[\"Destaque lista\",\"Destaque Menor\",\"Geral\",\"iNFRATransporte\"],\"inLanguage\":\"pt-BR\",\"copyrightYear\":\"2024\",\"copyrightHolder\":{\"@id\":\"https:\/\/agenciainfra.com\/blog\/#organization\"}},{\"@type\":\"WebPage\",\"@id\":\"https:\/\/agenciainfra.com\/blog\/tcu-aponta-como-insuficiente-o-controle-da-antt-para-fiscalizacao-de-investimentos-na-malha-paulista\/\",\"url\":\"https:\/\/agenciainfra.com\/blog\/tcu-aponta-como-insuficiente-o-controle-da-antt-para-fiscalizacao-de-investimentos-na-malha-paulista\/\",\"name\":\"TCU aponta como insuficiente o controle da ANTT para fiscaliza\u00e7\u00e3o de investimentos na Malha Paulista - Ag\u00eancia iNFRA\",\"isPartOf\":{\"@id\":\"https:\/\/agenciainfra.com\/blog\/#website\"},\"primaryImageOfPage\":{\"@id\":\"https:\/\/agenciainfra.com\/blog\/tcu-aponta-como-insuficiente-o-controle-da-antt-para-fiscalizacao-de-investimentos-na-malha-paulista\/#primaryimage\"},\"image\":{\"@id\":\"https:\/\/agenciainfra.com\/blog\/tcu-aponta-como-insuficiente-o-controle-da-antt-para-fiscalizacao-de-investimentos-na-malha-paulista\/#primaryimage\"},\"thumbnailUrl\":\"https:\/\/agenciainfra.com\/blog\/wp-content\/uploads\/2023\/08\/jhonatan-de-jesus-2-foto-tcu.jpg\",\"datePublished\":\"2024-05-24T10:00:00+00:00\",\"dateModified\":\"2026-03-13T12:40:23+00:00\",\"breadcrumb\":{\"@id\":\"https:\/\/agenciainfra.com\/blog\/tcu-aponta-como-insuficiente-o-controle-da-antt-para-fiscalizacao-de-investimentos-na-malha-paulista\/#breadcrumb\"},\"inLanguage\":\"pt-BR\",\"potentialAction\":[{\"@type\":\"ReadAction\",\"target\":[\"https:\/\/agenciainfra.com\/blog\/tcu-aponta-como-insuficiente-o-controle-da-antt-para-fiscalizacao-de-investimentos-na-malha-paulista\/\"]}]},{\"@type\":\"ImageObject\",\"inLanguage\":\"pt-BR\",\"@id\":\"https:\/\/agenciainfra.com\/blog\/tcu-aponta-como-insuficiente-o-controle-da-antt-para-fiscalizacao-de-investimentos-na-malha-paulista\/#primaryimage\",\"url\":\"https:\/\/agenciainfra.com\/blog\/wp-content\/uploads\/2023\/08\/jhonatan-de-jesus-2-foto-tcu.jpg\",\"contentUrl\":\"https:\/\/agenciainfra.com\/blog\/wp-content\/uploads\/2023\/08\/jhonatan-de-jesus-2-foto-tcu.jpg\",\"width\":1202,\"height\":802},{\"@type\":\"BreadcrumbList\",\"@id\":\"https:\/\/agenciainfra.com\/blog\/tcu-aponta-como-insuficiente-o-controle-da-antt-para-fiscalizacao-de-investimentos-na-malha-paulista\/#breadcrumb\",\"itemListElement\":[{\"@type\":\"ListItem\",\"position\":1,\"name\":\"In\u00edcio\",\"item\":\"https:\/\/agenciainfra.com\/blog\/\"},{\"@type\":\"ListItem\",\"position\":2,\"name\":\"TCU aponta como insuficiente o controle da ANTT para fiscaliza\u00e7\u00e3o de investimentos na Malha Paulista\"}]},{\"@type\":\"WebSite\",\"@id\":\"https:\/\/agenciainfra.com\/blog\/#website\",\"url\":\"https:\/\/agenciainfra.com\/blog\/\",\"name\":\"Ag\u00eancia iNFRA\",\"description\":\"Multiplataforma de informa\u00e7\u00e3o jornal\u00edstica refer\u00eancia na \u00e1rea de infraestrutura no Brasil!\",\"publisher\":{\"@id\":\"https:\/\/agenciainfra.com\/blog\/#organization\"},\"potentialAction\":[{\"@type\":\"SearchAction\",\"target\":{\"@type\":\"EntryPoint\",\"urlTemplate\":\"https:\/\/agenciainfra.com\/blog\/?s={search_term_string}\"},\"query-input\":{\"@type\":\"PropertyValueSpecification\",\"valueRequired\":true,\"valueName\":\"search_term_string\"}}],\"inLanguage\":\"pt-BR\"},{\"@type\":\"Organization\",\"@id\":\"https:\/\/agenciainfra.com\/blog\/#organization\",\"name\":\"Ag\u00eancia iNFRA\",\"url\":\"https:\/\/agenciainfra.com\/blog\/\",\"logo\":{\"@type\":\"ImageObject\",\"inLanguage\":\"pt-BR\",\"@id\":\"https:\/\/agenciainfra.com\/blog\/#\/schema\/logo\/image\/\",\"url\":\"https:\/\/agenciainfra.com\/blog\/wp-content\/uploads\/2023\/09\/iNFRA_5-e1761735885940.png\",\"contentUrl\":\"https:\/\/agenciainfra.com\/blog\/wp-content\/uploads\/2023\/09\/iNFRA_5-e1761735885940.png\",\"width\":1672,\"height\":454,\"caption\":\"Ag\u00eancia iNFRA\"},\"image\":{\"@id\":\"https:\/\/agenciainfra.com\/blog\/#\/schema\/logo\/image\/\"},\"sameAs\":[\"https:\/\/www.facebook.com\/ageninfra\",\"https:\/\/x.com\/agencia_infra\",\"https:\/\/www.linkedin.com\/company\/ag\u00eanciainfra\/\",\"https:\/\/www.instagram.com\/agenciainfra\/\"]},{\"@type\":\"Person\",\"@id\":\"https:\/\/agenciainfra.com\/blog\/#\/schema\/person\/34af08dff6adea4cb22b06612ba7acfa\",\"name\":\"Ag\u00eancia iNFRA\",\"image\":{\"@type\":\"ImageObject\",\"inLanguage\":\"pt-BR\",\"@id\":\"https:\/\/agenciainfra.com\/blog\/#\/schema\/person\/image\/\",\"url\":\"https:\/\/secure.gravatar.com\/avatar\/d189e01678f06d8eb84d4e01f08eb848b3fffe3f8443818d3c356c66892f5be8?s=96&d=mm&r=g\",\"contentUrl\":\"https:\/\/secure.gravatar.com\/avatar\/d189e01678f06d8eb84d4e01f08eb848b3fffe3f8443818d3c356c66892f5be8?s=96&d=mm&r=g\",\"caption\":\"Ag\u00eancia iNFRA\"},\"url\":\"https:\/\/agenciainfra.com\/blog\/author\/admin\/\"}]}<\/script>\n<!-- \/ Yoast SEO Premium plugin. -->","yoast_head_json":{"title":"TCU aponta como insuficiente o controle da ANTT para fiscaliza\u00e7\u00e3o de investimentos na Malha Paulista - Ag\u00eancia iNFRA","robots":{"index":"index","follow":"follow","max-snippet":"max-snippet:-1","max-image-preview":"max-image-preview:large","max-video-preview":"max-video-preview:-1"},"canonical":"https:\/\/agenciainfra.com\/blog\/tcu-aponta-como-insuficiente-o-controle-da-antt-para-fiscalizacao-de-investimentos-na-malha-paulista\/","og_locale":"pt_BR","og_type":"article","og_title":"TCU aponta como insuficiente o controle da ANTT para fiscaliza\u00e7\u00e3o de investimentos na Malha Paulista","og_description":"Elisa Costa,&nbsp;da&nbsp;Ag\u00eancia iNFRA O\u00a0TCU\u00a0(Tribunal de Contas\u00a0da\u00a0Uni\u00e3o) avaliou\u00a0que s\u00e3o\u00a0insuficientes os controles e procedimentos implementados pela\u00a0ANTT\u00a0(Ag\u00eancia Nacional de Transportes Terrestres)\u00a0para\u00a0a\u00a0fiscaliza\u00e7\u00e3o\u00a0da\u00a0execu\u00e7\u00e3o\u00a0dos\u00a0investimentos\u00a0obrigat\u00f3rios previstos\u00a0na\u00a0prorroga\u00e7\u00e3o\u00a0antecipada\u00a0da\u00a0ferrovia\u00a0Malha\u00a0Paulista,\u00a0da\u00a0Rumo. Na\u00a0avalia\u00e7\u00e3o\u00a0dos ministros, em processo que trata do tema, votado\u00a0na\u00a0sess\u00e3o\u00a0plen\u00e1ria da \u00faltima quarta-feira (22), isso pode prejudicar a\u00a0fiscaliza\u00e7\u00e3o\u00a0de todos os contratos renovados do setor, al\u00e9m do\u00a0da\u00a0Malha\u00a0Paulista, todos com cl\u00e1usulas obrigat\u00f3rias de\u00a0investimentos\u00a0com prazos rigorosos. A aus\u00eancia de cl\u00e1usulas [&hellip;]","og_url":"https:\/\/agenciainfra.com\/blog\/tcu-aponta-como-insuficiente-o-controle-da-antt-para-fiscalizacao-de-investimentos-na-malha-paulista\/","og_site_name":"Ag\u00eancia iNFRA","article_publisher":"https:\/\/www.facebook.com\/ageninfra","article_published_time":"2024-05-24T10:00:00+00:00","article_modified_time":"2026-03-13T12:40:23+00:00","og_image":[{"width":1202,"height":802,"url":"https:\/\/agenciainfra.com\/blog\/wp-content\/uploads\/2023\/08\/jhonatan-de-jesus-2-foto-tcu.jpg","type":"image\/jpeg"}],"author":"Ag\u00eancia iNFRA","twitter_card":"summary_large_image","twitter_creator":"@agencia_infra","twitter_site":"@agencia_infra","twitter_misc":{"Escrito por":"Ag\u00eancia iNFRA","Est. tempo de leitura":"4 minutos"},"schema":{"@context":"https:\/\/schema.org","@graph":[{"@type":"Article","@id":"https:\/\/agenciainfra.com\/blog\/tcu-aponta-como-insuficiente-o-controle-da-antt-para-fiscalizacao-de-investimentos-na-malha-paulista\/#article","isPartOf":{"@id":"https:\/\/agenciainfra.com\/blog\/tcu-aponta-como-insuficiente-o-controle-da-antt-para-fiscalizacao-de-investimentos-na-malha-paulista\/"},"author":{"name":"Ag\u00eancia iNFRA","@id":"https:\/\/agenciainfra.com\/blog\/#\/schema\/person\/34af08dff6adea4cb22b06612ba7acfa"},"headline":"TCU aponta como insuficiente o controle da ANTT para fiscaliza\u00e7\u00e3o de investimentos na Malha Paulista","datePublished":"2024-05-24T10:00:00+00:00","dateModified":"2026-03-13T12:40:23+00:00","mainEntityOfPage":{"@id":"https:\/\/agenciainfra.com\/blog\/tcu-aponta-como-insuficiente-o-controle-da-antt-para-fiscalizacao-de-investimentos-na-malha-paulista\/"},"wordCount":871,"publisher":{"@id":"https:\/\/agenciainfra.com\/blog\/#organization"},"image":{"@id":"https:\/\/agenciainfra.com\/blog\/tcu-aponta-como-insuficiente-o-controle-da-antt-para-fiscalizacao-de-investimentos-na-malha-paulista\/#primaryimage"},"thumbnailUrl":"https:\/\/agenciainfra.com\/blog\/wp-content\/uploads\/2023\/08\/jhonatan-de-jesus-2-foto-tcu.jpg","keywords":["ANTT","concess\u00e3o ferrovi\u00e1ria","fiscaliza\u00e7\u00e3o","Investimentos","Malha Paulista","pandemia","Prorroga\u00e7\u00e3o de Contrato","Rumo","TCU","transpar\u00eancia"],"articleSection":["Destaque lista","Destaque Menor","Geral","iNFRATransporte"],"inLanguage":"pt-BR","copyrightYear":"2024","copyrightHolder":{"@id":"https:\/\/agenciainfra.com\/blog\/#organization"}},{"@type":"WebPage","@id":"https:\/\/agenciainfra.com\/blog\/tcu-aponta-como-insuficiente-o-controle-da-antt-para-fiscalizacao-de-investimentos-na-malha-paulista\/","url":"https:\/\/agenciainfra.com\/blog\/tcu-aponta-como-insuficiente-o-controle-da-antt-para-fiscalizacao-de-investimentos-na-malha-paulista\/","name":"TCU aponta como insuficiente o controle da ANTT para fiscaliza\u00e7\u00e3o de investimentos na Malha Paulista - Ag\u00eancia iNFRA","isPartOf":{"@id":"https:\/\/agenciainfra.com\/blog\/#website"},"primaryImageOfPage":{"@id":"https:\/\/agenciainfra.com\/blog\/tcu-aponta-como-insuficiente-o-controle-da-antt-para-fiscalizacao-de-investimentos-na-malha-paulista\/#primaryimage"},"image":{"@id":"https:\/\/agenciainfra.com\/blog\/tcu-aponta-como-insuficiente-o-controle-da-antt-para-fiscalizacao-de-investimentos-na-malha-paulista\/#primaryimage"},"thumbnailUrl":"https:\/\/agenciainfra.com\/blog\/wp-content\/uploads\/2023\/08\/jhonatan-de-jesus-2-foto-tcu.jpg","datePublished":"2024-05-24T10:00:00+00:00","dateModified":"2026-03-13T12:40:23+00:00","breadcrumb":{"@id":"https:\/\/agenciainfra.com\/blog\/tcu-aponta-como-insuficiente-o-controle-da-antt-para-fiscalizacao-de-investimentos-na-malha-paulista\/#breadcrumb"},"inLanguage":"pt-BR","potentialAction":[{"@type":"ReadAction","target":["https:\/\/agenciainfra.com\/blog\/tcu-aponta-como-insuficiente-o-controle-da-antt-para-fiscalizacao-de-investimentos-na-malha-paulista\/"]}]},{"@type":"ImageObject","inLanguage":"pt-BR","@id":"https:\/\/agenciainfra.com\/blog\/tcu-aponta-como-insuficiente-o-controle-da-antt-para-fiscalizacao-de-investimentos-na-malha-paulista\/#primaryimage","url":"https:\/\/agenciainfra.com\/blog\/wp-content\/uploads\/2023\/08\/jhonatan-de-jesus-2-foto-tcu.jpg","contentUrl":"https:\/\/agenciainfra.com\/blog\/wp-content\/uploads\/2023\/08\/jhonatan-de-jesus-2-foto-tcu.jpg","width":1202,"height":802},{"@type":"BreadcrumbList","@id":"https:\/\/agenciainfra.com\/blog\/tcu-aponta-como-insuficiente-o-controle-da-antt-para-fiscalizacao-de-investimentos-na-malha-paulista\/#breadcrumb","itemListElement":[{"@type":"ListItem","position":1,"name":"In\u00edcio","item":"https:\/\/agenciainfra.com\/blog\/"},{"@type":"ListItem","position":2,"name":"TCU aponta como insuficiente o controle da ANTT para fiscaliza\u00e7\u00e3o de investimentos na Malha Paulista"}]},{"@type":"WebSite","@id":"https:\/\/agenciainfra.com\/blog\/#website","url":"https:\/\/agenciainfra.com\/blog\/","name":"Ag\u00eancia iNFRA","description":"Multiplataforma de informa\u00e7\u00e3o jornal\u00edstica refer\u00eancia na \u00e1rea de infraestrutura no Brasil!","publisher":{"@id":"https:\/\/agenciainfra.com\/blog\/#organization"},"potentialAction":[{"@type":"SearchAction","target":{"@type":"EntryPoint","urlTemplate":"https:\/\/agenciainfra.com\/blog\/?s={search_term_string}"},"query-input":{"@type":"PropertyValueSpecification","valueRequired":true,"valueName":"search_term_string"}}],"inLanguage":"pt-BR"},{"@type":"Organization","@id":"https:\/\/agenciainfra.com\/blog\/#organization","name":"Ag\u00eancia iNFRA","url":"https:\/\/agenciainfra.com\/blog\/","logo":{"@type":"ImageObject","inLanguage":"pt-BR","@id":"https:\/\/agenciainfra.com\/blog\/#\/schema\/logo\/image\/","url":"https:\/\/agenciainfra.com\/blog\/wp-content\/uploads\/2023\/09\/iNFRA_5-e1761735885940.png","contentUrl":"https:\/\/agenciainfra.com\/blog\/wp-content\/uploads\/2023\/09\/iNFRA_5-e1761735885940.png","width":1672,"height":454,"caption":"Ag\u00eancia iNFRA"},"image":{"@id":"https:\/\/agenciainfra.com\/blog\/#\/schema\/logo\/image\/"},"sameAs":["https:\/\/www.facebook.com\/ageninfra","https:\/\/x.com\/agencia_infra","https:\/\/www.linkedin.com\/company\/ag\u00eanciainfra\/","https:\/\/www.instagram.com\/agenciainfra\/"]},{"@type":"Person","@id":"https:\/\/agenciainfra.com\/blog\/#\/schema\/person\/34af08dff6adea4cb22b06612ba7acfa","name":"Ag\u00eancia iNFRA","image":{"@type":"ImageObject","inLanguage":"pt-BR","@id":"https:\/\/agenciainfra.com\/blog\/#\/schema\/person\/image\/","url":"https:\/\/secure.gravatar.com\/avatar\/d189e01678f06d8eb84d4e01f08eb848b3fffe3f8443818d3c356c66892f5be8?s=96&d=mm&r=g","contentUrl":"https:\/\/secure.gravatar.com\/avatar\/d189e01678f06d8eb84d4e01f08eb848b3fffe3f8443818d3c356c66892f5be8?s=96&d=mm&r=g","caption":"Ag\u00eancia iNFRA"},"url":"https:\/\/agenciainfra.com\/blog\/author\/admin\/"}]}},"_links":{"self":[{"href":"https:\/\/agenciainfra.com\/blog\/wp-json\/wp\/v2\/posts\/16811","targetHints":{"allow":["GET"]}}],"collection":[{"href":"https:\/\/agenciainfra.com\/blog\/wp-json\/wp\/v2\/posts"}],"about":[{"href":"https:\/\/agenciainfra.com\/blog\/wp-json\/wp\/v2\/types\/post"}],"author":[{"embeddable":true,"href":"https:\/\/agenciainfra.com\/blog\/wp-json\/wp\/v2\/users\/1"}],"replies":[{"embeddable":true,"href":"https:\/\/agenciainfra.com\/blog\/wp-json\/wp\/v2\/comments?post=16811"}],"version-history":[{"count":1,"href":"https:\/\/agenciainfra.com\/blog\/wp-json\/wp\/v2\/posts\/16811\/revisions"}],"predecessor-version":[{"id":16812,"href":"https:\/\/agenciainfra.com\/blog\/wp-json\/wp\/v2\/posts\/16811\/revisions\/16812"}],"wp:featuredmedia":[{"embeddable":true,"href":"https:\/\/agenciainfra.com\/blog\/wp-json\/wp\/v2\/media\/13241"}],"wp:attachment":[{"href":"https:\/\/agenciainfra.com\/blog\/wp-json\/wp\/v2\/media?parent=16811"}],"wp:term":[{"taxonomy":"category","embeddable":true,"href":"https:\/\/agenciainfra.com\/blog\/wp-json\/wp\/v2\/categories?post=16811"},{"taxonomy":"post_tag","embeddable":true,"href":"https:\/\/agenciainfra.com\/blog\/wp-json\/wp\/v2\/tags?post=16811"}],"curies":[{"name":"wp","href":"https:\/\/api.w.org\/{rel}","templated":true}]}}