{"id":16815,"date":"2024-05-24T09:00:00","date_gmt":"2024-05-24T12:00:00","guid":{"rendered":"https:\/\/agenciainfra.com\/blog\/?p=16815"},"modified":"2024-05-24T08:28:38","modified_gmt":"2024-05-24T11:28:38","slug":"planos-setoriais-de-portos-e-hidrovias-vao-a-consulta-publica-separadamente","status":"publish","type":"post","link":"https:\/\/agenciainfra.com\/blog\/planos-setoriais-de-portos-e-hidrovias-vao-a-consulta-publica-separadamente\/","title":{"rendered":"Planos setoriais de portos e hidrovias v\u00e3o \u00e0 consulta p\u00fablica separadamente"},"content":{"rendered":"\n<p class=\"has-text-align-right\"><strong>da Ag\u00eancia iNFRA<\/strong><\/p>\n\n\n\n<p>O Minist\u00e9rio de&nbsp;Portos&nbsp;e Aeroportos vai apresentar propostas separadas de&nbsp;portos&nbsp;e de&nbsp;hidrovias&nbsp;nas consultas p\u00fablicas sobre os&nbsp;planos&nbsp;setoriais&nbsp;de transportes dentro do PNL 2035 (Plano Nacional de Log\u00edstica 2035).&nbsp;<br><br>A informa\u00e7\u00e3o \u00e9 do diretor de Programa da Secretaria Executiva da pasta, Tetsu Koike, que explicou o fato de a pasta n\u00e3o ter apresentado os seus&nbsp;planos&nbsp;em conjunto com os do Minist\u00e9rio dos Transportes para rodovias e ferrovias, duas semanas atr\u00e1s, por necessidade de uma revis\u00e3o para integrar as propostas ao projeto do Novo PAC.<br><br>&#8220;N\u00e3o quisemos publicar algo que n\u00e3o estava ajustado com a nova carteira do PAC. Estamos agora colocando essa vis\u00e3o&#8221;, explicou o diretor, que acredita que entre 15 e 30 dias ser\u00e1 poss\u00edvel apresentar a proposta a&nbsp;consulta.<br><br>O setor de&nbsp;hidrovias&nbsp;foi separado recentemente da \u00e1rea portu\u00e1ria no minist\u00e9rio, com a cria\u00e7\u00e3o de uma secretaria para o tema. Segundo Tetsu, \u00e9 ela quem est\u00e1 trabalhando no projeto de plano setorial para o setor, que tem recebido uma maior aten\u00e7\u00e3o por parte do governo nos anos mais recentes.<br><br>As consultas p\u00fablicas dos&nbsp;planos&nbsp;setoriais&nbsp;do PNL 2035 s\u00e3o o in\u00edcio da etapa final do ciclo de planejamento do setor, iniciado em 2020, e que deveria ter terminado em 2023, mas atrasou. O novo ciclo do PNL, o planejamento para 2055, teve um marco importante na semana passada com a&nbsp;publica\u00e7\u00e3o do&nbsp;<a href=\"https:\/\/agenciainfra.us14.list-manage.com\/track\/click?u=d460dd1bcf9ba0ae040e1fc0f&amp;id=d9dc0329a3&amp;e=f0fa444791\" target=\"_blank\" rel=\"noreferrer noopener\">Decreto 12.022\/2024<\/a>, estabelecendo uma&nbsp;integra\u00e7\u00e3o entre v\u00e1rios setores do governo para a execu\u00e7\u00e3o do PIT (Plano Integrado de Transportes).<br><br>Para o diretor da pasta, \u00e9 esperado e natural que o governo que entra queira fazer adapta\u00e7\u00f5es no modelo de planejamento e alterar suas diretrizes, citando como exemplo de impacto a mudan\u00e7a na determina\u00e7\u00e3o de privatiza\u00e7\u00e3o de autoridades portu\u00e1rias do governo anterior, que foi alterada na nova gest\u00e3o.&nbsp;<br><br>Tetsu elogiou o trabalho do TCU (Tribunal de Contas da Uni\u00e3o) na fiscaliza\u00e7\u00e3o do processo de planejamento do setor de transportes, atribuindo parte dos avan\u00e7os \u00e0 colabora\u00e7\u00e3o do \u00f3rg\u00e3o de controle. Para ele, o fato de o novo modelo de planejamento ter vindo por decreto ser\u00e1 fundamental para a pr\u00f3xima etapa ser bem sucedida.<br><br><strong>&#8220;Indicativo de perenidade&#8221;<\/strong><br>Al\u00e9m disso, para o diretor, a participa\u00e7\u00e3o do Comit\u00ea Gestor do PAC da Casa Civil e do Minist\u00e9rio do Planejamento e Or\u00e7amento \u00e9 um &#8220;excelente indicativo de perenidade para o plano&#8221;, que ainda estar\u00e1 numa curva de aprendizagem no pr\u00f3ximo ciclo do PIT.<br><br>&#8220;Temos ainda um longo caminho a percorrer. Mas estamos trabalhando nisso desde 2020, pelo menos, integrado entre as diferentes \u00e1reas&#8221;, lembrou Tetsu, citando o modelo que vinha em pr\u00e1tica na gest\u00e3o anterior com a&nbsp;<a href=\"https:\/\/agenciainfra.us14.list-manage.com\/track\/click?u=d460dd1bcf9ba0ae040e1fc0f&amp;id=e1ad732070&amp;e=f0fa444791\" target=\"_blank\" rel=\"noreferrer noopener\">Portaria 123\/2020<\/a>.<br><br><strong>Desafio da integra\u00e7\u00e3o com estados<\/strong><br>Para ele, o maior desafio na pr\u00f3xima etapa de planejamento ser\u00e1 a integra\u00e7\u00e3o com os&nbsp;planos&nbsp;dos estados e munic\u00edpios, prevista no decreto, o que imp\u00f5e necessidade de uma participa\u00e7\u00e3o e an\u00e1lise muito maior.&nbsp;Esses desafios, na vis\u00e3o do diretor, ter\u00e3o que ser enfrentados se o pa\u00eds quiser ter um real planejamento para o setor.<br><br>Ele conta que, ainda no PAC 2, a falta de integra\u00e7\u00e3o entre projetos federais e de estados quase amea\u00e7ou o desenvolvimento do porto de Suape (PE), j\u00e1 que todos os acessos rodovi\u00e1rios \u00e0 unidade s\u00e3o por estradas estaduais. A integra\u00e7\u00e3o permitiu que os investimentos federais no porto viessem junto com um processo de concess\u00e3o da rodovia estadual, o que viabilizou as opera\u00e7\u00f5es.<br><br>&#8220;A log\u00edstica n\u00e3o quer saber de limites e compet\u00eancias. Ela quer passar com a carga&#8221;, afirmou Tetsu.<\/p>\n","protected":false},"excerpt":{"rendered":"<p>da Ag\u00eancia iNFRA O Minist\u00e9rio de&nbsp;Portos&nbsp;e Aeroportos vai apresentar propostas separadas de&nbsp;portos&nbsp;e de&nbsp;hidrovias&nbsp;nas consultas p\u00fablicas sobre os&nbsp;planos&nbsp;setoriais&nbsp;de transportes dentro do PNL 2035 (Plano Nacional de Log\u00edstica 2035).&nbsp; A informa\u00e7\u00e3o \u00e9 do diretor de Programa da Secretaria Executiva da pasta, Tetsu Koike, que explicou o fato de a pasta n\u00e3o ter apresentado os seus&nbsp;planos&nbsp;em conjunto com [&hellip;]<\/p>\n","protected":false},"author":1,"featured_media":10654,"comment_status":"closed","ping_status":"closed","sticky":false,"template":"","format":"standard","meta":{"_monsterinsights_skip_tracking":false,"_monsterinsights_sitenote_active":false,"_monsterinsights_sitenote_note":"","_monsterinsights_sitenote_category":0,"footnotes":""},"categories":[7250,1,7],"tags":[1344,9719,7234,355,34,66,6257,9718,16,5992,3189,9721,9612,2972,4772,1358,3912,3509,310,3190,9720,253,18,1883,70],"class_list":["post-16815","post","type-post","status-publish","format-standard","has-post-thumbnail","hentry","category-destaque-lista","category-geral","category-infratransporte","tag-casa-civil","tag-comite-gestor","tag-consultas-publicas","tag-hidrovias","tag-infraestrutura","tag-logistica","tag-ministerio-de-portos-e-aeroportos","tag-ministerio-do-planejamento-e-orcamento","tag-ministerio-dos-transportes","tag-novo-pac","tag-pac","tag-pac-2","tag-pit","tag-planejamento-setorial","tag-plano-integrado-de-transportes","tag-plano-nacional-de-logistica","tag-pnl-2035","tag-portaria-123-2020","tag-portos","tag-programa-de-aceleracao-do-crescimento","tag-secretaria-executiva","tag-suape","tag-tcu","tag-tetsu-koike","tag-transportes"],"yoast_head":"<!-- This site is optimized with the Yoast SEO Premium plugin v25.4 (Yoast SEO v26.0) - https:\/\/yoast.com\/wordpress\/plugins\/seo\/ -->\n<title>Planos setoriais de portos e hidrovias v\u00e3o \u00e0 consulta p\u00fablica separadamente - Ag\u00eancia iNFRA<\/title>\n<meta name=\"robots\" content=\"index, follow, max-snippet:-1, max-image-preview:large, max-video-preview:-1\" \/>\n<link rel=\"canonical\" href=\"https:\/\/agenciainfra.com\/blog\/planos-setoriais-de-portos-e-hidrovias-vao-a-consulta-publica-separadamente\/\" \/>\n<meta property=\"og:locale\" content=\"pt_BR\" \/>\n<meta property=\"og:type\" content=\"article\" \/>\n<meta property=\"og:title\" content=\"Planos setoriais de portos e hidrovias v\u00e3o \u00e0 consulta p\u00fablica separadamente\" \/>\n<meta property=\"og:description\" content=\"da Ag\u00eancia iNFRA O Minist\u00e9rio de&nbsp;Portos&nbsp;e Aeroportos vai apresentar propostas separadas de&nbsp;portos&nbsp;e de&nbsp;hidrovias&nbsp;nas consultas p\u00fablicas sobre os&nbsp;planos&nbsp;setoriais&nbsp;de transportes dentro do PNL 2035 (Plano Nacional de Log\u00edstica 2035).&nbsp; A informa\u00e7\u00e3o \u00e9 do diretor de Programa da Secretaria Executiva da pasta, Tetsu Koike, que explicou o fato de a pasta n\u00e3o ter apresentado os seus&nbsp;planos&nbsp;em conjunto com [&hellip;]\" \/>\n<meta property=\"og:url\" content=\"https:\/\/agenciainfra.com\/blog\/planos-setoriais-de-portos-e-hidrovias-vao-a-consulta-publica-separadamente\/\" \/>\n<meta property=\"og:site_name\" content=\"Ag\u00eancia iNFRA\" \/>\n<meta property=\"article:publisher\" content=\"https:\/\/www.facebook.com\/ageninfra\" \/>\n<meta property=\"article:published_time\" content=\"2024-05-24T12:00:00+00:00\" \/>\n<meta property=\"og:image\" content=\"https:\/\/agenciainfra.com\/blog\/wp-content\/uploads\/2022\/06\/rio-hidrovia-foto-marcelo-camargo-agencia-brasil.jpg\" \/>\n\t<meta property=\"og:image:width\" content=\"1300\" \/>\n\t<meta property=\"og:image:height\" content=\"778\" \/>\n\t<meta property=\"og:image:type\" content=\"image\/jpeg\" \/>\n<meta name=\"author\" content=\"Ag\u00eancia iNFRA\" \/>\n<meta name=\"twitter:card\" content=\"summary_large_image\" \/>\n<meta name=\"twitter:creator\" content=\"@agencia_infra\" \/>\n<meta name=\"twitter:site\" content=\"@agencia_infra\" \/>\n<meta name=\"twitter:label1\" content=\"Escrito por\" \/>\n\t<meta name=\"twitter:data1\" content=\"Ag\u00eancia iNFRA\" \/>\n\t<meta name=\"twitter:label2\" content=\"Est. tempo de leitura\" \/>\n\t<meta name=\"twitter:data2\" content=\"3 minutos\" \/>\n<script type=\"application\/ld+json\" class=\"yoast-schema-graph\">{\"@context\":\"https:\/\/schema.org\",\"@graph\":[{\"@type\":\"Article\",\"@id\":\"https:\/\/agenciainfra.com\/blog\/planos-setoriais-de-portos-e-hidrovias-vao-a-consulta-publica-separadamente\/#article\",\"isPartOf\":{\"@id\":\"https:\/\/agenciainfra.com\/blog\/planos-setoriais-de-portos-e-hidrovias-vao-a-consulta-publica-separadamente\/\"},\"author\":{\"name\":\"Ag\u00eancia iNFRA\",\"@id\":\"https:\/\/agenciainfra.com\/blog\/#\/schema\/person\/34af08dff6adea4cb22b06612ba7acfa\"},\"headline\":\"Planos setoriais de portos e hidrovias v\u00e3o \u00e0 consulta p\u00fablica separadamente\",\"datePublished\":\"2024-05-24T12:00:00+00:00\",\"mainEntityOfPage\":{\"@id\":\"https:\/\/agenciainfra.com\/blog\/planos-setoriais-de-portos-e-hidrovias-vao-a-consulta-publica-separadamente\/\"},\"wordCount\":657,\"publisher\":{\"@id\":\"https:\/\/agenciainfra.com\/blog\/#organization\"},\"image\":{\"@id\":\"https:\/\/agenciainfra.com\/blog\/planos-setoriais-de-portos-e-hidrovias-vao-a-consulta-publica-separadamente\/#primaryimage\"},\"thumbnailUrl\":\"https:\/\/agenciainfra.com\/blog\/wp-content\/uploads\/2022\/06\/rio-hidrovia-foto-marcelo-camargo-agencia-brasil.jpg\",\"keywords\":[\"Casa Civil\",\"Comit\u00ea Gestor\",\"consultas p\u00fablicas\",\"hidrovias\",\"Infraestrutura\",\"log\u00edstica\",\"Minist\u00e9rio de Portos e Aeroportos\",\"Minist\u00e9rio do Planejamento e Or\u00e7amento\",\"minist\u00e9rio dos transportes\",\"Novo PAC\",\"PAC\",\"PAC 2\",\"PIT\",\"planejamento setorial\",\"Plano Integrado de Transportes\",\"Plano Nacional de Log\u00edstica\",\"PNL 2035\",\"Portaria 123\/2020\",\"portos\",\"Programa de Acelera\u00e7\u00e3o do Crescimento\",\"Secretaria Executiva\",\"Suape\",\"TCU\",\"Tetsu Koike\",\"transportes\"],\"articleSection\":[\"Destaque lista\",\"Geral\",\"iNFRATransporte\"],\"inLanguage\":\"pt-BR\",\"copyrightYear\":\"2024\",\"copyrightHolder\":{\"@id\":\"https:\/\/agenciainfra.com\/blog\/#organization\"}},{\"@type\":\"WebPage\",\"@id\":\"https:\/\/agenciainfra.com\/blog\/planos-setoriais-de-portos-e-hidrovias-vao-a-consulta-publica-separadamente\/\",\"url\":\"https:\/\/agenciainfra.com\/blog\/planos-setoriais-de-portos-e-hidrovias-vao-a-consulta-publica-separadamente\/\",\"name\":\"Planos setoriais de portos e hidrovias v\u00e3o \u00e0 consulta p\u00fablica separadamente - Ag\u00eancia iNFRA\",\"isPartOf\":{\"@id\":\"https:\/\/agenciainfra.com\/blog\/#website\"},\"primaryImageOfPage\":{\"@id\":\"https:\/\/agenciainfra.com\/blog\/planos-setoriais-de-portos-e-hidrovias-vao-a-consulta-publica-separadamente\/#primaryimage\"},\"image\":{\"@id\":\"https:\/\/agenciainfra.com\/blog\/planos-setoriais-de-portos-e-hidrovias-vao-a-consulta-publica-separadamente\/#primaryimage\"},\"thumbnailUrl\":\"https:\/\/agenciainfra.com\/blog\/wp-content\/uploads\/2022\/06\/rio-hidrovia-foto-marcelo-camargo-agencia-brasil.jpg\",\"datePublished\":\"2024-05-24T12:00:00+00:00\",\"breadcrumb\":{\"@id\":\"https:\/\/agenciainfra.com\/blog\/planos-setoriais-de-portos-e-hidrovias-vao-a-consulta-publica-separadamente\/#breadcrumb\"},\"inLanguage\":\"pt-BR\",\"potentialAction\":[{\"@type\":\"ReadAction\",\"target\":[\"https:\/\/agenciainfra.com\/blog\/planos-setoriais-de-portos-e-hidrovias-vao-a-consulta-publica-separadamente\/\"]}]},{\"@type\":\"ImageObject\",\"inLanguage\":\"pt-BR\",\"@id\":\"https:\/\/agenciainfra.com\/blog\/planos-setoriais-de-portos-e-hidrovias-vao-a-consulta-publica-separadamente\/#primaryimage\",\"url\":\"https:\/\/agenciainfra.com\/blog\/wp-content\/uploads\/2022\/06\/rio-hidrovia-foto-marcelo-camargo-agencia-brasil.jpg\",\"contentUrl\":\"https:\/\/agenciainfra.com\/blog\/wp-content\/uploads\/2022\/06\/rio-hidrovia-foto-marcelo-camargo-agencia-brasil.jpg\",\"width\":1300,\"height\":778,\"caption\":\"Manaus, AM, Brasil: Porto do Ceasa, no Rio Negro, em Manaus. (Foto: Marcelo Camargo\/Ag\u00eancia Brasil)\"},{\"@type\":\"BreadcrumbList\",\"@id\":\"https:\/\/agenciainfra.com\/blog\/planos-setoriais-de-portos-e-hidrovias-vao-a-consulta-publica-separadamente\/#breadcrumb\",\"itemListElement\":[{\"@type\":\"ListItem\",\"position\":1,\"name\":\"In\u00edcio\",\"item\":\"https:\/\/agenciainfra.com\/blog\/\"},{\"@type\":\"ListItem\",\"position\":2,\"name\":\"Planos setoriais de portos e hidrovias v\u00e3o \u00e0 consulta p\u00fablica separadamente\"}]},{\"@type\":\"WebSite\",\"@id\":\"https:\/\/agenciainfra.com\/blog\/#website\",\"url\":\"https:\/\/agenciainfra.com\/blog\/\",\"name\":\"Ag\u00eancia iNFRA\",\"description\":\"Multiplataforma de informa\u00e7\u00e3o jornal\u00edstica refer\u00eancia na \u00e1rea de infraestrutura no Brasil!\",\"publisher\":{\"@id\":\"https:\/\/agenciainfra.com\/blog\/#organization\"},\"potentialAction\":[{\"@type\":\"SearchAction\",\"target\":{\"@type\":\"EntryPoint\",\"urlTemplate\":\"https:\/\/agenciainfra.com\/blog\/?s={search_term_string}\"},\"query-input\":{\"@type\":\"PropertyValueSpecification\",\"valueRequired\":true,\"valueName\":\"search_term_string\"}}],\"inLanguage\":\"pt-BR\"},{\"@type\":\"Organization\",\"@id\":\"https:\/\/agenciainfra.com\/blog\/#organization\",\"name\":\"Ag\u00eancia iNFRA\",\"url\":\"https:\/\/agenciainfra.com\/blog\/\",\"logo\":{\"@type\":\"ImageObject\",\"inLanguage\":\"pt-BR\",\"@id\":\"https:\/\/agenciainfra.com\/blog\/#\/schema\/logo\/image\/\",\"url\":\"https:\/\/agenciainfra.com\/blog\/wp-content\/uploads\/2023\/09\/iNFRA_5-e1761735885940.png\",\"contentUrl\":\"https:\/\/agenciainfra.com\/blog\/wp-content\/uploads\/2023\/09\/iNFRA_5-e1761735885940.png\",\"width\":1672,\"height\":454,\"caption\":\"Ag\u00eancia iNFRA\"},\"image\":{\"@id\":\"https:\/\/agenciainfra.com\/blog\/#\/schema\/logo\/image\/\"},\"sameAs\":[\"https:\/\/www.facebook.com\/ageninfra\",\"https:\/\/x.com\/agencia_infra\",\"https:\/\/www.linkedin.com\/company\/ag\u00eanciainfra\/\",\"https:\/\/www.instagram.com\/agenciainfra\/\"]},{\"@type\":\"Person\",\"@id\":\"https:\/\/agenciainfra.com\/blog\/#\/schema\/person\/34af08dff6adea4cb22b06612ba7acfa\",\"name\":\"Ag\u00eancia iNFRA\",\"image\":{\"@type\":\"ImageObject\",\"inLanguage\":\"pt-BR\",\"@id\":\"https:\/\/agenciainfra.com\/blog\/#\/schema\/person\/image\/\",\"url\":\"https:\/\/secure.gravatar.com\/avatar\/d189e01678f06d8eb84d4e01f08eb848b3fffe3f8443818d3c356c66892f5be8?s=96&d=mm&r=g\",\"contentUrl\":\"https:\/\/secure.gravatar.com\/avatar\/d189e01678f06d8eb84d4e01f08eb848b3fffe3f8443818d3c356c66892f5be8?s=96&d=mm&r=g\",\"caption\":\"Ag\u00eancia iNFRA\"},\"url\":\"https:\/\/agenciainfra.com\/blog\/author\/admin\/\"}]}<\/script>\n<!-- \/ Yoast SEO Premium plugin. -->","yoast_head_json":{"title":"Planos setoriais de portos e hidrovias v\u00e3o \u00e0 consulta p\u00fablica separadamente - Ag\u00eancia iNFRA","robots":{"index":"index","follow":"follow","max-snippet":"max-snippet:-1","max-image-preview":"max-image-preview:large","max-video-preview":"max-video-preview:-1"},"canonical":"https:\/\/agenciainfra.com\/blog\/planos-setoriais-de-portos-e-hidrovias-vao-a-consulta-publica-separadamente\/","og_locale":"pt_BR","og_type":"article","og_title":"Planos setoriais de portos e hidrovias v\u00e3o \u00e0 consulta p\u00fablica separadamente","og_description":"da Ag\u00eancia iNFRA O Minist\u00e9rio de&nbsp;Portos&nbsp;e Aeroportos vai apresentar propostas separadas de&nbsp;portos&nbsp;e de&nbsp;hidrovias&nbsp;nas consultas p\u00fablicas sobre os&nbsp;planos&nbsp;setoriais&nbsp;de transportes dentro do PNL 2035 (Plano Nacional de Log\u00edstica 2035).&nbsp; A informa\u00e7\u00e3o \u00e9 do diretor de Programa da Secretaria Executiva da pasta, Tetsu Koike, que explicou o fato de a pasta n\u00e3o ter apresentado os seus&nbsp;planos&nbsp;em conjunto com [&hellip;]","og_url":"https:\/\/agenciainfra.com\/blog\/planos-setoriais-de-portos-e-hidrovias-vao-a-consulta-publica-separadamente\/","og_site_name":"Ag\u00eancia iNFRA","article_publisher":"https:\/\/www.facebook.com\/ageninfra","article_published_time":"2024-05-24T12:00:00+00:00","og_image":[{"width":1300,"height":778,"url":"https:\/\/agenciainfra.com\/blog\/wp-content\/uploads\/2022\/06\/rio-hidrovia-foto-marcelo-camargo-agencia-brasil.jpg","type":"image\/jpeg"}],"author":"Ag\u00eancia iNFRA","twitter_card":"summary_large_image","twitter_creator":"@agencia_infra","twitter_site":"@agencia_infra","twitter_misc":{"Escrito por":"Ag\u00eancia iNFRA","Est. tempo de leitura":"3 minutos"},"schema":{"@context":"https:\/\/schema.org","@graph":[{"@type":"Article","@id":"https:\/\/agenciainfra.com\/blog\/planos-setoriais-de-portos-e-hidrovias-vao-a-consulta-publica-separadamente\/#article","isPartOf":{"@id":"https:\/\/agenciainfra.com\/blog\/planos-setoriais-de-portos-e-hidrovias-vao-a-consulta-publica-separadamente\/"},"author":{"name":"Ag\u00eancia iNFRA","@id":"https:\/\/agenciainfra.com\/blog\/#\/schema\/person\/34af08dff6adea4cb22b06612ba7acfa"},"headline":"Planos setoriais de portos e hidrovias v\u00e3o \u00e0 consulta p\u00fablica separadamente","datePublished":"2024-05-24T12:00:00+00:00","mainEntityOfPage":{"@id":"https:\/\/agenciainfra.com\/blog\/planos-setoriais-de-portos-e-hidrovias-vao-a-consulta-publica-separadamente\/"},"wordCount":657,"publisher":{"@id":"https:\/\/agenciainfra.com\/blog\/#organization"},"image":{"@id":"https:\/\/agenciainfra.com\/blog\/planos-setoriais-de-portos-e-hidrovias-vao-a-consulta-publica-separadamente\/#primaryimage"},"thumbnailUrl":"https:\/\/agenciainfra.com\/blog\/wp-content\/uploads\/2022\/06\/rio-hidrovia-foto-marcelo-camargo-agencia-brasil.jpg","keywords":["Casa Civil","Comit\u00ea Gestor","consultas p\u00fablicas","hidrovias","Infraestrutura","log\u00edstica","Minist\u00e9rio de Portos e Aeroportos","Minist\u00e9rio do Planejamento e Or\u00e7amento","minist\u00e9rio dos transportes","Novo PAC","PAC","PAC 2","PIT","planejamento setorial","Plano Integrado de Transportes","Plano Nacional de Log\u00edstica","PNL 2035","Portaria 123\/2020","portos","Programa de Acelera\u00e7\u00e3o do Crescimento","Secretaria Executiva","Suape","TCU","Tetsu Koike","transportes"],"articleSection":["Destaque lista","Geral","iNFRATransporte"],"inLanguage":"pt-BR","copyrightYear":"2024","copyrightHolder":{"@id":"https:\/\/agenciainfra.com\/blog\/#organization"}},{"@type":"WebPage","@id":"https:\/\/agenciainfra.com\/blog\/planos-setoriais-de-portos-e-hidrovias-vao-a-consulta-publica-separadamente\/","url":"https:\/\/agenciainfra.com\/blog\/planos-setoriais-de-portos-e-hidrovias-vao-a-consulta-publica-separadamente\/","name":"Planos setoriais de portos e hidrovias v\u00e3o \u00e0 consulta p\u00fablica separadamente - Ag\u00eancia iNFRA","isPartOf":{"@id":"https:\/\/agenciainfra.com\/blog\/#website"},"primaryImageOfPage":{"@id":"https:\/\/agenciainfra.com\/blog\/planos-setoriais-de-portos-e-hidrovias-vao-a-consulta-publica-separadamente\/#primaryimage"},"image":{"@id":"https:\/\/agenciainfra.com\/blog\/planos-setoriais-de-portos-e-hidrovias-vao-a-consulta-publica-separadamente\/#primaryimage"},"thumbnailUrl":"https:\/\/agenciainfra.com\/blog\/wp-content\/uploads\/2022\/06\/rio-hidrovia-foto-marcelo-camargo-agencia-brasil.jpg","datePublished":"2024-05-24T12:00:00+00:00","breadcrumb":{"@id":"https:\/\/agenciainfra.com\/blog\/planos-setoriais-de-portos-e-hidrovias-vao-a-consulta-publica-separadamente\/#breadcrumb"},"inLanguage":"pt-BR","potentialAction":[{"@type":"ReadAction","target":["https:\/\/agenciainfra.com\/blog\/planos-setoriais-de-portos-e-hidrovias-vao-a-consulta-publica-separadamente\/"]}]},{"@type":"ImageObject","inLanguage":"pt-BR","@id":"https:\/\/agenciainfra.com\/blog\/planos-setoriais-de-portos-e-hidrovias-vao-a-consulta-publica-separadamente\/#primaryimage","url":"https:\/\/agenciainfra.com\/blog\/wp-content\/uploads\/2022\/06\/rio-hidrovia-foto-marcelo-camargo-agencia-brasil.jpg","contentUrl":"https:\/\/agenciainfra.com\/blog\/wp-content\/uploads\/2022\/06\/rio-hidrovia-foto-marcelo-camargo-agencia-brasil.jpg","width":1300,"height":778,"caption":"Manaus, AM, Brasil: Porto do Ceasa, no Rio Negro, em Manaus. (Foto: Marcelo Camargo\/Ag\u00eancia Brasil)"},{"@type":"BreadcrumbList","@id":"https:\/\/agenciainfra.com\/blog\/planos-setoriais-de-portos-e-hidrovias-vao-a-consulta-publica-separadamente\/#breadcrumb","itemListElement":[{"@type":"ListItem","position":1,"name":"In\u00edcio","item":"https:\/\/agenciainfra.com\/blog\/"},{"@type":"ListItem","position":2,"name":"Planos setoriais de portos e hidrovias v\u00e3o \u00e0 consulta p\u00fablica separadamente"}]},{"@type":"WebSite","@id":"https:\/\/agenciainfra.com\/blog\/#website","url":"https:\/\/agenciainfra.com\/blog\/","name":"Ag\u00eancia iNFRA","description":"Multiplataforma de informa\u00e7\u00e3o jornal\u00edstica refer\u00eancia na \u00e1rea de infraestrutura no Brasil!","publisher":{"@id":"https:\/\/agenciainfra.com\/blog\/#organization"},"potentialAction":[{"@type":"SearchAction","target":{"@type":"EntryPoint","urlTemplate":"https:\/\/agenciainfra.com\/blog\/?s={search_term_string}"},"query-input":{"@type":"PropertyValueSpecification","valueRequired":true,"valueName":"search_term_string"}}],"inLanguage":"pt-BR"},{"@type":"Organization","@id":"https:\/\/agenciainfra.com\/blog\/#organization","name":"Ag\u00eancia iNFRA","url":"https:\/\/agenciainfra.com\/blog\/","logo":{"@type":"ImageObject","inLanguage":"pt-BR","@id":"https:\/\/agenciainfra.com\/blog\/#\/schema\/logo\/image\/","url":"https:\/\/agenciainfra.com\/blog\/wp-content\/uploads\/2023\/09\/iNFRA_5-e1761735885940.png","contentUrl":"https:\/\/agenciainfra.com\/blog\/wp-content\/uploads\/2023\/09\/iNFRA_5-e1761735885940.png","width":1672,"height":454,"caption":"Ag\u00eancia iNFRA"},"image":{"@id":"https:\/\/agenciainfra.com\/blog\/#\/schema\/logo\/image\/"},"sameAs":["https:\/\/www.facebook.com\/ageninfra","https:\/\/x.com\/agencia_infra","https:\/\/www.linkedin.com\/company\/ag\u00eanciainfra\/","https:\/\/www.instagram.com\/agenciainfra\/"]},{"@type":"Person","@id":"https:\/\/agenciainfra.com\/blog\/#\/schema\/person\/34af08dff6adea4cb22b06612ba7acfa","name":"Ag\u00eancia iNFRA","image":{"@type":"ImageObject","inLanguage":"pt-BR","@id":"https:\/\/agenciainfra.com\/blog\/#\/schema\/person\/image\/","url":"https:\/\/secure.gravatar.com\/avatar\/d189e01678f06d8eb84d4e01f08eb848b3fffe3f8443818d3c356c66892f5be8?s=96&d=mm&r=g","contentUrl":"https:\/\/secure.gravatar.com\/avatar\/d189e01678f06d8eb84d4e01f08eb848b3fffe3f8443818d3c356c66892f5be8?s=96&d=mm&r=g","caption":"Ag\u00eancia iNFRA"},"url":"https:\/\/agenciainfra.com\/blog\/author\/admin\/"}]}},"_links":{"self":[{"href":"https:\/\/agenciainfra.com\/blog\/wp-json\/wp\/v2\/posts\/16815","targetHints":{"allow":["GET"]}}],"collection":[{"href":"https:\/\/agenciainfra.com\/blog\/wp-json\/wp\/v2\/posts"}],"about":[{"href":"https:\/\/agenciainfra.com\/blog\/wp-json\/wp\/v2\/types\/post"}],"author":[{"embeddable":true,"href":"https:\/\/agenciainfra.com\/blog\/wp-json\/wp\/v2\/users\/1"}],"replies":[{"embeddable":true,"href":"https:\/\/agenciainfra.com\/blog\/wp-json\/wp\/v2\/comments?post=16815"}],"version-history":[{"count":1,"href":"https:\/\/agenciainfra.com\/blog\/wp-json\/wp\/v2\/posts\/16815\/revisions"}],"predecessor-version":[{"id":16816,"href":"https:\/\/agenciainfra.com\/blog\/wp-json\/wp\/v2\/posts\/16815\/revisions\/16816"}],"wp:featuredmedia":[{"embeddable":true,"href":"https:\/\/agenciainfra.com\/blog\/wp-json\/wp\/v2\/media\/10654"}],"wp:attachment":[{"href":"https:\/\/agenciainfra.com\/blog\/wp-json\/wp\/v2\/media?parent=16815"}],"wp:term":[{"taxonomy":"category","embeddable":true,"href":"https:\/\/agenciainfra.com\/blog\/wp-json\/wp\/v2\/categories?post=16815"},{"taxonomy":"post_tag","embeddable":true,"href":"https:\/\/agenciainfra.com\/blog\/wp-json\/wp\/v2\/tags?post=16815"}],"curies":[{"name":"wp","href":"https:\/\/api.w.org\/{rel}","templated":true}]}}