{"id":16900,"date":"2024-05-29T07:00:00","date_gmt":"2024-05-29T10:00:00","guid":{"rendered":"https:\/\/agenciainfra.com\/blog\/?p=16900"},"modified":"2026-03-13T09:40:19","modified_gmt":"2026-03-13T12:40:19","slug":"ministerio-diz-que-ha-potencial-para-dobrar-volume-de-debentures-de-infraestrutura","status":"publish","type":"post","link":"https:\/\/agenciainfra.com\/blog\/ministerio-diz-que-ha-potencial-para-dobrar-volume-de-debentures-de-infraestrutura\/","title":{"rendered":"Minist\u00e9rio diz que h\u00e1 potencial para dobrar volume de deb\u00eantures de infraestrutura"},"content":{"rendered":"\n<p class=\"has-text-align-right\"><strong>Sheyla Santos, da Ag\u00eancia iNFRA<\/strong><\/p>\n\n\n\n<p>O secret\u00e1rio-executivo do&nbsp;Minist\u00e9rio&nbsp;dos Transportes, George Santoro, afirmou \u00e0&nbsp;<strong>Ag\u00eancia iNFRA<\/strong>&nbsp;que&nbsp;h\u00e1&nbsp;um&nbsp;potencial&nbsp;para&nbsp;dobrar&nbsp;o&nbsp;volume&nbsp;de emiss\u00e3o de&nbsp;deb\u00eantures&nbsp;voltadas ao setor de&nbsp;infraestrutura&nbsp;j\u00e1 neste ano.<br><br>\u201cMuito provavelmente, com essa lei nova, vai haver um movimento muito crescente de emiss\u00f5es de&nbsp;deb\u00eantures. A gente est\u00e1 dando alguns mecanismos&nbsp;que&nbsp;facilitam muito a emiss\u00e3o, ent\u00e3o eu acho&nbsp;que&nbsp;vai aquecer muito o mercado\u201d, afirmou, destacando&nbsp;que&nbsp;haver\u00e1 mais agilidade no processo. \u201cVoc\u00ea tem janelas de oportunidade de liquidez no mercado. Com isso,&nbsp;h\u00e1&nbsp;a agilidade de, em poucos dias, poder protocolar um pedido de deb\u00eanture\u201d, frisou.<br><br>O secret\u00e1rio assina a&nbsp;<a href=\"https:\/\/agenciainfra.us14.list-manage.com\/track\/click?u=d460dd1bcf9ba0ae040e1fc0f&amp;id=82a6d99f6f&amp;e=f0fa444791\" target=\"_blank\" rel=\"noreferrer noopener\">Portaria 517\/2024<\/a>, publicada pela pasta no Di\u00e1rio Oficial da Uni\u00e3o na \u00faltima sexta-feira (24),&nbsp;que&nbsp;abre consulta p\u00fablica sobre minuta de portaria&nbsp;para&nbsp;regulamentar a emiss\u00e3o das&nbsp;deb\u00eantures&nbsp;por empresas dos setores de transportes rodovi\u00e1rio e ferrovi\u00e1rio, ap\u00f3s a permiss\u00e3o da&nbsp;<a href=\"https:\/\/agenciainfra.us14.list-manage.com\/track\/click?u=d460dd1bcf9ba0ae040e1fc0f&amp;id=aefe9aa112&amp;e=f0fa444791\" target=\"_blank\" rel=\"noreferrer noopener\">Lei 14.801\/2024<\/a>&nbsp;para&nbsp;nova modalidade de pap\u00e9is.<br><br>O texto promove altera\u00e7\u00f5es ao marco legal das&nbsp;deb\u00eantures&nbsp;incentivadas e de fundos voltados ao setor. Desde a publica\u00e7\u00e3o do decreto regulamentando a lei, o&nbsp;Minist\u00e9rio&nbsp;dos Transportes tem trabalhado nessa portaria.<br><br>Santoro afirma&nbsp;que&nbsp;a nova lei das&nbsp;deb\u00eantures&nbsp;de&nbsp;infraestrutura&nbsp;amplia os benef\u00edcios fiscais do instrumento financeiro, permitindo a emiss\u00e3o de&nbsp;deb\u00eantures&nbsp;no exterior e autorizando a concess\u00e3o do benef\u00edcio tribut\u00e1rio tanto&nbsp;para&nbsp;quem emite o t\u00edtulo de deb\u00eanture como&nbsp;para&nbsp;quem adquire o papel.<br><br>\u201cDepois&nbsp;que&nbsp;a gente fechar a consulta p\u00fablica e publicar a portaria definitiva, vai poder come\u00e7ar a ter a emiss\u00e3o desse tipo de deb\u00eanture\u201d, explicou. \u201cTodas as duas [deb\u00eantures] t\u00eam o benef\u00edcio tribut\u00e1rio de n\u00e3o pagar o imposto&nbsp;para&nbsp;ter o menor custo de capta\u00e7\u00e3o de recursos\u201d, acrescentou.<br><br>Para&nbsp;o secret\u00e1rio-executivo, a portaria dos Transportes poder\u00e1 ser utilizada como modelo por minist\u00e9rios&nbsp;que&nbsp;atuam em outras \u00e1reas autorizadas a emitir&nbsp;deb\u00eantures&nbsp;de&nbsp;infraestrutura, como comunica\u00e7\u00f5es, energia, saneamento, e portos e aeroportos.&nbsp;A proposta&nbsp;do&nbsp;minist\u00e9rio&nbsp;busca&nbsp;simplificar o processo de emiss\u00e3o permitindo um tempo reduzido de protocola\u00e7\u00e3o das empresas junto \u00e0 CVM (Comiss\u00e3o de Valores Mobili\u00e1rios).<br><br><strong>Deb\u00eantures&nbsp;verdes<\/strong><br>Santoro destaca&nbsp;que&nbsp;a pasta prev\u00ea, por meio dessa portaria, regras mais incisivas em rela\u00e7\u00e3o \u00e0 sustentabilidade, fortalecendo, assim, uma agenda ambiental&nbsp;que&nbsp;est\u00e1 sendo chamada no&nbsp;minist\u00e9rio&nbsp;de \u201cdeb\u00eantures&nbsp;verdes\u201d.<br><br>\u201cColocamos a exig\u00eancia, no artigo 5\u00ba, de&nbsp;que&nbsp;os projetos t\u00eam&nbsp;que&nbsp;seguir com uma caracter\u00edstica de previsibilidade, transi\u00e7\u00e3o clim\u00e1tica, resili\u00eancia e de consulta \u00e0 sociedade\u201d, enumera.<br><br>O&nbsp;Minist\u00e9rio&nbsp;ainda estabelece como regras&nbsp;que&nbsp;os empreendedores realizem neste processo suas pr\u00f3prias consultas p\u00fablicas em rela\u00e7\u00e3o, por exemplo, \u00e0s comunidades de atua\u00e7\u00e3o onde ser\u00e3o realizados os projetos de engenharia, sempre considerando mecanismos de gest\u00e3o de impacto ambiental e responsabilidade social.<br><br><strong>Simplifica\u00e7\u00e3o no BNDES<\/strong><br>\u00c0&nbsp;<strong>Ag\u00eancia iNFRA<\/strong>, o secret\u00e1rio-executivo antecipou&nbsp;que, em outra ponta, com impacto&nbsp;para&nbsp;os pr\u00f3ximos leil\u00f5es, a pasta dever\u00e1 anunciar em meados de junho um novo instrumento financeiro&nbsp;que&nbsp;beneficia o setor, com a divulga\u00e7\u00e3o de mecanismos de simplifica\u00e7\u00e3o junto ao BNDES (Banco Nacional de Desenvolvimento Econ\u00f4mico e Social).<\/p>\n","protected":false},"excerpt":{"rendered":"<p>Sheyla Santos, da Ag\u00eancia iNFRA O secret\u00e1rio-executivo do&nbsp;Minist\u00e9rio&nbsp;dos Transportes, George Santoro, afirmou \u00e0&nbsp;Ag\u00eancia iNFRA&nbsp;que&nbsp;h\u00e1&nbsp;um&nbsp;potencial&nbsp;para&nbsp;dobrar&nbsp;o&nbsp;volume&nbsp;de emiss\u00e3o de&nbsp;deb\u00eantures&nbsp;voltadas ao setor de&nbsp;infraestrutura&nbsp;j\u00e1 neste ano. \u201cMuito provavelmente, com essa lei nova, vai haver um movimento muito crescente de emiss\u00f5es de&nbsp;deb\u00eantures. A gente est\u00e1 dando alguns mecanismos&nbsp;que&nbsp;facilitam muito a emiss\u00e3o, ent\u00e3o eu acho&nbsp;que&nbsp;vai aquecer muito o mercado\u201d, afirmou, destacando&nbsp;que&nbsp;haver\u00e1 mais [&hellip;]<\/p>\n","protected":false},"author":1,"featured_media":12967,"comment_status":"closed","ping_status":"closed","sticky":false,"template":"","format":"standard","meta":{"_monsterinsights_skip_tracking":false,"_monsterinsights_sitenote_active":false,"_monsterinsights_sitenote_note":"","_monsterinsights_sitenote_category":0,"footnotes":""},"categories":[7250,1,7],"tags":[103,345,7717,622,4336,4941,7723,6831,9769,6956,8324,16,9729,2656,8838,1573],"class_list":["post-16900","post","type-post","status-publish","format-standard","has-post-thumbnail","hentry","category-destaque-lista","category-geral","category-infratransporte","tag-bndes","tag-consulta-publica","tag-cvm","tag-debentures","tag-debentures-de-infraestrutura","tag-debentures-verdes","tag-diario-oficial-da-uniao","tag-dou","tag-emissao","tag-george-santoro","tag-lei-14-801-2024","tag-ministerio-dos-transportes","tag-portaria-517-2024","tag-regulamentacao","tag-sheyla-santos","tag-sustentabilidade"],"yoast_head":"<!-- This site is optimized with the Yoast SEO Premium plugin v25.4 (Yoast SEO v26.0) - https:\/\/yoast.com\/wordpress\/plugins\/seo\/ -->\n<title>Minist\u00e9rio diz que h\u00e1 potencial para dobrar volume de deb\u00eantures de infraestrutura - Ag\u00eancia iNFRA<\/title>\n<meta name=\"robots\" content=\"index, follow, max-snippet:-1, max-image-preview:large, max-video-preview:-1\" \/>\n<link rel=\"canonical\" href=\"https:\/\/agenciainfra.com\/blog\/ministerio-diz-que-ha-potencial-para-dobrar-volume-de-debentures-de-infraestrutura\/\" \/>\n<meta property=\"og:locale\" content=\"pt_BR\" \/>\n<meta property=\"og:type\" content=\"article\" \/>\n<meta property=\"og:title\" content=\"Minist\u00e9rio diz que h\u00e1 potencial para dobrar volume de deb\u00eantures de infraestrutura\" \/>\n<meta property=\"og:description\" content=\"Sheyla Santos, da Ag\u00eancia iNFRA O secret\u00e1rio-executivo do&nbsp;Minist\u00e9rio&nbsp;dos Transportes, George Santoro, afirmou \u00e0&nbsp;Ag\u00eancia iNFRA&nbsp;que&nbsp;h\u00e1&nbsp;um&nbsp;potencial&nbsp;para&nbsp;dobrar&nbsp;o&nbsp;volume&nbsp;de emiss\u00e3o de&nbsp;deb\u00eantures&nbsp;voltadas ao setor de&nbsp;infraestrutura&nbsp;j\u00e1 neste ano. \u201cMuito provavelmente, com essa lei nova, vai haver um movimento muito crescente de emiss\u00f5es de&nbsp;deb\u00eantures. A gente est\u00e1 dando alguns mecanismos&nbsp;que&nbsp;facilitam muito a emiss\u00e3o, ent\u00e3o eu acho&nbsp;que&nbsp;vai aquecer muito o mercado\u201d, afirmou, destacando&nbsp;que&nbsp;haver\u00e1 mais [&hellip;]\" \/>\n<meta property=\"og:url\" content=\"https:\/\/agenciainfra.com\/blog\/ministerio-diz-que-ha-potencial-para-dobrar-volume-de-debentures-de-infraestrutura\/\" \/>\n<meta property=\"og:site_name\" content=\"Ag\u00eancia iNFRA\" \/>\n<meta property=\"article:publisher\" content=\"https:\/\/www.facebook.com\/ageninfra\" \/>\n<meta property=\"article:published_time\" content=\"2024-05-29T10:00:00+00:00\" \/>\n<meta property=\"article:modified_time\" content=\"2026-03-13T12:40:19+00:00\" \/>\n<meta property=\"og:image\" content=\"https:\/\/agenciainfra.com\/blog\/wp-content\/uploads\/2023\/06\/george-santoro-foto-governo-de-alagoas.jpg\" \/>\n\t<meta property=\"og:image:width\" content=\"1202\" \/>\n\t<meta property=\"og:image:height\" content=\"801\" \/>\n\t<meta property=\"og:image:type\" content=\"image\/jpeg\" \/>\n<meta name=\"author\" content=\"Ag\u00eancia iNFRA\" \/>\n<meta name=\"twitter:card\" content=\"summary_large_image\" \/>\n<meta name=\"twitter:creator\" content=\"@agencia_infra\" \/>\n<meta name=\"twitter:site\" content=\"@agencia_infra\" \/>\n<meta name=\"twitter:label1\" content=\"Escrito por\" \/>\n\t<meta name=\"twitter:data1\" content=\"Ag\u00eancia iNFRA\" \/>\n\t<meta name=\"twitter:label2\" content=\"Est. tempo de leitura\" \/>\n\t<meta name=\"twitter:data2\" content=\"3 minutos\" \/>\n<script type=\"application\/ld+json\" class=\"yoast-schema-graph\">{\"@context\":\"https:\/\/schema.org\",\"@graph\":[{\"@type\":\"Article\",\"@id\":\"https:\/\/agenciainfra.com\/blog\/ministerio-diz-que-ha-potencial-para-dobrar-volume-de-debentures-de-infraestrutura\/#article\",\"isPartOf\":{\"@id\":\"https:\/\/agenciainfra.com\/blog\/ministerio-diz-que-ha-potencial-para-dobrar-volume-de-debentures-de-infraestrutura\/\"},\"author\":{\"name\":\"Ag\u00eancia iNFRA\",\"@id\":\"https:\/\/agenciainfra.com\/blog\/#\/schema\/person\/34af08dff6adea4cb22b06612ba7acfa\"},\"headline\":\"Minist\u00e9rio diz que h\u00e1 potencial para dobrar volume de deb\u00eantures de infraestrutura\",\"datePublished\":\"2024-05-29T10:00:00+00:00\",\"dateModified\":\"2026-03-13T12:40:19+00:00\",\"mainEntityOfPage\":{\"@id\":\"https:\/\/agenciainfra.com\/blog\/ministerio-diz-que-ha-potencial-para-dobrar-volume-de-debentures-de-infraestrutura\/\"},\"wordCount\":667,\"publisher\":{\"@id\":\"https:\/\/agenciainfra.com\/blog\/#organization\"},\"image\":{\"@id\":\"https:\/\/agenciainfra.com\/blog\/ministerio-diz-que-ha-potencial-para-dobrar-volume-de-debentures-de-infraestrutura\/#primaryimage\"},\"thumbnailUrl\":\"https:\/\/agenciainfra.com\/blog\/wp-content\/uploads\/2023\/06\/george-santoro-foto-governo-de-alagoas.jpg\",\"keywords\":[\"BNDES\",\"consulta p\u00fablica\",\"CVM\",\"deb\u00eantures\",\"deb\u00eantures de infraestrutura\",\"deb\u00eantures verdes\",\"Di\u00e1rio Oficial da Uni\u00e3o\",\"DOU\",\"Emiss\u00e3o\",\"George Santoro\",\"Lei 14.801\/2024\",\"minist\u00e9rio dos transportes\",\"Portaria 517\/2024\",\"regulamenta\u00e7\u00e3o\",\"Sheyla Santos\",\"sustentabilidade\"],\"articleSection\":[\"Destaque lista\",\"Geral\",\"iNFRATransporte\"],\"inLanguage\":\"pt-BR\",\"copyrightYear\":\"2024\",\"copyrightHolder\":{\"@id\":\"https:\/\/agenciainfra.com\/blog\/#organization\"}},{\"@type\":\"WebPage\",\"@id\":\"https:\/\/agenciainfra.com\/blog\/ministerio-diz-que-ha-potencial-para-dobrar-volume-de-debentures-de-infraestrutura\/\",\"url\":\"https:\/\/agenciainfra.com\/blog\/ministerio-diz-que-ha-potencial-para-dobrar-volume-de-debentures-de-infraestrutura\/\",\"name\":\"Minist\u00e9rio diz que h\u00e1 potencial para dobrar volume de deb\u00eantures de infraestrutura - Ag\u00eancia iNFRA\",\"isPartOf\":{\"@id\":\"https:\/\/agenciainfra.com\/blog\/#website\"},\"primaryImageOfPage\":{\"@id\":\"https:\/\/agenciainfra.com\/blog\/ministerio-diz-que-ha-potencial-para-dobrar-volume-de-debentures-de-infraestrutura\/#primaryimage\"},\"image\":{\"@id\":\"https:\/\/agenciainfra.com\/blog\/ministerio-diz-que-ha-potencial-para-dobrar-volume-de-debentures-de-infraestrutura\/#primaryimage\"},\"thumbnailUrl\":\"https:\/\/agenciainfra.com\/blog\/wp-content\/uploads\/2023\/06\/george-santoro-foto-governo-de-alagoas.jpg\",\"datePublished\":\"2024-05-29T10:00:00+00:00\",\"dateModified\":\"2026-03-13T12:40:19+00:00\",\"breadcrumb\":{\"@id\":\"https:\/\/agenciainfra.com\/blog\/ministerio-diz-que-ha-potencial-para-dobrar-volume-de-debentures-de-infraestrutura\/#breadcrumb\"},\"inLanguage\":\"pt-BR\",\"potentialAction\":[{\"@type\":\"ReadAction\",\"target\":[\"https:\/\/agenciainfra.com\/blog\/ministerio-diz-que-ha-potencial-para-dobrar-volume-de-debentures-de-infraestrutura\/\"]}]},{\"@type\":\"ImageObject\",\"inLanguage\":\"pt-BR\",\"@id\":\"https:\/\/agenciainfra.com\/blog\/ministerio-diz-que-ha-potencial-para-dobrar-volume-de-debentures-de-infraestrutura\/#primaryimage\",\"url\":\"https:\/\/agenciainfra.com\/blog\/wp-content\/uploads\/2023\/06\/george-santoro-foto-governo-de-alagoas.jpg\",\"contentUrl\":\"https:\/\/agenciainfra.com\/blog\/wp-content\/uploads\/2023\/06\/george-santoro-foto-governo-de-alagoas.jpg\",\"width\":1202,\"height\":801},{\"@type\":\"BreadcrumbList\",\"@id\":\"https:\/\/agenciainfra.com\/blog\/ministerio-diz-que-ha-potencial-para-dobrar-volume-de-debentures-de-infraestrutura\/#breadcrumb\",\"itemListElement\":[{\"@type\":\"ListItem\",\"position\":1,\"name\":\"In\u00edcio\",\"item\":\"https:\/\/agenciainfra.com\/blog\/\"},{\"@type\":\"ListItem\",\"position\":2,\"name\":\"Minist\u00e9rio diz que h\u00e1 potencial para dobrar volume de deb\u00eantures de infraestrutura\"}]},{\"@type\":\"WebSite\",\"@id\":\"https:\/\/agenciainfra.com\/blog\/#website\",\"url\":\"https:\/\/agenciainfra.com\/blog\/\",\"name\":\"Ag\u00eancia iNFRA\",\"description\":\"Multiplataforma de informa\u00e7\u00e3o jornal\u00edstica refer\u00eancia na \u00e1rea de infraestrutura no Brasil!\",\"publisher\":{\"@id\":\"https:\/\/agenciainfra.com\/blog\/#organization\"},\"potentialAction\":[{\"@type\":\"SearchAction\",\"target\":{\"@type\":\"EntryPoint\",\"urlTemplate\":\"https:\/\/agenciainfra.com\/blog\/?s={search_term_string}\"},\"query-input\":{\"@type\":\"PropertyValueSpecification\",\"valueRequired\":true,\"valueName\":\"search_term_string\"}}],\"inLanguage\":\"pt-BR\"},{\"@type\":\"Organization\",\"@id\":\"https:\/\/agenciainfra.com\/blog\/#organization\",\"name\":\"Ag\u00eancia iNFRA\",\"url\":\"https:\/\/agenciainfra.com\/blog\/\",\"logo\":{\"@type\":\"ImageObject\",\"inLanguage\":\"pt-BR\",\"@id\":\"https:\/\/agenciainfra.com\/blog\/#\/schema\/logo\/image\/\",\"url\":\"https:\/\/agenciainfra.com\/blog\/wp-content\/uploads\/2023\/09\/iNFRA_5-e1761735885940.png\",\"contentUrl\":\"https:\/\/agenciainfra.com\/blog\/wp-content\/uploads\/2023\/09\/iNFRA_5-e1761735885940.png\",\"width\":1672,\"height\":454,\"caption\":\"Ag\u00eancia iNFRA\"},\"image\":{\"@id\":\"https:\/\/agenciainfra.com\/blog\/#\/schema\/logo\/image\/\"},\"sameAs\":[\"https:\/\/www.facebook.com\/ageninfra\",\"https:\/\/x.com\/agencia_infra\",\"https:\/\/www.linkedin.com\/company\/ag\u00eanciainfra\/\",\"https:\/\/www.instagram.com\/agenciainfra\/\"]},{\"@type\":\"Person\",\"@id\":\"https:\/\/agenciainfra.com\/blog\/#\/schema\/person\/34af08dff6adea4cb22b06612ba7acfa\",\"name\":\"Ag\u00eancia iNFRA\",\"image\":{\"@type\":\"ImageObject\",\"inLanguage\":\"pt-BR\",\"@id\":\"https:\/\/agenciainfra.com\/blog\/#\/schema\/person\/image\/\",\"url\":\"https:\/\/secure.gravatar.com\/avatar\/d189e01678f06d8eb84d4e01f08eb848b3fffe3f8443818d3c356c66892f5be8?s=96&d=mm&r=g\",\"contentUrl\":\"https:\/\/secure.gravatar.com\/avatar\/d189e01678f06d8eb84d4e01f08eb848b3fffe3f8443818d3c356c66892f5be8?s=96&d=mm&r=g\",\"caption\":\"Ag\u00eancia iNFRA\"},\"url\":\"https:\/\/agenciainfra.com\/blog\/author\/admin\/\"}]}<\/script>\n<!-- \/ Yoast SEO Premium plugin. -->","yoast_head_json":{"title":"Minist\u00e9rio diz que h\u00e1 potencial para dobrar volume de deb\u00eantures de infraestrutura - Ag\u00eancia iNFRA","robots":{"index":"index","follow":"follow","max-snippet":"max-snippet:-1","max-image-preview":"max-image-preview:large","max-video-preview":"max-video-preview:-1"},"canonical":"https:\/\/agenciainfra.com\/blog\/ministerio-diz-que-ha-potencial-para-dobrar-volume-de-debentures-de-infraestrutura\/","og_locale":"pt_BR","og_type":"article","og_title":"Minist\u00e9rio diz que h\u00e1 potencial para dobrar volume de deb\u00eantures de infraestrutura","og_description":"Sheyla Santos, da Ag\u00eancia iNFRA O secret\u00e1rio-executivo do&nbsp;Minist\u00e9rio&nbsp;dos Transportes, George Santoro, afirmou \u00e0&nbsp;Ag\u00eancia iNFRA&nbsp;que&nbsp;h\u00e1&nbsp;um&nbsp;potencial&nbsp;para&nbsp;dobrar&nbsp;o&nbsp;volume&nbsp;de emiss\u00e3o de&nbsp;deb\u00eantures&nbsp;voltadas ao setor de&nbsp;infraestrutura&nbsp;j\u00e1 neste ano. \u201cMuito provavelmente, com essa lei nova, vai haver um movimento muito crescente de emiss\u00f5es de&nbsp;deb\u00eantures. A gente est\u00e1 dando alguns mecanismos&nbsp;que&nbsp;facilitam muito a emiss\u00e3o, ent\u00e3o eu acho&nbsp;que&nbsp;vai aquecer muito o mercado\u201d, afirmou, destacando&nbsp;que&nbsp;haver\u00e1 mais [&hellip;]","og_url":"https:\/\/agenciainfra.com\/blog\/ministerio-diz-que-ha-potencial-para-dobrar-volume-de-debentures-de-infraestrutura\/","og_site_name":"Ag\u00eancia iNFRA","article_publisher":"https:\/\/www.facebook.com\/ageninfra","article_published_time":"2024-05-29T10:00:00+00:00","article_modified_time":"2026-03-13T12:40:19+00:00","og_image":[{"width":1202,"height":801,"url":"https:\/\/agenciainfra.com\/blog\/wp-content\/uploads\/2023\/06\/george-santoro-foto-governo-de-alagoas.jpg","type":"image\/jpeg"}],"author":"Ag\u00eancia iNFRA","twitter_card":"summary_large_image","twitter_creator":"@agencia_infra","twitter_site":"@agencia_infra","twitter_misc":{"Escrito por":"Ag\u00eancia iNFRA","Est. tempo de leitura":"3 minutos"},"schema":{"@context":"https:\/\/schema.org","@graph":[{"@type":"Article","@id":"https:\/\/agenciainfra.com\/blog\/ministerio-diz-que-ha-potencial-para-dobrar-volume-de-debentures-de-infraestrutura\/#article","isPartOf":{"@id":"https:\/\/agenciainfra.com\/blog\/ministerio-diz-que-ha-potencial-para-dobrar-volume-de-debentures-de-infraestrutura\/"},"author":{"name":"Ag\u00eancia iNFRA","@id":"https:\/\/agenciainfra.com\/blog\/#\/schema\/person\/34af08dff6adea4cb22b06612ba7acfa"},"headline":"Minist\u00e9rio diz que h\u00e1 potencial para dobrar volume de deb\u00eantures de infraestrutura","datePublished":"2024-05-29T10:00:00+00:00","dateModified":"2026-03-13T12:40:19+00:00","mainEntityOfPage":{"@id":"https:\/\/agenciainfra.com\/blog\/ministerio-diz-que-ha-potencial-para-dobrar-volume-de-debentures-de-infraestrutura\/"},"wordCount":667,"publisher":{"@id":"https:\/\/agenciainfra.com\/blog\/#organization"},"image":{"@id":"https:\/\/agenciainfra.com\/blog\/ministerio-diz-que-ha-potencial-para-dobrar-volume-de-debentures-de-infraestrutura\/#primaryimage"},"thumbnailUrl":"https:\/\/agenciainfra.com\/blog\/wp-content\/uploads\/2023\/06\/george-santoro-foto-governo-de-alagoas.jpg","keywords":["BNDES","consulta p\u00fablica","CVM","deb\u00eantures","deb\u00eantures de infraestrutura","deb\u00eantures verdes","Di\u00e1rio Oficial da Uni\u00e3o","DOU","Emiss\u00e3o","George Santoro","Lei 14.801\/2024","minist\u00e9rio dos transportes","Portaria 517\/2024","regulamenta\u00e7\u00e3o","Sheyla Santos","sustentabilidade"],"articleSection":["Destaque lista","Geral","iNFRATransporte"],"inLanguage":"pt-BR","copyrightYear":"2024","copyrightHolder":{"@id":"https:\/\/agenciainfra.com\/blog\/#organization"}},{"@type":"WebPage","@id":"https:\/\/agenciainfra.com\/blog\/ministerio-diz-que-ha-potencial-para-dobrar-volume-de-debentures-de-infraestrutura\/","url":"https:\/\/agenciainfra.com\/blog\/ministerio-diz-que-ha-potencial-para-dobrar-volume-de-debentures-de-infraestrutura\/","name":"Minist\u00e9rio diz que h\u00e1 potencial para dobrar volume de deb\u00eantures de infraestrutura - Ag\u00eancia iNFRA","isPartOf":{"@id":"https:\/\/agenciainfra.com\/blog\/#website"},"primaryImageOfPage":{"@id":"https:\/\/agenciainfra.com\/blog\/ministerio-diz-que-ha-potencial-para-dobrar-volume-de-debentures-de-infraestrutura\/#primaryimage"},"image":{"@id":"https:\/\/agenciainfra.com\/blog\/ministerio-diz-que-ha-potencial-para-dobrar-volume-de-debentures-de-infraestrutura\/#primaryimage"},"thumbnailUrl":"https:\/\/agenciainfra.com\/blog\/wp-content\/uploads\/2023\/06\/george-santoro-foto-governo-de-alagoas.jpg","datePublished":"2024-05-29T10:00:00+00:00","dateModified":"2026-03-13T12:40:19+00:00","breadcrumb":{"@id":"https:\/\/agenciainfra.com\/blog\/ministerio-diz-que-ha-potencial-para-dobrar-volume-de-debentures-de-infraestrutura\/#breadcrumb"},"inLanguage":"pt-BR","potentialAction":[{"@type":"ReadAction","target":["https:\/\/agenciainfra.com\/blog\/ministerio-diz-que-ha-potencial-para-dobrar-volume-de-debentures-de-infraestrutura\/"]}]},{"@type":"ImageObject","inLanguage":"pt-BR","@id":"https:\/\/agenciainfra.com\/blog\/ministerio-diz-que-ha-potencial-para-dobrar-volume-de-debentures-de-infraestrutura\/#primaryimage","url":"https:\/\/agenciainfra.com\/blog\/wp-content\/uploads\/2023\/06\/george-santoro-foto-governo-de-alagoas.jpg","contentUrl":"https:\/\/agenciainfra.com\/blog\/wp-content\/uploads\/2023\/06\/george-santoro-foto-governo-de-alagoas.jpg","width":1202,"height":801},{"@type":"BreadcrumbList","@id":"https:\/\/agenciainfra.com\/blog\/ministerio-diz-que-ha-potencial-para-dobrar-volume-de-debentures-de-infraestrutura\/#breadcrumb","itemListElement":[{"@type":"ListItem","position":1,"name":"In\u00edcio","item":"https:\/\/agenciainfra.com\/blog\/"},{"@type":"ListItem","position":2,"name":"Minist\u00e9rio diz que h\u00e1 potencial para dobrar volume de deb\u00eantures de infraestrutura"}]},{"@type":"WebSite","@id":"https:\/\/agenciainfra.com\/blog\/#website","url":"https:\/\/agenciainfra.com\/blog\/","name":"Ag\u00eancia iNFRA","description":"Multiplataforma de informa\u00e7\u00e3o jornal\u00edstica refer\u00eancia na \u00e1rea de infraestrutura no Brasil!","publisher":{"@id":"https:\/\/agenciainfra.com\/blog\/#organization"},"potentialAction":[{"@type":"SearchAction","target":{"@type":"EntryPoint","urlTemplate":"https:\/\/agenciainfra.com\/blog\/?s={search_term_string}"},"query-input":{"@type":"PropertyValueSpecification","valueRequired":true,"valueName":"search_term_string"}}],"inLanguage":"pt-BR"},{"@type":"Organization","@id":"https:\/\/agenciainfra.com\/blog\/#organization","name":"Ag\u00eancia iNFRA","url":"https:\/\/agenciainfra.com\/blog\/","logo":{"@type":"ImageObject","inLanguage":"pt-BR","@id":"https:\/\/agenciainfra.com\/blog\/#\/schema\/logo\/image\/","url":"https:\/\/agenciainfra.com\/blog\/wp-content\/uploads\/2023\/09\/iNFRA_5-e1761735885940.png","contentUrl":"https:\/\/agenciainfra.com\/blog\/wp-content\/uploads\/2023\/09\/iNFRA_5-e1761735885940.png","width":1672,"height":454,"caption":"Ag\u00eancia iNFRA"},"image":{"@id":"https:\/\/agenciainfra.com\/blog\/#\/schema\/logo\/image\/"},"sameAs":["https:\/\/www.facebook.com\/ageninfra","https:\/\/x.com\/agencia_infra","https:\/\/www.linkedin.com\/company\/ag\u00eanciainfra\/","https:\/\/www.instagram.com\/agenciainfra\/"]},{"@type":"Person","@id":"https:\/\/agenciainfra.com\/blog\/#\/schema\/person\/34af08dff6adea4cb22b06612ba7acfa","name":"Ag\u00eancia iNFRA","image":{"@type":"ImageObject","inLanguage":"pt-BR","@id":"https:\/\/agenciainfra.com\/blog\/#\/schema\/person\/image\/","url":"https:\/\/secure.gravatar.com\/avatar\/d189e01678f06d8eb84d4e01f08eb848b3fffe3f8443818d3c356c66892f5be8?s=96&d=mm&r=g","contentUrl":"https:\/\/secure.gravatar.com\/avatar\/d189e01678f06d8eb84d4e01f08eb848b3fffe3f8443818d3c356c66892f5be8?s=96&d=mm&r=g","caption":"Ag\u00eancia iNFRA"},"url":"https:\/\/agenciainfra.com\/blog\/author\/admin\/"}]}},"_links":{"self":[{"href":"https:\/\/agenciainfra.com\/blog\/wp-json\/wp\/v2\/posts\/16900","targetHints":{"allow":["GET"]}}],"collection":[{"href":"https:\/\/agenciainfra.com\/blog\/wp-json\/wp\/v2\/posts"}],"about":[{"href":"https:\/\/agenciainfra.com\/blog\/wp-json\/wp\/v2\/types\/post"}],"author":[{"embeddable":true,"href":"https:\/\/agenciainfra.com\/blog\/wp-json\/wp\/v2\/users\/1"}],"replies":[{"embeddable":true,"href":"https:\/\/agenciainfra.com\/blog\/wp-json\/wp\/v2\/comments?post=16900"}],"version-history":[{"count":1,"href":"https:\/\/agenciainfra.com\/blog\/wp-json\/wp\/v2\/posts\/16900\/revisions"}],"predecessor-version":[{"id":16901,"href":"https:\/\/agenciainfra.com\/blog\/wp-json\/wp\/v2\/posts\/16900\/revisions\/16901"}],"wp:featuredmedia":[{"embeddable":true,"href":"https:\/\/agenciainfra.com\/blog\/wp-json\/wp\/v2\/media\/12967"}],"wp:attachment":[{"href":"https:\/\/agenciainfra.com\/blog\/wp-json\/wp\/v2\/media?parent=16900"}],"wp:term":[{"taxonomy":"category","embeddable":true,"href":"https:\/\/agenciainfra.com\/blog\/wp-json\/wp\/v2\/categories?post=16900"},{"taxonomy":"post_tag","embeddable":true,"href":"https:\/\/agenciainfra.com\/blog\/wp-json\/wp\/v2\/tags?post=16900"}],"curies":[{"name":"wp","href":"https:\/\/api.w.org\/{rel}","templated":true}]}}