{"id":16939,"date":"2024-06-04T11:00:00","date_gmt":"2024-06-04T14:00:00","guid":{"rendered":"https:\/\/agenciainfra.com\/blog\/?p=16939"},"modified":"2026-03-13T09:40:15","modified_gmt":"2026-03-13T12:40:15","slug":"ministro-recua-e-diz-que-baterias-so-estarao-no-leilao-quando-for-tecnicamente-adequado","status":"publish","type":"post","link":"https:\/\/agenciainfra.com\/blog\/ministro-recua-e-diz-que-baterias-so-estarao-no-leilao-quando-for-tecnicamente-adequado\/","title":{"rendered":"Ministro recua e diz que baterias s\u00f3 estar\u00e3o no leil\u00e3o quando for &#8220;tecnicamente adequado&#8221;"},"content":{"rendered":"\n<p class=\"has-text-align-right\"><strong>Marisa Wanzeller, da&nbsp;Ag\u00eancia iNFRA<\/strong><\/p>\n\n\n\n<p>O ministro de Minas e Energia, Alexandre Silveira, recuou no discurso de que os sistemas de armazenamento seriam contemplados no LRCAP (Leil\u00e3o de Reserva de Capacidade) previsto para agosto deste ano. Nesta segunda-feira (3), ele disse que ainda existem&nbsp;pend\u00eancias tecnol\u00f3gicas e regulat\u00f3rias quanto ao uso das baterias no sistema el\u00e9trico nacional, e que a tecnologia s\u00f3 estar\u00e1 no certame quando for &#8220;tecnicamente adequado&#8221;.<br><br>&#8220;J\u00e1 \u00e9 p\u00fablico o meu desejo de j\u00e1 ter no primeiro leil\u00e3o, mas existem ainda pend\u00eancias regulat\u00f3rias e tecnol\u00f3gicas. Vencidas essas pend\u00eancias, n\u00f3s teremos condi\u00e7\u00f5es de colocar nos primeiros leil\u00f5es, mas s\u00f3 podemos fazer com seguran\u00e7a [de] que os leil\u00f5es v\u00e3o ser feitos, que a demanda vai ser dimensionada e que a partir do leil\u00e3o conclu\u00eddo essa tecnologia vai poder ser implantada&#8221;, disse a jornalistas ap\u00f3s participa\u00e7\u00e3o no CNN Brasil Talks, em S\u00e3o Paulo.<br><br>Questionado sobre os prazos, uma vez que o leil\u00e3o est\u00e1 previsto para 30 de agosto, Silveira afirmou que&nbsp;&#8220;h\u00e1 completamente tempo pra isso, o que n\u00f3s precisamos \u00e9 coragem pra decidir&#8221;.<br><br>&#8220;Se for tecnicamente adequado, ser\u00e1 feito neste leil\u00e3o. Se n\u00e3o for, n\u00f3s teremos outros leil\u00f5es pela frente, e com certeza essa tecnologia t\u00e3o importante ser\u00e1 incentivada no Brasil&#8221;, disse.<br><br><strong>Energia firme<\/strong><br>O ministro enfatizou que ainda n\u00e3o h\u00e1, no mundo, capacidade de armazenamento que torne as energias consideradas intermitentes, como solar e e\u00f3lica, est\u00e1veis. &#8220;Hoje n\u00f3s ainda somos dependentes das energias modul\u00e1veis, firmes, t\u00e3o necess\u00e1rias \u00e0 seguran\u00e7a energ\u00e9tica no Brasil&#8221;, afirmou.<br><br>Apesar das quest\u00f5es tecnol\u00f3gicas, na avalia\u00e7\u00e3o de Silveira, o Brasil caminha a &#8220;passos largos&#8221; na constru\u00e7\u00e3o regulat\u00f3ria para as baterias.<br><br><strong>Leil\u00e3o de agosto<\/strong><br>Em 8 de mar\u00e7o, o MME (Minist\u00e9rio de Minas e Energia) abriu consulta p\u00fablica e divulgou minuta de portaria com as diretrizes do LRCAP, prevendo contrata\u00e7\u00e3o apenas para fontes termel\u00e9trica e hidrel\u00e9trica. Apesar disso, dias depois, o ministro Alexandre Silveira disse que o governo incluiria as baterias no leil\u00e3o deste ano.<br><br>\u201cO&nbsp;Brasil avan\u00e7a na transi\u00e7\u00e3o energ\u00e9tica, n\u00f3s vamos contemplar as baterias para ajudar a impulsionar o investimento em baterias, para que possam cada vez mais se modernizar e fazer com que as energias intermitentes \u2013 e isso ser\u00e1 um grande salto no mundo \u2013 se tornem energias est\u00e1veis\u201d, afirmou Silveira&nbsp;na \u00e9poca, em&nbsp;painel com investidores estrangeiros na CERAWeek, em Houston, Estados Unidos.<br><br>A expectativa quanto \u00e0 inclus\u00e3o da tecnologia foi refor\u00e7ada pelo ministro da Casa Civil, Rui Costa, posteriormente, ap\u00f3s participa\u00e7\u00e3o em audi\u00eancia p\u00fablica no Senado Federal. &#8220;Acho que vai estar aberta essa possibilidade&#8221;, disse \u00e0 imprensa sobre o leil\u00e3o.<br><br>&#8220;[Isso] possibilitar\u00e1 o incremento da [energia] e\u00f3lica e solar, que t\u00eam vantagens gigantescas, e o Brasil tem vantagem competitiva, eu diria que o limitador do solar e e\u00f3lico \u00e9 a necessidade de energia firme, o que, resolvendo o problema tecnol\u00f3gico do armazenamento via baterias, resolve esse problema.&#8221;<\/p>\n","protected":false},"excerpt":{"rendered":"<p>Marisa Wanzeller, da&nbsp;Ag\u00eancia iNFRA O ministro de Minas e Energia, Alexandre Silveira, recuou no discurso de que os sistemas de armazenamento seriam contemplados no LRCAP (Leil\u00e3o de Reserva de Capacidade) previsto para agosto deste ano. Nesta segunda-feira (3), ele disse que ainda existem&nbsp;pend\u00eancias tecnol\u00f3gicas e regulat\u00f3rias quanto ao uso das baterias no sistema el\u00e9trico nacional, [&hellip;]<\/p>\n","protected":false},"author":1,"featured_media":14215,"comment_status":"closed","ping_status":"closed","sticky":false,"template":"","format":"standard","meta":{"_monsterinsights_skip_tracking":false,"_monsterinsights_sitenote_active":false,"_monsterinsights_sitenote_note":"","_monsterinsights_sitenote_category":0,"footnotes":""},"categories":[7250,9714,1,10],"tags":[6040,8694,5189,9823,9820,9824,9821,1275,1093,4912,5246,9822,7366,96,71,2656,5628,479,3554,1568,2006],"class_list":["post-16939","post","type-post","status-publish","format-standard","has-post-thumbnail","hentry","category-destaque-lista","category-destaque-menor","category-geral","category-infraenergia","tag-alexandre-silveira","tag-armazenamento-de-energia","tag-baterias","tag-brasil-talks","tag-ceraweek","tag-cnn","tag-cnn-brasil-talks","tag-energia-eolica","tag-energia-solar","tag-leilao-de-energia","tag-leilao-de-reserva-de-capacidade","tag-lrcap","tag-marisa-wanzeller","tag-ministerio-de-minas-e-energia","tag-mme","tag-regulamentacao","tag-reserva-de-capacidade","tag-rui-costa","tag-seguranca-energetica","tag-tecnologia","tag-transicao-energetica"],"yoast_head":"<!-- This site is optimized with the Yoast SEO Premium plugin v25.4 (Yoast SEO v26.0) - https:\/\/yoast.com\/wordpress\/plugins\/seo\/ -->\n<title>Ministro recua e diz que baterias s\u00f3 estar\u00e3o no leil\u00e3o quando for &quot;tecnicamente adequado&quot; - Ag\u00eancia iNFRA<\/title>\n<meta name=\"robots\" content=\"index, follow, max-snippet:-1, max-image-preview:large, max-video-preview:-1\" \/>\n<link rel=\"canonical\" href=\"https:\/\/agenciainfra.com\/blog\/ministro-recua-e-diz-que-baterias-so-estarao-no-leilao-quando-for-tecnicamente-adequado\/\" \/>\n<meta property=\"og:locale\" content=\"pt_BR\" \/>\n<meta property=\"og:type\" content=\"article\" \/>\n<meta property=\"og:title\" content=\"Ministro recua e diz que baterias s\u00f3 estar\u00e3o no leil\u00e3o quando for &quot;tecnicamente adequado&quot;\" \/>\n<meta property=\"og:description\" content=\"Marisa Wanzeller, da&nbsp;Ag\u00eancia iNFRA O ministro de Minas e Energia, Alexandre Silveira, recuou no discurso de que os sistemas de armazenamento seriam contemplados no LRCAP (Leil\u00e3o de Reserva de Capacidade) previsto para agosto deste ano. Nesta segunda-feira (3), ele disse que ainda existem&nbsp;pend\u00eancias tecnol\u00f3gicas e regulat\u00f3rias quanto ao uso das baterias no sistema el\u00e9trico nacional, [&hellip;]\" \/>\n<meta property=\"og:url\" content=\"https:\/\/agenciainfra.com\/blog\/ministro-recua-e-diz-que-baterias-so-estarao-no-leilao-quando-for-tecnicamente-adequado\/\" \/>\n<meta property=\"og:site_name\" content=\"Ag\u00eancia iNFRA\" \/>\n<meta property=\"article:publisher\" content=\"https:\/\/www.facebook.com\/ageninfra\" \/>\n<meta property=\"article:published_time\" content=\"2024-06-04T14:00:00+00:00\" \/>\n<meta property=\"article:modified_time\" content=\"2026-03-13T12:40:15+00:00\" \/>\n<meta property=\"og:image\" content=\"https:\/\/agenciainfra.com\/blog\/wp-content\/uploads\/2023\/09\/alexandre-silveira-foto-antonio-cruz-agencia-brasil-e1747921409569.jpg\" \/>\n\t<meta property=\"og:image:width\" content=\"1202\" \/>\n\t<meta property=\"og:image:height\" content=\"715\" \/>\n\t<meta property=\"og:image:type\" content=\"image\/jpeg\" \/>\n<meta name=\"author\" content=\"Ag\u00eancia iNFRA\" \/>\n<meta name=\"twitter:card\" content=\"summary_large_image\" \/>\n<meta name=\"twitter:creator\" content=\"@agencia_infra\" \/>\n<meta name=\"twitter:site\" content=\"@agencia_infra\" \/>\n<meta name=\"twitter:label1\" content=\"Escrito por\" \/>\n\t<meta name=\"twitter:data1\" content=\"Ag\u00eancia iNFRA\" \/>\n\t<meta name=\"twitter:label2\" content=\"Est. tempo de leitura\" \/>\n\t<meta name=\"twitter:data2\" content=\"3 minutos\" \/>\n<script type=\"application\/ld+json\" class=\"yoast-schema-graph\">{\"@context\":\"https:\/\/schema.org\",\"@graph\":[{\"@type\":\"Article\",\"@id\":\"https:\/\/agenciainfra.com\/blog\/ministro-recua-e-diz-que-baterias-so-estarao-no-leilao-quando-for-tecnicamente-adequado\/#article\",\"isPartOf\":{\"@id\":\"https:\/\/agenciainfra.com\/blog\/ministro-recua-e-diz-que-baterias-so-estarao-no-leilao-quando-for-tecnicamente-adequado\/\"},\"author\":{\"name\":\"Ag\u00eancia iNFRA\",\"@id\":\"https:\/\/agenciainfra.com\/blog\/#\/schema\/person\/34af08dff6adea4cb22b06612ba7acfa\"},\"headline\":\"Ministro recua e diz que baterias s\u00f3 estar\u00e3o no leil\u00e3o quando for &#8220;tecnicamente adequado&#8221;\",\"datePublished\":\"2024-06-04T14:00:00+00:00\",\"dateModified\":\"2026-03-13T12:40:15+00:00\",\"mainEntityOfPage\":{\"@id\":\"https:\/\/agenciainfra.com\/blog\/ministro-recua-e-diz-que-baterias-so-estarao-no-leilao-quando-for-tecnicamente-adequado\/\"},\"wordCount\":546,\"publisher\":{\"@id\":\"https:\/\/agenciainfra.com\/blog\/#organization\"},\"image\":{\"@id\":\"https:\/\/agenciainfra.com\/blog\/ministro-recua-e-diz-que-baterias-so-estarao-no-leilao-quando-for-tecnicamente-adequado\/#primaryimage\"},\"thumbnailUrl\":\"https:\/\/agenciainfra.com\/blog\/wp-content\/uploads\/2023\/09\/alexandre-silveira-foto-antonio-cruz-agencia-brasil-e1747921409569.jpg\",\"keywords\":[\"Alexandre Silveira\",\"Armazenamento de energia\",\"baterias\",\"Brasil Talks\",\"CERAWeek\",\"CNN\",\"CNN Brasil Talks\",\"energia e\u00f3lica\",\"energia solar\",\"leil\u00e3o de energia\",\"leil\u00e3o de reserva de capacidade\",\"LRCAP\",\"Marisa Wanzeller\",\"Minist\u00e9rio de Minas e Energia\",\"MME\",\"regulamenta\u00e7\u00e3o\",\"reserva de capacidade\",\"Rui Costa\",\"seguran\u00e7a energ\u00e9tica\",\"tecnologia\",\"transi\u00e7\u00e3o energ\u00e9tica\"],\"articleSection\":[\"Destaque lista\",\"Destaque Menor\",\"Geral\",\"iNFRAEnergia\"],\"inLanguage\":\"pt-BR\",\"copyrightYear\":\"2024\",\"copyrightHolder\":{\"@id\":\"https:\/\/agenciainfra.com\/blog\/#organization\"}},{\"@type\":\"WebPage\",\"@id\":\"https:\/\/agenciainfra.com\/blog\/ministro-recua-e-diz-que-baterias-so-estarao-no-leilao-quando-for-tecnicamente-adequado\/\",\"url\":\"https:\/\/agenciainfra.com\/blog\/ministro-recua-e-diz-que-baterias-so-estarao-no-leilao-quando-for-tecnicamente-adequado\/\",\"name\":\"Ministro recua e diz que baterias s\u00f3 estar\u00e3o no leil\u00e3o quando for \\\"tecnicamente adequado\\\" - Ag\u00eancia iNFRA\",\"isPartOf\":{\"@id\":\"https:\/\/agenciainfra.com\/blog\/#website\"},\"primaryImageOfPage\":{\"@id\":\"https:\/\/agenciainfra.com\/blog\/ministro-recua-e-diz-que-baterias-so-estarao-no-leilao-quando-for-tecnicamente-adequado\/#primaryimage\"},\"image\":{\"@id\":\"https:\/\/agenciainfra.com\/blog\/ministro-recua-e-diz-que-baterias-so-estarao-no-leilao-quando-for-tecnicamente-adequado\/#primaryimage\"},\"thumbnailUrl\":\"https:\/\/agenciainfra.com\/blog\/wp-content\/uploads\/2023\/09\/alexandre-silveira-foto-antonio-cruz-agencia-brasil-e1747921409569.jpg\",\"datePublished\":\"2024-06-04T14:00:00+00:00\",\"dateModified\":\"2026-03-13T12:40:15+00:00\",\"breadcrumb\":{\"@id\":\"https:\/\/agenciainfra.com\/blog\/ministro-recua-e-diz-que-baterias-so-estarao-no-leilao-quando-for-tecnicamente-adequado\/#breadcrumb\"},\"inLanguage\":\"pt-BR\",\"potentialAction\":[{\"@type\":\"ReadAction\",\"target\":[\"https:\/\/agenciainfra.com\/blog\/ministro-recua-e-diz-que-baterias-so-estarao-no-leilao-quando-for-tecnicamente-adequado\/\"]}]},{\"@type\":\"ImageObject\",\"inLanguage\":\"pt-BR\",\"@id\":\"https:\/\/agenciainfra.com\/blog\/ministro-recua-e-diz-que-baterias-so-estarao-no-leilao-quando-for-tecnicamente-adequado\/#primaryimage\",\"url\":\"https:\/\/agenciainfra.com\/blog\/wp-content\/uploads\/2023\/09\/alexandre-silveira-foto-antonio-cruz-agencia-brasil-e1747921409569.jpg\",\"contentUrl\":\"https:\/\/agenciainfra.com\/blog\/wp-content\/uploads\/2023\/09\/alexandre-silveira-foto-antonio-cruz-agencia-brasil-e1747921409569.jpg\",\"width\":1202,\"height\":715},{\"@type\":\"BreadcrumbList\",\"@id\":\"https:\/\/agenciainfra.com\/blog\/ministro-recua-e-diz-que-baterias-so-estarao-no-leilao-quando-for-tecnicamente-adequado\/#breadcrumb\",\"itemListElement\":[{\"@type\":\"ListItem\",\"position\":1,\"name\":\"In\u00edcio\",\"item\":\"https:\/\/agenciainfra.com\/blog\/\"},{\"@type\":\"ListItem\",\"position\":2,\"name\":\"Ministro recua e diz que baterias s\u00f3 estar\u00e3o no leil\u00e3o quando for &#8220;tecnicamente adequado&#8221;\"}]},{\"@type\":\"WebSite\",\"@id\":\"https:\/\/agenciainfra.com\/blog\/#website\",\"url\":\"https:\/\/agenciainfra.com\/blog\/\",\"name\":\"Ag\u00eancia iNFRA\",\"description\":\"Multiplataforma de informa\u00e7\u00e3o jornal\u00edstica refer\u00eancia na \u00e1rea de infraestrutura no Brasil!\",\"publisher\":{\"@id\":\"https:\/\/agenciainfra.com\/blog\/#organization\"},\"potentialAction\":[{\"@type\":\"SearchAction\",\"target\":{\"@type\":\"EntryPoint\",\"urlTemplate\":\"https:\/\/agenciainfra.com\/blog\/?s={search_term_string}\"},\"query-input\":{\"@type\":\"PropertyValueSpecification\",\"valueRequired\":true,\"valueName\":\"search_term_string\"}}],\"inLanguage\":\"pt-BR\"},{\"@type\":\"Organization\",\"@id\":\"https:\/\/agenciainfra.com\/blog\/#organization\",\"name\":\"Ag\u00eancia iNFRA\",\"url\":\"https:\/\/agenciainfra.com\/blog\/\",\"logo\":{\"@type\":\"ImageObject\",\"inLanguage\":\"pt-BR\",\"@id\":\"https:\/\/agenciainfra.com\/blog\/#\/schema\/logo\/image\/\",\"url\":\"https:\/\/agenciainfra.com\/blog\/wp-content\/uploads\/2023\/09\/iNFRA_5-e1761735885940.png\",\"contentUrl\":\"https:\/\/agenciainfra.com\/blog\/wp-content\/uploads\/2023\/09\/iNFRA_5-e1761735885940.png\",\"width\":1672,\"height\":454,\"caption\":\"Ag\u00eancia iNFRA\"},\"image\":{\"@id\":\"https:\/\/agenciainfra.com\/blog\/#\/schema\/logo\/image\/\"},\"sameAs\":[\"https:\/\/www.facebook.com\/ageninfra\",\"https:\/\/x.com\/agencia_infra\",\"https:\/\/www.linkedin.com\/company\/ag\u00eanciainfra\/\",\"https:\/\/www.instagram.com\/agenciainfra\/\"]},{\"@type\":\"Person\",\"@id\":\"https:\/\/agenciainfra.com\/blog\/#\/schema\/person\/34af08dff6adea4cb22b06612ba7acfa\",\"name\":\"Ag\u00eancia iNFRA\",\"image\":{\"@type\":\"ImageObject\",\"inLanguage\":\"pt-BR\",\"@id\":\"https:\/\/agenciainfra.com\/blog\/#\/schema\/person\/image\/\",\"url\":\"https:\/\/secure.gravatar.com\/avatar\/d189e01678f06d8eb84d4e01f08eb848b3fffe3f8443818d3c356c66892f5be8?s=96&d=mm&r=g\",\"contentUrl\":\"https:\/\/secure.gravatar.com\/avatar\/d189e01678f06d8eb84d4e01f08eb848b3fffe3f8443818d3c356c66892f5be8?s=96&d=mm&r=g\",\"caption\":\"Ag\u00eancia iNFRA\"},\"url\":\"https:\/\/agenciainfra.com\/blog\/author\/admin\/\"}]}<\/script>\n<!-- \/ Yoast SEO Premium plugin. -->","yoast_head_json":{"title":"Ministro recua e diz que baterias s\u00f3 estar\u00e3o no leil\u00e3o quando for \"tecnicamente adequado\" - Ag\u00eancia iNFRA","robots":{"index":"index","follow":"follow","max-snippet":"max-snippet:-1","max-image-preview":"max-image-preview:large","max-video-preview":"max-video-preview:-1"},"canonical":"https:\/\/agenciainfra.com\/blog\/ministro-recua-e-diz-que-baterias-so-estarao-no-leilao-quando-for-tecnicamente-adequado\/","og_locale":"pt_BR","og_type":"article","og_title":"Ministro recua e diz que baterias s\u00f3 estar\u00e3o no leil\u00e3o quando for \"tecnicamente adequado\"","og_description":"Marisa Wanzeller, da&nbsp;Ag\u00eancia iNFRA O ministro de Minas e Energia, Alexandre Silveira, recuou no discurso de que os sistemas de armazenamento seriam contemplados no LRCAP (Leil\u00e3o de Reserva de Capacidade) previsto para agosto deste ano. Nesta segunda-feira (3), ele disse que ainda existem&nbsp;pend\u00eancias tecnol\u00f3gicas e regulat\u00f3rias quanto ao uso das baterias no sistema el\u00e9trico nacional, [&hellip;]","og_url":"https:\/\/agenciainfra.com\/blog\/ministro-recua-e-diz-que-baterias-so-estarao-no-leilao-quando-for-tecnicamente-adequado\/","og_site_name":"Ag\u00eancia iNFRA","article_publisher":"https:\/\/www.facebook.com\/ageninfra","article_published_time":"2024-06-04T14:00:00+00:00","article_modified_time":"2026-03-13T12:40:15+00:00","og_image":[{"width":1202,"height":715,"url":"https:\/\/agenciainfra.com\/blog\/wp-content\/uploads\/2023\/09\/alexandre-silveira-foto-antonio-cruz-agencia-brasil-e1747921409569.jpg","type":"image\/jpeg"}],"author":"Ag\u00eancia iNFRA","twitter_card":"summary_large_image","twitter_creator":"@agencia_infra","twitter_site":"@agencia_infra","twitter_misc":{"Escrito por":"Ag\u00eancia iNFRA","Est. tempo de leitura":"3 minutos"},"schema":{"@context":"https:\/\/schema.org","@graph":[{"@type":"Article","@id":"https:\/\/agenciainfra.com\/blog\/ministro-recua-e-diz-que-baterias-so-estarao-no-leilao-quando-for-tecnicamente-adequado\/#article","isPartOf":{"@id":"https:\/\/agenciainfra.com\/blog\/ministro-recua-e-diz-que-baterias-so-estarao-no-leilao-quando-for-tecnicamente-adequado\/"},"author":{"name":"Ag\u00eancia iNFRA","@id":"https:\/\/agenciainfra.com\/blog\/#\/schema\/person\/34af08dff6adea4cb22b06612ba7acfa"},"headline":"Ministro recua e diz que baterias s\u00f3 estar\u00e3o no leil\u00e3o quando for &#8220;tecnicamente adequado&#8221;","datePublished":"2024-06-04T14:00:00+00:00","dateModified":"2026-03-13T12:40:15+00:00","mainEntityOfPage":{"@id":"https:\/\/agenciainfra.com\/blog\/ministro-recua-e-diz-que-baterias-so-estarao-no-leilao-quando-for-tecnicamente-adequado\/"},"wordCount":546,"publisher":{"@id":"https:\/\/agenciainfra.com\/blog\/#organization"},"image":{"@id":"https:\/\/agenciainfra.com\/blog\/ministro-recua-e-diz-que-baterias-so-estarao-no-leilao-quando-for-tecnicamente-adequado\/#primaryimage"},"thumbnailUrl":"https:\/\/agenciainfra.com\/blog\/wp-content\/uploads\/2023\/09\/alexandre-silveira-foto-antonio-cruz-agencia-brasil-e1747921409569.jpg","keywords":["Alexandre Silveira","Armazenamento de energia","baterias","Brasil Talks","CERAWeek","CNN","CNN Brasil Talks","energia e\u00f3lica","energia solar","leil\u00e3o de energia","leil\u00e3o de reserva de capacidade","LRCAP","Marisa Wanzeller","Minist\u00e9rio de Minas e Energia","MME","regulamenta\u00e7\u00e3o","reserva de capacidade","Rui Costa","seguran\u00e7a energ\u00e9tica","tecnologia","transi\u00e7\u00e3o energ\u00e9tica"],"articleSection":["Destaque lista","Destaque Menor","Geral","iNFRAEnergia"],"inLanguage":"pt-BR","copyrightYear":"2024","copyrightHolder":{"@id":"https:\/\/agenciainfra.com\/blog\/#organization"}},{"@type":"WebPage","@id":"https:\/\/agenciainfra.com\/blog\/ministro-recua-e-diz-que-baterias-so-estarao-no-leilao-quando-for-tecnicamente-adequado\/","url":"https:\/\/agenciainfra.com\/blog\/ministro-recua-e-diz-que-baterias-so-estarao-no-leilao-quando-for-tecnicamente-adequado\/","name":"Ministro recua e diz que baterias s\u00f3 estar\u00e3o no leil\u00e3o quando for \"tecnicamente adequado\" - Ag\u00eancia iNFRA","isPartOf":{"@id":"https:\/\/agenciainfra.com\/blog\/#website"},"primaryImageOfPage":{"@id":"https:\/\/agenciainfra.com\/blog\/ministro-recua-e-diz-que-baterias-so-estarao-no-leilao-quando-for-tecnicamente-adequado\/#primaryimage"},"image":{"@id":"https:\/\/agenciainfra.com\/blog\/ministro-recua-e-diz-que-baterias-so-estarao-no-leilao-quando-for-tecnicamente-adequado\/#primaryimage"},"thumbnailUrl":"https:\/\/agenciainfra.com\/blog\/wp-content\/uploads\/2023\/09\/alexandre-silveira-foto-antonio-cruz-agencia-brasil-e1747921409569.jpg","datePublished":"2024-06-04T14:00:00+00:00","dateModified":"2026-03-13T12:40:15+00:00","breadcrumb":{"@id":"https:\/\/agenciainfra.com\/blog\/ministro-recua-e-diz-que-baterias-so-estarao-no-leilao-quando-for-tecnicamente-adequado\/#breadcrumb"},"inLanguage":"pt-BR","potentialAction":[{"@type":"ReadAction","target":["https:\/\/agenciainfra.com\/blog\/ministro-recua-e-diz-que-baterias-so-estarao-no-leilao-quando-for-tecnicamente-adequado\/"]}]},{"@type":"ImageObject","inLanguage":"pt-BR","@id":"https:\/\/agenciainfra.com\/blog\/ministro-recua-e-diz-que-baterias-so-estarao-no-leilao-quando-for-tecnicamente-adequado\/#primaryimage","url":"https:\/\/agenciainfra.com\/blog\/wp-content\/uploads\/2023\/09\/alexandre-silveira-foto-antonio-cruz-agencia-brasil-e1747921409569.jpg","contentUrl":"https:\/\/agenciainfra.com\/blog\/wp-content\/uploads\/2023\/09\/alexandre-silveira-foto-antonio-cruz-agencia-brasil-e1747921409569.jpg","width":1202,"height":715},{"@type":"BreadcrumbList","@id":"https:\/\/agenciainfra.com\/blog\/ministro-recua-e-diz-que-baterias-so-estarao-no-leilao-quando-for-tecnicamente-adequado\/#breadcrumb","itemListElement":[{"@type":"ListItem","position":1,"name":"In\u00edcio","item":"https:\/\/agenciainfra.com\/blog\/"},{"@type":"ListItem","position":2,"name":"Ministro recua e diz que baterias s\u00f3 estar\u00e3o no leil\u00e3o quando for &#8220;tecnicamente adequado&#8221;"}]},{"@type":"WebSite","@id":"https:\/\/agenciainfra.com\/blog\/#website","url":"https:\/\/agenciainfra.com\/blog\/","name":"Ag\u00eancia iNFRA","description":"Multiplataforma de informa\u00e7\u00e3o jornal\u00edstica refer\u00eancia na \u00e1rea de infraestrutura no Brasil!","publisher":{"@id":"https:\/\/agenciainfra.com\/blog\/#organization"},"potentialAction":[{"@type":"SearchAction","target":{"@type":"EntryPoint","urlTemplate":"https:\/\/agenciainfra.com\/blog\/?s={search_term_string}"},"query-input":{"@type":"PropertyValueSpecification","valueRequired":true,"valueName":"search_term_string"}}],"inLanguage":"pt-BR"},{"@type":"Organization","@id":"https:\/\/agenciainfra.com\/blog\/#organization","name":"Ag\u00eancia iNFRA","url":"https:\/\/agenciainfra.com\/blog\/","logo":{"@type":"ImageObject","inLanguage":"pt-BR","@id":"https:\/\/agenciainfra.com\/blog\/#\/schema\/logo\/image\/","url":"https:\/\/agenciainfra.com\/blog\/wp-content\/uploads\/2023\/09\/iNFRA_5-e1761735885940.png","contentUrl":"https:\/\/agenciainfra.com\/blog\/wp-content\/uploads\/2023\/09\/iNFRA_5-e1761735885940.png","width":1672,"height":454,"caption":"Ag\u00eancia iNFRA"},"image":{"@id":"https:\/\/agenciainfra.com\/blog\/#\/schema\/logo\/image\/"},"sameAs":["https:\/\/www.facebook.com\/ageninfra","https:\/\/x.com\/agencia_infra","https:\/\/www.linkedin.com\/company\/ag\u00eanciainfra\/","https:\/\/www.instagram.com\/agenciainfra\/"]},{"@type":"Person","@id":"https:\/\/agenciainfra.com\/blog\/#\/schema\/person\/34af08dff6adea4cb22b06612ba7acfa","name":"Ag\u00eancia iNFRA","image":{"@type":"ImageObject","inLanguage":"pt-BR","@id":"https:\/\/agenciainfra.com\/blog\/#\/schema\/person\/image\/","url":"https:\/\/secure.gravatar.com\/avatar\/d189e01678f06d8eb84d4e01f08eb848b3fffe3f8443818d3c356c66892f5be8?s=96&d=mm&r=g","contentUrl":"https:\/\/secure.gravatar.com\/avatar\/d189e01678f06d8eb84d4e01f08eb848b3fffe3f8443818d3c356c66892f5be8?s=96&d=mm&r=g","caption":"Ag\u00eancia iNFRA"},"url":"https:\/\/agenciainfra.com\/blog\/author\/admin\/"}]}},"_links":{"self":[{"href":"https:\/\/agenciainfra.com\/blog\/wp-json\/wp\/v2\/posts\/16939","targetHints":{"allow":["GET"]}}],"collection":[{"href":"https:\/\/agenciainfra.com\/blog\/wp-json\/wp\/v2\/posts"}],"about":[{"href":"https:\/\/agenciainfra.com\/blog\/wp-json\/wp\/v2\/types\/post"}],"author":[{"embeddable":true,"href":"https:\/\/agenciainfra.com\/blog\/wp-json\/wp\/v2\/users\/1"}],"replies":[{"embeddable":true,"href":"https:\/\/agenciainfra.com\/blog\/wp-json\/wp\/v2\/comments?post=16939"}],"version-history":[{"count":1,"href":"https:\/\/agenciainfra.com\/blog\/wp-json\/wp\/v2\/posts\/16939\/revisions"}],"predecessor-version":[{"id":16940,"href":"https:\/\/agenciainfra.com\/blog\/wp-json\/wp\/v2\/posts\/16939\/revisions\/16940"}],"wp:featuredmedia":[{"embeddable":true,"href":"https:\/\/agenciainfra.com\/blog\/wp-json\/wp\/v2\/media\/14215"}],"wp:attachment":[{"href":"https:\/\/agenciainfra.com\/blog\/wp-json\/wp\/v2\/media?parent=16939"}],"wp:term":[{"taxonomy":"category","embeddable":true,"href":"https:\/\/agenciainfra.com\/blog\/wp-json\/wp\/v2\/categories?post=16939"},{"taxonomy":"post_tag","embeddable":true,"href":"https:\/\/agenciainfra.com\/blog\/wp-json\/wp\/v2\/tags?post=16939"}],"curies":[{"name":"wp","href":"https:\/\/api.w.org\/{rel}","templated":true}]}}