{"id":16942,"date":"2024-06-04T13:00:00","date_gmt":"2024-06-04T16:00:00","guid":{"rendered":"https:\/\/agenciainfra.com\/blog\/?p=16942"},"modified":"2024-06-05T08:39:36","modified_gmt":"2024-06-05T11:39:36","slug":"aeroporto-salgado-filho-reabertura-em-dezembro-ainda-nao-esta-garantida","status":"publish","type":"post","link":"https:\/\/agenciainfra.com\/blog\/aeroporto-salgado-filho-reabertura-em-dezembro-ainda-nao-esta-garantida\/","title":{"rendered":"Aeroporto Salgado Filho: reabertura em dezembro ainda n\u00e3o est\u00e1 garantida"},"content":{"rendered":"\n<p class=\"has-text-align-right\"><strong>Elisa Costa, da Ag\u00eancia iNFRA<\/strong><\/p>\n\n\n\n<p>O&nbsp;Aeroporto&nbsp;Internacional&nbsp;Salgado&nbsp;Filho,&nbsp;em&nbsp;Porto Alegre, inundado pelas fortes chuvas no Rio Grande do Sul,&nbsp;n\u00e3o&nbsp;tem garantia de data para retomada das opera\u00e7\u00f5es desde as enchentes que afetaram o local no in\u00edcio de maio. Mesmo com expectativa para&nbsp;reabertura&nbsp;em&nbsp;dezembro, a concession\u00e1ria Fraport afirma que o prazo vai depender de avalia\u00e7\u00f5es que&nbsp;ainda&nbsp;ser\u00e3o feitas no terminal.<br><br>A possibilidade de&nbsp;reabertura&nbsp;no final do ano&nbsp;foi passada aos jornalistas pela concession\u00e1ria e pelo governo federal nesta segunda-feira (3), ap\u00f3s uma vistoria no&nbsp;aeroporto. Contudo a proje\u00e7\u00e3o \u00e9 moment\u00e2nea, uma vez que outros dois prazos j\u00e1 foram mencionados anteriormente e&nbsp;n\u00e3o&nbsp;foram mantidos: para agosto e para setembro deste ano.<br><br><strong>Reconstru\u00e7\u00e3o<\/strong><br>Com rela\u00e7\u00e3o ao processo de reconstru\u00e7\u00e3o do terminal, a Fraport iniciou a limpeza da pista de pousos e decolagens para retirada de entulhos. Ao mesmo tempo, foram iniciados testes e sondagens para avalia\u00e7\u00e3o de resist\u00eancia do solo, desde a compacta\u00e7\u00e3o at\u00e9 a pavimenta\u00e7\u00e3o, para medir os impactos do ac\u00famulo de \u00e1gua.<br><br>O per\u00edodo de testes deve durar 45 dias, a depender das condi\u00e7\u00f5es clim\u00e1ticas, com previs\u00e3o de que no in\u00edcio de julho seja poss\u00edvel detalhar quais obras ser\u00e3o necess\u00e1rias para recompor a pista. De acordo com a concession\u00e1ria,&nbsp;ainda&nbsp;n\u00e3o&nbsp;\u00e9 poss\u00edvel mencionar o valor total dos danos e quais equipamentos precisar\u00e3o ser substitu\u00eddos, pois as vistorias e o invent\u00e1rio dos itens&nbsp;ainda&nbsp;est\u00e3o&nbsp;em&nbsp;andamento.<br><br><strong>Reequil\u00edbrio<\/strong><br>Segundo o secret\u00e1rio nacional de Avia\u00e7\u00e3o Civil do Minist\u00e9rio de Portos e Aeroportos, Tom\u00e9 Franca, um cronograma de a\u00e7\u00f5es reestruturantes destinadas ao retorno do funcionamento do&nbsp;aeroporto&nbsp;ser\u00e1 apresentado nos pr\u00f3ximos dias. Apesar dos indicativos sobre o cronograma, o governo&nbsp;ainda&nbsp;articula sobre o or\u00e7amento e custos necess\u00e1rios para realizar interven\u00e7\u00f5es.<br><br>As an\u00e1lises do pedido de reequil\u00edbrio econ\u00f4mico-financeiro do&nbsp;aeroporto&nbsp;tamb\u00e9m j\u00e1 foram iniciadas, conforme informa\u00e7\u00f5es da ANAC (Ag\u00eancia Nacional de Avia\u00e7\u00e3o Civil), mas, antes disso, a ag\u00eancia informa que priorizar\u00e1&nbsp;os procedimentos de retomada das opera\u00e7\u00f5es. Para o governo, as renegocia\u00e7\u00f5es de contrato&nbsp;n\u00e3o&nbsp;podem impedir o trabalho de reconstru\u00e7\u00e3o.<br><br><strong>Atualiza\u00e7\u00e3o de rodovias<\/strong><br>De acordo com o&nbsp;<a href=\"https:\/\/agenciainfra.us14.list-manage.com\/track\/click?u=d460dd1bcf9ba0ae040e1fc0f&amp;id=e83649aeb0&amp;e=f0fa444791\" target=\"_blank\" rel=\"noreferrer noopener\">Boletim de Recupera\u00e7\u00e3o de Rodovias Federais<\/a>&nbsp;do Rio Grande do Sul, divulgado pelo Minist\u00e9rio dos Transportes at\u00e9 a noite desta segunda-feira (3), cinco trechos estavam totalmente interditados na BR-116 e BR-470. Outros 23 trechos, parcialmente interditados&nbsp;em&nbsp;seis rodovias: BR-101, BR-116, BR-153, BR-287, BR-386 e BR-470. J\u00e1 foram liberados 107 trechos&nbsp;em&nbsp;11 rodovias no estado, mas 15&nbsp;ainda&nbsp;est\u00e3o&nbsp;em&nbsp;obras.<\/p>\n","protected":false},"excerpt":{"rendered":"<p>Elisa Costa, da Ag\u00eancia iNFRA O&nbsp;Aeroporto&nbsp;Internacional&nbsp;Salgado&nbsp;Filho,&nbsp;em&nbsp;Porto Alegre, inundado pelas fortes chuvas no Rio Grande do Sul,&nbsp;n\u00e3o&nbsp;tem garantia de data para retomada das opera\u00e7\u00f5es desde as enchentes que afetaram o local no in\u00edcio de maio. Mesmo com expectativa para&nbsp;reabertura&nbsp;em&nbsp;dezembro, a concession\u00e1ria Fraport afirma que o prazo vai depender de avalia\u00e7\u00f5es que&nbsp;ainda&nbsp;ser\u00e3o feitas no terminal. A possibilidade [&hellip;]<\/p>\n","protected":false},"author":1,"featured_media":16943,"comment_status":"closed","ping_status":"closed","sticky":false,"template":"","format":"standard","meta":{"_monsterinsights_skip_tracking":false,"_monsterinsights_sitenote_active":false,"_monsterinsights_sitenote_note":"","_monsterinsights_sitenote_category":0,"footnotes":""},"categories":[1,7],"tags":[9827,72,242,599,9826,7367,6218,9828,9830,9591,2563,9666,3468,6549,9601,9831,104,9832,9829,235],"class_list":["post-16942","post","type-post","status-publish","format-standard","has-post-thumbnail","hentry","category-geral","category-infratransporte","tag-abertura-aeroporto","tag-agencia-reguladora","tag-anac","tag-aviacao-civil","tag-avioes","tag-elisa-costa","tag-enchentes","tag-entulhos","tag-fortes-chuvas","tag-fraport","tag-porto-alegre","tag-reconstrucao","tag-rio-grande-do-sul","tag-rs","tag-salgado-filho","tag-secretario-nacional","tag-terminal","tag-tome-franca","tag-voo-para-porto-alegre","tag-voos"],"yoast_head":"<!-- This site is optimized with the Yoast SEO Premium plugin v25.4 (Yoast SEO v26.0) - https:\/\/yoast.com\/wordpress\/plugins\/seo\/ -->\n<title>Aeroporto Salgado Filho: reabertura em dezembro ainda n\u00e3o est\u00e1 garantida - Ag\u00eancia iNFRA<\/title>\n<meta name=\"robots\" content=\"index, follow, max-snippet:-1, max-image-preview:large, max-video-preview:-1\" \/>\n<link rel=\"canonical\" href=\"https:\/\/agenciainfra.com\/blog\/aeroporto-salgado-filho-reabertura-em-dezembro-ainda-nao-esta-garantida\/\" \/>\n<meta property=\"og:locale\" content=\"pt_BR\" \/>\n<meta property=\"og:type\" content=\"article\" \/>\n<meta property=\"og:title\" content=\"Aeroporto Salgado Filho: reabertura em dezembro ainda n\u00e3o est\u00e1 garantida\" \/>\n<meta property=\"og:description\" content=\"Elisa Costa, da Ag\u00eancia iNFRA O&nbsp;Aeroporto&nbsp;Internacional&nbsp;Salgado&nbsp;Filho,&nbsp;em&nbsp;Porto Alegre, inundado pelas fortes chuvas no Rio Grande do Sul,&nbsp;n\u00e3o&nbsp;tem garantia de data para retomada das opera\u00e7\u00f5es desde as enchentes que afetaram o local no in\u00edcio de maio. Mesmo com expectativa para&nbsp;reabertura&nbsp;em&nbsp;dezembro, a concession\u00e1ria Fraport afirma que o prazo vai depender de avalia\u00e7\u00f5es que&nbsp;ainda&nbsp;ser\u00e3o feitas no terminal. A possibilidade [&hellip;]\" \/>\n<meta property=\"og:url\" content=\"https:\/\/agenciainfra.com\/blog\/aeroporto-salgado-filho-reabertura-em-dezembro-ainda-nao-esta-garantida\/\" \/>\n<meta property=\"og:site_name\" content=\"Ag\u00eancia iNFRA\" \/>\n<meta property=\"article:publisher\" content=\"https:\/\/www.facebook.com\/ageninfra\" \/>\n<meta property=\"article:published_time\" content=\"2024-06-04T16:00:00+00:00\" \/>\n<meta property=\"article:modified_time\" content=\"2024-06-05T11:39:36+00:00\" \/>\n<meta property=\"og:image\" content=\"https:\/\/agenciainfra.com\/blog\/wp-content\/uploads\/2024\/06\/tome-franca-foto-redes-sociais.jpg\" \/>\n\t<meta property=\"og:image:width\" content=\"2340\" \/>\n\t<meta property=\"og:image:height\" content=\"1633\" \/>\n\t<meta property=\"og:image:type\" content=\"image\/jpeg\" \/>\n<meta name=\"author\" content=\"Ag\u00eancia iNFRA\" \/>\n<meta name=\"twitter:card\" content=\"summary_large_image\" \/>\n<meta name=\"twitter:creator\" content=\"@agencia_infra\" \/>\n<meta name=\"twitter:site\" content=\"@agencia_infra\" \/>\n<meta name=\"twitter:label1\" content=\"Escrito por\" \/>\n\t<meta name=\"twitter:data1\" content=\"Ag\u00eancia iNFRA\" \/>\n\t<meta name=\"twitter:label2\" content=\"Est. tempo de leitura\" \/>\n\t<meta name=\"twitter:data2\" content=\"2 minutos\" \/>\n<script type=\"application\/ld+json\" class=\"yoast-schema-graph\">{\"@context\":\"https:\/\/schema.org\",\"@graph\":[{\"@type\":\"Article\",\"@id\":\"https:\/\/agenciainfra.com\/blog\/aeroporto-salgado-filho-reabertura-em-dezembro-ainda-nao-esta-garantida\/#article\",\"isPartOf\":{\"@id\":\"https:\/\/agenciainfra.com\/blog\/aeroporto-salgado-filho-reabertura-em-dezembro-ainda-nao-esta-garantida\/\"},\"author\":{\"name\":\"Ag\u00eancia iNFRA\",\"@id\":\"https:\/\/agenciainfra.com\/blog\/#\/schema\/person\/34af08dff6adea4cb22b06612ba7acfa\"},\"headline\":\"Aeroporto Salgado Filho: reabertura em dezembro ainda n\u00e3o est\u00e1 garantida\",\"datePublished\":\"2024-06-04T16:00:00+00:00\",\"dateModified\":\"2024-06-05T11:39:36+00:00\",\"mainEntityOfPage\":{\"@id\":\"https:\/\/agenciainfra.com\/blog\/aeroporto-salgado-filho-reabertura-em-dezembro-ainda-nao-esta-garantida\/\"},\"wordCount\":513,\"publisher\":{\"@id\":\"https:\/\/agenciainfra.com\/blog\/#organization\"},\"image\":{\"@id\":\"https:\/\/agenciainfra.com\/blog\/aeroporto-salgado-filho-reabertura-em-dezembro-ainda-nao-esta-garantida\/#primaryimage\"},\"thumbnailUrl\":\"https:\/\/agenciainfra.com\/blog\/wp-content\/uploads\/2024\/06\/tome-franca-foto-redes-sociais.jpg\",\"keywords\":[\"abertura aeroporto\",\"ag\u00eancia reguladora\",\"ANAC\",\"avia\u00e7\u00e3o civil\",\"avi\u00f5es\",\"Elisa Costa\",\"enchentes\",\"entulhos\",\"fortes chuvas\",\"Fraport\",\"Porto Alegre\",\"Reconstru\u00e7\u00e3o\",\"Rio Grande do Sul\",\"RS\",\"Salgado Filho\",\"secret\u00e1rio nacional\",\"Terminal\",\"Tom\u00e9 Franca\",\"voo para Porto Alegre\",\"voos\"],\"articleSection\":[\"Geral\",\"iNFRATransporte\"],\"inLanguage\":\"pt-BR\",\"copyrightYear\":\"2024\",\"copyrightHolder\":{\"@id\":\"https:\/\/agenciainfra.com\/blog\/#organization\"}},{\"@type\":\"WebPage\",\"@id\":\"https:\/\/agenciainfra.com\/blog\/aeroporto-salgado-filho-reabertura-em-dezembro-ainda-nao-esta-garantida\/\",\"url\":\"https:\/\/agenciainfra.com\/blog\/aeroporto-salgado-filho-reabertura-em-dezembro-ainda-nao-esta-garantida\/\",\"name\":\"Aeroporto Salgado Filho: reabertura em dezembro ainda n\u00e3o est\u00e1 garantida - Ag\u00eancia iNFRA\",\"isPartOf\":{\"@id\":\"https:\/\/agenciainfra.com\/blog\/#website\"},\"primaryImageOfPage\":{\"@id\":\"https:\/\/agenciainfra.com\/blog\/aeroporto-salgado-filho-reabertura-em-dezembro-ainda-nao-esta-garantida\/#primaryimage\"},\"image\":{\"@id\":\"https:\/\/agenciainfra.com\/blog\/aeroporto-salgado-filho-reabertura-em-dezembro-ainda-nao-esta-garantida\/#primaryimage\"},\"thumbnailUrl\":\"https:\/\/agenciainfra.com\/blog\/wp-content\/uploads\/2024\/06\/tome-franca-foto-redes-sociais.jpg\",\"datePublished\":\"2024-06-04T16:00:00+00:00\",\"dateModified\":\"2024-06-05T11:39:36+00:00\",\"breadcrumb\":{\"@id\":\"https:\/\/agenciainfra.com\/blog\/aeroporto-salgado-filho-reabertura-em-dezembro-ainda-nao-esta-garantida\/#breadcrumb\"},\"inLanguage\":\"pt-BR\",\"potentialAction\":[{\"@type\":\"ReadAction\",\"target\":[\"https:\/\/agenciainfra.com\/blog\/aeroporto-salgado-filho-reabertura-em-dezembro-ainda-nao-esta-garantida\/\"]}]},{\"@type\":\"ImageObject\",\"inLanguage\":\"pt-BR\",\"@id\":\"https:\/\/agenciainfra.com\/blog\/aeroporto-salgado-filho-reabertura-em-dezembro-ainda-nao-esta-garantida\/#primaryimage\",\"url\":\"https:\/\/agenciainfra.com\/blog\/wp-content\/uploads\/2024\/06\/tome-franca-foto-redes-sociais.jpg\",\"contentUrl\":\"https:\/\/agenciainfra.com\/blog\/wp-content\/uploads\/2024\/06\/tome-franca-foto-redes-sociais.jpg\",\"width\":2340,\"height\":1633},{\"@type\":\"BreadcrumbList\",\"@id\":\"https:\/\/agenciainfra.com\/blog\/aeroporto-salgado-filho-reabertura-em-dezembro-ainda-nao-esta-garantida\/#breadcrumb\",\"itemListElement\":[{\"@type\":\"ListItem\",\"position\":1,\"name\":\"In\u00edcio\",\"item\":\"https:\/\/agenciainfra.com\/blog\/\"},{\"@type\":\"ListItem\",\"position\":2,\"name\":\"Aeroporto Salgado Filho: reabertura em dezembro ainda n\u00e3o est\u00e1 garantida\"}]},{\"@type\":\"WebSite\",\"@id\":\"https:\/\/agenciainfra.com\/blog\/#website\",\"url\":\"https:\/\/agenciainfra.com\/blog\/\",\"name\":\"Ag\u00eancia iNFRA\",\"description\":\"Multiplataforma de informa\u00e7\u00e3o jornal\u00edstica refer\u00eancia na \u00e1rea de infraestrutura no Brasil!\",\"publisher\":{\"@id\":\"https:\/\/agenciainfra.com\/blog\/#organization\"},\"potentialAction\":[{\"@type\":\"SearchAction\",\"target\":{\"@type\":\"EntryPoint\",\"urlTemplate\":\"https:\/\/agenciainfra.com\/blog\/?s={search_term_string}\"},\"query-input\":{\"@type\":\"PropertyValueSpecification\",\"valueRequired\":true,\"valueName\":\"search_term_string\"}}],\"inLanguage\":\"pt-BR\"},{\"@type\":\"Organization\",\"@id\":\"https:\/\/agenciainfra.com\/blog\/#organization\",\"name\":\"Ag\u00eancia iNFRA\",\"url\":\"https:\/\/agenciainfra.com\/blog\/\",\"logo\":{\"@type\":\"ImageObject\",\"inLanguage\":\"pt-BR\",\"@id\":\"https:\/\/agenciainfra.com\/blog\/#\/schema\/logo\/image\/\",\"url\":\"https:\/\/agenciainfra.com\/blog\/wp-content\/uploads\/2023\/09\/iNFRA_5-e1761735885940.png\",\"contentUrl\":\"https:\/\/agenciainfra.com\/blog\/wp-content\/uploads\/2023\/09\/iNFRA_5-e1761735885940.png\",\"width\":1672,\"height\":454,\"caption\":\"Ag\u00eancia iNFRA\"},\"image\":{\"@id\":\"https:\/\/agenciainfra.com\/blog\/#\/schema\/logo\/image\/\"},\"sameAs\":[\"https:\/\/www.facebook.com\/ageninfra\",\"https:\/\/x.com\/agencia_infra\",\"https:\/\/www.linkedin.com\/company\/ag\u00eanciainfra\/\",\"https:\/\/www.instagram.com\/agenciainfra\/\"]},{\"@type\":\"Person\",\"@id\":\"https:\/\/agenciainfra.com\/blog\/#\/schema\/person\/34af08dff6adea4cb22b06612ba7acfa\",\"name\":\"Ag\u00eancia iNFRA\",\"image\":{\"@type\":\"ImageObject\",\"inLanguage\":\"pt-BR\",\"@id\":\"https:\/\/agenciainfra.com\/blog\/#\/schema\/person\/image\/\",\"url\":\"https:\/\/secure.gravatar.com\/avatar\/d189e01678f06d8eb84d4e01f08eb848b3fffe3f8443818d3c356c66892f5be8?s=96&d=mm&r=g\",\"contentUrl\":\"https:\/\/secure.gravatar.com\/avatar\/d189e01678f06d8eb84d4e01f08eb848b3fffe3f8443818d3c356c66892f5be8?s=96&d=mm&r=g\",\"caption\":\"Ag\u00eancia iNFRA\"},\"url\":\"https:\/\/agenciainfra.com\/blog\/author\/admin\/\"}]}<\/script>\n<!-- \/ Yoast SEO Premium plugin. -->","yoast_head_json":{"title":"Aeroporto Salgado Filho: reabertura em dezembro ainda n\u00e3o est\u00e1 garantida - Ag\u00eancia iNFRA","robots":{"index":"index","follow":"follow","max-snippet":"max-snippet:-1","max-image-preview":"max-image-preview:large","max-video-preview":"max-video-preview:-1"},"canonical":"https:\/\/agenciainfra.com\/blog\/aeroporto-salgado-filho-reabertura-em-dezembro-ainda-nao-esta-garantida\/","og_locale":"pt_BR","og_type":"article","og_title":"Aeroporto Salgado Filho: reabertura em dezembro ainda n\u00e3o est\u00e1 garantida","og_description":"Elisa Costa, da Ag\u00eancia iNFRA O&nbsp;Aeroporto&nbsp;Internacional&nbsp;Salgado&nbsp;Filho,&nbsp;em&nbsp;Porto Alegre, inundado pelas fortes chuvas no Rio Grande do Sul,&nbsp;n\u00e3o&nbsp;tem garantia de data para retomada das opera\u00e7\u00f5es desde as enchentes que afetaram o local no in\u00edcio de maio. Mesmo com expectativa para&nbsp;reabertura&nbsp;em&nbsp;dezembro, a concession\u00e1ria Fraport afirma que o prazo vai depender de avalia\u00e7\u00f5es que&nbsp;ainda&nbsp;ser\u00e3o feitas no terminal. A possibilidade [&hellip;]","og_url":"https:\/\/agenciainfra.com\/blog\/aeroporto-salgado-filho-reabertura-em-dezembro-ainda-nao-esta-garantida\/","og_site_name":"Ag\u00eancia iNFRA","article_publisher":"https:\/\/www.facebook.com\/ageninfra","article_published_time":"2024-06-04T16:00:00+00:00","article_modified_time":"2024-06-05T11:39:36+00:00","og_image":[{"width":2340,"height":1633,"url":"https:\/\/agenciainfra.com\/blog\/wp-content\/uploads\/2024\/06\/tome-franca-foto-redes-sociais.jpg","type":"image\/jpeg"}],"author":"Ag\u00eancia iNFRA","twitter_card":"summary_large_image","twitter_creator":"@agencia_infra","twitter_site":"@agencia_infra","twitter_misc":{"Escrito por":"Ag\u00eancia iNFRA","Est. tempo de leitura":"2 minutos"},"schema":{"@context":"https:\/\/schema.org","@graph":[{"@type":"Article","@id":"https:\/\/agenciainfra.com\/blog\/aeroporto-salgado-filho-reabertura-em-dezembro-ainda-nao-esta-garantida\/#article","isPartOf":{"@id":"https:\/\/agenciainfra.com\/blog\/aeroporto-salgado-filho-reabertura-em-dezembro-ainda-nao-esta-garantida\/"},"author":{"name":"Ag\u00eancia iNFRA","@id":"https:\/\/agenciainfra.com\/blog\/#\/schema\/person\/34af08dff6adea4cb22b06612ba7acfa"},"headline":"Aeroporto Salgado Filho: reabertura em dezembro ainda n\u00e3o est\u00e1 garantida","datePublished":"2024-06-04T16:00:00+00:00","dateModified":"2024-06-05T11:39:36+00:00","mainEntityOfPage":{"@id":"https:\/\/agenciainfra.com\/blog\/aeroporto-salgado-filho-reabertura-em-dezembro-ainda-nao-esta-garantida\/"},"wordCount":513,"publisher":{"@id":"https:\/\/agenciainfra.com\/blog\/#organization"},"image":{"@id":"https:\/\/agenciainfra.com\/blog\/aeroporto-salgado-filho-reabertura-em-dezembro-ainda-nao-esta-garantida\/#primaryimage"},"thumbnailUrl":"https:\/\/agenciainfra.com\/blog\/wp-content\/uploads\/2024\/06\/tome-franca-foto-redes-sociais.jpg","keywords":["abertura aeroporto","ag\u00eancia reguladora","ANAC","avia\u00e7\u00e3o civil","avi\u00f5es","Elisa Costa","enchentes","entulhos","fortes chuvas","Fraport","Porto Alegre","Reconstru\u00e7\u00e3o","Rio Grande do Sul","RS","Salgado Filho","secret\u00e1rio nacional","Terminal","Tom\u00e9 Franca","voo para Porto Alegre","voos"],"articleSection":["Geral","iNFRATransporte"],"inLanguage":"pt-BR","copyrightYear":"2024","copyrightHolder":{"@id":"https:\/\/agenciainfra.com\/blog\/#organization"}},{"@type":"WebPage","@id":"https:\/\/agenciainfra.com\/blog\/aeroporto-salgado-filho-reabertura-em-dezembro-ainda-nao-esta-garantida\/","url":"https:\/\/agenciainfra.com\/blog\/aeroporto-salgado-filho-reabertura-em-dezembro-ainda-nao-esta-garantida\/","name":"Aeroporto Salgado Filho: reabertura em dezembro ainda n\u00e3o est\u00e1 garantida - Ag\u00eancia iNFRA","isPartOf":{"@id":"https:\/\/agenciainfra.com\/blog\/#website"},"primaryImageOfPage":{"@id":"https:\/\/agenciainfra.com\/blog\/aeroporto-salgado-filho-reabertura-em-dezembro-ainda-nao-esta-garantida\/#primaryimage"},"image":{"@id":"https:\/\/agenciainfra.com\/blog\/aeroporto-salgado-filho-reabertura-em-dezembro-ainda-nao-esta-garantida\/#primaryimage"},"thumbnailUrl":"https:\/\/agenciainfra.com\/blog\/wp-content\/uploads\/2024\/06\/tome-franca-foto-redes-sociais.jpg","datePublished":"2024-06-04T16:00:00+00:00","dateModified":"2024-06-05T11:39:36+00:00","breadcrumb":{"@id":"https:\/\/agenciainfra.com\/blog\/aeroporto-salgado-filho-reabertura-em-dezembro-ainda-nao-esta-garantida\/#breadcrumb"},"inLanguage":"pt-BR","potentialAction":[{"@type":"ReadAction","target":["https:\/\/agenciainfra.com\/blog\/aeroporto-salgado-filho-reabertura-em-dezembro-ainda-nao-esta-garantida\/"]}]},{"@type":"ImageObject","inLanguage":"pt-BR","@id":"https:\/\/agenciainfra.com\/blog\/aeroporto-salgado-filho-reabertura-em-dezembro-ainda-nao-esta-garantida\/#primaryimage","url":"https:\/\/agenciainfra.com\/blog\/wp-content\/uploads\/2024\/06\/tome-franca-foto-redes-sociais.jpg","contentUrl":"https:\/\/agenciainfra.com\/blog\/wp-content\/uploads\/2024\/06\/tome-franca-foto-redes-sociais.jpg","width":2340,"height":1633},{"@type":"BreadcrumbList","@id":"https:\/\/agenciainfra.com\/blog\/aeroporto-salgado-filho-reabertura-em-dezembro-ainda-nao-esta-garantida\/#breadcrumb","itemListElement":[{"@type":"ListItem","position":1,"name":"In\u00edcio","item":"https:\/\/agenciainfra.com\/blog\/"},{"@type":"ListItem","position":2,"name":"Aeroporto Salgado Filho: reabertura em dezembro ainda n\u00e3o est\u00e1 garantida"}]},{"@type":"WebSite","@id":"https:\/\/agenciainfra.com\/blog\/#website","url":"https:\/\/agenciainfra.com\/blog\/","name":"Ag\u00eancia iNFRA","description":"Multiplataforma de informa\u00e7\u00e3o jornal\u00edstica refer\u00eancia na \u00e1rea de infraestrutura no Brasil!","publisher":{"@id":"https:\/\/agenciainfra.com\/blog\/#organization"},"potentialAction":[{"@type":"SearchAction","target":{"@type":"EntryPoint","urlTemplate":"https:\/\/agenciainfra.com\/blog\/?s={search_term_string}"},"query-input":{"@type":"PropertyValueSpecification","valueRequired":true,"valueName":"search_term_string"}}],"inLanguage":"pt-BR"},{"@type":"Organization","@id":"https:\/\/agenciainfra.com\/blog\/#organization","name":"Ag\u00eancia iNFRA","url":"https:\/\/agenciainfra.com\/blog\/","logo":{"@type":"ImageObject","inLanguage":"pt-BR","@id":"https:\/\/agenciainfra.com\/blog\/#\/schema\/logo\/image\/","url":"https:\/\/agenciainfra.com\/blog\/wp-content\/uploads\/2023\/09\/iNFRA_5-e1761735885940.png","contentUrl":"https:\/\/agenciainfra.com\/blog\/wp-content\/uploads\/2023\/09\/iNFRA_5-e1761735885940.png","width":1672,"height":454,"caption":"Ag\u00eancia iNFRA"},"image":{"@id":"https:\/\/agenciainfra.com\/blog\/#\/schema\/logo\/image\/"},"sameAs":["https:\/\/www.facebook.com\/ageninfra","https:\/\/x.com\/agencia_infra","https:\/\/www.linkedin.com\/company\/ag\u00eanciainfra\/","https:\/\/www.instagram.com\/agenciainfra\/"]},{"@type":"Person","@id":"https:\/\/agenciainfra.com\/blog\/#\/schema\/person\/34af08dff6adea4cb22b06612ba7acfa","name":"Ag\u00eancia iNFRA","image":{"@type":"ImageObject","inLanguage":"pt-BR","@id":"https:\/\/agenciainfra.com\/blog\/#\/schema\/person\/image\/","url":"https:\/\/secure.gravatar.com\/avatar\/d189e01678f06d8eb84d4e01f08eb848b3fffe3f8443818d3c356c66892f5be8?s=96&d=mm&r=g","contentUrl":"https:\/\/secure.gravatar.com\/avatar\/d189e01678f06d8eb84d4e01f08eb848b3fffe3f8443818d3c356c66892f5be8?s=96&d=mm&r=g","caption":"Ag\u00eancia iNFRA"},"url":"https:\/\/agenciainfra.com\/blog\/author\/admin\/"}]}},"_links":{"self":[{"href":"https:\/\/agenciainfra.com\/blog\/wp-json\/wp\/v2\/posts\/16942","targetHints":{"allow":["GET"]}}],"collection":[{"href":"https:\/\/agenciainfra.com\/blog\/wp-json\/wp\/v2\/posts"}],"about":[{"href":"https:\/\/agenciainfra.com\/blog\/wp-json\/wp\/v2\/types\/post"}],"author":[{"embeddable":true,"href":"https:\/\/agenciainfra.com\/blog\/wp-json\/wp\/v2\/users\/1"}],"replies":[{"embeddable":true,"href":"https:\/\/agenciainfra.com\/blog\/wp-json\/wp\/v2\/comments?post=16942"}],"version-history":[{"count":1,"href":"https:\/\/agenciainfra.com\/blog\/wp-json\/wp\/v2\/posts\/16942\/revisions"}],"predecessor-version":[{"id":16944,"href":"https:\/\/agenciainfra.com\/blog\/wp-json\/wp\/v2\/posts\/16942\/revisions\/16944"}],"wp:featuredmedia":[{"embeddable":true,"href":"https:\/\/agenciainfra.com\/blog\/wp-json\/wp\/v2\/media\/16943"}],"wp:attachment":[{"href":"https:\/\/agenciainfra.com\/blog\/wp-json\/wp\/v2\/media?parent=16942"}],"wp:term":[{"taxonomy":"category","embeddable":true,"href":"https:\/\/agenciainfra.com\/blog\/wp-json\/wp\/v2\/categories?post=16942"},{"taxonomy":"post_tag","embeddable":true,"href":"https:\/\/agenciainfra.com\/blog\/wp-json\/wp\/v2\/tags?post=16942"}],"curies":[{"name":"wp","href":"https:\/\/api.w.org\/{rel}","templated":true}]}}