{"id":16949,"date":"2024-06-05T10:00:00","date_gmt":"2024-06-05T13:00:00","guid":{"rendered":"https:\/\/agenciainfra.com\/blog\/?p=16949"},"modified":"2024-06-07T13:10:40","modified_gmt":"2024-06-07T16:10:40","slug":"justica-federal-da-prazo-para-uniao-e-antt-retomarem-obras-ou-fazerem-concessao-da-br-040-rj","status":"publish","type":"post","link":"https:\/\/agenciainfra.com\/blog\/justica-federal-da-prazo-para-uniao-e-antt-retomarem-obras-ou-fazerem-concessao-da-br-040-rj\/","title":{"rendered":"Justi\u00e7a Federal d\u00e1 prazo para Uni\u00e3o e ANTT retomarem obras ou fazerem concess\u00e3o da BR-040\/RJ"},"content":{"rendered":"\n<p class=\"has-text-align-right\"><strong>da Ag\u00eancia iNFRA<\/strong><\/p>\n\n\n\n<p>A Uni\u00e3o e a ANTT (Ag\u00eancia Nacional de Transportes Terrestres) devem realizar nova licita\u00e7\u00e3o para conclus\u00e3o da obra da Nova Subida da Serra, na BR-040\/RJ, em 180 dias, seja com licita\u00e7\u00e3o de uma nova concess\u00e3o ou apenas das obras. A decis\u00e3o foi tomada pela Justi\u00e7a Federal do Rio de Janeiro em a\u00e7\u00f5es movidas pelo Minist\u00e9rio P\u00fablico Federal.<br><br>De acordo com a procuradoria, a atual concess\u00e3o da rodovia&nbsp;\u00e0&nbsp;Concer dever\u00e1 ser encerrada em at\u00e9 60 dias, sob pena de multa di\u00e1ria no valor de R$ 1 milh\u00e3o. A informa\u00e7\u00e3o da procuradoria \u00e9 que a ANTT tamb\u00e9m foi condenada a exigir da Concer a execu\u00e7\u00e3o da parcela da obra cujos recursos j\u00e1 estavam previstos no PER (Programa de Explora\u00e7\u00e3o da Rodovia) e n\u00e3o promover qualquer aumento de ped\u00e1gio ou prorroga\u00e7\u00e3o do contrato de concess\u00e3o.&nbsp;<br><br>Na mesma senten\u00e7a, a Concer deve entregar projeto executivo e complementa\u00e7\u00f5es que viabilizem a conclus\u00e3o da parte da obra para a qual foi contratada, colaborar com a transi\u00e7\u00e3o do servi\u00e7o p\u00fablico concedido e manter, at\u00e9 a transi\u00e7\u00e3o completa, os servi\u00e7os objeto da concess\u00e3o, sob pena de multa de R$ 100 mil em caso de descumprimento.<br><br>Em maio, o TCU (Tribunal de Contas da Uni\u00e3o) tamb\u00e9m deu decis\u00e3o semelhante, indicando a necessidade de a ANTT fazer nova licita\u00e7\u00e3o do bem e restringindo a ag\u00eancia e o minist\u00e9rio dos Transportes de repactuarem o contrato, como a empresa havia solicitado alegando ser a forma mais r\u00e1pida para concluir as obras do t\u00fanel, que est\u00e1 inconcluso ap\u00f3s 10 anos do in\u00edcio do projeto.<br><br>O contrato com a Concer deveria ter sido encerrado em 2021, mas a empresa segue na opera\u00e7\u00e3o baseada numa decis\u00e3o liminar do STJ (Superior Tribunal de Justi\u00e7a) que determinou que ela siga na opera\u00e7\u00e3o at\u00e9 que seja feita uma nova concess\u00e3o para o trecho rodovi\u00e1rio.<\/p>\n","protected":false},"excerpt":{"rendered":"<p>da Ag\u00eancia iNFRA A Uni\u00e3o e a ANTT (Ag\u00eancia Nacional de Transportes Terrestres) devem realizar nova licita\u00e7\u00e3o para conclus\u00e3o da obra da Nova Subida da Serra, na BR-040\/RJ, em 180 dias, seja com licita\u00e7\u00e3o de uma nova concess\u00e3o ou apenas das obras. A decis\u00e3o foi tomada pela Justi\u00e7a Federal do Rio de Janeiro em a\u00e7\u00f5es [&hellip;]<\/p>\n","protected":false},"author":1,"featured_media":5607,"comment_status":"closed","ping_status":"closed","sticky":false,"template":"","format":"standard","meta":{"_monsterinsights_skip_tracking":false,"_monsterinsights_sitenote_active":false,"_monsterinsights_sitenote_note":"","_monsterinsights_sitenote_category":0,"footnotes":""},"categories":[7248,7250,1,7],"tags":[6616,46,19,514,2440,505,5640,4373,3682,316,653,1628,2439,719,20,162,3529,3139,9841,1489,18,1518,6569],"class_list":["post-16949","post","type-post","status-publish","format-standard","has-post-thumbnail","hentry","category-cabecalho","category-destaque-lista","category-geral","category-infratransporte","tag-acao","tag-agencias-reguladoras","tag-antt","tag-br-040","tag-br-040-rj","tag-concer","tag-decisao","tag-justica","tag-justica-federal","tag-licitacao","tag-liminar","tag-multa","tag-nova-subida-da-serra","tag-obra","tag-pedagio","tag-per","tag-procuradoria","tag-programa-de-exploracao-da-rodovia","tag-retomar-obra","tag-stj","tag-tcu","tag-transportes-terrestres","tag-uniao"],"yoast_head":"<!-- This site is optimized with the Yoast SEO Premium plugin v25.4 (Yoast SEO v26.0) - https:\/\/yoast.com\/wordpress\/plugins\/seo\/ -->\n<title>Justi\u00e7a Federal d\u00e1 prazo para Uni\u00e3o e ANTT retomarem obras ou fazerem concess\u00e3o da BR-040\/RJ - Ag\u00eancia iNFRA<\/title>\n<meta name=\"robots\" content=\"index, follow, max-snippet:-1, max-image-preview:large, max-video-preview:-1\" \/>\n<link rel=\"canonical\" href=\"https:\/\/agenciainfra.com\/blog\/justica-federal-da-prazo-para-uniao-e-antt-retomarem-obras-ou-fazerem-concessao-da-br-040-rj\/\" \/>\n<meta property=\"og:locale\" content=\"pt_BR\" \/>\n<meta property=\"og:type\" content=\"article\" \/>\n<meta property=\"og:title\" content=\"Justi\u00e7a Federal d\u00e1 prazo para Uni\u00e3o e ANTT retomarem obras ou fazerem concess\u00e3o da BR-040\/RJ\" \/>\n<meta property=\"og:description\" content=\"da Ag\u00eancia iNFRA A Uni\u00e3o e a ANTT (Ag\u00eancia Nacional de Transportes Terrestres) devem realizar nova licita\u00e7\u00e3o para conclus\u00e3o da obra da Nova Subida da Serra, na BR-040\/RJ, em 180 dias, seja com licita\u00e7\u00e3o de uma nova concess\u00e3o ou apenas das obras. A decis\u00e3o foi tomada pela Justi\u00e7a Federal do Rio de Janeiro em a\u00e7\u00f5es [&hellip;]\" \/>\n<meta property=\"og:url\" content=\"https:\/\/agenciainfra.com\/blog\/justica-federal-da-prazo-para-uniao-e-antt-retomarem-obras-ou-fazerem-concessao-da-br-040-rj\/\" \/>\n<meta property=\"og:site_name\" content=\"Ag\u00eancia iNFRA\" \/>\n<meta property=\"article:publisher\" content=\"https:\/\/www.facebook.com\/ageninfra\" \/>\n<meta property=\"article:published_time\" content=\"2024-06-05T13:00:00+00:00\" \/>\n<meta property=\"article:modified_time\" content=\"2024-06-07T16:10:40+00:00\" \/>\n<meta property=\"og:image\" content=\"https:\/\/agenciainfra.com\/blog\/wp-content\/uploads\/2020\/08\/nova-subida-da-serra-foto-reproducao-concer.png\" \/>\n\t<meta property=\"og:image:width\" content=\"1280\" \/>\n\t<meta property=\"og:image:height\" content=\"718\" \/>\n\t<meta property=\"og:image:type\" content=\"image\/png\" \/>\n<meta name=\"author\" content=\"Ag\u00eancia iNFRA\" \/>\n<meta name=\"twitter:card\" content=\"summary_large_image\" \/>\n<meta name=\"twitter:creator\" content=\"@agencia_infra\" \/>\n<meta name=\"twitter:site\" content=\"@agencia_infra\" \/>\n<meta name=\"twitter:label1\" content=\"Escrito por\" \/>\n\t<meta name=\"twitter:data1\" content=\"Ag\u00eancia iNFRA\" \/>\n\t<meta name=\"twitter:label2\" content=\"Est. tempo de leitura\" \/>\n\t<meta name=\"twitter:data2\" content=\"2 minutos\" \/>\n<script type=\"application\/ld+json\" class=\"yoast-schema-graph\">{\"@context\":\"https:\/\/schema.org\",\"@graph\":[{\"@type\":\"Article\",\"@id\":\"https:\/\/agenciainfra.com\/blog\/justica-federal-da-prazo-para-uniao-e-antt-retomarem-obras-ou-fazerem-concessao-da-br-040-rj\/#article\",\"isPartOf\":{\"@id\":\"https:\/\/agenciainfra.com\/blog\/justica-federal-da-prazo-para-uniao-e-antt-retomarem-obras-ou-fazerem-concessao-da-br-040-rj\/\"},\"author\":{\"name\":\"Ag\u00eancia iNFRA\",\"@id\":\"https:\/\/agenciainfra.com\/blog\/#\/schema\/person\/34af08dff6adea4cb22b06612ba7acfa\"},\"headline\":\"Justi\u00e7a Federal d\u00e1 prazo para Uni\u00e3o e ANTT retomarem obras ou fazerem concess\u00e3o da BR-040\/RJ\",\"datePublished\":\"2024-06-05T13:00:00+00:00\",\"dateModified\":\"2024-06-07T16:10:40+00:00\",\"mainEntityOfPage\":{\"@id\":\"https:\/\/agenciainfra.com\/blog\/justica-federal-da-prazo-para-uniao-e-antt-retomarem-obras-ou-fazerem-concessao-da-br-040-rj\/\"},\"wordCount\":363,\"publisher\":{\"@id\":\"https:\/\/agenciainfra.com\/blog\/#organization\"},\"image\":{\"@id\":\"https:\/\/agenciainfra.com\/blog\/justica-federal-da-prazo-para-uniao-e-antt-retomarem-obras-ou-fazerem-concessao-da-br-040-rj\/#primaryimage\"},\"thumbnailUrl\":\"https:\/\/agenciainfra.com\/blog\/wp-content\/uploads\/2020\/08\/nova-subida-da-serra-foto-reproducao-concer.png\",\"keywords\":[\"a\u00e7\u00e3o\",\"Ag\u00eancias Reguladoras\",\"ANTT\",\"BR-040\",\"BR-040\/RJ\",\"Concer\",\"decis\u00e3o\",\"justi\u00e7a\",\"Justi\u00e7a Federal\",\"licita\u00e7\u00e3o\",\"Liminar\",\"multa\",\"Nova Subida da Serra\",\"obra\",\"Ped\u00e1gio\",\"PER\",\"procuradoria\",\"Programa de Explora\u00e7\u00e3o da Rodovia\",\"retomar obra\",\"STJ\",\"TCU\",\"transportes terrestres\",\"Uni\u00e3o\"],\"articleSection\":[\"Cabe\u00e7alho\",\"Destaque lista\",\"Geral\",\"iNFRATransporte\"],\"inLanguage\":\"pt-BR\",\"copyrightYear\":\"2024\",\"copyrightHolder\":{\"@id\":\"https:\/\/agenciainfra.com\/blog\/#organization\"}},{\"@type\":\"WebPage\",\"@id\":\"https:\/\/agenciainfra.com\/blog\/justica-federal-da-prazo-para-uniao-e-antt-retomarem-obras-ou-fazerem-concessao-da-br-040-rj\/\",\"url\":\"https:\/\/agenciainfra.com\/blog\/justica-federal-da-prazo-para-uniao-e-antt-retomarem-obras-ou-fazerem-concessao-da-br-040-rj\/\",\"name\":\"Justi\u00e7a Federal d\u00e1 prazo para Uni\u00e3o e ANTT retomarem obras ou fazerem concess\u00e3o da BR-040\/RJ - Ag\u00eancia iNFRA\",\"isPartOf\":{\"@id\":\"https:\/\/agenciainfra.com\/blog\/#website\"},\"primaryImageOfPage\":{\"@id\":\"https:\/\/agenciainfra.com\/blog\/justica-federal-da-prazo-para-uniao-e-antt-retomarem-obras-ou-fazerem-concessao-da-br-040-rj\/#primaryimage\"},\"image\":{\"@id\":\"https:\/\/agenciainfra.com\/blog\/justica-federal-da-prazo-para-uniao-e-antt-retomarem-obras-ou-fazerem-concessao-da-br-040-rj\/#primaryimage\"},\"thumbnailUrl\":\"https:\/\/agenciainfra.com\/blog\/wp-content\/uploads\/2020\/08\/nova-subida-da-serra-foto-reproducao-concer.png\",\"datePublished\":\"2024-06-05T13:00:00+00:00\",\"dateModified\":\"2024-06-07T16:10:40+00:00\",\"breadcrumb\":{\"@id\":\"https:\/\/agenciainfra.com\/blog\/justica-federal-da-prazo-para-uniao-e-antt-retomarem-obras-ou-fazerem-concessao-da-br-040-rj\/#breadcrumb\"},\"inLanguage\":\"pt-BR\",\"potentialAction\":[{\"@type\":\"ReadAction\",\"target\":[\"https:\/\/agenciainfra.com\/blog\/justica-federal-da-prazo-para-uniao-e-antt-retomarem-obras-ou-fazerem-concessao-da-br-040-rj\/\"]}]},{\"@type\":\"ImageObject\",\"inLanguage\":\"pt-BR\",\"@id\":\"https:\/\/agenciainfra.com\/blog\/justica-federal-da-prazo-para-uniao-e-antt-retomarem-obras-ou-fazerem-concessao-da-br-040-rj\/#primaryimage\",\"url\":\"https:\/\/agenciainfra.com\/blog\/wp-content\/uploads\/2020\/08\/nova-subida-da-serra-foto-reproducao-concer.png\",\"contentUrl\":\"https:\/\/agenciainfra.com\/blog\/wp-content\/uploads\/2020\/08\/nova-subida-da-serra-foto-reproducao-concer.png\",\"width\":1280,\"height\":718},{\"@type\":\"BreadcrumbList\",\"@id\":\"https:\/\/agenciainfra.com\/blog\/justica-federal-da-prazo-para-uniao-e-antt-retomarem-obras-ou-fazerem-concessao-da-br-040-rj\/#breadcrumb\",\"itemListElement\":[{\"@type\":\"ListItem\",\"position\":1,\"name\":\"In\u00edcio\",\"item\":\"https:\/\/agenciainfra.com\/blog\/\"},{\"@type\":\"ListItem\",\"position\":2,\"name\":\"Justi\u00e7a Federal d\u00e1 prazo para Uni\u00e3o e ANTT retomarem obras ou fazerem concess\u00e3o da BR-040\/RJ\"}]},{\"@type\":\"WebSite\",\"@id\":\"https:\/\/agenciainfra.com\/blog\/#website\",\"url\":\"https:\/\/agenciainfra.com\/blog\/\",\"name\":\"Ag\u00eancia iNFRA\",\"description\":\"Multiplataforma de informa\u00e7\u00e3o jornal\u00edstica refer\u00eancia na \u00e1rea de infraestrutura no Brasil!\",\"publisher\":{\"@id\":\"https:\/\/agenciainfra.com\/blog\/#organization\"},\"potentialAction\":[{\"@type\":\"SearchAction\",\"target\":{\"@type\":\"EntryPoint\",\"urlTemplate\":\"https:\/\/agenciainfra.com\/blog\/?s={search_term_string}\"},\"query-input\":{\"@type\":\"PropertyValueSpecification\",\"valueRequired\":true,\"valueName\":\"search_term_string\"}}],\"inLanguage\":\"pt-BR\"},{\"@type\":\"Organization\",\"@id\":\"https:\/\/agenciainfra.com\/blog\/#organization\",\"name\":\"Ag\u00eancia iNFRA\",\"url\":\"https:\/\/agenciainfra.com\/blog\/\",\"logo\":{\"@type\":\"ImageObject\",\"inLanguage\":\"pt-BR\",\"@id\":\"https:\/\/agenciainfra.com\/blog\/#\/schema\/logo\/image\/\",\"url\":\"https:\/\/agenciainfra.com\/blog\/wp-content\/uploads\/2023\/09\/iNFRA_5-e1761735885940.png\",\"contentUrl\":\"https:\/\/agenciainfra.com\/blog\/wp-content\/uploads\/2023\/09\/iNFRA_5-e1761735885940.png\",\"width\":1672,\"height\":454,\"caption\":\"Ag\u00eancia iNFRA\"},\"image\":{\"@id\":\"https:\/\/agenciainfra.com\/blog\/#\/schema\/logo\/image\/\"},\"sameAs\":[\"https:\/\/www.facebook.com\/ageninfra\",\"https:\/\/x.com\/agencia_infra\",\"https:\/\/www.linkedin.com\/company\/ag\u00eanciainfra\/\",\"https:\/\/www.instagram.com\/agenciainfra\/\"]},{\"@type\":\"Person\",\"@id\":\"https:\/\/agenciainfra.com\/blog\/#\/schema\/person\/34af08dff6adea4cb22b06612ba7acfa\",\"name\":\"Ag\u00eancia iNFRA\",\"image\":{\"@type\":\"ImageObject\",\"inLanguage\":\"pt-BR\",\"@id\":\"https:\/\/agenciainfra.com\/blog\/#\/schema\/person\/image\/\",\"url\":\"https:\/\/secure.gravatar.com\/avatar\/d189e01678f06d8eb84d4e01f08eb848b3fffe3f8443818d3c356c66892f5be8?s=96&d=mm&r=g\",\"contentUrl\":\"https:\/\/secure.gravatar.com\/avatar\/d189e01678f06d8eb84d4e01f08eb848b3fffe3f8443818d3c356c66892f5be8?s=96&d=mm&r=g\",\"caption\":\"Ag\u00eancia iNFRA\"},\"url\":\"https:\/\/agenciainfra.com\/blog\/author\/admin\/\"}]}<\/script>\n<!-- \/ Yoast SEO Premium plugin. -->","yoast_head_json":{"title":"Justi\u00e7a Federal d\u00e1 prazo para Uni\u00e3o e ANTT retomarem obras ou fazerem concess\u00e3o da BR-040\/RJ - Ag\u00eancia iNFRA","robots":{"index":"index","follow":"follow","max-snippet":"max-snippet:-1","max-image-preview":"max-image-preview:large","max-video-preview":"max-video-preview:-1"},"canonical":"https:\/\/agenciainfra.com\/blog\/justica-federal-da-prazo-para-uniao-e-antt-retomarem-obras-ou-fazerem-concessao-da-br-040-rj\/","og_locale":"pt_BR","og_type":"article","og_title":"Justi\u00e7a Federal d\u00e1 prazo para Uni\u00e3o e ANTT retomarem obras ou fazerem concess\u00e3o da BR-040\/RJ","og_description":"da Ag\u00eancia iNFRA A Uni\u00e3o e a ANTT (Ag\u00eancia Nacional de Transportes Terrestres) devem realizar nova licita\u00e7\u00e3o para conclus\u00e3o da obra da Nova Subida da Serra, na BR-040\/RJ, em 180 dias, seja com licita\u00e7\u00e3o de uma nova concess\u00e3o ou apenas das obras. A decis\u00e3o foi tomada pela Justi\u00e7a Federal do Rio de Janeiro em a\u00e7\u00f5es [&hellip;]","og_url":"https:\/\/agenciainfra.com\/blog\/justica-federal-da-prazo-para-uniao-e-antt-retomarem-obras-ou-fazerem-concessao-da-br-040-rj\/","og_site_name":"Ag\u00eancia iNFRA","article_publisher":"https:\/\/www.facebook.com\/ageninfra","article_published_time":"2024-06-05T13:00:00+00:00","article_modified_time":"2024-06-07T16:10:40+00:00","og_image":[{"width":1280,"height":718,"url":"https:\/\/agenciainfra.com\/blog\/wp-content\/uploads\/2020\/08\/nova-subida-da-serra-foto-reproducao-concer.png","type":"image\/png"}],"author":"Ag\u00eancia iNFRA","twitter_card":"summary_large_image","twitter_creator":"@agencia_infra","twitter_site":"@agencia_infra","twitter_misc":{"Escrito por":"Ag\u00eancia iNFRA","Est. tempo de leitura":"2 minutos"},"schema":{"@context":"https:\/\/schema.org","@graph":[{"@type":"Article","@id":"https:\/\/agenciainfra.com\/blog\/justica-federal-da-prazo-para-uniao-e-antt-retomarem-obras-ou-fazerem-concessao-da-br-040-rj\/#article","isPartOf":{"@id":"https:\/\/agenciainfra.com\/blog\/justica-federal-da-prazo-para-uniao-e-antt-retomarem-obras-ou-fazerem-concessao-da-br-040-rj\/"},"author":{"name":"Ag\u00eancia iNFRA","@id":"https:\/\/agenciainfra.com\/blog\/#\/schema\/person\/34af08dff6adea4cb22b06612ba7acfa"},"headline":"Justi\u00e7a Federal d\u00e1 prazo para Uni\u00e3o e ANTT retomarem obras ou fazerem concess\u00e3o da BR-040\/RJ","datePublished":"2024-06-05T13:00:00+00:00","dateModified":"2024-06-07T16:10:40+00:00","mainEntityOfPage":{"@id":"https:\/\/agenciainfra.com\/blog\/justica-federal-da-prazo-para-uniao-e-antt-retomarem-obras-ou-fazerem-concessao-da-br-040-rj\/"},"wordCount":363,"publisher":{"@id":"https:\/\/agenciainfra.com\/blog\/#organization"},"image":{"@id":"https:\/\/agenciainfra.com\/blog\/justica-federal-da-prazo-para-uniao-e-antt-retomarem-obras-ou-fazerem-concessao-da-br-040-rj\/#primaryimage"},"thumbnailUrl":"https:\/\/agenciainfra.com\/blog\/wp-content\/uploads\/2020\/08\/nova-subida-da-serra-foto-reproducao-concer.png","keywords":["a\u00e7\u00e3o","Ag\u00eancias Reguladoras","ANTT","BR-040","BR-040\/RJ","Concer","decis\u00e3o","justi\u00e7a","Justi\u00e7a Federal","licita\u00e7\u00e3o","Liminar","multa","Nova Subida da Serra","obra","Ped\u00e1gio","PER","procuradoria","Programa de Explora\u00e7\u00e3o da Rodovia","retomar obra","STJ","TCU","transportes terrestres","Uni\u00e3o"],"articleSection":["Cabe\u00e7alho","Destaque lista","Geral","iNFRATransporte"],"inLanguage":"pt-BR","copyrightYear":"2024","copyrightHolder":{"@id":"https:\/\/agenciainfra.com\/blog\/#organization"}},{"@type":"WebPage","@id":"https:\/\/agenciainfra.com\/blog\/justica-federal-da-prazo-para-uniao-e-antt-retomarem-obras-ou-fazerem-concessao-da-br-040-rj\/","url":"https:\/\/agenciainfra.com\/blog\/justica-federal-da-prazo-para-uniao-e-antt-retomarem-obras-ou-fazerem-concessao-da-br-040-rj\/","name":"Justi\u00e7a Federal d\u00e1 prazo para Uni\u00e3o e ANTT retomarem obras ou fazerem concess\u00e3o da BR-040\/RJ - Ag\u00eancia iNFRA","isPartOf":{"@id":"https:\/\/agenciainfra.com\/blog\/#website"},"primaryImageOfPage":{"@id":"https:\/\/agenciainfra.com\/blog\/justica-federal-da-prazo-para-uniao-e-antt-retomarem-obras-ou-fazerem-concessao-da-br-040-rj\/#primaryimage"},"image":{"@id":"https:\/\/agenciainfra.com\/blog\/justica-federal-da-prazo-para-uniao-e-antt-retomarem-obras-ou-fazerem-concessao-da-br-040-rj\/#primaryimage"},"thumbnailUrl":"https:\/\/agenciainfra.com\/blog\/wp-content\/uploads\/2020\/08\/nova-subida-da-serra-foto-reproducao-concer.png","datePublished":"2024-06-05T13:00:00+00:00","dateModified":"2024-06-07T16:10:40+00:00","breadcrumb":{"@id":"https:\/\/agenciainfra.com\/blog\/justica-federal-da-prazo-para-uniao-e-antt-retomarem-obras-ou-fazerem-concessao-da-br-040-rj\/#breadcrumb"},"inLanguage":"pt-BR","potentialAction":[{"@type":"ReadAction","target":["https:\/\/agenciainfra.com\/blog\/justica-federal-da-prazo-para-uniao-e-antt-retomarem-obras-ou-fazerem-concessao-da-br-040-rj\/"]}]},{"@type":"ImageObject","inLanguage":"pt-BR","@id":"https:\/\/agenciainfra.com\/blog\/justica-federal-da-prazo-para-uniao-e-antt-retomarem-obras-ou-fazerem-concessao-da-br-040-rj\/#primaryimage","url":"https:\/\/agenciainfra.com\/blog\/wp-content\/uploads\/2020\/08\/nova-subida-da-serra-foto-reproducao-concer.png","contentUrl":"https:\/\/agenciainfra.com\/blog\/wp-content\/uploads\/2020\/08\/nova-subida-da-serra-foto-reproducao-concer.png","width":1280,"height":718},{"@type":"BreadcrumbList","@id":"https:\/\/agenciainfra.com\/blog\/justica-federal-da-prazo-para-uniao-e-antt-retomarem-obras-ou-fazerem-concessao-da-br-040-rj\/#breadcrumb","itemListElement":[{"@type":"ListItem","position":1,"name":"In\u00edcio","item":"https:\/\/agenciainfra.com\/blog\/"},{"@type":"ListItem","position":2,"name":"Justi\u00e7a Federal d\u00e1 prazo para Uni\u00e3o e ANTT retomarem obras ou fazerem concess\u00e3o da BR-040\/RJ"}]},{"@type":"WebSite","@id":"https:\/\/agenciainfra.com\/blog\/#website","url":"https:\/\/agenciainfra.com\/blog\/","name":"Ag\u00eancia iNFRA","description":"Multiplataforma de informa\u00e7\u00e3o jornal\u00edstica refer\u00eancia na \u00e1rea de infraestrutura no Brasil!","publisher":{"@id":"https:\/\/agenciainfra.com\/blog\/#organization"},"potentialAction":[{"@type":"SearchAction","target":{"@type":"EntryPoint","urlTemplate":"https:\/\/agenciainfra.com\/blog\/?s={search_term_string}"},"query-input":{"@type":"PropertyValueSpecification","valueRequired":true,"valueName":"search_term_string"}}],"inLanguage":"pt-BR"},{"@type":"Organization","@id":"https:\/\/agenciainfra.com\/blog\/#organization","name":"Ag\u00eancia iNFRA","url":"https:\/\/agenciainfra.com\/blog\/","logo":{"@type":"ImageObject","inLanguage":"pt-BR","@id":"https:\/\/agenciainfra.com\/blog\/#\/schema\/logo\/image\/","url":"https:\/\/agenciainfra.com\/blog\/wp-content\/uploads\/2023\/09\/iNFRA_5-e1761735885940.png","contentUrl":"https:\/\/agenciainfra.com\/blog\/wp-content\/uploads\/2023\/09\/iNFRA_5-e1761735885940.png","width":1672,"height":454,"caption":"Ag\u00eancia iNFRA"},"image":{"@id":"https:\/\/agenciainfra.com\/blog\/#\/schema\/logo\/image\/"},"sameAs":["https:\/\/www.facebook.com\/ageninfra","https:\/\/x.com\/agencia_infra","https:\/\/www.linkedin.com\/company\/ag\u00eanciainfra\/","https:\/\/www.instagram.com\/agenciainfra\/"]},{"@type":"Person","@id":"https:\/\/agenciainfra.com\/blog\/#\/schema\/person\/34af08dff6adea4cb22b06612ba7acfa","name":"Ag\u00eancia iNFRA","image":{"@type":"ImageObject","inLanguage":"pt-BR","@id":"https:\/\/agenciainfra.com\/blog\/#\/schema\/person\/image\/","url":"https:\/\/secure.gravatar.com\/avatar\/d189e01678f06d8eb84d4e01f08eb848b3fffe3f8443818d3c356c66892f5be8?s=96&d=mm&r=g","contentUrl":"https:\/\/secure.gravatar.com\/avatar\/d189e01678f06d8eb84d4e01f08eb848b3fffe3f8443818d3c356c66892f5be8?s=96&d=mm&r=g","caption":"Ag\u00eancia iNFRA"},"url":"https:\/\/agenciainfra.com\/blog\/author\/admin\/"}]}},"_links":{"self":[{"href":"https:\/\/agenciainfra.com\/blog\/wp-json\/wp\/v2\/posts\/16949","targetHints":{"allow":["GET"]}}],"collection":[{"href":"https:\/\/agenciainfra.com\/blog\/wp-json\/wp\/v2\/posts"}],"about":[{"href":"https:\/\/agenciainfra.com\/blog\/wp-json\/wp\/v2\/types\/post"}],"author":[{"embeddable":true,"href":"https:\/\/agenciainfra.com\/blog\/wp-json\/wp\/v2\/users\/1"}],"replies":[{"embeddable":true,"href":"https:\/\/agenciainfra.com\/blog\/wp-json\/wp\/v2\/comments?post=16949"}],"version-history":[{"count":1,"href":"https:\/\/agenciainfra.com\/blog\/wp-json\/wp\/v2\/posts\/16949\/revisions"}],"predecessor-version":[{"id":16950,"href":"https:\/\/agenciainfra.com\/blog\/wp-json\/wp\/v2\/posts\/16949\/revisions\/16950"}],"wp:featuredmedia":[{"embeddable":true,"href":"https:\/\/agenciainfra.com\/blog\/wp-json\/wp\/v2\/media\/5607"}],"wp:attachment":[{"href":"https:\/\/agenciainfra.com\/blog\/wp-json\/wp\/v2\/media?parent=16949"}],"wp:term":[{"taxonomy":"category","embeddable":true,"href":"https:\/\/agenciainfra.com\/blog\/wp-json\/wp\/v2\/categories?post=16949"},{"taxonomy":"post_tag","embeddable":true,"href":"https:\/\/agenciainfra.com\/blog\/wp-json\/wp\/v2\/tags?post=16949"}],"curies":[{"name":"wp","href":"https:\/\/api.w.org\/{rel}","templated":true}]}}