{"id":16960,"date":"2024-06-06T09:00:00","date_gmt":"2024-06-06T12:00:00","guid":{"rendered":"https:\/\/agenciainfra.com\/blog\/?p=16960"},"modified":"2024-06-07T11:45:31","modified_gmt":"2024-06-07T14:45:31","slug":"ci-do-senado-aprova-cabotagem-aerea-na-amazonia-legal","status":"publish","type":"post","link":"https:\/\/agenciainfra.com\/blog\/ci-do-senado-aprova-cabotagem-aerea-na-amazonia-legal\/","title":{"rendered":"CI do Senado aprova cabotagem a\u00e9rea na Amaz\u00f4nia Legal"},"content":{"rendered":"\n<p class=\"has-text-align-right\"><strong>da Ag\u00eancia iNFRA<\/strong><\/p>\n\n\n\n<p>A&nbsp;CI&nbsp;(Comiss\u00e3o de Infraestrutura)&nbsp;do&nbsp;Senado&nbsp;aprovou, nesta ter\u00e7a-feira (4), parecer ao&nbsp;<a href=\"https:\/\/agenciainfra.us14.list-manage.com\/track\/click?u=d460dd1bcf9ba0ae040e1fc0f&amp;id=c1f522005f&amp;e=f0fa444791\" target=\"_blank\" rel=\"noreferrer noopener\">PL (Projeto de Lei) 4.715\/2023<\/a>, que autoriza a&nbsp;cabotagem&nbsp;a\u00e9rea&nbsp;na&nbsp;Amaz\u00f4nia&nbsp;Legal. Foi aprovado em car\u00e1ter terminativo um substitutivo, apresentado pelo relator, senador Jaime Bagattoli (PL-RO).<br><br>O&nbsp;<a href=\"https:\/\/agenciainfra.us14.list-manage.com\/track\/click?u=d460dd1bcf9ba0ae040e1fc0f&amp;id=680aef2646&amp;e=f0fa444791\" target=\"_blank\" rel=\"noreferrer noopener\">texto<\/a>&nbsp;aprovado disp\u00f5e sobre a permiss\u00e3o&nbsp;do&nbsp;&#8220;transporte a\u00e9reo dom\u00e9stico, com origem ou destino&nbsp;na&nbsp;Amaz\u00f4nia&nbsp;Legal, por empresas estrangeiras&#8221;. De acordo com o relat\u00f3rio, o C\u00f3digo Brasileiro de Aeron\u00e1utica fica alterado em seu art. 216 para incluir essas opera\u00e7\u00f5es entre as hip\u00f3teses ressalvadas para a realiza\u00e7\u00e3o&nbsp;do&nbsp;transporte a\u00e9reo que \u00e9 reservado \u00e0s empresas brasileiras.<br><br><strong>Relat\u00f3rios aprovados<\/strong><br>A comiss\u00e3o tamb\u00e9m aprovou o&nbsp;<a href=\"https:\/\/agenciainfra.us14.list-manage.com\/track\/click?u=d460dd1bcf9ba0ae040e1fc0f&amp;id=077f49a949&amp;e=f0fa444791\" target=\"_blank\" rel=\"noreferrer noopener\">PL 5.497\/2023<\/a>, que obriga a divulga\u00e7\u00e3o de mensagens sobre tromboembolismo venoso nos terminais dos transportes rodovi\u00e1rio, ferrovi\u00e1rio, a\u00e9reo e aquavi\u00e1rio. J\u00e1 a delibera\u00e7\u00e3o&nbsp;do&nbsp;<a href=\"https:\/\/agenciainfra.us14.list-manage.com\/track\/click?u=d460dd1bcf9ba0ae040e1fc0f&amp;id=7f243ac5dd&amp;e=f0fa444791\" target=\"_blank\" rel=\"noreferrer noopener\">PL 4.994\/2023<\/a>, que reconhece a rodovia BR-319 como infraestrutura cr\u00edtica, foi adiada no colegiado.<br><br>O&nbsp;<a href=\"https:\/\/agenciainfra.us14.list-manage.com\/track\/click?u=d460dd1bcf9ba0ae040e1fc0f&amp;id=08b126445c&amp;e=f0fa444791\" target=\"_blank\" rel=\"noreferrer noopener\">PL 4.804\/2019<\/a>, que garante assentos especiais no transporte p\u00fablico para pessoas com defici\u00eancia e obesidade m\u00f3rbida, teve a tramita\u00e7\u00e3o conclu\u00edda&nbsp;na&nbsp;comiss\u00e3o, com a ado\u00e7\u00e3o definitiva&nbsp;do&nbsp;substitutivo anteriormente aprovado, sem apresenta\u00e7\u00e3o de novas emendas.<br><br><strong>Audi\u00eancias p\u00fablicas<\/strong><br>Os senadores aprovaram ainda,&nbsp;na&nbsp;CI,&nbsp;<a href=\"https:\/\/agenciainfra.us14.list-manage.com\/track\/click?u=d460dd1bcf9ba0ae040e1fc0f&amp;id=bebe18bcb9&amp;e=f0fa444791\" target=\"_blank\" rel=\"noreferrer noopener\">requerimento<\/a>&nbsp;para audi\u00eancia p\u00fablica a fim de receber a nova presidente da Petrobras, Magda Chambriard, para falar sobre os planos de investimentos da empresa. Outro&nbsp;<a href=\"https:\/\/agenciainfra.us14.list-manage.com\/track\/click?u=d460dd1bcf9ba0ae040e1fc0f&amp;id=b8449f73d3&amp;e=f0fa444791\" target=\"_blank\" rel=\"noreferrer noopener\">requerimento<\/a>&nbsp;aprovado pede audi\u00eancia para debater o transporte a\u00e9reo de animais de estima\u00e7\u00e3o e de apoio emocional.<\/p>\n","protected":false},"excerpt":{"rendered":"<p>da Ag\u00eancia iNFRA A&nbsp;CI&nbsp;(Comiss\u00e3o de Infraestrutura)&nbsp;do&nbsp;Senado&nbsp;aprovou, nesta ter\u00e7a-feira (4), parecer ao&nbsp;PL (Projeto de Lei) 4.715\/2023, que autoriza a&nbsp;cabotagem&nbsp;a\u00e9rea&nbsp;na&nbsp;Amaz\u00f4nia&nbsp;Legal. Foi aprovado em car\u00e1ter terminativo um substitutivo, apresentado pelo relator, senador Jaime Bagattoli (PL-RO). O&nbsp;texto&nbsp;aprovado disp\u00f5e sobre a permiss\u00e3o&nbsp;do&nbsp;&#8220;transporte a\u00e9reo dom\u00e9stico, com origem ou destino&nbsp;na&nbsp;Amaz\u00f4nia&nbsp;Legal, por empresas estrangeiras&#8221;. De acordo com o relat\u00f3rio, o C\u00f3digo Brasileiro de [&hellip;]<\/p>\n","protected":false},"author":1,"featured_media":15903,"comment_status":"closed","ping_status":"closed","sticky":false,"template":"","format":"standard","meta":{"_monsterinsights_skip_tracking":false,"_monsterinsights_sitenote_active":false,"_monsterinsights_sitenote_note":"","_monsterinsights_sitenote_category":0,"footnotes":""},"categories":[1,7],"tags":[3834,1770,9864,9458,1498,9862,9446,143,9863,9865,362,9866],"class_list":["post-16960","post","type-post","status-publish","format-standard","has-post-thumbnail","hentry","category-geral","category-infratransporte","tag-aeronautica","tag-amazonia-legal","tag-assentos-especiais","tag-cabotagem-aerea","tag-comissao-de-infraestrutura","tag-jaime-bagattoli","tag-magda-chambriard","tag-petrobras","tag-pl-4715-2023","tag-pl-5497-2023","tag-transporte-aereo","tag-tromboembolismo-venoso"],"yoast_head":"<!-- This site is optimized with the Yoast SEO Premium plugin v25.4 (Yoast SEO v26.0) - https:\/\/yoast.com\/wordpress\/plugins\/seo\/ -->\n<title>CI do Senado aprova cabotagem a\u00e9rea na Amaz\u00f4nia Legal - Ag\u00eancia iNFRA<\/title>\n<meta name=\"robots\" content=\"index, follow, max-snippet:-1, max-image-preview:large, max-video-preview:-1\" \/>\n<link rel=\"canonical\" href=\"https:\/\/agenciainfra.com\/blog\/ci-do-senado-aprova-cabotagem-aerea-na-amazonia-legal\/\" \/>\n<meta property=\"og:locale\" content=\"pt_BR\" \/>\n<meta property=\"og:type\" content=\"article\" \/>\n<meta property=\"og:title\" content=\"CI do Senado aprova cabotagem a\u00e9rea na Amaz\u00f4nia Legal\" \/>\n<meta property=\"og:description\" content=\"da Ag\u00eancia iNFRA A&nbsp;CI&nbsp;(Comiss\u00e3o de Infraestrutura)&nbsp;do&nbsp;Senado&nbsp;aprovou, nesta ter\u00e7a-feira (4), parecer ao&nbsp;PL (Projeto de Lei) 4.715\/2023, que autoriza a&nbsp;cabotagem&nbsp;a\u00e9rea&nbsp;na&nbsp;Amaz\u00f4nia&nbsp;Legal. Foi aprovado em car\u00e1ter terminativo um substitutivo, apresentado pelo relator, senador Jaime Bagattoli (PL-RO). O&nbsp;texto&nbsp;aprovado disp\u00f5e sobre a permiss\u00e3o&nbsp;do&nbsp;&#8220;transporte a\u00e9reo dom\u00e9stico, com origem ou destino&nbsp;na&nbsp;Amaz\u00f4nia&nbsp;Legal, por empresas estrangeiras&#8221;. De acordo com o relat\u00f3rio, o C\u00f3digo Brasileiro de [&hellip;]\" \/>\n<meta property=\"og:url\" content=\"https:\/\/agenciainfra.com\/blog\/ci-do-senado-aprova-cabotagem-aerea-na-amazonia-legal\/\" \/>\n<meta property=\"og:site_name\" content=\"Ag\u00eancia iNFRA\" \/>\n<meta property=\"article:publisher\" content=\"https:\/\/www.facebook.com\/ageninfra\" \/>\n<meta property=\"article:published_time\" content=\"2024-06-06T12:00:00+00:00\" \/>\n<meta property=\"article:modified_time\" content=\"2024-06-07T14:45:31+00:00\" \/>\n<meta property=\"og:image\" content=\"https:\/\/agenciainfra.com\/blog\/wp-content\/uploads\/2024\/04\/conresso-senado-foto-agencia-senado.jpg\" \/>\n\t<meta property=\"og:image:width\" content=\"1202\" \/>\n\t<meta property=\"og:image:height\" content=\"797\" \/>\n\t<meta property=\"og:image:type\" content=\"image\/jpeg\" \/>\n<meta name=\"author\" content=\"Ag\u00eancia iNFRA\" \/>\n<meta name=\"twitter:card\" content=\"summary_large_image\" \/>\n<meta name=\"twitter:creator\" content=\"@agencia_infra\" \/>\n<meta name=\"twitter:site\" content=\"@agencia_infra\" \/>\n<meta name=\"twitter:label1\" content=\"Escrito por\" \/>\n\t<meta name=\"twitter:data1\" content=\"Ag\u00eancia iNFRA\" \/>\n\t<meta name=\"twitter:label2\" content=\"Est. tempo de leitura\" \/>\n\t<meta name=\"twitter:data2\" content=\"1 minuto\" \/>\n<script type=\"application\/ld+json\" class=\"yoast-schema-graph\">{\"@context\":\"https:\/\/schema.org\",\"@graph\":[{\"@type\":\"Article\",\"@id\":\"https:\/\/agenciainfra.com\/blog\/ci-do-senado-aprova-cabotagem-aerea-na-amazonia-legal\/#article\",\"isPartOf\":{\"@id\":\"https:\/\/agenciainfra.com\/blog\/ci-do-senado-aprova-cabotagem-aerea-na-amazonia-legal\/\"},\"author\":{\"name\":\"Ag\u00eancia iNFRA\",\"@id\":\"https:\/\/agenciainfra.com\/blog\/#\/schema\/person\/34af08dff6adea4cb22b06612ba7acfa\"},\"headline\":\"CI do Senado aprova cabotagem a\u00e9rea na Amaz\u00f4nia Legal\",\"datePublished\":\"2024-06-06T12:00:00+00:00\",\"dateModified\":\"2024-06-07T14:45:31+00:00\",\"mainEntityOfPage\":{\"@id\":\"https:\/\/agenciainfra.com\/blog\/ci-do-senado-aprova-cabotagem-aerea-na-amazonia-legal\/\"},\"wordCount\":312,\"publisher\":{\"@id\":\"https:\/\/agenciainfra.com\/blog\/#organization\"},\"image\":{\"@id\":\"https:\/\/agenciainfra.com\/blog\/ci-do-senado-aprova-cabotagem-aerea-na-amazonia-legal\/#primaryimage\"},\"thumbnailUrl\":\"https:\/\/agenciainfra.com\/blog\/wp-content\/uploads\/2024\/04\/conresso-senado-foto-agencia-senado.jpg\",\"keywords\":[\"Aeron\u00e1utica\",\"Amaz\u00f4nia Legal\",\"Assentos Especiais\",\"cabotagem a\u00e9rea\",\"Comiss\u00e3o de Infraestrutura\",\"Jaime Bagattoli\",\"Magda Chambriard\",\"Petrobras\",\"PL 4715\/2023\",\"PL 5497\/2023\",\"transporte a\u00e9reo\",\"Tromboembolismo Venoso\"],\"articleSection\":[\"Geral\",\"iNFRATransporte\"],\"inLanguage\":\"pt-BR\",\"copyrightYear\":\"2024\",\"copyrightHolder\":{\"@id\":\"https:\/\/agenciainfra.com\/blog\/#organization\"}},{\"@type\":\"WebPage\",\"@id\":\"https:\/\/agenciainfra.com\/blog\/ci-do-senado-aprova-cabotagem-aerea-na-amazonia-legal\/\",\"url\":\"https:\/\/agenciainfra.com\/blog\/ci-do-senado-aprova-cabotagem-aerea-na-amazonia-legal\/\",\"name\":\"CI do Senado aprova cabotagem a\u00e9rea na Amaz\u00f4nia Legal - Ag\u00eancia iNFRA\",\"isPartOf\":{\"@id\":\"https:\/\/agenciainfra.com\/blog\/#website\"},\"primaryImageOfPage\":{\"@id\":\"https:\/\/agenciainfra.com\/blog\/ci-do-senado-aprova-cabotagem-aerea-na-amazonia-legal\/#primaryimage\"},\"image\":{\"@id\":\"https:\/\/agenciainfra.com\/blog\/ci-do-senado-aprova-cabotagem-aerea-na-amazonia-legal\/#primaryimage\"},\"thumbnailUrl\":\"https:\/\/agenciainfra.com\/blog\/wp-content\/uploads\/2024\/04\/conresso-senado-foto-agencia-senado.jpg\",\"datePublished\":\"2024-06-06T12:00:00+00:00\",\"dateModified\":\"2024-06-07T14:45:31+00:00\",\"breadcrumb\":{\"@id\":\"https:\/\/agenciainfra.com\/blog\/ci-do-senado-aprova-cabotagem-aerea-na-amazonia-legal\/#breadcrumb\"},\"inLanguage\":\"pt-BR\",\"potentialAction\":[{\"@type\":\"ReadAction\",\"target\":[\"https:\/\/agenciainfra.com\/blog\/ci-do-senado-aprova-cabotagem-aerea-na-amazonia-legal\/\"]}]},{\"@type\":\"ImageObject\",\"inLanguage\":\"pt-BR\",\"@id\":\"https:\/\/agenciainfra.com\/blog\/ci-do-senado-aprova-cabotagem-aerea-na-amazonia-legal\/#primaryimage\",\"url\":\"https:\/\/agenciainfra.com\/blog\/wp-content\/uploads\/2024\/04\/conresso-senado-foto-agencia-senado.jpg\",\"contentUrl\":\"https:\/\/agenciainfra.com\/blog\/wp-content\/uploads\/2024\/04\/conresso-senado-foto-agencia-senado.jpg\",\"width\":1202,\"height\":797},{\"@type\":\"BreadcrumbList\",\"@id\":\"https:\/\/agenciainfra.com\/blog\/ci-do-senado-aprova-cabotagem-aerea-na-amazonia-legal\/#breadcrumb\",\"itemListElement\":[{\"@type\":\"ListItem\",\"position\":1,\"name\":\"In\u00edcio\",\"item\":\"https:\/\/agenciainfra.com\/blog\/\"},{\"@type\":\"ListItem\",\"position\":2,\"name\":\"CI do Senado aprova cabotagem a\u00e9rea na Amaz\u00f4nia Legal\"}]},{\"@type\":\"WebSite\",\"@id\":\"https:\/\/agenciainfra.com\/blog\/#website\",\"url\":\"https:\/\/agenciainfra.com\/blog\/\",\"name\":\"Ag\u00eancia iNFRA\",\"description\":\"Multiplataforma de informa\u00e7\u00e3o jornal\u00edstica refer\u00eancia na \u00e1rea de infraestrutura no Brasil!\",\"publisher\":{\"@id\":\"https:\/\/agenciainfra.com\/blog\/#organization\"},\"potentialAction\":[{\"@type\":\"SearchAction\",\"target\":{\"@type\":\"EntryPoint\",\"urlTemplate\":\"https:\/\/agenciainfra.com\/blog\/?s={search_term_string}\"},\"query-input\":{\"@type\":\"PropertyValueSpecification\",\"valueRequired\":true,\"valueName\":\"search_term_string\"}}],\"inLanguage\":\"pt-BR\"},{\"@type\":\"Organization\",\"@id\":\"https:\/\/agenciainfra.com\/blog\/#organization\",\"name\":\"Ag\u00eancia iNFRA\",\"url\":\"https:\/\/agenciainfra.com\/blog\/\",\"logo\":{\"@type\":\"ImageObject\",\"inLanguage\":\"pt-BR\",\"@id\":\"https:\/\/agenciainfra.com\/blog\/#\/schema\/logo\/image\/\",\"url\":\"https:\/\/agenciainfra.com\/blog\/wp-content\/uploads\/2023\/09\/iNFRA_5-e1761735885940.png\",\"contentUrl\":\"https:\/\/agenciainfra.com\/blog\/wp-content\/uploads\/2023\/09\/iNFRA_5-e1761735885940.png\",\"width\":1672,\"height\":454,\"caption\":\"Ag\u00eancia iNFRA\"},\"image\":{\"@id\":\"https:\/\/agenciainfra.com\/blog\/#\/schema\/logo\/image\/\"},\"sameAs\":[\"https:\/\/www.facebook.com\/ageninfra\",\"https:\/\/x.com\/agencia_infra\",\"https:\/\/www.linkedin.com\/company\/ag\u00eanciainfra\/\",\"https:\/\/www.instagram.com\/agenciainfra\/\"]},{\"@type\":\"Person\",\"@id\":\"https:\/\/agenciainfra.com\/blog\/#\/schema\/person\/34af08dff6adea4cb22b06612ba7acfa\",\"name\":\"Ag\u00eancia iNFRA\",\"image\":{\"@type\":\"ImageObject\",\"inLanguage\":\"pt-BR\",\"@id\":\"https:\/\/agenciainfra.com\/blog\/#\/schema\/person\/image\/\",\"url\":\"https:\/\/secure.gravatar.com\/avatar\/d189e01678f06d8eb84d4e01f08eb848b3fffe3f8443818d3c356c66892f5be8?s=96&d=mm&r=g\",\"contentUrl\":\"https:\/\/secure.gravatar.com\/avatar\/d189e01678f06d8eb84d4e01f08eb848b3fffe3f8443818d3c356c66892f5be8?s=96&d=mm&r=g\",\"caption\":\"Ag\u00eancia iNFRA\"},\"url\":\"https:\/\/agenciainfra.com\/blog\/author\/admin\/\"}]}<\/script>\n<!-- \/ Yoast SEO Premium plugin. -->","yoast_head_json":{"title":"CI do Senado aprova cabotagem a\u00e9rea na Amaz\u00f4nia Legal - Ag\u00eancia iNFRA","robots":{"index":"index","follow":"follow","max-snippet":"max-snippet:-1","max-image-preview":"max-image-preview:large","max-video-preview":"max-video-preview:-1"},"canonical":"https:\/\/agenciainfra.com\/blog\/ci-do-senado-aprova-cabotagem-aerea-na-amazonia-legal\/","og_locale":"pt_BR","og_type":"article","og_title":"CI do Senado aprova cabotagem a\u00e9rea na Amaz\u00f4nia Legal","og_description":"da Ag\u00eancia iNFRA A&nbsp;CI&nbsp;(Comiss\u00e3o de Infraestrutura)&nbsp;do&nbsp;Senado&nbsp;aprovou, nesta ter\u00e7a-feira (4), parecer ao&nbsp;PL (Projeto de Lei) 4.715\/2023, que autoriza a&nbsp;cabotagem&nbsp;a\u00e9rea&nbsp;na&nbsp;Amaz\u00f4nia&nbsp;Legal. Foi aprovado em car\u00e1ter terminativo um substitutivo, apresentado pelo relator, senador Jaime Bagattoli (PL-RO). O&nbsp;texto&nbsp;aprovado disp\u00f5e sobre a permiss\u00e3o&nbsp;do&nbsp;&#8220;transporte a\u00e9reo dom\u00e9stico, com origem ou destino&nbsp;na&nbsp;Amaz\u00f4nia&nbsp;Legal, por empresas estrangeiras&#8221;. De acordo com o relat\u00f3rio, o C\u00f3digo Brasileiro de [&hellip;]","og_url":"https:\/\/agenciainfra.com\/blog\/ci-do-senado-aprova-cabotagem-aerea-na-amazonia-legal\/","og_site_name":"Ag\u00eancia iNFRA","article_publisher":"https:\/\/www.facebook.com\/ageninfra","article_published_time":"2024-06-06T12:00:00+00:00","article_modified_time":"2024-06-07T14:45:31+00:00","og_image":[{"width":1202,"height":797,"url":"https:\/\/agenciainfra.com\/blog\/wp-content\/uploads\/2024\/04\/conresso-senado-foto-agencia-senado.jpg","type":"image\/jpeg"}],"author":"Ag\u00eancia iNFRA","twitter_card":"summary_large_image","twitter_creator":"@agencia_infra","twitter_site":"@agencia_infra","twitter_misc":{"Escrito por":"Ag\u00eancia iNFRA","Est. tempo de leitura":"1 minuto"},"schema":{"@context":"https:\/\/schema.org","@graph":[{"@type":"Article","@id":"https:\/\/agenciainfra.com\/blog\/ci-do-senado-aprova-cabotagem-aerea-na-amazonia-legal\/#article","isPartOf":{"@id":"https:\/\/agenciainfra.com\/blog\/ci-do-senado-aprova-cabotagem-aerea-na-amazonia-legal\/"},"author":{"name":"Ag\u00eancia iNFRA","@id":"https:\/\/agenciainfra.com\/blog\/#\/schema\/person\/34af08dff6adea4cb22b06612ba7acfa"},"headline":"CI do Senado aprova cabotagem a\u00e9rea na Amaz\u00f4nia Legal","datePublished":"2024-06-06T12:00:00+00:00","dateModified":"2024-06-07T14:45:31+00:00","mainEntityOfPage":{"@id":"https:\/\/agenciainfra.com\/blog\/ci-do-senado-aprova-cabotagem-aerea-na-amazonia-legal\/"},"wordCount":312,"publisher":{"@id":"https:\/\/agenciainfra.com\/blog\/#organization"},"image":{"@id":"https:\/\/agenciainfra.com\/blog\/ci-do-senado-aprova-cabotagem-aerea-na-amazonia-legal\/#primaryimage"},"thumbnailUrl":"https:\/\/agenciainfra.com\/blog\/wp-content\/uploads\/2024\/04\/conresso-senado-foto-agencia-senado.jpg","keywords":["Aeron\u00e1utica","Amaz\u00f4nia Legal","Assentos Especiais","cabotagem a\u00e9rea","Comiss\u00e3o de Infraestrutura","Jaime Bagattoli","Magda Chambriard","Petrobras","PL 4715\/2023","PL 5497\/2023","transporte a\u00e9reo","Tromboembolismo Venoso"],"articleSection":["Geral","iNFRATransporte"],"inLanguage":"pt-BR","copyrightYear":"2024","copyrightHolder":{"@id":"https:\/\/agenciainfra.com\/blog\/#organization"}},{"@type":"WebPage","@id":"https:\/\/agenciainfra.com\/blog\/ci-do-senado-aprova-cabotagem-aerea-na-amazonia-legal\/","url":"https:\/\/agenciainfra.com\/blog\/ci-do-senado-aprova-cabotagem-aerea-na-amazonia-legal\/","name":"CI do Senado aprova cabotagem a\u00e9rea na Amaz\u00f4nia Legal - Ag\u00eancia iNFRA","isPartOf":{"@id":"https:\/\/agenciainfra.com\/blog\/#website"},"primaryImageOfPage":{"@id":"https:\/\/agenciainfra.com\/blog\/ci-do-senado-aprova-cabotagem-aerea-na-amazonia-legal\/#primaryimage"},"image":{"@id":"https:\/\/agenciainfra.com\/blog\/ci-do-senado-aprova-cabotagem-aerea-na-amazonia-legal\/#primaryimage"},"thumbnailUrl":"https:\/\/agenciainfra.com\/blog\/wp-content\/uploads\/2024\/04\/conresso-senado-foto-agencia-senado.jpg","datePublished":"2024-06-06T12:00:00+00:00","dateModified":"2024-06-07T14:45:31+00:00","breadcrumb":{"@id":"https:\/\/agenciainfra.com\/blog\/ci-do-senado-aprova-cabotagem-aerea-na-amazonia-legal\/#breadcrumb"},"inLanguage":"pt-BR","potentialAction":[{"@type":"ReadAction","target":["https:\/\/agenciainfra.com\/blog\/ci-do-senado-aprova-cabotagem-aerea-na-amazonia-legal\/"]}]},{"@type":"ImageObject","inLanguage":"pt-BR","@id":"https:\/\/agenciainfra.com\/blog\/ci-do-senado-aprova-cabotagem-aerea-na-amazonia-legal\/#primaryimage","url":"https:\/\/agenciainfra.com\/blog\/wp-content\/uploads\/2024\/04\/conresso-senado-foto-agencia-senado.jpg","contentUrl":"https:\/\/agenciainfra.com\/blog\/wp-content\/uploads\/2024\/04\/conresso-senado-foto-agencia-senado.jpg","width":1202,"height":797},{"@type":"BreadcrumbList","@id":"https:\/\/agenciainfra.com\/blog\/ci-do-senado-aprova-cabotagem-aerea-na-amazonia-legal\/#breadcrumb","itemListElement":[{"@type":"ListItem","position":1,"name":"In\u00edcio","item":"https:\/\/agenciainfra.com\/blog\/"},{"@type":"ListItem","position":2,"name":"CI do Senado aprova cabotagem a\u00e9rea na Amaz\u00f4nia Legal"}]},{"@type":"WebSite","@id":"https:\/\/agenciainfra.com\/blog\/#website","url":"https:\/\/agenciainfra.com\/blog\/","name":"Ag\u00eancia iNFRA","description":"Multiplataforma de informa\u00e7\u00e3o jornal\u00edstica refer\u00eancia na \u00e1rea de infraestrutura no Brasil!","publisher":{"@id":"https:\/\/agenciainfra.com\/blog\/#organization"},"potentialAction":[{"@type":"SearchAction","target":{"@type":"EntryPoint","urlTemplate":"https:\/\/agenciainfra.com\/blog\/?s={search_term_string}"},"query-input":{"@type":"PropertyValueSpecification","valueRequired":true,"valueName":"search_term_string"}}],"inLanguage":"pt-BR"},{"@type":"Organization","@id":"https:\/\/agenciainfra.com\/blog\/#organization","name":"Ag\u00eancia iNFRA","url":"https:\/\/agenciainfra.com\/blog\/","logo":{"@type":"ImageObject","inLanguage":"pt-BR","@id":"https:\/\/agenciainfra.com\/blog\/#\/schema\/logo\/image\/","url":"https:\/\/agenciainfra.com\/blog\/wp-content\/uploads\/2023\/09\/iNFRA_5-e1761735885940.png","contentUrl":"https:\/\/agenciainfra.com\/blog\/wp-content\/uploads\/2023\/09\/iNFRA_5-e1761735885940.png","width":1672,"height":454,"caption":"Ag\u00eancia iNFRA"},"image":{"@id":"https:\/\/agenciainfra.com\/blog\/#\/schema\/logo\/image\/"},"sameAs":["https:\/\/www.facebook.com\/ageninfra","https:\/\/x.com\/agencia_infra","https:\/\/www.linkedin.com\/company\/ag\u00eanciainfra\/","https:\/\/www.instagram.com\/agenciainfra\/"]},{"@type":"Person","@id":"https:\/\/agenciainfra.com\/blog\/#\/schema\/person\/34af08dff6adea4cb22b06612ba7acfa","name":"Ag\u00eancia iNFRA","image":{"@type":"ImageObject","inLanguage":"pt-BR","@id":"https:\/\/agenciainfra.com\/blog\/#\/schema\/person\/image\/","url":"https:\/\/secure.gravatar.com\/avatar\/d189e01678f06d8eb84d4e01f08eb848b3fffe3f8443818d3c356c66892f5be8?s=96&d=mm&r=g","contentUrl":"https:\/\/secure.gravatar.com\/avatar\/d189e01678f06d8eb84d4e01f08eb848b3fffe3f8443818d3c356c66892f5be8?s=96&d=mm&r=g","caption":"Ag\u00eancia iNFRA"},"url":"https:\/\/agenciainfra.com\/blog\/author\/admin\/"}]}},"_links":{"self":[{"href":"https:\/\/agenciainfra.com\/blog\/wp-json\/wp\/v2\/posts\/16960","targetHints":{"allow":["GET"]}}],"collection":[{"href":"https:\/\/agenciainfra.com\/blog\/wp-json\/wp\/v2\/posts"}],"about":[{"href":"https:\/\/agenciainfra.com\/blog\/wp-json\/wp\/v2\/types\/post"}],"author":[{"embeddable":true,"href":"https:\/\/agenciainfra.com\/blog\/wp-json\/wp\/v2\/users\/1"}],"replies":[{"embeddable":true,"href":"https:\/\/agenciainfra.com\/blog\/wp-json\/wp\/v2\/comments?post=16960"}],"version-history":[{"count":1,"href":"https:\/\/agenciainfra.com\/blog\/wp-json\/wp\/v2\/posts\/16960\/revisions"}],"predecessor-version":[{"id":16961,"href":"https:\/\/agenciainfra.com\/blog\/wp-json\/wp\/v2\/posts\/16960\/revisions\/16961"}],"wp:featuredmedia":[{"embeddable":true,"href":"https:\/\/agenciainfra.com\/blog\/wp-json\/wp\/v2\/media\/15903"}],"wp:attachment":[{"href":"https:\/\/agenciainfra.com\/blog\/wp-json\/wp\/v2\/media?parent=16960"}],"wp:term":[{"taxonomy":"category","embeddable":true,"href":"https:\/\/agenciainfra.com\/blog\/wp-json\/wp\/v2\/categories?post=16960"},{"taxonomy":"post_tag","embeddable":true,"href":"https:\/\/agenciainfra.com\/blog\/wp-json\/wp\/v2\/tags?post=16960"}],"curies":[{"name":"wp","href":"https:\/\/api.w.org\/{rel}","templated":true}]}}