{"id":1702,"date":"2018-05-21T07:30:27","date_gmt":"2018-05-21T10:30:27","guid":{"rendered":"http:\/\/www.agenciainfra.com\/blog\/?p=1702"},"modified":"2018-05-20T21:35:11","modified_gmt":"2018-05-21T00:35:11","slug":"antaq-libera-repactuacao-do-contrato-da-libra-em-santos-e-tup-em-paranagua","status":"publish","type":"post","link":"https:\/\/agenciainfra.com\/blog\/antaq-libera-repactuacao-do-contrato-da-libra-em-santos-e-tup-em-paranagua\/","title":{"rendered":"ANTAQ\u00a0libera repactua\u00e7\u00e3o do contrato da Libra em Santos e TUP em Paranagu\u00e1"},"content":{"rendered":"<h5 style=\"text-align: right;\">\u00a0<strong>Bernardo Gonzaga, da Ag\u00eancia iNFRA<\/strong><\/h5>\n<p>A ANTAQ\u00a0(Ag\u00eancia Nacional de Transportes Aquavi\u00e1rios) aprovou a celebra\u00e7\u00e3o de contrato de ades\u00e3o entre a empresa Novo Porto Terminais Portu\u00e1rios Multi Cargas Log\u00edstica LTDA e o Minist\u00e9rio dos Transportes, Portos e Avia\u00e7\u00e3o Civil visando instala\u00e7\u00e3o de TUP (Terminal de Uso Privado) no porto de Paranagu\u00e1 (PR).<\/p>\n<p>A \u00e1rea total \u00e9 de cerca de 2 milh\u00f5es de metros quadrados e a previs\u00e3o \u00e9\u00a0transportar e armazenar gran\u00e9is l\u00edquidos, s\u00f3lidos, carga geral e carga conteinerizada. A decis\u00e3o da ag\u00eancia foi anunciada em reuni\u00e3o de diretoria na\u00a0quinta-feira (17).<\/p>\n<p>Tamb\u00e9m em rela\u00e7\u00e3o a Paranagu\u00e1, a\u00a0ANTAQ\u00a0determinou reajuste do contrato do TCP (Terminal de Cont\u00eainer de Paranagu\u00e1)\u00a0de acordo com a varia\u00e7\u00e3o de IGPM (\u00cdndice Geral de Pre\u00e7os do Mercado) feito pela FGV (Funda\u00e7\u00e3o Get\u00falio Vargas). Devendo o porto compensar financeiramente os valores pagos indevidamente pelo terminal, seja por meio de pagamentos a vista ou em compensa\u00e7\u00e3o em futuros valores do referido arrendamento.<\/p>\n<p><strong>Libra<\/strong><br \/>\nNo porto de Santos (SP), a ag\u00eancia aprovou, em parte, projeto executivo para repactua\u00e7\u00e3o do contrato\u00a0da Libra Terminais Santos. Ficar\u00e1 a cargo da CODESP (Companhia Docas do Estado de S\u00e3o Paulo) autorizar a empresa o in\u00edcio das obras de constru\u00e7\u00e3o de novo armaz\u00e9m no terminal denominado T37, constru\u00e7\u00e3o de laje no enclave e refor\u00e7ar o terminal\u00a0T33.\u00a0O valor previsto inicialmente ao investimento era de R$750 milh\u00f5es. A ag\u00eancia reguladora aprovou ainda o enquadramento do projeto no\u00a0REIDI (Regime Especial de Incentivos Para o Desenvolvimento da Infraestrutura).<\/p>\n<p>A Libra \u00e9 investigada pelo MPF (Minist\u00e9rio P\u00fablico Federal) na Opera\u00e7\u00e3o Skala, que investiga se o chamado Decreto dos Portos foi editado pelo presidente Michel Temer em troca de suposta propina paga pelas empresas portu\u00e1rias. Al\u00e9m disso, a Codesp e a Libra est\u00e3o numa arbitragem para discutir uma d\u00edvida da companhia\u00a0com o porto estimada em mais de R$ 2 bilh\u00f5es. Al\u00e9m desses fatores, o decreto de Portos, que autorizou esse tipo de obra em troca de extens\u00e3o de prazo, est\u00e1 em an\u00e1lise pelo TCU, que contesta parte da medida.<br \/>\nNa mesma reuni\u00e3o, a\u00a0ANTAQ\u00a0aprovou proposta de resolu\u00e7\u00e3o normativa que visa regulamentar os procedimentos gerais das reuni\u00f5es deliberativas da ag\u00eancia reguladora em substitui\u00e7\u00e3o \u00e0 regra vigente, mas n\u00e3o entrou no m\u00e9rito das mudan\u00e7as.<\/p>\n<p>&nbsp;<\/p>\n","protected":false},"excerpt":{"rendered":"<p>\u00a0Bernardo Gonzaga, da Ag\u00eancia iNFRA A ANTAQ\u00a0(Ag\u00eancia Nacional de Transportes Aquavi\u00e1rios) aprovou a celebra\u00e7\u00e3o de contrato de ades\u00e3o entre a empresa Novo Porto Terminais Portu\u00e1rios Multi Cargas Log\u00edstica LTDA e o Minist\u00e9rio dos Transportes, Portos e Avia\u00e7\u00e3o Civil visando instala\u00e7\u00e3o de TUP (Terminal de Uso Privado) no porto de Paranagu\u00e1 (PR). A \u00e1rea total \u00e9 [&hellip;]<\/p>\n","protected":false},"author":1,"featured_media":1284,"comment_status":"closed","ping_status":"open","sticky":false,"template":"","format":"standard","meta":{"_monsterinsights_skip_tracking":false,"_monsterinsights_sitenote_active":false,"_monsterinsights_sitenote_note":"","_monsterinsights_sitenote_category":0,"footnotes":""},"categories":[7],"tags":[86,259,260,261,262,263],"class_list":["post-1702","post","type-post","status-publish","format-standard","has-post-thumbnail","hentry","category-infratransporte","tag-antaq","tag-libra","tag-porto-de-santos","tag-reidi","tag-t33","tag-t37"],"yoast_head":"<!-- This site is optimized with the Yoast SEO Premium plugin v25.4 (Yoast SEO v26.0) - https:\/\/yoast.com\/wordpress\/plugins\/seo\/ -->\n<title>ANTAQ\u00a0libera repactua\u00e7\u00e3o do contrato da Libra em Santos e TUP em Paranagu\u00e1 - Ag\u00eancia iNFRA<\/title>\n<meta name=\"robots\" content=\"index, follow, max-snippet:-1, max-image-preview:large, max-video-preview:-1\" \/>\n<link rel=\"canonical\" href=\"https:\/\/agenciainfra.com\/blog\/antaq-libera-repactuacao-do-contrato-da-libra-em-santos-e-tup-em-paranagua\/\" \/>\n<meta property=\"og:locale\" content=\"pt_BR\" \/>\n<meta property=\"og:type\" content=\"article\" \/>\n<meta property=\"og:title\" content=\"ANTAQ\u00a0libera repactua\u00e7\u00e3o do contrato da Libra em Santos e TUP em Paranagu\u00e1\" \/>\n<meta property=\"og:description\" content=\"\u00a0Bernardo Gonzaga, da Ag\u00eancia iNFRA A ANTAQ\u00a0(Ag\u00eancia Nacional de Transportes Aquavi\u00e1rios) aprovou a celebra\u00e7\u00e3o de contrato de ades\u00e3o entre a empresa Novo Porto Terminais Portu\u00e1rios Multi Cargas Log\u00edstica LTDA e o Minist\u00e9rio dos Transportes, Portos e Avia\u00e7\u00e3o Civil visando instala\u00e7\u00e3o de TUP (Terminal de Uso Privado) no porto de Paranagu\u00e1 (PR). A \u00e1rea total \u00e9 [&hellip;]\" \/>\n<meta property=\"og:url\" content=\"https:\/\/agenciainfra.com\/blog\/antaq-libera-repactuacao-do-contrato-da-libra-em-santos-e-tup-em-paranagua\/\" \/>\n<meta property=\"og:site_name\" content=\"Ag\u00eancia iNFRA\" \/>\n<meta property=\"article:publisher\" content=\"https:\/\/www.facebook.com\/ageninfra\" \/>\n<meta property=\"article:published_time\" content=\"2018-05-21T10:30:27+00:00\" \/>\n<meta property=\"og:image\" content=\"https:\/\/agenciainfra.com\/blog\/wp-content\/uploads\/2018\/03\/PontadaMadeiraRealiza_agenciavale.jpg\" \/>\n\t<meta property=\"og:image:width\" content=\"700\" \/>\n\t<meta property=\"og:image:height\" content=\"393\" \/>\n\t<meta property=\"og:image:type\" content=\"image\/jpeg\" \/>\n<meta name=\"author\" content=\"Ag\u00eancia iNFRA\" \/>\n<meta name=\"twitter:card\" content=\"summary_large_image\" \/>\n<meta name=\"twitter:creator\" content=\"@agencia_infra\" \/>\n<meta name=\"twitter:site\" content=\"@agencia_infra\" \/>\n<meta name=\"twitter:label1\" content=\"Escrito por\" \/>\n\t<meta name=\"twitter:data1\" content=\"Ag\u00eancia iNFRA\" \/>\n\t<meta name=\"twitter:label2\" content=\"Est. tempo de leitura\" \/>\n\t<meta name=\"twitter:data2\" content=\"2 minutos\" \/>\n<script type=\"application\/ld+json\" class=\"yoast-schema-graph\">{\"@context\":\"https:\/\/schema.org\",\"@graph\":[{\"@type\":\"Article\",\"@id\":\"https:\/\/agenciainfra.com\/blog\/antaq-libera-repactuacao-do-contrato-da-libra-em-santos-e-tup-em-paranagua\/#article\",\"isPartOf\":{\"@id\":\"https:\/\/agenciainfra.com\/blog\/antaq-libera-repactuacao-do-contrato-da-libra-em-santos-e-tup-em-paranagua\/\"},\"author\":{\"name\":\"Ag\u00eancia iNFRA\",\"@id\":\"https:\/\/agenciainfra.com\/blog\/#\/schema\/person\/34af08dff6adea4cb22b06612ba7acfa\"},\"headline\":\"ANTAQ\u00a0libera repactua\u00e7\u00e3o do contrato da Libra em Santos e TUP em Paranagu\u00e1\",\"datePublished\":\"2018-05-21T10:30:27+00:00\",\"mainEntityOfPage\":{\"@id\":\"https:\/\/agenciainfra.com\/blog\/antaq-libera-repactuacao-do-contrato-da-libra-em-santos-e-tup-em-paranagua\/\"},\"wordCount\":432,\"publisher\":{\"@id\":\"https:\/\/agenciainfra.com\/blog\/#organization\"},\"image\":{\"@id\":\"https:\/\/agenciainfra.com\/blog\/antaq-libera-repactuacao-do-contrato-da-libra-em-santos-e-tup-em-paranagua\/#primaryimage\"},\"thumbnailUrl\":\"https:\/\/agenciainfra.com\/blog\/wp-content\/uploads\/2018\/03\/PontadaMadeiraRealiza_agenciavale.jpg\",\"keywords\":[\"ANTAQ\",\"Libra\",\"Porto de Santos\",\"REIDI\",\"T33\",\"T37\"],\"articleSection\":[\"iNFRATransporte\"],\"inLanguage\":\"pt-BR\",\"copyrightYear\":\"2018\",\"copyrightHolder\":{\"@id\":\"https:\/\/agenciainfra.com\/blog\/#organization\"}},{\"@type\":\"WebPage\",\"@id\":\"https:\/\/agenciainfra.com\/blog\/antaq-libera-repactuacao-do-contrato-da-libra-em-santos-e-tup-em-paranagua\/\",\"url\":\"https:\/\/agenciainfra.com\/blog\/antaq-libera-repactuacao-do-contrato-da-libra-em-santos-e-tup-em-paranagua\/\",\"name\":\"ANTAQ\u00a0libera repactua\u00e7\u00e3o do contrato da Libra em Santos e TUP em Paranagu\u00e1 - Ag\u00eancia iNFRA\",\"isPartOf\":{\"@id\":\"https:\/\/agenciainfra.com\/blog\/#website\"},\"primaryImageOfPage\":{\"@id\":\"https:\/\/agenciainfra.com\/blog\/antaq-libera-repactuacao-do-contrato-da-libra-em-santos-e-tup-em-paranagua\/#primaryimage\"},\"image\":{\"@id\":\"https:\/\/agenciainfra.com\/blog\/antaq-libera-repactuacao-do-contrato-da-libra-em-santos-e-tup-em-paranagua\/#primaryimage\"},\"thumbnailUrl\":\"https:\/\/agenciainfra.com\/blog\/wp-content\/uploads\/2018\/03\/PontadaMadeiraRealiza_agenciavale.jpg\",\"datePublished\":\"2018-05-21T10:30:27+00:00\",\"breadcrumb\":{\"@id\":\"https:\/\/agenciainfra.com\/blog\/antaq-libera-repactuacao-do-contrato-da-libra-em-santos-e-tup-em-paranagua\/#breadcrumb\"},\"inLanguage\":\"pt-BR\",\"potentialAction\":[{\"@type\":\"ReadAction\",\"target\":[\"https:\/\/agenciainfra.com\/blog\/antaq-libera-repactuacao-do-contrato-da-libra-em-santos-e-tup-em-paranagua\/\"]}]},{\"@type\":\"ImageObject\",\"inLanguage\":\"pt-BR\",\"@id\":\"https:\/\/agenciainfra.com\/blog\/antaq-libera-repactuacao-do-contrato-da-libra-em-santos-e-tup-em-paranagua\/#primaryimage\",\"url\":\"https:\/\/agenciainfra.com\/blog\/wp-content\/uploads\/2018\/03\/PontadaMadeiraRealiza_agenciavale.jpg\",\"contentUrl\":\"https:\/\/agenciainfra.com\/blog\/wp-content\/uploads\/2018\/03\/PontadaMadeiraRealiza_agenciavale.jpg\",\"width\":700,\"height\":393},{\"@type\":\"BreadcrumbList\",\"@id\":\"https:\/\/agenciainfra.com\/blog\/antaq-libera-repactuacao-do-contrato-da-libra-em-santos-e-tup-em-paranagua\/#breadcrumb\",\"itemListElement\":[{\"@type\":\"ListItem\",\"position\":1,\"name\":\"In\u00edcio\",\"item\":\"https:\/\/agenciainfra.com\/blog\/\"},{\"@type\":\"ListItem\",\"position\":2,\"name\":\"ANTAQ\u00a0libera repactua\u00e7\u00e3o do contrato da Libra em Santos e TUP em Paranagu\u00e1\"}]},{\"@type\":\"WebSite\",\"@id\":\"https:\/\/agenciainfra.com\/blog\/#website\",\"url\":\"https:\/\/agenciainfra.com\/blog\/\",\"name\":\"Ag\u00eancia iNFRA\",\"description\":\"Multiplataforma de informa\u00e7\u00e3o jornal\u00edstica refer\u00eancia na \u00e1rea de infraestrutura no Brasil!\",\"publisher\":{\"@id\":\"https:\/\/agenciainfra.com\/blog\/#organization\"},\"potentialAction\":[{\"@type\":\"SearchAction\",\"target\":{\"@type\":\"EntryPoint\",\"urlTemplate\":\"https:\/\/agenciainfra.com\/blog\/?s={search_term_string}\"},\"query-input\":{\"@type\":\"PropertyValueSpecification\",\"valueRequired\":true,\"valueName\":\"search_term_string\"}}],\"inLanguage\":\"pt-BR\"},{\"@type\":\"Organization\",\"@id\":\"https:\/\/agenciainfra.com\/blog\/#organization\",\"name\":\"Ag\u00eancia iNFRA\",\"url\":\"https:\/\/agenciainfra.com\/blog\/\",\"logo\":{\"@type\":\"ImageObject\",\"inLanguage\":\"pt-BR\",\"@id\":\"https:\/\/agenciainfra.com\/blog\/#\/schema\/logo\/image\/\",\"url\":\"https:\/\/agenciainfra.com\/blog\/wp-content\/uploads\/2023\/09\/iNFRA_5-e1761735885940.png\",\"contentUrl\":\"https:\/\/agenciainfra.com\/blog\/wp-content\/uploads\/2023\/09\/iNFRA_5-e1761735885940.png\",\"width\":1672,\"height\":454,\"caption\":\"Ag\u00eancia iNFRA\"},\"image\":{\"@id\":\"https:\/\/agenciainfra.com\/blog\/#\/schema\/logo\/image\/\"},\"sameAs\":[\"https:\/\/www.facebook.com\/ageninfra\",\"https:\/\/x.com\/agencia_infra\",\"https:\/\/www.linkedin.com\/company\/ag\u00eanciainfra\/\",\"https:\/\/www.instagram.com\/agenciainfra\/\"]},{\"@type\":\"Person\",\"@id\":\"https:\/\/agenciainfra.com\/blog\/#\/schema\/person\/34af08dff6adea4cb22b06612ba7acfa\",\"name\":\"Ag\u00eancia iNFRA\",\"image\":{\"@type\":\"ImageObject\",\"inLanguage\":\"pt-BR\",\"@id\":\"https:\/\/agenciainfra.com\/blog\/#\/schema\/person\/image\/\",\"url\":\"https:\/\/secure.gravatar.com\/avatar\/d189e01678f06d8eb84d4e01f08eb848b3fffe3f8443818d3c356c66892f5be8?s=96&d=mm&r=g\",\"contentUrl\":\"https:\/\/secure.gravatar.com\/avatar\/d189e01678f06d8eb84d4e01f08eb848b3fffe3f8443818d3c356c66892f5be8?s=96&d=mm&r=g\",\"caption\":\"Ag\u00eancia iNFRA\"},\"url\":\"https:\/\/agenciainfra.com\/blog\/author\/admin\/\"}]}<\/script>\n<!-- \/ Yoast SEO Premium plugin. -->","yoast_head_json":{"title":"ANTAQ\u00a0libera repactua\u00e7\u00e3o do contrato da Libra em Santos e TUP em Paranagu\u00e1 - Ag\u00eancia iNFRA","robots":{"index":"index","follow":"follow","max-snippet":"max-snippet:-1","max-image-preview":"max-image-preview:large","max-video-preview":"max-video-preview:-1"},"canonical":"https:\/\/agenciainfra.com\/blog\/antaq-libera-repactuacao-do-contrato-da-libra-em-santos-e-tup-em-paranagua\/","og_locale":"pt_BR","og_type":"article","og_title":"ANTAQ\u00a0libera repactua\u00e7\u00e3o do contrato da Libra em Santos e TUP em Paranagu\u00e1","og_description":"\u00a0Bernardo Gonzaga, da Ag\u00eancia iNFRA A ANTAQ\u00a0(Ag\u00eancia Nacional de Transportes Aquavi\u00e1rios) aprovou a celebra\u00e7\u00e3o de contrato de ades\u00e3o entre a empresa Novo Porto Terminais Portu\u00e1rios Multi Cargas Log\u00edstica LTDA e o Minist\u00e9rio dos Transportes, Portos e Avia\u00e7\u00e3o Civil visando instala\u00e7\u00e3o de TUP (Terminal de Uso Privado) no porto de Paranagu\u00e1 (PR). A \u00e1rea total \u00e9 [&hellip;]","og_url":"https:\/\/agenciainfra.com\/blog\/antaq-libera-repactuacao-do-contrato-da-libra-em-santos-e-tup-em-paranagua\/","og_site_name":"Ag\u00eancia iNFRA","article_publisher":"https:\/\/www.facebook.com\/ageninfra","article_published_time":"2018-05-21T10:30:27+00:00","og_image":[{"width":700,"height":393,"url":"https:\/\/agenciainfra.com\/blog\/wp-content\/uploads\/2018\/03\/PontadaMadeiraRealiza_agenciavale.jpg","type":"image\/jpeg"}],"author":"Ag\u00eancia iNFRA","twitter_card":"summary_large_image","twitter_creator":"@agencia_infra","twitter_site":"@agencia_infra","twitter_misc":{"Escrito por":"Ag\u00eancia iNFRA","Est. tempo de leitura":"2 minutos"},"schema":{"@context":"https:\/\/schema.org","@graph":[{"@type":"Article","@id":"https:\/\/agenciainfra.com\/blog\/antaq-libera-repactuacao-do-contrato-da-libra-em-santos-e-tup-em-paranagua\/#article","isPartOf":{"@id":"https:\/\/agenciainfra.com\/blog\/antaq-libera-repactuacao-do-contrato-da-libra-em-santos-e-tup-em-paranagua\/"},"author":{"name":"Ag\u00eancia iNFRA","@id":"https:\/\/agenciainfra.com\/blog\/#\/schema\/person\/34af08dff6adea4cb22b06612ba7acfa"},"headline":"ANTAQ\u00a0libera repactua\u00e7\u00e3o do contrato da Libra em Santos e TUP em Paranagu\u00e1","datePublished":"2018-05-21T10:30:27+00:00","mainEntityOfPage":{"@id":"https:\/\/agenciainfra.com\/blog\/antaq-libera-repactuacao-do-contrato-da-libra-em-santos-e-tup-em-paranagua\/"},"wordCount":432,"publisher":{"@id":"https:\/\/agenciainfra.com\/blog\/#organization"},"image":{"@id":"https:\/\/agenciainfra.com\/blog\/antaq-libera-repactuacao-do-contrato-da-libra-em-santos-e-tup-em-paranagua\/#primaryimage"},"thumbnailUrl":"https:\/\/agenciainfra.com\/blog\/wp-content\/uploads\/2018\/03\/PontadaMadeiraRealiza_agenciavale.jpg","keywords":["ANTAQ","Libra","Porto de Santos","REIDI","T33","T37"],"articleSection":["iNFRATransporte"],"inLanguage":"pt-BR","copyrightYear":"2018","copyrightHolder":{"@id":"https:\/\/agenciainfra.com\/blog\/#organization"}},{"@type":"WebPage","@id":"https:\/\/agenciainfra.com\/blog\/antaq-libera-repactuacao-do-contrato-da-libra-em-santos-e-tup-em-paranagua\/","url":"https:\/\/agenciainfra.com\/blog\/antaq-libera-repactuacao-do-contrato-da-libra-em-santos-e-tup-em-paranagua\/","name":"ANTAQ\u00a0libera repactua\u00e7\u00e3o do contrato da Libra em Santos e TUP em Paranagu\u00e1 - Ag\u00eancia iNFRA","isPartOf":{"@id":"https:\/\/agenciainfra.com\/blog\/#website"},"primaryImageOfPage":{"@id":"https:\/\/agenciainfra.com\/blog\/antaq-libera-repactuacao-do-contrato-da-libra-em-santos-e-tup-em-paranagua\/#primaryimage"},"image":{"@id":"https:\/\/agenciainfra.com\/blog\/antaq-libera-repactuacao-do-contrato-da-libra-em-santos-e-tup-em-paranagua\/#primaryimage"},"thumbnailUrl":"https:\/\/agenciainfra.com\/blog\/wp-content\/uploads\/2018\/03\/PontadaMadeiraRealiza_agenciavale.jpg","datePublished":"2018-05-21T10:30:27+00:00","breadcrumb":{"@id":"https:\/\/agenciainfra.com\/blog\/antaq-libera-repactuacao-do-contrato-da-libra-em-santos-e-tup-em-paranagua\/#breadcrumb"},"inLanguage":"pt-BR","potentialAction":[{"@type":"ReadAction","target":["https:\/\/agenciainfra.com\/blog\/antaq-libera-repactuacao-do-contrato-da-libra-em-santos-e-tup-em-paranagua\/"]}]},{"@type":"ImageObject","inLanguage":"pt-BR","@id":"https:\/\/agenciainfra.com\/blog\/antaq-libera-repactuacao-do-contrato-da-libra-em-santos-e-tup-em-paranagua\/#primaryimage","url":"https:\/\/agenciainfra.com\/blog\/wp-content\/uploads\/2018\/03\/PontadaMadeiraRealiza_agenciavale.jpg","contentUrl":"https:\/\/agenciainfra.com\/blog\/wp-content\/uploads\/2018\/03\/PontadaMadeiraRealiza_agenciavale.jpg","width":700,"height":393},{"@type":"BreadcrumbList","@id":"https:\/\/agenciainfra.com\/blog\/antaq-libera-repactuacao-do-contrato-da-libra-em-santos-e-tup-em-paranagua\/#breadcrumb","itemListElement":[{"@type":"ListItem","position":1,"name":"In\u00edcio","item":"https:\/\/agenciainfra.com\/blog\/"},{"@type":"ListItem","position":2,"name":"ANTAQ\u00a0libera repactua\u00e7\u00e3o do contrato da Libra em Santos e TUP em Paranagu\u00e1"}]},{"@type":"WebSite","@id":"https:\/\/agenciainfra.com\/blog\/#website","url":"https:\/\/agenciainfra.com\/blog\/","name":"Ag\u00eancia iNFRA","description":"Multiplataforma de informa\u00e7\u00e3o jornal\u00edstica refer\u00eancia na \u00e1rea de infraestrutura no Brasil!","publisher":{"@id":"https:\/\/agenciainfra.com\/blog\/#organization"},"potentialAction":[{"@type":"SearchAction","target":{"@type":"EntryPoint","urlTemplate":"https:\/\/agenciainfra.com\/blog\/?s={search_term_string}"},"query-input":{"@type":"PropertyValueSpecification","valueRequired":true,"valueName":"search_term_string"}}],"inLanguage":"pt-BR"},{"@type":"Organization","@id":"https:\/\/agenciainfra.com\/blog\/#organization","name":"Ag\u00eancia iNFRA","url":"https:\/\/agenciainfra.com\/blog\/","logo":{"@type":"ImageObject","inLanguage":"pt-BR","@id":"https:\/\/agenciainfra.com\/blog\/#\/schema\/logo\/image\/","url":"https:\/\/agenciainfra.com\/blog\/wp-content\/uploads\/2023\/09\/iNFRA_5-e1761735885940.png","contentUrl":"https:\/\/agenciainfra.com\/blog\/wp-content\/uploads\/2023\/09\/iNFRA_5-e1761735885940.png","width":1672,"height":454,"caption":"Ag\u00eancia iNFRA"},"image":{"@id":"https:\/\/agenciainfra.com\/blog\/#\/schema\/logo\/image\/"},"sameAs":["https:\/\/www.facebook.com\/ageninfra","https:\/\/x.com\/agencia_infra","https:\/\/www.linkedin.com\/company\/ag\u00eanciainfra\/","https:\/\/www.instagram.com\/agenciainfra\/"]},{"@type":"Person","@id":"https:\/\/agenciainfra.com\/blog\/#\/schema\/person\/34af08dff6adea4cb22b06612ba7acfa","name":"Ag\u00eancia iNFRA","image":{"@type":"ImageObject","inLanguage":"pt-BR","@id":"https:\/\/agenciainfra.com\/blog\/#\/schema\/person\/image\/","url":"https:\/\/secure.gravatar.com\/avatar\/d189e01678f06d8eb84d4e01f08eb848b3fffe3f8443818d3c356c66892f5be8?s=96&d=mm&r=g","contentUrl":"https:\/\/secure.gravatar.com\/avatar\/d189e01678f06d8eb84d4e01f08eb848b3fffe3f8443818d3c356c66892f5be8?s=96&d=mm&r=g","caption":"Ag\u00eancia iNFRA"},"url":"https:\/\/agenciainfra.com\/blog\/author\/admin\/"}]}},"_links":{"self":[{"href":"https:\/\/agenciainfra.com\/blog\/wp-json\/wp\/v2\/posts\/1702","targetHints":{"allow":["GET"]}}],"collection":[{"href":"https:\/\/agenciainfra.com\/blog\/wp-json\/wp\/v2\/posts"}],"about":[{"href":"https:\/\/agenciainfra.com\/blog\/wp-json\/wp\/v2\/types\/post"}],"author":[{"embeddable":true,"href":"https:\/\/agenciainfra.com\/blog\/wp-json\/wp\/v2\/users\/1"}],"replies":[{"embeddable":true,"href":"https:\/\/agenciainfra.com\/blog\/wp-json\/wp\/v2\/comments?post=1702"}],"version-history":[{"count":0,"href":"https:\/\/agenciainfra.com\/blog\/wp-json\/wp\/v2\/posts\/1702\/revisions"}],"wp:featuredmedia":[{"embeddable":true,"href":"https:\/\/agenciainfra.com\/blog\/wp-json\/wp\/v2\/media\/1284"}],"wp:attachment":[{"href":"https:\/\/agenciainfra.com\/blog\/wp-json\/wp\/v2\/media?parent=1702"}],"wp:term":[{"taxonomy":"category","embeddable":true,"href":"https:\/\/agenciainfra.com\/blog\/wp-json\/wp\/v2\/categories?post=1702"},{"taxonomy":"post_tag","embeddable":true,"href":"https:\/\/agenciainfra.com\/blog\/wp-json\/wp\/v2\/tags?post=1702"}],"curies":[{"name":"wp","href":"https:\/\/api.w.org\/{rel}","templated":true}]}}