{"id":17048,"date":"2024-06-13T09:00:00","date_gmt":"2024-06-13T12:00:00","guid":{"rendered":"https:\/\/agenciainfra.com\/blog\/?p=17048"},"modified":"2024-06-12T13:22:52","modified_gmt":"2024-06-12T16:22:52","slug":"desapropriacoes-na-fico-avancam-com-mutiroes-para-acordos","status":"publish","type":"post","link":"https:\/\/agenciainfra.com\/blog\/desapropriacoes-na-fico-avancam-com-mutiroes-para-acordos\/","title":{"rendered":"Desapropria\u00e7\u00f5es na Fico avan\u00e7am com mutir\u00f5es para acordos"},"content":{"rendered":"\n<p class=\"has-text-align-right\"><strong>da Ag\u00eancia iNFRA<\/strong><\/p>\n\n\n\n<p>As&nbsp;desapropria\u00e7\u00f5es&nbsp;para&nbsp;a constru\u00e7\u00e3o da&nbsp;Fico&nbsp;(Ferrovia de Integra\u00e7\u00e3o Centro-Oeste) ganharam impulso com a realiza\u00e7\u00e3o de&nbsp;mutir\u00f5es&nbsp;para&nbsp;acordos&nbsp;nas cidades em Goi\u00e1s e Mato Grosso, onde a ferrovia est\u00e1 sendo constru\u00edda. Dos 202 quil\u00f4metros de vias em constru\u00e7\u00e3o, 98% j\u00e1 est\u00e3o com frentes liberadas&nbsp;para&nbsp;obras, de acordo com n\u00fameros da Infra S.A., estatal do Minist\u00e9rio dos Transportes que ficou respons\u00e1vel por essa etapa do projeto.<br><br>Os dados foram divulgados&nbsp;na&nbsp;semana passada durante o evento Infra Sustent\u00e1vel, realizado&nbsp;na&nbsp;sede do \u00f3rg\u00e3o, que contou com a mesa &#8220;Fico: Investimento Cruzado com Sustentabilidade Ambiental e Social&#8221;. A&nbsp;Fico&nbsp;\u00e9 o primeiro empreendimento constru\u00eddo sob o modelo de investimento cruzado. Ele est\u00e1 sendo constru\u00eddo pela Vale como compensa\u00e7\u00e3o pela renova\u00e7\u00e3o antecipada de suas ferrovias.<br><br>Pelo acordo, no entanto, a antiga estatal Valec (hoje Infra S.A.) ficou respons\u00e1vel pela desapropria\u00e7\u00e3o, o que no ano passado chegou a criar um atrito entre o governo e a Vale, que indicava n\u00e3o ter recebido as&nbsp;desapropria\u00e7\u00f5es&nbsp;na&nbsp;forma adequada e, por isso, n\u00e3o deveria ser contado o in\u00edcio de prazo de cinco anos&nbsp;para&nbsp;a entrega da obra.<br><br>Mas desde que os&nbsp;mutir\u00f5es&nbsp;come\u00e7aram, esse processo avan\u00e7ou significativamente. Neles, os propriet\u00e1rios s\u00e3o chamados&nbsp;para&nbsp;uma negocia\u00e7\u00e3o pelos terrenos desapropriados e, em caso de&nbsp;acordos, evita-se um processo judicial&nbsp;para&nbsp;a desapropria\u00e7\u00e3o da \u00e1rea, acelerando a libera\u00e7\u00e3o dos terrenos.<br><br>Maur\u00edcio Santo Matar, subprocurador da Infra S.A., informou que at\u00e9 os&nbsp;mutir\u00f5es, 32,5% da extens\u00e3o prevista estava&nbsp;desapropriada. Esse n\u00famero chegou a 98%. Nesses&nbsp;mutir\u00f5es, tr\u00eas em cada quatro afetados fizeram&nbsp;acordos&nbsp;para&nbsp;a libera\u00e7\u00e3o das \u00e1reas.<br><br>Segundo ele, a ideia com os&nbsp;mutir\u00f5es&nbsp;\u00e9 evitar a demora no processo e entender necessidades espec\u00edficas de cada regi\u00e3o. Um dos fatores&nbsp;para&nbsp;acelerar as negocia\u00e7\u00f5es foi a autonomia dada por decis\u00f5es pr\u00e9vias da diretoria da ag\u00eancia&nbsp;para&nbsp;que a \u00e1rea jur\u00eddica possa firmar&nbsp;acordos&nbsp;dentro de determinados patamares, o que agiliza o processo junto&nbsp;aos desapropriados.&nbsp;<br><br>Ele lembra que \u00e9 praticamente certo que propriedades v\u00e3o se dividir com a passagem da ferrovia e por isso \u00e9 necess\u00e1rio haver cuidados com as compensa\u00e7\u00f5es necess\u00e1rias.&nbsp;Para&nbsp;o procurador, o modelo que est\u00e1 sendo deixado com os&nbsp;mutir\u00f5es&nbsp;\u00e9 mais um exemplo de consenso dentro do setor p\u00fablico.<br><br>Zalor Martins, advogado da Vale, lembrou que \u00e9 uma modalidade nova, onde privado e p\u00fablico se juntam, e que foi necess\u00e1rio um trabalho profundo&nbsp;para&nbsp;delimitar os deveres das duas partes. Segundo ele, esse modelo de&nbsp;mutir\u00f5es&nbsp;poder\u00e1 ser deixado como legado&nbsp;para&nbsp;outros projetos que venham a ser feitos no modelo de investimento cruzado.<br><br>A gerente de Licenciamento Ambiental da Infra S.A., Juliana Karina, que tamb\u00e9m participou da mesa, defendeu que \u00e9 necess\u00e1rio buscar os&nbsp;acordos&nbsp;como forma de respeitar as comunidades locais. Segundo ela, o fato de os temas socioambientais estarem sendo pensados desde o in\u00edcio dos projetos de infraestrutura acelera a etapa de execu\u00e7\u00e3o dos projetos.<\/p>\n","protected":false},"excerpt":{"rendered":"<p>da Ag\u00eancia iNFRA As&nbsp;desapropria\u00e7\u00f5es&nbsp;para&nbsp;a constru\u00e7\u00e3o da&nbsp;Fico&nbsp;(Ferrovia de Integra\u00e7\u00e3o Centro-Oeste) ganharam impulso com a realiza\u00e7\u00e3o de&nbsp;mutir\u00f5es&nbsp;para&nbsp;acordos&nbsp;nas cidades em Goi\u00e1s e Mato Grosso, onde a ferrovia est\u00e1 sendo constru\u00edda. Dos 202 quil\u00f4metros de vias em constru\u00e7\u00e3o, 98% j\u00e1 est\u00e3o com frentes liberadas&nbsp;para&nbsp;obras, de acordo com n\u00fameros da Infra S.A., estatal do Minist\u00e9rio dos Transportes que ficou respons\u00e1vel [&hellip;]<\/p>\n","protected":false},"author":1,"featured_media":17049,"comment_status":"closed","ping_status":"closed","sticky":false,"template":"","format":"standard","meta":{"_monsterinsights_skip_tracking":false,"_monsterinsights_sitenote_active":false,"_monsterinsights_sitenote_note":"","_monsterinsights_sitenote_category":0,"footnotes":""},"categories":[7250,1,7],"tags":[10033,10030,10032,10031,79,472,2344,6410,5331,2370,10037,223,10038,10034,1573,10035,10036,83,160,10039],"class_list":["post-17048","post","type-post","status-publish","format-standard","has-post-thumbnail","hentry","category-destaque-lista","category-geral","category-infratransporte","tag-acordos-de-desapropriacao","tag-compensacoes-necessarias","tag-construcao-da-fico","tag-desapropriacoes-para-ferrovia","tag-ferrovia","tag-fico","tag-infra-s-a","tag-infra-s-a-2","tag-infraestrutura-de-transportes","tag-investimento-cruzado","tag-juliana-karina","tag-licenciamento-ambiental","tag-mauricio-santo-matar","tag-modelo-de-mutiroes","tag-sustentabilidade","tag-terrenos-desapropriados","tag-trabalho-profundo","tag-vale","tag-valec","tag-zalor-martins"],"yoast_head":"<!-- This site is optimized with the Yoast SEO Premium plugin v25.4 (Yoast SEO v26.0) - https:\/\/yoast.com\/wordpress\/plugins\/seo\/ -->\n<title>Desapropria\u00e7\u00f5es na Fico avan\u00e7am com mutir\u00f5es para acordos - Ag\u00eancia iNFRA<\/title>\n<meta name=\"robots\" content=\"index, follow, max-snippet:-1, max-image-preview:large, max-video-preview:-1\" \/>\n<link rel=\"canonical\" href=\"https:\/\/agenciainfra.com\/blog\/desapropriacoes-na-fico-avancam-com-mutiroes-para-acordos\/\" \/>\n<meta property=\"og:locale\" content=\"pt_BR\" \/>\n<meta property=\"og:type\" content=\"article\" \/>\n<meta property=\"og:title\" content=\"Desapropria\u00e7\u00f5es na Fico avan\u00e7am com mutir\u00f5es para acordos\" \/>\n<meta property=\"og:description\" content=\"da Ag\u00eancia iNFRA As&nbsp;desapropria\u00e7\u00f5es&nbsp;para&nbsp;a constru\u00e7\u00e3o da&nbsp;Fico&nbsp;(Ferrovia de Integra\u00e7\u00e3o Centro-Oeste) ganharam impulso com a realiza\u00e7\u00e3o de&nbsp;mutir\u00f5es&nbsp;para&nbsp;acordos&nbsp;nas cidades em Goi\u00e1s e Mato Grosso, onde a ferrovia est\u00e1 sendo constru\u00edda. Dos 202 quil\u00f4metros de vias em constru\u00e7\u00e3o, 98% j\u00e1 est\u00e3o com frentes liberadas&nbsp;para&nbsp;obras, de acordo com n\u00fameros da Infra S.A., estatal do Minist\u00e9rio dos Transportes que ficou respons\u00e1vel [&hellip;]\" \/>\n<meta property=\"og:url\" content=\"https:\/\/agenciainfra.com\/blog\/desapropriacoes-na-fico-avancam-com-mutiroes-para-acordos\/\" \/>\n<meta property=\"og:site_name\" content=\"Ag\u00eancia iNFRA\" \/>\n<meta property=\"article:publisher\" content=\"https:\/\/www.facebook.com\/ageninfra\" \/>\n<meta property=\"article:published_time\" content=\"2024-06-13T12:00:00+00:00\" \/>\n<meta property=\"og:image\" content=\"https:\/\/agenciainfra.com\/blog\/wp-content\/uploads\/2024\/06\/fico-ferrovia-foto-governo-federal.jpeg\" \/>\n\t<meta property=\"og:image:width\" content=\"1202\" \/>\n\t<meta property=\"og:image:height\" content=\"801\" \/>\n\t<meta property=\"og:image:type\" content=\"image\/jpeg\" \/>\n<meta name=\"author\" content=\"Ag\u00eancia iNFRA\" \/>\n<meta name=\"twitter:card\" content=\"summary_large_image\" \/>\n<meta name=\"twitter:creator\" content=\"@agencia_infra\" \/>\n<meta name=\"twitter:site\" content=\"@agencia_infra\" \/>\n<meta name=\"twitter:label1\" content=\"Escrito por\" \/>\n\t<meta name=\"twitter:data1\" content=\"Ag\u00eancia iNFRA\" \/>\n\t<meta name=\"twitter:label2\" content=\"Est. tempo de leitura\" \/>\n\t<meta name=\"twitter:data2\" content=\"3 minutos\" \/>\n<script type=\"application\/ld+json\" class=\"yoast-schema-graph\">{\"@context\":\"https:\/\/schema.org\",\"@graph\":[{\"@type\":\"Article\",\"@id\":\"https:\/\/agenciainfra.com\/blog\/desapropriacoes-na-fico-avancam-com-mutiroes-para-acordos\/#article\",\"isPartOf\":{\"@id\":\"https:\/\/agenciainfra.com\/blog\/desapropriacoes-na-fico-avancam-com-mutiroes-para-acordos\/\"},\"author\":{\"name\":\"Ag\u00eancia iNFRA\",\"@id\":\"https:\/\/agenciainfra.com\/blog\/#\/schema\/person\/34af08dff6adea4cb22b06612ba7acfa\"},\"headline\":\"Desapropria\u00e7\u00f5es na Fico avan\u00e7am com mutir\u00f5es para acordos\",\"datePublished\":\"2024-06-13T12:00:00+00:00\",\"mainEntityOfPage\":{\"@id\":\"https:\/\/agenciainfra.com\/blog\/desapropriacoes-na-fico-avancam-com-mutiroes-para-acordos\/\"},\"wordCount\":604,\"publisher\":{\"@id\":\"https:\/\/agenciainfra.com\/blog\/#organization\"},\"image\":{\"@id\":\"https:\/\/agenciainfra.com\/blog\/desapropriacoes-na-fico-avancam-com-mutiroes-para-acordos\/#primaryimage\"},\"thumbnailUrl\":\"https:\/\/agenciainfra.com\/blog\/wp-content\/uploads\/2024\/06\/fico-ferrovia-foto-governo-federal.jpeg\",\"keywords\":[\"Acordos de desapropria\u00e7\u00e3o\",\"Compensa\u00e7\u00f5es necess\u00e1rias\",\"Constru\u00e7\u00e3o da Fico\",\"Desapropria\u00e7\u00f5es para ferrovia\",\"Ferrovia\",\"FICO\",\"Infra S.A.\",\"Infra S\/A\",\"infraestrutura de transportes\",\"investimento cruzado\",\"Juliana Karina\",\"Licenciamento ambiental\",\"Maur\u00edcio Santo Matar\",\"Modelo de mutir\u00f5es\",\"sustentabilidade\",\"Terrenos desapropriados\",\"Trabalho profundo\",\"Vale\",\"Valec\",\"Zalor Martins\"],\"articleSection\":[\"Destaque lista\",\"Geral\",\"iNFRATransporte\"],\"inLanguage\":\"pt-BR\",\"copyrightYear\":\"2024\",\"copyrightHolder\":{\"@id\":\"https:\/\/agenciainfra.com\/blog\/#organization\"}},{\"@type\":\"WebPage\",\"@id\":\"https:\/\/agenciainfra.com\/blog\/desapropriacoes-na-fico-avancam-com-mutiroes-para-acordos\/\",\"url\":\"https:\/\/agenciainfra.com\/blog\/desapropriacoes-na-fico-avancam-com-mutiroes-para-acordos\/\",\"name\":\"Desapropria\u00e7\u00f5es na Fico avan\u00e7am com mutir\u00f5es para acordos - Ag\u00eancia iNFRA\",\"isPartOf\":{\"@id\":\"https:\/\/agenciainfra.com\/blog\/#website\"},\"primaryImageOfPage\":{\"@id\":\"https:\/\/agenciainfra.com\/blog\/desapropriacoes-na-fico-avancam-com-mutiroes-para-acordos\/#primaryimage\"},\"image\":{\"@id\":\"https:\/\/agenciainfra.com\/blog\/desapropriacoes-na-fico-avancam-com-mutiroes-para-acordos\/#primaryimage\"},\"thumbnailUrl\":\"https:\/\/agenciainfra.com\/blog\/wp-content\/uploads\/2024\/06\/fico-ferrovia-foto-governo-federal.jpeg\",\"datePublished\":\"2024-06-13T12:00:00+00:00\",\"breadcrumb\":{\"@id\":\"https:\/\/agenciainfra.com\/blog\/desapropriacoes-na-fico-avancam-com-mutiroes-para-acordos\/#breadcrumb\"},\"inLanguage\":\"pt-BR\",\"potentialAction\":[{\"@type\":\"ReadAction\",\"target\":[\"https:\/\/agenciainfra.com\/blog\/desapropriacoes-na-fico-avancam-com-mutiroes-para-acordos\/\"]}]},{\"@type\":\"ImageObject\",\"inLanguage\":\"pt-BR\",\"@id\":\"https:\/\/agenciainfra.com\/blog\/desapropriacoes-na-fico-avancam-com-mutiroes-para-acordos\/#primaryimage\",\"url\":\"https:\/\/agenciainfra.com\/blog\/wp-content\/uploads\/2024\/06\/fico-ferrovia-foto-governo-federal.jpeg\",\"contentUrl\":\"https:\/\/agenciainfra.com\/blog\/wp-content\/uploads\/2024\/06\/fico-ferrovia-foto-governo-federal.jpeg\",\"width\":1202,\"height\":801,\"caption\":\"Foto: Governo Federal\"},{\"@type\":\"BreadcrumbList\",\"@id\":\"https:\/\/agenciainfra.com\/blog\/desapropriacoes-na-fico-avancam-com-mutiroes-para-acordos\/#breadcrumb\",\"itemListElement\":[{\"@type\":\"ListItem\",\"position\":1,\"name\":\"In\u00edcio\",\"item\":\"https:\/\/agenciainfra.com\/blog\/\"},{\"@type\":\"ListItem\",\"position\":2,\"name\":\"Desapropria\u00e7\u00f5es na Fico avan\u00e7am com mutir\u00f5es para acordos\"}]},{\"@type\":\"WebSite\",\"@id\":\"https:\/\/agenciainfra.com\/blog\/#website\",\"url\":\"https:\/\/agenciainfra.com\/blog\/\",\"name\":\"Ag\u00eancia iNFRA\",\"description\":\"Multiplataforma de informa\u00e7\u00e3o jornal\u00edstica refer\u00eancia na \u00e1rea de infraestrutura no Brasil!\",\"publisher\":{\"@id\":\"https:\/\/agenciainfra.com\/blog\/#organization\"},\"potentialAction\":[{\"@type\":\"SearchAction\",\"target\":{\"@type\":\"EntryPoint\",\"urlTemplate\":\"https:\/\/agenciainfra.com\/blog\/?s={search_term_string}\"},\"query-input\":{\"@type\":\"PropertyValueSpecification\",\"valueRequired\":true,\"valueName\":\"search_term_string\"}}],\"inLanguage\":\"pt-BR\"},{\"@type\":\"Organization\",\"@id\":\"https:\/\/agenciainfra.com\/blog\/#organization\",\"name\":\"Ag\u00eancia iNFRA\",\"url\":\"https:\/\/agenciainfra.com\/blog\/\",\"logo\":{\"@type\":\"ImageObject\",\"inLanguage\":\"pt-BR\",\"@id\":\"https:\/\/agenciainfra.com\/blog\/#\/schema\/logo\/image\/\",\"url\":\"https:\/\/agenciainfra.com\/blog\/wp-content\/uploads\/2023\/09\/iNFRA_5-e1761735885940.png\",\"contentUrl\":\"https:\/\/agenciainfra.com\/blog\/wp-content\/uploads\/2023\/09\/iNFRA_5-e1761735885940.png\",\"width\":1672,\"height\":454,\"caption\":\"Ag\u00eancia iNFRA\"},\"image\":{\"@id\":\"https:\/\/agenciainfra.com\/blog\/#\/schema\/logo\/image\/\"},\"sameAs\":[\"https:\/\/www.facebook.com\/ageninfra\",\"https:\/\/x.com\/agencia_infra\",\"https:\/\/www.linkedin.com\/company\/ag\u00eanciainfra\/\",\"https:\/\/www.instagram.com\/agenciainfra\/\"]},{\"@type\":\"Person\",\"@id\":\"https:\/\/agenciainfra.com\/blog\/#\/schema\/person\/34af08dff6adea4cb22b06612ba7acfa\",\"name\":\"Ag\u00eancia iNFRA\",\"image\":{\"@type\":\"ImageObject\",\"inLanguage\":\"pt-BR\",\"@id\":\"https:\/\/agenciainfra.com\/blog\/#\/schema\/person\/image\/\",\"url\":\"https:\/\/secure.gravatar.com\/avatar\/d189e01678f06d8eb84d4e01f08eb848b3fffe3f8443818d3c356c66892f5be8?s=96&d=mm&r=g\",\"contentUrl\":\"https:\/\/secure.gravatar.com\/avatar\/d189e01678f06d8eb84d4e01f08eb848b3fffe3f8443818d3c356c66892f5be8?s=96&d=mm&r=g\",\"caption\":\"Ag\u00eancia iNFRA\"},\"url\":\"https:\/\/agenciainfra.com\/blog\/author\/admin\/\"}]}<\/script>\n<!-- \/ Yoast SEO Premium plugin. -->","yoast_head_json":{"title":"Desapropria\u00e7\u00f5es na Fico avan\u00e7am com mutir\u00f5es para acordos - Ag\u00eancia iNFRA","robots":{"index":"index","follow":"follow","max-snippet":"max-snippet:-1","max-image-preview":"max-image-preview:large","max-video-preview":"max-video-preview:-1"},"canonical":"https:\/\/agenciainfra.com\/blog\/desapropriacoes-na-fico-avancam-com-mutiroes-para-acordos\/","og_locale":"pt_BR","og_type":"article","og_title":"Desapropria\u00e7\u00f5es na Fico avan\u00e7am com mutir\u00f5es para acordos","og_description":"da Ag\u00eancia iNFRA As&nbsp;desapropria\u00e7\u00f5es&nbsp;para&nbsp;a constru\u00e7\u00e3o da&nbsp;Fico&nbsp;(Ferrovia de Integra\u00e7\u00e3o Centro-Oeste) ganharam impulso com a realiza\u00e7\u00e3o de&nbsp;mutir\u00f5es&nbsp;para&nbsp;acordos&nbsp;nas cidades em Goi\u00e1s e Mato Grosso, onde a ferrovia est\u00e1 sendo constru\u00edda. Dos 202 quil\u00f4metros de vias em constru\u00e7\u00e3o, 98% j\u00e1 est\u00e3o com frentes liberadas&nbsp;para&nbsp;obras, de acordo com n\u00fameros da Infra S.A., estatal do Minist\u00e9rio dos Transportes que ficou respons\u00e1vel [&hellip;]","og_url":"https:\/\/agenciainfra.com\/blog\/desapropriacoes-na-fico-avancam-com-mutiroes-para-acordos\/","og_site_name":"Ag\u00eancia iNFRA","article_publisher":"https:\/\/www.facebook.com\/ageninfra","article_published_time":"2024-06-13T12:00:00+00:00","og_image":[{"width":1202,"height":801,"url":"https:\/\/agenciainfra.com\/blog\/wp-content\/uploads\/2024\/06\/fico-ferrovia-foto-governo-federal.jpeg","type":"image\/jpeg"}],"author":"Ag\u00eancia iNFRA","twitter_card":"summary_large_image","twitter_creator":"@agencia_infra","twitter_site":"@agencia_infra","twitter_misc":{"Escrito por":"Ag\u00eancia iNFRA","Est. tempo de leitura":"3 minutos"},"schema":{"@context":"https:\/\/schema.org","@graph":[{"@type":"Article","@id":"https:\/\/agenciainfra.com\/blog\/desapropriacoes-na-fico-avancam-com-mutiroes-para-acordos\/#article","isPartOf":{"@id":"https:\/\/agenciainfra.com\/blog\/desapropriacoes-na-fico-avancam-com-mutiroes-para-acordos\/"},"author":{"name":"Ag\u00eancia iNFRA","@id":"https:\/\/agenciainfra.com\/blog\/#\/schema\/person\/34af08dff6adea4cb22b06612ba7acfa"},"headline":"Desapropria\u00e7\u00f5es na Fico avan\u00e7am com mutir\u00f5es para acordos","datePublished":"2024-06-13T12:00:00+00:00","mainEntityOfPage":{"@id":"https:\/\/agenciainfra.com\/blog\/desapropriacoes-na-fico-avancam-com-mutiroes-para-acordos\/"},"wordCount":604,"publisher":{"@id":"https:\/\/agenciainfra.com\/blog\/#organization"},"image":{"@id":"https:\/\/agenciainfra.com\/blog\/desapropriacoes-na-fico-avancam-com-mutiroes-para-acordos\/#primaryimage"},"thumbnailUrl":"https:\/\/agenciainfra.com\/blog\/wp-content\/uploads\/2024\/06\/fico-ferrovia-foto-governo-federal.jpeg","keywords":["Acordos de desapropria\u00e7\u00e3o","Compensa\u00e7\u00f5es necess\u00e1rias","Constru\u00e7\u00e3o da Fico","Desapropria\u00e7\u00f5es para ferrovia","Ferrovia","FICO","Infra S.A.","Infra S\/A","infraestrutura de transportes","investimento cruzado","Juliana Karina","Licenciamento ambiental","Maur\u00edcio Santo Matar","Modelo de mutir\u00f5es","sustentabilidade","Terrenos desapropriados","Trabalho profundo","Vale","Valec","Zalor Martins"],"articleSection":["Destaque lista","Geral","iNFRATransporte"],"inLanguage":"pt-BR","copyrightYear":"2024","copyrightHolder":{"@id":"https:\/\/agenciainfra.com\/blog\/#organization"}},{"@type":"WebPage","@id":"https:\/\/agenciainfra.com\/blog\/desapropriacoes-na-fico-avancam-com-mutiroes-para-acordos\/","url":"https:\/\/agenciainfra.com\/blog\/desapropriacoes-na-fico-avancam-com-mutiroes-para-acordos\/","name":"Desapropria\u00e7\u00f5es na Fico avan\u00e7am com mutir\u00f5es para acordos - Ag\u00eancia iNFRA","isPartOf":{"@id":"https:\/\/agenciainfra.com\/blog\/#website"},"primaryImageOfPage":{"@id":"https:\/\/agenciainfra.com\/blog\/desapropriacoes-na-fico-avancam-com-mutiroes-para-acordos\/#primaryimage"},"image":{"@id":"https:\/\/agenciainfra.com\/blog\/desapropriacoes-na-fico-avancam-com-mutiroes-para-acordos\/#primaryimage"},"thumbnailUrl":"https:\/\/agenciainfra.com\/blog\/wp-content\/uploads\/2024\/06\/fico-ferrovia-foto-governo-federal.jpeg","datePublished":"2024-06-13T12:00:00+00:00","breadcrumb":{"@id":"https:\/\/agenciainfra.com\/blog\/desapropriacoes-na-fico-avancam-com-mutiroes-para-acordos\/#breadcrumb"},"inLanguage":"pt-BR","potentialAction":[{"@type":"ReadAction","target":["https:\/\/agenciainfra.com\/blog\/desapropriacoes-na-fico-avancam-com-mutiroes-para-acordos\/"]}]},{"@type":"ImageObject","inLanguage":"pt-BR","@id":"https:\/\/agenciainfra.com\/blog\/desapropriacoes-na-fico-avancam-com-mutiroes-para-acordos\/#primaryimage","url":"https:\/\/agenciainfra.com\/blog\/wp-content\/uploads\/2024\/06\/fico-ferrovia-foto-governo-federal.jpeg","contentUrl":"https:\/\/agenciainfra.com\/blog\/wp-content\/uploads\/2024\/06\/fico-ferrovia-foto-governo-federal.jpeg","width":1202,"height":801,"caption":"Foto: Governo Federal"},{"@type":"BreadcrumbList","@id":"https:\/\/agenciainfra.com\/blog\/desapropriacoes-na-fico-avancam-com-mutiroes-para-acordos\/#breadcrumb","itemListElement":[{"@type":"ListItem","position":1,"name":"In\u00edcio","item":"https:\/\/agenciainfra.com\/blog\/"},{"@type":"ListItem","position":2,"name":"Desapropria\u00e7\u00f5es na Fico avan\u00e7am com mutir\u00f5es para acordos"}]},{"@type":"WebSite","@id":"https:\/\/agenciainfra.com\/blog\/#website","url":"https:\/\/agenciainfra.com\/blog\/","name":"Ag\u00eancia iNFRA","description":"Multiplataforma de informa\u00e7\u00e3o jornal\u00edstica refer\u00eancia na \u00e1rea de infraestrutura no Brasil!","publisher":{"@id":"https:\/\/agenciainfra.com\/blog\/#organization"},"potentialAction":[{"@type":"SearchAction","target":{"@type":"EntryPoint","urlTemplate":"https:\/\/agenciainfra.com\/blog\/?s={search_term_string}"},"query-input":{"@type":"PropertyValueSpecification","valueRequired":true,"valueName":"search_term_string"}}],"inLanguage":"pt-BR"},{"@type":"Organization","@id":"https:\/\/agenciainfra.com\/blog\/#organization","name":"Ag\u00eancia iNFRA","url":"https:\/\/agenciainfra.com\/blog\/","logo":{"@type":"ImageObject","inLanguage":"pt-BR","@id":"https:\/\/agenciainfra.com\/blog\/#\/schema\/logo\/image\/","url":"https:\/\/agenciainfra.com\/blog\/wp-content\/uploads\/2023\/09\/iNFRA_5-e1761735885940.png","contentUrl":"https:\/\/agenciainfra.com\/blog\/wp-content\/uploads\/2023\/09\/iNFRA_5-e1761735885940.png","width":1672,"height":454,"caption":"Ag\u00eancia iNFRA"},"image":{"@id":"https:\/\/agenciainfra.com\/blog\/#\/schema\/logo\/image\/"},"sameAs":["https:\/\/www.facebook.com\/ageninfra","https:\/\/x.com\/agencia_infra","https:\/\/www.linkedin.com\/company\/ag\u00eanciainfra\/","https:\/\/www.instagram.com\/agenciainfra\/"]},{"@type":"Person","@id":"https:\/\/agenciainfra.com\/blog\/#\/schema\/person\/34af08dff6adea4cb22b06612ba7acfa","name":"Ag\u00eancia iNFRA","image":{"@type":"ImageObject","inLanguage":"pt-BR","@id":"https:\/\/agenciainfra.com\/blog\/#\/schema\/person\/image\/","url":"https:\/\/secure.gravatar.com\/avatar\/d189e01678f06d8eb84d4e01f08eb848b3fffe3f8443818d3c356c66892f5be8?s=96&d=mm&r=g","contentUrl":"https:\/\/secure.gravatar.com\/avatar\/d189e01678f06d8eb84d4e01f08eb848b3fffe3f8443818d3c356c66892f5be8?s=96&d=mm&r=g","caption":"Ag\u00eancia iNFRA"},"url":"https:\/\/agenciainfra.com\/blog\/author\/admin\/"}]}},"_links":{"self":[{"href":"https:\/\/agenciainfra.com\/blog\/wp-json\/wp\/v2\/posts\/17048","targetHints":{"allow":["GET"]}}],"collection":[{"href":"https:\/\/agenciainfra.com\/blog\/wp-json\/wp\/v2\/posts"}],"about":[{"href":"https:\/\/agenciainfra.com\/blog\/wp-json\/wp\/v2\/types\/post"}],"author":[{"embeddable":true,"href":"https:\/\/agenciainfra.com\/blog\/wp-json\/wp\/v2\/users\/1"}],"replies":[{"embeddable":true,"href":"https:\/\/agenciainfra.com\/blog\/wp-json\/wp\/v2\/comments?post=17048"}],"version-history":[{"count":2,"href":"https:\/\/agenciainfra.com\/blog\/wp-json\/wp\/v2\/posts\/17048\/revisions"}],"predecessor-version":[{"id":17051,"href":"https:\/\/agenciainfra.com\/blog\/wp-json\/wp\/v2\/posts\/17048\/revisions\/17051"}],"wp:featuredmedia":[{"embeddable":true,"href":"https:\/\/agenciainfra.com\/blog\/wp-json\/wp\/v2\/media\/17049"}],"wp:attachment":[{"href":"https:\/\/agenciainfra.com\/blog\/wp-json\/wp\/v2\/media?parent=17048"}],"wp:term":[{"taxonomy":"category","embeddable":true,"href":"https:\/\/agenciainfra.com\/blog\/wp-json\/wp\/v2\/categories?post=17048"},{"taxonomy":"post_tag","embeddable":true,"href":"https:\/\/agenciainfra.com\/blog\/wp-json\/wp\/v2\/tags?post=17048"}],"curies":[{"name":"wp","href":"https:\/\/api.w.org\/{rel}","templated":true}]}}